{"id":196819,"date":"2021-10-24T16:47:18","date_gmt":"2021-10-24T19:47:18","guid":{"rendered":"https:\/\/www.suno.com.br\/noticias\/?p=196819"},"modified":"2021-10-24T16:49:10","modified_gmt":"2021-10-24T19:49:10","slug":"guedes-presidente-do-senado-sabe-que-estamos-no-caminho-certo","status":"publish","type":"post","link":"https:\/\/www.suno.com.br\/noticias\/guedes-presidente-do-senado-sabe-que-estamos-no-caminho-certo\/","title":{"rendered":"Guedes diz que Pacheco sabe que estamos no caminho certo e acredita na aprova\u00e7\u00e3o das reformas Administrativa e do IR"},"content":{"rendered":"<p>O ministro da Economia, <strong><a class=\"suno-keyword\" href=\"https:\/\/www.suno.com.br\/tudo-sobre\/paulo-guedes\/\" target=\"_blank\" rel=\"noopener\" data-force=\"no\" data-priority=\"2\">Paulo Guedes<\/a><\/strong>, neste domingo, 24, voltou a cobrar do Senado a aprova\u00e7\u00e3o de medidas importantes para a economia, entre elas a reforma do imposto de renda, j\u00e1 aprovada pela C\u00e2mara, mas que aguarda vota\u00e7\u00e3o da outra Casa. Segundo Guedes, quando a reforma do Imposto de Renda avan\u00e7ar, ser\u00e1 poss\u00edvel ajudar os mais fr\u00e1geis.<\/p>\t<div class=\"wrapper-featured-image\">\n\t\t<figure class=\"spotlightImg\">\n\n\t\t\t<picture>\n\t\t\t\t<source media=\"(max-width: 768px)\" srcset=\"https:\/\/files.sunoresearch.com.br\/n\/uploads\/2021\/10\/51555675078_044a8e3784_k-400x200.jpg\">\n\t\t\t\t<img loading=\"lazy\" decoding=\"async\" class=\"newsContent__article__imgCapa lazyloadDisabled \" src=\"https:\/\/files.sunoresearch.com.br\/n\/uploads\/2021\/10\/51555675078_044a8e3784_k-800x450.jpg\" width=\"800\" height=\"450\" alt=\"Guedes diz que Pacheco sabe que estamos no caminho certo e acredita na aprova\u00e7\u00e3o das reformas Administrativa e do IR\" fetchpriority=high \/>\n\t\t\t<\/picture>\n\n\t\t\t<figcaption class=\"wp-caption-text wp-caption-text--show\">\u00c1 direita, Rodrigo Pacheco, presidente do Senado, que tenta balizar reforma do IR que taxa dividendos - Foto: Pedro Gontijo\/Senado Federal<\/figcaption>\n\t\t<\/figure>\n\t<\/div>\n\n\n\t<p>\n\t\t<a href=\"https:\/\/lp.suno.com.br\/planilha-controle-gastos\/\" target=\"_blank\" data-element=\"shortcode-suno-banner\" title=\"Banner SUNO, clique e saiba mais\">\n\t\t\t<picture>\n\t\t\t\t<source media=\"(max-width: 500px)\" srcset=\"https:\/\/files.sunoresearch.com.br\/n\/uploads\/2023\/03\/400x300-Planilha-controle-de-gastos.png\">\n\t\t\t\t<img class=\"newsContent__article__imgCapa newsContent__article__imgCapa--banner\"\n\t\t\t\t\tsrc=\"https:\/\/files.sunoresearch.com.br\/n\/uploads\/2023\/03\/1420x240-Planilha-controle-de-gastos.png\"\n\t\t\t\t\tdata-promo-id=\"101751\"\t\t\t\t\t\t\t\t\t\twidth='1420' height='240'\t\t\t\t\talt=\"https:\/\/files.sunoresearch.com.br\/n\/uploads\/2023\/03\/1420x240-Planilha-controle-de-gastos.png\"\n\t\t\t\t>\n\t\t\t<\/picture>\n\t\t<\/a>\n\t<\/p>\n\n\n<p>&#8220;Acreditamos na democracia brasileira, no Congresso, no Supremo (STF), que tem ajudado nas reformas. Esperamos que todos joguem dentro das quatro linhas, que a m\u00eddia procure a verdade, que o presidente do Senado avance com as reformas&#8221;, disse Guedes, em entrevista nesta manh\u00e3 ao lado do presidente Jair Bolsonaro, que visitou uma exposi\u00e7\u00e3o de p\u00e1ssaros.<\/p>\n<p>Guedes lembrou que Pacheco pode se lan\u00e7ar candidato a presidente da Rep\u00fablica e disse que as reformas ser\u00e3o importantes num futuro governo. &#8220;Como vai ser candidato se n\u00e3o avan\u00e7ar com as reformas? Ele n\u00e3o pode fazer milit\u00e2ncia agora. Ele sabe que estamos no caminho certo.&#8221;<\/p>\n<p>O ministro ainda elogiou o presidente da C\u00e2mara, Arthur Lira, e disse que ele quer avan\u00e7ar e tem trabalhado pelas reformas.<\/p>\n<p>Rec\u00e9m-desfiliado do DEM e prestes a formalizar a filia\u00e7\u00e3o ao PSD, o <strong>senador Rodrigo Pacheco<\/strong> foi aclamado como candidato a presidente da Rep\u00fablica ontem, 23, em encontro regional do partido no Rio de Janeiro. Apesar disso, Pacheco disse que &#8220;no momento certo&#8221; decidir\u00e1 se ser\u00e1 candidato em 2022.<\/p>\n<p>No evento, Pacheco chegou a defender o Aux\u00edlio Brasil, mas tamb\u00e9m a responsabilidade fiscal: &#8220;O programa social deve ser concretizado, \u00e9 preciso aumentar a capacidade de compra daqueles que s\u00e3o beneficiados pelo Aux\u00edlio Brasil, e cabe \u00e0 pol\u00edtica e aos t\u00e9cnicos do <a class=\"suno-keyword\" href=\"https:\/\/www.suno.com.br\/artigos\/ministerio-da-economia\/\" target=\"_blank\" rel=\"noopener\" data-force=\"no\" data-priority=\"3\">Minist\u00e9rio da Economia<\/a> encontrarem a solu\u00e7\u00e3o para fazer esse programa social dentro da responsabilidade fiscal, que \u00e9 inafast\u00e1vel&#8221;, afirmou.<\/p>\n\t<p>\n\t\t<a href=\"https:\/\/lp.suno.com.br\/planilha-da-vida-financeira\/\" target=\"_blank\" data-element=\"shortcode-suno-banner\" title=\"Banner SUNO, clique e saiba mais\">\n\t\t\t<picture>\n\t\t\t\t<source media=\"(max-width: 500px)\" srcset=\"https:\/\/files.sunoresearch.com.br\/n\/uploads\/2023\/04\/400x300-Planilha-vida-financeira-true.png\">\n\t\t\t\t<img class=\"newsContent__article__imgCapa newsContent__article__imgCapa--banner\"\n\t\t\t\t\tsrc=\"https:\/\/files.sunoresearch.com.br\/n\/uploads\/2023\/04\/1420x240-Planilha-vida-financeira-true.png\"\n\t\t\t\t\tdata-promo-id=\"106682\"\t\t\t\t\t\t\t\t\t\twidth='1420' height='240'\t\t\t\t\talt=\"https:\/\/files.sunoresearch.com.br\/n\/uploads\/2023\/04\/1420x240-Planilha-vida-financeira-true.png\"\n\t\t\t\t>\n\t\t\t<\/picture>\n\t\t<\/a>\n\t<\/p>\n\n\n<p>Guedes disse que confia em que o Congresso Nacional aprove, em breve, a proposta de Reforma Administrativa que o governo federal enviou ao Parlamento em setembro de 2020.<img decoding=\"async\" style=\"width: 1px; height: 1px;\" src=\"https:\/\/agenciabrasil.ebc.com.br\/ebc.png?id=1425425&amp;o=rss\" \/><img decoding=\"async\" style=\"width: 1px; height: 1px;\" src=\"https:\/\/agenciabrasil.ebc.com.br\/ebc.gif?id=1425425&amp;o=rss\" \/><\/p>\n<p>\u201cEu acredito. O presidente da C\u00e2mara, [o deputado federal] Arthur Lira [PP-AL], est\u00e1 comprometido com isto. O presidente da Rep\u00fablica [Jair Bolsonaro] tamb\u00e9m sempre apoiou as reformas\u201d, disse o ministro a jornalistas.<\/p>\n<p>Guedes, que acompanhou o presidente Jair Bolsonaro ao Parque de Exposi\u00e7\u00f5es da Granja do Torto, em Bras\u00edlia, voltou a afirmar a jornalistas que a aprova\u00e7\u00e3o da proposta que altera as regras do servi\u00e7o p\u00fablico civil nos tr\u00eas Poderes (Executivo, Legislativo e Judici\u00e1rio), incluindo a quest\u00e3o da estabilidade dos futuros funcion\u00e1rios p\u00fablicos, resultaria em uma economia de R$ 300 bilh\u00f5es para os cofres p\u00fablicos no espa\u00e7o de dez anos.<\/p>\n\t<p>\n\t\t<a href=\"https:\/\/lp.suno.com.br\/ebook-como-analisar-uma-acao\/\" target=\"_blank\" data-element=\"shortcode-suno-banner\" title=\"Banner SUNO, clique e saiba mais\">\n\t\t\t<picture>\n\t\t\t\t<source media=\"(max-width: 500px)\" srcset=\"https:\/\/files.sunoresearch.com.br\/n\/uploads\/2023\/03\/Ebook-Acoes-Mobile-1.jpg\">\n\t\t\t\t<img class=\"newsContent__article__imgCapa newsContent__article__imgCapa--banner\"\n\t\t\t\t\tsrc=\"https:\/\/files.sunoresearch.com.br\/n\/uploads\/2023\/03\/Ebook-Acoes-Desktop-1.jpg\"\n\t\t\t\t\tdata-promo-id=\"171998\"\t\t\t\t\t\t\t\t\t\twidth='1420' height='286'\t\t\t\t\talt=\"https:\/\/files.sunoresearch.com.br\/n\/uploads\/2023\/03\/Ebook-Acoes-Desktop-1.jpg\"\n\t\t\t\t>\n\t\t\t<\/picture>\n\t\t<\/a>\n\t<\/p>\n\n\n<p>Segundo o ministro, a quantia economizada permitiria ao governo federal compensar, desde j\u00e1, parte dos R$ 30 bilh\u00f5es necess\u00e1rios para elevar, temporariamente, para R$ 400 o valor m\u00e9dio pago aos benefici\u00e1rios do Bolsa Fam\u00edlia (programa assistencial cujo nome o governo pretende substituir para Aux\u00edlio Brasil). A proposta do governo tamb\u00e9m prev\u00ea ampliar o n\u00famero de benefici\u00e1rios dos atuais 14,7 milh\u00f5es para cerca de 17 milh\u00f5es.<\/p>\n<p>\u201cConseguiremos ajudar os mais fr\u00e1geis fazendo as reformas\u201d, pontuou Guedes, referindo-se tamb\u00e9m \u00e0 proposta de reforma do Imposto de Renda, <a href=\"https:\/\/agenciabrasil.ebc.com.br\/economia\/noticia\/2021-09\/texto-base-da-reforma-do-imposto-de-renda-e-aprovado-na-camara\" target=\"_blank\" rel=\"noopener\">cujo texto j\u00e1 aprovado\u00a0pela C\u00e2mara dos Deputados<\/a> vem enfrentando forte rejei\u00e7\u00e3o no Senado.<\/p>\n<p>\u201cSe fizermos uma reforma administrativa que nos d\u00ea R$ 300 bilh\u00f5es, n\u00e3o h\u00e1 problema darmos R$ 30 bilh\u00f5es para os mais vulner\u00e1veis. E se avan\u00e7armos na quest\u00e3o do imposto de renda, que tributa justamente quem ganha R$ 300 bilh\u00f5es com juros e dividendos, poderemos ajudar os mais fr\u00e1geis [\u2026] dentro do teto do limite de gastos\u201d, acrescentou o ministro, referindo-se \u00e0 obrigatoriedade legal do governo n\u00e3o elevar seus gastos anuais acima do percentual da infla\u00e7\u00e3o do ano anterior.<\/p>\n<p>\u201cTodos sabem que eu defendo o Teto. O Teto \u00e9 uma bandeira nossa de austeridade\u201d, comentou o ministro, reconhecendo a necessidade do governo \u201cflexibilizar um pouco a pol\u00edtica fiscal para atender a \u00e1rea social\u201d em meio \u00e0 crise econ\u00f4mica.<\/p>\n\t<p>\n\t\t<a href=\"https:\/\/lp.suno.com.br\/planilha-de-controle-de-investimentos\/\" target=\"_blank\" data-element=\"shortcode-suno-banner\" title=\"Banner SUNO, clique e saiba mais\">\n\t\t\t<picture>\n\t\t\t\t<source media=\"(max-width: 500px)\" srcset=\"https:\/\/files.sunoresearch.com.br\/n\/uploads\/2023\/03\/400x300-Controle-de-Investimentos.png\">\n\t\t\t\t<img class=\"newsContent__article__imgCapa newsContent__article__imgCapa--banner\"\n\t\t\t\t\tsrc=\"https:\/\/files.sunoresearch.com.br\/n\/uploads\/2023\/03\/1420x240-Controle-de-Investimentos.png\"\n\t\t\t\t\tdata-promo-id=\"75934\"\t\t\t\t\t\t\t\t\t\twidth='1420' height='240'\t\t\t\t\talt=\"https:\/\/files.sunoresearch.com.br\/n\/uploads\/2023\/03\/1420x240-Controle-de-Investimentos.png\"\n\t\t\t\t>\n\t\t\t<\/picture>\n\t\t<\/a>\n\t<\/p>\n\n\n<p>\u201cO presidente precisa enfrentar o problema da mis\u00e9ria que se agudizou durante a pandemia. E, para isso, ele precisa de R$ 30 bilh\u00f5es para dar R$ 100 a mais para o Bolsa Fam\u00edlia [totalizando R$ 400]. Todos sabem que j\u00e1 t\u00ednhamos previsto [conceder] R$ 300 [de aux\u00edlio], ficando dentro do teto. S\u00f3 que o Senado n\u00e3o avan\u00e7ou com as reformas, n\u00e3o nos deu fontes [de recursos]. Ent\u00e3o, a [ala] pol\u00edtica pressiona o presidente. \u00c9 preciso entender que o teto \u00e9 um s\u00edmbolo do nosso compromisso com as gera\u00e7\u00f5es futuras, mas se pergunt\u00e1ssemos \u00e0s gera\u00e7\u00f5es futuras se dever\u00edamos deixar 17 milh\u00f5es de fam\u00edlias brasileiras passando fome, elas v\u00e3o dizer que n\u00e3o. V\u00e3o dizer para fazermos outros sacrif\u00edcios\u201d, reafirmou o ministro, favor\u00e1vel \u00e0 reformula\u00e7\u00e3o das regras de aplica\u00e7\u00e3o do teto de gastos.<\/p>\n<p>&#8220;A reformula\u00e7\u00e3o \u00e9 tecnicamente correta para sincronizarmos a periodicidade das despesas com o [limite do] teto, que, hoje, est\u00e3o descasadas&#8221;, finalizou Guedes.<\/p>\n<p><em>Com Estad\u00e3o Conte\u00fado<\/em><\/p>\n\t<p>\n\t\t<a href=\"\" target=\"_blank\" data-element=\"shortcode-suno-banner\" title=\"Banner SUNO, clique e saiba mais\">\n\t\t\t<picture>\n\t\t\t\t<source media=\"(max-width: 500px)\" srcset=\"\">\n\t\t\t\t<img class=\"newsContent__article__imgCapa newsContent__article__imgCapa--banner\"\n\t\t\t\t\tsrc=\"\"\n\t\t\t\t\tdata-promo-id=\"184190\"\t\t\t\t\t\t\t\t\t\t\t\t\t\t\talt=\"\"\n\t\t\t\t>\n\t\t\t<\/picture>\n\t\t<\/a>\n\t<\/p>\n\n\n","protected":false},"excerpt":{"rendered":"<p>O ministro da Economia, Paulo Guedes, neste domingo, 24, voltou a cobrar do Senado a aprova\u00e7\u00e3o de medidas importantes para a economia, entre elas a reforma do imposto de renda, j\u00e1 aprovada pela C\u00e2mara, mas que aguarda vota\u00e7\u00e3o da outra Casa. Segundo Guedes, quando a reforma do Imposto de Renda avan\u00e7ar, ser\u00e1 poss\u00edvel ajudar os [&hellip;]<\/p>\n","protected":false},"author":43,"featured_media":196826,"comment_status":"closed","ping_status":"closed","sticky":false,"template":"","format":"standard","meta":[],"categories":[61],"tags":[],"suno_strategy":[],"class_list":["post-196819","post","type-post","status-publish","format-standard","has-post-thumbnail","hentry","category-politica"],"yoast_head":"<!-- This site is optimized with the Yoast SEO plugin v24.4 - https:\/\/yoast.com\/wordpress\/plugins\/seo\/ -->\n<title>Guedes diz que Pacheco sabe que estamos no caminho certo e acredita na aprova\u00e7\u00e3o das reformas Administrativa e do IR<\/title>\n<meta name=\"robots\" content=\"index, follow, max-snippet:-1, max-image-preview:large, max-video-preview:-1\" \/>\n<link rel=\"canonical\" href=\"https:\/\/www.suno.com.br\/noticias\/guedes-presidente-do-senado-sabe-que-estamos-no-caminho-certo\/\" \/>\n<meta property=\"og:locale\" content=\"pt_BR\" \/>\n<meta property=\"og:type\" content=\"article\" \/>\n<meta property=\"og:title\" content=\"Guedes diz que Pacheco sabe que estamos no caminho certo e acredita na aprova\u00e7\u00e3o das reformas Administrativa e do IR\" \/>\n<meta property=\"og:description\" content=\"O ministro da Economia, Paulo Guedes, neste domingo, 24, voltou a cobrar do Senado a aprova\u00e7\u00e3o de medidas importantes para a economia, entre elas a reforma do imposto de renda, j\u00e1 aprovada pela C\u00e2mara, mas que aguarda vota\u00e7\u00e3o da outra Casa. Segundo Guedes, quando a reforma do Imposto de Renda avan\u00e7ar, ser\u00e1 poss\u00edvel ajudar os [&hellip;]\" \/>\n<meta property=\"og:url\" content=\"https:\/\/www.suno.com.br\/noticias\/guedes-presidente-do-senado-sabe-que-estamos-no-caminho-certo\/\" \/>\n<meta property=\"og:site_name\" content=\"Suno Not\u00edcias\" \/>\n<meta property=\"article:publisher\" content=\"https:\/\/facebook.com\/sunoresearch\" \/>\n<meta property=\"article:author\" content=\"https:\/\/www.facebook.com\/sunonoticias\/\" \/>\n<meta property=\"og:image\" content=\"https:\/\/files.sunoresearch.com.br\/n\/uploads\/2021\/10\/51555675078_044a8e3784_k.jpg\" \/>\n\t<meta property=\"og:image:width\" content=\"2048\" \/>\n\t<meta property=\"og:image:height\" content=\"1365\" \/>\n\t<meta property=\"og:image:type\" content=\"image\/jpeg\" \/>\n<meta name=\"author\" content=\"Reda\u00e7\u00e3o Suno Not\u00edcias\" \/>\n<meta name=\"twitter:card\" content=\"summary_large_image\" \/>\n<meta name=\"twitter:creator\" content=\"@https:\/\/twitter.com\/sunoresearch\" \/>\n<meta name=\"twitter:site\" content=\"@sunoresearch\" \/>\n<meta name=\"twitter:label1\" content=\"Escrito por\" \/>\n\t<meta name=\"twitter:data1\" content=\"Reda\u00e7\u00e3o Suno Not\u00edcias\" \/>\n\t<meta name=\"twitter:label2\" content=\"Est. tempo de leitura\" \/>\n\t<meta name=\"twitter:data2\" content=\"4 minutos\" \/>\n<script type=\"application\/ld+json\" class=\"yoast-schema-graph\">{\"@context\":\"https:\/\/schema.org\",\"@graph\":[{\"@type\":\"NewsArticle\",\"@id\":\"https:\/\/www.suno.com.br\/noticias\/guedes-presidente-do-senado-sabe-que-estamos-no-caminho-certo\/#article\",\"isPartOf\":{\"@id\":\"https:\/\/www.suno.com.br\/noticias\/guedes-presidente-do-senado-sabe-que-estamos-no-caminho-certo\/\"},\"author\":{\"name\":\"Reda\u00e7\u00e3o Suno Not\u00edcias\",\"@id\":\"https:\/\/www.suno.com.br\/noticias\/#\/schema\/person\/c1b1bd3727fa852bd045e9dbff3673ea\"},\"headline\":\"Guedes diz que Pacheco sabe que estamos no caminho certo e acredita na aprova\u00e7\u00e3o das reformas Administrativa e do IR\",\"datePublished\":\"2021-10-24T19:47:18+00:00\",\"dateModified\":\"2021-10-24T19:49:10+00:00\",\"mainEntityOfPage\":{\"@id\":\"https:\/\/www.suno.com.br\/noticias\/guedes-presidente-do-senado-sabe-que-estamos-no-caminho-certo\/\"},\"wordCount\":894,\"publisher\":{\"@id\":\"https:\/\/www.suno.com.br\/noticias\/#organization\"},\"image\":{\"@id\":\"https:\/\/www.suno.com.br\/noticias\/guedes-presidente-do-senado-sabe-que-estamos-no-caminho-certo\/#primaryimage\"},\"thumbnailUrl\":\"https:\/\/files.sunoresearch.com.br\/n\/uploads\/2021\/10\/51555675078_044a8e3784_k.jpg\",\"articleSection\":[\"Pol\u00edtica\"],\"inLanguage\":\"pt-BR\"},{\"@type\":\"WebPage\",\"@id\":\"https:\/\/www.suno.com.br\/noticias\/guedes-presidente-do-senado-sabe-que-estamos-no-caminho-certo\/\",\"url\":\"https:\/\/www.suno.com.br\/noticias\/guedes-presidente-do-senado-sabe-que-estamos-no-caminho-certo\/\",\"name\":\"Guedes diz que Pacheco sabe que estamos no caminho certo e acredita na aprova\u00e7\u00e3o das reformas Administrativa e do IR\",\"isPartOf\":{\"@id\":\"https:\/\/www.suno.com.br\/noticias\/#website\"},\"primaryImageOfPage\":{\"@id\":\"https:\/\/www.suno.com.br\/noticias\/guedes-presidente-do-senado-sabe-que-estamos-no-caminho-certo\/#primaryimage\"},\"image\":{\"@id\":\"https:\/\/www.suno.com.br\/noticias\/guedes-presidente-do-senado-sabe-que-estamos-no-caminho-certo\/#primaryimage\"},\"thumbnailUrl\":\"https:\/\/files.sunoresearch.com.br\/n\/uploads\/2021\/10\/51555675078_044a8e3784_k.jpg\",\"datePublished\":\"2021-10-24T19:47:18+00:00\",\"dateModified\":\"2021-10-24T19:49:10+00:00\",\"breadcrumb\":{\"@id\":\"https:\/\/www.suno.com.br\/noticias\/guedes-presidente-do-senado-sabe-que-estamos-no-caminho-certo\/#breadcrumb\"},\"inLanguage\":\"pt-BR\",\"potentialAction\":[{\"@type\":\"ReadAction\",\"target\":[\"https:\/\/www.suno.com.br\/noticias\/guedes-presidente-do-senado-sabe-que-estamos-no-caminho-certo\/\"]}]},{\"@type\":\"ImageObject\",\"inLanguage\":\"pt-BR\",\"@id\":\"https:\/\/www.suno.com.br\/noticias\/guedes-presidente-do-senado-sabe-que-estamos-no-caminho-certo\/#primaryimage\",\"url\":\"https:\/\/files.sunoresearch.com.br\/n\/uploads\/2021\/10\/51555675078_044a8e3784_k.jpg\",\"contentUrl\":\"https:\/\/files.sunoresearch.com.br\/n\/uploads\/2021\/10\/51555675078_044a8e3784_k.jpg\",\"width\":2048,\"height\":1365,\"caption\":\"\u00c1 direita, Rodrigo Pacheco, presidente do Senado, que tenta balizar reforma do IR que taxa dividendos - Foto: Pedro Gontijo\/Senado Federal\"},{\"@type\":\"BreadcrumbList\",\"@id\":\"https:\/\/www.suno.com.br\/noticias\/guedes-presidente-do-senado-sabe-que-estamos-no-caminho-certo\/#breadcrumb\",\"itemListElement\":[{\"@type\":\"ListItem\",\"position\":1,\"name\":\"Not\u00edcias\",\"item\":\"https:\/\/www.suno.com.br\/noticias\/\"},{\"@type\":\"ListItem\",\"position\":2,\"name\":\"Pol\u00edtica\",\"item\":\"https:\/\/www.suno.com.br\/noticias\/politica\/\"},{\"@type\":\"ListItem\",\"position\":3,\"name\":\"Guedes diz que Pacheco sabe que estamos no caminho certo e acredita na aprova\u00e7\u00e3o das reformas Administrativa e do IR\"}]},{\"@type\":\"WebSite\",\"@id\":\"https:\/\/www.suno.com.br\/noticias\/#website\",\"url\":\"https:\/\/www.suno.com.br\/noticias\/\",\"name\":\"Suno Not\u00edcias\",\"description\":\"Seu portal de informa\u00e7\u00e3o sobre o mundo dos investimentos\",\"publisher\":{\"@id\":\"https:\/\/www.suno.com.br\/noticias\/#organization\"},\"potentialAction\":[{\"@type\":\"SearchAction\",\"target\":{\"@type\":\"EntryPoint\",\"urlTemplate\":\"https:\/\/www.suno.com.br\/noticias\/?s={search_term_string}\"},\"query-input\":{\"@type\":\"PropertyValueSpecification\",\"valueRequired\":true,\"valueName\":\"search_term_string\"}}],\"inLanguage\":\"pt-BR\"},{\"@type\":\"Organization\",\"@id\":\"https:\/\/www.suno.com.br\/noticias\/#organization\",\"name\":\"Suno Not\u00edcias\",\"url\":\"https:\/\/www.suno.com.br\/noticias\/\",\"logo\":{\"@type\":\"ImageObject\",\"inLanguage\":\"pt-BR\",\"@id\":\"https:\/\/www.suno.com.br\/noticias\/#\/schema\/logo\/image\/\",\"url\":\"https:\/\/files.sunoresearch.com.br\/n\/uploads\/2021\/09\/suno-logo.png\",\"contentUrl\":\"https:\/\/files.sunoresearch.com.br\/n\/uploads\/2021\/09\/suno-logo.png\",\"width\":180,\"height\":180,\"caption\":\"Suno Not\u00edcias\"},\"image\":{\"@id\":\"https:\/\/www.suno.com.br\/noticias\/#\/schema\/logo\/image\/\"},\"sameAs\":[\"https:\/\/facebook.com\/sunoresearch\",\"https:\/\/x.com\/sunoresearch\",\"https:\/\/www.instagram.com\/suno\",\"https:\/\/www.linkedin.com\/company\/suno-research\/\",\"https:\/\/www.youtube.com\/c\/sunoresearch\"]},{\"@type\":\"Person\",\"@id\":\"https:\/\/www.suno.com.br\/noticias\/#\/schema\/person\/c1b1bd3727fa852bd045e9dbff3673ea\",\"name\":\"Reda\u00e7\u00e3o Suno Not\u00edcias\",\"image\":{\"@type\":\"ImageObject\",\"inLanguage\":\"pt-BR\",\"@id\":\"https:\/\/www.suno.com.br\/noticias\/#\/schema\/person\/image\/\",\"url\":\"https:\/\/secure.gravatar.com\/avatar\/b8104b9b5a71985d5238ee59fbe418af?s=96&r=g\",\"contentUrl\":\"https:\/\/secure.gravatar.com\/avatar\/b8104b9b5a71985d5238ee59fbe418af?s=96&r=g\",\"caption\":\"Reda\u00e7\u00e3o Suno Not\u00edcias\"},\"description\":\"O Suno Not\u00edcias \u00e9 um portal de informa\u00e7\u00f5es sobre Mercado Financeiro, Pol\u00edtica, Neg\u00f3cios, Economia e Finan\u00e7as Pessoais.\",\"sameAs\":[\"https:\/\/www.suno.com.br\/noticias\",\"https:\/\/www.facebook.com\/sunonoticias\/\",\"https:\/\/www.instagram.com\/sunonoticias\/\",\"https:\/\/x.com\/https:\/\/twitter.com\/sunoresearch\",\"https:\/\/www.youtube.com\/sunonoticias\"],\"url\":\"https:\/\/www.suno.com.br\/noticias\/author\/redacao-suno\/\"}]}<\/script>\n<!-- \/ Yoast SEO plugin. -->","yoast_head_json":{"title":"Guedes diz que Pacheco sabe que estamos no caminho certo e acredita na aprova\u00e7\u00e3o das reformas Administrativa e do IR","robots":{"index":"index","follow":"follow","max-snippet":"max-snippet:-1","max-image-preview":"max-image-preview:large","max-video-preview":"max-video-preview:-1"},"canonical":"https:\/\/www.suno.com.br\/noticias\/guedes-presidente-do-senado-sabe-que-estamos-no-caminho-certo\/","og_locale":"pt_BR","og_type":"article","og_title":"Guedes diz que Pacheco sabe que estamos no caminho certo e acredita na aprova\u00e7\u00e3o das reformas Administrativa e do IR","og_description":"O ministro da Economia, Paulo Guedes, neste domingo, 24, voltou a cobrar do Senado a aprova\u00e7\u00e3o de medidas importantes para a economia, entre elas a reforma do imposto de renda, j\u00e1 aprovada pela C\u00e2mara, mas que aguarda vota\u00e7\u00e3o da outra Casa. Segundo Guedes, quando a reforma do Imposto de Renda avan\u00e7ar, ser\u00e1 poss\u00edvel ajudar os [&hellip;]","og_url":"https:\/\/www.suno.com.br\/noticias\/guedes-presidente-do-senado-sabe-que-estamos-no-caminho-certo\/","og_site_name":"Suno Not\u00edcias","article_publisher":"https:\/\/facebook.com\/sunoresearch","article_author":"https:\/\/www.facebook.com\/sunonoticias\/","og_image":[{"width":2048,"height":1365,"url":"https:\/\/files.sunoresearch.com.br\/n\/uploads\/2021\/10\/51555675078_044a8e3784_k.jpg","type":"image\/jpeg"}],"author":"Reda\u00e7\u00e3o Suno Not\u00edcias","twitter_card":"summary_large_image","twitter_creator":"@https:\/\/twitter.com\/sunoresearch","twitter_site":"@sunoresearch","twitter_misc":{"Escrito por":"Reda\u00e7\u00e3o Suno Not\u00edcias","Est. tempo de leitura":"4 minutos"},"schema":{"@context":"https:\/\/schema.org","@graph":[{"@type":"NewsArticle","@id":"https:\/\/www.suno.com.br\/noticias\/guedes-presidente-do-senado-sabe-que-estamos-no-caminho-certo\/#article","isPartOf":{"@id":"https:\/\/www.suno.com.br\/noticias\/guedes-presidente-do-senado-sabe-que-estamos-no-caminho-certo\/"},"author":{"name":"Reda\u00e7\u00e3o Suno Not\u00edcias","@id":"https:\/\/www.suno.com.br\/noticias\/#\/schema\/person\/c1b1bd3727fa852bd045e9dbff3673ea"},"headline":"Guedes diz que Pacheco sabe que estamos no caminho certo e acredita na aprova\u00e7\u00e3o das reformas Administrativa e do IR","datePublished":"2021-10-24T19:47:18+00:00","dateModified":"2021-10-24T19:49:10+00:00","mainEntityOfPage":{"@id":"https:\/\/www.suno.com.br\/noticias\/guedes-presidente-do-senado-sabe-que-estamos-no-caminho-certo\/"},"wordCount":894,"publisher":{"@id":"https:\/\/www.suno.com.br\/noticias\/#organization"},"image":{"@id":"https:\/\/www.suno.com.br\/noticias\/guedes-presidente-do-senado-sabe-que-estamos-no-caminho-certo\/#primaryimage"},"thumbnailUrl":"https:\/\/files.sunoresearch.com.br\/n\/uploads\/2021\/10\/51555675078_044a8e3784_k.jpg","articleSection":["Pol\u00edtica"],"inLanguage":"pt-BR"},{"@type":"WebPage","@id":"https:\/\/www.suno.com.br\/noticias\/guedes-presidente-do-senado-sabe-que-estamos-no-caminho-certo\/","url":"https:\/\/www.suno.com.br\/noticias\/guedes-presidente-do-senado-sabe-que-estamos-no-caminho-certo\/","name":"Guedes diz que Pacheco sabe que estamos no caminho certo e acredita na aprova\u00e7\u00e3o das reformas Administrativa e do IR","isPartOf":{"@id":"https:\/\/www.suno.com.br\/noticias\/#website"},"primaryImageOfPage":{"@id":"https:\/\/www.suno.com.br\/noticias\/guedes-presidente-do-senado-sabe-que-estamos-no-caminho-certo\/#primaryimage"},"image":{"@id":"https:\/\/www.suno.com.br\/noticias\/guedes-presidente-do-senado-sabe-que-estamos-no-caminho-certo\/#primaryimage"},"thumbnailUrl":"https:\/\/files.sunoresearch.com.br\/n\/uploads\/2021\/10\/51555675078_044a8e3784_k.jpg","datePublished":"2021-10-24T19:47:18+00:00","dateModified":"2021-10-24T19:49:10+00:00","breadcrumb":{"@id":"https:\/\/www.suno.com.br\/noticias\/guedes-presidente-do-senado-sabe-que-estamos-no-caminho-certo\/#breadcrumb"},"inLanguage":"pt-BR","potentialAction":[{"@type":"ReadAction","target":["https:\/\/www.suno.com.br\/noticias\/guedes-presidente-do-senado-sabe-que-estamos-no-caminho-certo\/"]}]},{"@type":"ImageObject","inLanguage":"pt-BR","@id":"https:\/\/www.suno.com.br\/noticias\/guedes-presidente-do-senado-sabe-que-estamos-no-caminho-certo\/#primaryimage","url":"https:\/\/files.sunoresearch.com.br\/n\/uploads\/2021\/10\/51555675078_044a8e3784_k.jpg","contentUrl":"https:\/\/files.sunoresearch.com.br\/n\/uploads\/2021\/10\/51555675078_044a8e3784_k.jpg","width":2048,"height":1365,"caption":"\u00c1 direita, Rodrigo Pacheco, presidente do Senado, que tenta balizar reforma do IR que taxa dividendos - Foto: Pedro Gontijo\/Senado Federal"},{"@type":"BreadcrumbList","@id":"https:\/\/www.suno.com.br\/noticias\/guedes-presidente-do-senado-sabe-que-estamos-no-caminho-certo\/#breadcrumb","itemListElement":[{"@type":"ListItem","position":1,"name":"Not\u00edcias","item":"https:\/\/www.suno.com.br\/noticias\/"},{"@type":"ListItem","position":2,"name":"Pol\u00edtica","item":"https:\/\/www.suno.com.br\/noticias\/politica\/"},{"@type":"ListItem","position":3,"name":"Guedes diz que Pacheco sabe que estamos no caminho certo e acredita na aprova\u00e7\u00e3o das reformas Administrativa e do IR"}]},{"@type":"WebSite","@id":"https:\/\/www.suno.com.br\/noticias\/#website","url":"https:\/\/www.suno.com.br\/noticias\/","name":"Suno Not\u00edcias","description":"Seu portal de informa\u00e7\u00e3o sobre o mundo dos investimentos","publisher":{"@id":"https:\/\/www.suno.com.br\/noticias\/#organization"},"potentialAction":[{"@type":"SearchAction","target":{"@type":"EntryPoint","urlTemplate":"https:\/\/www.suno.com.br\/noticias\/?s={search_term_string}"},"query-input":{"@type":"PropertyValueSpecification","valueRequired":true,"valueName":"search_term_string"}}],"inLanguage":"pt-BR"},{"@type":"Organization","@id":"https:\/\/www.suno.com.br\/noticias\/#organization","name":"Suno Not\u00edcias","url":"https:\/\/www.suno.com.br\/noticias\/","logo":{"@type":"ImageObject","inLanguage":"pt-BR","@id":"https:\/\/www.suno.com.br\/noticias\/#\/schema\/logo\/image\/","url":"https:\/\/files.sunoresearch.com.br\/n\/uploads\/2021\/09\/suno-logo.png","contentUrl":"https:\/\/files.sunoresearch.com.br\/n\/uploads\/2021\/09\/suno-logo.png","width":180,"height":180,"caption":"Suno Not\u00edcias"},"image":{"@id":"https:\/\/www.suno.com.br\/noticias\/#\/schema\/logo\/image\/"},"sameAs":["https:\/\/facebook.com\/sunoresearch","https:\/\/x.com\/sunoresearch","https:\/\/www.instagram.com\/suno","https:\/\/www.linkedin.com\/company\/suno-research\/","https:\/\/www.youtube.com\/c\/sunoresearch"]},{"@type":"Person","@id":"https:\/\/www.suno.com.br\/noticias\/#\/schema\/person\/c1b1bd3727fa852bd045e9dbff3673ea","name":"Reda\u00e7\u00e3o Suno Not\u00edcias","image":{"@type":"ImageObject","inLanguage":"pt-BR","@id":"https:\/\/www.suno.com.br\/noticias\/#\/schema\/person\/image\/","url":"https:\/\/secure.gravatar.com\/avatar\/b8104b9b5a71985d5238ee59fbe418af?s=96&r=g","contentUrl":"https:\/\/secure.gravatar.com\/avatar\/b8104b9b5a71985d5238ee59fbe418af?s=96&r=g","caption":"Reda\u00e7\u00e3o Suno Not\u00edcias"},"description":"O Suno Not\u00edcias \u00e9 um portal de informa\u00e7\u00f5es sobre Mercado Financeiro, Pol\u00edtica, Neg\u00f3cios, Economia e Finan\u00e7as Pessoais.","sameAs":["https:\/\/www.suno.com.br\/noticias","https:\/\/www.facebook.com\/sunonoticias\/","https:\/\/www.instagram.com\/sunonoticias\/","https:\/\/x.com\/https:\/\/twitter.com\/sunoresearch","https:\/\/www.youtube.com\/sunonoticias"],"url":"https:\/\/www.suno.com.br\/noticias\/author\/redacao-suno\/"}]}},"default_loop_html":"<div class=\"cardsPage__listCard__boxs\"><div class=\"cardsPage__listCard__boxs__img\"><a href=\"https:\/\/www.suno.com.br\/noticias\/guedes-presidente-do-senado-sabe-que-estamos-no-caminho-certo\/\"><img class=\"mask\" src=\"https:\/\/www.suno.com.br\/noticias\/wp-content\/themes\/suno\/resources\/images\/spotlight\/spotlight1img\/bg-mask.png\" alt=\"Image Mask\"\/><img src=\"https:\/\/files.sunoresearch.com.br\/n\/uploads\/2021\/10\/51555675078_044a8e3784_k-400x200.jpg\" alt=\"Guedes diz que Pacheco sabe que estamos no caminho certo e acredita na aprova\u00e7\u00e3o das reformas Administrativa e do IR\"\/><\/a><span class=\"spotlightCategory\"><a href=\"https:\/\/www.suno.com.br\/noticias\/politica\/\">Pol\u00edtica<\/a><\/span><\/div><div class=\"cardsPage__listCard__boxs__content\"><a href=\"https:\/\/www.suno.com.br\/noticias\/guedes-presidente-do-senado-sabe-que-estamos-no-caminho-certo\/\"><h2 class=\"content__title\">Guedes diz que Pacheco sabe que estamos no caminho certo e acredita na aprova\u00e7\u00e3o das reformas Administrativa e do IR<\/h2><\/a><div class=\"newsContent__article__meta\"><div class=\"newsContent__article__meta__authorBox\"><a href=\"https:\/\/www.suno.com.br\/noticias\/author\/redacao-suno\/\" class=\"authorBox__avatar noMobi\"><img src=\"https:\/\/files.sunoresearch.com.br\/n\/uploads\/2020\/08\/0ace682d-redacao-1-150x150.webp\" alt=\"Reda\u00e7\u00e3o Suno Not\u00edcias\"><\/a><div class=\"authorBox__name\"><span>por\n\t\t\t<a href=\"https:\/\/www.suno.com.br\/noticias\/author\/redacao-suno\/\"><span itemprop=\"author\">Reda\u00e7\u00e3o Suno Not\u00edcias<\/span><\/a><\/span><time datetime=\"2021-10-24T16:47:18-03:00\" itemprop=\"datePublished\">24\/10\/2021 16:47<\/time><\/div><\/div><\/div><\/div><\/div>","single_layout":"posts","amp_enabled":true,"_links":{"self":[{"href":"https:\/\/www.suno.com.br\/noticias\/wp-json\/wp\/v2\/posts\/196819"}],"collection":[{"href":"https:\/\/www.suno.com.br\/noticias\/wp-json\/wp\/v2\/posts"}],"about":[{"href":"https:\/\/www.suno.com.br\/noticias\/wp-json\/wp\/v2\/types\/post"}],"author":[{"embeddable":true,"href":"https:\/\/www.suno.com.br\/noticias\/wp-json\/wp\/v2\/users\/43"}],"replies":[{"embeddable":true,"href":"https:\/\/www.suno.com.br\/noticias\/wp-json\/wp\/v2\/comments?post=196819"}],"version-history":[{"count":4,"href":"https:\/\/www.suno.com.br\/noticias\/wp-json\/wp\/v2\/posts\/196819\/revisions"}],"predecessor-version":[{"id":196829,"href":"https:\/\/www.suno.com.br\/noticias\/wp-json\/wp\/v2\/posts\/196819\/revisions\/196829"}],"wp:featuredmedia":[{"embeddable":true,"href":"https:\/\/www.suno.com.br\/noticias\/wp-json\/wp\/v2\/media\/196826"}],"wp:attachment":[{"href":"https:\/\/www.suno.com.br\/noticias\/wp-json\/wp\/v2\/media?parent=196819"}],"wp:term":[{"taxonomy":"category","embeddable":true,"href":"https:\/\/www.suno.com.br\/noticias\/wp-json\/wp\/v2\/categories?post=196819"},{"taxonomy":"post_tag","embeddable":true,"href":"https:\/\/www.suno.com.br\/noticias\/wp-json\/wp\/v2\/tags?post=196819"},{"taxonomy":"suno_strategy","embeddable":true,"href":"https:\/\/www.suno.com.br\/noticias\/wp-json\/wp\/v2\/suno_strategy?post=196819"}],"curies":[{"name":"wp","href":"https:\/\/api.w.org\/{rel}","templated":true}]}}