{"id":196812,"date":"2021-10-24T14:01:48","date_gmt":"2021-10-24T17:01:48","guid":{"rendered":"https:\/\/www.suno.com.br\/noticias\/?p=196812"},"modified":"2021-10-24T15:06:06","modified_gmt":"2021-10-24T18:06:06","slug":"bolsonaro-volta-a-defender-auxilio-brasil-de-r-400-ao-lado-de-paulo-guedes","status":"publish","type":"post","link":"https:\/\/www.suno.com.br\/noticias\/bolsonaro-volta-a-defender-auxilio-brasil-de-r-400-ao-lado-de-paulo-guedes\/","title":{"rendered":"Bolsonaro volta a defender aux\u00edlio Brasil de R$ 400 ao lado de Paulo Guedes"},"content":{"rendered":"<p>Em mais um gesto de confian\u00e7a no ministro da Economia, <a class=\"suno-keyword\" href=\"https:\/\/www.suno.com.br\/tudo-sobre\/paulo-guedes\/\" target=\"_blank\" rel=\"noopener\" data-force=\"no\" data-priority=\"2\">Paulo Guedes<\/a>, o presidente Jair Bolsonaro esteve neste domingo visitando uma feira de p\u00e1ssaros em Bras\u00edlia e, junto com o ministro, concedeu entrevista \u00e0 imprensa. &#8220;Convidei o Paulo Guedes para conversar com voc\u00eas&#8221;, disse Bolsonaro no in\u00edcio da conversa, na qual falou sobre a situa\u00e7\u00e3o fiscal e econ\u00f4mica do Pa\u00eds, da alta inflacion\u00e1ria, dos pre\u00e7os dos combust\u00edveis, defendeu as reformas e mais uma vez tentou justificar o descumprimento do <a class=\"suno-keyword\" href=\"https:\/\/www.suno.com.br\/artigos\/teto-de-gastos\/\" target=\"_blank\" rel=\"noopener\" data-force=\"no\" data-priority=\"1\">teto de gastos<\/a> para que fosse poss\u00edvel dar o Aux\u00edlio Brasil de R$ 400,00.<\/p>\t<div class=\"wrapper-featured-image\">\n\t\t<figure class=\"spotlightImg\">\n\n\t\t\t<picture>\n\t\t\t\t<source media=\"(max-width: 768px)\" srcset=\"https:\/\/files.sunoresearch.com.br\/n\/uploads\/2021\/03\/aeccded5-jair-bolsonaro-foto-marcos-correa-pr-400x200.webp\">\n\t\t\t\t<img loading=\"lazy\" decoding=\"async\" class=\"newsContent__article__imgCapa lazyloadDisabled \" src=\"https:\/\/files.sunoresearch.com.br\/n\/uploads\/2021\/03\/aeccded5-jair-bolsonaro-foto-marcos-correa-pr-800x450.webp\" width=\"800\" height=\"450\" alt=\"Bolsonaro volta a defender aux\u00edlio Brasil de R$ 400 ao lado de Paulo Guedes\" fetchpriority=high \/>\n\t\t\t<\/picture>\n\n\t\t\t<figcaption class=\"wp-caption-text wp-caption-text--show\">Jair Bolsonaro: &quot;Tudo de ruim que acontece na Petrobras cai no meu colo. O que \u00e9  bom n\u00e3o cai nada em meu colo&quot;, disse.. Foto: Marcos Corr\u00eaa PR<\/figcaption>\n\t\t<\/figure>\n\t<\/div>\n\n\n\t<p>\n\t\t<a href=\"https:\/\/lp.suno.com.br\/planilha-controle-gastos\/\" target=\"_blank\" data-element=\"shortcode-suno-banner\" title=\"Banner SUNO, clique e saiba mais\">\n\t\t\t<picture>\n\t\t\t\t<source media=\"(max-width: 500px)\" srcset=\"https:\/\/files.sunoresearch.com.br\/n\/uploads\/2023\/03\/400x300-Planilha-controle-de-gastos.png\">\n\t\t\t\t<img class=\"newsContent__article__imgCapa newsContent__article__imgCapa--banner\"\n\t\t\t\t\tsrc=\"https:\/\/files.sunoresearch.com.br\/n\/uploads\/2023\/03\/1420x240-Planilha-controle-de-gastos.png\"\n\t\t\t\t\tdata-promo-id=\"101751\"\t\t\t\t\t\t\t\t\t\twidth='1420' height='240'\t\t\t\t\talt=\"https:\/\/files.sunoresearch.com.br\/n\/uploads\/2023\/03\/1420x240-Planilha-controle-de-gastos.png\"\n\t\t\t\t>\n\t\t\t<\/picture>\n\t\t<\/a>\n\t<\/p>\n\n\n<p>Bolsonaro destacou que o <a class=\"suno-keyword\" href=\"https:\/\/www.suno.com.br\/artigos\/custo-vida\/\" target=\"_blank\" rel=\"noopener\" data-force=\"no\" data-priority=\"1\">custo de vida<\/a> tem aumentado, com a infla\u00e7\u00e3o que chegou a dois d\u00edgitos e que os mais pobres t\u00eam sofrido bastante. &#8220;\u00c9 uma preocupa\u00e7\u00e3o nossa&#8221;, disse o presidente. Ele voltou a criticar a pol\u00edtica do &#8220;fica em casa&#8221; e disse que o mundo est\u00e1 sofrendo ainda com o que ele espera ser o &#8220;fim da pandemia&#8221;. &#8220;Muitos pa\u00edses est\u00e3o com desabastecimento e n\u00f3s n\u00e3o temos esse problema. Sabemos que o custo de vista tem aumentado. Ano passado, demos o aux\u00edlio emergencial, gastamos o equivalente a 13 anos de Bolsa Fam\u00edlia. O Brasil tem que voltar \u00e0 normalidade&#8221;, disse o presidente.<\/p>\n<p>A defini\u00e7\u00e3o do valor de R$ 400 para o Aux\u00edlio Brasil levou a altera\u00e7\u00f5es no teto de gastos que culminaram com a sa\u00edda de quatro secret\u00e1rios do <a class=\"suno-keyword\" href=\"https:\/\/www.suno.com.br\/artigos\/ministerio-da-economia\/\" target=\"_blank\" rel=\"noopener\" data-force=\"no\" data-priority=\"3\">Minist\u00e9rio da Economia<\/a> na quinta-feira, 21. Pediram exonera\u00e7\u00e3o o secret\u00e1rio especial do Tesouro e Or\u00e7amento, Bruno Funchal, e sua adjunta, Gildenora Dantas. Tamb\u00e9m pediram para deixar o cargo o secret\u00e1rio do Tesouro Nacional, Jeferson Bittencourt, e seu adjunto, Rafael Araujo. O movimento gerou especula\u00e7\u00f5es em torno tamb\u00e9m de uma poss\u00edvel sa\u00edda de Paulo Guedes. Na sexta-feira, Bolsonaro foi pessoalmente ao Minist\u00e9rio da Economia e concedeu entrevista ao lado de Guedes para reafirmar sua confian\u00e7a e apre\u00e7o a ele.<\/p>\n<p>Neste domingo, Bolsonaro destacou medidas econ\u00f4micas tomadas em 2019, quando o Brasil come\u00e7ou, segundo ele, a decolar. Afirmou que essas medidas, que at\u00e9 passaram despercebidas por muitos, \u00e9 que permitiram o Pa\u00eds a sofrer menos no ano passado, com a pandemia de covid-19.<\/p>\n<p>&#8220;A MP da liberdade econ\u00f4mica veio em boa hora. Terminamos 2020 com mais gente com carteira assinada que em 2019. Isso gra\u00e7as ao bom trabalho da equipe econ\u00f4mica, que n\u00e3o deixou de passar recursos vultosos para atender a popula\u00e7\u00e3o&#8221;, disse Bolsonaro ao lado de Guedes e, em seguida, o elogiou novamente, destacando que o ministro tem liberdade para trabalhar. &#8220;O desempenho da economia deve-se a Paulo Guedes, a sua compet\u00eancia e a sua liberdade para trabalhar&#8221;, afirmou. O presidente lembrou ainda que todos esperavam que o <a class=\"suno-keyword\" href=\"https:\/\/www.suno.com.br\/artigos\/pib-produto-interno-bruto\/\" target=\"_blank\" rel=\"noopener\" data-force=\"no\" data-priority=\"2\">Produto Interno Bruto (PIB)<\/a> ca\u00edsse 10% no ano passado, quando a queda foi de 4,1%.<\/p>\n<p><em>Com Estad\u00e3o Conte\u00fado<\/em><\/p>\n\t<p>\n\t\t<a href=\"https:\/\/lp.suno.com.br\/planilha-da-vida-financeira\/\" target=\"_blank\" data-element=\"shortcode-suno-banner\" title=\"Banner SUNO, clique e saiba mais\">\n\t\t\t<picture>\n\t\t\t\t<source media=\"(max-width: 500px)\" srcset=\"https:\/\/files.sunoresearch.com.br\/n\/uploads\/2023\/04\/400x300-Planilha-vida-financeira-true.png\">\n\t\t\t\t<img class=\"newsContent__article__imgCapa newsContent__article__imgCapa--banner\"\n\t\t\t\t\tsrc=\"https:\/\/files.sunoresearch.com.br\/n\/uploads\/2023\/04\/1420x240-Planilha-vida-financeira-true.png\"\n\t\t\t\t\tdata-promo-id=\"106682\"\t\t\t\t\t\t\t\t\t\twidth='1420' height='240'\t\t\t\t\talt=\"https:\/\/files.sunoresearch.com.br\/n\/uploads\/2023\/04\/1420x240-Planilha-vida-financeira-true.png\"\n\t\t\t\t>\n\t\t\t<\/picture>\n\t\t<\/a>\n\t<\/p>\n\n\n","protected":false},"excerpt":{"rendered":"<p>Em mais um gesto de confian\u00e7a no ministro da Economia, Paulo Guedes, o presidente Jair Bolsonaro esteve neste domingo visitando uma feira de p\u00e1ssaros em Bras\u00edlia e, junto com o ministro, concedeu entrevista \u00e0 imprensa. &#8220;Convidei o Paulo Guedes para conversar com voc\u00eas&#8221;, disse Bolsonaro no in\u00edcio da conversa, na qual falou sobre a situa\u00e7\u00e3o [&hellip;]<\/p>\n","protected":false},"author":43,"featured_media":130360,"comment_status":"closed","ping_status":"closed","sticky":false,"template":"","format":"standard","meta":[],"categories":[61],"tags":[],"suno_strategy":[],"class_list":["post-196812","post","type-post","status-publish","format-standard","has-post-thumbnail","hentry","category-politica"],"yoast_head":"<!-- This site is optimized with the Yoast SEO plugin v24.4 - https:\/\/yoast.com\/wordpress\/plugins\/seo\/ -->\n<title>Bolsonaro volta a defender aux\u00edlio Brasil de R$ 400 ao lado de Paulo Guedes<\/title>\n<meta name=\"robots\" content=\"index, follow, max-snippet:-1, max-image-preview:large, max-video-preview:-1\" \/>\n<link rel=\"canonical\" href=\"https:\/\/www.suno.com.br\/noticias\/bolsonaro-volta-a-defender-auxilio-brasil-de-r-400-ao-lado-de-paulo-guedes\/\" \/>\n<meta property=\"og:locale\" content=\"pt_BR\" \/>\n<meta property=\"og:type\" content=\"article\" \/>\n<meta property=\"og:title\" content=\"Bolsonaro volta a defender aux\u00edlio Brasil de R$ 400 ao lado de Paulo Guedes\" \/>\n<meta property=\"og:description\" content=\"Em mais um gesto de confian\u00e7a no ministro da Economia, Paulo Guedes, o presidente Jair Bolsonaro esteve neste domingo visitando uma feira de p\u00e1ssaros em Bras\u00edlia e, junto com o ministro, concedeu entrevista \u00e0 imprensa. &#8220;Convidei o Paulo Guedes para conversar com voc\u00eas&#8221;, disse Bolsonaro no in\u00edcio da conversa, na qual falou sobre a situa\u00e7\u00e3o [&hellip;]\" \/>\n<meta property=\"og:url\" content=\"https:\/\/www.suno.com.br\/noticias\/bolsonaro-volta-a-defender-auxilio-brasil-de-r-400-ao-lado-de-paulo-guedes\/\" \/>\n<meta property=\"og:site_name\" content=\"Suno Not\u00edcias\" \/>\n<meta property=\"article:publisher\" content=\"https:\/\/facebook.com\/sunoresearch\" \/>\n<meta property=\"article:author\" content=\"https:\/\/www.facebook.com\/sunonoticias\/\" \/>\n<meta property=\"og:image\" content=\"https:\/\/files.sunoresearch.com.br\/n\/uploads\/2021\/03\/aeccded5-jair-bolsonaro-foto-marcos-correa-pr.jpg\" \/>\n\t<meta property=\"og:image:width\" content=\"1200\" \/>\n\t<meta property=\"og:image:height\" content=\"800\" \/>\n\t<meta property=\"og:image:type\" content=\"image\/jpeg\" \/>\n<meta name=\"author\" content=\"Reda\u00e7\u00e3o Suno Not\u00edcias\" \/>\n<meta name=\"twitter:card\" content=\"summary_large_image\" \/>\n<meta name=\"twitter:creator\" content=\"@https:\/\/twitter.com\/sunoresearch\" \/>\n<meta name=\"twitter:site\" content=\"@sunoresearch\" \/>\n<meta name=\"twitter:label1\" content=\"Escrito por\" \/>\n\t<meta name=\"twitter:data1\" content=\"Reda\u00e7\u00e3o Suno Not\u00edcias\" \/>\n\t<meta name=\"twitter:label2\" content=\"Est. tempo de leitura\" \/>\n\t<meta name=\"twitter:data2\" content=\"2 minutos\" \/>\n<script type=\"application\/ld+json\" class=\"yoast-schema-graph\">{\"@context\":\"https:\/\/schema.org\",\"@graph\":[{\"@type\":\"NewsArticle\",\"@id\":\"https:\/\/www.suno.com.br\/noticias\/bolsonaro-volta-a-defender-auxilio-brasil-de-r-400-ao-lado-de-paulo-guedes\/#article\",\"isPartOf\":{\"@id\":\"https:\/\/www.suno.com.br\/noticias\/bolsonaro-volta-a-defender-auxilio-brasil-de-r-400-ao-lado-de-paulo-guedes\/\"},\"author\":{\"name\":\"Reda\u00e7\u00e3o Suno Not\u00edcias\",\"@id\":\"https:\/\/www.suno.com.br\/noticias\/#\/schema\/person\/c1b1bd3727fa852bd045e9dbff3673ea\"},\"headline\":\"Bolsonaro volta a defender aux\u00edlio Brasil de R$ 400 ao lado de Paulo Guedes\",\"datePublished\":\"2021-10-24T17:01:48+00:00\",\"dateModified\":\"2021-10-24T18:06:06+00:00\",\"mainEntityOfPage\":{\"@id\":\"https:\/\/www.suno.com.br\/noticias\/bolsonaro-volta-a-defender-auxilio-brasil-de-r-400-ao-lado-de-paulo-guedes\/\"},\"wordCount\":510,\"publisher\":{\"@id\":\"https:\/\/www.suno.com.br\/noticias\/#organization\"},\"image\":{\"@id\":\"https:\/\/www.suno.com.br\/noticias\/bolsonaro-volta-a-defender-auxilio-brasil-de-r-400-ao-lado-de-paulo-guedes\/#primaryimage\"},\"thumbnailUrl\":\"https:\/\/files.sunoresearch.com.br\/n\/uploads\/2021\/03\/aeccded5-jair-bolsonaro-foto-marcos-correa-pr-jpg.webp\",\"articleSection\":[\"Pol\u00edtica\"],\"inLanguage\":\"pt-BR\"},{\"@type\":\"WebPage\",\"@id\":\"https:\/\/www.suno.com.br\/noticias\/bolsonaro-volta-a-defender-auxilio-brasil-de-r-400-ao-lado-de-paulo-guedes\/\",\"url\":\"https:\/\/www.suno.com.br\/noticias\/bolsonaro-volta-a-defender-auxilio-brasil-de-r-400-ao-lado-de-paulo-guedes\/\",\"name\":\"Bolsonaro volta a defender aux\u00edlio Brasil de R$ 400 ao lado de Paulo Guedes\",\"isPartOf\":{\"@id\":\"https:\/\/www.suno.com.br\/noticias\/#website\"},\"primaryImageOfPage\":{\"@id\":\"https:\/\/www.suno.com.br\/noticias\/bolsonaro-volta-a-defender-auxilio-brasil-de-r-400-ao-lado-de-paulo-guedes\/#primaryimage\"},\"image\":{\"@id\":\"https:\/\/www.suno.com.br\/noticias\/bolsonaro-volta-a-defender-auxilio-brasil-de-r-400-ao-lado-de-paulo-guedes\/#primaryimage\"},\"thumbnailUrl\":\"https:\/\/files.sunoresearch.com.br\/n\/uploads\/2021\/03\/aeccded5-jair-bolsonaro-foto-marcos-correa-pr-jpg.webp\",\"datePublished\":\"2021-10-24T17:01:48+00:00\",\"dateModified\":\"2021-10-24T18:06:06+00:00\",\"breadcrumb\":{\"@id\":\"https:\/\/www.suno.com.br\/noticias\/bolsonaro-volta-a-defender-auxilio-brasil-de-r-400-ao-lado-de-paulo-guedes\/#breadcrumb\"},\"inLanguage\":\"pt-BR\",\"potentialAction\":[{\"@type\":\"ReadAction\",\"target\":[\"https:\/\/www.suno.com.br\/noticias\/bolsonaro-volta-a-defender-auxilio-brasil-de-r-400-ao-lado-de-paulo-guedes\/\"]}]},{\"@type\":\"ImageObject\",\"inLanguage\":\"pt-BR\",\"@id\":\"https:\/\/www.suno.com.br\/noticias\/bolsonaro-volta-a-defender-auxilio-brasil-de-r-400-ao-lado-de-paulo-guedes\/#primaryimage\",\"url\":\"https:\/\/files.sunoresearch.com.br\/n\/uploads\/2021\/03\/aeccded5-jair-bolsonaro-foto-marcos-correa-pr-jpg.webp\",\"contentUrl\":\"https:\/\/files.sunoresearch.com.br\/n\/uploads\/2021\/03\/aeccded5-jair-bolsonaro-foto-marcos-correa-pr-jpg.webp\",\"width\":1200,\"height\":800,\"caption\":\"Jair Bolsonaro: \\\"Tudo de ruim que acontece na Petrobras cai no meu colo. O que \u00e9 bom n\u00e3o cai nada em meu colo\\\", disse.. Foto: Marcos Corr\u00eaa PR\"},{\"@type\":\"BreadcrumbList\",\"@id\":\"https:\/\/www.suno.com.br\/noticias\/bolsonaro-volta-a-defender-auxilio-brasil-de-r-400-ao-lado-de-paulo-guedes\/#breadcrumb\",\"itemListElement\":[{\"@type\":\"ListItem\",\"position\":1,\"name\":\"Not\u00edcias\",\"item\":\"https:\/\/www.suno.com.br\/noticias\/\"},{\"@type\":\"ListItem\",\"position\":2,\"name\":\"Pol\u00edtica\",\"item\":\"https:\/\/www.suno.com.br\/noticias\/politica\/\"},{\"@type\":\"ListItem\",\"position\":3,\"name\":\"Bolsonaro volta a defender aux\u00edlio Brasil de R$ 400 ao lado de Paulo Guedes\"}]},{\"@type\":\"WebSite\",\"@id\":\"https:\/\/www.suno.com.br\/noticias\/#website\",\"url\":\"https:\/\/www.suno.com.br\/noticias\/\",\"name\":\"Suno Not\u00edcias\",\"description\":\"Seu portal de informa\u00e7\u00e3o sobre o mundo dos investimentos\",\"publisher\":{\"@id\":\"https:\/\/www.suno.com.br\/noticias\/#organization\"},\"potentialAction\":[{\"@type\":\"SearchAction\",\"target\":{\"@type\":\"EntryPoint\",\"urlTemplate\":\"https:\/\/www.suno.com.br\/noticias\/?s={search_term_string}\"},\"query-input\":{\"@type\":\"PropertyValueSpecification\",\"valueRequired\":true,\"valueName\":\"search_term_string\"}}],\"inLanguage\":\"pt-BR\"},{\"@type\":\"Organization\",\"@id\":\"https:\/\/www.suno.com.br\/noticias\/#organization\",\"name\":\"Suno Not\u00edcias\",\"url\":\"https:\/\/www.suno.com.br\/noticias\/\",\"logo\":{\"@type\":\"ImageObject\",\"inLanguage\":\"pt-BR\",\"@id\":\"https:\/\/www.suno.com.br\/noticias\/#\/schema\/logo\/image\/\",\"url\":\"https:\/\/files.sunoresearch.com.br\/n\/uploads\/2021\/09\/suno-logo.png\",\"contentUrl\":\"https:\/\/files.sunoresearch.com.br\/n\/uploads\/2021\/09\/suno-logo.png\",\"width\":180,\"height\":180,\"caption\":\"Suno Not\u00edcias\"},\"image\":{\"@id\":\"https:\/\/www.suno.com.br\/noticias\/#\/schema\/logo\/image\/\"},\"sameAs\":[\"https:\/\/facebook.com\/sunoresearch\",\"https:\/\/x.com\/sunoresearch\",\"https:\/\/www.instagram.com\/suno\",\"https:\/\/www.linkedin.com\/company\/suno-research\/\",\"https:\/\/www.youtube.com\/c\/sunoresearch\"]},{\"@type\":\"Person\",\"@id\":\"https:\/\/www.suno.com.br\/noticias\/#\/schema\/person\/c1b1bd3727fa852bd045e9dbff3673ea\",\"name\":\"Reda\u00e7\u00e3o Suno Not\u00edcias\",\"image\":{\"@type\":\"ImageObject\",\"inLanguage\":\"pt-BR\",\"@id\":\"https:\/\/www.suno.com.br\/noticias\/#\/schema\/person\/image\/\",\"url\":\"https:\/\/secure.gravatar.com\/avatar\/b8104b9b5a71985d5238ee59fbe418af?s=96&r=g\",\"contentUrl\":\"https:\/\/secure.gravatar.com\/avatar\/b8104b9b5a71985d5238ee59fbe418af?s=96&r=g\",\"caption\":\"Reda\u00e7\u00e3o Suno Not\u00edcias\"},\"description\":\"O Suno Not\u00edcias \u00e9 um portal de informa\u00e7\u00f5es sobre Mercado Financeiro, Pol\u00edtica, Neg\u00f3cios, Economia e Finan\u00e7as Pessoais.\",\"sameAs\":[\"https:\/\/www.suno.com.br\/noticias\",\"https:\/\/www.facebook.com\/sunonoticias\/\",\"https:\/\/www.instagram.com\/sunonoticias\/\",\"https:\/\/x.com\/https:\/\/twitter.com\/sunoresearch\",\"https:\/\/www.youtube.com\/sunonoticias\"],\"url\":\"https:\/\/www.suno.com.br\/noticias\/author\/redacao-suno\/\"}]}<\/script>\n<!-- \/ Yoast SEO plugin. -->","yoast_head_json":{"title":"Bolsonaro volta a defender aux\u00edlio Brasil de R$ 400 ao lado de Paulo Guedes","robots":{"index":"index","follow":"follow","max-snippet":"max-snippet:-1","max-image-preview":"max-image-preview:large","max-video-preview":"max-video-preview:-1"},"canonical":"https:\/\/www.suno.com.br\/noticias\/bolsonaro-volta-a-defender-auxilio-brasil-de-r-400-ao-lado-de-paulo-guedes\/","og_locale":"pt_BR","og_type":"article","og_title":"Bolsonaro volta a defender aux\u00edlio Brasil de R$ 400 ao lado de Paulo Guedes","og_description":"Em mais um gesto de confian\u00e7a no ministro da Economia, Paulo Guedes, o presidente Jair Bolsonaro esteve neste domingo visitando uma feira de p\u00e1ssaros em Bras\u00edlia e, junto com o ministro, concedeu entrevista \u00e0 imprensa. &#8220;Convidei o Paulo Guedes para conversar com voc\u00eas&#8221;, disse Bolsonaro no in\u00edcio da conversa, na qual falou sobre a situa\u00e7\u00e3o [&hellip;]","og_url":"https:\/\/www.suno.com.br\/noticias\/bolsonaro-volta-a-defender-auxilio-brasil-de-r-400-ao-lado-de-paulo-guedes\/","og_site_name":"Suno Not\u00edcias","article_publisher":"https:\/\/facebook.com\/sunoresearch","article_author":"https:\/\/www.facebook.com\/sunonoticias\/","og_image":[{"width":1200,"height":800,"url":"https:\/\/files.sunoresearch.com.br\/n\/uploads\/2021\/03\/aeccded5-jair-bolsonaro-foto-marcos-correa-pr.jpg","type":"image\/jpeg"}],"author":"Reda\u00e7\u00e3o Suno Not\u00edcias","twitter_card":"summary_large_image","twitter_creator":"@https:\/\/twitter.com\/sunoresearch","twitter_site":"@sunoresearch","twitter_misc":{"Escrito por":"Reda\u00e7\u00e3o Suno Not\u00edcias","Est. tempo de leitura":"2 minutos"},"schema":{"@context":"https:\/\/schema.org","@graph":[{"@type":"NewsArticle","@id":"https:\/\/www.suno.com.br\/noticias\/bolsonaro-volta-a-defender-auxilio-brasil-de-r-400-ao-lado-de-paulo-guedes\/#article","isPartOf":{"@id":"https:\/\/www.suno.com.br\/noticias\/bolsonaro-volta-a-defender-auxilio-brasil-de-r-400-ao-lado-de-paulo-guedes\/"},"author":{"name":"Reda\u00e7\u00e3o Suno Not\u00edcias","@id":"https:\/\/www.suno.com.br\/noticias\/#\/schema\/person\/c1b1bd3727fa852bd045e9dbff3673ea"},"headline":"Bolsonaro volta a defender aux\u00edlio Brasil de R$ 400 ao lado de Paulo Guedes","datePublished":"2021-10-24T17:01:48+00:00","dateModified":"2021-10-24T18:06:06+00:00","mainEntityOfPage":{"@id":"https:\/\/www.suno.com.br\/noticias\/bolsonaro-volta-a-defender-auxilio-brasil-de-r-400-ao-lado-de-paulo-guedes\/"},"wordCount":510,"publisher":{"@id":"https:\/\/www.suno.com.br\/noticias\/#organization"},"image":{"@id":"https:\/\/www.suno.com.br\/noticias\/bolsonaro-volta-a-defender-auxilio-brasil-de-r-400-ao-lado-de-paulo-guedes\/#primaryimage"},"thumbnailUrl":"https:\/\/files.sunoresearch.com.br\/n\/uploads\/2021\/03\/aeccded5-jair-bolsonaro-foto-marcos-correa-pr-jpg.webp","articleSection":["Pol\u00edtica"],"inLanguage":"pt-BR"},{"@type":"WebPage","@id":"https:\/\/www.suno.com.br\/noticias\/bolsonaro-volta-a-defender-auxilio-brasil-de-r-400-ao-lado-de-paulo-guedes\/","url":"https:\/\/www.suno.com.br\/noticias\/bolsonaro-volta-a-defender-auxilio-brasil-de-r-400-ao-lado-de-paulo-guedes\/","name":"Bolsonaro volta a defender aux\u00edlio Brasil de R$ 400 ao lado de Paulo Guedes","isPartOf":{"@id":"https:\/\/www.suno.com.br\/noticias\/#website"},"primaryImageOfPage":{"@id":"https:\/\/www.suno.com.br\/noticias\/bolsonaro-volta-a-defender-auxilio-brasil-de-r-400-ao-lado-de-paulo-guedes\/#primaryimage"},"image":{"@id":"https:\/\/www.suno.com.br\/noticias\/bolsonaro-volta-a-defender-auxilio-brasil-de-r-400-ao-lado-de-paulo-guedes\/#primaryimage"},"thumbnailUrl":"https:\/\/files.sunoresearch.com.br\/n\/uploads\/2021\/03\/aeccded5-jair-bolsonaro-foto-marcos-correa-pr-jpg.webp","datePublished":"2021-10-24T17:01:48+00:00","dateModified":"2021-10-24T18:06:06+00:00","breadcrumb":{"@id":"https:\/\/www.suno.com.br\/noticias\/bolsonaro-volta-a-defender-auxilio-brasil-de-r-400-ao-lado-de-paulo-guedes\/#breadcrumb"},"inLanguage":"pt-BR","potentialAction":[{"@type":"ReadAction","target":["https:\/\/www.suno.com.br\/noticias\/bolsonaro-volta-a-defender-auxilio-brasil-de-r-400-ao-lado-de-paulo-guedes\/"]}]},{"@type":"ImageObject","inLanguage":"pt-BR","@id":"https:\/\/www.suno.com.br\/noticias\/bolsonaro-volta-a-defender-auxilio-brasil-de-r-400-ao-lado-de-paulo-guedes\/#primaryimage","url":"https:\/\/files.sunoresearch.com.br\/n\/uploads\/2021\/03\/aeccded5-jair-bolsonaro-foto-marcos-correa-pr-jpg.webp","contentUrl":"https:\/\/files.sunoresearch.com.br\/n\/uploads\/2021\/03\/aeccded5-jair-bolsonaro-foto-marcos-correa-pr-jpg.webp","width":1200,"height":800,"caption":"Jair Bolsonaro: \"Tudo de ruim que acontece na Petrobras cai no meu colo. O que \u00e9 bom n\u00e3o cai nada em meu colo\", disse.. Foto: Marcos Corr\u00eaa PR"},{"@type":"BreadcrumbList","@id":"https:\/\/www.suno.com.br\/noticias\/bolsonaro-volta-a-defender-auxilio-brasil-de-r-400-ao-lado-de-paulo-guedes\/#breadcrumb","itemListElement":[{"@type":"ListItem","position":1,"name":"Not\u00edcias","item":"https:\/\/www.suno.com.br\/noticias\/"},{"@type":"ListItem","position":2,"name":"Pol\u00edtica","item":"https:\/\/www.suno.com.br\/noticias\/politica\/"},{"@type":"ListItem","position":3,"name":"Bolsonaro volta a defender aux\u00edlio Brasil de R$ 400 ao lado de Paulo Guedes"}]},{"@type":"WebSite","@id":"https:\/\/www.suno.com.br\/noticias\/#website","url":"https:\/\/www.suno.com.br\/noticias\/","name":"Suno Not\u00edcias","description":"Seu portal de informa\u00e7\u00e3o sobre o mundo dos investimentos","publisher":{"@id":"https:\/\/www.suno.com.br\/noticias\/#organization"},"potentialAction":[{"@type":"SearchAction","target":{"@type":"EntryPoint","urlTemplate":"https:\/\/www.suno.com.br\/noticias\/?s={search_term_string}"},"query-input":{"@type":"PropertyValueSpecification","valueRequired":true,"valueName":"search_term_string"}}],"inLanguage":"pt-BR"},{"@type":"Organization","@id":"https:\/\/www.suno.com.br\/noticias\/#organization","name":"Suno Not\u00edcias","url":"https:\/\/www.suno.com.br\/noticias\/","logo":{"@type":"ImageObject","inLanguage":"pt-BR","@id":"https:\/\/www.suno.com.br\/noticias\/#\/schema\/logo\/image\/","url":"https:\/\/files.sunoresearch.com.br\/n\/uploads\/2021\/09\/suno-logo.png","contentUrl":"https:\/\/files.sunoresearch.com.br\/n\/uploads\/2021\/09\/suno-logo.png","width":180,"height":180,"caption":"Suno Not\u00edcias"},"image":{"@id":"https:\/\/www.suno.com.br\/noticias\/#\/schema\/logo\/image\/"},"sameAs":["https:\/\/facebook.com\/sunoresearch","https:\/\/x.com\/sunoresearch","https:\/\/www.instagram.com\/suno","https:\/\/www.linkedin.com\/company\/suno-research\/","https:\/\/www.youtube.com\/c\/sunoresearch"]},{"@type":"Person","@id":"https:\/\/www.suno.com.br\/noticias\/#\/schema\/person\/c1b1bd3727fa852bd045e9dbff3673ea","name":"Reda\u00e7\u00e3o Suno Not\u00edcias","image":{"@type":"ImageObject","inLanguage":"pt-BR","@id":"https:\/\/www.suno.com.br\/noticias\/#\/schema\/person\/image\/","url":"https:\/\/secure.gravatar.com\/avatar\/b8104b9b5a71985d5238ee59fbe418af?s=96&r=g","contentUrl":"https:\/\/secure.gravatar.com\/avatar\/b8104b9b5a71985d5238ee59fbe418af?s=96&r=g","caption":"Reda\u00e7\u00e3o Suno Not\u00edcias"},"description":"O Suno Not\u00edcias \u00e9 um portal de informa\u00e7\u00f5es sobre Mercado Financeiro, Pol\u00edtica, Neg\u00f3cios, Economia e Finan\u00e7as Pessoais.","sameAs":["https:\/\/www.suno.com.br\/noticias","https:\/\/www.facebook.com\/sunonoticias\/","https:\/\/www.instagram.com\/sunonoticias\/","https:\/\/x.com\/https:\/\/twitter.com\/sunoresearch","https:\/\/www.youtube.com\/sunonoticias"],"url":"https:\/\/www.suno.com.br\/noticias\/author\/redacao-suno\/"}]}},"default_loop_html":"<div class=\"cardsPage__listCard__boxs\"><div class=\"cardsPage__listCard__boxs__img\"><a href=\"https:\/\/www.suno.com.br\/noticias\/bolsonaro-volta-a-defender-auxilio-brasil-de-r-400-ao-lado-de-paulo-guedes\/\"><img class=\"mask\" src=\"https:\/\/www.suno.com.br\/noticias\/wp-content\/themes\/suno\/resources\/images\/spotlight\/spotlight1img\/bg-mask.png\" alt=\"Image Mask\"\/><img src=\"https:\/\/files.sunoresearch.com.br\/n\/uploads\/2021\/03\/aeccded5-jair-bolsonaro-foto-marcos-correa-pr-400x200.webp\" alt=\"Bolsonaro volta a defender aux\u00edlio Brasil de R$ 400 ao lado de Paulo Guedes\"\/><\/a><span class=\"spotlightCategory\"><a href=\"https:\/\/www.suno.com.br\/noticias\/politica\/\">Pol\u00edtica<\/a><\/span><\/div><div class=\"cardsPage__listCard__boxs__content\"><a href=\"https:\/\/www.suno.com.br\/noticias\/bolsonaro-volta-a-defender-auxilio-brasil-de-r-400-ao-lado-de-paulo-guedes\/\"><h2 class=\"content__title\">Bolsonaro volta a defender aux\u00edlio Brasil de R$ 400 ao lado de Paulo Guedes<\/h2><\/a><div class=\"newsContent__article__meta\"><div class=\"newsContent__article__meta__authorBox\"><a href=\"https:\/\/www.suno.com.br\/noticias\/author\/redacao-suno\/\" class=\"authorBox__avatar noMobi\"><img src=\"https:\/\/files.sunoresearch.com.br\/n\/uploads\/2020\/08\/0ace682d-redacao-1-150x150.webp\" alt=\"Reda\u00e7\u00e3o Suno Not\u00edcias\"><\/a><div class=\"authorBox__name\"><span>por\n\t\t\t<a href=\"https:\/\/www.suno.com.br\/noticias\/author\/redacao-suno\/\"><span itemprop=\"author\">Reda\u00e7\u00e3o Suno Not\u00edcias<\/span><\/a><\/span><time datetime=\"2021-10-24T14:01:48-03:00\" itemprop=\"datePublished\">24\/10\/2021 14:01<\/time><\/div><\/div><\/div><\/div><\/div>","single_layout":"posts","amp_enabled":true,"_links":{"self":[{"href":"https:\/\/www.suno.com.br\/noticias\/wp-json\/wp\/v2\/posts\/196812"}],"collection":[{"href":"https:\/\/www.suno.com.br\/noticias\/wp-json\/wp\/v2\/posts"}],"about":[{"href":"https:\/\/www.suno.com.br\/noticias\/wp-json\/wp\/v2\/types\/post"}],"author":[{"embeddable":true,"href":"https:\/\/www.suno.com.br\/noticias\/wp-json\/wp\/v2\/users\/43"}],"replies":[{"embeddable":true,"href":"https:\/\/www.suno.com.br\/noticias\/wp-json\/wp\/v2\/comments?post=196812"}],"version-history":[{"count":2,"href":"https:\/\/www.suno.com.br\/noticias\/wp-json\/wp\/v2\/posts\/196812\/revisions"}],"predecessor-version":[{"id":196814,"href":"https:\/\/www.suno.com.br\/noticias\/wp-json\/wp\/v2\/posts\/196812\/revisions\/196814"}],"wp:featuredmedia":[{"embeddable":true,"href":"https:\/\/www.suno.com.br\/noticias\/wp-json\/wp\/v2\/media\/130360"}],"wp:attachment":[{"href":"https:\/\/www.suno.com.br\/noticias\/wp-json\/wp\/v2\/media?parent=196812"}],"wp:term":[{"taxonomy":"category","embeddable":true,"href":"https:\/\/www.suno.com.br\/noticias\/wp-json\/wp\/v2\/categories?post=196812"},{"taxonomy":"post_tag","embeddable":true,"href":"https:\/\/www.suno.com.br\/noticias\/wp-json\/wp\/v2\/tags?post=196812"},{"taxonomy":"suno_strategy","embeddable":true,"href":"https:\/\/www.suno.com.br\/noticias\/wp-json\/wp\/v2\/suno_strategy?post=196812"}],"curies":[{"name":"wp","href":"https:\/\/api.w.org\/{rel}","templated":true}]}}