{"id":196804,"date":"2021-10-24T13:56:09","date_gmt":"2021-10-24T16:56:09","guid":{"rendered":"https:\/\/www.suno.com.br\/noticias\/?p=196804"},"modified":"2021-10-24T13:56:09","modified_gmt":"2021-10-24T16:56:09","slug":"negociacao-sobre-venda-de-banco-monte-dei-paschi-esta-perto-de-colapso","status":"publish","type":"post","link":"https:\/\/www.suno.com.br\/noticias\/negociacao-sobre-venda-de-banco-monte-dei-paschi-esta-perto-de-colapso\/","title":{"rendered":"Negocia\u00e7\u00e3o sobre venda de banco Monte dei Paschi est\u00e1 perto de colapso"},"content":{"rendered":"<p>Ap\u00f3s um m\u00eas de negocia\u00e7\u00f5es entre o governo italiano e o banco <strong>UniCredit<\/strong> sobre a venda do banco nacionalizado <strong>Monte dei Paschi di Siena<\/strong>, as conversas est\u00e3o perto de desmoronar, segundo fontes a par do assunto. Conforme os interlocutores, as partes envolvidas podem anunciar o fim das negocia\u00e7\u00f5es ainda neste domingo.<\/p>\t<div class=\"wrapper-featured-image\">\n\t\t<figure class=\"spotlightImg\">\n\n\t\t\t<picture>\n\t\t\t\t<source media=\"(max-width: 768px)\" srcset=\"https:\/\/files.sunoresearch.com.br\/n\/uploads\/2021\/10\/Siena_-_Piazza_Salimbeni_-_panoramio-400x200.jpg\">\n\t\t\t\t<img loading=\"lazy\" decoding=\"async\" class=\"newsContent__article__imgCapa lazyloadDisabled \" src=\"https:\/\/files.sunoresearch.com.br\/n\/uploads\/2021\/10\/Siena_-_Piazza_Salimbeni_-_panoramio-800x450.jpg\" width=\"800\" height=\"450\" alt=\"Negocia\u00e7\u00e3o sobre venda de banco Monte dei Paschi est\u00e1 perto de colapso\" fetchpriority=high \/>\n\t\t\t<\/picture>\n\n\t\t\t<figcaption class=\"wp-caption-text wp-caption-text--show\">Monte dei Paschi di Siena. Foto: Nikolai Karaneschev<\/figcaption>\n\t\t<\/figure>\n\t<\/div>\n\n\n\t<p>\n\t\t<a href=\"https:\/\/lp.suno.com.br\/planilha-controle-gastos\/\" target=\"_blank\" data-element=\"shortcode-suno-banner\" title=\"Banner SUNO, clique e saiba mais\">\n\t\t\t<picture>\n\t\t\t\t<source media=\"(max-width: 500px)\" srcset=\"https:\/\/files.sunoresearch.com.br\/n\/uploads\/2023\/03\/400x300-Planilha-controle-de-gastos.png\">\n\t\t\t\t<img class=\"newsContent__article__imgCapa newsContent__article__imgCapa--banner\"\n\t\t\t\t\tsrc=\"https:\/\/files.sunoresearch.com.br\/n\/uploads\/2023\/03\/1420x240-Planilha-controle-de-gastos.png\"\n\t\t\t\t\tdata-promo-id=\"101751\"\t\t\t\t\t\t\t\t\t\twidth='1420' height='240'\t\t\t\t\talt=\"https:\/\/files.sunoresearch.com.br\/n\/uploads\/2023\/03\/1420x240-Planilha-controle-de-gastos.png\"\n\t\t\t\t>\n\t\t\t<\/picture>\n\t\t<\/a>\n\t<\/p>\n\n\n<p>A interrup\u00e7\u00e3o nas transa\u00e7\u00f5es seria um golpe para o governo liderado pelo ex-presidente do Banco Central Europeu, Mario Draghi, que precisa voltar a privatizar o banco at\u00e9 abril, dentro de um acordo firmado com autoridades europeias quando Roma resgatou o banco toscano, em 2017.<\/p>\n<p>O UniCredit entrou em negocia\u00e7\u00f5es exclusivas com o Tesouro italiano sobre o Monte dei Paschi neste ver\u00e3o europeu, concordando em negociar a compra apenas de algumas divis\u00f5es do banco, excluindo neg\u00f3cios como escrit\u00f3rios centrais, parte dos empr\u00e9stimos (todos os vencidos), e muitas filiais no sul da It\u00e1lia. O UniCredit pontuou na \u00e9poca que s\u00f3 buscaria um neg\u00f3cio que n\u00e3o tivesse impacto sobre sua posi\u00e7\u00e3o de capital e exigiu que fosse protegido de custos legais decorrentes de lit\u00edgios em andamento.<\/p>\n<p>Agora, as duas partes est\u00e3o em desacordo sobre o montante necess\u00e1rio para tornar o neg\u00f3cio palat\u00e1vel para o UniCredit. O banco com sede em Mil\u00e3o quer que o Tesouro italiano recapitalize o Monte dei Paschi em mais de 7 bilh\u00f5es de euros, o equivalente a US$ 8,15 bilh\u00f5es, para que o neg\u00f3cio seja concretizado, enquanto o Tesouro estaria disposto a pagar at\u00e9 5 bilh\u00f5es de euros, segundo um interlocutor pr\u00f3ximo \u00e0s discuss\u00f5es.<\/p>\n<p>Os recursos seriam necess\u00e1rios tamb\u00e9m para arcar com os custos da sa\u00edda de at\u00e9 7 mil funcion\u00e1rios do Monte dei Paschi, um ter\u00e7o da for\u00e7a de trabalho do banco.<\/p>\n<p>Embora as negocia\u00e7\u00f5es possam ser retomadas nos pr\u00f3ximos dias, alguns envolvidos disseram que, neste est\u00e1gio, a chance de o Tesouro e o UniCredit chegarem a um acordo \u00e9 quase nula.<\/p>\n<p>Draghi assumiu como primeiro-ministro este ano com a miss\u00e3o de reanimar a economia italiana, que quase n\u00e3o cresceu nas \u00faltimas duas d\u00e9cadas. Para tanto, est\u00e1 determinado a usar seu pouco tempo no poder &#8211; ele tem no m\u00e1ximo mais um ano e meio &#8211; para fazer mudan\u00e7as que considera estarem atrasadas, como reformas estruturais para modernizar a atividade econ\u00f4mica e decis\u00f5es como a venda do Monte dei Paschi.<\/p>\n\t<p>\n\t\t<a href=\"https:\/\/lp.suno.com.br\/planilha-da-vida-financeira\/\" target=\"_blank\" data-element=\"shortcode-suno-banner\" title=\"Banner SUNO, clique e saiba mais\">\n\t\t\t<picture>\n\t\t\t\t<source media=\"(max-width: 500px)\" srcset=\"https:\/\/files.sunoresearch.com.br\/n\/uploads\/2023\/04\/400x300-Planilha-vida-financeira-true.png\">\n\t\t\t\t<img class=\"newsContent__article__imgCapa newsContent__article__imgCapa--banner\"\n\t\t\t\t\tsrc=\"https:\/\/files.sunoresearch.com.br\/n\/uploads\/2023\/04\/1420x240-Planilha-vida-financeira-true.png\"\n\t\t\t\t\tdata-promo-id=\"106682\"\t\t\t\t\t\t\t\t\t\twidth='1420' height='240'\t\t\t\t\talt=\"https:\/\/files.sunoresearch.com.br\/n\/uploads\/2023\/04\/1420x240-Planilha-vida-financeira-true.png\"\n\t\t\t\t>\n\t\t\t<\/picture>\n\t\t<\/a>\n\t<\/p>\n\n\n<p>Muitos pol\u00edticos italianos reclamaram que os termos solicitados pelo UniCredit resultariam em uma &#8220;liquida\u00e7\u00e3o&#8221; do banco com sede em Siena, a um custo excessivo para o governo italiano. O colapso das negocia\u00e7\u00f5es com o UniCredit, contudo, deixar\u00e1 o governo italiano com pouco tempo para encontrar uma solu\u00e7\u00e3o. O UniCredit foi a \u00fanica institui\u00e7\u00e3o financeira que considerou de fato a compra do Monte dei Paschi at\u00e9 agora.<\/p>\n<p>O Monte dei Paschi, fundado em 1472 durante o Renascimento italiano, tem trazido problemas ao sistema financeiro do pa\u00eds h\u00e1 mais de dez anos. Neste per\u00edodo, sofreu com inadimpl\u00eancia, falta de lucratividade, um esc\u00e2ndalo jur\u00eddico que manchou sua reputa\u00e7\u00e3o e uma aquisi\u00e7\u00e3o cara e malsucedida de um banco italiano rival.<\/p>\n<p>A institui\u00e7\u00e3o j\u00e1 foi o terceiro maior banco da It\u00e1lia, mas desde 2014, quando colocada \u00e0 venda, n\u00e3o conseguiu encontrar pretendente. Ap\u00f3s chegar perto da fal\u00eancia, o governo italiano interveio para nacionaliz\u00e1-lo, gastando 5,4 bilh\u00f5es de euros ou mais de US$ 6 bilh\u00f5es na \u00e9poca, prometendo aos reguladores europeus que o revenderia no in\u00edcio de 2022.<\/p>\n<p><i>(Com Dow Jones Newswires)<\/i><\/p>\n\t<p>\n\t\t<a href=\"https:\/\/lp.suno.com.br\/ebook-como-analisar-uma-acao\/\" target=\"_blank\" data-element=\"shortcode-suno-banner\" title=\"Banner SUNO, clique e saiba mais\">\n\t\t\t<picture>\n\t\t\t\t<source media=\"(max-width: 500px)\" srcset=\"https:\/\/files.sunoresearch.com.br\/n\/uploads\/2023\/03\/Ebook-Acoes-Mobile-1.jpg\">\n\t\t\t\t<img class=\"newsContent__article__imgCapa newsContent__article__imgCapa--banner\"\n\t\t\t\t\tsrc=\"https:\/\/files.sunoresearch.com.br\/n\/uploads\/2023\/03\/Ebook-Acoes-Desktop-1.jpg\"\n\t\t\t\t\tdata-promo-id=\"171998\"\t\t\t\t\t\t\t\t\t\twidth='1420' height='286'\t\t\t\t\talt=\"https:\/\/files.sunoresearch.com.br\/n\/uploads\/2023\/03\/Ebook-Acoes-Desktop-1.jpg\"\n\t\t\t\t>\n\t\t\t<\/picture>\n\t\t<\/a>\n\t<\/p>\n\n\n","protected":false},"excerpt":{"rendered":"<p>Ap\u00f3s um m\u00eas de negocia\u00e7\u00f5es entre o governo italiano e o banco UniCredit sobre a venda do banco nacionalizado Monte dei Paschi di Siena, as conversas est\u00e3o perto de desmoronar, segundo fontes a par do assunto. Conforme os interlocutores, as partes envolvidas podem anunciar o fim das negocia\u00e7\u00f5es ainda neste domingo. Monte dei Paschi di [&hellip;]<\/p>\n","protected":false},"author":43,"featured_media":196810,"comment_status":"closed","ping_status":"closed","sticky":false,"template":"","format":"standard","meta":[],"categories":[64],"tags":[],"suno_strategy":[],"class_list":["post-196804","post","type-post","status-publish","format-standard","has-post-thumbnail","hentry","category-negocios"],"yoast_head":"<!-- This site is optimized with the Yoast SEO plugin v24.4 - https:\/\/yoast.com\/wordpress\/plugins\/seo\/ -->\n<title>Negocia\u00e7\u00e3o sobre venda de banco Monte dei Paschi est\u00e1 perto de colapso<\/title>\n<meta name=\"robots\" content=\"index, follow, max-snippet:-1, max-image-preview:large, max-video-preview:-1\" \/>\n<link rel=\"canonical\" href=\"https:\/\/www.suno.com.br\/noticias\/negociacao-sobre-venda-de-banco-monte-dei-paschi-esta-perto-de-colapso\/\" \/>\n<meta property=\"og:locale\" content=\"pt_BR\" \/>\n<meta property=\"og:type\" content=\"article\" \/>\n<meta property=\"og:title\" content=\"Negocia\u00e7\u00e3o sobre venda de banco Monte dei Paschi est\u00e1 perto de colapso\" \/>\n<meta property=\"og:description\" content=\"Ap\u00f3s um m\u00eas de negocia\u00e7\u00f5es entre o governo italiano e o banco UniCredit sobre a venda do banco nacionalizado Monte dei Paschi di Siena, as conversas est\u00e3o perto de desmoronar, segundo fontes a par do assunto. Conforme os interlocutores, as partes envolvidas podem anunciar o fim das negocia\u00e7\u00f5es ainda neste domingo. Monte dei Paschi di [&hellip;]\" \/>\n<meta property=\"og:url\" content=\"https:\/\/www.suno.com.br\/noticias\/negociacao-sobre-venda-de-banco-monte-dei-paschi-esta-perto-de-colapso\/\" \/>\n<meta property=\"og:site_name\" content=\"Suno Not\u00edcias\" \/>\n<meta property=\"article:publisher\" content=\"https:\/\/facebook.com\/sunoresearch\" \/>\n<meta property=\"article:author\" content=\"https:\/\/www.facebook.com\/sunonoticias\/\" \/>\n<meta property=\"og:image\" content=\"https:\/\/files.sunoresearch.com.br\/n\/uploads\/2021\/10\/Siena_-_Piazza_Salimbeni_-_panoramio.jpg\" \/>\n\t<meta property=\"og:image:width\" content=\"1280\" \/>\n\t<meta property=\"og:image:height\" content=\"853\" \/>\n\t<meta property=\"og:image:type\" content=\"image\/jpeg\" \/>\n<meta name=\"author\" content=\"Reda\u00e7\u00e3o Suno Not\u00edcias\" \/>\n<meta name=\"twitter:card\" content=\"summary_large_image\" \/>\n<meta name=\"twitter:creator\" content=\"@https:\/\/twitter.com\/sunoresearch\" \/>\n<meta name=\"twitter:site\" content=\"@sunoresearch\" \/>\n<meta name=\"twitter:label1\" content=\"Escrito por\" \/>\n\t<meta name=\"twitter:data1\" content=\"Reda\u00e7\u00e3o Suno Not\u00edcias\" \/>\n\t<meta name=\"twitter:label2\" content=\"Est. tempo de leitura\" \/>\n\t<meta name=\"twitter:data2\" content=\"3 minutos\" \/>\n<script type=\"application\/ld+json\" class=\"yoast-schema-graph\">{\"@context\":\"https:\/\/schema.org\",\"@graph\":[{\"@type\":\"NewsArticle\",\"@id\":\"https:\/\/www.suno.com.br\/noticias\/negociacao-sobre-venda-de-banco-monte-dei-paschi-esta-perto-de-colapso\/#article\",\"isPartOf\":{\"@id\":\"https:\/\/www.suno.com.br\/noticias\/negociacao-sobre-venda-de-banco-monte-dei-paschi-esta-perto-de-colapso\/\"},\"author\":{\"name\":\"Reda\u00e7\u00e3o Suno Not\u00edcias\",\"@id\":\"https:\/\/www.suno.com.br\/noticias\/#\/schema\/person\/c1b1bd3727fa852bd045e9dbff3673ea\"},\"headline\":\"Negocia\u00e7\u00e3o sobre venda de banco Monte dei Paschi est\u00e1 perto de colapso\",\"datePublished\":\"2021-10-24T16:56:09+00:00\",\"mainEntityOfPage\":{\"@id\":\"https:\/\/www.suno.com.br\/noticias\/negociacao-sobre-venda-de-banco-monte-dei-paschi-esta-perto-de-colapso\/\"},\"wordCount\":625,\"publisher\":{\"@id\":\"https:\/\/www.suno.com.br\/noticias\/#organization\"},\"image\":{\"@id\":\"https:\/\/www.suno.com.br\/noticias\/negociacao-sobre-venda-de-banco-monte-dei-paschi-esta-perto-de-colapso\/#primaryimage\"},\"thumbnailUrl\":\"https:\/\/files.sunoresearch.com.br\/n\/uploads\/2021\/10\/Siena_-_Piazza_Salimbeni_-_panoramio.jpg\",\"articleSection\":[\"Neg\u00f3cios\"],\"inLanguage\":\"pt-BR\"},{\"@type\":\"WebPage\",\"@id\":\"https:\/\/www.suno.com.br\/noticias\/negociacao-sobre-venda-de-banco-monte-dei-paschi-esta-perto-de-colapso\/\",\"url\":\"https:\/\/www.suno.com.br\/noticias\/negociacao-sobre-venda-de-banco-monte-dei-paschi-esta-perto-de-colapso\/\",\"name\":\"Negocia\u00e7\u00e3o sobre venda de banco Monte dei Paschi est\u00e1 perto de colapso\",\"isPartOf\":{\"@id\":\"https:\/\/www.suno.com.br\/noticias\/#website\"},\"primaryImageOfPage\":{\"@id\":\"https:\/\/www.suno.com.br\/noticias\/negociacao-sobre-venda-de-banco-monte-dei-paschi-esta-perto-de-colapso\/#primaryimage\"},\"image\":{\"@id\":\"https:\/\/www.suno.com.br\/noticias\/negociacao-sobre-venda-de-banco-monte-dei-paschi-esta-perto-de-colapso\/#primaryimage\"},\"thumbnailUrl\":\"https:\/\/files.sunoresearch.com.br\/n\/uploads\/2021\/10\/Siena_-_Piazza_Salimbeni_-_panoramio.jpg\",\"datePublished\":\"2021-10-24T16:56:09+00:00\",\"breadcrumb\":{\"@id\":\"https:\/\/www.suno.com.br\/noticias\/negociacao-sobre-venda-de-banco-monte-dei-paschi-esta-perto-de-colapso\/#breadcrumb\"},\"inLanguage\":\"pt-BR\",\"potentialAction\":[{\"@type\":\"ReadAction\",\"target\":[\"https:\/\/www.suno.com.br\/noticias\/negociacao-sobre-venda-de-banco-monte-dei-paschi-esta-perto-de-colapso\/\"]}]},{\"@type\":\"ImageObject\",\"inLanguage\":\"pt-BR\",\"@id\":\"https:\/\/www.suno.com.br\/noticias\/negociacao-sobre-venda-de-banco-monte-dei-paschi-esta-perto-de-colapso\/#primaryimage\",\"url\":\"https:\/\/files.sunoresearch.com.br\/n\/uploads\/2021\/10\/Siena_-_Piazza_Salimbeni_-_panoramio.jpg\",\"contentUrl\":\"https:\/\/files.sunoresearch.com.br\/n\/uploads\/2021\/10\/Siena_-_Piazza_Salimbeni_-_panoramio.jpg\",\"width\":1280,\"height\":853,\"caption\":\"Monte dei Paschi di Siena. Foto: Nikolai Karaneschev\"},{\"@type\":\"BreadcrumbList\",\"@id\":\"https:\/\/www.suno.com.br\/noticias\/negociacao-sobre-venda-de-banco-monte-dei-paschi-esta-perto-de-colapso\/#breadcrumb\",\"itemListElement\":[{\"@type\":\"ListItem\",\"position\":1,\"name\":\"Not\u00edcias\",\"item\":\"https:\/\/www.suno.com.br\/noticias\/\"},{\"@type\":\"ListItem\",\"position\":2,\"name\":\"Neg\u00f3cios\",\"item\":\"https:\/\/www.suno.com.br\/noticias\/negocios\/\"},{\"@type\":\"ListItem\",\"position\":3,\"name\":\"Negocia\u00e7\u00e3o sobre venda de banco Monte dei Paschi est\u00e1 perto de colapso\"}]},{\"@type\":\"WebSite\",\"@id\":\"https:\/\/www.suno.com.br\/noticias\/#website\",\"url\":\"https:\/\/www.suno.com.br\/noticias\/\",\"name\":\"Suno Not\u00edcias\",\"description\":\"Seu portal de informa\u00e7\u00e3o sobre o mundo dos investimentos\",\"publisher\":{\"@id\":\"https:\/\/www.suno.com.br\/noticias\/#organization\"},\"potentialAction\":[{\"@type\":\"SearchAction\",\"target\":{\"@type\":\"EntryPoint\",\"urlTemplate\":\"https:\/\/www.suno.com.br\/noticias\/?s={search_term_string}\"},\"query-input\":{\"@type\":\"PropertyValueSpecification\",\"valueRequired\":true,\"valueName\":\"search_term_string\"}}],\"inLanguage\":\"pt-BR\"},{\"@type\":\"Organization\",\"@id\":\"https:\/\/www.suno.com.br\/noticias\/#organization\",\"name\":\"Suno Not\u00edcias\",\"url\":\"https:\/\/www.suno.com.br\/noticias\/\",\"logo\":{\"@type\":\"ImageObject\",\"inLanguage\":\"pt-BR\",\"@id\":\"https:\/\/www.suno.com.br\/noticias\/#\/schema\/logo\/image\/\",\"url\":\"https:\/\/files.sunoresearch.com.br\/n\/uploads\/2021\/09\/suno-logo.png\",\"contentUrl\":\"https:\/\/files.sunoresearch.com.br\/n\/uploads\/2021\/09\/suno-logo.png\",\"width\":180,\"height\":180,\"caption\":\"Suno Not\u00edcias\"},\"image\":{\"@id\":\"https:\/\/www.suno.com.br\/noticias\/#\/schema\/logo\/image\/\"},\"sameAs\":[\"https:\/\/facebook.com\/sunoresearch\",\"https:\/\/x.com\/sunoresearch\",\"https:\/\/www.instagram.com\/suno\",\"https:\/\/www.linkedin.com\/company\/suno-research\/\",\"https:\/\/www.youtube.com\/c\/sunoresearch\"]},{\"@type\":\"Person\",\"@id\":\"https:\/\/www.suno.com.br\/noticias\/#\/schema\/person\/c1b1bd3727fa852bd045e9dbff3673ea\",\"name\":\"Reda\u00e7\u00e3o Suno Not\u00edcias\",\"image\":{\"@type\":\"ImageObject\",\"inLanguage\":\"pt-BR\",\"@id\":\"https:\/\/www.suno.com.br\/noticias\/#\/schema\/person\/image\/\",\"url\":\"https:\/\/secure.gravatar.com\/avatar\/b8104b9b5a71985d5238ee59fbe418af?s=96&r=g\",\"contentUrl\":\"https:\/\/secure.gravatar.com\/avatar\/b8104b9b5a71985d5238ee59fbe418af?s=96&r=g\",\"caption\":\"Reda\u00e7\u00e3o Suno Not\u00edcias\"},\"description\":\"O Suno Not\u00edcias \u00e9 um portal de informa\u00e7\u00f5es sobre Mercado Financeiro, Pol\u00edtica, Neg\u00f3cios, Economia e Finan\u00e7as Pessoais.\",\"sameAs\":[\"https:\/\/www.suno.com.br\/noticias\",\"https:\/\/www.facebook.com\/sunonoticias\/\",\"https:\/\/www.instagram.com\/sunonoticias\/\",\"https:\/\/x.com\/https:\/\/twitter.com\/sunoresearch\",\"https:\/\/www.youtube.com\/sunonoticias\"],\"url\":\"https:\/\/www.suno.com.br\/noticias\/author\/redacao-suno\/\"}]}<\/script>\n<!-- \/ Yoast SEO plugin. -->","yoast_head_json":{"title":"Negocia\u00e7\u00e3o sobre venda de banco Monte dei Paschi est\u00e1 perto de colapso","robots":{"index":"index","follow":"follow","max-snippet":"max-snippet:-1","max-image-preview":"max-image-preview:large","max-video-preview":"max-video-preview:-1"},"canonical":"https:\/\/www.suno.com.br\/noticias\/negociacao-sobre-venda-de-banco-monte-dei-paschi-esta-perto-de-colapso\/","og_locale":"pt_BR","og_type":"article","og_title":"Negocia\u00e7\u00e3o sobre venda de banco Monte dei Paschi est\u00e1 perto de colapso","og_description":"Ap\u00f3s um m\u00eas de negocia\u00e7\u00f5es entre o governo italiano e o banco UniCredit sobre a venda do banco nacionalizado Monte dei Paschi di Siena, as conversas est\u00e3o perto de desmoronar, segundo fontes a par do assunto. Conforme os interlocutores, as partes envolvidas podem anunciar o fim das negocia\u00e7\u00f5es ainda neste domingo. Monte dei Paschi di [&hellip;]","og_url":"https:\/\/www.suno.com.br\/noticias\/negociacao-sobre-venda-de-banco-monte-dei-paschi-esta-perto-de-colapso\/","og_site_name":"Suno Not\u00edcias","article_publisher":"https:\/\/facebook.com\/sunoresearch","article_author":"https:\/\/www.facebook.com\/sunonoticias\/","og_image":[{"width":1280,"height":853,"url":"https:\/\/files.sunoresearch.com.br\/n\/uploads\/2021\/10\/Siena_-_Piazza_Salimbeni_-_panoramio.jpg","type":"image\/jpeg"}],"author":"Reda\u00e7\u00e3o Suno Not\u00edcias","twitter_card":"summary_large_image","twitter_creator":"@https:\/\/twitter.com\/sunoresearch","twitter_site":"@sunoresearch","twitter_misc":{"Escrito por":"Reda\u00e7\u00e3o Suno Not\u00edcias","Est. tempo de leitura":"3 minutos"},"schema":{"@context":"https:\/\/schema.org","@graph":[{"@type":"NewsArticle","@id":"https:\/\/www.suno.com.br\/noticias\/negociacao-sobre-venda-de-banco-monte-dei-paschi-esta-perto-de-colapso\/#article","isPartOf":{"@id":"https:\/\/www.suno.com.br\/noticias\/negociacao-sobre-venda-de-banco-monte-dei-paschi-esta-perto-de-colapso\/"},"author":{"name":"Reda\u00e7\u00e3o Suno Not\u00edcias","@id":"https:\/\/www.suno.com.br\/noticias\/#\/schema\/person\/c1b1bd3727fa852bd045e9dbff3673ea"},"headline":"Negocia\u00e7\u00e3o sobre venda de banco Monte dei Paschi est\u00e1 perto de colapso","datePublished":"2021-10-24T16:56:09+00:00","mainEntityOfPage":{"@id":"https:\/\/www.suno.com.br\/noticias\/negociacao-sobre-venda-de-banco-monte-dei-paschi-esta-perto-de-colapso\/"},"wordCount":625,"publisher":{"@id":"https:\/\/www.suno.com.br\/noticias\/#organization"},"image":{"@id":"https:\/\/www.suno.com.br\/noticias\/negociacao-sobre-venda-de-banco-monte-dei-paschi-esta-perto-de-colapso\/#primaryimage"},"thumbnailUrl":"https:\/\/files.sunoresearch.com.br\/n\/uploads\/2021\/10\/Siena_-_Piazza_Salimbeni_-_panoramio.jpg","articleSection":["Neg\u00f3cios"],"inLanguage":"pt-BR"},{"@type":"WebPage","@id":"https:\/\/www.suno.com.br\/noticias\/negociacao-sobre-venda-de-banco-monte-dei-paschi-esta-perto-de-colapso\/","url":"https:\/\/www.suno.com.br\/noticias\/negociacao-sobre-venda-de-banco-monte-dei-paschi-esta-perto-de-colapso\/","name":"Negocia\u00e7\u00e3o sobre venda de banco Monte dei Paschi est\u00e1 perto de colapso","isPartOf":{"@id":"https:\/\/www.suno.com.br\/noticias\/#website"},"primaryImageOfPage":{"@id":"https:\/\/www.suno.com.br\/noticias\/negociacao-sobre-venda-de-banco-monte-dei-paschi-esta-perto-de-colapso\/#primaryimage"},"image":{"@id":"https:\/\/www.suno.com.br\/noticias\/negociacao-sobre-venda-de-banco-monte-dei-paschi-esta-perto-de-colapso\/#primaryimage"},"thumbnailUrl":"https:\/\/files.sunoresearch.com.br\/n\/uploads\/2021\/10\/Siena_-_Piazza_Salimbeni_-_panoramio.jpg","datePublished":"2021-10-24T16:56:09+00:00","breadcrumb":{"@id":"https:\/\/www.suno.com.br\/noticias\/negociacao-sobre-venda-de-banco-monte-dei-paschi-esta-perto-de-colapso\/#breadcrumb"},"inLanguage":"pt-BR","potentialAction":[{"@type":"ReadAction","target":["https:\/\/www.suno.com.br\/noticias\/negociacao-sobre-venda-de-banco-monte-dei-paschi-esta-perto-de-colapso\/"]}]},{"@type":"ImageObject","inLanguage":"pt-BR","@id":"https:\/\/www.suno.com.br\/noticias\/negociacao-sobre-venda-de-banco-monte-dei-paschi-esta-perto-de-colapso\/#primaryimage","url":"https:\/\/files.sunoresearch.com.br\/n\/uploads\/2021\/10\/Siena_-_Piazza_Salimbeni_-_panoramio.jpg","contentUrl":"https:\/\/files.sunoresearch.com.br\/n\/uploads\/2021\/10\/Siena_-_Piazza_Salimbeni_-_panoramio.jpg","width":1280,"height":853,"caption":"Monte dei Paschi di Siena. Foto: Nikolai Karaneschev"},{"@type":"BreadcrumbList","@id":"https:\/\/www.suno.com.br\/noticias\/negociacao-sobre-venda-de-banco-monte-dei-paschi-esta-perto-de-colapso\/#breadcrumb","itemListElement":[{"@type":"ListItem","position":1,"name":"Not\u00edcias","item":"https:\/\/www.suno.com.br\/noticias\/"},{"@type":"ListItem","position":2,"name":"Neg\u00f3cios","item":"https:\/\/www.suno.com.br\/noticias\/negocios\/"},{"@type":"ListItem","position":3,"name":"Negocia\u00e7\u00e3o sobre venda de banco Monte dei Paschi est\u00e1 perto de colapso"}]},{"@type":"WebSite","@id":"https:\/\/www.suno.com.br\/noticias\/#website","url":"https:\/\/www.suno.com.br\/noticias\/","name":"Suno Not\u00edcias","description":"Seu portal de informa\u00e7\u00e3o sobre o mundo dos investimentos","publisher":{"@id":"https:\/\/www.suno.com.br\/noticias\/#organization"},"potentialAction":[{"@type":"SearchAction","target":{"@type":"EntryPoint","urlTemplate":"https:\/\/www.suno.com.br\/noticias\/?s={search_term_string}"},"query-input":{"@type":"PropertyValueSpecification","valueRequired":true,"valueName":"search_term_string"}}],"inLanguage":"pt-BR"},{"@type":"Organization","@id":"https:\/\/www.suno.com.br\/noticias\/#organization","name":"Suno Not\u00edcias","url":"https:\/\/www.suno.com.br\/noticias\/","logo":{"@type":"ImageObject","inLanguage":"pt-BR","@id":"https:\/\/www.suno.com.br\/noticias\/#\/schema\/logo\/image\/","url":"https:\/\/files.sunoresearch.com.br\/n\/uploads\/2021\/09\/suno-logo.png","contentUrl":"https:\/\/files.sunoresearch.com.br\/n\/uploads\/2021\/09\/suno-logo.png","width":180,"height":180,"caption":"Suno Not\u00edcias"},"image":{"@id":"https:\/\/www.suno.com.br\/noticias\/#\/schema\/logo\/image\/"},"sameAs":["https:\/\/facebook.com\/sunoresearch","https:\/\/x.com\/sunoresearch","https:\/\/www.instagram.com\/suno","https:\/\/www.linkedin.com\/company\/suno-research\/","https:\/\/www.youtube.com\/c\/sunoresearch"]},{"@type":"Person","@id":"https:\/\/www.suno.com.br\/noticias\/#\/schema\/person\/c1b1bd3727fa852bd045e9dbff3673ea","name":"Reda\u00e7\u00e3o Suno Not\u00edcias","image":{"@type":"ImageObject","inLanguage":"pt-BR","@id":"https:\/\/www.suno.com.br\/noticias\/#\/schema\/person\/image\/","url":"https:\/\/secure.gravatar.com\/avatar\/b8104b9b5a71985d5238ee59fbe418af?s=96&r=g","contentUrl":"https:\/\/secure.gravatar.com\/avatar\/b8104b9b5a71985d5238ee59fbe418af?s=96&r=g","caption":"Reda\u00e7\u00e3o Suno Not\u00edcias"},"description":"O Suno Not\u00edcias \u00e9 um portal de informa\u00e7\u00f5es sobre Mercado Financeiro, Pol\u00edtica, Neg\u00f3cios, Economia e Finan\u00e7as Pessoais.","sameAs":["https:\/\/www.suno.com.br\/noticias","https:\/\/www.facebook.com\/sunonoticias\/","https:\/\/www.instagram.com\/sunonoticias\/","https:\/\/x.com\/https:\/\/twitter.com\/sunoresearch","https:\/\/www.youtube.com\/sunonoticias"],"url":"https:\/\/www.suno.com.br\/noticias\/author\/redacao-suno\/"}]}},"default_loop_html":"<div class=\"cardsPage__listCard__boxs\"><div class=\"cardsPage__listCard__boxs__img\"><a href=\"https:\/\/www.suno.com.br\/noticias\/negociacao-sobre-venda-de-banco-monte-dei-paschi-esta-perto-de-colapso\/\"><img class=\"mask\" src=\"https:\/\/www.suno.com.br\/noticias\/wp-content\/themes\/suno\/resources\/images\/spotlight\/spotlight1img\/bg-mask.png\" alt=\"Image Mask\"\/><img src=\"https:\/\/files.sunoresearch.com.br\/n\/uploads\/2021\/10\/Siena_-_Piazza_Salimbeni_-_panoramio-400x200.jpg\" alt=\"Negocia\u00e7\u00e3o sobre venda de banco Monte dei Paschi est\u00e1 perto de colapso\"\/><\/a><span class=\"spotlightCategory\"><a href=\"https:\/\/www.suno.com.br\/noticias\/negocios\/\">Neg\u00f3cios<\/a><\/span><\/div><div class=\"cardsPage__listCard__boxs__content\"><a href=\"https:\/\/www.suno.com.br\/noticias\/negociacao-sobre-venda-de-banco-monte-dei-paschi-esta-perto-de-colapso\/\"><h2 class=\"content__title\">Negocia\u00e7\u00e3o sobre venda de banco Monte dei Paschi est\u00e1 perto de colapso<\/h2><\/a><div class=\"newsContent__article__meta\"><div class=\"newsContent__article__meta__authorBox\"><a href=\"https:\/\/www.suno.com.br\/noticias\/author\/redacao-suno\/\" class=\"authorBox__avatar noMobi\"><img src=\"https:\/\/files.sunoresearch.com.br\/n\/uploads\/2020\/08\/0ace682d-redacao-1-150x150.webp\" alt=\"Reda\u00e7\u00e3o Suno Not\u00edcias\"><\/a><div class=\"authorBox__name\"><span>por\n\t\t\t<a href=\"https:\/\/www.suno.com.br\/noticias\/author\/redacao-suno\/\"><span itemprop=\"author\">Reda\u00e7\u00e3o Suno Not\u00edcias<\/span><\/a><\/span><time datetime=\"2021-10-24T13:56:09-03:00\" itemprop=\"datePublished\">24\/10\/2021 13:56<\/time><\/div><\/div><\/div><\/div><\/div>","single_layout":"posts","amp_enabled":true,"_links":{"self":[{"href":"https:\/\/www.suno.com.br\/noticias\/wp-json\/wp\/v2\/posts\/196804"}],"collection":[{"href":"https:\/\/www.suno.com.br\/noticias\/wp-json\/wp\/v2\/posts"}],"about":[{"href":"https:\/\/www.suno.com.br\/noticias\/wp-json\/wp\/v2\/types\/post"}],"author":[{"embeddable":true,"href":"https:\/\/www.suno.com.br\/noticias\/wp-json\/wp\/v2\/users\/43"}],"replies":[{"embeddable":true,"href":"https:\/\/www.suno.com.br\/noticias\/wp-json\/wp\/v2\/comments?post=196804"}],"version-history":[{"count":2,"href":"https:\/\/www.suno.com.br\/noticias\/wp-json\/wp\/v2\/posts\/196804\/revisions"}],"predecessor-version":[{"id":196811,"href":"https:\/\/www.suno.com.br\/noticias\/wp-json\/wp\/v2\/posts\/196804\/revisions\/196811"}],"wp:featuredmedia":[{"embeddable":true,"href":"https:\/\/www.suno.com.br\/noticias\/wp-json\/wp\/v2\/media\/196810"}],"wp:attachment":[{"href":"https:\/\/www.suno.com.br\/noticias\/wp-json\/wp\/v2\/media?parent=196804"}],"wp:term":[{"taxonomy":"category","embeddable":true,"href":"https:\/\/www.suno.com.br\/noticias\/wp-json\/wp\/v2\/categories?post=196804"},{"taxonomy":"post_tag","embeddable":true,"href":"https:\/\/www.suno.com.br\/noticias\/wp-json\/wp\/v2\/tags?post=196804"},{"taxonomy":"suno_strategy","embeddable":true,"href":"https:\/\/www.suno.com.br\/noticias\/wp-json\/wp\/v2\/suno_strategy?post=196804"}],"curies":[{"name":"wp","href":"https:\/\/api.w.org\/{rel}","templated":true}]}}