{"id":196759,"date":"2021-10-23T16:41:52","date_gmt":"2021-10-23T19:41:52","guid":{"rendered":"https:\/\/www.suno.com.br\/noticias\/?p=196759"},"modified":"2021-10-23T16:41:52","modified_gmt":"2021-10-23T19:41:52","slug":"ibovespa-quedas-banco-inter-bidi4-bidi11-meliuz-cash3-eztec-azul","status":"publish","type":"post","link":"https:\/\/www.suno.com.br\/noticias\/ibovespa-quedas-banco-inter-bidi4-bidi11-meliuz-cash3-eztec-azul\/","title":{"rendered":"Ibovespa: Banco Inter (BIDI4; BIDI11) e M\u00e9liuz (CASH3) t\u00eam maiores quedas da semana"},"content":{"rendered":"<p>Essa foi uma das piores semana para o Ibovespa no ano. o Banco Inter (BIDI4; BIDI11) liderou duas posi\u00e7\u00f5es entre as maiores quedas da semana, acompanhado mais uma vez pelo <a class=\"suno-keyword\" href=\"https:\/\/www.suno.com.br\/acoes\/CASH3\/\" target=\"_blank\" rel=\"noopener\" data-force=\"yes\" data-priority=\"2\">M\u00e9liuz (CASH3)<\/a>. A <a class=\"suno-keyword\" href=\"https:\/\/www.suno.com.br\/acoes\/EZTC3\/\" target=\"_blank\" rel=\"noopener\" data-force=\"yes\" data-priority=\"2\">Eztec (EZTC3)<\/a> tamb\u00e9m apareceu ap\u00f3s divulga\u00e7\u00e3o de pr\u00e9via operacional fraca. A <a class=\"suno-keyword\" href=\"https:\/\/www.suno.com.br\/acoes\/AZUL4\/\" target=\"_blank\" rel=\"noopener\" data-force=\"yes\" data-priority=\"2\">Azul (AZUL4)<\/a> acompanha not\u00edcias negativas do setor a\u00e9reo.<\/p>\t<div class=\"wrapper-featured-image\">\n\t\t<figure class=\"spotlightImg\">\n\n\t\t\t<picture>\n\t\t\t\t<source media=\"(max-width: 768px)\" srcset=\"https:\/\/files.sunoresearch.com.br\/n\/uploads\/2020\/11\/d1eb6bcb-fachada-nova_banco-inter_social-15-400x200.webp\">\n\t\t\t\t<img loading=\"lazy\" decoding=\"async\" class=\"newsContent__article__imgCapa lazyloadDisabled \" src=\"https:\/\/files.sunoresearch.com.br\/n\/uploads\/2020\/11\/d1eb6bcb-fachada-nova_banco-inter_social-15-800x450.webp\" width=\"800\" height=\"450\" alt=\"Ibovespa: Banco Inter (BIDI4; BIDI11) e M\u00e9liuz (CASH3) t\u00eam maiores quedas da semana\" fetchpriority=high \/>\n\t\t\t<\/picture>\n\n\t\t\t<figcaption class=\"wp-caption-text wp-caption-text--show\">Banco Inter - Foto: Divulga\u00e7\u00e3o<\/figcaption>\n\t\t<\/figure>\n\t<\/div>\n\n\n\t<p>\n\t\t<a href=\"https:\/\/lp.suno.com.br\/planilha-controle-gastos\/\" target=\"_blank\" data-element=\"shortcode-suno-banner\" title=\"Banner SUNO, clique e saiba mais\">\n\t\t\t<picture>\n\t\t\t\t<source media=\"(max-width: 500px)\" srcset=\"https:\/\/files.sunoresearch.com.br\/n\/uploads\/2023\/03\/400x300-Planilha-controle-de-gastos.png\">\n\t\t\t\t<img class=\"newsContent__article__imgCapa newsContent__article__imgCapa--banner\"\n\t\t\t\t\tsrc=\"https:\/\/files.sunoresearch.com.br\/n\/uploads\/2023\/03\/1420x240-Planilha-controle-de-gastos.png\"\n\t\t\t\t\tdata-promo-id=\"101751\"\t\t\t\t\t\t\t\t\t\twidth='1420' height='240'\t\t\t\t\talt=\"https:\/\/files.sunoresearch.com.br\/n\/uploads\/2023\/03\/1420x240-Planilha-controle-de-gastos.png\"\n\t\t\t\t>\n\t\t\t<\/picture>\n\t\t<\/a>\n\t<\/p>\n\n\n<p>O mercado desta semana (18 a 22) foi extremamente agitado pelo cen\u00e1rio <strong>pol\u00edtico e fiscal<\/strong> brasileiro. O maior \u00edndice acion\u00e1rio da Bolsa brasileira apresenta dias de preocupa\u00e7\u00e3o com a situa\u00e7\u00e3o fiscal do Pa\u00eds. O mercado calcula como ficar\u00e3o as contas p\u00fablicas a partir do ano que vem. Com isso, o Ibovespa foi de 114.647 para 106.296 pontos.<\/p>\n<p>O mercado respondeu com preocupa\u00e7\u00e3o a negocia\u00e7\u00e3o em torno do furo do <a class=\"suno-keyword\" href=\"https:\/\/www.suno.com.br\/artigos\/teto-de-gastos\/\" target=\"_blank\" rel=\"noopener\" data-force=\"no\" data-priority=\"1\">teto de gastos<\/a> como forma de viabilizar o financiamento do <strong>Aux\u00edlio Brasil<\/strong>, substituto ao Bolsa Fam\u00edlia, que distribuir\u00e1 R$ 400 para as fam\u00edlias mais pobres. Durante a semana, as declara\u00e7\u00f5es de Guedes sobre o programa, que dizia n\u00e3o ter fonte de financiamento clara, trouxe temor ao Ibovespa. Al\u00e9m disso, Bolsonaro anunciou outro aux\u00edlio de R$ 400 para <strong>caminhoneiros<\/strong>.<\/p>\n<p>Na sexta (23), rumores que o ministro da Economia, <strong>Paulo Guedes<\/strong>, havia pedido demiss\u00e3o gerou turbul\u00eancia no mercado. Na noite anterior, funcion\u00e1rios do Minist\u00e9rio pediram <strong>demiss\u00e3o<\/strong> por n\u00e3o concordarem com a decis\u00e3o do teto de gastos. Guedes veio a p\u00fablico para esclarecer as coisas depois, dizendo que n\u00e3o pediu para sair, e ontem mesmo j\u00e1 apontou substitutos para aqueles que se demitiram.<\/p>\n<p>Confira o tamanho do tombo dos ativos que lideraram as\u00a0<strong>maiores quedas<\/strong> do Ibovespa na \u00faltima semana:<\/p>\n<ul>\n<li>Banco Inter (BIDI4): varia\u00e7\u00e3o de -21,39%<\/li>\n<li>M\u00e9liuz (CASH3): varia\u00e7\u00e3o de -21,01%<\/li>\n<li>Banco <a class=\"suno-keyword\" href=\"https:\/\/www.suno.com.br\/acoes\/BIDI11\/\" target=\"_blank\" rel=\"noopener\" data-force=\"yes\" data-priority=\"2\">Inter (BIDI11)<\/a>: varia\u00e7\u00e3o de -20,17%<\/li>\n<li>Eztec (EZTC3): varia\u00e7\u00e3o de -18,53<\/li>\n<li>Azul (AZUL4): varia\u00e7\u00e3o de 10,05%<\/li>\n<\/ul>\n<h2>Banco Inter (BIDI4) lidera quedas do Ibovespa<\/h2>\n<p>Ap\u00f3s acumular uma queda de 21,39% na semana, a a\u00e7\u00e3o do Banco Inter liderou entre as maiores baixas do Ibovespa. A cota\u00e7\u00e3o dos pap\u00e9is foi de R$ 50,28 para R$ 40,14.<\/p>\n\t<p>\n\t\t<a href=\"https:\/\/lp.suno.com.br\/planilha-da-vida-financeira\/\" target=\"_blank\" data-element=\"shortcode-suno-banner\" title=\"Banner SUNO, clique e saiba mais\">\n\t\t\t<picture>\n\t\t\t\t<source media=\"(max-width: 500px)\" srcset=\"https:\/\/files.sunoresearch.com.br\/n\/uploads\/2023\/04\/400x300-Planilha-vida-financeira-true.png\">\n\t\t\t\t<img class=\"newsContent__article__imgCapa newsContent__article__imgCapa--banner\"\n\t\t\t\t\tsrc=\"https:\/\/files.sunoresearch.com.br\/n\/uploads\/2023\/04\/1420x240-Planilha-vida-financeira-true.png\"\n\t\t\t\t\tdata-promo-id=\"106682\"\t\t\t\t\t\t\t\t\t\twidth='1420' height='240'\t\t\t\t\talt=\"https:\/\/files.sunoresearch.com.br\/n\/uploads\/2023\/04\/1420x240-Planilha-vida-financeira-true.png\"\n\t\t\t\t>\n\t\t\t<\/picture>\n\t\t<\/a>\n\t<\/p>\n\n\n<p>O principal driver da queda dos pap\u00e9is do Inter foi um rumor de que a sua\u00a0<a href=\"https:\/\/www.suno.com.br\/artigos\/cartao-de-credito\">carteira de cr\u00e9dito<\/a>\u00a0estaria mal provisionada. Na \u00e9poca, em meados de setembro, analistas do\u00a0<strong>Ita\u00fa BBA<\/strong>\u00a0chegaram a publicar um relat\u00f3rio sobre o tema, afirmando que esse boato \u201ctinha muito mais de fic\u00e7\u00e3o do que de realidade\u201d.<\/p>\n<p>\u201cAs a\u00e7\u00f5es do Inter ca\u00edram cerca de 18% em apenas tr\u00eas dias na semana passada, reagindo a not\u00edcias de que o banco estaria considerando elevar suas provis\u00f5es para perdas com inadimpl\u00eancia em seu pr\u00f3ximo balan\u00e7o. Na nossa avalia\u00e7\u00e3o, a informa\u00e7\u00e3o era desprovida de fundamento e hoje a institui\u00e7\u00e3o colocou fim aos rumores ao divulgar uma rela\u00e7\u00e3o entre provis\u00e3o e carteira de cr\u00e9dito constante\u201d, escreveram os analistas.<\/p>\n<p>Por outro lado, a queda do Banco Inter pode ser entendida como uma corre\u00e7\u00e3o do pre\u00e7o dos ativos, depois de terem alcan\u00e7ado a m\u00e1xima hist\u00f3rica em julho desse ano. Desde ent\u00e3o, as a\u00e7\u00f5es apresentam per\u00edodos de desvaloriza\u00e7\u00e3o. De julho at\u00e9 agora, teve 50% de desvaloriza\u00e7\u00e3o.<\/p>\n<p>Apesar\u00a0 das fortes quedas observadas nos meses anteriores, em especial em setembro, o banco <a class=\"suno-keyword\" href=\"https:\/\/www.suno.com.br\/acoes\/BIDI4\/\" target=\"_blank\" rel=\"noopener\" data-force=\"yes\" data-priority=\"2\">Inter (BIDI4)<\/a> avalia que o m\u00eas de outubro mostra ritmo de recupera\u00e7\u00e3o &#8212; as a\u00e7\u00f5es, no entanto,\u00a0caem 13,33% no m\u00eas. Em relat\u00f3rio da carteira de <strong><a class=\"suno-keyword\" href=\"https:\/\/www.suno.com.br\/guias\/dividendos\/\" target=\"_blank\" rel=\"noopener\" data-force=\"no\" data-priority=\"1\">dividendos<\/a><\/strong>, divulgado na quarta-feira (20), o banco indica que as a\u00e7\u00f5es respondem a bons dados econ\u00f4micos, em especial sobre o mercado de trabalho, cr\u00e9dito e avan\u00e7o da vacina\u00e7\u00e3o.<\/p>\n\t<div data-element=\"shortcode-read-more\" class=\"knowMore\">\n\t\t\t\t<span class=\"knowMore__title\">Veja mais<\/span>\n\t\t\t\t<a class=\"knowMore__link\" href=\"https:\/\/www.suno.com.br\/noticias\/dividendos-carteira-outubro-banco-inter-bidi4\/\">\n\t\t\tDividendos: banco Inter (BIDI4) atualiza carteira do 4T21, veja quais empresas entram\t\t<\/a>\n\t<\/div>\n\n\n<h2>M\u00e9liuz continua aparecendo entre maiores quedas do Ibovespa<\/h2>\n<p>Mais uma vez figurando entre as maiores quedas da semana, ap\u00f3s ter liderado na semana anterior as baixas do Ibovespa, o M\u00e9liuz viu suas a\u00e7\u00f5es ca\u00edrem 21,01%. A cota\u00e7\u00e3o dos seus pap\u00e9is foi de R$ 4,95 para R$ 3,91.<\/p>\n\t<p>\n\t\t<a href=\"https:\/\/lp.suno.com.br\/ebook-como-analisar-uma-acao\/\" target=\"_blank\" data-element=\"shortcode-suno-banner\" title=\"Banner SUNO, clique e saiba mais\">\n\t\t\t<picture>\n\t\t\t\t<source media=\"(max-width: 500px)\" srcset=\"https:\/\/files.sunoresearch.com.br\/n\/uploads\/2023\/03\/Ebook-Acoes-Mobile-1.jpg\">\n\t\t\t\t<img class=\"newsContent__article__imgCapa newsContent__article__imgCapa--banner\"\n\t\t\t\t\tsrc=\"https:\/\/files.sunoresearch.com.br\/n\/uploads\/2023\/03\/Ebook-Acoes-Desktop-1.jpg\"\n\t\t\t\t\tdata-promo-id=\"171998\"\t\t\t\t\t\t\t\t\t\twidth='1420' height='286'\t\t\t\t\talt=\"https:\/\/files.sunoresearch.com.br\/n\/uploads\/2023\/03\/Ebook-Acoes-Desktop-1.jpg\"\n\t\t\t\t>\n\t\t\t<\/picture>\n\t\t<\/a>\n\t<\/p>\n\n\n<p>N\u00e3o houve nenhuma not\u00edcia em particular que tenha afetado o M\u00e9liuz negativamente nesta semana. A <strong>desvaloriza\u00e7\u00e3o do M\u00e9liuz<\/strong> nesta semana seguiu o padr\u00e3o de volatilidade que as a\u00e7\u00f5es da empresa registram h\u00e1 algum tempo. As a\u00e7\u00f5es da companhia est\u00e3o caindo desde a divulga\u00e7\u00e3o das pr\u00e9vias operacionais do terceiro trimestre, no dia 06.<\/p>\n<p>Al\u00e9m disso, a empresa \u00e9 vulner\u00e1vel ao processo de abertura na <a class=\"suno-keyword\" href=\"https:\/\/www.suno.com.br\/artigos\/curva-de-juros\/\" target=\"_blank\" rel=\"noopener\" data-force=\"no\" data-priority=\"1\">curva de juros<\/a>, cen\u00e1rio que vem se projetando no Brasil. Empresas de tecnologia, como o M\u00e9liuz, costumam ser prejudicadas neste cen\u00e1rio. Como oferece servi\u00e7os de cashback, a empresa tamb\u00e9m depende de uma alta do consumo, coisa que n\u00e3o deve acontecer por conta da infla\u00e7\u00e3o crescente no pa\u00eds.<\/p>\n<h2>Banco Inter (BIDI11) aparece mais uma vez<\/h2>\n<p>Acompanhando o ritmo das outras a\u00e7\u00f5es, as units do Banco Inter (BIDI11) se destacaram negativamente nesta semana, registrando varia\u00e7\u00e3o de -20,17%. A unit foi de R$ 50,28 para R$ 40,14.<\/p>\n<p>Nesta semana, o SoftBank aproveitou a queda nas a\u00e7\u00f5es do Inter, ap\u00f3s quedas sucessivas na Bolsa de Valores, para aumentar sua participa\u00e7\u00e3o no banco, comprando um montante de 4,4\u00a0<a href=\"https:\/\/www.suno.com.br\/artigos\/units\/\">milh\u00f5es de units do banco<\/a>, equivalente a R$ 220 milh\u00f5es. Mesmo assim, isso n\u00e3o foi o suficiente para animar o mercado.<\/p>\n<h2>Pr\u00e9via operacional da Eztec n\u00e3o empolga<\/h2>\n<p>A Eztec acumulou resultado negativo ap\u00f3s a pr\u00e9via operacional pouco empolgante divulgada recentemente. Assim, a empresa teve varia\u00e7\u00e3o de -18,53%. O pre\u00e7o das a\u00e7\u00f5es foram de R$ 24,28 para R$ 19,78.<\/p>\n\t<p>\n\t\t<a href=\"https:\/\/lp.suno.com.br\/planilha-de-controle-de-investimentos\/\" target=\"_blank\" data-element=\"shortcode-suno-banner\" title=\"Banner SUNO, clique e saiba mais\">\n\t\t\t<picture>\n\t\t\t\t<source media=\"(max-width: 500px)\" srcset=\"https:\/\/files.sunoresearch.com.br\/n\/uploads\/2023\/03\/400x300-Controle-de-Investimentos.png\">\n\t\t\t\t<img class=\"newsContent__article__imgCapa newsContent__article__imgCapa--banner\"\n\t\t\t\t\tsrc=\"https:\/\/files.sunoresearch.com.br\/n\/uploads\/2023\/03\/1420x240-Controle-de-Investimentos.png\"\n\t\t\t\t\tdata-promo-id=\"75934\"\t\t\t\t\t\t\t\t\t\twidth='1420' height='240'\t\t\t\t\talt=\"https:\/\/files.sunoresearch.com.br\/n\/uploads\/2023\/03\/1420x240-Controle-de-Investimentos.png\"\n\t\t\t\t>\n\t\t\t<\/picture>\n\t\t<\/a>\n\t<\/p>\n\n\n<p>Entre os meses de janeiro e setembro deste ano, os lan\u00e7amentos da companhia somaram R$ 1,41 bilh\u00e3o. Durante todo o ano passado, os\u00a0<strong>lan\u00e7amentos da Eztec<\/strong>\u00a0somaram R$ 1,11 bilh\u00e3o. Em 2019, a companhia registrou R$ 1,97 bilh\u00e3o, enquanto os lan\u00e7amentos acumulados de 2018 somaram R$ 778 milh\u00f5es.<\/p>\n<p>J\u00e1 as vendas l\u00edquidas recuaram 24% na compara\u00e7\u00e3o ano a ano e alcan\u00e7aram um volume de R$ 255 milh\u00f5es no terceiro trimestre desse ano. \u201cIsso levou a uma velocidade de vendas amena de 9% (-2.1 pp T\/T)\u201d, disse a XP, em relat\u00f3rio divulgado na segunda (18). Apesar da queda, os especialistas reiteram &#8220;a nossa vis\u00e3o positiva para <strong>EZTC3<\/strong>, que vemos negociando a 1.2x P\/VP em 2021, o que \u00e9 atrativo\u201d.<\/p>\n\t<div data-element=\"shortcode-read-more\" class=\"knowMore\">\n\t\t\t\t<span class=\"knowMore__title\">Leia mais<\/span>\n\t\t\t\t<a class=\"knowMore__link\" href=\"https:\/\/www.suno.com.br\/noticias\/eztec-eztc3-3t21-xp-numeros-amenos\/\">\n\t\t\tEztec (EZTC3): XP reitera vis\u00e3o positiva apesar de &quot;pr\u00e9via operacional amena&quot;\t\t<\/a>\n\t<\/div>\n\n\n<h2>Azul tem queda junto com o setor a\u00e9reo<\/h2>\n<p>A Azul, assim como outras companhias a\u00e9reas, viu suas a\u00e7\u00f5es ca\u00edrem esta semana, tendo varia\u00e7\u00e3o de 10,05%. A cota\u00e7\u00e3o dos pap\u00e9is foi de R$ 35,62 para R$29,19.<\/p>\n<p>Na ter\u00e7a-feira (19), o setor a\u00e9reo representou maior queda no Ibovespa. Isso ocorreu ap\u00f3s not\u00edcias de que o setor n\u00e3o iria se recuperar mesmo ap\u00f3s a pandemia, com rumores de que as viagens de neg\u00f3cios n\u00e3o aconteceriam mesmo com o fim do isolamento social.<\/p>\n\t<div data-element=\"shortcode-read-more\" class=\"knowMore\">\n\t\t\t\t<span class=\"knowMore__title\">Saiba mais<\/span>\n\t\t\t\t<a class=\"knowMore__link\" href=\"https:\/\/www.suno.com.br\/noticias\/gol-goll4-azul-azul4-recuperacao-na-bolsa\/\">\n\t\t\tGol (GOLL4); Azul (AZUL4): Alta de custos pode retardar recupera\u00e7\u00e3o de a\u00e9reas na Bolsa\t\t<\/a>\n\t<\/div>\n\n\n\t<p>\n\t\t<a href=\"\" target=\"_blank\" data-element=\"shortcode-suno-banner\" title=\"Banner SUNO, clique e saiba mais\">\n\t\t\t<picture>\n\t\t\t\t<source media=\"(max-width: 500px)\" srcset=\"\">\n\t\t\t\t<img class=\"newsContent__article__imgCapa newsContent__article__imgCapa--banner\"\n\t\t\t\t\tsrc=\"\"\n\t\t\t\t\tdata-promo-id=\"184190\"\t\t\t\t\t\t\t\t\t\t\t\t\t\t\talt=\"\"\n\t\t\t\t>\n\t\t\t<\/picture>\n\t\t<\/a>\n\t<\/p>\n\n\n","protected":false},"excerpt":{"rendered":"<p>Essa foi uma das piores semana para o Ibovespa no ano. o Banco Inter (BIDI4; BIDI11) liderou duas posi\u00e7\u00f5es entre as maiores quedas da semana, acompanhado mais uma vez pelo M\u00e9liuz (CASH3). A Eztec (EZTC3) tamb\u00e9m apareceu ap\u00f3s divulga\u00e7\u00e3o de pr\u00e9via operacional fraca. A Azul (AZUL4) acompanha not\u00edcias negativas do setor a\u00e9reo. Banco Inter &#8211; [&hellip;]<\/p>\n","protected":false},"author":118,"featured_media":101222,"comment_status":"closed","ping_status":"closed","sticky":false,"template":"","format":"standard","meta":[],"categories":[64],"tags":[106932,369,473,721,104467],"suno_strategy":[],"class_list":["post-196759","post","type-post","status-publish","format-standard","has-post-thumbnail","hentry","category-negocios","tag-azul-azul4","tag-banco-inter-bidi11-bidi4-bidi3","tag-eztec-eztc3","tag-ibovespa","tag-meliuz-cash3"],"yoast_head":"<!-- This site is optimized with the Yoast SEO plugin v24.4 - https:\/\/yoast.com\/wordpress\/plugins\/seo\/ -->\n<title>Ibovespa: Banco Inter (BIDI4; BIDI11) e M\u00e9liuz (CASH3) t\u00eam maiores quedas da semana<\/title>\n<meta name=\"description\" content=\"Essa foi uma das piores semana para o Ibovespa no ano. o Banco Inter (BIDI4; BIDI11) liderou duas posi\u00e7\u00f5es entre a maior queda...Saiba mais\" \/>\n<meta name=\"robots\" content=\"index, follow, max-snippet:-1, max-image-preview:large, max-video-preview:-1\" \/>\n<link rel=\"canonical\" href=\"https:\/\/www.suno.com.br\/noticias\/ibovespa-quedas-banco-inter-bidi4-bidi11-meliuz-cash3-eztec-azul\/\" \/>\n<meta property=\"og:locale\" content=\"pt_BR\" \/>\n<meta property=\"og:type\" content=\"article\" \/>\n<meta property=\"og:title\" content=\"Ibovespa: Banco Inter (BIDI4; BIDI11) e M\u00e9liuz (CASH3) t\u00eam maiores quedas da semana\" \/>\n<meta property=\"og:description\" content=\"Essa foi uma das piores semana para o Ibovespa no ano. o Banco Inter (BIDI4; BIDI11) liderou duas posi\u00e7\u00f5es entre a maior queda...Saiba mais\" \/>\n<meta property=\"og:url\" content=\"https:\/\/www.suno.com.br\/noticias\/ibovespa-quedas-banco-inter-bidi4-bidi11-meliuz-cash3-eztec-azul\/\" \/>\n<meta property=\"og:site_name\" content=\"Suno Not\u00edcias\" \/>\n<meta property=\"article:publisher\" content=\"https:\/\/facebook.com\/sunoresearch\" \/>\n<meta property=\"og:image\" content=\"https:\/\/files.sunoresearch.com.br\/n\/uploads\/2020\/11\/d1eb6bcb-fachada-nova_banco-inter_social-15.jpg\" \/>\n\t<meta property=\"og:image:width\" content=\"1767\" \/>\n\t<meta property=\"og:image:height\" content=\"855\" \/>\n\t<meta property=\"og:image:type\" content=\"image\/jpeg\" \/>\n<meta name=\"author\" content=\"Bruno Galv\u00e3o\" \/>\n<meta name=\"twitter:card\" content=\"summary_large_image\" \/>\n<meta name=\"twitter:creator\" content=\"@sunoresearch\" \/>\n<meta name=\"twitter:site\" content=\"@sunoresearch\" \/>\n<meta name=\"twitter:label1\" content=\"Escrito por\" \/>\n\t<meta name=\"twitter:data1\" content=\"Bruno Galv\u00e3o\" \/>\n\t<meta name=\"twitter:label2\" content=\"Est. tempo de leitura\" \/>\n\t<meta name=\"twitter:data2\" content=\"5 minutos\" \/>\n<script type=\"application\/ld+json\" class=\"yoast-schema-graph\">{\"@context\":\"https:\/\/schema.org\",\"@graph\":[{\"@type\":\"NewsArticle\",\"@id\":\"https:\/\/www.suno.com.br\/noticias\/ibovespa-quedas-banco-inter-bidi4-bidi11-meliuz-cash3-eztec-azul\/#article\",\"isPartOf\":{\"@id\":\"https:\/\/www.suno.com.br\/noticias\/ibovespa-quedas-banco-inter-bidi4-bidi11-meliuz-cash3-eztec-azul\/\"},\"author\":{\"name\":\"Bruno Galv\u00e3o\",\"@id\":\"https:\/\/www.suno.com.br\/noticias\/#\/schema\/person\/06f0d962a6b1c54852e4860f16935600\"},\"headline\":\"Ibovespa: Banco Inter (BIDI4; BIDI11) e M\u00e9liuz (CASH3) t\u00eam maiores quedas da semana\",\"datePublished\":\"2021-10-23T19:41:52+00:00\",\"mainEntityOfPage\":{\"@id\":\"https:\/\/www.suno.com.br\/noticias\/ibovespa-quedas-banco-inter-bidi4-bidi11-meliuz-cash3-eztec-azul\/\"},\"wordCount\":1198,\"publisher\":{\"@id\":\"https:\/\/www.suno.com.br\/noticias\/#organization\"},\"image\":{\"@id\":\"https:\/\/www.suno.com.br\/noticias\/ibovespa-quedas-banco-inter-bidi4-bidi11-meliuz-cash3-eztec-azul\/#primaryimage\"},\"thumbnailUrl\":\"https:\/\/files.sunoresearch.com.br\/n\/uploads\/2020\/11\/d1eb6bcb-fachada-nova_banco-inter_social-15-jpg.webp\",\"keywords\":[\"Azul (AZUL4)\",\"Banco Inter (BIDI11\/BIDI4\/BIDI3)\",\"Eztec (EZTC3)\",\"Ibovespa\",\"M\u00e9liuz (CASH3)\"],\"articleSection\":[\"Neg\u00f3cios\"],\"inLanguage\":\"pt-BR\"},{\"@type\":\"WebPage\",\"@id\":\"https:\/\/www.suno.com.br\/noticias\/ibovespa-quedas-banco-inter-bidi4-bidi11-meliuz-cash3-eztec-azul\/\",\"url\":\"https:\/\/www.suno.com.br\/noticias\/ibovespa-quedas-banco-inter-bidi4-bidi11-meliuz-cash3-eztec-azul\/\",\"name\":\"Ibovespa: Banco Inter (BIDI4; BIDI11) e M\u00e9liuz (CASH3) t\u00eam maiores quedas da semana\",\"isPartOf\":{\"@id\":\"https:\/\/www.suno.com.br\/noticias\/#website\"},\"primaryImageOfPage\":{\"@id\":\"https:\/\/www.suno.com.br\/noticias\/ibovespa-quedas-banco-inter-bidi4-bidi11-meliuz-cash3-eztec-azul\/#primaryimage\"},\"image\":{\"@id\":\"https:\/\/www.suno.com.br\/noticias\/ibovespa-quedas-banco-inter-bidi4-bidi11-meliuz-cash3-eztec-azul\/#primaryimage\"},\"thumbnailUrl\":\"https:\/\/files.sunoresearch.com.br\/n\/uploads\/2020\/11\/d1eb6bcb-fachada-nova_banco-inter_social-15-jpg.webp\",\"datePublished\":\"2021-10-23T19:41:52+00:00\",\"description\":\"Essa foi uma das piores semana para o Ibovespa no ano. o Banco Inter (BIDI4; BIDI11) liderou duas posi\u00e7\u00f5es entre a maior queda...Saiba mais\",\"breadcrumb\":{\"@id\":\"https:\/\/www.suno.com.br\/noticias\/ibovespa-quedas-banco-inter-bidi4-bidi11-meliuz-cash3-eztec-azul\/#breadcrumb\"},\"inLanguage\":\"pt-BR\",\"potentialAction\":[{\"@type\":\"ReadAction\",\"target\":[\"https:\/\/www.suno.com.br\/noticias\/ibovespa-quedas-banco-inter-bidi4-bidi11-meliuz-cash3-eztec-azul\/\"]}]},{\"@type\":\"ImageObject\",\"inLanguage\":\"pt-BR\",\"@id\":\"https:\/\/www.suno.com.br\/noticias\/ibovespa-quedas-banco-inter-bidi4-bidi11-meliuz-cash3-eztec-azul\/#primaryimage\",\"url\":\"https:\/\/files.sunoresearch.com.br\/n\/uploads\/2020\/11\/d1eb6bcb-fachada-nova_banco-inter_social-15-jpg.webp\",\"contentUrl\":\"https:\/\/files.sunoresearch.com.br\/n\/uploads\/2020\/11\/d1eb6bcb-fachada-nova_banco-inter_social-15-jpg.webp\",\"width\":1767,\"height\":855,\"caption\":\"Banco Inter - Foto: Divulga\u00e7\u00e3o\"},{\"@type\":\"BreadcrumbList\",\"@id\":\"https:\/\/www.suno.com.br\/noticias\/ibovespa-quedas-banco-inter-bidi4-bidi11-meliuz-cash3-eztec-azul\/#breadcrumb\",\"itemListElement\":[{\"@type\":\"ListItem\",\"position\":1,\"name\":\"Not\u00edcias\",\"item\":\"https:\/\/www.suno.com.br\/noticias\/\"},{\"@type\":\"ListItem\",\"position\":2,\"name\":\"Neg\u00f3cios\",\"item\":\"https:\/\/www.suno.com.br\/noticias\/negocios\/\"},{\"@type\":\"ListItem\",\"position\":3,\"name\":\"Ibovespa: Banco Inter (BIDI4; BIDI11) e M\u00e9liuz (CASH3) t\u00eam maiores quedas da semana\"}]},{\"@type\":\"WebSite\",\"@id\":\"https:\/\/www.suno.com.br\/noticias\/#website\",\"url\":\"https:\/\/www.suno.com.br\/noticias\/\",\"name\":\"Suno Not\u00edcias\",\"description\":\"Seu portal de informa\u00e7\u00e3o sobre o mundo dos investimentos\",\"publisher\":{\"@id\":\"https:\/\/www.suno.com.br\/noticias\/#organization\"},\"potentialAction\":[{\"@type\":\"SearchAction\",\"target\":{\"@type\":\"EntryPoint\",\"urlTemplate\":\"https:\/\/www.suno.com.br\/noticias\/?s={search_term_string}\"},\"query-input\":{\"@type\":\"PropertyValueSpecification\",\"valueRequired\":true,\"valueName\":\"search_term_string\"}}],\"inLanguage\":\"pt-BR\"},{\"@type\":\"Organization\",\"@id\":\"https:\/\/www.suno.com.br\/noticias\/#organization\",\"name\":\"Suno Not\u00edcias\",\"url\":\"https:\/\/www.suno.com.br\/noticias\/\",\"logo\":{\"@type\":\"ImageObject\",\"inLanguage\":\"pt-BR\",\"@id\":\"https:\/\/www.suno.com.br\/noticias\/#\/schema\/logo\/image\/\",\"url\":\"https:\/\/files.sunoresearch.com.br\/n\/uploads\/2021\/09\/suno-logo.png\",\"contentUrl\":\"https:\/\/files.sunoresearch.com.br\/n\/uploads\/2021\/09\/suno-logo.png\",\"width\":180,\"height\":180,\"caption\":\"Suno Not\u00edcias\"},\"image\":{\"@id\":\"https:\/\/www.suno.com.br\/noticias\/#\/schema\/logo\/image\/\"},\"sameAs\":[\"https:\/\/facebook.com\/sunoresearch\",\"https:\/\/x.com\/sunoresearch\",\"https:\/\/www.instagram.com\/suno\",\"https:\/\/www.linkedin.com\/company\/suno-research\/\",\"https:\/\/www.youtube.com\/c\/sunoresearch\"]},{\"@type\":\"Person\",\"@id\":\"https:\/\/www.suno.com.br\/noticias\/#\/schema\/person\/06f0d962a6b1c54852e4860f16935600\",\"name\":\"Bruno Galv\u00e3o\",\"image\":{\"@type\":\"ImageObject\",\"inLanguage\":\"pt-BR\",\"@id\":\"https:\/\/www.suno.com.br\/noticias\/#\/schema\/person\/image\/\",\"url\":\"https:\/\/secure.gravatar.com\/avatar\/53598df0b41c00f12f287a912d0e918e?s=96&r=g\",\"contentUrl\":\"https:\/\/secure.gravatar.com\/avatar\/53598df0b41c00f12f287a912d0e918e?s=96&r=g\",\"caption\":\"Bruno Galv\u00e3o\"},\"description\":\"Escreve para o portal Suno Not\u00edcias. \u00c9 estudante de Jornalismo pela Faculdade C\u00e1sper L\u00edbero e Letras pela USP. Entusiasta de tecnologia e intelig\u00eancia artificial.\",\"url\":\"https:\/\/www.suno.com.br\/noticias\/author\/bruno-garcia\/\"}]}<\/script>\n<!-- \/ Yoast SEO plugin. -->","yoast_head_json":{"title":"Ibovespa: Banco Inter (BIDI4; BIDI11) e M\u00e9liuz (CASH3) t\u00eam maiores quedas da semana","description":"Essa foi uma das piores semana para o Ibovespa no ano. o Banco Inter (BIDI4; BIDI11) liderou duas posi\u00e7\u00f5es entre a maior queda...Saiba mais","robots":{"index":"index","follow":"follow","max-snippet":"max-snippet:-1","max-image-preview":"max-image-preview:large","max-video-preview":"max-video-preview:-1"},"canonical":"https:\/\/www.suno.com.br\/noticias\/ibovespa-quedas-banco-inter-bidi4-bidi11-meliuz-cash3-eztec-azul\/","og_locale":"pt_BR","og_type":"article","og_title":"Ibovespa: Banco Inter (BIDI4; BIDI11) e M\u00e9liuz (CASH3) t\u00eam maiores quedas da semana","og_description":"Essa foi uma das piores semana para o Ibovespa no ano. o Banco Inter (BIDI4; BIDI11) liderou duas posi\u00e7\u00f5es entre a maior queda...Saiba mais","og_url":"https:\/\/www.suno.com.br\/noticias\/ibovespa-quedas-banco-inter-bidi4-bidi11-meliuz-cash3-eztec-azul\/","og_site_name":"Suno Not\u00edcias","article_publisher":"https:\/\/facebook.com\/sunoresearch","og_image":[{"width":1767,"height":855,"url":"https:\/\/files.sunoresearch.com.br\/n\/uploads\/2020\/11\/d1eb6bcb-fachada-nova_banco-inter_social-15.jpg","type":"image\/jpeg"}],"author":"Bruno Galv\u00e3o","twitter_card":"summary_large_image","twitter_creator":"@sunoresearch","twitter_site":"@sunoresearch","twitter_misc":{"Escrito por":"Bruno Galv\u00e3o","Est. tempo de leitura":"5 minutos"},"schema":{"@context":"https:\/\/schema.org","@graph":[{"@type":"NewsArticle","@id":"https:\/\/www.suno.com.br\/noticias\/ibovespa-quedas-banco-inter-bidi4-bidi11-meliuz-cash3-eztec-azul\/#article","isPartOf":{"@id":"https:\/\/www.suno.com.br\/noticias\/ibovespa-quedas-banco-inter-bidi4-bidi11-meliuz-cash3-eztec-azul\/"},"author":{"name":"Bruno Galv\u00e3o","@id":"https:\/\/www.suno.com.br\/noticias\/#\/schema\/person\/06f0d962a6b1c54852e4860f16935600"},"headline":"Ibovespa: Banco Inter (BIDI4; BIDI11) e M\u00e9liuz (CASH3) t\u00eam maiores quedas da semana","datePublished":"2021-10-23T19:41:52+00:00","mainEntityOfPage":{"@id":"https:\/\/www.suno.com.br\/noticias\/ibovespa-quedas-banco-inter-bidi4-bidi11-meliuz-cash3-eztec-azul\/"},"wordCount":1198,"publisher":{"@id":"https:\/\/www.suno.com.br\/noticias\/#organization"},"image":{"@id":"https:\/\/www.suno.com.br\/noticias\/ibovespa-quedas-banco-inter-bidi4-bidi11-meliuz-cash3-eztec-azul\/#primaryimage"},"thumbnailUrl":"https:\/\/files.sunoresearch.com.br\/n\/uploads\/2020\/11\/d1eb6bcb-fachada-nova_banco-inter_social-15-jpg.webp","keywords":["Azul (AZUL4)","Banco Inter (BIDI11\/BIDI4\/BIDI3)","Eztec (EZTC3)","Ibovespa","M\u00e9liuz (CASH3)"],"articleSection":["Neg\u00f3cios"],"inLanguage":"pt-BR"},{"@type":"WebPage","@id":"https:\/\/www.suno.com.br\/noticias\/ibovespa-quedas-banco-inter-bidi4-bidi11-meliuz-cash3-eztec-azul\/","url":"https:\/\/www.suno.com.br\/noticias\/ibovespa-quedas-banco-inter-bidi4-bidi11-meliuz-cash3-eztec-azul\/","name":"Ibovespa: Banco Inter (BIDI4; BIDI11) e M\u00e9liuz (CASH3) t\u00eam maiores quedas da semana","isPartOf":{"@id":"https:\/\/www.suno.com.br\/noticias\/#website"},"primaryImageOfPage":{"@id":"https:\/\/www.suno.com.br\/noticias\/ibovespa-quedas-banco-inter-bidi4-bidi11-meliuz-cash3-eztec-azul\/#primaryimage"},"image":{"@id":"https:\/\/www.suno.com.br\/noticias\/ibovespa-quedas-banco-inter-bidi4-bidi11-meliuz-cash3-eztec-azul\/#primaryimage"},"thumbnailUrl":"https:\/\/files.sunoresearch.com.br\/n\/uploads\/2020\/11\/d1eb6bcb-fachada-nova_banco-inter_social-15-jpg.webp","datePublished":"2021-10-23T19:41:52+00:00","description":"Essa foi uma das piores semana para o Ibovespa no ano. o Banco Inter (BIDI4; BIDI11) liderou duas posi\u00e7\u00f5es entre a maior queda...Saiba mais","breadcrumb":{"@id":"https:\/\/www.suno.com.br\/noticias\/ibovespa-quedas-banco-inter-bidi4-bidi11-meliuz-cash3-eztec-azul\/#breadcrumb"},"inLanguage":"pt-BR","potentialAction":[{"@type":"ReadAction","target":["https:\/\/www.suno.com.br\/noticias\/ibovespa-quedas-banco-inter-bidi4-bidi11-meliuz-cash3-eztec-azul\/"]}]},{"@type":"ImageObject","inLanguage":"pt-BR","@id":"https:\/\/www.suno.com.br\/noticias\/ibovespa-quedas-banco-inter-bidi4-bidi11-meliuz-cash3-eztec-azul\/#primaryimage","url":"https:\/\/files.sunoresearch.com.br\/n\/uploads\/2020\/11\/d1eb6bcb-fachada-nova_banco-inter_social-15-jpg.webp","contentUrl":"https:\/\/files.sunoresearch.com.br\/n\/uploads\/2020\/11\/d1eb6bcb-fachada-nova_banco-inter_social-15-jpg.webp","width":1767,"height":855,"caption":"Banco Inter - Foto: Divulga\u00e7\u00e3o"},{"@type":"BreadcrumbList","@id":"https:\/\/www.suno.com.br\/noticias\/ibovespa-quedas-banco-inter-bidi4-bidi11-meliuz-cash3-eztec-azul\/#breadcrumb","itemListElement":[{"@type":"ListItem","position":1,"name":"Not\u00edcias","item":"https:\/\/www.suno.com.br\/noticias\/"},{"@type":"ListItem","position":2,"name":"Neg\u00f3cios","item":"https:\/\/www.suno.com.br\/noticias\/negocios\/"},{"@type":"ListItem","position":3,"name":"Ibovespa: Banco Inter (BIDI4; BIDI11) e M\u00e9liuz (CASH3) t\u00eam maiores quedas da semana"}]},{"@type":"WebSite","@id":"https:\/\/www.suno.com.br\/noticias\/#website","url":"https:\/\/www.suno.com.br\/noticias\/","name":"Suno Not\u00edcias","description":"Seu portal de informa\u00e7\u00e3o sobre o mundo dos investimentos","publisher":{"@id":"https:\/\/www.suno.com.br\/noticias\/#organization"},"potentialAction":[{"@type":"SearchAction","target":{"@type":"EntryPoint","urlTemplate":"https:\/\/www.suno.com.br\/noticias\/?s={search_term_string}"},"query-input":{"@type":"PropertyValueSpecification","valueRequired":true,"valueName":"search_term_string"}}],"inLanguage":"pt-BR"},{"@type":"Organization","@id":"https:\/\/www.suno.com.br\/noticias\/#organization","name":"Suno Not\u00edcias","url":"https:\/\/www.suno.com.br\/noticias\/","logo":{"@type":"ImageObject","inLanguage":"pt-BR","@id":"https:\/\/www.suno.com.br\/noticias\/#\/schema\/logo\/image\/","url":"https:\/\/files.sunoresearch.com.br\/n\/uploads\/2021\/09\/suno-logo.png","contentUrl":"https:\/\/files.sunoresearch.com.br\/n\/uploads\/2021\/09\/suno-logo.png","width":180,"height":180,"caption":"Suno Not\u00edcias"},"image":{"@id":"https:\/\/www.suno.com.br\/noticias\/#\/schema\/logo\/image\/"},"sameAs":["https:\/\/facebook.com\/sunoresearch","https:\/\/x.com\/sunoresearch","https:\/\/www.instagram.com\/suno","https:\/\/www.linkedin.com\/company\/suno-research\/","https:\/\/www.youtube.com\/c\/sunoresearch"]},{"@type":"Person","@id":"https:\/\/www.suno.com.br\/noticias\/#\/schema\/person\/06f0d962a6b1c54852e4860f16935600","name":"Bruno Galv\u00e3o","image":{"@type":"ImageObject","inLanguage":"pt-BR","@id":"https:\/\/www.suno.com.br\/noticias\/#\/schema\/person\/image\/","url":"https:\/\/secure.gravatar.com\/avatar\/53598df0b41c00f12f287a912d0e918e?s=96&r=g","contentUrl":"https:\/\/secure.gravatar.com\/avatar\/53598df0b41c00f12f287a912d0e918e?s=96&r=g","caption":"Bruno Galv\u00e3o"},"description":"Escreve para o portal Suno Not\u00edcias. \u00c9 estudante de Jornalismo pela Faculdade C\u00e1sper L\u00edbero e Letras pela USP. Entusiasta de tecnologia e intelig\u00eancia artificial.","url":"https:\/\/www.suno.com.br\/noticias\/author\/bruno-garcia\/"}]}},"default_loop_html":"<div class=\"cardsPage__listCard__boxs\"><div class=\"cardsPage__listCard__boxs__img\"><a href=\"https:\/\/www.suno.com.br\/noticias\/ibovespa-quedas-banco-inter-bidi4-bidi11-meliuz-cash3-eztec-azul\/\"><img class=\"mask\" src=\"https:\/\/www.suno.com.br\/noticias\/wp-content\/themes\/suno\/resources\/images\/spotlight\/spotlight1img\/bg-mask.png\" alt=\"Image Mask\"\/><img src=\"https:\/\/files.sunoresearch.com.br\/n\/uploads\/2020\/11\/d1eb6bcb-fachada-nova_banco-inter_social-15-400x200.webp\" alt=\"Ibovespa: Banco Inter (BIDI4; BIDI11) e M\u00e9liuz (CASH3) t\u00eam maiores quedas da semana\"\/><\/a><span class=\"spotlightCategory\"><a href=\"https:\/\/www.suno.com.br\/noticias\/negocios\/\">Neg\u00f3cios<\/a><\/span><\/div><div class=\"cardsPage__listCard__boxs__content\"><a href=\"https:\/\/www.suno.com.br\/noticias\/ibovespa-quedas-banco-inter-bidi4-bidi11-meliuz-cash3-eztec-azul\/\"><h2 class=\"content__title\">Ibovespa: Banco Inter (BIDI4; BIDI11) e M\u00e9liuz (CASH3) t\u00eam maiores quedas da semana<\/h2><\/a><div class=\"newsContent__article__meta\"><div class=\"newsContent__article__meta__authorBox\"><a href=\"https:\/\/www.suno.com.br\/noticias\/author\/bruno-garcia\/\" class=\"authorBox__avatar noMobi\"><img src=\"https:\/\/secure.gravatar.com\/avatar\/53598df0b41c00f12f287a912d0e918e?s=96&#038;r=g\" alt=\"Bruno Galv\u00e3o\"><\/a><div class=\"authorBox__name\"><span>por\n\t\t\t<a href=\"https:\/\/www.suno.com.br\/noticias\/author\/bruno-garcia\/\"><span itemprop=\"author\">Bruno Galv\u00e3o<\/span><\/a><\/span><time datetime=\"2021-10-23T16:41:52-03:00\" itemprop=\"datePublished\">23\/10\/2021 16:41<\/time><\/div><\/div><\/div><\/div><\/div>","single_layout":"posts","amp_enabled":true,"_links":{"self":[{"href":"https:\/\/www.suno.com.br\/noticias\/wp-json\/wp\/v2\/posts\/196759"}],"collection":[{"href":"https:\/\/www.suno.com.br\/noticias\/wp-json\/wp\/v2\/posts"}],"about":[{"href":"https:\/\/www.suno.com.br\/noticias\/wp-json\/wp\/v2\/types\/post"}],"author":[{"embeddable":true,"href":"https:\/\/www.suno.com.br\/noticias\/wp-json\/wp\/v2\/users\/118"}],"replies":[{"embeddable":true,"href":"https:\/\/www.suno.com.br\/noticias\/wp-json\/wp\/v2\/comments?post=196759"}],"version-history":[{"count":3,"href":"https:\/\/www.suno.com.br\/noticias\/wp-json\/wp\/v2\/posts\/196759\/revisions"}],"predecessor-version":[{"id":196766,"href":"https:\/\/www.suno.com.br\/noticias\/wp-json\/wp\/v2\/posts\/196759\/revisions\/196766"}],"wp:featuredmedia":[{"embeddable":true,"href":"https:\/\/www.suno.com.br\/noticias\/wp-json\/wp\/v2\/media\/101222"}],"wp:attachment":[{"href":"https:\/\/www.suno.com.br\/noticias\/wp-json\/wp\/v2\/media?parent=196759"}],"wp:term":[{"taxonomy":"category","embeddable":true,"href":"https:\/\/www.suno.com.br\/noticias\/wp-json\/wp\/v2\/categories?post=196759"},{"taxonomy":"post_tag","embeddable":true,"href":"https:\/\/www.suno.com.br\/noticias\/wp-json\/wp\/v2\/tags?post=196759"},{"taxonomy":"suno_strategy","embeddable":true,"href":"https:\/\/www.suno.com.br\/noticias\/wp-json\/wp\/v2\/suno_strategy?post=196759"}],"curies":[{"name":"wp","href":"https:\/\/api.w.org\/{rel}","templated":true}]}}