{"id":196473,"date":"2021-10-23T10:05:15","date_gmt":"2021-10-23T13:05:15","guid":{"rendered":"https:\/\/www.suno.com.br\/noticias\/?p=196473"},"modified":"2021-10-23T10:55:53","modified_gmt":"2021-10-23T13:55:53","slug":"dividendos-taxacao-lucros-deletar-angelo-coronel-relator","status":"publish","type":"post","link":"https:\/\/www.suno.com.br\/noticias\/dividendos-taxacao-lucros-deletar-angelo-coronel-relator\/","title":{"rendered":"Relator quer &#8220;deletar&#8221; taxa\u00e7\u00e3o de dividendos e diz que reforma do imposto de renda \u00e9 &#8220;estapaf\u00fardia&#8221;"},"content":{"rendered":"<p><iframe loading=\"lazy\" title=\"YouTube video player\" src=\"https:\/\/www.youtube.com\/embed\/AJ2B8Y8h9lA\" width=\"560\" height=\"315\" frameborder=\"0\" allowfullscreen=\"allowfullscreen\"><\/iframe><\/p>\t<div class=\"wrapper-featured-image\">\n\t\t<figure class=\"spotlightImg\">\n\n\t\t\t<picture>\n\t\t\t\t<source media=\"(max-width: 768px)\" srcset=\"https:\/\/files.sunoresearch.com.br\/n\/uploads\/2021\/10\/49492656778_82d016711b_z-400x200.jpg\">\n\t\t\t\t<img loading=\"lazy\" decoding=\"async\" class=\"newsContent__article__imgCapa lazyloadDisabled \" src=\"https:\/\/files.sunoresearch.com.br\/n\/uploads\/2021\/10\/49492656778_82d016711b_z.jpg\" width=\"800\" height=\"450\" alt=\"Relator quer &#8220;deletar&#8221; taxa\u00e7\u00e3o de dividendos e diz que reforma do imposto de renda \u00e9 &#8220;estapaf\u00fardia&#8221;\" fetchpriority=high \/>\n\t\t\t<\/picture>\n\n\t\t\t<figcaption class=\"wp-caption-text wp-caption-text--show\">O senador Angelo Coronel (PSD-BA) \u00e9 contr\u00e1rio \u00e0 taxa\u00e7\u00e3o de tributos e dividendos.\nJane de Ara\u00fajo\/Ag\u00eancia Senado<\/figcaption>\n\t\t<\/figure>\n\t<\/div>\n\n\n<p>Em entrevista exclusiva ao SUNO Not\u00edcias, o relator da reforma do Imposto de Renda no Senado Federal, Angelo Coronel (PSD-BA), afirmou que vai trabalhar contra a taxa\u00e7\u00e3o de lucros e <strong><a class=\"suno-keyword\" href=\"https:\/\/www.suno.com.br\/guias\/dividendos\/\" target=\"_blank\" rel=\"noopener\" data-force=\"no\" data-priority=\"1\">dividendos<\/a><\/strong>, como quer o governo e como foi aprovado pela C\u00e2mara dos Deputados. O pol\u00edtico criticou a equipe econ\u00f4mica do ministro Paulo Guedes, que teria formulado uma proposta &#8220;estapaf\u00fardia&#8221; e deficiente em dados, de forma que ela dever\u00e1 ficar em sua gaveta pelo menos at\u00e9 o fim deste ano.<\/p>\n\t<p>\n\t\t<a href=\"https:\/\/lp.suno.com.br\/planilha-controle-gastos\/\" target=\"_blank\" data-element=\"shortcode-suno-banner\" title=\"Banner SUNO, clique e saiba mais\">\n\t\t\t<picture>\n\t\t\t\t<source media=\"(max-width: 500px)\" srcset=\"https:\/\/files.sunoresearch.com.br\/n\/uploads\/2023\/03\/400x300-Planilha-controle-de-gastos.png\">\n\t\t\t\t<img class=\"newsContent__article__imgCapa newsContent__article__imgCapa--banner\"\n\t\t\t\t\tsrc=\"https:\/\/files.sunoresearch.com.br\/n\/uploads\/2023\/03\/1420x240-Planilha-controle-de-gastos.png\"\n\t\t\t\t\tdata-promo-id=\"101751\"\t\t\t\t\t\t\t\t\t\twidth='1420' height='240'\t\t\t\t\talt=\"https:\/\/files.sunoresearch.com.br\/n\/uploads\/2023\/03\/1420x240-Planilha-controle-de-gastos.png\"\n\t\t\t\t>\n\t\t\t<\/picture>\n\t\t<\/a>\n\t<\/p>\n\n\n<p>O texto aprovado pela C\u00e2mara no come\u00e7o de setembro prop\u00f5e que <strong>lucros e dividendos<\/strong>, atualmente livres de impostos, sejam taxados em 15% &#8211; o projeto original falava em al\u00edquota de 20%. Com a nova fonte permanente de recursos, Guedes intencionava bancar parte do <strong>Aux\u00edlio Brasil<\/strong>, programa social que vai substituir o Bolsa Fam\u00edlia e que deve pagar R$ 400 reais mensais a 17 milh\u00f5es de benefici\u00e1rios, conforme determina\u00e7\u00e3o do presidente Jair Bolsonaro. Lucros e dividendos foram taxados no Brasil at\u00e9 1994.<\/p>\n<p>&#8220;Reforma \u00e9 para facilitar e reduzir, n\u00e3o para piorar e aumentar. Sou contra qualquer modifica\u00e7\u00e3o que venha a onerar mais as empresas brasileiras. Sou contra a taxa\u00e7\u00e3o de lucros e dividendos porque no passado, quando existia, houve um contencioso muito grande&#8221;, argumentou o senador. &#8220;Ent\u00e3o, [taxa\u00e7\u00e3o] de estoques de dividendos, deletado&#8221;.<\/p>\n\n\t<div data-element=\"shortcode-read-more\" class=\"readToo\">\n\t\t\t\t<span class=\"readToo__title\">Leia mais<\/span>\n\t\t\t\t<ul class=\"readToo__list\">\n\t\t\t<li><a href=\"https:\/\/www.suno.com.br\/noticias\/reforma-do-imposto-de-renda-faixas-de-pessoa-fisica\/\">Reforma do Imposto de Renda: relator avalia corrigir faixas de pessoa f\u00edsica em 41%<\/a><\/li><li><a href=\"https:\/\/www.suno.com.br\/noticias\/reforma-do-imposto-de-renda-relator-tirar-tributacao-dividendos\/\">Reforma do Imposto de Renda: relator afirma que vai retirar tributa\u00e7\u00e3o de dividendos do texto<\/a><\/li>\t\t<\/ul>\n\t<\/div>\n\n\n<p>Angelo Coronel pontuou que o governo deveria ter priorizado a simplifica\u00e7\u00e3o tribut\u00e1ria e a <strong>unifica\u00e7\u00e3o do PIS\/Cofins<\/strong>, e que a reforma do imposto de renda s\u00f3 deveria ser apreciada no Senado em 2023, isto \u00e9, no in\u00edcio do pr\u00f3ximo governo. &#8220;N\u00e3o vejo, em final de governo, nenhuma necessidade para se modificar um produto t\u00e3o melindroso que \u00e9 o imposto de renda&#8221;, disse.<\/p>\n\t<p>\n\t\t<a href=\"\" target=\"_blank\" data-element=\"shortcode-suno-banner\" title=\"Banner SUNO, clique e saiba mais\">\n\t\t\t<picture>\n\t\t\t\t<source media=\"(max-width: 500px)\" srcset=\"\">\n\t\t\t\t<img class=\"newsContent__article__imgCapa newsContent__article__imgCapa--banner\"\n\t\t\t\t\tsrc=\"\"\n\t\t\t\t\tdata-promo-id=\"77053\"\t\t\t\t\t\t\t\t\t\t\t\t\t\t\talt=\"\"\n\t\t\t\t>\n\t\t\t<\/picture>\n\t\t<\/a>\n\t<\/p>\n\n\n<p>O relator conjectura que o projeto encaminhado pelo Executivo n\u00e3o tenha sido devidamente analisado pelo <strong>ministro Paulo Guedes<\/strong> e atribui a autoria a supostos &#8220;paladinos de dentro do <a class=\"suno-keyword\" href=\"https:\/\/www.suno.com.br\/artigos\/ministerio-da-economia\/\" target=\"_blank\" rel=\"noopener\" data-force=\"no\" data-priority=\"3\">Minist\u00e9rio da Economia<\/a> que s\u00e3o contr\u00e1rios \u00e0s empresas&#8221;.<\/p>\n<p>Questionado sobre seu di\u00e1logo com o chefe da pasta, o senador disse ao SUNO Not\u00edcias que s\u00f3 esteve pessoalmente com Guedes uma vez e que teve &#8220;vontade de falar, mas ele n\u00e3o deixa, realmente gosta de falar com mais rapidez, com mais intensidade&#8221;, alfinetou.<\/p>\n<h2>Crise na equipe econ\u00f4mica<\/h2>\n<p>Nesta semana, quatro secret\u00e1rios do Minist\u00e9rio da Economia pediram demiss\u00e3o logo depois de o ministro Paulo Guedes se mostrar comprometido com uma altera\u00e7\u00e3o no <a class=\"suno-keyword\" href=\"https:\/\/www.suno.com.br\/artigos\/teto-de-gastos\/\" target=\"_blank\" rel=\"noopener\" data-force=\"no\" data-priority=\"1\">teto de gastos<\/a> que deve liberar R$ 40 bilh\u00f5es para gastos do governo em ano eleitoral. Desde ent\u00e3o, aumentaram os rumores no mercado de que tamb\u00e9m o ministro estaria a ponto de deixar o cargo.<\/p>\n<p>O relator da reforma do imposto de renda afirmou que h\u00e1, no Congresso, &#8220;expectativa de outras baixas&#8221; na equipe econ\u00f4mica, mas que Guedes deveria permanecer no cargo. &#8220;Espero que ele fique no barco at\u00e9 o final&#8221;, disse.<\/p>\n\t<p>\n\t\t<a href=\"\" target=\"_blank\" data-element=\"shortcode-suno-banner\" title=\"Banner SUNO, clique e saiba mais\">\n\t\t\t<picture>\n\t\t\t\t<source media=\"(max-width: 500px)\" srcset=\"\">\n\t\t\t\t<img class=\"newsContent__article__imgCapa newsContent__article__imgCapa--banner\"\n\t\t\t\t\tsrc=\"\"\n\t\t\t\t\tdata-promo-id=\"89005\"\t\t\t\t\t\t\t\t\t\t\t\t\t\t\talt=\"\"\n\t\t\t\t>\n\t\t\t<\/picture>\n\t\t<\/a>\n\t<\/p>\n\n\n<h2>Corre\u00e7\u00e3o da tabela do imposto de renda de pessoas f\u00edsicas<\/h2>\n<p>Al\u00e9m de ser contra a taxa\u00e7\u00e3o de lucros e <strong>dividendos<\/strong>, o senador pela Bahia disse que vai apresentar um projeto de lei separado que estabelecia o reajuste anual das faixas de tributa\u00e7\u00e3o do<strong> imposto de renda<\/strong> para pessoas f\u00edsicas. O valor seria reajustado pela infla\u00e7\u00e3o do ano anterior.<\/p>\n<p>Segundo o pol\u00edtico, o governo j\u00e1 est\u00e1 sendo beneficiado pela infla\u00e7\u00e3o, que tem impulsionado a arrecada\u00e7\u00e3o federal. O reajuste anual da tabela do IRPF seria, portanto, uma quest\u00e3o de justi\u00e7a. &#8220;N\u00e3o pode somente um lado ganhar e o outro lado perder&#8221;.<\/p>\n\t<p>\n\t\t<a href=\"https:\/\/lp.suno.com.br\/planilha-de-controle-de-investimentos\/\" target=\"_blank\" data-element=\"shortcode-suno-banner\" title=\"Banner SUNO, clique e saiba mais\">\n\t\t\t<picture>\n\t\t\t\t<source media=\"(max-width: 500px)\" srcset=\"https:\/\/files.sunoresearch.com.br\/n\/uploads\/2023\/03\/400x300-Controle-de-Investimentos.png\">\n\t\t\t\t<img class=\"newsContent__article__imgCapa newsContent__article__imgCapa--banner\"\n\t\t\t\t\tsrc=\"https:\/\/files.sunoresearch.com.br\/n\/uploads\/2023\/03\/1420x240-Controle-de-Investimentos.png\"\n\t\t\t\t\tdata-promo-id=\"75934\"\t\t\t\t\t\t\t\t\t\twidth='1420' height='240'\t\t\t\t\talt=\"https:\/\/files.sunoresearch.com.br\/n\/uploads\/2023\/03\/1420x240-Controle-de-Investimentos.png\"\n\t\t\t\t>\n\t\t\t<\/picture>\n\t\t<\/a>\n\t<\/p>\n\n\n","protected":false},"excerpt":{"rendered":"<p>Reforma do IR: Angelo Coronel (PSD- BA), relator da reforma do IR no Senado, diz que a tributa\u00e7\u00e3o de dividendos e lucros levaria ao &quot;maior contencioso tribut\u00e1rio da hist\u00f3ria&quot; &#8211; Foto: Roque de S\u00e1\/Ag\u00eancia Senado Em entrevista exclusiva ao SUNO Not\u00edcias, o relator da reforma do Imposto de Renda no Senado Federal, Angelo Coronel (PSD-BA), [&hellip;]<\/p>\n","protected":false},"author":111,"featured_media":196475,"comment_status":"closed","ping_status":"closed","sticky":false,"template":"","format":"standard","meta":[],"categories":[62,61],"tags":[295,303],"suno_strategy":[],"class_list":["post-196473","post","type-post","status-publish","format-standard","has-post-thumbnail","hentry","category-economia","category-politica","tag-dividendos","tag-imposto-de-renda"],"yoast_head":"<!-- This site is optimized with the Yoast SEO plugin v24.4 - https:\/\/yoast.com\/wordpress\/plugins\/seo\/ -->\n<title>Relator quer &quot;deletar&quot; taxa\u00e7\u00e3o de dividendos das empresas<\/title>\n<meta name=\"description\" content=\"Senador Angelo Coronel (PSD-BA) diz que taxa\u00e7\u00e3o de dividendos est\u00e1 &quot;deletada&quot; e proposta \u00e9 &quot;estapaf\u00fardia&quot; e deficiente em dados. Veja mais!\" \/>\n<meta name=\"robots\" content=\"index, follow, max-snippet:-1, max-image-preview:large, max-video-preview:-1\" \/>\n<link rel=\"canonical\" href=\"https:\/\/www.suno.com.br\/noticias\/dividendos-taxacao-lucros-deletar-angelo-coronel-relator\/\" \/>\n<meta property=\"og:locale\" content=\"pt_BR\" \/>\n<meta property=\"og:type\" content=\"article\" \/>\n<meta property=\"og:title\" content=\"Relator quer &quot;deletar&quot; taxa\u00e7\u00e3o de dividendos das empresas\" \/>\n<meta property=\"og:description\" content=\"Senador Angelo Coronel (PSD-BA) diz que taxa\u00e7\u00e3o de dividendos est\u00e1 &quot;deletada&quot; e proposta \u00e9 &quot;estapaf\u00fardia&quot; e deficiente em dados. Veja mais!\" \/>\n<meta property=\"og:url\" content=\"https:\/\/www.suno.com.br\/noticias\/dividendos-taxacao-lucros-deletar-angelo-coronel-relator\/\" \/>\n<meta property=\"og:site_name\" content=\"Suno Not\u00edcias\" \/>\n<meta property=\"article:publisher\" content=\"https:\/\/facebook.com\/sunoresearch\" \/>\n<meta property=\"og:image\" content=\"https:\/\/files.sunoresearch.com.br\/n\/uploads\/2021\/10\/49492656778_82d016711b_z.jpg\" \/>\n\t<meta property=\"og:image:width\" content=\"640\" \/>\n\t<meta property=\"og:image:height\" content=\"427\" \/>\n\t<meta property=\"og:image:type\" content=\"image\/jpeg\" \/>\n<meta name=\"author\" content=\"Gregory Prudenciano\" \/>\n<meta name=\"twitter:card\" content=\"summary_large_image\" \/>\n<meta name=\"twitter:creator\" content=\"@sunoresearch\" \/>\n<meta name=\"twitter:site\" content=\"@sunoresearch\" \/>\n<meta name=\"twitter:label1\" content=\"Escrito por\" \/>\n\t<meta name=\"twitter:data1\" content=\"Gregory Prudenciano\" \/>\n\t<meta name=\"twitter:label2\" content=\"Est. tempo de leitura\" \/>\n\t<meta name=\"twitter:data2\" content=\"3 minutos\" \/>\n<script type=\"application\/ld+json\" class=\"yoast-schema-graph\">{\"@context\":\"https:\/\/schema.org\",\"@graph\":[{\"@type\":\"NewsArticle\",\"@id\":\"https:\/\/www.suno.com.br\/noticias\/dividendos-taxacao-lucros-deletar-angelo-coronel-relator\/#article\",\"isPartOf\":{\"@id\":\"https:\/\/www.suno.com.br\/noticias\/dividendos-taxacao-lucros-deletar-angelo-coronel-relator\/\"},\"author\":{\"name\":\"Gregory Prudenciano\",\"@id\":\"https:\/\/www.suno.com.br\/noticias\/#\/schema\/person\/da91b98f4bb07e19f6fe797f0827ccee\"},\"headline\":\"Relator quer &#8220;deletar&#8221; taxa\u00e7\u00e3o de dividendos e diz que reforma do imposto de renda \u00e9 &#8220;estapaf\u00fardia&#8221;\",\"datePublished\":\"2021-10-23T13:05:15+00:00\",\"dateModified\":\"2021-10-23T13:55:53+00:00\",\"mainEntityOfPage\":{\"@id\":\"https:\/\/www.suno.com.br\/noticias\/dividendos-taxacao-lucros-deletar-angelo-coronel-relator\/\"},\"wordCount\":635,\"publisher\":{\"@id\":\"https:\/\/www.suno.com.br\/noticias\/#organization\"},\"image\":{\"@id\":\"https:\/\/www.suno.com.br\/noticias\/dividendos-taxacao-lucros-deletar-angelo-coronel-relator\/#primaryimage\"},\"thumbnailUrl\":\"https:\/\/files.sunoresearch.com.br\/n\/uploads\/2021\/10\/49492656778_82d016711b_z.jpg\",\"keywords\":[\"dividendos\",\"Imposto de Renda\"],\"articleSection\":[\"Economia\",\"Pol\u00edtica\"],\"inLanguage\":\"pt-BR\"},{\"@type\":\"WebPage\",\"@id\":\"https:\/\/www.suno.com.br\/noticias\/dividendos-taxacao-lucros-deletar-angelo-coronel-relator\/\",\"url\":\"https:\/\/www.suno.com.br\/noticias\/dividendos-taxacao-lucros-deletar-angelo-coronel-relator\/\",\"name\":\"Relator quer \\\"deletar\\\" taxa\u00e7\u00e3o de dividendos das empresas\",\"isPartOf\":{\"@id\":\"https:\/\/www.suno.com.br\/noticias\/#website\"},\"primaryImageOfPage\":{\"@id\":\"https:\/\/www.suno.com.br\/noticias\/dividendos-taxacao-lucros-deletar-angelo-coronel-relator\/#primaryimage\"},\"image\":{\"@id\":\"https:\/\/www.suno.com.br\/noticias\/dividendos-taxacao-lucros-deletar-angelo-coronel-relator\/#primaryimage\"},\"thumbnailUrl\":\"https:\/\/files.sunoresearch.com.br\/n\/uploads\/2021\/10\/49492656778_82d016711b_z.jpg\",\"datePublished\":\"2021-10-23T13:05:15+00:00\",\"dateModified\":\"2021-10-23T13:55:53+00:00\",\"description\":\"Senador Angelo Coronel (PSD-BA) diz que taxa\u00e7\u00e3o de dividendos est\u00e1 \\\"deletada\\\" e proposta \u00e9 \\\"estapaf\u00fardia\\\" e deficiente em dados. Veja mais!\",\"breadcrumb\":{\"@id\":\"https:\/\/www.suno.com.br\/noticias\/dividendos-taxacao-lucros-deletar-angelo-coronel-relator\/#breadcrumb\"},\"inLanguage\":\"pt-BR\",\"potentialAction\":[{\"@type\":\"ReadAction\",\"target\":[\"https:\/\/www.suno.com.br\/noticias\/dividendos-taxacao-lucros-deletar-angelo-coronel-relator\/\"]}]},{\"@type\":\"ImageObject\",\"inLanguage\":\"pt-BR\",\"@id\":\"https:\/\/www.suno.com.br\/noticias\/dividendos-taxacao-lucros-deletar-angelo-coronel-relator\/#primaryimage\",\"url\":\"https:\/\/files.sunoresearch.com.br\/n\/uploads\/2021\/10\/49492656778_82d016711b_z.jpg\",\"contentUrl\":\"https:\/\/files.sunoresearch.com.br\/n\/uploads\/2021\/10\/49492656778_82d016711b_z.jpg\",\"width\":640,\"height\":427,\"caption\":\"O senador Angelo Coronel (PSD-BA) \u00e9 contr\u00e1rio \u00e0 taxa\u00e7\u00e3o de tributos e dividendos. Jane de Ara\u00fajo\/Ag\u00eancia Senado\"},{\"@type\":\"BreadcrumbList\",\"@id\":\"https:\/\/www.suno.com.br\/noticias\/dividendos-taxacao-lucros-deletar-angelo-coronel-relator\/#breadcrumb\",\"itemListElement\":[{\"@type\":\"ListItem\",\"position\":1,\"name\":\"Not\u00edcias\",\"item\":\"https:\/\/www.suno.com.br\/noticias\/\"},{\"@type\":\"ListItem\",\"position\":2,\"name\":\"Pol\u00edtica\",\"item\":\"https:\/\/www.suno.com.br\/noticias\/politica\/\"},{\"@type\":\"ListItem\",\"position\":3,\"name\":\"Relator quer &#8220;deletar&#8221; taxa\u00e7\u00e3o de dividendos e diz que reforma do imposto de renda \u00e9 &#8220;estapaf\u00fardia&#8221;\"}]},{\"@type\":\"WebSite\",\"@id\":\"https:\/\/www.suno.com.br\/noticias\/#website\",\"url\":\"https:\/\/www.suno.com.br\/noticias\/\",\"name\":\"Suno Not\u00edcias\",\"description\":\"Seu portal de informa\u00e7\u00e3o sobre o mundo dos investimentos\",\"publisher\":{\"@id\":\"https:\/\/www.suno.com.br\/noticias\/#organization\"},\"potentialAction\":[{\"@type\":\"SearchAction\",\"target\":{\"@type\":\"EntryPoint\",\"urlTemplate\":\"https:\/\/www.suno.com.br\/noticias\/?s={search_term_string}\"},\"query-input\":{\"@type\":\"PropertyValueSpecification\",\"valueRequired\":true,\"valueName\":\"search_term_string\"}}],\"inLanguage\":\"pt-BR\"},{\"@type\":\"Organization\",\"@id\":\"https:\/\/www.suno.com.br\/noticias\/#organization\",\"name\":\"Suno Not\u00edcias\",\"url\":\"https:\/\/www.suno.com.br\/noticias\/\",\"logo\":{\"@type\":\"ImageObject\",\"inLanguage\":\"pt-BR\",\"@id\":\"https:\/\/www.suno.com.br\/noticias\/#\/schema\/logo\/image\/\",\"url\":\"https:\/\/files.sunoresearch.com.br\/n\/uploads\/2021\/09\/suno-logo.png\",\"contentUrl\":\"https:\/\/files.sunoresearch.com.br\/n\/uploads\/2021\/09\/suno-logo.png\",\"width\":180,\"height\":180,\"caption\":\"Suno Not\u00edcias\"},\"image\":{\"@id\":\"https:\/\/www.suno.com.br\/noticias\/#\/schema\/logo\/image\/\"},\"sameAs\":[\"https:\/\/facebook.com\/sunoresearch\",\"https:\/\/x.com\/sunoresearch\",\"https:\/\/www.instagram.com\/suno\",\"https:\/\/www.linkedin.com\/company\/suno-research\/\",\"https:\/\/www.youtube.com\/c\/sunoresearch\"]},{\"@type\":\"Person\",\"@id\":\"https:\/\/www.suno.com.br\/noticias\/#\/schema\/person\/da91b98f4bb07e19f6fe797f0827ccee\",\"name\":\"Gregory Prudenciano\",\"image\":{\"@type\":\"ImageObject\",\"inLanguage\":\"pt-BR\",\"@id\":\"https:\/\/www.suno.com.br\/noticias\/#\/schema\/person\/image\/\",\"url\":\"https:\/\/secure.gravatar.com\/avatar\/a1a3184084b4e5c438b40b55330461f8?s=96&r=g\",\"contentUrl\":\"https:\/\/secure.gravatar.com\/avatar\/a1a3184084b4e5c438b40b55330461f8?s=96&r=g\",\"caption\":\"Gregory Prudenciano\"},\"description\":\"Editor multim\u00eddia na Suno Not\u00edcias. Jornalista formado pela C\u00e1sper L\u00edbero, com especializa\u00e7\u00e3o em jornalismo econ\u00f4mico pela funda\u00e7\u00e3o Getulio Vargas e Grupo Estado. Passou pela Ag\u00eancia Estado e pela CNN Brasil.\",\"url\":\"https:\/\/www.suno.com.br\/noticias\/author\/gregory-prudenciano\/\"}]}<\/script>\n<!-- \/ Yoast SEO plugin. -->","yoast_head_json":{"title":"Relator quer \"deletar\" taxa\u00e7\u00e3o de dividendos das empresas","description":"Senador Angelo Coronel (PSD-BA) diz que taxa\u00e7\u00e3o de dividendos est\u00e1 \"deletada\" e proposta \u00e9 \"estapaf\u00fardia\" e deficiente em dados. Veja mais!","robots":{"index":"index","follow":"follow","max-snippet":"max-snippet:-1","max-image-preview":"max-image-preview:large","max-video-preview":"max-video-preview:-1"},"canonical":"https:\/\/www.suno.com.br\/noticias\/dividendos-taxacao-lucros-deletar-angelo-coronel-relator\/","og_locale":"pt_BR","og_type":"article","og_title":"Relator quer \"deletar\" taxa\u00e7\u00e3o de dividendos das empresas","og_description":"Senador Angelo Coronel (PSD-BA) diz que taxa\u00e7\u00e3o de dividendos est\u00e1 \"deletada\" e proposta \u00e9 \"estapaf\u00fardia\" e deficiente em dados. Veja mais!","og_url":"https:\/\/www.suno.com.br\/noticias\/dividendos-taxacao-lucros-deletar-angelo-coronel-relator\/","og_site_name":"Suno Not\u00edcias","article_publisher":"https:\/\/facebook.com\/sunoresearch","og_image":[{"width":640,"height":427,"url":"https:\/\/files.sunoresearch.com.br\/n\/uploads\/2021\/10\/49492656778_82d016711b_z.jpg","type":"image\/jpeg"}],"author":"Gregory Prudenciano","twitter_card":"summary_large_image","twitter_creator":"@sunoresearch","twitter_site":"@sunoresearch","twitter_misc":{"Escrito por":"Gregory Prudenciano","Est. tempo de leitura":"3 minutos"},"schema":{"@context":"https:\/\/schema.org","@graph":[{"@type":"NewsArticle","@id":"https:\/\/www.suno.com.br\/noticias\/dividendos-taxacao-lucros-deletar-angelo-coronel-relator\/#article","isPartOf":{"@id":"https:\/\/www.suno.com.br\/noticias\/dividendos-taxacao-lucros-deletar-angelo-coronel-relator\/"},"author":{"name":"Gregory Prudenciano","@id":"https:\/\/www.suno.com.br\/noticias\/#\/schema\/person\/da91b98f4bb07e19f6fe797f0827ccee"},"headline":"Relator quer &#8220;deletar&#8221; taxa\u00e7\u00e3o de dividendos e diz que reforma do imposto de renda \u00e9 &#8220;estapaf\u00fardia&#8221;","datePublished":"2021-10-23T13:05:15+00:00","dateModified":"2021-10-23T13:55:53+00:00","mainEntityOfPage":{"@id":"https:\/\/www.suno.com.br\/noticias\/dividendos-taxacao-lucros-deletar-angelo-coronel-relator\/"},"wordCount":635,"publisher":{"@id":"https:\/\/www.suno.com.br\/noticias\/#organization"},"image":{"@id":"https:\/\/www.suno.com.br\/noticias\/dividendos-taxacao-lucros-deletar-angelo-coronel-relator\/#primaryimage"},"thumbnailUrl":"https:\/\/files.sunoresearch.com.br\/n\/uploads\/2021\/10\/49492656778_82d016711b_z.jpg","keywords":["dividendos","Imposto de Renda"],"articleSection":["Economia","Pol\u00edtica"],"inLanguage":"pt-BR"},{"@type":"WebPage","@id":"https:\/\/www.suno.com.br\/noticias\/dividendos-taxacao-lucros-deletar-angelo-coronel-relator\/","url":"https:\/\/www.suno.com.br\/noticias\/dividendos-taxacao-lucros-deletar-angelo-coronel-relator\/","name":"Relator quer \"deletar\" taxa\u00e7\u00e3o de dividendos das empresas","isPartOf":{"@id":"https:\/\/www.suno.com.br\/noticias\/#website"},"primaryImageOfPage":{"@id":"https:\/\/www.suno.com.br\/noticias\/dividendos-taxacao-lucros-deletar-angelo-coronel-relator\/#primaryimage"},"image":{"@id":"https:\/\/www.suno.com.br\/noticias\/dividendos-taxacao-lucros-deletar-angelo-coronel-relator\/#primaryimage"},"thumbnailUrl":"https:\/\/files.sunoresearch.com.br\/n\/uploads\/2021\/10\/49492656778_82d016711b_z.jpg","datePublished":"2021-10-23T13:05:15+00:00","dateModified":"2021-10-23T13:55:53+00:00","description":"Senador Angelo Coronel (PSD-BA) diz que taxa\u00e7\u00e3o de dividendos est\u00e1 \"deletada\" e proposta \u00e9 \"estapaf\u00fardia\" e deficiente em dados. Veja mais!","breadcrumb":{"@id":"https:\/\/www.suno.com.br\/noticias\/dividendos-taxacao-lucros-deletar-angelo-coronel-relator\/#breadcrumb"},"inLanguage":"pt-BR","potentialAction":[{"@type":"ReadAction","target":["https:\/\/www.suno.com.br\/noticias\/dividendos-taxacao-lucros-deletar-angelo-coronel-relator\/"]}]},{"@type":"ImageObject","inLanguage":"pt-BR","@id":"https:\/\/www.suno.com.br\/noticias\/dividendos-taxacao-lucros-deletar-angelo-coronel-relator\/#primaryimage","url":"https:\/\/files.sunoresearch.com.br\/n\/uploads\/2021\/10\/49492656778_82d016711b_z.jpg","contentUrl":"https:\/\/files.sunoresearch.com.br\/n\/uploads\/2021\/10\/49492656778_82d016711b_z.jpg","width":640,"height":427,"caption":"O senador Angelo Coronel (PSD-BA) \u00e9 contr\u00e1rio \u00e0 taxa\u00e7\u00e3o de tributos e dividendos. Jane de Ara\u00fajo\/Ag\u00eancia Senado"},{"@type":"BreadcrumbList","@id":"https:\/\/www.suno.com.br\/noticias\/dividendos-taxacao-lucros-deletar-angelo-coronel-relator\/#breadcrumb","itemListElement":[{"@type":"ListItem","position":1,"name":"Not\u00edcias","item":"https:\/\/www.suno.com.br\/noticias\/"},{"@type":"ListItem","position":2,"name":"Pol\u00edtica","item":"https:\/\/www.suno.com.br\/noticias\/politica\/"},{"@type":"ListItem","position":3,"name":"Relator quer &#8220;deletar&#8221; taxa\u00e7\u00e3o de dividendos e diz que reforma do imposto de renda \u00e9 &#8220;estapaf\u00fardia&#8221;"}]},{"@type":"WebSite","@id":"https:\/\/www.suno.com.br\/noticias\/#website","url":"https:\/\/www.suno.com.br\/noticias\/","name":"Suno Not\u00edcias","description":"Seu portal de informa\u00e7\u00e3o sobre o mundo dos investimentos","publisher":{"@id":"https:\/\/www.suno.com.br\/noticias\/#organization"},"potentialAction":[{"@type":"SearchAction","target":{"@type":"EntryPoint","urlTemplate":"https:\/\/www.suno.com.br\/noticias\/?s={search_term_string}"},"query-input":{"@type":"PropertyValueSpecification","valueRequired":true,"valueName":"search_term_string"}}],"inLanguage":"pt-BR"},{"@type":"Organization","@id":"https:\/\/www.suno.com.br\/noticias\/#organization","name":"Suno Not\u00edcias","url":"https:\/\/www.suno.com.br\/noticias\/","logo":{"@type":"ImageObject","inLanguage":"pt-BR","@id":"https:\/\/www.suno.com.br\/noticias\/#\/schema\/logo\/image\/","url":"https:\/\/files.sunoresearch.com.br\/n\/uploads\/2021\/09\/suno-logo.png","contentUrl":"https:\/\/files.sunoresearch.com.br\/n\/uploads\/2021\/09\/suno-logo.png","width":180,"height":180,"caption":"Suno Not\u00edcias"},"image":{"@id":"https:\/\/www.suno.com.br\/noticias\/#\/schema\/logo\/image\/"},"sameAs":["https:\/\/facebook.com\/sunoresearch","https:\/\/x.com\/sunoresearch","https:\/\/www.instagram.com\/suno","https:\/\/www.linkedin.com\/company\/suno-research\/","https:\/\/www.youtube.com\/c\/sunoresearch"]},{"@type":"Person","@id":"https:\/\/www.suno.com.br\/noticias\/#\/schema\/person\/da91b98f4bb07e19f6fe797f0827ccee","name":"Gregory Prudenciano","image":{"@type":"ImageObject","inLanguage":"pt-BR","@id":"https:\/\/www.suno.com.br\/noticias\/#\/schema\/person\/image\/","url":"https:\/\/secure.gravatar.com\/avatar\/a1a3184084b4e5c438b40b55330461f8?s=96&r=g","contentUrl":"https:\/\/secure.gravatar.com\/avatar\/a1a3184084b4e5c438b40b55330461f8?s=96&r=g","caption":"Gregory Prudenciano"},"description":"Editor multim\u00eddia na Suno Not\u00edcias. Jornalista formado pela C\u00e1sper L\u00edbero, com especializa\u00e7\u00e3o em jornalismo econ\u00f4mico pela funda\u00e7\u00e3o Getulio Vargas e Grupo Estado. Passou pela Ag\u00eancia Estado e pela CNN Brasil.","url":"https:\/\/www.suno.com.br\/noticias\/author\/gregory-prudenciano\/"}]}},"default_loop_html":"<div class=\"cardsPage__listCard__boxs\"><div class=\"cardsPage__listCard__boxs__img\"><a href=\"https:\/\/www.suno.com.br\/noticias\/reforma-do-imposto-de-renda-relator-tirar-tributacao-dividendos\/\"><img class=\"mask\" src=\"https:\/\/www.suno.com.br\/noticias\/wp-content\/themes\/suno\/resources\/images\/spotlight\/spotlight1img\/bg-mask.png\" alt=\"Image Mask\"\/><img src=\"https:\/\/files.sunoresearch.com.br\/n\/uploads\/2021\/10\/relator-reforma-IR-Senado-Angelo-Coronel-400x200.jpg\" alt=\"Reforma do Imposto de Renda: relator afirma que vai retirar tributa\u00e7\u00e3o de dividendos do texto\"\/><\/a><span class=\"spotlightCategory\"><a href=\"https:\/\/www.suno.com.br\/noticias\/economia\/\">Economia<\/a><\/span><\/div><div class=\"cardsPage__listCard__boxs__content\"><a href=\"https:\/\/www.suno.com.br\/noticias\/reforma-do-imposto-de-renda-relator-tirar-tributacao-dividendos\/\"><h2 class=\"content__title\">Reforma do Imposto de Renda: relator afirma que vai retirar tributa\u00e7\u00e3o de dividendos do texto<\/h2><\/a><div class=\"newsContent__article__meta\"><div class=\"newsContent__article__meta__authorBox\"><a href=\"https:\/\/www.suno.com.br\/noticias\/author\/laura-moutinho\/\" class=\"authorBox__avatar noMobi\"><img src=\"https:\/\/files.sunoresearch.com.br\/n\/uploads\/2020\/08\/531ff69d-whatsapp-image-2020-08-03-at-14.54.38-150x150.webp\" alt=\"Laura Moutinho\"><\/a><div class=\"authorBox__name\"><span>por\n\t\t\t<a href=\"https:\/\/www.suno.com.br\/noticias\/author\/laura-moutinho\/\"><span itemprop=\"author\">Laura Moutinho<\/span><\/a><\/span><time datetime=\"2021-10-18T20:30:18-03:00\" itemprop=\"datePublished\">18\/10\/2021 20:30<\/time><\/div><\/div><\/div><\/div><\/div>","single_layout":"posts","amp_enabled":true,"_links":{"self":[{"href":"https:\/\/www.suno.com.br\/noticias\/wp-json\/wp\/v2\/posts\/196473"}],"collection":[{"href":"https:\/\/www.suno.com.br\/noticias\/wp-json\/wp\/v2\/posts"}],"about":[{"href":"https:\/\/www.suno.com.br\/noticias\/wp-json\/wp\/v2\/types\/post"}],"author":[{"embeddable":true,"href":"https:\/\/www.suno.com.br\/noticias\/wp-json\/wp\/v2\/users\/111"}],"replies":[{"embeddable":true,"href":"https:\/\/www.suno.com.br\/noticias\/wp-json\/wp\/v2\/comments?post=196473"}],"version-history":[{"count":4,"href":"https:\/\/www.suno.com.br\/noticias\/wp-json\/wp\/v2\/posts\/196473\/revisions"}],"predecessor-version":[{"id":196741,"href":"https:\/\/www.suno.com.br\/noticias\/wp-json\/wp\/v2\/posts\/196473\/revisions\/196741"}],"wp:featuredmedia":[{"embeddable":true,"href":"https:\/\/www.suno.com.br\/noticias\/wp-json\/wp\/v2\/media\/196475"}],"wp:attachment":[{"href":"https:\/\/www.suno.com.br\/noticias\/wp-json\/wp\/v2\/media?parent=196473"}],"wp:term":[{"taxonomy":"category","embeddable":true,"href":"https:\/\/www.suno.com.br\/noticias\/wp-json\/wp\/v2\/categories?post=196473"},{"taxonomy":"post_tag","embeddable":true,"href":"https:\/\/www.suno.com.br\/noticias\/wp-json\/wp\/v2\/tags?post=196473"},{"taxonomy":"suno_strategy","embeddable":true,"href":"https:\/\/www.suno.com.br\/noticias\/wp-json\/wp\/v2\/suno_strategy?post=196473"}],"curies":[{"name":"wp","href":"https:\/\/api.w.org\/{rel}","templated":true}]}}