{"id":196459,"date":"2021-10-22T15:09:26","date_gmt":"2021-10-22T18:09:26","guid":{"rendered":"https:\/\/www.suno.com.br\/noticias\/?p=196459"},"modified":"2021-10-22T15:11:04","modified_gmt":"2021-10-22T18:11:04","slug":"esteves-colnago-aceita-tesouro-orcamento-bruno-funchal","status":"publish","type":"post","link":"https:\/\/www.suno.com.br\/noticias\/esteves-colnago-aceita-tesouro-orcamento-bruno-funchal\/","title":{"rendered":"Esteves Colnago aceita assumir posto de Bruno Funchal na Secretaria do Tesouro e Or\u00e7amento, diz CNN"},"content":{"rendered":"<p>O ex-ministro do Planejamento e hoje secret\u00e1rio da Assessoria Especial de Rela\u00e7\u00f5es Institucionais do Minist\u00e9rio da Economia, <strong>Esteves Colnago<\/strong>, aceitou assumir o cargo de secret\u00e1rio de Tesouro e Or\u00e7amento da pasta no lugar de Bruno Funchal, quem pediu exonera\u00e7\u00e3o na noite de quinta-feira (21). A informa\u00e7\u00e3o \u00e9 da <em>CNN Brasil<\/em>.<\/p>\t<div class=\"wrapper-featured-image\">\n\t\t<figure class=\"spotlightImg\">\n\n\t\t\t<picture>\n\t\t\t\t<source media=\"(max-width: 768px)\" srcset=\"https:\/\/files.sunoresearch.com.br\/n\/uploads\/2021\/10\/tnrgo_abr_2709185664-400x200.jpg\">\n\t\t\t\t<img loading=\"lazy\" decoding=\"async\" class=\"newsContent__article__imgCapa lazyloadDisabled \" src=\"https:\/\/files.sunoresearch.com.br\/n\/uploads\/2021\/10\/tnrgo_abr_2709185664-800x450.jpg\" width=\"800\" height=\"450\" alt=\"Esteves Colnago aceita assumir posto de Bruno Funchal na Secretaria do Tesouro e Or\u00e7amento, diz CNN\" fetchpriority=high \/>\n\t\t\t<\/picture>\n\n\t\t\t<figcaption class=\"wp-caption-text wp-caption-text--show\">Esteves Colnago. Foto: T\u00e2nia R\u00eago Ag\u00eancia Brasil <\/figcaption>\n\t\t<\/figure>\n\t<\/div>\n\n\n\t<p>\n\t\t<a href=\"https:\/\/lp.suno.com.br\/planilha-controle-gastos\/\" target=\"_blank\" data-element=\"shortcode-suno-banner\" title=\"Banner SUNO, clique e saiba mais\">\n\t\t\t<picture>\n\t\t\t\t<source media=\"(max-width: 500px)\" srcset=\"https:\/\/files.sunoresearch.com.br\/n\/uploads\/2023\/03\/400x300-Planilha-controle-de-gastos.png\">\n\t\t\t\t<img class=\"newsContent__article__imgCapa newsContent__article__imgCapa--banner\"\n\t\t\t\t\tsrc=\"https:\/\/files.sunoresearch.com.br\/n\/uploads\/2023\/03\/1420x240-Planilha-controle-de-gastos.png\"\n\t\t\t\t\tdata-promo-id=\"101751\"\t\t\t\t\t\t\t\t\t\twidth='1420' height='240'\t\t\t\t\talt=\"https:\/\/files.sunoresearch.com.br\/n\/uploads\/2023\/03\/1420x240-Planilha-controle-de-gastos.png\"\n\t\t\t\t>\n\t\t\t<\/picture>\n\t\t<\/a>\n\t<\/p>\n\n\n<p>De acordo com o site da emissora, Esteves Colnago foi o principal atuante no meio campo entre o <strong>Minist\u00e9rio da Economia<\/strong> e o Congresso e era apontadora desde a noite anterior como o sucessor natural de Bruno Funchal.<\/p>\n<p>A equipe econ\u00f4mica do ministro <strong>Paulo Guedes<\/strong> destacou que o economista tem perfil t\u00e9cnico e fiscalista. Manter\u00e1 as premissas do governo federal no trabalho por reformas a fim de por panos quentes no notici\u00e1rio apimentado dos \u00faltimos dias, salientou.<\/p>\n<h2>Esteves Colnago substituir\u00e1 Bruno Funchal ap\u00f3s debandada<\/h2>\n<p>Na noite de quinta-feira, o Minist\u00e9rio da Economia comunicou os pedidos de exonera\u00e7\u00e3o dos secret\u00e1rios <strong>Bruno Funchal<\/strong> e Jeferson Bittencourt, por motivos pessoais.<\/p>\n\n\t<div data-element=\"shortcode-read-more\" class=\"readToo\">\n\t\t\t\t<span class=\"readToo__title\">Saiba mais<\/span>\n\t\t\t\t<ul class=\"readToo__list\">\n\t\t\t<li><a href=\"https:\/\/www.suno.com.br\/noticias\/debandada-ministerio-da-economia-estressa-mercado\/\">Debandada no Minist\u00e9rio da Economia adiciona estresse ao mercado, dizem analistas<\/a><\/li><li><a href=\"https:\/\/www.suno.com.br\/noticias\/secretarios-de-paulo-guedes-pedem-demissao\/\">Secret\u00e1rios de Paulo Guedes pedem demiss\u00e3o em meio \u00e0 tens\u00e3o sobre teto de gastos<\/a><\/li>\t\t<\/ul>\n\t<\/div>\n\n\n<p>A secret\u00e1ria especial adjunta do Tesouro e Or\u00e7amento, Gildenora Dantas, e o secret\u00e1rio adjunto do Tesouro Nacional, Rafael Araujo, tamb\u00e9m pediram exonera\u00e7\u00e3o.<\/p>\n<p>Bruno Funchal e\u00a0<strong>Jeferson Bittencourt<\/strong> haviam se manifestado contr\u00e1rios a quaisquer medidas que flexibilizem o teto federal de gastos, seja para renovar o aux\u00edlio emergencial, seja para ampliar o Bolsa Fam\u00edlia e criar o Aux\u00edlio Brasil.<\/p>\n<p>Assumiram os cargos em abril, ap\u00f3s a sa\u00edda do secret\u00e1rio especial de Fazenda, Waldery Rodrigues. Semanas depois, a Secretaria Especial de Fazenda mudou de nome e passou a chamar-se Secretaria Especial de Tesouro e Or\u00e7amento.<\/p>\n\t<p>\n\t\t<a href=\"https:\/\/lp.suno.com.br\/planilha-da-vida-financeira\/\" target=\"_blank\" data-element=\"shortcode-suno-banner\" title=\"Banner SUNO, clique e saiba mais\">\n\t\t\t<picture>\n\t\t\t\t<source media=\"(max-width: 500px)\" srcset=\"https:\/\/files.sunoresearch.com.br\/n\/uploads\/2023\/04\/400x300-Planilha-vida-financeira-true.png\">\n\t\t\t\t<img class=\"newsContent__article__imgCapa newsContent__article__imgCapa--banner\"\n\t\t\t\t\tsrc=\"https:\/\/files.sunoresearch.com.br\/n\/uploads\/2023\/04\/1420x240-Planilha-vida-financeira-true.png\"\n\t\t\t\t\tdata-promo-id=\"106682\"\t\t\t\t\t\t\t\t\t\twidth='1420' height='240'\t\t\t\t\talt=\"https:\/\/files.sunoresearch.com.br\/n\/uploads\/2023\/04\/1420x240-Planilha-vida-financeira-true.png\"\n\t\t\t\t>\n\t\t\t<\/picture>\n\t\t<\/a>\n\t<\/p>\n\n\n<p>Em 2017 e 2018, Funchal foi secret\u00e1rio de Fazenda do Esp\u00edrito Santo e um dos respons\u00e1veis pelo processo de ajuste das contas p\u00fablicas promovido pelo estado. Desde o in\u00edcio do governo atual, integrava a equipe da Secretaria Especial de Fazenda como diretor de programa, sendo um dos t\u00e9cnicos respons\u00e1veis para elabora\u00e7\u00e3o do novo marco fiscal.<\/p>\n<p>Em junho de 2020, Funchal assumiu a Secretaria do <strong>Tesouro Nacional<\/strong>, de onde saiu para assumir a Secret\u00e1rio Especial de <strong>Tesouro e Or\u00e7amento<\/strong>. Servidor de carreira do Tesouro Nacional, Bittencourt ocupou cargos de coordenador e de subsecret\u00e1rio, antes de comandar o \u00f3rg\u00e3o.<\/p>\n<p>A escolha para substituir Jeferson Bittencourt na Secret\u00e1ria do Tesouro Nacional ficar\u00e1 a cargo de <strong>Esteves Colnago<\/strong>. A alternativa ainda n\u00e3o tem nome.<\/p>\n<p><em>(Com Ag\u00eancia Brasil)<\/em><\/p>\n\t<p>\n\t\t<a href=\"\" target=\"_blank\" data-element=\"shortcode-suno-banner\" title=\"Banner SUNO, clique e saiba mais\">\n\t\t\t<picture>\n\t\t\t\t<source media=\"(max-width: 500px)\" srcset=\"\">\n\t\t\t\t<img class=\"newsContent__article__imgCapa newsContent__article__imgCapa--banner\"\n\t\t\t\t\tsrc=\"\"\n\t\t\t\t\tdata-promo-id=\"184190\"\t\t\t\t\t\t\t\t\t\t\t\t\t\t\talt=\"\"\n\t\t\t\t>\n\t\t\t<\/picture>\n\t\t<\/a>\n\t<\/p>\n\n\n","protected":false},"excerpt":{"rendered":"<p>O ex-ministro do Planejamento e hoje secret\u00e1rio da Assessoria Especial de Rela\u00e7\u00f5es Institucionais do Minist\u00e9rio da Economia, Esteves Colnago, aceitou assumir o cargo de secret\u00e1rio de Tesouro e Or\u00e7amento da pasta no lugar de Bruno Funchal, quem pediu exonera\u00e7\u00e3o na noite de quinta-feira (21). A informa\u00e7\u00e3o \u00e9 da CNN Brasil. Apesar das promessas de recupera\u00e7\u00e3o [&hellip;]<\/p>\n","protected":false},"author":35,"featured_media":196484,"comment_status":"closed","ping_status":"closed","sticky":false,"template":"","format":"standard","meta":[],"categories":[61],"tags":[909,796],"suno_strategy":[],"class_list":["post-196459","post","type-post","status-publish","format-standard","has-post-thumbnail","hentry","category-politica","tag-ministerio-da-economia","tag-paulo-guedes"],"yoast_head":"<!-- This site is optimized with the Yoast SEO plugin v24.4 - https:\/\/yoast.com\/wordpress\/plugins\/seo\/ -->\n<title>Esteves Colnago aceita assumir posto de Bruno Funchal, diz CNN<\/title>\n<meta name=\"description\" content=\"Esteves Colnago aceitou assumir a Secretaria de Tesouro e Or\u00e7amento no lugar de Bruno Funchal, reportou a CNN Brasil. Clique para ler mais.\" \/>\n<meta name=\"robots\" content=\"index, follow, max-snippet:-1, max-image-preview:large, max-video-preview:-1\" \/>\n<link rel=\"canonical\" href=\"https:\/\/www.suno.com.br\/noticias\/esteves-colnago-aceita-tesouro-orcamento-bruno-funchal\/\" \/>\n<meta property=\"og:locale\" content=\"pt_BR\" \/>\n<meta property=\"og:type\" content=\"article\" \/>\n<meta property=\"og:title\" content=\"Esteves Colnago aceita assumir posto de Bruno Funchal, diz CNN\" \/>\n<meta property=\"og:description\" content=\"Esteves Colnago aceitou assumir a Secretaria de Tesouro e Or\u00e7amento no lugar de Bruno Funchal, reportou a CNN Brasil. Clique para ler mais.\" \/>\n<meta property=\"og:url\" content=\"https:\/\/www.suno.com.br\/noticias\/esteves-colnago-aceita-tesouro-orcamento-bruno-funchal\/\" \/>\n<meta property=\"og:site_name\" content=\"Suno Not\u00edcias\" \/>\n<meta property=\"article:publisher\" content=\"https:\/\/facebook.com\/sunoresearch\" \/>\n<meta property=\"og:image\" content=\"https:\/\/files.sunoresearch.com.br\/n\/uploads\/2021\/10\/tnrgo_abr_2709185664-scaled.jpg\" \/>\n\t<meta property=\"og:image:width\" content=\"2560\" \/>\n\t<meta property=\"og:image:height\" content=\"1707\" \/>\n\t<meta property=\"og:image:type\" content=\"image\/jpeg\" \/>\n<meta name=\"author\" content=\"Arthur Guimar\u00e3es\" \/>\n<meta name=\"twitter:card\" content=\"summary_large_image\" \/>\n<meta name=\"twitter:creator\" content=\"@sunoresearch\" \/>\n<meta name=\"twitter:site\" content=\"@sunoresearch\" \/>\n<meta name=\"twitter:label1\" content=\"Escrito por\" \/>\n\t<meta name=\"twitter:data1\" content=\"Arthur Guimar\u00e3es\" \/>\n\t<meta name=\"twitter:label2\" content=\"Est. tempo de leitura\" \/>\n\t<meta name=\"twitter:data2\" content=\"2 minutos\" \/>\n<script type=\"application\/ld+json\" class=\"yoast-schema-graph\">{\"@context\":\"https:\/\/schema.org\",\"@graph\":[{\"@type\":\"NewsArticle\",\"@id\":\"https:\/\/www.suno.com.br\/noticias\/esteves-colnago-aceita-tesouro-orcamento-bruno-funchal\/#article\",\"isPartOf\":{\"@id\":\"https:\/\/www.suno.com.br\/noticias\/esteves-colnago-aceita-tesouro-orcamento-bruno-funchal\/\"},\"author\":{\"name\":\"Arthur Guimar\u00e3es\",\"@id\":\"https:\/\/www.suno.com.br\/noticias\/#\/schema\/person\/053a750a709a263919a20f976caae91c\"},\"headline\":\"Esteves Colnago aceita assumir posto de Bruno Funchal na Secretaria do Tesouro e Or\u00e7amento, diz CNN\",\"datePublished\":\"2021-10-22T18:09:26+00:00\",\"dateModified\":\"2021-10-22T18:11:04+00:00\",\"mainEntityOfPage\":{\"@id\":\"https:\/\/www.suno.com.br\/noticias\/esteves-colnago-aceita-tesouro-orcamento-bruno-funchal\/\"},\"wordCount\":444,\"publisher\":{\"@id\":\"https:\/\/www.suno.com.br\/noticias\/#organization\"},\"image\":{\"@id\":\"https:\/\/www.suno.com.br\/noticias\/esteves-colnago-aceita-tesouro-orcamento-bruno-funchal\/#primaryimage\"},\"thumbnailUrl\":\"https:\/\/files.sunoresearch.com.br\/n\/uploads\/2021\/10\/tnrgo_abr_2709185664-scaled.jpg\",\"keywords\":[\"Minist\u00e9rio da Economia\",\"Paulo Guedes\"],\"articleSection\":[\"Pol\u00edtica\"],\"inLanguage\":\"pt-BR\"},{\"@type\":\"WebPage\",\"@id\":\"https:\/\/www.suno.com.br\/noticias\/esteves-colnago-aceita-tesouro-orcamento-bruno-funchal\/\",\"url\":\"https:\/\/www.suno.com.br\/noticias\/esteves-colnago-aceita-tesouro-orcamento-bruno-funchal\/\",\"name\":\"Esteves Colnago aceita assumir posto de Bruno Funchal, diz CNN\",\"isPartOf\":{\"@id\":\"https:\/\/www.suno.com.br\/noticias\/#website\"},\"primaryImageOfPage\":{\"@id\":\"https:\/\/www.suno.com.br\/noticias\/esteves-colnago-aceita-tesouro-orcamento-bruno-funchal\/#primaryimage\"},\"image\":{\"@id\":\"https:\/\/www.suno.com.br\/noticias\/esteves-colnago-aceita-tesouro-orcamento-bruno-funchal\/#primaryimage\"},\"thumbnailUrl\":\"https:\/\/files.sunoresearch.com.br\/n\/uploads\/2021\/10\/tnrgo_abr_2709185664-scaled.jpg\",\"datePublished\":\"2021-10-22T18:09:26+00:00\",\"dateModified\":\"2021-10-22T18:11:04+00:00\",\"description\":\"Esteves Colnago aceitou assumir a Secretaria de Tesouro e Or\u00e7amento no lugar de Bruno Funchal, reportou a CNN Brasil. Clique para ler mais.\",\"breadcrumb\":{\"@id\":\"https:\/\/www.suno.com.br\/noticias\/esteves-colnago-aceita-tesouro-orcamento-bruno-funchal\/#breadcrumb\"},\"inLanguage\":\"pt-BR\",\"potentialAction\":[{\"@type\":\"ReadAction\",\"target\":[\"https:\/\/www.suno.com.br\/noticias\/esteves-colnago-aceita-tesouro-orcamento-bruno-funchal\/\"]}]},{\"@type\":\"ImageObject\",\"inLanguage\":\"pt-BR\",\"@id\":\"https:\/\/www.suno.com.br\/noticias\/esteves-colnago-aceita-tesouro-orcamento-bruno-funchal\/#primaryimage\",\"url\":\"https:\/\/files.sunoresearch.com.br\/n\/uploads\/2021\/10\/tnrgo_abr_2709185664-scaled.jpg\",\"contentUrl\":\"https:\/\/files.sunoresearch.com.br\/n\/uploads\/2021\/10\/tnrgo_abr_2709185664-scaled.jpg\",\"width\":2560,\"height\":1707,\"caption\":\"Esteves Colnago. Foto: T\u00e2nia R\u00eago Ag\u00eancia Brasil\"},{\"@type\":\"BreadcrumbList\",\"@id\":\"https:\/\/www.suno.com.br\/noticias\/esteves-colnago-aceita-tesouro-orcamento-bruno-funchal\/#breadcrumb\",\"itemListElement\":[{\"@type\":\"ListItem\",\"position\":1,\"name\":\"Not\u00edcias\",\"item\":\"https:\/\/www.suno.com.br\/noticias\/\"},{\"@type\":\"ListItem\",\"position\":2,\"name\":\"Pol\u00edtica\",\"item\":\"https:\/\/www.suno.com.br\/noticias\/politica\/\"},{\"@type\":\"ListItem\",\"position\":3,\"name\":\"Esteves Colnago aceita assumir posto de Bruno Funchal na Secretaria do Tesouro e Or\u00e7amento, diz CNN\"}]},{\"@type\":\"WebSite\",\"@id\":\"https:\/\/www.suno.com.br\/noticias\/#website\",\"url\":\"https:\/\/www.suno.com.br\/noticias\/\",\"name\":\"Suno Not\u00edcias\",\"description\":\"Seu portal de informa\u00e7\u00e3o sobre o mundo dos investimentos\",\"publisher\":{\"@id\":\"https:\/\/www.suno.com.br\/noticias\/#organization\"},\"potentialAction\":[{\"@type\":\"SearchAction\",\"target\":{\"@type\":\"EntryPoint\",\"urlTemplate\":\"https:\/\/www.suno.com.br\/noticias\/?s={search_term_string}\"},\"query-input\":{\"@type\":\"PropertyValueSpecification\",\"valueRequired\":true,\"valueName\":\"search_term_string\"}}],\"inLanguage\":\"pt-BR\"},{\"@type\":\"Organization\",\"@id\":\"https:\/\/www.suno.com.br\/noticias\/#organization\",\"name\":\"Suno Not\u00edcias\",\"url\":\"https:\/\/www.suno.com.br\/noticias\/\",\"logo\":{\"@type\":\"ImageObject\",\"inLanguage\":\"pt-BR\",\"@id\":\"https:\/\/www.suno.com.br\/noticias\/#\/schema\/logo\/image\/\",\"url\":\"https:\/\/files.sunoresearch.com.br\/n\/uploads\/2021\/09\/suno-logo.png\",\"contentUrl\":\"https:\/\/files.sunoresearch.com.br\/n\/uploads\/2021\/09\/suno-logo.png\",\"width\":180,\"height\":180,\"caption\":\"Suno Not\u00edcias\"},\"image\":{\"@id\":\"https:\/\/www.suno.com.br\/noticias\/#\/schema\/logo\/image\/\"},\"sameAs\":[\"https:\/\/facebook.com\/sunoresearch\",\"https:\/\/x.com\/sunoresearch\",\"https:\/\/www.instagram.com\/suno\",\"https:\/\/www.linkedin.com\/company\/suno-research\/\",\"https:\/\/www.youtube.com\/c\/sunoresearch\"]},{\"@type\":\"Person\",\"@id\":\"https:\/\/www.suno.com.br\/noticias\/#\/schema\/person\/053a750a709a263919a20f976caae91c\",\"name\":\"Arthur Guimar\u00e3es\",\"image\":{\"@type\":\"ImageObject\",\"inLanguage\":\"pt-BR\",\"@id\":\"https:\/\/www.suno.com.br\/noticias\/#\/schema\/person\/image\/\",\"url\":\"https:\/\/secure.gravatar.com\/avatar\/1affd86a11209ae09eb6dd3bcad3e96c?s=96&r=g\",\"contentUrl\":\"https:\/\/secure.gravatar.com\/avatar\/1affd86a11209ae09eb6dd3bcad3e96c?s=96&r=g\",\"caption\":\"Arthur Guimar\u00e3es\"},\"description\":\"Arthur Guimar\u00e3es escreve sobre pol\u00edtica, economia e neg\u00f3cios para o portal de not\u00edcias da Suno Research. Atualmente, \u00e9 estudante de jornalismo pela Faculdade C\u00e1sper L\u00edbero.\",\"url\":\"https:\/\/www.suno.com.br\/noticias\/author\/arthur-guimaraes\/\"}]}<\/script>\n<!-- \/ Yoast SEO plugin. -->","yoast_head_json":{"title":"Esteves Colnago aceita assumir posto de Bruno Funchal, diz CNN","description":"Esteves Colnago aceitou assumir a Secretaria de Tesouro e Or\u00e7amento no lugar de Bruno Funchal, reportou a CNN Brasil. Clique para ler mais.","robots":{"index":"index","follow":"follow","max-snippet":"max-snippet:-1","max-image-preview":"max-image-preview:large","max-video-preview":"max-video-preview:-1"},"canonical":"https:\/\/www.suno.com.br\/noticias\/esteves-colnago-aceita-tesouro-orcamento-bruno-funchal\/","og_locale":"pt_BR","og_type":"article","og_title":"Esteves Colnago aceita assumir posto de Bruno Funchal, diz CNN","og_description":"Esteves Colnago aceitou assumir a Secretaria de Tesouro e Or\u00e7amento no lugar de Bruno Funchal, reportou a CNN Brasil. Clique para ler mais.","og_url":"https:\/\/www.suno.com.br\/noticias\/esteves-colnago-aceita-tesouro-orcamento-bruno-funchal\/","og_site_name":"Suno Not\u00edcias","article_publisher":"https:\/\/facebook.com\/sunoresearch","og_image":[{"width":2560,"height":1707,"url":"https:\/\/files.sunoresearch.com.br\/n\/uploads\/2021\/10\/tnrgo_abr_2709185664-scaled.jpg","type":"image\/jpeg"}],"author":"Arthur Guimar\u00e3es","twitter_card":"summary_large_image","twitter_creator":"@sunoresearch","twitter_site":"@sunoresearch","twitter_misc":{"Escrito por":"Arthur Guimar\u00e3es","Est. tempo de leitura":"2 minutos"},"schema":{"@context":"https:\/\/schema.org","@graph":[{"@type":"NewsArticle","@id":"https:\/\/www.suno.com.br\/noticias\/esteves-colnago-aceita-tesouro-orcamento-bruno-funchal\/#article","isPartOf":{"@id":"https:\/\/www.suno.com.br\/noticias\/esteves-colnago-aceita-tesouro-orcamento-bruno-funchal\/"},"author":{"name":"Arthur Guimar\u00e3es","@id":"https:\/\/www.suno.com.br\/noticias\/#\/schema\/person\/053a750a709a263919a20f976caae91c"},"headline":"Esteves Colnago aceita assumir posto de Bruno Funchal na Secretaria do Tesouro e Or\u00e7amento, diz CNN","datePublished":"2021-10-22T18:09:26+00:00","dateModified":"2021-10-22T18:11:04+00:00","mainEntityOfPage":{"@id":"https:\/\/www.suno.com.br\/noticias\/esteves-colnago-aceita-tesouro-orcamento-bruno-funchal\/"},"wordCount":444,"publisher":{"@id":"https:\/\/www.suno.com.br\/noticias\/#organization"},"image":{"@id":"https:\/\/www.suno.com.br\/noticias\/esteves-colnago-aceita-tesouro-orcamento-bruno-funchal\/#primaryimage"},"thumbnailUrl":"https:\/\/files.sunoresearch.com.br\/n\/uploads\/2021\/10\/tnrgo_abr_2709185664-scaled.jpg","keywords":["Minist\u00e9rio da Economia","Paulo Guedes"],"articleSection":["Pol\u00edtica"],"inLanguage":"pt-BR"},{"@type":"WebPage","@id":"https:\/\/www.suno.com.br\/noticias\/esteves-colnago-aceita-tesouro-orcamento-bruno-funchal\/","url":"https:\/\/www.suno.com.br\/noticias\/esteves-colnago-aceita-tesouro-orcamento-bruno-funchal\/","name":"Esteves Colnago aceita assumir posto de Bruno Funchal, diz CNN","isPartOf":{"@id":"https:\/\/www.suno.com.br\/noticias\/#website"},"primaryImageOfPage":{"@id":"https:\/\/www.suno.com.br\/noticias\/esteves-colnago-aceita-tesouro-orcamento-bruno-funchal\/#primaryimage"},"image":{"@id":"https:\/\/www.suno.com.br\/noticias\/esteves-colnago-aceita-tesouro-orcamento-bruno-funchal\/#primaryimage"},"thumbnailUrl":"https:\/\/files.sunoresearch.com.br\/n\/uploads\/2021\/10\/tnrgo_abr_2709185664-scaled.jpg","datePublished":"2021-10-22T18:09:26+00:00","dateModified":"2021-10-22T18:11:04+00:00","description":"Esteves Colnago aceitou assumir a Secretaria de Tesouro e Or\u00e7amento no lugar de Bruno Funchal, reportou a CNN Brasil. Clique para ler mais.","breadcrumb":{"@id":"https:\/\/www.suno.com.br\/noticias\/esteves-colnago-aceita-tesouro-orcamento-bruno-funchal\/#breadcrumb"},"inLanguage":"pt-BR","potentialAction":[{"@type":"ReadAction","target":["https:\/\/www.suno.com.br\/noticias\/esteves-colnago-aceita-tesouro-orcamento-bruno-funchal\/"]}]},{"@type":"ImageObject","inLanguage":"pt-BR","@id":"https:\/\/www.suno.com.br\/noticias\/esteves-colnago-aceita-tesouro-orcamento-bruno-funchal\/#primaryimage","url":"https:\/\/files.sunoresearch.com.br\/n\/uploads\/2021\/10\/tnrgo_abr_2709185664-scaled.jpg","contentUrl":"https:\/\/files.sunoresearch.com.br\/n\/uploads\/2021\/10\/tnrgo_abr_2709185664-scaled.jpg","width":2560,"height":1707,"caption":"Esteves Colnago. Foto: T\u00e2nia R\u00eago Ag\u00eancia Brasil"},{"@type":"BreadcrumbList","@id":"https:\/\/www.suno.com.br\/noticias\/esteves-colnago-aceita-tesouro-orcamento-bruno-funchal\/#breadcrumb","itemListElement":[{"@type":"ListItem","position":1,"name":"Not\u00edcias","item":"https:\/\/www.suno.com.br\/noticias\/"},{"@type":"ListItem","position":2,"name":"Pol\u00edtica","item":"https:\/\/www.suno.com.br\/noticias\/politica\/"},{"@type":"ListItem","position":3,"name":"Esteves Colnago aceita assumir posto de Bruno Funchal na Secretaria do Tesouro e Or\u00e7amento, diz CNN"}]},{"@type":"WebSite","@id":"https:\/\/www.suno.com.br\/noticias\/#website","url":"https:\/\/www.suno.com.br\/noticias\/","name":"Suno Not\u00edcias","description":"Seu portal de informa\u00e7\u00e3o sobre o mundo dos investimentos","publisher":{"@id":"https:\/\/www.suno.com.br\/noticias\/#organization"},"potentialAction":[{"@type":"SearchAction","target":{"@type":"EntryPoint","urlTemplate":"https:\/\/www.suno.com.br\/noticias\/?s={search_term_string}"},"query-input":{"@type":"PropertyValueSpecification","valueRequired":true,"valueName":"search_term_string"}}],"inLanguage":"pt-BR"},{"@type":"Organization","@id":"https:\/\/www.suno.com.br\/noticias\/#organization","name":"Suno Not\u00edcias","url":"https:\/\/www.suno.com.br\/noticias\/","logo":{"@type":"ImageObject","inLanguage":"pt-BR","@id":"https:\/\/www.suno.com.br\/noticias\/#\/schema\/logo\/image\/","url":"https:\/\/files.sunoresearch.com.br\/n\/uploads\/2021\/09\/suno-logo.png","contentUrl":"https:\/\/files.sunoresearch.com.br\/n\/uploads\/2021\/09\/suno-logo.png","width":180,"height":180,"caption":"Suno Not\u00edcias"},"image":{"@id":"https:\/\/www.suno.com.br\/noticias\/#\/schema\/logo\/image\/"},"sameAs":["https:\/\/facebook.com\/sunoresearch","https:\/\/x.com\/sunoresearch","https:\/\/www.instagram.com\/suno","https:\/\/www.linkedin.com\/company\/suno-research\/","https:\/\/www.youtube.com\/c\/sunoresearch"]},{"@type":"Person","@id":"https:\/\/www.suno.com.br\/noticias\/#\/schema\/person\/053a750a709a263919a20f976caae91c","name":"Arthur Guimar\u00e3es","image":{"@type":"ImageObject","inLanguage":"pt-BR","@id":"https:\/\/www.suno.com.br\/noticias\/#\/schema\/person\/image\/","url":"https:\/\/secure.gravatar.com\/avatar\/1affd86a11209ae09eb6dd3bcad3e96c?s=96&r=g","contentUrl":"https:\/\/secure.gravatar.com\/avatar\/1affd86a11209ae09eb6dd3bcad3e96c?s=96&r=g","caption":"Arthur Guimar\u00e3es"},"description":"Arthur Guimar\u00e3es escreve sobre pol\u00edtica, economia e neg\u00f3cios para o portal de not\u00edcias da Suno Research. Atualmente, \u00e9 estudante de jornalismo pela Faculdade C\u00e1sper L\u00edbero.","url":"https:\/\/www.suno.com.br\/noticias\/author\/arthur-guimaraes\/"}]}},"default_loop_html":"<div class=\"cardsPage__listCard__boxs\"><div class=\"cardsPage__listCard__boxs__img\"><a href=\"https:\/\/www.suno.com.br\/noticias\/secretarios-de-paulo-guedes-pedem-demissao\/\"><img class=\"mask\" src=\"https:\/\/www.suno.com.br\/noticias\/wp-content\/themes\/suno\/resources\/images\/spotlight\/spotlight1img\/bg-mask.png\" alt=\"Image Mask\"\/><img src=\"https:\/\/files.sunoresearch.com.br\/n\/uploads\/2021\/10\/paulo-guedes_mcamgo_abr_220720211818-2-400x200.jpg\" alt=\"Secret\u00e1rios de Paulo Guedes pedem demiss\u00e3o em meio \u00e0 tens\u00e3o sobre teto de gastos\"\/><\/a><span class=\"spotlightCategory\"><a href=\"https:\/\/www.suno.com.br\/noticias\/economia\/\">Economia<\/a><\/span><\/div><div class=\"cardsPage__listCard__boxs__content\"><a href=\"https:\/\/www.suno.com.br\/noticias\/secretarios-de-paulo-guedes-pedem-demissao\/\"><h2 class=\"content__title\">Secret\u00e1rios de Paulo Guedes pedem demiss\u00e3o em meio \u00e0 tens\u00e3o sobre teto de gastos<\/h2><\/a><div class=\"newsContent__article__meta\"><div class=\"newsContent__article__meta__authorBox\"><a href=\"https:\/\/www.suno.com.br\/noticias\/author\/arthur-guimaraes\/\" class=\"authorBox__avatar noMobi\"><img src=\"https:\/\/files.sunoresearch.com.br\/n\/uploads\/2020\/02\/dfb40897-eu-150x150.webp\" alt=\"Arthur Guimar\u00e3es\"><\/a><div class=\"authorBox__name\"><span>por\n\t\t\t<a href=\"https:\/\/www.suno.com.br\/noticias\/author\/arthur-guimaraes\/\"><span itemprop=\"author\">Arthur Guimar\u00e3es<\/span><\/a><\/span><time datetime=\"2021-10-21T18:48:39-03:00\" itemprop=\"datePublished\">21\/10\/2021 18:48<\/time><\/div><\/div><\/div><\/div><\/div>","single_layout":"posts","amp_enabled":true,"_links":{"self":[{"href":"https:\/\/www.suno.com.br\/noticias\/wp-json\/wp\/v2\/posts\/196459"}],"collection":[{"href":"https:\/\/www.suno.com.br\/noticias\/wp-json\/wp\/v2\/posts"}],"about":[{"href":"https:\/\/www.suno.com.br\/noticias\/wp-json\/wp\/v2\/types\/post"}],"author":[{"embeddable":true,"href":"https:\/\/www.suno.com.br\/noticias\/wp-json\/wp\/v2\/users\/35"}],"replies":[{"embeddable":true,"href":"https:\/\/www.suno.com.br\/noticias\/wp-json\/wp\/v2\/comments?post=196459"}],"version-history":[{"count":1,"href":"https:\/\/www.suno.com.br\/noticias\/wp-json\/wp\/v2\/posts\/196459\/revisions"}],"predecessor-version":[{"id":196485,"href":"https:\/\/www.suno.com.br\/noticias\/wp-json\/wp\/v2\/posts\/196459\/revisions\/196485"}],"wp:featuredmedia":[{"embeddable":true,"href":"https:\/\/www.suno.com.br\/noticias\/wp-json\/wp\/v2\/media\/196484"}],"wp:attachment":[{"href":"https:\/\/www.suno.com.br\/noticias\/wp-json\/wp\/v2\/media?parent=196459"}],"wp:term":[{"taxonomy":"category","embeddable":true,"href":"https:\/\/www.suno.com.br\/noticias\/wp-json\/wp\/v2\/categories?post=196459"},{"taxonomy":"post_tag","embeddable":true,"href":"https:\/\/www.suno.com.br\/noticias\/wp-json\/wp\/v2\/tags?post=196459"},{"taxonomy":"suno_strategy","embeddable":true,"href":"https:\/\/www.suno.com.br\/noticias\/wp-json\/wp\/v2\/suno_strategy?post=196459"}],"curies":[{"name":"wp","href":"https:\/\/api.w.org\/{rel}","templated":true}]}}