{"id":196411,"date":"2021-10-22T18:19:59","date_gmt":"2021-10-22T21:19:59","guid":{"rendered":"https:\/\/www.suno.com.br\/noticias\/?p=196411"},"modified":"2021-10-22T18:19:59","modified_gmt":"2021-10-22T21:19:59","slug":"teto-de-gastos-henrique-meirelles","status":"publish","type":"post","link":"https:\/\/www.suno.com.br\/noticias\/teto-de-gastos-henrique-meirelles\/","title":{"rendered":"&#8220;A fun\u00e7\u00e3o do teto \u00e9 ser inflex\u00edvel&#8221;, diz Henrique Meirelles, criador da regra"},"content":{"rendered":"<p>A debandada do <a class=\"suno-keyword\" href=\"https:\/\/www.suno.com.br\/artigos\/ministerio-da-economia\/\" target=\"_blank\" rel=\"noopener\" data-force=\"no\" data-priority=\"3\">Minist\u00e9rio da Economia<\/a> ap\u00f3s mudan\u00e7a no <strong>teto de gastos<\/strong> \u00e9 uma sinaliza\u00e7\u00e3o clara de que os secret\u00e1rios que sa\u00edram <a href=\"https:\/\/www.suno.com.br\/noticias\/secretarios-de-paulo-guedes-pedem-demissao\/\">consideram que os fundamentos da economia est\u00e3o sendo quebrados<\/a> no Pa\u00eds, avalia o ex-ministro da Fazenda, Henrique Meirelles. &#8220;Seria uma brincadeira se n\u00e3o fosse s\u00e9rio. \u00c9 um significado claro de que consideram que est\u00e1 se usando expedientes para quebrar os fundamentos da economia&#8221;, disse Meirelles.<\/p>\t<div class=\"wrapper-featured-image\">\n\t\t<figure class=\"spotlightImg\">\n\n\t\t\t<picture>\n\t\t\t\t<source media=\"(max-width: 768px)\" srcset=\"https:\/\/files.sunoresearch.com.br\/n\/uploads\/2021\/10\/henrique-meirelles-ebc-imagens-400x200.jpg\">\n\t\t\t\t<img loading=\"lazy\" decoding=\"async\" class=\"newsContent__article__imgCapa lazyloadDisabled \" src=\"https:\/\/files.sunoresearch.com.br\/n\/uploads\/2021\/10\/henrique-meirelles-ebc-imagens-800x450.jpg\" width=\"800\" height=\"450\" alt=\"&#8220;A fun\u00e7\u00e3o do teto \u00e9 ser inflex\u00edvel&#8221;, diz Henrique Meirelles, criador da regra\" fetchpriority=high \/>\n\t\t\t<\/picture>\n\n\t\t\t<figcaption class=\"wp-caption-text wp-caption-text--show\">Henrique Meirelles. Foto: Jos\u00e9 Cruz\/Ag\u00eancia Brasil<\/figcaption>\n\t\t<\/figure>\n\t<\/div>\n\n\n\t<p>\n\t\t<a href=\"https:\/\/lp.suno.com.br\/planilha-controle-gastos\/\" target=\"_blank\" data-element=\"shortcode-suno-banner\" title=\"Banner SUNO, clique e saiba mais\">\n\t\t\t<picture>\n\t\t\t\t<source media=\"(max-width: 500px)\" srcset=\"https:\/\/files.sunoresearch.com.br\/n\/uploads\/2023\/03\/400x300-Planilha-controle-de-gastos.png\">\n\t\t\t\t<img class=\"newsContent__article__imgCapa newsContent__article__imgCapa--banner\"\n\t\t\t\t\tsrc=\"https:\/\/files.sunoresearch.com.br\/n\/uploads\/2023\/03\/1420x240-Planilha-controle-de-gastos.png\"\n\t\t\t\t\tdata-promo-id=\"101751\"\t\t\t\t\t\t\t\t\t\twidth='1420' height='240'\t\t\t\t\talt=\"https:\/\/files.sunoresearch.com.br\/n\/uploads\/2023\/03\/1420x240-Planilha-controle-de-gastos.png\"\n\t\t\t\t>\n\t\t\t<\/picture>\n\t\t<\/a>\n\t<\/p>\n\n\n<p>Meirelles foi o mentor da Emenda Constitucional do teto de gastos, criada em 2016, quando ele era Ministro da Fazenda, no <strong>governo de Michel Temer<\/strong>.<\/p>\n<p>Para ele, a regra que limita os <strong>gastos da Uni\u00e3o\u00a0<\/strong>foi a principal medida para ordenar o desarranjo fiscal criado ao longo do governo Dilma Rousseff e as discuss\u00f5es sobre a sua flexibiliza\u00e7\u00e3o indicam o desejo de se eliminar a regra.<\/p>\n<p>&#8220;Tem a discuss\u00e3o de que o teto de gastos poderia ser aperfei\u00e7oado, mas &#8216;aperfei\u00e7oado&#8217; \u00e9 arrumar flexibilidade para o teto. Mas a fun\u00e7\u00e3o do teto \u00e9 ser inflex\u00edvel&#8221;, afirmou. E acrescentou: &#8220;Quer abrir espa\u00e7os para investimentos, sim, mas segue o teto&#8221;.<\/p>\n\t<p>\n\t\t<a href=\"https:\/\/lp.suno.com.br\/planilha-da-vida-financeira\/\" target=\"_blank\" data-element=\"shortcode-suno-banner\" title=\"Banner SUNO, clique e saiba mais\">\n\t\t\t<picture>\n\t\t\t\t<source media=\"(max-width: 500px)\" srcset=\"https:\/\/files.sunoresearch.com.br\/n\/uploads\/2023\/04\/400x300-Planilha-vida-financeira-true.png\">\n\t\t\t\t<img class=\"newsContent__article__imgCapa newsContent__article__imgCapa--banner\"\n\t\t\t\t\tsrc=\"https:\/\/files.sunoresearch.com.br\/n\/uploads\/2023\/04\/1420x240-Planilha-vida-financeira-true.png\"\n\t\t\t\t\tdata-promo-id=\"106682\"\t\t\t\t\t\t\t\t\t\twidth='1420' height='240'\t\t\t\t\talt=\"https:\/\/files.sunoresearch.com.br\/n\/uploads\/2023\/04\/1420x240-Planilha-vida-financeira-true.png\"\n\t\t\t\t>\n\t\t\t<\/picture>\n\t\t<\/a>\n\t<\/p>\n\n\n<p>Segundo Meirelles, que hoje \u00e9 secret\u00e1rio no governo de <a class=\"suno-keyword\" href=\"https:\/\/www.suno.com.br\/tudo-sobre\/joao-doria\/\" target=\"_blank\" rel=\"noopener\" data-force=\"no\" data-priority=\"2\">Jo\u00e3o Doria<\/a>, a defesa de se mudar o indexador da regra fiscal equivale a enfraquecer e driblar a \u00e2ncora, porque adapta a regra a conting\u00eancias do momento.<\/p>\n<p>Nesta quinta-feira (21), a comiss\u00e3o especial da C\u00e2mara dos Deputados aprovou uma proposta, no \u00e2mbito da <strong>PEC dos Precat\u00f3rios<\/strong>, para alterar o indexador do teto de gastos, em uma medida que pode abrir <strong>R$ 83,6 bilh\u00f5es<\/strong> de espa\u00e7o para gastos no ano que vem. Pelo texto, a regra passa ser atualizada pelo <strong>IPCA<\/strong> acumulado no fim do ano, e n\u00e3o pela infla\u00e7\u00e3o em 12 meses at\u00e9 junho, como antes.<\/p>\n\t<p>\n\t\t<a href=\"https:\/\/lp.suno.com.br\/ebook-como-analisar-uma-acao\/\" target=\"_blank\" data-element=\"shortcode-suno-banner\" title=\"Banner SUNO, clique e saiba mais\">\n\t\t\t<picture>\n\t\t\t\t<source media=\"(max-width: 500px)\" srcset=\"https:\/\/files.sunoresearch.com.br\/n\/uploads\/2023\/03\/Ebook-Acoes-Mobile-1.jpg\">\n\t\t\t\t<img class=\"newsContent__article__imgCapa newsContent__article__imgCapa--banner\"\n\t\t\t\t\tsrc=\"https:\/\/files.sunoresearch.com.br\/n\/uploads\/2023\/03\/Ebook-Acoes-Desktop-1.jpg\"\n\t\t\t\t\tdata-promo-id=\"171998\"\t\t\t\t\t\t\t\t\t\twidth='1420' height='286'\t\t\t\t\talt=\"https:\/\/files.sunoresearch.com.br\/n\/uploads\/2023\/03\/Ebook-Acoes-Desktop-1.jpg\"\n\t\t\t\t>\n\t\t\t<\/picture>\n\t\t<\/a>\n\t<\/p>\n\n\n<h2><b>Teto de gastos controla a infla\u00e7\u00e3o<\/b><\/h2>\n<p>O ex-<strong>ministro da Fazenda<\/strong> afirmou ainda que a quest\u00e3o inflacion\u00e1ria do Brasil parte tanto da atua\u00e7\u00e3o do <a class=\"suno-keyword\" href=\"https:\/\/www.suno.com.br\/artigos\/bacen\/\" target=\"_blank\" rel=\"noopener\" data-force=\"no\" data-priority=\"3\">Banco Central (BC)<\/a>, quanto da administra\u00e7\u00e3o da <strong><a class=\"suno-keyword\" href=\"https:\/\/www.suno.com.br\/artigos\/politica-fiscal\/\" target=\"_blank\" rel=\"noopener\" data-force=\"no\" data-priority=\"1\">pol\u00edtica fiscal<\/a><\/strong>.<\/p>\n<p>&#8220;Eu nos meus oito anos de BC vivi uma gest\u00e3o fiscal respons\u00e1vel, austera, e outra gest\u00e3o fiscal expansionista. \u00c9 completamente diferente o trabalho do Banco Central em cada um dos casos, porque voc\u00ea enfrenta um duplo desafio&#8221;, disse Meirelles, que presidiu a autarquia de 2003 a 2011.<\/p>\n<p>Segundo ele, a institui\u00e7\u00e3o do <strong>teto de gastos<\/strong> durante a sua gest\u00e3o teve um efeito direto de reduzir a infla\u00e7\u00e3o e os juros. &#8220;O fato concreto \u00e9 que a parte fiscal e o respeito ao teto foram fundamentais para a queda da infla\u00e7\u00e3o&#8221;, afirmou.<\/p>\n\t<p>\n\t\t<a href=\"\" target=\"_blank\" data-element=\"shortcode-suno-banner\" title=\"Banner SUNO, clique e saiba mais\">\n\t\t\t<picture>\n\t\t\t\t<source media=\"(max-width: 500px)\" srcset=\"\">\n\t\t\t\t<img class=\"newsContent__article__imgCapa newsContent__article__imgCapa--banner\"\n\t\t\t\t\tsrc=\"\"\n\t\t\t\t\tdata-promo-id=\"184190\"\t\t\t\t\t\t\t\t\t\t\t\t\t\t\talt=\"\"\n\t\t\t\t>\n\t\t\t<\/picture>\n\t\t<\/a>\n\t<\/p>\n\n\n<p><em>Com informa\u00e7\u00f5es de Estad\u00e3o Conte\u00fado.\u00a0<\/em><\/p>\n","protected":false},"excerpt":{"rendered":"<p>A debandada do Minist\u00e9rio da Economia ap\u00f3s mudan\u00e7a no teto de gastos \u00e9 uma sinaliza\u00e7\u00e3o clara de que os secret\u00e1rios que sa\u00edram consideram que os fundamentos da economia est\u00e3o sendo quebrados no Pa\u00eds, avalia o ex-ministro da Fazenda, Henrique Meirelles. &#8220;Seria uma brincadeira se n\u00e3o fosse s\u00e9rio. \u00c9 um significado claro de que consideram que [&hellip;]<\/p>\n","protected":false},"author":102,"featured_media":196492,"comment_status":"closed","ping_status":"closed","sticky":false,"template":"","format":"standard","meta":[],"categories":[62],"tags":[720,83329],"suno_strategy":[],"class_list":["post-196411","post","type-post","status-publish","format-standard","has-post-thumbnail","hentry","category-economia","tag-henrique-meirelles","tag-teto-de-gastos"],"yoast_head":"<!-- This site is optimized with the Yoast SEO plugin v24.4 - https:\/\/yoast.com\/wordpress\/plugins\/seo\/ -->\n<title>&quot;A fun\u00e7\u00e3o do teto \u00e9 ser inflex\u00edvel&quot;, diz Henrique Meirelles, criador da regra<\/title>\n<meta name=\"description\" content=\"O criador da regra do teto de gastos, ex-ministro da Fazenda Henrique Meirelles comentou sobre as mudan\u00e7as na regra. Veja aqui.\" \/>\n<meta name=\"robots\" content=\"index, follow, max-snippet:-1, max-image-preview:large, max-video-preview:-1\" \/>\n<link rel=\"canonical\" href=\"https:\/\/www.suno.com.br\/noticias\/teto-de-gastos-henrique-meirelles\/\" \/>\n<meta property=\"og:locale\" content=\"pt_BR\" \/>\n<meta property=\"og:type\" content=\"article\" \/>\n<meta property=\"og:title\" content=\"&quot;A fun\u00e7\u00e3o do teto \u00e9 ser inflex\u00edvel&quot;, diz Henrique Meirelles, criador da regra\" \/>\n<meta property=\"og:description\" content=\"O criador da regra do teto de gastos, ex-ministro da Fazenda Henrique Meirelles comentou sobre as mudan\u00e7as na regra. Veja aqui.\" \/>\n<meta property=\"og:url\" content=\"https:\/\/www.suno.com.br\/noticias\/teto-de-gastos-henrique-meirelles\/\" \/>\n<meta property=\"og:site_name\" content=\"Suno Not\u00edcias\" \/>\n<meta property=\"article:publisher\" content=\"https:\/\/facebook.com\/sunoresearch\" \/>\n<meta property=\"og:image\" content=\"https:\/\/files.sunoresearch.com.br\/n\/uploads\/2021\/10\/henrique-meirelles-ebc-imagens-scaled.jpg\" \/>\n\t<meta property=\"og:image:width\" content=\"2560\" \/>\n\t<meta property=\"og:image:height\" content=\"1707\" \/>\n\t<meta property=\"og:image:type\" content=\"image\/jpeg\" \/>\n<meta name=\"author\" content=\"Monique Lima\" \/>\n<meta name=\"twitter:card\" content=\"summary_large_image\" \/>\n<meta name=\"twitter:creator\" content=\"@sunoresearch\" \/>\n<meta name=\"twitter:site\" content=\"@sunoresearch\" \/>\n<meta name=\"twitter:label1\" content=\"Escrito por\" \/>\n\t<meta name=\"twitter:data1\" content=\"Monique Lima\" \/>\n\t<meta name=\"twitter:label2\" content=\"Est. tempo de leitura\" \/>\n\t<meta name=\"twitter:data2\" content=\"2 minutos\" \/>\n<script type=\"application\/ld+json\" class=\"yoast-schema-graph\">{\"@context\":\"https:\/\/schema.org\",\"@graph\":[{\"@type\":\"NewsArticle\",\"@id\":\"https:\/\/www.suno.com.br\/noticias\/teto-de-gastos-henrique-meirelles\/#article\",\"isPartOf\":{\"@id\":\"https:\/\/www.suno.com.br\/noticias\/teto-de-gastos-henrique-meirelles\/\"},\"author\":{\"name\":\"Monique Lima\",\"@id\":\"https:\/\/www.suno.com.br\/noticias\/#\/schema\/person\/d712329319cc9b10f254d02d654cb36a\"},\"headline\":\"&#8220;A fun\u00e7\u00e3o do teto \u00e9 ser inflex\u00edvel&#8221;, diz Henrique Meirelles, criador da regra\",\"datePublished\":\"2021-10-22T21:19:59+00:00\",\"mainEntityOfPage\":{\"@id\":\"https:\/\/www.suno.com.br\/noticias\/teto-de-gastos-henrique-meirelles\/\"},\"wordCount\":465,\"publisher\":{\"@id\":\"https:\/\/www.suno.com.br\/noticias\/#organization\"},\"image\":{\"@id\":\"https:\/\/www.suno.com.br\/noticias\/teto-de-gastos-henrique-meirelles\/#primaryimage\"},\"thumbnailUrl\":\"https:\/\/files.sunoresearch.com.br\/n\/uploads\/2021\/10\/henrique-meirelles-ebc-imagens-scaled.jpg\",\"keywords\":[\"Henrique Meirelles\",\"teto de gastos\"],\"articleSection\":[\"Economia\"],\"inLanguage\":\"pt-BR\"},{\"@type\":\"WebPage\",\"@id\":\"https:\/\/www.suno.com.br\/noticias\/teto-de-gastos-henrique-meirelles\/\",\"url\":\"https:\/\/www.suno.com.br\/noticias\/teto-de-gastos-henrique-meirelles\/\",\"name\":\"\\\"A fun\u00e7\u00e3o do teto \u00e9 ser inflex\u00edvel\\\", diz Henrique Meirelles, criador da regra\",\"isPartOf\":{\"@id\":\"https:\/\/www.suno.com.br\/noticias\/#website\"},\"primaryImageOfPage\":{\"@id\":\"https:\/\/www.suno.com.br\/noticias\/teto-de-gastos-henrique-meirelles\/#primaryimage\"},\"image\":{\"@id\":\"https:\/\/www.suno.com.br\/noticias\/teto-de-gastos-henrique-meirelles\/#primaryimage\"},\"thumbnailUrl\":\"https:\/\/files.sunoresearch.com.br\/n\/uploads\/2021\/10\/henrique-meirelles-ebc-imagens-scaled.jpg\",\"datePublished\":\"2021-10-22T21:19:59+00:00\",\"description\":\"O criador da regra do teto de gastos, ex-ministro da Fazenda Henrique Meirelles comentou sobre as mudan\u00e7as na regra. Veja aqui.\",\"breadcrumb\":{\"@id\":\"https:\/\/www.suno.com.br\/noticias\/teto-de-gastos-henrique-meirelles\/#breadcrumb\"},\"inLanguage\":\"pt-BR\",\"potentialAction\":[{\"@type\":\"ReadAction\",\"target\":[\"https:\/\/www.suno.com.br\/noticias\/teto-de-gastos-henrique-meirelles\/\"]}]},{\"@type\":\"ImageObject\",\"inLanguage\":\"pt-BR\",\"@id\":\"https:\/\/www.suno.com.br\/noticias\/teto-de-gastos-henrique-meirelles\/#primaryimage\",\"url\":\"https:\/\/files.sunoresearch.com.br\/n\/uploads\/2021\/10\/henrique-meirelles-ebc-imagens-scaled.jpg\",\"contentUrl\":\"https:\/\/files.sunoresearch.com.br\/n\/uploads\/2021\/10\/henrique-meirelles-ebc-imagens-scaled.jpg\",\"width\":2560,\"height\":1707,\"caption\":\"Henrique Meirelles. Foto: Jos\u00e9 Cruz\/Ag\u00eancia Brasil\"},{\"@type\":\"BreadcrumbList\",\"@id\":\"https:\/\/www.suno.com.br\/noticias\/teto-de-gastos-henrique-meirelles\/#breadcrumb\",\"itemListElement\":[{\"@type\":\"ListItem\",\"position\":1,\"name\":\"Not\u00edcias\",\"item\":\"https:\/\/www.suno.com.br\/noticias\/\"},{\"@type\":\"ListItem\",\"position\":2,\"name\":\"Economia\",\"item\":\"https:\/\/www.suno.com.br\/noticias\/economia\/\"},{\"@type\":\"ListItem\",\"position\":3,\"name\":\"&#8220;A fun\u00e7\u00e3o do teto \u00e9 ser inflex\u00edvel&#8221;, diz Henrique Meirelles, criador da regra\"}]},{\"@type\":\"WebSite\",\"@id\":\"https:\/\/www.suno.com.br\/noticias\/#website\",\"url\":\"https:\/\/www.suno.com.br\/noticias\/\",\"name\":\"Suno Not\u00edcias\",\"description\":\"Seu portal de informa\u00e7\u00e3o sobre o mundo dos investimentos\",\"publisher\":{\"@id\":\"https:\/\/www.suno.com.br\/noticias\/#organization\"},\"potentialAction\":[{\"@type\":\"SearchAction\",\"target\":{\"@type\":\"EntryPoint\",\"urlTemplate\":\"https:\/\/www.suno.com.br\/noticias\/?s={search_term_string}\"},\"query-input\":{\"@type\":\"PropertyValueSpecification\",\"valueRequired\":true,\"valueName\":\"search_term_string\"}}],\"inLanguage\":\"pt-BR\"},{\"@type\":\"Organization\",\"@id\":\"https:\/\/www.suno.com.br\/noticias\/#organization\",\"name\":\"Suno Not\u00edcias\",\"url\":\"https:\/\/www.suno.com.br\/noticias\/\",\"logo\":{\"@type\":\"ImageObject\",\"inLanguage\":\"pt-BR\",\"@id\":\"https:\/\/www.suno.com.br\/noticias\/#\/schema\/logo\/image\/\",\"url\":\"https:\/\/files.sunoresearch.com.br\/n\/uploads\/2021\/09\/suno-logo.png\",\"contentUrl\":\"https:\/\/files.sunoresearch.com.br\/n\/uploads\/2021\/09\/suno-logo.png\",\"width\":180,\"height\":180,\"caption\":\"Suno Not\u00edcias\"},\"image\":{\"@id\":\"https:\/\/www.suno.com.br\/noticias\/#\/schema\/logo\/image\/\"},\"sameAs\":[\"https:\/\/facebook.com\/sunoresearch\",\"https:\/\/x.com\/sunoresearch\",\"https:\/\/www.instagram.com\/suno\",\"https:\/\/www.linkedin.com\/company\/suno-research\/\",\"https:\/\/www.youtube.com\/c\/sunoresearch\"]},{\"@type\":\"Person\",\"@id\":\"https:\/\/www.suno.com.br\/noticias\/#\/schema\/person\/d712329319cc9b10f254d02d654cb36a\",\"name\":\"Monique Lima\",\"image\":{\"@type\":\"ImageObject\",\"inLanguage\":\"pt-BR\",\"@id\":\"https:\/\/www.suno.com.br\/noticias\/#\/schema\/person\/image\/\",\"url\":\"https:\/\/secure.gravatar.com\/avatar\/daee7f16d906c2e9ffed236206ca2c30?s=96&r=g\",\"contentUrl\":\"https:\/\/secure.gravatar.com\/avatar\/daee7f16d906c2e9ffed236206ca2c30?s=96&r=g\",\"caption\":\"Monique Lima\"},\"description\":\"Rep\u00f3rter de Mercado no Suno Not\u00edcias, \u00e9 jornalista com experi\u00eancia na cobertura de economia, empreendedorismo, finan\u00e7as pessoais, mercado financeiro, carreira e recursos humanos. Formada em Jornalismo pela Universidade Paulista, teve experi\u00eancias em ve\u00edculos de comunica\u00e7\u00e3o como a Ag\u00eancia TradeMap, Revista Voc\u00ea S\/A e Revista Voc\u00ea RH, as duas \u00faltimas publica\u00e7\u00f5es da Editora Abril. No Suno Not\u00edcias, fala sobre as principais not\u00edcias de Fundos Imobili\u00e1rios, Fiagro, Startups e empresas listadas na Bolsa.\",\"url\":\"https:\/\/www.suno.com.br\/noticias\/author\/monique-lima\/\"}]}<\/script>\n<!-- \/ Yoast SEO plugin. -->","yoast_head_json":{"title":"\"A fun\u00e7\u00e3o do teto \u00e9 ser inflex\u00edvel\", diz Henrique Meirelles, criador da regra","description":"O criador da regra do teto de gastos, ex-ministro da Fazenda Henrique Meirelles comentou sobre as mudan\u00e7as na regra. Veja aqui.","robots":{"index":"index","follow":"follow","max-snippet":"max-snippet:-1","max-image-preview":"max-image-preview:large","max-video-preview":"max-video-preview:-1"},"canonical":"https:\/\/www.suno.com.br\/noticias\/teto-de-gastos-henrique-meirelles\/","og_locale":"pt_BR","og_type":"article","og_title":"\"A fun\u00e7\u00e3o do teto \u00e9 ser inflex\u00edvel\", diz Henrique Meirelles, criador da regra","og_description":"O criador da regra do teto de gastos, ex-ministro da Fazenda Henrique Meirelles comentou sobre as mudan\u00e7as na regra. Veja aqui.","og_url":"https:\/\/www.suno.com.br\/noticias\/teto-de-gastos-henrique-meirelles\/","og_site_name":"Suno Not\u00edcias","article_publisher":"https:\/\/facebook.com\/sunoresearch","og_image":[{"width":2560,"height":1707,"url":"https:\/\/files.sunoresearch.com.br\/n\/uploads\/2021\/10\/henrique-meirelles-ebc-imagens-scaled.jpg","type":"image\/jpeg"}],"author":"Monique Lima","twitter_card":"summary_large_image","twitter_creator":"@sunoresearch","twitter_site":"@sunoresearch","twitter_misc":{"Escrito por":"Monique Lima","Est. tempo de leitura":"2 minutos"},"schema":{"@context":"https:\/\/schema.org","@graph":[{"@type":"NewsArticle","@id":"https:\/\/www.suno.com.br\/noticias\/teto-de-gastos-henrique-meirelles\/#article","isPartOf":{"@id":"https:\/\/www.suno.com.br\/noticias\/teto-de-gastos-henrique-meirelles\/"},"author":{"name":"Monique Lima","@id":"https:\/\/www.suno.com.br\/noticias\/#\/schema\/person\/d712329319cc9b10f254d02d654cb36a"},"headline":"&#8220;A fun\u00e7\u00e3o do teto \u00e9 ser inflex\u00edvel&#8221;, diz Henrique Meirelles, criador da regra","datePublished":"2021-10-22T21:19:59+00:00","mainEntityOfPage":{"@id":"https:\/\/www.suno.com.br\/noticias\/teto-de-gastos-henrique-meirelles\/"},"wordCount":465,"publisher":{"@id":"https:\/\/www.suno.com.br\/noticias\/#organization"},"image":{"@id":"https:\/\/www.suno.com.br\/noticias\/teto-de-gastos-henrique-meirelles\/#primaryimage"},"thumbnailUrl":"https:\/\/files.sunoresearch.com.br\/n\/uploads\/2021\/10\/henrique-meirelles-ebc-imagens-scaled.jpg","keywords":["Henrique Meirelles","teto de gastos"],"articleSection":["Economia"],"inLanguage":"pt-BR"},{"@type":"WebPage","@id":"https:\/\/www.suno.com.br\/noticias\/teto-de-gastos-henrique-meirelles\/","url":"https:\/\/www.suno.com.br\/noticias\/teto-de-gastos-henrique-meirelles\/","name":"\"A fun\u00e7\u00e3o do teto \u00e9 ser inflex\u00edvel\", diz Henrique Meirelles, criador da regra","isPartOf":{"@id":"https:\/\/www.suno.com.br\/noticias\/#website"},"primaryImageOfPage":{"@id":"https:\/\/www.suno.com.br\/noticias\/teto-de-gastos-henrique-meirelles\/#primaryimage"},"image":{"@id":"https:\/\/www.suno.com.br\/noticias\/teto-de-gastos-henrique-meirelles\/#primaryimage"},"thumbnailUrl":"https:\/\/files.sunoresearch.com.br\/n\/uploads\/2021\/10\/henrique-meirelles-ebc-imagens-scaled.jpg","datePublished":"2021-10-22T21:19:59+00:00","description":"O criador da regra do teto de gastos, ex-ministro da Fazenda Henrique Meirelles comentou sobre as mudan\u00e7as na regra. Veja aqui.","breadcrumb":{"@id":"https:\/\/www.suno.com.br\/noticias\/teto-de-gastos-henrique-meirelles\/#breadcrumb"},"inLanguage":"pt-BR","potentialAction":[{"@type":"ReadAction","target":["https:\/\/www.suno.com.br\/noticias\/teto-de-gastos-henrique-meirelles\/"]}]},{"@type":"ImageObject","inLanguage":"pt-BR","@id":"https:\/\/www.suno.com.br\/noticias\/teto-de-gastos-henrique-meirelles\/#primaryimage","url":"https:\/\/files.sunoresearch.com.br\/n\/uploads\/2021\/10\/henrique-meirelles-ebc-imagens-scaled.jpg","contentUrl":"https:\/\/files.sunoresearch.com.br\/n\/uploads\/2021\/10\/henrique-meirelles-ebc-imagens-scaled.jpg","width":2560,"height":1707,"caption":"Henrique Meirelles. Foto: Jos\u00e9 Cruz\/Ag\u00eancia Brasil"},{"@type":"BreadcrumbList","@id":"https:\/\/www.suno.com.br\/noticias\/teto-de-gastos-henrique-meirelles\/#breadcrumb","itemListElement":[{"@type":"ListItem","position":1,"name":"Not\u00edcias","item":"https:\/\/www.suno.com.br\/noticias\/"},{"@type":"ListItem","position":2,"name":"Economia","item":"https:\/\/www.suno.com.br\/noticias\/economia\/"},{"@type":"ListItem","position":3,"name":"&#8220;A fun\u00e7\u00e3o do teto \u00e9 ser inflex\u00edvel&#8221;, diz Henrique Meirelles, criador da regra"}]},{"@type":"WebSite","@id":"https:\/\/www.suno.com.br\/noticias\/#website","url":"https:\/\/www.suno.com.br\/noticias\/","name":"Suno Not\u00edcias","description":"Seu portal de informa\u00e7\u00e3o sobre o mundo dos investimentos","publisher":{"@id":"https:\/\/www.suno.com.br\/noticias\/#organization"},"potentialAction":[{"@type":"SearchAction","target":{"@type":"EntryPoint","urlTemplate":"https:\/\/www.suno.com.br\/noticias\/?s={search_term_string}"},"query-input":{"@type":"PropertyValueSpecification","valueRequired":true,"valueName":"search_term_string"}}],"inLanguage":"pt-BR"},{"@type":"Organization","@id":"https:\/\/www.suno.com.br\/noticias\/#organization","name":"Suno Not\u00edcias","url":"https:\/\/www.suno.com.br\/noticias\/","logo":{"@type":"ImageObject","inLanguage":"pt-BR","@id":"https:\/\/www.suno.com.br\/noticias\/#\/schema\/logo\/image\/","url":"https:\/\/files.sunoresearch.com.br\/n\/uploads\/2021\/09\/suno-logo.png","contentUrl":"https:\/\/files.sunoresearch.com.br\/n\/uploads\/2021\/09\/suno-logo.png","width":180,"height":180,"caption":"Suno Not\u00edcias"},"image":{"@id":"https:\/\/www.suno.com.br\/noticias\/#\/schema\/logo\/image\/"},"sameAs":["https:\/\/facebook.com\/sunoresearch","https:\/\/x.com\/sunoresearch","https:\/\/www.instagram.com\/suno","https:\/\/www.linkedin.com\/company\/suno-research\/","https:\/\/www.youtube.com\/c\/sunoresearch"]},{"@type":"Person","@id":"https:\/\/www.suno.com.br\/noticias\/#\/schema\/person\/d712329319cc9b10f254d02d654cb36a","name":"Monique Lima","image":{"@type":"ImageObject","inLanguage":"pt-BR","@id":"https:\/\/www.suno.com.br\/noticias\/#\/schema\/person\/image\/","url":"https:\/\/secure.gravatar.com\/avatar\/daee7f16d906c2e9ffed236206ca2c30?s=96&r=g","contentUrl":"https:\/\/secure.gravatar.com\/avatar\/daee7f16d906c2e9ffed236206ca2c30?s=96&r=g","caption":"Monique Lima"},"description":"Rep\u00f3rter de Mercado no Suno Not\u00edcias, \u00e9 jornalista com experi\u00eancia na cobertura de economia, empreendedorismo, finan\u00e7as pessoais, mercado financeiro, carreira e recursos humanos. Formada em Jornalismo pela Universidade Paulista, teve experi\u00eancias em ve\u00edculos de comunica\u00e7\u00e3o como a Ag\u00eancia TradeMap, Revista Voc\u00ea S\/A e Revista Voc\u00ea RH, as duas \u00faltimas publica\u00e7\u00f5es da Editora Abril. No Suno Not\u00edcias, fala sobre as principais not\u00edcias de Fundos Imobili\u00e1rios, Fiagro, Startups e empresas listadas na Bolsa.","url":"https:\/\/www.suno.com.br\/noticias\/author\/monique-lima\/"}]}},"default_loop_html":"<div class=\"cardsPage__listCard__boxs\"><div class=\"cardsPage__listCard__boxs__img\"><a href=\"https:\/\/www.suno.com.br\/noticias\/teto-de-gastos-henrique-meirelles\/\"><img class=\"mask\" src=\"https:\/\/www.suno.com.br\/noticias\/wp-content\/themes\/suno\/resources\/images\/spotlight\/spotlight1img\/bg-mask.png\" alt=\"Image Mask\"\/><img src=\"https:\/\/files.sunoresearch.com.br\/n\/uploads\/2021\/10\/henrique-meirelles-ebc-imagens-400x200.jpg\" alt=\"&#8220;A fun\u00e7\u00e3o do teto \u00e9 ser inflex\u00edvel&#8221;, diz Henrique Meirelles, criador da regra\"\/><\/a><span class=\"spotlightCategory\"><a href=\"https:\/\/www.suno.com.br\/noticias\/economia\/\">Economia<\/a><\/span><\/div><div class=\"cardsPage__listCard__boxs__content\"><a href=\"https:\/\/www.suno.com.br\/noticias\/teto-de-gastos-henrique-meirelles\/\"><h2 class=\"content__title\">&#8220;A fun\u00e7\u00e3o do teto \u00e9 ser inflex\u00edvel&#8221;, diz Henrique Meirelles, criador da regra<\/h2><\/a><div class=\"newsContent__article__meta\"><div class=\"newsContent__article__meta__authorBox\"><a href=\"https:\/\/www.suno.com.br\/noticias\/author\/monique-lima\/\" class=\"authorBox__avatar noMobi\"><img src=\"https:\/\/secure.gravatar.com\/avatar\/daee7f16d906c2e9ffed236206ca2c30?s=96&#038;r=g\" alt=\"Monique Lima\"><\/a><div class=\"authorBox__name\"><span>por\n\t\t\t<a href=\"https:\/\/www.suno.com.br\/noticias\/author\/monique-lima\/\"><span itemprop=\"author\">Monique Lima<\/span><\/a><\/span><time datetime=\"2021-10-22T18:19:59-03:00\" itemprop=\"datePublished\">22\/10\/2021 18:19<\/time><\/div><\/div><\/div><\/div><\/div>","single_layout":"posts","amp_enabled":true,"_links":{"self":[{"href":"https:\/\/www.suno.com.br\/noticias\/wp-json\/wp\/v2\/posts\/196411"}],"collection":[{"href":"https:\/\/www.suno.com.br\/noticias\/wp-json\/wp\/v2\/posts"}],"about":[{"href":"https:\/\/www.suno.com.br\/noticias\/wp-json\/wp\/v2\/types\/post"}],"author":[{"embeddable":true,"href":"https:\/\/www.suno.com.br\/noticias\/wp-json\/wp\/v2\/users\/102"}],"replies":[{"embeddable":true,"href":"https:\/\/www.suno.com.br\/noticias\/wp-json\/wp\/v2\/comments?post=196411"}],"version-history":[{"count":4,"href":"https:\/\/www.suno.com.br\/noticias\/wp-json\/wp\/v2\/posts\/196411\/revisions"}],"predecessor-version":[{"id":196640,"href":"https:\/\/www.suno.com.br\/noticias\/wp-json\/wp\/v2\/posts\/196411\/revisions\/196640"}],"wp:featuredmedia":[{"embeddable":true,"href":"https:\/\/www.suno.com.br\/noticias\/wp-json\/wp\/v2\/media\/196492"}],"wp:attachment":[{"href":"https:\/\/www.suno.com.br\/noticias\/wp-json\/wp\/v2\/media?parent=196411"}],"wp:term":[{"taxonomy":"category","embeddable":true,"href":"https:\/\/www.suno.com.br\/noticias\/wp-json\/wp\/v2\/categories?post=196411"},{"taxonomy":"post_tag","embeddable":true,"href":"https:\/\/www.suno.com.br\/noticias\/wp-json\/wp\/v2\/tags?post=196411"},{"taxonomy":"suno_strategy","embeddable":true,"href":"https:\/\/www.suno.com.br\/noticias\/wp-json\/wp\/v2\/suno_strategy?post=196411"}],"curies":[{"name":"wp","href":"https:\/\/api.w.org\/{rel}","templated":true}]}}