{"id":196300,"date":"2021-10-22T10:43:01","date_gmt":"2021-10-22T13:43:01","guid":{"rendered":"https:\/\/www.suno.com.br\/noticias\/?p=196300"},"modified":"2021-10-22T10:43:01","modified_gmt":"2021-10-22T13:43:01","slug":"debandada-ministerio-da-economia-estressa-mercado","status":"publish","type":"post","link":"https:\/\/www.suno.com.br\/noticias\/debandada-ministerio-da-economia-estressa-mercado\/","title":{"rendered":"Debandada no Minist\u00e9rio da Economia adiciona estresse ao mercado, dizem analistas"},"content":{"rendered":"<p>A debandada de secret\u00e1rios do <strong><a class=\"suno-keyword\" href=\"https:\/\/www.suno.com.br\/artigos\/ministerio-da-economia\/\" target=\"_blank\" rel=\"noopener\" data-force=\"no\" data-priority=\"3\">Minist\u00e9rio da Economia<\/a><\/strong> na noite de ontem (21) adiciona ainda mais estresse no mercado financeiro e aumenta a sensa\u00e7\u00e3o de fragilidade do cen\u00e1rio econ\u00f4mico do Pa\u00eds, dizem especialistas.<\/p>\t<div class=\"wrapper-featured-image\">\n\t\t<figure class=\"spotlightImg\">\n\n\t\t\t<picture>\n\t\t\t\t<source media=\"(max-width: 768px)\" srcset=\"https:\/\/files.sunoresearch.com.br\/n\/uploads\/2021\/10\/bruno-funchal-EBC-imagens-400x200.jpg\">\n\t\t\t\t<img loading=\"lazy\" decoding=\"async\" class=\"newsContent__article__imgCapa lazyloadDisabled \" src=\"https:\/\/files.sunoresearch.com.br\/n\/uploads\/2021\/10\/bruno-funchal-EBC-imagens-800x450.jpg\" width=\"800\" height=\"450\" alt=\"Debandada no Minist\u00e9rio da Economia adiciona estresse ao mercado, dizem analistas\" fetchpriority=high \/>\n\t\t\t<\/picture>\n\n\t\t\t<figcaption class=\"wp-caption-text wp-caption-text--show\">Bruno Funchal. Foto: Antonio Cruz\/Ag\u00eancia Brasil<\/figcaption>\n\t\t<\/figure>\n\t<\/div>\n\n\n\t<p>\n\t\t<a href=\"https:\/\/lp.suno.com.br\/planilha-controle-gastos\/\" target=\"_blank\" data-element=\"shortcode-suno-banner\" title=\"Banner SUNO, clique e saiba mais\">\n\t\t\t<picture>\n\t\t\t\t<source media=\"(max-width: 500px)\" srcset=\"https:\/\/files.sunoresearch.com.br\/n\/uploads\/2023\/03\/400x300-Planilha-controle-de-gastos.png\">\n\t\t\t\t<img class=\"newsContent__article__imgCapa newsContent__article__imgCapa--banner\"\n\t\t\t\t\tsrc=\"https:\/\/files.sunoresearch.com.br\/n\/uploads\/2023\/03\/1420x240-Planilha-controle-de-gastos.png\"\n\t\t\t\t\tdata-promo-id=\"101751\"\t\t\t\t\t\t\t\t\t\twidth='1420' height='240'\t\t\t\t\talt=\"https:\/\/files.sunoresearch.com.br\/n\/uploads\/2023\/03\/1420x240-Planilha-controle-de-gastos.png\"\n\t\t\t\t>\n\t\t\t<\/picture>\n\t\t<\/a>\n\t<\/p>\n\n\n<p>Camila Abdelmalack, economista-chefe da Veedha Investimentos, afirma que com uma debandada nesse n\u00edvel, saindo quatro<strong> secret\u00e1rios do Minist\u00e9rio da Economia<\/strong> logo ap\u00f3s a decis\u00e3o de mudan\u00e7as na PEC dos Precat\u00f3rios, entende-se que a maneira como est\u00e1 sendo constru\u00edda a proposta pelo governo n\u00e3o \u00e9 a melhor poss\u00edvel.<\/p>\n<p>&#8220;O fato \u00e9 que est\u00e3o sendo buscadas alternativas para driblar o limite imposto pelo teto dos gastos. Se n\u00e3o foi via cr\u00e9dito extraordin\u00e1rio, eles trouxeram, sob a justificativa da pandemia, a revis\u00e3o da regra que aconteceria em 2026 para 2021. S\u00e3o subterf\u00fagios para mudar a <strong>regra fiscal<\/strong>, que \u00e9 muito importante para uma economia emergente como o Brasil&#8221;.<\/p>\n<p>A economista ainda destaca que o <strong>teto de gastos<\/strong> foi o que deu garantia, nos \u00faltimos anos, para o investimento estrangeiro no Brasil. Com a revis\u00e3o da regra que aumenta o limite de gastos, o cen\u00e1rio fiscal pode ser visto como mais fr\u00e1gil.<\/p>\n\t<p>\n\t\t<a href=\"https:\/\/lp.suno.com.br\/planilha-da-vida-financeira\/\" target=\"_blank\" data-element=\"shortcode-suno-banner\" title=\"Banner SUNO, clique e saiba mais\">\n\t\t\t<picture>\n\t\t\t\t<source media=\"(max-width: 500px)\" srcset=\"https:\/\/files.sunoresearch.com.br\/n\/uploads\/2023\/04\/400x300-Planilha-vida-financeira-true.png\">\n\t\t\t\t<img class=\"newsContent__article__imgCapa newsContent__article__imgCapa--banner\"\n\t\t\t\t\tsrc=\"https:\/\/files.sunoresearch.com.br\/n\/uploads\/2023\/04\/1420x240-Planilha-vida-financeira-true.png\"\n\t\t\t\t\tdata-promo-id=\"106682\"\t\t\t\t\t\t\t\t\t\twidth='1420' height='240'\t\t\t\t\talt=\"https:\/\/files.sunoresearch.com.br\/n\/uploads\/2023\/04\/1420x240-Planilha-vida-financeira-true.png\"\n\t\t\t\t>\n\t\t\t<\/picture>\n\t\t<\/a>\n\t<\/p>\n\n\n<p>Para os analistas da corretora XP Investimentos, o texto da <strong>PEC dos Precat\u00f3rios<\/strong> foi uma vit\u00f3ria da ala pol\u00edtica, em detrimento das contas p\u00fablicas.<\/p>\n<p>Junto a sa\u00edda dos secret\u00e1rios, houve burburinhos de que o pr\u00f3prio l\u00edder do Minist\u00e9rio da Economia, <strong><a class=\"suno-keyword\" href=\"https:\/\/www.suno.com.br\/tudo-sobre\/paulo-guedes\/\" target=\"_blank\" rel=\"noopener\" data-force=\"no\" data-priority=\"2\">Paulo Guedes<\/a><\/strong>, tamb\u00e9m sairia. Mas o pr\u00f3prio <strong>presidente Jair Bolsonaro<\/strong>\u00a0garantiu que Guedes fica. Entretanto, a perman\u00eancia pode n\u00e3o ser mais um fator t\u00e3o reconfortante para o mercado financeiro, conforme explica \u00c9tore Sanchez, economista-chefe da Ativa Investimentos.<\/p>\n<p>&#8220;O fato \u00e9 que Guedes, ou por fraqueza ideol\u00f3gica ou por fraqueza pol\u00edtica \u00e9 bem menor do que j\u00e1 foi em outros momentos. Evidentemente que sua sa\u00edda abriria um flanco sem precedentes na j\u00e1 fragilizada diretriz econ\u00f4mica do governo&#8221;, diz Sanchez.<\/p>\n\t<p>\n\t\t<a href=\"https:\/\/lp.suno.com.br\/ebook-como-analisar-uma-acao\/\" target=\"_blank\" data-element=\"shortcode-suno-banner\" title=\"Banner SUNO, clique e saiba mais\">\n\t\t\t<picture>\n\t\t\t\t<source media=\"(max-width: 500px)\" srcset=\"https:\/\/files.sunoresearch.com.br\/n\/uploads\/2023\/03\/Ebook-Acoes-Mobile-1.jpg\">\n\t\t\t\t<img class=\"newsContent__article__imgCapa newsContent__article__imgCapa--banner\"\n\t\t\t\t\tsrc=\"https:\/\/files.sunoresearch.com.br\/n\/uploads\/2023\/03\/Ebook-Acoes-Desktop-1.jpg\"\n\t\t\t\t\tdata-promo-id=\"171998\"\t\t\t\t\t\t\t\t\t\twidth='1420' height='286'\t\t\t\t\talt=\"https:\/\/files.sunoresearch.com.br\/n\/uploads\/2023\/03\/Ebook-Acoes-Desktop-1.jpg\"\n\t\t\t\t>\n\t\t\t<\/picture>\n\t\t<\/a>\n\t<\/p>\n\n\n<p>Em sua live semanal, o presidente Jair Bolsonaro ironizou a rea\u00e7\u00e3o do <a class=\"suno-keyword\" href=\"https:\/\/www.suno.com.br\/guias\/mercado-financeiro\/\" target=\"_blank\" rel=\"noopener\" data-force=\"no\" data-priority=\"2\">mercado financeiro<\/a>, dizendo que o mercado fica &#8220;nervosinho&#8221; com a cria\u00e7\u00e3o de despesas que amea\u00e7am o teto de gastos.<\/p>\n<p>Para Thomas Giuberti, economista e s\u00f3cio da Golden Investimentos, o receio do mercado \u00e9 que essa n\u00e3o seja a \u00faltima investida contra a manuten\u00e7\u00e3o do teto de gastos.<\/p>\n<p>&#8220;O temos \u00e9 que fique esse horror sem fim, de que o governo fa\u00e7a esse puxadinho agora e daqui alguns meses invente outro. Esse n\u00e3o \u00e9 um ambiente benigno para a bolsa\u201d, diz Giuberti, que aconselha aos investidores fazer movimentos suaves e ter muita paci\u00eancia.<\/p>\n<p>Na an\u00e1lise da Guide Investimentos, nesta sexta, o mercado deve manter o vi\u00e9s negativo, principalmente porque a <strong>debandada dos secret\u00e1rios<\/strong> contribui para minar a credibilidade fiscal do governo.<\/p>\n\t<p>\n\t\t<a href=\"https:\/\/lp.suno.com.br\/planilha-de-controle-de-investimentos\/\" target=\"_blank\" data-element=\"shortcode-suno-banner\" title=\"Banner SUNO, clique e saiba mais\">\n\t\t\t<picture>\n\t\t\t\t<source media=\"(max-width: 500px)\" srcset=\"https:\/\/files.sunoresearch.com.br\/n\/uploads\/2023\/03\/400x300-Controle-de-Investimentos.png\">\n\t\t\t\t<img class=\"newsContent__article__imgCapa newsContent__article__imgCapa--banner\"\n\t\t\t\t\tsrc=\"https:\/\/files.sunoresearch.com.br\/n\/uploads\/2023\/03\/1420x240-Controle-de-Investimentos.png\"\n\t\t\t\t\tdata-promo-id=\"75934\"\t\t\t\t\t\t\t\t\t\twidth='1420' height='240'\t\t\t\t\talt=\"https:\/\/files.sunoresearch.com.br\/n\/uploads\/2023\/03\/1420x240-Controle-de-Investimentos.png\"\n\t\t\t\t>\n\t\t\t<\/picture>\n\t\t<\/a>\n\t<\/p>\n\n\n<p>Logo na abertura, \u00e0s 10:10, o <strong>Ibovespa<\/strong> apresentava queda de 0,40%, operando aos 107.346 pontos.<\/p>\n<h2>Debandada no Minist\u00e9rio da Economia<\/h2>\n<p>Na noite de ontem (21), a comiss\u00e3o especial da C\u00e2mara aprovou o texto da PEC dos Precat\u00f3rios que institui um limite ao pagamento das d\u00edvidas e altera a regra do <a class=\"suno-keyword\" href=\"https:\/\/www.suno.com.br\/artigos\/teto-de-gastos\/\" target=\"_blank\" rel=\"noopener\" data-force=\"no\" data-priority=\"1\">teto de gastos<\/a>, a fim de liberar recursos para viabilizar o <strong>Aux\u00edlio Brasil turbinad<\/strong>o a R$ 400. As mudan\u00e7as tiveram chancela do l\u00edder no Minist\u00e9rio da Economia, Paulo Guedes, por\u00e9m, desagradou uma parte dos seus secret\u00e1rios.<\/p>\n<p>Logo ap\u00f3s a decis\u00e3o, quatro membros do Minist\u00e9rio da Economia pediram exonera\u00e7\u00e3o dos seus cargos, em mais uma debandada da pasta. Sa\u00edram:<\/p>\n<ul>\n<li><strong>Bruno Funchal<\/strong> &#8211; secret\u00e1rio de Tesouro e Or\u00e7amento;<\/li>\n<li><strong>Jeferson Bittencourt<\/strong> &#8211; secret\u00e1rio do Tesouro Nacional;<\/li>\n<li><strong>Gildenora Dantas<\/strong> &#8211; secret\u00e1ria-especial-adjunta de Tesouro e Or\u00e7amento;<\/li>\n<li><strong>Rafael Araujo<\/strong> &#8211; secret\u00e1rio-adjunto do Tesouro Nacional.<\/li>\n<\/ul>\n<p>Al\u00e9m dos membros do <strong>Minist\u00e9rio da Economia<\/strong>, o secret\u00e1rio de Petr\u00f3leo e G\u00e1s do Minist\u00e9rio de Minas e Energia, Jos\u00e9 Mauro Coelho, tamb\u00e9m pediu demiss\u00e3o do posto.<\/p>\n\t<p>\n\t\t<a href=\"\" target=\"_blank\" data-element=\"shortcode-suno-banner\" title=\"Banner SUNO, clique e saiba mais\">\n\t\t\t<picture>\n\t\t\t\t<source media=\"(max-width: 500px)\" srcset=\"\">\n\t\t\t\t<img class=\"newsContent__article__imgCapa newsContent__article__imgCapa--banner\"\n\t\t\t\t\tsrc=\"\"\n\t\t\t\t\tdata-promo-id=\"184190\"\t\t\t\t\t\t\t\t\t\t\t\t\t\t\talt=\"\"\n\t\t\t\t>\n\t\t\t<\/picture>\n\t\t<\/a>\n\t<\/p>\n\n\n","protected":false},"excerpt":{"rendered":"<p>A debandada de secret\u00e1rios do Minist\u00e9rio da Economia na noite de ontem (21) adiciona ainda mais estresse no mercado financeiro e aumenta a sensa\u00e7\u00e3o de fragilidade do cen\u00e1rio econ\u00f4mico do Pa\u00eds, dizem especialistas. Bruno Funchal. Foto: Antonio Cruz\/Ag\u00eancia Brasil Camila Abdelmalack, economista-chefe da Veedha Investimentos, afirma que com uma debandada nesse n\u00edvel, saindo quatro secret\u00e1rios [&hellip;]<\/p>\n","protected":false},"author":102,"featured_media":196319,"comment_status":"closed","ping_status":"closed","sticky":false,"template":"","format":"standard","meta":[],"categories":[61],"tags":[774,94198,909,796,104591],"suno_strategy":[],"class_list":["post-196300","post","type-post","status-publish","format-standard","has-post-thumbnail","hentry","category-politica","tag-bolsa-familia","tag-bruno-funchal","tag-ministerio-da-economia","tag-paulo-guedes","tag-precatorios"],"yoast_head":"<!-- This site is optimized with the Yoast SEO plugin v24.4 - https:\/\/yoast.com\/wordpress\/plugins\/seo\/ -->\n<title>Debandada no Minist\u00e9rio da Economia adiciona estresse ao mercado, dizem analistas<\/title>\n<meta name=\"description\" content=\"Quatro secret\u00e1rio do Minist\u00e9rio da Economia pediram demiss\u00e3o do cargo na noite de quinta (21). Veja a repercuss\u00e3o no mercado financeiro.\" \/>\n<meta name=\"robots\" content=\"index, follow, max-snippet:-1, max-image-preview:large, max-video-preview:-1\" \/>\n<link rel=\"canonical\" href=\"https:\/\/www.suno.com.br\/noticias\/debandada-ministerio-da-economia-estressa-mercado\/\" \/>\n<meta property=\"og:locale\" content=\"pt_BR\" \/>\n<meta property=\"og:type\" content=\"article\" \/>\n<meta property=\"og:title\" content=\"Debandada no Minist\u00e9rio da Economia adiciona estresse ao mercado, dizem analistas\" \/>\n<meta property=\"og:description\" content=\"Quatro secret\u00e1rio do Minist\u00e9rio da Economia pediram demiss\u00e3o do cargo na noite de quinta (21). Veja a repercuss\u00e3o no mercado financeiro.\" \/>\n<meta property=\"og:url\" content=\"https:\/\/www.suno.com.br\/noticias\/debandada-ministerio-da-economia-estressa-mercado\/\" \/>\n<meta property=\"og:site_name\" content=\"Suno Not\u00edcias\" \/>\n<meta property=\"article:publisher\" content=\"https:\/\/facebook.com\/sunoresearch\" \/>\n<meta property=\"og:image\" content=\"https:\/\/files.sunoresearch.com.br\/n\/uploads\/2021\/10\/bruno-funchal-EBC-imagens-scaled.jpg\" \/>\n\t<meta property=\"og:image:width\" content=\"2560\" \/>\n\t<meta property=\"og:image:height\" content=\"1707\" \/>\n\t<meta property=\"og:image:type\" content=\"image\/jpeg\" \/>\n<meta name=\"author\" content=\"Monique Lima\" \/>\n<meta name=\"twitter:card\" content=\"summary_large_image\" \/>\n<meta name=\"twitter:creator\" content=\"@sunoresearch\" \/>\n<meta name=\"twitter:site\" content=\"@sunoresearch\" \/>\n<meta name=\"twitter:label1\" content=\"Escrito por\" \/>\n\t<meta name=\"twitter:data1\" content=\"Monique Lima\" \/>\n\t<meta name=\"twitter:label2\" content=\"Est. tempo de leitura\" \/>\n\t<meta name=\"twitter:data2\" content=\"3 minutos\" \/>\n<script type=\"application\/ld+json\" class=\"yoast-schema-graph\">{\"@context\":\"https:\/\/schema.org\",\"@graph\":[{\"@type\":\"NewsArticle\",\"@id\":\"https:\/\/www.suno.com.br\/noticias\/debandada-ministerio-da-economia-estressa-mercado\/#article\",\"isPartOf\":{\"@id\":\"https:\/\/www.suno.com.br\/noticias\/debandada-ministerio-da-economia-estressa-mercado\/\"},\"author\":{\"name\":\"Monique Lima\",\"@id\":\"https:\/\/www.suno.com.br\/noticias\/#\/schema\/person\/d712329319cc9b10f254d02d654cb36a\"},\"headline\":\"Debandada no Minist\u00e9rio da Economia adiciona estresse ao mercado, dizem analistas\",\"datePublished\":\"2021-10-22T13:43:01+00:00\",\"mainEntityOfPage\":{\"@id\":\"https:\/\/www.suno.com.br\/noticias\/debandada-ministerio-da-economia-estressa-mercado\/\"},\"wordCount\":693,\"publisher\":{\"@id\":\"https:\/\/www.suno.com.br\/noticias\/#organization\"},\"image\":{\"@id\":\"https:\/\/www.suno.com.br\/noticias\/debandada-ministerio-da-economia-estressa-mercado\/#primaryimage\"},\"thumbnailUrl\":\"https:\/\/files.sunoresearch.com.br\/n\/uploads\/2021\/10\/bruno-funchal-EBC-imagens-scaled.jpg\",\"keywords\":[\"Bolsa Fam\u00edlia\",\"Bruno Funchal\",\"Minist\u00e9rio da Economia\",\"Paulo Guedes\",\"precat\u00f3rios\"],\"articleSection\":[\"Pol\u00edtica\"],\"inLanguage\":\"pt-BR\"},{\"@type\":\"WebPage\",\"@id\":\"https:\/\/www.suno.com.br\/noticias\/debandada-ministerio-da-economia-estressa-mercado\/\",\"url\":\"https:\/\/www.suno.com.br\/noticias\/debandada-ministerio-da-economia-estressa-mercado\/\",\"name\":\"Debandada no Minist\u00e9rio da Economia adiciona estresse ao mercado, dizem analistas\",\"isPartOf\":{\"@id\":\"https:\/\/www.suno.com.br\/noticias\/#website\"},\"primaryImageOfPage\":{\"@id\":\"https:\/\/www.suno.com.br\/noticias\/debandada-ministerio-da-economia-estressa-mercado\/#primaryimage\"},\"image\":{\"@id\":\"https:\/\/www.suno.com.br\/noticias\/debandada-ministerio-da-economia-estressa-mercado\/#primaryimage\"},\"thumbnailUrl\":\"https:\/\/files.sunoresearch.com.br\/n\/uploads\/2021\/10\/bruno-funchal-EBC-imagens-scaled.jpg\",\"datePublished\":\"2021-10-22T13:43:01+00:00\",\"description\":\"Quatro secret\u00e1rio do Minist\u00e9rio da Economia pediram demiss\u00e3o do cargo na noite de quinta (21). Veja a repercuss\u00e3o no mercado financeiro.\",\"breadcrumb\":{\"@id\":\"https:\/\/www.suno.com.br\/noticias\/debandada-ministerio-da-economia-estressa-mercado\/#breadcrumb\"},\"inLanguage\":\"pt-BR\",\"potentialAction\":[{\"@type\":\"ReadAction\",\"target\":[\"https:\/\/www.suno.com.br\/noticias\/debandada-ministerio-da-economia-estressa-mercado\/\"]}]},{\"@type\":\"ImageObject\",\"inLanguage\":\"pt-BR\",\"@id\":\"https:\/\/www.suno.com.br\/noticias\/debandada-ministerio-da-economia-estressa-mercado\/#primaryimage\",\"url\":\"https:\/\/files.sunoresearch.com.br\/n\/uploads\/2021\/10\/bruno-funchal-EBC-imagens-scaled.jpg\",\"contentUrl\":\"https:\/\/files.sunoresearch.com.br\/n\/uploads\/2021\/10\/bruno-funchal-EBC-imagens-scaled.jpg\",\"width\":2560,\"height\":1707,\"caption\":\"Bruno Funchal. Foto: Antonio Cruz\/Ag\u00eancia Brasil\"},{\"@type\":\"BreadcrumbList\",\"@id\":\"https:\/\/www.suno.com.br\/noticias\/debandada-ministerio-da-economia-estressa-mercado\/#breadcrumb\",\"itemListElement\":[{\"@type\":\"ListItem\",\"position\":1,\"name\":\"Not\u00edcias\",\"item\":\"https:\/\/www.suno.com.br\/noticias\/\"},{\"@type\":\"ListItem\",\"position\":2,\"name\":\"Pol\u00edtica\",\"item\":\"https:\/\/www.suno.com.br\/noticias\/politica\/\"},{\"@type\":\"ListItem\",\"position\":3,\"name\":\"Debandada no Minist\u00e9rio da Economia adiciona estresse ao mercado, dizem analistas\"}]},{\"@type\":\"WebSite\",\"@id\":\"https:\/\/www.suno.com.br\/noticias\/#website\",\"url\":\"https:\/\/www.suno.com.br\/noticias\/\",\"name\":\"Suno Not\u00edcias\",\"description\":\"Seu portal de informa\u00e7\u00e3o sobre o mundo dos investimentos\",\"publisher\":{\"@id\":\"https:\/\/www.suno.com.br\/noticias\/#organization\"},\"potentialAction\":[{\"@type\":\"SearchAction\",\"target\":{\"@type\":\"EntryPoint\",\"urlTemplate\":\"https:\/\/www.suno.com.br\/noticias\/?s={search_term_string}\"},\"query-input\":{\"@type\":\"PropertyValueSpecification\",\"valueRequired\":true,\"valueName\":\"search_term_string\"}}],\"inLanguage\":\"pt-BR\"},{\"@type\":\"Organization\",\"@id\":\"https:\/\/www.suno.com.br\/noticias\/#organization\",\"name\":\"Suno Not\u00edcias\",\"url\":\"https:\/\/www.suno.com.br\/noticias\/\",\"logo\":{\"@type\":\"ImageObject\",\"inLanguage\":\"pt-BR\",\"@id\":\"https:\/\/www.suno.com.br\/noticias\/#\/schema\/logo\/image\/\",\"url\":\"https:\/\/files.sunoresearch.com.br\/n\/uploads\/2021\/09\/suno-logo.png\",\"contentUrl\":\"https:\/\/files.sunoresearch.com.br\/n\/uploads\/2021\/09\/suno-logo.png\",\"width\":180,\"height\":180,\"caption\":\"Suno Not\u00edcias\"},\"image\":{\"@id\":\"https:\/\/www.suno.com.br\/noticias\/#\/schema\/logo\/image\/\"},\"sameAs\":[\"https:\/\/facebook.com\/sunoresearch\",\"https:\/\/x.com\/sunoresearch\",\"https:\/\/www.instagram.com\/suno\",\"https:\/\/www.linkedin.com\/company\/suno-research\/\",\"https:\/\/www.youtube.com\/c\/sunoresearch\"]},{\"@type\":\"Person\",\"@id\":\"https:\/\/www.suno.com.br\/noticias\/#\/schema\/person\/d712329319cc9b10f254d02d654cb36a\",\"name\":\"Monique Lima\",\"image\":{\"@type\":\"ImageObject\",\"inLanguage\":\"pt-BR\",\"@id\":\"https:\/\/www.suno.com.br\/noticias\/#\/schema\/person\/image\/\",\"url\":\"https:\/\/secure.gravatar.com\/avatar\/daee7f16d906c2e9ffed236206ca2c30?s=96&r=g\",\"contentUrl\":\"https:\/\/secure.gravatar.com\/avatar\/daee7f16d906c2e9ffed236206ca2c30?s=96&r=g\",\"caption\":\"Monique Lima\"},\"description\":\"Rep\u00f3rter de Mercado no Suno Not\u00edcias, \u00e9 jornalista com experi\u00eancia na cobertura de economia, empreendedorismo, finan\u00e7as pessoais, mercado financeiro, carreira e recursos humanos. Formada em Jornalismo pela Universidade Paulista, teve experi\u00eancias em ve\u00edculos de comunica\u00e7\u00e3o como a Ag\u00eancia TradeMap, Revista Voc\u00ea S\/A e Revista Voc\u00ea RH, as duas \u00faltimas publica\u00e7\u00f5es da Editora Abril. No Suno Not\u00edcias, fala sobre as principais not\u00edcias de Fundos Imobili\u00e1rios, Fiagro, Startups e empresas listadas na Bolsa.\",\"url\":\"https:\/\/www.suno.com.br\/noticias\/author\/monique-lima\/\"}]}<\/script>\n<!-- \/ Yoast SEO plugin. -->","yoast_head_json":{"title":"Debandada no Minist\u00e9rio da Economia adiciona estresse ao mercado, dizem analistas","description":"Quatro secret\u00e1rio do Minist\u00e9rio da Economia pediram demiss\u00e3o do cargo na noite de quinta (21). Veja a repercuss\u00e3o no mercado financeiro.","robots":{"index":"index","follow":"follow","max-snippet":"max-snippet:-1","max-image-preview":"max-image-preview:large","max-video-preview":"max-video-preview:-1"},"canonical":"https:\/\/www.suno.com.br\/noticias\/debandada-ministerio-da-economia-estressa-mercado\/","og_locale":"pt_BR","og_type":"article","og_title":"Debandada no Minist\u00e9rio da Economia adiciona estresse ao mercado, dizem analistas","og_description":"Quatro secret\u00e1rio do Minist\u00e9rio da Economia pediram demiss\u00e3o do cargo na noite de quinta (21). Veja a repercuss\u00e3o no mercado financeiro.","og_url":"https:\/\/www.suno.com.br\/noticias\/debandada-ministerio-da-economia-estressa-mercado\/","og_site_name":"Suno Not\u00edcias","article_publisher":"https:\/\/facebook.com\/sunoresearch","og_image":[{"width":2560,"height":1707,"url":"https:\/\/files.sunoresearch.com.br\/n\/uploads\/2021\/10\/bruno-funchal-EBC-imagens-scaled.jpg","type":"image\/jpeg"}],"author":"Monique Lima","twitter_card":"summary_large_image","twitter_creator":"@sunoresearch","twitter_site":"@sunoresearch","twitter_misc":{"Escrito por":"Monique Lima","Est. tempo de leitura":"3 minutos"},"schema":{"@context":"https:\/\/schema.org","@graph":[{"@type":"NewsArticle","@id":"https:\/\/www.suno.com.br\/noticias\/debandada-ministerio-da-economia-estressa-mercado\/#article","isPartOf":{"@id":"https:\/\/www.suno.com.br\/noticias\/debandada-ministerio-da-economia-estressa-mercado\/"},"author":{"name":"Monique Lima","@id":"https:\/\/www.suno.com.br\/noticias\/#\/schema\/person\/d712329319cc9b10f254d02d654cb36a"},"headline":"Debandada no Minist\u00e9rio da Economia adiciona estresse ao mercado, dizem analistas","datePublished":"2021-10-22T13:43:01+00:00","mainEntityOfPage":{"@id":"https:\/\/www.suno.com.br\/noticias\/debandada-ministerio-da-economia-estressa-mercado\/"},"wordCount":693,"publisher":{"@id":"https:\/\/www.suno.com.br\/noticias\/#organization"},"image":{"@id":"https:\/\/www.suno.com.br\/noticias\/debandada-ministerio-da-economia-estressa-mercado\/#primaryimage"},"thumbnailUrl":"https:\/\/files.sunoresearch.com.br\/n\/uploads\/2021\/10\/bruno-funchal-EBC-imagens-scaled.jpg","keywords":["Bolsa Fam\u00edlia","Bruno Funchal","Minist\u00e9rio da Economia","Paulo Guedes","precat\u00f3rios"],"articleSection":["Pol\u00edtica"],"inLanguage":"pt-BR"},{"@type":"WebPage","@id":"https:\/\/www.suno.com.br\/noticias\/debandada-ministerio-da-economia-estressa-mercado\/","url":"https:\/\/www.suno.com.br\/noticias\/debandada-ministerio-da-economia-estressa-mercado\/","name":"Debandada no Minist\u00e9rio da Economia adiciona estresse ao mercado, dizem analistas","isPartOf":{"@id":"https:\/\/www.suno.com.br\/noticias\/#website"},"primaryImageOfPage":{"@id":"https:\/\/www.suno.com.br\/noticias\/debandada-ministerio-da-economia-estressa-mercado\/#primaryimage"},"image":{"@id":"https:\/\/www.suno.com.br\/noticias\/debandada-ministerio-da-economia-estressa-mercado\/#primaryimage"},"thumbnailUrl":"https:\/\/files.sunoresearch.com.br\/n\/uploads\/2021\/10\/bruno-funchal-EBC-imagens-scaled.jpg","datePublished":"2021-10-22T13:43:01+00:00","description":"Quatro secret\u00e1rio do Minist\u00e9rio da Economia pediram demiss\u00e3o do cargo na noite de quinta (21). Veja a repercuss\u00e3o no mercado financeiro.","breadcrumb":{"@id":"https:\/\/www.suno.com.br\/noticias\/debandada-ministerio-da-economia-estressa-mercado\/#breadcrumb"},"inLanguage":"pt-BR","potentialAction":[{"@type":"ReadAction","target":["https:\/\/www.suno.com.br\/noticias\/debandada-ministerio-da-economia-estressa-mercado\/"]}]},{"@type":"ImageObject","inLanguage":"pt-BR","@id":"https:\/\/www.suno.com.br\/noticias\/debandada-ministerio-da-economia-estressa-mercado\/#primaryimage","url":"https:\/\/files.sunoresearch.com.br\/n\/uploads\/2021\/10\/bruno-funchal-EBC-imagens-scaled.jpg","contentUrl":"https:\/\/files.sunoresearch.com.br\/n\/uploads\/2021\/10\/bruno-funchal-EBC-imagens-scaled.jpg","width":2560,"height":1707,"caption":"Bruno Funchal. Foto: Antonio Cruz\/Ag\u00eancia Brasil"},{"@type":"BreadcrumbList","@id":"https:\/\/www.suno.com.br\/noticias\/debandada-ministerio-da-economia-estressa-mercado\/#breadcrumb","itemListElement":[{"@type":"ListItem","position":1,"name":"Not\u00edcias","item":"https:\/\/www.suno.com.br\/noticias\/"},{"@type":"ListItem","position":2,"name":"Pol\u00edtica","item":"https:\/\/www.suno.com.br\/noticias\/politica\/"},{"@type":"ListItem","position":3,"name":"Debandada no Minist\u00e9rio da Economia adiciona estresse ao mercado, dizem analistas"}]},{"@type":"WebSite","@id":"https:\/\/www.suno.com.br\/noticias\/#website","url":"https:\/\/www.suno.com.br\/noticias\/","name":"Suno Not\u00edcias","description":"Seu portal de informa\u00e7\u00e3o sobre o mundo dos investimentos","publisher":{"@id":"https:\/\/www.suno.com.br\/noticias\/#organization"},"potentialAction":[{"@type":"SearchAction","target":{"@type":"EntryPoint","urlTemplate":"https:\/\/www.suno.com.br\/noticias\/?s={search_term_string}"},"query-input":{"@type":"PropertyValueSpecification","valueRequired":true,"valueName":"search_term_string"}}],"inLanguage":"pt-BR"},{"@type":"Organization","@id":"https:\/\/www.suno.com.br\/noticias\/#organization","name":"Suno Not\u00edcias","url":"https:\/\/www.suno.com.br\/noticias\/","logo":{"@type":"ImageObject","inLanguage":"pt-BR","@id":"https:\/\/www.suno.com.br\/noticias\/#\/schema\/logo\/image\/","url":"https:\/\/files.sunoresearch.com.br\/n\/uploads\/2021\/09\/suno-logo.png","contentUrl":"https:\/\/files.sunoresearch.com.br\/n\/uploads\/2021\/09\/suno-logo.png","width":180,"height":180,"caption":"Suno Not\u00edcias"},"image":{"@id":"https:\/\/www.suno.com.br\/noticias\/#\/schema\/logo\/image\/"},"sameAs":["https:\/\/facebook.com\/sunoresearch","https:\/\/x.com\/sunoresearch","https:\/\/www.instagram.com\/suno","https:\/\/www.linkedin.com\/company\/suno-research\/","https:\/\/www.youtube.com\/c\/sunoresearch"]},{"@type":"Person","@id":"https:\/\/www.suno.com.br\/noticias\/#\/schema\/person\/d712329319cc9b10f254d02d654cb36a","name":"Monique Lima","image":{"@type":"ImageObject","inLanguage":"pt-BR","@id":"https:\/\/www.suno.com.br\/noticias\/#\/schema\/person\/image\/","url":"https:\/\/secure.gravatar.com\/avatar\/daee7f16d906c2e9ffed236206ca2c30?s=96&r=g","contentUrl":"https:\/\/secure.gravatar.com\/avatar\/daee7f16d906c2e9ffed236206ca2c30?s=96&r=g","caption":"Monique Lima"},"description":"Rep\u00f3rter de Mercado no Suno Not\u00edcias, \u00e9 jornalista com experi\u00eancia na cobertura de economia, empreendedorismo, finan\u00e7as pessoais, mercado financeiro, carreira e recursos humanos. Formada em Jornalismo pela Universidade Paulista, teve experi\u00eancias em ve\u00edculos de comunica\u00e7\u00e3o como a Ag\u00eancia TradeMap, Revista Voc\u00ea S\/A e Revista Voc\u00ea RH, as duas \u00faltimas publica\u00e7\u00f5es da Editora Abril. No Suno Not\u00edcias, fala sobre as principais not\u00edcias de Fundos Imobili\u00e1rios, Fiagro, Startups e empresas listadas na Bolsa.","url":"https:\/\/www.suno.com.br\/noticias\/author\/monique-lima\/"}]}},"default_loop_html":"<div class=\"cardsPage__listCard__boxs\"><div class=\"cardsPage__listCard__boxs__img\"><a href=\"https:\/\/www.suno.com.br\/noticias\/debandada-ministerio-da-economia-estressa-mercado\/\"><img class=\"mask\" src=\"https:\/\/www.suno.com.br\/noticias\/wp-content\/themes\/suno\/resources\/images\/spotlight\/spotlight1img\/bg-mask.png\" alt=\"Image Mask\"\/><img src=\"https:\/\/files.sunoresearch.com.br\/n\/uploads\/2021\/10\/bruno-funchal-EBC-imagens-400x200.jpg\" alt=\"Debandada no Minist\u00e9rio da Economia adiciona estresse ao mercado, dizem analistas\"\/><\/a><span class=\"spotlightCategory\"><a href=\"https:\/\/www.suno.com.br\/noticias\/politica\/\">Pol\u00edtica<\/a><\/span><\/div><div class=\"cardsPage__listCard__boxs__content\"><a href=\"https:\/\/www.suno.com.br\/noticias\/debandada-ministerio-da-economia-estressa-mercado\/\"><h2 class=\"content__title\">Debandada no Minist\u00e9rio da Economia adiciona estresse ao mercado, dizem analistas<\/h2><\/a><div class=\"newsContent__article__meta\"><div class=\"newsContent__article__meta__authorBox\"><a href=\"https:\/\/www.suno.com.br\/noticias\/author\/monique-lima\/\" class=\"authorBox__avatar noMobi\"><img src=\"https:\/\/secure.gravatar.com\/avatar\/daee7f16d906c2e9ffed236206ca2c30?s=96&#038;r=g\" alt=\"Monique Lima\"><\/a><div class=\"authorBox__name\"><span>por\n\t\t\t<a href=\"https:\/\/www.suno.com.br\/noticias\/author\/monique-lima\/\"><span itemprop=\"author\">Monique Lima<\/span><\/a><\/span><time datetime=\"2021-10-22T10:43:01-03:00\" itemprop=\"datePublished\">22\/10\/2021 10:43<\/time><\/div><\/div><\/div><\/div><\/div>","single_layout":"posts","amp_enabled":true,"_links":{"self":[{"href":"https:\/\/www.suno.com.br\/noticias\/wp-json\/wp\/v2\/posts\/196300"}],"collection":[{"href":"https:\/\/www.suno.com.br\/noticias\/wp-json\/wp\/v2\/posts"}],"about":[{"href":"https:\/\/www.suno.com.br\/noticias\/wp-json\/wp\/v2\/types\/post"}],"author":[{"embeddable":true,"href":"https:\/\/www.suno.com.br\/noticias\/wp-json\/wp\/v2\/users\/102"}],"replies":[{"embeddable":true,"href":"https:\/\/www.suno.com.br\/noticias\/wp-json\/wp\/v2\/comments?post=196300"}],"version-history":[{"count":4,"href":"https:\/\/www.suno.com.br\/noticias\/wp-json\/wp\/v2\/posts\/196300\/revisions"}],"predecessor-version":[{"id":196342,"href":"https:\/\/www.suno.com.br\/noticias\/wp-json\/wp\/v2\/posts\/196300\/revisions\/196342"}],"wp:featuredmedia":[{"embeddable":true,"href":"https:\/\/www.suno.com.br\/noticias\/wp-json\/wp\/v2\/media\/196319"}],"wp:attachment":[{"href":"https:\/\/www.suno.com.br\/noticias\/wp-json\/wp\/v2\/media?parent=196300"}],"wp:term":[{"taxonomy":"category","embeddable":true,"href":"https:\/\/www.suno.com.br\/noticias\/wp-json\/wp\/v2\/categories?post=196300"},{"taxonomy":"post_tag","embeddable":true,"href":"https:\/\/www.suno.com.br\/noticias\/wp-json\/wp\/v2\/tags?post=196300"},{"taxonomy":"suno_strategy","embeddable":true,"href":"https:\/\/www.suno.com.br\/noticias\/wp-json\/wp\/v2\/suno_strategy?post=196300"}],"curies":[{"name":"wp","href":"https:\/\/api.w.org\/{rel}","templated":true}]}}