{"id":196279,"date":"2021-10-22T09:01:01","date_gmt":"2021-10-22T12:01:01","guid":{"rendered":"https:\/\/www.suno.com.br\/noticias\/?p=196279"},"modified":"2021-10-22T09:01:01","modified_gmt":"2021-10-22T12:01:01","slug":"projecoes-de-bancos-para-a-selic-disparam-com-agravamento-do-risco-fiscal","status":"publish","type":"post","link":"https:\/\/www.suno.com.br\/noticias\/projecoes-de-bancos-para-a-selic-disparam-com-agravamento-do-risco-fiscal\/","title":{"rendered":"Proje\u00e7\u00f5es de bancos para a Selic disparam com agravamento do risco fiscal"},"content":{"rendered":"<p>Nas \u00faltimas 48 horas, o risco fiscal do Brasil aumentou e com isso os bancos decidiram revisar a proje\u00e7\u00e3o da <a class=\"suno-keyword\" href=\"https:\/\/www.suno.com.br\/artigos\/taxa-basica-de-juros\/\" target=\"_blank\" rel=\"noopener\" data-force=\"no\" data-priority=\"1\">taxa b\u00e1sica de juros<\/a> (<strong>Selic<\/strong>) para cima. As proje\u00e7\u00f5es foram modificadas devido \u00e0 <a class=\"suno-keyword\" href=\"https:\/\/www.suno.com.br\/artigos\/aversao-ao-risco\/\" target=\"_blank\" rel=\"noopener\" data-force=\"no\" data-priority=\"1\">avers\u00e3o ao risco<\/a> inflada pela sinaliza\u00e7\u00e3o do ministro da Economia, Paulo Guedes, de implementar o Aux\u00edlio Brasil fora do teto de gastos, e pela movimenta\u00e7\u00e3o para mudar as regras do teto.<\/p>\t<div class=\"wrapper-featured-image\">\n\t\t<figure class=\"spotlightImg\">\n\n\t\t\t<picture>\n\t\t\t\t<source media=\"(max-width: 768px)\" srcset=\"https:\/\/files.sunoresearch.com.br\/n\/uploads\/2021\/03\/e6fee03b-selic-400x200.webp\">\n\t\t\t\t<img loading=\"lazy\" decoding=\"async\" class=\"newsContent__article__imgCapa lazyloadDisabled \" src=\"https:\/\/files.sunoresearch.com.br\/n\/uploads\/2021\/03\/e6fee03b-selic-800x450.webp\" width=\"800\" height=\"450\" alt=\"Proje\u00e7\u00f5es de bancos para a Selic disparam com agravamento do risco fiscal\" fetchpriority=high \/>\n\t\t\t<\/picture>\n\n\t\t\t<figcaption class=\"wp-caption-text wp-caption-text--show\">Selic - Foto: Pixabay<\/figcaption>\n\t\t<\/figure>\n\t<\/div>\n\n\n\t<p>\n\t\t<a href=\"https:\/\/lp.suno.com.br\/planilha-controle-gastos\/\" target=\"_blank\" data-element=\"shortcode-suno-banner\" title=\"Banner SUNO, clique e saiba mais\">\n\t\t\t<picture>\n\t\t\t\t<source media=\"(max-width: 500px)\" srcset=\"https:\/\/files.sunoresearch.com.br\/n\/uploads\/2023\/03\/400x300-Planilha-controle-de-gastos.png\">\n\t\t\t\t<img class=\"newsContent__article__imgCapa newsContent__article__imgCapa--banner\"\n\t\t\t\t\tsrc=\"https:\/\/files.sunoresearch.com.br\/n\/uploads\/2023\/03\/1420x240-Planilha-controle-de-gastos.png\"\n\t\t\t\t\tdata-promo-id=\"101751\"\t\t\t\t\t\t\t\t\t\twidth='1420' height='240'\t\t\t\t\talt=\"https:\/\/files.sunoresearch.com.br\/n\/uploads\/2023\/03\/1420x240-Planilha-controle-de-gastos.png\"\n\t\t\t\t>\n\t\t\t<\/picture>\n\t\t<\/a>\n\t<\/p>\n\n\n<p>Segundo o Instituto Fiscal Independente do Senado (IFI), o <strong>rombo no teto<\/strong> com as mudan\u00e7as anunciadas pelo governo ser\u00e1 de R$ 95,6 bilh\u00f5es. Dessa forma, as institui\u00e7\u00f5es preveem uma alta para a taxa Selic nas pr\u00f3ximas duas reuni\u00f5es do <a href=\"https:\/\/www.suno.com.br\/artigos\/politica-monetaria\/\"><strong>Comit\u00ea de Pol\u00edtica Monet\u00e1ria (Copom)<\/strong><\/a>.<\/p>\n<p>O UBS v\u00ea o aumento em 150 pontos base e projeta que a taxa deva encerrar 2021 a 9,25% ao ano (a.a), ante os 8,25% esperados antes. Para o pr\u00f3ximo ano, a estimativa \u00e9 de 10,25% a.a. Por sua vez, o Credit Suisse agora estima que a Selic seja de 8,75% no final do ano e 10,5% no pr\u00f3ximo ano.<\/p>\n<p>J\u00e1 a Ativa Investimentos elevou a proje\u00e7\u00e3o de 9,25% para 10,50%, com ciclo de alta terminando na terceira reuni\u00e3o de 2022.<\/p>\n\t<p>\n\t\t<a href=\"https:\/\/lp.suno.com.br\/planilha-da-vida-financeira\/\" target=\"_blank\" data-element=\"shortcode-suno-banner\" title=\"Banner SUNO, clique e saiba mais\">\n\t\t\t<picture>\n\t\t\t\t<source media=\"(max-width: 500px)\" srcset=\"https:\/\/files.sunoresearch.com.br\/n\/uploads\/2023\/04\/400x300-Planilha-vida-financeira-true.png\">\n\t\t\t\t<img class=\"newsContent__article__imgCapa newsContent__article__imgCapa--banner\"\n\t\t\t\t\tsrc=\"https:\/\/files.sunoresearch.com.br\/n\/uploads\/2023\/04\/1420x240-Planilha-vida-financeira-true.png\"\n\t\t\t\t\tdata-promo-id=\"106682\"\t\t\t\t\t\t\t\t\t\twidth='1420' height='240'\t\t\t\t\talt=\"https:\/\/files.sunoresearch.com.br\/n\/uploads\/2023\/04\/1420x240-Planilha-vida-financeira-true.png\"\n\t\t\t\t>\n\t\t\t<\/picture>\n\t\t<\/a>\n\t<\/p>\n\n\n<p>&#8220;O resultado para a economia \u00e9 sombrio: o mercado j\u00e1 prev\u00ea uma alta na casa dos 125 pontos base para a Selic para as pr\u00f3ximas duas reuni\u00f5es do Copom deste ano e, consequentemente, um crescimento econ\u00f4mico bem reduzido para o ano que vem&#8221;, analisa o relat\u00f3rio da Guide Investimentos.<\/p>\n<p>Ap\u00f3s a not\u00edcia da possibilidade de quebra do<strong> <a class=\"suno-keyword\" href=\"https:\/\/www.suno.com.br\/artigos\/teto-de-gastos\/\" target=\"_blank\" rel=\"noopener\" data-force=\"no\" data-priority=\"1\">teto de gastos<\/a><\/strong>, os mercados reagiram negativamente. O principal \u00edndice da Bolsa de Valores, Ibovespa, despencou 3,31%, a 107.233 pontos na quinta-feira (21), j\u00e1 o d\u00f3lar decolou 2,04% frente ao real, valendo R$ 5,67.<\/p>\n<p>O Ministro da Economia, <a class=\"suno-keyword\" href=\"https:\/\/www.suno.com.br\/tudo-sobre\/paulo-guedes\/\" target=\"_blank\" rel=\"noopener\" data-force=\"no\" data-priority=\"2\"><strong>Paulo Guedes<\/strong><\/a><strong>,<\/strong>\u00a0confirmou que parte do pagamento do\u00a0<strong>Aux\u00edlio Brasil<\/strong>, programa que pretende substituir o Bolsa Fam\u00edlia e pagar\u00e1 um benef\u00edcio de R$ 400, est\u00e1 fora da regra fiscal.<\/p>\n<p>Durante um evento virtual de entidade da constru\u00e7\u00e3o civil, Paulo Guedes apontou que no que depender da equipe econ\u00f4mica, o Aux\u00edlio Brasil poder\u00e1 ser financiado com cerca de R$ 30 bilh\u00f5es fora do teto de gastos. Segundo o economista, o movimento n\u00e3o seria necess\u00e1rio se o Senado tivesse aprovado a reforma do Imposto de Renda.<\/p>\n<p>Com isso, o mercado est\u00e1 apreensivo com a possibilidade de quebra do teto de gastos.<\/p>\n\t<p>\n\t\t<a href=\"https:\/\/lp.suno.com.br\/ebook-como-analisar-uma-acao\/\" target=\"_blank\" data-element=\"shortcode-suno-banner\" title=\"Banner SUNO, clique e saiba mais\">\n\t\t\t<picture>\n\t\t\t\t<source media=\"(max-width: 500px)\" srcset=\"https:\/\/files.sunoresearch.com.br\/n\/uploads\/2023\/03\/Ebook-Acoes-Mobile-1.jpg\">\n\t\t\t\t<img class=\"newsContent__article__imgCapa newsContent__article__imgCapa--banner\"\n\t\t\t\t\tsrc=\"https:\/\/files.sunoresearch.com.br\/n\/uploads\/2023\/03\/Ebook-Acoes-Desktop-1.jpg\"\n\t\t\t\t\tdata-promo-id=\"171998\"\t\t\t\t\t\t\t\t\t\twidth='1420' height='286'\t\t\t\t\talt=\"https:\/\/files.sunoresearch.com.br\/n\/uploads\/2023\/03\/Ebook-Acoes-Desktop-1.jpg\"\n\t\t\t\t>\n\t\t\t<\/picture>\n\t\t<\/a>\n\t<\/p>\n\n\n<h2>Focus mant\u00e9m estimativa e Ita\u00fa eleva perspectiva para Selic<\/h2>\n<p>Na \u00faltima divulga\u00e7\u00e3o do Boletim Focus, segunda-feira (18), os especialistas mantiveram a Selic inalterada em 8,25%. Trata-se da 4\u00aa semana que o valor se mant\u00e9m.<\/p>\n\t<div data-element=\"shortcode-read-more\" class=\"knowMore\">\n\t\t\t\t<span class=\"knowMore__title\">Saiba Mais<\/span>\n\t\t\t\t<a class=\"knowMore__link\" href=\"https:\/\/www.suno.com.br\/noticias\/itau-itub4-projecao-dolar-inflacao-selic-pib\/\">\n\t\t\tIta\u00fa (ITUB4) eleva proje\u00e7\u00e3o para d\u00f3lar, infla\u00e7\u00e3o e Selic, e rebaixa PIB 2021\t\t<\/a>\n\t<\/div>\n\n\n<p>Para 2022, o Boletim Focus manteve a previs\u00e3o de eleva\u00e7\u00e3o registrada na semana passada, de 8,75%. A taxa \u00e9 utilizada como ferramenta de pol\u00edtica monet\u00e1ria do Banco Central para conter a infla\u00e7\u00e3o, que por sua vez deve encerrar esse ano a 8,69%.<\/p>\n<p>J\u00e1 na semana passada, o Ita\u00fa (ITUB4) decidiu elevar sua proje\u00e7\u00e3o para a taxa <strong>Selic<\/strong> para 8,25% ao final deste ano, subindo para 9,0% no in\u00edcio de 2022, &#8220;n\u00edvel em que encerrar\u00e1 o atual ciclo de alta.&#8221;<\/p>\n\t<p>\n\t\t<a href=\"https:\/\/lp.suno.com.br\/planilha-de-controle-de-investimentos\/\" target=\"_blank\" data-element=\"shortcode-suno-banner\" title=\"Banner SUNO, clique e saiba mais\">\n\t\t\t<picture>\n\t\t\t\t<source media=\"(max-width: 500px)\" srcset=\"https:\/\/files.sunoresearch.com.br\/n\/uploads\/2023\/03\/400x300-Controle-de-Investimentos.png\">\n\t\t\t\t<img class=\"newsContent__article__imgCapa newsContent__article__imgCapa--banner\"\n\t\t\t\t\tsrc=\"https:\/\/files.sunoresearch.com.br\/n\/uploads\/2023\/03\/1420x240-Controle-de-Investimentos.png\"\n\t\t\t\t\tdata-promo-id=\"75934\"\t\t\t\t\t\t\t\t\t\twidth='1420' height='240'\t\t\t\t\talt=\"https:\/\/files.sunoresearch.com.br\/n\/uploads\/2023\/03\/1420x240-Controle-de-Investimentos.png\"\n\t\t\t\t>\n\t\t\t<\/picture>\n\t\t<\/a>\n\t<\/p>\n\n\n","protected":false},"excerpt":{"rendered":"<p>Nas \u00faltimas 48 horas, o risco fiscal do Brasil aumentou e com isso os bancos decidiram revisar a proje\u00e7\u00e3o da taxa b\u00e1sica de juros (Selic) para cima. As proje\u00e7\u00f5es foram modificadas devido \u00e0 avers\u00e3o ao risco inflada pela sinaliza\u00e7\u00e3o do ministro da Economia, Paulo Guedes, de implementar o Aux\u00edlio Brasil fora do teto de gastos, [&hellip;]<\/p>\n","protected":false},"author":15,"featured_media":129963,"comment_status":"closed","ping_status":"closed","sticky":false,"template":"","format":"standard","meta":[],"categories":[62],"tags":[105816,290],"suno_strategy":[],"class_list":["post-196279","post","type-post","status-publish","format-standard","has-post-thumbnail","hentry","category-economia","tag-especialistas","tag-taxa-selic"],"yoast_head":"<!-- This site is optimized with the Yoast SEO plugin v24.4 - https:\/\/yoast.com\/wordpress\/plugins\/seo\/ -->\n<title>Proje\u00e7\u00f5es de bancos para a Selic disparam com agravamento do risco fiscal<\/title>\n<meta name=\"description\" content=\"Nas \u00faltimas 48 horas, o risco fiscal do Brasil aumentou e com isso os bancos decidiram revisar a proje\u00e7\u00e3o da Selic para cima. Clique aqui\" \/>\n<meta name=\"robots\" content=\"index, follow, max-snippet:-1, max-image-preview:large, max-video-preview:-1\" \/>\n<link rel=\"canonical\" href=\"https:\/\/www.suno.com.br\/noticias\/projecoes-de-bancos-para-a-selic-disparam-com-agravamento-do-risco-fiscal\/\" \/>\n<meta property=\"og:locale\" content=\"pt_BR\" \/>\n<meta property=\"og:type\" content=\"article\" \/>\n<meta property=\"og:title\" content=\"Proje\u00e7\u00f5es de bancos para a Selic disparam com agravamento do risco fiscal\" \/>\n<meta property=\"og:description\" content=\"Nas \u00faltimas 48 horas, o risco fiscal do Brasil aumentou e com isso os bancos decidiram revisar a proje\u00e7\u00e3o da Selic para cima. Clique aqui\" \/>\n<meta property=\"og:url\" content=\"https:\/\/www.suno.com.br\/noticias\/projecoes-de-bancos-para-a-selic-disparam-com-agravamento-do-risco-fiscal\/\" \/>\n<meta property=\"og:site_name\" content=\"Suno Not\u00edcias\" \/>\n<meta property=\"article:publisher\" content=\"https:\/\/facebook.com\/sunoresearch\" \/>\n<meta property=\"og:image\" content=\"https:\/\/files.sunoresearch.com.br\/n\/uploads\/2021\/03\/e6fee03b-selic.jpg\" \/>\n\t<meta property=\"og:image:width\" content=\"1170\" \/>\n\t<meta property=\"og:image:height\" content=\"700\" \/>\n\t<meta property=\"og:image:type\" content=\"image\/jpeg\" \/>\n<meta name=\"author\" content=\"Poliana Santos\" \/>\n<meta name=\"twitter:card\" content=\"summary_large_image\" \/>\n<meta name=\"twitter:creator\" content=\"@sunoresearch\" \/>\n<meta name=\"twitter:site\" content=\"@sunoresearch\" \/>\n<meta name=\"twitter:label1\" content=\"Escrito por\" \/>\n\t<meta name=\"twitter:data1\" content=\"Poliana Santos\" \/>\n\t<meta name=\"twitter:label2\" content=\"Est. tempo de leitura\" \/>\n\t<meta name=\"twitter:data2\" content=\"3 minutos\" \/>\n<script type=\"application\/ld+json\" class=\"yoast-schema-graph\">{\"@context\":\"https:\/\/schema.org\",\"@graph\":[{\"@type\":\"NewsArticle\",\"@id\":\"https:\/\/www.suno.com.br\/noticias\/projecoes-de-bancos-para-a-selic-disparam-com-agravamento-do-risco-fiscal\/#article\",\"isPartOf\":{\"@id\":\"https:\/\/www.suno.com.br\/noticias\/projecoes-de-bancos-para-a-selic-disparam-com-agravamento-do-risco-fiscal\/\"},\"author\":{\"name\":\"Poliana Santos\",\"@id\":\"https:\/\/www.suno.com.br\/noticias\/#\/schema\/person\/02ec1f752758247878a2bf4abee1aeda\"},\"headline\":\"Proje\u00e7\u00f5es de bancos para a Selic disparam com agravamento do risco fiscal\",\"datePublished\":\"2021-10-22T12:01:01+00:00\",\"mainEntityOfPage\":{\"@id\":\"https:\/\/www.suno.com.br\/noticias\/projecoes-de-bancos-para-a-selic-disparam-com-agravamento-do-risco-fiscal\/\"},\"wordCount\":542,\"publisher\":{\"@id\":\"https:\/\/www.suno.com.br\/noticias\/#organization\"},\"image\":{\"@id\":\"https:\/\/www.suno.com.br\/noticias\/projecoes-de-bancos-para-a-selic-disparam-com-agravamento-do-risco-fiscal\/#primaryimage\"},\"thumbnailUrl\":\"https:\/\/files.sunoresearch.com.br\/n\/uploads\/2021\/03\/e6fee03b-selic-jpg.webp\",\"keywords\":[\"Especialistas\",\"Taxa Selic\"],\"articleSection\":[\"Economia\"],\"inLanguage\":\"pt-BR\"},{\"@type\":\"WebPage\",\"@id\":\"https:\/\/www.suno.com.br\/noticias\/projecoes-de-bancos-para-a-selic-disparam-com-agravamento-do-risco-fiscal\/\",\"url\":\"https:\/\/www.suno.com.br\/noticias\/projecoes-de-bancos-para-a-selic-disparam-com-agravamento-do-risco-fiscal\/\",\"name\":\"Proje\u00e7\u00f5es de bancos para a Selic disparam com agravamento do risco fiscal\",\"isPartOf\":{\"@id\":\"https:\/\/www.suno.com.br\/noticias\/#website\"},\"primaryImageOfPage\":{\"@id\":\"https:\/\/www.suno.com.br\/noticias\/projecoes-de-bancos-para-a-selic-disparam-com-agravamento-do-risco-fiscal\/#primaryimage\"},\"image\":{\"@id\":\"https:\/\/www.suno.com.br\/noticias\/projecoes-de-bancos-para-a-selic-disparam-com-agravamento-do-risco-fiscal\/#primaryimage\"},\"thumbnailUrl\":\"https:\/\/files.sunoresearch.com.br\/n\/uploads\/2021\/03\/e6fee03b-selic-jpg.webp\",\"datePublished\":\"2021-10-22T12:01:01+00:00\",\"description\":\"Nas \u00faltimas 48 horas, o risco fiscal do Brasil aumentou e com isso os bancos decidiram revisar a proje\u00e7\u00e3o da Selic para cima. Clique aqui\",\"breadcrumb\":{\"@id\":\"https:\/\/www.suno.com.br\/noticias\/projecoes-de-bancos-para-a-selic-disparam-com-agravamento-do-risco-fiscal\/#breadcrumb\"},\"inLanguage\":\"pt-BR\",\"potentialAction\":[{\"@type\":\"ReadAction\",\"target\":[\"https:\/\/www.suno.com.br\/noticias\/projecoes-de-bancos-para-a-selic-disparam-com-agravamento-do-risco-fiscal\/\"]}]},{\"@type\":\"ImageObject\",\"inLanguage\":\"pt-BR\",\"@id\":\"https:\/\/www.suno.com.br\/noticias\/projecoes-de-bancos-para-a-selic-disparam-com-agravamento-do-risco-fiscal\/#primaryimage\",\"url\":\"https:\/\/files.sunoresearch.com.br\/n\/uploads\/2021\/03\/e6fee03b-selic-jpg.webp\",\"contentUrl\":\"https:\/\/files.sunoresearch.com.br\/n\/uploads\/2021\/03\/e6fee03b-selic-jpg.webp\",\"width\":1170,\"height\":700,\"caption\":\"Selic - Foto: Pixabay\"},{\"@type\":\"BreadcrumbList\",\"@id\":\"https:\/\/www.suno.com.br\/noticias\/projecoes-de-bancos-para-a-selic-disparam-com-agravamento-do-risco-fiscal\/#breadcrumb\",\"itemListElement\":[{\"@type\":\"ListItem\",\"position\":1,\"name\":\"Not\u00edcias\",\"item\":\"https:\/\/www.suno.com.br\/noticias\/\"},{\"@type\":\"ListItem\",\"position\":2,\"name\":\"Economia\",\"item\":\"https:\/\/www.suno.com.br\/noticias\/economia\/\"},{\"@type\":\"ListItem\",\"position\":3,\"name\":\"Proje\u00e7\u00f5es de bancos para a Selic disparam com agravamento do risco fiscal\"}]},{\"@type\":\"WebSite\",\"@id\":\"https:\/\/www.suno.com.br\/noticias\/#website\",\"url\":\"https:\/\/www.suno.com.br\/noticias\/\",\"name\":\"Suno Not\u00edcias\",\"description\":\"Seu portal de informa\u00e7\u00e3o sobre o mundo dos investimentos\",\"publisher\":{\"@id\":\"https:\/\/www.suno.com.br\/noticias\/#organization\"},\"potentialAction\":[{\"@type\":\"SearchAction\",\"target\":{\"@type\":\"EntryPoint\",\"urlTemplate\":\"https:\/\/www.suno.com.br\/noticias\/?s={search_term_string}\"},\"query-input\":{\"@type\":\"PropertyValueSpecification\",\"valueRequired\":true,\"valueName\":\"search_term_string\"}}],\"inLanguage\":\"pt-BR\"},{\"@type\":\"Organization\",\"@id\":\"https:\/\/www.suno.com.br\/noticias\/#organization\",\"name\":\"Suno Not\u00edcias\",\"url\":\"https:\/\/www.suno.com.br\/noticias\/\",\"logo\":{\"@type\":\"ImageObject\",\"inLanguage\":\"pt-BR\",\"@id\":\"https:\/\/www.suno.com.br\/noticias\/#\/schema\/logo\/image\/\",\"url\":\"https:\/\/files.sunoresearch.com.br\/n\/uploads\/2021\/09\/suno-logo.png\",\"contentUrl\":\"https:\/\/files.sunoresearch.com.br\/n\/uploads\/2021\/09\/suno-logo.png\",\"width\":180,\"height\":180,\"caption\":\"Suno Not\u00edcias\"},\"image\":{\"@id\":\"https:\/\/www.suno.com.br\/noticias\/#\/schema\/logo\/image\/\"},\"sameAs\":[\"https:\/\/facebook.com\/sunoresearch\",\"https:\/\/x.com\/sunoresearch\",\"https:\/\/www.instagram.com\/suno\",\"https:\/\/www.linkedin.com\/company\/suno-research\/\",\"https:\/\/www.youtube.com\/c\/sunoresearch\"]},{\"@type\":\"Person\",\"@id\":\"https:\/\/www.suno.com.br\/noticias\/#\/schema\/person\/02ec1f752758247878a2bf4abee1aeda\",\"name\":\"Poliana Santos\",\"image\":{\"@type\":\"ImageObject\",\"inLanguage\":\"pt-BR\",\"@id\":\"https:\/\/www.suno.com.br\/noticias\/#\/schema\/person\/image\/\",\"url\":\"https:\/\/secure.gravatar.com\/avatar\/0645bd32f23d87b2130f2b2dff1d3f8d?s=96&r=g\",\"contentUrl\":\"https:\/\/secure.gravatar.com\/avatar\/0645bd32f23d87b2130f2b2dff1d3f8d?s=96&r=g\",\"caption\":\"Poliana Santos\"},\"description\":\"Rep\u00f3rter no Suno Not\u00edcias, com cobertura em mercado financeiro, economia, finan\u00e7as pessoais, renda fixa e varejo. Jornalista formada pela Faculdade C\u00e1sper L\u00edbero e possui passagem na R\u00e1dio Gazeta AM com a produ\u00e7\u00e3o de conte\u00fado sobre economia, pol\u00edtica, sa\u00fade, moda e m\u00fasica. Possui certificado de conclus\u00e3o do curso de An\u00e1lise de Balan\u00e7os pela Funda\u00e7\u00e3o Bradesco, Agenda Brasil pela FAAP, Educa\u00e7\u00e3o Pol\u00edtica por Alexandre Garcia e do Tesouro Direto e Mercado de A\u00e7\u00f5es pela B3.\",\"url\":\"https:\/\/www.suno.com.br\/noticias\/author\/poliana-santos\/\"}]}<\/script>\n<!-- \/ Yoast SEO plugin. -->","yoast_head_json":{"title":"Proje\u00e7\u00f5es de bancos para a Selic disparam com agravamento do risco fiscal","description":"Nas \u00faltimas 48 horas, o risco fiscal do Brasil aumentou e com isso os bancos decidiram revisar a proje\u00e7\u00e3o da Selic para cima. Clique aqui","robots":{"index":"index","follow":"follow","max-snippet":"max-snippet:-1","max-image-preview":"max-image-preview:large","max-video-preview":"max-video-preview:-1"},"canonical":"https:\/\/www.suno.com.br\/noticias\/projecoes-de-bancos-para-a-selic-disparam-com-agravamento-do-risco-fiscal\/","og_locale":"pt_BR","og_type":"article","og_title":"Proje\u00e7\u00f5es de bancos para a Selic disparam com agravamento do risco fiscal","og_description":"Nas \u00faltimas 48 horas, o risco fiscal do Brasil aumentou e com isso os bancos decidiram revisar a proje\u00e7\u00e3o da Selic para cima. Clique aqui","og_url":"https:\/\/www.suno.com.br\/noticias\/projecoes-de-bancos-para-a-selic-disparam-com-agravamento-do-risco-fiscal\/","og_site_name":"Suno Not\u00edcias","article_publisher":"https:\/\/facebook.com\/sunoresearch","og_image":[{"width":1170,"height":700,"url":"https:\/\/files.sunoresearch.com.br\/n\/uploads\/2021\/03\/e6fee03b-selic.jpg","type":"image\/jpeg"}],"author":"Poliana Santos","twitter_card":"summary_large_image","twitter_creator":"@sunoresearch","twitter_site":"@sunoresearch","twitter_misc":{"Escrito por":"Poliana Santos","Est. tempo de leitura":"3 minutos"},"schema":{"@context":"https:\/\/schema.org","@graph":[{"@type":"NewsArticle","@id":"https:\/\/www.suno.com.br\/noticias\/projecoes-de-bancos-para-a-selic-disparam-com-agravamento-do-risco-fiscal\/#article","isPartOf":{"@id":"https:\/\/www.suno.com.br\/noticias\/projecoes-de-bancos-para-a-selic-disparam-com-agravamento-do-risco-fiscal\/"},"author":{"name":"Poliana Santos","@id":"https:\/\/www.suno.com.br\/noticias\/#\/schema\/person\/02ec1f752758247878a2bf4abee1aeda"},"headline":"Proje\u00e7\u00f5es de bancos para a Selic disparam com agravamento do risco fiscal","datePublished":"2021-10-22T12:01:01+00:00","mainEntityOfPage":{"@id":"https:\/\/www.suno.com.br\/noticias\/projecoes-de-bancos-para-a-selic-disparam-com-agravamento-do-risco-fiscal\/"},"wordCount":542,"publisher":{"@id":"https:\/\/www.suno.com.br\/noticias\/#organization"},"image":{"@id":"https:\/\/www.suno.com.br\/noticias\/projecoes-de-bancos-para-a-selic-disparam-com-agravamento-do-risco-fiscal\/#primaryimage"},"thumbnailUrl":"https:\/\/files.sunoresearch.com.br\/n\/uploads\/2021\/03\/e6fee03b-selic-jpg.webp","keywords":["Especialistas","Taxa Selic"],"articleSection":["Economia"],"inLanguage":"pt-BR"},{"@type":"WebPage","@id":"https:\/\/www.suno.com.br\/noticias\/projecoes-de-bancos-para-a-selic-disparam-com-agravamento-do-risco-fiscal\/","url":"https:\/\/www.suno.com.br\/noticias\/projecoes-de-bancos-para-a-selic-disparam-com-agravamento-do-risco-fiscal\/","name":"Proje\u00e7\u00f5es de bancos para a Selic disparam com agravamento do risco fiscal","isPartOf":{"@id":"https:\/\/www.suno.com.br\/noticias\/#website"},"primaryImageOfPage":{"@id":"https:\/\/www.suno.com.br\/noticias\/projecoes-de-bancos-para-a-selic-disparam-com-agravamento-do-risco-fiscal\/#primaryimage"},"image":{"@id":"https:\/\/www.suno.com.br\/noticias\/projecoes-de-bancos-para-a-selic-disparam-com-agravamento-do-risco-fiscal\/#primaryimage"},"thumbnailUrl":"https:\/\/files.sunoresearch.com.br\/n\/uploads\/2021\/03\/e6fee03b-selic-jpg.webp","datePublished":"2021-10-22T12:01:01+00:00","description":"Nas \u00faltimas 48 horas, o risco fiscal do Brasil aumentou e com isso os bancos decidiram revisar a proje\u00e7\u00e3o da Selic para cima. Clique aqui","breadcrumb":{"@id":"https:\/\/www.suno.com.br\/noticias\/projecoes-de-bancos-para-a-selic-disparam-com-agravamento-do-risco-fiscal\/#breadcrumb"},"inLanguage":"pt-BR","potentialAction":[{"@type":"ReadAction","target":["https:\/\/www.suno.com.br\/noticias\/projecoes-de-bancos-para-a-selic-disparam-com-agravamento-do-risco-fiscal\/"]}]},{"@type":"ImageObject","inLanguage":"pt-BR","@id":"https:\/\/www.suno.com.br\/noticias\/projecoes-de-bancos-para-a-selic-disparam-com-agravamento-do-risco-fiscal\/#primaryimage","url":"https:\/\/files.sunoresearch.com.br\/n\/uploads\/2021\/03\/e6fee03b-selic-jpg.webp","contentUrl":"https:\/\/files.sunoresearch.com.br\/n\/uploads\/2021\/03\/e6fee03b-selic-jpg.webp","width":1170,"height":700,"caption":"Selic - Foto: Pixabay"},{"@type":"BreadcrumbList","@id":"https:\/\/www.suno.com.br\/noticias\/projecoes-de-bancos-para-a-selic-disparam-com-agravamento-do-risco-fiscal\/#breadcrumb","itemListElement":[{"@type":"ListItem","position":1,"name":"Not\u00edcias","item":"https:\/\/www.suno.com.br\/noticias\/"},{"@type":"ListItem","position":2,"name":"Economia","item":"https:\/\/www.suno.com.br\/noticias\/economia\/"},{"@type":"ListItem","position":3,"name":"Proje\u00e7\u00f5es de bancos para a Selic disparam com agravamento do risco fiscal"}]},{"@type":"WebSite","@id":"https:\/\/www.suno.com.br\/noticias\/#website","url":"https:\/\/www.suno.com.br\/noticias\/","name":"Suno Not\u00edcias","description":"Seu portal de informa\u00e7\u00e3o sobre o mundo dos investimentos","publisher":{"@id":"https:\/\/www.suno.com.br\/noticias\/#organization"},"potentialAction":[{"@type":"SearchAction","target":{"@type":"EntryPoint","urlTemplate":"https:\/\/www.suno.com.br\/noticias\/?s={search_term_string}"},"query-input":{"@type":"PropertyValueSpecification","valueRequired":true,"valueName":"search_term_string"}}],"inLanguage":"pt-BR"},{"@type":"Organization","@id":"https:\/\/www.suno.com.br\/noticias\/#organization","name":"Suno Not\u00edcias","url":"https:\/\/www.suno.com.br\/noticias\/","logo":{"@type":"ImageObject","inLanguage":"pt-BR","@id":"https:\/\/www.suno.com.br\/noticias\/#\/schema\/logo\/image\/","url":"https:\/\/files.sunoresearch.com.br\/n\/uploads\/2021\/09\/suno-logo.png","contentUrl":"https:\/\/files.sunoresearch.com.br\/n\/uploads\/2021\/09\/suno-logo.png","width":180,"height":180,"caption":"Suno Not\u00edcias"},"image":{"@id":"https:\/\/www.suno.com.br\/noticias\/#\/schema\/logo\/image\/"},"sameAs":["https:\/\/facebook.com\/sunoresearch","https:\/\/x.com\/sunoresearch","https:\/\/www.instagram.com\/suno","https:\/\/www.linkedin.com\/company\/suno-research\/","https:\/\/www.youtube.com\/c\/sunoresearch"]},{"@type":"Person","@id":"https:\/\/www.suno.com.br\/noticias\/#\/schema\/person\/02ec1f752758247878a2bf4abee1aeda","name":"Poliana Santos","image":{"@type":"ImageObject","inLanguage":"pt-BR","@id":"https:\/\/www.suno.com.br\/noticias\/#\/schema\/person\/image\/","url":"https:\/\/secure.gravatar.com\/avatar\/0645bd32f23d87b2130f2b2dff1d3f8d?s=96&r=g","contentUrl":"https:\/\/secure.gravatar.com\/avatar\/0645bd32f23d87b2130f2b2dff1d3f8d?s=96&r=g","caption":"Poliana Santos"},"description":"Rep\u00f3rter no Suno Not\u00edcias, com cobertura em mercado financeiro, economia, finan\u00e7as pessoais, renda fixa e varejo. Jornalista formada pela Faculdade C\u00e1sper L\u00edbero e possui passagem na R\u00e1dio Gazeta AM com a produ\u00e7\u00e3o de conte\u00fado sobre economia, pol\u00edtica, sa\u00fade, moda e m\u00fasica. Possui certificado de conclus\u00e3o do curso de An\u00e1lise de Balan\u00e7os pela Funda\u00e7\u00e3o Bradesco, Agenda Brasil pela FAAP, Educa\u00e7\u00e3o Pol\u00edtica por Alexandre Garcia e do Tesouro Direto e Mercado de A\u00e7\u00f5es pela B3.","url":"https:\/\/www.suno.com.br\/noticias\/author\/poliana-santos\/"}]}},"default_loop_html":"<div class=\"cardsPage__listCard__boxs\"><div class=\"cardsPage__listCard__boxs__img\"><a href=\"https:\/\/www.suno.com.br\/noticias\/projecoes-de-bancos-para-a-selic-disparam-com-agravamento-do-risco-fiscal\/\"><img class=\"mask\" src=\"https:\/\/www.suno.com.br\/noticias\/wp-content\/themes\/suno\/resources\/images\/spotlight\/spotlight1img\/bg-mask.png\" alt=\"Image Mask\"\/><img src=\"https:\/\/files.sunoresearch.com.br\/n\/uploads\/2021\/03\/e6fee03b-selic-400x200.webp\" alt=\"Proje\u00e7\u00f5es de bancos para a Selic disparam com agravamento do risco fiscal\"\/><\/a><span class=\"spotlightCategory\"><a href=\"https:\/\/www.suno.com.br\/noticias\/economia\/\">Economia<\/a><\/span><\/div><div class=\"cardsPage__listCard__boxs__content\"><a href=\"https:\/\/www.suno.com.br\/noticias\/projecoes-de-bancos-para-a-selic-disparam-com-agravamento-do-risco-fiscal\/\"><h2 class=\"content__title\">Proje\u00e7\u00f5es de bancos para a Selic disparam com agravamento do risco fiscal<\/h2><\/a><div class=\"newsContent__article__meta\"><div class=\"newsContent__article__meta__authorBox\"><a href=\"https:\/\/www.suno.com.br\/noticias\/author\/poliana-santos\/\" class=\"authorBox__avatar noMobi\"><img src=\"https:\/\/files.sunoresearch.com.br\/n\/uploads\/2020\/08\/7ef34026-whatsapp-image-2020-08-03-at-12.37.57-150x150.webp\" alt=\"Poliana Santos\"><\/a><div class=\"authorBox__name\"><span>por\n\t\t\t<a href=\"https:\/\/www.suno.com.br\/noticias\/author\/poliana-santos\/\"><span itemprop=\"author\">Poliana Santos<\/span><\/a><\/span><time datetime=\"2021-10-22T09:01:01-03:00\" itemprop=\"datePublished\">22\/10\/2021 09:01<\/time><\/div><\/div><\/div><\/div><\/div>","single_layout":"posts","amp_enabled":true,"_links":{"self":[{"href":"https:\/\/www.suno.com.br\/noticias\/wp-json\/wp\/v2\/posts\/196279"}],"collection":[{"href":"https:\/\/www.suno.com.br\/noticias\/wp-json\/wp\/v2\/posts"}],"about":[{"href":"https:\/\/www.suno.com.br\/noticias\/wp-json\/wp\/v2\/types\/post"}],"author":[{"embeddable":true,"href":"https:\/\/www.suno.com.br\/noticias\/wp-json\/wp\/v2\/users\/15"}],"replies":[{"embeddable":true,"href":"https:\/\/www.suno.com.br\/noticias\/wp-json\/wp\/v2\/comments?post=196279"}],"version-history":[{"count":3,"href":"https:\/\/www.suno.com.br\/noticias\/wp-json\/wp\/v2\/posts\/196279\/revisions"}],"predecessor-version":[{"id":196312,"href":"https:\/\/www.suno.com.br\/noticias\/wp-json\/wp\/v2\/posts\/196279\/revisions\/196312"}],"wp:featuredmedia":[{"embeddable":true,"href":"https:\/\/www.suno.com.br\/noticias\/wp-json\/wp\/v2\/media\/129963"}],"wp:attachment":[{"href":"https:\/\/www.suno.com.br\/noticias\/wp-json\/wp\/v2\/media?parent=196279"}],"wp:term":[{"taxonomy":"category","embeddable":true,"href":"https:\/\/www.suno.com.br\/noticias\/wp-json\/wp\/v2\/categories?post=196279"},{"taxonomy":"post_tag","embeddable":true,"href":"https:\/\/www.suno.com.br\/noticias\/wp-json\/wp\/v2\/tags?post=196279"},{"taxonomy":"suno_strategy","embeddable":true,"href":"https:\/\/www.suno.com.br\/noticias\/wp-json\/wp\/v2\/suno_strategy?post=196279"}],"curies":[{"name":"wp","href":"https:\/\/api.w.org\/{rel}","templated":true}]}}