{"id":196237,"date":"2021-10-21T23:21:13","date_gmt":"2021-10-22T02:21:13","guid":{"rendered":"https:\/\/www.suno.com.br\/noticias\/?p=196237"},"modified":"2021-10-21T23:27:54","modified_gmt":"2021-10-22T02:27:54","slug":"caminhoneiros-lider-critica-bolsonaro-confirma-beneficio","status":"publish","type":"post","link":"https:\/\/www.suno.com.br\/noticias\/caminhoneiros-lider-critica-bolsonaro-confirma-beneficio\/","title":{"rendered":"Caminhoneiros: Bolsonaro confirma aux\u00edlio; l\u00edder da categoria diz que oferta \u00e9 &#8216;piada de mau gosto&#8217;"},"content":{"rendered":"<p>O presidente Jair Bolsonaro voltou a falar, durante live nas redes sociais nesta quinta-feira (21), que o governo vai oferecer a 750 mil caminhoneiros benef\u00edcio de R$ 400. O benef\u00edcio seria uma contrapartida para compensar o reajuste do diesel. A proposta foi criticada pelo presidente da Associa\u00e7\u00e3o Brasileira dos Condutores de Ve\u00edculos Automotores (Abrava), Wallace Landim, uma das principais lideran\u00e7as do movimento de <strong>caminhoneiros<\/strong> do Pa\u00eds. Ele afirmou que a oferta \u00e9 uma &#8220;piada de mau gosto&#8221;. Disse que est\u00e1 mantida a inten\u00e7\u00e3o dos caminhoneiros de come\u00e7ar uma greve em 1\u00ba de novembro.<\/p>\t<div class=\"wrapper-featured-image\">\n\t\t<figure class=\"spotlightImg\">\n\n\t\t\t<picture>\n\t\t\t\t<source media=\"(max-width: 768px)\" srcset=\"https:\/\/files.sunoresearch.com.br\/n\/uploads\/2021\/10\/caminhoneiros_EBC-400x200.jpg\">\n\t\t\t\t<img loading=\"lazy\" decoding=\"async\" class=\"newsContent__article__imgCapa lazyloadDisabled \" src=\"https:\/\/files.sunoresearch.com.br\/n\/uploads\/2021\/10\/caminhoneiros_EBC-800x450.jpg\" width=\"800\" height=\"450\" alt=\"Caminhoneiros: Bolsonaro confirma aux\u00edlio; l\u00edder da categoria diz que oferta \u00e9 &#8216;piada de mau gosto&#8217;\" fetchpriority=high \/>\n\t\t\t<\/picture>\n\n\t\t\t<figcaption class=\"wp-caption-text wp-caption-text--show\">Caminhoneiros - Foto: Tomaz Silva\/Ag\u00eancia Brasil<\/figcaption>\n\t\t<\/figure>\n\t<\/div>\n\n\n\t<p>\n\t\t<a href=\"https:\/\/lp.suno.com.br\/planilha-controle-gastos\/\" target=\"_blank\" data-element=\"shortcode-suno-banner\" title=\"Banner SUNO, clique e saiba mais\">\n\t\t\t<picture>\n\t\t\t\t<source media=\"(max-width: 500px)\" srcset=\"https:\/\/files.sunoresearch.com.br\/n\/uploads\/2023\/03\/400x300-Planilha-controle-de-gastos.png\">\n\t\t\t\t<img class=\"newsContent__article__imgCapa newsContent__article__imgCapa--banner\"\n\t\t\t\t\tsrc=\"https:\/\/files.sunoresearch.com.br\/n\/uploads\/2023\/03\/1420x240-Planilha-controle-de-gastos.png\"\n\t\t\t\t\tdata-promo-id=\"101751\"\t\t\t\t\t\t\t\t\t\twidth='1420' height='240'\t\t\t\t\talt=\"https:\/\/files.sunoresearch.com.br\/n\/uploads\/2023\/03\/1420x240-Planilha-controle-de-gastos.png\"\n\t\t\t\t>\n\t\t\t<\/picture>\n\t\t<\/a>\n\t<\/p>\n\n\n<p>&#8220;Eu acho que foi uma piada que ele (Bolsonaro) fez&#8230; ou ser\u00e1 de verdade? Isso \u00e9 uma piada de mau gosto. O caminhoneiro n\u00e3o quer esmola, quer dignidade, quer os compromissos que foram assumidos e que at\u00e9 hoje n\u00e3o sa\u00edram do papel&#8221;, disse Landim, conhecido entre os caminhoneiros como &#8220;Chor\u00e3o&#8221;.<\/p>\n<p>O valor foi adiantado mais cedo pelo <i>Broadcast<\/i>, sistema de not\u00edcias em tempo real do Grupo Estado. Dessa forma, o governo deve gastar, de acordo com o chefe do Executivo, &#8220;pouco mais&#8221; de R$ 3 bilh\u00f5es em recursos <strong>dentro do Or\u00e7amento<\/strong>.<\/p>\n\t<p>\n\t\t<a href=\"\" target=\"_blank\" data-element=\"shortcode-suno-banner\" title=\"Banner SUNO, clique e saiba mais\">\n\t\t\t<picture>\n\t\t\t\t<source media=\"(max-width: 500px)\" srcset=\"\">\n\t\t\t\t<img class=\"newsContent__article__imgCapa newsContent__article__imgCapa--banner\"\n\t\t\t\t\tsrc=\"\"\n\t\t\t\t\tdata-promo-id=\"89005\"\t\t\t\t\t\t\t\t\t\t\t\t\t\t\talt=\"\"\n\t\t\t\t>\n\t\t\t<\/picture>\n\t\t<\/a>\n\t<\/p>\n\n\n<p>&#8220;Como est\u00e1 na imin\u00eancia de ter outro <strong>reajuste de combust\u00edvel<\/strong>, o que n\u00f3s buscamos fazer? Acertado na equipe econ\u00f4mica. Alguns n\u00e3o querem, n\u00e3o queriam, outros achavam que era poss\u00edvel. Dar ajuste para caminhoneiros. O que est\u00e1 decidido at\u00e9 o momento? R$ 400 a 750 mil caminhoneiros aut\u00f4nomos. Isso \u00e9 muito, \u00e9 pouco? \u00c9 o poss\u00edvel&#8221;, declarou o presidente, que j\u00e1 havia anunciado o benef\u00edcio mais cedo, mas sem oferecer detalhes.<\/p>\n<p>Bolsonaro afirmou que o novo aumento do combust\u00edvel deve acontecer como forma de evitar o desabastecimento. &#8220;N\u00e3o precisa ser m\u00e1gico para ver isso&#8221;, declarou, atribuindo o fen\u00f4meno ao mercado internacional e ao d\u00f3lar forte. &#8220;A infla\u00e7\u00e3o alta \u00e9 horr\u00edvel. \u00c9 p\u00e9ssima, mas pior ainda \u00e9 desabastecimento.&#8221; Em uma mudan\u00e7a de ret\u00f3rica, desta vez o presidente n\u00e3o citou o <strong>ICMS<\/strong> como o vil\u00e3o da <strong>alta dos derivados de petr\u00f3leo<\/strong>.<\/p>\n\t<p>\n\t\t<a href=\"\" target=\"_blank\" data-element=\"shortcode-suno-banner\" title=\"Banner SUNO, clique e saiba mais\">\n\t\t\t<picture>\n\t\t\t\t<source media=\"(max-width: 500px)\" srcset=\"\">\n\t\t\t\t<img class=\"newsContent__article__imgCapa newsContent__article__imgCapa--banner\"\n\t\t\t\t\tsrc=\"\"\n\t\t\t\t\tdata-promo-id=\"77053\"\t\t\t\t\t\t\t\t\t\t\t\t\t\t\talt=\"\"\n\t\t\t\t>\n\t\t\t<\/picture>\n\t\t<\/a>\n\t<\/p>\n\n\n<p>Sem comentar diretamente os pedidos de demiss\u00e3o do secret\u00e1rio especial do Tesouro e Or\u00e7amento, Bruno Funchal, e do secret\u00e1rio do <a class=\"suno-keyword\" href=\"https:\/\/www.suno.com.br\/artigos\/tesouro-nacional\/\" target=\"_blank\" rel=\"noopener\" data-force=\"no\" data-priority=\"2\">Tesouro Nacional<\/a>, Jeferson Bittencourt, por insatisfa\u00e7\u00e3o com a decis\u00e3o do governo de alterar o <a class=\"suno-keyword\" href=\"https:\/\/www.suno.com.br\/artigos\/teto-de-gastos\/\" target=\"_blank\" rel=\"noopener\" data-force=\"no\" data-priority=\"1\">teto de gastos<\/a>, Bolsonaro afirmou, logo ap\u00f3s revelar o valor do benef\u00edcio a caminhoneiros, que &#8220;tem secret\u00e1rio, como acontece \u00e0s vezes com um ministro, que quer fazer sua vontade&#8221;.<\/p>\n<p>O chefe do Executivo tamb\u00e9m disse esperar que as reformas administrativa e tribut\u00e1ria, hoje travadas no Congresso, continuem avan\u00e7ando.<\/p>\n<h2>&#8220;Queremos algo concreto<strong>&#8220;, diz do movimento de caminhoneiros<\/strong><\/h2>\n<p>Wallace Landim, o o presidente da Abrava, tem tr\u00e2nsito dentro do governo e esteve presente em diversas reuni\u00f5es com o ministro da Infraestrutura, Tarc\u00edsio Gomes de Freitas, para tratar de medidas voltadas \u00e0 categoria. O relacionamento institucional ocorreu durante um bom per\u00edodo e o governo, em outros momentos, conseguiu debelar movimentos de greve no setor. Agora, o tom \u00e9 outro.<\/p>\n<p>&#8220;Queremos algo concreto, n\u00e3o cortina de fuma\u00e7a. A classe j\u00e1 deu 15 dias para o governo trazer algo concreto, mas isso n\u00e3o veio. Agradecemos pela piada do presidente, mas estamos num trabalho de unifica\u00e7\u00e3o das pautas da categoria e a paralisa\u00e7\u00e3o para o dia 1\u00ba de novembro est\u00e1 mantida, seguimos com a mobiliza\u00e7\u00e3o&#8221;, comentou.<\/p>\n<p>Os caminhoneiros se movimentam para fazer uma greve geral em 1 de novembro. A amea\u00e7a de falta de combust\u00edvel e os sucessivos de pre\u00e7o promovidos pela Petrobras s\u00e3o as principais queixas do setor. &#8220;A gente vem num trabalho de tentar acreditar, fizemos v\u00e1rias reuni\u00f5es, mas percebemos que nada saiu do papel e a categoria n\u00e3o suporta mais esperar. N\u00e3o aguentamos mais, estamos na beira do abismo. Chega disso&#8221;, disse o l\u00edder caminhoneiro da Abrava, que re\u00fane cerca de 35 mil associados.<\/p>\n<p>Um ministro da c\u00fapula do governo afirmou que, de fato, a declara\u00e7\u00e3o feita por Bolsonaro de lan\u00e7ar uma &#8220;bolsa <strong>caminhoneiro<\/strong>&#8220;, sem detalhar como isso seria feito e, principalmente, de onde sairia o dinheiro, foi uma a\u00e7\u00e3o extremamente mal recebida pelo setor e por todos agentes econ\u00f4micos. &#8220;N\u00fameros ser\u00e3o apresentados nos pr\u00f3ximos dias, vamos atender aos caminhoneiros aut\u00f4nomos. Em torno de 750 mil caminhoneiros receber\u00e3o ajuda para compensar aumento do diesel&#8221;, afirmou o presidente, durante participa\u00e7\u00e3o em um evento em Sert\u00e2nia (PE).<\/p>\n<p><em>Com informa\u00e7\u00f5es do Estad\u00e3o Conte\u00fado\u00a0<\/em><\/p>\n\t<p>\n\t\t<a href=\"https:\/\/lp.suno.com.br\/planilha-de-controle-de-investimentos\/\" target=\"_blank\" data-element=\"shortcode-suno-banner\" title=\"Banner SUNO, clique e saiba mais\">\n\t\t\t<picture>\n\t\t\t\t<source media=\"(max-width: 500px)\" srcset=\"https:\/\/files.sunoresearch.com.br\/n\/uploads\/2023\/03\/400x300-Controle-de-Investimentos.png\">\n\t\t\t\t<img class=\"newsContent__article__imgCapa newsContent__article__imgCapa--banner\"\n\t\t\t\t\tsrc=\"https:\/\/files.sunoresearch.com.br\/n\/uploads\/2023\/03\/1420x240-Controle-de-Investimentos.png\"\n\t\t\t\t\tdata-promo-id=\"75934\"\t\t\t\t\t\t\t\t\t\twidth='1420' height='240'\t\t\t\t\talt=\"https:\/\/files.sunoresearch.com.br\/n\/uploads\/2023\/03\/1420x240-Controle-de-Investimentos.png\"\n\t\t\t\t>\n\t\t\t<\/picture>\n\t\t<\/a>\n\t<\/p>\n\n\n","protected":false},"excerpt":{"rendered":"<p>O presidente Jair Bolsonaro voltou a falar, durante live nas redes sociais nesta quinta-feira (21), que o governo vai oferecer a 750 mil caminhoneiros benef\u00edcio de R$ 400. O benef\u00edcio seria uma contrapartida para compensar o reajuste do diesel. A proposta foi criticada pelo presidente da Associa\u00e7\u00e3o Brasileira dos Condutores de Ve\u00edculos Automotores (Abrava), Wallace [&hellip;]<\/p>\n","protected":false},"author":43,"featured_media":194426,"comment_status":"closed","ping_status":"closed","sticky":false,"template":"","format":"standard","meta":[],"categories":[62],"tags":[1437,833,719],"suno_strategy":[],"class_list":["post-196237","post","type-post","status-publish","format-standard","has-post-thumbnail","hentry","category-economia","tag-combustiveis","tag-greve-dos-caminhoneiros","tag-jair-bolsonaro"],"yoast_head":"<!-- This site is optimized with the Yoast SEO plugin v24.4 - https:\/\/yoast.com\/wordpress\/plugins\/seo\/ -->\n<title>Caminhoneiros: Bolsonaro confirma em live aux\u00edlio de R$ 400<\/title>\n<meta name=\"description\" content=\"Benef\u00edcio seria uma contrapartida para compensar o reajuste do diesel. A proposta foi criticada pelo l\u00edder dos caminhoneiros do Pa\u00eds\" \/>\n<meta name=\"robots\" content=\"index, follow, max-snippet:-1, max-image-preview:large, max-video-preview:-1\" \/>\n<link rel=\"canonical\" href=\"https:\/\/www.suno.com.br\/noticias\/caminhoneiros-lider-critica-bolsonaro-confirma-beneficio\/\" \/>\n<meta property=\"og:locale\" content=\"pt_BR\" \/>\n<meta property=\"og:type\" content=\"article\" \/>\n<meta property=\"og:title\" content=\"Caminhoneiros: Bolsonaro confirma em live aux\u00edlio de R$ 400\" \/>\n<meta property=\"og:description\" content=\"Benef\u00edcio seria uma contrapartida para compensar o reajuste do diesel. A proposta foi criticada pelo l\u00edder dos caminhoneiros do Pa\u00eds\" \/>\n<meta property=\"og:url\" content=\"https:\/\/www.suno.com.br\/noticias\/caminhoneiros-lider-critica-bolsonaro-confirma-beneficio\/\" \/>\n<meta property=\"og:site_name\" content=\"Suno Not\u00edcias\" \/>\n<meta property=\"article:publisher\" content=\"https:\/\/facebook.com\/sunoresearch\" \/>\n<meta property=\"article:author\" content=\"https:\/\/www.facebook.com\/sunonoticias\/\" \/>\n<meta property=\"og:image\" content=\"https:\/\/files.sunoresearch.com.br\/n\/uploads\/2021\/10\/caminhoneiros_EBC-scaled.jpg\" \/>\n\t<meta property=\"og:image:width\" content=\"2560\" \/>\n\t<meta property=\"og:image:height\" content=\"1707\" \/>\n\t<meta property=\"og:image:type\" content=\"image\/jpeg\" \/>\n<meta name=\"author\" content=\"Reda\u00e7\u00e3o Suno Not\u00edcias\" \/>\n<meta name=\"twitter:card\" content=\"summary_large_image\" \/>\n<meta name=\"twitter:creator\" content=\"@https:\/\/twitter.com\/sunoresearch\" \/>\n<meta name=\"twitter:site\" content=\"@sunoresearch\" \/>\n<meta name=\"twitter:label1\" content=\"Escrito por\" \/>\n\t<meta name=\"twitter:data1\" content=\"Reda\u00e7\u00e3o Suno Not\u00edcias\" \/>\n\t<meta name=\"twitter:label2\" content=\"Est. tempo de leitura\" \/>\n\t<meta name=\"twitter:data2\" content=\"4 minutos\" \/>\n<script type=\"application\/ld+json\" class=\"yoast-schema-graph\">{\"@context\":\"https:\/\/schema.org\",\"@graph\":[{\"@type\":\"NewsArticle\",\"@id\":\"https:\/\/www.suno.com.br\/noticias\/caminhoneiros-lider-critica-bolsonaro-confirma-beneficio\/#article\",\"isPartOf\":{\"@id\":\"https:\/\/www.suno.com.br\/noticias\/caminhoneiros-lider-critica-bolsonaro-confirma-beneficio\/\"},\"author\":{\"name\":\"Reda\u00e7\u00e3o Suno Not\u00edcias\",\"@id\":\"https:\/\/www.suno.com.br\/noticias\/#\/schema\/person\/c1b1bd3727fa852bd045e9dbff3673ea\"},\"headline\":\"Caminhoneiros: Bolsonaro confirma aux\u00edlio; l\u00edder da categoria diz que oferta \u00e9 &#8216;piada de mau gosto&#8217;\",\"datePublished\":\"2021-10-22T02:21:13+00:00\",\"dateModified\":\"2021-10-22T02:27:54+00:00\",\"mainEntityOfPage\":{\"@id\":\"https:\/\/www.suno.com.br\/noticias\/caminhoneiros-lider-critica-bolsonaro-confirma-beneficio\/\"},\"wordCount\":784,\"publisher\":{\"@id\":\"https:\/\/www.suno.com.br\/noticias\/#organization\"},\"image\":{\"@id\":\"https:\/\/www.suno.com.br\/noticias\/caminhoneiros-lider-critica-bolsonaro-confirma-beneficio\/#primaryimage\"},\"thumbnailUrl\":\"https:\/\/files.sunoresearch.com.br\/n\/uploads\/2021\/10\/caminhoneiros_EBC-scaled.jpg\",\"keywords\":[\"combust\u00edveis\",\"greve dos caminhoneiros\",\"Jair Bolsonaro\"],\"articleSection\":[\"Economia\"],\"inLanguage\":\"pt-BR\"},{\"@type\":\"WebPage\",\"@id\":\"https:\/\/www.suno.com.br\/noticias\/caminhoneiros-lider-critica-bolsonaro-confirma-beneficio\/\",\"url\":\"https:\/\/www.suno.com.br\/noticias\/caminhoneiros-lider-critica-bolsonaro-confirma-beneficio\/\",\"name\":\"Caminhoneiros: Bolsonaro confirma em live aux\u00edlio de R$ 400\",\"isPartOf\":{\"@id\":\"https:\/\/www.suno.com.br\/noticias\/#website\"},\"primaryImageOfPage\":{\"@id\":\"https:\/\/www.suno.com.br\/noticias\/caminhoneiros-lider-critica-bolsonaro-confirma-beneficio\/#primaryimage\"},\"image\":{\"@id\":\"https:\/\/www.suno.com.br\/noticias\/caminhoneiros-lider-critica-bolsonaro-confirma-beneficio\/#primaryimage\"},\"thumbnailUrl\":\"https:\/\/files.sunoresearch.com.br\/n\/uploads\/2021\/10\/caminhoneiros_EBC-scaled.jpg\",\"datePublished\":\"2021-10-22T02:21:13+00:00\",\"dateModified\":\"2021-10-22T02:27:54+00:00\",\"description\":\"Benef\u00edcio seria uma contrapartida para compensar o reajuste do diesel. A proposta foi criticada pelo l\u00edder dos caminhoneiros do Pa\u00eds\",\"breadcrumb\":{\"@id\":\"https:\/\/www.suno.com.br\/noticias\/caminhoneiros-lider-critica-bolsonaro-confirma-beneficio\/#breadcrumb\"},\"inLanguage\":\"pt-BR\",\"potentialAction\":[{\"@type\":\"ReadAction\",\"target\":[\"https:\/\/www.suno.com.br\/noticias\/caminhoneiros-lider-critica-bolsonaro-confirma-beneficio\/\"]}]},{\"@type\":\"ImageObject\",\"inLanguage\":\"pt-BR\",\"@id\":\"https:\/\/www.suno.com.br\/noticias\/caminhoneiros-lider-critica-bolsonaro-confirma-beneficio\/#primaryimage\",\"url\":\"https:\/\/files.sunoresearch.com.br\/n\/uploads\/2021\/10\/caminhoneiros_EBC-scaled.jpg\",\"contentUrl\":\"https:\/\/files.sunoresearch.com.br\/n\/uploads\/2021\/10\/caminhoneiros_EBC-scaled.jpg\",\"width\":2560,\"height\":1707,\"caption\":\"Caminhoneiros - Foto: Tomaz Silva\/Ag\u00eancia Brasil\"},{\"@type\":\"BreadcrumbList\",\"@id\":\"https:\/\/www.suno.com.br\/noticias\/caminhoneiros-lider-critica-bolsonaro-confirma-beneficio\/#breadcrumb\",\"itemListElement\":[{\"@type\":\"ListItem\",\"position\":1,\"name\":\"Not\u00edcias\",\"item\":\"https:\/\/www.suno.com.br\/noticias\/\"},{\"@type\":\"ListItem\",\"position\":2,\"name\":\"Economia\",\"item\":\"https:\/\/www.suno.com.br\/noticias\/economia\/\"},{\"@type\":\"ListItem\",\"position\":3,\"name\":\"Caminhoneiros: Bolsonaro confirma aux\u00edlio; l\u00edder da categoria diz que oferta \u00e9 &#8216;piada de mau gosto&#8217;\"}]},{\"@type\":\"WebSite\",\"@id\":\"https:\/\/www.suno.com.br\/noticias\/#website\",\"url\":\"https:\/\/www.suno.com.br\/noticias\/\",\"name\":\"Suno Not\u00edcias\",\"description\":\"Seu portal de informa\u00e7\u00e3o sobre o mundo dos investimentos\",\"publisher\":{\"@id\":\"https:\/\/www.suno.com.br\/noticias\/#organization\"},\"potentialAction\":[{\"@type\":\"SearchAction\",\"target\":{\"@type\":\"EntryPoint\",\"urlTemplate\":\"https:\/\/www.suno.com.br\/noticias\/?s={search_term_string}\"},\"query-input\":{\"@type\":\"PropertyValueSpecification\",\"valueRequired\":true,\"valueName\":\"search_term_string\"}}],\"inLanguage\":\"pt-BR\"},{\"@type\":\"Organization\",\"@id\":\"https:\/\/www.suno.com.br\/noticias\/#organization\",\"name\":\"Suno Not\u00edcias\",\"url\":\"https:\/\/www.suno.com.br\/noticias\/\",\"logo\":{\"@type\":\"ImageObject\",\"inLanguage\":\"pt-BR\",\"@id\":\"https:\/\/www.suno.com.br\/noticias\/#\/schema\/logo\/image\/\",\"url\":\"https:\/\/files.sunoresearch.com.br\/n\/uploads\/2021\/09\/suno-logo.png\",\"contentUrl\":\"https:\/\/files.sunoresearch.com.br\/n\/uploads\/2021\/09\/suno-logo.png\",\"width\":180,\"height\":180,\"caption\":\"Suno Not\u00edcias\"},\"image\":{\"@id\":\"https:\/\/www.suno.com.br\/noticias\/#\/schema\/logo\/image\/\"},\"sameAs\":[\"https:\/\/facebook.com\/sunoresearch\",\"https:\/\/x.com\/sunoresearch\",\"https:\/\/www.instagram.com\/suno\",\"https:\/\/www.linkedin.com\/company\/suno-research\/\",\"https:\/\/www.youtube.com\/c\/sunoresearch\"]},{\"@type\":\"Person\",\"@id\":\"https:\/\/www.suno.com.br\/noticias\/#\/schema\/person\/c1b1bd3727fa852bd045e9dbff3673ea\",\"name\":\"Reda\u00e7\u00e3o Suno Not\u00edcias\",\"image\":{\"@type\":\"ImageObject\",\"inLanguage\":\"pt-BR\",\"@id\":\"https:\/\/www.suno.com.br\/noticias\/#\/schema\/person\/image\/\",\"url\":\"https:\/\/secure.gravatar.com\/avatar\/b8104b9b5a71985d5238ee59fbe418af?s=96&r=g\",\"contentUrl\":\"https:\/\/secure.gravatar.com\/avatar\/b8104b9b5a71985d5238ee59fbe418af?s=96&r=g\",\"caption\":\"Reda\u00e7\u00e3o Suno Not\u00edcias\"},\"description\":\"O Suno Not\u00edcias \u00e9 um portal de informa\u00e7\u00f5es sobre Mercado Financeiro, Pol\u00edtica, Neg\u00f3cios, Economia e Finan\u00e7as Pessoais.\",\"sameAs\":[\"https:\/\/www.suno.com.br\/noticias\",\"https:\/\/www.facebook.com\/sunonoticias\/\",\"https:\/\/www.instagram.com\/sunonoticias\/\",\"https:\/\/x.com\/https:\/\/twitter.com\/sunoresearch\",\"https:\/\/www.youtube.com\/sunonoticias\"],\"url\":\"https:\/\/www.suno.com.br\/noticias\/author\/redacao-suno\/\"}]}<\/script>\n<!-- \/ Yoast SEO plugin. -->","yoast_head_json":{"title":"Caminhoneiros: Bolsonaro confirma em live aux\u00edlio de R$ 400","description":"Benef\u00edcio seria uma contrapartida para compensar o reajuste do diesel. A proposta foi criticada pelo l\u00edder dos caminhoneiros do Pa\u00eds","robots":{"index":"index","follow":"follow","max-snippet":"max-snippet:-1","max-image-preview":"max-image-preview:large","max-video-preview":"max-video-preview:-1"},"canonical":"https:\/\/www.suno.com.br\/noticias\/caminhoneiros-lider-critica-bolsonaro-confirma-beneficio\/","og_locale":"pt_BR","og_type":"article","og_title":"Caminhoneiros: Bolsonaro confirma em live aux\u00edlio de R$ 400","og_description":"Benef\u00edcio seria uma contrapartida para compensar o reajuste do diesel. A proposta foi criticada pelo l\u00edder dos caminhoneiros do Pa\u00eds","og_url":"https:\/\/www.suno.com.br\/noticias\/caminhoneiros-lider-critica-bolsonaro-confirma-beneficio\/","og_site_name":"Suno Not\u00edcias","article_publisher":"https:\/\/facebook.com\/sunoresearch","article_author":"https:\/\/www.facebook.com\/sunonoticias\/","og_image":[{"width":2560,"height":1707,"url":"https:\/\/files.sunoresearch.com.br\/n\/uploads\/2021\/10\/caminhoneiros_EBC-scaled.jpg","type":"image\/jpeg"}],"author":"Reda\u00e7\u00e3o Suno Not\u00edcias","twitter_card":"summary_large_image","twitter_creator":"@https:\/\/twitter.com\/sunoresearch","twitter_site":"@sunoresearch","twitter_misc":{"Escrito por":"Reda\u00e7\u00e3o Suno Not\u00edcias","Est. tempo de leitura":"4 minutos"},"schema":{"@context":"https:\/\/schema.org","@graph":[{"@type":"NewsArticle","@id":"https:\/\/www.suno.com.br\/noticias\/caminhoneiros-lider-critica-bolsonaro-confirma-beneficio\/#article","isPartOf":{"@id":"https:\/\/www.suno.com.br\/noticias\/caminhoneiros-lider-critica-bolsonaro-confirma-beneficio\/"},"author":{"name":"Reda\u00e7\u00e3o Suno Not\u00edcias","@id":"https:\/\/www.suno.com.br\/noticias\/#\/schema\/person\/c1b1bd3727fa852bd045e9dbff3673ea"},"headline":"Caminhoneiros: Bolsonaro confirma aux\u00edlio; l\u00edder da categoria diz que oferta \u00e9 &#8216;piada de mau gosto&#8217;","datePublished":"2021-10-22T02:21:13+00:00","dateModified":"2021-10-22T02:27:54+00:00","mainEntityOfPage":{"@id":"https:\/\/www.suno.com.br\/noticias\/caminhoneiros-lider-critica-bolsonaro-confirma-beneficio\/"},"wordCount":784,"publisher":{"@id":"https:\/\/www.suno.com.br\/noticias\/#organization"},"image":{"@id":"https:\/\/www.suno.com.br\/noticias\/caminhoneiros-lider-critica-bolsonaro-confirma-beneficio\/#primaryimage"},"thumbnailUrl":"https:\/\/files.sunoresearch.com.br\/n\/uploads\/2021\/10\/caminhoneiros_EBC-scaled.jpg","keywords":["combust\u00edveis","greve dos caminhoneiros","Jair Bolsonaro"],"articleSection":["Economia"],"inLanguage":"pt-BR"},{"@type":"WebPage","@id":"https:\/\/www.suno.com.br\/noticias\/caminhoneiros-lider-critica-bolsonaro-confirma-beneficio\/","url":"https:\/\/www.suno.com.br\/noticias\/caminhoneiros-lider-critica-bolsonaro-confirma-beneficio\/","name":"Caminhoneiros: Bolsonaro confirma em live aux\u00edlio de R$ 400","isPartOf":{"@id":"https:\/\/www.suno.com.br\/noticias\/#website"},"primaryImageOfPage":{"@id":"https:\/\/www.suno.com.br\/noticias\/caminhoneiros-lider-critica-bolsonaro-confirma-beneficio\/#primaryimage"},"image":{"@id":"https:\/\/www.suno.com.br\/noticias\/caminhoneiros-lider-critica-bolsonaro-confirma-beneficio\/#primaryimage"},"thumbnailUrl":"https:\/\/files.sunoresearch.com.br\/n\/uploads\/2021\/10\/caminhoneiros_EBC-scaled.jpg","datePublished":"2021-10-22T02:21:13+00:00","dateModified":"2021-10-22T02:27:54+00:00","description":"Benef\u00edcio seria uma contrapartida para compensar o reajuste do diesel. A proposta foi criticada pelo l\u00edder dos caminhoneiros do Pa\u00eds","breadcrumb":{"@id":"https:\/\/www.suno.com.br\/noticias\/caminhoneiros-lider-critica-bolsonaro-confirma-beneficio\/#breadcrumb"},"inLanguage":"pt-BR","potentialAction":[{"@type":"ReadAction","target":["https:\/\/www.suno.com.br\/noticias\/caminhoneiros-lider-critica-bolsonaro-confirma-beneficio\/"]}]},{"@type":"ImageObject","inLanguage":"pt-BR","@id":"https:\/\/www.suno.com.br\/noticias\/caminhoneiros-lider-critica-bolsonaro-confirma-beneficio\/#primaryimage","url":"https:\/\/files.sunoresearch.com.br\/n\/uploads\/2021\/10\/caminhoneiros_EBC-scaled.jpg","contentUrl":"https:\/\/files.sunoresearch.com.br\/n\/uploads\/2021\/10\/caminhoneiros_EBC-scaled.jpg","width":2560,"height":1707,"caption":"Caminhoneiros - Foto: Tomaz Silva\/Ag\u00eancia Brasil"},{"@type":"BreadcrumbList","@id":"https:\/\/www.suno.com.br\/noticias\/caminhoneiros-lider-critica-bolsonaro-confirma-beneficio\/#breadcrumb","itemListElement":[{"@type":"ListItem","position":1,"name":"Not\u00edcias","item":"https:\/\/www.suno.com.br\/noticias\/"},{"@type":"ListItem","position":2,"name":"Economia","item":"https:\/\/www.suno.com.br\/noticias\/economia\/"},{"@type":"ListItem","position":3,"name":"Caminhoneiros: Bolsonaro confirma aux\u00edlio; l\u00edder da categoria diz que oferta \u00e9 &#8216;piada de mau gosto&#8217;"}]},{"@type":"WebSite","@id":"https:\/\/www.suno.com.br\/noticias\/#website","url":"https:\/\/www.suno.com.br\/noticias\/","name":"Suno Not\u00edcias","description":"Seu portal de informa\u00e7\u00e3o sobre o mundo dos investimentos","publisher":{"@id":"https:\/\/www.suno.com.br\/noticias\/#organization"},"potentialAction":[{"@type":"SearchAction","target":{"@type":"EntryPoint","urlTemplate":"https:\/\/www.suno.com.br\/noticias\/?s={search_term_string}"},"query-input":{"@type":"PropertyValueSpecification","valueRequired":true,"valueName":"search_term_string"}}],"inLanguage":"pt-BR"},{"@type":"Organization","@id":"https:\/\/www.suno.com.br\/noticias\/#organization","name":"Suno Not\u00edcias","url":"https:\/\/www.suno.com.br\/noticias\/","logo":{"@type":"ImageObject","inLanguage":"pt-BR","@id":"https:\/\/www.suno.com.br\/noticias\/#\/schema\/logo\/image\/","url":"https:\/\/files.sunoresearch.com.br\/n\/uploads\/2021\/09\/suno-logo.png","contentUrl":"https:\/\/files.sunoresearch.com.br\/n\/uploads\/2021\/09\/suno-logo.png","width":180,"height":180,"caption":"Suno Not\u00edcias"},"image":{"@id":"https:\/\/www.suno.com.br\/noticias\/#\/schema\/logo\/image\/"},"sameAs":["https:\/\/facebook.com\/sunoresearch","https:\/\/x.com\/sunoresearch","https:\/\/www.instagram.com\/suno","https:\/\/www.linkedin.com\/company\/suno-research\/","https:\/\/www.youtube.com\/c\/sunoresearch"]},{"@type":"Person","@id":"https:\/\/www.suno.com.br\/noticias\/#\/schema\/person\/c1b1bd3727fa852bd045e9dbff3673ea","name":"Reda\u00e7\u00e3o Suno Not\u00edcias","image":{"@type":"ImageObject","inLanguage":"pt-BR","@id":"https:\/\/www.suno.com.br\/noticias\/#\/schema\/person\/image\/","url":"https:\/\/secure.gravatar.com\/avatar\/b8104b9b5a71985d5238ee59fbe418af?s=96&r=g","contentUrl":"https:\/\/secure.gravatar.com\/avatar\/b8104b9b5a71985d5238ee59fbe418af?s=96&r=g","caption":"Reda\u00e7\u00e3o Suno Not\u00edcias"},"description":"O Suno Not\u00edcias \u00e9 um portal de informa\u00e7\u00f5es sobre Mercado Financeiro, Pol\u00edtica, Neg\u00f3cios, Economia e Finan\u00e7as Pessoais.","sameAs":["https:\/\/www.suno.com.br\/noticias","https:\/\/www.facebook.com\/sunonoticias\/","https:\/\/www.instagram.com\/sunonoticias\/","https:\/\/x.com\/https:\/\/twitter.com\/sunoresearch","https:\/\/www.youtube.com\/sunonoticias"],"url":"https:\/\/www.suno.com.br\/noticias\/author\/redacao-suno\/"}]}},"default_loop_html":"<div class=\"cardsPage__listCard__boxs\"><div class=\"cardsPage__listCard__boxs__img\"><a href=\"https:\/\/www.suno.com.br\/noticias\/caminhoneiros-lider-critica-bolsonaro-confirma-beneficio\/\"><img class=\"mask\" src=\"https:\/\/www.suno.com.br\/noticias\/wp-content\/themes\/suno\/resources\/images\/spotlight\/spotlight1img\/bg-mask.png\" alt=\"Image Mask\"\/><img src=\"https:\/\/files.sunoresearch.com.br\/n\/uploads\/2021\/10\/caminhoneiros_EBC-400x200.jpg\" alt=\"Caminhoneiros: Bolsonaro confirma aux\u00edlio; l\u00edder da categoria diz que oferta \u00e9 &#8216;piada de mau gosto&#8217;\"\/><\/a><span class=\"spotlightCategory\"><a href=\"https:\/\/www.suno.com.br\/noticias\/economia\/\">Economia<\/a><\/span><\/div><div class=\"cardsPage__listCard__boxs__content\"><a href=\"https:\/\/www.suno.com.br\/noticias\/caminhoneiros-lider-critica-bolsonaro-confirma-beneficio\/\"><h2 class=\"content__title\">Caminhoneiros: Bolsonaro confirma aux\u00edlio; l\u00edder da categoria diz que oferta \u00e9 &#8216;piada de mau gosto&#8217;<\/h2><\/a><div class=\"newsContent__article__meta\"><div class=\"newsContent__article__meta__authorBox\"><a href=\"https:\/\/www.suno.com.br\/noticias\/author\/redacao-suno\/\" class=\"authorBox__avatar noMobi\"><img src=\"https:\/\/files.sunoresearch.com.br\/n\/uploads\/2020\/08\/0ace682d-redacao-1-150x150.webp\" alt=\"Reda\u00e7\u00e3o Suno Not\u00edcias\"><\/a><div class=\"authorBox__name\"><span>por\n\t\t\t<a href=\"https:\/\/www.suno.com.br\/noticias\/author\/redacao-suno\/\"><span itemprop=\"author\">Reda\u00e7\u00e3o Suno Not\u00edcias<\/span><\/a><\/span><time datetime=\"2021-10-21T23:21:13-03:00\" itemprop=\"datePublished\">21\/10\/2021 23:21<\/time><\/div><\/div><\/div><\/div><\/div>","single_layout":"posts","amp_enabled":true,"_links":{"self":[{"href":"https:\/\/www.suno.com.br\/noticias\/wp-json\/wp\/v2\/posts\/196237"}],"collection":[{"href":"https:\/\/www.suno.com.br\/noticias\/wp-json\/wp\/v2\/posts"}],"about":[{"href":"https:\/\/www.suno.com.br\/noticias\/wp-json\/wp\/v2\/types\/post"}],"author":[{"embeddable":true,"href":"https:\/\/www.suno.com.br\/noticias\/wp-json\/wp\/v2\/users\/43"}],"replies":[{"embeddable":true,"href":"https:\/\/www.suno.com.br\/noticias\/wp-json\/wp\/v2\/comments?post=196237"}],"version-history":[{"count":3,"href":"https:\/\/www.suno.com.br\/noticias\/wp-json\/wp\/v2\/posts\/196237\/revisions"}],"predecessor-version":[{"id":196263,"href":"https:\/\/www.suno.com.br\/noticias\/wp-json\/wp\/v2\/posts\/196237\/revisions\/196263"}],"wp:featuredmedia":[{"embeddable":true,"href":"https:\/\/www.suno.com.br\/noticias\/wp-json\/wp\/v2\/media\/194426"}],"wp:attachment":[{"href":"https:\/\/www.suno.com.br\/noticias\/wp-json\/wp\/v2\/media?parent=196237"}],"wp:term":[{"taxonomy":"category","embeddable":true,"href":"https:\/\/www.suno.com.br\/noticias\/wp-json\/wp\/v2\/categories?post=196237"},{"taxonomy":"post_tag","embeddable":true,"href":"https:\/\/www.suno.com.br\/noticias\/wp-json\/wp\/v2\/tags?post=196237"},{"taxonomy":"suno_strategy","embeddable":true,"href":"https:\/\/www.suno.com.br\/noticias\/wp-json\/wp\/v2\/suno_strategy?post=196237"}],"curies":[{"name":"wp","href":"https:\/\/api.w.org\/{rel}","templated":true}]}}