{"id":19616,"date":"2019-04-01T11:38:14","date_gmt":"2019-04-01T14:38:14","guid":{"rendered":"https:\/\/www.suno.com.br\/noticias\/?p=19616"},"modified":"2019-04-01T11:38:14","modified_gmt":"2019-04-01T14:38:14","slug":"fgv-confianca-empresarios-cai-marco","status":"publish","type":"post","link":"https:\/\/www.suno.com.br\/noticias\/fgv-confianca-empresarios-cai-marco\/","title":{"rendered":"FGV: Confian\u00e7a dos empres\u00e1rios cai e atinge menor n\u00edvel desde outubro"},"content":{"rendered":"<p>Uma pesquisa divulgada nesta segunda-feira (1) pela <b>Funda\u00e7\u00e3o <\/b><span style=\"font-size: 19.4286px;\"><b>Get\u00falio<\/b><\/span><b>\u00a0Vargas<\/b> (FGV) mostra que a confian\u00e7a dos empres\u00e1rios caiu 2,7 pontos em mar\u00e7o, alcan\u00e7ando 94 pontos. Esse \u00e9 o menor n\u00edvel desde outubro de 2018.<\/p>\t<div class=\"wrapper-featured-image\">\n\t\t<figure class=\"spotlightImg\">\n\n\t\t\t<picture>\n\t\t\t\t<source media=\"(max-width: 768px)\" srcset=\"https:\/\/files.sunoresearch.com.br\/n\/uploads\/2019\/02\/bd120984-fgv-400x200.webp\">\n\t\t\t\t<img loading=\"lazy\" decoding=\"async\" class=\"newsContent__article__imgCapa lazyloadDisabled newsContent__article__imgCapa--noCaption\" src=\"https:\/\/files.sunoresearch.com.br\/n\/uploads\/2019\/02\/bd120984-fgv-800x450.webp\" width=\"800\" height=\"450\" alt=\"FGV: Confian\u00e7a dos empres\u00e1rios cai e atinge menor n\u00edvel desde outubro\" fetchpriority=high \/>\n\t\t\t<\/picture>\n\n\t\t\t<figcaption class=\"wp-caption-text wp-caption-text--hide\">Antes da divulga\u00e7\u00e3o do Monitor do PIB, o Minist\u00e9rio da Economia divulgou documento que manteve previs\u00e3o do crescimento para 2021 - Foto: Divulga\u00e7\u00e3o\/FGV<\/figcaption>\n\t\t<\/figure>\n\t<\/div>\n\n\n<p>O <strong>\u00cdndice de Confian\u00e7a Empresarial (ICE)<\/strong> da <strong>FGV<\/strong> analisa e consolida os \u00edndices de confian\u00e7a dos quatro principais setores da economia:<\/p>\n<ul>\n<li><strong>Ind\u00fastria<\/strong><\/li>\n<li><strong>Servi\u00e7os<\/strong><\/li>\n<li><strong>Com\u00e9rcio<\/strong><\/li>\n<li><strong>Constru\u00e7\u00e3o<\/strong><\/li>\n<\/ul>\n<p>Em mar\u00e7o, todos os sub\u00edndices que integram o indicador recuaram em compara\u00e7\u00e3o ao m\u00eas anterior. No espec\u00edfico, o confian\u00e7a caiu 1,8 ponto na <strong>ind\u00fastria<\/strong> e 2,5 pontos na <strong>constru\u00e7\u00e3o.<\/strong> Por sua vez, a confian\u00e7a do setor de <strong>servi\u00e7os<\/strong> registou a segunda queda seguida. Com isso, o \u00edndice retornou ao patamar de novembro de 2018. No caso do <strong>com\u00e9rcio,<\/strong> a confian\u00e7a recuou pela terceira vez seguida, acumulando perda de 8,3 pontos no primeiro trimestre do ano.<\/p>\n<p><a href=\"https:\/\/www.suno.com.br\/noticias\/fgv-confianca-consumidor-recua-fevereiro\/\">Saiba mais: FGV: confian\u00e7a do consumidor recua em fevereiro\u00a0<\/a><\/p>\n<p>Al\u00e9m disso, a pesquisa mostra que no m\u00eas passado a confian\u00e7a avan\u00e7ou somente em 22% dos 49 segmentos que integram o <strong>ICE.<\/strong><\/p>\n<p>Segundo a <strong>FGV,<\/strong> desde 2018 a confian\u00e7a empresarial tem mostrado &#8220;idas e vindas&#8221;. Isso por causa das <strong>elei\u00e7\u00f5es,<\/strong> da calibragem das <strong>expectativas<\/strong> com o resultado das urnas e com a onda de otimismo com o novo governo que levaram para o alto o \u00edndice de confian\u00e7a. Entretanto, o\u00a0ritmo lento da economia e os n\u00edveis elevados de incerteza econ\u00f4mica acabaram levando a um desapontamento dos empres\u00e1rios.<\/p>\n<p><a href=\"https:\/\/www.suno.com.br\/noticias\/indice-confianca-do-empresarios\/\">Saiba mais: \u00cdndice de confian\u00e7a de empres\u00e1rios cai em mar\u00e7o, diz CNI\u00a0<\/a><\/p>\n<p>A pesquisa analisou dados de 4.392 <strong>empresas,<\/strong> coletados entre os dias 1\u00ba e 27 de mar\u00e7o.<\/p>\n<h2>S\u00e9rie de \u00edndices negativos<\/h2>\n<p>O <strong>ICE<\/strong> n\u00e3o \u00e9 o \u00fanico indicador negativo que aparece nas pequisas mais recentes. O <strong>\u00cdndice de Confian\u00e7a da Constru\u00e7\u00e3o\u00a0(ICST),<\/strong> tamb\u00e9m da <strong>FGV,<\/strong> recuou 0,4 ponto de janeiro para fevereiro. Dessa forma, o \u00edndice foi para 85 pontos, em uma escala de zero a 200. No entanto, nas m\u00e9dias m\u00f3veis trimestrais, o indicador seguiu em alta pelo sexto m\u00eas seguido.<\/p>\n<p>De acordo com a pesquisadora da <strong>FGV<\/strong>, Ana Maria Castelo, a queda na confian\u00e7a mostra que ainda segue lenta a recupera\u00e7\u00e3o da atividade da <strong>constru\u00e7\u00e3o<\/strong>.<\/p>\n<p><a href=\"https:\/\/www.suno.com.br\/noticias\/vendas-imoveis-superam-lancamentos\/\">Saiba mais:\u00a0Vendas de im\u00f3veis superam os lan\u00e7amentos durante 2018, diz CBIC<\/a><\/p>\n<p>\u201cOutros indicadores como o de evolu\u00e7\u00e3o da atividade corrente e o de <strong>emprego<\/strong> previsto tiveram crescimento em fevereiro. Mas a queda na confian\u00e7a indica que o ritmo de recupera\u00e7\u00e3o da atividade da <strong>constru\u00e7\u00e3o<\/strong> deve continuar a passos muito lentos\u201d, afirmou Castelo.<\/p>\n<p>A queda da confian\u00e7a dos <strong>empres\u00e1rios<\/strong> da <strong>constru\u00e7\u00e3o,<\/strong> foi um dos principais fatores que fizeram com que houvesse o recuo de janeiro para fevereiro.<\/p>\n<p><a href=\"https:\/\/www.suno.com.br\/noticias\/indicador-mercado-imobiliario-lancado\/\">Saiba mais:\u00a0Indicador do mercado imobili\u00e1rio \u00e9 lan\u00e7ado pelo Minist\u00e9rio da Economia<\/a><\/p>\n<p>Por sua vez, o<strong> \u00cdndice de Confian\u00e7a do Consumidor (ICC)<\/strong> da <strong>FGV<\/strong> diminuiu 5,1 pontos em mar\u00e7o em compara\u00e7\u00e3o com fevereiro, na s\u00e9rie com ajuste sazonal. Com esse resultado, o <strong>ICC<\/strong> desceu a 91,0 pontos, o menor n\u00edvel desde outubro de 2018. Essa foi a segunda queda seguida do \u00edndice ap\u00f3s quatro meses consecutivos de avan\u00e7o.<\/p>\n","protected":false},"excerpt":{"rendered":"<p>Uma pesquisa divulgada nesta segunda-feira (1) pela Funda\u00e7\u00e3o Get\u00falio\u00a0Vargas (FGV) mostra que a confian\u00e7a dos empres\u00e1rios caiu 2,7 pontos em mar\u00e7o, alcan\u00e7ando 94 pontos. Esse \u00e9 o menor n\u00edvel desde outubro de 2018. Antes da divulga\u00e7\u00e3o do Monitor do PIB, o Minist\u00e9rio da Economia divulgou documento que manteve previs\u00e3o do crescimento para 2021 &#8211; Foto: [&hellip;]<\/p>\n","protected":false},"author":9,"featured_media":15808,"comment_status":"closed","ping_status":"closed","sticky":false,"template":"","format":"standard","meta":[],"categories":[62],"tags":[797],"suno_strategy":[],"class_list":["post-19616","post","type-post","status-publish","format-standard","has-post-thumbnail","hentry","category-economia","tag-fgv"],"yoast_head":"<!-- This site is optimized with the Yoast SEO plugin v24.4 - https:\/\/yoast.com\/wordpress\/plugins\/seo\/ -->\n<title>FGV: Confian\u00e7a dos empres\u00e1rios cai e atinge menor n\u00edvel desde outubro<\/title>\n<meta name=\"description\" content=\"Uma pesquisa divulgada pela FGV mostra que a confian\u00e7a dos empres\u00e1rios caiu 2,7 pontos em mar\u00e7o. Clique aqui para saber mais.\" \/>\n<meta name=\"robots\" content=\"index, follow, max-snippet:-1, max-image-preview:large, max-video-preview:-1\" \/>\n<link rel=\"canonical\" href=\"https:\/\/www.suno.com.br\/noticias\/fgv-confianca-empresarios-cai-marco\/\" \/>\n<meta property=\"og:locale\" content=\"pt_BR\" \/>\n<meta property=\"og:type\" content=\"article\" \/>\n<meta property=\"og:title\" content=\"FGV: Confian\u00e7a dos empres\u00e1rios cai e atinge menor n\u00edvel desde outubro\" \/>\n<meta property=\"og:description\" content=\"Uma pesquisa divulgada pela FGV mostra que a confian\u00e7a dos empres\u00e1rios caiu 2,7 pontos em mar\u00e7o. Clique aqui para saber mais.\" \/>\n<meta property=\"og:url\" content=\"https:\/\/www.suno.com.br\/noticias\/fgv-confianca-empresarios-cai-marco\/\" \/>\n<meta property=\"og:site_name\" content=\"Suno Not\u00edcias\" \/>\n<meta property=\"article:publisher\" content=\"https:\/\/facebook.com\/sunoresearch\" \/>\n<meta property=\"og:image\" content=\"https:\/\/files.sunoresearch.com.br\/n\/uploads\/2019\/02\/bd120984-fgv.jpg\" \/>\n\t<meta property=\"og:image:width\" content=\"2402\" \/>\n\t<meta property=\"og:image:height\" content=\"1127\" \/>\n\t<meta property=\"og:image:type\" content=\"image\/jpeg\" \/>\n<meta name=\"author\" content=\"Carlo Cauti\" \/>\n<meta name=\"twitter:card\" content=\"summary_large_image\" \/>\n<meta name=\"twitter:creator\" content=\"@sunoresearch\" \/>\n<meta name=\"twitter:site\" content=\"@sunoresearch\" \/>\n<meta name=\"twitter:label1\" content=\"Escrito por\" \/>\n\t<meta name=\"twitter:data1\" content=\"Carlo Cauti\" \/>\n\t<meta name=\"twitter:label2\" content=\"Est. tempo de leitura\" \/>\n\t<meta name=\"twitter:data2\" content=\"3 minutos\" \/>\n<script type=\"application\/ld+json\" class=\"yoast-schema-graph\">{\"@context\":\"https:\/\/schema.org\",\"@graph\":[{\"@type\":\"NewsArticle\",\"@id\":\"https:\/\/www.suno.com.br\/noticias\/fgv-confianca-empresarios-cai-marco\/#article\",\"isPartOf\":{\"@id\":\"https:\/\/www.suno.com.br\/noticias\/fgv-confianca-empresarios-cai-marco\/\"},\"author\":{\"name\":\"Carlo Cauti\",\"@id\":\"https:\/\/www.suno.com.br\/noticias\/#\/schema\/person\/e6e0f723cc177805027f4566c1d5e0c8\"},\"headline\":\"FGV: Confian\u00e7a dos empres\u00e1rios cai e atinge menor n\u00edvel desde outubro\",\"datePublished\":\"2019-04-01T14:38:14+00:00\",\"mainEntityOfPage\":{\"@id\":\"https:\/\/www.suno.com.br\/noticias\/fgv-confianca-empresarios-cai-marco\/\"},\"wordCount\":554,\"publisher\":{\"@id\":\"https:\/\/www.suno.com.br\/noticias\/#organization\"},\"image\":{\"@id\":\"https:\/\/www.suno.com.br\/noticias\/fgv-confianca-empresarios-cai-marco\/#primaryimage\"},\"thumbnailUrl\":\"https:\/\/files.sunoresearch.com.br\/n\/uploads\/2019\/02\/bd120984-fgv-jpg.webp\",\"keywords\":[\"FGV\"],\"articleSection\":[\"Economia\"],\"inLanguage\":\"pt-BR\"},{\"@type\":\"WebPage\",\"@id\":\"https:\/\/www.suno.com.br\/noticias\/fgv-confianca-empresarios-cai-marco\/\",\"url\":\"https:\/\/www.suno.com.br\/noticias\/fgv-confianca-empresarios-cai-marco\/\",\"name\":\"FGV: Confian\u00e7a dos empres\u00e1rios cai e atinge menor n\u00edvel desde outubro\",\"isPartOf\":{\"@id\":\"https:\/\/www.suno.com.br\/noticias\/#website\"},\"primaryImageOfPage\":{\"@id\":\"https:\/\/www.suno.com.br\/noticias\/fgv-confianca-empresarios-cai-marco\/#primaryimage\"},\"image\":{\"@id\":\"https:\/\/www.suno.com.br\/noticias\/fgv-confianca-empresarios-cai-marco\/#primaryimage\"},\"thumbnailUrl\":\"https:\/\/files.sunoresearch.com.br\/n\/uploads\/2019\/02\/bd120984-fgv-jpg.webp\",\"datePublished\":\"2019-04-01T14:38:14+00:00\",\"description\":\"Uma pesquisa divulgada pela FGV mostra que a confian\u00e7a dos empres\u00e1rios caiu 2,7 pontos em mar\u00e7o. Clique aqui para saber mais.\",\"breadcrumb\":{\"@id\":\"https:\/\/www.suno.com.br\/noticias\/fgv-confianca-empresarios-cai-marco\/#breadcrumb\"},\"inLanguage\":\"pt-BR\",\"potentialAction\":[{\"@type\":\"ReadAction\",\"target\":[\"https:\/\/www.suno.com.br\/noticias\/fgv-confianca-empresarios-cai-marco\/\"]}]},{\"@type\":\"ImageObject\",\"inLanguage\":\"pt-BR\",\"@id\":\"https:\/\/www.suno.com.br\/noticias\/fgv-confianca-empresarios-cai-marco\/#primaryimage\",\"url\":\"https:\/\/files.sunoresearch.com.br\/n\/uploads\/2019\/02\/bd120984-fgv-jpg.webp\",\"contentUrl\":\"https:\/\/files.sunoresearch.com.br\/n\/uploads\/2019\/02\/bd120984-fgv-jpg.webp\",\"width\":2402,\"height\":1127,\"caption\":\"Antes da divulga\u00e7\u00e3o do Monitor do PIB, o Minist\u00e9rio da Economia divulgou documento que manteve previs\u00e3o do crescimento para 2021 - Foto: Divulga\u00e7\u00e3o\/FGV\"},{\"@type\":\"BreadcrumbList\",\"@id\":\"https:\/\/www.suno.com.br\/noticias\/fgv-confianca-empresarios-cai-marco\/#breadcrumb\",\"itemListElement\":[{\"@type\":\"ListItem\",\"position\":1,\"name\":\"Not\u00edcias\",\"item\":\"https:\/\/www.suno.com.br\/noticias\/\"},{\"@type\":\"ListItem\",\"position\":2,\"name\":\"Economia\",\"item\":\"https:\/\/www.suno.com.br\/noticias\/economia\/\"},{\"@type\":\"ListItem\",\"position\":3,\"name\":\"FGV: Confian\u00e7a dos empres\u00e1rios cai e atinge menor n\u00edvel desde outubro\"}]},{\"@type\":\"WebSite\",\"@id\":\"https:\/\/www.suno.com.br\/noticias\/#website\",\"url\":\"https:\/\/www.suno.com.br\/noticias\/\",\"name\":\"Suno Not\u00edcias\",\"description\":\"Seu portal de informa\u00e7\u00e3o sobre o mundo dos investimentos\",\"publisher\":{\"@id\":\"https:\/\/www.suno.com.br\/noticias\/#organization\"},\"potentialAction\":[{\"@type\":\"SearchAction\",\"target\":{\"@type\":\"EntryPoint\",\"urlTemplate\":\"https:\/\/www.suno.com.br\/noticias\/?s={search_term_string}\"},\"query-input\":{\"@type\":\"PropertyValueSpecification\",\"valueRequired\":true,\"valueName\":\"search_term_string\"}}],\"inLanguage\":\"pt-BR\"},{\"@type\":\"Organization\",\"@id\":\"https:\/\/www.suno.com.br\/noticias\/#organization\",\"name\":\"Suno Not\u00edcias\",\"url\":\"https:\/\/www.suno.com.br\/noticias\/\",\"logo\":{\"@type\":\"ImageObject\",\"inLanguage\":\"pt-BR\",\"@id\":\"https:\/\/www.suno.com.br\/noticias\/#\/schema\/logo\/image\/\",\"url\":\"https:\/\/files.sunoresearch.com.br\/n\/uploads\/2021\/09\/suno-logo.png\",\"contentUrl\":\"https:\/\/files.sunoresearch.com.br\/n\/uploads\/2021\/09\/suno-logo.png\",\"width\":180,\"height\":180,\"caption\":\"Suno Not\u00edcias\"},\"image\":{\"@id\":\"https:\/\/www.suno.com.br\/noticias\/#\/schema\/logo\/image\/\"},\"sameAs\":[\"https:\/\/facebook.com\/sunoresearch\",\"https:\/\/x.com\/sunoresearch\",\"https:\/\/www.instagram.com\/suno\",\"https:\/\/www.linkedin.com\/company\/suno-research\/\",\"https:\/\/www.youtube.com\/c\/sunoresearch\"]},{\"@type\":\"Person\",\"@id\":\"https:\/\/www.suno.com.br\/noticias\/#\/schema\/person\/e6e0f723cc177805027f4566c1d5e0c8\",\"name\":\"Carlo Cauti\",\"image\":{\"@type\":\"ImageObject\",\"inLanguage\":\"pt-BR\",\"@id\":\"https:\/\/www.suno.com.br\/noticias\/#\/schema\/person\/image\/\",\"url\":\"https:\/\/secure.gravatar.com\/avatar\/3ada9e0bd164c23abd4792a9606d583c?s=96&r=g\",\"contentUrl\":\"https:\/\/secure.gravatar.com\/avatar\/3ada9e0bd164c23abd4792a9606d583c?s=96&r=g\",\"caption\":\"Carlo Cauti\"},\"description\":\"Editor multim\u00eddia do SUNO Not\u00edcias. Italiano, formado em Ci\u00eancias Pol\u00edticas pela universidade LUISS G. Carli de Roma e mestre cum laude em Rela\u00e7\u00f5es Internacionais, Jornalismo Internacional e de Guerra e em Economia Internacional. Concluiu tamb\u00e9m um MBA em Finan\u00e7as na B3. No Brasil, teve passagem por ve\u00edculos como Estad\u00e3o, Globo, Veja e EXAME. e nas ag\u00eancias de not\u00edcias italianas ANSA e NOVA.\",\"url\":\"https:\/\/www.suno.com.br\/noticias\/author\/carlo-cauti\/\"}]}<\/script>\n<!-- \/ Yoast SEO plugin. -->","yoast_head_json":{"title":"FGV: Confian\u00e7a dos empres\u00e1rios cai e atinge menor n\u00edvel desde outubro","description":"Uma pesquisa divulgada pela FGV mostra que a confian\u00e7a dos empres\u00e1rios caiu 2,7 pontos em mar\u00e7o. Clique aqui para saber mais.","robots":{"index":"index","follow":"follow","max-snippet":"max-snippet:-1","max-image-preview":"max-image-preview:large","max-video-preview":"max-video-preview:-1"},"canonical":"https:\/\/www.suno.com.br\/noticias\/fgv-confianca-empresarios-cai-marco\/","og_locale":"pt_BR","og_type":"article","og_title":"FGV: Confian\u00e7a dos empres\u00e1rios cai e atinge menor n\u00edvel desde outubro","og_description":"Uma pesquisa divulgada pela FGV mostra que a confian\u00e7a dos empres\u00e1rios caiu 2,7 pontos em mar\u00e7o. Clique aqui para saber mais.","og_url":"https:\/\/www.suno.com.br\/noticias\/fgv-confianca-empresarios-cai-marco\/","og_site_name":"Suno Not\u00edcias","article_publisher":"https:\/\/facebook.com\/sunoresearch","og_image":[{"width":2402,"height":1127,"url":"https:\/\/files.sunoresearch.com.br\/n\/uploads\/2019\/02\/bd120984-fgv.jpg","type":"image\/jpeg"}],"author":"Carlo Cauti","twitter_card":"summary_large_image","twitter_creator":"@sunoresearch","twitter_site":"@sunoresearch","twitter_misc":{"Escrito por":"Carlo Cauti","Est. tempo de leitura":"3 minutos"},"schema":{"@context":"https:\/\/schema.org","@graph":[{"@type":"NewsArticle","@id":"https:\/\/www.suno.com.br\/noticias\/fgv-confianca-empresarios-cai-marco\/#article","isPartOf":{"@id":"https:\/\/www.suno.com.br\/noticias\/fgv-confianca-empresarios-cai-marco\/"},"author":{"name":"Carlo Cauti","@id":"https:\/\/www.suno.com.br\/noticias\/#\/schema\/person\/e6e0f723cc177805027f4566c1d5e0c8"},"headline":"FGV: Confian\u00e7a dos empres\u00e1rios cai e atinge menor n\u00edvel desde outubro","datePublished":"2019-04-01T14:38:14+00:00","mainEntityOfPage":{"@id":"https:\/\/www.suno.com.br\/noticias\/fgv-confianca-empresarios-cai-marco\/"},"wordCount":554,"publisher":{"@id":"https:\/\/www.suno.com.br\/noticias\/#organization"},"image":{"@id":"https:\/\/www.suno.com.br\/noticias\/fgv-confianca-empresarios-cai-marco\/#primaryimage"},"thumbnailUrl":"https:\/\/files.sunoresearch.com.br\/n\/uploads\/2019\/02\/bd120984-fgv-jpg.webp","keywords":["FGV"],"articleSection":["Economia"],"inLanguage":"pt-BR"},{"@type":"WebPage","@id":"https:\/\/www.suno.com.br\/noticias\/fgv-confianca-empresarios-cai-marco\/","url":"https:\/\/www.suno.com.br\/noticias\/fgv-confianca-empresarios-cai-marco\/","name":"FGV: Confian\u00e7a dos empres\u00e1rios cai e atinge menor n\u00edvel desde outubro","isPartOf":{"@id":"https:\/\/www.suno.com.br\/noticias\/#website"},"primaryImageOfPage":{"@id":"https:\/\/www.suno.com.br\/noticias\/fgv-confianca-empresarios-cai-marco\/#primaryimage"},"image":{"@id":"https:\/\/www.suno.com.br\/noticias\/fgv-confianca-empresarios-cai-marco\/#primaryimage"},"thumbnailUrl":"https:\/\/files.sunoresearch.com.br\/n\/uploads\/2019\/02\/bd120984-fgv-jpg.webp","datePublished":"2019-04-01T14:38:14+00:00","description":"Uma pesquisa divulgada pela FGV mostra que a confian\u00e7a dos empres\u00e1rios caiu 2,7 pontos em mar\u00e7o. Clique aqui para saber mais.","breadcrumb":{"@id":"https:\/\/www.suno.com.br\/noticias\/fgv-confianca-empresarios-cai-marco\/#breadcrumb"},"inLanguage":"pt-BR","potentialAction":[{"@type":"ReadAction","target":["https:\/\/www.suno.com.br\/noticias\/fgv-confianca-empresarios-cai-marco\/"]}]},{"@type":"ImageObject","inLanguage":"pt-BR","@id":"https:\/\/www.suno.com.br\/noticias\/fgv-confianca-empresarios-cai-marco\/#primaryimage","url":"https:\/\/files.sunoresearch.com.br\/n\/uploads\/2019\/02\/bd120984-fgv-jpg.webp","contentUrl":"https:\/\/files.sunoresearch.com.br\/n\/uploads\/2019\/02\/bd120984-fgv-jpg.webp","width":2402,"height":1127,"caption":"Antes da divulga\u00e7\u00e3o do Monitor do PIB, o Minist\u00e9rio da Economia divulgou documento que manteve previs\u00e3o do crescimento para 2021 - Foto: Divulga\u00e7\u00e3o\/FGV"},{"@type":"BreadcrumbList","@id":"https:\/\/www.suno.com.br\/noticias\/fgv-confianca-empresarios-cai-marco\/#breadcrumb","itemListElement":[{"@type":"ListItem","position":1,"name":"Not\u00edcias","item":"https:\/\/www.suno.com.br\/noticias\/"},{"@type":"ListItem","position":2,"name":"Economia","item":"https:\/\/www.suno.com.br\/noticias\/economia\/"},{"@type":"ListItem","position":3,"name":"FGV: Confian\u00e7a dos empres\u00e1rios cai e atinge menor n\u00edvel desde outubro"}]},{"@type":"WebSite","@id":"https:\/\/www.suno.com.br\/noticias\/#website","url":"https:\/\/www.suno.com.br\/noticias\/","name":"Suno Not\u00edcias","description":"Seu portal de informa\u00e7\u00e3o sobre o mundo dos investimentos","publisher":{"@id":"https:\/\/www.suno.com.br\/noticias\/#organization"},"potentialAction":[{"@type":"SearchAction","target":{"@type":"EntryPoint","urlTemplate":"https:\/\/www.suno.com.br\/noticias\/?s={search_term_string}"},"query-input":{"@type":"PropertyValueSpecification","valueRequired":true,"valueName":"search_term_string"}}],"inLanguage":"pt-BR"},{"@type":"Organization","@id":"https:\/\/www.suno.com.br\/noticias\/#organization","name":"Suno Not\u00edcias","url":"https:\/\/www.suno.com.br\/noticias\/","logo":{"@type":"ImageObject","inLanguage":"pt-BR","@id":"https:\/\/www.suno.com.br\/noticias\/#\/schema\/logo\/image\/","url":"https:\/\/files.sunoresearch.com.br\/n\/uploads\/2021\/09\/suno-logo.png","contentUrl":"https:\/\/files.sunoresearch.com.br\/n\/uploads\/2021\/09\/suno-logo.png","width":180,"height":180,"caption":"Suno Not\u00edcias"},"image":{"@id":"https:\/\/www.suno.com.br\/noticias\/#\/schema\/logo\/image\/"},"sameAs":["https:\/\/facebook.com\/sunoresearch","https:\/\/x.com\/sunoresearch","https:\/\/www.instagram.com\/suno","https:\/\/www.linkedin.com\/company\/suno-research\/","https:\/\/www.youtube.com\/c\/sunoresearch"]},{"@type":"Person","@id":"https:\/\/www.suno.com.br\/noticias\/#\/schema\/person\/e6e0f723cc177805027f4566c1d5e0c8","name":"Carlo Cauti","image":{"@type":"ImageObject","inLanguage":"pt-BR","@id":"https:\/\/www.suno.com.br\/noticias\/#\/schema\/person\/image\/","url":"https:\/\/secure.gravatar.com\/avatar\/3ada9e0bd164c23abd4792a9606d583c?s=96&r=g","contentUrl":"https:\/\/secure.gravatar.com\/avatar\/3ada9e0bd164c23abd4792a9606d583c?s=96&r=g","caption":"Carlo Cauti"},"description":"Editor multim\u00eddia do SUNO Not\u00edcias. Italiano, formado em Ci\u00eancias Pol\u00edticas pela universidade LUISS G. Carli de Roma e mestre cum laude em Rela\u00e7\u00f5es Internacionais, Jornalismo Internacional e de Guerra e em Economia Internacional. Concluiu tamb\u00e9m um MBA em Finan\u00e7as na B3. No Brasil, teve passagem por ve\u00edculos como Estad\u00e3o, Globo, Veja e EXAME. e nas ag\u00eancias de not\u00edcias italianas ANSA e NOVA.","url":"https:\/\/www.suno.com.br\/noticias\/author\/carlo-cauti\/"}]}},"default_loop_html":"<div class=\"cardsPage__listCard__boxs\"><div class=\"cardsPage__listCard__boxs__img\"><a href=\"https:\/\/www.suno.com.br\/noticias\/fgv-confianca-empresarios-cai-marco\/\"><img class=\"mask\" src=\"https:\/\/www.suno.com.br\/noticias\/wp-content\/themes\/suno\/resources\/images\/spotlight\/spotlight1img\/bg-mask.png\" alt=\"Image Mask\"\/><img src=\"https:\/\/files.sunoresearch.com.br\/n\/uploads\/2019\/02\/bd120984-fgv-400x200.webp\" alt=\"FGV: Confian\u00e7a dos empres\u00e1rios cai e atinge menor n\u00edvel desde outubro\"\/><\/a><span class=\"spotlightCategory\"><a href=\"https:\/\/www.suno.com.br\/noticias\/economia\/\">Economia<\/a><\/span><\/div><div class=\"cardsPage__listCard__boxs__content\"><a href=\"https:\/\/www.suno.com.br\/noticias\/fgv-confianca-empresarios-cai-marco\/\"><h2 class=\"content__title\">FGV: Confian\u00e7a dos empres\u00e1rios cai e atinge menor n\u00edvel desde outubro<\/h2><\/a><div class=\"newsContent__article__meta\"><div class=\"newsContent__article__meta__authorBox\"><a href=\"https:\/\/www.suno.com.br\/noticias\/author\/carlo-cauti\/\" class=\"authorBox__avatar noMobi\"><img src=\"https:\/\/files.sunoresearch.com.br\/n\/uploads\/2020\/08\/e3745f9a-perfil-carlo-cauti-150x150.webp\" alt=\"Carlo Cauti\"><\/a><div class=\"authorBox__name\"><span>por\n\t\t\t<a href=\"https:\/\/www.suno.com.br\/noticias\/author\/carlo-cauti\/\"><span itemprop=\"author\">Carlo Cauti<\/span><\/a><\/span><time datetime=\"2019-04-01T11:38:14-03:00\" itemprop=\"datePublished\">01\/04\/2019 11:38<\/time><\/div><\/div><\/div><\/div><\/div>","single_layout":"posts","amp_enabled":true,"_links":{"self":[{"href":"https:\/\/www.suno.com.br\/noticias\/wp-json\/wp\/v2\/posts\/19616"}],"collection":[{"href":"https:\/\/www.suno.com.br\/noticias\/wp-json\/wp\/v2\/posts"}],"about":[{"href":"https:\/\/www.suno.com.br\/noticias\/wp-json\/wp\/v2\/types\/post"}],"author":[{"embeddable":true,"href":"https:\/\/www.suno.com.br\/noticias\/wp-json\/wp\/v2\/users\/9"}],"replies":[{"embeddable":true,"href":"https:\/\/www.suno.com.br\/noticias\/wp-json\/wp\/v2\/comments?post=19616"}],"version-history":[{"count":0,"href":"https:\/\/www.suno.com.br\/noticias\/wp-json\/wp\/v2\/posts\/19616\/revisions"}],"wp:featuredmedia":[{"embeddable":true,"href":"https:\/\/www.suno.com.br\/noticias\/wp-json\/wp\/v2\/media\/15808"}],"wp:attachment":[{"href":"https:\/\/www.suno.com.br\/noticias\/wp-json\/wp\/v2\/media?parent=19616"}],"wp:term":[{"taxonomy":"category","embeddable":true,"href":"https:\/\/www.suno.com.br\/noticias\/wp-json\/wp\/v2\/categories?post=19616"},{"taxonomy":"post_tag","embeddable":true,"href":"https:\/\/www.suno.com.br\/noticias\/wp-json\/wp\/v2\/tags?post=19616"},{"taxonomy":"suno_strategy","embeddable":true,"href":"https:\/\/www.suno.com.br\/noticias\/wp-json\/wp\/v2\/suno_strategy?post=19616"}],"curies":[{"name":"wp","href":"https:\/\/api.w.org\/{rel}","templated":true}]}}