{"id":196021,"date":"2021-10-21T16:26:00","date_gmt":"2021-10-21T19:26:00","guid":{"rendered":"https:\/\/www.suno.com.br\/noticias\/?p=196021"},"modified":"2021-10-21T16:55:18","modified_gmt":"2021-10-21T19:55:18","slug":"waiver-day-governo-vendeu-a-alma-para-o-centrao-diz-analista","status":"publish","type":"post","link":"https:\/\/www.suno.com.br\/noticias\/waiver-day-governo-vendeu-a-alma-para-o-centrao-diz-analista\/","title":{"rendered":"Waiver Day: &#8220;Governo vendeu a alma para o centr\u00e3o&#8221;, diz especialista"},"content":{"rendered":"<p>O Ibovespa opera em forte queda na tarde desta quinta-feira (21), renovando m\u00ednima ap\u00f3s m\u00ednima. Por volta de 16h18, o Ibovespa ca\u00eda 3,25%, aos 107.182 pontos, depois de ter ca\u00eddo mais de 4%. Uma s\u00e9rie de motivos conspira para o nervosismo visto hoje, que est\u00e1 sendo chamado de &#8220;<strong>Waiver Day<\/strong>&#8220;.<\/p>\t<div class=\"wrapper-featured-image\">\n\t\t<figure class=\"spotlightImg\">\n\n\t\t\t<picture>\n\t\t\t\t<source media=\"(max-width: 768px)\" srcset=\"https:\/\/files.sunoresearch.com.br\/n\/uploads\/2021\/10\/waiver-day-400x200.jpg\">\n\t\t\t\t<img loading=\"lazy\" decoding=\"async\" class=\"newsContent__article__imgCapa lazyloadDisabled \" src=\"https:\/\/files.sunoresearch.com.br\/n\/uploads\/2021\/10\/waiver-day-800x450.jpg\" width=\"800\" height=\"450\" alt=\"Waiver Day: &#8220;Governo vendeu a alma para o centr\u00e3o&#8221;, diz especialista\" fetchpriority=high \/>\n\t\t\t<\/picture>\n\n\t\t\t<figcaption class=\"wp-caption-text wp-caption-text--show\">Fonte Pixabay<\/figcaption>\n\t\t<\/figure>\n\t<\/div>\n\n\n\t<p>\n\t\t<a href=\"https:\/\/lp.suno.com.br\/planilha-controle-gastos\/\" target=\"_blank\" data-element=\"shortcode-suno-banner\" title=\"Banner SUNO, clique e saiba mais\">\n\t\t\t<picture>\n\t\t\t\t<source media=\"(max-width: 500px)\" srcset=\"https:\/\/files.sunoresearch.com.br\/n\/uploads\/2023\/03\/400x300-Planilha-controle-de-gastos.png\">\n\t\t\t\t<img class=\"newsContent__article__imgCapa newsContent__article__imgCapa--banner\"\n\t\t\t\t\tsrc=\"https:\/\/files.sunoresearch.com.br\/n\/uploads\/2023\/03\/1420x240-Planilha-controle-de-gastos.png\"\n\t\t\t\t\tdata-promo-id=\"101751\"\t\t\t\t\t\t\t\t\t\twidth='1420' height='240'\t\t\t\t\talt=\"https:\/\/files.sunoresearch.com.br\/n\/uploads\/2023\/03\/1420x240-Planilha-controle-de-gastos.png\"\n\t\t\t\t>\n\t\t\t<\/picture>\n\t\t<\/a>\n\t<\/p>\n\n\n<p>Segundo Bruno Madruga, s\u00f3cio e Head de <a class=\"suno-keyword\" href=\"https:\/\/www.suno.com.br\/artigos\/renda-variavel-7-dicas\/\" target=\"_blank\" rel=\"noopener\" data-force=\"no\" data-priority=\"2\">Renda Vari\u00e1vel<\/a> da Monte Bravo, os principais motivos para o<strong> Ibovespa<\/strong> derreter s\u00e3o pol\u00edticos. &#8220;No nosso entendimento, o governo vendeu a alma para o centr\u00e3o, e perde a credibilidade que tinha com o <strong>mercado financeiro<\/strong> brasileiro&#8221;, afirmou ao Suno Not\u00edcias.<\/p>\n<p>&#8220;A <a class=\"suno-keyword\" href=\"https:\/\/www.suno.com.br\/artigos\/curva-de-juros\/\" target=\"_blank\" rel=\"noopener\" data-force=\"no\" data-priority=\"1\">curva de juros<\/a> est\u00e1 subindo muito forte e esse \u00e9 o principal term\u00f4metro do mercado&#8221;, acrescentou. Na vis\u00e3o de Madruga, o governo est\u00e1 perdendo &#8220;a pouca credibilidade&#8221; que ainda tinha com o mercado financeiro, e esta semana pode ser &#8220;um belo divisor de \u00e1guas. &#8220;O mercado \u00e9 soberano e diante de decis\u00f5es governamentais n\u00e3o condizentes com o que o mercado acredita, a rea\u00e7\u00e3o \u00e9 imediata.&#8221;<\/p>\n<p>O porta-voz da Monte Bravo se refere \u00e0 declara\u00e7\u00e3o dada ontem pelo ministro da Economia, <a class=\"suno-keyword\" href=\"https:\/\/www.suno.com.br\/tudo-sobre\/paulo-guedes\/\" target=\"_blank\" rel=\"noopener\" data-force=\"no\" data-priority=\"2\"><strong>Paulo Guedes.<\/strong><\/a> Ele confirmou ontem \u00e0 noite que parte do pagamento do <strong>Aux\u00edlio Brasil<\/strong>, programa que substituir\u00e1 o Bolsa Fam\u00edlia com pagamento de R$ 400, est\u00e1 fora do<strong> <a class=\"suno-keyword\" href=\"https:\/\/www.suno.com.br\/artigos\/teto-de-gastos\/\" target=\"_blank\" rel=\"noopener\" data-force=\"no\" data-priority=\"1\">teto de gastos<\/a><\/strong>.<\/p>\n<p>Guedes afirmou que, no que depender da equipe econ\u00f4mica, o novo <strong>programa social<\/strong> poder\u00e1 ser financiado com cerca de R$ 30 bilh\u00f5es fora da regra fiscal. Segundo ele, o governo deve pedir um \u201c<strong><em>waiver<\/em><\/strong>\u201d (perd\u00e3o tempor\u00e1rio) do teto de gastos para tornar vi\u00e1vel o novo programa social. \u00c9 por isso que o dia de hoje est\u00e1 sendo chamado de &#8220;waiver day&#8221;.<\/p>\n<p>&#8220;O recado que o governo deu foi muito ruim&#8221;, afirma Elias Wigger, s\u00f3cio da EQI.<\/p>\n\t<p>\n\t\t<a href=\"https:\/\/lp.suno.com.br\/planilha-da-vida-financeira\/\" target=\"_blank\" data-element=\"shortcode-suno-banner\" title=\"Banner SUNO, clique e saiba mais\">\n\t\t\t<picture>\n\t\t\t\t<source media=\"(max-width: 500px)\" srcset=\"https:\/\/files.sunoresearch.com.br\/n\/uploads\/2023\/04\/400x300-Planilha-vida-financeira-true.png\">\n\t\t\t\t<img class=\"newsContent__article__imgCapa newsContent__article__imgCapa--banner\"\n\t\t\t\t\tsrc=\"https:\/\/files.sunoresearch.com.br\/n\/uploads\/2023\/04\/1420x240-Planilha-vida-financeira-true.png\"\n\t\t\t\t\tdata-promo-id=\"106682\"\t\t\t\t\t\t\t\t\t\twidth='1420' height='240'\t\t\t\t\talt=\"https:\/\/files.sunoresearch.com.br\/n\/uploads\/2023\/04\/1420x240-Planilha-vida-financeira-true.png\"\n\t\t\t\t>\n\t\t\t<\/picture>\n\t\t<\/a>\n\t<\/p>\n\n\n<h2>Veja os motivos para o nervosismo do Waiver Day<\/h2>\n<p>Para piorar a situa\u00e7\u00e3o, foi noticiado h\u00e1 pouco que o novo relat\u00f3rio da PEC dos precat\u00f3rios traz mudan\u00e7a no c\u00e1lculo do teto de gastos, empurrando o teto para cima e abrindo espa\u00e7o no or\u00e7amento de forma artificial.\u00a0 &#8220;Neste caso, tecnicamente o teto n\u00e3o seria furado, mas na pr\u00e1tica haveria um aumento do custo fiscal, e isso preocupa o mercado&#8221;, afirma o CEO da Planner, Alan Gandelman.<\/p>\n<p>Segundo ele, aumentam a press\u00e3o inflacion\u00e1ria e a <a class=\"suno-keyword\" href=\"https:\/\/www.suno.com.br\/artigos\/alta-do-dolar\/\" target=\"_blank\" rel=\"noopener\" data-force=\"no\" data-priority=\"1\">alta do d\u00f3lar<\/a>, que tamb\u00e9m \u00e9 impulsionado pelo fim do tapering nos Estados Unidos. Al\u00e9m disso, segundo Gandelman, as grandes imobili\u00e1rias chineses seguem despertando a preocupa\u00e7\u00e3o dos investidores.<\/p>\n<p>&#8220;Mais um dia de estresse com a bolsa caindo forte, d\u00f3lar subindo bem, por quest\u00f5es locais e quest\u00f5es externas, como a prov\u00e1vel alta de juros nos EUA e as grandes construtoras chinesas com risco de dar calote&#8221;, afirma.<\/p>\n<ul>\n<li>O pagamento do Aux\u00edlio Brasil ficar\u00e1 fora do <strong>teto de gastos<\/strong>;<\/li>\n<li>Est\u00e1 em curso uma poss\u00edvel mudan\u00e7a no c\u00e1lculo do teto de gastos;<\/li>\n<li>Al\u00e9m do Aux\u00edlio Brasil, o governo disse hoje que deve dar um <strong>aux\u00edlio aos caminhoneiros<\/strong>;<\/li>\n<li>No front internacional, receio sobre a redu\u00e7\u00e3o dos incentivos (tapering) nos EUA;<\/li>\n<li>Incertezas na empresas chinesas no radar.<\/li>\n<\/ul>\n\t<p>\n\t\t<a href=\"https:\/\/lp.suno.com.br\/ebook-como-analisar-uma-acao\/\" target=\"_blank\" data-element=\"shortcode-suno-banner\" title=\"Banner SUNO, clique e saiba mais\">\n\t\t\t<picture>\n\t\t\t\t<source media=\"(max-width: 500px)\" srcset=\"https:\/\/files.sunoresearch.com.br\/n\/uploads\/2023\/03\/Ebook-Acoes-Mobile-1.jpg\">\n\t\t\t\t<img class=\"newsContent__article__imgCapa newsContent__article__imgCapa--banner\"\n\t\t\t\t\tsrc=\"https:\/\/files.sunoresearch.com.br\/n\/uploads\/2023\/03\/Ebook-Acoes-Desktop-1.jpg\"\n\t\t\t\t\tdata-promo-id=\"171998\"\t\t\t\t\t\t\t\t\t\twidth='1420' height='286'\t\t\t\t\talt=\"https:\/\/files.sunoresearch.com.br\/n\/uploads\/2023\/03\/Ebook-Acoes-Desktop-1.jpg\"\n\t\t\t\t>\n\t\t\t<\/picture>\n\t\t<\/a>\n\t<\/p>\n\n\n<p>O Ibovespa chegou a cair mais de 4% h\u00e1 pouco, na casa dos 106 mil pontos, e agora atenuou a queda, recuando 3,10%, aos 107.352 pontos \u00e0s 16h09. O EWZ,\u00a0 principal fundo de \u00edndice negociado no exterior que investe em ativos brasileiros, cai quase 5%.<\/p>\n<p>Veja as maiores quedas do Ibovespa por volta de 16h10:<\/p>\n<ul>\n<li><a class=\"suno-keyword\" href=\"https:\/\/www.suno.com.br\/acoes\/gett11\/\" target=\"_blank\" rel=\"noopener\" data-force=\"no\" data-priority=\"2\">GetNet (GETT11)<\/a>: R$ 6,79 -18,68%<\/li>\n<li>Banco Inter Unit (BIDI11): R$ 42,81 -11,09%<\/li>\n<li>Banco Inter PN (BIDI4): R$ 14,50 -10,88%<\/li>\n<li>Americanas (AMER3): R$ 35,47 -10,63%<\/li>\n<li><a class=\"suno-keyword\" href=\"https:\/\/www.suno.com.br\/acoes\/LAME4\/\" target=\"_blank\" rel=\"noopener\" data-force=\"yes\" data-priority=\"2\">Lojas Americanas (LAME4)<\/a>: R$ 5,65 -10,32%<\/li>\n<\/ul>\n<p>Fique ligado no Suno Not\u00edcias para saber tudo que acontece neste<strong> Waiver Day<\/strong>.<\/p>\n\t<p>\n\t\t<a href=\"https:\/\/lp.suno.com.br\/planilha-de-controle-de-investimentos\/\" target=\"_blank\" data-element=\"shortcode-suno-banner\" title=\"Banner SUNO, clique e saiba mais\">\n\t\t\t<picture>\n\t\t\t\t<source media=\"(max-width: 500px)\" srcset=\"https:\/\/files.sunoresearch.com.br\/n\/uploads\/2023\/03\/400x300-Controle-de-Investimentos.png\">\n\t\t\t\t<img class=\"newsContent__article__imgCapa newsContent__article__imgCapa--banner\"\n\t\t\t\t\tsrc=\"https:\/\/files.sunoresearch.com.br\/n\/uploads\/2023\/03\/1420x240-Controle-de-Investimentos.png\"\n\t\t\t\t\tdata-promo-id=\"75934\"\t\t\t\t\t\t\t\t\t\twidth='1420' height='240'\t\t\t\t\talt=\"https:\/\/files.sunoresearch.com.br\/n\/uploads\/2023\/03\/1420x240-Controle-de-Investimentos.png\"\n\t\t\t\t>\n\t\t\t<\/picture>\n\t\t<\/a>\n\t<\/p>\n\n\n","protected":false},"excerpt":{"rendered":"<p>O Ibovespa opera em forte queda na tarde desta quinta-feira (21), renovando m\u00ednima ap\u00f3s m\u00ednima. Por volta de 16h18, o Ibovespa ca\u00eda 3,25%, aos 107.182 pontos, depois de ter ca\u00eddo mais de 4%. Uma s\u00e9rie de motivos conspira para o nervosismo visto hoje, que est\u00e1 sendo chamado de &#8220;Waiver Day&#8220;. Fonte Pixabay Segundo Bruno Madruga, [&hellip;]<\/p>\n","protected":false},"author":60,"featured_media":196065,"comment_status":"closed","ping_status":"closed","sticky":false,"template":"","format":"standard","meta":[],"categories":[60],"tags":[],"suno_strategy":[],"class_list":["post-196021","post","type-post","status-publish","format-standard","has-post-thumbnail","hentry","category-mercado"],"yoast_head":"<!-- This site is optimized with the Yoast SEO plugin v24.4 - https:\/\/yoast.com\/wordpress\/plugins\/seo\/ -->\n<title>Waiver Day: &quot;Governo vendeu a alma para o centr\u00e3o&quot;, diz especialista<\/title>\n<meta name=\"description\" content=\"V\u00e1rios motivos conspiram para o nervosismo visto hoje, que est\u00e1 sendo chamado de &quot;Waiver Day&quot;. Segundo analistas, o governo &quot;vendeu a alma&quot;.\" \/>\n<meta name=\"robots\" content=\"index, follow, max-snippet:-1, max-image-preview:large, max-video-preview:-1\" \/>\n<link rel=\"canonical\" href=\"https:\/\/www.suno.com.br\/noticias\/waiver-day-governo-vendeu-a-alma-para-o-centrao-diz-analista\/\" \/>\n<meta property=\"og:locale\" content=\"pt_BR\" \/>\n<meta property=\"og:type\" content=\"article\" \/>\n<meta property=\"og:title\" content=\"Waiver Day: &quot;Governo vendeu a alma para o centr\u00e3o&quot;, diz especialista\" \/>\n<meta property=\"og:description\" content=\"V\u00e1rios motivos conspiram para o nervosismo visto hoje, que est\u00e1 sendo chamado de &quot;Waiver Day&quot;. Segundo analistas, o governo &quot;vendeu a alma&quot;.\" \/>\n<meta property=\"og:url\" content=\"https:\/\/www.suno.com.br\/noticias\/waiver-day-governo-vendeu-a-alma-para-o-centrao-diz-analista\/\" \/>\n<meta property=\"og:site_name\" content=\"Suno Not\u00edcias\" \/>\n<meta property=\"article:publisher\" content=\"https:\/\/facebook.com\/sunoresearch\" \/>\n<meta property=\"og:image\" content=\"https:\/\/files.sunoresearch.com.br\/n\/uploads\/2021\/10\/waiver-day.jpg\" \/>\n\t<meta property=\"og:image:width\" content=\"1920\" \/>\n\t<meta property=\"og:image:height\" content=\"1280\" \/>\n\t<meta property=\"og:image:type\" content=\"image\/jpeg\" \/>\n<meta name=\"author\" content=\"Natalia G\u00f3mez\" \/>\n<meta name=\"twitter:card\" content=\"summary_large_image\" \/>\n<meta name=\"twitter:creator\" content=\"@sunoresearch\" \/>\n<meta name=\"twitter:site\" content=\"@sunoresearch\" \/>\n<meta name=\"twitter:label1\" content=\"Escrito por\" \/>\n\t<meta name=\"twitter:data1\" content=\"Natalia G\u00f3mez\" \/>\n\t<meta name=\"twitter:label2\" content=\"Est. tempo de leitura\" \/>\n\t<meta name=\"twitter:data2\" content=\"3 minutos\" \/>\n<script type=\"application\/ld+json\" class=\"yoast-schema-graph\">{\"@context\":\"https:\/\/schema.org\",\"@graph\":[{\"@type\":\"NewsArticle\",\"@id\":\"https:\/\/www.suno.com.br\/noticias\/waiver-day-governo-vendeu-a-alma-para-o-centrao-diz-analista\/#article\",\"isPartOf\":{\"@id\":\"https:\/\/www.suno.com.br\/noticias\/waiver-day-governo-vendeu-a-alma-para-o-centrao-diz-analista\/\"},\"author\":{\"name\":\"Natalia G\u00f3mez\",\"@id\":\"https:\/\/www.suno.com.br\/noticias\/#\/schema\/person\/1b24d67c140a42e864ef414497edb164\"},\"headline\":\"Waiver Day: &#8220;Governo vendeu a alma para o centr\u00e3o&#8221;, diz especialista\",\"datePublished\":\"2021-10-21T19:26:00+00:00\",\"dateModified\":\"2021-10-21T19:55:18+00:00\",\"mainEntityOfPage\":{\"@id\":\"https:\/\/www.suno.com.br\/noticias\/waiver-day-governo-vendeu-a-alma-para-o-centrao-diz-analista\/\"},\"wordCount\":644,\"publisher\":{\"@id\":\"https:\/\/www.suno.com.br\/noticias\/#organization\"},\"image\":{\"@id\":\"https:\/\/www.suno.com.br\/noticias\/waiver-day-governo-vendeu-a-alma-para-o-centrao-diz-analista\/#primaryimage\"},\"thumbnailUrl\":\"https:\/\/files.sunoresearch.com.br\/n\/uploads\/2021\/10\/waiver-day.jpg\",\"articleSection\":[\"Mercado\"],\"inLanguage\":\"pt-BR\"},{\"@type\":\"WebPage\",\"@id\":\"https:\/\/www.suno.com.br\/noticias\/waiver-day-governo-vendeu-a-alma-para-o-centrao-diz-analista\/\",\"url\":\"https:\/\/www.suno.com.br\/noticias\/waiver-day-governo-vendeu-a-alma-para-o-centrao-diz-analista\/\",\"name\":\"Waiver Day: \\\"Governo vendeu a alma para o centr\u00e3o\\\", diz especialista\",\"isPartOf\":{\"@id\":\"https:\/\/www.suno.com.br\/noticias\/#website\"},\"primaryImageOfPage\":{\"@id\":\"https:\/\/www.suno.com.br\/noticias\/waiver-day-governo-vendeu-a-alma-para-o-centrao-diz-analista\/#primaryimage\"},\"image\":{\"@id\":\"https:\/\/www.suno.com.br\/noticias\/waiver-day-governo-vendeu-a-alma-para-o-centrao-diz-analista\/#primaryimage\"},\"thumbnailUrl\":\"https:\/\/files.sunoresearch.com.br\/n\/uploads\/2021\/10\/waiver-day.jpg\",\"datePublished\":\"2021-10-21T19:26:00+00:00\",\"dateModified\":\"2021-10-21T19:55:18+00:00\",\"description\":\"V\u00e1rios motivos conspiram para o nervosismo visto hoje, que est\u00e1 sendo chamado de \\\"Waiver Day\\\". Segundo analistas, o governo \\\"vendeu a alma\\\".\",\"breadcrumb\":{\"@id\":\"https:\/\/www.suno.com.br\/noticias\/waiver-day-governo-vendeu-a-alma-para-o-centrao-diz-analista\/#breadcrumb\"},\"inLanguage\":\"pt-BR\",\"potentialAction\":[{\"@type\":\"ReadAction\",\"target\":[\"https:\/\/www.suno.com.br\/noticias\/waiver-day-governo-vendeu-a-alma-para-o-centrao-diz-analista\/\"]}]},{\"@type\":\"ImageObject\",\"inLanguage\":\"pt-BR\",\"@id\":\"https:\/\/www.suno.com.br\/noticias\/waiver-day-governo-vendeu-a-alma-para-o-centrao-diz-analista\/#primaryimage\",\"url\":\"https:\/\/files.sunoresearch.com.br\/n\/uploads\/2021\/10\/waiver-day.jpg\",\"contentUrl\":\"https:\/\/files.sunoresearch.com.br\/n\/uploads\/2021\/10\/waiver-day.jpg\",\"width\":1920,\"height\":1280,\"caption\":\"Fonte Pixabay\"},{\"@type\":\"BreadcrumbList\",\"@id\":\"https:\/\/www.suno.com.br\/noticias\/waiver-day-governo-vendeu-a-alma-para-o-centrao-diz-analista\/#breadcrumb\",\"itemListElement\":[{\"@type\":\"ListItem\",\"position\":1,\"name\":\"Not\u00edcias\",\"item\":\"https:\/\/www.suno.com.br\/noticias\/\"},{\"@type\":\"ListItem\",\"position\":2,\"name\":\"Mercado\",\"item\":\"https:\/\/www.suno.com.br\/noticias\/mercado\/\"},{\"@type\":\"ListItem\",\"position\":3,\"name\":\"Waiver Day: &#8220;Governo vendeu a alma para o centr\u00e3o&#8221;, diz especialista\"}]},{\"@type\":\"WebSite\",\"@id\":\"https:\/\/www.suno.com.br\/noticias\/#website\",\"url\":\"https:\/\/www.suno.com.br\/noticias\/\",\"name\":\"Suno Not\u00edcias\",\"description\":\"Seu portal de informa\u00e7\u00e3o sobre o mundo dos investimentos\",\"publisher\":{\"@id\":\"https:\/\/www.suno.com.br\/noticias\/#organization\"},\"potentialAction\":[{\"@type\":\"SearchAction\",\"target\":{\"@type\":\"EntryPoint\",\"urlTemplate\":\"https:\/\/www.suno.com.br\/noticias\/?s={search_term_string}\"},\"query-input\":{\"@type\":\"PropertyValueSpecification\",\"valueRequired\":true,\"valueName\":\"search_term_string\"}}],\"inLanguage\":\"pt-BR\"},{\"@type\":\"Organization\",\"@id\":\"https:\/\/www.suno.com.br\/noticias\/#organization\",\"name\":\"Suno Not\u00edcias\",\"url\":\"https:\/\/www.suno.com.br\/noticias\/\",\"logo\":{\"@type\":\"ImageObject\",\"inLanguage\":\"pt-BR\",\"@id\":\"https:\/\/www.suno.com.br\/noticias\/#\/schema\/logo\/image\/\",\"url\":\"https:\/\/files.sunoresearch.com.br\/n\/uploads\/2021\/09\/suno-logo.png\",\"contentUrl\":\"https:\/\/files.sunoresearch.com.br\/n\/uploads\/2021\/09\/suno-logo.png\",\"width\":180,\"height\":180,\"caption\":\"Suno Not\u00edcias\"},\"image\":{\"@id\":\"https:\/\/www.suno.com.br\/noticias\/#\/schema\/logo\/image\/\"},\"sameAs\":[\"https:\/\/facebook.com\/sunoresearch\",\"https:\/\/x.com\/sunoresearch\",\"https:\/\/www.instagram.com\/suno\",\"https:\/\/www.linkedin.com\/company\/suno-research\/\",\"https:\/\/www.youtube.com\/c\/sunoresearch\"]},{\"@type\":\"Person\",\"@id\":\"https:\/\/www.suno.com.br\/noticias\/#\/schema\/person\/1b24d67c140a42e864ef414497edb164\",\"name\":\"Natalia G\u00f3mez\",\"image\":{\"@type\":\"ImageObject\",\"inLanguage\":\"pt-BR\",\"@id\":\"https:\/\/www.suno.com.br\/noticias\/#\/schema\/person\/image\/\",\"url\":\"https:\/\/secure.gravatar.com\/avatar\/9e957e0b2b485c2d42c3f4145c16d940?s=96&r=g\",\"contentUrl\":\"https:\/\/secure.gravatar.com\/avatar\/9e957e0b2b485c2d42c3f4145c16d940?s=96&r=g\",\"caption\":\"Natalia G\u00f3mez\"},\"description\":\"Editora do Suno Not\u00edcias desde outubro de 2020, \u00e9 jornalista formada pela PUC-SP, com p\u00f3s-gradua\u00e7\u00e3o em jornalismo liter\u00e1rio. Atua no mercado financeiro desde 2003, quando iniciou a carreira no jornal econ\u00f4mico DCI, cobrindo o setor de alimentos no caderno de Ind\u00fastria. Foi trainee do jornal Valor Econ\u00f4mico, onde atuou no Caderno de Empresas por quase tr\u00eas anos. L\u00e1, cobriu o setor de ind\u00fastria, com foco em siderurgia, embalagens e aeroespacial. Fez coberturas setoriais em viagens para S\u00e3o Jos\u00e9 dos Campos e Franca (SP), al\u00e9m de coberturas internacionais na Alemanha e na Su\u00e9cia. Trabalhou por cinco anos na Ag\u00eancia Estado\/Broadcast, do Grupo Estado, onde foi rep\u00f3rter dos setores de minera\u00e7\u00e3o e siderurgia, alimentos e bebidas e finan\u00e7as. Foi premiada como o pr\u00eamio Destaque de Reportagem da AE em 2007 e 2008. Al\u00e9m de atuar no servi\u00e7o de not\u00edcias em tempo real, fez participa\u00e7\u00f5es no caderno de Economia do jornal Estado de S.Paulo e na R\u00e1dio Eldorado. Ainda no Grupo Estado, foi editora assistente da editoria Empresas e Setores, atuando com edi\u00e7\u00e3o e pauta, al\u00e9m de cobrir mercados diariamente com o cen\u00e1rio de bolsa e fazer reportagens especiais com foco em governan\u00e7a corporativa. Trabalhou tamb\u00e9m como correspondente de finan\u00e7as no servi\u00e7o da Thomson Reuters em portugu\u00eas por quase um ano. Atuou por cerca de oito anos como jornalista independente, contribuindo para ve\u00edculos como UOL Economia, Infomoney e Revista Voc\u00ea SA, al\u00e9m de ter trabalhado em projetos na \u00e1rea de conte\u00fado e comunica\u00e7\u00e3o de institui\u00e7\u00f5es financeiras como Anbima, Banco BS2, Banco Pine, Ita\u00fa BBA e EQI.\",\"url\":\"https:\/\/www.suno.com.br\/noticias\/author\/natalia-gomez\/\"}]}<\/script>\n<!-- \/ Yoast SEO plugin. -->","yoast_head_json":{"title":"Waiver Day: \"Governo vendeu a alma para o centr\u00e3o\", diz especialista","description":"V\u00e1rios motivos conspiram para o nervosismo visto hoje, que est\u00e1 sendo chamado de \"Waiver Day\". Segundo analistas, o governo \"vendeu a alma\".","robots":{"index":"index","follow":"follow","max-snippet":"max-snippet:-1","max-image-preview":"max-image-preview:large","max-video-preview":"max-video-preview:-1"},"canonical":"https:\/\/www.suno.com.br\/noticias\/waiver-day-governo-vendeu-a-alma-para-o-centrao-diz-analista\/","og_locale":"pt_BR","og_type":"article","og_title":"Waiver Day: \"Governo vendeu a alma para o centr\u00e3o\", diz especialista","og_description":"V\u00e1rios motivos conspiram para o nervosismo visto hoje, que est\u00e1 sendo chamado de \"Waiver Day\". Segundo analistas, o governo \"vendeu a alma\".","og_url":"https:\/\/www.suno.com.br\/noticias\/waiver-day-governo-vendeu-a-alma-para-o-centrao-diz-analista\/","og_site_name":"Suno Not\u00edcias","article_publisher":"https:\/\/facebook.com\/sunoresearch","og_image":[{"width":1920,"height":1280,"url":"https:\/\/files.sunoresearch.com.br\/n\/uploads\/2021\/10\/waiver-day.jpg","type":"image\/jpeg"}],"author":"Natalia G\u00f3mez","twitter_card":"summary_large_image","twitter_creator":"@sunoresearch","twitter_site":"@sunoresearch","twitter_misc":{"Escrito por":"Natalia G\u00f3mez","Est. tempo de leitura":"3 minutos"},"schema":{"@context":"https:\/\/schema.org","@graph":[{"@type":"NewsArticle","@id":"https:\/\/www.suno.com.br\/noticias\/waiver-day-governo-vendeu-a-alma-para-o-centrao-diz-analista\/#article","isPartOf":{"@id":"https:\/\/www.suno.com.br\/noticias\/waiver-day-governo-vendeu-a-alma-para-o-centrao-diz-analista\/"},"author":{"name":"Natalia G\u00f3mez","@id":"https:\/\/www.suno.com.br\/noticias\/#\/schema\/person\/1b24d67c140a42e864ef414497edb164"},"headline":"Waiver Day: &#8220;Governo vendeu a alma para o centr\u00e3o&#8221;, diz especialista","datePublished":"2021-10-21T19:26:00+00:00","dateModified":"2021-10-21T19:55:18+00:00","mainEntityOfPage":{"@id":"https:\/\/www.suno.com.br\/noticias\/waiver-day-governo-vendeu-a-alma-para-o-centrao-diz-analista\/"},"wordCount":644,"publisher":{"@id":"https:\/\/www.suno.com.br\/noticias\/#organization"},"image":{"@id":"https:\/\/www.suno.com.br\/noticias\/waiver-day-governo-vendeu-a-alma-para-o-centrao-diz-analista\/#primaryimage"},"thumbnailUrl":"https:\/\/files.sunoresearch.com.br\/n\/uploads\/2021\/10\/waiver-day.jpg","articleSection":["Mercado"],"inLanguage":"pt-BR"},{"@type":"WebPage","@id":"https:\/\/www.suno.com.br\/noticias\/waiver-day-governo-vendeu-a-alma-para-o-centrao-diz-analista\/","url":"https:\/\/www.suno.com.br\/noticias\/waiver-day-governo-vendeu-a-alma-para-o-centrao-diz-analista\/","name":"Waiver Day: \"Governo vendeu a alma para o centr\u00e3o\", diz especialista","isPartOf":{"@id":"https:\/\/www.suno.com.br\/noticias\/#website"},"primaryImageOfPage":{"@id":"https:\/\/www.suno.com.br\/noticias\/waiver-day-governo-vendeu-a-alma-para-o-centrao-diz-analista\/#primaryimage"},"image":{"@id":"https:\/\/www.suno.com.br\/noticias\/waiver-day-governo-vendeu-a-alma-para-o-centrao-diz-analista\/#primaryimage"},"thumbnailUrl":"https:\/\/files.sunoresearch.com.br\/n\/uploads\/2021\/10\/waiver-day.jpg","datePublished":"2021-10-21T19:26:00+00:00","dateModified":"2021-10-21T19:55:18+00:00","description":"V\u00e1rios motivos conspiram para o nervosismo visto hoje, que est\u00e1 sendo chamado de \"Waiver Day\". Segundo analistas, o governo \"vendeu a alma\".","breadcrumb":{"@id":"https:\/\/www.suno.com.br\/noticias\/waiver-day-governo-vendeu-a-alma-para-o-centrao-diz-analista\/#breadcrumb"},"inLanguage":"pt-BR","potentialAction":[{"@type":"ReadAction","target":["https:\/\/www.suno.com.br\/noticias\/waiver-day-governo-vendeu-a-alma-para-o-centrao-diz-analista\/"]}]},{"@type":"ImageObject","inLanguage":"pt-BR","@id":"https:\/\/www.suno.com.br\/noticias\/waiver-day-governo-vendeu-a-alma-para-o-centrao-diz-analista\/#primaryimage","url":"https:\/\/files.sunoresearch.com.br\/n\/uploads\/2021\/10\/waiver-day.jpg","contentUrl":"https:\/\/files.sunoresearch.com.br\/n\/uploads\/2021\/10\/waiver-day.jpg","width":1920,"height":1280,"caption":"Fonte Pixabay"},{"@type":"BreadcrumbList","@id":"https:\/\/www.suno.com.br\/noticias\/waiver-day-governo-vendeu-a-alma-para-o-centrao-diz-analista\/#breadcrumb","itemListElement":[{"@type":"ListItem","position":1,"name":"Not\u00edcias","item":"https:\/\/www.suno.com.br\/noticias\/"},{"@type":"ListItem","position":2,"name":"Mercado","item":"https:\/\/www.suno.com.br\/noticias\/mercado\/"},{"@type":"ListItem","position":3,"name":"Waiver Day: &#8220;Governo vendeu a alma para o centr\u00e3o&#8221;, diz especialista"}]},{"@type":"WebSite","@id":"https:\/\/www.suno.com.br\/noticias\/#website","url":"https:\/\/www.suno.com.br\/noticias\/","name":"Suno Not\u00edcias","description":"Seu portal de informa\u00e7\u00e3o sobre o mundo dos investimentos","publisher":{"@id":"https:\/\/www.suno.com.br\/noticias\/#organization"},"potentialAction":[{"@type":"SearchAction","target":{"@type":"EntryPoint","urlTemplate":"https:\/\/www.suno.com.br\/noticias\/?s={search_term_string}"},"query-input":{"@type":"PropertyValueSpecification","valueRequired":true,"valueName":"search_term_string"}}],"inLanguage":"pt-BR"},{"@type":"Organization","@id":"https:\/\/www.suno.com.br\/noticias\/#organization","name":"Suno Not\u00edcias","url":"https:\/\/www.suno.com.br\/noticias\/","logo":{"@type":"ImageObject","inLanguage":"pt-BR","@id":"https:\/\/www.suno.com.br\/noticias\/#\/schema\/logo\/image\/","url":"https:\/\/files.sunoresearch.com.br\/n\/uploads\/2021\/09\/suno-logo.png","contentUrl":"https:\/\/files.sunoresearch.com.br\/n\/uploads\/2021\/09\/suno-logo.png","width":180,"height":180,"caption":"Suno Not\u00edcias"},"image":{"@id":"https:\/\/www.suno.com.br\/noticias\/#\/schema\/logo\/image\/"},"sameAs":["https:\/\/facebook.com\/sunoresearch","https:\/\/x.com\/sunoresearch","https:\/\/www.instagram.com\/suno","https:\/\/www.linkedin.com\/company\/suno-research\/","https:\/\/www.youtube.com\/c\/sunoresearch"]},{"@type":"Person","@id":"https:\/\/www.suno.com.br\/noticias\/#\/schema\/person\/1b24d67c140a42e864ef414497edb164","name":"Natalia G\u00f3mez","image":{"@type":"ImageObject","inLanguage":"pt-BR","@id":"https:\/\/www.suno.com.br\/noticias\/#\/schema\/person\/image\/","url":"https:\/\/secure.gravatar.com\/avatar\/9e957e0b2b485c2d42c3f4145c16d940?s=96&r=g","contentUrl":"https:\/\/secure.gravatar.com\/avatar\/9e957e0b2b485c2d42c3f4145c16d940?s=96&r=g","caption":"Natalia G\u00f3mez"},"description":"Editora do Suno Not\u00edcias desde outubro de 2020, \u00e9 jornalista formada pela PUC-SP, com p\u00f3s-gradua\u00e7\u00e3o em jornalismo liter\u00e1rio. Atua no mercado financeiro desde 2003, quando iniciou a carreira no jornal econ\u00f4mico DCI, cobrindo o setor de alimentos no caderno de Ind\u00fastria. Foi trainee do jornal Valor Econ\u00f4mico, onde atuou no Caderno de Empresas por quase tr\u00eas anos. L\u00e1, cobriu o setor de ind\u00fastria, com foco em siderurgia, embalagens e aeroespacial. Fez coberturas setoriais em viagens para S\u00e3o Jos\u00e9 dos Campos e Franca (SP), al\u00e9m de coberturas internacionais na Alemanha e na Su\u00e9cia. Trabalhou por cinco anos na Ag\u00eancia Estado\/Broadcast, do Grupo Estado, onde foi rep\u00f3rter dos setores de minera\u00e7\u00e3o e siderurgia, alimentos e bebidas e finan\u00e7as. Foi premiada como o pr\u00eamio Destaque de Reportagem da AE em 2007 e 2008. Al\u00e9m de atuar no servi\u00e7o de not\u00edcias em tempo real, fez participa\u00e7\u00f5es no caderno de Economia do jornal Estado de S.Paulo e na R\u00e1dio Eldorado. Ainda no Grupo Estado, foi editora assistente da editoria Empresas e Setores, atuando com edi\u00e7\u00e3o e pauta, al\u00e9m de cobrir mercados diariamente com o cen\u00e1rio de bolsa e fazer reportagens especiais com foco em governan\u00e7a corporativa. Trabalhou tamb\u00e9m como correspondente de finan\u00e7as no servi\u00e7o da Thomson Reuters em portugu\u00eas por quase um ano. Atuou por cerca de oito anos como jornalista independente, contribuindo para ve\u00edculos como UOL Economia, Infomoney e Revista Voc\u00ea SA, al\u00e9m de ter trabalhado em projetos na \u00e1rea de conte\u00fado e comunica\u00e7\u00e3o de institui\u00e7\u00f5es financeiras como Anbima, Banco BS2, Banco Pine, Ita\u00fa BBA e EQI.","url":"https:\/\/www.suno.com.br\/noticias\/author\/natalia-gomez\/"}]}},"default_loop_html":"<div class=\"cardsPage__listCard__boxs\"><div class=\"cardsPage__listCard__boxs__img\"><a href=\"https:\/\/www.suno.com.br\/noticias\/waiver-day-governo-vendeu-a-alma-para-o-centrao-diz-analista\/\"><img class=\"mask\" src=\"https:\/\/www.suno.com.br\/noticias\/wp-content\/themes\/suno\/resources\/images\/spotlight\/spotlight1img\/bg-mask.png\" alt=\"Image Mask\"\/><img src=\"https:\/\/files.sunoresearch.com.br\/n\/uploads\/2021\/10\/waiver-day-400x200.jpg\" alt=\"Waiver Day: &#8220;Governo vendeu a alma para o centr\u00e3o&#8221;, diz especialista\"\/><\/a><span class=\"spotlightCategory\"><a href=\"https:\/\/www.suno.com.br\/noticias\/mercado\/\">Mercado<\/a><\/span><\/div><div class=\"cardsPage__listCard__boxs__content\"><a href=\"https:\/\/www.suno.com.br\/noticias\/waiver-day-governo-vendeu-a-alma-para-o-centrao-diz-analista\/\"><h2 class=\"content__title\">Waiver Day: &#8220;Governo vendeu a alma para o centr\u00e3o&#8221;, diz especialista<\/h2><\/a><div class=\"newsContent__article__meta\"><div class=\"newsContent__article__meta__authorBox\"><a href=\"https:\/\/www.suno.com.br\/noticias\/author\/natalia-gomez\/\" class=\"authorBox__avatar noMobi\"><img src=\"https:\/\/secure.gravatar.com\/avatar\/9e957e0b2b485c2d42c3f4145c16d940?s=96&#038;r=g\" alt=\"Natalia G\u00f3mez\"><\/a><div class=\"authorBox__name\"><span>por\n\t\t\t<a href=\"https:\/\/www.suno.com.br\/noticias\/author\/natalia-gomez\/\"><span itemprop=\"author\">Natalia G\u00f3mez<\/span><\/a><\/span><time datetime=\"2021-10-21T16:26:00-03:00\" itemprop=\"datePublished\">21\/10\/2021 16:26<\/time><\/div><\/div><\/div><\/div><\/div>","single_layout":"posts","amp_enabled":true,"_links":{"self":[{"href":"https:\/\/www.suno.com.br\/noticias\/wp-json\/wp\/v2\/posts\/196021"}],"collection":[{"href":"https:\/\/www.suno.com.br\/noticias\/wp-json\/wp\/v2\/posts"}],"about":[{"href":"https:\/\/www.suno.com.br\/noticias\/wp-json\/wp\/v2\/types\/post"}],"author":[{"embeddable":true,"href":"https:\/\/www.suno.com.br\/noticias\/wp-json\/wp\/v2\/users\/60"}],"replies":[{"embeddable":true,"href":"https:\/\/www.suno.com.br\/noticias\/wp-json\/wp\/v2\/comments?post=196021"}],"version-history":[{"count":5,"href":"https:\/\/www.suno.com.br\/noticias\/wp-json\/wp\/v2\/posts\/196021\/revisions"}],"predecessor-version":[{"id":197027,"href":"https:\/\/www.suno.com.br\/noticias\/wp-json\/wp\/v2\/posts\/196021\/revisions\/197027"}],"wp:featuredmedia":[{"embeddable":true,"href":"https:\/\/www.suno.com.br\/noticias\/wp-json\/wp\/v2\/media\/196065"}],"wp:attachment":[{"href":"https:\/\/www.suno.com.br\/noticias\/wp-json\/wp\/v2\/media?parent=196021"}],"wp:term":[{"taxonomy":"category","embeddable":true,"href":"https:\/\/www.suno.com.br\/noticias\/wp-json\/wp\/v2\/categories?post=196021"},{"taxonomy":"post_tag","embeddable":true,"href":"https:\/\/www.suno.com.br\/noticias\/wp-json\/wp\/v2\/tags?post=196021"},{"taxonomy":"suno_strategy","embeddable":true,"href":"https:\/\/www.suno.com.br\/noticias\/wp-json\/wp\/v2\/suno_strategy?post=196021"}],"curies":[{"name":"wp","href":"https:\/\/api.w.org\/{rel}","templated":true}]}}