{"id":19598,"date":"2019-04-01T08:32:29","date_gmt":"2019-04-01T11:32:29","guid":{"rendered":"https:\/\/www.suno.com.br\/noticias\/?p=19598"},"modified":"2021-06-13T23:47:03","modified_gmt":"2021-06-14T02:47:03","slug":"tarifas-adicionais-eua-china","status":"publish","type":"post","link":"https:\/\/www.suno.com.br\/noticias\/tarifas-adicionais-eua-china\/","title":{"rendered":"Tarifas adicionais sobre bens dos EUA seguir\u00e3o suspensas, diz China"},"content":{"rendered":"<p>O Conselho de Estado da China informou que ser\u00e3o mantidas suspensas as tarifas sobre ve\u00edculos e autope\u00e7as dos Estados Unidos. O an\u00fancio da medida aconteceu no \u00faltimo domingo (31).<\/p>\t<div class=\"wrapper-featured-image\">\n\t\t<figure class=\"spotlightImg\">\n\n\t\t\t<picture>\n\t\t\t\t<source media=\"(max-width: 768px)\" srcset=\"https:\/\/files.sunoresearch.com.br\/n\/uploads\/2019\/04\/35ea20c9-china-400x200.webp\">\n\t\t\t\t<img loading=\"lazy\" decoding=\"async\" class=\"newsContent__article__imgCapa lazyloadDisabled newsContent__article__imgCapa--noCaption\" src=\"https:\/\/files.sunoresearch.com.br\/n\/uploads\/2019\/04\/35ea20c9-china-800x450.webp\" width=\"800\" height=\"450\" alt=\"Tarifas adicionais sobre bens dos EUA seguir\u00e3o suspensas, diz China\" fetchpriority=high \/>\n\t\t\t<\/picture>\n\n\t\t\t<figcaption class=\"wp-caption-text wp-caption-text--hide\">Tarifas adicionais sobre bens dos EUA seguir\u00e3o suspensas, diz China<\/figcaption>\n\t\t<\/figure>\n\t<\/div>\n\n\n<p>A iniciativa da <strong>China<\/strong> acontece logo ap\u00f3s os <strong>Estados Unidos<\/strong> anunciarem o adiamento da alta nas <strong>tarifas<\/strong> sobre <strong>importa\u00e7\u00f5es<\/strong> chinesas.<\/p>\n<p>Em dezembro \u00faltimo, a <strong>China<\/strong> havia informado a suspens\u00e3o das tarifas adicionais de 25% sobre <strong>ve\u00edculos<\/strong> e <strong>autope\u00e7as<\/strong> fabricados nos Estados Unidos por tr\u00eas meses, ap\u00f3s uma tr\u00e9gua na <strong>guerra comercial<\/strong> entre as duas maiores <strong>economias<\/strong> do mundo.<\/p>\n<p><a href=\"https:\/\/www.suno.com.br\/noticias\/bolsonaro-criacao-estritorio-jesusalem\/\">Saiba mais:\u00a0Bolsonaro anuncia cria\u00e7\u00e3o de estrit\u00f3rio comercial em Jerusal\u00e9m<\/a><\/p>\n<p><a href=\"https:\/\/www.suno.com.br\/noticias\/petrobras-perderao-direito-privatizacoes\/\">Saiba mais:\u00a0Petrobras: acionistas perder\u00e3o direito de opinar sobre privatiza\u00e7\u00f5es<\/a><\/p>\n<h2>\u00daltima reuni\u00e3o<\/h2>\n<p>Na \u00faltima sexta-feira (29), em <strong>Pequim<\/strong>, os dois pa\u00edses conclu\u00edram uma nova rodada de <strong>negocia\u00e7\u00f5es comerciais<\/strong>. De acordo com os norte-americanos, as discuss\u00f5es foram &#8220;construtivas&#8221; e que houve um &#8220;progresso&#8221; para o fechamento do acordo.<\/p>\n<p>&#8220;O representante comercial dos EUA,<strong> Robert Lighthtizer<\/strong>, e eu conclu\u00edmos negocia\u00e7\u00f5es comerciais construtivas em Pequim. Espero receber o vice-primeiro-ministro chin\u00eas, <strong>Liu He<\/strong>, para continuar com essas importantes discuss\u00f5es na semana que vem&#8221;, declarou o secret\u00e1rio do Tesouro norte-americano, <strong>Steve Mnuchin<\/strong>, pelo Twitter.<\/p>\n<h2>Avan\u00e7o da guerra comercial<\/h2>\n<p>China e EUA procuram superar as diferen\u00e7as comerciais. A principal queixa dos americanos \u00e9 de que a China \u00e9 desleal comercialmente. Isso por conta dos subs\u00eddios aplicados \u00e0 empresas dos <strong>Estados Unidos<\/strong> e tamb\u00e9m a transfer\u00eancia de tecnologia.<\/p>\n<p>O presidente dos EUA,<strong> Donald Trump<\/strong>, j\u00e1 mencionou algumas vezes a proximidade de um acordo. No entanto, os negociadores n\u00e3o deixaram claro a ocorr\u00eancia do acordo.<\/p>\n<p>Os pa\u00edses haviam empregado uma s\u00e9rie de <strong>tarifas<\/strong> um contra o outro, mas em dezembro de 2018 deram uma tr\u00e9gua.<\/p>\n<p>No in\u00edcio de mar\u00e7o, o parlamento chin\u00eas aprovou uma lei que n\u00e3o obriga as empresas estrangeiras a <strong>transferir tecnologia<\/strong>. Essa medida foi tomada ap\u00f3s cr\u00edticas americanas.<\/p>\n<p>Al\u00e9m disso, a <strong>China<\/strong> aumentou a demanda sobre produtos agr\u00edcolas norte-americanos. No entanto, grande compras de produtos devem ser feitas como parte do acordo, com o objetivo de diminuir o <strong>d\u00e9ficit comercial<\/strong> entre as pot\u00eancias.<\/p>\n","protected":false},"excerpt":{"rendered":"<p>O Conselho de Estado da China informou que ser\u00e3o mantidas suspensas as tarifas sobre ve\u00edculos e autope\u00e7as dos Estados Unidos. O an\u00fancio da medida aconteceu no \u00faltimo domingo (31). Tarifas adicionais sobre bens dos EUA seguir\u00e3o suspensas, diz China A iniciativa da China acontece logo ap\u00f3s os Estados Unidos anunciarem o adiamento da alta nas [&hellip;]<\/p>\n","protected":false},"author":11,"featured_media":19599,"comment_status":"closed","ping_status":"closed","sticky":false,"template":"","format":"standard","meta":[],"categories":[63],"tags":[711,793,980],"suno_strategy":[],"class_list":["post-19598","post","type-post","status-publish","format-standard","has-post-thumbnail","hentry","category-internacional","tag-china","tag-estados-unidos-eua","tag-guerra-comercial"],"yoast_head":"<!-- This site is optimized with the Yoast SEO plugin v24.4 - https:\/\/yoast.com\/wordpress\/plugins\/seo\/ -->\n<title>Tarifas adicionais sobre bens dos EUA seguir\u00e3o suspensas, diz China<\/title>\n<meta name=\"description\" content=\"Negocia\u00e7\u00f5es comerciais entre China e Estados Unidos tiveram uma nova rodada com fim na sexta-feira (29). Clique para saber mais.\" \/>\n<meta name=\"robots\" content=\"index, follow, max-snippet:-1, max-image-preview:large, max-video-preview:-1\" \/>\n<link rel=\"canonical\" href=\"https:\/\/www.suno.com.br\/noticias\/tarifas-adicionais-eua-china\/\" \/>\n<meta property=\"og:locale\" content=\"pt_BR\" \/>\n<meta property=\"og:type\" content=\"article\" \/>\n<meta property=\"og:title\" content=\"Tarifas adicionais sobre bens dos EUA seguir\u00e3o suspensas, diz China\" \/>\n<meta property=\"og:description\" content=\"Negocia\u00e7\u00f5es comerciais entre China e Estados Unidos tiveram uma nova rodada com fim na sexta-feira (29). Clique para saber mais.\" \/>\n<meta property=\"og:url\" content=\"https:\/\/www.suno.com.br\/noticias\/tarifas-adicionais-eua-china\/\" \/>\n<meta property=\"og:site_name\" content=\"Suno Not\u00edcias\" \/>\n<meta property=\"article:publisher\" content=\"https:\/\/facebook.com\/sunoresearch\" \/>\n<meta property=\"og:image\" content=\"https:\/\/files.sunoresearch.com.br\/n\/uploads\/2019\/04\/35ea20c9-china-1024x681.jpg\" \/>\n\t<meta property=\"og:image:width\" content=\"1024\" \/>\n\t<meta property=\"og:image:height\" content=\"681\" \/>\n\t<meta property=\"og:image:type\" content=\"image\/jpeg\" \/>\n<meta name=\"author\" content=\"Renan Bandeira\" \/>\n<meta name=\"twitter:card\" content=\"summary_large_image\" \/>\n<meta name=\"twitter:creator\" content=\"@sunoresearch\" \/>\n<meta name=\"twitter:site\" content=\"@sunoresearch\" \/>\n<meta name=\"twitter:label1\" content=\"Escrito por\" \/>\n\t<meta name=\"twitter:data1\" content=\"Renan Bandeira\" \/>\n\t<meta name=\"twitter:label2\" content=\"Est. tempo de leitura\" \/>\n\t<meta name=\"twitter:data2\" content=\"2 minutos\" \/>\n<script type=\"application\/ld+json\" class=\"yoast-schema-graph\">{\"@context\":\"https:\/\/schema.org\",\"@graph\":[{\"@type\":\"NewsArticle\",\"@id\":\"https:\/\/www.suno.com.br\/noticias\/tarifas-adicionais-eua-china\/#article\",\"isPartOf\":{\"@id\":\"https:\/\/www.suno.com.br\/noticias\/tarifas-adicionais-eua-china\/\"},\"author\":{\"name\":\"Renan Bandeira\",\"@id\":\"https:\/\/www.suno.com.br\/noticias\/#\/schema\/person\/fc144a1c6108bd1dcd43784e88a3c138\"},\"headline\":\"Tarifas adicionais sobre bens dos EUA seguir\u00e3o suspensas, diz China\",\"datePublished\":\"2019-04-01T11:32:29+00:00\",\"dateModified\":\"2021-06-14T02:47:03+00:00\",\"mainEntityOfPage\":{\"@id\":\"https:\/\/www.suno.com.br\/noticias\/tarifas-adicionais-eua-china\/\"},\"wordCount\":386,\"publisher\":{\"@id\":\"https:\/\/www.suno.com.br\/noticias\/#organization\"},\"image\":{\"@id\":\"https:\/\/www.suno.com.br\/noticias\/tarifas-adicionais-eua-china\/#primaryimage\"},\"thumbnailUrl\":\"https:\/\/files.sunoresearch.com.br\/n\/uploads\/2019\/04\/35ea20c9-china-scaled.webp\",\"keywords\":[\"China\",\"Estados Unidos (EUA)\",\"guerra comercial\"],\"articleSection\":[\"Internacional\"],\"inLanguage\":\"pt-BR\"},{\"@type\":\"WebPage\",\"@id\":\"https:\/\/www.suno.com.br\/noticias\/tarifas-adicionais-eua-china\/\",\"url\":\"https:\/\/www.suno.com.br\/noticias\/tarifas-adicionais-eua-china\/\",\"name\":\"Tarifas adicionais sobre bens dos EUA seguir\u00e3o suspensas, diz China\",\"isPartOf\":{\"@id\":\"https:\/\/www.suno.com.br\/noticias\/#website\"},\"primaryImageOfPage\":{\"@id\":\"https:\/\/www.suno.com.br\/noticias\/tarifas-adicionais-eua-china\/#primaryimage\"},\"image\":{\"@id\":\"https:\/\/www.suno.com.br\/noticias\/tarifas-adicionais-eua-china\/#primaryimage\"},\"thumbnailUrl\":\"https:\/\/files.sunoresearch.com.br\/n\/uploads\/2019\/04\/35ea20c9-china-scaled.webp\",\"datePublished\":\"2019-04-01T11:32:29+00:00\",\"dateModified\":\"2021-06-14T02:47:03+00:00\",\"description\":\"Negocia\u00e7\u00f5es comerciais entre China e Estados Unidos tiveram uma nova rodada com fim na sexta-feira (29). Clique para saber mais.\",\"breadcrumb\":{\"@id\":\"https:\/\/www.suno.com.br\/noticias\/tarifas-adicionais-eua-china\/#breadcrumb\"},\"inLanguage\":\"pt-BR\",\"potentialAction\":[{\"@type\":\"ReadAction\",\"target\":[\"https:\/\/www.suno.com.br\/noticias\/tarifas-adicionais-eua-china\/\"]}]},{\"@type\":\"ImageObject\",\"inLanguage\":\"pt-BR\",\"@id\":\"https:\/\/www.suno.com.br\/noticias\/tarifas-adicionais-eua-china\/#primaryimage\",\"url\":\"https:\/\/files.sunoresearch.com.br\/n\/uploads\/2019\/04\/35ea20c9-china-scaled.webp\",\"contentUrl\":\"https:\/\/files.sunoresearch.com.br\/n\/uploads\/2019\/04\/35ea20c9-china-scaled.webp\",\"width\":2560,\"height\":1703,\"caption\":\"Tarifas adicionais sobre bens dos EUA seguir\u00e3o suspensas, diz China\"},{\"@type\":\"BreadcrumbList\",\"@id\":\"https:\/\/www.suno.com.br\/noticias\/tarifas-adicionais-eua-china\/#breadcrumb\",\"itemListElement\":[{\"@type\":\"ListItem\",\"position\":1,\"name\":\"Not\u00edcias\",\"item\":\"https:\/\/www.suno.com.br\/noticias\/\"},{\"@type\":\"ListItem\",\"position\":2,\"name\":\"Internacional\",\"item\":\"https:\/\/www.suno.com.br\/noticias\/internacional\/\"},{\"@type\":\"ListItem\",\"position\":3,\"name\":\"Tarifas adicionais sobre bens dos EUA seguir\u00e3o suspensas, diz China\"}]},{\"@type\":\"WebSite\",\"@id\":\"https:\/\/www.suno.com.br\/noticias\/#website\",\"url\":\"https:\/\/www.suno.com.br\/noticias\/\",\"name\":\"Suno Not\u00edcias\",\"description\":\"Seu portal de informa\u00e7\u00e3o sobre o mundo dos investimentos\",\"publisher\":{\"@id\":\"https:\/\/www.suno.com.br\/noticias\/#organization\"},\"potentialAction\":[{\"@type\":\"SearchAction\",\"target\":{\"@type\":\"EntryPoint\",\"urlTemplate\":\"https:\/\/www.suno.com.br\/noticias\/?s={search_term_string}\"},\"query-input\":{\"@type\":\"PropertyValueSpecification\",\"valueRequired\":true,\"valueName\":\"search_term_string\"}}],\"inLanguage\":\"pt-BR\"},{\"@type\":\"Organization\",\"@id\":\"https:\/\/www.suno.com.br\/noticias\/#organization\",\"name\":\"Suno Not\u00edcias\",\"url\":\"https:\/\/www.suno.com.br\/noticias\/\",\"logo\":{\"@type\":\"ImageObject\",\"inLanguage\":\"pt-BR\",\"@id\":\"https:\/\/www.suno.com.br\/noticias\/#\/schema\/logo\/image\/\",\"url\":\"https:\/\/files.sunoresearch.com.br\/n\/uploads\/2021\/09\/suno-logo.png\",\"contentUrl\":\"https:\/\/files.sunoresearch.com.br\/n\/uploads\/2021\/09\/suno-logo.png\",\"width\":180,\"height\":180,\"caption\":\"Suno Not\u00edcias\"},\"image\":{\"@id\":\"https:\/\/www.suno.com.br\/noticias\/#\/schema\/logo\/image\/\"},\"sameAs\":[\"https:\/\/facebook.com\/sunoresearch\",\"https:\/\/x.com\/sunoresearch\",\"https:\/\/www.instagram.com\/suno\",\"https:\/\/www.linkedin.com\/company\/suno-research\/\",\"https:\/\/www.youtube.com\/c\/sunoresearch\"]},{\"@type\":\"Person\",\"@id\":\"https:\/\/www.suno.com.br\/noticias\/#\/schema\/person\/fc144a1c6108bd1dcd43784e88a3c138\",\"name\":\"Renan Bandeira\",\"image\":{\"@type\":\"ImageObject\",\"inLanguage\":\"pt-BR\",\"@id\":\"https:\/\/www.suno.com.br\/noticias\/#\/schema\/person\/image\/\",\"url\":\"https:\/\/secure.gravatar.com\/avatar\/68359cdb608f14f11bbefcb78f3fc747?s=96&r=g\",\"contentUrl\":\"https:\/\/secure.gravatar.com\/avatar\/68359cdb608f14f11bbefcb78f3fc747?s=96&r=g\",\"caption\":\"Renan Bandeira\"},\"description\":\"Renan Bandeira escreve sobre pol\u00edtica e economia para o portal da Suno Research. Antes da Suno, trabalhou em uma rede de televis\u00e3o, onde fazia reportagens sobre os mesmos temas. Estuda na Universidade Metodista de S\u00e3o Paulo.\",\"url\":\"https:\/\/www.suno.com.br\/noticias\/author\/renan-bandeira\/\"}]}<\/script>\n<!-- \/ Yoast SEO plugin. -->","yoast_head_json":{"title":"Tarifas adicionais sobre bens dos EUA seguir\u00e3o suspensas, diz China","description":"Negocia\u00e7\u00f5es comerciais entre China e Estados Unidos tiveram uma nova rodada com fim na sexta-feira (29). Clique para saber mais.","robots":{"index":"index","follow":"follow","max-snippet":"max-snippet:-1","max-image-preview":"max-image-preview:large","max-video-preview":"max-video-preview:-1"},"canonical":"https:\/\/www.suno.com.br\/noticias\/tarifas-adicionais-eua-china\/","og_locale":"pt_BR","og_type":"article","og_title":"Tarifas adicionais sobre bens dos EUA seguir\u00e3o suspensas, diz China","og_description":"Negocia\u00e7\u00f5es comerciais entre China e Estados Unidos tiveram uma nova rodada com fim na sexta-feira (29). Clique para saber mais.","og_url":"https:\/\/www.suno.com.br\/noticias\/tarifas-adicionais-eua-china\/","og_site_name":"Suno Not\u00edcias","article_publisher":"https:\/\/facebook.com\/sunoresearch","og_image":[{"width":1024,"height":681,"url":"https:\/\/files.sunoresearch.com.br\/n\/uploads\/2019\/04\/35ea20c9-china-1024x681.jpg","type":"image\/jpeg"}],"author":"Renan Bandeira","twitter_card":"summary_large_image","twitter_creator":"@sunoresearch","twitter_site":"@sunoresearch","twitter_misc":{"Escrito por":"Renan Bandeira","Est. tempo de leitura":"2 minutos"},"schema":{"@context":"https:\/\/schema.org","@graph":[{"@type":"NewsArticle","@id":"https:\/\/www.suno.com.br\/noticias\/tarifas-adicionais-eua-china\/#article","isPartOf":{"@id":"https:\/\/www.suno.com.br\/noticias\/tarifas-adicionais-eua-china\/"},"author":{"name":"Renan Bandeira","@id":"https:\/\/www.suno.com.br\/noticias\/#\/schema\/person\/fc144a1c6108bd1dcd43784e88a3c138"},"headline":"Tarifas adicionais sobre bens dos EUA seguir\u00e3o suspensas, diz China","datePublished":"2019-04-01T11:32:29+00:00","dateModified":"2021-06-14T02:47:03+00:00","mainEntityOfPage":{"@id":"https:\/\/www.suno.com.br\/noticias\/tarifas-adicionais-eua-china\/"},"wordCount":386,"publisher":{"@id":"https:\/\/www.suno.com.br\/noticias\/#organization"},"image":{"@id":"https:\/\/www.suno.com.br\/noticias\/tarifas-adicionais-eua-china\/#primaryimage"},"thumbnailUrl":"https:\/\/files.sunoresearch.com.br\/n\/uploads\/2019\/04\/35ea20c9-china-scaled.webp","keywords":["China","Estados Unidos (EUA)","guerra comercial"],"articleSection":["Internacional"],"inLanguage":"pt-BR"},{"@type":"WebPage","@id":"https:\/\/www.suno.com.br\/noticias\/tarifas-adicionais-eua-china\/","url":"https:\/\/www.suno.com.br\/noticias\/tarifas-adicionais-eua-china\/","name":"Tarifas adicionais sobre bens dos EUA seguir\u00e3o suspensas, diz China","isPartOf":{"@id":"https:\/\/www.suno.com.br\/noticias\/#website"},"primaryImageOfPage":{"@id":"https:\/\/www.suno.com.br\/noticias\/tarifas-adicionais-eua-china\/#primaryimage"},"image":{"@id":"https:\/\/www.suno.com.br\/noticias\/tarifas-adicionais-eua-china\/#primaryimage"},"thumbnailUrl":"https:\/\/files.sunoresearch.com.br\/n\/uploads\/2019\/04\/35ea20c9-china-scaled.webp","datePublished":"2019-04-01T11:32:29+00:00","dateModified":"2021-06-14T02:47:03+00:00","description":"Negocia\u00e7\u00f5es comerciais entre China e Estados Unidos tiveram uma nova rodada com fim na sexta-feira (29). Clique para saber mais.","breadcrumb":{"@id":"https:\/\/www.suno.com.br\/noticias\/tarifas-adicionais-eua-china\/#breadcrumb"},"inLanguage":"pt-BR","potentialAction":[{"@type":"ReadAction","target":["https:\/\/www.suno.com.br\/noticias\/tarifas-adicionais-eua-china\/"]}]},{"@type":"ImageObject","inLanguage":"pt-BR","@id":"https:\/\/www.suno.com.br\/noticias\/tarifas-adicionais-eua-china\/#primaryimage","url":"https:\/\/files.sunoresearch.com.br\/n\/uploads\/2019\/04\/35ea20c9-china-scaled.webp","contentUrl":"https:\/\/files.sunoresearch.com.br\/n\/uploads\/2019\/04\/35ea20c9-china-scaled.webp","width":2560,"height":1703,"caption":"Tarifas adicionais sobre bens dos EUA seguir\u00e3o suspensas, diz China"},{"@type":"BreadcrumbList","@id":"https:\/\/www.suno.com.br\/noticias\/tarifas-adicionais-eua-china\/#breadcrumb","itemListElement":[{"@type":"ListItem","position":1,"name":"Not\u00edcias","item":"https:\/\/www.suno.com.br\/noticias\/"},{"@type":"ListItem","position":2,"name":"Internacional","item":"https:\/\/www.suno.com.br\/noticias\/internacional\/"},{"@type":"ListItem","position":3,"name":"Tarifas adicionais sobre bens dos EUA seguir\u00e3o suspensas, diz China"}]},{"@type":"WebSite","@id":"https:\/\/www.suno.com.br\/noticias\/#website","url":"https:\/\/www.suno.com.br\/noticias\/","name":"Suno Not\u00edcias","description":"Seu portal de informa\u00e7\u00e3o sobre o mundo dos investimentos","publisher":{"@id":"https:\/\/www.suno.com.br\/noticias\/#organization"},"potentialAction":[{"@type":"SearchAction","target":{"@type":"EntryPoint","urlTemplate":"https:\/\/www.suno.com.br\/noticias\/?s={search_term_string}"},"query-input":{"@type":"PropertyValueSpecification","valueRequired":true,"valueName":"search_term_string"}}],"inLanguage":"pt-BR"},{"@type":"Organization","@id":"https:\/\/www.suno.com.br\/noticias\/#organization","name":"Suno Not\u00edcias","url":"https:\/\/www.suno.com.br\/noticias\/","logo":{"@type":"ImageObject","inLanguage":"pt-BR","@id":"https:\/\/www.suno.com.br\/noticias\/#\/schema\/logo\/image\/","url":"https:\/\/files.sunoresearch.com.br\/n\/uploads\/2021\/09\/suno-logo.png","contentUrl":"https:\/\/files.sunoresearch.com.br\/n\/uploads\/2021\/09\/suno-logo.png","width":180,"height":180,"caption":"Suno Not\u00edcias"},"image":{"@id":"https:\/\/www.suno.com.br\/noticias\/#\/schema\/logo\/image\/"},"sameAs":["https:\/\/facebook.com\/sunoresearch","https:\/\/x.com\/sunoresearch","https:\/\/www.instagram.com\/suno","https:\/\/www.linkedin.com\/company\/suno-research\/","https:\/\/www.youtube.com\/c\/sunoresearch"]},{"@type":"Person","@id":"https:\/\/www.suno.com.br\/noticias\/#\/schema\/person\/fc144a1c6108bd1dcd43784e88a3c138","name":"Renan Bandeira","image":{"@type":"ImageObject","inLanguage":"pt-BR","@id":"https:\/\/www.suno.com.br\/noticias\/#\/schema\/person\/image\/","url":"https:\/\/secure.gravatar.com\/avatar\/68359cdb608f14f11bbefcb78f3fc747?s=96&r=g","contentUrl":"https:\/\/secure.gravatar.com\/avatar\/68359cdb608f14f11bbefcb78f3fc747?s=96&r=g","caption":"Renan Bandeira"},"description":"Renan Bandeira escreve sobre pol\u00edtica e economia para o portal da Suno Research. Antes da Suno, trabalhou em uma rede de televis\u00e3o, onde fazia reportagens sobre os mesmos temas. Estuda na Universidade Metodista de S\u00e3o Paulo.","url":"https:\/\/www.suno.com.br\/noticias\/author\/renan-bandeira\/"}]}},"default_loop_html":"<div class=\"cardsPage__listCard__boxs\"><div class=\"cardsPage__listCard__boxs__img\"><a href=\"https:\/\/www.suno.com.br\/noticias\/tarifas-adicionais-eua-china\/\"><img class=\"mask\" src=\"https:\/\/www.suno.com.br\/noticias\/wp-content\/themes\/suno\/resources\/images\/spotlight\/spotlight1img\/bg-mask.png\" alt=\"Image Mask\"\/><img src=\"https:\/\/files.sunoresearch.com.br\/n\/uploads\/2019\/04\/35ea20c9-china-400x200.webp\" alt=\"Tarifas adicionais sobre bens dos EUA seguir\u00e3o suspensas, diz China\"\/><\/a><span class=\"spotlightCategory\"><a href=\"https:\/\/www.suno.com.br\/noticias\/internacional\/\">Internacional<\/a><\/span><\/div><div class=\"cardsPage__listCard__boxs__content\"><a href=\"https:\/\/www.suno.com.br\/noticias\/tarifas-adicionais-eua-china\/\"><h2 class=\"content__title\">Tarifas adicionais sobre bens dos EUA seguir\u00e3o suspensas, diz China<\/h2><\/a><div class=\"newsContent__article__meta\"><div class=\"newsContent__article__meta__authorBox\"><a href=\"https:\/\/www.suno.com.br\/noticias\/author\/renan-bandeira\/\" class=\"authorBox__avatar noMobi\"><img src=\"https:\/\/secure.gravatar.com\/avatar\/68359cdb608f14f11bbefcb78f3fc747?s=96&#038;r=g\" alt=\"Renan Bandeira\"><\/a><div class=\"authorBox__name\"><span>por\n\t\t\t<a href=\"https:\/\/www.suno.com.br\/noticias\/author\/renan-bandeira\/\"><span itemprop=\"author\">Renan Bandeira<\/span><\/a><\/span><time datetime=\"2019-04-01T08:32:29-03:00\" itemprop=\"datePublished\">01\/04\/2019 08:32<\/time><\/div><\/div><\/div><\/div><\/div>","single_layout":"posts","amp_enabled":true,"_links":{"self":[{"href":"https:\/\/www.suno.com.br\/noticias\/wp-json\/wp\/v2\/posts\/19598"}],"collection":[{"href":"https:\/\/www.suno.com.br\/noticias\/wp-json\/wp\/v2\/posts"}],"about":[{"href":"https:\/\/www.suno.com.br\/noticias\/wp-json\/wp\/v2\/types\/post"}],"author":[{"embeddable":true,"href":"https:\/\/www.suno.com.br\/noticias\/wp-json\/wp\/v2\/users\/11"}],"replies":[{"embeddable":true,"href":"https:\/\/www.suno.com.br\/noticias\/wp-json\/wp\/v2\/comments?post=19598"}],"version-history":[{"count":1,"href":"https:\/\/www.suno.com.br\/noticias\/wp-json\/wp\/v2\/posts\/19598\/revisions"}],"predecessor-version":[{"id":157435,"href":"https:\/\/www.suno.com.br\/noticias\/wp-json\/wp\/v2\/posts\/19598\/revisions\/157435"}],"wp:featuredmedia":[{"embeddable":true,"href":"https:\/\/www.suno.com.br\/noticias\/wp-json\/wp\/v2\/media\/19599"}],"wp:attachment":[{"href":"https:\/\/www.suno.com.br\/noticias\/wp-json\/wp\/v2\/media?parent=19598"}],"wp:term":[{"taxonomy":"category","embeddable":true,"href":"https:\/\/www.suno.com.br\/noticias\/wp-json\/wp\/v2\/categories?post=19598"},{"taxonomy":"post_tag","embeddable":true,"href":"https:\/\/www.suno.com.br\/noticias\/wp-json\/wp\/v2\/tags?post=19598"},{"taxonomy":"suno_strategy","embeddable":true,"href":"https:\/\/www.suno.com.br\/noticias\/wp-json\/wp\/v2\/suno_strategy?post=19598"}],"curies":[{"name":"wp","href":"https:\/\/api.w.org\/{rel}","templated":true}]}}