{"id":195963,"date":"2021-10-21T15:37:05","date_gmt":"2021-10-21T18:37:05","guid":{"rendered":"https:\/\/www.suno.com.br\/noticias\/?p=195963"},"modified":"2021-10-21T15:37:05","modified_gmt":"2021-10-21T18:37:05","slug":"ninguem-esta-furando-teto-bolsonaro-proposta-auxilio","status":"publish","type":"post","link":"https:\/\/www.suno.com.br\/noticias\/ninguem-esta-furando-teto-bolsonaro-proposta-auxilio\/","title":{"rendered":"&#8216;Ningu\u00e9m est\u00e1 furando teto, n\u00e3o&#8217;, afirma Bolsonaro ap\u00f3s proposta que estoura o teto de gastos"},"content":{"rendered":"<p>Em defesa do programa do Aux\u00edlio Brasil, o presidente Jair Bolsonaro (sem partido) negou a poss\u00edvel irresponsabilidade fiscal do Planalto. Ningu\u00e9m est\u00e1 furando o <strong>teto<\/strong>, n\u00e3o&#8221;, afirmou em cerim\u00f4nia de inaugura\u00e7\u00e3o de obra do Projeto de Integra\u00e7\u00e3o do Rio S\u00e3o Francisco, no interior da Para\u00edba.<\/p>\t<div class=\"wrapper-featured-image\">\n\t\t<figure class=\"spotlightImg\">\n\n\t\t\t<picture>\n\t\t\t\t<source media=\"(max-width: 768px)\" srcset=\"https:\/\/files.sunoresearch.com.br\/n\/uploads\/2021\/03\/492ba11e-jair-bolsonaro-foto-alan-santos-pr-2-400x200.webp\">\n\t\t\t\t<img loading=\"lazy\" decoding=\"async\" class=\"newsContent__article__imgCapa lazyloadDisabled \" src=\"https:\/\/files.sunoresearch.com.br\/n\/uploads\/2021\/03\/492ba11e-jair-bolsonaro-foto-alan-santos-pr-2-800x450.webp\" width=\"800\" height=\"450\" alt=\"&#8216;Ningu\u00e9m est\u00e1 furando teto, n\u00e3o&#8217;, afirma Bolsonaro ap\u00f3s proposta que estoura o teto de gastos\" fetchpriority=high \/>\n\t\t\t<\/picture>\n\n\t\t\t<figcaption class=\"wp-caption-text wp-caption-text--show\">Teto de gastos foi motivo de quedas intensas da bolsa nos \u00faltimos dias - Foto: Alan Santos PR<\/figcaption>\n\t\t<\/figure>\n\t<\/div>\n\n\n\t<p>\n\t\t<a href=\"https:\/\/lp.suno.com.br\/planilha-controle-gastos\/\" target=\"_blank\" data-element=\"shortcode-suno-banner\" title=\"Banner SUNO, clique e saiba mais\">\n\t\t\t<picture>\n\t\t\t\t<source media=\"(max-width: 500px)\" srcset=\"https:\/\/files.sunoresearch.com.br\/n\/uploads\/2023\/03\/400x300-Planilha-controle-de-gastos.png\">\n\t\t\t\t<img class=\"newsContent__article__imgCapa newsContent__article__imgCapa--banner\"\n\t\t\t\t\tsrc=\"https:\/\/files.sunoresearch.com.br\/n\/uploads\/2023\/03\/1420x240-Planilha-controle-de-gastos.png\"\n\t\t\t\t\tdata-promo-id=\"101751\"\t\t\t\t\t\t\t\t\t\twidth='1420' height='240'\t\t\t\t\talt=\"https:\/\/files.sunoresearch.com.br\/n\/uploads\/2023\/03\/1420x240-Planilha-controle-de-gastos.png\"\n\t\t\t\t>\n\t\t\t<\/picture>\n\t\t<\/a>\n\t<\/p>\n\n\n<p>O teto tem sido o motivo de derrocada do <strong>Ibovespa<\/strong> nos \u00faltimos dias, com possibilidade de ser estourado com a proposta de pagar o valor m\u00e9dio de R$ 400 aos benefici\u00e1rios do <strong>Aux\u00edlio<\/strong> <strong>Brasil<\/strong>, programa de transfer\u00eancia de renda que deve substituir o Bolsa Fam\u00edlia.<\/p>\n<p>Nesta quarta (20), <a class=\"suno-keyword\" href=\"https:\/\/www.suno.com.br\/tudo-sobre\/paulo-guedes\/\" target=\"_blank\" rel=\"noopener\" data-force=\"no\" data-priority=\"2\"><strong>Paulo<\/strong> <strong>Guedes<\/strong><\/a> admitiu a necessidade de uma &#8220;licen\u00e7a para gastar&#8221; pelo menos R$ 30 bilh\u00f5es acima do teto para bancar o benef\u00edcio, o que provocou forte rea\u00e7\u00e3o do mercado, com <a class=\"suno-keyword\" href=\"https:\/\/www.suno.com.br\/artigos\/alta-do-dolar\/\" target=\"_blank\" rel=\"noopener\" data-force=\"no\" data-priority=\"1\">alta do d\u00f3lar<\/a> e queda na Bolsa.<\/p>\n\t<div data-element=\"shortcode-read-more\" class=\"knowMore\">\n\t\t\t\t<span class=\"knowMore__title\">Leia mais<\/span>\n\t\t\t\t<a class=\"knowMore__link\" href=\"https:\/\/www.suno.com.br\/noticias\/ibovespa-hoje-21102021\/\">\n\t\t\tIbovespa trope\u00e7a em risco fiscal e desaba 2,75%; GetNet (GETT11) derrete 20%\t\t<\/a>\n\t<\/div>\n\n\n<p>O chefe do Executivo atribuiu o desenho da proposta a uma suposta sensibilidade do governo em rela\u00e7\u00e3o aos mais pobres.<\/p>\n<p>Lembrando que o aux\u00edlio emergencial est\u00e1 perto do fim, o presidente disse se preocupar com o fato de o valor m\u00e9dio do Bolsa Fam\u00edlia ser de R$ 192.<\/p>\n\t<p>\n\t\t<a href=\"https:\/\/lp.suno.com.br\/planilha-da-vida-financeira\/\" target=\"_blank\" data-element=\"shortcode-suno-banner\" title=\"Banner SUNO, clique e saiba mais\">\n\t\t\t<picture>\n\t\t\t\t<source media=\"(max-width: 500px)\" srcset=\"https:\/\/files.sunoresearch.com.br\/n\/uploads\/2023\/04\/400x300-Planilha-vida-financeira-true.png\">\n\t\t\t\t<img class=\"newsContent__article__imgCapa newsContent__article__imgCapa--banner\"\n\t\t\t\t\tsrc=\"https:\/\/files.sunoresearch.com.br\/n\/uploads\/2023\/04\/1420x240-Planilha-vida-financeira-true.png\"\n\t\t\t\t\tdata-promo-id=\"106682\"\t\t\t\t\t\t\t\t\t\twidth='1420' height='240'\t\t\t\t\talt=\"https:\/\/files.sunoresearch.com.br\/n\/uploads\/2023\/04\/1420x240-Planilha-vida-financeira-true.png\"\n\t\t\t\t>\n\t\t\t<\/picture>\n\t\t<\/a>\n\t<\/p>\n\n\n<p>&#8220;Muita gente ganha o t\u00edquete de R$ 40, R$ 50, R$ 60. Decidimos passar para o m\u00ednimo de R$ 400, tudo isso com responsabilidade&#8221;, afirmou. &#8220;At\u00e9 hoje nos acusam de insensibilidade, mas n\u00f3s gastamos com o aux\u00edlio emergencial do ano passado o equivalente a 13 anos do Bolsa Fam\u00edlia&#8221;, completou.<\/p>\n<h2>Al\u00e9m do teto, Bolsonaro fala sobre infla\u00e7\u00e3o e sobre menores danos no p\u00f3s pandemia<\/h2>\n<p>O presidente admitiu que o Pa\u00eds passa por um momento dif\u00edcil na <strong>Economia<\/strong>, mas afirmou que, em compara\u00e7\u00e3o com o resto do mundo, o Brasil \u00e9 o que menos sofre no &#8220;p\u00f3s-pandemia&#8221;. Este suposto bom desempenho, segundo ele, se deve \u00e0 sua resist\u00eancia \u00e0 ado\u00e7\u00e3o de <em>lockdown<\/em> e medidas restritivas. &#8220;Talvez eu tenha sido o \u00fanico chefe do mundo que assumiu uma posi\u00e7\u00e3o. N\u00e3o fiquei do lado mais c\u00f4modo, mais f\u00e1cil, apoiando lockdown e deixando a economia para depois.&#8221;<\/p>\n\t<p>\n\t\t<a href=\"https:\/\/lp.suno.com.br\/ebook-como-analisar-uma-acao\/\" target=\"_blank\" data-element=\"shortcode-suno-banner\" title=\"Banner SUNO, clique e saiba mais\">\n\t\t\t<picture>\n\t\t\t\t<source media=\"(max-width: 500px)\" srcset=\"https:\/\/files.sunoresearch.com.br\/n\/uploads\/2023\/03\/Ebook-Acoes-Mobile-1.jpg\">\n\t\t\t\t<img class=\"newsContent__article__imgCapa newsContent__article__imgCapa--banner\"\n\t\t\t\t\tsrc=\"https:\/\/files.sunoresearch.com.br\/n\/uploads\/2023\/03\/Ebook-Acoes-Desktop-1.jpg\"\n\t\t\t\t\tdata-promo-id=\"171998\"\t\t\t\t\t\t\t\t\t\twidth='1420' height='286'\t\t\t\t\talt=\"https:\/\/files.sunoresearch.com.br\/n\/uploads\/2023\/03\/Ebook-Acoes-Desktop-1.jpg\"\n\t\t\t\t>\n\t\t\t<\/picture>\n\t\t<\/a>\n\t<\/p>\n\n\n<p>Al\u00e9m do coment\u00e1rio sobre o <strong>teto<\/strong>, Bolsonaro tamb\u00e9m rebateu cr\u00edticas sobre os efeitos da infla\u00e7\u00e3o, colocando na conta dos governadores o aumento dos pre\u00e7os dos combust\u00edveis e alimentos. &#8220;Desde quando assumi meu governo, o <a class=\"suno-keyword\" href=\"https:\/\/www.suno.com.br\/artigos\/valor-nominal\/\" target=\"_blank\" rel=\"noopener\" data-force=\"no\" data-priority=\"1\">valor nominal<\/a> do imposto federal tem se mantido inalterado. Sei do pre\u00e7o dos combust\u00edveis, do g\u00e1s, dos alimentos. O pessoal reclama com raz\u00e3o, mas, por favor, veja quem est\u00e1 metendo a m\u00e3o no seu bolso, se \u00e9 o governo federal ou estadual.&#8221;<\/p>\n<p><em>Com informa\u00e7\u00f5es do Estad\u00e3o Conte\u00fado<\/em><\/p>\n\t<p>\n\t\t<a href=\"https:\/\/lp.suno.com.br\/planilha-de-controle-de-investimentos\/\" target=\"_blank\" data-element=\"shortcode-suno-banner\" title=\"Banner SUNO, clique e saiba mais\">\n\t\t\t<picture>\n\t\t\t\t<source media=\"(max-width: 500px)\" srcset=\"https:\/\/files.sunoresearch.com.br\/n\/uploads\/2023\/03\/400x300-Controle-de-Investimentos.png\">\n\t\t\t\t<img class=\"newsContent__article__imgCapa newsContent__article__imgCapa--banner\"\n\t\t\t\t\tsrc=\"https:\/\/files.sunoresearch.com.br\/n\/uploads\/2023\/03\/1420x240-Controle-de-Investimentos.png\"\n\t\t\t\t\tdata-promo-id=\"75934\"\t\t\t\t\t\t\t\t\t\twidth='1420' height='240'\t\t\t\t\talt=\"https:\/\/files.sunoresearch.com.br\/n\/uploads\/2023\/03\/1420x240-Controle-de-Investimentos.png\"\n\t\t\t\t>\n\t\t\t<\/picture>\n\t\t<\/a>\n\t<\/p>\n\n\n","protected":false},"excerpt":{"rendered":"<p>Em defesa do programa do Aux\u00edlio Brasil, o presidente Jair Bolsonaro (sem partido) negou a poss\u00edvel irresponsabilidade fiscal do Planalto. Ningu\u00e9m est\u00e1 furando o teto, n\u00e3o&#8221;, afirmou em cerim\u00f4nia de inaugura\u00e7\u00e3o de obra do Projeto de Integra\u00e7\u00e3o do Rio S\u00e3o Francisco, no interior da Para\u00edba. Teto de gastos foi motivo de quedas intensas da bolsa [&hellip;]<\/p>\n","protected":false},"author":73,"featured_media":130354,"comment_status":"closed","ping_status":"closed","sticky":false,"template":"","format":"standard","meta":[],"categories":[62],"tags":[106444,719,83329],"suno_strategy":[],"class_list":["post-195963","post","type-post","status-publish","format-standard","has-post-thumbnail","hentry","category-economia","tag-agencias","tag-jair-bolsonaro","tag-teto-de-gastos"],"yoast_head":"<!-- This site is optimized with the Yoast SEO plugin v24.4 - https:\/\/yoast.com\/wordpress\/plugins\/seo\/ -->\n<title>&#039;Ningu\u00e9m est\u00e1 furando teto, n\u00e3o&#039;, diz Bolsonaro ap\u00f3s proposta fora do teto<\/title>\n<meta name=\"description\" content=\"O teto tem sido o motivo de derrocada do Ibovespa nos \u00faltimos dias, com possibilidades de ser estourado com o novo Aux\u00edlio Brasil. Leia mais.\" \/>\n<meta name=\"robots\" content=\"index, follow, max-snippet:-1, max-image-preview:large, max-video-preview:-1\" \/>\n<link rel=\"canonical\" href=\"https:\/\/www.suno.com.br\/noticias\/ninguem-esta-furando-teto-bolsonaro-proposta-auxilio\/\" \/>\n<meta property=\"og:locale\" content=\"pt_BR\" \/>\n<meta property=\"og:type\" content=\"article\" \/>\n<meta property=\"og:title\" content=\"&#039;Ningu\u00e9m est\u00e1 furando teto, n\u00e3o&#039;, diz Bolsonaro ap\u00f3s proposta fora do teto\" \/>\n<meta property=\"og:description\" content=\"O teto tem sido o motivo de derrocada do Ibovespa nos \u00faltimos dias, com possibilidades de ser estourado com o novo Aux\u00edlio Brasil. Leia mais.\" \/>\n<meta property=\"og:url\" content=\"https:\/\/www.suno.com.br\/noticias\/ninguem-esta-furando-teto-bolsonaro-proposta-auxilio\/\" \/>\n<meta property=\"og:site_name\" content=\"Suno Not\u00edcias\" \/>\n<meta property=\"article:publisher\" content=\"https:\/\/facebook.com\/sunoresearch\" \/>\n<meta property=\"og:image\" content=\"https:\/\/files.sunoresearch.com.br\/n\/uploads\/2021\/03\/492ba11e-jair-bolsonaro-foto-alan-santos-pr-2.jpg\" \/>\n\t<meta property=\"og:image:width\" content=\"1200\" \/>\n\t<meta property=\"og:image:height\" content=\"800\" \/>\n\t<meta property=\"og:image:type\" content=\"image\/jpeg\" \/>\n<meta name=\"author\" content=\"Eduardo Vargas\" \/>\n<meta name=\"twitter:card\" content=\"summary_large_image\" \/>\n<meta name=\"twitter:creator\" content=\"@sunoresearch\" \/>\n<meta name=\"twitter:site\" content=\"@sunoresearch\" \/>\n<meta name=\"twitter:label1\" content=\"Escrito por\" \/>\n\t<meta name=\"twitter:data1\" content=\"Eduardo Vargas\" \/>\n\t<meta name=\"twitter:label2\" content=\"Est. tempo de leitura\" \/>\n\t<meta name=\"twitter:data2\" content=\"2 minutos\" \/>\n<script type=\"application\/ld+json\" class=\"yoast-schema-graph\">{\"@context\":\"https:\/\/schema.org\",\"@graph\":[{\"@type\":\"NewsArticle\",\"@id\":\"https:\/\/www.suno.com.br\/noticias\/ninguem-esta-furando-teto-bolsonaro-proposta-auxilio\/#article\",\"isPartOf\":{\"@id\":\"https:\/\/www.suno.com.br\/noticias\/ninguem-esta-furando-teto-bolsonaro-proposta-auxilio\/\"},\"author\":{\"name\":\"Eduardo Vargas\",\"@id\":\"https:\/\/www.suno.com.br\/noticias\/#\/schema\/person\/7f4d362bf3518e76090143ae77bb49a5\"},\"headline\":\"&#8216;Ningu\u00e9m est\u00e1 furando teto, n\u00e3o&#8217;, afirma Bolsonaro ap\u00f3s proposta que estoura o teto de gastos\",\"datePublished\":\"2021-10-21T18:37:05+00:00\",\"mainEntityOfPage\":{\"@id\":\"https:\/\/www.suno.com.br\/noticias\/ninguem-esta-furando-teto-bolsonaro-proposta-auxilio\/\"},\"wordCount\":482,\"publisher\":{\"@id\":\"https:\/\/www.suno.com.br\/noticias\/#organization\"},\"image\":{\"@id\":\"https:\/\/www.suno.com.br\/noticias\/ninguem-esta-furando-teto-bolsonaro-proposta-auxilio\/#primaryimage\"},\"thumbnailUrl\":\"https:\/\/files.sunoresearch.com.br\/n\/uploads\/2021\/03\/492ba11e-jair-bolsonaro-foto-alan-santos-pr-2-jpg.webp\",\"keywords\":[\"Ag\u00eancias\",\"Jair Bolsonaro\",\"teto de gastos\"],\"articleSection\":[\"Economia\"],\"inLanguage\":\"pt-BR\"},{\"@type\":\"WebPage\",\"@id\":\"https:\/\/www.suno.com.br\/noticias\/ninguem-esta-furando-teto-bolsonaro-proposta-auxilio\/\",\"url\":\"https:\/\/www.suno.com.br\/noticias\/ninguem-esta-furando-teto-bolsonaro-proposta-auxilio\/\",\"name\":\"'Ningu\u00e9m est\u00e1 furando teto, n\u00e3o', diz Bolsonaro ap\u00f3s proposta fora do teto\",\"isPartOf\":{\"@id\":\"https:\/\/www.suno.com.br\/noticias\/#website\"},\"primaryImageOfPage\":{\"@id\":\"https:\/\/www.suno.com.br\/noticias\/ninguem-esta-furando-teto-bolsonaro-proposta-auxilio\/#primaryimage\"},\"image\":{\"@id\":\"https:\/\/www.suno.com.br\/noticias\/ninguem-esta-furando-teto-bolsonaro-proposta-auxilio\/#primaryimage\"},\"thumbnailUrl\":\"https:\/\/files.sunoresearch.com.br\/n\/uploads\/2021\/03\/492ba11e-jair-bolsonaro-foto-alan-santos-pr-2-jpg.webp\",\"datePublished\":\"2021-10-21T18:37:05+00:00\",\"description\":\"O teto tem sido o motivo de derrocada do Ibovespa nos \u00faltimos dias, com possibilidades de ser estourado com o novo Aux\u00edlio Brasil. Leia mais.\",\"breadcrumb\":{\"@id\":\"https:\/\/www.suno.com.br\/noticias\/ninguem-esta-furando-teto-bolsonaro-proposta-auxilio\/#breadcrumb\"},\"inLanguage\":\"pt-BR\",\"potentialAction\":[{\"@type\":\"ReadAction\",\"target\":[\"https:\/\/www.suno.com.br\/noticias\/ninguem-esta-furando-teto-bolsonaro-proposta-auxilio\/\"]}]},{\"@type\":\"ImageObject\",\"inLanguage\":\"pt-BR\",\"@id\":\"https:\/\/www.suno.com.br\/noticias\/ninguem-esta-furando-teto-bolsonaro-proposta-auxilio\/#primaryimage\",\"url\":\"https:\/\/files.sunoresearch.com.br\/n\/uploads\/2021\/03\/492ba11e-jair-bolsonaro-foto-alan-santos-pr-2-jpg.webp\",\"contentUrl\":\"https:\/\/files.sunoresearch.com.br\/n\/uploads\/2021\/03\/492ba11e-jair-bolsonaro-foto-alan-santos-pr-2-jpg.webp\",\"width\":1200,\"height\":800,\"caption\":\"Teto de gastos foi motivo de quedas intensas da bolsa nos \u00faltimos dias - Foto: Alan Santos PR\"},{\"@type\":\"BreadcrumbList\",\"@id\":\"https:\/\/www.suno.com.br\/noticias\/ninguem-esta-furando-teto-bolsonaro-proposta-auxilio\/#breadcrumb\",\"itemListElement\":[{\"@type\":\"ListItem\",\"position\":1,\"name\":\"Not\u00edcias\",\"item\":\"https:\/\/www.suno.com.br\/noticias\/\"},{\"@type\":\"ListItem\",\"position\":2,\"name\":\"Economia\",\"item\":\"https:\/\/www.suno.com.br\/noticias\/economia\/\"},{\"@type\":\"ListItem\",\"position\":3,\"name\":\"&#8216;Ningu\u00e9m est\u00e1 furando teto, n\u00e3o&#8217;, afirma Bolsonaro ap\u00f3s proposta que estoura o teto de gastos\"}]},{\"@type\":\"WebSite\",\"@id\":\"https:\/\/www.suno.com.br\/noticias\/#website\",\"url\":\"https:\/\/www.suno.com.br\/noticias\/\",\"name\":\"Suno Not\u00edcias\",\"description\":\"Seu portal de informa\u00e7\u00e3o sobre o mundo dos investimentos\",\"publisher\":{\"@id\":\"https:\/\/www.suno.com.br\/noticias\/#organization\"},\"potentialAction\":[{\"@type\":\"SearchAction\",\"target\":{\"@type\":\"EntryPoint\",\"urlTemplate\":\"https:\/\/www.suno.com.br\/noticias\/?s={search_term_string}\"},\"query-input\":{\"@type\":\"PropertyValueSpecification\",\"valueRequired\":true,\"valueName\":\"search_term_string\"}}],\"inLanguage\":\"pt-BR\"},{\"@type\":\"Organization\",\"@id\":\"https:\/\/www.suno.com.br\/noticias\/#organization\",\"name\":\"Suno Not\u00edcias\",\"url\":\"https:\/\/www.suno.com.br\/noticias\/\",\"logo\":{\"@type\":\"ImageObject\",\"inLanguage\":\"pt-BR\",\"@id\":\"https:\/\/www.suno.com.br\/noticias\/#\/schema\/logo\/image\/\",\"url\":\"https:\/\/files.sunoresearch.com.br\/n\/uploads\/2021\/09\/suno-logo.png\",\"contentUrl\":\"https:\/\/files.sunoresearch.com.br\/n\/uploads\/2021\/09\/suno-logo.png\",\"width\":180,\"height\":180,\"caption\":\"Suno Not\u00edcias\"},\"image\":{\"@id\":\"https:\/\/www.suno.com.br\/noticias\/#\/schema\/logo\/image\/\"},\"sameAs\":[\"https:\/\/facebook.com\/sunoresearch\",\"https:\/\/x.com\/sunoresearch\",\"https:\/\/www.instagram.com\/suno\",\"https:\/\/www.linkedin.com\/company\/suno-research\/\",\"https:\/\/www.youtube.com\/c\/sunoresearch\"]},{\"@type\":\"Person\",\"@id\":\"https:\/\/www.suno.com.br\/noticias\/#\/schema\/person\/7f4d362bf3518e76090143ae77bb49a5\",\"name\":\"Eduardo Vargas\",\"image\":{\"@type\":\"ImageObject\",\"inLanguage\":\"pt-BR\",\"@id\":\"https:\/\/www.suno.com.br\/noticias\/#\/schema\/person\/image\/\",\"url\":\"https:\/\/secure.gravatar.com\/avatar\/dac340933427a22924c9f99d1eb2e3f2?s=96&r=g\",\"contentUrl\":\"https:\/\/secure.gravatar.com\/avatar\/dac340933427a22924c9f99d1eb2e3f2?s=96&r=g\",\"caption\":\"Eduardo Vargas\"},\"description\":\"Jornalista formado pela UFSC, cobre macroeconomia, neg\u00f3cios e startups para o Suno Not\u00edcias, escrevendo principalmente not\u00edcias sobre o mercado financeiro e a bolsa de valores. No YouTube e no Instagram, \u00e9 respons\u00e1vel pela produ\u00e7\u00e3o de Reels e Shorts do Suno Not\u00edcias. Anteriormente, trabalhou cobrindo economia e cotidiano no ND+ e para o ND, maior jornal impresso de Santa Catarina. Cursou um semestre letivo de Estudos de M\u00eddia na Universidad de Buenos Aires.\",\"url\":\"https:\/\/www.suno.com.br\/noticias\/author\/eduardo-vargas\/\"}]}<\/script>\n<!-- \/ Yoast SEO plugin. -->","yoast_head_json":{"title":"'Ningu\u00e9m est\u00e1 furando teto, n\u00e3o', diz Bolsonaro ap\u00f3s proposta fora do teto","description":"O teto tem sido o motivo de derrocada do Ibovespa nos \u00faltimos dias, com possibilidades de ser estourado com o novo Aux\u00edlio Brasil. Leia mais.","robots":{"index":"index","follow":"follow","max-snippet":"max-snippet:-1","max-image-preview":"max-image-preview:large","max-video-preview":"max-video-preview:-1"},"canonical":"https:\/\/www.suno.com.br\/noticias\/ninguem-esta-furando-teto-bolsonaro-proposta-auxilio\/","og_locale":"pt_BR","og_type":"article","og_title":"'Ningu\u00e9m est\u00e1 furando teto, n\u00e3o', diz Bolsonaro ap\u00f3s proposta fora do teto","og_description":"O teto tem sido o motivo de derrocada do Ibovespa nos \u00faltimos dias, com possibilidades de ser estourado com o novo Aux\u00edlio Brasil. Leia mais.","og_url":"https:\/\/www.suno.com.br\/noticias\/ninguem-esta-furando-teto-bolsonaro-proposta-auxilio\/","og_site_name":"Suno Not\u00edcias","article_publisher":"https:\/\/facebook.com\/sunoresearch","og_image":[{"width":1200,"height":800,"url":"https:\/\/files.sunoresearch.com.br\/n\/uploads\/2021\/03\/492ba11e-jair-bolsonaro-foto-alan-santos-pr-2.jpg","type":"image\/jpeg"}],"author":"Eduardo Vargas","twitter_card":"summary_large_image","twitter_creator":"@sunoresearch","twitter_site":"@sunoresearch","twitter_misc":{"Escrito por":"Eduardo Vargas","Est. tempo de leitura":"2 minutos"},"schema":{"@context":"https:\/\/schema.org","@graph":[{"@type":"NewsArticle","@id":"https:\/\/www.suno.com.br\/noticias\/ninguem-esta-furando-teto-bolsonaro-proposta-auxilio\/#article","isPartOf":{"@id":"https:\/\/www.suno.com.br\/noticias\/ninguem-esta-furando-teto-bolsonaro-proposta-auxilio\/"},"author":{"name":"Eduardo Vargas","@id":"https:\/\/www.suno.com.br\/noticias\/#\/schema\/person\/7f4d362bf3518e76090143ae77bb49a5"},"headline":"&#8216;Ningu\u00e9m est\u00e1 furando teto, n\u00e3o&#8217;, afirma Bolsonaro ap\u00f3s proposta que estoura o teto de gastos","datePublished":"2021-10-21T18:37:05+00:00","mainEntityOfPage":{"@id":"https:\/\/www.suno.com.br\/noticias\/ninguem-esta-furando-teto-bolsonaro-proposta-auxilio\/"},"wordCount":482,"publisher":{"@id":"https:\/\/www.suno.com.br\/noticias\/#organization"},"image":{"@id":"https:\/\/www.suno.com.br\/noticias\/ninguem-esta-furando-teto-bolsonaro-proposta-auxilio\/#primaryimage"},"thumbnailUrl":"https:\/\/files.sunoresearch.com.br\/n\/uploads\/2021\/03\/492ba11e-jair-bolsonaro-foto-alan-santos-pr-2-jpg.webp","keywords":["Ag\u00eancias","Jair Bolsonaro","teto de gastos"],"articleSection":["Economia"],"inLanguage":"pt-BR"},{"@type":"WebPage","@id":"https:\/\/www.suno.com.br\/noticias\/ninguem-esta-furando-teto-bolsonaro-proposta-auxilio\/","url":"https:\/\/www.suno.com.br\/noticias\/ninguem-esta-furando-teto-bolsonaro-proposta-auxilio\/","name":"'Ningu\u00e9m est\u00e1 furando teto, n\u00e3o', diz Bolsonaro ap\u00f3s proposta fora do teto","isPartOf":{"@id":"https:\/\/www.suno.com.br\/noticias\/#website"},"primaryImageOfPage":{"@id":"https:\/\/www.suno.com.br\/noticias\/ninguem-esta-furando-teto-bolsonaro-proposta-auxilio\/#primaryimage"},"image":{"@id":"https:\/\/www.suno.com.br\/noticias\/ninguem-esta-furando-teto-bolsonaro-proposta-auxilio\/#primaryimage"},"thumbnailUrl":"https:\/\/files.sunoresearch.com.br\/n\/uploads\/2021\/03\/492ba11e-jair-bolsonaro-foto-alan-santos-pr-2-jpg.webp","datePublished":"2021-10-21T18:37:05+00:00","description":"O teto tem sido o motivo de derrocada do Ibovespa nos \u00faltimos dias, com possibilidades de ser estourado com o novo Aux\u00edlio Brasil. Leia mais.","breadcrumb":{"@id":"https:\/\/www.suno.com.br\/noticias\/ninguem-esta-furando-teto-bolsonaro-proposta-auxilio\/#breadcrumb"},"inLanguage":"pt-BR","potentialAction":[{"@type":"ReadAction","target":["https:\/\/www.suno.com.br\/noticias\/ninguem-esta-furando-teto-bolsonaro-proposta-auxilio\/"]}]},{"@type":"ImageObject","inLanguage":"pt-BR","@id":"https:\/\/www.suno.com.br\/noticias\/ninguem-esta-furando-teto-bolsonaro-proposta-auxilio\/#primaryimage","url":"https:\/\/files.sunoresearch.com.br\/n\/uploads\/2021\/03\/492ba11e-jair-bolsonaro-foto-alan-santos-pr-2-jpg.webp","contentUrl":"https:\/\/files.sunoresearch.com.br\/n\/uploads\/2021\/03\/492ba11e-jair-bolsonaro-foto-alan-santos-pr-2-jpg.webp","width":1200,"height":800,"caption":"Teto de gastos foi motivo de quedas intensas da bolsa nos \u00faltimos dias - Foto: Alan Santos PR"},{"@type":"BreadcrumbList","@id":"https:\/\/www.suno.com.br\/noticias\/ninguem-esta-furando-teto-bolsonaro-proposta-auxilio\/#breadcrumb","itemListElement":[{"@type":"ListItem","position":1,"name":"Not\u00edcias","item":"https:\/\/www.suno.com.br\/noticias\/"},{"@type":"ListItem","position":2,"name":"Economia","item":"https:\/\/www.suno.com.br\/noticias\/economia\/"},{"@type":"ListItem","position":3,"name":"&#8216;Ningu\u00e9m est\u00e1 furando teto, n\u00e3o&#8217;, afirma Bolsonaro ap\u00f3s proposta que estoura o teto de gastos"}]},{"@type":"WebSite","@id":"https:\/\/www.suno.com.br\/noticias\/#website","url":"https:\/\/www.suno.com.br\/noticias\/","name":"Suno Not\u00edcias","description":"Seu portal de informa\u00e7\u00e3o sobre o mundo dos investimentos","publisher":{"@id":"https:\/\/www.suno.com.br\/noticias\/#organization"},"potentialAction":[{"@type":"SearchAction","target":{"@type":"EntryPoint","urlTemplate":"https:\/\/www.suno.com.br\/noticias\/?s={search_term_string}"},"query-input":{"@type":"PropertyValueSpecification","valueRequired":true,"valueName":"search_term_string"}}],"inLanguage":"pt-BR"},{"@type":"Organization","@id":"https:\/\/www.suno.com.br\/noticias\/#organization","name":"Suno Not\u00edcias","url":"https:\/\/www.suno.com.br\/noticias\/","logo":{"@type":"ImageObject","inLanguage":"pt-BR","@id":"https:\/\/www.suno.com.br\/noticias\/#\/schema\/logo\/image\/","url":"https:\/\/files.sunoresearch.com.br\/n\/uploads\/2021\/09\/suno-logo.png","contentUrl":"https:\/\/files.sunoresearch.com.br\/n\/uploads\/2021\/09\/suno-logo.png","width":180,"height":180,"caption":"Suno Not\u00edcias"},"image":{"@id":"https:\/\/www.suno.com.br\/noticias\/#\/schema\/logo\/image\/"},"sameAs":["https:\/\/facebook.com\/sunoresearch","https:\/\/x.com\/sunoresearch","https:\/\/www.instagram.com\/suno","https:\/\/www.linkedin.com\/company\/suno-research\/","https:\/\/www.youtube.com\/c\/sunoresearch"]},{"@type":"Person","@id":"https:\/\/www.suno.com.br\/noticias\/#\/schema\/person\/7f4d362bf3518e76090143ae77bb49a5","name":"Eduardo Vargas","image":{"@type":"ImageObject","inLanguage":"pt-BR","@id":"https:\/\/www.suno.com.br\/noticias\/#\/schema\/person\/image\/","url":"https:\/\/secure.gravatar.com\/avatar\/dac340933427a22924c9f99d1eb2e3f2?s=96&r=g","contentUrl":"https:\/\/secure.gravatar.com\/avatar\/dac340933427a22924c9f99d1eb2e3f2?s=96&r=g","caption":"Eduardo Vargas"},"description":"Jornalista formado pela UFSC, cobre macroeconomia, neg\u00f3cios e startups para o Suno Not\u00edcias, escrevendo principalmente not\u00edcias sobre o mercado financeiro e a bolsa de valores. No YouTube e no Instagram, \u00e9 respons\u00e1vel pela produ\u00e7\u00e3o de Reels e Shorts do Suno Not\u00edcias. Anteriormente, trabalhou cobrindo economia e cotidiano no ND+ e para o ND, maior jornal impresso de Santa Catarina. Cursou um semestre letivo de Estudos de M\u00eddia na Universidad de Buenos Aires.","url":"https:\/\/www.suno.com.br\/noticias\/author\/eduardo-vargas\/"}]}},"default_loop_html":"<div class=\"cardsPage__listCard__boxs\"><div class=\"cardsPage__listCard__boxs__img\"><a href=\"https:\/\/www.suno.com.br\/noticias\/ninguem-esta-furando-teto-bolsonaro-proposta-auxilio\/\"><img class=\"mask\" src=\"https:\/\/www.suno.com.br\/noticias\/wp-content\/themes\/suno\/resources\/images\/spotlight\/spotlight1img\/bg-mask.png\" alt=\"Image Mask\"\/><img src=\"https:\/\/files.sunoresearch.com.br\/n\/uploads\/2021\/03\/492ba11e-jair-bolsonaro-foto-alan-santos-pr-2-400x200.webp\" alt=\"&#8216;Ningu\u00e9m est\u00e1 furando teto, n\u00e3o&#8217;, afirma Bolsonaro ap\u00f3s proposta que estoura o teto de gastos\"\/><\/a><span class=\"spotlightCategory\"><a href=\"https:\/\/www.suno.com.br\/noticias\/economia\/\">Economia<\/a><\/span><\/div><div class=\"cardsPage__listCard__boxs__content\"><a href=\"https:\/\/www.suno.com.br\/noticias\/ninguem-esta-furando-teto-bolsonaro-proposta-auxilio\/\"><h2 class=\"content__title\">&#8216;Ningu\u00e9m est\u00e1 furando teto, n\u00e3o&#8217;, afirma Bolsonaro ap\u00f3s proposta que estoura o teto de gastos<\/h2><\/a><div class=\"newsContent__article__meta\"><div class=\"newsContent__article__meta__authorBox\"><a href=\"https:\/\/www.suno.com.br\/noticias\/author\/eduardo-vargas\/\" class=\"authorBox__avatar noMobi\"><img src=\"https:\/\/secure.gravatar.com\/avatar\/dac340933427a22924c9f99d1eb2e3f2?s=96&#038;r=g\" alt=\"Eduardo Vargas\"><\/a><div class=\"authorBox__name\"><span>por\n\t\t\t<a href=\"https:\/\/www.suno.com.br\/noticias\/author\/eduardo-vargas\/\"><span itemprop=\"author\">Eduardo Vargas<\/span><\/a><\/span><time datetime=\"2021-10-21T15:37:05-03:00\" itemprop=\"datePublished\">21\/10\/2021 15:37<\/time><\/div><\/div><\/div><\/div><\/div>","single_layout":"posts","amp_enabled":true,"_links":{"self":[{"href":"https:\/\/www.suno.com.br\/noticias\/wp-json\/wp\/v2\/posts\/195963"}],"collection":[{"href":"https:\/\/www.suno.com.br\/noticias\/wp-json\/wp\/v2\/posts"}],"about":[{"href":"https:\/\/www.suno.com.br\/noticias\/wp-json\/wp\/v2\/types\/post"}],"author":[{"embeddable":true,"href":"https:\/\/www.suno.com.br\/noticias\/wp-json\/wp\/v2\/users\/73"}],"replies":[{"embeddable":true,"href":"https:\/\/www.suno.com.br\/noticias\/wp-json\/wp\/v2\/comments?post=195963"}],"version-history":[{"count":4,"href":"https:\/\/www.suno.com.br\/noticias\/wp-json\/wp\/v2\/posts\/195963\/revisions"}],"predecessor-version":[{"id":196032,"href":"https:\/\/www.suno.com.br\/noticias\/wp-json\/wp\/v2\/posts\/195963\/revisions\/196032"}],"wp:featuredmedia":[{"embeddable":true,"href":"https:\/\/www.suno.com.br\/noticias\/wp-json\/wp\/v2\/media\/130354"}],"wp:attachment":[{"href":"https:\/\/www.suno.com.br\/noticias\/wp-json\/wp\/v2\/media?parent=195963"}],"wp:term":[{"taxonomy":"category","embeddable":true,"href":"https:\/\/www.suno.com.br\/noticias\/wp-json\/wp\/v2\/categories?post=195963"},{"taxonomy":"post_tag","embeddable":true,"href":"https:\/\/www.suno.com.br\/noticias\/wp-json\/wp\/v2\/tags?post=195963"},{"taxonomy":"suno_strategy","embeddable":true,"href":"https:\/\/www.suno.com.br\/noticias\/wp-json\/wp\/v2\/suno_strategy?post=195963"}],"curies":[{"name":"wp","href":"https:\/\/api.w.org\/{rel}","templated":true}]}}