{"id":19574,"date":"2019-03-31T13:00:36","date_gmt":"2019-03-31T16:00:36","guid":{"rendered":"https:\/\/www.suno.com.br\/noticias\/?p=19574"},"modified":"2021-06-01T22:06:51","modified_gmt":"2021-06-02T01:06:51","slug":"china-atividade-industrial-cresce","status":"publish","type":"post","link":"https:\/\/www.suno.com.br\/noticias\/china-atividade-industrial-cresce\/","title":{"rendered":"China: atividade industrial cresce em mar\u00e7o pela primeira vez em 4 meses"},"content":{"rendered":"<p>A atividade industrial na China apresentou melhoras ap\u00f3s quatro meses est\u00e1veis.<\/p>\t<div class=\"wrapper-featured-image\">\n\t\t<figure class=\"spotlightImg\">\n\n\t\t\t<picture>\n\t\t\t\t<source media=\"(max-width: 768px)\" srcset=\"https:\/\/files.sunoresearch.com.br\/n\/uploads\/2018\/11\/37c96a01-economia-da-china-400x200.webp\">\n\t\t\t\t<img loading=\"lazy\" decoding=\"async\" class=\"newsContent__article__imgCapa lazyloadDisabled newsContent__article__imgCapa--noCaption\" src=\"https:\/\/files.sunoresearch.com.br\/n\/uploads\/2018\/11\/37c96a01-economia-da-china-800x450.webp\" width=\"800\" height=\"450\" alt=\"China: atividade industrial cresce em mar\u00e7o pela primeira vez em 4 meses\" fetchpriority=high \/>\n\t\t\t<\/picture>\n\n\t\t\t<figcaption class=\"wp-caption-text wp-caption-text--hide\">Caso Didi: por que Pequim quer reduzir o poder big techs Foto: Pinterest<\/figcaption>\n\t\t<\/figure>\n\t<\/div>\n\n\n<p>A <strong>produ\u00e7\u00e3o industrial<\/strong> da China saiu de 49,5 em fevereiro para 52,7 em mar\u00e7o, revertendo uma leve queda no m\u00eas anterior. Foi o ritmo de crescimento mais r\u00e1pido em seis meses.<\/p>\n<p><a href=\"https:\/\/www.suno.com.br\/noticias\/ue-aprova-plano-concorrencia-desleal-chinesa\/\">Saiba mais:\u00a0UE aprova plano contra concorr\u00eancia desleal da China<\/a><\/p>\n<p>J\u00e1 o <strong>\u00cdndice de Gerentes de Compras<\/strong> (PMI, em ingl\u00eas) subiu de 49,5 para 50,5 em mar\u00e7o, quando obteve sua queda mais forte em tr\u00eas anos. Os dados foram divulgados neste domingo (31) pela <strong>Ag\u00eancia Nacional de Estat\u00edsticas<\/strong>. O patamar de 50 separa crescimento de contra\u00e7\u00e3o em uma base mensal.<\/p>\n<p>Os <strong>novos pedidos<\/strong> seguiram a tend\u00eancia e obtiveram eleva\u00e7\u00e3o, fechando m\u00eas de <strong>mar\u00e7o<\/strong> com 51,4, quebrando, assim, uma sequ\u00eancia de <strong>quatro baixas consecutivas<\/strong>. Por\u00e9m, as novas encomendas para <strong>exporta\u00e7\u00e3o<\/strong> caiu pelo d\u00e9cimo m\u00eas, sugerindo que a <strong>demanda<\/strong> externa permaneceu <strong>lenta<\/strong>.<\/p>\n<p>Respons\u00e1vel por mais da metade da economia, o <strong>setor de servi\u00e7os<\/strong> aumentou em mar\u00e7o. O <strong>PMI<\/strong> oficial subiu pra 54,8 ante os 54,3 do m\u00eas anterior.<\/p>\n<p>A melhora \u00e9 reflexo dos est\u00edmulos do <strong>governo chin\u00eas<\/strong> na economia. Se a eleva\u00e7\u00e3o se mantiver nos pr\u00f3ximos meses, o resultado pode indicar que a <strong>China<\/strong> est\u00e1 se recuperando, evitando assim uma <strong>desacelera\u00e7\u00e3o econ\u00f4mica<\/strong> maior.<\/p>\n<p><a href=\"https:\/\/www.suno.com.br\/noticias\/banco-central-china-estimulos-economia-emprestimos\/\">Saiba mais: BC da China promete apoiar economia com est\u00edmulos aos empr\u00e9stimos<\/a><\/p>\n<p>Apesar disso, analistas dizem que o investimento real e a demanda do consumidor da <strong>China<\/strong> permanecem est\u00e1veis, potencialmente adicionando press\u00e3o ao setor.<\/p>\n<h2>Baixa demanda dos meses anteriores<\/h2>\n<p>A produ\u00e7\u00e3o industrial do pa\u00eds asi\u00e1tico obteve eleva\u00e7\u00e3o de 5,3% em janeiro-fevereiro, taxa mais lenta desde o in\u00edcio de 2002. Os n\u00fameros s\u00e3o reflexos da <strong>baixa demanda<\/strong> no cen\u00e1rio <strong>externo<\/strong> e <strong>interno<\/strong>. A expectativa era que a <strong>expans\u00e3o industrial chinesa\u00a0<\/strong>desacelerasse de 5,5% a 5,7% em dezembro.<\/p>\n<p><a href=\"https:\/\/www.suno.com.br\/noticias\/china-industrial-avanco-anos\/\">Saiba mais:\u00a0China: produ\u00e7\u00e3o industrial tem o menor avan\u00e7o em 17 anos<\/a><\/p>\n<p>O <strong>crescimento<\/strong>\u00a0em 2019 deve cair para o menor n\u00edvel em 29 anos.\u00a0Analistas acreditam que a atividade pode n\u00e3o se estabilizar de maneira convincente at\u00e9 o ano que vem.<\/p>\n<h2>Desemprego na China<\/h2>\n<p>A <strong>taxa de desemprego<\/strong> no m\u00eas de janeiro subiu de 4,9% para 5,3% em rela\u00e7\u00e3o a dezembro, disse <strong>Li Xiru<\/strong>, autoridade da ag\u00eancia de estat\u00edsticas. O corte de vagas de emprego voltadas ao exterior puxou o \u00edndice para baixo. Por\u00e9m, o n\u00famero \u00e9 menor do que o previsto pelo governo da <strong>China<\/strong>.<\/p>\n","protected":false},"excerpt":{"rendered":"<p>A atividade industrial na China apresentou melhoras ap\u00f3s quatro meses est\u00e1veis. Caso Didi: por que Pequim quer reduzir o poder big techs Foto: Pinterest A produ\u00e7\u00e3o industrial da China saiu de 49,5 em fevereiro para 52,7 em mar\u00e7o, revertendo uma leve queda no m\u00eas anterior. Foi o ritmo de crescimento mais r\u00e1pido em seis meses. [&hellip;]<\/p>\n","protected":false},"author":14,"featured_media":7030,"comment_status":"closed","ping_status":"closed","sticky":false,"template":"","format":"standard","meta":[],"categories":[63],"tags":[711,1296,707,820],"suno_strategy":[],"class_list":["post-19574","post","type-post","status-publish","format-standard","has-post-thumbnail","hentry","category-internacional","tag-china","tag-desemprego","tag-exportacoes","tag-producao-industrial"],"yoast_head":"<!-- This site is optimized with the Yoast SEO plugin v24.4 - https:\/\/yoast.com\/wordpress\/plugins\/seo\/ -->\n<title>China: atividade industrial cresce em mar\u00e7o pela primeira vez em 4 meses<\/title>\n<meta name=\"description\" content=\"A produ\u00e7\u00e3o industrial da China saiu de 49,5 em fevereiro para 52,7 em mar\u00e7o, revertendo quedas de meses anteriores. Clique para saber mais.\" \/>\n<meta name=\"robots\" content=\"index, follow, max-snippet:-1, max-image-preview:large, max-video-preview:-1\" \/>\n<link rel=\"canonical\" href=\"https:\/\/www.suno.com.br\/noticias\/china-atividade-industrial-cresce\/\" \/>\n<meta property=\"og:locale\" content=\"pt_BR\" \/>\n<meta property=\"og:type\" content=\"article\" \/>\n<meta property=\"og:title\" content=\"China: atividade industrial cresce em mar\u00e7o pela primeira vez em 4 meses\" \/>\n<meta property=\"og:description\" content=\"A produ\u00e7\u00e3o industrial da China saiu de 49,5 em fevereiro para 52,7 em mar\u00e7o, revertendo quedas de meses anteriores. Clique para saber mais.\" \/>\n<meta property=\"og:url\" content=\"https:\/\/www.suno.com.br\/noticias\/china-atividade-industrial-cresce\/\" \/>\n<meta property=\"og:site_name\" content=\"Suno Not\u00edcias\" \/>\n<meta property=\"article:publisher\" content=\"https:\/\/facebook.com\/sunoresearch\" \/>\n<meta property=\"og:image\" content=\"https:\/\/files.sunoresearch.com.br\/n\/uploads\/2018\/11\/37c96a01-economia-da-china.jpg\" \/>\n\t<meta property=\"og:image:width\" content=\"1920\" \/>\n\t<meta property=\"og:image:height\" content=\"1281\" \/>\n\t<meta property=\"og:image:type\" content=\"image\/jpeg\" \/>\n<meta name=\"author\" content=\"Renan Dantas\" \/>\n<meta name=\"twitter:card\" content=\"summary_large_image\" \/>\n<meta name=\"twitter:creator\" content=\"@sunoresearch\" \/>\n<meta name=\"twitter:site\" content=\"@sunoresearch\" \/>\n<meta name=\"twitter:label1\" content=\"Escrito por\" \/>\n\t<meta name=\"twitter:data1\" content=\"Renan Dantas\" \/>\n\t<meta name=\"twitter:label2\" content=\"Est. tempo de leitura\" \/>\n\t<meta name=\"twitter:data2\" content=\"2 minutos\" \/>\n<script type=\"application\/ld+json\" class=\"yoast-schema-graph\">{\"@context\":\"https:\/\/schema.org\",\"@graph\":[{\"@type\":\"NewsArticle\",\"@id\":\"https:\/\/www.suno.com.br\/noticias\/china-atividade-industrial-cresce\/#article\",\"isPartOf\":{\"@id\":\"https:\/\/www.suno.com.br\/noticias\/china-atividade-industrial-cresce\/\"},\"author\":{\"name\":\"Renan Dantas\",\"@id\":\"https:\/\/www.suno.com.br\/noticias\/#\/schema\/person\/3f7693d5795a3f6d5ce15309ee785699\"},\"headline\":\"China: atividade industrial cresce em mar\u00e7o pela primeira vez em 4 meses\",\"datePublished\":\"2019-03-31T16:00:36+00:00\",\"dateModified\":\"2021-06-02T01:06:51+00:00\",\"mainEntityOfPage\":{\"@id\":\"https:\/\/www.suno.com.br\/noticias\/china-atividade-industrial-cresce\/\"},\"wordCount\":433,\"publisher\":{\"@id\":\"https:\/\/www.suno.com.br\/noticias\/#organization\"},\"image\":{\"@id\":\"https:\/\/www.suno.com.br\/noticias\/china-atividade-industrial-cresce\/#primaryimage\"},\"thumbnailUrl\":\"https:\/\/files.sunoresearch.com.br\/n\/uploads\/2018\/11\/37c96a01-economia-da-china-jpg.webp\",\"keywords\":[\"China\",\"Desemprego\",\"exporta\u00e7\u00f5es\",\"produ\u00e7\u00e3o industrial\"],\"articleSection\":[\"Internacional\"],\"inLanguage\":\"pt-BR\"},{\"@type\":\"WebPage\",\"@id\":\"https:\/\/www.suno.com.br\/noticias\/china-atividade-industrial-cresce\/\",\"url\":\"https:\/\/www.suno.com.br\/noticias\/china-atividade-industrial-cresce\/\",\"name\":\"China: atividade industrial cresce em mar\u00e7o pela primeira vez em 4 meses\",\"isPartOf\":{\"@id\":\"https:\/\/www.suno.com.br\/noticias\/#website\"},\"primaryImageOfPage\":{\"@id\":\"https:\/\/www.suno.com.br\/noticias\/china-atividade-industrial-cresce\/#primaryimage\"},\"image\":{\"@id\":\"https:\/\/www.suno.com.br\/noticias\/china-atividade-industrial-cresce\/#primaryimage\"},\"thumbnailUrl\":\"https:\/\/files.sunoresearch.com.br\/n\/uploads\/2018\/11\/37c96a01-economia-da-china-jpg.webp\",\"datePublished\":\"2019-03-31T16:00:36+00:00\",\"dateModified\":\"2021-06-02T01:06:51+00:00\",\"description\":\"A produ\u00e7\u00e3o industrial da China saiu de 49,5 em fevereiro para 52,7 em mar\u00e7o, revertendo quedas de meses anteriores. Clique para saber mais.\",\"breadcrumb\":{\"@id\":\"https:\/\/www.suno.com.br\/noticias\/china-atividade-industrial-cresce\/#breadcrumb\"},\"inLanguage\":\"pt-BR\",\"potentialAction\":[{\"@type\":\"ReadAction\",\"target\":[\"https:\/\/www.suno.com.br\/noticias\/china-atividade-industrial-cresce\/\"]}]},{\"@type\":\"ImageObject\",\"inLanguage\":\"pt-BR\",\"@id\":\"https:\/\/www.suno.com.br\/noticias\/china-atividade-industrial-cresce\/#primaryimage\",\"url\":\"https:\/\/files.sunoresearch.com.br\/n\/uploads\/2018\/11\/37c96a01-economia-da-china-jpg.webp\",\"contentUrl\":\"https:\/\/files.sunoresearch.com.br\/n\/uploads\/2018\/11\/37c96a01-economia-da-china-jpg.webp\",\"width\":1920,\"height\":1281,\"caption\":\"Caso Didi: por que Pequim quer reduzir o poder big techs Foto: Pinterest\"},{\"@type\":\"BreadcrumbList\",\"@id\":\"https:\/\/www.suno.com.br\/noticias\/china-atividade-industrial-cresce\/#breadcrumb\",\"itemListElement\":[{\"@type\":\"ListItem\",\"position\":1,\"name\":\"Not\u00edcias\",\"item\":\"https:\/\/www.suno.com.br\/noticias\/\"},{\"@type\":\"ListItem\",\"position\":2,\"name\":\"Internacional\",\"item\":\"https:\/\/www.suno.com.br\/noticias\/internacional\/\"},{\"@type\":\"ListItem\",\"position\":3,\"name\":\"China: atividade industrial cresce em mar\u00e7o pela primeira vez em 4 meses\"}]},{\"@type\":\"WebSite\",\"@id\":\"https:\/\/www.suno.com.br\/noticias\/#website\",\"url\":\"https:\/\/www.suno.com.br\/noticias\/\",\"name\":\"Suno Not\u00edcias\",\"description\":\"Seu portal de informa\u00e7\u00e3o sobre o mundo dos investimentos\",\"publisher\":{\"@id\":\"https:\/\/www.suno.com.br\/noticias\/#organization\"},\"potentialAction\":[{\"@type\":\"SearchAction\",\"target\":{\"@type\":\"EntryPoint\",\"urlTemplate\":\"https:\/\/www.suno.com.br\/noticias\/?s={search_term_string}\"},\"query-input\":{\"@type\":\"PropertyValueSpecification\",\"valueRequired\":true,\"valueName\":\"search_term_string\"}}],\"inLanguage\":\"pt-BR\"},{\"@type\":\"Organization\",\"@id\":\"https:\/\/www.suno.com.br\/noticias\/#organization\",\"name\":\"Suno Not\u00edcias\",\"url\":\"https:\/\/www.suno.com.br\/noticias\/\",\"logo\":{\"@type\":\"ImageObject\",\"inLanguage\":\"pt-BR\",\"@id\":\"https:\/\/www.suno.com.br\/noticias\/#\/schema\/logo\/image\/\",\"url\":\"https:\/\/files.sunoresearch.com.br\/n\/uploads\/2021\/09\/suno-logo.png\",\"contentUrl\":\"https:\/\/files.sunoresearch.com.br\/n\/uploads\/2021\/09\/suno-logo.png\",\"width\":180,\"height\":180,\"caption\":\"Suno Not\u00edcias\"},\"image\":{\"@id\":\"https:\/\/www.suno.com.br\/noticias\/#\/schema\/logo\/image\/\"},\"sameAs\":[\"https:\/\/facebook.com\/sunoresearch\",\"https:\/\/x.com\/sunoresearch\",\"https:\/\/www.instagram.com\/suno\",\"https:\/\/www.linkedin.com\/company\/suno-research\/\",\"https:\/\/www.youtube.com\/c\/sunoresearch\"]},{\"@type\":\"Person\",\"@id\":\"https:\/\/www.suno.com.br\/noticias\/#\/schema\/person\/3f7693d5795a3f6d5ce15309ee785699\",\"name\":\"Renan Dantas\",\"image\":{\"@type\":\"ImageObject\",\"inLanguage\":\"pt-BR\",\"@id\":\"https:\/\/www.suno.com.br\/noticias\/#\/schema\/person\/image\/\",\"url\":\"https:\/\/secure.gravatar.com\/avatar\/1787b83e7484a08e51d62ac8b41c8396?s=96&r=g\",\"contentUrl\":\"https:\/\/secure.gravatar.com\/avatar\/1787b83e7484a08e51d62ac8b41c8396?s=96&r=g\",\"caption\":\"Renan Dantas\"},\"description\":\"Escreve sobre pol\u00edtica e mercado financeiro para o portal Suno Not\u00edcias. Antes, atuou na assessoria de comunica\u00e7\u00e3o do Minist\u00e9rio P\u00fablico do Trabalho e na R\u00e1dio Mackenzie, onde apresentava e produzia um programa sobre artistas da m\u00fasica brasileira. \u00c9 estudante na Universidade Presbiteriana Mackenzie.\",\"url\":\"https:\/\/www.suno.com.br\/noticias\/author\/renan-dantas\/\"}]}<\/script>\n<!-- \/ Yoast SEO plugin. -->","yoast_head_json":{"title":"China: atividade industrial cresce em mar\u00e7o pela primeira vez em 4 meses","description":"A produ\u00e7\u00e3o industrial da China saiu de 49,5 em fevereiro para 52,7 em mar\u00e7o, revertendo quedas de meses anteriores. Clique para saber mais.","robots":{"index":"index","follow":"follow","max-snippet":"max-snippet:-1","max-image-preview":"max-image-preview:large","max-video-preview":"max-video-preview:-1"},"canonical":"https:\/\/www.suno.com.br\/noticias\/china-atividade-industrial-cresce\/","og_locale":"pt_BR","og_type":"article","og_title":"China: atividade industrial cresce em mar\u00e7o pela primeira vez em 4 meses","og_description":"A produ\u00e7\u00e3o industrial da China saiu de 49,5 em fevereiro para 52,7 em mar\u00e7o, revertendo quedas de meses anteriores. Clique para saber mais.","og_url":"https:\/\/www.suno.com.br\/noticias\/china-atividade-industrial-cresce\/","og_site_name":"Suno Not\u00edcias","article_publisher":"https:\/\/facebook.com\/sunoresearch","og_image":[{"width":1920,"height":1281,"url":"https:\/\/files.sunoresearch.com.br\/n\/uploads\/2018\/11\/37c96a01-economia-da-china.jpg","type":"image\/jpeg"}],"author":"Renan Dantas","twitter_card":"summary_large_image","twitter_creator":"@sunoresearch","twitter_site":"@sunoresearch","twitter_misc":{"Escrito por":"Renan Dantas","Est. tempo de leitura":"2 minutos"},"schema":{"@context":"https:\/\/schema.org","@graph":[{"@type":"NewsArticle","@id":"https:\/\/www.suno.com.br\/noticias\/china-atividade-industrial-cresce\/#article","isPartOf":{"@id":"https:\/\/www.suno.com.br\/noticias\/china-atividade-industrial-cresce\/"},"author":{"name":"Renan Dantas","@id":"https:\/\/www.suno.com.br\/noticias\/#\/schema\/person\/3f7693d5795a3f6d5ce15309ee785699"},"headline":"China: atividade industrial cresce em mar\u00e7o pela primeira vez em 4 meses","datePublished":"2019-03-31T16:00:36+00:00","dateModified":"2021-06-02T01:06:51+00:00","mainEntityOfPage":{"@id":"https:\/\/www.suno.com.br\/noticias\/china-atividade-industrial-cresce\/"},"wordCount":433,"publisher":{"@id":"https:\/\/www.suno.com.br\/noticias\/#organization"},"image":{"@id":"https:\/\/www.suno.com.br\/noticias\/china-atividade-industrial-cresce\/#primaryimage"},"thumbnailUrl":"https:\/\/files.sunoresearch.com.br\/n\/uploads\/2018\/11\/37c96a01-economia-da-china-jpg.webp","keywords":["China","Desemprego","exporta\u00e7\u00f5es","produ\u00e7\u00e3o industrial"],"articleSection":["Internacional"],"inLanguage":"pt-BR"},{"@type":"WebPage","@id":"https:\/\/www.suno.com.br\/noticias\/china-atividade-industrial-cresce\/","url":"https:\/\/www.suno.com.br\/noticias\/china-atividade-industrial-cresce\/","name":"China: atividade industrial cresce em mar\u00e7o pela primeira vez em 4 meses","isPartOf":{"@id":"https:\/\/www.suno.com.br\/noticias\/#website"},"primaryImageOfPage":{"@id":"https:\/\/www.suno.com.br\/noticias\/china-atividade-industrial-cresce\/#primaryimage"},"image":{"@id":"https:\/\/www.suno.com.br\/noticias\/china-atividade-industrial-cresce\/#primaryimage"},"thumbnailUrl":"https:\/\/files.sunoresearch.com.br\/n\/uploads\/2018\/11\/37c96a01-economia-da-china-jpg.webp","datePublished":"2019-03-31T16:00:36+00:00","dateModified":"2021-06-02T01:06:51+00:00","description":"A produ\u00e7\u00e3o industrial da China saiu de 49,5 em fevereiro para 52,7 em mar\u00e7o, revertendo quedas de meses anteriores. Clique para saber mais.","breadcrumb":{"@id":"https:\/\/www.suno.com.br\/noticias\/china-atividade-industrial-cresce\/#breadcrumb"},"inLanguage":"pt-BR","potentialAction":[{"@type":"ReadAction","target":["https:\/\/www.suno.com.br\/noticias\/china-atividade-industrial-cresce\/"]}]},{"@type":"ImageObject","inLanguage":"pt-BR","@id":"https:\/\/www.suno.com.br\/noticias\/china-atividade-industrial-cresce\/#primaryimage","url":"https:\/\/files.sunoresearch.com.br\/n\/uploads\/2018\/11\/37c96a01-economia-da-china-jpg.webp","contentUrl":"https:\/\/files.sunoresearch.com.br\/n\/uploads\/2018\/11\/37c96a01-economia-da-china-jpg.webp","width":1920,"height":1281,"caption":"Caso Didi: por que Pequim quer reduzir o poder big techs Foto: Pinterest"},{"@type":"BreadcrumbList","@id":"https:\/\/www.suno.com.br\/noticias\/china-atividade-industrial-cresce\/#breadcrumb","itemListElement":[{"@type":"ListItem","position":1,"name":"Not\u00edcias","item":"https:\/\/www.suno.com.br\/noticias\/"},{"@type":"ListItem","position":2,"name":"Internacional","item":"https:\/\/www.suno.com.br\/noticias\/internacional\/"},{"@type":"ListItem","position":3,"name":"China: atividade industrial cresce em mar\u00e7o pela primeira vez em 4 meses"}]},{"@type":"WebSite","@id":"https:\/\/www.suno.com.br\/noticias\/#website","url":"https:\/\/www.suno.com.br\/noticias\/","name":"Suno Not\u00edcias","description":"Seu portal de informa\u00e7\u00e3o sobre o mundo dos investimentos","publisher":{"@id":"https:\/\/www.suno.com.br\/noticias\/#organization"},"potentialAction":[{"@type":"SearchAction","target":{"@type":"EntryPoint","urlTemplate":"https:\/\/www.suno.com.br\/noticias\/?s={search_term_string}"},"query-input":{"@type":"PropertyValueSpecification","valueRequired":true,"valueName":"search_term_string"}}],"inLanguage":"pt-BR"},{"@type":"Organization","@id":"https:\/\/www.suno.com.br\/noticias\/#organization","name":"Suno Not\u00edcias","url":"https:\/\/www.suno.com.br\/noticias\/","logo":{"@type":"ImageObject","inLanguage":"pt-BR","@id":"https:\/\/www.suno.com.br\/noticias\/#\/schema\/logo\/image\/","url":"https:\/\/files.sunoresearch.com.br\/n\/uploads\/2021\/09\/suno-logo.png","contentUrl":"https:\/\/files.sunoresearch.com.br\/n\/uploads\/2021\/09\/suno-logo.png","width":180,"height":180,"caption":"Suno Not\u00edcias"},"image":{"@id":"https:\/\/www.suno.com.br\/noticias\/#\/schema\/logo\/image\/"},"sameAs":["https:\/\/facebook.com\/sunoresearch","https:\/\/x.com\/sunoresearch","https:\/\/www.instagram.com\/suno","https:\/\/www.linkedin.com\/company\/suno-research\/","https:\/\/www.youtube.com\/c\/sunoresearch"]},{"@type":"Person","@id":"https:\/\/www.suno.com.br\/noticias\/#\/schema\/person\/3f7693d5795a3f6d5ce15309ee785699","name":"Renan Dantas","image":{"@type":"ImageObject","inLanguage":"pt-BR","@id":"https:\/\/www.suno.com.br\/noticias\/#\/schema\/person\/image\/","url":"https:\/\/secure.gravatar.com\/avatar\/1787b83e7484a08e51d62ac8b41c8396?s=96&r=g","contentUrl":"https:\/\/secure.gravatar.com\/avatar\/1787b83e7484a08e51d62ac8b41c8396?s=96&r=g","caption":"Renan Dantas"},"description":"Escreve sobre pol\u00edtica e mercado financeiro para o portal Suno Not\u00edcias. Antes, atuou na assessoria de comunica\u00e7\u00e3o do Minist\u00e9rio P\u00fablico do Trabalho e na R\u00e1dio Mackenzie, onde apresentava e produzia um programa sobre artistas da m\u00fasica brasileira. \u00c9 estudante na Universidade Presbiteriana Mackenzie.","url":"https:\/\/www.suno.com.br\/noticias\/author\/renan-dantas\/"}]}},"default_loop_html":"<div class=\"cardsPage__listCard__boxs\"><div class=\"cardsPage__listCard__boxs__img\"><a href=\"https:\/\/www.suno.com.br\/noticias\/china-atividade-industrial-cresce\/\"><img class=\"mask\" src=\"https:\/\/www.suno.com.br\/noticias\/wp-content\/themes\/suno\/resources\/images\/spotlight\/spotlight1img\/bg-mask.png\" alt=\"Image Mask\"\/><img src=\"https:\/\/files.sunoresearch.com.br\/n\/uploads\/2018\/11\/37c96a01-economia-da-china-400x200.webp\" alt=\"China: atividade industrial cresce em mar\u00e7o pela primeira vez em 4 meses\"\/><\/a><span class=\"spotlightCategory\"><a href=\"https:\/\/www.suno.com.br\/noticias\/internacional\/\">Internacional<\/a><\/span><\/div><div class=\"cardsPage__listCard__boxs__content\"><a href=\"https:\/\/www.suno.com.br\/noticias\/china-atividade-industrial-cresce\/\"><h2 class=\"content__title\">China: atividade industrial cresce em mar\u00e7o pela primeira vez em 4 meses<\/h2><\/a><div class=\"newsContent__article__meta\"><div class=\"newsContent__article__meta__authorBox\"><a href=\"https:\/\/www.suno.com.br\/noticias\/author\/renan-dantas\/\" class=\"authorBox__avatar noMobi\"><img src=\"https:\/\/secure.gravatar.com\/avatar\/1787b83e7484a08e51d62ac8b41c8396?s=96&#038;r=g\" alt=\"Renan Dantas\"><\/a><div class=\"authorBox__name\"><span>por\n\t\t\t<a href=\"https:\/\/www.suno.com.br\/noticias\/author\/renan-dantas\/\"><span itemprop=\"author\">Renan Dantas<\/span><\/a><\/span><time datetime=\"2019-03-31T13:00:36-03:00\" itemprop=\"datePublished\">31\/03\/2019 13:00<\/time><\/div><\/div><\/div><\/div><\/div>","single_layout":"posts","amp_enabled":true,"_links":{"self":[{"href":"https:\/\/www.suno.com.br\/noticias\/wp-json\/wp\/v2\/posts\/19574"}],"collection":[{"href":"https:\/\/www.suno.com.br\/noticias\/wp-json\/wp\/v2\/posts"}],"about":[{"href":"https:\/\/www.suno.com.br\/noticias\/wp-json\/wp\/v2\/types\/post"}],"author":[{"embeddable":true,"href":"https:\/\/www.suno.com.br\/noticias\/wp-json\/wp\/v2\/users\/14"}],"replies":[{"embeddable":true,"href":"https:\/\/www.suno.com.br\/noticias\/wp-json\/wp\/v2\/comments?post=19574"}],"version-history":[{"count":1,"href":"https:\/\/www.suno.com.br\/noticias\/wp-json\/wp\/v2\/posts\/19574\/revisions"}],"predecessor-version":[{"id":153936,"href":"https:\/\/www.suno.com.br\/noticias\/wp-json\/wp\/v2\/posts\/19574\/revisions\/153936"}],"wp:featuredmedia":[{"embeddable":true,"href":"https:\/\/www.suno.com.br\/noticias\/wp-json\/wp\/v2\/media\/7030"}],"wp:attachment":[{"href":"https:\/\/www.suno.com.br\/noticias\/wp-json\/wp\/v2\/media?parent=19574"}],"wp:term":[{"taxonomy":"category","embeddable":true,"href":"https:\/\/www.suno.com.br\/noticias\/wp-json\/wp\/v2\/categories?post=19574"},{"taxonomy":"post_tag","embeddable":true,"href":"https:\/\/www.suno.com.br\/noticias\/wp-json\/wp\/v2\/tags?post=19574"},{"taxonomy":"suno_strategy","embeddable":true,"href":"https:\/\/www.suno.com.br\/noticias\/wp-json\/wp\/v2\/suno_strategy?post=19574"}],"curies":[{"name":"wp","href":"https:\/\/api.w.org\/{rel}","templated":true}]}}