{"id":19563,"date":"2019-03-30T14:23:00","date_gmt":"2019-03-30T17:23:00","guid":{"rendered":"https:\/\/www.suno.com.br\/noticias\/?p=19563"},"modified":"2021-02-17T23:11:03","modified_gmt":"2021-02-18T02:11:03","slug":"bolsonaro-jair-israel-confira-objetivos-agenda-viagem","status":"publish","type":"post","link":"https:\/\/www.suno.com.br\/noticias\/bolsonaro-jair-israel-confira-objetivos-agenda-viagem\/","title":{"rendered":"Bolsonaro embarca para Israel: confira objetivos e agenda da viagem"},"content":{"rendered":"<p>O presidente da Rep\u00fablica, <strong>Jair Bolsonaro<\/strong>, embarcou \u00e0s 13 horas deste s\u00e1bado (30) para uma <strong>visita oficial a Israel<\/strong>, que durar\u00e1 <strong>tr\u00eas dias<\/strong>. A viagem &#8220;retribui&#8221; a vinda ao Brasil do primeiro-ministro israelense, <strong>Benjamin Netanyahu<\/strong>. O representante de Israel esteve presente na posse de Jair Bolsonaro. Ambos ter\u00e3o encontro no domingo (31), em Tel Aviv.<\/p>\t<div class=\"wrapper-featured-image\">\n\t\t<figure class=\"spotlightImg\">\n\n\t\t\t<picture>\n\t\t\t\t<source media=\"(max-width: 768px)\" srcset=\"https:\/\/files.sunoresearch.com.br\/n\/uploads\/2018\/12\/65a5c02e-bolsonaro-400x200.webp\">\n\t\t\t\t<img loading=\"lazy\" decoding=\"async\" class=\"newsContent__article__imgCapa lazyloadDisabled newsContent__article__imgCapa--noCaption\" src=\"https:\/\/files.sunoresearch.com.br\/n\/uploads\/2018\/12\/65a5c02e-bolsonaro-800x450.webp\" width=\"800\" height=\"450\" alt=\"Bolsonaro embarca para Israel: confira objetivos e agenda da viagem\" fetchpriority=high \/>\n\t\t\t<\/picture>\n\n\t\t\t<figcaption class=\"wp-caption-text wp-caption-text--hide\"> Jair Bolsonaro afirma que seu filho \u00e9 adequado para cargo de embaixador<\/figcaption>\n\t\t<\/figure>\n\t<\/div>\n\n\n<p>O governo de Jair Bolsonaro poder\u00e1 assinar at\u00e9<strong> quatro acordos de coopera\u00e7\u00e3o<\/strong> com o governo de Israel.<\/p>\n<p>Na v\u00e9spera, Jair Bolsonaro publicou em sua conta do <strong>Twitter<\/strong> que os compromissos em <strong>Israel<\/strong> &#8220;ser\u00e3o de grande import\u00e2ncia para o Brasil&#8221;, e chamou Jerusal\u00e9m de<strong> &#8220;na\u00e7\u00e3o amiga&#8221;<\/strong>.<\/p>\n<p class=\"twitter-tweet\" data-lang=\"pt\">\n<p dir=\"ltr\" lang=\"pt\">Amanh\u00e3 embarco para Israel para mais uma bateria de compromissos que ser\u00e3o de grande import\u00e2ncia para o Brasil. Buscaremos acordos concretos nas \u00e1reas de ci\u00eancia, tecnologia, defesa, entre outras. \u00d3timas expectativas! Israel \u00e9 uma na\u00e7\u00e3o amiga e juntos temos muito a somar! ?????<\/p>\n<p>\u2014 Jair M. Bolsonaro (@jairbolsonaro) <a href=\"https:\/\/twitter.com\/jairbolsonaro\/status\/1111780413524099072?ref_src=twsrc%5Etfw\">30 de mar\u00e7o de 2019<\/a><\/p>\n<p><script async src=\"https:\/\/platform.twitter.com\/widgets.js\" charset=\"utf-8\"><\/script><\/p>\n<p>O tempo de voo para <strong>Israel<\/strong> \u00e9 de aproximadamente 20 horas. Partindo da Base A\u00e9rea de Bras\u00edlia \u00e0s 13 horas, a comitiva presidencial far\u00e1 escala t\u00e9cnica em Las Palmas, nas Ilhas Can\u00e1rias. A <strong>chegada<\/strong> ao aeroporto de Ben Gurion, em Tel Aviv, est\u00e1 prevista para as <strong>10 horas de domingo<\/strong>.<\/p>\n<p><a href=\"https:\/\/www.suno.com.br\/noticias\/bolsonaro-ministerio-economia-tributacao-dividendos-reducao-impostos-empresas\/\">Saiba mais &#8211; Bolsonaro afirma que Economia estuda tributa\u00e7\u00e3o de dividendos<\/a><\/p>\n<h2>Comitiva presidencial<\/h2>\n<p>A comitiva presidencial que acompanha <strong>Jair Bolsonaro<\/strong> \u00e9 formada por:<\/p>\n<ul>\n<li>ministro das <strong>Rela\u00e7\u00f5es Exteriores<\/strong>, Ernesto Ara\u00fajo;<\/li>\n<li>ministro de <strong>Minas e Energia<\/strong>, Bento Costa Lima Leite de Albuquerque J\u00fanior;<\/li>\n<li>ministro de <strong>Ci\u00eancia, Tecnologia, Informa\u00e7\u00e3o e Comunica\u00e7\u00f5es<\/strong>, Marcos Pontes;<\/li>\n<li>chefe do Estado-Maior <strong>Conjunto das For\u00e7as Armadas<\/strong>, tenente-brigadeiro do ar Raul Botelho;<\/li>\n<li>secret\u00e1rio da <strong>Pesca<\/strong>, Jorge Seif;<\/li>\n<li>senador <strong>Fl\u00e1vio Bolsonaro<\/strong> (PSL);<\/li>\n<li>senadora Soraya Thronicke (PSL);<\/li>\n<li>e a deputada Bia Kicis (PSL), que tamb\u00e9m \u00e9 a vice-presidenta da <strong>Comiss\u00e3o de Constitui\u00e7\u00e3o, Justi\u00e7a e Cidadania<\/strong> (CCJ) da Proposta de Emenda Constitucional (PEC) da <strong>reforma da Previd\u00eancia<\/strong>.<\/li>\n<\/ul>\n<p><a href=\"https:\/\/www.suno.com.br\/noticias\/folego-reforma-previdencia-entenda-crise-amenizada-tregua\/\">Saiba mais &#8211; F\u00f4lego para a PEC da Previd\u00eancia: entenda como a crise foi amenizada<\/a><\/p>\n<h2>Acordos<\/h2>\n<p>Ap\u00f3s o encontro privado de Bolsonaro e <strong>Netanyahu<\/strong>, est\u00e1 prevista uma <strong>cerim\u00f4nia de assinatura<\/strong> de acordos de coopera\u00e7\u00e3o.<\/p>\n<p>Em seguida, Bolsonaro falar\u00e1 \u00e0 Imprensa. Os acordos, segundo a &#8220;Ag\u00eancia Brasil&#8221;, s\u00e3o:<\/p>\n<ul>\n<li>Acordo de<strong> coopera\u00e7\u00e3o em ci\u00eancia e tecnologia<\/strong>, que tem o objetivo desenvolver, facilitar e maximizar a coopera\u00e7\u00e3o entre institui\u00e7\u00f5es cient\u00edficas e tecnol\u00f3gicas de ambos os pa\u00edses;<\/li>\n<li>Acordo de <strong>coopera\u00e7\u00e3o<\/strong> na \u00e1rea de <strong>seguran\u00e7a p\u00fablica<\/strong>;<\/li>\n<li>Acordo <strong>coopera\u00e7\u00e3o<\/strong> em quest\u00f5es relacionadas a <strong>defesa<\/strong>;<\/li>\n<li>Acordo sobre<strong> servi\u00e7os a\u00e9reos<\/strong>, com prop\u00f3sito de estabelecer e explorar servi\u00e7os a\u00e9reos entre os dois territ\u00f3rios;<\/li>\n<li>Memorando de entendimento entre o <strong>Gabinete de Seguran\u00e7a Institucional<\/strong> (GSI) e a <strong>Autoridade Nacional de Cyberseguran\u00e7a de Israel<\/strong> (INCD), na \u00e1rea de<strong> seguran\u00e7a digital<\/strong>;<\/li>\n<li>e o Plano de<strong> coopera\u00e7\u00e3o na \u00e1rea de sa\u00fade e medicina<\/strong> entre minist\u00e9rios de Sa\u00fade dos dois pa\u00edses, para os anos de<strong> 2019-2022<\/strong>.<\/li>\n<\/ul>\n<p><a href=\"https:\/\/www.suno.com.br\/noticias\/greve-caminhoneiros-video-bolsonaro\/\">Saiba mais &#8211; Greve dos caminhoneiros: v\u00eddeo de Bolsonaro desagrada sindicalistas<\/a><\/p>\n<h2>Agenda<\/h2>\n<p>Confira abaixo a sequ\u00eancia de eventos na agenda do presidente da Rep\u00fablica, <strong>Jair Bolsonaro<\/strong>, em sua viagem \u00e0 <strong>Israel<\/strong>, ap\u00f3s a declara\u00e7\u00e3o \u00e0 Imprensa:<\/p>\n<ol>\n<li>Jantar oferecido pelo primeiro-ministro de Israel,\u00a0Benjamin Netanyahu, a Jair Bolsonaro.<\/li>\n<li><strong>Segunda-feira (1\u00ba):<\/strong> a comitiva brasileira visitar\u00e1 a <strong>Unidade de Contraterrorismo<\/strong> da pol\u00edcia israelense, onde dever\u00e1 acompanhar uma demonstra\u00e7\u00e3o pr\u00e1tica de a\u00e7\u00f5es executadas pela divis\u00e3o de seguran\u00e7a;<\/li>\n<li>Visita e presid\u00eancia de uma cerim\u00f4nia de<strong> condecora\u00e7\u00e3o da equipe de resgate de Israel<\/strong>, que esteve em <strong>Brumadinho<\/strong>, ap\u00f3s o <strong>rompimento da barragem<\/strong> da mineradora <strong>Vale<\/strong> (VALE3);<\/li>\n<li>Visita ao<strong> Muro das Lamenta\u00e7\u00f5es<\/strong>, o segundo local mais importante do juda\u00edsmo.<\/li>\n<li><strong>Ter\u00e7a-feira (2):<\/strong> Bolsonaro tomar\u00e1 caf\u00e9 da manh\u00e3 com dirigentes de startups brasileiras e israelenses;<\/li>\n<li>O presidente da Rep\u00fablica ter\u00e1<strong> encontro entre empres\u00e1rios<\/strong> dos dois pa\u00edses.<\/li>\n<li>Visita \u00e0 uma<strong> exposi\u00e7\u00e3o de produtos de empresas de inova\u00e7\u00e3o<\/strong> e um<strong> centro industrial de alta tecnologia<\/strong>.<\/li>\n<li>A comitiva presidencial visitar\u00e1 o<strong> Centro de Mem\u00f3ria do Holocausto Yad Vashem<\/strong>, e uma exposi\u00e7\u00e3o de fotos com a mesma tem\u00e1tica.<\/li>\n<li>Jair Bolsonaro dever\u00e1 participar de uma cerim\u00f4nia de <strong>deposi\u00e7\u00e3o de flores e visita ao Bosque das Na\u00e7\u00f5es, em Jerusal\u00e9m<\/strong>, em homenagem a diplomatas brasileiros que ajudaram as <strong>v\u00edtimas do nazismo<\/strong>.<\/li>\n<li><strong>Reuni\u00e3o com brasileiros<\/strong> que residem na cidade israelense de Raanana.<\/li>\n<\/ol>\n<p><strong>Bolsonaro<\/strong> retorna ao Brasil na quarta-feira (3).<\/p>\n","protected":false},"excerpt":{"rendered":"<p>O presidente da Rep\u00fablica, Jair Bolsonaro, embarcou \u00e0s 13 horas deste s\u00e1bado (30) para uma visita oficial a Israel, que durar\u00e1 tr\u00eas dias. A viagem &#8220;retribui&#8221; a vinda ao Brasil do primeiro-ministro israelense, Benjamin Netanyahu. O representante de Israel esteve presente na posse de Jair Bolsonaro. Ambos ter\u00e3o encontro no domingo (31), em Tel Aviv. [&hellip;]<\/p>\n","protected":false},"author":12,"featured_media":8708,"comment_status":"closed","ping_status":"closed","sticky":false,"template":"","format":"standard","meta":[],"categories":[63],"tags":[104961,1275,926,719,1274,1227,1110],"suno_strategy":[],"class_list":["post-19563","post","type-post","status-publish","format-standard","has-post-thumbnail","hentry","category-internacional","tag-benjamin-netanyahu","tag-ernesto-araujo","tag-israel","tag-jair-bolsonaro","tag-ministerio-das-relacoes-exteriores","tag-ministerio-de-minas-e-energia","tag-twitter-twtr34"],"yoast_head":"<!-- This site is optimized with the Yoast SEO plugin v24.4 - https:\/\/yoast.com\/wordpress\/plugins\/seo\/ -->\n<title>Bolsonaro embarca \u00e0 Israel: confira objetivos e agenda da viagem<\/title>\n<meta name=\"description\" content=\"O presidente da Rep\u00fablica, Jair Bolsonaro, embarcou rumo \u00e0 Israel neste s\u00e1bado (30). Confira a agenda e os objetivos da viagem.\" \/>\n<meta name=\"robots\" content=\"index, follow, max-snippet:-1, max-image-preview:large, max-video-preview:-1\" \/>\n<link rel=\"canonical\" href=\"https:\/\/www.suno.com.br\/noticias\/bolsonaro-jair-israel-confira-objetivos-agenda-viagem\/\" \/>\n<meta property=\"og:locale\" content=\"pt_BR\" \/>\n<meta property=\"og:type\" content=\"article\" \/>\n<meta property=\"og:title\" content=\"Bolsonaro embarca \u00e0 Israel: confira objetivos e agenda da viagem\" \/>\n<meta property=\"og:description\" content=\"O presidente da Rep\u00fablica, Jair Bolsonaro, embarcou rumo \u00e0 Israel neste s\u00e1bado (30). Confira a agenda e os objetivos da viagem.\" \/>\n<meta property=\"og:url\" content=\"https:\/\/www.suno.com.br\/noticias\/bolsonaro-jair-israel-confira-objetivos-agenda-viagem\/\" \/>\n<meta property=\"og:site_name\" content=\"Suno Not\u00edcias\" \/>\n<meta property=\"article:publisher\" content=\"https:\/\/facebook.com\/sunoresearch\" \/>\n<meta property=\"og:image\" content=\"https:\/\/files.sunoresearch.com.br\/n\/uploads\/2018\/12\/65a5c02e-bolsonaro.jpg\" \/>\n\t<meta property=\"og:image:width\" content=\"980\" \/>\n\t<meta property=\"og:image:height\" content=\"549\" \/>\n\t<meta property=\"og:image:type\" content=\"image\/jpeg\" \/>\n<meta name=\"author\" content=\"Amanda Gushiken\" \/>\n<meta name=\"twitter:card\" content=\"summary_large_image\" \/>\n<meta name=\"twitter:creator\" content=\"@sunoresearch\" \/>\n<meta name=\"twitter:site\" content=\"@sunoresearch\" \/>\n<meta name=\"twitter:label1\" content=\"Escrito por\" \/>\n\t<meta name=\"twitter:data1\" content=\"Amanda Gushiken\" \/>\n\t<meta name=\"twitter:label2\" content=\"Est. tempo de leitura\" \/>\n\t<meta name=\"twitter:data2\" content=\"4 minutos\" \/>\n<script type=\"application\/ld+json\" class=\"yoast-schema-graph\">{\"@context\":\"https:\/\/schema.org\",\"@graph\":[{\"@type\":\"NewsArticle\",\"@id\":\"https:\/\/www.suno.com.br\/noticias\/bolsonaro-jair-israel-confira-objetivos-agenda-viagem\/#article\",\"isPartOf\":{\"@id\":\"https:\/\/www.suno.com.br\/noticias\/bolsonaro-jair-israel-confira-objetivos-agenda-viagem\/\"},\"author\":{\"name\":\"Amanda Gushiken\",\"@id\":\"https:\/\/www.suno.com.br\/noticias\/#\/schema\/person\/a5b06fa4e879d8e8e119c6ed3cd630d1\"},\"headline\":\"Bolsonaro embarca para Israel: confira objetivos e agenda da viagem\",\"datePublished\":\"2019-03-30T17:23:00+00:00\",\"dateModified\":\"2021-02-18T02:11:03+00:00\",\"mainEntityOfPage\":{\"@id\":\"https:\/\/www.suno.com.br\/noticias\/bolsonaro-jair-israel-confira-objetivos-agenda-viagem\/\"},\"wordCount\":768,\"publisher\":{\"@id\":\"https:\/\/www.suno.com.br\/noticias\/#organization\"},\"image\":{\"@id\":\"https:\/\/www.suno.com.br\/noticias\/bolsonaro-jair-israel-confira-objetivos-agenda-viagem\/#primaryimage\"},\"thumbnailUrl\":\"https:\/\/files.sunoresearch.com.br\/n\/uploads\/2018\/12\/65a5c02e-bolsonaro-jpg.webp\",\"keywords\":[\"Benjamin Netanyahu\",\"Ernesto Ara\u00fajo\",\"Israel\",\"Jair Bolsonaro\",\"Minist\u00e9rio das Rela\u00e7\u00f5es Exteriores\",\"Minist\u00e9rio de Minas e Energia\",\"Twitter (TWTR34)\"],\"articleSection\":[\"Internacional\"],\"inLanguage\":\"pt-BR\"},{\"@type\":\"WebPage\",\"@id\":\"https:\/\/www.suno.com.br\/noticias\/bolsonaro-jair-israel-confira-objetivos-agenda-viagem\/\",\"url\":\"https:\/\/www.suno.com.br\/noticias\/bolsonaro-jair-israel-confira-objetivos-agenda-viagem\/\",\"name\":\"Bolsonaro embarca \u00e0 Israel: confira objetivos e agenda da viagem\",\"isPartOf\":{\"@id\":\"https:\/\/www.suno.com.br\/noticias\/#website\"},\"primaryImageOfPage\":{\"@id\":\"https:\/\/www.suno.com.br\/noticias\/bolsonaro-jair-israel-confira-objetivos-agenda-viagem\/#primaryimage\"},\"image\":{\"@id\":\"https:\/\/www.suno.com.br\/noticias\/bolsonaro-jair-israel-confira-objetivos-agenda-viagem\/#primaryimage\"},\"thumbnailUrl\":\"https:\/\/files.sunoresearch.com.br\/n\/uploads\/2018\/12\/65a5c02e-bolsonaro-jpg.webp\",\"datePublished\":\"2019-03-30T17:23:00+00:00\",\"dateModified\":\"2021-02-18T02:11:03+00:00\",\"description\":\"O presidente da Rep\u00fablica, Jair Bolsonaro, embarcou rumo \u00e0 Israel neste s\u00e1bado (30). Confira a agenda e os objetivos da viagem.\",\"breadcrumb\":{\"@id\":\"https:\/\/www.suno.com.br\/noticias\/bolsonaro-jair-israel-confira-objetivos-agenda-viagem\/#breadcrumb\"},\"inLanguage\":\"pt-BR\",\"potentialAction\":[{\"@type\":\"ReadAction\",\"target\":[\"https:\/\/www.suno.com.br\/noticias\/bolsonaro-jair-israel-confira-objetivos-agenda-viagem\/\"]}]},{\"@type\":\"ImageObject\",\"inLanguage\":\"pt-BR\",\"@id\":\"https:\/\/www.suno.com.br\/noticias\/bolsonaro-jair-israel-confira-objetivos-agenda-viagem\/#primaryimage\",\"url\":\"https:\/\/files.sunoresearch.com.br\/n\/uploads\/2018\/12\/65a5c02e-bolsonaro-jpg.webp\",\"contentUrl\":\"https:\/\/files.sunoresearch.com.br\/n\/uploads\/2018\/12\/65a5c02e-bolsonaro-jpg.webp\",\"width\":980,\"height\":549,\"caption\":\"Jair Bolsonaro afirma que seu filho \u00e9 adequado para cargo de embaixador\"},{\"@type\":\"BreadcrumbList\",\"@id\":\"https:\/\/www.suno.com.br\/noticias\/bolsonaro-jair-israel-confira-objetivos-agenda-viagem\/#breadcrumb\",\"itemListElement\":[{\"@type\":\"ListItem\",\"position\":1,\"name\":\"Not\u00edcias\",\"item\":\"https:\/\/www.suno.com.br\/noticias\/\"},{\"@type\":\"ListItem\",\"position\":2,\"name\":\"Internacional\",\"item\":\"https:\/\/www.suno.com.br\/noticias\/internacional\/\"},{\"@type\":\"ListItem\",\"position\":3,\"name\":\"Bolsonaro embarca para Israel: confira objetivos e agenda da viagem\"}]},{\"@type\":\"WebSite\",\"@id\":\"https:\/\/www.suno.com.br\/noticias\/#website\",\"url\":\"https:\/\/www.suno.com.br\/noticias\/\",\"name\":\"Suno Not\u00edcias\",\"description\":\"Seu portal de informa\u00e7\u00e3o sobre o mundo dos investimentos\",\"publisher\":{\"@id\":\"https:\/\/www.suno.com.br\/noticias\/#organization\"},\"potentialAction\":[{\"@type\":\"SearchAction\",\"target\":{\"@type\":\"EntryPoint\",\"urlTemplate\":\"https:\/\/www.suno.com.br\/noticias\/?s={search_term_string}\"},\"query-input\":{\"@type\":\"PropertyValueSpecification\",\"valueRequired\":true,\"valueName\":\"search_term_string\"}}],\"inLanguage\":\"pt-BR\"},{\"@type\":\"Organization\",\"@id\":\"https:\/\/www.suno.com.br\/noticias\/#organization\",\"name\":\"Suno Not\u00edcias\",\"url\":\"https:\/\/www.suno.com.br\/noticias\/\",\"logo\":{\"@type\":\"ImageObject\",\"inLanguage\":\"pt-BR\",\"@id\":\"https:\/\/www.suno.com.br\/noticias\/#\/schema\/logo\/image\/\",\"url\":\"https:\/\/files.sunoresearch.com.br\/n\/uploads\/2021\/09\/suno-logo.png\",\"contentUrl\":\"https:\/\/files.sunoresearch.com.br\/n\/uploads\/2021\/09\/suno-logo.png\",\"width\":180,\"height\":180,\"caption\":\"Suno Not\u00edcias\"},\"image\":{\"@id\":\"https:\/\/www.suno.com.br\/noticias\/#\/schema\/logo\/image\/\"},\"sameAs\":[\"https:\/\/facebook.com\/sunoresearch\",\"https:\/\/x.com\/sunoresearch\",\"https:\/\/www.instagram.com\/suno\",\"https:\/\/www.linkedin.com\/company\/suno-research\/\",\"https:\/\/www.youtube.com\/c\/sunoresearch\"]},{\"@type\":\"Person\",\"@id\":\"https:\/\/www.suno.com.br\/noticias\/#\/schema\/person\/a5b06fa4e879d8e8e119c6ed3cd630d1\",\"name\":\"Amanda Gushiken\",\"image\":{\"@type\":\"ImageObject\",\"inLanguage\":\"pt-BR\",\"@id\":\"https:\/\/www.suno.com.br\/noticias\/#\/schema\/person\/image\/\",\"url\":\"https:\/\/secure.gravatar.com\/avatar\/ecd84705e6b65e3685ae80d725501fbe?s=96&r=g\",\"contentUrl\":\"https:\/\/secure.gravatar.com\/avatar\/ecd84705e6b65e3685ae80d725501fbe?s=96&r=g\",\"caption\":\"Amanda Gushiken\"},\"description\":\"Amanda Sayuri Gushiken escreve sobre finan\u00e7as e neg\u00f3cios para o portal Suno Not\u00edcias. Antes, trabalhou selecionando not\u00edcias da imprensa para clientes do mercado financeiro. Tamb\u00e9m desenvolveu pesquisa acad\u00eamica pela Universidade Anhembi Morumbi na \u00e1rea de Teorias da Comunica\u00e7\u00e3o e \u00e9 fot\u00f3grafa nas horas vagas.\",\"url\":\"https:\/\/www.suno.com.br\/noticias\/author\/amanda\/\"}]}<\/script>\n<!-- \/ Yoast SEO plugin. -->","yoast_head_json":{"title":"Bolsonaro embarca \u00e0 Israel: confira objetivos e agenda da viagem","description":"O presidente da Rep\u00fablica, Jair Bolsonaro, embarcou rumo \u00e0 Israel neste s\u00e1bado (30). Confira a agenda e os objetivos da viagem.","robots":{"index":"index","follow":"follow","max-snippet":"max-snippet:-1","max-image-preview":"max-image-preview:large","max-video-preview":"max-video-preview:-1"},"canonical":"https:\/\/www.suno.com.br\/noticias\/bolsonaro-jair-israel-confira-objetivos-agenda-viagem\/","og_locale":"pt_BR","og_type":"article","og_title":"Bolsonaro embarca \u00e0 Israel: confira objetivos e agenda da viagem","og_description":"O presidente da Rep\u00fablica, Jair Bolsonaro, embarcou rumo \u00e0 Israel neste s\u00e1bado (30). Confira a agenda e os objetivos da viagem.","og_url":"https:\/\/www.suno.com.br\/noticias\/bolsonaro-jair-israel-confira-objetivos-agenda-viagem\/","og_site_name":"Suno Not\u00edcias","article_publisher":"https:\/\/facebook.com\/sunoresearch","og_image":[{"width":980,"height":549,"url":"https:\/\/files.sunoresearch.com.br\/n\/uploads\/2018\/12\/65a5c02e-bolsonaro.jpg","type":"image\/jpeg"}],"author":"Amanda Gushiken","twitter_card":"summary_large_image","twitter_creator":"@sunoresearch","twitter_site":"@sunoresearch","twitter_misc":{"Escrito por":"Amanda Gushiken","Est. tempo de leitura":"4 minutos"},"schema":{"@context":"https:\/\/schema.org","@graph":[{"@type":"NewsArticle","@id":"https:\/\/www.suno.com.br\/noticias\/bolsonaro-jair-israel-confira-objetivos-agenda-viagem\/#article","isPartOf":{"@id":"https:\/\/www.suno.com.br\/noticias\/bolsonaro-jair-israel-confira-objetivos-agenda-viagem\/"},"author":{"name":"Amanda Gushiken","@id":"https:\/\/www.suno.com.br\/noticias\/#\/schema\/person\/a5b06fa4e879d8e8e119c6ed3cd630d1"},"headline":"Bolsonaro embarca para Israel: confira objetivos e agenda da viagem","datePublished":"2019-03-30T17:23:00+00:00","dateModified":"2021-02-18T02:11:03+00:00","mainEntityOfPage":{"@id":"https:\/\/www.suno.com.br\/noticias\/bolsonaro-jair-israel-confira-objetivos-agenda-viagem\/"},"wordCount":768,"publisher":{"@id":"https:\/\/www.suno.com.br\/noticias\/#organization"},"image":{"@id":"https:\/\/www.suno.com.br\/noticias\/bolsonaro-jair-israel-confira-objetivos-agenda-viagem\/#primaryimage"},"thumbnailUrl":"https:\/\/files.sunoresearch.com.br\/n\/uploads\/2018\/12\/65a5c02e-bolsonaro-jpg.webp","keywords":["Benjamin Netanyahu","Ernesto Ara\u00fajo","Israel","Jair Bolsonaro","Minist\u00e9rio das Rela\u00e7\u00f5es Exteriores","Minist\u00e9rio de Minas e Energia","Twitter (TWTR34)"],"articleSection":["Internacional"],"inLanguage":"pt-BR"},{"@type":"WebPage","@id":"https:\/\/www.suno.com.br\/noticias\/bolsonaro-jair-israel-confira-objetivos-agenda-viagem\/","url":"https:\/\/www.suno.com.br\/noticias\/bolsonaro-jair-israel-confira-objetivos-agenda-viagem\/","name":"Bolsonaro embarca \u00e0 Israel: confira objetivos e agenda da viagem","isPartOf":{"@id":"https:\/\/www.suno.com.br\/noticias\/#website"},"primaryImageOfPage":{"@id":"https:\/\/www.suno.com.br\/noticias\/bolsonaro-jair-israel-confira-objetivos-agenda-viagem\/#primaryimage"},"image":{"@id":"https:\/\/www.suno.com.br\/noticias\/bolsonaro-jair-israel-confira-objetivos-agenda-viagem\/#primaryimage"},"thumbnailUrl":"https:\/\/files.sunoresearch.com.br\/n\/uploads\/2018\/12\/65a5c02e-bolsonaro-jpg.webp","datePublished":"2019-03-30T17:23:00+00:00","dateModified":"2021-02-18T02:11:03+00:00","description":"O presidente da Rep\u00fablica, Jair Bolsonaro, embarcou rumo \u00e0 Israel neste s\u00e1bado (30). Confira a agenda e os objetivos da viagem.","breadcrumb":{"@id":"https:\/\/www.suno.com.br\/noticias\/bolsonaro-jair-israel-confira-objetivos-agenda-viagem\/#breadcrumb"},"inLanguage":"pt-BR","potentialAction":[{"@type":"ReadAction","target":["https:\/\/www.suno.com.br\/noticias\/bolsonaro-jair-israel-confira-objetivos-agenda-viagem\/"]}]},{"@type":"ImageObject","inLanguage":"pt-BR","@id":"https:\/\/www.suno.com.br\/noticias\/bolsonaro-jair-israel-confira-objetivos-agenda-viagem\/#primaryimage","url":"https:\/\/files.sunoresearch.com.br\/n\/uploads\/2018\/12\/65a5c02e-bolsonaro-jpg.webp","contentUrl":"https:\/\/files.sunoresearch.com.br\/n\/uploads\/2018\/12\/65a5c02e-bolsonaro-jpg.webp","width":980,"height":549,"caption":"Jair Bolsonaro afirma que seu filho \u00e9 adequado para cargo de embaixador"},{"@type":"BreadcrumbList","@id":"https:\/\/www.suno.com.br\/noticias\/bolsonaro-jair-israel-confira-objetivos-agenda-viagem\/#breadcrumb","itemListElement":[{"@type":"ListItem","position":1,"name":"Not\u00edcias","item":"https:\/\/www.suno.com.br\/noticias\/"},{"@type":"ListItem","position":2,"name":"Internacional","item":"https:\/\/www.suno.com.br\/noticias\/internacional\/"},{"@type":"ListItem","position":3,"name":"Bolsonaro embarca para Israel: confira objetivos e agenda da viagem"}]},{"@type":"WebSite","@id":"https:\/\/www.suno.com.br\/noticias\/#website","url":"https:\/\/www.suno.com.br\/noticias\/","name":"Suno Not\u00edcias","description":"Seu portal de informa\u00e7\u00e3o sobre o mundo dos investimentos","publisher":{"@id":"https:\/\/www.suno.com.br\/noticias\/#organization"},"potentialAction":[{"@type":"SearchAction","target":{"@type":"EntryPoint","urlTemplate":"https:\/\/www.suno.com.br\/noticias\/?s={search_term_string}"},"query-input":{"@type":"PropertyValueSpecification","valueRequired":true,"valueName":"search_term_string"}}],"inLanguage":"pt-BR"},{"@type":"Organization","@id":"https:\/\/www.suno.com.br\/noticias\/#organization","name":"Suno Not\u00edcias","url":"https:\/\/www.suno.com.br\/noticias\/","logo":{"@type":"ImageObject","inLanguage":"pt-BR","@id":"https:\/\/www.suno.com.br\/noticias\/#\/schema\/logo\/image\/","url":"https:\/\/files.sunoresearch.com.br\/n\/uploads\/2021\/09\/suno-logo.png","contentUrl":"https:\/\/files.sunoresearch.com.br\/n\/uploads\/2021\/09\/suno-logo.png","width":180,"height":180,"caption":"Suno Not\u00edcias"},"image":{"@id":"https:\/\/www.suno.com.br\/noticias\/#\/schema\/logo\/image\/"},"sameAs":["https:\/\/facebook.com\/sunoresearch","https:\/\/x.com\/sunoresearch","https:\/\/www.instagram.com\/suno","https:\/\/www.linkedin.com\/company\/suno-research\/","https:\/\/www.youtube.com\/c\/sunoresearch"]},{"@type":"Person","@id":"https:\/\/www.suno.com.br\/noticias\/#\/schema\/person\/a5b06fa4e879d8e8e119c6ed3cd630d1","name":"Amanda Gushiken","image":{"@type":"ImageObject","inLanguage":"pt-BR","@id":"https:\/\/www.suno.com.br\/noticias\/#\/schema\/person\/image\/","url":"https:\/\/secure.gravatar.com\/avatar\/ecd84705e6b65e3685ae80d725501fbe?s=96&r=g","contentUrl":"https:\/\/secure.gravatar.com\/avatar\/ecd84705e6b65e3685ae80d725501fbe?s=96&r=g","caption":"Amanda Gushiken"},"description":"Amanda Sayuri Gushiken escreve sobre finan\u00e7as e neg\u00f3cios para o portal Suno Not\u00edcias. Antes, trabalhou selecionando not\u00edcias da imprensa para clientes do mercado financeiro. Tamb\u00e9m desenvolveu pesquisa acad\u00eamica pela Universidade Anhembi Morumbi na \u00e1rea de Teorias da Comunica\u00e7\u00e3o e \u00e9 fot\u00f3grafa nas horas vagas.","url":"https:\/\/www.suno.com.br\/noticias\/author\/amanda\/"}]}},"default_loop_html":"<div class=\"cardsPage__listCard__boxs\"><div class=\"cardsPage__listCard__boxs__img\"><a href=\"https:\/\/www.suno.com.br\/noticias\/bolsonaro-jair-israel-confira-objetivos-agenda-viagem\/\"><img class=\"mask\" src=\"https:\/\/www.suno.com.br\/noticias\/wp-content\/themes\/suno\/resources\/images\/spotlight\/spotlight1img\/bg-mask.png\" alt=\"Image Mask\"\/><img src=\"https:\/\/files.sunoresearch.com.br\/n\/uploads\/2018\/12\/65a5c02e-bolsonaro-400x200.webp\" alt=\"Bolsonaro embarca para Israel: confira objetivos e agenda da viagem\"\/><\/a><span class=\"spotlightCategory\"><a href=\"https:\/\/www.suno.com.br\/noticias\/internacional\/\">Internacional<\/a><\/span><\/div><div class=\"cardsPage__listCard__boxs__content\"><a href=\"https:\/\/www.suno.com.br\/noticias\/bolsonaro-jair-israel-confira-objetivos-agenda-viagem\/\"><h2 class=\"content__title\">Bolsonaro embarca para Israel: confira objetivos e agenda da viagem<\/h2><\/a><div class=\"newsContent__article__meta\"><div class=\"newsContent__article__meta__authorBox\"><a href=\"https:\/\/www.suno.com.br\/noticias\/author\/amanda\/\" class=\"authorBox__avatar noMobi\"><img src=\"https:\/\/files.sunoresearch.com.br\/n\/uploads\/2018\/11\/c6ad30be-amanda-150x150.webp\" alt=\"Amanda Gushiken\"><\/a><div class=\"authorBox__name\"><span>por\n\t\t\t<a href=\"https:\/\/www.suno.com.br\/noticias\/author\/amanda\/\"><span itemprop=\"author\">Amanda Gushiken<\/span><\/a><\/span><time datetime=\"2019-03-30T14:23:00-03:00\" itemprop=\"datePublished\">30\/03\/2019 14:23<\/time><\/div><\/div><\/div><\/div><\/div>","single_layout":"posts","amp_enabled":true,"_links":{"self":[{"href":"https:\/\/www.suno.com.br\/noticias\/wp-json\/wp\/v2\/posts\/19563"}],"collection":[{"href":"https:\/\/www.suno.com.br\/noticias\/wp-json\/wp\/v2\/posts"}],"about":[{"href":"https:\/\/www.suno.com.br\/noticias\/wp-json\/wp\/v2\/types\/post"}],"author":[{"embeddable":true,"href":"https:\/\/www.suno.com.br\/noticias\/wp-json\/wp\/v2\/users\/12"}],"replies":[{"embeddable":true,"href":"https:\/\/www.suno.com.br\/noticias\/wp-json\/wp\/v2\/comments?post=19563"}],"version-history":[{"count":0,"href":"https:\/\/www.suno.com.br\/noticias\/wp-json\/wp\/v2\/posts\/19563\/revisions"}],"wp:featuredmedia":[{"embeddable":true,"href":"https:\/\/www.suno.com.br\/noticias\/wp-json\/wp\/v2\/media\/8708"}],"wp:attachment":[{"href":"https:\/\/www.suno.com.br\/noticias\/wp-json\/wp\/v2\/media?parent=19563"}],"wp:term":[{"taxonomy":"category","embeddable":true,"href":"https:\/\/www.suno.com.br\/noticias\/wp-json\/wp\/v2\/categories?post=19563"},{"taxonomy":"post_tag","embeddable":true,"href":"https:\/\/www.suno.com.br\/noticias\/wp-json\/wp\/v2\/tags?post=19563"},{"taxonomy":"suno_strategy","embeddable":true,"href":"https:\/\/www.suno.com.br\/noticias\/wp-json\/wp\/v2\/suno_strategy?post=19563"}],"curies":[{"name":"wp","href":"https:\/\/api.w.org\/{rel}","templated":true}]}}