{"id":195595,"date":"2021-10-20T20:33:31","date_gmt":"2021-10-20T23:33:31","guid":{"rendered":"https:\/\/www.suno.com.br\/noticias\/?p=195595"},"modified":"2021-10-20T20:33:31","modified_gmt":"2021-10-20T23:33:31","slug":"privatizacao-correios-abocanhado-setor-privado","status":"publish","type":"post","link":"https:\/\/www.suno.com.br\/noticias\/privatizacao-correios-abocanhado-setor-privado\/","title":{"rendered":"Sem privatiza\u00e7\u00e3o, Correios ter\u00e1 mercado &#8220;abocanhado&#8221; pelo setor privado, diz ministro"},"content":{"rendered":"<p>Caso a privatiza\u00e7\u00e3o dos <strong>Correios<\/strong> n\u00e3o aconte\u00e7a, a tend\u00eancia \u00e9 de que outras empresas \u201cabocanhem\u201d o fil\u00e9 dos servi\u00e7os de log\u00edstica &#8212; a entrega de encomendas&#8211;, deixando a estatal com &#8220;apenas os ossos&#8221; dos seus servi\u00e7os oferecidos, que seria a entrega de correspond\u00eancias. A opini\u00e3o foi dada nesta quarta (20) pelo ministro das Comunica\u00e7\u00f5es, F\u00e1bio Faria.<\/p>\t<div class=\"wrapper-featured-image\">\n\t\t<figure class=\"spotlightImg\">\n\n\t\t\t<picture>\n\t\t\t\t<source media=\"(max-width: 768px)\" srcset=\"https:\/\/files.sunoresearch.com.br\/n\/uploads\/2019\/10\/2a2e673a-correios-400x200.webp\">\n\t\t\t\t<img loading=\"lazy\" decoding=\"async\" class=\"newsContent__article__imgCapa lazyloadDisabled \" src=\"https:\/\/files.sunoresearch.com.br\/n\/uploads\/2019\/10\/2a2e673a-correios-800x450.webp\" width=\"800\" height=\"450\" alt=\"Sem privatiza\u00e7\u00e3o, Correios ter\u00e1 mercado &#8220;abocanhado&#8221; pelo setor privado, diz ministro\" fetchpriority=high \/>\n\t\t\t<\/picture>\n\n\t\t\t<figcaption class=\"wp-caption-text wp-caption-text--show\">Correios (foto: divulga\u00e7\u00e3o)<\/figcaption>\n\t\t<\/figure>\n\t<\/div>\n\n\n\t<p>\n\t\t<a href=\"https:\/\/lp.suno.com.br\/planilha-controle-gastos\/\" target=\"_blank\" data-element=\"shortcode-suno-banner\" title=\"Banner SUNO, clique e saiba mais\">\n\t\t\t<picture>\n\t\t\t\t<source media=\"(max-width: 500px)\" srcset=\"https:\/\/files.sunoresearch.com.br\/n\/uploads\/2023\/03\/400x300-Planilha-controle-de-gastos.png\">\n\t\t\t\t<img class=\"newsContent__article__imgCapa newsContent__article__imgCapa--banner\"\n\t\t\t\t\tsrc=\"https:\/\/files.sunoresearch.com.br\/n\/uploads\/2023\/03\/1420x240-Planilha-controle-de-gastos.png\"\n\t\t\t\t\tdata-promo-id=\"101751\"\t\t\t\t\t\t\t\t\t\twidth='1420' height='240'\t\t\t\t\talt=\"https:\/\/files.sunoresearch.com.br\/n\/uploads\/2023\/03\/1420x240-Planilha-controle-de-gastos.png\"\n\t\t\t\t>\n\t\t\t<\/picture>\n\t\t<\/a>\n\t<\/p>\n\n\n<p>Segundo o ministro, essa tend\u00eancia j\u00e1 vem sendo percebida e foi refor\u00e7ada durante os per\u00edodos em que os servidores dos <strong>Correios<\/strong> fizeram paralisa\u00e7\u00f5es, o que levou empresas como <strong>Mercado Livre<\/strong> (MELI34) e <strong>Magalu<\/strong> (MGLU3) a buscarem alternativas para a entrega de encomendas. \u201cQuando a greve acaba, essas empresas n\u00e3o voltam para os Correios\u201d, disse o ministro durante audi\u00eancia p\u00fablica na Comiss\u00e3o de Assuntos Econ\u00f4micos do Senado. O projeto de <a href=\"https:\/\/agenciabrasil.ebc.com.br\/politica\/noticia\/2021-08\/camara-aprova-projeto-que-permite-privatizacao-dos-correios\" target=\"_blank\" rel=\"noopener\">privatiza\u00e7\u00e3o dos Correios j\u00e1 foi aprovado na C\u00e2mara<\/a>, mas est\u00e1 parado no Senado.<\/p>\n<p>Faria teceu elogios aos Correios, mas defendeu sua privatiza\u00e7\u00e3o. \u201c\u00c9 <strong>a \u00fanica empresa<\/strong> que est\u00e1 presente nos 5.568 munic\u00edpios brasileiros, entregando cartas e encomendas nas regi\u00f5es mais remotas do pa\u00eds, principalmente na <strong>Regi\u00e3o Amaz\u00f4nica<\/strong>, onde temos dificuldades de log\u00edstica\u201d, disse.<\/p>\n<p>Ele lembrou que, das 31 mil lojas virtuais que existem no Brasil, 27,5 mil utilizam os Correios para enviarem suas encomendas. \u201cS\u00e3o 2,5 milh\u00f5es de pequenos neg\u00f3cios que fazem com que, a cada quatro encomendas, tr\u00eas sejam entregues pelos Correios, o que mostra a capilaridade e a import\u00e2ncia dessa empresa para o pa\u00eds\u201d, disse o ministro antes de criticar <strong>as greves e paralisa\u00e7\u00f5es<\/strong> dos trabalhadores da estatal.<\/p>\n<h2>Correspond\u00eancias s\u00e3o \u201cosso\u201d<\/h2>\n<p>\u201cNos \u00faltimos 10 anos tivemos 12 greves. S\u00f3 no ano passado, teve uma paralisa\u00e7\u00e3o de 35 dias. Nela, outras empresas como Mercado Livre e Magalu usavam praticamente apenas os Correios.\u00a0Hoje\u00a0essas empresas usam <strong>apenas 10%,<\/strong> porque elas precisam garantir a entrega. N\u00e3o podiam parar\u201d, disse Faria ao acrescentar que as empresas de varejo teriam adquirido caminh\u00f5es, avi\u00f5es, vans e contratado motoboys para garantir as entregas em per\u00edodos de greve.<\/p>\n\t<p>\n\t\t<a href=\"https:\/\/lp.suno.com.br\/planilha-da-vida-financeira\/\" target=\"_blank\" data-element=\"shortcode-suno-banner\" title=\"Banner SUNO, clique e saiba mais\">\n\t\t\t<picture>\n\t\t\t\t<source media=\"(max-width: 500px)\" srcset=\"https:\/\/files.sunoresearch.com.br\/n\/uploads\/2023\/04\/400x300-Planilha-vida-financeira-true.png\">\n\t\t\t\t<img class=\"newsContent__article__imgCapa newsContent__article__imgCapa--banner\"\n\t\t\t\t\tsrc=\"https:\/\/files.sunoresearch.com.br\/n\/uploads\/2023\/04\/1420x240-Planilha-vida-financeira-true.png\"\n\t\t\t\t\tdata-promo-id=\"106682\"\t\t\t\t\t\t\t\t\t\twidth='1420' height='240'\t\t\t\t\talt=\"https:\/\/files.sunoresearch.com.br\/n\/uploads\/2023\/04\/1420x240-Planilha-vida-financeira-true.png\"\n\t\t\t\t>\n\t\t\t<\/picture>\n\t\t<\/a>\n\t<\/p>\n\n\n<p>O ministro disse que, diante dessas situa\u00e7\u00f5es, os Correios teriam perdido entre 20% a 30% do <strong>market\u00a0share<\/strong> de entregas de\u00a0encomendas e receitas. \u201cVai chegar o momento em que nenhuma empresa vai se interessar pelos Correios para fazer entrega de encomendas. Restar\u00e1 apenas o osso para os Correios, que \u00e9 a entrega de correspond\u00eancias.\u201d<\/p>\n<p>Ainda segundo Faria, a maior proximidade do Brasil com os continentes africano e europeu possibilita que\u00a0os Correios venham a ser\u00a0a melhor empresa do setor na Am\u00e9rica Latina.<\/p>\n<h2>Rinc\u00f5es abandonados sem cidadania<\/h2>\n<p>L\u00edder do PT no Senado, o senador Paulo Rocha, do Par\u00e1, disse que, a exemplo do que \u00e9 observado em outros setores que tiveram estatais privatizadas, o <strong>setor privado<\/strong> <strong>n\u00e3o dar\u00e1 conta<\/strong> de resolver os problemas de falta de presta\u00e7\u00e3o de servi\u00e7os \u201cnos rinc\u00f5es\u201d do\u00a0pa\u00eds que tem dimens\u00f5es continentais.\u00a0 Rocha disse que situa\u00e7\u00e3o similar ocorreu no setor de telecomunica\u00e7\u00f5es que, at\u00e9\u00a0hoje, n\u00e3o disponibilizou internet em diversas regi\u00f5es e, em especial, nas escolas no interior do pa\u00eds.<\/p>\n\t<p>\n\t\t<a href=\"https:\/\/lp.suno.com.br\/ebook-como-analisar-uma-acao\/\" target=\"_blank\" data-element=\"shortcode-suno-banner\" title=\"Banner SUNO, clique e saiba mais\">\n\t\t\t<picture>\n\t\t\t\t<source media=\"(max-width: 500px)\" srcset=\"https:\/\/files.sunoresearch.com.br\/n\/uploads\/2023\/03\/Ebook-Acoes-Mobile-1.jpg\">\n\t\t\t\t<img class=\"newsContent__article__imgCapa newsContent__article__imgCapa--banner\"\n\t\t\t\t\tsrc=\"https:\/\/files.sunoresearch.com.br\/n\/uploads\/2023\/03\/Ebook-Acoes-Desktop-1.jpg\"\n\t\t\t\t\tdata-promo-id=\"171998\"\t\t\t\t\t\t\t\t\t\twidth='1420' height='286'\t\t\t\t\talt=\"https:\/\/files.sunoresearch.com.br\/n\/uploads\/2023\/03\/Ebook-Acoes-Desktop-1.jpg\"\n\t\t\t\t>\n\t\t\t<\/picture>\n\t\t<\/a>\n\t<\/p>\n\n\n<p>\u201cO Estado cumpre papel fundamental para gerar cidad\u00e3os nesses rinc\u00f5es. N\u00e3o queremos apenas cidad\u00e3os nas regi\u00f5es com estrutura. Temos de nos preocupar com aqueles que moram l\u00e1 no meio da floresta. A cidadania tem de chegar tamb\u00e9m a eles, e o respons\u00e1vel por isso \u00e9 o Estado brasileiro e os servi\u00e7os p\u00fablicos\u201d, disse.<\/p>\n<p>Segundo o senador, o governo s\u00f3 repassa, ao setor privado, os servi\u00e7os p\u00fablicos que geram lucros, como \u00e9 o caso dos Correios e das telecomunica\u00e7\u00f5es. No entanto, acrescenta ele, essas empresas \u201cs\u00f3 v\u00e3o atr\u00e1s de [locais] onde haja lucratividade\u201d.<\/p>\n<p>\u201cOnde<strong> n\u00e3o houver lucratividade<\/strong>, a empresa privada n\u00e3o vai porque sempre busca retorno [financeiro]. A universaliza\u00e7\u00e3o n\u00e3o chega l\u00e1, e o investimento s\u00f3 chegar\u00e1 via tarifas. Esse \u00e9 um modelo que, sinceramente, n\u00e3o serve para o pa\u00eds. N\u00e3o somos contra privatiza\u00e7\u00f5es, mas h\u00e1 outros modelos, como o das parcerias p\u00fablico-privada, que buscam media\u00e7\u00f5es para investimentos privados, o que pode ser feito na log\u00edstica e na infraestrutura\u201d, argumentou.<\/p>\n<h2>&#8220;A gente sequer sabe quanto valem os Correios&#8221;, diz senador<\/h2>\n<p>O senador Jean Paul Prates (PT-RN) lembrou que, entre os servi\u00e7os estrat\u00e9gicos prestados pelos Correios, est\u00e1 a entrega de 200 milh\u00f5es de livros e materiais did\u00e1ticos a 5.570 munic\u00edpios todos os anos.\u00a0\u201cAl\u00e9m disso, no dia do Enem, em 3 horas apenas provas s\u00e3o entregues em 15 mil localidades diferentes\u201d, acrescentou ao lembrar que as tarifas postais brasileiras est\u00e3o atualmente \u201centre as mais baratas do mundo\u201d.<\/p>\n\t<p>\n\t\t<a href=\"https:\/\/lp.suno.com.br\/planilha-de-controle-de-investimentos\/\" target=\"_blank\" data-element=\"shortcode-suno-banner\" title=\"Banner SUNO, clique e saiba mais\">\n\t\t\t<picture>\n\t\t\t\t<source media=\"(max-width: 500px)\" srcset=\"https:\/\/files.sunoresearch.com.br\/n\/uploads\/2023\/03\/400x300-Controle-de-Investimentos.png\">\n\t\t\t\t<img class=\"newsContent__article__imgCapa newsContent__article__imgCapa--banner\"\n\t\t\t\t\tsrc=\"https:\/\/files.sunoresearch.com.br\/n\/uploads\/2023\/03\/1420x240-Controle-de-Investimentos.png\"\n\t\t\t\t\tdata-promo-id=\"75934\"\t\t\t\t\t\t\t\t\t\twidth='1420' height='240'\t\t\t\t\talt=\"https:\/\/files.sunoresearch.com.br\/n\/uploads\/2023\/03\/1420x240-Controle-de-Investimentos.png\"\n\t\t\t\t>\n\t\t\t<\/picture>\n\t\t<\/a>\n\t<\/p>\n\n\n<p>Uma outra cr\u00edtica feita pelos senadores est\u00e1 relacionada \u00e0 impossibilidade de se definir um valor para os Correios. \u201cVender os Correios\u00a0hoje\u00a0\u00e9 vender sua estrutura e sua capilaridade para chegar a todos, em um momento de ressaca ou de xepa da pandemia. N\u00e3o podemos vender desesperadamente os Correios agora [porque a crise da pandemia desvalorizou empresas]. N\u00e3o d\u00e1 para entender isso. \u00c8 um p\u00e9ssimo momento para fazer essa venda.\u201d<\/p>\n\t<div data-element=\"shortcode-read-more\" class=\"knowMore\">\n\t\t\t\t<span class=\"knowMore__title\">Leia mais<\/span>\n\t\t\t\t<a class=\"knowMore__link\" href=\"https:\/\/www.suno.com.br\/noticias\/privatizacao-correios-senado-votacao-governo\/\">\n\t\t\tPrivatiza\u00e7\u00e3o dos Correios deve ser votada no Senado na pr\u00f3xima semana, diz coluna\t\t<\/a>\n\t<\/div>\n\n\n<p>\u201cCapital e investimento privado s\u00e3o muito bem-vindos. N\u00e3o h\u00e1 problema quanto a isso. Mas \u00e9 poss\u00edvel conciliar. Dessa forma, fazer essa privatiza\u00e7\u00e3o \u00e9 algo assustador porque a gente sequer sabe quanto valem os Correios. N\u00e3o h\u00e1 valor definido nem estudo concreto dizendo quanto vale isso. N\u00e3o \u00e9 s\u00f3 carros e linhas a\u00e9reas. \u00c9 a marca, \u00e9 a universalidade e \u00e9 tudo que comp\u00f5e uma empresa estatal constru\u00edda ao longo de tanto tempo\u201d, argumentou Prates.<\/p>\n<p><em>(Com informa\u00e7\u00f5es da Ag\u00eancia Brasil)<\/em><\/p>\n\t<p>\n\t\t<a href=\"\" target=\"_blank\" data-element=\"shortcode-suno-banner\" title=\"Banner SUNO, clique e saiba mais\">\n\t\t\t<picture>\n\t\t\t\t<source media=\"(max-width: 500px)\" srcset=\"\">\n\t\t\t\t<img class=\"newsContent__article__imgCapa newsContent__article__imgCapa--banner\"\n\t\t\t\t\tsrc=\"\"\n\t\t\t\t\tdata-promo-id=\"184190\"\t\t\t\t\t\t\t\t\t\t\t\t\t\t\talt=\"\"\n\t\t\t\t>\n\t\t\t<\/picture>\n\t\t<\/a>\n\t<\/p>\n\n\n","protected":false},"excerpt":{"rendered":"<p>Caso a privatiza\u00e7\u00e3o dos Correios n\u00e3o aconte\u00e7a, a tend\u00eancia \u00e9 de que outras empresas \u201cabocanhem\u201d o fil\u00e9 dos servi\u00e7os de log\u00edstica &#8212; a entrega de encomendas&#8211;, deixando a estatal com &#8220;apenas os ossos&#8221; dos seus servi\u00e7os oferecidos, que seria a entrega de correspond\u00eancias. A opini\u00e3o foi dada nesta quarta (20) pelo ministro das Comunica\u00e7\u00f5es, F\u00e1bio [&hellip;]<\/p>\n","protected":false},"author":118,"featured_media":40404,"comment_status":"closed","ping_status":"closed","sticky":false,"template":"","format":"standard","meta":[],"categories":[64],"tags":[700,548,1235],"suno_strategy":[],"class_list":["post-195595","post","type-post","status-publish","format-standard","has-post-thumbnail","hentry","category-negocios","tag-correios","tag-magazine-luiza-mglu3","tag-mercado-livre-meli34"],"yoast_head":"<!-- This site is optimized with the Yoast SEO plugin v24.4 - https:\/\/yoast.com\/wordpress\/plugins\/seo\/ -->\n<title>Sem privatiza\u00e7\u00e3o, Correios ter\u00e1 mercado &quot;abocanhado&quot; pelo setor privado, diz ministro<\/title>\n<meta name=\"description\" content=\"Caso a privatiza\u00e7\u00e3o dos Correios n\u00e3o aconte\u00e7a, a tend\u00eancia \u00e9 que outras empresas \u201cabocanhem\u201d o fil\u00e9 dos servi\u00e7os de log\u00edstica...Saiba mais\" \/>\n<meta name=\"robots\" content=\"index, follow, max-snippet:-1, max-image-preview:large, max-video-preview:-1\" \/>\n<link rel=\"canonical\" href=\"https:\/\/www.suno.com.br\/noticias\/privatizacao-correios-abocanhado-setor-privado\/\" \/>\n<meta property=\"og:locale\" content=\"pt_BR\" \/>\n<meta property=\"og:type\" content=\"article\" \/>\n<meta property=\"og:title\" content=\"Sem privatiza\u00e7\u00e3o, Correios ter\u00e1 mercado &quot;abocanhado&quot; pelo setor privado, diz ministro\" \/>\n<meta property=\"og:description\" content=\"Caso a privatiza\u00e7\u00e3o dos Correios n\u00e3o aconte\u00e7a, a tend\u00eancia \u00e9 que outras empresas \u201cabocanhem\u201d o fil\u00e9 dos servi\u00e7os de log\u00edstica...Saiba mais\" \/>\n<meta property=\"og:url\" content=\"https:\/\/www.suno.com.br\/noticias\/privatizacao-correios-abocanhado-setor-privado\/\" \/>\n<meta property=\"og:site_name\" content=\"Suno Not\u00edcias\" \/>\n<meta property=\"article:publisher\" content=\"https:\/\/facebook.com\/sunoresearch\" \/>\n<meta property=\"og:image\" content=\"https:\/\/files.sunoresearch.com.br\/n\/uploads\/2019\/10\/2a2e673a-correios.jpg\" \/>\n\t<meta property=\"og:image:width\" content=\"1500\" \/>\n\t<meta property=\"og:image:height\" content=\"1055\" \/>\n\t<meta property=\"og:image:type\" content=\"image\/jpeg\" \/>\n<meta name=\"author\" content=\"Bruno Galv\u00e3o\" \/>\n<meta name=\"twitter:card\" content=\"summary_large_image\" \/>\n<meta name=\"twitter:creator\" content=\"@sunoresearch\" \/>\n<meta name=\"twitter:site\" content=\"@sunoresearch\" \/>\n<meta name=\"twitter:label1\" content=\"Escrito por\" \/>\n\t<meta name=\"twitter:data1\" content=\"Bruno Galv\u00e3o\" \/>\n\t<meta name=\"twitter:label2\" content=\"Est. tempo de leitura\" \/>\n\t<meta name=\"twitter:data2\" content=\"4 minutos\" \/>\n<script type=\"application\/ld+json\" class=\"yoast-schema-graph\">{\"@context\":\"https:\/\/schema.org\",\"@graph\":[{\"@type\":\"NewsArticle\",\"@id\":\"https:\/\/www.suno.com.br\/noticias\/privatizacao-correios-abocanhado-setor-privado\/#article\",\"isPartOf\":{\"@id\":\"https:\/\/www.suno.com.br\/noticias\/privatizacao-correios-abocanhado-setor-privado\/\"},\"author\":{\"name\":\"Bruno Galv\u00e3o\",\"@id\":\"https:\/\/www.suno.com.br\/noticias\/#\/schema\/person\/06f0d962a6b1c54852e4860f16935600\"},\"headline\":\"Sem privatiza\u00e7\u00e3o, Correios ter\u00e1 mercado &#8220;abocanhado&#8221; pelo setor privado, diz ministro\",\"datePublished\":\"2021-10-20T23:33:31+00:00\",\"mainEntityOfPage\":{\"@id\":\"https:\/\/www.suno.com.br\/noticias\/privatizacao-correios-abocanhado-setor-privado\/\"},\"wordCount\":978,\"publisher\":{\"@id\":\"https:\/\/www.suno.com.br\/noticias\/#organization\"},\"image\":{\"@id\":\"https:\/\/www.suno.com.br\/noticias\/privatizacao-correios-abocanhado-setor-privado\/#primaryimage\"},\"thumbnailUrl\":\"https:\/\/files.sunoresearch.com.br\/n\/uploads\/2019\/10\/2a2e673a-correios-jpg.webp\",\"keywords\":[\"Correios\",\"Magazine Luiza (MGLU3)\",\"Mercado Livre (MELI34)\"],\"articleSection\":[\"Neg\u00f3cios\"],\"inLanguage\":\"pt-BR\"},{\"@type\":\"WebPage\",\"@id\":\"https:\/\/www.suno.com.br\/noticias\/privatizacao-correios-abocanhado-setor-privado\/\",\"url\":\"https:\/\/www.suno.com.br\/noticias\/privatizacao-correios-abocanhado-setor-privado\/\",\"name\":\"Sem privatiza\u00e7\u00e3o, Correios ter\u00e1 mercado \\\"abocanhado\\\" pelo setor privado, diz ministro\",\"isPartOf\":{\"@id\":\"https:\/\/www.suno.com.br\/noticias\/#website\"},\"primaryImageOfPage\":{\"@id\":\"https:\/\/www.suno.com.br\/noticias\/privatizacao-correios-abocanhado-setor-privado\/#primaryimage\"},\"image\":{\"@id\":\"https:\/\/www.suno.com.br\/noticias\/privatizacao-correios-abocanhado-setor-privado\/#primaryimage\"},\"thumbnailUrl\":\"https:\/\/files.sunoresearch.com.br\/n\/uploads\/2019\/10\/2a2e673a-correios-jpg.webp\",\"datePublished\":\"2021-10-20T23:33:31+00:00\",\"description\":\"Caso a privatiza\u00e7\u00e3o dos Correios n\u00e3o aconte\u00e7a, a tend\u00eancia \u00e9 que outras empresas \u201cabocanhem\u201d o fil\u00e9 dos servi\u00e7os de log\u00edstica...Saiba mais\",\"breadcrumb\":{\"@id\":\"https:\/\/www.suno.com.br\/noticias\/privatizacao-correios-abocanhado-setor-privado\/#breadcrumb\"},\"inLanguage\":\"pt-BR\",\"potentialAction\":[{\"@type\":\"ReadAction\",\"target\":[\"https:\/\/www.suno.com.br\/noticias\/privatizacao-correios-abocanhado-setor-privado\/\"]}]},{\"@type\":\"ImageObject\",\"inLanguage\":\"pt-BR\",\"@id\":\"https:\/\/www.suno.com.br\/noticias\/privatizacao-correios-abocanhado-setor-privado\/#primaryimage\",\"url\":\"https:\/\/files.sunoresearch.com.br\/n\/uploads\/2019\/10\/2a2e673a-correios-jpg.webp\",\"contentUrl\":\"https:\/\/files.sunoresearch.com.br\/n\/uploads\/2019\/10\/2a2e673a-correios-jpg.webp\",\"width\":1500,\"height\":1055,\"caption\":\"Correios (foto: divulga\u00e7\u00e3o)\"},{\"@type\":\"BreadcrumbList\",\"@id\":\"https:\/\/www.suno.com.br\/noticias\/privatizacao-correios-abocanhado-setor-privado\/#breadcrumb\",\"itemListElement\":[{\"@type\":\"ListItem\",\"position\":1,\"name\":\"Not\u00edcias\",\"item\":\"https:\/\/www.suno.com.br\/noticias\/\"},{\"@type\":\"ListItem\",\"position\":2,\"name\":\"Neg\u00f3cios\",\"item\":\"https:\/\/www.suno.com.br\/noticias\/negocios\/\"},{\"@type\":\"ListItem\",\"position\":3,\"name\":\"Sem privatiza\u00e7\u00e3o, Correios ter\u00e1 mercado &#8220;abocanhado&#8221; pelo setor privado, diz ministro\"}]},{\"@type\":\"WebSite\",\"@id\":\"https:\/\/www.suno.com.br\/noticias\/#website\",\"url\":\"https:\/\/www.suno.com.br\/noticias\/\",\"name\":\"Suno Not\u00edcias\",\"description\":\"Seu portal de informa\u00e7\u00e3o sobre o mundo dos investimentos\",\"publisher\":{\"@id\":\"https:\/\/www.suno.com.br\/noticias\/#organization\"},\"potentialAction\":[{\"@type\":\"SearchAction\",\"target\":{\"@type\":\"EntryPoint\",\"urlTemplate\":\"https:\/\/www.suno.com.br\/noticias\/?s={search_term_string}\"},\"query-input\":{\"@type\":\"PropertyValueSpecification\",\"valueRequired\":true,\"valueName\":\"search_term_string\"}}],\"inLanguage\":\"pt-BR\"},{\"@type\":\"Organization\",\"@id\":\"https:\/\/www.suno.com.br\/noticias\/#organization\",\"name\":\"Suno Not\u00edcias\",\"url\":\"https:\/\/www.suno.com.br\/noticias\/\",\"logo\":{\"@type\":\"ImageObject\",\"inLanguage\":\"pt-BR\",\"@id\":\"https:\/\/www.suno.com.br\/noticias\/#\/schema\/logo\/image\/\",\"url\":\"https:\/\/files.sunoresearch.com.br\/n\/uploads\/2021\/09\/suno-logo.png\",\"contentUrl\":\"https:\/\/files.sunoresearch.com.br\/n\/uploads\/2021\/09\/suno-logo.png\",\"width\":180,\"height\":180,\"caption\":\"Suno Not\u00edcias\"},\"image\":{\"@id\":\"https:\/\/www.suno.com.br\/noticias\/#\/schema\/logo\/image\/\"},\"sameAs\":[\"https:\/\/facebook.com\/sunoresearch\",\"https:\/\/x.com\/sunoresearch\",\"https:\/\/www.instagram.com\/suno\",\"https:\/\/www.linkedin.com\/company\/suno-research\/\",\"https:\/\/www.youtube.com\/c\/sunoresearch\"]},{\"@type\":\"Person\",\"@id\":\"https:\/\/www.suno.com.br\/noticias\/#\/schema\/person\/06f0d962a6b1c54852e4860f16935600\",\"name\":\"Bruno Galv\u00e3o\",\"image\":{\"@type\":\"ImageObject\",\"inLanguage\":\"pt-BR\",\"@id\":\"https:\/\/www.suno.com.br\/noticias\/#\/schema\/person\/image\/\",\"url\":\"https:\/\/secure.gravatar.com\/avatar\/53598df0b41c00f12f287a912d0e918e?s=96&r=g\",\"contentUrl\":\"https:\/\/secure.gravatar.com\/avatar\/53598df0b41c00f12f287a912d0e918e?s=96&r=g\",\"caption\":\"Bruno Galv\u00e3o\"},\"description\":\"Escreve para o portal Suno Not\u00edcias. \u00c9 estudante de Jornalismo pela Faculdade C\u00e1sper L\u00edbero e Letras pela USP. Entusiasta de tecnologia e intelig\u00eancia artificial.\",\"url\":\"https:\/\/www.suno.com.br\/noticias\/author\/bruno-garcia\/\"}]}<\/script>\n<!-- \/ Yoast SEO plugin. -->","yoast_head_json":{"title":"Sem privatiza\u00e7\u00e3o, Correios ter\u00e1 mercado \"abocanhado\" pelo setor privado, diz ministro","description":"Caso a privatiza\u00e7\u00e3o dos Correios n\u00e3o aconte\u00e7a, a tend\u00eancia \u00e9 que outras empresas \u201cabocanhem\u201d o fil\u00e9 dos servi\u00e7os de log\u00edstica...Saiba mais","robots":{"index":"index","follow":"follow","max-snippet":"max-snippet:-1","max-image-preview":"max-image-preview:large","max-video-preview":"max-video-preview:-1"},"canonical":"https:\/\/www.suno.com.br\/noticias\/privatizacao-correios-abocanhado-setor-privado\/","og_locale":"pt_BR","og_type":"article","og_title":"Sem privatiza\u00e7\u00e3o, Correios ter\u00e1 mercado \"abocanhado\" pelo setor privado, diz ministro","og_description":"Caso a privatiza\u00e7\u00e3o dos Correios n\u00e3o aconte\u00e7a, a tend\u00eancia \u00e9 que outras empresas \u201cabocanhem\u201d o fil\u00e9 dos servi\u00e7os de log\u00edstica...Saiba mais","og_url":"https:\/\/www.suno.com.br\/noticias\/privatizacao-correios-abocanhado-setor-privado\/","og_site_name":"Suno Not\u00edcias","article_publisher":"https:\/\/facebook.com\/sunoresearch","og_image":[{"width":1500,"height":1055,"url":"https:\/\/files.sunoresearch.com.br\/n\/uploads\/2019\/10\/2a2e673a-correios.jpg","type":"image\/jpeg"}],"author":"Bruno Galv\u00e3o","twitter_card":"summary_large_image","twitter_creator":"@sunoresearch","twitter_site":"@sunoresearch","twitter_misc":{"Escrito por":"Bruno Galv\u00e3o","Est. tempo de leitura":"4 minutos"},"schema":{"@context":"https:\/\/schema.org","@graph":[{"@type":"NewsArticle","@id":"https:\/\/www.suno.com.br\/noticias\/privatizacao-correios-abocanhado-setor-privado\/#article","isPartOf":{"@id":"https:\/\/www.suno.com.br\/noticias\/privatizacao-correios-abocanhado-setor-privado\/"},"author":{"name":"Bruno Galv\u00e3o","@id":"https:\/\/www.suno.com.br\/noticias\/#\/schema\/person\/06f0d962a6b1c54852e4860f16935600"},"headline":"Sem privatiza\u00e7\u00e3o, Correios ter\u00e1 mercado &#8220;abocanhado&#8221; pelo setor privado, diz ministro","datePublished":"2021-10-20T23:33:31+00:00","mainEntityOfPage":{"@id":"https:\/\/www.suno.com.br\/noticias\/privatizacao-correios-abocanhado-setor-privado\/"},"wordCount":978,"publisher":{"@id":"https:\/\/www.suno.com.br\/noticias\/#organization"},"image":{"@id":"https:\/\/www.suno.com.br\/noticias\/privatizacao-correios-abocanhado-setor-privado\/#primaryimage"},"thumbnailUrl":"https:\/\/files.sunoresearch.com.br\/n\/uploads\/2019\/10\/2a2e673a-correios-jpg.webp","keywords":["Correios","Magazine Luiza (MGLU3)","Mercado Livre (MELI34)"],"articleSection":["Neg\u00f3cios"],"inLanguage":"pt-BR"},{"@type":"WebPage","@id":"https:\/\/www.suno.com.br\/noticias\/privatizacao-correios-abocanhado-setor-privado\/","url":"https:\/\/www.suno.com.br\/noticias\/privatizacao-correios-abocanhado-setor-privado\/","name":"Sem privatiza\u00e7\u00e3o, Correios ter\u00e1 mercado \"abocanhado\" pelo setor privado, diz ministro","isPartOf":{"@id":"https:\/\/www.suno.com.br\/noticias\/#website"},"primaryImageOfPage":{"@id":"https:\/\/www.suno.com.br\/noticias\/privatizacao-correios-abocanhado-setor-privado\/#primaryimage"},"image":{"@id":"https:\/\/www.suno.com.br\/noticias\/privatizacao-correios-abocanhado-setor-privado\/#primaryimage"},"thumbnailUrl":"https:\/\/files.sunoresearch.com.br\/n\/uploads\/2019\/10\/2a2e673a-correios-jpg.webp","datePublished":"2021-10-20T23:33:31+00:00","description":"Caso a privatiza\u00e7\u00e3o dos Correios n\u00e3o aconte\u00e7a, a tend\u00eancia \u00e9 que outras empresas \u201cabocanhem\u201d o fil\u00e9 dos servi\u00e7os de log\u00edstica...Saiba mais","breadcrumb":{"@id":"https:\/\/www.suno.com.br\/noticias\/privatizacao-correios-abocanhado-setor-privado\/#breadcrumb"},"inLanguage":"pt-BR","potentialAction":[{"@type":"ReadAction","target":["https:\/\/www.suno.com.br\/noticias\/privatizacao-correios-abocanhado-setor-privado\/"]}]},{"@type":"ImageObject","inLanguage":"pt-BR","@id":"https:\/\/www.suno.com.br\/noticias\/privatizacao-correios-abocanhado-setor-privado\/#primaryimage","url":"https:\/\/files.sunoresearch.com.br\/n\/uploads\/2019\/10\/2a2e673a-correios-jpg.webp","contentUrl":"https:\/\/files.sunoresearch.com.br\/n\/uploads\/2019\/10\/2a2e673a-correios-jpg.webp","width":1500,"height":1055,"caption":"Correios (foto: divulga\u00e7\u00e3o)"},{"@type":"BreadcrumbList","@id":"https:\/\/www.suno.com.br\/noticias\/privatizacao-correios-abocanhado-setor-privado\/#breadcrumb","itemListElement":[{"@type":"ListItem","position":1,"name":"Not\u00edcias","item":"https:\/\/www.suno.com.br\/noticias\/"},{"@type":"ListItem","position":2,"name":"Neg\u00f3cios","item":"https:\/\/www.suno.com.br\/noticias\/negocios\/"},{"@type":"ListItem","position":3,"name":"Sem privatiza\u00e7\u00e3o, Correios ter\u00e1 mercado &#8220;abocanhado&#8221; pelo setor privado, diz ministro"}]},{"@type":"WebSite","@id":"https:\/\/www.suno.com.br\/noticias\/#website","url":"https:\/\/www.suno.com.br\/noticias\/","name":"Suno Not\u00edcias","description":"Seu portal de informa\u00e7\u00e3o sobre o mundo dos investimentos","publisher":{"@id":"https:\/\/www.suno.com.br\/noticias\/#organization"},"potentialAction":[{"@type":"SearchAction","target":{"@type":"EntryPoint","urlTemplate":"https:\/\/www.suno.com.br\/noticias\/?s={search_term_string}"},"query-input":{"@type":"PropertyValueSpecification","valueRequired":true,"valueName":"search_term_string"}}],"inLanguage":"pt-BR"},{"@type":"Organization","@id":"https:\/\/www.suno.com.br\/noticias\/#organization","name":"Suno Not\u00edcias","url":"https:\/\/www.suno.com.br\/noticias\/","logo":{"@type":"ImageObject","inLanguage":"pt-BR","@id":"https:\/\/www.suno.com.br\/noticias\/#\/schema\/logo\/image\/","url":"https:\/\/files.sunoresearch.com.br\/n\/uploads\/2021\/09\/suno-logo.png","contentUrl":"https:\/\/files.sunoresearch.com.br\/n\/uploads\/2021\/09\/suno-logo.png","width":180,"height":180,"caption":"Suno Not\u00edcias"},"image":{"@id":"https:\/\/www.suno.com.br\/noticias\/#\/schema\/logo\/image\/"},"sameAs":["https:\/\/facebook.com\/sunoresearch","https:\/\/x.com\/sunoresearch","https:\/\/www.instagram.com\/suno","https:\/\/www.linkedin.com\/company\/suno-research\/","https:\/\/www.youtube.com\/c\/sunoresearch"]},{"@type":"Person","@id":"https:\/\/www.suno.com.br\/noticias\/#\/schema\/person\/06f0d962a6b1c54852e4860f16935600","name":"Bruno Galv\u00e3o","image":{"@type":"ImageObject","inLanguage":"pt-BR","@id":"https:\/\/www.suno.com.br\/noticias\/#\/schema\/person\/image\/","url":"https:\/\/secure.gravatar.com\/avatar\/53598df0b41c00f12f287a912d0e918e?s=96&r=g","contentUrl":"https:\/\/secure.gravatar.com\/avatar\/53598df0b41c00f12f287a912d0e918e?s=96&r=g","caption":"Bruno Galv\u00e3o"},"description":"Escreve para o portal Suno Not\u00edcias. \u00c9 estudante de Jornalismo pela Faculdade C\u00e1sper L\u00edbero e Letras pela USP. Entusiasta de tecnologia e intelig\u00eancia artificial.","url":"https:\/\/www.suno.com.br\/noticias\/author\/bruno-garcia\/"}]}},"default_loop_html":"<div class=\"cardsPage__listCard__boxs\"><div class=\"cardsPage__listCard__boxs__img\"><a href=\"https:\/\/www.suno.com.br\/noticias\/privatizacao-correios-abocanhado-setor-privado\/\"><img class=\"mask\" src=\"https:\/\/www.suno.com.br\/noticias\/wp-content\/themes\/suno\/resources\/images\/spotlight\/spotlight1img\/bg-mask.png\" alt=\"Image Mask\"\/><img src=\"https:\/\/files.sunoresearch.com.br\/n\/uploads\/2019\/10\/2a2e673a-correios-400x200.webp\" alt=\"Sem privatiza\u00e7\u00e3o, Correios ter\u00e1 mercado &#8220;abocanhado&#8221; pelo setor privado, diz ministro\"\/><\/a><span class=\"spotlightCategory\"><a href=\"https:\/\/www.suno.com.br\/noticias\/negocios\/\">Neg\u00f3cios<\/a><\/span><\/div><div class=\"cardsPage__listCard__boxs__content\"><a href=\"https:\/\/www.suno.com.br\/noticias\/privatizacao-correios-abocanhado-setor-privado\/\"><h2 class=\"content__title\">Sem privatiza\u00e7\u00e3o, Correios ter\u00e1 mercado &#8220;abocanhado&#8221; pelo setor privado, diz ministro<\/h2><\/a><div class=\"newsContent__article__meta\"><div class=\"newsContent__article__meta__authorBox\"><a href=\"https:\/\/www.suno.com.br\/noticias\/author\/bruno-garcia\/\" class=\"authorBox__avatar noMobi\"><img src=\"https:\/\/secure.gravatar.com\/avatar\/53598df0b41c00f12f287a912d0e918e?s=96&#038;r=g\" alt=\"Bruno Galv\u00e3o\"><\/a><div class=\"authorBox__name\"><span>por\n\t\t\t<a href=\"https:\/\/www.suno.com.br\/noticias\/author\/bruno-garcia\/\"><span itemprop=\"author\">Bruno Galv\u00e3o<\/span><\/a><\/span><time datetime=\"2021-10-20T20:33:31-03:00\" itemprop=\"datePublished\">20\/10\/2021 20:33<\/time><\/div><\/div><\/div><\/div><\/div>","single_layout":"posts","amp_enabled":true,"_links":{"self":[{"href":"https:\/\/www.suno.com.br\/noticias\/wp-json\/wp\/v2\/posts\/195595"}],"collection":[{"href":"https:\/\/www.suno.com.br\/noticias\/wp-json\/wp\/v2\/posts"}],"about":[{"href":"https:\/\/www.suno.com.br\/noticias\/wp-json\/wp\/v2\/types\/post"}],"author":[{"embeddable":true,"href":"https:\/\/www.suno.com.br\/noticias\/wp-json\/wp\/v2\/users\/118"}],"replies":[{"embeddable":true,"href":"https:\/\/www.suno.com.br\/noticias\/wp-json\/wp\/v2\/comments?post=195595"}],"version-history":[{"count":3,"href":"https:\/\/www.suno.com.br\/noticias\/wp-json\/wp\/v2\/posts\/195595\/revisions"}],"predecessor-version":[{"id":195730,"href":"https:\/\/www.suno.com.br\/noticias\/wp-json\/wp\/v2\/posts\/195595\/revisions\/195730"}],"wp:featuredmedia":[{"embeddable":true,"href":"https:\/\/www.suno.com.br\/noticias\/wp-json\/wp\/v2\/media\/40404"}],"wp:attachment":[{"href":"https:\/\/www.suno.com.br\/noticias\/wp-json\/wp\/v2\/media?parent=195595"}],"wp:term":[{"taxonomy":"category","embeddable":true,"href":"https:\/\/www.suno.com.br\/noticias\/wp-json\/wp\/v2\/categories?post=195595"},{"taxonomy":"post_tag","embeddable":true,"href":"https:\/\/www.suno.com.br\/noticias\/wp-json\/wp\/v2\/tags?post=195595"},{"taxonomy":"suno_strategy","embeddable":true,"href":"https:\/\/www.suno.com.br\/noticias\/wp-json\/wp\/v2\/suno_strategy?post=195595"}],"curies":[{"name":"wp","href":"https:\/\/api.w.org\/{rel}","templated":true}]}}