{"id":19557,"date":"2019-03-30T12:36:19","date_gmt":"2019-03-30T15:36:19","guid":{"rendered":"https:\/\/www.suno.com.br\/noticias\/?p=19557"},"modified":"2019-03-30T12:41:22","modified_gmt":"2019-03-30T15:41:22","slug":"dono-avianca-jose-efromovich-investigacao-apropriacao-indebita-mp","status":"publish","type":"post","link":"https:\/\/www.suno.com.br\/noticias\/dono-avianca-jose-efromovich-investigacao-apropriacao-indebita-mp\/","title":{"rendered":"Dono da Avianca \u00e9 alvo de pedido de investiga\u00e7\u00e3o por inadimpl\u00eancia"},"content":{"rendered":"<p>O presidente do Conselho de Administra\u00e7\u00e3o, e<strong> dono da Avianca Brasil<\/strong>, Jos\u00e9 Efromovich ser\u00e1 investigado por <strong>apropria\u00e7\u00e3o ind\u00e9bita<\/strong> das taxas de embarque cobradas dos passageiras no <strong>Aeroporto Lu\u00eds Eduardo Magalh\u00e3es<\/strong>, em Salvador (BA). A apropria\u00e7\u00e3o ind\u00e9bita \u00e9 <strong>crime<\/strong> previsto no artigo 168 do C\u00f3digo Penal Brasileiro.<\/p>\t<div class=\"wrapper-featured-image\">\n\t\t<figure class=\"spotlightImg\">\n\n\t\t\t<picture>\n\t\t\t\t<source media=\"(max-width: 768px)\" srcset=\"https:\/\/files.sunoresearch.com.br\/n\/uploads\/2019\/02\/59945c4f-avianca-brasil-400x200.webp\">\n\t\t\t\t<img loading=\"lazy\" decoding=\"async\" class=\"newsContent__article__imgCapa lazyloadDisabled newsContent__article__imgCapa--noCaption\" src=\"https:\/\/files.sunoresearch.com.br\/n\/uploads\/2019\/02\/59945c4f-avianca-brasil-800x450.webp\" width=\"800\" height=\"450\" alt=\"Dono da Avianca \u00e9 alvo de pedido de investiga\u00e7\u00e3o por inadimpl\u00eancia\" fetchpriority=high \/>\n\t\t\t<\/picture>\n\n\t\t\t<figcaption class=\"wp-caption-text wp-caption-text--hide\">Avianca Brasil. (divulga\u00e7\u00e3o)<\/figcaption>\n\t\t<\/figure>\n\t<\/div>\n\n\n<p>A determina\u00e7\u00e3o da abertura de inqu\u00e9rito policial foi feita pelo<strong> Minist\u00e9rio P\u00fablico do Estado de S\u00e3o Paulo<\/strong>. Al\u00e9m de Efromovich, ser\u00e3o investigados tamb\u00e9m os <strong>executivos<\/strong>:<\/p>\n<ul>\n<li>Jorge Vianna;<\/li>\n<li>e Frederico Pedreira.<\/li>\n<\/ul>\n<p>A den\u00fancia foi feita pela francesa <strong>Vinci Airport<\/strong>, que administra o aeroporto em quest\u00e3o. Supostamente, a <strong>Avianca Brasil<\/strong> n\u00e3o estaria repassando as taxas de embarque cobrada dos usu\u00e1rios <strong>desde julho de 2018<\/strong>.<\/p>\n<p>Segundo apura\u00e7\u00e3o do &#8220;Estado de S. Paulo&#8221;, no documento assinado pelo advogado Leonardo Avelar, do escrit\u00f3rio Cascione Pulino Boulos, a <strong>inadimpl\u00eancia<\/strong> por parte da Avianca Brasil chega perto de <strong>R$ 10 milh\u00f5es<\/strong>.<\/p>\n<p>O documento tamb\u00e9m aponta a <strong>aus\u00eancia de pagamento de outras tarifas<\/strong>, como:<\/p>\n<ul>\n<li>a tarifa de pouso;<\/li>\n<li>a tarifa de conex\u00f5es;<\/li>\n<li>e a tarifa de perman\u00eancia em p\u00e1tio.<\/li>\n<\/ul>\n<p>Todas estas taxas somam valor superior a <strong>R$ 2,3 milh\u00f5es em atraso<\/strong>.<\/p>\n<p><a href=\"https:\/\/www.suno.com.br\/noticias\/avianca-assembleia-adiada-falta-quorum\/\">Saiba mais &#8211; Avianca tem assembleia de credores adiada por falta de qu\u00f3rum<\/a><\/p>\n<h2>Credora Elliott Management<\/h2>\n<p>Na semana passada, a Avianca assumiu uma<strong> d\u00edvida de R$ 2 bilh\u00f5es<\/strong> com a <strong>Elliott Management Corporation<\/strong>, <a href=\"https:\/\/www.suno.com.br\/artigos\/fundo-de-hedge\/\">fundo de hedge<\/a> criado por <a href=\"https:\/\/www.suno.com.br\/tudo-sobre\/paul-singer\/\">Paul Singer<\/a>. Este \u00e9 o maior fundo ativista do mundo.<\/p>\n<p>O empr\u00e9stimo equivale a quase <strong>75% dos d\u00e9bitos<\/strong> da companhia a\u00e9rea. E \u00e9 cerca de <strong>quatro vezes maior<\/strong> que a oferta pela Azul (AZUL4) pela <strong>Unidade Produtiva Isolada (UPI)<\/strong>.<\/p>\n<p>Desta forma, como o <strong>Elliott Management<\/strong> \u00e9 credor com garantia real, o fundo tem<strong> prioridade para receber<\/strong> o pagamento. O fato deixa os credores menores em alerta, como as su\u00ed\u00e7as <strong>Swissport<\/strong> e a <strong>UBS Group AG<\/strong>.<\/p>\n<p><a href=\"https:\/\/www.suno.com.br\/noticias\/avianca-adiamento-de-assembleia-atrasa-negociacoes-com-azul\/\">Saiba mais &#8211; Avianca: adiamento de assembleia atrasa poss\u00edveis negocia\u00e7\u00f5es com Azul<\/a><\/p>\n<p>A Swissport entrou com uma<strong> a\u00e7\u00e3o judicial<\/strong> na \u00faltima sexta-feira (29). Antes da assembleia de credores do dia, que foi adiada. Isto, pois, ap\u00f3s a <strong>Avianca Brasil<\/strong> admitir a d\u00edvida com o<strong> fundo de hedge<\/strong>, o Elliott Management poderia ter<strong> maior poder de decis\u00e3o<\/strong> na assembleia.<\/p>\n<p>No documento do <strong>pedido de revis\u00e3o da d\u00edvida<\/strong> da Avianca Brasil da Swissport, assinado por advogados do escrit\u00f3rio Cascione Pulino Boulos, a su\u00ed\u00e7a pede que o valor considerado como d\u00edvida seja aquele apresentado no in\u00edcio da <a href=\"https:\/\/www.suno.com.br\/artigos\/recuperacao-judicial\/\">recupera\u00e7\u00e3o judicial<\/a>: <strong>R$ 672,6 milh\u00f5es<\/strong>.<\/p>\n<p>Conforme o &#8220;Estado de S. Paulo&#8221;, mesmo <strong>sem a aprova\u00e7\u00e3o do plano<\/strong> de recupera\u00e7\u00e3o judicial em assembleia dos credores, que prev\u00ea a cria\u00e7\u00e3o da UPI, a <strong>Azul<\/strong> encaminhar\u00e1 na pr\u00f3xima segunda-feira (1\u00ba), o <strong>pedido de transfer\u00eancia da UPI<\/strong> ao <a href=\"https:\/\/www.suno.com.br\/artigos\/cade\/\">Conselho de Administra\u00e7\u00e3o de Defesa Econ\u00f4mica<\/a> (Cade).<\/p>\n<p>Quando a oferta foi feita pela <strong>Azul<\/strong>, em 11 de mar\u00e7o, a companhia a\u00e9rea informou que a<strong> transa\u00e7\u00e3o dependia da aprova\u00e7\u00e3o<\/strong> da assembleia de credores da <strong>Avianca<\/strong>, que foi adiada na v\u00e9spera por<strong> falta de qu\u00f3rum<\/strong>. O encontro foi <strong>reagendado para 5 de abril<\/strong>.<\/p>\n","protected":false},"excerpt":{"rendered":"<p>O presidente do Conselho de Administra\u00e7\u00e3o, e dono da Avianca Brasil, Jos\u00e9 Efromovich ser\u00e1 investigado por apropria\u00e7\u00e3o ind\u00e9bita das taxas de embarque cobradas dos passageiras no Aeroporto Lu\u00eds Eduardo Magalh\u00e3es, em Salvador (BA). A apropria\u00e7\u00e3o ind\u00e9bita \u00e9 crime previsto no artigo 168 do C\u00f3digo Penal Brasileiro. Avianca Brasil. (divulga\u00e7\u00e3o) A determina\u00e7\u00e3o da abertura de inqu\u00e9rito [&hellip;]<\/p>\n","protected":false},"author":12,"featured_media":15795,"comment_status":"closed","ping_status":"closed","sticky":false,"template":"","format":"standard","meta":[],"categories":[64],"tags":[840,106932,314],"suno_strategy":[],"class_list":["post-19557","post","type-post","status-publish","format-standard","has-post-thumbnail","hentry","category-negocios","tag-avianca","tag-azul-azul4","tag-recuperacao-judicial"],"yoast_head":"<!-- This site is optimized with the Yoast SEO plugin v24.4 - https:\/\/yoast.com\/wordpress\/plugins\/seo\/ -->\n<title>Dono da Avianca \u00e9 alvo de pedido de investiga\u00e7\u00e3o por inadimpl\u00eancia<\/title>\n<meta name=\"description\" content=\"O dono da Avianca, Jos\u00e9 Efromovich ser\u00e1 investigado por apropria\u00e7\u00e3o ind\u00e9bita de taxas. Clique para saber mais.\" \/>\n<meta name=\"robots\" content=\"index, follow, max-snippet:-1, max-image-preview:large, max-video-preview:-1\" \/>\n<link rel=\"canonical\" href=\"https:\/\/www.suno.com.br\/noticias\/dono-avianca-jose-efromovich-investigacao-apropriacao-indebita-mp\/\" \/>\n<meta property=\"og:locale\" content=\"pt_BR\" \/>\n<meta property=\"og:type\" content=\"article\" \/>\n<meta property=\"og:title\" content=\"Dono da Avianca \u00e9 alvo de pedido de investiga\u00e7\u00e3o por inadimpl\u00eancia\" \/>\n<meta property=\"og:description\" content=\"O dono da Avianca, Jos\u00e9 Efromovich ser\u00e1 investigado por apropria\u00e7\u00e3o ind\u00e9bita de taxas. Clique para saber mais.\" \/>\n<meta property=\"og:url\" content=\"https:\/\/www.suno.com.br\/noticias\/dono-avianca-jose-efromovich-investigacao-apropriacao-indebita-mp\/\" \/>\n<meta property=\"og:site_name\" content=\"Suno Not\u00edcias\" \/>\n<meta property=\"article:publisher\" content=\"https:\/\/facebook.com\/sunoresearch\" \/>\n<meta property=\"og:image\" content=\"https:\/\/files.sunoresearch.com.br\/n\/uploads\/2019\/02\/59945c4f-avianca-brasil.jpg\" \/>\n\t<meta property=\"og:image:width\" content=\"1200\" \/>\n\t<meta property=\"og:image:height\" content=\"621\" \/>\n\t<meta property=\"og:image:type\" content=\"image\/jpeg\" \/>\n<meta name=\"author\" content=\"Amanda Gushiken\" \/>\n<meta name=\"twitter:card\" content=\"summary_large_image\" \/>\n<meta name=\"twitter:creator\" content=\"@sunoresearch\" \/>\n<meta name=\"twitter:site\" content=\"@sunoresearch\" \/>\n<meta name=\"twitter:label1\" content=\"Escrito por\" \/>\n\t<meta name=\"twitter:data1\" content=\"Amanda Gushiken\" \/>\n\t<meta name=\"twitter:label2\" content=\"Est. tempo de leitura\" \/>\n\t<meta name=\"twitter:data2\" content=\"3 minutos\" \/>\n<script type=\"application\/ld+json\" class=\"yoast-schema-graph\">{\"@context\":\"https:\/\/schema.org\",\"@graph\":[{\"@type\":\"NewsArticle\",\"@id\":\"https:\/\/www.suno.com.br\/noticias\/dono-avianca-jose-efromovich-investigacao-apropriacao-indebita-mp\/#article\",\"isPartOf\":{\"@id\":\"https:\/\/www.suno.com.br\/noticias\/dono-avianca-jose-efromovich-investigacao-apropriacao-indebita-mp\/\"},\"author\":{\"name\":\"Amanda Gushiken\",\"@id\":\"https:\/\/www.suno.com.br\/noticias\/#\/schema\/person\/a5b06fa4e879d8e8e119c6ed3cd630d1\"},\"headline\":\"Dono da Avianca \u00e9 alvo de pedido de investiga\u00e7\u00e3o por inadimpl\u00eancia\",\"datePublished\":\"2019-03-30T15:36:19+00:00\",\"dateModified\":\"2019-03-30T15:41:22+00:00\",\"mainEntityOfPage\":{\"@id\":\"https:\/\/www.suno.com.br\/noticias\/dono-avianca-jose-efromovich-investigacao-apropriacao-indebita-mp\/\"},\"wordCount\":542,\"publisher\":{\"@id\":\"https:\/\/www.suno.com.br\/noticias\/#organization\"},\"image\":{\"@id\":\"https:\/\/www.suno.com.br\/noticias\/dono-avianca-jose-efromovich-investigacao-apropriacao-indebita-mp\/#primaryimage\"},\"thumbnailUrl\":\"https:\/\/files.sunoresearch.com.br\/n\/uploads\/2019\/02\/59945c4f-avianca-brasil-jpg.webp\",\"keywords\":[\"Avianca\",\"Azul (AZUL4)\",\"recupera\u00e7\u00e3o judicial\"],\"articleSection\":[\"Neg\u00f3cios\"],\"inLanguage\":\"pt-BR\"},{\"@type\":\"WebPage\",\"@id\":\"https:\/\/www.suno.com.br\/noticias\/dono-avianca-jose-efromovich-investigacao-apropriacao-indebita-mp\/\",\"url\":\"https:\/\/www.suno.com.br\/noticias\/dono-avianca-jose-efromovich-investigacao-apropriacao-indebita-mp\/\",\"name\":\"Dono da Avianca \u00e9 alvo de pedido de investiga\u00e7\u00e3o por inadimpl\u00eancia\",\"isPartOf\":{\"@id\":\"https:\/\/www.suno.com.br\/noticias\/#website\"},\"primaryImageOfPage\":{\"@id\":\"https:\/\/www.suno.com.br\/noticias\/dono-avianca-jose-efromovich-investigacao-apropriacao-indebita-mp\/#primaryimage\"},\"image\":{\"@id\":\"https:\/\/www.suno.com.br\/noticias\/dono-avianca-jose-efromovich-investigacao-apropriacao-indebita-mp\/#primaryimage\"},\"thumbnailUrl\":\"https:\/\/files.sunoresearch.com.br\/n\/uploads\/2019\/02\/59945c4f-avianca-brasil-jpg.webp\",\"datePublished\":\"2019-03-30T15:36:19+00:00\",\"dateModified\":\"2019-03-30T15:41:22+00:00\",\"description\":\"O dono da Avianca, Jos\u00e9 Efromovich ser\u00e1 investigado por apropria\u00e7\u00e3o ind\u00e9bita de taxas. Clique para saber mais.\",\"breadcrumb\":{\"@id\":\"https:\/\/www.suno.com.br\/noticias\/dono-avianca-jose-efromovich-investigacao-apropriacao-indebita-mp\/#breadcrumb\"},\"inLanguage\":\"pt-BR\",\"potentialAction\":[{\"@type\":\"ReadAction\",\"target\":[\"https:\/\/www.suno.com.br\/noticias\/dono-avianca-jose-efromovich-investigacao-apropriacao-indebita-mp\/\"]}]},{\"@type\":\"ImageObject\",\"inLanguage\":\"pt-BR\",\"@id\":\"https:\/\/www.suno.com.br\/noticias\/dono-avianca-jose-efromovich-investigacao-apropriacao-indebita-mp\/#primaryimage\",\"url\":\"https:\/\/files.sunoresearch.com.br\/n\/uploads\/2019\/02\/59945c4f-avianca-brasil-jpg.webp\",\"contentUrl\":\"https:\/\/files.sunoresearch.com.br\/n\/uploads\/2019\/02\/59945c4f-avianca-brasil-jpg.webp\",\"width\":1200,\"height\":621,\"caption\":\"Avianca Brasil. (divulga\u00e7\u00e3o)\"},{\"@type\":\"BreadcrumbList\",\"@id\":\"https:\/\/www.suno.com.br\/noticias\/dono-avianca-jose-efromovich-investigacao-apropriacao-indebita-mp\/#breadcrumb\",\"itemListElement\":[{\"@type\":\"ListItem\",\"position\":1,\"name\":\"Not\u00edcias\",\"item\":\"https:\/\/www.suno.com.br\/noticias\/\"},{\"@type\":\"ListItem\",\"position\":2,\"name\":\"Neg\u00f3cios\",\"item\":\"https:\/\/www.suno.com.br\/noticias\/negocios\/\"},{\"@type\":\"ListItem\",\"position\":3,\"name\":\"Dono da Avianca \u00e9 alvo de pedido de investiga\u00e7\u00e3o por inadimpl\u00eancia\"}]},{\"@type\":\"WebSite\",\"@id\":\"https:\/\/www.suno.com.br\/noticias\/#website\",\"url\":\"https:\/\/www.suno.com.br\/noticias\/\",\"name\":\"Suno Not\u00edcias\",\"description\":\"Seu portal de informa\u00e7\u00e3o sobre o mundo dos investimentos\",\"publisher\":{\"@id\":\"https:\/\/www.suno.com.br\/noticias\/#organization\"},\"potentialAction\":[{\"@type\":\"SearchAction\",\"target\":{\"@type\":\"EntryPoint\",\"urlTemplate\":\"https:\/\/www.suno.com.br\/noticias\/?s={search_term_string}\"},\"query-input\":{\"@type\":\"PropertyValueSpecification\",\"valueRequired\":true,\"valueName\":\"search_term_string\"}}],\"inLanguage\":\"pt-BR\"},{\"@type\":\"Organization\",\"@id\":\"https:\/\/www.suno.com.br\/noticias\/#organization\",\"name\":\"Suno Not\u00edcias\",\"url\":\"https:\/\/www.suno.com.br\/noticias\/\",\"logo\":{\"@type\":\"ImageObject\",\"inLanguage\":\"pt-BR\",\"@id\":\"https:\/\/www.suno.com.br\/noticias\/#\/schema\/logo\/image\/\",\"url\":\"https:\/\/files.sunoresearch.com.br\/n\/uploads\/2021\/09\/suno-logo.png\",\"contentUrl\":\"https:\/\/files.sunoresearch.com.br\/n\/uploads\/2021\/09\/suno-logo.png\",\"width\":180,\"height\":180,\"caption\":\"Suno Not\u00edcias\"},\"image\":{\"@id\":\"https:\/\/www.suno.com.br\/noticias\/#\/schema\/logo\/image\/\"},\"sameAs\":[\"https:\/\/facebook.com\/sunoresearch\",\"https:\/\/x.com\/sunoresearch\",\"https:\/\/www.instagram.com\/suno\",\"https:\/\/www.linkedin.com\/company\/suno-research\/\",\"https:\/\/www.youtube.com\/c\/sunoresearch\"]},{\"@type\":\"Person\",\"@id\":\"https:\/\/www.suno.com.br\/noticias\/#\/schema\/person\/a5b06fa4e879d8e8e119c6ed3cd630d1\",\"name\":\"Amanda Gushiken\",\"image\":{\"@type\":\"ImageObject\",\"inLanguage\":\"pt-BR\",\"@id\":\"https:\/\/www.suno.com.br\/noticias\/#\/schema\/person\/image\/\",\"url\":\"https:\/\/secure.gravatar.com\/avatar\/ecd84705e6b65e3685ae80d725501fbe?s=96&r=g\",\"contentUrl\":\"https:\/\/secure.gravatar.com\/avatar\/ecd84705e6b65e3685ae80d725501fbe?s=96&r=g\",\"caption\":\"Amanda Gushiken\"},\"description\":\"Amanda Sayuri Gushiken escreve sobre finan\u00e7as e neg\u00f3cios para o portal Suno Not\u00edcias. Antes, trabalhou selecionando not\u00edcias da imprensa para clientes do mercado financeiro. Tamb\u00e9m desenvolveu pesquisa acad\u00eamica pela Universidade Anhembi Morumbi na \u00e1rea de Teorias da Comunica\u00e7\u00e3o e \u00e9 fot\u00f3grafa nas horas vagas.\",\"url\":\"https:\/\/www.suno.com.br\/noticias\/author\/amanda\/\"}]}<\/script>\n<!-- \/ Yoast SEO plugin. -->","yoast_head_json":{"title":"Dono da Avianca \u00e9 alvo de pedido de investiga\u00e7\u00e3o por inadimpl\u00eancia","description":"O dono da Avianca, Jos\u00e9 Efromovich ser\u00e1 investigado por apropria\u00e7\u00e3o ind\u00e9bita de taxas. Clique para saber mais.","robots":{"index":"index","follow":"follow","max-snippet":"max-snippet:-1","max-image-preview":"max-image-preview:large","max-video-preview":"max-video-preview:-1"},"canonical":"https:\/\/www.suno.com.br\/noticias\/dono-avianca-jose-efromovich-investigacao-apropriacao-indebita-mp\/","og_locale":"pt_BR","og_type":"article","og_title":"Dono da Avianca \u00e9 alvo de pedido de investiga\u00e7\u00e3o por inadimpl\u00eancia","og_description":"O dono da Avianca, Jos\u00e9 Efromovich ser\u00e1 investigado por apropria\u00e7\u00e3o ind\u00e9bita de taxas. Clique para saber mais.","og_url":"https:\/\/www.suno.com.br\/noticias\/dono-avianca-jose-efromovich-investigacao-apropriacao-indebita-mp\/","og_site_name":"Suno Not\u00edcias","article_publisher":"https:\/\/facebook.com\/sunoresearch","og_image":[{"width":1200,"height":621,"url":"https:\/\/files.sunoresearch.com.br\/n\/uploads\/2019\/02\/59945c4f-avianca-brasil.jpg","type":"image\/jpeg"}],"author":"Amanda Gushiken","twitter_card":"summary_large_image","twitter_creator":"@sunoresearch","twitter_site":"@sunoresearch","twitter_misc":{"Escrito por":"Amanda Gushiken","Est. tempo de leitura":"3 minutos"},"schema":{"@context":"https:\/\/schema.org","@graph":[{"@type":"NewsArticle","@id":"https:\/\/www.suno.com.br\/noticias\/dono-avianca-jose-efromovich-investigacao-apropriacao-indebita-mp\/#article","isPartOf":{"@id":"https:\/\/www.suno.com.br\/noticias\/dono-avianca-jose-efromovich-investigacao-apropriacao-indebita-mp\/"},"author":{"name":"Amanda Gushiken","@id":"https:\/\/www.suno.com.br\/noticias\/#\/schema\/person\/a5b06fa4e879d8e8e119c6ed3cd630d1"},"headline":"Dono da Avianca \u00e9 alvo de pedido de investiga\u00e7\u00e3o por inadimpl\u00eancia","datePublished":"2019-03-30T15:36:19+00:00","dateModified":"2019-03-30T15:41:22+00:00","mainEntityOfPage":{"@id":"https:\/\/www.suno.com.br\/noticias\/dono-avianca-jose-efromovich-investigacao-apropriacao-indebita-mp\/"},"wordCount":542,"publisher":{"@id":"https:\/\/www.suno.com.br\/noticias\/#organization"},"image":{"@id":"https:\/\/www.suno.com.br\/noticias\/dono-avianca-jose-efromovich-investigacao-apropriacao-indebita-mp\/#primaryimage"},"thumbnailUrl":"https:\/\/files.sunoresearch.com.br\/n\/uploads\/2019\/02\/59945c4f-avianca-brasil-jpg.webp","keywords":["Avianca","Azul (AZUL4)","recupera\u00e7\u00e3o judicial"],"articleSection":["Neg\u00f3cios"],"inLanguage":"pt-BR"},{"@type":"WebPage","@id":"https:\/\/www.suno.com.br\/noticias\/dono-avianca-jose-efromovich-investigacao-apropriacao-indebita-mp\/","url":"https:\/\/www.suno.com.br\/noticias\/dono-avianca-jose-efromovich-investigacao-apropriacao-indebita-mp\/","name":"Dono da Avianca \u00e9 alvo de pedido de investiga\u00e7\u00e3o por inadimpl\u00eancia","isPartOf":{"@id":"https:\/\/www.suno.com.br\/noticias\/#website"},"primaryImageOfPage":{"@id":"https:\/\/www.suno.com.br\/noticias\/dono-avianca-jose-efromovich-investigacao-apropriacao-indebita-mp\/#primaryimage"},"image":{"@id":"https:\/\/www.suno.com.br\/noticias\/dono-avianca-jose-efromovich-investigacao-apropriacao-indebita-mp\/#primaryimage"},"thumbnailUrl":"https:\/\/files.sunoresearch.com.br\/n\/uploads\/2019\/02\/59945c4f-avianca-brasil-jpg.webp","datePublished":"2019-03-30T15:36:19+00:00","dateModified":"2019-03-30T15:41:22+00:00","description":"O dono da Avianca, Jos\u00e9 Efromovich ser\u00e1 investigado por apropria\u00e7\u00e3o ind\u00e9bita de taxas. Clique para saber mais.","breadcrumb":{"@id":"https:\/\/www.suno.com.br\/noticias\/dono-avianca-jose-efromovich-investigacao-apropriacao-indebita-mp\/#breadcrumb"},"inLanguage":"pt-BR","potentialAction":[{"@type":"ReadAction","target":["https:\/\/www.suno.com.br\/noticias\/dono-avianca-jose-efromovich-investigacao-apropriacao-indebita-mp\/"]}]},{"@type":"ImageObject","inLanguage":"pt-BR","@id":"https:\/\/www.suno.com.br\/noticias\/dono-avianca-jose-efromovich-investigacao-apropriacao-indebita-mp\/#primaryimage","url":"https:\/\/files.sunoresearch.com.br\/n\/uploads\/2019\/02\/59945c4f-avianca-brasil-jpg.webp","contentUrl":"https:\/\/files.sunoresearch.com.br\/n\/uploads\/2019\/02\/59945c4f-avianca-brasil-jpg.webp","width":1200,"height":621,"caption":"Avianca Brasil. (divulga\u00e7\u00e3o)"},{"@type":"BreadcrumbList","@id":"https:\/\/www.suno.com.br\/noticias\/dono-avianca-jose-efromovich-investigacao-apropriacao-indebita-mp\/#breadcrumb","itemListElement":[{"@type":"ListItem","position":1,"name":"Not\u00edcias","item":"https:\/\/www.suno.com.br\/noticias\/"},{"@type":"ListItem","position":2,"name":"Neg\u00f3cios","item":"https:\/\/www.suno.com.br\/noticias\/negocios\/"},{"@type":"ListItem","position":3,"name":"Dono da Avianca \u00e9 alvo de pedido de investiga\u00e7\u00e3o por inadimpl\u00eancia"}]},{"@type":"WebSite","@id":"https:\/\/www.suno.com.br\/noticias\/#website","url":"https:\/\/www.suno.com.br\/noticias\/","name":"Suno Not\u00edcias","description":"Seu portal de informa\u00e7\u00e3o sobre o mundo dos investimentos","publisher":{"@id":"https:\/\/www.suno.com.br\/noticias\/#organization"},"potentialAction":[{"@type":"SearchAction","target":{"@type":"EntryPoint","urlTemplate":"https:\/\/www.suno.com.br\/noticias\/?s={search_term_string}"},"query-input":{"@type":"PropertyValueSpecification","valueRequired":true,"valueName":"search_term_string"}}],"inLanguage":"pt-BR"},{"@type":"Organization","@id":"https:\/\/www.suno.com.br\/noticias\/#organization","name":"Suno Not\u00edcias","url":"https:\/\/www.suno.com.br\/noticias\/","logo":{"@type":"ImageObject","inLanguage":"pt-BR","@id":"https:\/\/www.suno.com.br\/noticias\/#\/schema\/logo\/image\/","url":"https:\/\/files.sunoresearch.com.br\/n\/uploads\/2021\/09\/suno-logo.png","contentUrl":"https:\/\/files.sunoresearch.com.br\/n\/uploads\/2021\/09\/suno-logo.png","width":180,"height":180,"caption":"Suno Not\u00edcias"},"image":{"@id":"https:\/\/www.suno.com.br\/noticias\/#\/schema\/logo\/image\/"},"sameAs":["https:\/\/facebook.com\/sunoresearch","https:\/\/x.com\/sunoresearch","https:\/\/www.instagram.com\/suno","https:\/\/www.linkedin.com\/company\/suno-research\/","https:\/\/www.youtube.com\/c\/sunoresearch"]},{"@type":"Person","@id":"https:\/\/www.suno.com.br\/noticias\/#\/schema\/person\/a5b06fa4e879d8e8e119c6ed3cd630d1","name":"Amanda Gushiken","image":{"@type":"ImageObject","inLanguage":"pt-BR","@id":"https:\/\/www.suno.com.br\/noticias\/#\/schema\/person\/image\/","url":"https:\/\/secure.gravatar.com\/avatar\/ecd84705e6b65e3685ae80d725501fbe?s=96&r=g","contentUrl":"https:\/\/secure.gravatar.com\/avatar\/ecd84705e6b65e3685ae80d725501fbe?s=96&r=g","caption":"Amanda Gushiken"},"description":"Amanda Sayuri Gushiken escreve sobre finan\u00e7as e neg\u00f3cios para o portal Suno Not\u00edcias. Antes, trabalhou selecionando not\u00edcias da imprensa para clientes do mercado financeiro. Tamb\u00e9m desenvolveu pesquisa acad\u00eamica pela Universidade Anhembi Morumbi na \u00e1rea de Teorias da Comunica\u00e7\u00e3o e \u00e9 fot\u00f3grafa nas horas vagas.","url":"https:\/\/www.suno.com.br\/noticias\/author\/amanda\/"}]}},"default_loop_html":"<div class=\"cardsPage__listCard__boxs\"><div class=\"cardsPage__listCard__boxs__img\"><a href=\"https:\/\/www.suno.com.br\/noticias\/dono-avianca-jose-efromovich-investigacao-apropriacao-indebita-mp\/\"><img class=\"mask\" src=\"https:\/\/www.suno.com.br\/noticias\/wp-content\/themes\/suno\/resources\/images\/spotlight\/spotlight1img\/bg-mask.png\" alt=\"Image Mask\"\/><img src=\"https:\/\/files.sunoresearch.com.br\/n\/uploads\/2019\/02\/59945c4f-avianca-brasil-400x200.webp\" alt=\"Dono da Avianca \u00e9 alvo de pedido de investiga\u00e7\u00e3o por inadimpl\u00eancia\"\/><\/a><span class=\"spotlightCategory\"><a href=\"https:\/\/www.suno.com.br\/noticias\/negocios\/\">Neg\u00f3cios<\/a><\/span><\/div><div class=\"cardsPage__listCard__boxs__content\"><a href=\"https:\/\/www.suno.com.br\/noticias\/dono-avianca-jose-efromovich-investigacao-apropriacao-indebita-mp\/\"><h2 class=\"content__title\">Dono da Avianca \u00e9 alvo de pedido de investiga\u00e7\u00e3o por inadimpl\u00eancia<\/h2><\/a><div class=\"newsContent__article__meta\"><div class=\"newsContent__article__meta__authorBox\"><a href=\"https:\/\/www.suno.com.br\/noticias\/author\/amanda\/\" class=\"authorBox__avatar noMobi\"><img src=\"https:\/\/files.sunoresearch.com.br\/n\/uploads\/2018\/11\/c6ad30be-amanda-150x150.webp\" alt=\"Amanda Gushiken\"><\/a><div class=\"authorBox__name\"><span>por\n\t\t\t<a href=\"https:\/\/www.suno.com.br\/noticias\/author\/amanda\/\"><span itemprop=\"author\">Amanda Gushiken<\/span><\/a><\/span><time datetime=\"2019-03-30T12:36:19-03:00\" itemprop=\"datePublished\">30\/03\/2019 12:36<\/time><\/div><\/div><\/div><\/div><\/div>","single_layout":"posts","amp_enabled":true,"_links":{"self":[{"href":"https:\/\/www.suno.com.br\/noticias\/wp-json\/wp\/v2\/posts\/19557"}],"collection":[{"href":"https:\/\/www.suno.com.br\/noticias\/wp-json\/wp\/v2\/posts"}],"about":[{"href":"https:\/\/www.suno.com.br\/noticias\/wp-json\/wp\/v2\/types\/post"}],"author":[{"embeddable":true,"href":"https:\/\/www.suno.com.br\/noticias\/wp-json\/wp\/v2\/users\/12"}],"replies":[{"embeddable":true,"href":"https:\/\/www.suno.com.br\/noticias\/wp-json\/wp\/v2\/comments?post=19557"}],"version-history":[{"count":0,"href":"https:\/\/www.suno.com.br\/noticias\/wp-json\/wp\/v2\/posts\/19557\/revisions"}],"wp:featuredmedia":[{"embeddable":true,"href":"https:\/\/www.suno.com.br\/noticias\/wp-json\/wp\/v2\/media\/15795"}],"wp:attachment":[{"href":"https:\/\/www.suno.com.br\/noticias\/wp-json\/wp\/v2\/media?parent=19557"}],"wp:term":[{"taxonomy":"category","embeddable":true,"href":"https:\/\/www.suno.com.br\/noticias\/wp-json\/wp\/v2\/categories?post=19557"},{"taxonomy":"post_tag","embeddable":true,"href":"https:\/\/www.suno.com.br\/noticias\/wp-json\/wp\/v2\/tags?post=19557"},{"taxonomy":"suno_strategy","embeddable":true,"href":"https:\/\/www.suno.com.br\/noticias\/wp-json\/wp\/v2\/suno_strategy?post=19557"}],"curies":[{"name":"wp","href":"https:\/\/api.w.org\/{rel}","templated":true}]}}