{"id":19546,"date":"2019-03-29T20:47:51","date_gmt":"2019-03-29T23:47:51","guid":{"rendered":"https:\/\/www.suno.com.br\/noticias\/?p=19546"},"modified":"2019-03-30T10:09:28","modified_gmt":"2019-03-30T13:09:28","slug":"greve-caminhoneiros-video-bolsonaro","status":"publish","type":"post","link":"https:\/\/www.suno.com.br\/noticias\/greve-caminhoneiros-video-bolsonaro\/","title":{"rendered":"Greve dos caminhoneiros: v\u00eddeo de Bolsonaro desagrada sindicalistas"},"content":{"rendered":"<p>O Sindicato dos Transportadores Aut\u00f4nomos do Paran\u00e1 (Sinditac-PR) anunciou que vai realizar neste s\u00e1bado (30) um protesto em rea\u00e7\u00e3o \u00e0s declara\u00e7\u00f5es do <a href=\"https:\/\/www.suno.com.br\/artigos\/o-que-esperar-do-proximo-governo\/\">presidente Jair Bolsonaro<\/a> na noite da \u00faltima quinta (28). A informa\u00e7\u00e3o \u00e9 da Folha de S.Paulo.<\/p>\t<div class=\"wrapper-featured-image\">\n\t\t<figure class=\"spotlightImg\">\n\n\t\t\t<picture>\n\t\t\t\t<source media=\"(max-width: 768px)\" srcset=\"https:\/\/files.sunoresearch.com.br\/n\/uploads\/2019\/03\/4f8867c1-live-bolsonaro-400x200.webp\">\n\t\t\t\t<img loading=\"lazy\" decoding=\"async\" class=\"newsContent__article__imgCapa lazyloadDisabled newsContent__article__imgCapa--noCaption\" src=\"https:\/\/files.sunoresearch.com.br\/n\/uploads\/2019\/03\/4f8867c1-live-bolsonaro-800x450.webp\" width=\"800\" height=\"450\" alt=\"Greve dos caminhoneiros: v\u00eddeo de Bolsonaro desagrada sindicalistas\" fetchpriority=high \/>\n\t\t\t<\/picture>\n\n\t\t\t<figcaption class=\"wp-caption-text wp-caption-text--hide\">Novo partido de Bolsonaro \u00e9 registrado em Bras\u00edlia<\/figcaption>\n\t\t<\/figure>\n\t<\/div>\n\n\n<p>Sempre \u00e0s quintas-feiras, <strong>Bolsonaro<\/strong> faz <strong>transmiss\u00f5es<\/strong> ao <strong>vivo<\/strong> pelo <strong>Facebook<\/strong> aos seus seguidores, comentando sobre atos do governo e opinando sobre diversos assuntos. O \u00faltimo v\u00eddeo, em que tenta conter a insatisfa\u00e7\u00e3o dos <strong>caminhoneiros,<\/strong> no entanto, irritou a <strong>categoria.<\/strong><\/p>\n<p><a href=\"https:\/\/www.suno.com.br\/noticias\/lider-caminhoneiros-diesel\/\">Saiba mais: L\u00edder dos caminhoneiros diz que mudan\u00e7a no pre\u00e7o do diesel &#8216;n\u00e3o resolve 100%&#8217;<\/a><\/p>\n<p>&#8220;A quest\u00e3o dos <strong>caminhoneiros&#8230;<\/strong> A novidade: a <strong>Petrobras<\/strong> informou que o <strong>reajuste<\/strong> do <strong>pre\u00e7o do \u00f3leo diesel<\/strong> ser\u00e1 feito por per\u00edodos n\u00e3o inferiores a 15 dias&#8221;, declarou o presidente, ao lado de uma int\u00e9rprete de libras e o ministro de <strong><a href=\"http:\/\/www.itamaraty.gov.br\/pt-BR\/\">Rela\u00e7\u00f5es Exteriores<\/a>, Ernesto Ara\u00fajo.<\/strong><\/p>\n<p><strong>Bolsonaro<\/strong> tratou ainda de um problema que, segundo ele, \u00e9 recorrente para os caminhoneiros. &#8220;T\u00ednhamos o problema de que ele <strong>[caminhoneiro]<\/strong> fazia um frete, <strong>Porto Alegre-Fortaleza,<\/strong> entre ida e volta, d\u00e1 uns 10, 12 dias. Ele reclamava que muitas vezes ele pegava o frete e na volta, em havendo a recomposi\u00e7\u00e3o do pre\u00e7o do <strong>diesel,<\/strong> parte ou quase todo o seu frete era engolido pelo novo pre\u00e7o do <strong>diesel&#8221;,<\/strong> explicou, antes de falar sobre o chamado <strong>Cart\u00e3o Caminhoneiro.<\/strong><\/p>\n<p><a href=\"https:\/\/www.suno.com.br\/noticias\/insatisfacao-nova-greve-dos-caminhoneiros\/\">Saiba mais: Insatisfa\u00e7\u00e3o pode levar a nova greve dos caminhoneiros, diz associa\u00e7\u00e3o<\/a><\/p>\n<p>&#8220;O <strong>caminhoneiro<\/strong> passa num posto de combust\u00edvel e preenche o seu cart\u00e3o ali com \u00f3leo diesel. Ele vai pagar o <strong>pre\u00e7o do \u00f3leo diesel<\/strong> do dia, n\u00e3o interesse se o pre\u00e7o do <strong>diesel<\/strong> subiu ou n\u00e3o. Ent\u00e3o isso \u00e9 uma vantagem e garante a ele que seu frete n\u00e3o ser\u00e1 consumido por poss\u00edveis <strong>reajustes do pre\u00e7o do diesel<\/strong>. Ent\u00e3o, <strong>caminhoneiros,<\/strong> parab\u00e9ns a voc\u00eas!&#8221;, declarou <strong>Bolsonaro.<\/strong><\/p>\n<p>Muitos\u00a0<strong>caminhoneiros<\/strong> n\u00e3o gostaram da declara\u00e7\u00e3o. &#8220;<strong>\u00c0 beira de uma greve<\/strong>, o presidente fazer um pronunciamento daqueles&#8230; Foi <strong>decepcionante&#8221;,<\/strong> afirmou um sindicalista do interior de S\u00e3o Paulo \u00e0 Folha. &#8220;A categoria n\u00e3o tem dinheiro pra <strong>comer,<\/strong> como vai ter condi\u00e7\u00f5es pra gastar R$ 5 mil para adiantar o <strong>\u00f3leo diesel<\/strong>?&#8221;<\/p>\n<p><a href=\"https:\/\/www.suno.com.br\/noticias\/petrobras-reajustar-preco-diesel\/\">Saiba mais: Petrobras vai reajustar pre\u00e7o do diesel no m\u00ednimo a cada 15 dias<\/a><\/p>\n<p>O presidente do <strong>Sinditac<\/strong> negou ao jornal que coordena alguma <strong>greve dos caminhoneiros,<\/strong> mas disse que a carreata tem o objetivo de <strong>chamar a aten\u00e7\u00e3o do governo<\/strong>. &#8220;Queremos sentar com o governo e trabalhar em cima das leis que j\u00e1 existem e n\u00e3o est\u00e3o sendo cumpridas, como o piso dos fretes e a lei do vale-ped\u00e1gio. Coisas como o <strong>Cart\u00e3o Caminhoneiro<\/strong> \u00e9 pro futuro ainda, e n\u00e3o vai ajudar a diminuir o <strong>aumento do pre\u00e7o do diesel<\/strong>&#8220;, afirmou.<\/p>\n","protected":false},"excerpt":{"rendered":"<p>O Sindicato dos Transportadores Aut\u00f4nomos do Paran\u00e1 (Sinditac-PR) anunciou que vai realizar neste s\u00e1bado (30) um protesto em rea\u00e7\u00e3o \u00e0s declara\u00e7\u00f5es do presidente Jair Bolsonaro na noite da \u00faltima quinta (28). A informa\u00e7\u00e3o \u00e9 da Folha de S.Paulo. Novo partido de Bolsonaro \u00e9 registrado em Bras\u00edlia Sempre \u00e0s quintas-feiras, Bolsonaro faz transmiss\u00f5es ao vivo pelo [&hellip;]<\/p>\n","protected":false},"author":13,"featured_media":19547,"comment_status":"closed","ping_status":"closed","sticky":false,"template":"","format":"standard","meta":[],"categories":[60],"tags":[833,719,595],"suno_strategy":[],"class_list":["post-19546","post","type-post","status-publish","format-standard","has-post-thumbnail","hentry","category-mercado","tag-greve-dos-caminhoneiros","tag-jair-bolsonaro","tag-petrobras-petr4"],"yoast_head":"<!-- This site is optimized with the Yoast SEO plugin v24.4 - https:\/\/yoast.com\/wordpress\/plugins\/seo\/ -->\n<title>Greve dos caminhoneiros: v\u00eddeo de Bolsonaro desagrada sindicalistas<\/title>\n<meta name=\"description\" content=\"Na \u00faltima transmiss\u00e3o no Facebook, Bolsonaro tentou esfriar uma poss\u00edvel greve dos caminhoneiros, anunciando medidas. Clique e saiba mais.\" \/>\n<meta name=\"robots\" content=\"index, follow, max-snippet:-1, max-image-preview:large, max-video-preview:-1\" \/>\n<link rel=\"canonical\" href=\"https:\/\/www.suno.com.br\/noticias\/greve-caminhoneiros-video-bolsonaro\/\" \/>\n<meta property=\"og:locale\" content=\"pt_BR\" \/>\n<meta property=\"og:type\" content=\"article\" \/>\n<meta property=\"og:title\" content=\"Greve dos caminhoneiros: v\u00eddeo de Bolsonaro desagrada sindicalistas\" \/>\n<meta property=\"og:description\" content=\"Na \u00faltima transmiss\u00e3o no Facebook, Bolsonaro tentou esfriar uma poss\u00edvel greve dos caminhoneiros, anunciando medidas. Clique e saiba mais.\" \/>\n<meta property=\"og:url\" content=\"https:\/\/www.suno.com.br\/noticias\/greve-caminhoneiros-video-bolsonaro\/\" \/>\n<meta property=\"og:site_name\" content=\"Suno Not\u00edcias\" \/>\n<meta property=\"article:publisher\" content=\"https:\/\/facebook.com\/sunoresearch\" \/>\n<meta property=\"og:image\" content=\"https:\/\/files.sunoresearch.com.br\/n\/uploads\/2019\/03\/4f8867c1-live-bolsonaro.png\" \/>\n\t<meta property=\"og:image:width\" content=\"1344\" \/>\n\t<meta property=\"og:image:height\" content=\"528\" \/>\n\t<meta property=\"og:image:type\" content=\"image\/png\" \/>\n<meta name=\"author\" content=\"Guilherme Caetano\" \/>\n<meta name=\"twitter:card\" content=\"summary_large_image\" \/>\n<meta name=\"twitter:creator\" content=\"@sunoresearch\" \/>\n<meta name=\"twitter:site\" content=\"@sunoresearch\" \/>\n<meta name=\"twitter:label1\" content=\"Escrito por\" \/>\n\t<meta name=\"twitter:data1\" content=\"Guilherme Caetano\" \/>\n\t<meta name=\"twitter:label2\" content=\"Est. tempo de leitura\" \/>\n\t<meta name=\"twitter:data2\" content=\"2 minutos\" \/>\n<script type=\"application\/ld+json\" class=\"yoast-schema-graph\">{\"@context\":\"https:\/\/schema.org\",\"@graph\":[{\"@type\":\"NewsArticle\",\"@id\":\"https:\/\/www.suno.com.br\/noticias\/greve-caminhoneiros-video-bolsonaro\/#article\",\"isPartOf\":{\"@id\":\"https:\/\/www.suno.com.br\/noticias\/greve-caminhoneiros-video-bolsonaro\/\"},\"author\":{\"name\":\"Guilherme Caetano\",\"@id\":\"https:\/\/www.suno.com.br\/noticias\/#\/schema\/person\/0d0c9687cd2f600c564f25980c140de9\"},\"headline\":\"Greve dos caminhoneiros: v\u00eddeo de Bolsonaro desagrada sindicalistas\",\"datePublished\":\"2019-03-29T23:47:51+00:00\",\"dateModified\":\"2019-03-30T13:09:28+00:00\",\"mainEntityOfPage\":{\"@id\":\"https:\/\/www.suno.com.br\/noticias\/greve-caminhoneiros-video-bolsonaro\/\"},\"wordCount\":482,\"publisher\":{\"@id\":\"https:\/\/www.suno.com.br\/noticias\/#organization\"},\"image\":{\"@id\":\"https:\/\/www.suno.com.br\/noticias\/greve-caminhoneiros-video-bolsonaro\/#primaryimage\"},\"thumbnailUrl\":\"https:\/\/files.sunoresearch.com.br\/n\/uploads\/2019\/03\/4f8867c1-live-bolsonaro-png.webp\",\"keywords\":[\"greve dos caminhoneiros\",\"Jair Bolsonaro\",\"Petrobras (PETR4)\"],\"articleSection\":[\"Mercado\"],\"inLanguage\":\"pt-BR\"},{\"@type\":\"WebPage\",\"@id\":\"https:\/\/www.suno.com.br\/noticias\/greve-caminhoneiros-video-bolsonaro\/\",\"url\":\"https:\/\/www.suno.com.br\/noticias\/greve-caminhoneiros-video-bolsonaro\/\",\"name\":\"Greve dos caminhoneiros: v\u00eddeo de Bolsonaro desagrada sindicalistas\",\"isPartOf\":{\"@id\":\"https:\/\/www.suno.com.br\/noticias\/#website\"},\"primaryImageOfPage\":{\"@id\":\"https:\/\/www.suno.com.br\/noticias\/greve-caminhoneiros-video-bolsonaro\/#primaryimage\"},\"image\":{\"@id\":\"https:\/\/www.suno.com.br\/noticias\/greve-caminhoneiros-video-bolsonaro\/#primaryimage\"},\"thumbnailUrl\":\"https:\/\/files.sunoresearch.com.br\/n\/uploads\/2019\/03\/4f8867c1-live-bolsonaro-png.webp\",\"datePublished\":\"2019-03-29T23:47:51+00:00\",\"dateModified\":\"2019-03-30T13:09:28+00:00\",\"description\":\"Na \u00faltima transmiss\u00e3o no Facebook, Bolsonaro tentou esfriar uma poss\u00edvel greve dos caminhoneiros, anunciando medidas. Clique e saiba mais.\",\"breadcrumb\":{\"@id\":\"https:\/\/www.suno.com.br\/noticias\/greve-caminhoneiros-video-bolsonaro\/#breadcrumb\"},\"inLanguage\":\"pt-BR\",\"potentialAction\":[{\"@type\":\"ReadAction\",\"target\":[\"https:\/\/www.suno.com.br\/noticias\/greve-caminhoneiros-video-bolsonaro\/\"]}]},{\"@type\":\"ImageObject\",\"inLanguage\":\"pt-BR\",\"@id\":\"https:\/\/www.suno.com.br\/noticias\/greve-caminhoneiros-video-bolsonaro\/#primaryimage\",\"url\":\"https:\/\/files.sunoresearch.com.br\/n\/uploads\/2019\/03\/4f8867c1-live-bolsonaro-png.webp\",\"contentUrl\":\"https:\/\/files.sunoresearch.com.br\/n\/uploads\/2019\/03\/4f8867c1-live-bolsonaro-png.webp\",\"width\":1344,\"height\":528,\"caption\":\"Novo partido de Bolsonaro \u00e9 registrado em Bras\u00edlia\"},{\"@type\":\"BreadcrumbList\",\"@id\":\"https:\/\/www.suno.com.br\/noticias\/greve-caminhoneiros-video-bolsonaro\/#breadcrumb\",\"itemListElement\":[{\"@type\":\"ListItem\",\"position\":1,\"name\":\"Not\u00edcias\",\"item\":\"https:\/\/www.suno.com.br\/noticias\/\"},{\"@type\":\"ListItem\",\"position\":2,\"name\":\"Mercado\",\"item\":\"https:\/\/www.suno.com.br\/noticias\/mercado\/\"},{\"@type\":\"ListItem\",\"position\":3,\"name\":\"Greve dos caminhoneiros: v\u00eddeo de Bolsonaro desagrada sindicalistas\"}]},{\"@type\":\"WebSite\",\"@id\":\"https:\/\/www.suno.com.br\/noticias\/#website\",\"url\":\"https:\/\/www.suno.com.br\/noticias\/\",\"name\":\"Suno Not\u00edcias\",\"description\":\"Seu portal de informa\u00e7\u00e3o sobre o mundo dos investimentos\",\"publisher\":{\"@id\":\"https:\/\/www.suno.com.br\/noticias\/#organization\"},\"potentialAction\":[{\"@type\":\"SearchAction\",\"target\":{\"@type\":\"EntryPoint\",\"urlTemplate\":\"https:\/\/www.suno.com.br\/noticias\/?s={search_term_string}\"},\"query-input\":{\"@type\":\"PropertyValueSpecification\",\"valueRequired\":true,\"valueName\":\"search_term_string\"}}],\"inLanguage\":\"pt-BR\"},{\"@type\":\"Organization\",\"@id\":\"https:\/\/www.suno.com.br\/noticias\/#organization\",\"name\":\"Suno Not\u00edcias\",\"url\":\"https:\/\/www.suno.com.br\/noticias\/\",\"logo\":{\"@type\":\"ImageObject\",\"inLanguage\":\"pt-BR\",\"@id\":\"https:\/\/www.suno.com.br\/noticias\/#\/schema\/logo\/image\/\",\"url\":\"https:\/\/files.sunoresearch.com.br\/n\/uploads\/2021\/09\/suno-logo.png\",\"contentUrl\":\"https:\/\/files.sunoresearch.com.br\/n\/uploads\/2021\/09\/suno-logo.png\",\"width\":180,\"height\":180,\"caption\":\"Suno Not\u00edcias\"},\"image\":{\"@id\":\"https:\/\/www.suno.com.br\/noticias\/#\/schema\/logo\/image\/\"},\"sameAs\":[\"https:\/\/facebook.com\/sunoresearch\",\"https:\/\/x.com\/sunoresearch\",\"https:\/\/www.instagram.com\/suno\",\"https:\/\/www.linkedin.com\/company\/suno-research\/\",\"https:\/\/www.youtube.com\/c\/sunoresearch\"]},{\"@type\":\"Person\",\"@id\":\"https:\/\/www.suno.com.br\/noticias\/#\/schema\/person\/0d0c9687cd2f600c564f25980c140de9\",\"name\":\"Guilherme Caetano\",\"image\":{\"@type\":\"ImageObject\",\"inLanguage\":\"pt-BR\",\"@id\":\"https:\/\/www.suno.com.br\/noticias\/#\/schema\/person\/image\/\",\"url\":\"https:\/\/secure.gravatar.com\/avatar\/e48357351a01702a0d19307070e081bf?s=96&r=g\",\"contentUrl\":\"https:\/\/secure.gravatar.com\/avatar\/e48357351a01702a0d19307070e081bf?s=96&r=g\",\"caption\":\"Guilherme Caetano\"},\"description\":\"Formado em jornalismo pela Escola de Comunica\u00e7\u00f5es e Artes da USP, Guilherme Caetano escreve para o portal de not\u00edcias da Suno Research. Passou pelas reda\u00e7\u00f5es da Folha de S.Paulo e da revista \u00c9poca.\",\"url\":\"https:\/\/www.suno.com.br\/noticias\/author\/guilherme-caetano\/\"}]}<\/script>\n<!-- \/ Yoast SEO plugin. -->","yoast_head_json":{"title":"Greve dos caminhoneiros: v\u00eddeo de Bolsonaro desagrada sindicalistas","description":"Na \u00faltima transmiss\u00e3o no Facebook, Bolsonaro tentou esfriar uma poss\u00edvel greve dos caminhoneiros, anunciando medidas. Clique e saiba mais.","robots":{"index":"index","follow":"follow","max-snippet":"max-snippet:-1","max-image-preview":"max-image-preview:large","max-video-preview":"max-video-preview:-1"},"canonical":"https:\/\/www.suno.com.br\/noticias\/greve-caminhoneiros-video-bolsonaro\/","og_locale":"pt_BR","og_type":"article","og_title":"Greve dos caminhoneiros: v\u00eddeo de Bolsonaro desagrada sindicalistas","og_description":"Na \u00faltima transmiss\u00e3o no Facebook, Bolsonaro tentou esfriar uma poss\u00edvel greve dos caminhoneiros, anunciando medidas. Clique e saiba mais.","og_url":"https:\/\/www.suno.com.br\/noticias\/greve-caminhoneiros-video-bolsonaro\/","og_site_name":"Suno Not\u00edcias","article_publisher":"https:\/\/facebook.com\/sunoresearch","og_image":[{"width":1344,"height":528,"url":"https:\/\/files.sunoresearch.com.br\/n\/uploads\/2019\/03\/4f8867c1-live-bolsonaro.png","type":"image\/png"}],"author":"Guilherme Caetano","twitter_card":"summary_large_image","twitter_creator":"@sunoresearch","twitter_site":"@sunoresearch","twitter_misc":{"Escrito por":"Guilherme Caetano","Est. tempo de leitura":"2 minutos"},"schema":{"@context":"https:\/\/schema.org","@graph":[{"@type":"NewsArticle","@id":"https:\/\/www.suno.com.br\/noticias\/greve-caminhoneiros-video-bolsonaro\/#article","isPartOf":{"@id":"https:\/\/www.suno.com.br\/noticias\/greve-caminhoneiros-video-bolsonaro\/"},"author":{"name":"Guilherme Caetano","@id":"https:\/\/www.suno.com.br\/noticias\/#\/schema\/person\/0d0c9687cd2f600c564f25980c140de9"},"headline":"Greve dos caminhoneiros: v\u00eddeo de Bolsonaro desagrada sindicalistas","datePublished":"2019-03-29T23:47:51+00:00","dateModified":"2019-03-30T13:09:28+00:00","mainEntityOfPage":{"@id":"https:\/\/www.suno.com.br\/noticias\/greve-caminhoneiros-video-bolsonaro\/"},"wordCount":482,"publisher":{"@id":"https:\/\/www.suno.com.br\/noticias\/#organization"},"image":{"@id":"https:\/\/www.suno.com.br\/noticias\/greve-caminhoneiros-video-bolsonaro\/#primaryimage"},"thumbnailUrl":"https:\/\/files.sunoresearch.com.br\/n\/uploads\/2019\/03\/4f8867c1-live-bolsonaro-png.webp","keywords":["greve dos caminhoneiros","Jair Bolsonaro","Petrobras (PETR4)"],"articleSection":["Mercado"],"inLanguage":"pt-BR"},{"@type":"WebPage","@id":"https:\/\/www.suno.com.br\/noticias\/greve-caminhoneiros-video-bolsonaro\/","url":"https:\/\/www.suno.com.br\/noticias\/greve-caminhoneiros-video-bolsonaro\/","name":"Greve dos caminhoneiros: v\u00eddeo de Bolsonaro desagrada sindicalistas","isPartOf":{"@id":"https:\/\/www.suno.com.br\/noticias\/#website"},"primaryImageOfPage":{"@id":"https:\/\/www.suno.com.br\/noticias\/greve-caminhoneiros-video-bolsonaro\/#primaryimage"},"image":{"@id":"https:\/\/www.suno.com.br\/noticias\/greve-caminhoneiros-video-bolsonaro\/#primaryimage"},"thumbnailUrl":"https:\/\/files.sunoresearch.com.br\/n\/uploads\/2019\/03\/4f8867c1-live-bolsonaro-png.webp","datePublished":"2019-03-29T23:47:51+00:00","dateModified":"2019-03-30T13:09:28+00:00","description":"Na \u00faltima transmiss\u00e3o no Facebook, Bolsonaro tentou esfriar uma poss\u00edvel greve dos caminhoneiros, anunciando medidas. Clique e saiba mais.","breadcrumb":{"@id":"https:\/\/www.suno.com.br\/noticias\/greve-caminhoneiros-video-bolsonaro\/#breadcrumb"},"inLanguage":"pt-BR","potentialAction":[{"@type":"ReadAction","target":["https:\/\/www.suno.com.br\/noticias\/greve-caminhoneiros-video-bolsonaro\/"]}]},{"@type":"ImageObject","inLanguage":"pt-BR","@id":"https:\/\/www.suno.com.br\/noticias\/greve-caminhoneiros-video-bolsonaro\/#primaryimage","url":"https:\/\/files.sunoresearch.com.br\/n\/uploads\/2019\/03\/4f8867c1-live-bolsonaro-png.webp","contentUrl":"https:\/\/files.sunoresearch.com.br\/n\/uploads\/2019\/03\/4f8867c1-live-bolsonaro-png.webp","width":1344,"height":528,"caption":"Novo partido de Bolsonaro \u00e9 registrado em Bras\u00edlia"},{"@type":"BreadcrumbList","@id":"https:\/\/www.suno.com.br\/noticias\/greve-caminhoneiros-video-bolsonaro\/#breadcrumb","itemListElement":[{"@type":"ListItem","position":1,"name":"Not\u00edcias","item":"https:\/\/www.suno.com.br\/noticias\/"},{"@type":"ListItem","position":2,"name":"Mercado","item":"https:\/\/www.suno.com.br\/noticias\/mercado\/"},{"@type":"ListItem","position":3,"name":"Greve dos caminhoneiros: v\u00eddeo de Bolsonaro desagrada sindicalistas"}]},{"@type":"WebSite","@id":"https:\/\/www.suno.com.br\/noticias\/#website","url":"https:\/\/www.suno.com.br\/noticias\/","name":"Suno Not\u00edcias","description":"Seu portal de informa\u00e7\u00e3o sobre o mundo dos investimentos","publisher":{"@id":"https:\/\/www.suno.com.br\/noticias\/#organization"},"potentialAction":[{"@type":"SearchAction","target":{"@type":"EntryPoint","urlTemplate":"https:\/\/www.suno.com.br\/noticias\/?s={search_term_string}"},"query-input":{"@type":"PropertyValueSpecification","valueRequired":true,"valueName":"search_term_string"}}],"inLanguage":"pt-BR"},{"@type":"Organization","@id":"https:\/\/www.suno.com.br\/noticias\/#organization","name":"Suno Not\u00edcias","url":"https:\/\/www.suno.com.br\/noticias\/","logo":{"@type":"ImageObject","inLanguage":"pt-BR","@id":"https:\/\/www.suno.com.br\/noticias\/#\/schema\/logo\/image\/","url":"https:\/\/files.sunoresearch.com.br\/n\/uploads\/2021\/09\/suno-logo.png","contentUrl":"https:\/\/files.sunoresearch.com.br\/n\/uploads\/2021\/09\/suno-logo.png","width":180,"height":180,"caption":"Suno Not\u00edcias"},"image":{"@id":"https:\/\/www.suno.com.br\/noticias\/#\/schema\/logo\/image\/"},"sameAs":["https:\/\/facebook.com\/sunoresearch","https:\/\/x.com\/sunoresearch","https:\/\/www.instagram.com\/suno","https:\/\/www.linkedin.com\/company\/suno-research\/","https:\/\/www.youtube.com\/c\/sunoresearch"]},{"@type":"Person","@id":"https:\/\/www.suno.com.br\/noticias\/#\/schema\/person\/0d0c9687cd2f600c564f25980c140de9","name":"Guilherme Caetano","image":{"@type":"ImageObject","inLanguage":"pt-BR","@id":"https:\/\/www.suno.com.br\/noticias\/#\/schema\/person\/image\/","url":"https:\/\/secure.gravatar.com\/avatar\/e48357351a01702a0d19307070e081bf?s=96&r=g","contentUrl":"https:\/\/secure.gravatar.com\/avatar\/e48357351a01702a0d19307070e081bf?s=96&r=g","caption":"Guilherme Caetano"},"description":"Formado em jornalismo pela Escola de Comunica\u00e7\u00f5es e Artes da USP, Guilherme Caetano escreve para o portal de not\u00edcias da Suno Research. Passou pelas reda\u00e7\u00f5es da Folha de S.Paulo e da revista \u00c9poca.","url":"https:\/\/www.suno.com.br\/noticias\/author\/guilherme-caetano\/"}]}},"default_loop_html":"<div class=\"cardsPage__listCard__boxs\"><div class=\"cardsPage__listCard__boxs__img\"><a href=\"https:\/\/www.suno.com.br\/noticias\/greve-caminhoneiros-video-bolsonaro\/\"><img class=\"mask\" src=\"https:\/\/www.suno.com.br\/noticias\/wp-content\/themes\/suno\/resources\/images\/spotlight\/spotlight1img\/bg-mask.png\" alt=\"Image Mask\"\/><img src=\"https:\/\/files.sunoresearch.com.br\/n\/uploads\/2019\/03\/4f8867c1-live-bolsonaro-400x200.webp\" alt=\"Greve dos caminhoneiros: v\u00eddeo de Bolsonaro desagrada sindicalistas\"\/><\/a><span class=\"spotlightCategory\"><a href=\"https:\/\/www.suno.com.br\/noticias\/mercado\/\">Mercado<\/a><\/span><\/div><div class=\"cardsPage__listCard__boxs__content\"><a href=\"https:\/\/www.suno.com.br\/noticias\/greve-caminhoneiros-video-bolsonaro\/\"><h2 class=\"content__title\">Greve dos caminhoneiros: v\u00eddeo de Bolsonaro desagrada sindicalistas<\/h2><\/a><div class=\"newsContent__article__meta\"><div class=\"newsContent__article__meta__authorBox\"><a href=\"https:\/\/www.suno.com.br\/noticias\/author\/guilherme-caetano\/\" class=\"authorBox__avatar noMobi\"><img src=\"https:\/\/secure.gravatar.com\/avatar\/e48357351a01702a0d19307070e081bf?s=96&#038;r=g\" alt=\"Guilherme Caetano\"><\/a><div class=\"authorBox__name\"><span>por\n\t\t\t<a href=\"https:\/\/www.suno.com.br\/noticias\/author\/guilherme-caetano\/\"><span itemprop=\"author\">Guilherme Caetano<\/span><\/a><\/span><time datetime=\"2019-03-29T20:47:51-03:00\" itemprop=\"datePublished\">29\/03\/2019 20:47<\/time><\/div><\/div><\/div><\/div><\/div>","single_layout":"posts","amp_enabled":true,"_links":{"self":[{"href":"https:\/\/www.suno.com.br\/noticias\/wp-json\/wp\/v2\/posts\/19546"}],"collection":[{"href":"https:\/\/www.suno.com.br\/noticias\/wp-json\/wp\/v2\/posts"}],"about":[{"href":"https:\/\/www.suno.com.br\/noticias\/wp-json\/wp\/v2\/types\/post"}],"author":[{"embeddable":true,"href":"https:\/\/www.suno.com.br\/noticias\/wp-json\/wp\/v2\/users\/13"}],"replies":[{"embeddable":true,"href":"https:\/\/www.suno.com.br\/noticias\/wp-json\/wp\/v2\/comments?post=19546"}],"version-history":[{"count":0,"href":"https:\/\/www.suno.com.br\/noticias\/wp-json\/wp\/v2\/posts\/19546\/revisions"}],"wp:featuredmedia":[{"embeddable":true,"href":"https:\/\/www.suno.com.br\/noticias\/wp-json\/wp\/v2\/media\/19547"}],"wp:attachment":[{"href":"https:\/\/www.suno.com.br\/noticias\/wp-json\/wp\/v2\/media?parent=19546"}],"wp:term":[{"taxonomy":"category","embeddable":true,"href":"https:\/\/www.suno.com.br\/noticias\/wp-json\/wp\/v2\/categories?post=19546"},{"taxonomy":"post_tag","embeddable":true,"href":"https:\/\/www.suno.com.br\/noticias\/wp-json\/wp\/v2\/tags?post=19546"},{"taxonomy":"suno_strategy","embeddable":true,"href":"https:\/\/www.suno.com.br\/noticias\/wp-json\/wp\/v2\/suno_strategy?post=19546"}],"curies":[{"name":"wp","href":"https:\/\/api.w.org\/{rel}","templated":true}]}}