{"id":19545,"date":"2019-03-29T20:46:59","date_gmt":"2019-03-29T23:46:59","guid":{"rendered":"https:\/\/www.suno.com.br\/noticias\/?p=19545"},"modified":"2021-02-18T14:27:55","modified_gmt":"2021-02-18T17:27:55","slug":"lyft-uber-fecha-bolsa","status":"publish","type":"post","link":"https:\/\/www.suno.com.br\/noticias\/lyft-uber-fecha-bolsa\/","title":{"rendered":"Lyft, rival da Uber, fecha o primeiro dia na bolsa com eleva\u00e7\u00e3o de 8,7%"},"content":{"rendered":"<p>A Lyft, a principal concorrente da Uber, encerrou o primeiro dia na bolsa Nasdaq com a\u00e7\u00f5es em alta de 8%, negociadas a US$ 78,29.<\/p>\t<div class=\"wrapper-featured-image\">\n\t\t<figure class=\"spotlightImg\">\n\n\t\t\t<picture>\n\t\t\t\t<source media=\"(max-width: 768px)\" srcset=\"https:\/\/files.sunoresearch.com.br\/n\/uploads\/2019\/03\/2045d2c0-40834808254_e8e289a47b_k-400x200.webp\">\n\t\t\t\t<img loading=\"lazy\" decoding=\"async\" class=\"newsContent__article__imgCapa lazyloadDisabled newsContent__article__imgCapa--noCaption\" src=\"https:\/\/files.sunoresearch.com.br\/n\/uploads\/2019\/03\/2045d2c0-40834808254_e8e289a47b_k-800x450.webp\" width=\"800\" height=\"450\" alt=\"Lyft, rival da Uber, fecha o primeiro dia na bolsa com eleva\u00e7\u00e3o de 8,7%\" fetchpriority=high \/>\n\t\t\t<\/picture>\n\n\t\t\t<figcaption class=\"wp-caption-text wp-caption-text--hide\"><\/figcaption>\n\t\t<\/figure>\n\t<\/div>\n\n\n<p>Dessa forma, a <strong>Lyft<\/strong> chegou a um valor de mercado de US$ 26,4 bilh\u00f5es. O n\u00famero \u00e9 US$ 11 bilh\u00f5es maior que a avalia\u00e7\u00e3o anterior, que foi feita na \u00faltima rodada de investimentos da <strong>startup<\/strong>. A empresa levantou US$ 2,34 bilh\u00f5es, com 32,5 milh\u00f5es de a\u00e7\u00f5es vendidas.<\/p>\n<p>\u00a0<a href=\"https:\/\/www.suno.com.br\/noticias\/uber-lyft-ipo\/\">Saiba mais: Rival da Uber, Lyft busca entre US$ 21 bi e US$ 23 bi em seu IPO<\/a><\/p>\n<p>Apesar do desempenho positivo, os pap\u00e9is chegaram a se desvalorizar em mais de 20%, um sinal da demanda do mercado por a\u00e7\u00f5es de tecnologia. Est\u00e3o previstas para os pr\u00f3ximos meses <strong>IPOs<\/strong> de outros aplicativos, como <strong>Pinterest<\/strong>, <strong>Slack<\/strong> e <strong>Uber<\/strong>.<\/p>\n<p>Mesmo com a queda ao longo do dia, os analista consideram o resultado positivo.\u00a0&#8220;H\u00e1 muito dinheiro que quer entrar no <strong>mercado de tecnologia<\/strong>. \u00c9 uma nova \u00e1rea e os investidores est\u00e3o curiosos&#8221;, disse Catherine McCarthy, analista da <strong>Allianz<\/strong>, \u00e0 ag\u00eancia de not\u00edcias Reuters.<\/p>\n<p><a href=\"https:\/\/www.suno.com.br\/noticias\/lyft-uber-aumenta-faixa-preco-ipo\/\">Saiba mais: Lyft, concorrente da Uber, aumenta faixa de pre\u00e7o para seu IPO<\/a><\/p>\n<h2>Uber<\/h2>\n<p>A <strong>Uber<\/strong> ter\u00e1 sua <a href=\"https:\/\/www.suno.com.br\/artigos\/ipo\/\">oferta p\u00fablica inicial de a\u00e7\u00f5es (IPO)<\/a> em abril deste ano. No entanto, a previs\u00e3o \u00e9 de que a empresa consiga captar US$ 120 bilh\u00f5es com a oferta, se tornando uma das maiores da hist\u00f3ria.O <strong>IPO<\/strong> da <strong>Uber<\/strong> deve acontecer semanas depois do oferta inicial da <strong>Lyft<\/strong>, principal concorrente, que abrir\u00e1 capital em mar\u00e7o.<\/p>\n<p>A a\u00e7\u00e3o simult\u00e2nea dos aplicativos pode ser boa para as duas empresas. Por ser menor, a <strong>Lyft<\/strong> se lan\u00e7ar\u00e1 primeiro no mercado, podendo arrecadar mais fundos com investidores que buscam empresas com grande potencial de rendimento. A <strong>Uber<\/strong> aproveitar\u00e1 a euforia do mercado, que espera a<strong> abertura de capital<\/strong> das empresas.<\/p>\n<p><a href=\"https:\/\/www.suno.com.br\/noticias\/uber-lyft-ipo\/\">Saiba mais:\u00a0Rival do Uber, o Lyft busca entre US$ 21 bi e US$ 23 bi em seu IPO<\/a><\/p>\n<p>Ainda que tenha <strong>faturado<\/strong> US$ 2,16 bilh\u00f5es no ano passado &#8211; numa disparada desde os US$ 343 milh\u00f5es de 2016, a <strong>Lyft<\/strong> registrou <strong>preju\u00edzo<\/strong> de US$ 911 milh\u00f5es em 2018. No ano anterior, as <strong>perdas<\/strong> haviam sido de US$ 688 milh\u00f5es.<\/p>\n","protected":false},"excerpt":{"rendered":"<p>A Lyft, a principal concorrente da Uber, encerrou o primeiro dia na bolsa Nasdaq com a\u00e7\u00f5es em alta de 8%, negociadas a US$ 78,29. Dessa forma, a Lyft chegou a um valor de mercado de US$ 26,4 bilh\u00f5es. O n\u00famero \u00e9 US$ 11 bilh\u00f5es maior que a avalia\u00e7\u00e3o anterior, que foi feita na \u00faltima rodada [&hellip;]<\/p>\n","protected":false},"author":14,"featured_media":19548,"comment_status":"closed","ping_status":"closed","sticky":false,"template":"","format":"standard","meta":[],"categories":[64],"tags":[286,319,1209,1607,954],"suno_strategy":[],"class_list":["post-19545","post","type-post","status-publish","format-standard","has-post-thumbnail","hentry","category-negocios","tag-acoes","tag-ipo-oferta-inicial-de-acoes","tag-lyft","tag-resultado-das-empresas","tag-uber-u1be34"],"yoast_head":"<!-- This site is optimized with the Yoast SEO plugin v24.4 - https:\/\/yoast.com\/wordpress\/plugins\/seo\/ -->\n<title>Lyft, rival da Uber, fecha o primeiro dia na bolsa com eleva\u00e7\u00e3o de 8,7%<\/title>\n<meta name=\"description\" content=\"A Lyft chegou a um valor de mercado de US$ 26,4 bilh\u00f5es. O n\u00famero \u00e9 US$ 11 bilh\u00f5es maior que a avalia\u00e7\u00e3o anterior. Clique para saber mais.\" \/>\n<meta name=\"robots\" content=\"index, follow, max-snippet:-1, max-image-preview:large, max-video-preview:-1\" \/>\n<link rel=\"canonical\" href=\"https:\/\/www.suno.com.br\/noticias\/lyft-uber-fecha-bolsa\/\" \/>\n<meta property=\"og:locale\" content=\"pt_BR\" \/>\n<meta property=\"og:type\" content=\"article\" \/>\n<meta property=\"og:title\" content=\"Lyft, rival da Uber, fecha o primeiro dia na bolsa com eleva\u00e7\u00e3o de 8,7%\" \/>\n<meta property=\"og:description\" content=\"A Lyft chegou a um valor de mercado de US$ 26,4 bilh\u00f5es. O n\u00famero \u00e9 US$ 11 bilh\u00f5es maior que a avalia\u00e7\u00e3o anterior. Clique para saber mais.\" \/>\n<meta property=\"og:url\" content=\"https:\/\/www.suno.com.br\/noticias\/lyft-uber-fecha-bolsa\/\" \/>\n<meta property=\"og:site_name\" content=\"Suno Not\u00edcias\" \/>\n<meta property=\"article:publisher\" content=\"https:\/\/facebook.com\/sunoresearch\" \/>\n<meta property=\"og:image\" content=\"https:\/\/files.sunoresearch.com.br\/n\/uploads\/2019\/03\/2045d2c0-40834808254_e8e289a47b_k.jpg\" \/>\n\t<meta property=\"og:image:width\" content=\"2048\" \/>\n\t<meta property=\"og:image:height\" content=\"1365\" \/>\n\t<meta property=\"og:image:type\" content=\"image\/jpeg\" \/>\n<meta name=\"author\" content=\"Renan Dantas\" \/>\n<meta name=\"twitter:card\" content=\"summary_large_image\" \/>\n<meta name=\"twitter:creator\" content=\"@sunoresearch\" \/>\n<meta name=\"twitter:site\" content=\"@sunoresearch\" \/>\n<meta name=\"twitter:label1\" content=\"Escrito por\" \/>\n\t<meta name=\"twitter:data1\" content=\"Renan Dantas\" \/>\n\t<meta name=\"twitter:label2\" content=\"Est. tempo de leitura\" \/>\n\t<meta name=\"twitter:data2\" content=\"2 minutos\" \/>\n<script type=\"application\/ld+json\" class=\"yoast-schema-graph\">{\"@context\":\"https:\/\/schema.org\",\"@graph\":[{\"@type\":\"NewsArticle\",\"@id\":\"https:\/\/www.suno.com.br\/noticias\/lyft-uber-fecha-bolsa\/#article\",\"isPartOf\":{\"@id\":\"https:\/\/www.suno.com.br\/noticias\/lyft-uber-fecha-bolsa\/\"},\"author\":{\"name\":\"Renan Dantas\",\"@id\":\"https:\/\/www.suno.com.br\/noticias\/#\/schema\/person\/3f7693d5795a3f6d5ce15309ee785699\"},\"headline\":\"Lyft, rival da Uber, fecha o primeiro dia na bolsa com eleva\u00e7\u00e3o de 8,7%\",\"datePublished\":\"2019-03-29T23:46:59+00:00\",\"dateModified\":\"2021-02-18T17:27:55+00:00\",\"mainEntityOfPage\":{\"@id\":\"https:\/\/www.suno.com.br\/noticias\/lyft-uber-fecha-bolsa\/\"},\"wordCount\":377,\"publisher\":{\"@id\":\"https:\/\/www.suno.com.br\/noticias\/#organization\"},\"image\":{\"@id\":\"https:\/\/www.suno.com.br\/noticias\/lyft-uber-fecha-bolsa\/#primaryimage\"},\"thumbnailUrl\":\"https:\/\/files.sunoresearch.com.br\/n\/uploads\/2019\/03\/2045d2c0-40834808254_e8e289a47b_k-jpg.webp\",\"keywords\":[\"A\u00e7\u00f5es\",\"IPO (Oferta Inicial de A\u00e7\u00f5es)\",\"Lyft\",\"Resultado das empresas\",\"Uber (U1BE34)\"],\"articleSection\":[\"Neg\u00f3cios\"],\"inLanguage\":\"pt-BR\"},{\"@type\":\"WebPage\",\"@id\":\"https:\/\/www.suno.com.br\/noticias\/lyft-uber-fecha-bolsa\/\",\"url\":\"https:\/\/www.suno.com.br\/noticias\/lyft-uber-fecha-bolsa\/\",\"name\":\"Lyft, rival da Uber, fecha o primeiro dia na bolsa com eleva\u00e7\u00e3o de 8,7%\",\"isPartOf\":{\"@id\":\"https:\/\/www.suno.com.br\/noticias\/#website\"},\"primaryImageOfPage\":{\"@id\":\"https:\/\/www.suno.com.br\/noticias\/lyft-uber-fecha-bolsa\/#primaryimage\"},\"image\":{\"@id\":\"https:\/\/www.suno.com.br\/noticias\/lyft-uber-fecha-bolsa\/#primaryimage\"},\"thumbnailUrl\":\"https:\/\/files.sunoresearch.com.br\/n\/uploads\/2019\/03\/2045d2c0-40834808254_e8e289a47b_k-jpg.webp\",\"datePublished\":\"2019-03-29T23:46:59+00:00\",\"dateModified\":\"2021-02-18T17:27:55+00:00\",\"description\":\"A Lyft chegou a um valor de mercado de US$ 26,4 bilh\u00f5es. O n\u00famero \u00e9 US$ 11 bilh\u00f5es maior que a avalia\u00e7\u00e3o anterior. Clique para saber mais.\",\"breadcrumb\":{\"@id\":\"https:\/\/www.suno.com.br\/noticias\/lyft-uber-fecha-bolsa\/#breadcrumb\"},\"inLanguage\":\"pt-BR\",\"potentialAction\":[{\"@type\":\"ReadAction\",\"target\":[\"https:\/\/www.suno.com.br\/noticias\/lyft-uber-fecha-bolsa\/\"]}]},{\"@type\":\"ImageObject\",\"inLanguage\":\"pt-BR\",\"@id\":\"https:\/\/www.suno.com.br\/noticias\/lyft-uber-fecha-bolsa\/#primaryimage\",\"url\":\"https:\/\/files.sunoresearch.com.br\/n\/uploads\/2019\/03\/2045d2c0-40834808254_e8e289a47b_k-jpg.webp\",\"contentUrl\":\"https:\/\/files.sunoresearch.com.br\/n\/uploads\/2019\/03\/2045d2c0-40834808254_e8e289a47b_k-jpg.webp\",\"width\":2048,\"height\":1365},{\"@type\":\"BreadcrumbList\",\"@id\":\"https:\/\/www.suno.com.br\/noticias\/lyft-uber-fecha-bolsa\/#breadcrumb\",\"itemListElement\":[{\"@type\":\"ListItem\",\"position\":1,\"name\":\"Not\u00edcias\",\"item\":\"https:\/\/www.suno.com.br\/noticias\/\"},{\"@type\":\"ListItem\",\"position\":2,\"name\":\"Neg\u00f3cios\",\"item\":\"https:\/\/www.suno.com.br\/noticias\/negocios\/\"},{\"@type\":\"ListItem\",\"position\":3,\"name\":\"Lyft, rival da Uber, fecha o primeiro dia na bolsa com eleva\u00e7\u00e3o de 8,7%\"}]},{\"@type\":\"WebSite\",\"@id\":\"https:\/\/www.suno.com.br\/noticias\/#website\",\"url\":\"https:\/\/www.suno.com.br\/noticias\/\",\"name\":\"Suno Not\u00edcias\",\"description\":\"Seu portal de informa\u00e7\u00e3o sobre o mundo dos investimentos\",\"publisher\":{\"@id\":\"https:\/\/www.suno.com.br\/noticias\/#organization\"},\"potentialAction\":[{\"@type\":\"SearchAction\",\"target\":{\"@type\":\"EntryPoint\",\"urlTemplate\":\"https:\/\/www.suno.com.br\/noticias\/?s={search_term_string}\"},\"query-input\":{\"@type\":\"PropertyValueSpecification\",\"valueRequired\":true,\"valueName\":\"search_term_string\"}}],\"inLanguage\":\"pt-BR\"},{\"@type\":\"Organization\",\"@id\":\"https:\/\/www.suno.com.br\/noticias\/#organization\",\"name\":\"Suno Not\u00edcias\",\"url\":\"https:\/\/www.suno.com.br\/noticias\/\",\"logo\":{\"@type\":\"ImageObject\",\"inLanguage\":\"pt-BR\",\"@id\":\"https:\/\/www.suno.com.br\/noticias\/#\/schema\/logo\/image\/\",\"url\":\"https:\/\/files.sunoresearch.com.br\/n\/uploads\/2021\/09\/suno-logo.png\",\"contentUrl\":\"https:\/\/files.sunoresearch.com.br\/n\/uploads\/2021\/09\/suno-logo.png\",\"width\":180,\"height\":180,\"caption\":\"Suno Not\u00edcias\"},\"image\":{\"@id\":\"https:\/\/www.suno.com.br\/noticias\/#\/schema\/logo\/image\/\"},\"sameAs\":[\"https:\/\/facebook.com\/sunoresearch\",\"https:\/\/x.com\/sunoresearch\",\"https:\/\/www.instagram.com\/suno\",\"https:\/\/www.linkedin.com\/company\/suno-research\/\",\"https:\/\/www.youtube.com\/c\/sunoresearch\"]},{\"@type\":\"Person\",\"@id\":\"https:\/\/www.suno.com.br\/noticias\/#\/schema\/person\/3f7693d5795a3f6d5ce15309ee785699\",\"name\":\"Renan Dantas\",\"image\":{\"@type\":\"ImageObject\",\"inLanguage\":\"pt-BR\",\"@id\":\"https:\/\/www.suno.com.br\/noticias\/#\/schema\/person\/image\/\",\"url\":\"https:\/\/secure.gravatar.com\/avatar\/1787b83e7484a08e51d62ac8b41c8396?s=96&r=g\",\"contentUrl\":\"https:\/\/secure.gravatar.com\/avatar\/1787b83e7484a08e51d62ac8b41c8396?s=96&r=g\",\"caption\":\"Renan Dantas\"},\"description\":\"Escreve sobre pol\u00edtica e mercado financeiro para o portal Suno Not\u00edcias. Antes, atuou na assessoria de comunica\u00e7\u00e3o do Minist\u00e9rio P\u00fablico do Trabalho e na R\u00e1dio Mackenzie, onde apresentava e produzia um programa sobre artistas da m\u00fasica brasileira. \u00c9 estudante na Universidade Presbiteriana Mackenzie.\",\"url\":\"https:\/\/www.suno.com.br\/noticias\/author\/renan-dantas\/\"}]}<\/script>\n<!-- \/ Yoast SEO plugin. -->","yoast_head_json":{"title":"Lyft, rival da Uber, fecha o primeiro dia na bolsa com eleva\u00e7\u00e3o de 8,7%","description":"A Lyft chegou a um valor de mercado de US$ 26,4 bilh\u00f5es. O n\u00famero \u00e9 US$ 11 bilh\u00f5es maior que a avalia\u00e7\u00e3o anterior. Clique para saber mais.","robots":{"index":"index","follow":"follow","max-snippet":"max-snippet:-1","max-image-preview":"max-image-preview:large","max-video-preview":"max-video-preview:-1"},"canonical":"https:\/\/www.suno.com.br\/noticias\/lyft-uber-fecha-bolsa\/","og_locale":"pt_BR","og_type":"article","og_title":"Lyft, rival da Uber, fecha o primeiro dia na bolsa com eleva\u00e7\u00e3o de 8,7%","og_description":"A Lyft chegou a um valor de mercado de US$ 26,4 bilh\u00f5es. O n\u00famero \u00e9 US$ 11 bilh\u00f5es maior que a avalia\u00e7\u00e3o anterior. Clique para saber mais.","og_url":"https:\/\/www.suno.com.br\/noticias\/lyft-uber-fecha-bolsa\/","og_site_name":"Suno Not\u00edcias","article_publisher":"https:\/\/facebook.com\/sunoresearch","og_image":[{"width":2048,"height":1365,"url":"https:\/\/files.sunoresearch.com.br\/n\/uploads\/2019\/03\/2045d2c0-40834808254_e8e289a47b_k.jpg","type":"image\/jpeg"}],"author":"Renan Dantas","twitter_card":"summary_large_image","twitter_creator":"@sunoresearch","twitter_site":"@sunoresearch","twitter_misc":{"Escrito por":"Renan Dantas","Est. tempo de leitura":"2 minutos"},"schema":{"@context":"https:\/\/schema.org","@graph":[{"@type":"NewsArticle","@id":"https:\/\/www.suno.com.br\/noticias\/lyft-uber-fecha-bolsa\/#article","isPartOf":{"@id":"https:\/\/www.suno.com.br\/noticias\/lyft-uber-fecha-bolsa\/"},"author":{"name":"Renan Dantas","@id":"https:\/\/www.suno.com.br\/noticias\/#\/schema\/person\/3f7693d5795a3f6d5ce15309ee785699"},"headline":"Lyft, rival da Uber, fecha o primeiro dia na bolsa com eleva\u00e7\u00e3o de 8,7%","datePublished":"2019-03-29T23:46:59+00:00","dateModified":"2021-02-18T17:27:55+00:00","mainEntityOfPage":{"@id":"https:\/\/www.suno.com.br\/noticias\/lyft-uber-fecha-bolsa\/"},"wordCount":377,"publisher":{"@id":"https:\/\/www.suno.com.br\/noticias\/#organization"},"image":{"@id":"https:\/\/www.suno.com.br\/noticias\/lyft-uber-fecha-bolsa\/#primaryimage"},"thumbnailUrl":"https:\/\/files.sunoresearch.com.br\/n\/uploads\/2019\/03\/2045d2c0-40834808254_e8e289a47b_k-jpg.webp","keywords":["A\u00e7\u00f5es","IPO (Oferta Inicial de A\u00e7\u00f5es)","Lyft","Resultado das empresas","Uber (U1BE34)"],"articleSection":["Neg\u00f3cios"],"inLanguage":"pt-BR"},{"@type":"WebPage","@id":"https:\/\/www.suno.com.br\/noticias\/lyft-uber-fecha-bolsa\/","url":"https:\/\/www.suno.com.br\/noticias\/lyft-uber-fecha-bolsa\/","name":"Lyft, rival da Uber, fecha o primeiro dia na bolsa com eleva\u00e7\u00e3o de 8,7%","isPartOf":{"@id":"https:\/\/www.suno.com.br\/noticias\/#website"},"primaryImageOfPage":{"@id":"https:\/\/www.suno.com.br\/noticias\/lyft-uber-fecha-bolsa\/#primaryimage"},"image":{"@id":"https:\/\/www.suno.com.br\/noticias\/lyft-uber-fecha-bolsa\/#primaryimage"},"thumbnailUrl":"https:\/\/files.sunoresearch.com.br\/n\/uploads\/2019\/03\/2045d2c0-40834808254_e8e289a47b_k-jpg.webp","datePublished":"2019-03-29T23:46:59+00:00","dateModified":"2021-02-18T17:27:55+00:00","description":"A Lyft chegou a um valor de mercado de US$ 26,4 bilh\u00f5es. O n\u00famero \u00e9 US$ 11 bilh\u00f5es maior que a avalia\u00e7\u00e3o anterior. Clique para saber mais.","breadcrumb":{"@id":"https:\/\/www.suno.com.br\/noticias\/lyft-uber-fecha-bolsa\/#breadcrumb"},"inLanguage":"pt-BR","potentialAction":[{"@type":"ReadAction","target":["https:\/\/www.suno.com.br\/noticias\/lyft-uber-fecha-bolsa\/"]}]},{"@type":"ImageObject","inLanguage":"pt-BR","@id":"https:\/\/www.suno.com.br\/noticias\/lyft-uber-fecha-bolsa\/#primaryimage","url":"https:\/\/files.sunoresearch.com.br\/n\/uploads\/2019\/03\/2045d2c0-40834808254_e8e289a47b_k-jpg.webp","contentUrl":"https:\/\/files.sunoresearch.com.br\/n\/uploads\/2019\/03\/2045d2c0-40834808254_e8e289a47b_k-jpg.webp","width":2048,"height":1365},{"@type":"BreadcrumbList","@id":"https:\/\/www.suno.com.br\/noticias\/lyft-uber-fecha-bolsa\/#breadcrumb","itemListElement":[{"@type":"ListItem","position":1,"name":"Not\u00edcias","item":"https:\/\/www.suno.com.br\/noticias\/"},{"@type":"ListItem","position":2,"name":"Neg\u00f3cios","item":"https:\/\/www.suno.com.br\/noticias\/negocios\/"},{"@type":"ListItem","position":3,"name":"Lyft, rival da Uber, fecha o primeiro dia na bolsa com eleva\u00e7\u00e3o de 8,7%"}]},{"@type":"WebSite","@id":"https:\/\/www.suno.com.br\/noticias\/#website","url":"https:\/\/www.suno.com.br\/noticias\/","name":"Suno Not\u00edcias","description":"Seu portal de informa\u00e7\u00e3o sobre o mundo dos investimentos","publisher":{"@id":"https:\/\/www.suno.com.br\/noticias\/#organization"},"potentialAction":[{"@type":"SearchAction","target":{"@type":"EntryPoint","urlTemplate":"https:\/\/www.suno.com.br\/noticias\/?s={search_term_string}"},"query-input":{"@type":"PropertyValueSpecification","valueRequired":true,"valueName":"search_term_string"}}],"inLanguage":"pt-BR"},{"@type":"Organization","@id":"https:\/\/www.suno.com.br\/noticias\/#organization","name":"Suno Not\u00edcias","url":"https:\/\/www.suno.com.br\/noticias\/","logo":{"@type":"ImageObject","inLanguage":"pt-BR","@id":"https:\/\/www.suno.com.br\/noticias\/#\/schema\/logo\/image\/","url":"https:\/\/files.sunoresearch.com.br\/n\/uploads\/2021\/09\/suno-logo.png","contentUrl":"https:\/\/files.sunoresearch.com.br\/n\/uploads\/2021\/09\/suno-logo.png","width":180,"height":180,"caption":"Suno Not\u00edcias"},"image":{"@id":"https:\/\/www.suno.com.br\/noticias\/#\/schema\/logo\/image\/"},"sameAs":["https:\/\/facebook.com\/sunoresearch","https:\/\/x.com\/sunoresearch","https:\/\/www.instagram.com\/suno","https:\/\/www.linkedin.com\/company\/suno-research\/","https:\/\/www.youtube.com\/c\/sunoresearch"]},{"@type":"Person","@id":"https:\/\/www.suno.com.br\/noticias\/#\/schema\/person\/3f7693d5795a3f6d5ce15309ee785699","name":"Renan Dantas","image":{"@type":"ImageObject","inLanguage":"pt-BR","@id":"https:\/\/www.suno.com.br\/noticias\/#\/schema\/person\/image\/","url":"https:\/\/secure.gravatar.com\/avatar\/1787b83e7484a08e51d62ac8b41c8396?s=96&r=g","contentUrl":"https:\/\/secure.gravatar.com\/avatar\/1787b83e7484a08e51d62ac8b41c8396?s=96&r=g","caption":"Renan Dantas"},"description":"Escreve sobre pol\u00edtica e mercado financeiro para o portal Suno Not\u00edcias. Antes, atuou na assessoria de comunica\u00e7\u00e3o do Minist\u00e9rio P\u00fablico do Trabalho e na R\u00e1dio Mackenzie, onde apresentava e produzia um programa sobre artistas da m\u00fasica brasileira. \u00c9 estudante na Universidade Presbiteriana Mackenzie.","url":"https:\/\/www.suno.com.br\/noticias\/author\/renan-dantas\/"}]}},"default_loop_html":"<div class=\"cardsPage__listCard__boxs\"><div class=\"cardsPage__listCard__boxs__img\"><a href=\"https:\/\/www.suno.com.br\/noticias\/lyft-uber-fecha-bolsa\/\"><img class=\"mask\" src=\"https:\/\/www.suno.com.br\/noticias\/wp-content\/themes\/suno\/resources\/images\/spotlight\/spotlight1img\/bg-mask.png\" alt=\"Image Mask\"\/><img src=\"https:\/\/files.sunoresearch.com.br\/n\/uploads\/2019\/03\/2045d2c0-40834808254_e8e289a47b_k-400x200.webp\" alt=\"Lyft, rival da Uber, fecha o primeiro dia na bolsa com eleva\u00e7\u00e3o de 8,7%\"\/><\/a><span class=\"spotlightCategory\"><a href=\"https:\/\/www.suno.com.br\/noticias\/negocios\/\">Neg\u00f3cios<\/a><\/span><\/div><div class=\"cardsPage__listCard__boxs__content\"><a href=\"https:\/\/www.suno.com.br\/noticias\/lyft-uber-fecha-bolsa\/\"><h2 class=\"content__title\">Lyft, rival da Uber, fecha o primeiro dia na bolsa com eleva\u00e7\u00e3o de 8,7%<\/h2><\/a><div class=\"newsContent__article__meta\"><div class=\"newsContent__article__meta__authorBox\"><a href=\"https:\/\/www.suno.com.br\/noticias\/author\/renan-dantas\/\" class=\"authorBox__avatar noMobi\"><img src=\"https:\/\/secure.gravatar.com\/avatar\/1787b83e7484a08e51d62ac8b41c8396?s=96&#038;r=g\" alt=\"Renan Dantas\"><\/a><div class=\"authorBox__name\"><span>por\n\t\t\t<a href=\"https:\/\/www.suno.com.br\/noticias\/author\/renan-dantas\/\"><span itemprop=\"author\">Renan Dantas<\/span><\/a><\/span><time datetime=\"2019-03-29T20:46:59-03:00\" itemprop=\"datePublished\">29\/03\/2019 20:46<\/time><\/div><\/div><\/div><\/div><\/div>","single_layout":"posts","amp_enabled":true,"_links":{"self":[{"href":"https:\/\/www.suno.com.br\/noticias\/wp-json\/wp\/v2\/posts\/19545"}],"collection":[{"href":"https:\/\/www.suno.com.br\/noticias\/wp-json\/wp\/v2\/posts"}],"about":[{"href":"https:\/\/www.suno.com.br\/noticias\/wp-json\/wp\/v2\/types\/post"}],"author":[{"embeddable":true,"href":"https:\/\/www.suno.com.br\/noticias\/wp-json\/wp\/v2\/users\/14"}],"replies":[{"embeddable":true,"href":"https:\/\/www.suno.com.br\/noticias\/wp-json\/wp\/v2\/comments?post=19545"}],"version-history":[{"count":0,"href":"https:\/\/www.suno.com.br\/noticias\/wp-json\/wp\/v2\/posts\/19545\/revisions"}],"wp:featuredmedia":[{"embeddable":true,"href":"https:\/\/www.suno.com.br\/noticias\/wp-json\/wp\/v2\/media\/19548"}],"wp:attachment":[{"href":"https:\/\/www.suno.com.br\/noticias\/wp-json\/wp\/v2\/media?parent=19545"}],"wp:term":[{"taxonomy":"category","embeddable":true,"href":"https:\/\/www.suno.com.br\/noticias\/wp-json\/wp\/v2\/categories?post=19545"},{"taxonomy":"post_tag","embeddable":true,"href":"https:\/\/www.suno.com.br\/noticias\/wp-json\/wp\/v2\/tags?post=19545"},{"taxonomy":"suno_strategy","embeddable":true,"href":"https:\/\/www.suno.com.br\/noticias\/wp-json\/wp\/v2\/suno_strategy?post=19545"}],"curies":[{"name":"wp","href":"https:\/\/api.w.org\/{rel}","templated":true}]}}