{"id":195437,"date":"2021-10-20T12:33:49","date_gmt":"2021-10-20T15:33:49","guid":{"rendered":"https:\/\/www.suno.com.br\/noticias\/?p=195437"},"modified":"2021-10-20T12:33:49","modified_gmt":"2021-10-20T15:33:49","slug":"vale-vale3-cai-ibovespa-previa-operacional","status":"publish","type":"post","link":"https:\/\/www.suno.com.br\/noticias\/vale-vale3-cai-ibovespa-previa-operacional\/","title":{"rendered":"Vale (VALE3) cai 1,7% no Ibovespa ap\u00f3s pr\u00e9via; n\u00fameros vieram abaixo do esperado"},"content":{"rendered":"<p>A a\u00e7\u00e3o da <a class=\"suno-keyword\" href=\"https:\/\/www.suno.com.br\/acoes\/VALE3\/\" target=\"_blank\" rel=\"noopener\" data-force=\"yes\" data-priority=\"2\"><strong>Vale<\/strong> (VALE3)<\/a> figura entre as maiores quedas do Ibovespa nesta quarta-feira (20), ap\u00f3s a divulga\u00e7\u00e3o das pr\u00e9vias operacionais no dia anterior.<\/p>\t<div class=\"wrapper-featured-image\">\n\t\t<figure class=\"spotlightImg\">\n\n\t\t\t<picture>\n\t\t\t\t<source media=\"(max-width: 768px)\" srcset=\"https:\/\/files.sunoresearch.com.br\/n\/uploads\/2021\/02\/aff09bff-c0100329-vale-400x200.webp\">\n\t\t\t\t<img loading=\"lazy\" decoding=\"async\" class=\"newsContent__article__imgCapa lazyloadDisabled \" src=\"https:\/\/files.sunoresearch.com.br\/n\/uploads\/2021\/02\/aff09bff-c0100329-vale-800x450.webp\" width=\"800\" height=\"450\" alt=\"Vale (VALE3) cai 1,7% no Ibovespa ap\u00f3s pr\u00e9via; n\u00fameros vieram abaixo do esperado\" fetchpriority=high \/>\n\t\t\t<\/picture>\n\n\t\t\t<figcaption class=\"wp-caption-text wp-caption-text--show\">Vale (VALE3). Foto: Divulga\u00e7\u00e3o.<\/figcaption>\n\t\t<\/figure>\n\t<\/div>\n\n\n\t<p>\n\t\t<a href=\"https:\/\/lp.suno.com.br\/planilha-controle-gastos\/\" target=\"_blank\" data-element=\"shortcode-suno-banner\" title=\"Banner SUNO, clique e saiba mais\">\n\t\t\t<picture>\n\t\t\t\t<source media=\"(max-width: 500px)\" srcset=\"https:\/\/files.sunoresearch.com.br\/n\/uploads\/2023\/03\/400x300-Planilha-controle-de-gastos.png\">\n\t\t\t\t<img class=\"newsContent__article__imgCapa newsContent__article__imgCapa--banner\"\n\t\t\t\t\tsrc=\"https:\/\/files.sunoresearch.com.br\/n\/uploads\/2023\/03\/1420x240-Planilha-controle-de-gastos.png\"\n\t\t\t\t\tdata-promo-id=\"101751\"\t\t\t\t\t\t\t\t\t\twidth='1420' height='240'\t\t\t\t\talt=\"https:\/\/files.sunoresearch.com.br\/n\/uploads\/2023\/03\/1420x240-Planilha-controle-de-gastos.png\"\n\t\t\t\t>\n\t\t\t<\/picture>\n\t\t<\/a>\n\t<\/p>\n\n\n<p>Analistas da XP Investimentos j\u00e1 previam essa rea\u00e7\u00e3o do mercado, em relat\u00f3rio divulgado na noite anterior: embora a <strong>produ\u00e7\u00e3o de min\u00e9rio de ferro<\/strong> da Vale tenha aumentado, as vendas da mineradora ficaram abaixo do esperado.<\/p>\n<p>\u00c0s 12h22 desta quarta, a <strong>cota\u00e7\u00e3o da Vale<\/strong> ca\u00eda 1,71%, valendo R$ 77,66. Na m\u00ednima intradia, as a\u00e7\u00f5es da mineradora ca\u00edram mais de 3%, chegando a R$ 76,28.<\/p>\n<p>A produ\u00e7\u00e3o de min\u00e9rio de ferro pela Vale, entre julho e setembro, avan\u00e7ou 18,1% na compara\u00e7\u00e3o trimestral e 0,8% na compara\u00e7\u00e3o anual. No total, a mineradora produziu 89,4 milh\u00f5es de toneladas (Mt) da commodity e acumulou 233 milh\u00f5es de toneladas produzidas no ano.<\/p>\n\t<div data-element=\"shortcode-read-more\" class=\"knowMore\">\n\t\t\t\t<a class=\"knowMore__link\" href=\"https:\/\/www.suno.com.br\/noticias\/vale-vale3-producao-minerio-de-ferro-vendas-3t21\/\">\n\t\t\tVale (VALE3): produ\u00e7\u00e3o de min\u00e9rio de ferro sobe 18,1% no 3T21\t\t<\/a>\n\t<\/div>\n\n\n\t<p>\n\t\t<a href=\"https:\/\/lp.suno.com.br\/planilha-da-vida-financeira\/\" target=\"_blank\" data-element=\"shortcode-suno-banner\" title=\"Banner SUNO, clique e saiba mais\">\n\t\t\t<picture>\n\t\t\t\t<source media=\"(max-width: 500px)\" srcset=\"https:\/\/files.sunoresearch.com.br\/n\/uploads\/2023\/04\/400x300-Planilha-vida-financeira-true.png\">\n\t\t\t\t<img class=\"newsContent__article__imgCapa newsContent__article__imgCapa--banner\"\n\t\t\t\t\tsrc=\"https:\/\/files.sunoresearch.com.br\/n\/uploads\/2023\/04\/1420x240-Planilha-vida-financeira-true.png\"\n\t\t\t\t\tdata-promo-id=\"106682\"\t\t\t\t\t\t\t\t\t\twidth='1420' height='240'\t\t\t\t\talt=\"https:\/\/files.sunoresearch.com.br\/n\/uploads\/2023\/04\/1420x240-Planilha-vida-financeira-true.png\"\n\t\t\t\t>\n\t\t\t<\/picture>\n\t\t<\/a>\n\t<\/p>\n\n\n<p>Entretanto, as <strong>vendas do min\u00e9rio de ferro e pelotas<\/strong> chegaram a 75,8 Mt, cerca de 13 Mt inferior \u00e0 produ\u00e7\u00e3o no mesmo per\u00edodo e 10% abaixo do consenso do mercado.<\/p>\n<p>Para a <strong>XP Investimentos<\/strong>, fica o destaque do compromisso da Vale em atingir o <em>guidance<\/em> de produ\u00e7\u00e3o de min\u00e9rio de ferro em 2021. &#8220;Vemos como positivo e esperamos que o estoque acumulado seja revertido no pr\u00f3ximo trimestre&#8221;, diz relat\u00f3rio assinado por Thales Carmo, analista de minera\u00e7\u00e3o e siderurgia da corretora.<\/p>\n<figure id=\"attachment_195445\" aria-describedby=\"caption-attachment-195445\" style=\"width: 773px\" class=\"wp-caption alignnone\"><img loading=\"lazy\" decoding=\"async\" class=\"size-full wp-image-195445\" src=\"https:\/\/files.sunoresearch.com.br\/n\/uploads\/2021\/10\/producao-Vale-3t21.png\" alt=\"Produ\u00e7\u00e3o min\u00e9rio de ferro pela Vale (VALE3)\" width=\"773\" height=\"421\" srcset=\"https:\/\/files.sunoresearch.com.br\/n\/uploads\/2021\/10\/producao-Vale-3t21.png 773w, https:\/\/files.sunoresearch.com.br\/n\/uploads\/2021\/10\/producao-Vale-3t21-300x163.png 300w, https:\/\/files.sunoresearch.com.br\/n\/uploads\/2021\/10\/producao-Vale-3t21-768x418.png 768w, https:\/\/files.sunoresearch.com.br\/n\/uploads\/2021\/10\/producao-Vale-3t21-150x82.png 150w\" sizes=\"(max-width: 773px) 100vw, 773px\" \/><figcaption id=\"caption-attachment-195445\" class=\"wp-caption-text\">Produ\u00e7\u00e3o de Min\u00e9rio pela Vale &#8211; 3T21. Foto: Reprodu\u00e7\u00e3o XP Investimentos<\/figcaption><\/figure>\n<figure id=\"attachment_195446\" aria-describedby=\"caption-attachment-195446\" style=\"width: 748px\" class=\"wp-caption alignnone\"><img loading=\"lazy\" decoding=\"async\" class=\"size-full wp-image-195446\" src=\"https:\/\/files.sunoresearch.com.br\/n\/uploads\/2021\/10\/vendas-Vale-3t21.png\" alt=\"Venda de min\u00e9rio de ferro pela Vale (VALE3)\" width=\"748\" height=\"418\" srcset=\"https:\/\/files.sunoresearch.com.br\/n\/uploads\/2021\/10\/vendas-Vale-3t21.png 748w, https:\/\/files.sunoresearch.com.br\/n\/uploads\/2021\/10\/vendas-Vale-3t21-300x168.png 300w, https:\/\/files.sunoresearch.com.br\/n\/uploads\/2021\/10\/vendas-Vale-3t21-150x84.png 150w\" sizes=\"(max-width: 748px) 100vw, 748px\" \/><figcaption id=\"caption-attachment-195446\" class=\"wp-caption-text\">Venda de Min\u00e9rio pela Vale &#8211; 3T21. Foto: Reprodu\u00e7\u00e3o XP Investimentos<\/figcaption><\/figure>\n<h2>Safra v\u00ea resultados da Vale como est\u00e1veis<\/h2>\n<p>Para o banco Safra, a produ\u00e7\u00e3o de min\u00e9rio de ferro pela Vale, no terceiro trimestre, superou por pouco a estimativa para o per\u00edodo. J\u00e1 as vendas ficaram est\u00e1veis na an\u00e1lise do banco.<\/p>\n<p>O Safra mant\u00e9m sua <strong>recomenda\u00e7\u00e3o de compra<\/strong> para a mineradora, com <strong>pre\u00e7o-alvo<\/strong> de R$ 98,0. O valor representa um potencial de valoriza\u00e7\u00e3o de 24% em rela\u00e7\u00e3o \u00e0 cota\u00e7\u00e3o de fechamento de ter\u00e7a-feira (R$ 79).<\/p>\n<p>Em seu relat\u00f3rio sobre a <strong>pr\u00e9via operacional da Vale<\/strong>, o Safra destaca motivos para investir nas a\u00e7\u00f5es da mineradora e tamb\u00e9m classifica os riscos.<\/p>\n\t<p>\n\t\t<a href=\"https:\/\/lp.suno.com.br\/ebook-como-analisar-uma-acao\/\" target=\"_blank\" data-element=\"shortcode-suno-banner\" title=\"Banner SUNO, clique e saiba mais\">\n\t\t\t<picture>\n\t\t\t\t<source media=\"(max-width: 500px)\" srcset=\"https:\/\/files.sunoresearch.com.br\/n\/uploads\/2023\/03\/Ebook-Acoes-Mobile-1.jpg\">\n\t\t\t\t<img class=\"newsContent__article__imgCapa newsContent__article__imgCapa--banner\"\n\t\t\t\t\tsrc=\"https:\/\/files.sunoresearch.com.br\/n\/uploads\/2023\/03\/Ebook-Acoes-Desktop-1.jpg\"\n\t\t\t\t\tdata-promo-id=\"171998\"\t\t\t\t\t\t\t\t\t\twidth='1420' height='286'\t\t\t\t\talt=\"https:\/\/files.sunoresearch.com.br\/n\/uploads\/2023\/03\/Ebook-Acoes-Desktop-1.jpg\"\n\t\t\t\t>\n\t\t\t<\/picture>\n\t\t<\/a>\n\t<\/p>\n\n\n<p>Segundo o Safra, s\u00e3o dois os motivos para investir, ap\u00f3s os n\u00fameros entregues no 3T21:<\/p>\n<ul>\n<li>Alta qualidade do min\u00e9rio de ferro &#8211; n\u00e3o necessita de um processo de purifica\u00e7\u00e3o, que implicaria em custos operacionais mais altos. Como resultado, os custos de produ\u00e7\u00e3o s\u00e3o um dos mais baixos da setor;<\/li>\n<li>Mix de estoques <em>offshore<\/em> s\u00e3o uma estrat\u00e9gia importante, dada a dist\u00e2ncia dos principais clientes na China.<\/li>\n<\/ul>\n<p>J\u00e1 os riscos implicados em <strong>investir em Vale<\/strong>, para o banco, s\u00e3o quatro:<\/p>\n<ul>\n<li>Desacelera\u00e7\u00e3o do mercado chin\u00eas;<\/li>\n<li>Aumento da volatilidade dos pre\u00e7os das commodities;<\/li>\n<li>Flutua\u00e7\u00f5es cambiais;<\/li>\n<li>Poss\u00edvel, mas improv\u00e1vel, interven\u00e7\u00e3o do governo.<\/li>\n<\/ul>\n\t<p>\n\t\t<a href=\"\" target=\"_blank\" data-element=\"shortcode-suno-banner\" title=\"Banner SUNO, clique e saiba mais\">\n\t\t\t<picture>\n\t\t\t\t<source media=\"(max-width: 500px)\" srcset=\"\">\n\t\t\t\t<img class=\"newsContent__article__imgCapa newsContent__article__imgCapa--banner\"\n\t\t\t\t\tsrc=\"\"\n\t\t\t\t\tdata-promo-id=\"184190\"\t\t\t\t\t\t\t\t\t\t\t\t\t\t\talt=\"\"\n\t\t\t\t>\n\t\t\t<\/picture>\n\t\t<\/a>\n\t<\/p>\n\n\n","protected":false},"excerpt":{"rendered":"<p>A a\u00e7\u00e3o da Vale (VALE3) figura entre as maiores quedas do Ibovespa nesta quarta-feira (20), ap\u00f3s a divulga\u00e7\u00e3o das pr\u00e9vias operacionais no dia anterior. Vale (VALE3). Foto: Divulga\u00e7\u00e3o. Analistas da XP Investimentos j\u00e1 previam essa rea\u00e7\u00e3o do mercado, em relat\u00f3rio divulgado na noite anterior: embora a produ\u00e7\u00e3o de min\u00e9rio de ferro da Vale tenha aumentado, [&hellip;]<\/p>\n","protected":false},"author":102,"featured_media":126963,"comment_status":"closed","ping_status":"closed","sticky":false,"template":"","format":"standard","meta":[],"categories":[64],"tags":[1518,105816,676,888],"suno_strategy":[],"class_list":["post-195437","post","type-post","status-publish","format-standard","has-post-thumbnail","hentry","category-negocios","tag-banco-safra","tag-especialistas","tag-vale-vale3","tag-xp-investimentos"],"yoast_head":"<!-- This site is optimized with the Yoast SEO plugin v24.4 - https:\/\/yoast.com\/wordpress\/plugins\/seo\/ -->\n<title>Vale (VALE3) cai 1,7% ap\u00f3s pr\u00e9via; n\u00fameros vieram abaixo do esperado<\/title>\n<meta name=\"description\" content=\"A\u00e7\u00f5es da Vale (VALE3) caem nesta quarta-feira (20) ap\u00f3s a divulga\u00e7\u00e3o da pr\u00e9via operacional. Veja o dizem os analistas sobre os n\u00fameros\" \/>\n<meta name=\"robots\" content=\"index, follow, max-snippet:-1, max-image-preview:large, max-video-preview:-1\" \/>\n<link rel=\"canonical\" href=\"https:\/\/www.suno.com.br\/noticias\/vale-vale3-cai-ibovespa-previa-operacional\/\" \/>\n<meta property=\"og:locale\" content=\"pt_BR\" \/>\n<meta property=\"og:type\" content=\"article\" \/>\n<meta property=\"og:title\" content=\"Vale (VALE3) cai 1,7% ap\u00f3s pr\u00e9via; n\u00fameros vieram abaixo do esperado\" \/>\n<meta property=\"og:description\" content=\"A\u00e7\u00f5es da Vale (VALE3) caem nesta quarta-feira (20) ap\u00f3s a divulga\u00e7\u00e3o da pr\u00e9via operacional. Veja o dizem os analistas sobre os n\u00fameros\" \/>\n<meta property=\"og:url\" content=\"https:\/\/www.suno.com.br\/noticias\/vale-vale3-cai-ibovespa-previa-operacional\/\" \/>\n<meta property=\"og:site_name\" content=\"Suno Not\u00edcias\" \/>\n<meta property=\"article:publisher\" content=\"https:\/\/facebook.com\/sunoresearch\" \/>\n<meta property=\"og:image\" content=\"https:\/\/files.sunoresearch.com.br\/n\/uploads\/2021\/02\/aff09bff-c0100329-vale.jpg\" \/>\n\t<meta property=\"og:image:width\" content=\"1380\" \/>\n\t<meta property=\"og:image:height\" content=\"937\" \/>\n\t<meta property=\"og:image:type\" content=\"image\/jpeg\" \/>\n<meta name=\"author\" content=\"Monique Lima\" \/>\n<meta name=\"twitter:card\" content=\"summary_large_image\" \/>\n<meta name=\"twitter:creator\" content=\"@sunoresearch\" \/>\n<meta name=\"twitter:site\" content=\"@sunoresearch\" \/>\n<meta name=\"twitter:label1\" content=\"Escrito por\" \/>\n\t<meta name=\"twitter:data1\" content=\"Monique Lima\" \/>\n\t<meta name=\"twitter:label2\" content=\"Est. tempo de leitura\" \/>\n\t<meta name=\"twitter:data2\" content=\"3 minutos\" \/>\n<script type=\"application\/ld+json\" class=\"yoast-schema-graph\">{\"@context\":\"https:\/\/schema.org\",\"@graph\":[{\"@type\":\"NewsArticle\",\"@id\":\"https:\/\/www.suno.com.br\/noticias\/vale-vale3-cai-ibovespa-previa-operacional\/#article\",\"isPartOf\":{\"@id\":\"https:\/\/www.suno.com.br\/noticias\/vale-vale3-cai-ibovespa-previa-operacional\/\"},\"author\":{\"name\":\"Monique Lima\",\"@id\":\"https:\/\/www.suno.com.br\/noticias\/#\/schema\/person\/d712329319cc9b10f254d02d654cb36a\"},\"headline\":\"Vale (VALE3) cai 1,7% no Ibovespa ap\u00f3s pr\u00e9via; n\u00fameros vieram abaixo do esperado\",\"datePublished\":\"2021-10-20T15:33:49+00:00\",\"mainEntityOfPage\":{\"@id\":\"https:\/\/www.suno.com.br\/noticias\/vale-vale3-cai-ibovespa-previa-operacional\/\"},\"wordCount\":523,\"publisher\":{\"@id\":\"https:\/\/www.suno.com.br\/noticias\/#organization\"},\"image\":{\"@id\":\"https:\/\/www.suno.com.br\/noticias\/vale-vale3-cai-ibovespa-previa-operacional\/#primaryimage\"},\"thumbnailUrl\":\"https:\/\/files.sunoresearch.com.br\/n\/uploads\/2021\/02\/aff09bff-c0100329-vale-jpg.webp\",\"keywords\":[\"Banco Safra\",\"Especialistas\",\"Vale (VALE3)\",\"XP Investimentos\"],\"articleSection\":[\"Neg\u00f3cios\"],\"inLanguage\":\"pt-BR\"},{\"@type\":\"WebPage\",\"@id\":\"https:\/\/www.suno.com.br\/noticias\/vale-vale3-cai-ibovespa-previa-operacional\/\",\"url\":\"https:\/\/www.suno.com.br\/noticias\/vale-vale3-cai-ibovespa-previa-operacional\/\",\"name\":\"Vale (VALE3) cai 1,7% ap\u00f3s pr\u00e9via; n\u00fameros vieram abaixo do esperado\",\"isPartOf\":{\"@id\":\"https:\/\/www.suno.com.br\/noticias\/#website\"},\"primaryImageOfPage\":{\"@id\":\"https:\/\/www.suno.com.br\/noticias\/vale-vale3-cai-ibovespa-previa-operacional\/#primaryimage\"},\"image\":{\"@id\":\"https:\/\/www.suno.com.br\/noticias\/vale-vale3-cai-ibovespa-previa-operacional\/#primaryimage\"},\"thumbnailUrl\":\"https:\/\/files.sunoresearch.com.br\/n\/uploads\/2021\/02\/aff09bff-c0100329-vale-jpg.webp\",\"datePublished\":\"2021-10-20T15:33:49+00:00\",\"description\":\"A\u00e7\u00f5es da Vale (VALE3) caem nesta quarta-feira (20) ap\u00f3s a divulga\u00e7\u00e3o da pr\u00e9via operacional. Veja o dizem os analistas sobre os n\u00fameros\",\"breadcrumb\":{\"@id\":\"https:\/\/www.suno.com.br\/noticias\/vale-vale3-cai-ibovespa-previa-operacional\/#breadcrumb\"},\"inLanguage\":\"pt-BR\",\"potentialAction\":[{\"@type\":\"ReadAction\",\"target\":[\"https:\/\/www.suno.com.br\/noticias\/vale-vale3-cai-ibovespa-previa-operacional\/\"]}]},{\"@type\":\"ImageObject\",\"inLanguage\":\"pt-BR\",\"@id\":\"https:\/\/www.suno.com.br\/noticias\/vale-vale3-cai-ibovespa-previa-operacional\/#primaryimage\",\"url\":\"https:\/\/files.sunoresearch.com.br\/n\/uploads\/2021\/02\/aff09bff-c0100329-vale-jpg.webp\",\"contentUrl\":\"https:\/\/files.sunoresearch.com.br\/n\/uploads\/2021\/02\/aff09bff-c0100329-vale-jpg.webp\",\"width\":1380,\"height\":937,\"caption\":\"Vale (VALE3). Foto: Divulga\u00e7\u00e3o.\"},{\"@type\":\"BreadcrumbList\",\"@id\":\"https:\/\/www.suno.com.br\/noticias\/vale-vale3-cai-ibovespa-previa-operacional\/#breadcrumb\",\"itemListElement\":[{\"@type\":\"ListItem\",\"position\":1,\"name\":\"Not\u00edcias\",\"item\":\"https:\/\/www.suno.com.br\/noticias\/\"},{\"@type\":\"ListItem\",\"position\":2,\"name\":\"Neg\u00f3cios\",\"item\":\"https:\/\/www.suno.com.br\/noticias\/negocios\/\"},{\"@type\":\"ListItem\",\"position\":3,\"name\":\"Vale (VALE3) cai 1,7% no Ibovespa ap\u00f3s pr\u00e9via; n\u00fameros vieram abaixo do esperado\"}]},{\"@type\":\"WebSite\",\"@id\":\"https:\/\/www.suno.com.br\/noticias\/#website\",\"url\":\"https:\/\/www.suno.com.br\/noticias\/\",\"name\":\"Suno Not\u00edcias\",\"description\":\"Seu portal de informa\u00e7\u00e3o sobre o mundo dos investimentos\",\"publisher\":{\"@id\":\"https:\/\/www.suno.com.br\/noticias\/#organization\"},\"potentialAction\":[{\"@type\":\"SearchAction\",\"target\":{\"@type\":\"EntryPoint\",\"urlTemplate\":\"https:\/\/www.suno.com.br\/noticias\/?s={search_term_string}\"},\"query-input\":{\"@type\":\"PropertyValueSpecification\",\"valueRequired\":true,\"valueName\":\"search_term_string\"}}],\"inLanguage\":\"pt-BR\"},{\"@type\":\"Organization\",\"@id\":\"https:\/\/www.suno.com.br\/noticias\/#organization\",\"name\":\"Suno Not\u00edcias\",\"url\":\"https:\/\/www.suno.com.br\/noticias\/\",\"logo\":{\"@type\":\"ImageObject\",\"inLanguage\":\"pt-BR\",\"@id\":\"https:\/\/www.suno.com.br\/noticias\/#\/schema\/logo\/image\/\",\"url\":\"https:\/\/files.sunoresearch.com.br\/n\/uploads\/2021\/09\/suno-logo.png\",\"contentUrl\":\"https:\/\/files.sunoresearch.com.br\/n\/uploads\/2021\/09\/suno-logo.png\",\"width\":180,\"height\":180,\"caption\":\"Suno Not\u00edcias\"},\"image\":{\"@id\":\"https:\/\/www.suno.com.br\/noticias\/#\/schema\/logo\/image\/\"},\"sameAs\":[\"https:\/\/facebook.com\/sunoresearch\",\"https:\/\/x.com\/sunoresearch\",\"https:\/\/www.instagram.com\/suno\",\"https:\/\/www.linkedin.com\/company\/suno-research\/\",\"https:\/\/www.youtube.com\/c\/sunoresearch\"]},{\"@type\":\"Person\",\"@id\":\"https:\/\/www.suno.com.br\/noticias\/#\/schema\/person\/d712329319cc9b10f254d02d654cb36a\",\"name\":\"Monique Lima\",\"image\":{\"@type\":\"ImageObject\",\"inLanguage\":\"pt-BR\",\"@id\":\"https:\/\/www.suno.com.br\/noticias\/#\/schema\/person\/image\/\",\"url\":\"https:\/\/secure.gravatar.com\/avatar\/daee7f16d906c2e9ffed236206ca2c30?s=96&r=g\",\"contentUrl\":\"https:\/\/secure.gravatar.com\/avatar\/daee7f16d906c2e9ffed236206ca2c30?s=96&r=g\",\"caption\":\"Monique Lima\"},\"description\":\"Rep\u00f3rter de Mercado no Suno Not\u00edcias, \u00e9 jornalista com experi\u00eancia na cobertura de economia, empreendedorismo, finan\u00e7as pessoais, mercado financeiro, carreira e recursos humanos. Formada em Jornalismo pela Universidade Paulista, teve experi\u00eancias em ve\u00edculos de comunica\u00e7\u00e3o como a Ag\u00eancia TradeMap, Revista Voc\u00ea S\/A e Revista Voc\u00ea RH, as duas \u00faltimas publica\u00e7\u00f5es da Editora Abril. No Suno Not\u00edcias, fala sobre as principais not\u00edcias de Fundos Imobili\u00e1rios, Fiagro, Startups e empresas listadas na Bolsa.\",\"url\":\"https:\/\/www.suno.com.br\/noticias\/author\/monique-lima\/\"}]}<\/script>\n<!-- \/ Yoast SEO plugin. -->","yoast_head_json":{"title":"Vale (VALE3) cai 1,7% ap\u00f3s pr\u00e9via; n\u00fameros vieram abaixo do esperado","description":"A\u00e7\u00f5es da Vale (VALE3) caem nesta quarta-feira (20) ap\u00f3s a divulga\u00e7\u00e3o da pr\u00e9via operacional. Veja o dizem os analistas sobre os n\u00fameros","robots":{"index":"index","follow":"follow","max-snippet":"max-snippet:-1","max-image-preview":"max-image-preview:large","max-video-preview":"max-video-preview:-1"},"canonical":"https:\/\/www.suno.com.br\/noticias\/vale-vale3-cai-ibovespa-previa-operacional\/","og_locale":"pt_BR","og_type":"article","og_title":"Vale (VALE3) cai 1,7% ap\u00f3s pr\u00e9via; n\u00fameros vieram abaixo do esperado","og_description":"A\u00e7\u00f5es da Vale (VALE3) caem nesta quarta-feira (20) ap\u00f3s a divulga\u00e7\u00e3o da pr\u00e9via operacional. Veja o dizem os analistas sobre os n\u00fameros","og_url":"https:\/\/www.suno.com.br\/noticias\/vale-vale3-cai-ibovespa-previa-operacional\/","og_site_name":"Suno Not\u00edcias","article_publisher":"https:\/\/facebook.com\/sunoresearch","og_image":[{"width":1380,"height":937,"url":"https:\/\/files.sunoresearch.com.br\/n\/uploads\/2021\/02\/aff09bff-c0100329-vale.jpg","type":"image\/jpeg"}],"author":"Monique Lima","twitter_card":"summary_large_image","twitter_creator":"@sunoresearch","twitter_site":"@sunoresearch","twitter_misc":{"Escrito por":"Monique Lima","Est. tempo de leitura":"3 minutos"},"schema":{"@context":"https:\/\/schema.org","@graph":[{"@type":"NewsArticle","@id":"https:\/\/www.suno.com.br\/noticias\/vale-vale3-cai-ibovespa-previa-operacional\/#article","isPartOf":{"@id":"https:\/\/www.suno.com.br\/noticias\/vale-vale3-cai-ibovespa-previa-operacional\/"},"author":{"name":"Monique Lima","@id":"https:\/\/www.suno.com.br\/noticias\/#\/schema\/person\/d712329319cc9b10f254d02d654cb36a"},"headline":"Vale (VALE3) cai 1,7% no Ibovespa ap\u00f3s pr\u00e9via; n\u00fameros vieram abaixo do esperado","datePublished":"2021-10-20T15:33:49+00:00","mainEntityOfPage":{"@id":"https:\/\/www.suno.com.br\/noticias\/vale-vale3-cai-ibovespa-previa-operacional\/"},"wordCount":523,"publisher":{"@id":"https:\/\/www.suno.com.br\/noticias\/#organization"},"image":{"@id":"https:\/\/www.suno.com.br\/noticias\/vale-vale3-cai-ibovespa-previa-operacional\/#primaryimage"},"thumbnailUrl":"https:\/\/files.sunoresearch.com.br\/n\/uploads\/2021\/02\/aff09bff-c0100329-vale-jpg.webp","keywords":["Banco Safra","Especialistas","Vale (VALE3)","XP Investimentos"],"articleSection":["Neg\u00f3cios"],"inLanguage":"pt-BR"},{"@type":"WebPage","@id":"https:\/\/www.suno.com.br\/noticias\/vale-vale3-cai-ibovespa-previa-operacional\/","url":"https:\/\/www.suno.com.br\/noticias\/vale-vale3-cai-ibovespa-previa-operacional\/","name":"Vale (VALE3) cai 1,7% ap\u00f3s pr\u00e9via; n\u00fameros vieram abaixo do esperado","isPartOf":{"@id":"https:\/\/www.suno.com.br\/noticias\/#website"},"primaryImageOfPage":{"@id":"https:\/\/www.suno.com.br\/noticias\/vale-vale3-cai-ibovespa-previa-operacional\/#primaryimage"},"image":{"@id":"https:\/\/www.suno.com.br\/noticias\/vale-vale3-cai-ibovespa-previa-operacional\/#primaryimage"},"thumbnailUrl":"https:\/\/files.sunoresearch.com.br\/n\/uploads\/2021\/02\/aff09bff-c0100329-vale-jpg.webp","datePublished":"2021-10-20T15:33:49+00:00","description":"A\u00e7\u00f5es da Vale (VALE3) caem nesta quarta-feira (20) ap\u00f3s a divulga\u00e7\u00e3o da pr\u00e9via operacional. Veja o dizem os analistas sobre os n\u00fameros","breadcrumb":{"@id":"https:\/\/www.suno.com.br\/noticias\/vale-vale3-cai-ibovespa-previa-operacional\/#breadcrumb"},"inLanguage":"pt-BR","potentialAction":[{"@type":"ReadAction","target":["https:\/\/www.suno.com.br\/noticias\/vale-vale3-cai-ibovespa-previa-operacional\/"]}]},{"@type":"ImageObject","inLanguage":"pt-BR","@id":"https:\/\/www.suno.com.br\/noticias\/vale-vale3-cai-ibovespa-previa-operacional\/#primaryimage","url":"https:\/\/files.sunoresearch.com.br\/n\/uploads\/2021\/02\/aff09bff-c0100329-vale-jpg.webp","contentUrl":"https:\/\/files.sunoresearch.com.br\/n\/uploads\/2021\/02\/aff09bff-c0100329-vale-jpg.webp","width":1380,"height":937,"caption":"Vale (VALE3). Foto: Divulga\u00e7\u00e3o."},{"@type":"BreadcrumbList","@id":"https:\/\/www.suno.com.br\/noticias\/vale-vale3-cai-ibovespa-previa-operacional\/#breadcrumb","itemListElement":[{"@type":"ListItem","position":1,"name":"Not\u00edcias","item":"https:\/\/www.suno.com.br\/noticias\/"},{"@type":"ListItem","position":2,"name":"Neg\u00f3cios","item":"https:\/\/www.suno.com.br\/noticias\/negocios\/"},{"@type":"ListItem","position":3,"name":"Vale (VALE3) cai 1,7% no Ibovespa ap\u00f3s pr\u00e9via; n\u00fameros vieram abaixo do esperado"}]},{"@type":"WebSite","@id":"https:\/\/www.suno.com.br\/noticias\/#website","url":"https:\/\/www.suno.com.br\/noticias\/","name":"Suno Not\u00edcias","description":"Seu portal de informa\u00e7\u00e3o sobre o mundo dos investimentos","publisher":{"@id":"https:\/\/www.suno.com.br\/noticias\/#organization"},"potentialAction":[{"@type":"SearchAction","target":{"@type":"EntryPoint","urlTemplate":"https:\/\/www.suno.com.br\/noticias\/?s={search_term_string}"},"query-input":{"@type":"PropertyValueSpecification","valueRequired":true,"valueName":"search_term_string"}}],"inLanguage":"pt-BR"},{"@type":"Organization","@id":"https:\/\/www.suno.com.br\/noticias\/#organization","name":"Suno Not\u00edcias","url":"https:\/\/www.suno.com.br\/noticias\/","logo":{"@type":"ImageObject","inLanguage":"pt-BR","@id":"https:\/\/www.suno.com.br\/noticias\/#\/schema\/logo\/image\/","url":"https:\/\/files.sunoresearch.com.br\/n\/uploads\/2021\/09\/suno-logo.png","contentUrl":"https:\/\/files.sunoresearch.com.br\/n\/uploads\/2021\/09\/suno-logo.png","width":180,"height":180,"caption":"Suno Not\u00edcias"},"image":{"@id":"https:\/\/www.suno.com.br\/noticias\/#\/schema\/logo\/image\/"},"sameAs":["https:\/\/facebook.com\/sunoresearch","https:\/\/x.com\/sunoresearch","https:\/\/www.instagram.com\/suno","https:\/\/www.linkedin.com\/company\/suno-research\/","https:\/\/www.youtube.com\/c\/sunoresearch"]},{"@type":"Person","@id":"https:\/\/www.suno.com.br\/noticias\/#\/schema\/person\/d712329319cc9b10f254d02d654cb36a","name":"Monique Lima","image":{"@type":"ImageObject","inLanguage":"pt-BR","@id":"https:\/\/www.suno.com.br\/noticias\/#\/schema\/person\/image\/","url":"https:\/\/secure.gravatar.com\/avatar\/daee7f16d906c2e9ffed236206ca2c30?s=96&r=g","contentUrl":"https:\/\/secure.gravatar.com\/avatar\/daee7f16d906c2e9ffed236206ca2c30?s=96&r=g","caption":"Monique Lima"},"description":"Rep\u00f3rter de Mercado no Suno Not\u00edcias, \u00e9 jornalista com experi\u00eancia na cobertura de economia, empreendedorismo, finan\u00e7as pessoais, mercado financeiro, carreira e recursos humanos. Formada em Jornalismo pela Universidade Paulista, teve experi\u00eancias em ve\u00edculos de comunica\u00e7\u00e3o como a Ag\u00eancia TradeMap, Revista Voc\u00ea S\/A e Revista Voc\u00ea RH, as duas \u00faltimas publica\u00e7\u00f5es da Editora Abril. No Suno Not\u00edcias, fala sobre as principais not\u00edcias de Fundos Imobili\u00e1rios, Fiagro, Startups e empresas listadas na Bolsa.","url":"https:\/\/www.suno.com.br\/noticias\/author\/monique-lima\/"}]}},"default_loop_html":"<div class=\"cardsPage__listCard__boxs\"><div class=\"cardsPage__listCard__boxs__img\"><a href=\"https:\/\/www.suno.com.br\/noticias\/vale-vale3-cai-ibovespa-previa-operacional\/\"><img class=\"mask\" src=\"https:\/\/www.suno.com.br\/noticias\/wp-content\/themes\/suno\/resources\/images\/spotlight\/spotlight1img\/bg-mask.png\" alt=\"Image Mask\"\/><img src=\"https:\/\/files.sunoresearch.com.br\/n\/uploads\/2021\/02\/aff09bff-c0100329-vale-400x200.webp\" alt=\"Vale (VALE3) cai 1,7% no Ibovespa ap\u00f3s pr\u00e9via; n\u00fameros vieram abaixo do esperado\"\/><\/a><span class=\"spotlightCategory\"><a href=\"https:\/\/www.suno.com.br\/noticias\/negocios\/\">Neg\u00f3cios<\/a><\/span><\/div><div class=\"cardsPage__listCard__boxs__content\"><a href=\"https:\/\/www.suno.com.br\/noticias\/vale-vale3-cai-ibovespa-previa-operacional\/\"><h2 class=\"content__title\">Vale (VALE3) cai 1,7% no Ibovespa ap\u00f3s pr\u00e9via; n\u00fameros vieram abaixo do esperado<\/h2><\/a><div class=\"newsContent__article__meta\"><div class=\"newsContent__article__meta__authorBox\"><a href=\"https:\/\/www.suno.com.br\/noticias\/author\/monique-lima\/\" class=\"authorBox__avatar noMobi\"><img src=\"https:\/\/secure.gravatar.com\/avatar\/daee7f16d906c2e9ffed236206ca2c30?s=96&#038;r=g\" alt=\"Monique Lima\"><\/a><div class=\"authorBox__name\"><span>por\n\t\t\t<a href=\"https:\/\/www.suno.com.br\/noticias\/author\/monique-lima\/\"><span itemprop=\"author\">Monique Lima<\/span><\/a><\/span><time datetime=\"2021-10-20T12:33:49-03:00\" itemprop=\"datePublished\">20\/10\/2021 12:33<\/time><\/div><\/div><\/div><\/div><\/div>","single_layout":"posts","amp_enabled":true,"_links":{"self":[{"href":"https:\/\/www.suno.com.br\/noticias\/wp-json\/wp\/v2\/posts\/195437"}],"collection":[{"href":"https:\/\/www.suno.com.br\/noticias\/wp-json\/wp\/v2\/posts"}],"about":[{"href":"https:\/\/www.suno.com.br\/noticias\/wp-json\/wp\/v2\/types\/post"}],"author":[{"embeddable":true,"href":"https:\/\/www.suno.com.br\/noticias\/wp-json\/wp\/v2\/users\/102"}],"replies":[{"embeddable":true,"href":"https:\/\/www.suno.com.br\/noticias\/wp-json\/wp\/v2\/comments?post=195437"}],"version-history":[{"count":3,"href":"https:\/\/www.suno.com.br\/noticias\/wp-json\/wp\/v2\/posts\/195437\/revisions"}],"predecessor-version":[{"id":195466,"href":"https:\/\/www.suno.com.br\/noticias\/wp-json\/wp\/v2\/posts\/195437\/revisions\/195466"}],"wp:featuredmedia":[{"embeddable":true,"href":"https:\/\/www.suno.com.br\/noticias\/wp-json\/wp\/v2\/media\/126963"}],"wp:attachment":[{"href":"https:\/\/www.suno.com.br\/noticias\/wp-json\/wp\/v2\/media?parent=195437"}],"wp:term":[{"taxonomy":"category","embeddable":true,"href":"https:\/\/www.suno.com.br\/noticias\/wp-json\/wp\/v2\/categories?post=195437"},{"taxonomy":"post_tag","embeddable":true,"href":"https:\/\/www.suno.com.br\/noticias\/wp-json\/wp\/v2\/tags?post=195437"},{"taxonomy":"suno_strategy","embeddable":true,"href":"https:\/\/www.suno.com.br\/noticias\/wp-json\/wp\/v2\/suno_strategy?post=195437"}],"curies":[{"name":"wp","href":"https:\/\/api.w.org\/{rel}","templated":true}]}}