{"id":195316,"date":"2021-10-20T09:48:44","date_gmt":"2021-10-20T12:48:44","guid":{"rendered":"https:\/\/www.suno.com.br\/noticias\/?p=195316"},"modified":"2021-10-20T09:48:44","modified_gmt":"2021-10-20T12:48:44","slug":"justica-nega-a-rumo-rail3-pedido","status":"publish","type":"post","link":"https:\/\/www.suno.com.br\/noticias\/justica-nega-a-rumo-rail3-pedido\/","title":{"rendered":"Justi\u00e7a nega \u00e0 Rumo (RAIL3) pedido para interromper autoriza\u00e7\u00e3o de ferrovias \u00e0 VLI"},"content":{"rendered":"<p>Expondo uma disputa por novos trechos ferrovi\u00e1rios, a <a class=\"suno-keyword\" href=\"https:\/\/www.suno.com.br\/acoes\/RAIL3\/\" target=\"_blank\" rel=\"noopener\" data-force=\"yes\" data-priority=\"2\"><strong>Rumo<\/strong> (RAIL3)<\/a> foi \u00e0 Justi\u00e7a para tentar paralisar o processo de autoriza\u00e7\u00e3o de novas ferrovias solicitadas pela empresa VLI, que coincidem com os segmentos que a Rumo tamb\u00e9m manifestou interesse em construir.<\/p>\t<div class=\"wrapper-featured-image\">\n\t\t<figure class=\"spotlightImg\">\n\n\t\t\t<picture>\n\t\t\t\t<source media=\"(max-width: 768px)\" srcset=\"https:\/\/files.sunoresearch.com.br\/n\/uploads\/2021\/07\/9c2ff3fb-211191111_4205903296122583_1335622726550345305_n-e1690548276201-400x200.jpg\">\n\t\t\t\t<img loading=\"lazy\" decoding=\"async\" class=\"newsContent__article__imgCapa lazyloadDisabled \" src=\"https:\/\/files.sunoresearch.com.br\/n\/uploads\/2021\/07\/9c2ff3fb-211191111_4205903296122583_1335622726550345305_n-e1690548276201-800x450.jpg\" width=\"800\" height=\"450\" alt=\"Justi\u00e7a nega \u00e0 Rumo (RAIL3) pedido para interromper autoriza\u00e7\u00e3o de ferrovias \u00e0 VLI\" fetchpriority=high \/>\n\t\t\t<\/picture>\n\n\t\t\t<figcaption class=\"wp-caption-text wp-caption-text--show\">Rumo (RAIL3). Foto: Reprodu\u00e7\u00e3o Facebook<\/figcaption>\n\t\t<\/figure>\n\t<\/div>\n\n\n\t<p>\n\t\t<a href=\"https:\/\/lp.suno.com.br\/planilha-controle-gastos\/\" target=\"_blank\" data-element=\"shortcode-suno-banner\" title=\"Banner SUNO, clique e saiba mais\">\n\t\t\t<picture>\n\t\t\t\t<source media=\"(max-width: 500px)\" srcset=\"https:\/\/files.sunoresearch.com.br\/n\/uploads\/2023\/03\/400x300-Planilha-controle-de-gastos.png\">\n\t\t\t\t<img class=\"newsContent__article__imgCapa newsContent__article__imgCapa--banner\"\n\t\t\t\t\tsrc=\"https:\/\/files.sunoresearch.com.br\/n\/uploads\/2023\/03\/1420x240-Planilha-controle-de-gastos.png\"\n\t\t\t\t\tdata-promo-id=\"101751\"\t\t\t\t\t\t\t\t\t\twidth='1420' height='240'\t\t\t\t\talt=\"https:\/\/files.sunoresearch.com.br\/n\/uploads\/2023\/03\/1420x240-Planilha-controle-de-gastos.png\"\n\t\t\t\t>\n\t\t\t<\/picture>\n\t\t<\/a>\n\t<\/p>\n\n\n<p>O pedido, no entanto, foi negado na ter\u00e7a-feira (19), pela Se\u00e7\u00e3o Judici\u00e1ria do Distrito Federal. Na decis\u00e3o, o juiz Itagiba Catta Preta Neto afirma que a Rumo n\u00e3o conseguiu demonstrar ilegalidade nos crit\u00e9rios adotados pelo poder concedente e emendou afirmando que, &#8220;pelo contr\u00e1rio, ao que tudo indica&#8221;, a empresa pretende &#8220;adequar os crit\u00e9rios da Administra\u00e7\u00e3o a sua conveni\u00eancia&#8221;.<\/p>\n<p>O imbr\u00f3glio envolvendo as duas empresas come\u00e7ou no in\u00edcio do m\u00eas, quando a Rumo apresentou ao Minist\u00e9rio da Infraestrutura pedidos de autoriza\u00e7\u00e3o para construir duas ferrovias cujos tra\u00e7ados j\u00e1 haviam sido requisitados pela VLI. A situa\u00e7\u00e3o revelou as primeiras disputas entre empresas a partir do novo regime ferrovi\u00e1rio privado, autorizado por Medida Provis\u00f3ria em agosto. Os trechos alvos de interesse s\u00e3o entre as cidades de Lucas do Rio Verde (MT) e \u00c1gua Boa (MT), e entre Chavesl\u00e2ndia (MG) e Uberl\u00e2ndia (MG).<\/p>\n<h2>Rumo alega ilegalidade nos procedimentos adotas pela ANTT<\/h2>\n<p>No pedido feito \u00e0 Justi\u00e7a, a Rumo alegou que existiriam ilegalidades nos procedimentos adotados pela Ag\u00eancia Nacional de Transporte Terrestre (ANTT) e que, tendo isso em vista, era necess\u00e1rio que a Justi\u00e7a impedisse o \u00f3rg\u00e3o de analisar os pedidos da VLI neste momento. A empresa queria que a ANTT verificasse a compatibilidade locacional das requisi\u00e7\u00f5es feitas pela <strong>VLI<\/strong> e pela Rumo conjuntamente.<\/p>\n<p>A Rumo defende que, nesses casos, a <strong>ANTT<\/strong> abra um processo de chamamento p\u00fablico para s\u00f3 ent\u00e3o autorizar os tra\u00e7ados. Dessa forma, apenas uma das empresas teria libera\u00e7\u00e3o para construir a ferrovia. O governo, por sua vez, n\u00e3o entende dessa forma.<\/p>\n<p>Em portaria recentemente publicada, o<strong> Minist\u00e9rio da Infraestrutura<\/strong> definiu que, em casos de pedidos de constru\u00e7\u00e3o de ferrovia na mesma \u00e1rea de influ\u00eancia, ser\u00e1 dada outorga a todos os requerentes se houver compatibilidade locacional \u00e0 implanta\u00e7\u00e3o concomitante dos empreendimentos, e desde que n\u00e3o se apresente outro motivo t\u00e9cnico-operacional relevante que impossibilite esse quadro.<\/p>\n\t<p>\n\t\t<a href=\"https:\/\/lp.suno.com.br\/planilha-da-vida-financeira\/\" target=\"_blank\" data-element=\"shortcode-suno-banner\" title=\"Banner SUNO, clique e saiba mais\">\n\t\t\t<picture>\n\t\t\t\t<source media=\"(max-width: 500px)\" srcset=\"https:\/\/files.sunoresearch.com.br\/n\/uploads\/2023\/04\/400x300-Planilha-vida-financeira-true.png\">\n\t\t\t\t<img class=\"newsContent__article__imgCapa newsContent__article__imgCapa--banner\"\n\t\t\t\t\tsrc=\"https:\/\/files.sunoresearch.com.br\/n\/uploads\/2023\/04\/1420x240-Planilha-vida-financeira-true.png\"\n\t\t\t\t\tdata-promo-id=\"106682\"\t\t\t\t\t\t\t\t\t\twidth='1420' height='240'\t\t\t\t\talt=\"https:\/\/files.sunoresearch.com.br\/n\/uploads\/2023\/04\/1420x240-Planilha-vida-financeira-true.png\"\n\t\t\t\t>\n\t\t\t<\/picture>\n\t\t<\/a>\n\t<\/p>\n\n\n<p>Se houver<strong> incompatibilidade locacional<\/strong> ou outro motivo, ser\u00e1 priorizada a autoriza\u00e7\u00e3o da ferrovia de acordo com a ordem de apresenta\u00e7\u00e3o da documenta\u00e7\u00e3o completa exigida pelo minist\u00e9rio.<\/p>\n<p>&#8220;O referido ato normativo criou um direito de prioridade retroativo. Diante disto, haver\u00e1 flagrante ofensa \u00e0s normas e aos princ\u00edpios de direito administrativo e tolher\u00e1 o direito de participar de um processo democr\u00e1tico e pautado no melhor interesse p\u00fablico&#8221;, afirmou a Rumo \u00e0 Justi\u00e7a, em a\u00e7\u00e3o protocolada nesta segunda-feira, 18.<\/p>\n<p>O juiz respons\u00e1vel pelo processo, por sua vez, n\u00e3o viu raz\u00f5es nos argumentos apresentados pela companhia. &#8220;Proibir a Administra\u00e7\u00e3o de deliberar sobre o objeto da impetra\u00e7\u00e3o equivaleria a transferir, para o Ju\u00edzo, a decis\u00e3o que a ela (Administra\u00e7\u00e3o) compete. A impetrante n\u00e3o conseguiu demonstrar ilegalidade no crit\u00e9rio adotado para a autoriza\u00e7\u00e3o do servi\u00e7o. Pelo contr\u00e1rio, ao que tudo indica pretende adequar os crit\u00e9rios da Administra\u00e7\u00e3o a sua conveni\u00eancia&#8221;, afirmou Catta Preta Neto.<\/p>\n<p>Na vis\u00e3o do magistrado, a capacidade <strong>institucional<\/strong> na seara regulat\u00f3ria &#8220;revela a reduzida expertise do Judici\u00e1rio para o controle jurisdicional das escolhas pol\u00edticas e t\u00e9cnicas subjacentes \u00e0 regula\u00e7\u00e3o econ\u00f4mica, bem como de seus efeitos sist\u00eamicos&#8221;, concluiu, em decis\u00e3o de uma p\u00e1gina.<\/p>\n<p>Procurada, a <strong>Rumo<\/strong> afirmou que n\u00e3o ir\u00e1 comentar.<\/p>\n<p><em>(Com informa\u00e7\u00f5es do Estad\u00e3o Conte\u00fado)<\/em><\/p>\n\t<p>\n\t\t<a href=\"https:\/\/lp.suno.com.br\/planilha-de-controle-de-investimentos\/\" target=\"_blank\" data-element=\"shortcode-suno-banner\" title=\"Banner SUNO, clique e saiba mais\">\n\t\t\t<picture>\n\t\t\t\t<source media=\"(max-width: 500px)\" srcset=\"https:\/\/files.sunoresearch.com.br\/n\/uploads\/2023\/03\/400x300-Controle-de-Investimentos.png\">\n\t\t\t\t<img class=\"newsContent__article__imgCapa newsContent__article__imgCapa--banner\"\n\t\t\t\t\tsrc=\"https:\/\/files.sunoresearch.com.br\/n\/uploads\/2023\/03\/1420x240-Controle-de-Investimentos.png\"\n\t\t\t\t\tdata-promo-id=\"75934\"\t\t\t\t\t\t\t\t\t\twidth='1420' height='240'\t\t\t\t\talt=\"https:\/\/files.sunoresearch.com.br\/n\/uploads\/2023\/03\/1420x240-Controle-de-Investimentos.png\"\n\t\t\t\t>\n\t\t\t<\/picture>\n\t\t<\/a>\n\t<\/p>\n\n\n","protected":false},"excerpt":{"rendered":"<p>Expondo uma disputa por novos trechos ferrovi\u00e1rios, a Rumo (RAIL3) foi \u00e0 Justi\u00e7a para tentar paralisar o processo de autoriza\u00e7\u00e3o de novas ferrovias solicitadas pela empresa VLI, que coincidem com os segmentos que a Rumo tamb\u00e9m manifestou interesse em construir. Rumo (RAIL3). Foto: Reprodu\u00e7\u00e3o Facebook O pedido, no entanto, foi negado na ter\u00e7a-feira (19), pela [&hellip;]<\/p>\n","protected":false},"author":15,"featured_media":166435,"comment_status":"closed","ping_status":"closed","sticky":false,"template":"","format":"standard","meta":[],"categories":[64],"tags":[354],"suno_strategy":[],"class_list":["post-195316","post","type-post","status-publish","format-standard","has-post-thumbnail","hentry","category-negocios","tag-rumo-rail3"],"yoast_head":"<!-- This site is optimized with the Yoast SEO plugin v24.4 - https:\/\/yoast.com\/wordpress\/plugins\/seo\/ -->\n<title>Justi\u00e7a nega \u00e0 Rumo (RAIL3) pedido de interrup\u00e7\u00e3o de ferrovias \u00e0 VLI<\/title>\n<meta name=\"description\" content=\"A Rumo (RAIL3) foi \u00e0 Justi\u00e7a para tentar paralisar o processo de autoriza\u00e7\u00e3o de novas ferrovias solicitadas pela empresa VLI. Clique aqui\" \/>\n<meta name=\"robots\" content=\"index, follow, max-snippet:-1, max-image-preview:large, max-video-preview:-1\" \/>\n<link rel=\"canonical\" href=\"https:\/\/www.suno.com.br\/noticias\/justica-nega-a-rumo-rail3-pedido\/\" \/>\n<meta property=\"og:locale\" content=\"pt_BR\" \/>\n<meta property=\"og:type\" content=\"article\" \/>\n<meta property=\"og:title\" content=\"Justi\u00e7a nega \u00e0 Rumo (RAIL3) pedido de interrup\u00e7\u00e3o de ferrovias \u00e0 VLI\" \/>\n<meta property=\"og:description\" content=\"A Rumo (RAIL3) foi \u00e0 Justi\u00e7a para tentar paralisar o processo de autoriza\u00e7\u00e3o de novas ferrovias solicitadas pela empresa VLI. Clique aqui\" \/>\n<meta property=\"og:url\" content=\"https:\/\/www.suno.com.br\/noticias\/justica-nega-a-rumo-rail3-pedido\/\" \/>\n<meta property=\"og:site_name\" content=\"Suno Not\u00edcias\" \/>\n<meta property=\"article:publisher\" content=\"https:\/\/facebook.com\/sunoresearch\" \/>\n<meta property=\"og:image\" content=\"https:\/\/files.sunoresearch.com.br\/n\/uploads\/2021\/07\/9c2ff3fb-211191111_4205903296122583_1335622726550345305_n-e1690548276201.jpg\" \/>\n\t<meta property=\"og:image:width\" content=\"1200\" \/>\n\t<meta property=\"og:image:height\" content=\"801\" \/>\n\t<meta property=\"og:image:type\" content=\"image\/jpeg\" \/>\n<meta name=\"author\" content=\"Poliana Santos\" \/>\n<meta name=\"twitter:card\" content=\"summary_large_image\" \/>\n<meta name=\"twitter:creator\" content=\"@sunoresearch\" \/>\n<meta name=\"twitter:site\" content=\"@sunoresearch\" \/>\n<meta name=\"twitter:label1\" content=\"Escrito por\" \/>\n\t<meta name=\"twitter:data1\" content=\"Poliana Santos\" \/>\n\t<meta name=\"twitter:label2\" content=\"Est. tempo de leitura\" \/>\n\t<meta name=\"twitter:data2\" content=\"3 minutos\" \/>\n<script type=\"application\/ld+json\" class=\"yoast-schema-graph\">{\"@context\":\"https:\/\/schema.org\",\"@graph\":[{\"@type\":\"NewsArticle\",\"@id\":\"https:\/\/www.suno.com.br\/noticias\/justica-nega-a-rumo-rail3-pedido\/#article\",\"isPartOf\":{\"@id\":\"https:\/\/www.suno.com.br\/noticias\/justica-nega-a-rumo-rail3-pedido\/\"},\"author\":{\"name\":\"Poliana Santos\",\"@id\":\"https:\/\/www.suno.com.br\/noticias\/#\/schema\/person\/02ec1f752758247878a2bf4abee1aeda\"},\"headline\":\"Justi\u00e7a nega \u00e0 Rumo (RAIL3) pedido para interromper autoriza\u00e7\u00e3o de ferrovias \u00e0 VLI\",\"datePublished\":\"2021-10-20T12:48:44+00:00\",\"mainEntityOfPage\":{\"@id\":\"https:\/\/www.suno.com.br\/noticias\/justica-nega-a-rumo-rail3-pedido\/\"},\"wordCount\":643,\"publisher\":{\"@id\":\"https:\/\/www.suno.com.br\/noticias\/#organization\"},\"image\":{\"@id\":\"https:\/\/www.suno.com.br\/noticias\/justica-nega-a-rumo-rail3-pedido\/#primaryimage\"},\"thumbnailUrl\":\"https:\/\/files.sunoresearch.com.br\/n\/uploads\/2021\/07\/9c2ff3fb-211191111_4205903296122583_1335622726550345305_n-e1690548276201.jpg\",\"keywords\":[\"Rumo (RAIL3)\"],\"articleSection\":[\"Neg\u00f3cios\"],\"inLanguage\":\"pt-BR\"},{\"@type\":\"WebPage\",\"@id\":\"https:\/\/www.suno.com.br\/noticias\/justica-nega-a-rumo-rail3-pedido\/\",\"url\":\"https:\/\/www.suno.com.br\/noticias\/justica-nega-a-rumo-rail3-pedido\/\",\"name\":\"Justi\u00e7a nega \u00e0 Rumo (RAIL3) pedido de interrup\u00e7\u00e3o de ferrovias \u00e0 VLI\",\"isPartOf\":{\"@id\":\"https:\/\/www.suno.com.br\/noticias\/#website\"},\"primaryImageOfPage\":{\"@id\":\"https:\/\/www.suno.com.br\/noticias\/justica-nega-a-rumo-rail3-pedido\/#primaryimage\"},\"image\":{\"@id\":\"https:\/\/www.suno.com.br\/noticias\/justica-nega-a-rumo-rail3-pedido\/#primaryimage\"},\"thumbnailUrl\":\"https:\/\/files.sunoresearch.com.br\/n\/uploads\/2021\/07\/9c2ff3fb-211191111_4205903296122583_1335622726550345305_n-e1690548276201.jpg\",\"datePublished\":\"2021-10-20T12:48:44+00:00\",\"description\":\"A Rumo (RAIL3) foi \u00e0 Justi\u00e7a para tentar paralisar o processo de autoriza\u00e7\u00e3o de novas ferrovias solicitadas pela empresa VLI. Clique aqui\",\"breadcrumb\":{\"@id\":\"https:\/\/www.suno.com.br\/noticias\/justica-nega-a-rumo-rail3-pedido\/#breadcrumb\"},\"inLanguage\":\"pt-BR\",\"potentialAction\":[{\"@type\":\"ReadAction\",\"target\":[\"https:\/\/www.suno.com.br\/noticias\/justica-nega-a-rumo-rail3-pedido\/\"]}]},{\"@type\":\"ImageObject\",\"inLanguage\":\"pt-BR\",\"@id\":\"https:\/\/www.suno.com.br\/noticias\/justica-nega-a-rumo-rail3-pedido\/#primaryimage\",\"url\":\"https:\/\/files.sunoresearch.com.br\/n\/uploads\/2021\/07\/9c2ff3fb-211191111_4205903296122583_1335622726550345305_n-e1690548276201.jpg\",\"contentUrl\":\"https:\/\/files.sunoresearch.com.br\/n\/uploads\/2021\/07\/9c2ff3fb-211191111_4205903296122583_1335622726550345305_n-e1690548276201.jpg\",\"width\":1200,\"height\":801,\"caption\":\"Rumo (RAIL3). Foto: Reprodu\u00e7\u00e3o Facebook\"},{\"@type\":\"BreadcrumbList\",\"@id\":\"https:\/\/www.suno.com.br\/noticias\/justica-nega-a-rumo-rail3-pedido\/#breadcrumb\",\"itemListElement\":[{\"@type\":\"ListItem\",\"position\":1,\"name\":\"Not\u00edcias\",\"item\":\"https:\/\/www.suno.com.br\/noticias\/\"},{\"@type\":\"ListItem\",\"position\":2,\"name\":\"Neg\u00f3cios\",\"item\":\"https:\/\/www.suno.com.br\/noticias\/negocios\/\"},{\"@type\":\"ListItem\",\"position\":3,\"name\":\"Justi\u00e7a nega \u00e0 Rumo (RAIL3) pedido para interromper autoriza\u00e7\u00e3o de ferrovias \u00e0 VLI\"}]},{\"@type\":\"WebSite\",\"@id\":\"https:\/\/www.suno.com.br\/noticias\/#website\",\"url\":\"https:\/\/www.suno.com.br\/noticias\/\",\"name\":\"Suno Not\u00edcias\",\"description\":\"Seu portal de informa\u00e7\u00e3o sobre o mundo dos investimentos\",\"publisher\":{\"@id\":\"https:\/\/www.suno.com.br\/noticias\/#organization\"},\"potentialAction\":[{\"@type\":\"SearchAction\",\"target\":{\"@type\":\"EntryPoint\",\"urlTemplate\":\"https:\/\/www.suno.com.br\/noticias\/?s={search_term_string}\"},\"query-input\":{\"@type\":\"PropertyValueSpecification\",\"valueRequired\":true,\"valueName\":\"search_term_string\"}}],\"inLanguage\":\"pt-BR\"},{\"@type\":\"Organization\",\"@id\":\"https:\/\/www.suno.com.br\/noticias\/#organization\",\"name\":\"Suno Not\u00edcias\",\"url\":\"https:\/\/www.suno.com.br\/noticias\/\",\"logo\":{\"@type\":\"ImageObject\",\"inLanguage\":\"pt-BR\",\"@id\":\"https:\/\/www.suno.com.br\/noticias\/#\/schema\/logo\/image\/\",\"url\":\"https:\/\/files.sunoresearch.com.br\/n\/uploads\/2021\/09\/suno-logo.png\",\"contentUrl\":\"https:\/\/files.sunoresearch.com.br\/n\/uploads\/2021\/09\/suno-logo.png\",\"width\":180,\"height\":180,\"caption\":\"Suno Not\u00edcias\"},\"image\":{\"@id\":\"https:\/\/www.suno.com.br\/noticias\/#\/schema\/logo\/image\/\"},\"sameAs\":[\"https:\/\/facebook.com\/sunoresearch\",\"https:\/\/x.com\/sunoresearch\",\"https:\/\/www.instagram.com\/suno\",\"https:\/\/www.linkedin.com\/company\/suno-research\/\",\"https:\/\/www.youtube.com\/c\/sunoresearch\"]},{\"@type\":\"Person\",\"@id\":\"https:\/\/www.suno.com.br\/noticias\/#\/schema\/person\/02ec1f752758247878a2bf4abee1aeda\",\"name\":\"Poliana Santos\",\"image\":{\"@type\":\"ImageObject\",\"inLanguage\":\"pt-BR\",\"@id\":\"https:\/\/www.suno.com.br\/noticias\/#\/schema\/person\/image\/\",\"url\":\"https:\/\/secure.gravatar.com\/avatar\/0645bd32f23d87b2130f2b2dff1d3f8d?s=96&r=g\",\"contentUrl\":\"https:\/\/secure.gravatar.com\/avatar\/0645bd32f23d87b2130f2b2dff1d3f8d?s=96&r=g\",\"caption\":\"Poliana Santos\"},\"description\":\"Rep\u00f3rter no Suno Not\u00edcias, com cobertura em mercado financeiro, economia, finan\u00e7as pessoais, renda fixa e varejo. Jornalista formada pela Faculdade C\u00e1sper L\u00edbero e possui passagem na R\u00e1dio Gazeta AM com a produ\u00e7\u00e3o de conte\u00fado sobre economia, pol\u00edtica, sa\u00fade, moda e m\u00fasica. Possui certificado de conclus\u00e3o do curso de An\u00e1lise de Balan\u00e7os pela Funda\u00e7\u00e3o Bradesco, Agenda Brasil pela FAAP, Educa\u00e7\u00e3o Pol\u00edtica por Alexandre Garcia e do Tesouro Direto e Mercado de A\u00e7\u00f5es pela B3.\",\"url\":\"https:\/\/www.suno.com.br\/noticias\/author\/poliana-santos\/\"}]}<\/script>\n<!-- \/ Yoast SEO plugin. -->","yoast_head_json":{"title":"Justi\u00e7a nega \u00e0 Rumo (RAIL3) pedido de interrup\u00e7\u00e3o de ferrovias \u00e0 VLI","description":"A Rumo (RAIL3) foi \u00e0 Justi\u00e7a para tentar paralisar o processo de autoriza\u00e7\u00e3o de novas ferrovias solicitadas pela empresa VLI. Clique aqui","robots":{"index":"index","follow":"follow","max-snippet":"max-snippet:-1","max-image-preview":"max-image-preview:large","max-video-preview":"max-video-preview:-1"},"canonical":"https:\/\/www.suno.com.br\/noticias\/justica-nega-a-rumo-rail3-pedido\/","og_locale":"pt_BR","og_type":"article","og_title":"Justi\u00e7a nega \u00e0 Rumo (RAIL3) pedido de interrup\u00e7\u00e3o de ferrovias \u00e0 VLI","og_description":"A Rumo (RAIL3) foi \u00e0 Justi\u00e7a para tentar paralisar o processo de autoriza\u00e7\u00e3o de novas ferrovias solicitadas pela empresa VLI. Clique aqui","og_url":"https:\/\/www.suno.com.br\/noticias\/justica-nega-a-rumo-rail3-pedido\/","og_site_name":"Suno Not\u00edcias","article_publisher":"https:\/\/facebook.com\/sunoresearch","og_image":[{"width":1200,"height":801,"url":"https:\/\/files.sunoresearch.com.br\/n\/uploads\/2021\/07\/9c2ff3fb-211191111_4205903296122583_1335622726550345305_n-e1690548276201.jpg","type":"image\/jpeg"}],"author":"Poliana Santos","twitter_card":"summary_large_image","twitter_creator":"@sunoresearch","twitter_site":"@sunoresearch","twitter_misc":{"Escrito por":"Poliana Santos","Est. tempo de leitura":"3 minutos"},"schema":{"@context":"https:\/\/schema.org","@graph":[{"@type":"NewsArticle","@id":"https:\/\/www.suno.com.br\/noticias\/justica-nega-a-rumo-rail3-pedido\/#article","isPartOf":{"@id":"https:\/\/www.suno.com.br\/noticias\/justica-nega-a-rumo-rail3-pedido\/"},"author":{"name":"Poliana Santos","@id":"https:\/\/www.suno.com.br\/noticias\/#\/schema\/person\/02ec1f752758247878a2bf4abee1aeda"},"headline":"Justi\u00e7a nega \u00e0 Rumo (RAIL3) pedido para interromper autoriza\u00e7\u00e3o de ferrovias \u00e0 VLI","datePublished":"2021-10-20T12:48:44+00:00","mainEntityOfPage":{"@id":"https:\/\/www.suno.com.br\/noticias\/justica-nega-a-rumo-rail3-pedido\/"},"wordCount":643,"publisher":{"@id":"https:\/\/www.suno.com.br\/noticias\/#organization"},"image":{"@id":"https:\/\/www.suno.com.br\/noticias\/justica-nega-a-rumo-rail3-pedido\/#primaryimage"},"thumbnailUrl":"https:\/\/files.sunoresearch.com.br\/n\/uploads\/2021\/07\/9c2ff3fb-211191111_4205903296122583_1335622726550345305_n-e1690548276201.jpg","keywords":["Rumo (RAIL3)"],"articleSection":["Neg\u00f3cios"],"inLanguage":"pt-BR"},{"@type":"WebPage","@id":"https:\/\/www.suno.com.br\/noticias\/justica-nega-a-rumo-rail3-pedido\/","url":"https:\/\/www.suno.com.br\/noticias\/justica-nega-a-rumo-rail3-pedido\/","name":"Justi\u00e7a nega \u00e0 Rumo (RAIL3) pedido de interrup\u00e7\u00e3o de ferrovias \u00e0 VLI","isPartOf":{"@id":"https:\/\/www.suno.com.br\/noticias\/#website"},"primaryImageOfPage":{"@id":"https:\/\/www.suno.com.br\/noticias\/justica-nega-a-rumo-rail3-pedido\/#primaryimage"},"image":{"@id":"https:\/\/www.suno.com.br\/noticias\/justica-nega-a-rumo-rail3-pedido\/#primaryimage"},"thumbnailUrl":"https:\/\/files.sunoresearch.com.br\/n\/uploads\/2021\/07\/9c2ff3fb-211191111_4205903296122583_1335622726550345305_n-e1690548276201.jpg","datePublished":"2021-10-20T12:48:44+00:00","description":"A Rumo (RAIL3) foi \u00e0 Justi\u00e7a para tentar paralisar o processo de autoriza\u00e7\u00e3o de novas ferrovias solicitadas pela empresa VLI. Clique aqui","breadcrumb":{"@id":"https:\/\/www.suno.com.br\/noticias\/justica-nega-a-rumo-rail3-pedido\/#breadcrumb"},"inLanguage":"pt-BR","potentialAction":[{"@type":"ReadAction","target":["https:\/\/www.suno.com.br\/noticias\/justica-nega-a-rumo-rail3-pedido\/"]}]},{"@type":"ImageObject","inLanguage":"pt-BR","@id":"https:\/\/www.suno.com.br\/noticias\/justica-nega-a-rumo-rail3-pedido\/#primaryimage","url":"https:\/\/files.sunoresearch.com.br\/n\/uploads\/2021\/07\/9c2ff3fb-211191111_4205903296122583_1335622726550345305_n-e1690548276201.jpg","contentUrl":"https:\/\/files.sunoresearch.com.br\/n\/uploads\/2021\/07\/9c2ff3fb-211191111_4205903296122583_1335622726550345305_n-e1690548276201.jpg","width":1200,"height":801,"caption":"Rumo (RAIL3). Foto: Reprodu\u00e7\u00e3o Facebook"},{"@type":"BreadcrumbList","@id":"https:\/\/www.suno.com.br\/noticias\/justica-nega-a-rumo-rail3-pedido\/#breadcrumb","itemListElement":[{"@type":"ListItem","position":1,"name":"Not\u00edcias","item":"https:\/\/www.suno.com.br\/noticias\/"},{"@type":"ListItem","position":2,"name":"Neg\u00f3cios","item":"https:\/\/www.suno.com.br\/noticias\/negocios\/"},{"@type":"ListItem","position":3,"name":"Justi\u00e7a nega \u00e0 Rumo (RAIL3) pedido para interromper autoriza\u00e7\u00e3o de ferrovias \u00e0 VLI"}]},{"@type":"WebSite","@id":"https:\/\/www.suno.com.br\/noticias\/#website","url":"https:\/\/www.suno.com.br\/noticias\/","name":"Suno Not\u00edcias","description":"Seu portal de informa\u00e7\u00e3o sobre o mundo dos investimentos","publisher":{"@id":"https:\/\/www.suno.com.br\/noticias\/#organization"},"potentialAction":[{"@type":"SearchAction","target":{"@type":"EntryPoint","urlTemplate":"https:\/\/www.suno.com.br\/noticias\/?s={search_term_string}"},"query-input":{"@type":"PropertyValueSpecification","valueRequired":true,"valueName":"search_term_string"}}],"inLanguage":"pt-BR"},{"@type":"Organization","@id":"https:\/\/www.suno.com.br\/noticias\/#organization","name":"Suno Not\u00edcias","url":"https:\/\/www.suno.com.br\/noticias\/","logo":{"@type":"ImageObject","inLanguage":"pt-BR","@id":"https:\/\/www.suno.com.br\/noticias\/#\/schema\/logo\/image\/","url":"https:\/\/files.sunoresearch.com.br\/n\/uploads\/2021\/09\/suno-logo.png","contentUrl":"https:\/\/files.sunoresearch.com.br\/n\/uploads\/2021\/09\/suno-logo.png","width":180,"height":180,"caption":"Suno Not\u00edcias"},"image":{"@id":"https:\/\/www.suno.com.br\/noticias\/#\/schema\/logo\/image\/"},"sameAs":["https:\/\/facebook.com\/sunoresearch","https:\/\/x.com\/sunoresearch","https:\/\/www.instagram.com\/suno","https:\/\/www.linkedin.com\/company\/suno-research\/","https:\/\/www.youtube.com\/c\/sunoresearch"]},{"@type":"Person","@id":"https:\/\/www.suno.com.br\/noticias\/#\/schema\/person\/02ec1f752758247878a2bf4abee1aeda","name":"Poliana Santos","image":{"@type":"ImageObject","inLanguage":"pt-BR","@id":"https:\/\/www.suno.com.br\/noticias\/#\/schema\/person\/image\/","url":"https:\/\/secure.gravatar.com\/avatar\/0645bd32f23d87b2130f2b2dff1d3f8d?s=96&r=g","contentUrl":"https:\/\/secure.gravatar.com\/avatar\/0645bd32f23d87b2130f2b2dff1d3f8d?s=96&r=g","caption":"Poliana Santos"},"description":"Rep\u00f3rter no Suno Not\u00edcias, com cobertura em mercado financeiro, economia, finan\u00e7as pessoais, renda fixa e varejo. Jornalista formada pela Faculdade C\u00e1sper L\u00edbero e possui passagem na R\u00e1dio Gazeta AM com a produ\u00e7\u00e3o de conte\u00fado sobre economia, pol\u00edtica, sa\u00fade, moda e m\u00fasica. Possui certificado de conclus\u00e3o do curso de An\u00e1lise de Balan\u00e7os pela Funda\u00e7\u00e3o Bradesco, Agenda Brasil pela FAAP, Educa\u00e7\u00e3o Pol\u00edtica por Alexandre Garcia e do Tesouro Direto e Mercado de A\u00e7\u00f5es pela B3.","url":"https:\/\/www.suno.com.br\/noticias\/author\/poliana-santos\/"}]}},"default_loop_html":"<div class=\"cardsPage__listCard__boxs\"><div class=\"cardsPage__listCard__boxs__img\"><a href=\"https:\/\/www.suno.com.br\/noticias\/justica-nega-a-rumo-rail3-pedido\/\"><img class=\"mask\" src=\"https:\/\/www.suno.com.br\/noticias\/wp-content\/themes\/suno\/resources\/images\/spotlight\/spotlight1img\/bg-mask.png\" alt=\"Image Mask\"\/><img src=\"https:\/\/files.sunoresearch.com.br\/n\/uploads\/2021\/07\/9c2ff3fb-211191111_4205903296122583_1335622726550345305_n-e1690548276201-400x200.jpg\" alt=\"Justi\u00e7a nega \u00e0 Rumo (RAIL3) pedido para interromper autoriza\u00e7\u00e3o de ferrovias \u00e0 VLI\"\/><\/a><span class=\"spotlightCategory\"><a href=\"https:\/\/www.suno.com.br\/noticias\/negocios\/\">Neg\u00f3cios<\/a><\/span><\/div><div class=\"cardsPage__listCard__boxs__content\"><a href=\"https:\/\/www.suno.com.br\/noticias\/justica-nega-a-rumo-rail3-pedido\/\"><h2 class=\"content__title\">Justi\u00e7a nega \u00e0 Rumo (RAIL3) pedido para interromper autoriza\u00e7\u00e3o de ferrovias \u00e0 VLI<\/h2><\/a><div class=\"newsContent__article__meta\"><div class=\"newsContent__article__meta__authorBox\"><a href=\"https:\/\/www.suno.com.br\/noticias\/author\/poliana-santos\/\" class=\"authorBox__avatar noMobi\"><img src=\"https:\/\/files.sunoresearch.com.br\/n\/uploads\/2020\/08\/7ef34026-whatsapp-image-2020-08-03-at-12.37.57-150x150.webp\" alt=\"Poliana Santos\"><\/a><div class=\"authorBox__name\"><span>por\n\t\t\t<a href=\"https:\/\/www.suno.com.br\/noticias\/author\/poliana-santos\/\"><span itemprop=\"author\">Poliana Santos<\/span><\/a><\/span><time datetime=\"2021-10-20T09:48:44-03:00\" itemprop=\"datePublished\">20\/10\/2021 09:48<\/time><\/div><\/div><\/div><\/div><\/div>","single_layout":"posts","amp_enabled":true,"_links":{"self":[{"href":"https:\/\/www.suno.com.br\/noticias\/wp-json\/wp\/v2\/posts\/195316"}],"collection":[{"href":"https:\/\/www.suno.com.br\/noticias\/wp-json\/wp\/v2\/posts"}],"about":[{"href":"https:\/\/www.suno.com.br\/noticias\/wp-json\/wp\/v2\/types\/post"}],"author":[{"embeddable":true,"href":"https:\/\/www.suno.com.br\/noticias\/wp-json\/wp\/v2\/users\/15"}],"replies":[{"embeddable":true,"href":"https:\/\/www.suno.com.br\/noticias\/wp-json\/wp\/v2\/comments?post=195316"}],"version-history":[{"count":2,"href":"https:\/\/www.suno.com.br\/noticias\/wp-json\/wp\/v2\/posts\/195316\/revisions"}],"predecessor-version":[{"id":195385,"href":"https:\/\/www.suno.com.br\/noticias\/wp-json\/wp\/v2\/posts\/195316\/revisions\/195385"}],"wp:featuredmedia":[{"embeddable":true,"href":"https:\/\/www.suno.com.br\/noticias\/wp-json\/wp\/v2\/media\/166435"}],"wp:attachment":[{"href":"https:\/\/www.suno.com.br\/noticias\/wp-json\/wp\/v2\/media?parent=195316"}],"wp:term":[{"taxonomy":"category","embeddable":true,"href":"https:\/\/www.suno.com.br\/noticias\/wp-json\/wp\/v2\/categories?post=195316"},{"taxonomy":"post_tag","embeddable":true,"href":"https:\/\/www.suno.com.br\/noticias\/wp-json\/wp\/v2\/tags?post=195316"},{"taxonomy":"suno_strategy","embeddable":true,"href":"https:\/\/www.suno.com.br\/noticias\/wp-json\/wp\/v2\/suno_strategy?post=195316"}],"curies":[{"name":"wp","href":"https:\/\/api.w.org\/{rel}","templated":true}]}}