{"id":195289,"date":"2021-10-19T22:16:04","date_gmt":"2021-10-20T01:16:04","guid":{"rendered":"https:\/\/www.suno.com.br\/noticias\/?p=195289"},"modified":"2021-10-19T23:04:11","modified_gmt":"2021-10-20T02:04:11","slug":"conselho-ppi-aprova-privatizacao-eletrobras-elet3","status":"publish","type":"post","link":"https:\/\/www.suno.com.br\/noticias\/conselho-ppi-aprova-privatizacao-eletrobras-elet3\/","title":{"rendered":"Governo: conselho aprova modelo de privatiza\u00e7\u00e3o da Eletrobras (ELET3)"},"content":{"rendered":"<p>Os empregados e aposentados da <a class=\"suno-keyword\" href=\"https:\/\/www.suno.com.br\/acoes\/ELET3\/\" target=\"_blank\" rel=\"noopener\" data-force=\"yes\" data-priority=\"2\"><strong>Eletrobras<\/strong> (ELET3)<\/a> e de suas subsidi\u00e1rias ter\u00e3o prioridade na compra de at\u00e9 10% das a\u00e7\u00f5es no processo de privatiza\u00e7\u00e3o da companhia, conforme o Conselho do Programa de Parcerias de Investimentos (CPPI) definiu nesta ter\u00e7a-feira (19).<\/p>\t<div class=\"wrapper-featured-image\">\n\t\t<figure class=\"spotlightImg\">\n\n\t\t\t<picture>\n\t\t\t\t<source media=\"(max-width: 768px)\" srcset=\"https:\/\/files.sunoresearch.com.br\/n\/uploads\/2021\/04\/e17745a5-elet-400x200.webp\">\n\t\t\t\t<img loading=\"lazy\" decoding=\"async\" class=\"newsContent__article__imgCapa lazyloadDisabled \" src=\"https:\/\/files.sunoresearch.com.br\/n\/uploads\/2021\/04\/e17745a5-elet-800x450.webp\" width=\"800\" height=\"450\" alt=\"Governo: conselho aprova modelo de privatiza\u00e7\u00e3o da Eletrobras (ELET3)\" fetchpriority=high \/>\n\t\t\t<\/picture>\n\n\t\t\t<figcaption class=\"wp-caption-text wp-caption-text--show\">Eletrobras. Foto: Reprodu\u00e7\u00e3o Facebook<\/figcaption>\n\t\t<\/figure>\n\t<\/div>\n\n\n\t<p>\n\t\t<a href=\"https:\/\/lp.suno.com.br\/planilha-controle-gastos\/\" target=\"_blank\" data-element=\"shortcode-suno-banner\" title=\"Banner SUNO, clique e saiba mais\">\n\t\t\t<picture>\n\t\t\t\t<source media=\"(max-width: 500px)\" srcset=\"https:\/\/files.sunoresearch.com.br\/n\/uploads\/2023\/03\/400x300-Planilha-controle-de-gastos.png\">\n\t\t\t\t<img class=\"newsContent__article__imgCapa newsContent__article__imgCapa--banner\"\n\t\t\t\t\tsrc=\"https:\/\/files.sunoresearch.com.br\/n\/uploads\/2023\/03\/1420x240-Planilha-controle-de-gastos.png\"\n\t\t\t\t\tdata-promo-id=\"101751\"\t\t\t\t\t\t\t\t\t\twidth='1420' height='240'\t\t\t\t\talt=\"https:\/\/files.sunoresearch.com.br\/n\/uploads\/2023\/03\/1420x240-Planilha-controle-de-gastos.png\"\n\t\t\t\t>\n\t\t\t<\/picture>\n\t\t<\/a>\n\t<\/p>\n\n\n<p>O conselho aprovou a resolu\u00e7\u00e3o que define o modelo de<strong> privatiza\u00e7\u00e3o da Eletrobras<\/strong>.<\/p>\n<p>Al\u00e9m da prefer\u00eancia para funcion\u00e1rios, o CPPI autorizou que at\u00e9 R$ 6 bilh\u00f5es do Fundo de Garantia do Tempo de Servi\u00e7o (FGTS) sejam usados para pessoas f\u00edsicas comprarem a\u00e7\u00f5es da estatal. Cada investidor individual poder\u00e1 gastar a partir de R$ 200 do saldo da conta do FGTS para adquirir participa\u00e7\u00e3o na empresa.<\/p>\n<p>Tamb\u00e9m ser\u00e1 permitido que qualquer <a class=\"suno-keyword\" href=\"https:\/\/www.suno.com.br\/artigos\/pessoa-fisica\/\" target=\"_blank\" rel=\"noopener\" data-force=\"no\" data-priority=\"1\">pessoa f\u00edsica<\/a> residente no Brasil compre indiretamente <strong>a\u00e7\u00f5es da Eletrobras<\/strong> por meio de cotas de <a class=\"suno-keyword\" href=\"https:\/\/www.suno.com.br\/artigos\/fundos-mutuos\/\" target=\"_blank\" rel=\"noopener\" data-force=\"no\" data-priority=\"1\">fundos m\u00fatuos<\/a> de privatiza\u00e7\u00e3o, que podem ser adquiridas por at\u00e9 50% do saldo da conta no <strong>FGTS<\/strong>. Esses fundos re\u00fanem o valor arrecadado e compram pap\u00e9is da estatal de energia.<\/p>\n\t<p>\n\t\t<a href=\"https:\/\/lp.suno.com.br\/planilha-da-vida-financeira\/\" target=\"_blank\" data-element=\"shortcode-suno-banner\" title=\"Banner SUNO, clique e saiba mais\">\n\t\t\t<picture>\n\t\t\t\t<source media=\"(max-width: 500px)\" srcset=\"https:\/\/files.sunoresearch.com.br\/n\/uploads\/2023\/04\/400x300-Planilha-vida-financeira-true.png\">\n\t\t\t\t<img class=\"newsContent__article__imgCapa newsContent__article__imgCapa--banner\"\n\t\t\t\t\tsrc=\"https:\/\/files.sunoresearch.com.br\/n\/uploads\/2023\/04\/1420x240-Planilha-vida-financeira-true.png\"\n\t\t\t\t\tdata-promo-id=\"106682\"\t\t\t\t\t\t\t\t\t\twidth='1420' height='240'\t\t\t\t\talt=\"https:\/\/files.sunoresearch.com.br\/n\/uploads\/2023\/04\/1420x240-Planilha-vida-financeira-true.png\"\n\t\t\t\t>\n\t\t\t<\/picture>\n\t\t<\/a>\n\t<\/p>\n\n\n<p>A privatiza\u00e7\u00e3o ocorrer\u00e1 em duas etapas. Primeiramente, a Eletrobras far\u00e1 um processo de capitaliza\u00e7\u00e3o, emitindo novas a\u00e7\u00f5es que podem ser compradas no <a class=\"suno-keyword\" href=\"https:\/\/www.suno.com.br\/artigos\/mercado-primario\/\" target=\"_blank\" rel=\"noopener\" data-force=\"no\" data-priority=\"1\">mercado prim\u00e1rio<\/a>, at\u00e9 diluir a participa\u00e7\u00e3o da Uni\u00e3o na empresa. Segundo o CPPI, essa etapa permitir\u00e1 a inje\u00e7\u00e3o de dinheiro de investidores privados na companhia.<\/p>\n<p>Apenas se a participa\u00e7\u00e3o direta e indireta da Uni\u00e3o n\u00e3o cair para menos de 45% ap\u00f3s a <strong>oferta prim\u00e1ria de a\u00e7\u00f5es<\/strong>, a Uni\u00e3o vender\u00e1 pap\u00e9is da companhia no <a class=\"suno-keyword\" href=\"https:\/\/www.suno.com.br\/artigos\/mercado-secundario\/\" target=\"_blank\" rel=\"noopener\" data-force=\"no\" data-priority=\"1\">mercado secund\u00e1rio<\/a>, quando a\u00e7\u00f5es j\u00e1 lan\u00e7adas no mercado trocam de donos. Em nota, o CPPI informou que a Uni\u00e3o continuar\u00e1 a ser a principal acionista da Eletrobras, mesmo perdendo a maioria na empresa.<\/p>\n<p>A resolu\u00e7\u00e3o aprovada pelo CPPI obriga a Eletrobras a segregar a usina binacional de Itaipu e a Eletronuclear, para que essas empresas permane\u00e7am estatais, como determinado pela Constitui\u00e7\u00e3o. O texto prev\u00ea diversos atos e contratos para que a Eletronuclear conclua as obras da usina de Angra 3, evitando que os investimentos p\u00fablicos no projeto sejam perdidos.<\/p>\n\t<p>\n\t\t<a href=\"https:\/\/lp.suno.com.br\/ebook-como-analisar-uma-acao\/\" target=\"_blank\" data-element=\"shortcode-suno-banner\" title=\"Banner SUNO, clique e saiba mais\">\n\t\t\t<picture>\n\t\t\t\t<source media=\"(max-width: 500px)\" srcset=\"https:\/\/files.sunoresearch.com.br\/n\/uploads\/2023\/03\/Ebook-Acoes-Mobile-1.jpg\">\n\t\t\t\t<img class=\"newsContent__article__imgCapa newsContent__article__imgCapa--banner\"\n\t\t\t\t\tsrc=\"https:\/\/files.sunoresearch.com.br\/n\/uploads\/2023\/03\/Ebook-Acoes-Desktop-1.jpg\"\n\t\t\t\t\tdata-promo-id=\"171998\"\t\t\t\t\t\t\t\t\t\twidth='1420' height='286'\t\t\t\t\talt=\"https:\/\/files.sunoresearch.com.br\/n\/uploads\/2023\/03\/Ebook-Acoes-Desktop-1.jpg\"\n\t\t\t\t>\n\t\t\t<\/picture>\n\t\t<\/a>\n\t<\/p>\n\n\n<p>O <a class=\"suno-keyword\" href=\"https:\/\/www.suno.com.br\/artigos\/estatuto-social\/\" target=\"_blank\" rel=\"noopener\" data-force=\"no\" data-priority=\"1\">Estatuto Social<\/a> da Eletrobras ser\u00e1 alterado para incentivar a pulveriza\u00e7\u00e3o das a\u00e7\u00f5es da companhia, com mecanismos para impedir que um \u00fanico acionista, ou grupo de acionistas, exer\u00e7a controle sobre a empresa. Segundo o CPPI, os \u00f3rg\u00e3os de administra\u00e7\u00e3o da companhia ser\u00e3o fortalecidos, em linha com o modelo adotado por grandes empresas de energia no exterior.<img decoding=\"async\" style=\"width: 1px; height: 1px;\" src=\"https:\/\/agenciabrasil.ebc.com.br\/ebc.png?id=1424949&amp;o=rss\" \/><img decoding=\"async\" style=\"width: 1px; height: 1px;\" src=\"https:\/\/agenciabrasil.ebc.com.br\/ebc.gif?id=1424949&amp;o=rss\" \/><\/p>\n<h2>Concess\u00e3o de estradas<\/h2>\n<p>Na reuni\u00e3o de hoje, o Conselho do PPI tamb\u00e9m aprovou a modelagem da concess\u00e3o das BRs 493, 465 e 116, que ligam o Rio de Janeiro a Governador Valadares (MG). A concorr\u00eancia ser\u00e1 pelo crit\u00e9rio de julgamento h\u00edbrido e de descontos tarif\u00e1rios, que d\u00e1 prioridade a quem oferecer mais desconto no ped\u00e1gio, nos moldes da concess\u00e3o da Rodovia Dutra, que liga o Rio a S\u00e3o Paulo.<\/p>\n\t<p>\n\t\t<a href=\"https:\/\/lp.suno.com.br\/planilha-de-controle-de-investimentos\/\" target=\"_blank\" data-element=\"shortcode-suno-banner\" title=\"Banner SUNO, clique e saiba mais\">\n\t\t\t<picture>\n\t\t\t\t<source media=\"(max-width: 500px)\" srcset=\"https:\/\/files.sunoresearch.com.br\/n\/uploads\/2023\/03\/400x300-Controle-de-Investimentos.png\">\n\t\t\t\t<img class=\"newsContent__article__imgCapa newsContent__article__imgCapa--banner\"\n\t\t\t\t\tsrc=\"https:\/\/files.sunoresearch.com.br\/n\/uploads\/2023\/03\/1420x240-Controle-de-Investimentos.png\"\n\t\t\t\t\tdata-promo-id=\"75934\"\t\t\t\t\t\t\t\t\t\twidth='1420' height='240'\t\t\t\t\talt=\"https:\/\/files.sunoresearch.com.br\/n\/uploads\/2023\/03\/1420x240-Controle-de-Investimentos.png\"\n\t\t\t\t>\n\t\t\t<\/picture>\n\t\t<\/a>\n\t<\/p>\n\n\n<p>Os editais ser\u00e3o publicados antes do fim do ano, com o leil\u00e3o previsto para o primeiro trimestre de 2022. Segundo o Minist\u00e9rio da Infraestrutura, a concess\u00e3o abrir\u00e1 caminho para R$ 8,6 bilh\u00f5es de investimentos nos pr\u00f3ximos 30 anos. Atualmente, 269 mil ve\u00edculos trafegam por dia nos 727 quil\u00f4metros da rodovia.<\/p>\n<h2>Cota\u00e7\u00e3o da Eletrobras<\/h2>\n<p>A a\u00e7\u00e3o da <strong>Eletrobras<\/strong> (ELET3) encerrou o preg\u00e3o de hije em queda de 3,05%, valendo R$ 39,40.<\/p>\n<p><em>Com informa\u00e7\u00f5es da Ag\u00eancia Brasil<\/em><\/p>\n\t<p>\n\t\t<a href=\"\" target=\"_blank\" data-element=\"shortcode-suno-banner\" title=\"Banner SUNO, clique e saiba mais\">\n\t\t\t<picture>\n\t\t\t\t<source media=\"(max-width: 500px)\" srcset=\"\">\n\t\t\t\t<img class=\"newsContent__article__imgCapa newsContent__article__imgCapa--banner\"\n\t\t\t\t\tsrc=\"\"\n\t\t\t\t\tdata-promo-id=\"184190\"\t\t\t\t\t\t\t\t\t\t\t\t\t\t\talt=\"\"\n\t\t\t\t>\n\t\t\t<\/picture>\n\t\t<\/a>\n\t<\/p>\n\n\n","protected":false},"excerpt":{"rendered":"<p>Os empregados e aposentados da Eletrobras (ELET3) e de suas subsidi\u00e1rias ter\u00e3o prioridade na compra de at\u00e9 10% das a\u00e7\u00f5es no processo de privatiza\u00e7\u00e3o da companhia, conforme o Conselho do Programa de Parcerias de Investimentos (CPPI) definiu nesta ter\u00e7a-feira (19). Eletrobras. Foto: Reprodu\u00e7\u00e3o Facebook O conselho aprovou a resolu\u00e7\u00e3o que define o modelo de privatiza\u00e7\u00e3o [&hellip;]<\/p>\n","protected":false},"author":39,"featured_media":138064,"comment_status":"closed","ping_status":"closed","sticky":false,"template":"","format":"standard","meta":[],"categories":[62],"tags":[455],"suno_strategy":[],"class_list":["post-195289","post","type-post","status-publish","format-standard","has-post-thumbnail","hentry","category-economia","tag-eletrobras-elet3-elet5-elet6"],"yoast_head":"<!-- This site is optimized with the Yoast SEO plugin v24.4 - https:\/\/yoast.com\/wordpress\/plugins\/seo\/ -->\n<title>Governo: conselho aprova modelo de privatiza\u00e7\u00e3o da Eletrobras (ELET3)<\/title>\n<meta name=\"description\" content=\"O conselho do PPI aprovou a resolu\u00e7\u00e3o que define o modelo de privatiza\u00e7\u00e3o da Eletrobras (ELET3). Clique aqui para saber mais!\" \/>\n<meta name=\"robots\" content=\"index, follow, max-snippet:-1, max-image-preview:large, max-video-preview:-1\" \/>\n<link rel=\"canonical\" href=\"https:\/\/www.suno.com.br\/noticias\/conselho-ppi-aprova-privatizacao-eletrobras-elet3\/\" \/>\n<meta property=\"og:locale\" content=\"pt_BR\" \/>\n<meta property=\"og:type\" content=\"article\" \/>\n<meta property=\"og:title\" content=\"Governo: conselho aprova modelo de privatiza\u00e7\u00e3o da Eletrobras (ELET3)\" \/>\n<meta property=\"og:description\" content=\"O conselho do PPI aprovou a resolu\u00e7\u00e3o que define o modelo de privatiza\u00e7\u00e3o da Eletrobras (ELET3). Clique aqui para saber mais!\" \/>\n<meta property=\"og:url\" content=\"https:\/\/www.suno.com.br\/noticias\/conselho-ppi-aprova-privatizacao-eletrobras-elet3\/\" \/>\n<meta property=\"og:site_name\" content=\"Suno Not\u00edcias\" \/>\n<meta property=\"article:publisher\" content=\"https:\/\/facebook.com\/sunoresearch\" \/>\n<meta property=\"og:image\" content=\"https:\/\/files.sunoresearch.com.br\/n\/uploads\/2021\/04\/e17745a5-elet.jpg\" \/>\n\t<meta property=\"og:image:width\" content=\"1200\" \/>\n\t<meta property=\"og:image:height\" content=\"753\" \/>\n\t<meta property=\"og:image:type\" content=\"image\/jpeg\" \/>\n<meta name=\"author\" content=\"Laura Moutinho\" \/>\n<meta name=\"twitter:card\" content=\"summary_large_image\" \/>\n<meta name=\"twitter:creator\" content=\"@sunoresearch\" \/>\n<meta name=\"twitter:site\" content=\"@sunoresearch\" \/>\n<meta name=\"twitter:label1\" content=\"Escrito por\" \/>\n\t<meta name=\"twitter:data1\" content=\"Laura Moutinho\" \/>\n\t<meta name=\"twitter:label2\" content=\"Est. tempo de leitura\" \/>\n\t<meta name=\"twitter:data2\" content=\"3 minutos\" \/>\n<script type=\"application\/ld+json\" class=\"yoast-schema-graph\">{\"@context\":\"https:\/\/schema.org\",\"@graph\":[{\"@type\":\"NewsArticle\",\"@id\":\"https:\/\/www.suno.com.br\/noticias\/conselho-ppi-aprova-privatizacao-eletrobras-elet3\/#article\",\"isPartOf\":{\"@id\":\"https:\/\/www.suno.com.br\/noticias\/conselho-ppi-aprova-privatizacao-eletrobras-elet3\/\"},\"author\":{\"name\":\"Laura Moutinho\",\"@id\":\"https:\/\/www.suno.com.br\/noticias\/#\/schema\/person\/3df0d2808748b74496efe5dbeaef2c72\"},\"headline\":\"Governo: conselho aprova modelo de privatiza\u00e7\u00e3o da Eletrobras (ELET3)\",\"datePublished\":\"2021-10-20T01:16:04+00:00\",\"dateModified\":\"2021-10-20T02:04:11+00:00\",\"mainEntityOfPage\":{\"@id\":\"https:\/\/www.suno.com.br\/noticias\/conselho-ppi-aprova-privatizacao-eletrobras-elet3\/\"},\"wordCount\":602,\"publisher\":{\"@id\":\"https:\/\/www.suno.com.br\/noticias\/#organization\"},\"image\":{\"@id\":\"https:\/\/www.suno.com.br\/noticias\/conselho-ppi-aprova-privatizacao-eletrobras-elet3\/#primaryimage\"},\"thumbnailUrl\":\"https:\/\/files.sunoresearch.com.br\/n\/uploads\/2021\/04\/e17745a5-elet-jpg.webp\",\"keywords\":[\"Eletrobras (ELET3\/ELET5\/ELET6)\"],\"articleSection\":[\"Economia\"],\"inLanguage\":\"pt-BR\"},{\"@type\":\"WebPage\",\"@id\":\"https:\/\/www.suno.com.br\/noticias\/conselho-ppi-aprova-privatizacao-eletrobras-elet3\/\",\"url\":\"https:\/\/www.suno.com.br\/noticias\/conselho-ppi-aprova-privatizacao-eletrobras-elet3\/\",\"name\":\"Governo: conselho aprova modelo de privatiza\u00e7\u00e3o da Eletrobras (ELET3)\",\"isPartOf\":{\"@id\":\"https:\/\/www.suno.com.br\/noticias\/#website\"},\"primaryImageOfPage\":{\"@id\":\"https:\/\/www.suno.com.br\/noticias\/conselho-ppi-aprova-privatizacao-eletrobras-elet3\/#primaryimage\"},\"image\":{\"@id\":\"https:\/\/www.suno.com.br\/noticias\/conselho-ppi-aprova-privatizacao-eletrobras-elet3\/#primaryimage\"},\"thumbnailUrl\":\"https:\/\/files.sunoresearch.com.br\/n\/uploads\/2021\/04\/e17745a5-elet-jpg.webp\",\"datePublished\":\"2021-10-20T01:16:04+00:00\",\"dateModified\":\"2021-10-20T02:04:11+00:00\",\"description\":\"O conselho do PPI aprovou a resolu\u00e7\u00e3o que define o modelo de privatiza\u00e7\u00e3o da Eletrobras (ELET3). Clique aqui para saber mais!\",\"breadcrumb\":{\"@id\":\"https:\/\/www.suno.com.br\/noticias\/conselho-ppi-aprova-privatizacao-eletrobras-elet3\/#breadcrumb\"},\"inLanguage\":\"pt-BR\",\"potentialAction\":[{\"@type\":\"ReadAction\",\"target\":[\"https:\/\/www.suno.com.br\/noticias\/conselho-ppi-aprova-privatizacao-eletrobras-elet3\/\"]}]},{\"@type\":\"ImageObject\",\"inLanguage\":\"pt-BR\",\"@id\":\"https:\/\/www.suno.com.br\/noticias\/conselho-ppi-aprova-privatizacao-eletrobras-elet3\/#primaryimage\",\"url\":\"https:\/\/files.sunoresearch.com.br\/n\/uploads\/2021\/04\/e17745a5-elet-jpg.webp\",\"contentUrl\":\"https:\/\/files.sunoresearch.com.br\/n\/uploads\/2021\/04\/e17745a5-elet-jpg.webp\",\"width\":1200,\"height\":753,\"caption\":\"Eletrobras. Foto: Reprodu\u00e7\u00e3o Facebook\"},{\"@type\":\"BreadcrumbList\",\"@id\":\"https:\/\/www.suno.com.br\/noticias\/conselho-ppi-aprova-privatizacao-eletrobras-elet3\/#breadcrumb\",\"itemListElement\":[{\"@type\":\"ListItem\",\"position\":1,\"name\":\"Not\u00edcias\",\"item\":\"https:\/\/www.suno.com.br\/noticias\/\"},{\"@type\":\"ListItem\",\"position\":2,\"name\":\"Economia\",\"item\":\"https:\/\/www.suno.com.br\/noticias\/economia\/\"},{\"@type\":\"ListItem\",\"position\":3,\"name\":\"Governo: conselho aprova modelo de privatiza\u00e7\u00e3o da Eletrobras (ELET3)\"}]},{\"@type\":\"WebSite\",\"@id\":\"https:\/\/www.suno.com.br\/noticias\/#website\",\"url\":\"https:\/\/www.suno.com.br\/noticias\/\",\"name\":\"Suno Not\u00edcias\",\"description\":\"Seu portal de informa\u00e7\u00e3o sobre o mundo dos investimentos\",\"publisher\":{\"@id\":\"https:\/\/www.suno.com.br\/noticias\/#organization\"},\"potentialAction\":[{\"@type\":\"SearchAction\",\"target\":{\"@type\":\"EntryPoint\",\"urlTemplate\":\"https:\/\/www.suno.com.br\/noticias\/?s={search_term_string}\"},\"query-input\":{\"@type\":\"PropertyValueSpecification\",\"valueRequired\":true,\"valueName\":\"search_term_string\"}}],\"inLanguage\":\"pt-BR\"},{\"@type\":\"Organization\",\"@id\":\"https:\/\/www.suno.com.br\/noticias\/#organization\",\"name\":\"Suno Not\u00edcias\",\"url\":\"https:\/\/www.suno.com.br\/noticias\/\",\"logo\":{\"@type\":\"ImageObject\",\"inLanguage\":\"pt-BR\",\"@id\":\"https:\/\/www.suno.com.br\/noticias\/#\/schema\/logo\/image\/\",\"url\":\"https:\/\/files.sunoresearch.com.br\/n\/uploads\/2021\/09\/suno-logo.png\",\"contentUrl\":\"https:\/\/files.sunoresearch.com.br\/n\/uploads\/2021\/09\/suno-logo.png\",\"width\":180,\"height\":180,\"caption\":\"Suno Not\u00edcias\"},\"image\":{\"@id\":\"https:\/\/www.suno.com.br\/noticias\/#\/schema\/logo\/image\/\"},\"sameAs\":[\"https:\/\/facebook.com\/sunoresearch\",\"https:\/\/x.com\/sunoresearch\",\"https:\/\/www.instagram.com\/suno\",\"https:\/\/www.linkedin.com\/company\/suno-research\/\",\"https:\/\/www.youtube.com\/c\/sunoresearch\"]},{\"@type\":\"Person\",\"@id\":\"https:\/\/www.suno.com.br\/noticias\/#\/schema\/person\/3df0d2808748b74496efe5dbeaef2c72\",\"name\":\"Laura Moutinho\",\"image\":{\"@type\":\"ImageObject\",\"inLanguage\":\"pt-BR\",\"@id\":\"https:\/\/www.suno.com.br\/noticias\/#\/schema\/person\/image\/\",\"url\":\"https:\/\/secure.gravatar.com\/avatar\/7571c7c8ca3a6fca5e41384ece5557ff?s=96&r=g\",\"contentUrl\":\"https:\/\/secure.gravatar.com\/avatar\/7571c7c8ca3a6fca5e41384ece5557ff?s=96&r=g\",\"caption\":\"Laura Moutinho\"},\"description\":\"Estagi\u00e1ria na Suno Not\u00edcias, escreve not\u00edcias que afetam o mercado financeiro. Estuda administra\u00e7\u00e3o na Universidade Presbiteriana Mackenzie.\",\"url\":\"https:\/\/www.suno.com.br\/noticias\/author\/laura-moutinho\/\"}]}<\/script>\n<!-- \/ Yoast SEO plugin. -->","yoast_head_json":{"title":"Governo: conselho aprova modelo de privatiza\u00e7\u00e3o da Eletrobras (ELET3)","description":"O conselho do PPI aprovou a resolu\u00e7\u00e3o que define o modelo de privatiza\u00e7\u00e3o da Eletrobras (ELET3). Clique aqui para saber mais!","robots":{"index":"index","follow":"follow","max-snippet":"max-snippet:-1","max-image-preview":"max-image-preview:large","max-video-preview":"max-video-preview:-1"},"canonical":"https:\/\/www.suno.com.br\/noticias\/conselho-ppi-aprova-privatizacao-eletrobras-elet3\/","og_locale":"pt_BR","og_type":"article","og_title":"Governo: conselho aprova modelo de privatiza\u00e7\u00e3o da Eletrobras (ELET3)","og_description":"O conselho do PPI aprovou a resolu\u00e7\u00e3o que define o modelo de privatiza\u00e7\u00e3o da Eletrobras (ELET3). Clique aqui para saber mais!","og_url":"https:\/\/www.suno.com.br\/noticias\/conselho-ppi-aprova-privatizacao-eletrobras-elet3\/","og_site_name":"Suno Not\u00edcias","article_publisher":"https:\/\/facebook.com\/sunoresearch","og_image":[{"width":1200,"height":753,"url":"https:\/\/files.sunoresearch.com.br\/n\/uploads\/2021\/04\/e17745a5-elet.jpg","type":"image\/jpeg"}],"author":"Laura Moutinho","twitter_card":"summary_large_image","twitter_creator":"@sunoresearch","twitter_site":"@sunoresearch","twitter_misc":{"Escrito por":"Laura Moutinho","Est. tempo de leitura":"3 minutos"},"schema":{"@context":"https:\/\/schema.org","@graph":[{"@type":"NewsArticle","@id":"https:\/\/www.suno.com.br\/noticias\/conselho-ppi-aprova-privatizacao-eletrobras-elet3\/#article","isPartOf":{"@id":"https:\/\/www.suno.com.br\/noticias\/conselho-ppi-aprova-privatizacao-eletrobras-elet3\/"},"author":{"name":"Laura Moutinho","@id":"https:\/\/www.suno.com.br\/noticias\/#\/schema\/person\/3df0d2808748b74496efe5dbeaef2c72"},"headline":"Governo: conselho aprova modelo de privatiza\u00e7\u00e3o da Eletrobras (ELET3)","datePublished":"2021-10-20T01:16:04+00:00","dateModified":"2021-10-20T02:04:11+00:00","mainEntityOfPage":{"@id":"https:\/\/www.suno.com.br\/noticias\/conselho-ppi-aprova-privatizacao-eletrobras-elet3\/"},"wordCount":602,"publisher":{"@id":"https:\/\/www.suno.com.br\/noticias\/#organization"},"image":{"@id":"https:\/\/www.suno.com.br\/noticias\/conselho-ppi-aprova-privatizacao-eletrobras-elet3\/#primaryimage"},"thumbnailUrl":"https:\/\/files.sunoresearch.com.br\/n\/uploads\/2021\/04\/e17745a5-elet-jpg.webp","keywords":["Eletrobras (ELET3\/ELET5\/ELET6)"],"articleSection":["Economia"],"inLanguage":"pt-BR"},{"@type":"WebPage","@id":"https:\/\/www.suno.com.br\/noticias\/conselho-ppi-aprova-privatizacao-eletrobras-elet3\/","url":"https:\/\/www.suno.com.br\/noticias\/conselho-ppi-aprova-privatizacao-eletrobras-elet3\/","name":"Governo: conselho aprova modelo de privatiza\u00e7\u00e3o da Eletrobras (ELET3)","isPartOf":{"@id":"https:\/\/www.suno.com.br\/noticias\/#website"},"primaryImageOfPage":{"@id":"https:\/\/www.suno.com.br\/noticias\/conselho-ppi-aprova-privatizacao-eletrobras-elet3\/#primaryimage"},"image":{"@id":"https:\/\/www.suno.com.br\/noticias\/conselho-ppi-aprova-privatizacao-eletrobras-elet3\/#primaryimage"},"thumbnailUrl":"https:\/\/files.sunoresearch.com.br\/n\/uploads\/2021\/04\/e17745a5-elet-jpg.webp","datePublished":"2021-10-20T01:16:04+00:00","dateModified":"2021-10-20T02:04:11+00:00","description":"O conselho do PPI aprovou a resolu\u00e7\u00e3o que define o modelo de privatiza\u00e7\u00e3o da Eletrobras (ELET3). Clique aqui para saber mais!","breadcrumb":{"@id":"https:\/\/www.suno.com.br\/noticias\/conselho-ppi-aprova-privatizacao-eletrobras-elet3\/#breadcrumb"},"inLanguage":"pt-BR","potentialAction":[{"@type":"ReadAction","target":["https:\/\/www.suno.com.br\/noticias\/conselho-ppi-aprova-privatizacao-eletrobras-elet3\/"]}]},{"@type":"ImageObject","inLanguage":"pt-BR","@id":"https:\/\/www.suno.com.br\/noticias\/conselho-ppi-aprova-privatizacao-eletrobras-elet3\/#primaryimage","url":"https:\/\/files.sunoresearch.com.br\/n\/uploads\/2021\/04\/e17745a5-elet-jpg.webp","contentUrl":"https:\/\/files.sunoresearch.com.br\/n\/uploads\/2021\/04\/e17745a5-elet-jpg.webp","width":1200,"height":753,"caption":"Eletrobras. Foto: Reprodu\u00e7\u00e3o Facebook"},{"@type":"BreadcrumbList","@id":"https:\/\/www.suno.com.br\/noticias\/conselho-ppi-aprova-privatizacao-eletrobras-elet3\/#breadcrumb","itemListElement":[{"@type":"ListItem","position":1,"name":"Not\u00edcias","item":"https:\/\/www.suno.com.br\/noticias\/"},{"@type":"ListItem","position":2,"name":"Economia","item":"https:\/\/www.suno.com.br\/noticias\/economia\/"},{"@type":"ListItem","position":3,"name":"Governo: conselho aprova modelo de privatiza\u00e7\u00e3o da Eletrobras (ELET3)"}]},{"@type":"WebSite","@id":"https:\/\/www.suno.com.br\/noticias\/#website","url":"https:\/\/www.suno.com.br\/noticias\/","name":"Suno Not\u00edcias","description":"Seu portal de informa\u00e7\u00e3o sobre o mundo dos investimentos","publisher":{"@id":"https:\/\/www.suno.com.br\/noticias\/#organization"},"potentialAction":[{"@type":"SearchAction","target":{"@type":"EntryPoint","urlTemplate":"https:\/\/www.suno.com.br\/noticias\/?s={search_term_string}"},"query-input":{"@type":"PropertyValueSpecification","valueRequired":true,"valueName":"search_term_string"}}],"inLanguage":"pt-BR"},{"@type":"Organization","@id":"https:\/\/www.suno.com.br\/noticias\/#organization","name":"Suno Not\u00edcias","url":"https:\/\/www.suno.com.br\/noticias\/","logo":{"@type":"ImageObject","inLanguage":"pt-BR","@id":"https:\/\/www.suno.com.br\/noticias\/#\/schema\/logo\/image\/","url":"https:\/\/files.sunoresearch.com.br\/n\/uploads\/2021\/09\/suno-logo.png","contentUrl":"https:\/\/files.sunoresearch.com.br\/n\/uploads\/2021\/09\/suno-logo.png","width":180,"height":180,"caption":"Suno Not\u00edcias"},"image":{"@id":"https:\/\/www.suno.com.br\/noticias\/#\/schema\/logo\/image\/"},"sameAs":["https:\/\/facebook.com\/sunoresearch","https:\/\/x.com\/sunoresearch","https:\/\/www.instagram.com\/suno","https:\/\/www.linkedin.com\/company\/suno-research\/","https:\/\/www.youtube.com\/c\/sunoresearch"]},{"@type":"Person","@id":"https:\/\/www.suno.com.br\/noticias\/#\/schema\/person\/3df0d2808748b74496efe5dbeaef2c72","name":"Laura Moutinho","image":{"@type":"ImageObject","inLanguage":"pt-BR","@id":"https:\/\/www.suno.com.br\/noticias\/#\/schema\/person\/image\/","url":"https:\/\/secure.gravatar.com\/avatar\/7571c7c8ca3a6fca5e41384ece5557ff?s=96&r=g","contentUrl":"https:\/\/secure.gravatar.com\/avatar\/7571c7c8ca3a6fca5e41384ece5557ff?s=96&r=g","caption":"Laura Moutinho"},"description":"Estagi\u00e1ria na Suno Not\u00edcias, escreve not\u00edcias que afetam o mercado financeiro. Estuda administra\u00e7\u00e3o na Universidade Presbiteriana Mackenzie.","url":"https:\/\/www.suno.com.br\/noticias\/author\/laura-moutinho\/"}]}},"default_loop_html":"<div class=\"cardsPage__listCard__boxs\"><div class=\"cardsPage__listCard__boxs__img\"><a href=\"https:\/\/www.suno.com.br\/noticias\/conselho-ppi-aprova-privatizacao-eletrobras-elet3\/\"><img class=\"mask\" src=\"https:\/\/www.suno.com.br\/noticias\/wp-content\/themes\/suno\/resources\/images\/spotlight\/spotlight1img\/bg-mask.png\" alt=\"Image Mask\"\/><img src=\"https:\/\/files.sunoresearch.com.br\/n\/uploads\/2021\/04\/e17745a5-elet-400x200.webp\" alt=\"Governo: conselho aprova modelo de privatiza\u00e7\u00e3o da Eletrobras (ELET3)\"\/><\/a><span class=\"spotlightCategory\"><a href=\"https:\/\/www.suno.com.br\/noticias\/economia\/\">Economia<\/a><\/span><\/div><div class=\"cardsPage__listCard__boxs__content\"><a href=\"https:\/\/www.suno.com.br\/noticias\/conselho-ppi-aprova-privatizacao-eletrobras-elet3\/\"><h2 class=\"content__title\">Governo: conselho aprova modelo de privatiza\u00e7\u00e3o da Eletrobras (ELET3)<\/h2><\/a><div class=\"newsContent__article__meta\"><div class=\"newsContent__article__meta__authorBox\"><a href=\"https:\/\/www.suno.com.br\/noticias\/author\/laura-moutinho\/\" class=\"authorBox__avatar noMobi\"><img src=\"https:\/\/files.sunoresearch.com.br\/n\/uploads\/2020\/08\/531ff69d-whatsapp-image-2020-08-03-at-14.54.38-150x150.webp\" alt=\"Laura Moutinho\"><\/a><div class=\"authorBox__name\"><span>por\n\t\t\t<a href=\"https:\/\/www.suno.com.br\/noticias\/author\/laura-moutinho\/\"><span itemprop=\"author\">Laura Moutinho<\/span><\/a><\/span><time datetime=\"2021-10-19T22:16:04-03:00\" itemprop=\"datePublished\">19\/10\/2021 22:16<\/time><\/div><\/div><\/div><\/div><\/div>","single_layout":"posts","amp_enabled":true,"_links":{"self":[{"href":"https:\/\/www.suno.com.br\/noticias\/wp-json\/wp\/v2\/posts\/195289"}],"collection":[{"href":"https:\/\/www.suno.com.br\/noticias\/wp-json\/wp\/v2\/posts"}],"about":[{"href":"https:\/\/www.suno.com.br\/noticias\/wp-json\/wp\/v2\/types\/post"}],"author":[{"embeddable":true,"href":"https:\/\/www.suno.com.br\/noticias\/wp-json\/wp\/v2\/users\/39"}],"replies":[{"embeddable":true,"href":"https:\/\/www.suno.com.br\/noticias\/wp-json\/wp\/v2\/comments?post=195289"}],"version-history":[{"count":4,"href":"https:\/\/www.suno.com.br\/noticias\/wp-json\/wp\/v2\/posts\/195289\/revisions"}],"predecessor-version":[{"id":195326,"href":"https:\/\/www.suno.com.br\/noticias\/wp-json\/wp\/v2\/posts\/195289\/revisions\/195326"}],"wp:featuredmedia":[{"embeddable":true,"href":"https:\/\/www.suno.com.br\/noticias\/wp-json\/wp\/v2\/media\/138064"}],"wp:attachment":[{"href":"https:\/\/www.suno.com.br\/noticias\/wp-json\/wp\/v2\/media?parent=195289"}],"wp:term":[{"taxonomy":"category","embeddable":true,"href":"https:\/\/www.suno.com.br\/noticias\/wp-json\/wp\/v2\/categories?post=195289"},{"taxonomy":"post_tag","embeddable":true,"href":"https:\/\/www.suno.com.br\/noticias\/wp-json\/wp\/v2\/tags?post=195289"},{"taxonomy":"suno_strategy","embeddable":true,"href":"https:\/\/www.suno.com.br\/noticias\/wp-json\/wp\/v2\/suno_strategy?post=195289"}],"curies":[{"name":"wp","href":"https:\/\/api.w.org\/{rel}","templated":true}]}}