{"id":195245,"date":"2021-10-19T22:03:58","date_gmt":"2021-10-20T01:03:58","guid":{"rendered":"https:\/\/www.suno.com.br\/noticias\/?p=195245"},"modified":"2021-10-19T22:03:58","modified_gmt":"2021-10-20T01:03:58","slug":"senado-aprova-auxilio-de-gas-de-cozinha-para-familias-de-baixa-renda","status":"publish","type":"post","link":"https:\/\/www.suno.com.br\/noticias\/senado-aprova-auxilio-de-gas-de-cozinha-para-familias-de-baixa-renda\/","title":{"rendered":"Senado aprova aux\u00edlio de g\u00e1s de cozinha para fam\u00edlias de baixa renda"},"content":{"rendered":"<p>Foi aprovada pelo Senado nesta ter\u00e7a-feira (19) a cria\u00e7\u00e3o do &#8220;val\u00e9-g\u00e1s&#8221;, proposta que visa subsidiar, no m\u00ednimo, metade do pre\u00e7o do <strong>g\u00e1s de cozinha<\/strong> para fam\u00edlias de baixa renda por 5 anos, bancando 50% do valor do botij\u00e3o de 13 quilos.<\/p>\t<div class=\"wrapper-featured-image\">\n\t\t<figure class=\"spotlightImg\">\n\n\t\t\t<picture>\n\t\t\t\t<source media=\"(max-width: 768px)\" srcset=\"https:\/\/files.sunoresearch.com.br\/n\/uploads\/2021\/07\/3bb86cde-plenario_do_senado_federal_sessao_deliberativa_ordinaria_semipresencial_fcpzzb_abr_240220211043-400x200.jpg\">\n\t\t\t\t<img loading=\"lazy\" decoding=\"async\" class=\"newsContent__article__imgCapa lazyloadDisabled \" src=\"https:\/\/files.sunoresearch.com.br\/n\/uploads\/2021\/07\/3bb86cde-plenario_do_senado_federal_sessao_deliberativa_ordinaria_semipresencial_fcpzzb_abr_240220211043-800x450.jpg\" width=\"800\" height=\"450\" alt=\"Senado aprova aux\u00edlio de g\u00e1s de cozinha para fam\u00edlias de baixa renda\" fetchpriority=high \/>\n\t\t\t<\/picture>\n\n\t\t\t<figcaption class=\"wp-caption-text wp-caption-text--show\">Senado Federal. Foto: Fabio Rodrigues Pozzebom\/Ag\u00eancia Brasil<\/figcaption>\n\t\t<\/figure>\n\t<\/div>\n\n\n\t<p>\n\t\t<a href=\"https:\/\/lp.suno.com.br\/planilha-controle-gastos\/\" target=\"_blank\" data-element=\"shortcode-suno-banner\" title=\"Banner SUNO, clique e saiba mais\">\n\t\t\t<picture>\n\t\t\t\t<source media=\"(max-width: 500px)\" srcset=\"https:\/\/files.sunoresearch.com.br\/n\/uploads\/2023\/03\/400x300-Planilha-controle-de-gastos.png\">\n\t\t\t\t<img class=\"newsContent__article__imgCapa newsContent__article__imgCapa--banner\"\n\t\t\t\t\tsrc=\"https:\/\/files.sunoresearch.com.br\/n\/uploads\/2023\/03\/1420x240-Planilha-controle-de-gastos.png\"\n\t\t\t\t\tdata-promo-id=\"101751\"\t\t\t\t\t\t\t\t\t\twidth='1420' height='240'\t\t\t\t\talt=\"https:\/\/files.sunoresearch.com.br\/n\/uploads\/2023\/03\/1420x240-Planilha-controle-de-gastos.png\"\n\t\t\t\t>\n\t\t\t<\/picture>\n\t\t<\/a>\n\t<\/p>\n\n\n<p>A proposta havia sido aprovada na <strong>C\u00e2mara<\/strong> e depender\u00e1 agora de uma <strong>nova vota\u00e7\u00e3o<\/strong> entre os deputados, porque houve mudan\u00e7as. A cria\u00e7\u00e3o do<strong> vale-g\u00e1s<\/strong> s\u00f3 entrar\u00e1 em vigor se houver san\u00e7\u00e3o do presidente<strong> Jair Bolsonaro<\/strong> e uma regulamenta\u00e7\u00e3o do governo federal. O governo se absteve e n\u00e3o fez nenhuma orienta\u00e7\u00e3o durante a vota\u00e7\u00e3o. O l\u00edder do governo no Senado, Fernando Bezerra Coelho (MDB-PE), foi o \u00fanico que votou contra.<\/p>\n<p>A medida foi negociada no Congresso para oferecer um aux\u00edlio \u00e0s fam\u00edlias de<strong> baixa renda<\/strong> atingidas pela pandemia de covid-19 e pela alta nos pre\u00e7os do g\u00e1s de cozinha. A estimativa \u00e9 que o programa tenha um custo entre R$ 4 bilh\u00f5es e R$ 6 bilh\u00f5es por ano, considerando os valores cobrados atualmente. O programa foi batizado de <strong>&#8220;G\u00e1s dos Brasileiros&#8221;.<\/strong><\/p>\n\t<p>\n\t\t<a href=\"https:\/\/lp.suno.com.br\/planilha-da-vida-financeira\/\" target=\"_blank\" data-element=\"shortcode-suno-banner\" title=\"Banner SUNO, clique e saiba mais\">\n\t\t\t<picture>\n\t\t\t\t<source media=\"(max-width: 500px)\" srcset=\"https:\/\/files.sunoresearch.com.br\/n\/uploads\/2023\/04\/400x300-Planilha-vida-financeira-true.png\">\n\t\t\t\t<img class=\"newsContent__article__imgCapa newsContent__article__imgCapa--banner\"\n\t\t\t\t\tsrc=\"https:\/\/files.sunoresearch.com.br\/n\/uploads\/2023\/04\/1420x240-Planilha-vida-financeira-true.png\"\n\t\t\t\t\tdata-promo-id=\"106682\"\t\t\t\t\t\t\t\t\t\twidth='1420' height='240'\t\t\t\t\talt=\"https:\/\/files.sunoresearch.com.br\/n\/uploads\/2023\/04\/1420x240-Planilha-vida-financeira-true.png\"\n\t\t\t\t>\n\t\t\t<\/picture>\n\t\t<\/a>\n\t<\/p>\n\n\n<p>O parecer do senador <strong>Marcelo Castro (MDB-PI)<\/strong> estipula que a despesa ser\u00e1 bancada com recursos de <a class=\"suno-keyword\" href=\"https:\/\/www.suno.com.br\/guias\/dividendos\/\" target=\"_blank\" rel=\"noopener\" data-force=\"no\" data-priority=\"1\">dividendos<\/a> pagos pela Petrobras \u00e0 Uni\u00e3o, do b\u00f4nus de assinatura e das receitas da Uni\u00e3o na comercializa\u00e7\u00e3o e royalties do petr\u00f3leo, blindando os valores pagos a Estados e munic\u00edpios. O projeto permite ainda a utiliza\u00e7\u00e3o de outros recursos or\u00e7ament\u00e1rios, sem especifica\u00e7\u00e3o.<\/p>\n<p>Apesar da fonte de custeio, medida exigida pela <strong>Lei de Responsabilidade Fiscal (LRF)<\/strong>, o projeto n\u00e3o estabelece redu\u00e7\u00e3o de outras despesas e pode comprometer o <a class=\"suno-keyword\" href=\"https:\/\/www.suno.com.br\/artigos\/teto-de-gastos\/\" target=\"_blank\" rel=\"noopener\" data-force=\"no\" data-priority=\"1\">teto de gastos<\/a>, que limita o crescimento de gastos \u00e0 infla\u00e7\u00e3o do ano anterior independentemente da arrecada\u00e7\u00e3o, a partir do ano que vem.<\/p>\n<p>A aposta entre parlamentares \u00e9 que haja uma folga no teto de gastos em 2022 para abrir espa\u00e7o a esse e outros programas. O governo pressiona pela aprova\u00e7\u00e3o da <strong>Proposta de Emenda \u00e0 Constitui\u00e7\u00e3o<\/strong> (PEC) dos precat\u00f3rios para abrir uma folga no Or\u00e7amento do pr\u00f3ximo ano e lan\u00e7ar o Aux\u00edlio Brasil, programa desenhado para substituir o <strong>Bolsa Fam\u00edlia<\/strong>, mas tamb\u00e9m prometeu apoio a outras iniciativas que aumentem gastos em ano eleitoral se a PEC for aprovada.<\/p>\n\t<p>\n\t\t<a href=\"https:\/\/lp.suno.com.br\/ebook-como-analisar-uma-acao\/\" target=\"_blank\" data-element=\"shortcode-suno-banner\" title=\"Banner SUNO, clique e saiba mais\">\n\t\t\t<picture>\n\t\t\t\t<source media=\"(max-width: 500px)\" srcset=\"https:\/\/files.sunoresearch.com.br\/n\/uploads\/2023\/03\/Ebook-Acoes-Mobile-1.jpg\">\n\t\t\t\t<img class=\"newsContent__article__imgCapa newsContent__article__imgCapa--banner\"\n\t\t\t\t\tsrc=\"https:\/\/files.sunoresearch.com.br\/n\/uploads\/2023\/03\/Ebook-Acoes-Desktop-1.jpg\"\n\t\t\t\t\tdata-promo-id=\"171998\"\t\t\t\t\t\t\t\t\t\twidth='1420' height='286'\t\t\t\t\talt=\"https:\/\/files.sunoresearch.com.br\/n\/uploads\/2023\/03\/Ebook-Acoes-Desktop-1.jpg\"\n\t\t\t\t>\n\t\t\t<\/picture>\n\t\t<\/a>\n\t<\/p>\n\n\n<p>&#8220;Os substitutos utilizados por quem n\u00e3o pode comprar o botij\u00e3o de g\u00e1s, como lenha, carv\u00e3o e combust\u00edveis l\u00edquidos, s\u00e3o danosos \u00e0 sa\u00fade, seja pela polui\u00e7\u00e3o do ar do ambiente dom\u00e9stico, seja pelas queimaduras provocadas por acidentes, principalmente com o etanol. Essa situa\u00e7\u00e3o dram\u00e1tica e desumana deve cessar imediatamente&#8221;, afirmou o relator da proposta, Marcelo Castro (MDB-PI). &#8220;Sabemos de todas as dificuldades fiscais para encaixar mais uma despesa no or\u00e7amento, mas n\u00e3o se trata aqui de uma despesa qualquer, sup\u00e9rflua, que pode esperar por tempos melhores para ser contemplada.&#8221;<\/p>\n<h2 class=\"newsContent__article__title\">Relator prop\u00f4s usar dividendos da Petrobras (PETR4) para financiar programa<\/h2>\n<p>Ontem, o relator da proposta, Marcelo Castro, sugeriu a utiliza\u00e7\u00e3o dos dividendos da Petrobras (PETR4) para financiar o programa de aux\u00edlio.<\/p>\n\t<p>\n\t\t<a href=\"https:\/\/lp.suno.com.br\/planilha-de-controle-de-investimentos\/\" target=\"_blank\" data-element=\"shortcode-suno-banner\" title=\"Banner SUNO, clique e saiba mais\">\n\t\t\t<picture>\n\t\t\t\t<source media=\"(max-width: 500px)\" srcset=\"https:\/\/files.sunoresearch.com.br\/n\/uploads\/2023\/03\/400x300-Controle-de-Investimentos.png\">\n\t\t\t\t<img class=\"newsContent__article__imgCapa newsContent__article__imgCapa--banner\"\n\t\t\t\t\tsrc=\"https:\/\/files.sunoresearch.com.br\/n\/uploads\/2023\/03\/1420x240-Controle-de-Investimentos.png\"\n\t\t\t\t\tdata-promo-id=\"75934\"\t\t\t\t\t\t\t\t\t\twidth='1420' height='240'\t\t\t\t\talt=\"https:\/\/files.sunoresearch.com.br\/n\/uploads\/2023\/03\/1420x240-Controle-de-Investimentos.png\"\n\t\t\t\t>\n\t\t\t<\/picture>\n\t\t<\/a>\n\t<\/p>\n\n\n<p>\u201cEm paralelo, para garantir o custeio do Programa G\u00e1s para os Brasileiros, propomos duas novas fontes de recursos: os\u00a0<strong>dividendos pagos pela Petrobras (PETR4)<\/strong> para a Uni\u00e3o e o b\u00f4nus de assinatura das rodadas de licita\u00e7\u00e3o de blocos para a explora\u00e7\u00e3o e produ\u00e7\u00e3o de petr\u00f3leo e de g\u00e1s natural\u201d, disse o relator.<\/p>\n<p>No m\u00eas passado, o\u00a0<a class=\"suno-keyword\" href=\"https:\/\/www.suno.com.br\/artigos\/conselho-administracao\/\" target=\"_blank\" rel=\"noopener\" data-force=\"no\" data-priority=\"1\">conselho de administra\u00e7\u00e3o<\/a>\u00a0da\u00a0<a class=\"suno-keyword\" href=\"https:\/\/www.suno.com.br\/acoes\/PETR4\/\" target=\"_blank\" rel=\"noopener\" data-force=\"yes\" data-priority=\"2\"><strong>Petrobras<\/strong>\u00a0(PETR4)<\/a>\u00a0aprovou a cria\u00e7\u00e3o de um programa social subsidiado pela estatal para apoiar fam\u00edlias em situa\u00e7\u00e3o de vulnerabilidade social na compra de insumos essenciais, com foco no <strong>g\u00e1s<\/strong> liquefeito de petr\u00f3leo (GLP), conhecido como g\u00e1s de cozinha. Com isso, vai destinar R$ 300 milh\u00f5es, por um per\u00edodo de 15 meses.<\/p>\n<p><em>(Com informa\u00e7\u00f5es da Ag\u00eancia Estado)<\/em><\/p>\n\t<p>\n\t\t<a href=\"\" target=\"_blank\" data-element=\"shortcode-suno-banner\" title=\"Banner SUNO, clique e saiba mais\">\n\t\t\t<picture>\n\t\t\t\t<source media=\"(max-width: 500px)\" srcset=\"\">\n\t\t\t\t<img class=\"newsContent__article__imgCapa newsContent__article__imgCapa--banner\"\n\t\t\t\t\tsrc=\"\"\n\t\t\t\t\tdata-promo-id=\"184190\"\t\t\t\t\t\t\t\t\t\t\t\t\t\t\talt=\"\"\n\t\t\t\t>\n\t\t\t<\/picture>\n\t\t<\/a>\n\t<\/p>\n\n\n","protected":false},"excerpt":{"rendered":"<p>Foi aprovada pelo Senado nesta ter\u00e7a-feira (19) a cria\u00e7\u00e3o do &#8220;val\u00e9-g\u00e1s&#8221;, proposta que visa subsidiar, no m\u00ednimo, metade do pre\u00e7o do g\u00e1s de cozinha para fam\u00edlias de baixa renda por 5 anos, bancando 50% do valor do botij\u00e3o de 13 quilos. Senado Federal. Foto: Fabio Rodrigues Pozzebom\/Ag\u00eancia Brasil A proposta havia sido aprovada na C\u00e2mara [&hellip;]<\/p>\n","protected":false},"author":118,"featured_media":165996,"comment_status":"closed","ping_status":"closed","sticky":false,"template":"","format":"standard","meta":[],"categories":[61],"tags":[105822,595,1068],"suno_strategy":[],"class_list":["post-195245","post","type-post","status-publish","format-standard","has-post-thumbnail","hentry","category-politica","tag-gas","tag-petrobras-petr4","tag-senado-federal"],"yoast_head":"<!-- This site is optimized with the Yoast SEO plugin v24.4 - https:\/\/yoast.com\/wordpress\/plugins\/seo\/ -->\n<title>Senado aprova aux\u00edlio de g\u00e1s de cozinha para fam\u00edlias de baixa renda<\/title>\n<meta name=\"description\" content=\"Foi aprovado pelo Senado nesta ter\u00e7a-feira (19) a cria\u00e7\u00e3o do &quot;val\u00e9-g\u00e1s&quot;, proposta que visa subsidiar, no m\u00ednimo, metade...Saiba mais\" \/>\n<meta name=\"robots\" content=\"index, follow, max-snippet:-1, max-image-preview:large, max-video-preview:-1\" \/>\n<link rel=\"canonical\" href=\"https:\/\/www.suno.com.br\/noticias\/senado-aprova-auxilio-de-gas-de-cozinha-para-familias-de-baixa-renda\/\" \/>\n<meta property=\"og:locale\" content=\"pt_BR\" \/>\n<meta property=\"og:type\" content=\"article\" \/>\n<meta property=\"og:title\" content=\"Senado aprova aux\u00edlio de g\u00e1s de cozinha para fam\u00edlias de baixa renda\" \/>\n<meta property=\"og:description\" content=\"Foi aprovado pelo Senado nesta ter\u00e7a-feira (19) a cria\u00e7\u00e3o do &quot;val\u00e9-g\u00e1s&quot;, proposta que visa subsidiar, no m\u00ednimo, metade...Saiba mais\" \/>\n<meta property=\"og:url\" content=\"https:\/\/www.suno.com.br\/noticias\/senado-aprova-auxilio-de-gas-de-cozinha-para-familias-de-baixa-renda\/\" \/>\n<meta property=\"og:site_name\" content=\"Suno Not\u00edcias\" \/>\n<meta property=\"article:publisher\" content=\"https:\/\/facebook.com\/sunoresearch\" \/>\n<meta property=\"og:image\" content=\"https:\/\/files.sunoresearch.com.br\/n\/uploads\/2021\/07\/3bb86cde-plenario_do_senado_federal_sessao_deliberativa_ordinaria_semipresencial_fcpzzb_abr_240220211043-scaled.jpg\" \/>\n\t<meta property=\"og:image:width\" content=\"2560\" \/>\n\t<meta property=\"og:image:height\" content=\"1707\" \/>\n\t<meta property=\"og:image:type\" content=\"image\/jpeg\" \/>\n<meta name=\"author\" content=\"Bruno Galv\u00e3o\" \/>\n<meta name=\"twitter:card\" content=\"summary_large_image\" \/>\n<meta name=\"twitter:creator\" content=\"@sunoresearch\" \/>\n<meta name=\"twitter:site\" content=\"@sunoresearch\" \/>\n<meta name=\"twitter:label1\" content=\"Escrito por\" \/>\n\t<meta name=\"twitter:data1\" content=\"Bruno Galv\u00e3o\" \/>\n\t<meta name=\"twitter:label2\" content=\"Est. tempo de leitura\" \/>\n\t<meta name=\"twitter:data2\" content=\"3 minutos\" \/>\n<script type=\"application\/ld+json\" class=\"yoast-schema-graph\">{\"@context\":\"https:\/\/schema.org\",\"@graph\":[{\"@type\":\"NewsArticle\",\"@id\":\"https:\/\/www.suno.com.br\/noticias\/senado-aprova-auxilio-de-gas-de-cozinha-para-familias-de-baixa-renda\/#article\",\"isPartOf\":{\"@id\":\"https:\/\/www.suno.com.br\/noticias\/senado-aprova-auxilio-de-gas-de-cozinha-para-familias-de-baixa-renda\/\"},\"author\":{\"name\":\"Bruno Galv\u00e3o\",\"@id\":\"https:\/\/www.suno.com.br\/noticias\/#\/schema\/person\/06f0d962a6b1c54852e4860f16935600\"},\"headline\":\"Senado aprova aux\u00edlio de g\u00e1s de cozinha para fam\u00edlias de baixa renda\",\"datePublished\":\"2021-10-20T01:03:58+00:00\",\"mainEntityOfPage\":{\"@id\":\"https:\/\/www.suno.com.br\/noticias\/senado-aprova-auxilio-de-gas-de-cozinha-para-familias-de-baixa-renda\/\"},\"wordCount\":691,\"publisher\":{\"@id\":\"https:\/\/www.suno.com.br\/noticias\/#organization\"},\"image\":{\"@id\":\"https:\/\/www.suno.com.br\/noticias\/senado-aprova-auxilio-de-gas-de-cozinha-para-familias-de-baixa-renda\/#primaryimage\"},\"thumbnailUrl\":\"https:\/\/files.sunoresearch.com.br\/n\/uploads\/2021\/07\/3bb86cde-plenario_do_senado_federal_sessao_deliberativa_ordinaria_semipresencial_fcpzzb_abr_240220211043-scaled.jpg\",\"keywords\":[\"g\u00e1s\",\"Petrobras (PETR4)\",\"Senado Federal\"],\"articleSection\":[\"Pol\u00edtica\"],\"inLanguage\":\"pt-BR\"},{\"@type\":\"WebPage\",\"@id\":\"https:\/\/www.suno.com.br\/noticias\/senado-aprova-auxilio-de-gas-de-cozinha-para-familias-de-baixa-renda\/\",\"url\":\"https:\/\/www.suno.com.br\/noticias\/senado-aprova-auxilio-de-gas-de-cozinha-para-familias-de-baixa-renda\/\",\"name\":\"Senado aprova aux\u00edlio de g\u00e1s de cozinha para fam\u00edlias de baixa renda\",\"isPartOf\":{\"@id\":\"https:\/\/www.suno.com.br\/noticias\/#website\"},\"primaryImageOfPage\":{\"@id\":\"https:\/\/www.suno.com.br\/noticias\/senado-aprova-auxilio-de-gas-de-cozinha-para-familias-de-baixa-renda\/#primaryimage\"},\"image\":{\"@id\":\"https:\/\/www.suno.com.br\/noticias\/senado-aprova-auxilio-de-gas-de-cozinha-para-familias-de-baixa-renda\/#primaryimage\"},\"thumbnailUrl\":\"https:\/\/files.sunoresearch.com.br\/n\/uploads\/2021\/07\/3bb86cde-plenario_do_senado_federal_sessao_deliberativa_ordinaria_semipresencial_fcpzzb_abr_240220211043-scaled.jpg\",\"datePublished\":\"2021-10-20T01:03:58+00:00\",\"description\":\"Foi aprovado pelo Senado nesta ter\u00e7a-feira (19) a cria\u00e7\u00e3o do \\\"val\u00e9-g\u00e1s\\\", proposta que visa subsidiar, no m\u00ednimo, metade...Saiba mais\",\"breadcrumb\":{\"@id\":\"https:\/\/www.suno.com.br\/noticias\/senado-aprova-auxilio-de-gas-de-cozinha-para-familias-de-baixa-renda\/#breadcrumb\"},\"inLanguage\":\"pt-BR\",\"potentialAction\":[{\"@type\":\"ReadAction\",\"target\":[\"https:\/\/www.suno.com.br\/noticias\/senado-aprova-auxilio-de-gas-de-cozinha-para-familias-de-baixa-renda\/\"]}]},{\"@type\":\"ImageObject\",\"inLanguage\":\"pt-BR\",\"@id\":\"https:\/\/www.suno.com.br\/noticias\/senado-aprova-auxilio-de-gas-de-cozinha-para-familias-de-baixa-renda\/#primaryimage\",\"url\":\"https:\/\/files.sunoresearch.com.br\/n\/uploads\/2021\/07\/3bb86cde-plenario_do_senado_federal_sessao_deliberativa_ordinaria_semipresencial_fcpzzb_abr_240220211043-scaled.jpg\",\"contentUrl\":\"https:\/\/files.sunoresearch.com.br\/n\/uploads\/2021\/07\/3bb86cde-plenario_do_senado_federal_sessao_deliberativa_ordinaria_semipresencial_fcpzzb_abr_240220211043-scaled.jpg\",\"width\":2560,\"height\":1707,\"caption\":\"Senado Federal. Foto: Fabio Rodrigues Pozzebom\/Ag\u00eancia Brasil\"},{\"@type\":\"BreadcrumbList\",\"@id\":\"https:\/\/www.suno.com.br\/noticias\/senado-aprova-auxilio-de-gas-de-cozinha-para-familias-de-baixa-renda\/#breadcrumb\",\"itemListElement\":[{\"@type\":\"ListItem\",\"position\":1,\"name\":\"Not\u00edcias\",\"item\":\"https:\/\/www.suno.com.br\/noticias\/\"},{\"@type\":\"ListItem\",\"position\":2,\"name\":\"Pol\u00edtica\",\"item\":\"https:\/\/www.suno.com.br\/noticias\/politica\/\"},{\"@type\":\"ListItem\",\"position\":3,\"name\":\"Senado aprova aux\u00edlio de g\u00e1s de cozinha para fam\u00edlias de baixa renda\"}]},{\"@type\":\"WebSite\",\"@id\":\"https:\/\/www.suno.com.br\/noticias\/#website\",\"url\":\"https:\/\/www.suno.com.br\/noticias\/\",\"name\":\"Suno Not\u00edcias\",\"description\":\"Seu portal de informa\u00e7\u00e3o sobre o mundo dos investimentos\",\"publisher\":{\"@id\":\"https:\/\/www.suno.com.br\/noticias\/#organization\"},\"potentialAction\":[{\"@type\":\"SearchAction\",\"target\":{\"@type\":\"EntryPoint\",\"urlTemplate\":\"https:\/\/www.suno.com.br\/noticias\/?s={search_term_string}\"},\"query-input\":{\"@type\":\"PropertyValueSpecification\",\"valueRequired\":true,\"valueName\":\"search_term_string\"}}],\"inLanguage\":\"pt-BR\"},{\"@type\":\"Organization\",\"@id\":\"https:\/\/www.suno.com.br\/noticias\/#organization\",\"name\":\"Suno Not\u00edcias\",\"url\":\"https:\/\/www.suno.com.br\/noticias\/\",\"logo\":{\"@type\":\"ImageObject\",\"inLanguage\":\"pt-BR\",\"@id\":\"https:\/\/www.suno.com.br\/noticias\/#\/schema\/logo\/image\/\",\"url\":\"https:\/\/files.sunoresearch.com.br\/n\/uploads\/2021\/09\/suno-logo.png\",\"contentUrl\":\"https:\/\/files.sunoresearch.com.br\/n\/uploads\/2021\/09\/suno-logo.png\",\"width\":180,\"height\":180,\"caption\":\"Suno Not\u00edcias\"},\"image\":{\"@id\":\"https:\/\/www.suno.com.br\/noticias\/#\/schema\/logo\/image\/\"},\"sameAs\":[\"https:\/\/facebook.com\/sunoresearch\",\"https:\/\/x.com\/sunoresearch\",\"https:\/\/www.instagram.com\/suno\",\"https:\/\/www.linkedin.com\/company\/suno-research\/\",\"https:\/\/www.youtube.com\/c\/sunoresearch\"]},{\"@type\":\"Person\",\"@id\":\"https:\/\/www.suno.com.br\/noticias\/#\/schema\/person\/06f0d962a6b1c54852e4860f16935600\",\"name\":\"Bruno Galv\u00e3o\",\"image\":{\"@type\":\"ImageObject\",\"inLanguage\":\"pt-BR\",\"@id\":\"https:\/\/www.suno.com.br\/noticias\/#\/schema\/person\/image\/\",\"url\":\"https:\/\/secure.gravatar.com\/avatar\/53598df0b41c00f12f287a912d0e918e?s=96&r=g\",\"contentUrl\":\"https:\/\/secure.gravatar.com\/avatar\/53598df0b41c00f12f287a912d0e918e?s=96&r=g\",\"caption\":\"Bruno Galv\u00e3o\"},\"description\":\"Escreve para o portal Suno Not\u00edcias. \u00c9 estudante de Jornalismo pela Faculdade C\u00e1sper L\u00edbero e Letras pela USP. Entusiasta de tecnologia e intelig\u00eancia artificial.\",\"url\":\"https:\/\/www.suno.com.br\/noticias\/author\/bruno-garcia\/\"}]}<\/script>\n<!-- \/ Yoast SEO plugin. -->","yoast_head_json":{"title":"Senado aprova aux\u00edlio de g\u00e1s de cozinha para fam\u00edlias de baixa renda","description":"Foi aprovado pelo Senado nesta ter\u00e7a-feira (19) a cria\u00e7\u00e3o do \"val\u00e9-g\u00e1s\", proposta que visa subsidiar, no m\u00ednimo, metade...Saiba mais","robots":{"index":"index","follow":"follow","max-snippet":"max-snippet:-1","max-image-preview":"max-image-preview:large","max-video-preview":"max-video-preview:-1"},"canonical":"https:\/\/www.suno.com.br\/noticias\/senado-aprova-auxilio-de-gas-de-cozinha-para-familias-de-baixa-renda\/","og_locale":"pt_BR","og_type":"article","og_title":"Senado aprova aux\u00edlio de g\u00e1s de cozinha para fam\u00edlias de baixa renda","og_description":"Foi aprovado pelo Senado nesta ter\u00e7a-feira (19) a cria\u00e7\u00e3o do \"val\u00e9-g\u00e1s\", proposta que visa subsidiar, no m\u00ednimo, metade...Saiba mais","og_url":"https:\/\/www.suno.com.br\/noticias\/senado-aprova-auxilio-de-gas-de-cozinha-para-familias-de-baixa-renda\/","og_site_name":"Suno Not\u00edcias","article_publisher":"https:\/\/facebook.com\/sunoresearch","og_image":[{"width":2560,"height":1707,"url":"https:\/\/files.sunoresearch.com.br\/n\/uploads\/2021\/07\/3bb86cde-plenario_do_senado_federal_sessao_deliberativa_ordinaria_semipresencial_fcpzzb_abr_240220211043-scaled.jpg","type":"image\/jpeg"}],"author":"Bruno Galv\u00e3o","twitter_card":"summary_large_image","twitter_creator":"@sunoresearch","twitter_site":"@sunoresearch","twitter_misc":{"Escrito por":"Bruno Galv\u00e3o","Est. tempo de leitura":"3 minutos"},"schema":{"@context":"https:\/\/schema.org","@graph":[{"@type":"NewsArticle","@id":"https:\/\/www.suno.com.br\/noticias\/senado-aprova-auxilio-de-gas-de-cozinha-para-familias-de-baixa-renda\/#article","isPartOf":{"@id":"https:\/\/www.suno.com.br\/noticias\/senado-aprova-auxilio-de-gas-de-cozinha-para-familias-de-baixa-renda\/"},"author":{"name":"Bruno Galv\u00e3o","@id":"https:\/\/www.suno.com.br\/noticias\/#\/schema\/person\/06f0d962a6b1c54852e4860f16935600"},"headline":"Senado aprova aux\u00edlio de g\u00e1s de cozinha para fam\u00edlias de baixa renda","datePublished":"2021-10-20T01:03:58+00:00","mainEntityOfPage":{"@id":"https:\/\/www.suno.com.br\/noticias\/senado-aprova-auxilio-de-gas-de-cozinha-para-familias-de-baixa-renda\/"},"wordCount":691,"publisher":{"@id":"https:\/\/www.suno.com.br\/noticias\/#organization"},"image":{"@id":"https:\/\/www.suno.com.br\/noticias\/senado-aprova-auxilio-de-gas-de-cozinha-para-familias-de-baixa-renda\/#primaryimage"},"thumbnailUrl":"https:\/\/files.sunoresearch.com.br\/n\/uploads\/2021\/07\/3bb86cde-plenario_do_senado_federal_sessao_deliberativa_ordinaria_semipresencial_fcpzzb_abr_240220211043-scaled.jpg","keywords":["g\u00e1s","Petrobras (PETR4)","Senado Federal"],"articleSection":["Pol\u00edtica"],"inLanguage":"pt-BR"},{"@type":"WebPage","@id":"https:\/\/www.suno.com.br\/noticias\/senado-aprova-auxilio-de-gas-de-cozinha-para-familias-de-baixa-renda\/","url":"https:\/\/www.suno.com.br\/noticias\/senado-aprova-auxilio-de-gas-de-cozinha-para-familias-de-baixa-renda\/","name":"Senado aprova aux\u00edlio de g\u00e1s de cozinha para fam\u00edlias de baixa renda","isPartOf":{"@id":"https:\/\/www.suno.com.br\/noticias\/#website"},"primaryImageOfPage":{"@id":"https:\/\/www.suno.com.br\/noticias\/senado-aprova-auxilio-de-gas-de-cozinha-para-familias-de-baixa-renda\/#primaryimage"},"image":{"@id":"https:\/\/www.suno.com.br\/noticias\/senado-aprova-auxilio-de-gas-de-cozinha-para-familias-de-baixa-renda\/#primaryimage"},"thumbnailUrl":"https:\/\/files.sunoresearch.com.br\/n\/uploads\/2021\/07\/3bb86cde-plenario_do_senado_federal_sessao_deliberativa_ordinaria_semipresencial_fcpzzb_abr_240220211043-scaled.jpg","datePublished":"2021-10-20T01:03:58+00:00","description":"Foi aprovado pelo Senado nesta ter\u00e7a-feira (19) a cria\u00e7\u00e3o do \"val\u00e9-g\u00e1s\", proposta que visa subsidiar, no m\u00ednimo, metade...Saiba mais","breadcrumb":{"@id":"https:\/\/www.suno.com.br\/noticias\/senado-aprova-auxilio-de-gas-de-cozinha-para-familias-de-baixa-renda\/#breadcrumb"},"inLanguage":"pt-BR","potentialAction":[{"@type":"ReadAction","target":["https:\/\/www.suno.com.br\/noticias\/senado-aprova-auxilio-de-gas-de-cozinha-para-familias-de-baixa-renda\/"]}]},{"@type":"ImageObject","inLanguage":"pt-BR","@id":"https:\/\/www.suno.com.br\/noticias\/senado-aprova-auxilio-de-gas-de-cozinha-para-familias-de-baixa-renda\/#primaryimage","url":"https:\/\/files.sunoresearch.com.br\/n\/uploads\/2021\/07\/3bb86cde-plenario_do_senado_federal_sessao_deliberativa_ordinaria_semipresencial_fcpzzb_abr_240220211043-scaled.jpg","contentUrl":"https:\/\/files.sunoresearch.com.br\/n\/uploads\/2021\/07\/3bb86cde-plenario_do_senado_federal_sessao_deliberativa_ordinaria_semipresencial_fcpzzb_abr_240220211043-scaled.jpg","width":2560,"height":1707,"caption":"Senado Federal. Foto: Fabio Rodrigues Pozzebom\/Ag\u00eancia Brasil"},{"@type":"BreadcrumbList","@id":"https:\/\/www.suno.com.br\/noticias\/senado-aprova-auxilio-de-gas-de-cozinha-para-familias-de-baixa-renda\/#breadcrumb","itemListElement":[{"@type":"ListItem","position":1,"name":"Not\u00edcias","item":"https:\/\/www.suno.com.br\/noticias\/"},{"@type":"ListItem","position":2,"name":"Pol\u00edtica","item":"https:\/\/www.suno.com.br\/noticias\/politica\/"},{"@type":"ListItem","position":3,"name":"Senado aprova aux\u00edlio de g\u00e1s de cozinha para fam\u00edlias de baixa renda"}]},{"@type":"WebSite","@id":"https:\/\/www.suno.com.br\/noticias\/#website","url":"https:\/\/www.suno.com.br\/noticias\/","name":"Suno Not\u00edcias","description":"Seu portal de informa\u00e7\u00e3o sobre o mundo dos investimentos","publisher":{"@id":"https:\/\/www.suno.com.br\/noticias\/#organization"},"potentialAction":[{"@type":"SearchAction","target":{"@type":"EntryPoint","urlTemplate":"https:\/\/www.suno.com.br\/noticias\/?s={search_term_string}"},"query-input":{"@type":"PropertyValueSpecification","valueRequired":true,"valueName":"search_term_string"}}],"inLanguage":"pt-BR"},{"@type":"Organization","@id":"https:\/\/www.suno.com.br\/noticias\/#organization","name":"Suno Not\u00edcias","url":"https:\/\/www.suno.com.br\/noticias\/","logo":{"@type":"ImageObject","inLanguage":"pt-BR","@id":"https:\/\/www.suno.com.br\/noticias\/#\/schema\/logo\/image\/","url":"https:\/\/files.sunoresearch.com.br\/n\/uploads\/2021\/09\/suno-logo.png","contentUrl":"https:\/\/files.sunoresearch.com.br\/n\/uploads\/2021\/09\/suno-logo.png","width":180,"height":180,"caption":"Suno Not\u00edcias"},"image":{"@id":"https:\/\/www.suno.com.br\/noticias\/#\/schema\/logo\/image\/"},"sameAs":["https:\/\/facebook.com\/sunoresearch","https:\/\/x.com\/sunoresearch","https:\/\/www.instagram.com\/suno","https:\/\/www.linkedin.com\/company\/suno-research\/","https:\/\/www.youtube.com\/c\/sunoresearch"]},{"@type":"Person","@id":"https:\/\/www.suno.com.br\/noticias\/#\/schema\/person\/06f0d962a6b1c54852e4860f16935600","name":"Bruno Galv\u00e3o","image":{"@type":"ImageObject","inLanguage":"pt-BR","@id":"https:\/\/www.suno.com.br\/noticias\/#\/schema\/person\/image\/","url":"https:\/\/secure.gravatar.com\/avatar\/53598df0b41c00f12f287a912d0e918e?s=96&r=g","contentUrl":"https:\/\/secure.gravatar.com\/avatar\/53598df0b41c00f12f287a912d0e918e?s=96&r=g","caption":"Bruno Galv\u00e3o"},"description":"Escreve para o portal Suno Not\u00edcias. \u00c9 estudante de Jornalismo pela Faculdade C\u00e1sper L\u00edbero e Letras pela USP. Entusiasta de tecnologia e intelig\u00eancia artificial.","url":"https:\/\/www.suno.com.br\/noticias\/author\/bruno-garcia\/"}]}},"default_loop_html":"<div class=\"cardsPage__listCard__boxs\"><div class=\"cardsPage__listCard__boxs__img\"><a href=\"https:\/\/www.suno.com.br\/noticias\/senado-aprova-auxilio-de-gas-de-cozinha-para-familias-de-baixa-renda\/\"><img class=\"mask\" src=\"https:\/\/www.suno.com.br\/noticias\/wp-content\/themes\/suno\/resources\/images\/spotlight\/spotlight1img\/bg-mask.png\" alt=\"Image Mask\"\/><img src=\"https:\/\/files.sunoresearch.com.br\/n\/uploads\/2021\/07\/3bb86cde-plenario_do_senado_federal_sessao_deliberativa_ordinaria_semipresencial_fcpzzb_abr_240220211043-400x200.jpg\" alt=\"Senado aprova aux\u00edlio de g\u00e1s de cozinha para fam\u00edlias de baixa renda\"\/><\/a><span class=\"spotlightCategory\"><a href=\"https:\/\/www.suno.com.br\/noticias\/politica\/\">Pol\u00edtica<\/a><\/span><\/div><div class=\"cardsPage__listCard__boxs__content\"><a href=\"https:\/\/www.suno.com.br\/noticias\/senado-aprova-auxilio-de-gas-de-cozinha-para-familias-de-baixa-renda\/\"><h2 class=\"content__title\">Senado aprova aux\u00edlio de g\u00e1s de cozinha para fam\u00edlias de baixa renda<\/h2><\/a><div class=\"newsContent__article__meta\"><div class=\"newsContent__article__meta__authorBox\"><a href=\"https:\/\/www.suno.com.br\/noticias\/author\/bruno-garcia\/\" class=\"authorBox__avatar noMobi\"><img src=\"https:\/\/secure.gravatar.com\/avatar\/53598df0b41c00f12f287a912d0e918e?s=96&#038;r=g\" alt=\"Bruno Galv\u00e3o\"><\/a><div class=\"authorBox__name\"><span>por\n\t\t\t<a href=\"https:\/\/www.suno.com.br\/noticias\/author\/bruno-garcia\/\"><span itemprop=\"author\">Bruno Galv\u00e3o<\/span><\/a><\/span><time datetime=\"2021-10-19T22:03:58-03:00\" itemprop=\"datePublished\">19\/10\/2021 22:03<\/time><\/div><\/div><\/div><\/div><\/div>","single_layout":"posts","amp_enabled":true,"_links":{"self":[{"href":"https:\/\/www.suno.com.br\/noticias\/wp-json\/wp\/v2\/posts\/195245"}],"collection":[{"href":"https:\/\/www.suno.com.br\/noticias\/wp-json\/wp\/v2\/posts"}],"about":[{"href":"https:\/\/www.suno.com.br\/noticias\/wp-json\/wp\/v2\/types\/post"}],"author":[{"embeddable":true,"href":"https:\/\/www.suno.com.br\/noticias\/wp-json\/wp\/v2\/users\/118"}],"replies":[{"embeddable":true,"href":"https:\/\/www.suno.com.br\/noticias\/wp-json\/wp\/v2\/comments?post=195245"}],"version-history":[{"count":4,"href":"https:\/\/www.suno.com.br\/noticias\/wp-json\/wp\/v2\/posts\/195245\/revisions"}],"predecessor-version":[{"id":195312,"href":"https:\/\/www.suno.com.br\/noticias\/wp-json\/wp\/v2\/posts\/195245\/revisions\/195312"}],"wp:featuredmedia":[{"embeddable":true,"href":"https:\/\/www.suno.com.br\/noticias\/wp-json\/wp\/v2\/media\/165996"}],"wp:attachment":[{"href":"https:\/\/www.suno.com.br\/noticias\/wp-json\/wp\/v2\/media?parent=195245"}],"wp:term":[{"taxonomy":"category","embeddable":true,"href":"https:\/\/www.suno.com.br\/noticias\/wp-json\/wp\/v2\/categories?post=195245"},{"taxonomy":"post_tag","embeddable":true,"href":"https:\/\/www.suno.com.br\/noticias\/wp-json\/wp\/v2\/tags?post=195245"},{"taxonomy":"suno_strategy","embeddable":true,"href":"https:\/\/www.suno.com.br\/noticias\/wp-json\/wp\/v2\/suno_strategy?post=195245"}],"curies":[{"name":"wp","href":"https:\/\/api.w.org\/{rel}","templated":true}]}}