{"id":195207,"date":"2021-10-19T20:45:06","date_gmt":"2021-10-19T23:45:06","guid":{"rendered":"https:\/\/www.suno.com.br\/noticias\/?p=195207"},"modified":"2021-10-19T20:45:06","modified_gmt":"2021-10-19T23:45:06","slug":"cba-cbav3-unidade-ativos-autogeracao-energia","status":"publish","type":"post","link":"https:\/\/www.suno.com.br\/noticias\/cba-cbav3-unidade-ativos-autogeracao-energia\/","title":{"rendered":"CBA (CBAV3) cria unidade de neg\u00f3cio para gerir ativos de gera\u00e7\u00e3o de energia"},"content":{"rendered":"<p>A <strong>CBA<\/strong>, Companhia Brasileira de Alum\u00ednio (CBAV3), informou hoje, em comunicado, a decis\u00e3o de criar uma unidade de neg\u00f3cio espec\u00edfica para gerir seus ativos de autogera\u00e7\u00e3o de energia.<\/p>\t<div class=\"wrapper-featured-image\">\n\t\t<figure class=\"spotlightImg\">\n\n\t\t\t<picture>\n\t\t\t\t<source media=\"(max-width: 768px)\" srcset=\"https:\/\/files.sunoresearch.com.br\/n\/uploads\/2021\/06\/0bd03f9f-banner-about-400x200.webp\">\n\t\t\t\t<img loading=\"lazy\" decoding=\"async\" class=\"newsContent__article__imgCapa lazyloadDisabled \" src=\"https:\/\/files.sunoresearch.com.br\/n\/uploads\/2021\/06\/0bd03f9f-banner-about-800x450.webp\" width=\"800\" height=\"450\" alt=\"CBA (CBAV3) cria unidade de neg\u00f3cio para gerir ativos de gera\u00e7\u00e3o de energia\" fetchpriority=high \/>\n\t\t\t<\/picture>\n\n\t\t\t<figcaption class=\"wp-caption-text wp-caption-text--show\">CBA conclui compra de fatia remanescente na Alux por R$ 98 milh\u00f5es. Foto: Divulga\u00e7\u00e3o.<\/figcaption>\n\t\t<\/figure>\n\t<\/div>\n\n\n\t<p>\n\t\t<a href=\"https:\/\/lp.suno.com.br\/planilha-controle-gastos\/\" target=\"_blank\" data-element=\"shortcode-suno-banner\" title=\"Banner SUNO, clique e saiba mais\">\n\t\t\t<picture>\n\t\t\t\t<source media=\"(max-width: 500px)\" srcset=\"https:\/\/files.sunoresearch.com.br\/n\/uploads\/2023\/03\/400x300-Planilha-controle-de-gastos.png\">\n\t\t\t\t<img class=\"newsContent__article__imgCapa newsContent__article__imgCapa--banner\"\n\t\t\t\t\tsrc=\"https:\/\/files.sunoresearch.com.br\/n\/uploads\/2023\/03\/1420x240-Planilha-controle-de-gastos.png\"\n\t\t\t\t\tdata-promo-id=\"101751\"\t\t\t\t\t\t\t\t\t\twidth='1420' height='240'\t\t\t\t\talt=\"https:\/\/files.sunoresearch.com.br\/n\/uploads\/2023\/03\/1420x240-Planilha-controle-de-gastos.png\"\n\t\t\t\t>\n\t\t\t<\/picture>\n\t\t<\/a>\n\t<\/p>\n\n\n<p>&#8220;Dessa forma, a <strong>CBA<\/strong> passa a gerir internamente a opera\u00e7\u00e3o das suas 21 usinas hidrel\u00e9tricas, at\u00e9 ent\u00e3o geridas pela Votorantim Energia em contrato de presta\u00e7\u00e3o de servi\u00e7o. O movimento refor\u00e7a o posicionamento da companhia como <strong>auto produtora de energia<\/strong>&#8220;, disse a empresa na nota.<\/p>\n<p>Segundo a companhia, a transfer\u00eancia da gest\u00e3o dos<strong> ativos hidrel\u00e9tricos<\/strong> ser\u00e1 feita gradativamente at\u00e9 janeiro de 2022,\u00a0 &#8220;envolvendo empregados, fornecedores e clientes, valorizando e respeitando as pessoas, a diversidade de culturas e ideias, construindo uma base s\u00f3lida para crescimentos futuros&#8221;.<\/p>\n\t<p>\n\t\t<a href=\"https:\/\/lp.suno.com.br\/planilha-da-vida-financeira\/\" target=\"_blank\" data-element=\"shortcode-suno-banner\" title=\"Banner SUNO, clique e saiba mais\">\n\t\t\t<picture>\n\t\t\t\t<source media=\"(max-width: 500px)\" srcset=\"https:\/\/files.sunoresearch.com.br\/n\/uploads\/2023\/04\/400x300-Planilha-vida-financeira-true.png\">\n\t\t\t\t<img class=\"newsContent__article__imgCapa newsContent__article__imgCapa--banner\"\n\t\t\t\t\tsrc=\"https:\/\/files.sunoresearch.com.br\/n\/uploads\/2023\/04\/1420x240-Planilha-vida-financeira-true.png\"\n\t\t\t\t\tdata-promo-id=\"106682\"\t\t\t\t\t\t\t\t\t\twidth='1420' height='240'\t\t\t\t\talt=\"https:\/\/files.sunoresearch.com.br\/n\/uploads\/2023\/04\/1420x240-Planilha-vida-financeira-true.png\"\n\t\t\t\t>\n\t\t\t<\/picture>\n\t\t<\/a>\n\t<\/p>\n\n\n<p>&#8220;O processo de transi\u00e7\u00e3o ter\u00e1 como prioridades a seguran\u00e7a operacional, a manuten\u00e7\u00e3o da qualidade dos servi\u00e7os e a garantia de que n\u00e3o haver\u00e1 impacto nos atuais contratos de energia firmados pelas empresas. Refor\u00e7amos que a iniciativa n\u00e3o impacta o cumprimento dos nossos compromissos e as atividades da CBA permanecem inalteradas&#8221;, conclui.<\/p>\n<h2>CBA tem potencial de valoriza\u00e7\u00e3o de 73%, segundo XP<\/h2>\n<p>A <strong>XP<\/strong> iniciou este ano sua cobertura da CBA, fazendo recomenda\u00e7\u00e3o de compra e pre\u00e7o-alvo de R$ 19 por a\u00e7\u00e3o da companhia, at\u00e9 o final de 2022.\u00a0 Trata-se de uma potencial <strong>valoriza\u00e7\u00e3o de quase 73%<\/strong> para o papel em pouco mais de um ano.<\/p>\n\t<p>\n\t\t<a href=\"https:\/\/lp.suno.com.br\/planilha-de-controle-de-investimentos\/\" target=\"_blank\" data-element=\"shortcode-suno-banner\" title=\"Banner SUNO, clique e saiba mais\">\n\t\t\t<picture>\n\t\t\t\t<source media=\"(max-width: 500px)\" srcset=\"https:\/\/files.sunoresearch.com.br\/n\/uploads\/2023\/03\/400x300-Controle-de-Investimentos.png\">\n\t\t\t\t<img class=\"newsContent__article__imgCapa newsContent__article__imgCapa--banner\"\n\t\t\t\t\tsrc=\"https:\/\/files.sunoresearch.com.br\/n\/uploads\/2023\/03\/1420x240-Controle-de-Investimentos.png\"\n\t\t\t\t\tdata-promo-id=\"75934\"\t\t\t\t\t\t\t\t\t\twidth='1420' height='240'\t\t\t\t\talt=\"https:\/\/files.sunoresearch.com.br\/n\/uploads\/2023\/03\/1420x240-Controle-de-Investimentos.png\"\n\t\t\t\t>\n\t\t\t<\/picture>\n\t\t<\/a>\n\t<\/p>\n\n\n<p>Em relat\u00f3rio, a XP avalia que a CBA cresce com qualidade e \u00e9 l\u00edder em participa\u00e7\u00e3o de mercado nos principais segmentos em que atua no\u00a0<strong>setor de alum\u00ednio no Brasil<\/strong>.<\/p>\n<p>A corretora baseia sua recomenda\u00e7\u00e3o de compra em quatro pilares:<\/p>\n<ul>\n<li>perspectiva saud\u00e1vel para\u00a0<strong>pre\u00e7os de alum\u00ednio<\/strong>;<\/li>\n<li>plano de expans\u00e3o robusto para os pr\u00f3ximos anos;<\/li>\n<li>valuation atrativo e abaixo da m\u00e9dia dos pares; e<\/li>\n<li>forte posicionamento ESG.<\/li>\n<\/ul>\n<p>A <strong>CBA<\/strong> \u00e9 atualmente a \u00fanica empresa integrada de alum\u00ednio do Brasil, atuando em todas as etapas da\u00a0<a class=\"suno-keyword\" href=\"https:\/\/www.suno.com.br\/artigos\/cadeia-de-valor\/\" target=\"_blank\" rel=\"noopener\" data-force=\"no\" data-priority=\"1\">cadeia de valor<\/a>\u00a0do alum\u00ednio, lembra o relat\u00f3rio.<\/p>\n\t<p>\n\t\t<a href=\"\" target=\"_blank\" data-element=\"shortcode-suno-banner\" title=\"Banner SUNO, clique e saiba mais\">\n\t\t\t<picture>\n\t\t\t\t<source media=\"(max-width: 500px)\" srcset=\"\">\n\t\t\t\t<img class=\"newsContent__article__imgCapa newsContent__article__imgCapa--banner\"\n\t\t\t\t\tsrc=\"\"\n\t\t\t\t\tdata-promo-id=\"184190\"\t\t\t\t\t\t\t\t\t\t\t\t\t\t\talt=\"\"\n\t\t\t\t>\n\t\t\t<\/picture>\n\t\t<\/a>\n\t<\/p>\n\n\n","protected":false},"excerpt":{"rendered":"<p>A CBA, Companhia Brasileira de Alum\u00ednio (CBAV3), informou hoje, em comunicado, a decis\u00e3o de criar uma unidade de neg\u00f3cio espec\u00edfica para gerir seus ativos de autogera\u00e7\u00e3o de energia. CBA conclui compra de fatia remanescente na Alux por R$ 98 milh\u00f5es. Foto: Divulga\u00e7\u00e3o. &#8220;Dessa forma, a CBA passa a gerir internamente a opera\u00e7\u00e3o das suas 21 [&hellip;]<\/p>\n","protected":false},"author":118,"featured_media":159908,"comment_status":"closed","ping_status":"closed","sticky":false,"template":"","format":"standard","meta":[],"categories":[64],"tags":[106319,106333],"suno_strategy":[],"class_list":["post-195207","post","type-post","status-publish","format-standard","has-post-thumbnail","hentry","category-negocios","tag-cba-cbav3","tag-votorantim"],"yoast_head":"<!-- This site is optimized with the Yoast SEO plugin v24.4 - https:\/\/yoast.com\/wordpress\/plugins\/seo\/ -->\n<title>CBA (CBAV3) cria unidade de neg\u00f3cio para gerir ativos de gera\u00e7\u00e3o de energia<\/title>\n<meta name=\"description\" content=\"A CBA, Companhia Brasileira de Alum\u00ednio (CBAV3) informou hoje, por meio de comunicado aos seus acionistas e ao mercado em...Saiba mais\" \/>\n<meta name=\"robots\" content=\"index, follow, max-snippet:-1, max-image-preview:large, max-video-preview:-1\" \/>\n<link rel=\"canonical\" href=\"https:\/\/www.suno.com.br\/noticias\/cba-cbav3-unidade-ativos-autogeracao-energia\/\" \/>\n<meta property=\"og:locale\" content=\"pt_BR\" \/>\n<meta property=\"og:type\" content=\"article\" \/>\n<meta property=\"og:title\" content=\"CBA (CBAV3) cria unidade de neg\u00f3cio para gerir ativos de gera\u00e7\u00e3o de energia\" \/>\n<meta property=\"og:description\" content=\"A CBA, Companhia Brasileira de Alum\u00ednio (CBAV3) informou hoje, por meio de comunicado aos seus acionistas e ao mercado em...Saiba mais\" \/>\n<meta property=\"og:url\" content=\"https:\/\/www.suno.com.br\/noticias\/cba-cbav3-unidade-ativos-autogeracao-energia\/\" \/>\n<meta property=\"og:site_name\" content=\"Suno Not\u00edcias\" \/>\n<meta property=\"article:publisher\" content=\"https:\/\/facebook.com\/sunoresearch\" \/>\n<meta property=\"og:image\" content=\"https:\/\/files.sunoresearch.com.br\/n\/uploads\/2021\/06\/0bd03f9f-banner-about.jpg\" \/>\n\t<meta property=\"og:image:width\" content=\"2182\" \/>\n\t<meta property=\"og:image:height\" content=\"852\" \/>\n\t<meta property=\"og:image:type\" content=\"image\/jpeg\" \/>\n<meta name=\"author\" content=\"Bruno Galv\u00e3o\" \/>\n<meta name=\"twitter:card\" content=\"summary_large_image\" \/>\n<meta name=\"twitter:creator\" content=\"@sunoresearch\" \/>\n<meta name=\"twitter:site\" content=\"@sunoresearch\" \/>\n<meta name=\"twitter:label1\" content=\"Escrito por\" \/>\n\t<meta name=\"twitter:data1\" content=\"Bruno Galv\u00e3o\" \/>\n\t<meta name=\"twitter:label2\" content=\"Est. tempo de leitura\" \/>\n\t<meta name=\"twitter:data2\" content=\"2 minutos\" \/>\n<script type=\"application\/ld+json\" class=\"yoast-schema-graph\">{\"@context\":\"https:\/\/schema.org\",\"@graph\":[{\"@type\":\"NewsArticle\",\"@id\":\"https:\/\/www.suno.com.br\/noticias\/cba-cbav3-unidade-ativos-autogeracao-energia\/#article\",\"isPartOf\":{\"@id\":\"https:\/\/www.suno.com.br\/noticias\/cba-cbav3-unidade-ativos-autogeracao-energia\/\"},\"author\":{\"name\":\"Bruno Galv\u00e3o\",\"@id\":\"https:\/\/www.suno.com.br\/noticias\/#\/schema\/person\/06f0d962a6b1c54852e4860f16935600\"},\"headline\":\"CBA (CBAV3) cria unidade de neg\u00f3cio para gerir ativos de gera\u00e7\u00e3o de energia\",\"datePublished\":\"2021-10-19T23:45:06+00:00\",\"mainEntityOfPage\":{\"@id\":\"https:\/\/www.suno.com.br\/noticias\/cba-cbav3-unidade-ativos-autogeracao-energia\/\"},\"wordCount\":368,\"publisher\":{\"@id\":\"https:\/\/www.suno.com.br\/noticias\/#organization\"},\"image\":{\"@id\":\"https:\/\/www.suno.com.br\/noticias\/cba-cbav3-unidade-ativos-autogeracao-energia\/#primaryimage\"},\"thumbnailUrl\":\"https:\/\/files.sunoresearch.com.br\/n\/uploads\/2021\/06\/0bd03f9f-banner-about-jpg.webp\",\"keywords\":[\"CBA (CBAV3)\",\"Votorantim\"],\"articleSection\":[\"Neg\u00f3cios\"],\"inLanguage\":\"pt-BR\"},{\"@type\":\"WebPage\",\"@id\":\"https:\/\/www.suno.com.br\/noticias\/cba-cbav3-unidade-ativos-autogeracao-energia\/\",\"url\":\"https:\/\/www.suno.com.br\/noticias\/cba-cbav3-unidade-ativos-autogeracao-energia\/\",\"name\":\"CBA (CBAV3) cria unidade de neg\u00f3cio para gerir ativos de gera\u00e7\u00e3o de energia\",\"isPartOf\":{\"@id\":\"https:\/\/www.suno.com.br\/noticias\/#website\"},\"primaryImageOfPage\":{\"@id\":\"https:\/\/www.suno.com.br\/noticias\/cba-cbav3-unidade-ativos-autogeracao-energia\/#primaryimage\"},\"image\":{\"@id\":\"https:\/\/www.suno.com.br\/noticias\/cba-cbav3-unidade-ativos-autogeracao-energia\/#primaryimage\"},\"thumbnailUrl\":\"https:\/\/files.sunoresearch.com.br\/n\/uploads\/2021\/06\/0bd03f9f-banner-about-jpg.webp\",\"datePublished\":\"2021-10-19T23:45:06+00:00\",\"description\":\"A CBA, Companhia Brasileira de Alum\u00ednio (CBAV3) informou hoje, por meio de comunicado aos seus acionistas e ao mercado em...Saiba mais\",\"breadcrumb\":{\"@id\":\"https:\/\/www.suno.com.br\/noticias\/cba-cbav3-unidade-ativos-autogeracao-energia\/#breadcrumb\"},\"inLanguage\":\"pt-BR\",\"potentialAction\":[{\"@type\":\"ReadAction\",\"target\":[\"https:\/\/www.suno.com.br\/noticias\/cba-cbav3-unidade-ativos-autogeracao-energia\/\"]}]},{\"@type\":\"ImageObject\",\"inLanguage\":\"pt-BR\",\"@id\":\"https:\/\/www.suno.com.br\/noticias\/cba-cbav3-unidade-ativos-autogeracao-energia\/#primaryimage\",\"url\":\"https:\/\/files.sunoresearch.com.br\/n\/uploads\/2021\/06\/0bd03f9f-banner-about-jpg.webp\",\"contentUrl\":\"https:\/\/files.sunoresearch.com.br\/n\/uploads\/2021\/06\/0bd03f9f-banner-about-jpg.webp\",\"width\":2182,\"height\":852,\"caption\":\"CBA conclui compra de fatia remanescente na Alux por R$ 98 milh\u00f5es. Foto: Divulga\u00e7\u00e3o.\"},{\"@type\":\"BreadcrumbList\",\"@id\":\"https:\/\/www.suno.com.br\/noticias\/cba-cbav3-unidade-ativos-autogeracao-energia\/#breadcrumb\",\"itemListElement\":[{\"@type\":\"ListItem\",\"position\":1,\"name\":\"Not\u00edcias\",\"item\":\"https:\/\/www.suno.com.br\/noticias\/\"},{\"@type\":\"ListItem\",\"position\":2,\"name\":\"Neg\u00f3cios\",\"item\":\"https:\/\/www.suno.com.br\/noticias\/negocios\/\"},{\"@type\":\"ListItem\",\"position\":3,\"name\":\"CBA (CBAV3) cria unidade de neg\u00f3cio para gerir ativos de gera\u00e7\u00e3o de energia\"}]},{\"@type\":\"WebSite\",\"@id\":\"https:\/\/www.suno.com.br\/noticias\/#website\",\"url\":\"https:\/\/www.suno.com.br\/noticias\/\",\"name\":\"Suno Not\u00edcias\",\"description\":\"Seu portal de informa\u00e7\u00e3o sobre o mundo dos investimentos\",\"publisher\":{\"@id\":\"https:\/\/www.suno.com.br\/noticias\/#organization\"},\"potentialAction\":[{\"@type\":\"SearchAction\",\"target\":{\"@type\":\"EntryPoint\",\"urlTemplate\":\"https:\/\/www.suno.com.br\/noticias\/?s={search_term_string}\"},\"query-input\":{\"@type\":\"PropertyValueSpecification\",\"valueRequired\":true,\"valueName\":\"search_term_string\"}}],\"inLanguage\":\"pt-BR\"},{\"@type\":\"Organization\",\"@id\":\"https:\/\/www.suno.com.br\/noticias\/#organization\",\"name\":\"Suno Not\u00edcias\",\"url\":\"https:\/\/www.suno.com.br\/noticias\/\",\"logo\":{\"@type\":\"ImageObject\",\"inLanguage\":\"pt-BR\",\"@id\":\"https:\/\/www.suno.com.br\/noticias\/#\/schema\/logo\/image\/\",\"url\":\"https:\/\/files.sunoresearch.com.br\/n\/uploads\/2021\/09\/suno-logo.png\",\"contentUrl\":\"https:\/\/files.sunoresearch.com.br\/n\/uploads\/2021\/09\/suno-logo.png\",\"width\":180,\"height\":180,\"caption\":\"Suno Not\u00edcias\"},\"image\":{\"@id\":\"https:\/\/www.suno.com.br\/noticias\/#\/schema\/logo\/image\/\"},\"sameAs\":[\"https:\/\/facebook.com\/sunoresearch\",\"https:\/\/x.com\/sunoresearch\",\"https:\/\/www.instagram.com\/suno\",\"https:\/\/www.linkedin.com\/company\/suno-research\/\",\"https:\/\/www.youtube.com\/c\/sunoresearch\"]},{\"@type\":\"Person\",\"@id\":\"https:\/\/www.suno.com.br\/noticias\/#\/schema\/person\/06f0d962a6b1c54852e4860f16935600\",\"name\":\"Bruno Galv\u00e3o\",\"image\":{\"@type\":\"ImageObject\",\"inLanguage\":\"pt-BR\",\"@id\":\"https:\/\/www.suno.com.br\/noticias\/#\/schema\/person\/image\/\",\"url\":\"https:\/\/secure.gravatar.com\/avatar\/53598df0b41c00f12f287a912d0e918e?s=96&r=g\",\"contentUrl\":\"https:\/\/secure.gravatar.com\/avatar\/53598df0b41c00f12f287a912d0e918e?s=96&r=g\",\"caption\":\"Bruno Galv\u00e3o\"},\"description\":\"Escreve para o portal Suno Not\u00edcias. \u00c9 estudante de Jornalismo pela Faculdade C\u00e1sper L\u00edbero e Letras pela USP. Entusiasta de tecnologia e intelig\u00eancia artificial.\",\"url\":\"https:\/\/www.suno.com.br\/noticias\/author\/bruno-garcia\/\"}]}<\/script>\n<!-- \/ Yoast SEO plugin. -->","yoast_head_json":{"title":"CBA (CBAV3) cria unidade de neg\u00f3cio para gerir ativos de gera\u00e7\u00e3o de energia","description":"A CBA, Companhia Brasileira de Alum\u00ednio (CBAV3) informou hoje, por meio de comunicado aos seus acionistas e ao mercado em...Saiba mais","robots":{"index":"index","follow":"follow","max-snippet":"max-snippet:-1","max-image-preview":"max-image-preview:large","max-video-preview":"max-video-preview:-1"},"canonical":"https:\/\/www.suno.com.br\/noticias\/cba-cbav3-unidade-ativos-autogeracao-energia\/","og_locale":"pt_BR","og_type":"article","og_title":"CBA (CBAV3) cria unidade de neg\u00f3cio para gerir ativos de gera\u00e7\u00e3o de energia","og_description":"A CBA, Companhia Brasileira de Alum\u00ednio (CBAV3) informou hoje, por meio de comunicado aos seus acionistas e ao mercado em...Saiba mais","og_url":"https:\/\/www.suno.com.br\/noticias\/cba-cbav3-unidade-ativos-autogeracao-energia\/","og_site_name":"Suno Not\u00edcias","article_publisher":"https:\/\/facebook.com\/sunoresearch","og_image":[{"width":2182,"height":852,"url":"https:\/\/files.sunoresearch.com.br\/n\/uploads\/2021\/06\/0bd03f9f-banner-about.jpg","type":"image\/jpeg"}],"author":"Bruno Galv\u00e3o","twitter_card":"summary_large_image","twitter_creator":"@sunoresearch","twitter_site":"@sunoresearch","twitter_misc":{"Escrito por":"Bruno Galv\u00e3o","Est. tempo de leitura":"2 minutos"},"schema":{"@context":"https:\/\/schema.org","@graph":[{"@type":"NewsArticle","@id":"https:\/\/www.suno.com.br\/noticias\/cba-cbav3-unidade-ativos-autogeracao-energia\/#article","isPartOf":{"@id":"https:\/\/www.suno.com.br\/noticias\/cba-cbav3-unidade-ativos-autogeracao-energia\/"},"author":{"name":"Bruno Galv\u00e3o","@id":"https:\/\/www.suno.com.br\/noticias\/#\/schema\/person\/06f0d962a6b1c54852e4860f16935600"},"headline":"CBA (CBAV3) cria unidade de neg\u00f3cio para gerir ativos de gera\u00e7\u00e3o de energia","datePublished":"2021-10-19T23:45:06+00:00","mainEntityOfPage":{"@id":"https:\/\/www.suno.com.br\/noticias\/cba-cbav3-unidade-ativos-autogeracao-energia\/"},"wordCount":368,"publisher":{"@id":"https:\/\/www.suno.com.br\/noticias\/#organization"},"image":{"@id":"https:\/\/www.suno.com.br\/noticias\/cba-cbav3-unidade-ativos-autogeracao-energia\/#primaryimage"},"thumbnailUrl":"https:\/\/files.sunoresearch.com.br\/n\/uploads\/2021\/06\/0bd03f9f-banner-about-jpg.webp","keywords":["CBA (CBAV3)","Votorantim"],"articleSection":["Neg\u00f3cios"],"inLanguage":"pt-BR"},{"@type":"WebPage","@id":"https:\/\/www.suno.com.br\/noticias\/cba-cbav3-unidade-ativos-autogeracao-energia\/","url":"https:\/\/www.suno.com.br\/noticias\/cba-cbav3-unidade-ativos-autogeracao-energia\/","name":"CBA (CBAV3) cria unidade de neg\u00f3cio para gerir ativos de gera\u00e7\u00e3o de energia","isPartOf":{"@id":"https:\/\/www.suno.com.br\/noticias\/#website"},"primaryImageOfPage":{"@id":"https:\/\/www.suno.com.br\/noticias\/cba-cbav3-unidade-ativos-autogeracao-energia\/#primaryimage"},"image":{"@id":"https:\/\/www.suno.com.br\/noticias\/cba-cbav3-unidade-ativos-autogeracao-energia\/#primaryimage"},"thumbnailUrl":"https:\/\/files.sunoresearch.com.br\/n\/uploads\/2021\/06\/0bd03f9f-banner-about-jpg.webp","datePublished":"2021-10-19T23:45:06+00:00","description":"A CBA, Companhia Brasileira de Alum\u00ednio (CBAV3) informou hoje, por meio de comunicado aos seus acionistas e ao mercado em...Saiba mais","breadcrumb":{"@id":"https:\/\/www.suno.com.br\/noticias\/cba-cbav3-unidade-ativos-autogeracao-energia\/#breadcrumb"},"inLanguage":"pt-BR","potentialAction":[{"@type":"ReadAction","target":["https:\/\/www.suno.com.br\/noticias\/cba-cbav3-unidade-ativos-autogeracao-energia\/"]}]},{"@type":"ImageObject","inLanguage":"pt-BR","@id":"https:\/\/www.suno.com.br\/noticias\/cba-cbav3-unidade-ativos-autogeracao-energia\/#primaryimage","url":"https:\/\/files.sunoresearch.com.br\/n\/uploads\/2021\/06\/0bd03f9f-banner-about-jpg.webp","contentUrl":"https:\/\/files.sunoresearch.com.br\/n\/uploads\/2021\/06\/0bd03f9f-banner-about-jpg.webp","width":2182,"height":852,"caption":"CBA conclui compra de fatia remanescente na Alux por R$ 98 milh\u00f5es. Foto: Divulga\u00e7\u00e3o."},{"@type":"BreadcrumbList","@id":"https:\/\/www.suno.com.br\/noticias\/cba-cbav3-unidade-ativos-autogeracao-energia\/#breadcrumb","itemListElement":[{"@type":"ListItem","position":1,"name":"Not\u00edcias","item":"https:\/\/www.suno.com.br\/noticias\/"},{"@type":"ListItem","position":2,"name":"Neg\u00f3cios","item":"https:\/\/www.suno.com.br\/noticias\/negocios\/"},{"@type":"ListItem","position":3,"name":"CBA (CBAV3) cria unidade de neg\u00f3cio para gerir ativos de gera\u00e7\u00e3o de energia"}]},{"@type":"WebSite","@id":"https:\/\/www.suno.com.br\/noticias\/#website","url":"https:\/\/www.suno.com.br\/noticias\/","name":"Suno Not\u00edcias","description":"Seu portal de informa\u00e7\u00e3o sobre o mundo dos investimentos","publisher":{"@id":"https:\/\/www.suno.com.br\/noticias\/#organization"},"potentialAction":[{"@type":"SearchAction","target":{"@type":"EntryPoint","urlTemplate":"https:\/\/www.suno.com.br\/noticias\/?s={search_term_string}"},"query-input":{"@type":"PropertyValueSpecification","valueRequired":true,"valueName":"search_term_string"}}],"inLanguage":"pt-BR"},{"@type":"Organization","@id":"https:\/\/www.suno.com.br\/noticias\/#organization","name":"Suno Not\u00edcias","url":"https:\/\/www.suno.com.br\/noticias\/","logo":{"@type":"ImageObject","inLanguage":"pt-BR","@id":"https:\/\/www.suno.com.br\/noticias\/#\/schema\/logo\/image\/","url":"https:\/\/files.sunoresearch.com.br\/n\/uploads\/2021\/09\/suno-logo.png","contentUrl":"https:\/\/files.sunoresearch.com.br\/n\/uploads\/2021\/09\/suno-logo.png","width":180,"height":180,"caption":"Suno Not\u00edcias"},"image":{"@id":"https:\/\/www.suno.com.br\/noticias\/#\/schema\/logo\/image\/"},"sameAs":["https:\/\/facebook.com\/sunoresearch","https:\/\/x.com\/sunoresearch","https:\/\/www.instagram.com\/suno","https:\/\/www.linkedin.com\/company\/suno-research\/","https:\/\/www.youtube.com\/c\/sunoresearch"]},{"@type":"Person","@id":"https:\/\/www.suno.com.br\/noticias\/#\/schema\/person\/06f0d962a6b1c54852e4860f16935600","name":"Bruno Galv\u00e3o","image":{"@type":"ImageObject","inLanguage":"pt-BR","@id":"https:\/\/www.suno.com.br\/noticias\/#\/schema\/person\/image\/","url":"https:\/\/secure.gravatar.com\/avatar\/53598df0b41c00f12f287a912d0e918e?s=96&r=g","contentUrl":"https:\/\/secure.gravatar.com\/avatar\/53598df0b41c00f12f287a912d0e918e?s=96&r=g","caption":"Bruno Galv\u00e3o"},"description":"Escreve para o portal Suno Not\u00edcias. \u00c9 estudante de Jornalismo pela Faculdade C\u00e1sper L\u00edbero e Letras pela USP. Entusiasta de tecnologia e intelig\u00eancia artificial.","url":"https:\/\/www.suno.com.br\/noticias\/author\/bruno-garcia\/"}]}},"default_loop_html":"<div class=\"cardsPage__listCard__boxs\"><div class=\"cardsPage__listCard__boxs__img\"><a href=\"https:\/\/www.suno.com.br\/noticias\/cba-cbav3-unidade-ativos-autogeracao-energia\/\"><img class=\"mask\" src=\"https:\/\/www.suno.com.br\/noticias\/wp-content\/themes\/suno\/resources\/images\/spotlight\/spotlight1img\/bg-mask.png\" alt=\"Image Mask\"\/><img src=\"https:\/\/files.sunoresearch.com.br\/n\/uploads\/2021\/06\/0bd03f9f-banner-about-400x200.webp\" alt=\"CBA (CBAV3) cria unidade de neg\u00f3cio para gerir ativos de gera\u00e7\u00e3o de energia\"\/><\/a><span class=\"spotlightCategory\"><a href=\"https:\/\/www.suno.com.br\/noticias\/negocios\/\">Neg\u00f3cios<\/a><\/span><\/div><div class=\"cardsPage__listCard__boxs__content\"><a href=\"https:\/\/www.suno.com.br\/noticias\/cba-cbav3-unidade-ativos-autogeracao-energia\/\"><h2 class=\"content__title\">CBA (CBAV3) cria unidade de neg\u00f3cio para gerir ativos de gera\u00e7\u00e3o de energia<\/h2><\/a><div class=\"newsContent__article__meta\"><div class=\"newsContent__article__meta__authorBox\"><a href=\"https:\/\/www.suno.com.br\/noticias\/author\/bruno-garcia\/\" class=\"authorBox__avatar noMobi\"><img src=\"https:\/\/secure.gravatar.com\/avatar\/53598df0b41c00f12f287a912d0e918e?s=96&#038;r=g\" alt=\"Bruno Galv\u00e3o\"><\/a><div class=\"authorBox__name\"><span>por\n\t\t\t<a href=\"https:\/\/www.suno.com.br\/noticias\/author\/bruno-garcia\/\"><span itemprop=\"author\">Bruno Galv\u00e3o<\/span><\/a><\/span><time datetime=\"2021-10-19T20:45:06-03:00\" itemprop=\"datePublished\">19\/10\/2021 20:45<\/time><\/div><\/div><\/div><\/div><\/div>","single_layout":"posts","amp_enabled":true,"_links":{"self":[{"href":"https:\/\/www.suno.com.br\/noticias\/wp-json\/wp\/v2\/posts\/195207"}],"collection":[{"href":"https:\/\/www.suno.com.br\/noticias\/wp-json\/wp\/v2\/posts"}],"about":[{"href":"https:\/\/www.suno.com.br\/noticias\/wp-json\/wp\/v2\/types\/post"}],"author":[{"embeddable":true,"href":"https:\/\/www.suno.com.br\/noticias\/wp-json\/wp\/v2\/users\/118"}],"replies":[{"embeddable":true,"href":"https:\/\/www.suno.com.br\/noticias\/wp-json\/wp\/v2\/comments?post=195207"}],"version-history":[{"count":3,"href":"https:\/\/www.suno.com.br\/noticias\/wp-json\/wp\/v2\/posts\/195207\/revisions"}],"predecessor-version":[{"id":195284,"href":"https:\/\/www.suno.com.br\/noticias\/wp-json\/wp\/v2\/posts\/195207\/revisions\/195284"}],"wp:featuredmedia":[{"embeddable":true,"href":"https:\/\/www.suno.com.br\/noticias\/wp-json\/wp\/v2\/media\/159908"}],"wp:attachment":[{"href":"https:\/\/www.suno.com.br\/noticias\/wp-json\/wp\/v2\/media?parent=195207"}],"wp:term":[{"taxonomy":"category","embeddable":true,"href":"https:\/\/www.suno.com.br\/noticias\/wp-json\/wp\/v2\/categories?post=195207"},{"taxonomy":"post_tag","embeddable":true,"href":"https:\/\/www.suno.com.br\/noticias\/wp-json\/wp\/v2\/tags?post=195207"},{"taxonomy":"suno_strategy","embeddable":true,"href":"https:\/\/www.suno.com.br\/noticias\/wp-json\/wp\/v2\/suno_strategy?post=195207"}],"curies":[{"name":"wp","href":"https:\/\/api.w.org\/{rel}","templated":true}]}}