{"id":195192,"date":"2021-10-19T19:11:58","date_gmt":"2021-10-19T22:11:58","guid":{"rendered":"https:\/\/www.suno.com.br\/noticias\/?p=195192"},"modified":"2021-10-19T19:57:31","modified_gmt":"2021-10-19T22:57:31","slug":"vale-vale3-producao-minerio-de-ferro-vendas-3t21","status":"publish","type":"post","link":"https:\/\/www.suno.com.br\/noticias\/vale-vale3-producao-minerio-de-ferro-vendas-3t21\/","title":{"rendered":"Vale (VALE3): produ\u00e7\u00e3o de min\u00e9rio de ferro sobe 18,1% no 3T21"},"content":{"rendered":"<p>A\u00a0 produ\u00e7\u00e3o de min\u00e9rio de ferro da <a class=\"suno-keyword\" href=\"https:\/\/www.suno.com.br\/acoes\/VALE3\/\" target=\"_blank\" rel=\"noopener\" data-force=\"yes\" data-priority=\"2\"><strong>Vale<\/strong> (VALE3)<\/a> totalizou 89,4 milh\u00f5es de toneladas no terceiro trimestre deste ano, o que equivale a um salto de 18,1% na compara\u00e7\u00e3o trimestral e de 0,8% na anual. A informa\u00e7\u00e3o foi divulgada nesta ter\u00e7a (19) pela mineradora em seu relat\u00f3rio trimestral de produ\u00e7\u00e3o e vendas.<\/p>\t<div class=\"wrapper-featured-image\">\n\t\t<figure class=\"spotlightImg\">\n\n\t\t\t<picture>\n\t\t\t\t<source media=\"(max-width: 768px)\" srcset=\"https:\/\/files.sunoresearch.com.br\/n\/uploads\/2021\/07\/86842de1-complexo-s11d-2-400x200.jpg\">\n\t\t\t\t<img loading=\"lazy\" decoding=\"async\" class=\"newsContent__article__imgCapa lazyloadDisabled \" src=\"https:\/\/files.sunoresearch.com.br\/n\/uploads\/2021\/07\/86842de1-complexo-s11d-2-800x450.jpg\" width=\"800\" height=\"450\" alt=\"Vale (VALE3): produ\u00e7\u00e3o de min\u00e9rio de ferro sobe 18,1% no 3T21\" fetchpriority=high \/>\n\t\t\t<\/picture>\n\n\t\t\t<figcaption class=\"wp-caption-text wp-caption-text--show\">Vale (VALE3). Foto: Divulga\u00e7\u00e3o.<\/figcaption>\n\t\t<\/figure>\n\t<\/div>\n\n\n\t<p>\n\t\t<a href=\"https:\/\/lp.suno.com.br\/planilha-controle-gastos\/\" target=\"_blank\" data-element=\"shortcode-suno-banner\" title=\"Banner SUNO, clique e saiba mais\">\n\t\t\t<picture>\n\t\t\t\t<source media=\"(max-width: 500px)\" srcset=\"https:\/\/files.sunoresearch.com.br\/n\/uploads\/2023\/03\/400x300-Planilha-controle-de-gastos.png\">\n\t\t\t\t<img class=\"newsContent__article__imgCapa newsContent__article__imgCapa--banner\"\n\t\t\t\t\tsrc=\"https:\/\/files.sunoresearch.com.br\/n\/uploads\/2023\/03\/1420x240-Planilha-controle-de-gastos.png\"\n\t\t\t\t\tdata-promo-id=\"101751\"\t\t\t\t\t\t\t\t\t\twidth='1420' height='240'\t\t\t\t\talt=\"https:\/\/files.sunoresearch.com.br\/n\/uploads\/2023\/03\/1420x240-Planilha-controle-de-gastos.png\"\n\t\t\t\t>\n\t\t\t<\/picture>\n\t\t<\/a>\n\t<\/p>\n\n\n<p>Segundo a Vale, o resultado foi impulsionado por:<\/p>\n<ul>\n<li>Melhora sazonal das condi\u00e7\u00f5es clim\u00e1ticas no Sistema Norte, aumentando o desempenho de Serra Norte e S11D;<\/li>\n<li>Aumento da produ\u00e7\u00e3o de Vargem Grande por processamento a seco com o ajuste do fluxo de uma de suas plantas de processamento a \u00famido;<\/li>\n<li>Melhor desempenho de Itabira com a melhora do run of mine (ROM) disponibilizado;<\/li>\n<li>Maior compra de terceiros<\/li>\n<li>F\u00e1brica atingindo sua capacidade total de 6 Mtpa, ap\u00f3s a retomada do processo de beneficiamento no segundo trimestre de 2021.<\/li>\n<\/ul>\n<p>A<strong> produ\u00e7\u00e3o de pelotas da Vale<\/strong> no trimestre alcan\u00e7ou 8,3 milh\u00f5es de toneladas, contra 8 milh\u00f5es de toneladas no trimestre anterior, o que representa um avan\u00e7o de 4,1%. J\u00e1 na compara\u00e7\u00e3o ano ano, a queda \u00e9 de 2,6%.<\/p>\n\t<p>\n\t\t<a href=\"https:\/\/lp.suno.com.br\/planilha-da-vida-financeira\/\" target=\"_blank\" data-element=\"shortcode-suno-banner\" title=\"Banner SUNO, clique e saiba mais\">\n\t\t\t<picture>\n\t\t\t\t<source media=\"(max-width: 500px)\" srcset=\"https:\/\/files.sunoresearch.com.br\/n\/uploads\/2023\/04\/400x300-Planilha-vida-financeira-true.png\">\n\t\t\t\t<img class=\"newsContent__article__imgCapa newsContent__article__imgCapa--banner\"\n\t\t\t\t\tsrc=\"https:\/\/files.sunoresearch.com.br\/n\/uploads\/2023\/04\/1420x240-Planilha-vida-financeira-true.png\"\n\t\t\t\t\tdata-promo-id=\"106682\"\t\t\t\t\t\t\t\t\t\twidth='1420' height='240'\t\t\t\t\talt=\"https:\/\/files.sunoresearch.com.br\/n\/uploads\/2023\/04\/1420x240-Planilha-vida-financeira-true.png\"\n\t\t\t\t>\n\t\t\t<\/picture>\n\t\t<\/a>\n\t<\/p>\n\n\n<p>Somados, os finos de min\u00e9rio e pelotas atingiram 75,9 milh\u00f5es de toneladas de vendas no terceiro trimestre, resultado tratado como &#8220;em linha&#8221; pela Vale frente aos tr\u00eas meses imediatamente anteriores.<\/p>\n<p>O pr\u00eamio do min\u00e9rio de ferro foi de US$ 6,6 por tonelada, o que representa US$ 1,8 abaixo do verificado no segundo trimestre deste ano. Segundo a empresa, o motivo foram os menores pr\u00eamios pagos a min\u00e9rios de baixo teor de alumina, como o BraziliaN Blend Fines (BRBF) da Vale. Outro motivo \u00e9 a menor contribui\u00e7\u00e3o do neg\u00f3cio de pelotas.<\/p>\n<p>J\u00e1 a produ\u00e7\u00e3o de<strong> min\u00e9rio de mangan\u00eas<\/strong> chegou a 108 mil toneladas entre julho e setembro, enquanto no mesmo per\u00edodo de 2020 somava 109 mil toneladas.<\/p>\n<p>A produ\u00e7\u00e3o de <strong>carv\u00e3o<\/strong> passou de 1,402 milh\u00e3o de toneladas ao final de setembro de 2020, para 2,497 milh\u00f5es de toneladas no terceiro trimestre desse ano, um salto de 78,1%.<\/p>\n<p>A de <strong>n\u00edquel<\/strong> caiu 21,8% na compara\u00e7\u00e3o ano a ano, e somou 30,2 mil toneladas durante julho e setembro desse ano. Ao mesmo tempo, a produ\u00e7\u00e3o de cobre caiu 21%, para 69,2 mil toneladas.<\/p>\n\t<p>\n\t\t<a href=\"https:\/\/lp.suno.com.br\/ebook-como-analisar-uma-acao\/\" target=\"_blank\" data-element=\"shortcode-suno-banner\" title=\"Banner SUNO, clique e saiba mais\">\n\t\t\t<picture>\n\t\t\t\t<source media=\"(max-width: 500px)\" srcset=\"https:\/\/files.sunoresearch.com.br\/n\/uploads\/2023\/03\/Ebook-Acoes-Mobile-1.jpg\">\n\t\t\t\t<img class=\"newsContent__article__imgCapa newsContent__article__imgCapa--banner\"\n\t\t\t\t\tsrc=\"https:\/\/files.sunoresearch.com.br\/n\/uploads\/2023\/03\/Ebook-Acoes-Desktop-1.jpg\"\n\t\t\t\t\tdata-promo-id=\"171998\"\t\t\t\t\t\t\t\t\t\twidth='1420' height='286'\t\t\t\t\talt=\"https:\/\/files.sunoresearch.com.br\/n\/uploads\/2023\/03\/Ebook-Acoes-Desktop-1.jpg\"\n\t\t\t\t>\n\t\t\t<\/picture>\n\t\t<\/a>\n\t<\/p>\n\n\n<h2>Produ\u00e7\u00e3o de cobre cai na compara\u00e7\u00e3o trimestral<\/h2>\n<p>A Vale\u00a0 informou ainda que a produ\u00e7\u00e3o de n\u00edquel acabado foi de 3 27,2% inferior ao segundo trimestre deste ano, &#8220;principalmente devido \u00e0 paralisa\u00e7\u00e3o dos funcion\u00e1rios em Sudbury, que interromperam as opera\u00e7\u00f5es por 70 dias, dos quais 40 dias no 3T21, com um impacto de 11 kt na produ\u00e7\u00e3o de n\u00edquel acabado no trimestre. Al\u00e9m disso, On\u00e7a Puma passou por uma manuten\u00e7\u00e3o prolongada durante o 3T21, com a retomada da produ\u00e7\u00e3o no final de setembro.&#8221;<\/p>\n<p>Em rela\u00e7\u00e3o \u00e0 produ\u00e7\u00e3o de cobre, a mineradora apontou que foi 5,7% menor em compara\u00e7\u00e3o ao segundo trimestre, &#8220;principalmente devido \u00e0 paralisa\u00e7\u00e3o dos trabalhadores em Sudbury, que afetou a produ\u00e7\u00e3o total de cobre em 16kt no trimestre. Isto foi parcialmente compensado por um desempenho mais robusto em Sossego, uma vez que a disponibilidade da planta aumentou no trimestre ap\u00f3s a conclus\u00e3o da manuten\u00e7\u00e3o programada no 2T21.&#8221;<\/p>\n<p>Al\u00e9m disso, a companhia falou sobre suas expectativas de produ\u00e7\u00e3o para esse ano. A Vale espera produzir de 45 mil toneladas a 50 mil toneladas de n\u00edquel e cerca de 75 a 80 mil toneladas de cobre no quarto trimestre. Esses n\u00fameros resultariam em uma produ\u00e7\u00e3o de aproximadamente 170 mil toneladas de n\u00edquel e 300 mil toneladas de cobre para o ano.<\/p>\n<p>Para o min\u00e9rio de ferro, a previs\u00e3o \u00e9 para uma produ\u00e7\u00e3o entre 315 milh\u00f5es a 335 milh\u00f5es de toneladas para o final do ano.<\/p>\n<h2>Vendas de min\u00e9rio de ferro da Vale crescem 3,2%<\/h2>\n<p>Em rela\u00e7\u00e3o \u00e0s vendas, a Vale apontou que as de min\u00e9rio de ferro cresceram 3,2% na compara\u00e7\u00e3o anual para 67,844 milh\u00f5es de toneladas ao final do terceiro trimestre.<\/p>\n<p>J\u00e1 as vendas de carv\u00e3o saltaram 91,9% em rela\u00e7\u00e3o ao terceiro trimestre do ano passado, para 2,640 mil toneladas ao final de setembro desse ano.<\/p>\n\t<p>\n\t\t<a href=\"https:\/\/lp.suno.com.br\/planilha-de-controle-de-investimentos\/\" target=\"_blank\" data-element=\"shortcode-suno-banner\" title=\"Banner SUNO, clique e saiba mais\">\n\t\t\t<picture>\n\t\t\t\t<source media=\"(max-width: 500px)\" srcset=\"https:\/\/files.sunoresearch.com.br\/n\/uploads\/2023\/03\/400x300-Controle-de-Investimentos.png\">\n\t\t\t\t<img class=\"newsContent__article__imgCapa newsContent__article__imgCapa--banner\"\n\t\t\t\t\tsrc=\"https:\/\/files.sunoresearch.com.br\/n\/uploads\/2023\/03\/1420x240-Controle-de-Investimentos.png\"\n\t\t\t\t\tdata-promo-id=\"75934\"\t\t\t\t\t\t\t\t\t\twidth='1420' height='240'\t\t\t\t\talt=\"https:\/\/files.sunoresearch.com.br\/n\/uploads\/2023\/03\/1420x240-Controle-de-Investimentos.png\"\n\t\t\t\t>\n\t\t\t<\/picture>\n\t\t<\/a>\n\t<\/p>\n\n\n<p>Por outro lado, as vendas de min\u00e9rio de mangan\u00eas da <strong>Vale<\/strong> ca\u00edram 74,1% na mesma base comparativa, para 111 mil toneladas m\u00e9tricas.<\/p>\n<p>As vendas de cobre somaram 65,4 mil toneladas ao final de setembro, ante 80,6 mil toneladas vendidas um ano antes, o que representa uma queda de 18,9%.<\/p>\n<p>A Vale vendeu 41,8 mil toneladas de n\u00edquel no terceiro trimestre desse ano, resultado 16,7% menor do que o anotado no terceiro trimestre de 2020.<\/p>\n<h2>Cota\u00e7\u00e3o da VALE3<\/h2>\n<p>A<strong> a\u00e7\u00e3o da Vale (VALE3)<\/strong> encerrou o preg\u00e3o de hoje em queda de 1,15%, valendo R$ 79,00 antes da divulga\u00e7\u00e3o do relat\u00f3rio.<\/p>\n<p>No ano, o papel da mineradora acumula uma queda de 9,66%, frente ao fechamento a R$ 87,45 ao final de dezembro de 2020.<\/p>\n\t<p>\n\t\t<a href=\"\" target=\"_blank\" data-element=\"shortcode-suno-banner\" title=\"Banner SUNO, clique e saiba mais\">\n\t\t\t<picture>\n\t\t\t\t<source media=\"(max-width: 500px)\" srcset=\"\">\n\t\t\t\t<img class=\"newsContent__article__imgCapa newsContent__article__imgCapa--banner\"\n\t\t\t\t\tsrc=\"\"\n\t\t\t\t\tdata-promo-id=\"184190\"\t\t\t\t\t\t\t\t\t\t\t\t\t\t\talt=\"\"\n\t\t\t\t>\n\t\t\t<\/picture>\n\t\t<\/a>\n\t<\/p>\n\n\n<p><em>(Com Estad\u00e3o Conte\u00fado)<\/em><\/p>\n","protected":false},"excerpt":{"rendered":"<p>A\u00a0 produ\u00e7\u00e3o de min\u00e9rio de ferro da Vale (VALE3) totalizou 89,4 milh\u00f5es de toneladas no terceiro trimestre deste ano, o que equivale a um salto de 18,1% na compara\u00e7\u00e3o trimestral e de 0,8% na anual. A informa\u00e7\u00e3o foi divulgada nesta ter\u00e7a (19) pela mineradora em seu relat\u00f3rio trimestral de produ\u00e7\u00e3o e vendas. Vale (VALE3). Foto: [&hellip;]<\/p>\n","protected":false},"author":39,"featured_media":168040,"comment_status":"closed","ping_status":"closed","sticky":false,"template":"","format":"standard","meta":[],"categories":[64],"tags":[676],"suno_strategy":[],"class_list":["post-195192","post","type-post","status-publish","format-standard","has-post-thumbnail","hentry","category-negocios","tag-vale-vale3"],"yoast_head":"<!-- This site is optimized with the Yoast SEO plugin v24.4 - https:\/\/yoast.com\/wordpress\/plugins\/seo\/ -->\n<title>Vale (VALE3): produ\u00e7\u00e3o de min\u00e9rio de ferro sobe 18,1% no 3T21<\/title>\n<meta name=\"description\" content=\"A Vale divulgou nessa ter\u00e7a-feira (19) seu relat\u00f3rio de produ\u00e7\u00e3o e vendas no terceiro trimestre desse ano. Clique e saiba mais!\" \/>\n<meta name=\"robots\" content=\"index, follow, max-snippet:-1, max-image-preview:large, max-video-preview:-1\" \/>\n<link rel=\"canonical\" href=\"https:\/\/www.suno.com.br\/noticias\/vale-vale3-producao-minerio-de-ferro-vendas-3t21\/\" \/>\n<meta property=\"og:locale\" content=\"pt_BR\" \/>\n<meta property=\"og:type\" content=\"article\" \/>\n<meta property=\"og:title\" content=\"Vale (VALE3): produ\u00e7\u00e3o de min\u00e9rio de ferro sobe 18,1% no 3T21\" \/>\n<meta property=\"og:description\" content=\"A Vale divulgou nessa ter\u00e7a-feira (19) seu relat\u00f3rio de produ\u00e7\u00e3o e vendas no terceiro trimestre desse ano. Clique e saiba mais!\" \/>\n<meta property=\"og:url\" content=\"https:\/\/www.suno.com.br\/noticias\/vale-vale3-producao-minerio-de-ferro-vendas-3t21\/\" \/>\n<meta property=\"og:site_name\" content=\"Suno Not\u00edcias\" \/>\n<meta property=\"article:publisher\" content=\"https:\/\/facebook.com\/sunoresearch\" \/>\n<meta property=\"og:image\" content=\"https:\/\/files.sunoresearch.com.br\/n\/uploads\/2021\/07\/86842de1-complexo-s11d-2.jpg\" \/>\n\t<meta property=\"og:image:width\" content=\"1200\" \/>\n\t<meta property=\"og:image:height\" content=\"800\" \/>\n\t<meta property=\"og:image:type\" content=\"image\/jpeg\" \/>\n<meta name=\"author\" content=\"Laura Moutinho\" \/>\n<meta name=\"twitter:card\" content=\"summary_large_image\" \/>\n<meta name=\"twitter:creator\" content=\"@sunoresearch\" \/>\n<meta name=\"twitter:site\" content=\"@sunoresearch\" \/>\n<meta name=\"twitter:label1\" content=\"Escrito por\" \/>\n\t<meta name=\"twitter:data1\" content=\"Laura Moutinho\" \/>\n\t<meta name=\"twitter:label2\" content=\"Est. tempo de leitura\" \/>\n\t<meta name=\"twitter:data2\" content=\"4 minutos\" \/>\n<script type=\"application\/ld+json\" class=\"yoast-schema-graph\">{\"@context\":\"https:\/\/schema.org\",\"@graph\":[{\"@type\":\"NewsArticle\",\"@id\":\"https:\/\/www.suno.com.br\/noticias\/vale-vale3-producao-minerio-de-ferro-vendas-3t21\/#article\",\"isPartOf\":{\"@id\":\"https:\/\/www.suno.com.br\/noticias\/vale-vale3-producao-minerio-de-ferro-vendas-3t21\/\"},\"author\":{\"name\":\"Laura Moutinho\",\"@id\":\"https:\/\/www.suno.com.br\/noticias\/#\/schema\/person\/3df0d2808748b74496efe5dbeaef2c72\"},\"headline\":\"Vale (VALE3): produ\u00e7\u00e3o de min\u00e9rio de ferro sobe 18,1% no 3T21\",\"datePublished\":\"2021-10-19T22:11:58+00:00\",\"dateModified\":\"2021-10-19T22:57:31+00:00\",\"mainEntityOfPage\":{\"@id\":\"https:\/\/www.suno.com.br\/noticias\/vale-vale3-producao-minerio-de-ferro-vendas-3t21\/\"},\"wordCount\":832,\"publisher\":{\"@id\":\"https:\/\/www.suno.com.br\/noticias\/#organization\"},\"image\":{\"@id\":\"https:\/\/www.suno.com.br\/noticias\/vale-vale3-producao-minerio-de-ferro-vendas-3t21\/#primaryimage\"},\"thumbnailUrl\":\"https:\/\/files.sunoresearch.com.br\/n\/uploads\/2021\/07\/86842de1-complexo-s11d-2.jpg\",\"keywords\":[\"Vale (VALE3)\"],\"articleSection\":[\"Neg\u00f3cios\"],\"inLanguage\":\"pt-BR\"},{\"@type\":\"WebPage\",\"@id\":\"https:\/\/www.suno.com.br\/noticias\/vale-vale3-producao-minerio-de-ferro-vendas-3t21\/\",\"url\":\"https:\/\/www.suno.com.br\/noticias\/vale-vale3-producao-minerio-de-ferro-vendas-3t21\/\",\"name\":\"Vale (VALE3): produ\u00e7\u00e3o de min\u00e9rio de ferro sobe 18,1% no 3T21\",\"isPartOf\":{\"@id\":\"https:\/\/www.suno.com.br\/noticias\/#website\"},\"primaryImageOfPage\":{\"@id\":\"https:\/\/www.suno.com.br\/noticias\/vale-vale3-producao-minerio-de-ferro-vendas-3t21\/#primaryimage\"},\"image\":{\"@id\":\"https:\/\/www.suno.com.br\/noticias\/vale-vale3-producao-minerio-de-ferro-vendas-3t21\/#primaryimage\"},\"thumbnailUrl\":\"https:\/\/files.sunoresearch.com.br\/n\/uploads\/2021\/07\/86842de1-complexo-s11d-2.jpg\",\"datePublished\":\"2021-10-19T22:11:58+00:00\",\"dateModified\":\"2021-10-19T22:57:31+00:00\",\"description\":\"A Vale divulgou nessa ter\u00e7a-feira (19) seu relat\u00f3rio de produ\u00e7\u00e3o e vendas no terceiro trimestre desse ano. Clique e saiba mais!\",\"breadcrumb\":{\"@id\":\"https:\/\/www.suno.com.br\/noticias\/vale-vale3-producao-minerio-de-ferro-vendas-3t21\/#breadcrumb\"},\"inLanguage\":\"pt-BR\",\"potentialAction\":[{\"@type\":\"ReadAction\",\"target\":[\"https:\/\/www.suno.com.br\/noticias\/vale-vale3-producao-minerio-de-ferro-vendas-3t21\/\"]}]},{\"@type\":\"ImageObject\",\"inLanguage\":\"pt-BR\",\"@id\":\"https:\/\/www.suno.com.br\/noticias\/vale-vale3-producao-minerio-de-ferro-vendas-3t21\/#primaryimage\",\"url\":\"https:\/\/files.sunoresearch.com.br\/n\/uploads\/2021\/07\/86842de1-complexo-s11d-2.jpg\",\"contentUrl\":\"https:\/\/files.sunoresearch.com.br\/n\/uploads\/2021\/07\/86842de1-complexo-s11d-2.jpg\",\"width\":1200,\"height\":800,\"caption\":\"Vale (VALE3). Foto: Divulga\u00e7\u00e3o.\"},{\"@type\":\"BreadcrumbList\",\"@id\":\"https:\/\/www.suno.com.br\/noticias\/vale-vale3-producao-minerio-de-ferro-vendas-3t21\/#breadcrumb\",\"itemListElement\":[{\"@type\":\"ListItem\",\"position\":1,\"name\":\"Not\u00edcias\",\"item\":\"https:\/\/www.suno.com.br\/noticias\/\"},{\"@type\":\"ListItem\",\"position\":2,\"name\":\"Neg\u00f3cios\",\"item\":\"https:\/\/www.suno.com.br\/noticias\/negocios\/\"},{\"@type\":\"ListItem\",\"position\":3,\"name\":\"Vale (VALE3): produ\u00e7\u00e3o de min\u00e9rio de ferro sobe 18,1% no 3T21\"}]},{\"@type\":\"WebSite\",\"@id\":\"https:\/\/www.suno.com.br\/noticias\/#website\",\"url\":\"https:\/\/www.suno.com.br\/noticias\/\",\"name\":\"Suno Not\u00edcias\",\"description\":\"Seu portal de informa\u00e7\u00e3o sobre o mundo dos investimentos\",\"publisher\":{\"@id\":\"https:\/\/www.suno.com.br\/noticias\/#organization\"},\"potentialAction\":[{\"@type\":\"SearchAction\",\"target\":{\"@type\":\"EntryPoint\",\"urlTemplate\":\"https:\/\/www.suno.com.br\/noticias\/?s={search_term_string}\"},\"query-input\":{\"@type\":\"PropertyValueSpecification\",\"valueRequired\":true,\"valueName\":\"search_term_string\"}}],\"inLanguage\":\"pt-BR\"},{\"@type\":\"Organization\",\"@id\":\"https:\/\/www.suno.com.br\/noticias\/#organization\",\"name\":\"Suno Not\u00edcias\",\"url\":\"https:\/\/www.suno.com.br\/noticias\/\",\"logo\":{\"@type\":\"ImageObject\",\"inLanguage\":\"pt-BR\",\"@id\":\"https:\/\/www.suno.com.br\/noticias\/#\/schema\/logo\/image\/\",\"url\":\"https:\/\/files.sunoresearch.com.br\/n\/uploads\/2021\/09\/suno-logo.png\",\"contentUrl\":\"https:\/\/files.sunoresearch.com.br\/n\/uploads\/2021\/09\/suno-logo.png\",\"width\":180,\"height\":180,\"caption\":\"Suno Not\u00edcias\"},\"image\":{\"@id\":\"https:\/\/www.suno.com.br\/noticias\/#\/schema\/logo\/image\/\"},\"sameAs\":[\"https:\/\/facebook.com\/sunoresearch\",\"https:\/\/x.com\/sunoresearch\",\"https:\/\/www.instagram.com\/suno\",\"https:\/\/www.linkedin.com\/company\/suno-research\/\",\"https:\/\/www.youtube.com\/c\/sunoresearch\"]},{\"@type\":\"Person\",\"@id\":\"https:\/\/www.suno.com.br\/noticias\/#\/schema\/person\/3df0d2808748b74496efe5dbeaef2c72\",\"name\":\"Laura Moutinho\",\"image\":{\"@type\":\"ImageObject\",\"inLanguage\":\"pt-BR\",\"@id\":\"https:\/\/www.suno.com.br\/noticias\/#\/schema\/person\/image\/\",\"url\":\"https:\/\/secure.gravatar.com\/avatar\/7571c7c8ca3a6fca5e41384ece5557ff?s=96&r=g\",\"contentUrl\":\"https:\/\/secure.gravatar.com\/avatar\/7571c7c8ca3a6fca5e41384ece5557ff?s=96&r=g\",\"caption\":\"Laura Moutinho\"},\"description\":\"Estagi\u00e1ria na Suno Not\u00edcias, escreve not\u00edcias que afetam o mercado financeiro. Estuda administra\u00e7\u00e3o na Universidade Presbiteriana Mackenzie.\",\"url\":\"https:\/\/www.suno.com.br\/noticias\/author\/laura-moutinho\/\"}]}<\/script>\n<!-- \/ Yoast SEO plugin. -->","yoast_head_json":{"title":"Vale (VALE3): produ\u00e7\u00e3o de min\u00e9rio de ferro sobe 18,1% no 3T21","description":"A Vale divulgou nessa ter\u00e7a-feira (19) seu relat\u00f3rio de produ\u00e7\u00e3o e vendas no terceiro trimestre desse ano. Clique e saiba mais!","robots":{"index":"index","follow":"follow","max-snippet":"max-snippet:-1","max-image-preview":"max-image-preview:large","max-video-preview":"max-video-preview:-1"},"canonical":"https:\/\/www.suno.com.br\/noticias\/vale-vale3-producao-minerio-de-ferro-vendas-3t21\/","og_locale":"pt_BR","og_type":"article","og_title":"Vale (VALE3): produ\u00e7\u00e3o de min\u00e9rio de ferro sobe 18,1% no 3T21","og_description":"A Vale divulgou nessa ter\u00e7a-feira (19) seu relat\u00f3rio de produ\u00e7\u00e3o e vendas no terceiro trimestre desse ano. Clique e saiba mais!","og_url":"https:\/\/www.suno.com.br\/noticias\/vale-vale3-producao-minerio-de-ferro-vendas-3t21\/","og_site_name":"Suno Not\u00edcias","article_publisher":"https:\/\/facebook.com\/sunoresearch","og_image":[{"width":1200,"height":800,"url":"https:\/\/files.sunoresearch.com.br\/n\/uploads\/2021\/07\/86842de1-complexo-s11d-2.jpg","type":"image\/jpeg"}],"author":"Laura Moutinho","twitter_card":"summary_large_image","twitter_creator":"@sunoresearch","twitter_site":"@sunoresearch","twitter_misc":{"Escrito por":"Laura Moutinho","Est. tempo de leitura":"4 minutos"},"schema":{"@context":"https:\/\/schema.org","@graph":[{"@type":"NewsArticle","@id":"https:\/\/www.suno.com.br\/noticias\/vale-vale3-producao-minerio-de-ferro-vendas-3t21\/#article","isPartOf":{"@id":"https:\/\/www.suno.com.br\/noticias\/vale-vale3-producao-minerio-de-ferro-vendas-3t21\/"},"author":{"name":"Laura Moutinho","@id":"https:\/\/www.suno.com.br\/noticias\/#\/schema\/person\/3df0d2808748b74496efe5dbeaef2c72"},"headline":"Vale (VALE3): produ\u00e7\u00e3o de min\u00e9rio de ferro sobe 18,1% no 3T21","datePublished":"2021-10-19T22:11:58+00:00","dateModified":"2021-10-19T22:57:31+00:00","mainEntityOfPage":{"@id":"https:\/\/www.suno.com.br\/noticias\/vale-vale3-producao-minerio-de-ferro-vendas-3t21\/"},"wordCount":832,"publisher":{"@id":"https:\/\/www.suno.com.br\/noticias\/#organization"},"image":{"@id":"https:\/\/www.suno.com.br\/noticias\/vale-vale3-producao-minerio-de-ferro-vendas-3t21\/#primaryimage"},"thumbnailUrl":"https:\/\/files.sunoresearch.com.br\/n\/uploads\/2021\/07\/86842de1-complexo-s11d-2.jpg","keywords":["Vale (VALE3)"],"articleSection":["Neg\u00f3cios"],"inLanguage":"pt-BR"},{"@type":"WebPage","@id":"https:\/\/www.suno.com.br\/noticias\/vale-vale3-producao-minerio-de-ferro-vendas-3t21\/","url":"https:\/\/www.suno.com.br\/noticias\/vale-vale3-producao-minerio-de-ferro-vendas-3t21\/","name":"Vale (VALE3): produ\u00e7\u00e3o de min\u00e9rio de ferro sobe 18,1% no 3T21","isPartOf":{"@id":"https:\/\/www.suno.com.br\/noticias\/#website"},"primaryImageOfPage":{"@id":"https:\/\/www.suno.com.br\/noticias\/vale-vale3-producao-minerio-de-ferro-vendas-3t21\/#primaryimage"},"image":{"@id":"https:\/\/www.suno.com.br\/noticias\/vale-vale3-producao-minerio-de-ferro-vendas-3t21\/#primaryimage"},"thumbnailUrl":"https:\/\/files.sunoresearch.com.br\/n\/uploads\/2021\/07\/86842de1-complexo-s11d-2.jpg","datePublished":"2021-10-19T22:11:58+00:00","dateModified":"2021-10-19T22:57:31+00:00","description":"A Vale divulgou nessa ter\u00e7a-feira (19) seu relat\u00f3rio de produ\u00e7\u00e3o e vendas no terceiro trimestre desse ano. Clique e saiba mais!","breadcrumb":{"@id":"https:\/\/www.suno.com.br\/noticias\/vale-vale3-producao-minerio-de-ferro-vendas-3t21\/#breadcrumb"},"inLanguage":"pt-BR","potentialAction":[{"@type":"ReadAction","target":["https:\/\/www.suno.com.br\/noticias\/vale-vale3-producao-minerio-de-ferro-vendas-3t21\/"]}]},{"@type":"ImageObject","inLanguage":"pt-BR","@id":"https:\/\/www.suno.com.br\/noticias\/vale-vale3-producao-minerio-de-ferro-vendas-3t21\/#primaryimage","url":"https:\/\/files.sunoresearch.com.br\/n\/uploads\/2021\/07\/86842de1-complexo-s11d-2.jpg","contentUrl":"https:\/\/files.sunoresearch.com.br\/n\/uploads\/2021\/07\/86842de1-complexo-s11d-2.jpg","width":1200,"height":800,"caption":"Vale (VALE3). Foto: Divulga\u00e7\u00e3o."},{"@type":"BreadcrumbList","@id":"https:\/\/www.suno.com.br\/noticias\/vale-vale3-producao-minerio-de-ferro-vendas-3t21\/#breadcrumb","itemListElement":[{"@type":"ListItem","position":1,"name":"Not\u00edcias","item":"https:\/\/www.suno.com.br\/noticias\/"},{"@type":"ListItem","position":2,"name":"Neg\u00f3cios","item":"https:\/\/www.suno.com.br\/noticias\/negocios\/"},{"@type":"ListItem","position":3,"name":"Vale (VALE3): produ\u00e7\u00e3o de min\u00e9rio de ferro sobe 18,1% no 3T21"}]},{"@type":"WebSite","@id":"https:\/\/www.suno.com.br\/noticias\/#website","url":"https:\/\/www.suno.com.br\/noticias\/","name":"Suno Not\u00edcias","description":"Seu portal de informa\u00e7\u00e3o sobre o mundo dos investimentos","publisher":{"@id":"https:\/\/www.suno.com.br\/noticias\/#organization"},"potentialAction":[{"@type":"SearchAction","target":{"@type":"EntryPoint","urlTemplate":"https:\/\/www.suno.com.br\/noticias\/?s={search_term_string}"},"query-input":{"@type":"PropertyValueSpecification","valueRequired":true,"valueName":"search_term_string"}}],"inLanguage":"pt-BR"},{"@type":"Organization","@id":"https:\/\/www.suno.com.br\/noticias\/#organization","name":"Suno Not\u00edcias","url":"https:\/\/www.suno.com.br\/noticias\/","logo":{"@type":"ImageObject","inLanguage":"pt-BR","@id":"https:\/\/www.suno.com.br\/noticias\/#\/schema\/logo\/image\/","url":"https:\/\/files.sunoresearch.com.br\/n\/uploads\/2021\/09\/suno-logo.png","contentUrl":"https:\/\/files.sunoresearch.com.br\/n\/uploads\/2021\/09\/suno-logo.png","width":180,"height":180,"caption":"Suno Not\u00edcias"},"image":{"@id":"https:\/\/www.suno.com.br\/noticias\/#\/schema\/logo\/image\/"},"sameAs":["https:\/\/facebook.com\/sunoresearch","https:\/\/x.com\/sunoresearch","https:\/\/www.instagram.com\/suno","https:\/\/www.linkedin.com\/company\/suno-research\/","https:\/\/www.youtube.com\/c\/sunoresearch"]},{"@type":"Person","@id":"https:\/\/www.suno.com.br\/noticias\/#\/schema\/person\/3df0d2808748b74496efe5dbeaef2c72","name":"Laura Moutinho","image":{"@type":"ImageObject","inLanguage":"pt-BR","@id":"https:\/\/www.suno.com.br\/noticias\/#\/schema\/person\/image\/","url":"https:\/\/secure.gravatar.com\/avatar\/7571c7c8ca3a6fca5e41384ece5557ff?s=96&r=g","contentUrl":"https:\/\/secure.gravatar.com\/avatar\/7571c7c8ca3a6fca5e41384ece5557ff?s=96&r=g","caption":"Laura Moutinho"},"description":"Estagi\u00e1ria na Suno Not\u00edcias, escreve not\u00edcias que afetam o mercado financeiro. Estuda administra\u00e7\u00e3o na Universidade Presbiteriana Mackenzie.","url":"https:\/\/www.suno.com.br\/noticias\/author\/laura-moutinho\/"}]}},"default_loop_html":"<div class=\"cardsPage__listCard__boxs\"><div class=\"cardsPage__listCard__boxs__img\"><a href=\"https:\/\/www.suno.com.br\/noticias\/vale-vale3-producao-minerio-de-ferro-vendas-3t21\/\"><img class=\"mask\" src=\"https:\/\/www.suno.com.br\/noticias\/wp-content\/themes\/suno\/resources\/images\/spotlight\/spotlight1img\/bg-mask.png\" alt=\"Image Mask\"\/><img src=\"https:\/\/files.sunoresearch.com.br\/n\/uploads\/2021\/07\/86842de1-complexo-s11d-2-400x200.jpg\" alt=\"Vale (VALE3): produ\u00e7\u00e3o de min\u00e9rio de ferro sobe 18,1% no 3T21\"\/><\/a><span class=\"spotlightCategory\"><a href=\"https:\/\/www.suno.com.br\/noticias\/negocios\/\">Neg\u00f3cios<\/a><\/span><\/div><div class=\"cardsPage__listCard__boxs__content\"><a href=\"https:\/\/www.suno.com.br\/noticias\/vale-vale3-producao-minerio-de-ferro-vendas-3t21\/\"><h2 class=\"content__title\">Vale (VALE3): produ\u00e7\u00e3o de min\u00e9rio de ferro sobe 18,1% no 3T21<\/h2><\/a><div class=\"newsContent__article__meta\"><div class=\"newsContent__article__meta__authorBox\"><a href=\"https:\/\/www.suno.com.br\/noticias\/author\/laura-moutinho\/\" class=\"authorBox__avatar noMobi\"><img src=\"https:\/\/files.sunoresearch.com.br\/n\/uploads\/2020\/08\/531ff69d-whatsapp-image-2020-08-03-at-14.54.38-150x150.webp\" alt=\"Laura Moutinho\"><\/a><div class=\"authorBox__name\"><span>por\n\t\t\t<a href=\"https:\/\/www.suno.com.br\/noticias\/author\/laura-moutinho\/\"><span itemprop=\"author\">Laura Moutinho<\/span><\/a><\/span><time datetime=\"2021-10-19T19:11:58-03:00\" itemprop=\"datePublished\">19\/10\/2021 19:11<\/time><\/div><\/div><\/div><\/div><\/div>","single_layout":"posts","amp_enabled":true,"_links":{"self":[{"href":"https:\/\/www.suno.com.br\/noticias\/wp-json\/wp\/v2\/posts\/195192"}],"collection":[{"href":"https:\/\/www.suno.com.br\/noticias\/wp-json\/wp\/v2\/posts"}],"about":[{"href":"https:\/\/www.suno.com.br\/noticias\/wp-json\/wp\/v2\/types\/post"}],"author":[{"embeddable":true,"href":"https:\/\/www.suno.com.br\/noticias\/wp-json\/wp\/v2\/users\/39"}],"replies":[{"embeddable":true,"href":"https:\/\/www.suno.com.br\/noticias\/wp-json\/wp\/v2\/comments?post=195192"}],"version-history":[{"count":4,"href":"https:\/\/www.suno.com.br\/noticias\/wp-json\/wp\/v2\/posts\/195192\/revisions"}],"predecessor-version":[{"id":195253,"href":"https:\/\/www.suno.com.br\/noticias\/wp-json\/wp\/v2\/posts\/195192\/revisions\/195253"}],"wp:featuredmedia":[{"embeddable":true,"href":"https:\/\/www.suno.com.br\/noticias\/wp-json\/wp\/v2\/media\/168040"}],"wp:attachment":[{"href":"https:\/\/www.suno.com.br\/noticias\/wp-json\/wp\/v2\/media?parent=195192"}],"wp:term":[{"taxonomy":"category","embeddable":true,"href":"https:\/\/www.suno.com.br\/noticias\/wp-json\/wp\/v2\/categories?post=195192"},{"taxonomy":"post_tag","embeddable":true,"href":"https:\/\/www.suno.com.br\/noticias\/wp-json\/wp\/v2\/tags?post=195192"},{"taxonomy":"suno_strategy","embeddable":true,"href":"https:\/\/www.suno.com.br\/noticias\/wp-json\/wp\/v2\/suno_strategy?post=195192"}],"curies":[{"name":"wp","href":"https:\/\/api.w.org\/{rel}","templated":true}]}}