{"id":19518,"date":"2019-03-29T19:06:55","date_gmt":"2019-03-29T22:06:55","guid":{"rendered":"https:\/\/www.suno.com.br\/noticias\/?p=19518"},"modified":"2019-03-29T19:06:55","modified_gmt":"2019-03-29T22:06:55","slug":"governo-bloqueia-orcamento-educacao","status":"publish","type":"post","link":"https:\/\/www.suno.com.br\/noticias\/governo-bloqueia-orcamento-educacao\/","title":{"rendered":"Governo bloqueia R$ 29 bi no Or\u00e7amento; R$ 5,8 bilh\u00f5es s\u00f3 da Educa\u00e7\u00e3o"},"content":{"rendered":"<p>O governo detalhou o bloqueio de mais de R$ 29 bilh\u00f5es em gastos do Or\u00e7amento deste ano. A informa\u00e7\u00e3o foi publicada nesta sexta (29) numa edi\u00e7\u00e3o extra do Di\u00e1rio Oficial da Uni\u00e3o.<\/p>\t<div class=\"wrapper-featured-image\">\n\t\t<figure class=\"spotlightImg\">\n\n\t\t\t<picture>\n\t\t\t\t<source media=\"(max-width: 768px)\" srcset=\"https:\/\/files.sunoresearch.com.br\/n\/uploads\/2019\/03\/3e11e408-moeda-real-400x200.webp\">\n\t\t\t\t<img loading=\"lazy\" decoding=\"async\" class=\"newsContent__article__imgCapa lazyloadDisabled newsContent__article__imgCapa--noCaption\" src=\"https:\/\/files.sunoresearch.com.br\/n\/uploads\/2019\/03\/3e11e408-moeda-real-800x450.webp\" width=\"800\" height=\"450\" alt=\"Governo bloqueia R$ 29 bi no Or\u00e7amento; R$ 5,8 bilh\u00f5es s\u00f3 da Educa\u00e7\u00e3o\" fetchpriority=high \/>\n\t\t\t<\/picture>\n\n\t\t\t<figcaption class=\"wp-caption-text wp-caption-text--hide\">Real ser\u00e1 a moeda emergente mais beneficiada por acordo na guerra comercial, diz jornal <\/figcaption>\n\t\t<\/figure>\n\t<\/div>\n\n\n<p>A pasta da <strong>Educa\u00e7\u00e3o<\/strong> foi a \u00e1rea mais afetada no <strong>Or\u00e7amento,<\/strong> com R$ 5,83 bilh\u00f5es <strong>bloqueados.<\/strong> Em seguida, v\u00eam a <strong>Defesa<\/strong> (R$ 5,1 bilh\u00f5es) e <strong>Infraestrutura<\/strong> (R$ 4,3 bilh\u00f5es).<\/p>\n<p><a href=\"https:\/\/www.suno.com.br\/noticias\/governo-bloquear-orcamento-2019\/\">Saiba mais: Governo vai bloquear R$ 30 bilh\u00f5es do Or\u00e7amento de 2019<\/a><\/p>\n<p>J\u00e1 as emendas parlamentares, recursos que podem ser direcionados pelos deputados a \u00e1reas espec\u00edficas de estados e munic\u00edpios, tiveram bloqueio de R$ 2,95 bilh\u00f5es.<\/p>\n<p>Proporcionalmente, no entanto, a \u00e1rea mais atingida foi o <strong>Minist\u00e9rio de Minas e Energia<\/strong>, com 79,5% do <strong>or\u00e7amento<\/strong> contingenciado. <strong>Ci\u00eancia e Tecnologia<\/strong> (41,97%), <strong>Infraestrutura<\/strong> (39,46%), <strong>Defesa<\/strong> (38,61%) e Turismo (37,12%) aparecem na sequ\u00eancia.<\/p>\n<p><a href=\"https:\/\/www.suno.com.br\/noticias\/camara-pec-reduz-governo-orcamento\/\">Saiba mais: C\u00e2mara aprova PEC que reduz poder do governo sobre o Or\u00e7amento<\/a><\/p>\n<h2>O contingenciamento no Or\u00e7amento por \u00e1rea<\/h2>\n<ul>\n<li><strong>Educa\u00e7\u00e3o:<\/strong> R$ 5,83 bilh\u00f5es<\/li>\n<li><strong>Defesa:<\/strong> R$ 5,1 bilh\u00f5es<\/li>\n<li><strong>Infraestrutura:<\/strong> R$ 4,3 bilh\u00f5es<\/li>\n<li><strong>Minas e Energia:<\/strong> R$ 3,76 bilh\u00f5es<\/li>\n<li><strong>Economia:<\/strong> R$ 3,63 bilh\u00f5es<\/li>\n<li><strong>Desenvolvimento Regional:<\/strong> R$ 2,98 bilh\u00f5es<\/li>\n<li><strong>Ci\u00eancia e Tecnologia:<\/strong> R$ 2,13 bilh\u00f5es<\/li>\n<li><strong>Emendas individuais:<\/strong> R$ 1,96 bilh\u00e3o<\/li>\n<li><strong>Cidadania:<\/strong> R$ 1,05 bilh\u00e3o<\/li>\n<li><strong>Emendas de bancada<\/strong>: R$ 0,99 bilh\u00e3o<\/li>\n<li><strong>Justi\u00e7a e Seguran\u00e7a:<\/strong> R$ 0,837 bilh\u00e3o<\/li>\n<li><strong>Agricultura:<\/strong> R$ 0,671 bilh\u00e3o<\/li>\n<li><strong>Sa\u00fade:<\/strong> R$ 0,599 bilh\u00e3o<\/li>\n<li><strong>Rela\u00e7\u00f5es Exteriores:<\/strong> R$ 0,328 bilh\u00e3o<\/li>\n<li><strong>Turismo:<\/strong> R$ 0,222 bilh\u00e3o<\/li>\n<li><strong>Meio Ambiente:<\/strong> R$ 0,187 bilh\u00e3o<\/li>\n<li><strong>Presid\u00eancia:<\/strong> R$ 0,147 bilh\u00e3o<\/li>\n<li><strong>Advocacia Geral:<\/strong> R$ 0,089 bilh\u00e3o<\/li>\n<li><strong>Direitos Humanos:<\/strong> R$ 0,077 bilh\u00e3o<\/li>\n<li><strong>Controladoria-Geral da Uni\u00e3o:<\/strong> R$ 0,015 bilh\u00e3o<\/li>\n<\/ul>\n<p><a href=\"https:\/\/www.suno.com.br\/noticias\/tesouro-carga-tributaria-subiu-pib\/\">Saiba mais: Tesouro estima que carga tribut\u00e1ria subiu para 33,58% do PIB em 2018<\/a><\/p>\n<p>O <strong>contingenciamento<\/strong> do <strong>or\u00e7amento<\/strong> \u00e9 um expediente usado pelo governo para garantir o <strong>cumprimento da meta fiscal<\/strong>. Dessa forma, congela-se alguns dos gastos previstos quando h\u00e1 proje\u00e7\u00e3o de que a meta seja batida. Com a queda na <strong>arrecada\u00e7\u00e3o<\/strong> em janeiro, o alerta acendeu para o governo.<\/p>\n<p>O <strong>corte<\/strong> <strong>de gastos<\/strong> \u00e9 uma promessa do governo <strong>Bolsonaro.<\/strong> O ministro <strong>Paulo Guedes<\/strong> reafirma com frequ\u00eancia que a prioridade \u00e9 <strong>privatizar estatais,<\/strong> <strong>diminuir a d\u00edvida p\u00fablica<\/strong> e <strong>reduzir as despesas<\/strong>. O or\u00e7amento aprovado para 2019 traz no c\u00e1lculo R$ 3,38 trilh\u00f5es em despesas totais. <strong>Investimentos p\u00fablicos,<\/strong> por outro lado, contam com apenas R$ 155,8 bilh\u00f5es do <strong>Or\u00e7amento.<\/strong><\/p>\n","protected":false},"excerpt":{"rendered":"<p>O governo detalhou o bloqueio de mais de R$ 29 bilh\u00f5es em gastos do Or\u00e7amento deste ano. A informa\u00e7\u00e3o foi publicada nesta sexta (29) numa edi\u00e7\u00e3o extra do Di\u00e1rio Oficial da Uni\u00e3o. Real ser\u00e1 a moeda emergente mais beneficiada por acordo na guerra comercial, diz jornal A pasta da Educa\u00e7\u00e3o foi a \u00e1rea mais afetada [&hellip;]<\/p>\n","protected":false},"author":13,"featured_media":19525,"comment_status":"closed","ping_status":"closed","sticky":false,"template":"","format":"standard","meta":[],"categories":[62],"tags":[1128],"suno_strategy":[],"class_list":["post-19518","post","type-post","status-publish","format-standard","has-post-thumbnail","hentry","category-economia","tag-orcamento-publico"],"yoast_head":"<!-- This site is optimized with the Yoast SEO plugin v24.4 - https:\/\/yoast.com\/wordpress\/plugins\/seo\/ -->\n<title>Governo bloqueia R$ 29 bi no Or\u00e7amento; R$ 5,8 bilh\u00f5es s\u00f3 da Educa\u00e7\u00e3o<\/title>\n<meta name=\"description\" content=\"O governo publicou nesta sexta os detalhes do bloqueio de mais de R$ 29 bilh\u00f5es em gastos do Or\u00e7amento deste ano. Clique para saber mais.\" \/>\n<meta name=\"robots\" content=\"index, follow, max-snippet:-1, max-image-preview:large, max-video-preview:-1\" \/>\n<link rel=\"canonical\" href=\"https:\/\/www.suno.com.br\/noticias\/governo-bloqueia-orcamento-educacao\/\" \/>\n<meta property=\"og:locale\" content=\"pt_BR\" \/>\n<meta property=\"og:type\" content=\"article\" \/>\n<meta property=\"og:title\" content=\"Governo bloqueia R$ 29 bi no Or\u00e7amento; R$ 5,8 bilh\u00f5es s\u00f3 da Educa\u00e7\u00e3o\" \/>\n<meta property=\"og:description\" content=\"O governo publicou nesta sexta os detalhes do bloqueio de mais de R$ 29 bilh\u00f5es em gastos do Or\u00e7amento deste ano. Clique para saber mais.\" \/>\n<meta property=\"og:url\" content=\"https:\/\/www.suno.com.br\/noticias\/governo-bloqueia-orcamento-educacao\/\" \/>\n<meta property=\"og:site_name\" content=\"Suno Not\u00edcias\" \/>\n<meta property=\"article:publisher\" content=\"https:\/\/facebook.com\/sunoresearch\" \/>\n<meta property=\"og:image\" content=\"https:\/\/files.sunoresearch.com.br\/n\/uploads\/2019\/03\/3e11e408-moeda-real.jpg\" \/>\n\t<meta property=\"og:image:width\" content=\"1024\" \/>\n\t<meta property=\"og:image:height\" content=\"828\" \/>\n\t<meta property=\"og:image:type\" content=\"image\/jpeg\" \/>\n<meta name=\"author\" content=\"Guilherme Caetano\" \/>\n<meta name=\"twitter:card\" content=\"summary_large_image\" \/>\n<meta name=\"twitter:creator\" content=\"@sunoresearch\" \/>\n<meta name=\"twitter:site\" content=\"@sunoresearch\" \/>\n<meta name=\"twitter:label1\" content=\"Escrito por\" \/>\n\t<meta name=\"twitter:data1\" content=\"Guilherme Caetano\" \/>\n\t<meta name=\"twitter:label2\" content=\"Est. tempo de leitura\" \/>\n\t<meta name=\"twitter:data2\" content=\"2 minutos\" \/>\n<script type=\"application\/ld+json\" class=\"yoast-schema-graph\">{\"@context\":\"https:\/\/schema.org\",\"@graph\":[{\"@type\":\"NewsArticle\",\"@id\":\"https:\/\/www.suno.com.br\/noticias\/governo-bloqueia-orcamento-educacao\/#article\",\"isPartOf\":{\"@id\":\"https:\/\/www.suno.com.br\/noticias\/governo-bloqueia-orcamento-educacao\/\"},\"author\":{\"name\":\"Guilherme Caetano\",\"@id\":\"https:\/\/www.suno.com.br\/noticias\/#\/schema\/person\/0d0c9687cd2f600c564f25980c140de9\"},\"headline\":\"Governo bloqueia R$ 29 bi no Or\u00e7amento; R$ 5,8 bilh\u00f5es s\u00f3 da Educa\u00e7\u00e3o\",\"datePublished\":\"2019-03-29T22:06:55+00:00\",\"mainEntityOfPage\":{\"@id\":\"https:\/\/www.suno.com.br\/noticias\/governo-bloqueia-orcamento-educacao\/\"},\"wordCount\":401,\"publisher\":{\"@id\":\"https:\/\/www.suno.com.br\/noticias\/#organization\"},\"image\":{\"@id\":\"https:\/\/www.suno.com.br\/noticias\/governo-bloqueia-orcamento-educacao\/#primaryimage\"},\"thumbnailUrl\":\"https:\/\/files.sunoresearch.com.br\/n\/uploads\/2019\/03\/3e11e408-moeda-real-jpg.webp\",\"keywords\":[\"Or\u00e7amento P\u00fablico\"],\"articleSection\":[\"Economia\"],\"inLanguage\":\"pt-BR\"},{\"@type\":\"WebPage\",\"@id\":\"https:\/\/www.suno.com.br\/noticias\/governo-bloqueia-orcamento-educacao\/\",\"url\":\"https:\/\/www.suno.com.br\/noticias\/governo-bloqueia-orcamento-educacao\/\",\"name\":\"Governo bloqueia R$ 29 bi no Or\u00e7amento; R$ 5,8 bilh\u00f5es s\u00f3 da Educa\u00e7\u00e3o\",\"isPartOf\":{\"@id\":\"https:\/\/www.suno.com.br\/noticias\/#website\"},\"primaryImageOfPage\":{\"@id\":\"https:\/\/www.suno.com.br\/noticias\/governo-bloqueia-orcamento-educacao\/#primaryimage\"},\"image\":{\"@id\":\"https:\/\/www.suno.com.br\/noticias\/governo-bloqueia-orcamento-educacao\/#primaryimage\"},\"thumbnailUrl\":\"https:\/\/files.sunoresearch.com.br\/n\/uploads\/2019\/03\/3e11e408-moeda-real-jpg.webp\",\"datePublished\":\"2019-03-29T22:06:55+00:00\",\"description\":\"O governo publicou nesta sexta os detalhes do bloqueio de mais de R$ 29 bilh\u00f5es em gastos do Or\u00e7amento deste ano. Clique para saber mais.\",\"breadcrumb\":{\"@id\":\"https:\/\/www.suno.com.br\/noticias\/governo-bloqueia-orcamento-educacao\/#breadcrumb\"},\"inLanguage\":\"pt-BR\",\"potentialAction\":[{\"@type\":\"ReadAction\",\"target\":[\"https:\/\/www.suno.com.br\/noticias\/governo-bloqueia-orcamento-educacao\/\"]}]},{\"@type\":\"ImageObject\",\"inLanguage\":\"pt-BR\",\"@id\":\"https:\/\/www.suno.com.br\/noticias\/governo-bloqueia-orcamento-educacao\/#primaryimage\",\"url\":\"https:\/\/files.sunoresearch.com.br\/n\/uploads\/2019\/03\/3e11e408-moeda-real-jpg.webp\",\"contentUrl\":\"https:\/\/files.sunoresearch.com.br\/n\/uploads\/2019\/03\/3e11e408-moeda-real-jpg.webp\",\"width\":1024,\"height\":828,\"caption\":\"Real ser\u00e1 a moeda emergente mais beneficiada por acordo na guerra comercial, diz jornal\"},{\"@type\":\"BreadcrumbList\",\"@id\":\"https:\/\/www.suno.com.br\/noticias\/governo-bloqueia-orcamento-educacao\/#breadcrumb\",\"itemListElement\":[{\"@type\":\"ListItem\",\"position\":1,\"name\":\"Not\u00edcias\",\"item\":\"https:\/\/www.suno.com.br\/noticias\/\"},{\"@type\":\"ListItem\",\"position\":2,\"name\":\"Economia\",\"item\":\"https:\/\/www.suno.com.br\/noticias\/economia\/\"},{\"@type\":\"ListItem\",\"position\":3,\"name\":\"Governo bloqueia R$ 29 bi no Or\u00e7amento; R$ 5,8 bilh\u00f5es s\u00f3 da Educa\u00e7\u00e3o\"}]},{\"@type\":\"WebSite\",\"@id\":\"https:\/\/www.suno.com.br\/noticias\/#website\",\"url\":\"https:\/\/www.suno.com.br\/noticias\/\",\"name\":\"Suno Not\u00edcias\",\"description\":\"Seu portal de informa\u00e7\u00e3o sobre o mundo dos investimentos\",\"publisher\":{\"@id\":\"https:\/\/www.suno.com.br\/noticias\/#organization\"},\"potentialAction\":[{\"@type\":\"SearchAction\",\"target\":{\"@type\":\"EntryPoint\",\"urlTemplate\":\"https:\/\/www.suno.com.br\/noticias\/?s={search_term_string}\"},\"query-input\":{\"@type\":\"PropertyValueSpecification\",\"valueRequired\":true,\"valueName\":\"search_term_string\"}}],\"inLanguage\":\"pt-BR\"},{\"@type\":\"Organization\",\"@id\":\"https:\/\/www.suno.com.br\/noticias\/#organization\",\"name\":\"Suno Not\u00edcias\",\"url\":\"https:\/\/www.suno.com.br\/noticias\/\",\"logo\":{\"@type\":\"ImageObject\",\"inLanguage\":\"pt-BR\",\"@id\":\"https:\/\/www.suno.com.br\/noticias\/#\/schema\/logo\/image\/\",\"url\":\"https:\/\/files.sunoresearch.com.br\/n\/uploads\/2021\/09\/suno-logo.png\",\"contentUrl\":\"https:\/\/files.sunoresearch.com.br\/n\/uploads\/2021\/09\/suno-logo.png\",\"width\":180,\"height\":180,\"caption\":\"Suno Not\u00edcias\"},\"image\":{\"@id\":\"https:\/\/www.suno.com.br\/noticias\/#\/schema\/logo\/image\/\"},\"sameAs\":[\"https:\/\/facebook.com\/sunoresearch\",\"https:\/\/x.com\/sunoresearch\",\"https:\/\/www.instagram.com\/suno\",\"https:\/\/www.linkedin.com\/company\/suno-research\/\",\"https:\/\/www.youtube.com\/c\/sunoresearch\"]},{\"@type\":\"Person\",\"@id\":\"https:\/\/www.suno.com.br\/noticias\/#\/schema\/person\/0d0c9687cd2f600c564f25980c140de9\",\"name\":\"Guilherme Caetano\",\"image\":{\"@type\":\"ImageObject\",\"inLanguage\":\"pt-BR\",\"@id\":\"https:\/\/www.suno.com.br\/noticias\/#\/schema\/person\/image\/\",\"url\":\"https:\/\/secure.gravatar.com\/avatar\/e48357351a01702a0d19307070e081bf?s=96&r=g\",\"contentUrl\":\"https:\/\/secure.gravatar.com\/avatar\/e48357351a01702a0d19307070e081bf?s=96&r=g\",\"caption\":\"Guilherme Caetano\"},\"description\":\"Formado em jornalismo pela Escola de Comunica\u00e7\u00f5es e Artes da USP, Guilherme Caetano escreve para o portal de not\u00edcias da Suno Research. Passou pelas reda\u00e7\u00f5es da Folha de S.Paulo e da revista \u00c9poca.\",\"url\":\"https:\/\/www.suno.com.br\/noticias\/author\/guilherme-caetano\/\"}]}<\/script>\n<!-- \/ Yoast SEO plugin. -->","yoast_head_json":{"title":"Governo bloqueia R$ 29 bi no Or\u00e7amento; R$ 5,8 bilh\u00f5es s\u00f3 da Educa\u00e7\u00e3o","description":"O governo publicou nesta sexta os detalhes do bloqueio de mais de R$ 29 bilh\u00f5es em gastos do Or\u00e7amento deste ano. Clique para saber mais.","robots":{"index":"index","follow":"follow","max-snippet":"max-snippet:-1","max-image-preview":"max-image-preview:large","max-video-preview":"max-video-preview:-1"},"canonical":"https:\/\/www.suno.com.br\/noticias\/governo-bloqueia-orcamento-educacao\/","og_locale":"pt_BR","og_type":"article","og_title":"Governo bloqueia R$ 29 bi no Or\u00e7amento; R$ 5,8 bilh\u00f5es s\u00f3 da Educa\u00e7\u00e3o","og_description":"O governo publicou nesta sexta os detalhes do bloqueio de mais de R$ 29 bilh\u00f5es em gastos do Or\u00e7amento deste ano. Clique para saber mais.","og_url":"https:\/\/www.suno.com.br\/noticias\/governo-bloqueia-orcamento-educacao\/","og_site_name":"Suno Not\u00edcias","article_publisher":"https:\/\/facebook.com\/sunoresearch","og_image":[{"width":1024,"height":828,"url":"https:\/\/files.sunoresearch.com.br\/n\/uploads\/2019\/03\/3e11e408-moeda-real.jpg","type":"image\/jpeg"}],"author":"Guilherme Caetano","twitter_card":"summary_large_image","twitter_creator":"@sunoresearch","twitter_site":"@sunoresearch","twitter_misc":{"Escrito por":"Guilherme Caetano","Est. tempo de leitura":"2 minutos"},"schema":{"@context":"https:\/\/schema.org","@graph":[{"@type":"NewsArticle","@id":"https:\/\/www.suno.com.br\/noticias\/governo-bloqueia-orcamento-educacao\/#article","isPartOf":{"@id":"https:\/\/www.suno.com.br\/noticias\/governo-bloqueia-orcamento-educacao\/"},"author":{"name":"Guilherme Caetano","@id":"https:\/\/www.suno.com.br\/noticias\/#\/schema\/person\/0d0c9687cd2f600c564f25980c140de9"},"headline":"Governo bloqueia R$ 29 bi no Or\u00e7amento; R$ 5,8 bilh\u00f5es s\u00f3 da Educa\u00e7\u00e3o","datePublished":"2019-03-29T22:06:55+00:00","mainEntityOfPage":{"@id":"https:\/\/www.suno.com.br\/noticias\/governo-bloqueia-orcamento-educacao\/"},"wordCount":401,"publisher":{"@id":"https:\/\/www.suno.com.br\/noticias\/#organization"},"image":{"@id":"https:\/\/www.suno.com.br\/noticias\/governo-bloqueia-orcamento-educacao\/#primaryimage"},"thumbnailUrl":"https:\/\/files.sunoresearch.com.br\/n\/uploads\/2019\/03\/3e11e408-moeda-real-jpg.webp","keywords":["Or\u00e7amento P\u00fablico"],"articleSection":["Economia"],"inLanguage":"pt-BR"},{"@type":"WebPage","@id":"https:\/\/www.suno.com.br\/noticias\/governo-bloqueia-orcamento-educacao\/","url":"https:\/\/www.suno.com.br\/noticias\/governo-bloqueia-orcamento-educacao\/","name":"Governo bloqueia R$ 29 bi no Or\u00e7amento; R$ 5,8 bilh\u00f5es s\u00f3 da Educa\u00e7\u00e3o","isPartOf":{"@id":"https:\/\/www.suno.com.br\/noticias\/#website"},"primaryImageOfPage":{"@id":"https:\/\/www.suno.com.br\/noticias\/governo-bloqueia-orcamento-educacao\/#primaryimage"},"image":{"@id":"https:\/\/www.suno.com.br\/noticias\/governo-bloqueia-orcamento-educacao\/#primaryimage"},"thumbnailUrl":"https:\/\/files.sunoresearch.com.br\/n\/uploads\/2019\/03\/3e11e408-moeda-real-jpg.webp","datePublished":"2019-03-29T22:06:55+00:00","description":"O governo publicou nesta sexta os detalhes do bloqueio de mais de R$ 29 bilh\u00f5es em gastos do Or\u00e7amento deste ano. Clique para saber mais.","breadcrumb":{"@id":"https:\/\/www.suno.com.br\/noticias\/governo-bloqueia-orcamento-educacao\/#breadcrumb"},"inLanguage":"pt-BR","potentialAction":[{"@type":"ReadAction","target":["https:\/\/www.suno.com.br\/noticias\/governo-bloqueia-orcamento-educacao\/"]}]},{"@type":"ImageObject","inLanguage":"pt-BR","@id":"https:\/\/www.suno.com.br\/noticias\/governo-bloqueia-orcamento-educacao\/#primaryimage","url":"https:\/\/files.sunoresearch.com.br\/n\/uploads\/2019\/03\/3e11e408-moeda-real-jpg.webp","contentUrl":"https:\/\/files.sunoresearch.com.br\/n\/uploads\/2019\/03\/3e11e408-moeda-real-jpg.webp","width":1024,"height":828,"caption":"Real ser\u00e1 a moeda emergente mais beneficiada por acordo na guerra comercial, diz jornal"},{"@type":"BreadcrumbList","@id":"https:\/\/www.suno.com.br\/noticias\/governo-bloqueia-orcamento-educacao\/#breadcrumb","itemListElement":[{"@type":"ListItem","position":1,"name":"Not\u00edcias","item":"https:\/\/www.suno.com.br\/noticias\/"},{"@type":"ListItem","position":2,"name":"Economia","item":"https:\/\/www.suno.com.br\/noticias\/economia\/"},{"@type":"ListItem","position":3,"name":"Governo bloqueia R$ 29 bi no Or\u00e7amento; R$ 5,8 bilh\u00f5es s\u00f3 da Educa\u00e7\u00e3o"}]},{"@type":"WebSite","@id":"https:\/\/www.suno.com.br\/noticias\/#website","url":"https:\/\/www.suno.com.br\/noticias\/","name":"Suno Not\u00edcias","description":"Seu portal de informa\u00e7\u00e3o sobre o mundo dos investimentos","publisher":{"@id":"https:\/\/www.suno.com.br\/noticias\/#organization"},"potentialAction":[{"@type":"SearchAction","target":{"@type":"EntryPoint","urlTemplate":"https:\/\/www.suno.com.br\/noticias\/?s={search_term_string}"},"query-input":{"@type":"PropertyValueSpecification","valueRequired":true,"valueName":"search_term_string"}}],"inLanguage":"pt-BR"},{"@type":"Organization","@id":"https:\/\/www.suno.com.br\/noticias\/#organization","name":"Suno Not\u00edcias","url":"https:\/\/www.suno.com.br\/noticias\/","logo":{"@type":"ImageObject","inLanguage":"pt-BR","@id":"https:\/\/www.suno.com.br\/noticias\/#\/schema\/logo\/image\/","url":"https:\/\/files.sunoresearch.com.br\/n\/uploads\/2021\/09\/suno-logo.png","contentUrl":"https:\/\/files.sunoresearch.com.br\/n\/uploads\/2021\/09\/suno-logo.png","width":180,"height":180,"caption":"Suno Not\u00edcias"},"image":{"@id":"https:\/\/www.suno.com.br\/noticias\/#\/schema\/logo\/image\/"},"sameAs":["https:\/\/facebook.com\/sunoresearch","https:\/\/x.com\/sunoresearch","https:\/\/www.instagram.com\/suno","https:\/\/www.linkedin.com\/company\/suno-research\/","https:\/\/www.youtube.com\/c\/sunoresearch"]},{"@type":"Person","@id":"https:\/\/www.suno.com.br\/noticias\/#\/schema\/person\/0d0c9687cd2f600c564f25980c140de9","name":"Guilherme Caetano","image":{"@type":"ImageObject","inLanguage":"pt-BR","@id":"https:\/\/www.suno.com.br\/noticias\/#\/schema\/person\/image\/","url":"https:\/\/secure.gravatar.com\/avatar\/e48357351a01702a0d19307070e081bf?s=96&r=g","contentUrl":"https:\/\/secure.gravatar.com\/avatar\/e48357351a01702a0d19307070e081bf?s=96&r=g","caption":"Guilherme Caetano"},"description":"Formado em jornalismo pela Escola de Comunica\u00e7\u00f5es e Artes da USP, Guilherme Caetano escreve para o portal de not\u00edcias da Suno Research. Passou pelas reda\u00e7\u00f5es da Folha de S.Paulo e da revista \u00c9poca.","url":"https:\/\/www.suno.com.br\/noticias\/author\/guilherme-caetano\/"}]}},"default_loop_html":"<div class=\"cardsPage__listCard__boxs\"><div class=\"cardsPage__listCard__boxs__img\"><a href=\"https:\/\/www.suno.com.br\/noticias\/governo-bloqueia-orcamento-educacao\/\"><img class=\"mask\" src=\"https:\/\/www.suno.com.br\/noticias\/wp-content\/themes\/suno\/resources\/images\/spotlight\/spotlight1img\/bg-mask.png\" alt=\"Image Mask\"\/><img src=\"https:\/\/files.sunoresearch.com.br\/n\/uploads\/2019\/03\/3e11e408-moeda-real-400x200.webp\" alt=\"Governo bloqueia R$ 29 bi no Or\u00e7amento; R$ 5,8 bilh\u00f5es s\u00f3 da Educa\u00e7\u00e3o\"\/><\/a><span class=\"spotlightCategory\"><a href=\"https:\/\/www.suno.com.br\/noticias\/economia\/\">Economia<\/a><\/span><\/div><div class=\"cardsPage__listCard__boxs__content\"><a href=\"https:\/\/www.suno.com.br\/noticias\/governo-bloqueia-orcamento-educacao\/\"><h2 class=\"content__title\">Governo bloqueia R$ 29 bi no Or\u00e7amento; R$ 5,8 bilh\u00f5es s\u00f3 da Educa\u00e7\u00e3o<\/h2><\/a><div class=\"newsContent__article__meta\"><div class=\"newsContent__article__meta__authorBox\"><a href=\"https:\/\/www.suno.com.br\/noticias\/author\/guilherme-caetano\/\" class=\"authorBox__avatar noMobi\"><img src=\"https:\/\/secure.gravatar.com\/avatar\/e48357351a01702a0d19307070e081bf?s=96&#038;r=g\" alt=\"Guilherme Caetano\"><\/a><div class=\"authorBox__name\"><span>por\n\t\t\t<a href=\"https:\/\/www.suno.com.br\/noticias\/author\/guilherme-caetano\/\"><span itemprop=\"author\">Guilherme Caetano<\/span><\/a><\/span><time datetime=\"2019-03-29T19:06:55-03:00\" itemprop=\"datePublished\">29\/03\/2019 19:06<\/time><\/div><\/div><\/div><\/div><\/div>","single_layout":"posts","amp_enabled":true,"_links":{"self":[{"href":"https:\/\/www.suno.com.br\/noticias\/wp-json\/wp\/v2\/posts\/19518"}],"collection":[{"href":"https:\/\/www.suno.com.br\/noticias\/wp-json\/wp\/v2\/posts"}],"about":[{"href":"https:\/\/www.suno.com.br\/noticias\/wp-json\/wp\/v2\/types\/post"}],"author":[{"embeddable":true,"href":"https:\/\/www.suno.com.br\/noticias\/wp-json\/wp\/v2\/users\/13"}],"replies":[{"embeddable":true,"href":"https:\/\/www.suno.com.br\/noticias\/wp-json\/wp\/v2\/comments?post=19518"}],"version-history":[{"count":0,"href":"https:\/\/www.suno.com.br\/noticias\/wp-json\/wp\/v2\/posts\/19518\/revisions"}],"wp:featuredmedia":[{"embeddable":true,"href":"https:\/\/www.suno.com.br\/noticias\/wp-json\/wp\/v2\/media\/19525"}],"wp:attachment":[{"href":"https:\/\/www.suno.com.br\/noticias\/wp-json\/wp\/v2\/media?parent=19518"}],"wp:term":[{"taxonomy":"category","embeddable":true,"href":"https:\/\/www.suno.com.br\/noticias\/wp-json\/wp\/v2\/categories?post=19518"},{"taxonomy":"post_tag","embeddable":true,"href":"https:\/\/www.suno.com.br\/noticias\/wp-json\/wp\/v2\/tags?post=19518"},{"taxonomy":"suno_strategy","embeddable":true,"href":"https:\/\/www.suno.com.br\/noticias\/wp-json\/wp\/v2\/suno_strategy?post=19518"}],"curies":[{"name":"wp","href":"https:\/\/api.w.org\/{rel}","templated":true}]}}