{"id":195070,"date":"2021-10-19T22:18:49","date_gmt":"2021-10-20T01:18:49","guid":{"rendered":"https:\/\/www.suno.com.br\/noticias\/?p=195070"},"modified":"2021-10-19T22:18:49","modified_gmt":"2021-10-20T01:18:49","slug":"bc-politica-intervencao-mercado-cambio","status":"publish","type":"post","link":"https:\/\/www.suno.com.br\/noticias\/bc-politica-intervencao-mercado-cambio\/","title":{"rendered":"BC n\u00e3o vai mudar pol\u00edtica de interven\u00e7\u00e3o no mercado de c\u00e2mbio, diz diretor"},"content":{"rendered":"<p>O diretor de <a class=\"suno-keyword\" href=\"https:\/\/www.suno.com.br\/artigos\/politica-economica\/\" target=\"_blank\" rel=\"noopener\" data-force=\"no\" data-priority=\"1\">Pol\u00edtica Econ\u00f4mica<\/a> do Banco Central, Fabio Kanczuk, declarou nesta ter\u00e7a (19) que n\u00e3o haver\u00e1 mudan\u00e7a na pol\u00edtica de interven\u00e7\u00f5es do <strong>BC<\/strong> no mercado de c\u00e2mbio. &#8220;O n\u00edvel do c\u00e2mbio n\u00e3o importa e nem o impacto nas proje\u00e7\u00f5es de infla\u00e7\u00e3o. As interven\u00e7\u00f5es no c\u00e2mbio t\u00eam a mesma motiva\u00e7\u00e3o, sem mudan\u00e7as. O BC interv\u00e9m quando h\u00e1 algum tipo de mau funcionamento no mercado&#8221;, disse Kanczuk<strong>,<\/strong> em participa\u00e7\u00e3o no JP Morgan Investor Seminar.<\/p>\t<div class=\"wrapper-featured-image\">\n\t\t<figure class=\"spotlightImg\">\n\n\t\t\t<picture>\n\t\t\t\t<source media=\"(max-width: 768px)\" srcset=\"https:\/\/files.sunoresearch.com.br\/n\/uploads\/2021\/02\/d6cdcbb6-banco-central-400x200.webp\">\n\t\t\t\t<img loading=\"lazy\" decoding=\"async\" class=\"newsContent__article__imgCapa lazyloadDisabled \" src=\"https:\/\/files.sunoresearch.com.br\/n\/uploads\/2021\/02\/d6cdcbb6-banco-central-800x450.webp\" width=\"800\" height=\"450\" alt=\"BC n\u00e3o vai mudar pol\u00edtica de interven\u00e7\u00e3o no mercado de c\u00e2mbio, diz diretor\" fetchpriority=high \/>\n\t\t\t<\/picture>\n\n\t\t\t<figcaption class=\"wp-caption-text wp-caption-text--show\"> Banco Central (BC)<\/figcaption>\n\t\t<\/figure>\n\t<\/div>\n\n\n\t<p>\n\t\t<a href=\"https:\/\/lp.suno.com.br\/planilha-controle-gastos\/\" target=\"_blank\" data-element=\"shortcode-suno-banner\" title=\"Banner SUNO, clique e saiba mais\">\n\t\t\t<picture>\n\t\t\t\t<source media=\"(max-width: 500px)\" srcset=\"https:\/\/files.sunoresearch.com.br\/n\/uploads\/2023\/03\/400x300-Planilha-controle-de-gastos.png\">\n\t\t\t\t<img class=\"newsContent__article__imgCapa newsContent__article__imgCapa--banner\"\n\t\t\t\t\tsrc=\"https:\/\/files.sunoresearch.com.br\/n\/uploads\/2023\/03\/1420x240-Planilha-controle-de-gastos.png\"\n\t\t\t\t\tdata-promo-id=\"101751\"\t\t\t\t\t\t\t\t\t\twidth='1420' height='240'\t\t\t\t\talt=\"https:\/\/files.sunoresearch.com.br\/n\/uploads\/2023\/03\/1420x240-Planilha-controle-de-gastos.png\"\n\t\t\t\t>\n\t\t\t<\/picture>\n\t\t<\/a>\n\t<\/p>\n\n\n<p>A partir da quarta-feira (20), a diretoria colegiada do <strong>BC<\/strong> entra em <a class=\"suno-keyword\" href=\"https:\/\/www.suno.com.br\/artigos\/periodo-de-silencio\/\" target=\"_blank\" rel=\"noopener\" data-force=\"no\" data-priority=\"1\">per\u00edodo de sil\u00eancio<\/a> pr\u00e9vio \u00e0 reuni\u00e3o do Comit\u00ea de <a class=\"suno-keyword\" href=\"https:\/\/www.suno.com.br\/artigos\/politica-monetaria\/\" target=\"_blank\" rel=\"noopener\" data-force=\"no\" data-priority=\"1\">Pol\u00edtica Monet\u00e1ria<\/a> (Copom) da pr\u00f3xima semana.<\/p>\n<p>O diretor reconheceu, por\u00e9m, que o BC tem tido dificuldades em entender os movimentos do real frente ao d\u00f3lar. Segundo ele, nem a taxa de juros, nem a sa\u00edda do <strong><i>overhedge<\/i> <\/strong>e nem a valoriza\u00e7\u00e3o das commodities t\u00eam sido hip\u00f3teses suficientes para explicar a volatilidade da moeda.<\/p>\n\t<p>\n\t\t<a href=\"https:\/\/lp.suno.com.br\/planilha-da-vida-financeira\/\" target=\"_blank\" data-element=\"shortcode-suno-banner\" title=\"Banner SUNO, clique e saiba mais\">\n\t\t\t<picture>\n\t\t\t\t<source media=\"(max-width: 500px)\" srcset=\"https:\/\/files.sunoresearch.com.br\/n\/uploads\/2023\/04\/400x300-Planilha-vida-financeira-true.png\">\n\t\t\t\t<img class=\"newsContent__article__imgCapa newsContent__article__imgCapa--banner\"\n\t\t\t\t\tsrc=\"https:\/\/files.sunoresearch.com.br\/n\/uploads\/2023\/04\/1420x240-Planilha-vida-financeira-true.png\"\n\t\t\t\t\tdata-promo-id=\"106682\"\t\t\t\t\t\t\t\t\t\twidth='1420' height='240'\t\t\t\t\talt=\"https:\/\/files.sunoresearch.com.br\/n\/uploads\/2023\/04\/1420x240-Planilha-vida-financeira-true.png\"\n\t\t\t\t>\n\t\t\t<\/picture>\n\t\t<\/a>\n\t<\/p>\n\n\n<p>&#8220;H\u00e1 mais pa\u00edses com mesmo problema, com moeda n\u00e3o reagindo a termos de troca. H\u00e1 quest\u00e3o fiscal, mas c\u00e2mbio deprecia mais do que a <a class=\"suno-keyword\" href=\"https:\/\/www.suno.com.br\/artigos\/curva-de-juros\/\" target=\"_blank\" rel=\"noopener\" data-force=\"no\" data-priority=\"1\">curva de juros<\/a> sugere. Tamb\u00e9m n\u00e3o compro a hist\u00f3ria de que c\u00e2mbio reage a maior investimento no exterior&#8221;, acrescentou Kanczuk. &#8220;\u00c9 muito dif\u00edcil de saber o que est\u00e1 acontecendo com a taxa de c\u00e2mbio. N\u00e3o \u00e9 a primeira vez na minha vida que n\u00e3o entendo o que est\u00e1 havendo com o c\u00e2mbio&#8221;, admitiu.<\/p>\n<h2>Copom deve reagir aos movimentos do BC norte-americano<\/h2>\n<p>O diretor de Pol\u00edtica Econ\u00f4mica do Banco Central considerou nesta ter\u00e7a que a pol\u00edtica monet\u00e1ria do <strong>Federal Reserve<\/strong> (Fed, o banco central norte-americano) tem grande impacto nos fluxos de recursos para pa\u00edses emergentes, com maior sofrimento para aqueles pa\u00edses com maiores problemas fiscais, como o Brasil. Por isso, ele reformou que o Copom deve reagir aos movimentos do BC norte-americano. &#8220;Copom discute bastante eventuais apertos monet\u00e1rios em pa\u00edses desenvolvidos. No passado, quando Fed apertou pol\u00edtica inesperadamente machucou emergentes. Se o Fed come\u00e7ar mais cedo esse movimento, a rea\u00e7\u00e3o do <strong>Copom<\/strong> s\u00f3 poder\u00e1 ser uma pol\u00edtica monet\u00e1ria mais apertada. N\u00e3o h\u00e1 outra maneira&#8221;, respondeu.<\/p>\n\t<p>\n\t\t<a href=\"https:\/\/lp.suno.com.br\/planilha-de-controle-de-investimentos\/\" target=\"_blank\" data-element=\"shortcode-suno-banner\" title=\"Banner SUNO, clique e saiba mais\">\n\t\t\t<picture>\n\t\t\t\t<source media=\"(max-width: 500px)\" srcset=\"https:\/\/files.sunoresearch.com.br\/n\/uploads\/2023\/03\/400x300-Controle-de-Investimentos.png\">\n\t\t\t\t<img class=\"newsContent__article__imgCapa newsContent__article__imgCapa--banner\"\n\t\t\t\t\tsrc=\"https:\/\/files.sunoresearch.com.br\/n\/uploads\/2023\/03\/1420x240-Controle-de-Investimentos.png\"\n\t\t\t\t\tdata-promo-id=\"75934\"\t\t\t\t\t\t\t\t\t\twidth='1420' height='240'\t\t\t\t\talt=\"https:\/\/files.sunoresearch.com.br\/n\/uploads\/2023\/03\/1420x240-Controle-de-Investimentos.png\"\n\t\t\t\t>\n\t\t\t<\/picture>\n\t\t<\/a>\n\t<\/p>\n\n\n<p>Kanczuk ponderou, por\u00e9m, que o BC tem o benef\u00edcio de poder esperar um pouco e n\u00e3o reagir imediatamente \u00e0s a\u00e7\u00f5es do Fed, ao contr\u00e1rio do mercado.<\/p>\n<p>&#8220;N\u00e3o precisamos atuar antes. N\u00e3o \u00e9 uma rea\u00e7\u00e3o mec\u00e2nica. Tomaremos uma decis\u00e3o mais bem informada ap\u00f3s a rea\u00e7\u00e3o do mercado. Essa a \u00fanica vantagem de estar do lado de c\u00e1 da parede&#8221;, completou o diretor do <strong>BC<\/strong>.<\/p>\n<p><em>(Com informa\u00e7\u00f5es da Ag\u00eancia Estado)<\/em><\/p>\n\t<p>\n\t\t<a href=\"\" target=\"_blank\" data-element=\"shortcode-suno-banner\" title=\"Banner SUNO, clique e saiba mais\">\n\t\t\t<picture>\n\t\t\t\t<source media=\"(max-width: 500px)\" srcset=\"\">\n\t\t\t\t<img class=\"newsContent__article__imgCapa newsContent__article__imgCapa--banner\"\n\t\t\t\t\tsrc=\"\"\n\t\t\t\t\tdata-promo-id=\"184190\"\t\t\t\t\t\t\t\t\t\t\t\t\t\t\talt=\"\"\n\t\t\t\t>\n\t\t\t<\/picture>\n\t\t<\/a>\n\t<\/p>\n\n\n","protected":false},"excerpt":{"rendered":"<p>O diretor de Pol\u00edtica Econ\u00f4mica do Banco Central, Fabio Kanczuk, declarou nesta ter\u00e7a (19) que n\u00e3o haver\u00e1 mudan\u00e7a na pol\u00edtica de interven\u00e7\u00f5es do BC no mercado de c\u00e2mbio. &#8220;O n\u00edvel do c\u00e2mbio n\u00e3o importa e nem o impacto nas proje\u00e7\u00f5es de infla\u00e7\u00e3o. As interven\u00e7\u00f5es no c\u00e2mbio t\u00eam a mesma motiva\u00e7\u00e3o, sem mudan\u00e7as. O BC interv\u00e9m [&hellip;]<\/p>\n","protected":false},"author":118,"featured_media":127195,"comment_status":"closed","ping_status":"closed","sticky":false,"template":"","format":"standard","meta":[],"categories":[62],"tags":[1842],"suno_strategy":[],"class_list":["post-195070","post","type-post","status-publish","format-standard","has-post-thumbnail","hentry","category-economia","tag-banco-central-bc"],"yoast_head":"<!-- This site is optimized with the Yoast SEO plugin v24.4 - https:\/\/yoast.com\/wordpress\/plugins\/seo\/ -->\n<title>BC n\u00e3o vai mudar pol\u00edtica de interven\u00e7\u00e3o no mercado de c\u00e2mbio<\/title>\n<meta name=\"description\" content=\"O diretor de Pol\u00edtica Econ\u00f4mica do BC, Fabio Kanczuk, declarou nesta ter\u00e7a (19) que n\u00e3o haver\u00e1 mudan\u00e7a na pol\u00edtica de...Saiba mais\" \/>\n<meta name=\"robots\" content=\"index, follow, max-snippet:-1, max-image-preview:large, max-video-preview:-1\" \/>\n<link rel=\"canonical\" href=\"https:\/\/www.suno.com.br\/noticias\/bc-politica-intervencao-mercado-cambio\/\" \/>\n<meta property=\"og:locale\" content=\"pt_BR\" \/>\n<meta property=\"og:type\" content=\"article\" \/>\n<meta property=\"og:title\" content=\"BC n\u00e3o vai mudar pol\u00edtica de interven\u00e7\u00e3o no mercado de c\u00e2mbio\" \/>\n<meta property=\"og:description\" content=\"O diretor de Pol\u00edtica Econ\u00f4mica do BC, Fabio Kanczuk, declarou nesta ter\u00e7a (19) que n\u00e3o haver\u00e1 mudan\u00e7a na pol\u00edtica de...Saiba mais\" \/>\n<meta property=\"og:url\" content=\"https:\/\/www.suno.com.br\/noticias\/bc-politica-intervencao-mercado-cambio\/\" \/>\n<meta property=\"og:site_name\" content=\"Suno Not\u00edcias\" \/>\n<meta property=\"article:publisher\" content=\"https:\/\/facebook.com\/sunoresearch\" \/>\n<meta property=\"og:image\" content=\"https:\/\/files.sunoresearch.com.br\/n\/uploads\/2021\/02\/d6cdcbb6-banco-central.jpg\" \/>\n\t<meta property=\"og:image:width\" content=\"1024\" \/>\n\t<meta property=\"og:image:height\" content=\"768\" \/>\n\t<meta property=\"og:image:type\" content=\"image\/jpeg\" \/>\n<meta name=\"author\" content=\"Bruno Galv\u00e3o\" \/>\n<meta name=\"twitter:card\" content=\"summary_large_image\" \/>\n<meta name=\"twitter:creator\" content=\"@sunoresearch\" \/>\n<meta name=\"twitter:site\" content=\"@sunoresearch\" \/>\n<meta name=\"twitter:label1\" content=\"Escrito por\" \/>\n\t<meta name=\"twitter:data1\" content=\"Bruno Galv\u00e3o\" \/>\n\t<meta name=\"twitter:label2\" content=\"Est. tempo de leitura\" \/>\n\t<meta name=\"twitter:data2\" content=\"2 minutos\" \/>\n<script type=\"application\/ld+json\" class=\"yoast-schema-graph\">{\"@context\":\"https:\/\/schema.org\",\"@graph\":[{\"@type\":\"NewsArticle\",\"@id\":\"https:\/\/www.suno.com.br\/noticias\/bc-politica-intervencao-mercado-cambio\/#article\",\"isPartOf\":{\"@id\":\"https:\/\/www.suno.com.br\/noticias\/bc-politica-intervencao-mercado-cambio\/\"},\"author\":{\"name\":\"Bruno Galv\u00e3o\",\"@id\":\"https:\/\/www.suno.com.br\/noticias\/#\/schema\/person\/06f0d962a6b1c54852e4860f16935600\"},\"headline\":\"BC n\u00e3o vai mudar pol\u00edtica de interven\u00e7\u00e3o no mercado de c\u00e2mbio, diz diretor\",\"datePublished\":\"2021-10-20T01:18:49+00:00\",\"mainEntityOfPage\":{\"@id\":\"https:\/\/www.suno.com.br\/noticias\/bc-politica-intervencao-mercado-cambio\/\"},\"wordCount\":501,\"publisher\":{\"@id\":\"https:\/\/www.suno.com.br\/noticias\/#organization\"},\"image\":{\"@id\":\"https:\/\/www.suno.com.br\/noticias\/bc-politica-intervencao-mercado-cambio\/#primaryimage\"},\"thumbnailUrl\":\"https:\/\/files.sunoresearch.com.br\/n\/uploads\/2021\/02\/d6cdcbb6-banco-central-jpg.webp\",\"keywords\":[\"Banco Central (BC)\"],\"articleSection\":[\"Economia\"],\"inLanguage\":\"pt-BR\"},{\"@type\":\"WebPage\",\"@id\":\"https:\/\/www.suno.com.br\/noticias\/bc-politica-intervencao-mercado-cambio\/\",\"url\":\"https:\/\/www.suno.com.br\/noticias\/bc-politica-intervencao-mercado-cambio\/\",\"name\":\"BC n\u00e3o vai mudar pol\u00edtica de interven\u00e7\u00e3o no mercado de c\u00e2mbio\",\"isPartOf\":{\"@id\":\"https:\/\/www.suno.com.br\/noticias\/#website\"},\"primaryImageOfPage\":{\"@id\":\"https:\/\/www.suno.com.br\/noticias\/bc-politica-intervencao-mercado-cambio\/#primaryimage\"},\"image\":{\"@id\":\"https:\/\/www.suno.com.br\/noticias\/bc-politica-intervencao-mercado-cambio\/#primaryimage\"},\"thumbnailUrl\":\"https:\/\/files.sunoresearch.com.br\/n\/uploads\/2021\/02\/d6cdcbb6-banco-central-jpg.webp\",\"datePublished\":\"2021-10-20T01:18:49+00:00\",\"description\":\"O diretor de Pol\u00edtica Econ\u00f4mica do BC, Fabio Kanczuk, declarou nesta ter\u00e7a (19) que n\u00e3o haver\u00e1 mudan\u00e7a na pol\u00edtica de...Saiba mais\",\"breadcrumb\":{\"@id\":\"https:\/\/www.suno.com.br\/noticias\/bc-politica-intervencao-mercado-cambio\/#breadcrumb\"},\"inLanguage\":\"pt-BR\",\"potentialAction\":[{\"@type\":\"ReadAction\",\"target\":[\"https:\/\/www.suno.com.br\/noticias\/bc-politica-intervencao-mercado-cambio\/\"]}]},{\"@type\":\"ImageObject\",\"inLanguage\":\"pt-BR\",\"@id\":\"https:\/\/www.suno.com.br\/noticias\/bc-politica-intervencao-mercado-cambio\/#primaryimage\",\"url\":\"https:\/\/files.sunoresearch.com.br\/n\/uploads\/2021\/02\/d6cdcbb6-banco-central-jpg.webp\",\"contentUrl\":\"https:\/\/files.sunoresearch.com.br\/n\/uploads\/2021\/02\/d6cdcbb6-banco-central-jpg.webp\",\"width\":1024,\"height\":768,\"caption\":\"Banco Central (BC)\"},{\"@type\":\"BreadcrumbList\",\"@id\":\"https:\/\/www.suno.com.br\/noticias\/bc-politica-intervencao-mercado-cambio\/#breadcrumb\",\"itemListElement\":[{\"@type\":\"ListItem\",\"position\":1,\"name\":\"Not\u00edcias\",\"item\":\"https:\/\/www.suno.com.br\/noticias\/\"},{\"@type\":\"ListItem\",\"position\":2,\"name\":\"Economia\",\"item\":\"https:\/\/www.suno.com.br\/noticias\/economia\/\"},{\"@type\":\"ListItem\",\"position\":3,\"name\":\"BC n\u00e3o vai mudar pol\u00edtica de interven\u00e7\u00e3o no mercado de c\u00e2mbio, diz diretor\"}]},{\"@type\":\"WebSite\",\"@id\":\"https:\/\/www.suno.com.br\/noticias\/#website\",\"url\":\"https:\/\/www.suno.com.br\/noticias\/\",\"name\":\"Suno Not\u00edcias\",\"description\":\"Seu portal de informa\u00e7\u00e3o sobre o mundo dos investimentos\",\"publisher\":{\"@id\":\"https:\/\/www.suno.com.br\/noticias\/#organization\"},\"potentialAction\":[{\"@type\":\"SearchAction\",\"target\":{\"@type\":\"EntryPoint\",\"urlTemplate\":\"https:\/\/www.suno.com.br\/noticias\/?s={search_term_string}\"},\"query-input\":{\"@type\":\"PropertyValueSpecification\",\"valueRequired\":true,\"valueName\":\"search_term_string\"}}],\"inLanguage\":\"pt-BR\"},{\"@type\":\"Organization\",\"@id\":\"https:\/\/www.suno.com.br\/noticias\/#organization\",\"name\":\"Suno Not\u00edcias\",\"url\":\"https:\/\/www.suno.com.br\/noticias\/\",\"logo\":{\"@type\":\"ImageObject\",\"inLanguage\":\"pt-BR\",\"@id\":\"https:\/\/www.suno.com.br\/noticias\/#\/schema\/logo\/image\/\",\"url\":\"https:\/\/files.sunoresearch.com.br\/n\/uploads\/2021\/09\/suno-logo.png\",\"contentUrl\":\"https:\/\/files.sunoresearch.com.br\/n\/uploads\/2021\/09\/suno-logo.png\",\"width\":180,\"height\":180,\"caption\":\"Suno Not\u00edcias\"},\"image\":{\"@id\":\"https:\/\/www.suno.com.br\/noticias\/#\/schema\/logo\/image\/\"},\"sameAs\":[\"https:\/\/facebook.com\/sunoresearch\",\"https:\/\/x.com\/sunoresearch\",\"https:\/\/www.instagram.com\/suno\",\"https:\/\/www.linkedin.com\/company\/suno-research\/\",\"https:\/\/www.youtube.com\/c\/sunoresearch\"]},{\"@type\":\"Person\",\"@id\":\"https:\/\/www.suno.com.br\/noticias\/#\/schema\/person\/06f0d962a6b1c54852e4860f16935600\",\"name\":\"Bruno Galv\u00e3o\",\"image\":{\"@type\":\"ImageObject\",\"inLanguage\":\"pt-BR\",\"@id\":\"https:\/\/www.suno.com.br\/noticias\/#\/schema\/person\/image\/\",\"url\":\"https:\/\/secure.gravatar.com\/avatar\/53598df0b41c00f12f287a912d0e918e?s=96&r=g\",\"contentUrl\":\"https:\/\/secure.gravatar.com\/avatar\/53598df0b41c00f12f287a912d0e918e?s=96&r=g\",\"caption\":\"Bruno Galv\u00e3o\"},\"description\":\"Escreve para o portal Suno Not\u00edcias. \u00c9 estudante de Jornalismo pela Faculdade C\u00e1sper L\u00edbero e Letras pela USP. Entusiasta de tecnologia e intelig\u00eancia artificial.\",\"url\":\"https:\/\/www.suno.com.br\/noticias\/author\/bruno-garcia\/\"}]}<\/script>\n<!-- \/ Yoast SEO plugin. -->","yoast_head_json":{"title":"BC n\u00e3o vai mudar pol\u00edtica de interven\u00e7\u00e3o no mercado de c\u00e2mbio","description":"O diretor de Pol\u00edtica Econ\u00f4mica do BC, Fabio Kanczuk, declarou nesta ter\u00e7a (19) que n\u00e3o haver\u00e1 mudan\u00e7a na pol\u00edtica de...Saiba mais","robots":{"index":"index","follow":"follow","max-snippet":"max-snippet:-1","max-image-preview":"max-image-preview:large","max-video-preview":"max-video-preview:-1"},"canonical":"https:\/\/www.suno.com.br\/noticias\/bc-politica-intervencao-mercado-cambio\/","og_locale":"pt_BR","og_type":"article","og_title":"BC n\u00e3o vai mudar pol\u00edtica de interven\u00e7\u00e3o no mercado de c\u00e2mbio","og_description":"O diretor de Pol\u00edtica Econ\u00f4mica do BC, Fabio Kanczuk, declarou nesta ter\u00e7a (19) que n\u00e3o haver\u00e1 mudan\u00e7a na pol\u00edtica de...Saiba mais","og_url":"https:\/\/www.suno.com.br\/noticias\/bc-politica-intervencao-mercado-cambio\/","og_site_name":"Suno Not\u00edcias","article_publisher":"https:\/\/facebook.com\/sunoresearch","og_image":[{"width":1024,"height":768,"url":"https:\/\/files.sunoresearch.com.br\/n\/uploads\/2021\/02\/d6cdcbb6-banco-central.jpg","type":"image\/jpeg"}],"author":"Bruno Galv\u00e3o","twitter_card":"summary_large_image","twitter_creator":"@sunoresearch","twitter_site":"@sunoresearch","twitter_misc":{"Escrito por":"Bruno Galv\u00e3o","Est. tempo de leitura":"2 minutos"},"schema":{"@context":"https:\/\/schema.org","@graph":[{"@type":"NewsArticle","@id":"https:\/\/www.suno.com.br\/noticias\/bc-politica-intervencao-mercado-cambio\/#article","isPartOf":{"@id":"https:\/\/www.suno.com.br\/noticias\/bc-politica-intervencao-mercado-cambio\/"},"author":{"name":"Bruno Galv\u00e3o","@id":"https:\/\/www.suno.com.br\/noticias\/#\/schema\/person\/06f0d962a6b1c54852e4860f16935600"},"headline":"BC n\u00e3o vai mudar pol\u00edtica de interven\u00e7\u00e3o no mercado de c\u00e2mbio, diz diretor","datePublished":"2021-10-20T01:18:49+00:00","mainEntityOfPage":{"@id":"https:\/\/www.suno.com.br\/noticias\/bc-politica-intervencao-mercado-cambio\/"},"wordCount":501,"publisher":{"@id":"https:\/\/www.suno.com.br\/noticias\/#organization"},"image":{"@id":"https:\/\/www.suno.com.br\/noticias\/bc-politica-intervencao-mercado-cambio\/#primaryimage"},"thumbnailUrl":"https:\/\/files.sunoresearch.com.br\/n\/uploads\/2021\/02\/d6cdcbb6-banco-central-jpg.webp","keywords":["Banco Central (BC)"],"articleSection":["Economia"],"inLanguage":"pt-BR"},{"@type":"WebPage","@id":"https:\/\/www.suno.com.br\/noticias\/bc-politica-intervencao-mercado-cambio\/","url":"https:\/\/www.suno.com.br\/noticias\/bc-politica-intervencao-mercado-cambio\/","name":"BC n\u00e3o vai mudar pol\u00edtica de interven\u00e7\u00e3o no mercado de c\u00e2mbio","isPartOf":{"@id":"https:\/\/www.suno.com.br\/noticias\/#website"},"primaryImageOfPage":{"@id":"https:\/\/www.suno.com.br\/noticias\/bc-politica-intervencao-mercado-cambio\/#primaryimage"},"image":{"@id":"https:\/\/www.suno.com.br\/noticias\/bc-politica-intervencao-mercado-cambio\/#primaryimage"},"thumbnailUrl":"https:\/\/files.sunoresearch.com.br\/n\/uploads\/2021\/02\/d6cdcbb6-banco-central-jpg.webp","datePublished":"2021-10-20T01:18:49+00:00","description":"O diretor de Pol\u00edtica Econ\u00f4mica do BC, Fabio Kanczuk, declarou nesta ter\u00e7a (19) que n\u00e3o haver\u00e1 mudan\u00e7a na pol\u00edtica de...Saiba mais","breadcrumb":{"@id":"https:\/\/www.suno.com.br\/noticias\/bc-politica-intervencao-mercado-cambio\/#breadcrumb"},"inLanguage":"pt-BR","potentialAction":[{"@type":"ReadAction","target":["https:\/\/www.suno.com.br\/noticias\/bc-politica-intervencao-mercado-cambio\/"]}]},{"@type":"ImageObject","inLanguage":"pt-BR","@id":"https:\/\/www.suno.com.br\/noticias\/bc-politica-intervencao-mercado-cambio\/#primaryimage","url":"https:\/\/files.sunoresearch.com.br\/n\/uploads\/2021\/02\/d6cdcbb6-banco-central-jpg.webp","contentUrl":"https:\/\/files.sunoresearch.com.br\/n\/uploads\/2021\/02\/d6cdcbb6-banco-central-jpg.webp","width":1024,"height":768,"caption":"Banco Central (BC)"},{"@type":"BreadcrumbList","@id":"https:\/\/www.suno.com.br\/noticias\/bc-politica-intervencao-mercado-cambio\/#breadcrumb","itemListElement":[{"@type":"ListItem","position":1,"name":"Not\u00edcias","item":"https:\/\/www.suno.com.br\/noticias\/"},{"@type":"ListItem","position":2,"name":"Economia","item":"https:\/\/www.suno.com.br\/noticias\/economia\/"},{"@type":"ListItem","position":3,"name":"BC n\u00e3o vai mudar pol\u00edtica de interven\u00e7\u00e3o no mercado de c\u00e2mbio, diz diretor"}]},{"@type":"WebSite","@id":"https:\/\/www.suno.com.br\/noticias\/#website","url":"https:\/\/www.suno.com.br\/noticias\/","name":"Suno Not\u00edcias","description":"Seu portal de informa\u00e7\u00e3o sobre o mundo dos investimentos","publisher":{"@id":"https:\/\/www.suno.com.br\/noticias\/#organization"},"potentialAction":[{"@type":"SearchAction","target":{"@type":"EntryPoint","urlTemplate":"https:\/\/www.suno.com.br\/noticias\/?s={search_term_string}"},"query-input":{"@type":"PropertyValueSpecification","valueRequired":true,"valueName":"search_term_string"}}],"inLanguage":"pt-BR"},{"@type":"Organization","@id":"https:\/\/www.suno.com.br\/noticias\/#organization","name":"Suno Not\u00edcias","url":"https:\/\/www.suno.com.br\/noticias\/","logo":{"@type":"ImageObject","inLanguage":"pt-BR","@id":"https:\/\/www.suno.com.br\/noticias\/#\/schema\/logo\/image\/","url":"https:\/\/files.sunoresearch.com.br\/n\/uploads\/2021\/09\/suno-logo.png","contentUrl":"https:\/\/files.sunoresearch.com.br\/n\/uploads\/2021\/09\/suno-logo.png","width":180,"height":180,"caption":"Suno Not\u00edcias"},"image":{"@id":"https:\/\/www.suno.com.br\/noticias\/#\/schema\/logo\/image\/"},"sameAs":["https:\/\/facebook.com\/sunoresearch","https:\/\/x.com\/sunoresearch","https:\/\/www.instagram.com\/suno","https:\/\/www.linkedin.com\/company\/suno-research\/","https:\/\/www.youtube.com\/c\/sunoresearch"]},{"@type":"Person","@id":"https:\/\/www.suno.com.br\/noticias\/#\/schema\/person\/06f0d962a6b1c54852e4860f16935600","name":"Bruno Galv\u00e3o","image":{"@type":"ImageObject","inLanguage":"pt-BR","@id":"https:\/\/www.suno.com.br\/noticias\/#\/schema\/person\/image\/","url":"https:\/\/secure.gravatar.com\/avatar\/53598df0b41c00f12f287a912d0e918e?s=96&r=g","contentUrl":"https:\/\/secure.gravatar.com\/avatar\/53598df0b41c00f12f287a912d0e918e?s=96&r=g","caption":"Bruno Galv\u00e3o"},"description":"Escreve para o portal Suno Not\u00edcias. \u00c9 estudante de Jornalismo pela Faculdade C\u00e1sper L\u00edbero e Letras pela USP. Entusiasta de tecnologia e intelig\u00eancia artificial.","url":"https:\/\/www.suno.com.br\/noticias\/author\/bruno-garcia\/"}]}},"default_loop_html":"<div class=\"cardsPage__listCard__boxs\"><div class=\"cardsPage__listCard__boxs__img\"><a href=\"https:\/\/www.suno.com.br\/noticias\/bc-politica-intervencao-mercado-cambio\/\"><img class=\"mask\" src=\"https:\/\/www.suno.com.br\/noticias\/wp-content\/themes\/suno\/resources\/images\/spotlight\/spotlight1img\/bg-mask.png\" alt=\"Image Mask\"\/><img src=\"https:\/\/files.sunoresearch.com.br\/n\/uploads\/2021\/02\/d6cdcbb6-banco-central-400x200.webp\" alt=\"BC n\u00e3o vai mudar pol\u00edtica de interven\u00e7\u00e3o no mercado de c\u00e2mbio, diz diretor\"\/><\/a><span class=\"spotlightCategory\"><a href=\"https:\/\/www.suno.com.br\/noticias\/economia\/\">Economia<\/a><\/span><\/div><div class=\"cardsPage__listCard__boxs__content\"><a href=\"https:\/\/www.suno.com.br\/noticias\/bc-politica-intervencao-mercado-cambio\/\"><h2 class=\"content__title\">BC n\u00e3o vai mudar pol\u00edtica de interven\u00e7\u00e3o no mercado de c\u00e2mbio, diz diretor<\/h2><\/a><div class=\"newsContent__article__meta\"><div class=\"newsContent__article__meta__authorBox\"><a href=\"https:\/\/www.suno.com.br\/noticias\/author\/bruno-garcia\/\" class=\"authorBox__avatar noMobi\"><img src=\"https:\/\/secure.gravatar.com\/avatar\/53598df0b41c00f12f287a912d0e918e?s=96&#038;r=g\" alt=\"Bruno Galv\u00e3o\"><\/a><div class=\"authorBox__name\"><span>por\n\t\t\t<a href=\"https:\/\/www.suno.com.br\/noticias\/author\/bruno-garcia\/\"><span itemprop=\"author\">Bruno Galv\u00e3o<\/span><\/a><\/span><time datetime=\"2021-10-19T22:18:49-03:00\" itemprop=\"datePublished\">19\/10\/2021 22:18<\/time><\/div><\/div><\/div><\/div><\/div>","single_layout":"posts","amp_enabled":true,"_links":{"self":[{"href":"https:\/\/www.suno.com.br\/noticias\/wp-json\/wp\/v2\/posts\/195070"}],"collection":[{"href":"https:\/\/www.suno.com.br\/noticias\/wp-json\/wp\/v2\/posts"}],"about":[{"href":"https:\/\/www.suno.com.br\/noticias\/wp-json\/wp\/v2\/types\/post"}],"author":[{"embeddable":true,"href":"https:\/\/www.suno.com.br\/noticias\/wp-json\/wp\/v2\/users\/118"}],"replies":[{"embeddable":true,"href":"https:\/\/www.suno.com.br\/noticias\/wp-json\/wp\/v2\/comments?post=195070"}],"version-history":[{"count":4,"href":"https:\/\/www.suno.com.br\/noticias\/wp-json\/wp\/v2\/posts\/195070\/revisions"}],"predecessor-version":[{"id":195321,"href":"https:\/\/www.suno.com.br\/noticias\/wp-json\/wp\/v2\/posts\/195070\/revisions\/195321"}],"wp:featuredmedia":[{"embeddable":true,"href":"https:\/\/www.suno.com.br\/noticias\/wp-json\/wp\/v2\/media\/127195"}],"wp:attachment":[{"href":"https:\/\/www.suno.com.br\/noticias\/wp-json\/wp\/v2\/media?parent=195070"}],"wp:term":[{"taxonomy":"category","embeddable":true,"href":"https:\/\/www.suno.com.br\/noticias\/wp-json\/wp\/v2\/categories?post=195070"},{"taxonomy":"post_tag","embeddable":true,"href":"https:\/\/www.suno.com.br\/noticias\/wp-json\/wp\/v2\/tags?post=195070"},{"taxonomy":"suno_strategy","embeddable":true,"href":"https:\/\/www.suno.com.br\/noticias\/wp-json\/wp\/v2\/suno_strategy?post=195070"}],"curies":[{"name":"wp","href":"https:\/\/api.w.org\/{rel}","templated":true}]}}