{"id":195041,"date":"2021-10-19T14:21:39","date_gmt":"2021-10-19T17:21:39","guid":{"rendered":"https:\/\/www.suno.com.br\/noticias\/?p=195041"},"modified":"2021-10-19T14:21:39","modified_gmt":"2021-10-19T17:21:39","slug":"ibovespa-tomba-furo-teto-de-gastos-getnet-gett11-19102021","status":"publish","type":"post","link":"https:\/\/www.suno.com.br\/noticias\/ibovespa-tomba-furo-teto-de-gastos-getnet-gett11-19102021\/","title":{"rendered":"Ibovespa tomba 2% com poss\u00edvel furo do teto de gastos; Getnet (GETT11) dispara isolada"},"content":{"rendered":"<p>O <strong>Ibovespa<\/strong> deixa a onda positiva no exterior de lado e volta a cair nesta ter\u00e7a-feira (19). Hoje, as preocupa\u00e7\u00f5es dizem respeito ao teto de gastos, real\u00e7ando o risco fiscal brasileiro, com o c\u00e2mbio intensificando sua desvaloriza\u00e7\u00e3o.<\/p>\t<div class=\"wrapper-featured-image\">\n\t\t<figure class=\"spotlightImg\">\n\n\t\t\t<picture>\n\t\t\t\t<source media=\"(max-width: 768px)\" srcset=\"https:\/\/files.sunoresearch.com.br\/n\/uploads\/2021\/07\/09d9343b-stock-1863880_1920-400x200.jpg\">\n\t\t\t\t<img loading=\"lazy\" decoding=\"async\" class=\"newsContent__article__imgCapa lazyloadDisabled \" src=\"https:\/\/files.sunoresearch.com.br\/n\/uploads\/2021\/07\/09d9343b-stock-1863880_1920-800x450.jpg\" width=\"800\" height=\"450\" alt=\"Ibovespa tomba 2% com poss\u00edvel furo do teto de gastos; Getnet (GETT11) dispara isolada\" fetchpriority=high \/>\n\t\t\t<\/picture>\n\n\t\t\t<figcaption class=\"wp-caption-text wp-caption-text--show\">Foto: Pixabay<\/figcaption>\n\t\t<\/figure>\n\t<\/div>\n\n\n\t<p>\n\t\t<a href=\"https:\/\/lp.suno.com.br\/planilha-controle-gastos\/\" target=\"_blank\" data-element=\"shortcode-suno-banner\" title=\"Banner SUNO, clique e saiba mais\">\n\t\t\t<picture>\n\t\t\t\t<source media=\"(max-width: 500px)\" srcset=\"https:\/\/files.sunoresearch.com.br\/n\/uploads\/2023\/03\/400x300-Planilha-controle-de-gastos.png\">\n\t\t\t\t<img class=\"newsContent__article__imgCapa newsContent__article__imgCapa--banner\"\n\t\t\t\t\tsrc=\"https:\/\/files.sunoresearch.com.br\/n\/uploads\/2023\/03\/1420x240-Planilha-controle-de-gastos.png\"\n\t\t\t\t\tdata-promo-id=\"101751\"\t\t\t\t\t\t\t\t\t\twidth='1420' height='240'\t\t\t\t\talt=\"https:\/\/files.sunoresearch.com.br\/n\/uploads\/2023\/03\/1420x240-Planilha-controle-de-gastos.png\"\n\t\t\t\t>\n\t\t\t<\/picture>\n\t\t<\/a>\n\t<\/p>\n\n\n<p>Por volta das 13h44, o <a href=\"https:\/\/www.suno.com.br\/artigos\/ibovespa\/\">Ibovespa ca\u00eda 2,34%<\/a>, para 111.752 pontos. O <strong>d\u00f3lar<\/strong>, em contrapartida, segue em alta e avan\u00e7a 1,08% no mesmo hor\u00e1rio, chegando \u00e0 casa de R$ 5,57 na venda. No acumulado de 2021, a divisa estadunidense avan\u00e7a 7% sobre o real.<\/p>\n<p>O destaque positivo do dia, mais uma vez, fica por conta da <strong>Getnet<\/strong> (GETT11). A empresa de maquininhas fez sua cis\u00e3o do <a href=\"https:\/\/www.suno.com.br\/acoes\/sanb11\/\"><strong>Santander<\/strong> (SANB11)<\/a> e, desde que estreou na B3 na v\u00e9spera, j\u00e1 dobrou de pre\u00e7o. Os investidores precificam as a\u00e7\u00f5es da empresa perante seus pares.<\/p>\n<p>As units da companhia, inclusive, j\u00e1 fazem parte do Ibovespa ocupando a \u00faltima posi\u00e7\u00e3o na carteira te\u00f3rica, com uma fatia de 0,03%.<\/p>\n<h3>O que mais movimenta o Ibovespa hoje<\/h3>\n<ul>\n<li><b>Teto de gastos<\/b> sob amea\u00e7a da C\u00e2mara;<\/li>\n<li>Relator descarta <strong>tributa\u00e7\u00e3o de dividendos<\/strong> em reforma no Senado;<\/li>\n<li><b>Petrobras<\/b> nega risco de desabastecimento.<\/li>\n<\/ul>\n<h2>Teto de gastos pode ser furado para acomodar aux\u00edlio<\/h2>\n<p>O presidente da C\u00e2mara, <strong>Arthur Lira<\/strong> (PP-AL), relativizou a import\u00e2ncia do cumprimento das regras fiscais ao defender urg\u00eancia na defini\u00e7\u00e3o do novo programa social do governo em meio \u00e0 press\u00e3o para uma prorroga\u00e7\u00e3o do aux\u00edlio emergencial.<\/p>\n<p>A posi\u00e7\u00e3o de Lira desagrada a equipe econ\u00f4mica do ministro <strong>Paulo Guedes<\/strong>, que trabalha para manter o teto de gastos intacto.<\/p>\n<p>\u201cComo a gente ia justificar\u00a0<strong>furar o teto<\/strong>\u00a0para pagar precat\u00f3rios, e muitos precat\u00f3rios j\u00e1 foram vendidos, est\u00e3o\u00a0<a href=\"https:\/\/www.suno.com.br\/artigos\/fundos-de-investimento\">nas m\u00e3os de fundos de investimentos<\/a>, e n\u00e3o furarmos o teto para um programa (social) ou para um aux\u00edlio? Como, politicamente, n\u00e3o se aprova isso?\u201d, disse o presidente da C\u00e2mara em entrevista \u00e0 revista\u00a0<i>Veja<\/i>.<\/p>\n\t<p>\n\t\t<a href=\"https:\/\/lp.suno.com.br\/planilha-de-controle-de-investimentos\/\" target=\"_blank\" data-element=\"shortcode-suno-banner\" title=\"Banner SUNO, clique e saiba mais\">\n\t\t\t<picture>\n\t\t\t\t<source media=\"(max-width: 500px)\" srcset=\"https:\/\/files.sunoresearch.com.br\/n\/uploads\/2023\/03\/400x300-Controle-de-Investimentos.png\">\n\t\t\t\t<img class=\"newsContent__article__imgCapa newsContent__article__imgCapa--banner\"\n\t\t\t\t\tsrc=\"https:\/\/files.sunoresearch.com.br\/n\/uploads\/2023\/03\/1420x240-Controle-de-Investimentos.png\"\n\t\t\t\t\tdata-promo-id=\"75934\"\t\t\t\t\t\t\t\t\t\twidth='1420' height='240'\t\t\t\t\talt=\"https:\/\/files.sunoresearch.com.br\/n\/uploads\/2023\/03\/1420x240-Controle-de-Investimentos.png\"\n\t\t\t\t>\n\t\t\t<\/picture>\n\t\t<\/a>\n\t<\/p>\n\n\n<p>Segundo ele, esses programas \u201cn\u00e3o s\u00e3o eleitoreiros, s\u00e3o urgentes\u201d. \u201cTemos mais de 20 milh\u00f5es de brasileiros passando literalmente fome\u201d, afirmou. De acordo com o <em>Datafolha<\/em>, o presidente Jair Bolsonaro passa pelo per\u00edodo de maior rejei\u00e7\u00e3o de seu mandato, com cerca de 53% de desaprova\u00e7\u00e3o.<\/p>\n<p>&#8220;Lira revela sua pretens\u00e3o populista ao impor uma dualidade inexistente entre o social e a responsabilidade, como se houvesse um entrave ou que para se fazer pol\u00edtica social tivesse que ser irrespons\u00e1vel&#8221;, comenta \u00c9tore Sanchez, economista-chefe da <strong>Ativa Investimentos<\/strong>.<\/p>\n<p>&#8220;A fala de presidente da C\u00e2mara vem ap\u00f3s rumores sobre a perman\u00eancia de Paulo Guedes. Antes era mais dif\u00edcil indicar o verdadeiro opositor da agenda liberal dentro da pr\u00f3pria base, mas agora um grande l\u00edder se exp\u00f5e criando a polariza\u00e7\u00e3o.&#8221;<\/p>\n<h2>Relator no Senado afirma que vai retirar tributa\u00e7\u00e3o de dividendos da reforma do IR<\/h2>\n<p>A proposta de tributa\u00e7\u00e3o de <a class=\"suno-keyword\" href=\"https:\/\/www.suno.com.br\/guias\/dividendos\/\" target=\"_blank\" rel=\"noopener\" data-force=\"no\" data-priority=\"1\">dividendos<\/a> e lucros ser\u00e1 retirada do texto da<strong> reforma do Imposto de Renda<\/strong> (IR), segundo o relator do projeto no Senado, Angelo Coronel.<\/p>\n<p>Ao participar de uma live promovida pelo Centro de Estudos das Sociedades de Advogados (Cesa) ontem, o relator da proposta de reforma do imposto de renda afirmou: &#8220;<strong>Tributa\u00e7\u00e3o de lucros e dividendos<\/strong>? Isso a\u00ed est\u00e1 fora, jamais.&#8221;<\/p>\n\n\t<div data-element=\"shortcode-read-more\" class=\"readToo\">\n\t\t\t\t<span class=\"readToo__title\">Saiba mais<\/span>\n\t\t\t\t<ul class=\"readToo__list\">\n\t\t\t<li><a href=\"https:\/\/www.suno.com.br\/noticias\/getnet-gett11-dispara-b3-entenda-negocio\/\">Getnet (GETT11) dispara 30% e dobra de pre\u00e7o ap\u00f3s cis\u00e3o; entenda o neg\u00f3cio<\/a><\/li><li><a href=\"https:\/\/www.suno.com.br\/noticias\/edp-enbr3-vende-tres-lotes-transmissao\/\">EDP Brasil (ENBR3) vende tr\u00eas lotes de transmiss\u00e3o avaliados em R$ 1,33 bilh\u00e3o<\/a><\/li>\t\t<\/ul>\n\t<\/div>\n\n\n<p>Na avalia\u00e7\u00e3o dele, o imposto sobre os dividendos\u00a0e lucros levaria ao &#8220;maior contencioso tribut\u00e1rio da hist\u00f3ria&#8221;. Al\u00e9m disso, Coronel criticou o projeto, que considerou como &#8220;pe\u00e7a eleitoreira&#8221;.<\/p>\n<p>Coronel tamb\u00e9m reafirmou que vai retirar da proposta a <strong>tributa\u00e7\u00e3o<\/strong> de lucros e dividendos acumulados, uma vez que eles j\u00e1 foram tributados na empresa em 34%.<\/p>\n<p>&#8220;Estou com minha consci\u00eancia tranquila porque n\u00e3o vou contribuir com o maior contencioso fiscal que vai acontecer no Brasil se esse projeto for aprovado.&#8221;<\/p>\n<h2>Petrobras nega risco de desabastecimento<\/h2>\n<p>A\u00a0<strong><a class=\"suno-keyword\" href=\"https:\/\/www.suno.com.br\/acoes\/PETR4\/\" target=\"_blank\" rel=\"noopener\" data-force=\"yes\" data-priority=\"2\">Petrobras<\/a><\/strong><a class=\"suno-keyword\" href=\"https:\/\/www.suno.com.br\/acoes\/PETR4\/\" target=\"_blank\" rel=\"noopener\" data-force=\"yes\" data-priority=\"2\"> (PETR4)<\/a> divulgou um comunicado ontem \u00e0 noite, negando que haja risco de desabastecimento no pa\u00eds.<\/p>\n<p>A nota foi publicada para, de acordo com a estatal, esclarecer not\u00edcias sobre a possibilidade de cortes de atendimento e pedidos de entrega de combust\u00edveis. O texto do comunicado diz que a empresa est\u00e1 aumentando a produ\u00e7\u00e3o.<\/p>\n\t<p>\n\t\t<a href=\"https:\/\/lp.suno.com.br\/ebook-como-analisar-uma-acao\/\" target=\"_blank\" data-element=\"shortcode-suno-banner\" title=\"Banner SUNO, clique e saiba mais\">\n\t\t\t<picture>\n\t\t\t\t<source media=\"(max-width: 500px)\" srcset=\"https:\/\/files.sunoresearch.com.br\/n\/uploads\/2023\/03\/Ebook-Acoes-Mobile-1.jpg\">\n\t\t\t\t<img class=\"newsContent__article__imgCapa newsContent__article__imgCapa--banner\"\n\t\t\t\t\tsrc=\"https:\/\/files.sunoresearch.com.br\/n\/uploads\/2023\/03\/Ebook-Acoes-Desktop-1.jpg\"\n\t\t\t\t\tdata-promo-id=\"171998\"\t\t\t\t\t\t\t\t\t\twidth='1420' height='286'\t\t\t\t\talt=\"https:\/\/files.sunoresearch.com.br\/n\/uploads\/2023\/03\/Ebook-Acoes-Desktop-1.jpg\"\n\t\t\t\t>\n\t\t\t<\/picture>\n\t\t<\/a>\n\t<\/p>\n\n\n<p>A companhia destacou os investimentos em seu parque para aumentar a capacidade de processar economicamente o petr\u00f3leo bruto brasileiro mais pesado.<\/p>\n<p>Contudo, a companhia fez um alerta sobre a demanda. \u201cPara o m\u00eas de novembro, a Petrobras recebeu pedidos muito acima dos meses anteriores e de sua capacidade de produ\u00e7\u00e3o. Apenas com muita anteced\u00eancia, a Petrobras conseguiria se programar para atender essa demanda at\u00edpica.<\/p>\n<h2>Maiores altas do Ibovespa<\/h2>\n<p>Confira as \u00fanicas altas do <strong>\u00edndice Ibovespa<\/strong>, por volta das 14h10:<\/p>\n<ul>\n<li><a href=\"https:\/\/www.suno.com.br\/noticias\/getnet-gett11-dispara-b3-entenda-negocio\/\">Getnet (GETT11)<\/a>: +23,83%<\/li>\n<li><a href=\"https:\/\/www.suno.com.br\/acoes\/prio3\/\"><strong>PetroRio<\/strong> (PRIO3)<\/a>: +1,47%<\/li>\n<li><a href=\"https:\/\/www.suno.com.br\/acoes\/pcar3\/\"><strong>P\u00e3o de A\u00e7\u00facar<\/strong> (PCAR3)<\/a>: +0,24%<\/li>\n<li><a href=\"https:\/\/www.suno.com.br\/acoes\/amer3\/\"><strong>Americanas<\/strong> (AMER3)<\/a>: +0,05%<\/li>\n<\/ul>\n<h2>Maiores baixas do Ibovespa<\/h2>\n<p>No mesmo hor\u00e1rio, as <strong>baixas do Ibovespa<\/strong>, eram:<\/p>\n<ul>\n<li><a href=\"https:\/\/www.suno.com.br\/acoes\/yduq3\/\"><strong>YDUQS<\/strong> (YDUQ3)<\/a>: -6,18%<\/li>\n<li><a href=\"https:\/\/www.suno.com.br\/acoes\/cash3\/\"><strong>M\u00e9liuz<\/strong> (CASH3)<\/a>: -6,41%<\/li>\n<li><a href=\"https:\/\/www.suno.com.br\/acoes\/soma3\/\"><strong>Grupo Soma<\/strong> (SOMA3)<\/a>: -6,42%<\/li>\n<li><a href=\"https:\/\/www.suno.com.br\/acoes\/azul4\/\"><strong>Azul<\/strong> (AZUL4)<\/a>: -6,49%<\/li>\n<li><a href=\"https:\/\/www.suno.com.br\/acoes\/ciel3\/\"><strong>Cielo<\/strong> (CIEL3)<\/a>: -6,51%<\/li>\n<\/ul>\n<h2>Bolsas mundiais<\/h2>\n<p><span style=\"font-weight: 400;\">Al\u00e9m do <strong>\u00edndice Bovespa<\/strong>, confira a cota\u00e7\u00e3o dos principais \u00edndices mundiais nesta tarde:<\/span><\/p>\n<ul>\n<li>S&amp;P 500: +0,69%<\/li>\n<li><a href=\"https:\/\/www.suno.com.br\/artigos\/dax-30\/\">DAX 30<\/a> (Alemanha): +0,27%<\/li>\n<li><a href=\"https:\/\/www.suno.com.br\/artigos\/ftse-100\/\">FTSE 100<\/a> (Inglaterra): +0,19%<\/li>\n<li><a href=\"https:\/\/www.suno.com.br\/artigos\/euro-stoxx-50\/\">Euro Stoxx 50<\/a>: +0,37%<\/li>\n<li>SSE Composite (Xangai): +0,70% (fechada)<\/li>\n<li><a href=\"https:\/\/www.suno.com.br\/artigos\/nikkei-225\/\">Nikkei 225<\/a> (Jap\u00e3o): +0,65% (fechada)<\/li>\n<\/ul>\n<h2>\u00daltima cota\u00e7\u00e3o do Ibovespa<\/h2>\n<p>Da mesma forma que o <strong>Ibovespa hoje<\/strong>, o \u00edndice acion\u00e1rio encerrou as negocia\u00e7\u00f5es na \u00faltima segunda com uma queda de 0,19%, aos 114.428,18 pontos.<\/p>\n\t<p>\n\t\t<a href=\"https:\/\/lp.suno.com.br\/planilha-de-controle-de-investimentos\/\" target=\"_blank\" data-element=\"shortcode-suno-banner\" title=\"Banner SUNO, clique e saiba mais\">\n\t\t\t<picture>\n\t\t\t\t<source media=\"(max-width: 500px)\" srcset=\"https:\/\/files.sunoresearch.com.br\/n\/uploads\/2023\/03\/400x300-Controle-de-Investimentos.png\">\n\t\t\t\t<img class=\"newsContent__article__imgCapa newsContent__article__imgCapa--banner\"\n\t\t\t\t\tsrc=\"https:\/\/files.sunoresearch.com.br\/n\/uploads\/2023\/03\/1420x240-Controle-de-Investimentos.png\"\n\t\t\t\t\tdata-promo-id=\"75934\"\t\t\t\t\t\t\t\t\t\twidth='1420' height='240'\t\t\t\t\talt=\"https:\/\/files.sunoresearch.com.br\/n\/uploads\/2023\/03\/1420x240-Controle-de-Investimentos.png\"\n\t\t\t\t>\n\t\t\t<\/picture>\n\t\t<\/a>\n\t<\/p>\n\n\n","protected":false},"excerpt":{"rendered":"<p>O Ibovespa deixa a onda positiva no exterior de lado e volta a cair nesta ter\u00e7a-feira (19). Hoje, as preocupa\u00e7\u00f5es dizem respeito ao teto de gastos, real\u00e7ando o risco fiscal brasileiro, com o c\u00e2mbio intensificando sua desvaloriza\u00e7\u00e3o. Sede da EDP Brasil. Foto: Divulga\u00e7\u00e3o Por volta das 13h44, o Ibovespa ca\u00eda 2,34%, para 111.752 pontos. O [&hellip;]<\/p>\n","protected":false},"author":24,"featured_media":165032,"comment_status":"closed","ping_status":"closed","sticky":false,"template":"","format":"standard","meta":[],"categories":[60],"tags":[1937,105816,721],"suno_strategy":[],"class_list":["post-195041","post","type-post","status-publish","format-standard","has-post-thumbnail","hentry","category-mercado","tag-bolsa-de-valores-de-sao-paulo-b3","tag-especialistas","tag-ibovespa"],"yoast_head":"<!-- This site is optimized with the Yoast SEO plugin v24.4 - https:\/\/yoast.com\/wordpress\/plugins\/seo\/ -->\n<title>Ibovespa tomba 2% com poss\u00edvel furo do teto de gastos no radar<\/title>\n<meta name=\"description\" content=\"O Ibovespa deixa a onda positiva no exterior de lado e volta a cair nesta ter\u00e7a-feira (19), com o mercado atento ao teto de gastos. Confira.\" \/>\n<meta name=\"robots\" content=\"index, follow, max-snippet:-1, max-image-preview:large, max-video-preview:-1\" \/>\n<link rel=\"canonical\" href=\"https:\/\/www.suno.com.br\/noticias\/ibovespa-tomba-furo-teto-de-gastos-getnet-gett11-19102021\/\" \/>\n<meta property=\"og:locale\" content=\"pt_BR\" \/>\n<meta property=\"og:type\" content=\"article\" \/>\n<meta property=\"og:title\" content=\"Ibovespa tomba 2% com poss\u00edvel furo do teto de gastos no radar\" \/>\n<meta property=\"og:description\" content=\"O Ibovespa deixa a onda positiva no exterior de lado e volta a cair nesta ter\u00e7a-feira (19), com o mercado atento ao teto de gastos. Confira.\" \/>\n<meta property=\"og:url\" content=\"https:\/\/www.suno.com.br\/noticias\/ibovespa-tomba-furo-teto-de-gastos-getnet-gett11-19102021\/\" \/>\n<meta property=\"og:site_name\" content=\"Suno Not\u00edcias\" \/>\n<meta property=\"article:publisher\" content=\"https:\/\/facebook.com\/sunoresearch\" \/>\n<meta property=\"og:image\" content=\"https:\/\/files.sunoresearch.com.br\/n\/uploads\/2021\/07\/09d9343b-stock-1863880_1920.jpg\" \/>\n\t<meta property=\"og:image:width\" content=\"1920\" \/>\n\t<meta property=\"og:image:height\" content=\"1280\" \/>\n\t<meta property=\"og:image:type\" content=\"image\/jpeg\" \/>\n<meta name=\"author\" content=\"Jader Lazarini\" \/>\n<meta name=\"twitter:card\" content=\"summary_large_image\" \/>\n<meta name=\"twitter:creator\" content=\"@sunoresearch\" \/>\n<meta name=\"twitter:site\" content=\"@sunoresearch\" \/>\n<meta name=\"twitter:label1\" content=\"Escrito por\" \/>\n\t<meta name=\"twitter:data1\" content=\"Jader Lazarini\" \/>\n\t<meta name=\"twitter:label2\" content=\"Est. tempo de leitura\" \/>\n\t<meta name=\"twitter:data2\" content=\"4 minutos\" \/>\n<script type=\"application\/ld+json\" class=\"yoast-schema-graph\">{\"@context\":\"https:\/\/schema.org\",\"@graph\":[{\"@type\":\"NewsArticle\",\"@id\":\"https:\/\/www.suno.com.br\/noticias\/ibovespa-tomba-furo-teto-de-gastos-getnet-gett11-19102021\/#article\",\"isPartOf\":{\"@id\":\"https:\/\/www.suno.com.br\/noticias\/ibovespa-tomba-furo-teto-de-gastos-getnet-gett11-19102021\/\"},\"author\":{\"name\":\"Jader Lazarini\",\"@id\":\"https:\/\/www.suno.com.br\/noticias\/#\/schema\/person\/918d79de1f0281f01599b93f9ea6e23f\"},\"headline\":\"Ibovespa tomba 2% com poss\u00edvel furo do teto de gastos; Getnet (GETT11) dispara isolada\",\"datePublished\":\"2021-10-19T17:21:39+00:00\",\"mainEntityOfPage\":{\"@id\":\"https:\/\/www.suno.com.br\/noticias\/ibovespa-tomba-furo-teto-de-gastos-getnet-gett11-19102021\/\"},\"wordCount\":913,\"publisher\":{\"@id\":\"https:\/\/www.suno.com.br\/noticias\/#organization\"},\"image\":{\"@id\":\"https:\/\/www.suno.com.br\/noticias\/ibovespa-tomba-furo-teto-de-gastos-getnet-gett11-19102021\/#primaryimage\"},\"thumbnailUrl\":\"https:\/\/files.sunoresearch.com.br\/n\/uploads\/2021\/07\/09d9343b-stock-1863880_1920.jpg\",\"keywords\":[\"Bolsa de Valores de S\u00e3o Paulo (B3)\",\"Especialistas\",\"Ibovespa\"],\"articleSection\":[\"Mercado\"],\"inLanguage\":\"pt-BR\"},{\"@type\":\"WebPage\",\"@id\":\"https:\/\/www.suno.com.br\/noticias\/ibovespa-tomba-furo-teto-de-gastos-getnet-gett11-19102021\/\",\"url\":\"https:\/\/www.suno.com.br\/noticias\/ibovespa-tomba-furo-teto-de-gastos-getnet-gett11-19102021\/\",\"name\":\"Ibovespa tomba 2% com poss\u00edvel furo do teto de gastos no radar\",\"isPartOf\":{\"@id\":\"https:\/\/www.suno.com.br\/noticias\/#website\"},\"primaryImageOfPage\":{\"@id\":\"https:\/\/www.suno.com.br\/noticias\/ibovespa-tomba-furo-teto-de-gastos-getnet-gett11-19102021\/#primaryimage\"},\"image\":{\"@id\":\"https:\/\/www.suno.com.br\/noticias\/ibovespa-tomba-furo-teto-de-gastos-getnet-gett11-19102021\/#primaryimage\"},\"thumbnailUrl\":\"https:\/\/files.sunoresearch.com.br\/n\/uploads\/2021\/07\/09d9343b-stock-1863880_1920.jpg\",\"datePublished\":\"2021-10-19T17:21:39+00:00\",\"description\":\"O Ibovespa deixa a onda positiva no exterior de lado e volta a cair nesta ter\u00e7a-feira (19), com o mercado atento ao teto de gastos. Confira.\",\"breadcrumb\":{\"@id\":\"https:\/\/www.suno.com.br\/noticias\/ibovespa-tomba-furo-teto-de-gastos-getnet-gett11-19102021\/#breadcrumb\"},\"inLanguage\":\"pt-BR\",\"potentialAction\":[{\"@type\":\"ReadAction\",\"target\":[\"https:\/\/www.suno.com.br\/noticias\/ibovespa-tomba-furo-teto-de-gastos-getnet-gett11-19102021\/\"]}]},{\"@type\":\"ImageObject\",\"inLanguage\":\"pt-BR\",\"@id\":\"https:\/\/www.suno.com.br\/noticias\/ibovespa-tomba-furo-teto-de-gastos-getnet-gett11-19102021\/#primaryimage\",\"url\":\"https:\/\/files.sunoresearch.com.br\/n\/uploads\/2021\/07\/09d9343b-stock-1863880_1920.jpg\",\"contentUrl\":\"https:\/\/files.sunoresearch.com.br\/n\/uploads\/2021\/07\/09d9343b-stock-1863880_1920.jpg\",\"width\":1920,\"height\":1280,\"caption\":\"Foto: Pixabay\"},{\"@type\":\"BreadcrumbList\",\"@id\":\"https:\/\/www.suno.com.br\/noticias\/ibovespa-tomba-furo-teto-de-gastos-getnet-gett11-19102021\/#breadcrumb\",\"itemListElement\":[{\"@type\":\"ListItem\",\"position\":1,\"name\":\"Not\u00edcias\",\"item\":\"https:\/\/www.suno.com.br\/noticias\/\"},{\"@type\":\"ListItem\",\"position\":2,\"name\":\"Mercado\",\"item\":\"https:\/\/www.suno.com.br\/noticias\/mercado\/\"},{\"@type\":\"ListItem\",\"position\":3,\"name\":\"Ibovespa tomba 2% com poss\u00edvel furo do teto de gastos; Getnet (GETT11) dispara isolada\"}]},{\"@type\":\"WebSite\",\"@id\":\"https:\/\/www.suno.com.br\/noticias\/#website\",\"url\":\"https:\/\/www.suno.com.br\/noticias\/\",\"name\":\"Suno Not\u00edcias\",\"description\":\"Seu portal de informa\u00e7\u00e3o sobre o mundo dos investimentos\",\"publisher\":{\"@id\":\"https:\/\/www.suno.com.br\/noticias\/#organization\"},\"potentialAction\":[{\"@type\":\"SearchAction\",\"target\":{\"@type\":\"EntryPoint\",\"urlTemplate\":\"https:\/\/www.suno.com.br\/noticias\/?s={search_term_string}\"},\"query-input\":{\"@type\":\"PropertyValueSpecification\",\"valueRequired\":true,\"valueName\":\"search_term_string\"}}],\"inLanguage\":\"pt-BR\"},{\"@type\":\"Organization\",\"@id\":\"https:\/\/www.suno.com.br\/noticias\/#organization\",\"name\":\"Suno Not\u00edcias\",\"url\":\"https:\/\/www.suno.com.br\/noticias\/\",\"logo\":{\"@type\":\"ImageObject\",\"inLanguage\":\"pt-BR\",\"@id\":\"https:\/\/www.suno.com.br\/noticias\/#\/schema\/logo\/image\/\",\"url\":\"https:\/\/files.sunoresearch.com.br\/n\/uploads\/2021\/09\/suno-logo.png\",\"contentUrl\":\"https:\/\/files.sunoresearch.com.br\/n\/uploads\/2021\/09\/suno-logo.png\",\"width\":180,\"height\":180,\"caption\":\"Suno Not\u00edcias\"},\"image\":{\"@id\":\"https:\/\/www.suno.com.br\/noticias\/#\/schema\/logo\/image\/\"},\"sameAs\":[\"https:\/\/facebook.com\/sunoresearch\",\"https:\/\/x.com\/sunoresearch\",\"https:\/\/www.instagram.com\/suno\",\"https:\/\/www.linkedin.com\/company\/suno-research\/\",\"https:\/\/www.youtube.com\/c\/sunoresearch\"]},{\"@type\":\"Person\",\"@id\":\"https:\/\/www.suno.com.br\/noticias\/#\/schema\/person\/918d79de1f0281f01599b93f9ea6e23f\",\"name\":\"Jader Lazarini\",\"image\":{\"@type\":\"ImageObject\",\"inLanguage\":\"pt-BR\",\"@id\":\"https:\/\/www.suno.com.br\/noticias\/#\/schema\/person\/image\/\",\"url\":\"https:\/\/secure.gravatar.com\/avatar\/3c1ad8caa51589841baeb923fcddea97?s=96&r=g\",\"contentUrl\":\"https:\/\/secure.gravatar.com\/avatar\/3c1ad8caa51589841baeb923fcddea97?s=96&r=g\",\"caption\":\"Jader Lazarini\"},\"description\":\"Jader Lazarini escreve sobre investimentos, finan\u00e7as, economia e neg\u00f3cios. \u00c9 bacharel em Rela\u00e7\u00f5es Internacionais e analista CNPI (2619).\",\"url\":\"https:\/\/www.suno.com.br\/noticias\/author\/jader-lazarini\/\"}]}<\/script>\n<!-- \/ Yoast SEO plugin. -->","yoast_head_json":{"title":"Ibovespa tomba 2% com poss\u00edvel furo do teto de gastos no radar","description":"O Ibovespa deixa a onda positiva no exterior de lado e volta a cair nesta ter\u00e7a-feira (19), com o mercado atento ao teto de gastos. Confira.","robots":{"index":"index","follow":"follow","max-snippet":"max-snippet:-1","max-image-preview":"max-image-preview:large","max-video-preview":"max-video-preview:-1"},"canonical":"https:\/\/www.suno.com.br\/noticias\/ibovespa-tomba-furo-teto-de-gastos-getnet-gett11-19102021\/","og_locale":"pt_BR","og_type":"article","og_title":"Ibovespa tomba 2% com poss\u00edvel furo do teto de gastos no radar","og_description":"O Ibovespa deixa a onda positiva no exterior de lado e volta a cair nesta ter\u00e7a-feira (19), com o mercado atento ao teto de gastos. Confira.","og_url":"https:\/\/www.suno.com.br\/noticias\/ibovespa-tomba-furo-teto-de-gastos-getnet-gett11-19102021\/","og_site_name":"Suno Not\u00edcias","article_publisher":"https:\/\/facebook.com\/sunoresearch","og_image":[{"width":1920,"height":1280,"url":"https:\/\/files.sunoresearch.com.br\/n\/uploads\/2021\/07\/09d9343b-stock-1863880_1920.jpg","type":"image\/jpeg"}],"author":"Jader Lazarini","twitter_card":"summary_large_image","twitter_creator":"@sunoresearch","twitter_site":"@sunoresearch","twitter_misc":{"Escrito por":"Jader Lazarini","Est. tempo de leitura":"4 minutos"},"schema":{"@context":"https:\/\/schema.org","@graph":[{"@type":"NewsArticle","@id":"https:\/\/www.suno.com.br\/noticias\/ibovespa-tomba-furo-teto-de-gastos-getnet-gett11-19102021\/#article","isPartOf":{"@id":"https:\/\/www.suno.com.br\/noticias\/ibovespa-tomba-furo-teto-de-gastos-getnet-gett11-19102021\/"},"author":{"name":"Jader Lazarini","@id":"https:\/\/www.suno.com.br\/noticias\/#\/schema\/person\/918d79de1f0281f01599b93f9ea6e23f"},"headline":"Ibovespa tomba 2% com poss\u00edvel furo do teto de gastos; Getnet (GETT11) dispara isolada","datePublished":"2021-10-19T17:21:39+00:00","mainEntityOfPage":{"@id":"https:\/\/www.suno.com.br\/noticias\/ibovespa-tomba-furo-teto-de-gastos-getnet-gett11-19102021\/"},"wordCount":913,"publisher":{"@id":"https:\/\/www.suno.com.br\/noticias\/#organization"},"image":{"@id":"https:\/\/www.suno.com.br\/noticias\/ibovespa-tomba-furo-teto-de-gastos-getnet-gett11-19102021\/#primaryimage"},"thumbnailUrl":"https:\/\/files.sunoresearch.com.br\/n\/uploads\/2021\/07\/09d9343b-stock-1863880_1920.jpg","keywords":["Bolsa de Valores de S\u00e3o Paulo (B3)","Especialistas","Ibovespa"],"articleSection":["Mercado"],"inLanguage":"pt-BR"},{"@type":"WebPage","@id":"https:\/\/www.suno.com.br\/noticias\/ibovespa-tomba-furo-teto-de-gastos-getnet-gett11-19102021\/","url":"https:\/\/www.suno.com.br\/noticias\/ibovespa-tomba-furo-teto-de-gastos-getnet-gett11-19102021\/","name":"Ibovespa tomba 2% com poss\u00edvel furo do teto de gastos no radar","isPartOf":{"@id":"https:\/\/www.suno.com.br\/noticias\/#website"},"primaryImageOfPage":{"@id":"https:\/\/www.suno.com.br\/noticias\/ibovespa-tomba-furo-teto-de-gastos-getnet-gett11-19102021\/#primaryimage"},"image":{"@id":"https:\/\/www.suno.com.br\/noticias\/ibovespa-tomba-furo-teto-de-gastos-getnet-gett11-19102021\/#primaryimage"},"thumbnailUrl":"https:\/\/files.sunoresearch.com.br\/n\/uploads\/2021\/07\/09d9343b-stock-1863880_1920.jpg","datePublished":"2021-10-19T17:21:39+00:00","description":"O Ibovespa deixa a onda positiva no exterior de lado e volta a cair nesta ter\u00e7a-feira (19), com o mercado atento ao teto de gastos. Confira.","breadcrumb":{"@id":"https:\/\/www.suno.com.br\/noticias\/ibovespa-tomba-furo-teto-de-gastos-getnet-gett11-19102021\/#breadcrumb"},"inLanguage":"pt-BR","potentialAction":[{"@type":"ReadAction","target":["https:\/\/www.suno.com.br\/noticias\/ibovespa-tomba-furo-teto-de-gastos-getnet-gett11-19102021\/"]}]},{"@type":"ImageObject","inLanguage":"pt-BR","@id":"https:\/\/www.suno.com.br\/noticias\/ibovespa-tomba-furo-teto-de-gastos-getnet-gett11-19102021\/#primaryimage","url":"https:\/\/files.sunoresearch.com.br\/n\/uploads\/2021\/07\/09d9343b-stock-1863880_1920.jpg","contentUrl":"https:\/\/files.sunoresearch.com.br\/n\/uploads\/2021\/07\/09d9343b-stock-1863880_1920.jpg","width":1920,"height":1280,"caption":"Foto: Pixabay"},{"@type":"BreadcrumbList","@id":"https:\/\/www.suno.com.br\/noticias\/ibovespa-tomba-furo-teto-de-gastos-getnet-gett11-19102021\/#breadcrumb","itemListElement":[{"@type":"ListItem","position":1,"name":"Not\u00edcias","item":"https:\/\/www.suno.com.br\/noticias\/"},{"@type":"ListItem","position":2,"name":"Mercado","item":"https:\/\/www.suno.com.br\/noticias\/mercado\/"},{"@type":"ListItem","position":3,"name":"Ibovespa tomba 2% com poss\u00edvel furo do teto de gastos; Getnet (GETT11) dispara isolada"}]},{"@type":"WebSite","@id":"https:\/\/www.suno.com.br\/noticias\/#website","url":"https:\/\/www.suno.com.br\/noticias\/","name":"Suno Not\u00edcias","description":"Seu portal de informa\u00e7\u00e3o sobre o mundo dos investimentos","publisher":{"@id":"https:\/\/www.suno.com.br\/noticias\/#organization"},"potentialAction":[{"@type":"SearchAction","target":{"@type":"EntryPoint","urlTemplate":"https:\/\/www.suno.com.br\/noticias\/?s={search_term_string}"},"query-input":{"@type":"PropertyValueSpecification","valueRequired":true,"valueName":"search_term_string"}}],"inLanguage":"pt-BR"},{"@type":"Organization","@id":"https:\/\/www.suno.com.br\/noticias\/#organization","name":"Suno Not\u00edcias","url":"https:\/\/www.suno.com.br\/noticias\/","logo":{"@type":"ImageObject","inLanguage":"pt-BR","@id":"https:\/\/www.suno.com.br\/noticias\/#\/schema\/logo\/image\/","url":"https:\/\/files.sunoresearch.com.br\/n\/uploads\/2021\/09\/suno-logo.png","contentUrl":"https:\/\/files.sunoresearch.com.br\/n\/uploads\/2021\/09\/suno-logo.png","width":180,"height":180,"caption":"Suno Not\u00edcias"},"image":{"@id":"https:\/\/www.suno.com.br\/noticias\/#\/schema\/logo\/image\/"},"sameAs":["https:\/\/facebook.com\/sunoresearch","https:\/\/x.com\/sunoresearch","https:\/\/www.instagram.com\/suno","https:\/\/www.linkedin.com\/company\/suno-research\/","https:\/\/www.youtube.com\/c\/sunoresearch"]},{"@type":"Person","@id":"https:\/\/www.suno.com.br\/noticias\/#\/schema\/person\/918d79de1f0281f01599b93f9ea6e23f","name":"Jader Lazarini","image":{"@type":"ImageObject","inLanguage":"pt-BR","@id":"https:\/\/www.suno.com.br\/noticias\/#\/schema\/person\/image\/","url":"https:\/\/secure.gravatar.com\/avatar\/3c1ad8caa51589841baeb923fcddea97?s=96&r=g","contentUrl":"https:\/\/secure.gravatar.com\/avatar\/3c1ad8caa51589841baeb923fcddea97?s=96&r=g","caption":"Jader Lazarini"},"description":"Jader Lazarini escreve sobre investimentos, finan\u00e7as, economia e neg\u00f3cios. \u00c9 bacharel em Rela\u00e7\u00f5es Internacionais e analista CNPI (2619).","url":"https:\/\/www.suno.com.br\/noticias\/author\/jader-lazarini\/"}]}},"default_loop_html":"<div class=\"cardsPage__listCard__boxs\"><div class=\"cardsPage__listCard__boxs__img\"><a href=\"https:\/\/www.suno.com.br\/noticias\/edp-enbr3-vende-tres-lotes-transmissao\/\"><img class=\"mask\" src=\"https:\/\/www.suno.com.br\/noticias\/wp-content\/themes\/suno\/resources\/images\/spotlight\/spotlight1img\/bg-mask.png\" alt=\"Image Mask\"\/><img src=\"https:\/\/files.sunoresearch.com.br\/n\/uploads\/2021\/03\/c72bcd9b-edp-brasil-3-400x200.webp\" alt=\"EDP Brasil (ENBR3) vende tr\u00eas lotes de transmiss\u00e3o avaliados em R$ 1,33 bilh\u00e3o\"\/><\/a><span class=\"spotlightCategory\"><a href=\"https:\/\/www.suno.com.br\/noticias\/negocios\/\">Neg\u00f3cios<\/a><\/span><\/div><div class=\"cardsPage__listCard__boxs__content\"><a href=\"https:\/\/www.suno.com.br\/noticias\/edp-enbr3-vende-tres-lotes-transmissao\/\"><h2 class=\"content__title\">EDP Brasil (ENBR3) vende tr\u00eas lotes de transmiss\u00e3o avaliados em R$ 1,33 bilh\u00e3o<\/h2><\/a><div class=\"newsContent__article__meta\"><div class=\"newsContent__article__meta__authorBox\"><a href=\"https:\/\/www.suno.com.br\/noticias\/author\/monique-lima\/\" class=\"authorBox__avatar noMobi\"><img src=\"https:\/\/secure.gravatar.com\/avatar\/daee7f16d906c2e9ffed236206ca2c30?s=96&#038;r=g\" alt=\"Monique Lima\"><\/a><div class=\"authorBox__name\"><span>por\n\t\t\t<a href=\"https:\/\/www.suno.com.br\/noticias\/author\/monique-lima\/\"><span itemprop=\"author\">Monique Lima<\/span><\/a><\/span><time datetime=\"2021-10-19T10:53:19-03:00\" itemprop=\"datePublished\">19\/10\/2021 10:53<\/time><\/div><\/div><\/div><\/div><\/div>","single_layout":"posts","amp_enabled":true,"_links":{"self":[{"href":"https:\/\/www.suno.com.br\/noticias\/wp-json\/wp\/v2\/posts\/195041"}],"collection":[{"href":"https:\/\/www.suno.com.br\/noticias\/wp-json\/wp\/v2\/posts"}],"about":[{"href":"https:\/\/www.suno.com.br\/noticias\/wp-json\/wp\/v2\/types\/post"}],"author":[{"embeddable":true,"href":"https:\/\/www.suno.com.br\/noticias\/wp-json\/wp\/v2\/users\/24"}],"replies":[{"embeddable":true,"href":"https:\/\/www.suno.com.br\/noticias\/wp-json\/wp\/v2\/comments?post=195041"}],"version-history":[{"count":2,"href":"https:\/\/www.suno.com.br\/noticias\/wp-json\/wp\/v2\/posts\/195041\/revisions"}],"predecessor-version":[{"id":195065,"href":"https:\/\/www.suno.com.br\/noticias\/wp-json\/wp\/v2\/posts\/195041\/revisions\/195065"}],"wp:featuredmedia":[{"embeddable":true,"href":"https:\/\/www.suno.com.br\/noticias\/wp-json\/wp\/v2\/media\/165032"}],"wp:attachment":[{"href":"https:\/\/www.suno.com.br\/noticias\/wp-json\/wp\/v2\/media?parent=195041"}],"wp:term":[{"taxonomy":"category","embeddable":true,"href":"https:\/\/www.suno.com.br\/noticias\/wp-json\/wp\/v2\/categories?post=195041"},{"taxonomy":"post_tag","embeddable":true,"href":"https:\/\/www.suno.com.br\/noticias\/wp-json\/wp\/v2\/tags?post=195041"},{"taxonomy":"suno_strategy","embeddable":true,"href":"https:\/\/www.suno.com.br\/noticias\/wp-json\/wp\/v2\/suno_strategy?post=195041"}],"curies":[{"name":"wp","href":"https:\/\/api.w.org\/{rel}","templated":true}]}}