{"id":195015,"date":"2021-10-26T07:17:01","date_gmt":"2021-10-26T10:17:01","guid":{"rendered":"https:\/\/www.suno.com.br\/noticias\/?p=195015"},"modified":"2021-10-26T07:17:01","modified_gmt":"2021-10-26T10:17:01","slug":"inflacao-2022-tendencia-ipca","status":"publish","type":"post","link":"https:\/\/www.suno.com.br\/noticias\/inflacao-2022-tendencia-ipca\/","title":{"rendered":"IPCA deve recuar a partir de meados de 2022; veja as perspectivas"},"content":{"rendered":"<p>Batendo os dois d\u00edgitos neste ano com pre\u00e7os excessivamente altos, a infla\u00e7\u00e3o foi um dos grandes drivers dos mercados e gerou tens\u00f5es no ano que termina em pouco mais de sessenta dias. Com um impacto direto na cadeia de produ\u00e7\u00e3o, o <a href=\"https:\/\/www.suno.com.br\/artigos\/inflacao\">\u00cdndice de Pre\u00e7os ao Consumidor Amplo (<strong>IPCA<\/strong>)<\/a> deixou praticamente tudo mais caro &#8211; e deve arrefecer e cair somente a partir da metade no ano que vem.<\/p>\t<div class=\"wrapper-featured-image\">\n\t\t<figure class=\"spotlightImg\">\n\n\t\t\t<picture>\n\t\t\t\t<source media=\"(max-width: 768px)\" srcset=\"https:\/\/files.sunoresearch.com.br\/n\/uploads\/2021\/10\/jordan-g17b673dbe_1920-400x200.jpg\">\n\t\t\t\t<img loading=\"lazy\" decoding=\"async\" class=\"newsContent__article__imgCapa lazyloadDisabled \" src=\"https:\/\/files.sunoresearch.com.br\/n\/uploads\/2021\/10\/jordan-g17b673dbe_1920-800x450.jpg\" width=\"800\" height=\"450\" alt=\"IPCA deve recuar a partir de meados de 2022; veja as perspectivas\" fetchpriority=high \/>\n\t\t\t<\/picture>\n\n\t\t\t<figcaption class=\"wp-caption-text wp-caption-text--show\">Com desacelera\u00e7\u00e3o e infla\u00e7\u00e3o, pre\u00e7os de produ\u00e7\u00e3o e transporte escalaram drasticamente, com mais de 430% de alta no frete mar\u00edtimo, por exemplo - Foto: Pixabay<\/figcaption>\n\t\t<\/figure>\n\t<\/div>\n\n\n\t<p>\n\t\t<a href=\"https:\/\/lp.suno.com.br\/planilha-controle-gastos\/\" target=\"_blank\" data-element=\"shortcode-suno-banner\" title=\"Banner SUNO, clique e saiba mais\">\n\t\t\t<picture>\n\t\t\t\t<source media=\"(max-width: 500px)\" srcset=\"https:\/\/files.sunoresearch.com.br\/n\/uploads\/2023\/03\/400x300-Planilha-controle-de-gastos.png\">\n\t\t\t\t<img class=\"newsContent__article__imgCapa newsContent__article__imgCapa--banner\"\n\t\t\t\t\tsrc=\"https:\/\/files.sunoresearch.com.br\/n\/uploads\/2023\/03\/1420x240-Planilha-controle-de-gastos.png\"\n\t\t\t\t\tdata-promo-id=\"101751\"\t\t\t\t\t\t\t\t\t\twidth='1420' height='240'\t\t\t\t\talt=\"https:\/\/files.sunoresearch.com.br\/n\/uploads\/2023\/03\/1420x240-Planilha-controle-de-gastos.png\"\n\t\t\t\t>\n\t\t\t<\/picture>\n\t\t<\/a>\n\t<\/p>\n\n\n<p>Com base nesta expectativa, as principais corretoras, casas de an\u00e1lise e bancos projetam uma <a href=\"https:\/\/www.suno.com.br\/guias\/taxa-selic\/\"><strong>Selic<\/strong> &#8211; o principal instrumento para lidar com a <strong>infla\u00e7\u00e3o<\/strong><\/a> &#8211; pr\u00f3xima de 8% no fim de 2021.<\/p>\n<p>Apesar disso, as proje\u00e7\u00f5es tiveram mudan\u00e7as dr\u00e1sticas ainda na \u00faltima semana devido \u00e0 escalada do risco fiscal e \u00e0 possibilidade de o Governo Federal furar o teto de gastos.<\/p>\n<p>Para a pr\u00f3xima reuni\u00e3o do <strong>Copom<\/strong>, que come\u00e7a hoje, o UBS v\u00ea o aumento em 150 pontos base e projeta que a <strong>taxa Selic<\/strong> deva encerrar 2021 a 9,25% ao ano (a.a), ante os 8,25% esperados antes.<\/p>\n<p>Para o pr\u00f3ximo ano, a estimativa \u00e9 de 10,25% a.a. Por sua vez, o Credit Suisse agora estima que a Selic seja de 8,75% no final do ano e 10,5% no pr\u00f3ximo ano.<\/p>\n<p>Essa mudan\u00e7a nos juros, por \u00f3bvio, podem alterar o <strong>cen\u00e1rio de infla\u00e7\u00e3o.<\/strong><\/p>\n<h2>Pol\u00edtica fiscal acrescenta risco ao cen\u00e1rio<\/h2>\n<p>&#8220;Na semana passada, tivemos muitos ru\u00eddos pol\u00edticos, boatos, sa\u00edda de membros da equipe econ\u00f4mica, tudo isso traz volatilidade. A ideia de driblarmos o teto dos gastos, dar aquele \u201cjeitinho\u201d que nos \u00e9 tradicional, acabou levando a bolsa \u00e0 m\u00ednima do ano e o d\u00f3lar acima de R$ 5,70. Em rela\u00e7\u00e3o \u00e0 infla\u00e7\u00e3o, ela est\u00e1 ocorrendo no mundo todo e n\u00e3o seria diferente por aqui&#8221;, analisa Alexandre Espirito Santo, Economista-Chefe da \u00d3rama e professor do IBMEC-RJ.<\/p>\n<p>Para o especialista, o risco fiscal \u00e9 um dos principais drivers para a infla\u00e7\u00e3o para al\u00e9m da Selic e dos juros. &#8221; Precisamos voltar \u00e0<strong> responsabilidade fiscal<\/strong>. Sem fiscal o que veremos \u00e9 a taxa de juro estrutural subindo ainda mais e seremos penalizados com PIBs p\u00edfios, baixo investimento e infla\u00e7\u00e3o maior, com consequ\u00eancias ruins para a sociedade, especialmente os mais vulner\u00e1veis&#8221;, frisa.<\/p>\n\t<div data-element=\"shortcode-read-more\" class=\"knowMore\">\n\t\t\t\t<span class=\"knowMore__title\">Leia mais<\/span>\n\t\t\t\t<a class=\"knowMore__link\" href=\"https:\/\/www.suno.com.br\/noticias\/selic-prognostico-2022-taxa-juros-bc-bacen\/\">\n\t\t\tSelic em 2022: analistas divergem nas previs\u00f5es; mas elei\u00e7\u00f5es e teto de gastos preocupam todos\t\t<\/a>\n\t<\/div>\n\n\n<p>Para a infla\u00e7\u00e3o, havia expectativas pr\u00e9vias de que os pre\u00e7os tivessem alguma redu\u00e7\u00e3o ainda no segundo semestre deste ano, mas o impacto intenso na cadeia de produ\u00e7\u00e3o rebateu a tese de que a infla\u00e7\u00e3o se trata de algo transit\u00f3rio e de <a class=\"suno-keyword\" href=\"https:\/\/www.suno.com.br\/artigos\/curto-prazo\/\" target=\"_blank\" rel=\"noopener\" data-force=\"no\" data-priority=\"1\">curto prazo<\/a>.<\/p>\n<p>O \u00cdndice Nacional de Pre\u00e7os ao Consumidor Amplo 15 (IPCA-15) foi a 1,14% em setembro, 0,25 ponto percentual acima da taxa de agosto (0,89%), o maior desde fevereiro de 2016 (1,42%). Hoje ser\u00e1 divulgado o <strong>IPCA-15<\/strong> atualizado.<\/p>\n<h2>Veja as perspectivas para 2022<\/h2>\n<p>Atualmente, o Safra prev\u00ea um IPCA em 8,8% ainda neste ano, tendo em vista a alta no pre\u00e7o internacional de combust\u00edveis, movimento ilustrado pelo aumento da ordem de 30% em dois meses do barril de petr\u00f3leo Brent, a refer\u00eancia global da commodity.<\/p>\n<p>&#8221; O <strong>IPCA de 2021<\/strong> ficar\u00e1 em torno de 8,5% e nosso n\u00famero para 2022 \u00e9 de 4,3%. Existem vetores para cima, como os choques de pre\u00e7os no petr\u00f3leo, a pr\u00f3pria crise h\u00eddrica, que deixa a bandeira tarif\u00e1ria mais puxada, por\u00e9m o crescimento do PIB do ano que vem ser\u00e1 menor, em torno de 1,5%&#8221;, projeta Alexandre, da \u00d3rama.<\/p>\n<p>Atualmente ainda na casa dos 8%, dentro dos progn\u00f3sticos, os especialistas veem uma queda para cerca de 4,2% no <strong>IPCA em 2022<\/strong>, refletindo um aumento da popula\u00e7\u00e3o totalmente vacinada e uma melhora do cen\u00e1rio de crise h\u00eddrica. O n\u00famero, contudo, ainda fica bem acima da meta da casa de 3%, apesar de n\u00e3o cruzar o teto de 5%.<\/p>\n<p>&#8220;Para 2022, o principal ano do horizonte da <a class=\"suno-keyword\" href=\"https:\/\/www.suno.com.br\/artigos\/politica-monetaria\/\" target=\"_blank\" rel=\"noopener\" data-force=\"no\" data-priority=\"1\"><strong>pol\u00edtica monet\u00e1ria<\/strong><\/a> do <a href=\"https:\/\/www.suno.com.br\/artigos\/bacen\">BC<\/a>, as expectativas do IPCA afastaram-se ainda mais do ponto m\u00e9dio da meta (de 3,5%), em 3bps para 4,17% ano a ano, com mediano em 5bps &#8211; ou seja, tamb\u00e9m para 4,17% ano a ano, em progn\u00f3sticos de institui\u00e7\u00f5es que revisaram n\u00fameros nos \u00faltimos dias. Apesar disso, IPCA 2023 e 2024 agregam consenso permanece ancorado nas respectivas metas de IPCA de 3,25% e 3%&#8221;, frisam os analistas do <a class=\"suno-keyword\" href=\"https:\/\/www.suno.com.br\/acoes\/BPAC11\/\" target=\"_blank\" rel=\"noopener\" data-force=\"yes\" data-priority=\"2\">BTG Pactual (BPAC11)<\/a>.<\/p>\n<p><iframe loading=\"lazy\" title=\"YouTube video player\" src=\"https:\/\/www.youtube.com\/embed\/jJ6r1FypYAg\" width=\"727\" height=\"409\" frameborder=\"0\" allowfullscreen=\"allowfullscreen\"><\/iframe><\/p>\n<p>Apesar do avan\u00e7o da vacina\u00e7\u00e3o do Brasil e de sinais de uma poss\u00edvel retomada econ\u00f4mica, a maioria dos analistas colocou o p\u00e9 no freio com dados da agenda de indicadores do exterior.\u00a0\u00a0Tendo os n\u00fameros em vista, h\u00e1 uma maior cautela com o <a href=\"https:\/\/www.suno.com.br\/artigos\/crescimento-economico\"><strong>crescimento econ\u00f4mico<\/strong><\/a> brasileiro.<\/p>\n<p>&#8220;Reduzimos nossa proje\u00e7\u00e3o do crescimento do <strong>PIB<\/strong> deste ano de 5,3% para 5,0%. Para 2022, continuamos projetando desacelera\u00e7\u00e3o para 0,5%. As quedas recentes da produ\u00e7\u00e3o industrial e das vendas no varejo indicam que o setor de bens j\u00e1 come\u00e7ou a desacelerar&#8221;, frisam os analistas do <a class=\"suno-keyword\" href=\"https:\/\/www.suno.com.br\/acoes\/ITUB4\/\" target=\"_blank\" rel=\"noopener\" data-force=\"yes\" data-priority=\"2\">Ita\u00fa (ITUB4)<\/a>.<\/p>\n<p>No parecer, o banco projeta um IPCA em 8,7% neste ano (ante 8,4%) e 4,2% em 2022. &#8220;A infla\u00e7\u00e3o corrente apresenta alta disseminada e segue indicando repasse para itens mais inerciais, como servi\u00e7os&#8221;, diz o documento.<\/p>\n\t<p>\n\t\t<a href=\"https:\/\/lp.suno.com.br\/planilha-da-vida-financeira\/\" target=\"_blank\" data-element=\"shortcode-suno-banner\" title=\"Banner SUNO, clique e saiba mais\">\n\t\t\t<picture>\n\t\t\t\t<source media=\"(max-width: 500px)\" srcset=\"https:\/\/files.sunoresearch.com.br\/n\/uploads\/2023\/04\/400x300-Planilha-vida-financeira-true.png\">\n\t\t\t\t<img class=\"newsContent__article__imgCapa newsContent__article__imgCapa--banner\"\n\t\t\t\t\tsrc=\"https:\/\/files.sunoresearch.com.br\/n\/uploads\/2023\/04\/1420x240-Planilha-vida-financeira-true.png\"\n\t\t\t\t\tdata-promo-id=\"106682\"\t\t\t\t\t\t\t\t\t\twidth='1420' height='240'\t\t\t\t\talt=\"https:\/\/files.sunoresearch.com.br\/n\/uploads\/2023\/04\/1420x240-Planilha-vida-financeira-true.png\"\n\t\t\t\t>\n\t\t\t<\/picture>\n\t\t<\/a>\n\t<\/p>\n\n\n<h2>Imbr\u00f3glio fiscal do congresso deve alterar press\u00e3o da infla\u00e7\u00e3o<\/h2>\n<p>Com o litro da gasolina batendo R$ 7 em alguns pontos, itens como alimentos e energia el\u00e9trica s\u00e3o os grandes destaques da alta de pre\u00e7os. Nesse sentido, as commodities e a cadeia de suprimentos (<strong><a href=\"https:\/\/www.suno.com.br\/artigos\/supply-chain\/\"><em>supply chain)<\/em><\/a> <\/strong>pressionam a maioria dos pre\u00e7os.<\/p>\n<p>&#8220;Com a infla\u00e7\u00e3o elevada neste ano de 2021, voc\u00ea teve um choque de oferta, vindo pelos combust\u00edveis, afetado pelos <strong>alimentos<\/strong>. Agora, ainda mais recentemente, tivemos alta na energia el\u00e9trica. Temos eleva\u00e7\u00e3o dos pre\u00e7os das commodities no exterior, e condi\u00e7\u00f5es clim\u00e1ticas desfavor\u00e1veis. Fecharemos o ano muito acima da <strong>meta da infla\u00e7\u00e3o<\/strong>.&#8221;, afirmou Sergio Goldenstein, estrategista-chefe da Renascen\u00e7a DTVM.<\/p>\n<p>Al\u00e9m dos instrumentos tradicionais de mudan\u00e7a de juros como forma de remediar o IPCA &#8211; a taxa Selic &#8211; tamb\u00e9m \u00e9 visto que, em grande parte, a fa\u00e7anha de fazer o custo da m\u00e1quina caber dentro do or\u00e7amento deve mudar as press\u00f5es inflacion\u00e1rias, fazendo com que o fiscal fiscal esteja presente na maioria dos progn\u00f3sticos.<\/p>\n\t<p>\n\t\t<a href=\"https:\/\/lp.suno.com.br\/ebook-como-analisar-uma-acao\/\" target=\"_blank\" data-element=\"shortcode-suno-banner\" title=\"Banner SUNO, clique e saiba mais\">\n\t\t\t<picture>\n\t\t\t\t<source media=\"(max-width: 500px)\" srcset=\"https:\/\/files.sunoresearch.com.br\/n\/uploads\/2023\/03\/Ebook-Acoes-Mobile-1.jpg\">\n\t\t\t\t<img class=\"newsContent__article__imgCapa newsContent__article__imgCapa--banner\"\n\t\t\t\t\tsrc=\"https:\/\/files.sunoresearch.com.br\/n\/uploads\/2023\/03\/Ebook-Acoes-Desktop-1.jpg\"\n\t\t\t\t\tdata-promo-id=\"171998\"\t\t\t\t\t\t\t\t\t\twidth='1420' height='286'\t\t\t\t\talt=\"https:\/\/files.sunoresearch.com.br\/n\/uploads\/2023\/03\/Ebook-Acoes-Desktop-1.jpg\"\n\t\t\t\t>\n\t\t\t<\/picture>\n\t\t<\/a>\n\t<\/p>\n\n\n<p>&#8220;O BC hoje tem uma vis\u00e3o relativamente otimista, de crescimento de 2,1% do PIB, mas diversos otimistas discordam disso, na casa de 1,5%. Se isso se concretizar significa menos press\u00e3o de demanda e menor necessidade de uma escalada contracionista dos juros. Por\u00e9m \u00e9 muito importante resolvermos o <strong>imbr\u00f3glio<\/strong> <strong>fiscal<\/strong>&#8220;, acrescenta Goldenstein.<\/p>\n<p>&#8220;Se houve uma resolu\u00e7\u00e3o em bom termo, continuarmos respeitando o teto, ter\u00edamos redu\u00e7\u00e3o do <a class=\"suno-keyword\" href=\"https:\/\/www.suno.com.br\/artigos\/premio-de-risco\/\" target=\"_blank\" rel=\"noopener\" data-force=\"no\" data-priority=\"1\">pr\u00eamio de risco<\/a> e uma aprecia\u00e7\u00e3o do c\u00e2mbio. Por\u00e9m o contr\u00e1rio tamb\u00e9m \u00e9 verdadeiro. Se a op\u00e7\u00e3o do Congresso for pelo lado negativo, o real se depreciaria e gerar\u00edamos uma maior press\u00e3o inflacion\u00e1ria&#8221;, conclui.<\/p>\n<p>Em entrevista recente \u00e0 Folha de S. Paulo, Ana Paula Vescovi, do <a href=\"https:\/\/www.suno.com.br\/acoes\/sanb11\/\">Santander (SANB11)<\/a>, frisa que a quest\u00e3o fiscal pode &#8220;tende a estressar bastante o cen\u00e1rio do ano que vem&#8221;.<\/p>\n<p>&#8220;Agora, o que pode levar a um cen\u00e1rio mais complexo \u00e9 ter uma discuss\u00e3o pol\u00edtica no ano que vem com a percep\u00e7\u00e3o de um risco muito elevado de abandono do marco fiscal, especialmente da regra do teto de gastos, de abandono da preocupa\u00e7\u00e3o com a <strong>responsabilidade<\/strong> <strong>fiscal<\/strong>. Ou o apontamento de uma consolida\u00e7\u00e3o fiscal ainda mais lenta nesse cen\u00e1rio de alto risco para a trajet\u00f3ria da d\u00edvida p\u00fablica&#8221;, afirma.<\/p>\n<h3>Debanada do Minist\u00e9rio e problemas com o teto<\/h3>\n<p>Com a possibilidade de um furo do teto de gastos com o Aux\u00edlio Brasil, o risco fiscal aumentou drasticamente, o que indica um cen\u00e1rio de estresse ainda maior para 2022 &#8211; que j\u00e1 contar\u00e1 com elei\u00e7\u00f5es.<\/p>\n<p>A debandada de secret\u00e1rios do\u00a0<strong><a class=\"suno-keyword\" href=\"https:\/\/www.suno.com.br\/artigos\/ministerio-da-economia\/\" target=\"_blank\" rel=\"noopener\" data-force=\"no\" data-priority=\"3\">Minist\u00e9rio da Economia<\/a><\/strong> na noite de quinta (21) adiciona ainda mais estresse no mercado financeiro e aumenta a sensa\u00e7\u00e3o de fragilidade do cen\u00e1rio.<\/p>\n<p>\u201cO fato \u00e9 que est\u00e3o sendo buscadas alternativas para driblar o limite imposto pelo teto dos gastos. Se n\u00e3o foi via cr\u00e9dito extraordin\u00e1rio, eles trouxeram, sob a justificativa da pandemia, a revis\u00e3o da regra que aconteceria em 2026 para 2021. S\u00e3o subterf\u00fagios para mudar a\u00a0<strong>regra fiscal<\/strong>, que \u00e9 muito importante para uma economia emergente como o Brasil\u201d, afirma Camila Abdelmalack, <a href=\"https:\/\/www.suno.com.br\/noticias\/debandada-ministerio-da-economia-estressa-mercado\/\">economista-chefe da Veedha Investimento<\/a>.<\/p>\n<h2>Supply chain escala e penaliza o consumidor<\/h2>\n<p>Um dos exemplos claros de penaliza\u00e7\u00e3o do consumidor por conta do IPCA \u00e9 o <strong>encarecimento<\/strong> de mat\u00e9rias primas ap\u00f3s a desacelera\u00e7\u00e3o p\u00f3s-pandemia. Nos Estados Unidos, o pre\u00e7o do PVC, material que \u00e9 utilizado na fabrica\u00e7\u00e3o de equipamentos m\u00e9dicos, cart\u00f5es de cr\u00e9dito e tubos, j\u00e1 ultrapassou os 70% de alta desde o in\u00edcio da pandemia.<\/p>\n<p>Ainda no setor petroqu\u00edmico, o pre\u00e7o das resinas ep\u00f3xi, que s\u00e3o usadas em tintas e revestimentos, beirou os 200% de alta, ao passo que o etileno, utilizado nas embalagens de alimentos, escalou 43% na mesma lacuna de tempo.<\/p>\n\t<p>\n\t\t<a href=\"https:\/\/lp.suno.com.br\/planilha-de-controle-de-investimentos\/\" target=\"_blank\" data-element=\"shortcode-suno-banner\" title=\"Banner SUNO, clique e saiba mais\">\n\t\t\t<picture>\n\t\t\t\t<source media=\"(max-width: 500px)\" srcset=\"https:\/\/files.sunoresearch.com.br\/n\/uploads\/2023\/03\/400x300-Controle-de-Investimentos.png\">\n\t\t\t\t<img class=\"newsContent__article__imgCapa newsContent__article__imgCapa--banner\"\n\t\t\t\t\tsrc=\"https:\/\/files.sunoresearch.com.br\/n\/uploads\/2023\/03\/1420x240-Controle-de-Investimentos.png\"\n\t\t\t\t\tdata-promo-id=\"75934\"\t\t\t\t\t\t\t\t\t\twidth='1420' height='240'\t\t\t\t\talt=\"https:\/\/files.sunoresearch.com.br\/n\/uploads\/2023\/03\/1420x240-Controle-de-Investimentos.png\"\n\t\t\t\t>\n\t\t\t<\/picture>\n\t\t<\/a>\n\t<\/p>\n\n\n<p>&#8220;A ind\u00fastria de produtos qu\u00edmicos se recuperou das interrup\u00e7\u00f5es relacionadas ao clima no in\u00edcio do ano nos Estados Unidos, enquanto o fornecimento de petroqu\u00edmico foi contido por paralisa\u00e7\u00f5es relacionado ao furac\u00e3o Ida. Quest\u00f5es da cadeia de suprimentos enfrentados por uma s\u00e9rie de outras ind\u00fastrias, particularmente a ind\u00fastria de ve\u00edculos automotores, tamb\u00e9m continuou a ser um obst\u00e1culo na produ\u00e7\u00e3o geral de f\u00e1brica&#8221;, segundo a \u00faltima ata do <a class=\"suno-keyword\" href=\"https:\/\/www.suno.com.br\/artigos\/fed\/\" target=\"_blank\" rel=\"noopener\" data-force=\"no\" data-priority=\"2\">Federal Reserve (<strong>Fed<\/strong>)<\/a>, autoridade monet\u00e1ria americana.<\/p>\n<h2>Mercados e frigor\u00edficos podem &#8216;surfar&#8217; infla\u00e7\u00e3o<\/h2>\n<p>Al\u00e9m do benef\u00edcio inerente de companhias que atuam na produ\u00e7\u00e3o de alimentos, como a <a class=\"suno-keyword\" href=\"https:\/\/www.suno.com.br\/acoes\/JBSS3\/\" target=\"_blank\" rel=\"noopener\" data-force=\"yes\" data-priority=\"2\">JBS (JBSS3)<\/a>, que j\u00e1 sobe 61% no ano de 2021, algumas corretoras destacam que o varejo pode ser um bom \u00e1s na mesa enquanto os pre\u00e7os escalonam.<strong>\u00a0<\/strong><\/p>\n<p>&#8220;Encaramos a acelera\u00e7\u00e3o no segmento de Supermercados e Hipermercados de forma positiva visto que a infla\u00e7\u00e3o no subgrupo de Alimenta\u00e7\u00e3o no Domic\u00edlio (+14,66%) <a href=\"https:\/\/www.suno.com.br\/guias\/ipca\/\">variou significativamente acima do IPCA (10,25%) no acumulado de 12 meses<\/a>, demonstrando a resili\u00eancia e a essencialidade deste segmento no varejo nacional mesmo com a eleva\u00e7\u00e3o do consumo de alimentos fora de casa. O segmento de Transporte sofre ainda com o alto impactado dos pre\u00e7os, com 17,93% de <b>IPCA <\/b>nos \u00faltimos doze meses at\u00e9 setembro-21.&#8221;, dizem os analistas\u00a0Henrique Tomaz e Georgia Jorge, do BB Investimentos.<\/p>\n\t<p>\n\t\t<a href=\"\" target=\"_blank\" data-element=\"shortcode-suno-banner\" title=\"Banner SUNO, clique e saiba mais\">\n\t\t\t<picture>\n\t\t\t\t<source media=\"(max-width: 500px)\" srcset=\"\">\n\t\t\t\t<img class=\"newsContent__article__imgCapa newsContent__article__imgCapa--banner\"\n\t\t\t\t\tsrc=\"\"\n\t\t\t\t\tdata-promo-id=\"184190\"\t\t\t\t\t\t\t\t\t\t\t\t\t\t\talt=\"\"\n\t\t\t\t>\n\t\t\t<\/picture>\n\t\t<\/a>\n\t<\/p>\n\n\n","protected":false},"excerpt":{"rendered":"<p>Batendo os dois d\u00edgitos neste ano com pre\u00e7os excessivamente altos, a infla\u00e7\u00e3o foi um dos grandes drivers dos mercados e gerou tens\u00f5es no ano que termina em pouco mais de sessenta dias. Com um impacto direto na cadeia de produ\u00e7\u00e3o, o \u00cdndice de Pre\u00e7os ao Consumidor Amplo (IPCA) deixou praticamente tudo mais caro &#8211; e [&hellip;]<\/p>\n","protected":false},"author":73,"featured_media":195042,"comment_status":"closed","ping_status":"closed","sticky":false,"template":"","format":"standard","meta":[],"categories":[62],"tags":[104988,399,105815,850,966,1361,519],"suno_strategy":[],"class_list":["post-195015","post","type-post","status-publish","format-standard","has-post-thumbnail","hentry","category-economia","tag-bb-investimentos","tag-btg-pactual-bpac11-bpac3-bpac5","tag-especial","tag-inflacao","tag-ipca","tag-ipca-15","tag-itau-unibanco-itub3-itub4"],"yoast_head":"<!-- This site is optimized with the Yoast SEO plugin v24.4 - https:\/\/yoast.com\/wordpress\/plugins\/seo\/ -->\n<title>IPCA deve recuar a partir de meados de 2022; veja as perspectivas<\/title>\n<meta name=\"description\" content=\"Com um ano de IPCA acima do esperado, especialistas veem escalada dos pre\u00e7os na casa dos 4% em 2022. Clique aqui e leia mais.\" \/>\n<meta name=\"robots\" content=\"index, follow, max-snippet:-1, max-image-preview:large, max-video-preview:-1\" \/>\n<link rel=\"canonical\" href=\"https:\/\/www.suno.com.br\/noticias\/inflacao-2022-tendencia-ipca\/\" \/>\n<meta property=\"og:locale\" content=\"pt_BR\" \/>\n<meta property=\"og:type\" content=\"article\" \/>\n<meta property=\"og:title\" content=\"IPCA deve recuar a partir de meados de 2022; veja as perspectivas\" \/>\n<meta property=\"og:description\" content=\"Com um ano de IPCA acima do esperado, especialistas veem escalada dos pre\u00e7os na casa dos 4% em 2022. Clique aqui e leia mais.\" \/>\n<meta property=\"og:url\" content=\"https:\/\/www.suno.com.br\/noticias\/inflacao-2022-tendencia-ipca\/\" \/>\n<meta property=\"og:site_name\" content=\"Suno Not\u00edcias\" \/>\n<meta property=\"article:publisher\" content=\"https:\/\/facebook.com\/sunoresearch\" \/>\n<meta property=\"og:image\" content=\"https:\/\/files.sunoresearch.com.br\/n\/uploads\/2021\/10\/jordan-g17b673dbe_1920.jpg\" \/>\n\t<meta property=\"og:image:width\" content=\"1920\" \/>\n\t<meta property=\"og:image:height\" content=\"1280\" \/>\n\t<meta property=\"og:image:type\" content=\"image\/jpeg\" \/>\n<meta name=\"author\" content=\"Eduardo Vargas\" \/>\n<meta name=\"twitter:card\" content=\"summary_large_image\" \/>\n<meta name=\"twitter:creator\" content=\"@sunoresearch\" \/>\n<meta name=\"twitter:site\" content=\"@sunoresearch\" \/>\n<meta name=\"twitter:label1\" content=\"Escrito por\" \/>\n\t<meta name=\"twitter:data1\" content=\"Eduardo Vargas\" \/>\n\t<meta name=\"twitter:label2\" content=\"Est. tempo de leitura\" \/>\n\t<meta name=\"twitter:data2\" content=\"8 minutos\" \/>\n<script type=\"application\/ld+json\" class=\"yoast-schema-graph\">{\"@context\":\"https:\/\/schema.org\",\"@graph\":[{\"@type\":\"NewsArticle\",\"@id\":\"https:\/\/www.suno.com.br\/noticias\/inflacao-2022-tendencia-ipca\/#article\",\"isPartOf\":{\"@id\":\"https:\/\/www.suno.com.br\/noticias\/inflacao-2022-tendencia-ipca\/\"},\"author\":{\"name\":\"Eduardo Vargas\",\"@id\":\"https:\/\/www.suno.com.br\/noticias\/#\/schema\/person\/7f4d362bf3518e76090143ae77bb49a5\"},\"headline\":\"IPCA deve recuar a partir de meados de 2022; veja as perspectivas\",\"datePublished\":\"2021-10-26T10:17:01+00:00\",\"mainEntityOfPage\":{\"@id\":\"https:\/\/www.suno.com.br\/noticias\/inflacao-2022-tendencia-ipca\/\"},\"wordCount\":1762,\"publisher\":{\"@id\":\"https:\/\/www.suno.com.br\/noticias\/#organization\"},\"image\":{\"@id\":\"https:\/\/www.suno.com.br\/noticias\/inflacao-2022-tendencia-ipca\/#primaryimage\"},\"thumbnailUrl\":\"https:\/\/files.sunoresearch.com.br\/n\/uploads\/2021\/10\/jordan-g17b673dbe_1920.jpg\",\"keywords\":[\"BB Investimentos\",\"BTG Pactual (BPAC11\/BPAC3\/BPAC5)\",\"Especiais\",\"infla\u00e7\u00e3o\",\"IPCA\",\"IPCA-15\",\"Ita\u00fa Unibanco (ITUB3\/ITUB4)\"],\"articleSection\":[\"Economia\"],\"inLanguage\":\"pt-BR\"},{\"@type\":\"WebPage\",\"@id\":\"https:\/\/www.suno.com.br\/noticias\/inflacao-2022-tendencia-ipca\/\",\"url\":\"https:\/\/www.suno.com.br\/noticias\/inflacao-2022-tendencia-ipca\/\",\"name\":\"IPCA deve recuar a partir de meados de 2022; veja as perspectivas\",\"isPartOf\":{\"@id\":\"https:\/\/www.suno.com.br\/noticias\/#website\"},\"primaryImageOfPage\":{\"@id\":\"https:\/\/www.suno.com.br\/noticias\/inflacao-2022-tendencia-ipca\/#primaryimage\"},\"image\":{\"@id\":\"https:\/\/www.suno.com.br\/noticias\/inflacao-2022-tendencia-ipca\/#primaryimage\"},\"thumbnailUrl\":\"https:\/\/files.sunoresearch.com.br\/n\/uploads\/2021\/10\/jordan-g17b673dbe_1920.jpg\",\"datePublished\":\"2021-10-26T10:17:01+00:00\",\"description\":\"Com um ano de IPCA acima do esperado, especialistas veem escalada dos pre\u00e7os na casa dos 4% em 2022. Clique aqui e leia mais.\",\"breadcrumb\":{\"@id\":\"https:\/\/www.suno.com.br\/noticias\/inflacao-2022-tendencia-ipca\/#breadcrumb\"},\"inLanguage\":\"pt-BR\",\"potentialAction\":[{\"@type\":\"ReadAction\",\"target\":[\"https:\/\/www.suno.com.br\/noticias\/inflacao-2022-tendencia-ipca\/\"]}]},{\"@type\":\"ImageObject\",\"inLanguage\":\"pt-BR\",\"@id\":\"https:\/\/www.suno.com.br\/noticias\/inflacao-2022-tendencia-ipca\/#primaryimage\",\"url\":\"https:\/\/files.sunoresearch.com.br\/n\/uploads\/2021\/10\/jordan-g17b673dbe_1920.jpg\",\"contentUrl\":\"https:\/\/files.sunoresearch.com.br\/n\/uploads\/2021\/10\/jordan-g17b673dbe_1920.jpg\",\"width\":1920,\"height\":1280,\"caption\":\"Com desacelera\u00e7\u00e3o e infla\u00e7\u00e3o, pre\u00e7os de produ\u00e7\u00e3o e transporte escalaram drasticamente, com mais de 430% de alta no frete mar\u00edtimo, por exemplo - Foto: Pixabay\"},{\"@type\":\"BreadcrumbList\",\"@id\":\"https:\/\/www.suno.com.br\/noticias\/inflacao-2022-tendencia-ipca\/#breadcrumb\",\"itemListElement\":[{\"@type\":\"ListItem\",\"position\":1,\"name\":\"Not\u00edcias\",\"item\":\"https:\/\/www.suno.com.br\/noticias\/\"},{\"@type\":\"ListItem\",\"position\":2,\"name\":\"Economia\",\"item\":\"https:\/\/www.suno.com.br\/noticias\/economia\/\"},{\"@type\":\"ListItem\",\"position\":3,\"name\":\"IPCA deve recuar a partir de meados de 2022; veja as perspectivas\"}]},{\"@type\":\"WebSite\",\"@id\":\"https:\/\/www.suno.com.br\/noticias\/#website\",\"url\":\"https:\/\/www.suno.com.br\/noticias\/\",\"name\":\"Suno Not\u00edcias\",\"description\":\"Seu portal de informa\u00e7\u00e3o sobre o mundo dos investimentos\",\"publisher\":{\"@id\":\"https:\/\/www.suno.com.br\/noticias\/#organization\"},\"potentialAction\":[{\"@type\":\"SearchAction\",\"target\":{\"@type\":\"EntryPoint\",\"urlTemplate\":\"https:\/\/www.suno.com.br\/noticias\/?s={search_term_string}\"},\"query-input\":{\"@type\":\"PropertyValueSpecification\",\"valueRequired\":true,\"valueName\":\"search_term_string\"}}],\"inLanguage\":\"pt-BR\"},{\"@type\":\"Organization\",\"@id\":\"https:\/\/www.suno.com.br\/noticias\/#organization\",\"name\":\"Suno Not\u00edcias\",\"url\":\"https:\/\/www.suno.com.br\/noticias\/\",\"logo\":{\"@type\":\"ImageObject\",\"inLanguage\":\"pt-BR\",\"@id\":\"https:\/\/www.suno.com.br\/noticias\/#\/schema\/logo\/image\/\",\"url\":\"https:\/\/files.sunoresearch.com.br\/n\/uploads\/2021\/09\/suno-logo.png\",\"contentUrl\":\"https:\/\/files.sunoresearch.com.br\/n\/uploads\/2021\/09\/suno-logo.png\",\"width\":180,\"height\":180,\"caption\":\"Suno Not\u00edcias\"},\"image\":{\"@id\":\"https:\/\/www.suno.com.br\/noticias\/#\/schema\/logo\/image\/\"},\"sameAs\":[\"https:\/\/facebook.com\/sunoresearch\",\"https:\/\/x.com\/sunoresearch\",\"https:\/\/www.instagram.com\/suno\",\"https:\/\/www.linkedin.com\/company\/suno-research\/\",\"https:\/\/www.youtube.com\/c\/sunoresearch\"]},{\"@type\":\"Person\",\"@id\":\"https:\/\/www.suno.com.br\/noticias\/#\/schema\/person\/7f4d362bf3518e76090143ae77bb49a5\",\"name\":\"Eduardo Vargas\",\"image\":{\"@type\":\"ImageObject\",\"inLanguage\":\"pt-BR\",\"@id\":\"https:\/\/www.suno.com.br\/noticias\/#\/schema\/person\/image\/\",\"url\":\"https:\/\/secure.gravatar.com\/avatar\/dac340933427a22924c9f99d1eb2e3f2?s=96&r=g\",\"contentUrl\":\"https:\/\/secure.gravatar.com\/avatar\/dac340933427a22924c9f99d1eb2e3f2?s=96&r=g\",\"caption\":\"Eduardo Vargas\"},\"description\":\"Jornalista formado pela UFSC, cobre macroeconomia, neg\u00f3cios e startups para o Suno Not\u00edcias, escrevendo principalmente not\u00edcias sobre o mercado financeiro e a bolsa de valores. No YouTube e no Instagram, \u00e9 respons\u00e1vel pela produ\u00e7\u00e3o de Reels e Shorts do Suno Not\u00edcias. Anteriormente, trabalhou cobrindo economia e cotidiano no ND+ e para o ND, maior jornal impresso de Santa Catarina. Cursou um semestre letivo de Estudos de M\u00eddia na Universidad de Buenos Aires.\",\"url\":\"https:\/\/www.suno.com.br\/noticias\/author\/eduardo-vargas\/\"}]}<\/script>\n<!-- \/ Yoast SEO plugin. -->","yoast_head_json":{"title":"IPCA deve recuar a partir de meados de 2022; veja as perspectivas","description":"Com um ano de IPCA acima do esperado, especialistas veem escalada dos pre\u00e7os na casa dos 4% em 2022. Clique aqui e leia mais.","robots":{"index":"index","follow":"follow","max-snippet":"max-snippet:-1","max-image-preview":"max-image-preview:large","max-video-preview":"max-video-preview:-1"},"canonical":"https:\/\/www.suno.com.br\/noticias\/inflacao-2022-tendencia-ipca\/","og_locale":"pt_BR","og_type":"article","og_title":"IPCA deve recuar a partir de meados de 2022; veja as perspectivas","og_description":"Com um ano de IPCA acima do esperado, especialistas veem escalada dos pre\u00e7os na casa dos 4% em 2022. Clique aqui e leia mais.","og_url":"https:\/\/www.suno.com.br\/noticias\/inflacao-2022-tendencia-ipca\/","og_site_name":"Suno Not\u00edcias","article_publisher":"https:\/\/facebook.com\/sunoresearch","og_image":[{"width":1920,"height":1280,"url":"https:\/\/files.sunoresearch.com.br\/n\/uploads\/2021\/10\/jordan-g17b673dbe_1920.jpg","type":"image\/jpeg"}],"author":"Eduardo Vargas","twitter_card":"summary_large_image","twitter_creator":"@sunoresearch","twitter_site":"@sunoresearch","twitter_misc":{"Escrito por":"Eduardo Vargas","Est. tempo de leitura":"8 minutos"},"schema":{"@context":"https:\/\/schema.org","@graph":[{"@type":"NewsArticle","@id":"https:\/\/www.suno.com.br\/noticias\/inflacao-2022-tendencia-ipca\/#article","isPartOf":{"@id":"https:\/\/www.suno.com.br\/noticias\/inflacao-2022-tendencia-ipca\/"},"author":{"name":"Eduardo Vargas","@id":"https:\/\/www.suno.com.br\/noticias\/#\/schema\/person\/7f4d362bf3518e76090143ae77bb49a5"},"headline":"IPCA deve recuar a partir de meados de 2022; veja as perspectivas","datePublished":"2021-10-26T10:17:01+00:00","mainEntityOfPage":{"@id":"https:\/\/www.suno.com.br\/noticias\/inflacao-2022-tendencia-ipca\/"},"wordCount":1762,"publisher":{"@id":"https:\/\/www.suno.com.br\/noticias\/#organization"},"image":{"@id":"https:\/\/www.suno.com.br\/noticias\/inflacao-2022-tendencia-ipca\/#primaryimage"},"thumbnailUrl":"https:\/\/files.sunoresearch.com.br\/n\/uploads\/2021\/10\/jordan-g17b673dbe_1920.jpg","keywords":["BB Investimentos","BTG Pactual (BPAC11\/BPAC3\/BPAC5)","Especiais","infla\u00e7\u00e3o","IPCA","IPCA-15","Ita\u00fa Unibanco (ITUB3\/ITUB4)"],"articleSection":["Economia"],"inLanguage":"pt-BR"},{"@type":"WebPage","@id":"https:\/\/www.suno.com.br\/noticias\/inflacao-2022-tendencia-ipca\/","url":"https:\/\/www.suno.com.br\/noticias\/inflacao-2022-tendencia-ipca\/","name":"IPCA deve recuar a partir de meados de 2022; veja as perspectivas","isPartOf":{"@id":"https:\/\/www.suno.com.br\/noticias\/#website"},"primaryImageOfPage":{"@id":"https:\/\/www.suno.com.br\/noticias\/inflacao-2022-tendencia-ipca\/#primaryimage"},"image":{"@id":"https:\/\/www.suno.com.br\/noticias\/inflacao-2022-tendencia-ipca\/#primaryimage"},"thumbnailUrl":"https:\/\/files.sunoresearch.com.br\/n\/uploads\/2021\/10\/jordan-g17b673dbe_1920.jpg","datePublished":"2021-10-26T10:17:01+00:00","description":"Com um ano de IPCA acima do esperado, especialistas veem escalada dos pre\u00e7os na casa dos 4% em 2022. Clique aqui e leia mais.","breadcrumb":{"@id":"https:\/\/www.suno.com.br\/noticias\/inflacao-2022-tendencia-ipca\/#breadcrumb"},"inLanguage":"pt-BR","potentialAction":[{"@type":"ReadAction","target":["https:\/\/www.suno.com.br\/noticias\/inflacao-2022-tendencia-ipca\/"]}]},{"@type":"ImageObject","inLanguage":"pt-BR","@id":"https:\/\/www.suno.com.br\/noticias\/inflacao-2022-tendencia-ipca\/#primaryimage","url":"https:\/\/files.sunoresearch.com.br\/n\/uploads\/2021\/10\/jordan-g17b673dbe_1920.jpg","contentUrl":"https:\/\/files.sunoresearch.com.br\/n\/uploads\/2021\/10\/jordan-g17b673dbe_1920.jpg","width":1920,"height":1280,"caption":"Com desacelera\u00e7\u00e3o e infla\u00e7\u00e3o, pre\u00e7os de produ\u00e7\u00e3o e transporte escalaram drasticamente, com mais de 430% de alta no frete mar\u00edtimo, por exemplo - Foto: Pixabay"},{"@type":"BreadcrumbList","@id":"https:\/\/www.suno.com.br\/noticias\/inflacao-2022-tendencia-ipca\/#breadcrumb","itemListElement":[{"@type":"ListItem","position":1,"name":"Not\u00edcias","item":"https:\/\/www.suno.com.br\/noticias\/"},{"@type":"ListItem","position":2,"name":"Economia","item":"https:\/\/www.suno.com.br\/noticias\/economia\/"},{"@type":"ListItem","position":3,"name":"IPCA deve recuar a partir de meados de 2022; veja as perspectivas"}]},{"@type":"WebSite","@id":"https:\/\/www.suno.com.br\/noticias\/#website","url":"https:\/\/www.suno.com.br\/noticias\/","name":"Suno Not\u00edcias","description":"Seu portal de informa\u00e7\u00e3o sobre o mundo dos investimentos","publisher":{"@id":"https:\/\/www.suno.com.br\/noticias\/#organization"},"potentialAction":[{"@type":"SearchAction","target":{"@type":"EntryPoint","urlTemplate":"https:\/\/www.suno.com.br\/noticias\/?s={search_term_string}"},"query-input":{"@type":"PropertyValueSpecification","valueRequired":true,"valueName":"search_term_string"}}],"inLanguage":"pt-BR"},{"@type":"Organization","@id":"https:\/\/www.suno.com.br\/noticias\/#organization","name":"Suno Not\u00edcias","url":"https:\/\/www.suno.com.br\/noticias\/","logo":{"@type":"ImageObject","inLanguage":"pt-BR","@id":"https:\/\/www.suno.com.br\/noticias\/#\/schema\/logo\/image\/","url":"https:\/\/files.sunoresearch.com.br\/n\/uploads\/2021\/09\/suno-logo.png","contentUrl":"https:\/\/files.sunoresearch.com.br\/n\/uploads\/2021\/09\/suno-logo.png","width":180,"height":180,"caption":"Suno Not\u00edcias"},"image":{"@id":"https:\/\/www.suno.com.br\/noticias\/#\/schema\/logo\/image\/"},"sameAs":["https:\/\/facebook.com\/sunoresearch","https:\/\/x.com\/sunoresearch","https:\/\/www.instagram.com\/suno","https:\/\/www.linkedin.com\/company\/suno-research\/","https:\/\/www.youtube.com\/c\/sunoresearch"]},{"@type":"Person","@id":"https:\/\/www.suno.com.br\/noticias\/#\/schema\/person\/7f4d362bf3518e76090143ae77bb49a5","name":"Eduardo Vargas","image":{"@type":"ImageObject","inLanguage":"pt-BR","@id":"https:\/\/www.suno.com.br\/noticias\/#\/schema\/person\/image\/","url":"https:\/\/secure.gravatar.com\/avatar\/dac340933427a22924c9f99d1eb2e3f2?s=96&r=g","contentUrl":"https:\/\/secure.gravatar.com\/avatar\/dac340933427a22924c9f99d1eb2e3f2?s=96&r=g","caption":"Eduardo Vargas"},"description":"Jornalista formado pela UFSC, cobre macroeconomia, neg\u00f3cios e startups para o Suno Not\u00edcias, escrevendo principalmente not\u00edcias sobre o mercado financeiro e a bolsa de valores. No YouTube e no Instagram, \u00e9 respons\u00e1vel pela produ\u00e7\u00e3o de Reels e Shorts do Suno Not\u00edcias. Anteriormente, trabalhou cobrindo economia e cotidiano no ND+ e para o ND, maior jornal impresso de Santa Catarina. Cursou um semestre letivo de Estudos de M\u00eddia na Universidad de Buenos Aires.","url":"https:\/\/www.suno.com.br\/noticias\/author\/eduardo-vargas\/"}]}},"default_loop_html":"<div class=\"cardsPage__listCard__boxs\"><div class=\"cardsPage__listCard__boxs__img\"><a href=\"https:\/\/www.suno.com.br\/noticias\/inflacao-2022-tendencia-ipca\/\"><img class=\"mask\" src=\"https:\/\/www.suno.com.br\/noticias\/wp-content\/themes\/suno\/resources\/images\/spotlight\/spotlight1img\/bg-mask.png\" alt=\"Image Mask\"\/><img src=\"https:\/\/files.sunoresearch.com.br\/n\/uploads\/2021\/10\/jordan-g17b673dbe_1920-400x200.jpg\" alt=\"IPCA deve recuar a partir de meados de 2022; veja as perspectivas\"\/><\/a><span class=\"spotlightCategory\"><a href=\"https:\/\/www.suno.com.br\/noticias\/economia\/\">Economia<\/a><\/span><\/div><div class=\"cardsPage__listCard__boxs__content\"><a href=\"https:\/\/www.suno.com.br\/noticias\/inflacao-2022-tendencia-ipca\/\"><h2 class=\"content__title\">IPCA deve recuar a partir de meados de 2022; veja as perspectivas<\/h2><\/a><div class=\"newsContent__article__meta\"><div class=\"newsContent__article__meta__authorBox\"><a href=\"https:\/\/www.suno.com.br\/noticias\/author\/eduardo-vargas\/\" class=\"authorBox__avatar noMobi\"><img src=\"https:\/\/secure.gravatar.com\/avatar\/dac340933427a22924c9f99d1eb2e3f2?s=96&#038;r=g\" alt=\"Eduardo Vargas\"><\/a><div class=\"authorBox__name\"><span>por\n\t\t\t<a href=\"https:\/\/www.suno.com.br\/noticias\/author\/eduardo-vargas\/\"><span itemprop=\"author\">Eduardo Vargas<\/span><\/a><\/span><time datetime=\"2021-10-26T07:17:01-03:00\" itemprop=\"datePublished\">26\/10\/2021 07:17<\/time><\/div><\/div><\/div><\/div><\/div>","single_layout":"posts","amp_enabled":true,"_links":{"self":[{"href":"https:\/\/www.suno.com.br\/noticias\/wp-json\/wp\/v2\/posts\/195015"}],"collection":[{"href":"https:\/\/www.suno.com.br\/noticias\/wp-json\/wp\/v2\/posts"}],"about":[{"href":"https:\/\/www.suno.com.br\/noticias\/wp-json\/wp\/v2\/types\/post"}],"author":[{"embeddable":true,"href":"https:\/\/www.suno.com.br\/noticias\/wp-json\/wp\/v2\/users\/73"}],"replies":[{"embeddable":true,"href":"https:\/\/www.suno.com.br\/noticias\/wp-json\/wp\/v2\/comments?post=195015"}],"version-history":[{"count":4,"href":"https:\/\/www.suno.com.br\/noticias\/wp-json\/wp\/v2\/posts\/195015\/revisions"}],"predecessor-version":[{"id":197290,"href":"https:\/\/www.suno.com.br\/noticias\/wp-json\/wp\/v2\/posts\/195015\/revisions\/197290"}],"wp:featuredmedia":[{"embeddable":true,"href":"https:\/\/www.suno.com.br\/noticias\/wp-json\/wp\/v2\/media\/195042"}],"wp:attachment":[{"href":"https:\/\/www.suno.com.br\/noticias\/wp-json\/wp\/v2\/media?parent=195015"}],"wp:term":[{"taxonomy":"category","embeddable":true,"href":"https:\/\/www.suno.com.br\/noticias\/wp-json\/wp\/v2\/categories?post=195015"},{"taxonomy":"post_tag","embeddable":true,"href":"https:\/\/www.suno.com.br\/noticias\/wp-json\/wp\/v2\/tags?post=195015"},{"taxonomy":"suno_strategy","embeddable":true,"href":"https:\/\/www.suno.com.br\/noticias\/wp-json\/wp\/v2\/suno_strategy?post=195015"}],"curies":[{"name":"wp","href":"https:\/\/api.w.org\/{rel}","templated":true}]}}