{"id":195010,"date":"2021-10-19T13:55:37","date_gmt":"2021-10-19T16:55:37","guid":{"rendered":"https:\/\/www.suno.com.br\/noticias\/?p=195010"},"modified":"2021-10-19T13:55:37","modified_gmt":"2021-10-19T16:55:37","slug":"oi-oibr3-aval-do-cade-e-grande-passo-para-sair-da-recuperacao-judicial-diz-genial","status":"publish","type":"post","link":"https:\/\/www.suno.com.br\/noticias\/oi-oibr3-aval-do-cade-e-grande-passo-para-sair-da-recuperacao-judicial-diz-genial\/","title":{"rendered":"Oi (OIBR3): Aval do Cade \u00e9 &#8220;grande passo&#8221; para sair da recupera\u00e7\u00e3o judicial, diz Genial"},"content":{"rendered":"<p>A aprova\u00e7\u00e3o do <a class=\"suno-keyword\" href=\"https:\/\/www.suno.com.br\/artigos\/cade\/\" target=\"_blank\" rel=\"noopener\" data-force=\"no\" data-priority=\"2\">Conselho Administrativo de Defesa Econ\u00f4mica (Cade)<\/a> da venda do controle da InfraCo (agora V.tal) \u00e9 relevante pois a expectativa \u00e9 de que <a class=\"suno-keyword\" href=\"https:\/\/www.suno.com.br\/acoes\/OIBR3\/\" target=\"_blank\" rel=\"noopener\" data-force=\"yes\" data-priority=\"2\"><strong>Oi<\/strong> (OIBR3)<\/a> destrave valor e saia da recupera\u00e7\u00e3o judicial (RJ) em mar\u00e7o de 2022. Com isso, a Genial Investimentos recomenda manter o ativo na carteira, com o pre\u00e7o-alvo de R$ 1,20, potencial de valoriza\u00e7\u00e3o (upside) de 16,50%.<\/p>\t<div class=\"wrapper-featured-image\">\n\t\t<figure class=\"spotlightImg\">\n\n\t\t\t<picture>\n\t\t\t\t<source media=\"(max-width: 768px)\" srcset=\"https:\/\/files.sunoresearch.com.br\/n\/uploads\/2021\/03\/014a2628-destaquesdeempresas-400x200.webp\">\n\t\t\t\t<img loading=\"lazy\" decoding=\"async\" class=\"newsContent__article__imgCapa lazyloadDisabled \" src=\"https:\/\/files.sunoresearch.com.br\/n\/uploads\/2021\/03\/014a2628-destaquesdeempresas-800x450.webp\" width=\"800\" height=\"450\" alt=\"Oi (OIBR3): Aval do Cade \u00e9 &#8220;grande passo&#8221; para sair da recupera\u00e7\u00e3o judicial, diz Genial\" fetchpriority=high \/>\n\t\t\t<\/picture>\n\n\t\t\t<figcaption class=\"wp-caption-text wp-caption-text--show\">Oi (OIBR3)<\/figcaption>\n\t\t<\/figure>\n\t<\/div>\n\n\n\t<p>\n\t\t<a href=\"https:\/\/lp.suno.com.br\/planilha-controle-gastos\/\" target=\"_blank\" data-element=\"shortcode-suno-banner\" title=\"Banner SUNO, clique e saiba mais\">\n\t\t\t<picture>\n\t\t\t\t<source media=\"(max-width: 500px)\" srcset=\"https:\/\/files.sunoresearch.com.br\/n\/uploads\/2023\/03\/400x300-Planilha-controle-de-gastos.png\">\n\t\t\t\t<img class=\"newsContent__article__imgCapa newsContent__article__imgCapa--banner\"\n\t\t\t\t\tsrc=\"https:\/\/files.sunoresearch.com.br\/n\/uploads\/2023\/03\/1420x240-Planilha-controle-de-gastos.png\"\n\t\t\t\t\tdata-promo-id=\"101751\"\t\t\t\t\t\t\t\t\t\twidth='1420' height='240'\t\t\t\t\talt=\"https:\/\/files.sunoresearch.com.br\/n\/uploads\/2023\/03\/1420x240-Planilha-controle-de-gastos.png\"\n\t\t\t\t>\n\t\t\t<\/picture>\n\t\t<\/a>\n\t<\/p>\n\n\n<p>Considerando que em junho de 2021 a<strong> <a class=\"suno-keyword\" href=\"https:\/\/www.suno.com.br\/artigos\/divida-bruta\/\" target=\"_blank\" rel=\"noopener\" data-force=\"no\" data-priority=\"1\">d\u00edvida bruta<\/a> da Oi<\/strong> era de R$ 29,1 bilh\u00f5es e que o total arrecadado pela empresa na aliena\u00e7\u00e3o das Unidades Produtivas Isoladas (UPIs) totalizaria cerca de R$ 30,8 bilh\u00f5es, nota-se a import\u00e2ncia que a resolu\u00e7\u00e3o das pend\u00eancias no Cade possui sobre a Oi.<\/p>\n<p>&#8220;A possibilidade de pagamento das d\u00edvidas junto \u00e0 manuten\u00e7\u00e3o do seu foco no segmento de <strong>fibra \u00f3tica<\/strong> v\u00e3o ao encontro dos objetivos da empresa. A aliena\u00e7\u00e3o permite que fortes investimentos sejam realizados na <strong>V.tal<\/strong> pelos seus parceiros de forma que a expans\u00e3o do n\u00fameros de casas passadas aumentem (onde a tecnologia de fibra \u00e9 viabilizada)&#8221;, informou o relat\u00f3rio.<\/p>\n\t<p>\n\t\t<a href=\"https:\/\/lp.suno.com.br\/planilha-da-vida-financeira\/\" target=\"_blank\" data-element=\"shortcode-suno-banner\" title=\"Banner SUNO, clique e saiba mais\">\n\t\t\t<picture>\n\t\t\t\t<source media=\"(max-width: 500px)\" srcset=\"https:\/\/files.sunoresearch.com.br\/n\/uploads\/2023\/04\/400x300-Planilha-vida-financeira-true.png\">\n\t\t\t\t<img class=\"newsContent__article__imgCapa newsContent__article__imgCapa--banner\"\n\t\t\t\t\tsrc=\"https:\/\/files.sunoresearch.com.br\/n\/uploads\/2023\/04\/1420x240-Planilha-vida-financeira-true.png\"\n\t\t\t\t\tdata-promo-id=\"106682\"\t\t\t\t\t\t\t\t\t\twidth='1420' height='240'\t\t\t\t\talt=\"https:\/\/files.sunoresearch.com.br\/n\/uploads\/2023\/04\/1420x240-Planilha-vida-financeira-true.png\"\n\t\t\t\t>\n\t\t\t<\/picture>\n\t\t<\/a>\n\t<\/p>\n\n\n<p>A Oi encontra-se num processo de <strong>recupera\u00e7\u00e3o judicial<\/strong> desde 2016 devido a sua situa\u00e7\u00e3o financeira na \u00e9poca. Ap\u00f3s o aditamento da RJ em outubro de 2020, a tele formou 5 UPIs que nada mais s\u00e3o do que divis\u00f5es de parte dos <a class=\"suno-keyword\" href=\"https:\/\/www.suno.com.br\/artigos\/ativo\/\" target=\"_blank\" rel=\"noopener\" data-force=\"no\" data-priority=\"2\">ativos da empresa<\/a> de forma a facilitar suas vendas.<\/p>\n<p>As 5 UPIs foram:<\/p>\n<ol>\n<li>UPI TVCo &#8211;\u00a0 A operadora ainda apura poss\u00edveis interessados<\/li>\n<li>UPI Torres &#8211; A venda foi realizada para a Highline por um valor de R$ 1,06 bilh\u00e3o<\/li>\n<li>UPI Data Center &#8211; Vendida para a Titan no valor de R$ 325 milh\u00f5es<\/li>\n<li>UPI Ativos M\u00f3veis -Vendida para o cons\u00f3rcio (TIM, Vivo e Claro) por R$ 16,5 bilh\u00f5es<\/li>\n<li>UPI InfraCo &#8211; Vendida aos fundos do BTG Pactual por R$ 12,9 bilh\u00f5es<\/li>\n<\/ol>\n<p>Para contextualizar, na segunda-feira (18), o Cade aprovou a venda do controle de 57,9% da unidade de fibra \u00f3tica \u00e0 institui\u00e7\u00e3o financeira, a Oi ficar\u00e1 com 42,1%.<\/p>\n<p>O BTG tem planos de investir R$ 30 bilh\u00f5es nos servi\u00e7os de infraestrutura da V.tal nos pr\u00f3ximos 5 anos, exibindo o engajamento e a necessidade de expans\u00e3o sobre o segmento de fibra no Brasil.<\/p>\n<p>&#8220;Dessa forma, a venda \u00e9 vista como algo muito positivo favorecendo a <a class=\"suno-keyword\" href=\"https:\/\/www.suno.com.br\/artigos\/saude-financeira\/\" target=\"_blank\" rel=\"noopener\" data-force=\"no\" data-priority=\"1\">sa\u00fade financeira<\/a> da Oi, bem como o foco no seu <a class=\"suno-keyword\" href=\"https:\/\/www.suno.com.br\/artigos\/core-business\/\" target=\"_blank\" rel=\"noopener\" data-force=\"no\" data-priority=\"1\">core business<\/a> que hoje \u00e9 a fibra \u00f3ptica. Assim, o primeiro <strong>grande passo<\/strong> para a conquista desses objetivos est\u00e1 em andamento ap\u00f3s a aprova\u00e7\u00e3o do Cade sobre a venda da UPI InfraCo&#8221;, concluiu o relat\u00f3rio.<\/p>\n<h2>Cota\u00e7\u00e3o da Oi<\/h2>\n<p>Por volta das 12h57, os pap\u00e9is da <strong>Oi<\/strong> apresentam queda de 0,89%, negociados a R$ 1,12.<\/p>\n\t<p>\n\t\t<a href=\"https:\/\/lp.suno.com.br\/planilha-de-controle-de-investimentos\/\" target=\"_blank\" data-element=\"shortcode-suno-banner\" title=\"Banner SUNO, clique e saiba mais\">\n\t\t\t<picture>\n\t\t\t\t<source media=\"(max-width: 500px)\" srcset=\"https:\/\/files.sunoresearch.com.br\/n\/uploads\/2023\/03\/400x300-Controle-de-Investimentos.png\">\n\t\t\t\t<img class=\"newsContent__article__imgCapa newsContent__article__imgCapa--banner\"\n\t\t\t\t\tsrc=\"https:\/\/files.sunoresearch.com.br\/n\/uploads\/2023\/03\/1420x240-Controle-de-Investimentos.png\"\n\t\t\t\t\tdata-promo-id=\"75934\"\t\t\t\t\t\t\t\t\t\twidth='1420' height='240'\t\t\t\t\talt=\"https:\/\/files.sunoresearch.com.br\/n\/uploads\/2023\/03\/1420x240-Controle-de-Investimentos.png\"\n\t\t\t\t>\n\t\t\t<\/picture>\n\t\t<\/a>\n\t<\/p>\n\n\n","protected":false},"excerpt":{"rendered":"<p>A aprova\u00e7\u00e3o do Conselho Administrativo de Defesa Econ\u00f4mica (Cade) da venda do controle da InfraCo (agora V.tal) \u00e9 relevante pois a expectativa \u00e9 de que Oi (OIBR3) destrave valor e saia da recupera\u00e7\u00e3o judicial (RJ) em mar\u00e7o de 2022. Com isso, a Genial Investimentos recomenda manter o ativo na carteira, com o pre\u00e7o-alvo de R$ [&hellip;]<\/p>\n","protected":false},"author":15,"featured_media":131294,"comment_status":"closed","ping_status":"closed","sticky":false,"template":"","format":"standard","meta":[],"categories":[64],"tags":[105816,584],"suno_strategy":[],"class_list":["post-195010","post","type-post","status-publish","format-standard","has-post-thumbnail","hentry","category-negocios","tag-especialistas","tag-oi-oibr3-oibr4"],"yoast_head":"<!-- This site is optimized with the Yoast SEO plugin v24.4 - https:\/\/yoast.com\/wordpress\/plugins\/seo\/ -->\n<title>Aval do Cade \u00e9 relevante para Oi (OIBR3) sair da recupera\u00e7\u00e3o judicial<\/title>\n<meta name=\"description\" content=\"A aprova\u00e7\u00e3o do Cade \u00e9 relevante pois a expectativa \u00e9 de que Oi (OIBR3) destrave valor e saia da recupera\u00e7\u00e3o judicial. Clique aqui\" \/>\n<meta name=\"robots\" content=\"index, follow, max-snippet:-1, max-image-preview:large, max-video-preview:-1\" \/>\n<link rel=\"canonical\" href=\"https:\/\/www.suno.com.br\/noticias\/oi-oibr3-aval-do-cade-e-grande-passo-para-sair-da-recuperacao-judicial-diz-genial\/\" \/>\n<meta property=\"og:locale\" content=\"pt_BR\" \/>\n<meta property=\"og:type\" content=\"article\" \/>\n<meta property=\"og:title\" content=\"Aval do Cade \u00e9 relevante para Oi (OIBR3) sair da recupera\u00e7\u00e3o judicial\" \/>\n<meta property=\"og:description\" content=\"A aprova\u00e7\u00e3o do Cade \u00e9 relevante pois a expectativa \u00e9 de que Oi (OIBR3) destrave valor e saia da recupera\u00e7\u00e3o judicial. Clique aqui\" \/>\n<meta property=\"og:url\" content=\"https:\/\/www.suno.com.br\/noticias\/oi-oibr3-aval-do-cade-e-grande-passo-para-sair-da-recuperacao-judicial-diz-genial\/\" \/>\n<meta property=\"og:site_name\" content=\"Suno Not\u00edcias\" \/>\n<meta property=\"article:publisher\" content=\"https:\/\/facebook.com\/sunoresearch\" \/>\n<meta property=\"og:image\" content=\"https:\/\/files.sunoresearch.com.br\/n\/uploads\/2021\/03\/014a2628-destaquesdeempresas.jpg\" \/>\n\t<meta property=\"og:image:width\" content=\"1024\" \/>\n\t<meta property=\"og:image:height\" content=\"683\" \/>\n\t<meta property=\"og:image:type\" content=\"image\/jpeg\" \/>\n<meta name=\"author\" content=\"Poliana Santos\" \/>\n<meta name=\"twitter:card\" content=\"summary_large_image\" \/>\n<meta name=\"twitter:creator\" content=\"@sunoresearch\" \/>\n<meta name=\"twitter:site\" content=\"@sunoresearch\" \/>\n<meta name=\"twitter:label1\" content=\"Escrito por\" \/>\n\t<meta name=\"twitter:data1\" content=\"Poliana Santos\" \/>\n\t<meta name=\"twitter:label2\" content=\"Est. tempo de leitura\" \/>\n\t<meta name=\"twitter:data2\" content=\"2 minutos\" \/>\n<script type=\"application\/ld+json\" class=\"yoast-schema-graph\">{\"@context\":\"https:\/\/schema.org\",\"@graph\":[{\"@type\":\"NewsArticle\",\"@id\":\"https:\/\/www.suno.com.br\/noticias\/oi-oibr3-aval-do-cade-e-grande-passo-para-sair-da-recuperacao-judicial-diz-genial\/#article\",\"isPartOf\":{\"@id\":\"https:\/\/www.suno.com.br\/noticias\/oi-oibr3-aval-do-cade-e-grande-passo-para-sair-da-recuperacao-judicial-diz-genial\/\"},\"author\":{\"name\":\"Poliana Santos\",\"@id\":\"https:\/\/www.suno.com.br\/noticias\/#\/schema\/person\/02ec1f752758247878a2bf4abee1aeda\"},\"headline\":\"Oi (OIBR3): Aval do Cade \u00e9 &#8220;grande passo&#8221; para sair da recupera\u00e7\u00e3o judicial, diz Genial\",\"datePublished\":\"2021-10-19T16:55:37+00:00\",\"mainEntityOfPage\":{\"@id\":\"https:\/\/www.suno.com.br\/noticias\/oi-oibr3-aval-do-cade-e-grande-passo-para-sair-da-recuperacao-judicial-diz-genial\/\"},\"wordCount\":471,\"publisher\":{\"@id\":\"https:\/\/www.suno.com.br\/noticias\/#organization\"},\"image\":{\"@id\":\"https:\/\/www.suno.com.br\/noticias\/oi-oibr3-aval-do-cade-e-grande-passo-para-sair-da-recuperacao-judicial-diz-genial\/#primaryimage\"},\"thumbnailUrl\":\"https:\/\/files.sunoresearch.com.br\/n\/uploads\/2021\/03\/014a2628-destaquesdeempresas-jpg.webp\",\"keywords\":[\"Especialistas\",\"Oi (OIBR3\/OIBR4)\"],\"articleSection\":[\"Neg\u00f3cios\"],\"inLanguage\":\"pt-BR\"},{\"@type\":\"WebPage\",\"@id\":\"https:\/\/www.suno.com.br\/noticias\/oi-oibr3-aval-do-cade-e-grande-passo-para-sair-da-recuperacao-judicial-diz-genial\/\",\"url\":\"https:\/\/www.suno.com.br\/noticias\/oi-oibr3-aval-do-cade-e-grande-passo-para-sair-da-recuperacao-judicial-diz-genial\/\",\"name\":\"Aval do Cade \u00e9 relevante para Oi (OIBR3) sair da recupera\u00e7\u00e3o judicial\",\"isPartOf\":{\"@id\":\"https:\/\/www.suno.com.br\/noticias\/#website\"},\"primaryImageOfPage\":{\"@id\":\"https:\/\/www.suno.com.br\/noticias\/oi-oibr3-aval-do-cade-e-grande-passo-para-sair-da-recuperacao-judicial-diz-genial\/#primaryimage\"},\"image\":{\"@id\":\"https:\/\/www.suno.com.br\/noticias\/oi-oibr3-aval-do-cade-e-grande-passo-para-sair-da-recuperacao-judicial-diz-genial\/#primaryimage\"},\"thumbnailUrl\":\"https:\/\/files.sunoresearch.com.br\/n\/uploads\/2021\/03\/014a2628-destaquesdeempresas-jpg.webp\",\"datePublished\":\"2021-10-19T16:55:37+00:00\",\"description\":\"A aprova\u00e7\u00e3o do Cade \u00e9 relevante pois a expectativa \u00e9 de que Oi (OIBR3) destrave valor e saia da recupera\u00e7\u00e3o judicial. Clique aqui\",\"breadcrumb\":{\"@id\":\"https:\/\/www.suno.com.br\/noticias\/oi-oibr3-aval-do-cade-e-grande-passo-para-sair-da-recuperacao-judicial-diz-genial\/#breadcrumb\"},\"inLanguage\":\"pt-BR\",\"potentialAction\":[{\"@type\":\"ReadAction\",\"target\":[\"https:\/\/www.suno.com.br\/noticias\/oi-oibr3-aval-do-cade-e-grande-passo-para-sair-da-recuperacao-judicial-diz-genial\/\"]}]},{\"@type\":\"ImageObject\",\"inLanguage\":\"pt-BR\",\"@id\":\"https:\/\/www.suno.com.br\/noticias\/oi-oibr3-aval-do-cade-e-grande-passo-para-sair-da-recuperacao-judicial-diz-genial\/#primaryimage\",\"url\":\"https:\/\/files.sunoresearch.com.br\/n\/uploads\/2021\/03\/014a2628-destaquesdeempresas-jpg.webp\",\"contentUrl\":\"https:\/\/files.sunoresearch.com.br\/n\/uploads\/2021\/03\/014a2628-destaquesdeempresas-jpg.webp\",\"width\":1024,\"height\":683,\"caption\":\"Oi (OIBR3)\"},{\"@type\":\"BreadcrumbList\",\"@id\":\"https:\/\/www.suno.com.br\/noticias\/oi-oibr3-aval-do-cade-e-grande-passo-para-sair-da-recuperacao-judicial-diz-genial\/#breadcrumb\",\"itemListElement\":[{\"@type\":\"ListItem\",\"position\":1,\"name\":\"Not\u00edcias\",\"item\":\"https:\/\/www.suno.com.br\/noticias\/\"},{\"@type\":\"ListItem\",\"position\":2,\"name\":\"Neg\u00f3cios\",\"item\":\"https:\/\/www.suno.com.br\/noticias\/negocios\/\"},{\"@type\":\"ListItem\",\"position\":3,\"name\":\"Oi (OIBR3): Aval do Cade \u00e9 &#8220;grande passo&#8221; para sair da recupera\u00e7\u00e3o judicial, diz Genial\"}]},{\"@type\":\"WebSite\",\"@id\":\"https:\/\/www.suno.com.br\/noticias\/#website\",\"url\":\"https:\/\/www.suno.com.br\/noticias\/\",\"name\":\"Suno Not\u00edcias\",\"description\":\"Seu portal de informa\u00e7\u00e3o sobre o mundo dos investimentos\",\"publisher\":{\"@id\":\"https:\/\/www.suno.com.br\/noticias\/#organization\"},\"potentialAction\":[{\"@type\":\"SearchAction\",\"target\":{\"@type\":\"EntryPoint\",\"urlTemplate\":\"https:\/\/www.suno.com.br\/noticias\/?s={search_term_string}\"},\"query-input\":{\"@type\":\"PropertyValueSpecification\",\"valueRequired\":true,\"valueName\":\"search_term_string\"}}],\"inLanguage\":\"pt-BR\"},{\"@type\":\"Organization\",\"@id\":\"https:\/\/www.suno.com.br\/noticias\/#organization\",\"name\":\"Suno Not\u00edcias\",\"url\":\"https:\/\/www.suno.com.br\/noticias\/\",\"logo\":{\"@type\":\"ImageObject\",\"inLanguage\":\"pt-BR\",\"@id\":\"https:\/\/www.suno.com.br\/noticias\/#\/schema\/logo\/image\/\",\"url\":\"https:\/\/files.sunoresearch.com.br\/n\/uploads\/2021\/09\/suno-logo.png\",\"contentUrl\":\"https:\/\/files.sunoresearch.com.br\/n\/uploads\/2021\/09\/suno-logo.png\",\"width\":180,\"height\":180,\"caption\":\"Suno Not\u00edcias\"},\"image\":{\"@id\":\"https:\/\/www.suno.com.br\/noticias\/#\/schema\/logo\/image\/\"},\"sameAs\":[\"https:\/\/facebook.com\/sunoresearch\",\"https:\/\/x.com\/sunoresearch\",\"https:\/\/www.instagram.com\/suno\",\"https:\/\/www.linkedin.com\/company\/suno-research\/\",\"https:\/\/www.youtube.com\/c\/sunoresearch\"]},{\"@type\":\"Person\",\"@id\":\"https:\/\/www.suno.com.br\/noticias\/#\/schema\/person\/02ec1f752758247878a2bf4abee1aeda\",\"name\":\"Poliana Santos\",\"image\":{\"@type\":\"ImageObject\",\"inLanguage\":\"pt-BR\",\"@id\":\"https:\/\/www.suno.com.br\/noticias\/#\/schema\/person\/image\/\",\"url\":\"https:\/\/secure.gravatar.com\/avatar\/0645bd32f23d87b2130f2b2dff1d3f8d?s=96&r=g\",\"contentUrl\":\"https:\/\/secure.gravatar.com\/avatar\/0645bd32f23d87b2130f2b2dff1d3f8d?s=96&r=g\",\"caption\":\"Poliana Santos\"},\"description\":\"Rep\u00f3rter no Suno Not\u00edcias, com cobertura em mercado financeiro, economia, finan\u00e7as pessoais, renda fixa e varejo. Jornalista formada pela Faculdade C\u00e1sper L\u00edbero e possui passagem na R\u00e1dio Gazeta AM com a produ\u00e7\u00e3o de conte\u00fado sobre economia, pol\u00edtica, sa\u00fade, moda e m\u00fasica. Possui certificado de conclus\u00e3o do curso de An\u00e1lise de Balan\u00e7os pela Funda\u00e7\u00e3o Bradesco, Agenda Brasil pela FAAP, Educa\u00e7\u00e3o Pol\u00edtica por Alexandre Garcia e do Tesouro Direto e Mercado de A\u00e7\u00f5es pela B3.\",\"url\":\"https:\/\/www.suno.com.br\/noticias\/author\/poliana-santos\/\"}]}<\/script>\n<!-- \/ Yoast SEO plugin. -->","yoast_head_json":{"title":"Aval do Cade \u00e9 relevante para Oi (OIBR3) sair da recupera\u00e7\u00e3o judicial","description":"A aprova\u00e7\u00e3o do Cade \u00e9 relevante pois a expectativa \u00e9 de que Oi (OIBR3) destrave valor e saia da recupera\u00e7\u00e3o judicial. Clique aqui","robots":{"index":"index","follow":"follow","max-snippet":"max-snippet:-1","max-image-preview":"max-image-preview:large","max-video-preview":"max-video-preview:-1"},"canonical":"https:\/\/www.suno.com.br\/noticias\/oi-oibr3-aval-do-cade-e-grande-passo-para-sair-da-recuperacao-judicial-diz-genial\/","og_locale":"pt_BR","og_type":"article","og_title":"Aval do Cade \u00e9 relevante para Oi (OIBR3) sair da recupera\u00e7\u00e3o judicial","og_description":"A aprova\u00e7\u00e3o do Cade \u00e9 relevante pois a expectativa \u00e9 de que Oi (OIBR3) destrave valor e saia da recupera\u00e7\u00e3o judicial. Clique aqui","og_url":"https:\/\/www.suno.com.br\/noticias\/oi-oibr3-aval-do-cade-e-grande-passo-para-sair-da-recuperacao-judicial-diz-genial\/","og_site_name":"Suno Not\u00edcias","article_publisher":"https:\/\/facebook.com\/sunoresearch","og_image":[{"width":1024,"height":683,"url":"https:\/\/files.sunoresearch.com.br\/n\/uploads\/2021\/03\/014a2628-destaquesdeempresas.jpg","type":"image\/jpeg"}],"author":"Poliana Santos","twitter_card":"summary_large_image","twitter_creator":"@sunoresearch","twitter_site":"@sunoresearch","twitter_misc":{"Escrito por":"Poliana Santos","Est. tempo de leitura":"2 minutos"},"schema":{"@context":"https:\/\/schema.org","@graph":[{"@type":"NewsArticle","@id":"https:\/\/www.suno.com.br\/noticias\/oi-oibr3-aval-do-cade-e-grande-passo-para-sair-da-recuperacao-judicial-diz-genial\/#article","isPartOf":{"@id":"https:\/\/www.suno.com.br\/noticias\/oi-oibr3-aval-do-cade-e-grande-passo-para-sair-da-recuperacao-judicial-diz-genial\/"},"author":{"name":"Poliana Santos","@id":"https:\/\/www.suno.com.br\/noticias\/#\/schema\/person\/02ec1f752758247878a2bf4abee1aeda"},"headline":"Oi (OIBR3): Aval do Cade \u00e9 &#8220;grande passo&#8221; para sair da recupera\u00e7\u00e3o judicial, diz Genial","datePublished":"2021-10-19T16:55:37+00:00","mainEntityOfPage":{"@id":"https:\/\/www.suno.com.br\/noticias\/oi-oibr3-aval-do-cade-e-grande-passo-para-sair-da-recuperacao-judicial-diz-genial\/"},"wordCount":471,"publisher":{"@id":"https:\/\/www.suno.com.br\/noticias\/#organization"},"image":{"@id":"https:\/\/www.suno.com.br\/noticias\/oi-oibr3-aval-do-cade-e-grande-passo-para-sair-da-recuperacao-judicial-diz-genial\/#primaryimage"},"thumbnailUrl":"https:\/\/files.sunoresearch.com.br\/n\/uploads\/2021\/03\/014a2628-destaquesdeempresas-jpg.webp","keywords":["Especialistas","Oi (OIBR3\/OIBR4)"],"articleSection":["Neg\u00f3cios"],"inLanguage":"pt-BR"},{"@type":"WebPage","@id":"https:\/\/www.suno.com.br\/noticias\/oi-oibr3-aval-do-cade-e-grande-passo-para-sair-da-recuperacao-judicial-diz-genial\/","url":"https:\/\/www.suno.com.br\/noticias\/oi-oibr3-aval-do-cade-e-grande-passo-para-sair-da-recuperacao-judicial-diz-genial\/","name":"Aval do Cade \u00e9 relevante para Oi (OIBR3) sair da recupera\u00e7\u00e3o judicial","isPartOf":{"@id":"https:\/\/www.suno.com.br\/noticias\/#website"},"primaryImageOfPage":{"@id":"https:\/\/www.suno.com.br\/noticias\/oi-oibr3-aval-do-cade-e-grande-passo-para-sair-da-recuperacao-judicial-diz-genial\/#primaryimage"},"image":{"@id":"https:\/\/www.suno.com.br\/noticias\/oi-oibr3-aval-do-cade-e-grande-passo-para-sair-da-recuperacao-judicial-diz-genial\/#primaryimage"},"thumbnailUrl":"https:\/\/files.sunoresearch.com.br\/n\/uploads\/2021\/03\/014a2628-destaquesdeempresas-jpg.webp","datePublished":"2021-10-19T16:55:37+00:00","description":"A aprova\u00e7\u00e3o do Cade \u00e9 relevante pois a expectativa \u00e9 de que Oi (OIBR3) destrave valor e saia da recupera\u00e7\u00e3o judicial. Clique aqui","breadcrumb":{"@id":"https:\/\/www.suno.com.br\/noticias\/oi-oibr3-aval-do-cade-e-grande-passo-para-sair-da-recuperacao-judicial-diz-genial\/#breadcrumb"},"inLanguage":"pt-BR","potentialAction":[{"@type":"ReadAction","target":["https:\/\/www.suno.com.br\/noticias\/oi-oibr3-aval-do-cade-e-grande-passo-para-sair-da-recuperacao-judicial-diz-genial\/"]}]},{"@type":"ImageObject","inLanguage":"pt-BR","@id":"https:\/\/www.suno.com.br\/noticias\/oi-oibr3-aval-do-cade-e-grande-passo-para-sair-da-recuperacao-judicial-diz-genial\/#primaryimage","url":"https:\/\/files.sunoresearch.com.br\/n\/uploads\/2021\/03\/014a2628-destaquesdeempresas-jpg.webp","contentUrl":"https:\/\/files.sunoresearch.com.br\/n\/uploads\/2021\/03\/014a2628-destaquesdeempresas-jpg.webp","width":1024,"height":683,"caption":"Oi (OIBR3)"},{"@type":"BreadcrumbList","@id":"https:\/\/www.suno.com.br\/noticias\/oi-oibr3-aval-do-cade-e-grande-passo-para-sair-da-recuperacao-judicial-diz-genial\/#breadcrumb","itemListElement":[{"@type":"ListItem","position":1,"name":"Not\u00edcias","item":"https:\/\/www.suno.com.br\/noticias\/"},{"@type":"ListItem","position":2,"name":"Neg\u00f3cios","item":"https:\/\/www.suno.com.br\/noticias\/negocios\/"},{"@type":"ListItem","position":3,"name":"Oi (OIBR3): Aval do Cade \u00e9 &#8220;grande passo&#8221; para sair da recupera\u00e7\u00e3o judicial, diz Genial"}]},{"@type":"WebSite","@id":"https:\/\/www.suno.com.br\/noticias\/#website","url":"https:\/\/www.suno.com.br\/noticias\/","name":"Suno Not\u00edcias","description":"Seu portal de informa\u00e7\u00e3o sobre o mundo dos investimentos","publisher":{"@id":"https:\/\/www.suno.com.br\/noticias\/#organization"},"potentialAction":[{"@type":"SearchAction","target":{"@type":"EntryPoint","urlTemplate":"https:\/\/www.suno.com.br\/noticias\/?s={search_term_string}"},"query-input":{"@type":"PropertyValueSpecification","valueRequired":true,"valueName":"search_term_string"}}],"inLanguage":"pt-BR"},{"@type":"Organization","@id":"https:\/\/www.suno.com.br\/noticias\/#organization","name":"Suno Not\u00edcias","url":"https:\/\/www.suno.com.br\/noticias\/","logo":{"@type":"ImageObject","inLanguage":"pt-BR","@id":"https:\/\/www.suno.com.br\/noticias\/#\/schema\/logo\/image\/","url":"https:\/\/files.sunoresearch.com.br\/n\/uploads\/2021\/09\/suno-logo.png","contentUrl":"https:\/\/files.sunoresearch.com.br\/n\/uploads\/2021\/09\/suno-logo.png","width":180,"height":180,"caption":"Suno Not\u00edcias"},"image":{"@id":"https:\/\/www.suno.com.br\/noticias\/#\/schema\/logo\/image\/"},"sameAs":["https:\/\/facebook.com\/sunoresearch","https:\/\/x.com\/sunoresearch","https:\/\/www.instagram.com\/suno","https:\/\/www.linkedin.com\/company\/suno-research\/","https:\/\/www.youtube.com\/c\/sunoresearch"]},{"@type":"Person","@id":"https:\/\/www.suno.com.br\/noticias\/#\/schema\/person\/02ec1f752758247878a2bf4abee1aeda","name":"Poliana Santos","image":{"@type":"ImageObject","inLanguage":"pt-BR","@id":"https:\/\/www.suno.com.br\/noticias\/#\/schema\/person\/image\/","url":"https:\/\/secure.gravatar.com\/avatar\/0645bd32f23d87b2130f2b2dff1d3f8d?s=96&r=g","contentUrl":"https:\/\/secure.gravatar.com\/avatar\/0645bd32f23d87b2130f2b2dff1d3f8d?s=96&r=g","caption":"Poliana Santos"},"description":"Rep\u00f3rter no Suno Not\u00edcias, com cobertura em mercado financeiro, economia, finan\u00e7as pessoais, renda fixa e varejo. Jornalista formada pela Faculdade C\u00e1sper L\u00edbero e possui passagem na R\u00e1dio Gazeta AM com a produ\u00e7\u00e3o de conte\u00fado sobre economia, pol\u00edtica, sa\u00fade, moda e m\u00fasica. Possui certificado de conclus\u00e3o do curso de An\u00e1lise de Balan\u00e7os pela Funda\u00e7\u00e3o Bradesco, Agenda Brasil pela FAAP, Educa\u00e7\u00e3o Pol\u00edtica por Alexandre Garcia e do Tesouro Direto e Mercado de A\u00e7\u00f5es pela B3.","url":"https:\/\/www.suno.com.br\/noticias\/author\/poliana-santos\/"}]}},"default_loop_html":"<div class=\"cardsPage__listCard__boxs\"><div class=\"cardsPage__listCard__boxs__img\"><a href=\"https:\/\/www.suno.com.br\/noticias\/oi-oibr3-aval-do-cade-e-grande-passo-para-sair-da-recuperacao-judicial-diz-genial\/\"><img class=\"mask\" src=\"https:\/\/www.suno.com.br\/noticias\/wp-content\/themes\/suno\/resources\/images\/spotlight\/spotlight1img\/bg-mask.png\" alt=\"Image Mask\"\/><img src=\"https:\/\/files.sunoresearch.com.br\/n\/uploads\/2021\/03\/014a2628-destaquesdeempresas-400x200.webp\" alt=\"Oi (OIBR3): Aval do Cade \u00e9 &#8220;grande passo&#8221; para sair da recupera\u00e7\u00e3o judicial, diz Genial\"\/><\/a><span class=\"spotlightCategory\"><a href=\"https:\/\/www.suno.com.br\/noticias\/negocios\/\">Neg\u00f3cios<\/a><\/span><\/div><div class=\"cardsPage__listCard__boxs__content\"><a href=\"https:\/\/www.suno.com.br\/noticias\/oi-oibr3-aval-do-cade-e-grande-passo-para-sair-da-recuperacao-judicial-diz-genial\/\"><h2 class=\"content__title\">Oi (OIBR3): Aval do Cade \u00e9 &#8220;grande passo&#8221; para sair da recupera\u00e7\u00e3o judicial, diz Genial<\/h2><\/a><div class=\"newsContent__article__meta\"><div class=\"newsContent__article__meta__authorBox\"><a href=\"https:\/\/www.suno.com.br\/noticias\/author\/poliana-santos\/\" class=\"authorBox__avatar noMobi\"><img src=\"https:\/\/files.sunoresearch.com.br\/n\/uploads\/2020\/08\/7ef34026-whatsapp-image-2020-08-03-at-12.37.57-150x150.webp\" alt=\"Poliana Santos\"><\/a><div class=\"authorBox__name\"><span>por\n\t\t\t<a href=\"https:\/\/www.suno.com.br\/noticias\/author\/poliana-santos\/\"><span itemprop=\"author\">Poliana Santos<\/span><\/a><\/span><time datetime=\"2021-10-19T13:55:37-03:00\" itemprop=\"datePublished\">19\/10\/2021 13:55<\/time><\/div><\/div><\/div><\/div><\/div>","single_layout":"posts","amp_enabled":true,"_links":{"self":[{"href":"https:\/\/www.suno.com.br\/noticias\/wp-json\/wp\/v2\/posts\/195010"}],"collection":[{"href":"https:\/\/www.suno.com.br\/noticias\/wp-json\/wp\/v2\/posts"}],"about":[{"href":"https:\/\/www.suno.com.br\/noticias\/wp-json\/wp\/v2\/types\/post"}],"author":[{"embeddable":true,"href":"https:\/\/www.suno.com.br\/noticias\/wp-json\/wp\/v2\/users\/15"}],"replies":[{"embeddable":true,"href":"https:\/\/www.suno.com.br\/noticias\/wp-json\/wp\/v2\/comments?post=195010"}],"version-history":[{"count":2,"href":"https:\/\/www.suno.com.br\/noticias\/wp-json\/wp\/v2\/posts\/195010\/revisions"}],"predecessor-version":[{"id":195039,"href":"https:\/\/www.suno.com.br\/noticias\/wp-json\/wp\/v2\/posts\/195010\/revisions\/195039"}],"wp:featuredmedia":[{"embeddable":true,"href":"https:\/\/www.suno.com.br\/noticias\/wp-json\/wp\/v2\/media\/131294"}],"wp:attachment":[{"href":"https:\/\/www.suno.com.br\/noticias\/wp-json\/wp\/v2\/media?parent=195010"}],"wp:term":[{"taxonomy":"category","embeddable":true,"href":"https:\/\/www.suno.com.br\/noticias\/wp-json\/wp\/v2\/categories?post=195010"},{"taxonomy":"post_tag","embeddable":true,"href":"https:\/\/www.suno.com.br\/noticias\/wp-json\/wp\/v2\/tags?post=195010"},{"taxonomy":"suno_strategy","embeddable":true,"href":"https:\/\/www.suno.com.br\/noticias\/wp-json\/wp\/v2\/suno_strategy?post=195010"}],"curies":[{"name":"wp","href":"https:\/\/api.w.org\/{rel}","templated":true}]}}