{"id":19500,"date":"2019-03-29T16:46:31","date_gmt":"2019-03-29T19:46:31","guid":{"rendered":"https:\/\/www.suno.com.br\/noticias\/?p=19500"},"modified":"2019-03-29T16:48:29","modified_gmt":"2019-03-29T19:48:29","slug":"avianca-adiamento-de-assembleia-atrasa-negociacoes-com-azul","status":"publish","type":"post","link":"https:\/\/www.suno.com.br\/noticias\/avianca-adiamento-de-assembleia-atrasa-negociacoes-com-azul\/","title":{"rendered":"Avianca: adiamento de assembleia atrasa poss\u00edveis negocia\u00e7\u00f5es com Azul"},"content":{"rendered":"<p>O <strong>adiamento<\/strong> da assembleia de credores Avianca, que estava agendada para ocorrer na tarde desta sexta-feira (29), <strong>atrasa as negocia\u00e7\u00f5es com a Azul<\/strong>. Afinal, a aprova\u00e7\u00e3o do<strong> plano de <a href=\"https:\/\/www.suno.com.br\/artigos\/recuperacao-judicial\/\">recupera\u00e7\u00e3o judicial<\/a> <\/strong>da Avianca depende do encontro e aprova\u00e7\u00e3o pelos credores.<\/p>\t<div class=\"wrapper-featured-image\">\n\t\t<figure class=\"spotlightImg\">\n\n\t\t\t<picture>\n\t\t\t\t<source media=\"(max-width: 768px)\" srcset=\"https:\/\/files.sunoresearch.com.br\/n\/uploads\/2019\/03\/c922d2b3-avianca-400x200.webp\">\n\t\t\t\t<img loading=\"lazy\" decoding=\"async\" class=\"newsContent__article__imgCapa lazyloadDisabled newsContent__article__imgCapa--noCaption\" src=\"https:\/\/files.sunoresearch.com.br\/n\/uploads\/2019\/03\/c922d2b3-avianca-800x450.webp\" width=\"800\" height=\"450\" alt=\"Avianca: adiamento de assembleia atrasa poss\u00edveis negocia\u00e7\u00f5es com Azul\" fetchpriority=high \/>\n\t\t\t<\/picture>\n\n\t\t\t<figcaption class=\"wp-caption-text wp-caption-text--hide\">Avianca recorre ao TST para impedir greve de tripulantes  <\/figcaption>\n\t\t<\/figure>\n\t<\/div>\n\n\n<p>No plano de <strong>recupera\u00e7\u00e3o judicial<\/strong> da Avianca Brasil, est\u00e1 prevista a cria\u00e7\u00e3o de uma\u00a0<strong>Unidade Produtiva Isolada<\/strong> (UPI). Ser\u00e1 por meio de tal unidade, que concentra certos ativos da companhia a\u00e9rea, que a Azul far\u00e1 a transa\u00e7\u00e3o.<\/p>\n<p>A oferta feita pela Azul, em proposta n\u00e3o-vinculante de 11 de mar\u00e7o, \u00e9 de\u00a0US$ 105 milh\u00f5es. A <strong>UPI<\/strong> inclui:<\/p>\n<ul>\n<li>certificado de operador a\u00e9reo da Avianca Brasil;<\/li>\n<li>70 pares de direitos de pousos e decolagens (\u201cslots\u201d);<\/li>\n<li>aproximadamente 30 aeronaves Airbus A320.<\/li>\n<\/ul>\n<p>O <strong>DIP\u00a0(debtor-in-possession) financing<\/strong>, que tamb\u00e9m estava previsto no acordo, j\u00e1 foi feito, no montante de <strong>R$ 50 milh\u00f5es<\/strong>.\u00a0Assim, o dinheiro servir\u00e1 para a manuten\u00e7\u00e3o e<strong> continuidade<\/strong> das opera\u00e7\u00f5es da companhia a\u00e9rea.<\/p>\n<p>A <strong>nova assembleia<\/strong> de credores est\u00e1 agendada para <strong>5 de abril<\/strong>.<\/p>\n<p><a href=\"https:\/\/www.suno.com.br\/noticias\/azul-registra-lucro-4t18\/\">Saiba mais &#8211;\u00a0Azul registra lucro l\u00edquido de R$ 138,2 milh\u00f5es no quarto trimestre de 2018\u00a0<\/a><\/p>\n<p><a href=\"https:\/\/www.suno.com.br\/noticias\/avianca-brasil-encerrar-21-rotas-abril\/\">Saiba mais &#8211;\u00a0Avianca Brasil vai encerrar opera\u00e7\u00f5es de 21 rotas a partir de abril\u00a0<\/a><\/p>\n<h2>Falta de qu\u00f3rum na assembleia de credores<\/h2>\n<p>A assembleia dos credores da Avianca Brasil, que estava agendada para ocorrer na tarde desta sexta-feira (29), n\u00e3o obteve <strong>qu\u00f3rum<\/strong> suficiente. O qu\u00f3rum \u00e9 o n\u00famero m\u00ednimo requerido de assistentes a uma sess\u00e3o, de qualquer <strong>corpo de delibera\u00e7\u00e3o<\/strong>. O qu\u00f3rum \u00e9 necess\u00e1rio para que uma <strong>decis\u00e3o seja validada<\/strong>.<\/p>\n<p>Com a aus\u00eancia de n\u00famero suficiente de pessoas para o <strong>qu\u00f3rum<\/strong> da <strong>Avianca Brasil<\/strong>, a <strong>audi\u00eancia foi adiada<\/strong> para 5 de abril, \u00e0s 13h, em S\u00e3o Paulo.<\/p>\n<p>A audi\u00eancia foi organizada pela corpora\u00e7\u00e3o\u00a0<strong>Alvarez &amp; Marsal<\/strong>, especializada em <strong>gerenciamento de <a href=\"https:\/\/www.suno.com.br\/artigos\/turnaround\/\">turnaround<\/a><\/strong>. Ou seja, a corpora\u00e7\u00e3o \u00e9 especializada na recupera\u00e7\u00e3o de cr\u00e9dito de empresas em<strong> situa\u00e7\u00f5es financeiras delicadas<\/strong>.<\/p>\n<p>Cerca de <strong>cem credores<\/strong> reuniram-se no sal\u00e3o principal do Club Homs, em S\u00e3o Paulo, a espera do in\u00edcio da <strong>assembleia<\/strong>. A informa\u00e7\u00e3o \u00e9 do jornal &#8220;O Globo&#8221;.<\/p>\n<p>De acordo com a legisla\u00e7\u00e3o de <strong><a href=\"https:\/\/www.suno.com.br\/artigos\/recuperacao-judicial\/\">recupera\u00e7\u00e3o judicial<\/a><\/strong> (Lei N\u00ba 11.101\/2005), para uma <strong>assembleia <\/strong>obter <strong>qu\u00f3rum<\/strong> \u00e9 necess\u00e1ria a presen\u00e7a de mais de<strong> 50% de credores<\/strong>, nas<strong> quatro categorias<\/strong>:<\/p>\n<ol>\n<li><strong>Trabalhadores:<\/strong> 73% compareceram.<\/li>\n<li><strong>Possuidores de garantias reais (como fundos):<\/strong> 100% compareceram.<\/li>\n<li><strong>Quirograficos:<\/strong> 78% compareceram.<\/li>\n<li><strong>Pequenas e m\u00e9dias empresas:<\/strong> 11% compareceram.<\/li>\n<\/ol>\n<p>Na audi\u00eancia, representantes da <strong>Alvarez &amp; Marsal<\/strong> anunciaram que a d\u00edvida total da <strong>Avianca Brasil<\/strong> \u00e9 de R$ 2,8 bilh\u00f5es.<\/p>\n<p>Contudo, o <strong>advogado da Azul<\/strong> (AZUL4),\u00a0Giuliano Colombo, afirmou que\u00a0&#8220;o<strong>\u00a0tempo joga contra o neg\u00f3cio<\/strong> [entre Azul e Avianca]&#8221;, afirmou Colombo, devido \u00e0 possibilidade da <strong>Azul cobrar de volta o valor<\/strong>, caso a transa\u00e7\u00e3o n\u00e3o se concretize.<\/p>\n<p>A previs\u00e3o da <strong>Azul<\/strong> para resolu\u00e7\u00e3o das negocia\u00e7\u00f5es com a <strong>Avianca Brasil<\/strong> era de <strong>tr\u00eas meses<\/strong>, em 11 de mar\u00e7o.<\/p>\n","protected":false},"excerpt":{"rendered":"<p>O adiamento da assembleia de credores Avianca, que estava agendada para ocorrer na tarde desta sexta-feira (29), atrasa as negocia\u00e7\u00f5es com a Azul. Afinal, a aprova\u00e7\u00e3o do plano de recupera\u00e7\u00e3o judicial da Avianca depende do encontro e aprova\u00e7\u00e3o pelos credores. Avianca recorre ao TST para impedir greve de tripulantes No plano de recupera\u00e7\u00e3o judicial da [&hellip;]<\/p>\n","protected":false},"author":12,"featured_media":19501,"comment_status":"closed","ping_status":"closed","sticky":false,"template":"","format":"standard","meta":[],"categories":[64],"tags":[840,106932],"suno_strategy":[],"class_list":["post-19500","post","type-post","status-publish","format-standard","has-post-thumbnail","hentry","category-negocios","tag-avianca","tag-azul-azul4"],"yoast_head":"<!-- This site is optimized with the Yoast SEO plugin v24.4 - https:\/\/yoast.com\/wordpress\/plugins\/seo\/ -->\n<title>Avianca: adiamento de assembleia atrasa poss\u00edveis negocia\u00e7\u00f5es com Azul<\/title>\n<meta name=\"description\" content=\"O adiamento da assembleia de credores Avianca Brasil atrasa as negocia\u00e7\u00f5es com a Azul. Clique para saber mais.\" \/>\n<meta name=\"robots\" content=\"index, follow, max-snippet:-1, max-image-preview:large, max-video-preview:-1\" \/>\n<link rel=\"canonical\" href=\"https:\/\/www.suno.com.br\/noticias\/avianca-adiamento-de-assembleia-atrasa-negociacoes-com-azul\/\" \/>\n<meta property=\"og:locale\" content=\"pt_BR\" \/>\n<meta property=\"og:type\" content=\"article\" \/>\n<meta property=\"og:title\" content=\"Avianca: adiamento de assembleia atrasa poss\u00edveis negocia\u00e7\u00f5es com Azul\" \/>\n<meta property=\"og:description\" content=\"O adiamento da assembleia de credores Avianca Brasil atrasa as negocia\u00e7\u00f5es com a Azul. Clique para saber mais.\" \/>\n<meta property=\"og:url\" content=\"https:\/\/www.suno.com.br\/noticias\/avianca-adiamento-de-assembleia-atrasa-negociacoes-com-azul\/\" \/>\n<meta property=\"og:site_name\" content=\"Suno Not\u00edcias\" \/>\n<meta property=\"article:publisher\" content=\"https:\/\/facebook.com\/sunoresearch\" \/>\n<meta property=\"og:image\" content=\"https:\/\/files.sunoresearch.com.br\/n\/uploads\/2019\/03\/c922d2b3-avianca.jpg\" \/>\n\t<meta property=\"og:image:width\" content=\"1024\" \/>\n\t<meta property=\"og:image:height\" content=\"683\" \/>\n\t<meta property=\"og:image:type\" content=\"image\/jpeg\" \/>\n<meta name=\"author\" content=\"Amanda Gushiken\" \/>\n<meta name=\"twitter:card\" content=\"summary_large_image\" \/>\n<meta name=\"twitter:creator\" content=\"@sunoresearch\" \/>\n<meta name=\"twitter:site\" content=\"@sunoresearch\" \/>\n<meta name=\"twitter:label1\" content=\"Escrito por\" \/>\n\t<meta name=\"twitter:data1\" content=\"Amanda Gushiken\" \/>\n\t<meta name=\"twitter:label2\" content=\"Est. tempo de leitura\" \/>\n\t<meta name=\"twitter:data2\" content=\"2 minutos\" \/>\n<script type=\"application\/ld+json\" class=\"yoast-schema-graph\">{\"@context\":\"https:\/\/schema.org\",\"@graph\":[{\"@type\":\"NewsArticle\",\"@id\":\"https:\/\/www.suno.com.br\/noticias\/avianca-adiamento-de-assembleia-atrasa-negociacoes-com-azul\/#article\",\"isPartOf\":{\"@id\":\"https:\/\/www.suno.com.br\/noticias\/avianca-adiamento-de-assembleia-atrasa-negociacoes-com-azul\/\"},\"author\":{\"name\":\"Amanda Gushiken\",\"@id\":\"https:\/\/www.suno.com.br\/noticias\/#\/schema\/person\/a5b06fa4e879d8e8e119c6ed3cd630d1\"},\"headline\":\"Avianca: adiamento de assembleia atrasa poss\u00edveis negocia\u00e7\u00f5es com Azul\",\"datePublished\":\"2019-03-29T19:46:31+00:00\",\"dateModified\":\"2019-03-29T19:48:29+00:00\",\"mainEntityOfPage\":{\"@id\":\"https:\/\/www.suno.com.br\/noticias\/avianca-adiamento-de-assembleia-atrasa-negociacoes-com-azul\/\"},\"wordCount\":505,\"publisher\":{\"@id\":\"https:\/\/www.suno.com.br\/noticias\/#organization\"},\"image\":{\"@id\":\"https:\/\/www.suno.com.br\/noticias\/avianca-adiamento-de-assembleia-atrasa-negociacoes-com-azul\/#primaryimage\"},\"thumbnailUrl\":\"https:\/\/files.sunoresearch.com.br\/n\/uploads\/2019\/03\/c922d2b3-avianca-jpg.webp\",\"keywords\":[\"Avianca\",\"Azul (AZUL4)\"],\"articleSection\":[\"Neg\u00f3cios\"],\"inLanguage\":\"pt-BR\"},{\"@type\":\"WebPage\",\"@id\":\"https:\/\/www.suno.com.br\/noticias\/avianca-adiamento-de-assembleia-atrasa-negociacoes-com-azul\/\",\"url\":\"https:\/\/www.suno.com.br\/noticias\/avianca-adiamento-de-assembleia-atrasa-negociacoes-com-azul\/\",\"name\":\"Avianca: adiamento de assembleia atrasa poss\u00edveis negocia\u00e7\u00f5es com Azul\",\"isPartOf\":{\"@id\":\"https:\/\/www.suno.com.br\/noticias\/#website\"},\"primaryImageOfPage\":{\"@id\":\"https:\/\/www.suno.com.br\/noticias\/avianca-adiamento-de-assembleia-atrasa-negociacoes-com-azul\/#primaryimage\"},\"image\":{\"@id\":\"https:\/\/www.suno.com.br\/noticias\/avianca-adiamento-de-assembleia-atrasa-negociacoes-com-azul\/#primaryimage\"},\"thumbnailUrl\":\"https:\/\/files.sunoresearch.com.br\/n\/uploads\/2019\/03\/c922d2b3-avianca-jpg.webp\",\"datePublished\":\"2019-03-29T19:46:31+00:00\",\"dateModified\":\"2019-03-29T19:48:29+00:00\",\"description\":\"O adiamento da assembleia de credores Avianca Brasil atrasa as negocia\u00e7\u00f5es com a Azul. Clique para saber mais.\",\"breadcrumb\":{\"@id\":\"https:\/\/www.suno.com.br\/noticias\/avianca-adiamento-de-assembleia-atrasa-negociacoes-com-azul\/#breadcrumb\"},\"inLanguage\":\"pt-BR\",\"potentialAction\":[{\"@type\":\"ReadAction\",\"target\":[\"https:\/\/www.suno.com.br\/noticias\/avianca-adiamento-de-assembleia-atrasa-negociacoes-com-azul\/\"]}]},{\"@type\":\"ImageObject\",\"inLanguage\":\"pt-BR\",\"@id\":\"https:\/\/www.suno.com.br\/noticias\/avianca-adiamento-de-assembleia-atrasa-negociacoes-com-azul\/#primaryimage\",\"url\":\"https:\/\/files.sunoresearch.com.br\/n\/uploads\/2019\/03\/c922d2b3-avianca-jpg.webp\",\"contentUrl\":\"https:\/\/files.sunoresearch.com.br\/n\/uploads\/2019\/03\/c922d2b3-avianca-jpg.webp\",\"width\":1024,\"height\":683,\"caption\":\"Avianca recorre ao TST para impedir greve de tripulantes\"},{\"@type\":\"BreadcrumbList\",\"@id\":\"https:\/\/www.suno.com.br\/noticias\/avianca-adiamento-de-assembleia-atrasa-negociacoes-com-azul\/#breadcrumb\",\"itemListElement\":[{\"@type\":\"ListItem\",\"position\":1,\"name\":\"Not\u00edcias\",\"item\":\"https:\/\/www.suno.com.br\/noticias\/\"},{\"@type\":\"ListItem\",\"position\":2,\"name\":\"Neg\u00f3cios\",\"item\":\"https:\/\/www.suno.com.br\/noticias\/negocios\/\"},{\"@type\":\"ListItem\",\"position\":3,\"name\":\"Avianca: adiamento de assembleia atrasa poss\u00edveis negocia\u00e7\u00f5es com Azul\"}]},{\"@type\":\"WebSite\",\"@id\":\"https:\/\/www.suno.com.br\/noticias\/#website\",\"url\":\"https:\/\/www.suno.com.br\/noticias\/\",\"name\":\"Suno Not\u00edcias\",\"description\":\"Seu portal de informa\u00e7\u00e3o sobre o mundo dos investimentos\",\"publisher\":{\"@id\":\"https:\/\/www.suno.com.br\/noticias\/#organization\"},\"potentialAction\":[{\"@type\":\"SearchAction\",\"target\":{\"@type\":\"EntryPoint\",\"urlTemplate\":\"https:\/\/www.suno.com.br\/noticias\/?s={search_term_string}\"},\"query-input\":{\"@type\":\"PropertyValueSpecification\",\"valueRequired\":true,\"valueName\":\"search_term_string\"}}],\"inLanguage\":\"pt-BR\"},{\"@type\":\"Organization\",\"@id\":\"https:\/\/www.suno.com.br\/noticias\/#organization\",\"name\":\"Suno Not\u00edcias\",\"url\":\"https:\/\/www.suno.com.br\/noticias\/\",\"logo\":{\"@type\":\"ImageObject\",\"inLanguage\":\"pt-BR\",\"@id\":\"https:\/\/www.suno.com.br\/noticias\/#\/schema\/logo\/image\/\",\"url\":\"https:\/\/files.sunoresearch.com.br\/n\/uploads\/2021\/09\/suno-logo.png\",\"contentUrl\":\"https:\/\/files.sunoresearch.com.br\/n\/uploads\/2021\/09\/suno-logo.png\",\"width\":180,\"height\":180,\"caption\":\"Suno Not\u00edcias\"},\"image\":{\"@id\":\"https:\/\/www.suno.com.br\/noticias\/#\/schema\/logo\/image\/\"},\"sameAs\":[\"https:\/\/facebook.com\/sunoresearch\",\"https:\/\/x.com\/sunoresearch\",\"https:\/\/www.instagram.com\/suno\",\"https:\/\/www.linkedin.com\/company\/suno-research\/\",\"https:\/\/www.youtube.com\/c\/sunoresearch\"]},{\"@type\":\"Person\",\"@id\":\"https:\/\/www.suno.com.br\/noticias\/#\/schema\/person\/a5b06fa4e879d8e8e119c6ed3cd630d1\",\"name\":\"Amanda Gushiken\",\"image\":{\"@type\":\"ImageObject\",\"inLanguage\":\"pt-BR\",\"@id\":\"https:\/\/www.suno.com.br\/noticias\/#\/schema\/person\/image\/\",\"url\":\"https:\/\/secure.gravatar.com\/avatar\/ecd84705e6b65e3685ae80d725501fbe?s=96&r=g\",\"contentUrl\":\"https:\/\/secure.gravatar.com\/avatar\/ecd84705e6b65e3685ae80d725501fbe?s=96&r=g\",\"caption\":\"Amanda Gushiken\"},\"description\":\"Amanda Sayuri Gushiken escreve sobre finan\u00e7as e neg\u00f3cios para o portal Suno Not\u00edcias. Antes, trabalhou selecionando not\u00edcias da imprensa para clientes do mercado financeiro. Tamb\u00e9m desenvolveu pesquisa acad\u00eamica pela Universidade Anhembi Morumbi na \u00e1rea de Teorias da Comunica\u00e7\u00e3o e \u00e9 fot\u00f3grafa nas horas vagas.\",\"url\":\"https:\/\/www.suno.com.br\/noticias\/author\/amanda\/\"}]}<\/script>\n<!-- \/ Yoast SEO plugin. -->","yoast_head_json":{"title":"Avianca: adiamento de assembleia atrasa poss\u00edveis negocia\u00e7\u00f5es com Azul","description":"O adiamento da assembleia de credores Avianca Brasil atrasa as negocia\u00e7\u00f5es com a Azul. Clique para saber mais.","robots":{"index":"index","follow":"follow","max-snippet":"max-snippet:-1","max-image-preview":"max-image-preview:large","max-video-preview":"max-video-preview:-1"},"canonical":"https:\/\/www.suno.com.br\/noticias\/avianca-adiamento-de-assembleia-atrasa-negociacoes-com-azul\/","og_locale":"pt_BR","og_type":"article","og_title":"Avianca: adiamento de assembleia atrasa poss\u00edveis negocia\u00e7\u00f5es com Azul","og_description":"O adiamento da assembleia de credores Avianca Brasil atrasa as negocia\u00e7\u00f5es com a Azul. Clique para saber mais.","og_url":"https:\/\/www.suno.com.br\/noticias\/avianca-adiamento-de-assembleia-atrasa-negociacoes-com-azul\/","og_site_name":"Suno Not\u00edcias","article_publisher":"https:\/\/facebook.com\/sunoresearch","og_image":[{"width":1024,"height":683,"url":"https:\/\/files.sunoresearch.com.br\/n\/uploads\/2019\/03\/c922d2b3-avianca.jpg","type":"image\/jpeg"}],"author":"Amanda Gushiken","twitter_card":"summary_large_image","twitter_creator":"@sunoresearch","twitter_site":"@sunoresearch","twitter_misc":{"Escrito por":"Amanda Gushiken","Est. tempo de leitura":"2 minutos"},"schema":{"@context":"https:\/\/schema.org","@graph":[{"@type":"NewsArticle","@id":"https:\/\/www.suno.com.br\/noticias\/avianca-adiamento-de-assembleia-atrasa-negociacoes-com-azul\/#article","isPartOf":{"@id":"https:\/\/www.suno.com.br\/noticias\/avianca-adiamento-de-assembleia-atrasa-negociacoes-com-azul\/"},"author":{"name":"Amanda Gushiken","@id":"https:\/\/www.suno.com.br\/noticias\/#\/schema\/person\/a5b06fa4e879d8e8e119c6ed3cd630d1"},"headline":"Avianca: adiamento de assembleia atrasa poss\u00edveis negocia\u00e7\u00f5es com Azul","datePublished":"2019-03-29T19:46:31+00:00","dateModified":"2019-03-29T19:48:29+00:00","mainEntityOfPage":{"@id":"https:\/\/www.suno.com.br\/noticias\/avianca-adiamento-de-assembleia-atrasa-negociacoes-com-azul\/"},"wordCount":505,"publisher":{"@id":"https:\/\/www.suno.com.br\/noticias\/#organization"},"image":{"@id":"https:\/\/www.suno.com.br\/noticias\/avianca-adiamento-de-assembleia-atrasa-negociacoes-com-azul\/#primaryimage"},"thumbnailUrl":"https:\/\/files.sunoresearch.com.br\/n\/uploads\/2019\/03\/c922d2b3-avianca-jpg.webp","keywords":["Avianca","Azul (AZUL4)"],"articleSection":["Neg\u00f3cios"],"inLanguage":"pt-BR"},{"@type":"WebPage","@id":"https:\/\/www.suno.com.br\/noticias\/avianca-adiamento-de-assembleia-atrasa-negociacoes-com-azul\/","url":"https:\/\/www.suno.com.br\/noticias\/avianca-adiamento-de-assembleia-atrasa-negociacoes-com-azul\/","name":"Avianca: adiamento de assembleia atrasa poss\u00edveis negocia\u00e7\u00f5es com Azul","isPartOf":{"@id":"https:\/\/www.suno.com.br\/noticias\/#website"},"primaryImageOfPage":{"@id":"https:\/\/www.suno.com.br\/noticias\/avianca-adiamento-de-assembleia-atrasa-negociacoes-com-azul\/#primaryimage"},"image":{"@id":"https:\/\/www.suno.com.br\/noticias\/avianca-adiamento-de-assembleia-atrasa-negociacoes-com-azul\/#primaryimage"},"thumbnailUrl":"https:\/\/files.sunoresearch.com.br\/n\/uploads\/2019\/03\/c922d2b3-avianca-jpg.webp","datePublished":"2019-03-29T19:46:31+00:00","dateModified":"2019-03-29T19:48:29+00:00","description":"O adiamento da assembleia de credores Avianca Brasil atrasa as negocia\u00e7\u00f5es com a Azul. Clique para saber mais.","breadcrumb":{"@id":"https:\/\/www.suno.com.br\/noticias\/avianca-adiamento-de-assembleia-atrasa-negociacoes-com-azul\/#breadcrumb"},"inLanguage":"pt-BR","potentialAction":[{"@type":"ReadAction","target":["https:\/\/www.suno.com.br\/noticias\/avianca-adiamento-de-assembleia-atrasa-negociacoes-com-azul\/"]}]},{"@type":"ImageObject","inLanguage":"pt-BR","@id":"https:\/\/www.suno.com.br\/noticias\/avianca-adiamento-de-assembleia-atrasa-negociacoes-com-azul\/#primaryimage","url":"https:\/\/files.sunoresearch.com.br\/n\/uploads\/2019\/03\/c922d2b3-avianca-jpg.webp","contentUrl":"https:\/\/files.sunoresearch.com.br\/n\/uploads\/2019\/03\/c922d2b3-avianca-jpg.webp","width":1024,"height":683,"caption":"Avianca recorre ao TST para impedir greve de tripulantes"},{"@type":"BreadcrumbList","@id":"https:\/\/www.suno.com.br\/noticias\/avianca-adiamento-de-assembleia-atrasa-negociacoes-com-azul\/#breadcrumb","itemListElement":[{"@type":"ListItem","position":1,"name":"Not\u00edcias","item":"https:\/\/www.suno.com.br\/noticias\/"},{"@type":"ListItem","position":2,"name":"Neg\u00f3cios","item":"https:\/\/www.suno.com.br\/noticias\/negocios\/"},{"@type":"ListItem","position":3,"name":"Avianca: adiamento de assembleia atrasa poss\u00edveis negocia\u00e7\u00f5es com Azul"}]},{"@type":"WebSite","@id":"https:\/\/www.suno.com.br\/noticias\/#website","url":"https:\/\/www.suno.com.br\/noticias\/","name":"Suno Not\u00edcias","description":"Seu portal de informa\u00e7\u00e3o sobre o mundo dos investimentos","publisher":{"@id":"https:\/\/www.suno.com.br\/noticias\/#organization"},"potentialAction":[{"@type":"SearchAction","target":{"@type":"EntryPoint","urlTemplate":"https:\/\/www.suno.com.br\/noticias\/?s={search_term_string}"},"query-input":{"@type":"PropertyValueSpecification","valueRequired":true,"valueName":"search_term_string"}}],"inLanguage":"pt-BR"},{"@type":"Organization","@id":"https:\/\/www.suno.com.br\/noticias\/#organization","name":"Suno Not\u00edcias","url":"https:\/\/www.suno.com.br\/noticias\/","logo":{"@type":"ImageObject","inLanguage":"pt-BR","@id":"https:\/\/www.suno.com.br\/noticias\/#\/schema\/logo\/image\/","url":"https:\/\/files.sunoresearch.com.br\/n\/uploads\/2021\/09\/suno-logo.png","contentUrl":"https:\/\/files.sunoresearch.com.br\/n\/uploads\/2021\/09\/suno-logo.png","width":180,"height":180,"caption":"Suno Not\u00edcias"},"image":{"@id":"https:\/\/www.suno.com.br\/noticias\/#\/schema\/logo\/image\/"},"sameAs":["https:\/\/facebook.com\/sunoresearch","https:\/\/x.com\/sunoresearch","https:\/\/www.instagram.com\/suno","https:\/\/www.linkedin.com\/company\/suno-research\/","https:\/\/www.youtube.com\/c\/sunoresearch"]},{"@type":"Person","@id":"https:\/\/www.suno.com.br\/noticias\/#\/schema\/person\/a5b06fa4e879d8e8e119c6ed3cd630d1","name":"Amanda Gushiken","image":{"@type":"ImageObject","inLanguage":"pt-BR","@id":"https:\/\/www.suno.com.br\/noticias\/#\/schema\/person\/image\/","url":"https:\/\/secure.gravatar.com\/avatar\/ecd84705e6b65e3685ae80d725501fbe?s=96&r=g","contentUrl":"https:\/\/secure.gravatar.com\/avatar\/ecd84705e6b65e3685ae80d725501fbe?s=96&r=g","caption":"Amanda Gushiken"},"description":"Amanda Sayuri Gushiken escreve sobre finan\u00e7as e neg\u00f3cios para o portal Suno Not\u00edcias. Antes, trabalhou selecionando not\u00edcias da imprensa para clientes do mercado financeiro. Tamb\u00e9m desenvolveu pesquisa acad\u00eamica pela Universidade Anhembi Morumbi na \u00e1rea de Teorias da Comunica\u00e7\u00e3o e \u00e9 fot\u00f3grafa nas horas vagas.","url":"https:\/\/www.suno.com.br\/noticias\/author\/amanda\/"}]}},"default_loop_html":"<div class=\"cardsPage__listCard__boxs\"><div class=\"cardsPage__listCard__boxs__img\"><a href=\"https:\/\/www.suno.com.br\/noticias\/avianca-adiamento-de-assembleia-atrasa-negociacoes-com-azul\/\"><img class=\"mask\" src=\"https:\/\/www.suno.com.br\/noticias\/wp-content\/themes\/suno\/resources\/images\/spotlight\/spotlight1img\/bg-mask.png\" alt=\"Image Mask\"\/><img src=\"https:\/\/files.sunoresearch.com.br\/n\/uploads\/2019\/03\/c922d2b3-avianca-400x200.webp\" alt=\"Avianca: adiamento de assembleia atrasa poss\u00edveis negocia\u00e7\u00f5es com Azul\"\/><\/a><span class=\"spotlightCategory\"><a href=\"https:\/\/www.suno.com.br\/noticias\/negocios\/\">Neg\u00f3cios<\/a><\/span><\/div><div class=\"cardsPage__listCard__boxs__content\"><a href=\"https:\/\/www.suno.com.br\/noticias\/avianca-adiamento-de-assembleia-atrasa-negociacoes-com-azul\/\"><h2 class=\"content__title\">Avianca: adiamento de assembleia atrasa poss\u00edveis negocia\u00e7\u00f5es com Azul<\/h2><\/a><div class=\"newsContent__article__meta\"><div class=\"newsContent__article__meta__authorBox\"><a href=\"https:\/\/www.suno.com.br\/noticias\/author\/amanda\/\" class=\"authorBox__avatar noMobi\"><img src=\"https:\/\/files.sunoresearch.com.br\/n\/uploads\/2018\/11\/c6ad30be-amanda-150x150.webp\" alt=\"Amanda Gushiken\"><\/a><div class=\"authorBox__name\"><span>por\n\t\t\t<a href=\"https:\/\/www.suno.com.br\/noticias\/author\/amanda\/\"><span itemprop=\"author\">Amanda Gushiken<\/span><\/a><\/span><time datetime=\"2019-03-29T16:46:31-03:00\" itemprop=\"datePublished\">29\/03\/2019 16:46<\/time><\/div><\/div><\/div><\/div><\/div>","single_layout":"posts","amp_enabled":true,"_links":{"self":[{"href":"https:\/\/www.suno.com.br\/noticias\/wp-json\/wp\/v2\/posts\/19500"}],"collection":[{"href":"https:\/\/www.suno.com.br\/noticias\/wp-json\/wp\/v2\/posts"}],"about":[{"href":"https:\/\/www.suno.com.br\/noticias\/wp-json\/wp\/v2\/types\/post"}],"author":[{"embeddable":true,"href":"https:\/\/www.suno.com.br\/noticias\/wp-json\/wp\/v2\/users\/12"}],"replies":[{"embeddable":true,"href":"https:\/\/www.suno.com.br\/noticias\/wp-json\/wp\/v2\/comments?post=19500"}],"version-history":[{"count":0,"href":"https:\/\/www.suno.com.br\/noticias\/wp-json\/wp\/v2\/posts\/19500\/revisions"}],"wp:featuredmedia":[{"embeddable":true,"href":"https:\/\/www.suno.com.br\/noticias\/wp-json\/wp\/v2\/media\/19501"}],"wp:attachment":[{"href":"https:\/\/www.suno.com.br\/noticias\/wp-json\/wp\/v2\/media?parent=19500"}],"wp:term":[{"taxonomy":"category","embeddable":true,"href":"https:\/\/www.suno.com.br\/noticias\/wp-json\/wp\/v2\/categories?post=19500"},{"taxonomy":"post_tag","embeddable":true,"href":"https:\/\/www.suno.com.br\/noticias\/wp-json\/wp\/v2\/tags?post=19500"},{"taxonomy":"suno_strategy","embeddable":true,"href":"https:\/\/www.suno.com.br\/noticias\/wp-json\/wp\/v2\/suno_strategy?post=19500"}],"curies":[{"name":"wp","href":"https:\/\/api.w.org\/{rel}","templated":true}]}}