{"id":194816,"date":"2021-10-18T20:30:18","date_gmt":"2021-10-18T23:30:18","guid":{"rendered":"https:\/\/www.suno.com.br\/noticias\/?p=194816"},"modified":"2021-10-18T23:07:31","modified_gmt":"2021-10-19T02:07:31","slug":"reforma-do-imposto-de-renda-relator-tirar-tributacao-dividendos","status":"publish","type":"post","link":"https:\/\/www.suno.com.br\/noticias\/reforma-do-imposto-de-renda-relator-tirar-tributacao-dividendos\/","title":{"rendered":"Reforma do Imposto de Renda: relator afirma que vai retirar tributa\u00e7\u00e3o de dividendos do texto"},"content":{"rendered":"<p>A proposta de tributa\u00e7\u00e3o de <a class=\"suno-keyword\" href=\"https:\/\/www.suno.com.br\/guias\/dividendos\/\" target=\"_blank\" rel=\"noopener\" data-force=\"no\" data-priority=\"1\">dividendos<\/a> e lucros ser\u00e1 retirada do texto da<strong> reforma do Imposto de Renda<\/strong> (IR), disse hoje o relator do projeto no Senado, Angelo Coronel (PSD-BA).<\/p>\t<div class=\"wrapper-featured-image\">\n\t\t<figure class=\"spotlightImg\">\n\n\t\t\t<picture>\n\t\t\t\t<source media=\"(max-width: 768px)\" srcset=\"https:\/\/files.sunoresearch.com.br\/n\/uploads\/2021\/10\/relator-reforma-IR-Senado-Angelo-Coronel-400x200.jpg\">\n\t\t\t\t<img loading=\"lazy\" decoding=\"async\" class=\"newsContent__article__imgCapa lazyloadDisabled \" src=\"https:\/\/files.sunoresearch.com.br\/n\/uploads\/2021\/10\/relator-reforma-IR-Senado-Angelo-Coronel-800x450.jpg\" width=\"800\" height=\"450\" alt=\"Reforma do Imposto de Renda: relator afirma que vai retirar tributa\u00e7\u00e3o de dividendos do texto\" fetchpriority=high \/>\n\t\t\t<\/picture>\n\n\t\t\t<figcaption class=\"wp-caption-text wp-caption-text--show\">Reforma do IR: Angelo Coronel (PSD- BA), relator da reforma do IR no Senado, diz que a tributa\u00e7\u00e3o de dividendos e lucros levaria ao &quot;maior contencioso tribut\u00e1rio da hist\u00f3ria&quot; - Foto: Roque de S\u00e1\/Ag\u00eancia Senado<\/figcaption>\n\t\t<\/figure>\n\t<\/div>\n\n\n\t<p>\n\t\t<a href=\"https:\/\/lp.suno.com.br\/planilha-controle-gastos\/\" target=\"_blank\" data-element=\"shortcode-suno-banner\" title=\"Banner SUNO, clique e saiba mais\">\n\t\t\t<picture>\n\t\t\t\t<source media=\"(max-width: 500px)\" srcset=\"https:\/\/files.sunoresearch.com.br\/n\/uploads\/2023\/03\/400x300-Planilha-controle-de-gastos.png\">\n\t\t\t\t<img class=\"newsContent__article__imgCapa newsContent__article__imgCapa--banner\"\n\t\t\t\t\tsrc=\"https:\/\/files.sunoresearch.com.br\/n\/uploads\/2023\/03\/1420x240-Planilha-controle-de-gastos.png\"\n\t\t\t\t\tdata-promo-id=\"101751\"\t\t\t\t\t\t\t\t\t\twidth='1420' height='240'\t\t\t\t\talt=\"https:\/\/files.sunoresearch.com.br\/n\/uploads\/2023\/03\/1420x240-Planilha-controle-de-gastos.png\"\n\t\t\t\t>\n\t\t\t<\/picture>\n\t\t<\/a>\n\t<\/p>\n\n\n<p>Ao participar de uma live promovida pelo Centro de Estudos das Sociedades de Advogados (Cesa) nesta segunda-feira (18), o relator da proposta de reforma do imposto de renda afirmou: &#8220;<strong>Tributa\u00e7\u00e3o de lucros e dividendos<\/strong>? Isso a\u00ed est\u00e1 fora, jamais.&#8221;<\/p>\n<p>Na avalia\u00e7\u00e3o do senador, a<strong> tributa\u00e7\u00e3o de dividendos<\/strong> e lucros levaria ao &#8220;maior contencioso tribut\u00e1rio da hist\u00f3ria&#8221;. Al\u00e9m disso, Coronel criticou o projeto, que considerou como &#8220;pe\u00e7a eleitoreira&#8221;.<\/p>\n\t<p>\n\t\t<a href=\"https:\/\/lp.suno.com.br\/planilha-da-vida-financeira\/\" target=\"_blank\" data-element=\"shortcode-suno-banner\" title=\"Banner SUNO, clique e saiba mais\">\n\t\t\t<picture>\n\t\t\t\t<source media=\"(max-width: 500px)\" srcset=\"https:\/\/files.sunoresearch.com.br\/n\/uploads\/2023\/04\/400x300-Planilha-vida-financeira-true.png\">\n\t\t\t\t<img class=\"newsContent__article__imgCapa newsContent__article__imgCapa--banner\"\n\t\t\t\t\tsrc=\"https:\/\/files.sunoresearch.com.br\/n\/uploads\/2023\/04\/1420x240-Planilha-vida-financeira-true.png\"\n\t\t\t\t\tdata-promo-id=\"106682\"\t\t\t\t\t\t\t\t\t\twidth='1420' height='240'\t\t\t\t\talt=\"https:\/\/files.sunoresearch.com.br\/n\/uploads\/2023\/04\/1420x240-Planilha-vida-financeira-true.png\"\n\t\t\t\t>\n\t\t\t<\/picture>\n\t\t<\/a>\n\t<\/p>\n\n\n<p>No momento em que a equipe econ\u00f4mica ainda tenta contar com a reforma do Imposto de Renda para destravar o lan\u00e7amento do Aux\u00edlio Brasil (substituto turbinado do Bolsa Fam\u00edlia), o relator do projeto no Senado disse que j\u00e1 avisou lideran\u00e7as que &#8220;n\u00e3o d\u00e1 para fazer um relat\u00f3rio sob press\u00e3o e na pressa que eles querem&#8221;.<\/p>\n<p>&#8220;Esse projeto s\u00f3 sai das minhas m\u00e3os&#8230; eu n\u00e3o tenho prazo, posso passar um ano, posso passar dois, passar tr\u00eas, ou at\u00e9 cinco anos, quando encerro meu mandato&#8221;, avisou Coronel, que participou de uma live promovida pelo Centro de Estudos das Sociedades de Advogados (CESA), entidade que entregou hoje um manifesto contr\u00e1rio \u00e0 reforma do IR.<\/p>\n<p>A proposta inclui a retomada da taxa\u00e7\u00e3o de lucros e dividendos distribu\u00eddos \u00e0 pessoa f\u00edsica, medida que seria a fonte de financiamento da amplia\u00e7\u00e3o de despesas com o Aux\u00edlio Brasil. Sem essa fonte de arrecada\u00e7\u00e3o, o governo n\u00e3o pode, pela Lei de Responsabilidade Fiscal (LRF), ampliar os valores do programa social de forma permanente.<\/p>\n<p>Para Coronel, a demora na vota\u00e7\u00e3o do IR n\u00e3o ir\u00e1, por si s\u00f3, enterrar a ideia de fortalecer os programas sociais. &#8220;O governo pode, s\u00f3 para cumprir a LRF, fazer um programa tempor\u00e1rio por 24 meses, que n\u00e3o h\u00e1 necessidade de reforma do IR t\u00e3o a\u00e7odada&#8221;, disse. &#8220;(O governo) N\u00e3o vai contar com a minha caneta para assinar um relat\u00f3rio nos moldes do que veio na C\u00e2mara&#8221;, afirmou o senador, citando ainda o ditado &#8220;devagar com o andor que o santo \u00e9 de barro&#8221;.<\/p>\n<p>Coronel tamb\u00e9m reafirmou que vai retirar da proposta a tributa\u00e7\u00e3o de lucros e dividendos acumulados, uma vez que eles j\u00e1 foram tributados na empresa em 34%.<\/p>\n<p>&#8220;Estou com minha consci\u00eancia tranquila porque n\u00e3o vou contribuir com o maior contencioso fiscal que vai acontecer no Brasil se esse projeto for aprovado. Quem \u00e9 que vai ter seu lucro acumulado, que j\u00e1 foi tributado a 34% l\u00e1 atr\u00e1s, e voc\u00ea agora ao distribuir dividendo pagar mais 15%, o que vai acontecer? O governo pensa que vai arrecadar e n\u00e3o vai arrecadar nada. O empres\u00e1rio que tiver esse recurso vai simplesmente ajuizar&#8221;, justificou.<\/p>\n<h2>Redu\u00e7\u00e3o ainda maior na tributa\u00e7\u00e3o sobre as empresas<\/h2>\n<p>O relator disse ainda que tem trabalhado por uma redu\u00e7\u00e3o ainda maior na tributa\u00e7\u00e3o sobre as empresas. Ele quer garantir uma redu\u00e7\u00e3o de 34% para 23% da carga tribut\u00e1ria que incide sobre o lucro das companhias. A queda adicional seria feita na al\u00edquota da Contribui\u00e7\u00e3o Social sobre Lucro L\u00edquido (CSLL), tributo cobrado pelo governo federal que n\u00e3o \u00e9 dividido com Estados e munic\u00edpios.<\/p>\n<p>No projeto aprovado pela C\u00e2mara, a tributa\u00e7\u00e3o caiu para 26%, mas a redu\u00e7\u00e3o da al\u00edquota foi concentrada no Imposto de Renda da Pessoa Jur\u00eddica (IRPJ), cuja arrecada\u00e7\u00e3o \u00e9 compartilhada com os governos regionais, que n\u00e3o aceitam ficar com um rombo nas suas receitas. A redu\u00e7\u00e3o da CSLL prevista pelos deputados foi de 9% para 8%, mesmo assim atrelada ao corte de benef\u00edcios fiscais.<\/p>\n<p>&#8220;Hoje eu fiz uma conta com alguns t\u00e9cnicos, para taxarmos dividendos &#8211; n\u00e3o os acumulados, os dividendos novos, se a gente reduzisse ainda o imposto para 23%, fechava a conta o dividendo a 15%. Mas eu sempre digo que reforma, na minha \u00f3tica, \u00e9 para diminuir, para melhorar. Reforma para empatar fica como est\u00e1&#8221;, afirmou. Segundo Coronel, ele j\u00e1 recebeu sinal verde para o corte a 23%.<\/p>\n<p>&#8220;Mas continuam amuados que tem que taxar o dividendo acumulado, e isso para mim \u00e9 inegoci\u00e1vel&#8221;, avisou.<\/p>\n<h2><strong>&#8220;Quero tranquilizar o mercado&#8221;<\/strong><\/h2>\n<p>Na live, ele defendeu ainda um prazo maior para apresentar o relat\u00f3rio e cravou: &#8220;N\u00e3o vai contar com a minha caneta para assinar um relat\u00f3rio nos moldes do que veio da C\u00e2mara. J\u00e1 falei com Arthur Lira [presidente da C\u00e2mara], com Fernando Bezerra [l\u00edder do governo no Senado]. N\u00e3o d\u00e1 para falar de relat\u00f3rio sobre press\u00e3o e com a pressa que eles <em>[os deputados]<\/em> querem.&#8221;<\/p>\n<p>O relator da proposta de reforma do imposto de renda complementou dizendo que quer &#8220;tranquilizar o mercado&#8221;. &#8220;N\u00e3o vou apresentar relat\u00f3rio com o que est\u00e1 incluso. Pode passar um ano, dois ou o tempo do meu mandato, que faltam cinco anos&#8221;, apontou.<\/p>\n\t<p>\n\t\t<a href=\"https:\/\/lp.suno.com.br\/ebook-como-analisar-uma-acao\/\" target=\"_blank\" data-element=\"shortcode-suno-banner\" title=\"Banner SUNO, clique e saiba mais\">\n\t\t\t<picture>\n\t\t\t\t<source media=\"(max-width: 500px)\" srcset=\"https:\/\/files.sunoresearch.com.br\/n\/uploads\/2023\/03\/Ebook-Acoes-Mobile-1.jpg\">\n\t\t\t\t<img class=\"newsContent__article__imgCapa newsContent__article__imgCapa--banner\"\n\t\t\t\t\tsrc=\"https:\/\/files.sunoresearch.com.br\/n\/uploads\/2023\/03\/Ebook-Acoes-Desktop-1.jpg\"\n\t\t\t\t\tdata-promo-id=\"171998\"\t\t\t\t\t\t\t\t\t\twidth='1420' height='286'\t\t\t\t\talt=\"https:\/\/files.sunoresearch.com.br\/n\/uploads\/2023\/03\/Ebook-Acoes-Desktop-1.jpg\"\n\t\t\t\t>\n\t\t\t<\/picture>\n\t\t<\/a>\n\t<\/p>\n\n\n<p>Coronel indicou tamb\u00e9m que se manter\u00e1 firme em rela\u00e7\u00e3o \u00e0 press\u00e3o para que o relat\u00f3rio da reforma do imposto de renda seja apresentado antes do fim do aux\u00edlio emergencial. &#8220;Querem colocar nas minhas costas, caso o relat\u00f3rio n\u00e3o seja apresentado e votado a tempo, at\u00e9 31 de outubro, quando encerra o aux\u00edlio emergencial, querem arrumar um bode expiat\u00f3rio, de que estou contra atender 17 milh\u00f5es de pessoas&#8221;.<\/p>\n<p>&#8220;Com dois atos simples o governo faz [o atendimento dessas pessoas]. Faz um programa tempor\u00e1rio, por 24 meses, e n\u00e3o precisa essa reforma do Imposto de Renda t\u00e3o a\u00e7odada. Outra: aumente o Bolsa Fam\u00edlia. O que est\u00e1 havendo a\u00ed \u00e9 uma certa vaidade de nome. A vaidade continua imperando, tem que acabar o Bolsa Fam\u00edlia e fazer um programa do governo atual&#8221;, disse o senador.<\/p>\n<h2>Reforma do Imposto de Renda: C\u00e2mara reduziu de 20% para 15% taxa\u00e7\u00e3o de dividendos<\/h2>\n<p>No in\u00edcio de setembro, a C\u00e2mara dos Deputados aprovou por a 319 votos favor\u00e1veis contra 140 contr\u00e1rios a emenda \u00e0 <strong>reforma do IR<\/strong> que reduziu, de 20% para 15%, a al\u00edquota da <a href=\"https:\/\/www.suno.com.br\/guias\/dividendos\/\">tributa\u00e7\u00e3o sobre lucros e dividendos<\/a>.<\/p>\n\t<div data-element=\"shortcode-read-more\" class=\"knowMore\">\n\t\t\t\t<span class=\"knowMore__title\">Saiba mais <\/span>\n\t\t\t\t<a class=\"knowMore__link\" href=\"https:\/\/www.suno.com.br\/noticias\/reforma-do-imposto-de-renda-camara-reduz-taxacao-dividendos\/\">\n\t\t\tReforma do Imposto de Renda: C\u00e2mara reduz de 20% para 15% taxa\u00e7\u00e3o de dividendos\t\t<\/a>\n\t<\/div>\n\n\n<p>A proposta para instituir uma al\u00edquota de 20% constava no texto-base da reforma do Imposto de Renda. <a class=\"suno-keyword\" href=\"https:\/\/www.suno.com.br\/artigos\/pessoa-fisica\/\" target=\"_blank\" rel=\"noopener\" data-force=\"no\" data-priority=\"2\">Pessoas f\u00edsicas<\/a> est\u00e3o isentas da <strong>tributa\u00e7\u00e3o de lucros e dividendos<\/strong> desde 1996.<\/p>\n<p>O relator do projeto, deputado Celso Sabino (PSDB-PA), defendeu a manuten\u00e7\u00e3o dos 20%. Segundo o parlamentar, a al\u00edquota maior para taxa\u00e7\u00e3o de dividendos seria compensada por outros dispositivos do texto que reduzem a tributa\u00e7\u00e3o pelo Imposto de Renda. A vers\u00e3o aprovada ontem prev\u00ea corte de 7% na <strong>al\u00edquota do IR<\/strong> para empresas, que cai de 15% para 8%.<\/p>\n<p>A oposi\u00e7\u00e3o, por outro lado, foi contr\u00e1ria \u00e0 mudan\u00e7a. \u201cIsso \u00e9 um esc\u00e2ndalo\u201d, afirmou o deputado Afonso Florence (PT-BA). J\u00e1 o deputado Cac\u00e1 Le\u00e3o (PP-BA) disse que havia um acordo de partidos governistas a favor do destaque. O argumento \u00e9 de que a taxa\u00e7\u00e3o menor favorece o setor produtivo. \u201c\u00c9 preciso valorizar quem produz\u201d, completou Efraim Filho (DEM-PB).<\/p>\n<p>O projeto da C\u00e2mara altera as <strong>regras do IR<\/strong>, tanto para pessoas f\u00edsicas quanto para empresas.<\/p>\n<p>Para pessoas f\u00edsicas, o projeto atualizar\u00e1 a tabela atual. Trabalhadores formais que recebem at\u00e9 R$ 2,5 mil de sal\u00e1rio mensal estariam isentos de qualquer contribui\u00e7\u00e3o. O limite para isen\u00e7\u00e3o do IR atualmente \u00e9 de R$ 1,9 mil. A nova tabela, de acordo com o governo federal, isentar\u00e1 5,6 milh\u00f5es de contribuintes.<\/p>\n<p>Na proposta de <strong>reforma do Imposto de Renda<\/strong>, todas as faixas salariais tribut\u00e1veis ter\u00e3o diminui\u00e7\u00e3o de impostos. Trabalhadores formais com renda mensal acima de R$ 2,5 mil que optarem pela declara\u00e7\u00e3o simplificada ter\u00e3o a possibilidade de abater 20% do IR, com limite m\u00e1ximo de R$ 10.563,60.<\/p>\n<p><em>(Com Estad\u00e3o Conte\u00fado, Ag\u00eancia C\u00e2mara de Not\u00edcias e Ag\u00eancia Brasil)<\/em><\/p>\n\t<p>\n\t\t<a href=\"\" target=\"_blank\" data-element=\"shortcode-suno-banner\" title=\"Banner SUNO, clique e saiba mais\">\n\t\t\t<picture>\n\t\t\t\t<source media=\"(max-width: 500px)\" srcset=\"\">\n\t\t\t\t<img class=\"newsContent__article__imgCapa newsContent__article__imgCapa--banner\"\n\t\t\t\t\tsrc=\"\"\n\t\t\t\t\tdata-promo-id=\"184190\"\t\t\t\t\t\t\t\t\t\t\t\t\t\t\talt=\"\"\n\t\t\t\t>\n\t\t\t<\/picture>\n\t\t<\/a>\n\t<\/p>\n\n\n","protected":false},"excerpt":{"rendered":"<p>A proposta de tributa\u00e7\u00e3o de dividendos e lucros ser\u00e1 retirada do texto da reforma do Imposto de Renda (IR), disse hoje o relator do projeto no Senado, Angelo Coronel (PSD-BA). Reforma do IR: Angelo Coronel (PSD- BA), relator da reforma do IR no Senado, diz que a tributa\u00e7\u00e3o de dividendos e lucros levaria ao &quot;maior [&hellip;]<\/p>\n","protected":false},"author":39,"featured_media":194851,"comment_status":"closed","ping_status":"closed","sticky":false,"template":"","format":"standard","meta":[],"categories":[62],"tags":[],"suno_strategy":[],"class_list":["post-194816","post","type-post","status-publish","format-standard","has-post-thumbnail","hentry","category-economia"],"yoast_head":"<!-- This site is optimized with the Yoast SEO plugin v24.4 - https:\/\/yoast.com\/wordpress\/plugins\/seo\/ -->\n<title>Reforma do Imposto de Renda: relator afirma que vai retirar tributa\u00e7\u00e3o de dividendos do texto<\/title>\n<meta name=\"description\" content=\"A proposta de tributa\u00e7\u00e3o de dividendos e lucros ser\u00e1 retirada do texto da reforma do Imposto de Renda (IR), segundo relator. Saiba mais!\" \/>\n<meta name=\"robots\" content=\"index, follow, max-snippet:-1, max-image-preview:large, max-video-preview:-1\" \/>\n<link rel=\"canonical\" href=\"https:\/\/www.suno.com.br\/noticias\/reforma-do-imposto-de-renda-relator-tirar-tributacao-dividendos\/\" \/>\n<meta property=\"og:locale\" content=\"pt_BR\" \/>\n<meta property=\"og:type\" content=\"article\" \/>\n<meta property=\"og:title\" content=\"Reforma do Imposto de Renda: relator afirma que vai retirar tributa\u00e7\u00e3o de dividendos do texto\" \/>\n<meta property=\"og:description\" content=\"A proposta de tributa\u00e7\u00e3o de dividendos e lucros ser\u00e1 retirada do texto da reforma do Imposto de Renda (IR), segundo relator. Saiba mais!\" \/>\n<meta property=\"og:url\" content=\"https:\/\/www.suno.com.br\/noticias\/reforma-do-imposto-de-renda-relator-tirar-tributacao-dividendos\/\" \/>\n<meta property=\"og:site_name\" content=\"Suno Not\u00edcias\" \/>\n<meta property=\"article:publisher\" content=\"https:\/\/facebook.com\/sunoresearch\" \/>\n<meta property=\"og:image\" content=\"https:\/\/files.sunoresearch.com.br\/n\/uploads\/2021\/10\/relator-reforma-IR-Senado-Angelo-Coronel.jpg\" \/>\n\t<meta property=\"og:image:width\" content=\"2047\" \/>\n\t<meta property=\"og:image:height\" content=\"1365\" \/>\n\t<meta property=\"og:image:type\" content=\"image\/jpeg\" \/>\n<meta name=\"author\" content=\"Laura Moutinho\" \/>\n<meta name=\"twitter:card\" content=\"summary_large_image\" \/>\n<meta name=\"twitter:creator\" content=\"@sunoresearch\" \/>\n<meta name=\"twitter:site\" content=\"@sunoresearch\" \/>\n<meta name=\"twitter:label1\" content=\"Escrito por\" \/>\n\t<meta name=\"twitter:data1\" content=\"Laura Moutinho\" \/>\n\t<meta name=\"twitter:label2\" content=\"Est. tempo de leitura\" \/>\n\t<meta name=\"twitter:data2\" content=\"6 minutos\" \/>\n<script type=\"application\/ld+json\" class=\"yoast-schema-graph\">{\"@context\":\"https:\/\/schema.org\",\"@graph\":[{\"@type\":\"NewsArticle\",\"@id\":\"https:\/\/www.suno.com.br\/noticias\/reforma-do-imposto-de-renda-relator-tirar-tributacao-dividendos\/#article\",\"isPartOf\":{\"@id\":\"https:\/\/www.suno.com.br\/noticias\/reforma-do-imposto-de-renda-relator-tirar-tributacao-dividendos\/\"},\"author\":{\"name\":\"Laura Moutinho\",\"@id\":\"https:\/\/www.suno.com.br\/noticias\/#\/schema\/person\/3df0d2808748b74496efe5dbeaef2c72\"},\"headline\":\"Reforma do Imposto de Renda: relator afirma que vai retirar tributa\u00e7\u00e3o de dividendos do texto\",\"datePublished\":\"2021-10-18T23:30:18+00:00\",\"dateModified\":\"2021-10-19T02:07:31+00:00\",\"mainEntityOfPage\":{\"@id\":\"https:\/\/www.suno.com.br\/noticias\/reforma-do-imposto-de-renda-relator-tirar-tributacao-dividendos\/\"},\"wordCount\":1347,\"publisher\":{\"@id\":\"https:\/\/www.suno.com.br\/noticias\/#organization\"},\"image\":{\"@id\":\"https:\/\/www.suno.com.br\/noticias\/reforma-do-imposto-de-renda-relator-tirar-tributacao-dividendos\/#primaryimage\"},\"thumbnailUrl\":\"https:\/\/files.sunoresearch.com.br\/n\/uploads\/2021\/10\/relator-reforma-IR-Senado-Angelo-Coronel.jpg\",\"articleSection\":[\"Economia\"],\"inLanguage\":\"pt-BR\"},{\"@type\":\"WebPage\",\"@id\":\"https:\/\/www.suno.com.br\/noticias\/reforma-do-imposto-de-renda-relator-tirar-tributacao-dividendos\/\",\"url\":\"https:\/\/www.suno.com.br\/noticias\/reforma-do-imposto-de-renda-relator-tirar-tributacao-dividendos\/\",\"name\":\"Reforma do Imposto de Renda: relator afirma que vai retirar tributa\u00e7\u00e3o de dividendos do texto\",\"isPartOf\":{\"@id\":\"https:\/\/www.suno.com.br\/noticias\/#website\"},\"primaryImageOfPage\":{\"@id\":\"https:\/\/www.suno.com.br\/noticias\/reforma-do-imposto-de-renda-relator-tirar-tributacao-dividendos\/#primaryimage\"},\"image\":{\"@id\":\"https:\/\/www.suno.com.br\/noticias\/reforma-do-imposto-de-renda-relator-tirar-tributacao-dividendos\/#primaryimage\"},\"thumbnailUrl\":\"https:\/\/files.sunoresearch.com.br\/n\/uploads\/2021\/10\/relator-reforma-IR-Senado-Angelo-Coronel.jpg\",\"datePublished\":\"2021-10-18T23:30:18+00:00\",\"dateModified\":\"2021-10-19T02:07:31+00:00\",\"description\":\"A proposta de tributa\u00e7\u00e3o de dividendos e lucros ser\u00e1 retirada do texto da reforma do Imposto de Renda (IR), segundo relator. Saiba mais!\",\"breadcrumb\":{\"@id\":\"https:\/\/www.suno.com.br\/noticias\/reforma-do-imposto-de-renda-relator-tirar-tributacao-dividendos\/#breadcrumb\"},\"inLanguage\":\"pt-BR\",\"potentialAction\":[{\"@type\":\"ReadAction\",\"target\":[\"https:\/\/www.suno.com.br\/noticias\/reforma-do-imposto-de-renda-relator-tirar-tributacao-dividendos\/\"]}]},{\"@type\":\"ImageObject\",\"inLanguage\":\"pt-BR\",\"@id\":\"https:\/\/www.suno.com.br\/noticias\/reforma-do-imposto-de-renda-relator-tirar-tributacao-dividendos\/#primaryimage\",\"url\":\"https:\/\/files.sunoresearch.com.br\/n\/uploads\/2021\/10\/relator-reforma-IR-Senado-Angelo-Coronel.jpg\",\"contentUrl\":\"https:\/\/files.sunoresearch.com.br\/n\/uploads\/2021\/10\/relator-reforma-IR-Senado-Angelo-Coronel.jpg\",\"width\":2047,\"height\":1365,\"caption\":\"Reforma do IR: Angelo Coronel (PSD- BA), relator da reforma do IR no Senado, diz que a tributa\u00e7\u00e3o de dividendos e lucros levaria ao \\\"maior contencioso tribut\u00e1rio da hist\u00f3ria\\\" - Foto: Roque de S\u00e1\/Ag\u00eancia Senado\"},{\"@type\":\"BreadcrumbList\",\"@id\":\"https:\/\/www.suno.com.br\/noticias\/reforma-do-imposto-de-renda-relator-tirar-tributacao-dividendos\/#breadcrumb\",\"itemListElement\":[{\"@type\":\"ListItem\",\"position\":1,\"name\":\"Not\u00edcias\",\"item\":\"https:\/\/www.suno.com.br\/noticias\/\"},{\"@type\":\"ListItem\",\"position\":2,\"name\":\"Economia\",\"item\":\"https:\/\/www.suno.com.br\/noticias\/economia\/\"},{\"@type\":\"ListItem\",\"position\":3,\"name\":\"Reforma do Imposto de Renda: relator afirma que vai retirar tributa\u00e7\u00e3o de dividendos do texto\"}]},{\"@type\":\"WebSite\",\"@id\":\"https:\/\/www.suno.com.br\/noticias\/#website\",\"url\":\"https:\/\/www.suno.com.br\/noticias\/\",\"name\":\"Suno Not\u00edcias\",\"description\":\"Seu portal de informa\u00e7\u00e3o sobre o mundo dos investimentos\",\"publisher\":{\"@id\":\"https:\/\/www.suno.com.br\/noticias\/#organization\"},\"potentialAction\":[{\"@type\":\"SearchAction\",\"target\":{\"@type\":\"EntryPoint\",\"urlTemplate\":\"https:\/\/www.suno.com.br\/noticias\/?s={search_term_string}\"},\"query-input\":{\"@type\":\"PropertyValueSpecification\",\"valueRequired\":true,\"valueName\":\"search_term_string\"}}],\"inLanguage\":\"pt-BR\"},{\"@type\":\"Organization\",\"@id\":\"https:\/\/www.suno.com.br\/noticias\/#organization\",\"name\":\"Suno Not\u00edcias\",\"url\":\"https:\/\/www.suno.com.br\/noticias\/\",\"logo\":{\"@type\":\"ImageObject\",\"inLanguage\":\"pt-BR\",\"@id\":\"https:\/\/www.suno.com.br\/noticias\/#\/schema\/logo\/image\/\",\"url\":\"https:\/\/files.sunoresearch.com.br\/n\/uploads\/2021\/09\/suno-logo.png\",\"contentUrl\":\"https:\/\/files.sunoresearch.com.br\/n\/uploads\/2021\/09\/suno-logo.png\",\"width\":180,\"height\":180,\"caption\":\"Suno Not\u00edcias\"},\"image\":{\"@id\":\"https:\/\/www.suno.com.br\/noticias\/#\/schema\/logo\/image\/\"},\"sameAs\":[\"https:\/\/facebook.com\/sunoresearch\",\"https:\/\/x.com\/sunoresearch\",\"https:\/\/www.instagram.com\/suno\",\"https:\/\/www.linkedin.com\/company\/suno-research\/\",\"https:\/\/www.youtube.com\/c\/sunoresearch\"]},{\"@type\":\"Person\",\"@id\":\"https:\/\/www.suno.com.br\/noticias\/#\/schema\/person\/3df0d2808748b74496efe5dbeaef2c72\",\"name\":\"Laura Moutinho\",\"image\":{\"@type\":\"ImageObject\",\"inLanguage\":\"pt-BR\",\"@id\":\"https:\/\/www.suno.com.br\/noticias\/#\/schema\/person\/image\/\",\"url\":\"https:\/\/secure.gravatar.com\/avatar\/7571c7c8ca3a6fca5e41384ece5557ff?s=96&r=g\",\"contentUrl\":\"https:\/\/secure.gravatar.com\/avatar\/7571c7c8ca3a6fca5e41384ece5557ff?s=96&r=g\",\"caption\":\"Laura Moutinho\"},\"description\":\"Estagi\u00e1ria na Suno Not\u00edcias, escreve not\u00edcias que afetam o mercado financeiro. Estuda administra\u00e7\u00e3o na Universidade Presbiteriana Mackenzie.\",\"url\":\"https:\/\/www.suno.com.br\/noticias\/author\/laura-moutinho\/\"}]}<\/script>\n<!-- \/ Yoast SEO plugin. -->","yoast_head_json":{"title":"Reforma do Imposto de Renda: relator afirma que vai retirar tributa\u00e7\u00e3o de dividendos do texto","description":"A proposta de tributa\u00e7\u00e3o de dividendos e lucros ser\u00e1 retirada do texto da reforma do Imposto de Renda (IR), segundo relator. Saiba mais!","robots":{"index":"index","follow":"follow","max-snippet":"max-snippet:-1","max-image-preview":"max-image-preview:large","max-video-preview":"max-video-preview:-1"},"canonical":"https:\/\/www.suno.com.br\/noticias\/reforma-do-imposto-de-renda-relator-tirar-tributacao-dividendos\/","og_locale":"pt_BR","og_type":"article","og_title":"Reforma do Imposto de Renda: relator afirma que vai retirar tributa\u00e7\u00e3o de dividendos do texto","og_description":"A proposta de tributa\u00e7\u00e3o de dividendos e lucros ser\u00e1 retirada do texto da reforma do Imposto de Renda (IR), segundo relator. Saiba mais!","og_url":"https:\/\/www.suno.com.br\/noticias\/reforma-do-imposto-de-renda-relator-tirar-tributacao-dividendos\/","og_site_name":"Suno Not\u00edcias","article_publisher":"https:\/\/facebook.com\/sunoresearch","og_image":[{"width":2047,"height":1365,"url":"https:\/\/files.sunoresearch.com.br\/n\/uploads\/2021\/10\/relator-reforma-IR-Senado-Angelo-Coronel.jpg","type":"image\/jpeg"}],"author":"Laura Moutinho","twitter_card":"summary_large_image","twitter_creator":"@sunoresearch","twitter_site":"@sunoresearch","twitter_misc":{"Escrito por":"Laura Moutinho","Est. tempo de leitura":"6 minutos"},"schema":{"@context":"https:\/\/schema.org","@graph":[{"@type":"NewsArticle","@id":"https:\/\/www.suno.com.br\/noticias\/reforma-do-imposto-de-renda-relator-tirar-tributacao-dividendos\/#article","isPartOf":{"@id":"https:\/\/www.suno.com.br\/noticias\/reforma-do-imposto-de-renda-relator-tirar-tributacao-dividendos\/"},"author":{"name":"Laura Moutinho","@id":"https:\/\/www.suno.com.br\/noticias\/#\/schema\/person\/3df0d2808748b74496efe5dbeaef2c72"},"headline":"Reforma do Imposto de Renda: relator afirma que vai retirar tributa\u00e7\u00e3o de dividendos do texto","datePublished":"2021-10-18T23:30:18+00:00","dateModified":"2021-10-19T02:07:31+00:00","mainEntityOfPage":{"@id":"https:\/\/www.suno.com.br\/noticias\/reforma-do-imposto-de-renda-relator-tirar-tributacao-dividendos\/"},"wordCount":1347,"publisher":{"@id":"https:\/\/www.suno.com.br\/noticias\/#organization"},"image":{"@id":"https:\/\/www.suno.com.br\/noticias\/reforma-do-imposto-de-renda-relator-tirar-tributacao-dividendos\/#primaryimage"},"thumbnailUrl":"https:\/\/files.sunoresearch.com.br\/n\/uploads\/2021\/10\/relator-reforma-IR-Senado-Angelo-Coronel.jpg","articleSection":["Economia"],"inLanguage":"pt-BR"},{"@type":"WebPage","@id":"https:\/\/www.suno.com.br\/noticias\/reforma-do-imposto-de-renda-relator-tirar-tributacao-dividendos\/","url":"https:\/\/www.suno.com.br\/noticias\/reforma-do-imposto-de-renda-relator-tirar-tributacao-dividendos\/","name":"Reforma do Imposto de Renda: relator afirma que vai retirar tributa\u00e7\u00e3o de dividendos do texto","isPartOf":{"@id":"https:\/\/www.suno.com.br\/noticias\/#website"},"primaryImageOfPage":{"@id":"https:\/\/www.suno.com.br\/noticias\/reforma-do-imposto-de-renda-relator-tirar-tributacao-dividendos\/#primaryimage"},"image":{"@id":"https:\/\/www.suno.com.br\/noticias\/reforma-do-imposto-de-renda-relator-tirar-tributacao-dividendos\/#primaryimage"},"thumbnailUrl":"https:\/\/files.sunoresearch.com.br\/n\/uploads\/2021\/10\/relator-reforma-IR-Senado-Angelo-Coronel.jpg","datePublished":"2021-10-18T23:30:18+00:00","dateModified":"2021-10-19T02:07:31+00:00","description":"A proposta de tributa\u00e7\u00e3o de dividendos e lucros ser\u00e1 retirada do texto da reforma do Imposto de Renda (IR), segundo relator. Saiba mais!","breadcrumb":{"@id":"https:\/\/www.suno.com.br\/noticias\/reforma-do-imposto-de-renda-relator-tirar-tributacao-dividendos\/#breadcrumb"},"inLanguage":"pt-BR","potentialAction":[{"@type":"ReadAction","target":["https:\/\/www.suno.com.br\/noticias\/reforma-do-imposto-de-renda-relator-tirar-tributacao-dividendos\/"]}]},{"@type":"ImageObject","inLanguage":"pt-BR","@id":"https:\/\/www.suno.com.br\/noticias\/reforma-do-imposto-de-renda-relator-tirar-tributacao-dividendos\/#primaryimage","url":"https:\/\/files.sunoresearch.com.br\/n\/uploads\/2021\/10\/relator-reforma-IR-Senado-Angelo-Coronel.jpg","contentUrl":"https:\/\/files.sunoresearch.com.br\/n\/uploads\/2021\/10\/relator-reforma-IR-Senado-Angelo-Coronel.jpg","width":2047,"height":1365,"caption":"Reforma do IR: Angelo Coronel (PSD- BA), relator da reforma do IR no Senado, diz que a tributa\u00e7\u00e3o de dividendos e lucros levaria ao \"maior contencioso tribut\u00e1rio da hist\u00f3ria\" - Foto: Roque de S\u00e1\/Ag\u00eancia Senado"},{"@type":"BreadcrumbList","@id":"https:\/\/www.suno.com.br\/noticias\/reforma-do-imposto-de-renda-relator-tirar-tributacao-dividendos\/#breadcrumb","itemListElement":[{"@type":"ListItem","position":1,"name":"Not\u00edcias","item":"https:\/\/www.suno.com.br\/noticias\/"},{"@type":"ListItem","position":2,"name":"Economia","item":"https:\/\/www.suno.com.br\/noticias\/economia\/"},{"@type":"ListItem","position":3,"name":"Reforma do Imposto de Renda: relator afirma que vai retirar tributa\u00e7\u00e3o de dividendos do texto"}]},{"@type":"WebSite","@id":"https:\/\/www.suno.com.br\/noticias\/#website","url":"https:\/\/www.suno.com.br\/noticias\/","name":"Suno Not\u00edcias","description":"Seu portal de informa\u00e7\u00e3o sobre o mundo dos investimentos","publisher":{"@id":"https:\/\/www.suno.com.br\/noticias\/#organization"},"potentialAction":[{"@type":"SearchAction","target":{"@type":"EntryPoint","urlTemplate":"https:\/\/www.suno.com.br\/noticias\/?s={search_term_string}"},"query-input":{"@type":"PropertyValueSpecification","valueRequired":true,"valueName":"search_term_string"}}],"inLanguage":"pt-BR"},{"@type":"Organization","@id":"https:\/\/www.suno.com.br\/noticias\/#organization","name":"Suno Not\u00edcias","url":"https:\/\/www.suno.com.br\/noticias\/","logo":{"@type":"ImageObject","inLanguage":"pt-BR","@id":"https:\/\/www.suno.com.br\/noticias\/#\/schema\/logo\/image\/","url":"https:\/\/files.sunoresearch.com.br\/n\/uploads\/2021\/09\/suno-logo.png","contentUrl":"https:\/\/files.sunoresearch.com.br\/n\/uploads\/2021\/09\/suno-logo.png","width":180,"height":180,"caption":"Suno Not\u00edcias"},"image":{"@id":"https:\/\/www.suno.com.br\/noticias\/#\/schema\/logo\/image\/"},"sameAs":["https:\/\/facebook.com\/sunoresearch","https:\/\/x.com\/sunoresearch","https:\/\/www.instagram.com\/suno","https:\/\/www.linkedin.com\/company\/suno-research\/","https:\/\/www.youtube.com\/c\/sunoresearch"]},{"@type":"Person","@id":"https:\/\/www.suno.com.br\/noticias\/#\/schema\/person\/3df0d2808748b74496efe5dbeaef2c72","name":"Laura Moutinho","image":{"@type":"ImageObject","inLanguage":"pt-BR","@id":"https:\/\/www.suno.com.br\/noticias\/#\/schema\/person\/image\/","url":"https:\/\/secure.gravatar.com\/avatar\/7571c7c8ca3a6fca5e41384ece5557ff?s=96&r=g","contentUrl":"https:\/\/secure.gravatar.com\/avatar\/7571c7c8ca3a6fca5e41384ece5557ff?s=96&r=g","caption":"Laura Moutinho"},"description":"Estagi\u00e1ria na Suno Not\u00edcias, escreve not\u00edcias que afetam o mercado financeiro. Estuda administra\u00e7\u00e3o na Universidade Presbiteriana Mackenzie.","url":"https:\/\/www.suno.com.br\/noticias\/author\/laura-moutinho\/"}]}},"default_loop_html":"<div class=\"cardsPage__listCard__boxs\"><div class=\"cardsPage__listCard__boxs__img\"><a href=\"https:\/\/www.suno.com.br\/noticias\/reforma-do-imposto-de-renda-relator-tirar-tributacao-dividendos\/\"><img class=\"mask\" src=\"https:\/\/www.suno.com.br\/noticias\/wp-content\/themes\/suno\/resources\/images\/spotlight\/spotlight1img\/bg-mask.png\" alt=\"Image Mask\"\/><img src=\"https:\/\/files.sunoresearch.com.br\/n\/uploads\/2021\/10\/relator-reforma-IR-Senado-Angelo-Coronel-400x200.jpg\" alt=\"Reforma do Imposto de Renda: relator afirma que vai retirar tributa\u00e7\u00e3o de dividendos do texto\"\/><\/a><span class=\"spotlightCategory\"><a href=\"https:\/\/www.suno.com.br\/noticias\/economia\/\">Economia<\/a><\/span><\/div><div class=\"cardsPage__listCard__boxs__content\"><a href=\"https:\/\/www.suno.com.br\/noticias\/reforma-do-imposto-de-renda-relator-tirar-tributacao-dividendos\/\"><h2 class=\"content__title\">Reforma do Imposto de Renda: relator afirma que vai retirar tributa\u00e7\u00e3o de dividendos do texto<\/h2><\/a><div class=\"newsContent__article__meta\"><div class=\"newsContent__article__meta__authorBox\"><a href=\"https:\/\/www.suno.com.br\/noticias\/author\/laura-moutinho\/\" class=\"authorBox__avatar noMobi\"><img src=\"https:\/\/files.sunoresearch.com.br\/n\/uploads\/2020\/08\/531ff69d-whatsapp-image-2020-08-03-at-14.54.38-150x150.webp\" alt=\"Laura Moutinho\"><\/a><div class=\"authorBox__name\"><span>por\n\t\t\t<a href=\"https:\/\/www.suno.com.br\/noticias\/author\/laura-moutinho\/\"><span itemprop=\"author\">Laura Moutinho<\/span><\/a><\/span><time datetime=\"2021-10-18T20:30:18-03:00\" itemprop=\"datePublished\">18\/10\/2021 20:30<\/time><\/div><\/div><\/div><\/div><\/div>","single_layout":"posts","amp_enabled":true,"_links":{"self":[{"href":"https:\/\/www.suno.com.br\/noticias\/wp-json\/wp\/v2\/posts\/194816"}],"collection":[{"href":"https:\/\/www.suno.com.br\/noticias\/wp-json\/wp\/v2\/posts"}],"about":[{"href":"https:\/\/www.suno.com.br\/noticias\/wp-json\/wp\/v2\/types\/post"}],"author":[{"embeddable":true,"href":"https:\/\/www.suno.com.br\/noticias\/wp-json\/wp\/v2\/users\/39"}],"replies":[{"embeddable":true,"href":"https:\/\/www.suno.com.br\/noticias\/wp-json\/wp\/v2\/comments?post=194816"}],"version-history":[{"count":4,"href":"https:\/\/www.suno.com.br\/noticias\/wp-json\/wp\/v2\/posts\/194816\/revisions"}],"predecessor-version":[{"id":194868,"href":"https:\/\/www.suno.com.br\/noticias\/wp-json\/wp\/v2\/posts\/194816\/revisions\/194868"}],"wp:featuredmedia":[{"embeddable":true,"href":"https:\/\/www.suno.com.br\/noticias\/wp-json\/wp\/v2\/media\/194851"}],"wp:attachment":[{"href":"https:\/\/www.suno.com.br\/noticias\/wp-json\/wp\/v2\/media?parent=194816"}],"wp:term":[{"taxonomy":"category","embeddable":true,"href":"https:\/\/www.suno.com.br\/noticias\/wp-json\/wp\/v2\/categories?post=194816"},{"taxonomy":"post_tag","embeddable":true,"href":"https:\/\/www.suno.com.br\/noticias\/wp-json\/wp\/v2\/tags?post=194816"},{"taxonomy":"suno_strategy","embeddable":true,"href":"https:\/\/www.suno.com.br\/noticias\/wp-json\/wp\/v2\/suno_strategy?post=194816"}],"curies":[{"name":"wp","href":"https:\/\/api.w.org\/{rel}","templated":true}]}}