{"id":194632,"date":"2021-10-18T17:30:08","date_gmt":"2021-10-18T20:30:08","guid":{"rendered":"https:\/\/www.suno.com.br\/noticias\/?p=194632"},"modified":"2021-10-18T18:36:39","modified_gmt":"2021-10-18T21:36:39","slug":"warren-prepara-aquisicao-dobrar-tamanho-vitra","status":"publish","type":"post","link":"https:\/\/www.suno.com.br\/noticias\/warren-prepara-aquisicao-dobrar-tamanho-vitra\/","title":{"rendered":"Warren prepara aquisi\u00e7\u00e3o e quer dobrar de tamanho ap\u00f3s uni\u00e3o com a Vitra"},"content":{"rendered":"<p>Ap\u00f3s colocar os dois p\u00e9s no mercado de gest\u00e3o de fortunas com a fus\u00e3o junto \u00e0 Vitra Capital, a <strong>Warren<\/strong> se prepara para mais uma <a href=\"https:\/\/www.suno.com.br\/artigos\/fusoes-aquisicoes\/\">opera\u00e7\u00e3o de M&amp;A<\/a> a fim de expandir a base, afirmou o CEO da fintech, Tito Gusm\u00e3o, nesta segunda-feira (18).<\/p>\t<div class=\"wrapper-featured-image\">\n\t\t<figure class=\"spotlightImg\">\n\n\t\t\t<picture>\n\t\t\t\t<source media=\"(max-width: 768px)\" srcset=\"https:\/\/files.sunoresearch.com.br\/n\/uploads\/2021\/10\/018Warren13102021Retratos-400x200.jpg\">\n\t\t\t\t<img loading=\"lazy\" decoding=\"async\" class=\"newsContent__article__imgCapa lazyloadDisabled \" src=\"https:\/\/files.sunoresearch.com.br\/n\/uploads\/2021\/10\/018Warren13102021Retratos-800x450.jpg\" width=\"800\" height=\"450\" alt=\"Warren prepara aquisi\u00e7\u00e3o e quer dobrar de tamanho ap\u00f3s uni\u00e3o com a Vitra\" fetchpriority=high \/>\n\t\t\t<\/picture>\n\n\t\t\t<figcaption class=\"wp-caption-text wp-caption-text--show\">Warren. Foto: Divulga\u00e7\u00e3o<\/figcaption>\n\t\t<\/figure>\n\t<\/div>\n\n\n\t<p>\n\t\t<a href=\"https:\/\/lp.suno.com.br\/planilha-controle-gastos\/\" target=\"_blank\" data-element=\"shortcode-suno-banner\" title=\"Banner SUNO, clique e saiba mais\">\n\t\t\t<picture>\n\t\t\t\t<source media=\"(max-width: 500px)\" srcset=\"https:\/\/files.sunoresearch.com.br\/n\/uploads\/2023\/03\/400x300-Planilha-controle-de-gastos.png\">\n\t\t\t\t<img class=\"newsContent__article__imgCapa newsContent__article__imgCapa--banner\"\n\t\t\t\t\tsrc=\"https:\/\/files.sunoresearch.com.br\/n\/uploads\/2023\/03\/1420x240-Planilha-controle-de-gastos.png\"\n\t\t\t\t\tdata-promo-id=\"101751\"\t\t\t\t\t\t\t\t\t\twidth='1420' height='240'\t\t\t\t\talt=\"https:\/\/files.sunoresearch.com.br\/n\/uploads\/2023\/03\/1420x240-Planilha-controle-de-gastos.png\"\n\t\t\t\t>\n\t\t\t<\/picture>\n\t\t<\/a>\n\t<\/p>\n\n\n<p>Com a aquisi\u00e7\u00e3o, prevista para sair entre tr\u00eas e quatro semanas, a plataforma digital pretende melhorar o servi\u00e7o para clientes de alta renda. Ser\u00e1 o terceiro movimento em quase tr\u00eas meses. Em setembro, a Warren adquiriu a corretora <strong>Renascen\u00e7a<\/strong> por valor n\u00e3o revelado.<\/p>\n<p>Na sexta-feira (15), a fintech anunciou a fus\u00e3o com a <strong>Vitra Capital<\/strong>, que detinha cerca de R$ 12 bilh\u00f5es em ativos sob gest\u00e3o. Com a uni\u00e3o, os s\u00f3cios do <a class=\"suno-keyword\" href=\"https:\/\/www.suno.com.br\/artigos\/family-office\/\" target=\"_blank\" rel=\"noopener\" data-force=\"no\" data-priority=\"1\">family office<\/a> se tornam s\u00f3cios da Warren.<\/p>\n<p>A empresa chegar\u00e1 a R$ 20 bilh\u00f5es em patrim\u00f4nio administrado. A miss\u00e3o para o pr\u00f3ximo ano \u00e9 dobrar a marca e atingir R$ 40 milh\u00f5es em ativos sob gest\u00e3o. Em termos de clientes, a companhia, atualmente com 250 mil contas, projeta ultrapassar a marca de 400 mil at\u00e9 o ano que vem.<\/p>\n\t<p>\n\t\t<a href=\"https:\/\/lp.suno.com.br\/planilha-da-vida-financeira\/\" target=\"_blank\" data-element=\"shortcode-suno-banner\" title=\"Banner SUNO, clique e saiba mais\">\n\t\t\t<picture>\n\t\t\t\t<source media=\"(max-width: 500px)\" srcset=\"https:\/\/files.sunoresearch.com.br\/n\/uploads\/2023\/04\/400x300-Planilha-vida-financeira-true.png\">\n\t\t\t\t<img class=\"newsContent__article__imgCapa newsContent__article__imgCapa--banner\"\n\t\t\t\t\tsrc=\"https:\/\/files.sunoresearch.com.br\/n\/uploads\/2023\/04\/1420x240-Planilha-vida-financeira-true.png\"\n\t\t\t\t\tdata-promo-id=\"106682\"\t\t\t\t\t\t\t\t\t\twidth='1420' height='240'\t\t\t\t\talt=\"https:\/\/files.sunoresearch.com.br\/n\/uploads\/2023\/04\/1420x240-Planilha-vida-financeira-true.png\"\n\t\t\t\t>\n\t\t\t<\/picture>\n\t\t<\/a>\n\t<\/p>\n\n\n<p>O alinhamento n\u00e3o se deu s\u00f3 no business, mas na vis\u00e3o de mercado. Tanto a plataforma quanto o escrit\u00f3rio s\u00e3o remunerados via uma taxa, cobrada pela gest\u00e3o do portf\u00f3lio. Gusm\u00e3o criticou o <strong>conflito de interesse<\/strong> na ind\u00fastria de investimentos, cujos produtos t\u00eam neles embutidos comiss\u00f5es.<\/p>\n<p>&#8220;O resultado disso \u00e9 o resultado do Brasil: a maioria investe na poupan\u00e7a, em t\u00edtulos de capitaliza\u00e7\u00e3o ou em fundos com altas taxas nos bancos. E quanto v\u00e3o para as corretoras acaba sendo muito parecido com os bancos, mas o cara tem terninho mais bacana, um discurso mais rebuscado e um gel no cabelo. Se n\u00e3o tem o <a class=\"suno-keyword\" href=\"https:\/\/www.suno.com.br\/artigos\/titulo-de-capitalizacao\/\" target=\"_blank\" rel=\"noopener\" data-force=\"no\" data-priority=\"2\">t\u00edtulo de capitaliza\u00e7\u00e3o<\/a>, h\u00e1 o COE, que \u00e9 distribu\u00eddo basicamente porque paga comiss\u00e3o para quem vende&#8221;, julgou.<\/p>\n<h2>Warren trar\u00e1 tecnologia para incrementar servi\u00e7os da Vitra<\/h2>\n<p>Do lado do family office, Roberto Rudge, ex-GPS e cofundador da Vitra, explicou que a tecnologia n\u00e3o havia chegado com todo o potencial ao segmento de <a href=\"https:\/\/www.suno.com.br\/artigos\/gestao-ativa\/\">gest\u00e3o de patrim\u00f4nio<\/a> com isen\u00e7\u00e3o de conflitos.<\/p>\n\t<p>\n\t\t<a href=\"https:\/\/lp.suno.com.br\/ebook-como-analisar-uma-acao\/\" target=\"_blank\" data-element=\"shortcode-suno-banner\" title=\"Banner SUNO, clique e saiba mais\">\n\t\t\t<picture>\n\t\t\t\t<source media=\"(max-width: 500px)\" srcset=\"https:\/\/files.sunoresearch.com.br\/n\/uploads\/2023\/03\/Ebook-Acoes-Mobile-1.jpg\">\n\t\t\t\t<img class=\"newsContent__article__imgCapa newsContent__article__imgCapa--banner\"\n\t\t\t\t\tsrc=\"https:\/\/files.sunoresearch.com.br\/n\/uploads\/2023\/03\/Ebook-Acoes-Desktop-1.jpg\"\n\t\t\t\t\tdata-promo-id=\"171998\"\t\t\t\t\t\t\t\t\t\twidth='1420' height='286'\t\t\t\t\talt=\"https:\/\/files.sunoresearch.com.br\/n\/uploads\/2023\/03\/Ebook-Acoes-Desktop-1.jpg\"\n\t\t\t\t>\n\t\t\t<\/picture>\n\t\t<\/a>\n\t<\/p>\n\n\n<p>A Warren trabalhar\u00e1 para desenvolver uma \u00e1rea logada inteligente para o cliente acessar os investimento quando desejar, visualizar eficientemente relat\u00f3rios e aperfei\u00e7oar a vertente de negocia\u00e7\u00e3o.<\/p>\n<p>A fus\u00e3o entre as companhias tamb\u00e9m servir\u00e1 para sofisticar as solu\u00e7\u00f5es jur\u00eddicas e financeiras voltadas para startups. De acordo com Rudge, s\u00e3o mais de 15 empresas atendidas hoje, desde fintechs a companhias de marketing.<\/p>\n<p>&#8220;A uni\u00e3o com a <strong>Warren<\/strong> trar\u00e1 essa tecnologia, porque buscamos o melhor servi\u00e7o. \u00c9 o que a Warren agregar\u00e1 aos nossos clientes \u2014 uma experi\u00eancia melhor na rela\u00e7\u00e3o com a Vitra&#8221;. declarou Rudge.<\/p>\n\t<p>\n\t\t<a href=\"\" target=\"_blank\" data-element=\"shortcode-suno-banner\" title=\"Banner SUNO, clique e saiba mais\">\n\t\t\t<picture>\n\t\t\t\t<source media=\"(max-width: 500px)\" srcset=\"\">\n\t\t\t\t<img class=\"newsContent__article__imgCapa newsContent__article__imgCapa--banner\"\n\t\t\t\t\tsrc=\"\"\n\t\t\t\t\tdata-promo-id=\"184190\"\t\t\t\t\t\t\t\t\t\t\t\t\t\t\talt=\"\"\n\t\t\t\t>\n\t\t\t<\/picture>\n\t\t<\/a>\n\t<\/p>\n\n\n","protected":false},"excerpt":{"rendered":"<p>Ap\u00f3s colocar os dois p\u00e9s no mercado de gest\u00e3o de fortunas com a fus\u00e3o junto \u00e0 Vitra Capital, a Warren se prepara para mais uma opera\u00e7\u00e3o de M&amp;A a fim de expandir a base, afirmou o CEO da fintech, Tito Gusm\u00e3o, nesta segunda-feira (18). Warren. Foto: Divulga\u00e7\u00e3o Com a aquisi\u00e7\u00e3o, prevista para sair entre tr\u00eas [&hellip;]<\/p>\n","protected":false},"author":35,"featured_media":194712,"comment_status":"closed","ping_status":"closed","sticky":false,"template":"","format":"standard","meta":[],"categories":[64],"tags":[105816,1629,2402,106246],"suno_strategy":[],"class_list":["post-194632","post","type-post","status-publish","format-standard","has-post-thumbnail","hentry","category-negocios","tag-especialistas","tag-fintechs","tag-gestoras-de-recursos","tag-warren"],"yoast_head":"<!-- This site is optimized with the Yoast SEO plugin v24.4 - https:\/\/yoast.com\/wordpress\/plugins\/seo\/ -->\n<title>Warren prepara aquisi\u00e7\u00e3o e quer dobrar de tamanho ap\u00f3s uni\u00e3o com Vitra<\/title>\n<meta name=\"description\" content=\"A Warren colocou os 2 p\u00e9s no mercado de gest\u00e3o de fortunas com a fus\u00e3o junto \u00e0 Vitra. Clique aqui para saber mais sobre os planos da Warren.\" \/>\n<meta name=\"robots\" content=\"index, follow, max-snippet:-1, max-image-preview:large, max-video-preview:-1\" \/>\n<link rel=\"canonical\" href=\"https:\/\/www.suno.com.br\/noticias\/warren-prepara-aquisicao-dobrar-tamanho-vitra\/\" \/>\n<meta property=\"og:locale\" content=\"pt_BR\" \/>\n<meta property=\"og:type\" content=\"article\" \/>\n<meta property=\"og:title\" content=\"Warren prepara aquisi\u00e7\u00e3o e quer dobrar de tamanho ap\u00f3s uni\u00e3o com Vitra\" \/>\n<meta property=\"og:description\" content=\"A Warren colocou os 2 p\u00e9s no mercado de gest\u00e3o de fortunas com a fus\u00e3o junto \u00e0 Vitra. Clique aqui para saber mais sobre os planos da Warren.\" \/>\n<meta property=\"og:url\" content=\"https:\/\/www.suno.com.br\/noticias\/warren-prepara-aquisicao-dobrar-tamanho-vitra\/\" \/>\n<meta property=\"og:site_name\" content=\"Suno Not\u00edcias\" \/>\n<meta property=\"article:publisher\" content=\"https:\/\/facebook.com\/sunoresearch\" \/>\n<meta property=\"og:image\" content=\"https:\/\/files.sunoresearch.com.br\/n\/uploads\/2021\/10\/018Warren13102021Retratos-scaled.jpg\" \/>\n\t<meta property=\"og:image:width\" content=\"2560\" \/>\n\t<meta property=\"og:image:height\" content=\"1709\" \/>\n\t<meta property=\"og:image:type\" content=\"image\/jpeg\" \/>\n<meta name=\"author\" content=\"Arthur Guimar\u00e3es\" \/>\n<meta name=\"twitter:card\" content=\"summary_large_image\" \/>\n<meta name=\"twitter:creator\" content=\"@sunoresearch\" \/>\n<meta name=\"twitter:site\" content=\"@sunoresearch\" \/>\n<meta name=\"twitter:label1\" content=\"Escrito por\" \/>\n\t<meta name=\"twitter:data1\" content=\"Arthur Guimar\u00e3es\" \/>\n\t<meta name=\"twitter:label2\" content=\"Est. tempo de leitura\" \/>\n\t<meta name=\"twitter:data2\" content=\"2 minutos\" \/>\n<script type=\"application\/ld+json\" class=\"yoast-schema-graph\">{\"@context\":\"https:\/\/schema.org\",\"@graph\":[{\"@type\":\"NewsArticle\",\"@id\":\"https:\/\/www.suno.com.br\/noticias\/warren-prepara-aquisicao-dobrar-tamanho-vitra\/#article\",\"isPartOf\":{\"@id\":\"https:\/\/www.suno.com.br\/noticias\/warren-prepara-aquisicao-dobrar-tamanho-vitra\/\"},\"author\":{\"name\":\"Arthur Guimar\u00e3es\",\"@id\":\"https:\/\/www.suno.com.br\/noticias\/#\/schema\/person\/053a750a709a263919a20f976caae91c\"},\"headline\":\"Warren prepara aquisi\u00e7\u00e3o e quer dobrar de tamanho ap\u00f3s uni\u00e3o com a Vitra\",\"datePublished\":\"2021-10-18T20:30:08+00:00\",\"dateModified\":\"2021-10-18T21:36:39+00:00\",\"mainEntityOfPage\":{\"@id\":\"https:\/\/www.suno.com.br\/noticias\/warren-prepara-aquisicao-dobrar-tamanho-vitra\/\"},\"wordCount\":505,\"publisher\":{\"@id\":\"https:\/\/www.suno.com.br\/noticias\/#organization\"},\"image\":{\"@id\":\"https:\/\/www.suno.com.br\/noticias\/warren-prepara-aquisicao-dobrar-tamanho-vitra\/#primaryimage\"},\"thumbnailUrl\":\"https:\/\/files.sunoresearch.com.br\/n\/uploads\/2021\/10\/018Warren13102021Retratos-scaled.jpg\",\"keywords\":[\"Especialistas\",\"fintechs\",\"Gestoras de Recursos\",\"Warren\"],\"articleSection\":[\"Neg\u00f3cios\"],\"inLanguage\":\"pt-BR\"},{\"@type\":\"WebPage\",\"@id\":\"https:\/\/www.suno.com.br\/noticias\/warren-prepara-aquisicao-dobrar-tamanho-vitra\/\",\"url\":\"https:\/\/www.suno.com.br\/noticias\/warren-prepara-aquisicao-dobrar-tamanho-vitra\/\",\"name\":\"Warren prepara aquisi\u00e7\u00e3o e quer dobrar de tamanho ap\u00f3s uni\u00e3o com Vitra\",\"isPartOf\":{\"@id\":\"https:\/\/www.suno.com.br\/noticias\/#website\"},\"primaryImageOfPage\":{\"@id\":\"https:\/\/www.suno.com.br\/noticias\/warren-prepara-aquisicao-dobrar-tamanho-vitra\/#primaryimage\"},\"image\":{\"@id\":\"https:\/\/www.suno.com.br\/noticias\/warren-prepara-aquisicao-dobrar-tamanho-vitra\/#primaryimage\"},\"thumbnailUrl\":\"https:\/\/files.sunoresearch.com.br\/n\/uploads\/2021\/10\/018Warren13102021Retratos-scaled.jpg\",\"datePublished\":\"2021-10-18T20:30:08+00:00\",\"dateModified\":\"2021-10-18T21:36:39+00:00\",\"description\":\"A Warren colocou os 2 p\u00e9s no mercado de gest\u00e3o de fortunas com a fus\u00e3o junto \u00e0 Vitra. Clique aqui para saber mais sobre os planos da Warren.\",\"breadcrumb\":{\"@id\":\"https:\/\/www.suno.com.br\/noticias\/warren-prepara-aquisicao-dobrar-tamanho-vitra\/#breadcrumb\"},\"inLanguage\":\"pt-BR\",\"potentialAction\":[{\"@type\":\"ReadAction\",\"target\":[\"https:\/\/www.suno.com.br\/noticias\/warren-prepara-aquisicao-dobrar-tamanho-vitra\/\"]}]},{\"@type\":\"ImageObject\",\"inLanguage\":\"pt-BR\",\"@id\":\"https:\/\/www.suno.com.br\/noticias\/warren-prepara-aquisicao-dobrar-tamanho-vitra\/#primaryimage\",\"url\":\"https:\/\/files.sunoresearch.com.br\/n\/uploads\/2021\/10\/018Warren13102021Retratos-scaled.jpg\",\"contentUrl\":\"https:\/\/files.sunoresearch.com.br\/n\/uploads\/2021\/10\/018Warren13102021Retratos-scaled.jpg\",\"width\":2560,\"height\":1709,\"caption\":\"Warren. Foto: Divulga\u00e7\u00e3o\"},{\"@type\":\"BreadcrumbList\",\"@id\":\"https:\/\/www.suno.com.br\/noticias\/warren-prepara-aquisicao-dobrar-tamanho-vitra\/#breadcrumb\",\"itemListElement\":[{\"@type\":\"ListItem\",\"position\":1,\"name\":\"Not\u00edcias\",\"item\":\"https:\/\/www.suno.com.br\/noticias\/\"},{\"@type\":\"ListItem\",\"position\":2,\"name\":\"Neg\u00f3cios\",\"item\":\"https:\/\/www.suno.com.br\/noticias\/negocios\/\"},{\"@type\":\"ListItem\",\"position\":3,\"name\":\"Warren prepara aquisi\u00e7\u00e3o e quer dobrar de tamanho ap\u00f3s uni\u00e3o com a Vitra\"}]},{\"@type\":\"WebSite\",\"@id\":\"https:\/\/www.suno.com.br\/noticias\/#website\",\"url\":\"https:\/\/www.suno.com.br\/noticias\/\",\"name\":\"Suno Not\u00edcias\",\"description\":\"Seu portal de informa\u00e7\u00e3o sobre o mundo dos investimentos\",\"publisher\":{\"@id\":\"https:\/\/www.suno.com.br\/noticias\/#organization\"},\"potentialAction\":[{\"@type\":\"SearchAction\",\"target\":{\"@type\":\"EntryPoint\",\"urlTemplate\":\"https:\/\/www.suno.com.br\/noticias\/?s={search_term_string}\"},\"query-input\":{\"@type\":\"PropertyValueSpecification\",\"valueRequired\":true,\"valueName\":\"search_term_string\"}}],\"inLanguage\":\"pt-BR\"},{\"@type\":\"Organization\",\"@id\":\"https:\/\/www.suno.com.br\/noticias\/#organization\",\"name\":\"Suno Not\u00edcias\",\"url\":\"https:\/\/www.suno.com.br\/noticias\/\",\"logo\":{\"@type\":\"ImageObject\",\"inLanguage\":\"pt-BR\",\"@id\":\"https:\/\/www.suno.com.br\/noticias\/#\/schema\/logo\/image\/\",\"url\":\"https:\/\/files.sunoresearch.com.br\/n\/uploads\/2021\/09\/suno-logo.png\",\"contentUrl\":\"https:\/\/files.sunoresearch.com.br\/n\/uploads\/2021\/09\/suno-logo.png\",\"width\":180,\"height\":180,\"caption\":\"Suno Not\u00edcias\"},\"image\":{\"@id\":\"https:\/\/www.suno.com.br\/noticias\/#\/schema\/logo\/image\/\"},\"sameAs\":[\"https:\/\/facebook.com\/sunoresearch\",\"https:\/\/x.com\/sunoresearch\",\"https:\/\/www.instagram.com\/suno\",\"https:\/\/www.linkedin.com\/company\/suno-research\/\",\"https:\/\/www.youtube.com\/c\/sunoresearch\"]},{\"@type\":\"Person\",\"@id\":\"https:\/\/www.suno.com.br\/noticias\/#\/schema\/person\/053a750a709a263919a20f976caae91c\",\"name\":\"Arthur Guimar\u00e3es\",\"image\":{\"@type\":\"ImageObject\",\"inLanguage\":\"pt-BR\",\"@id\":\"https:\/\/www.suno.com.br\/noticias\/#\/schema\/person\/image\/\",\"url\":\"https:\/\/secure.gravatar.com\/avatar\/1affd86a11209ae09eb6dd3bcad3e96c?s=96&r=g\",\"contentUrl\":\"https:\/\/secure.gravatar.com\/avatar\/1affd86a11209ae09eb6dd3bcad3e96c?s=96&r=g\",\"caption\":\"Arthur Guimar\u00e3es\"},\"description\":\"Arthur Guimar\u00e3es escreve sobre pol\u00edtica, economia e neg\u00f3cios para o portal de not\u00edcias da Suno Research. Atualmente, \u00e9 estudante de jornalismo pela Faculdade C\u00e1sper L\u00edbero.\",\"url\":\"https:\/\/www.suno.com.br\/noticias\/author\/arthur-guimaraes\/\"}]}<\/script>\n<!-- \/ Yoast SEO plugin. -->","yoast_head_json":{"title":"Warren prepara aquisi\u00e7\u00e3o e quer dobrar de tamanho ap\u00f3s uni\u00e3o com Vitra","description":"A Warren colocou os 2 p\u00e9s no mercado de gest\u00e3o de fortunas com a fus\u00e3o junto \u00e0 Vitra. Clique aqui para saber mais sobre os planos da Warren.","robots":{"index":"index","follow":"follow","max-snippet":"max-snippet:-1","max-image-preview":"max-image-preview:large","max-video-preview":"max-video-preview:-1"},"canonical":"https:\/\/www.suno.com.br\/noticias\/warren-prepara-aquisicao-dobrar-tamanho-vitra\/","og_locale":"pt_BR","og_type":"article","og_title":"Warren prepara aquisi\u00e7\u00e3o e quer dobrar de tamanho ap\u00f3s uni\u00e3o com Vitra","og_description":"A Warren colocou os 2 p\u00e9s no mercado de gest\u00e3o de fortunas com a fus\u00e3o junto \u00e0 Vitra. Clique aqui para saber mais sobre os planos da Warren.","og_url":"https:\/\/www.suno.com.br\/noticias\/warren-prepara-aquisicao-dobrar-tamanho-vitra\/","og_site_name":"Suno Not\u00edcias","article_publisher":"https:\/\/facebook.com\/sunoresearch","og_image":[{"width":2560,"height":1709,"url":"https:\/\/files.sunoresearch.com.br\/n\/uploads\/2021\/10\/018Warren13102021Retratos-scaled.jpg","type":"image\/jpeg"}],"author":"Arthur Guimar\u00e3es","twitter_card":"summary_large_image","twitter_creator":"@sunoresearch","twitter_site":"@sunoresearch","twitter_misc":{"Escrito por":"Arthur Guimar\u00e3es","Est. tempo de leitura":"2 minutos"},"schema":{"@context":"https:\/\/schema.org","@graph":[{"@type":"NewsArticle","@id":"https:\/\/www.suno.com.br\/noticias\/warren-prepara-aquisicao-dobrar-tamanho-vitra\/#article","isPartOf":{"@id":"https:\/\/www.suno.com.br\/noticias\/warren-prepara-aquisicao-dobrar-tamanho-vitra\/"},"author":{"name":"Arthur Guimar\u00e3es","@id":"https:\/\/www.suno.com.br\/noticias\/#\/schema\/person\/053a750a709a263919a20f976caae91c"},"headline":"Warren prepara aquisi\u00e7\u00e3o e quer dobrar de tamanho ap\u00f3s uni\u00e3o com a Vitra","datePublished":"2021-10-18T20:30:08+00:00","dateModified":"2021-10-18T21:36:39+00:00","mainEntityOfPage":{"@id":"https:\/\/www.suno.com.br\/noticias\/warren-prepara-aquisicao-dobrar-tamanho-vitra\/"},"wordCount":505,"publisher":{"@id":"https:\/\/www.suno.com.br\/noticias\/#organization"},"image":{"@id":"https:\/\/www.suno.com.br\/noticias\/warren-prepara-aquisicao-dobrar-tamanho-vitra\/#primaryimage"},"thumbnailUrl":"https:\/\/files.sunoresearch.com.br\/n\/uploads\/2021\/10\/018Warren13102021Retratos-scaled.jpg","keywords":["Especialistas","fintechs","Gestoras de Recursos","Warren"],"articleSection":["Neg\u00f3cios"],"inLanguage":"pt-BR"},{"@type":"WebPage","@id":"https:\/\/www.suno.com.br\/noticias\/warren-prepara-aquisicao-dobrar-tamanho-vitra\/","url":"https:\/\/www.suno.com.br\/noticias\/warren-prepara-aquisicao-dobrar-tamanho-vitra\/","name":"Warren prepara aquisi\u00e7\u00e3o e quer dobrar de tamanho ap\u00f3s uni\u00e3o com Vitra","isPartOf":{"@id":"https:\/\/www.suno.com.br\/noticias\/#website"},"primaryImageOfPage":{"@id":"https:\/\/www.suno.com.br\/noticias\/warren-prepara-aquisicao-dobrar-tamanho-vitra\/#primaryimage"},"image":{"@id":"https:\/\/www.suno.com.br\/noticias\/warren-prepara-aquisicao-dobrar-tamanho-vitra\/#primaryimage"},"thumbnailUrl":"https:\/\/files.sunoresearch.com.br\/n\/uploads\/2021\/10\/018Warren13102021Retratos-scaled.jpg","datePublished":"2021-10-18T20:30:08+00:00","dateModified":"2021-10-18T21:36:39+00:00","description":"A Warren colocou os 2 p\u00e9s no mercado de gest\u00e3o de fortunas com a fus\u00e3o junto \u00e0 Vitra. Clique aqui para saber mais sobre os planos da Warren.","breadcrumb":{"@id":"https:\/\/www.suno.com.br\/noticias\/warren-prepara-aquisicao-dobrar-tamanho-vitra\/#breadcrumb"},"inLanguage":"pt-BR","potentialAction":[{"@type":"ReadAction","target":["https:\/\/www.suno.com.br\/noticias\/warren-prepara-aquisicao-dobrar-tamanho-vitra\/"]}]},{"@type":"ImageObject","inLanguage":"pt-BR","@id":"https:\/\/www.suno.com.br\/noticias\/warren-prepara-aquisicao-dobrar-tamanho-vitra\/#primaryimage","url":"https:\/\/files.sunoresearch.com.br\/n\/uploads\/2021\/10\/018Warren13102021Retratos-scaled.jpg","contentUrl":"https:\/\/files.sunoresearch.com.br\/n\/uploads\/2021\/10\/018Warren13102021Retratos-scaled.jpg","width":2560,"height":1709,"caption":"Warren. Foto: Divulga\u00e7\u00e3o"},{"@type":"BreadcrumbList","@id":"https:\/\/www.suno.com.br\/noticias\/warren-prepara-aquisicao-dobrar-tamanho-vitra\/#breadcrumb","itemListElement":[{"@type":"ListItem","position":1,"name":"Not\u00edcias","item":"https:\/\/www.suno.com.br\/noticias\/"},{"@type":"ListItem","position":2,"name":"Neg\u00f3cios","item":"https:\/\/www.suno.com.br\/noticias\/negocios\/"},{"@type":"ListItem","position":3,"name":"Warren prepara aquisi\u00e7\u00e3o e quer dobrar de tamanho ap\u00f3s uni\u00e3o com a Vitra"}]},{"@type":"WebSite","@id":"https:\/\/www.suno.com.br\/noticias\/#website","url":"https:\/\/www.suno.com.br\/noticias\/","name":"Suno Not\u00edcias","description":"Seu portal de informa\u00e7\u00e3o sobre o mundo dos investimentos","publisher":{"@id":"https:\/\/www.suno.com.br\/noticias\/#organization"},"potentialAction":[{"@type":"SearchAction","target":{"@type":"EntryPoint","urlTemplate":"https:\/\/www.suno.com.br\/noticias\/?s={search_term_string}"},"query-input":{"@type":"PropertyValueSpecification","valueRequired":true,"valueName":"search_term_string"}}],"inLanguage":"pt-BR"},{"@type":"Organization","@id":"https:\/\/www.suno.com.br\/noticias\/#organization","name":"Suno Not\u00edcias","url":"https:\/\/www.suno.com.br\/noticias\/","logo":{"@type":"ImageObject","inLanguage":"pt-BR","@id":"https:\/\/www.suno.com.br\/noticias\/#\/schema\/logo\/image\/","url":"https:\/\/files.sunoresearch.com.br\/n\/uploads\/2021\/09\/suno-logo.png","contentUrl":"https:\/\/files.sunoresearch.com.br\/n\/uploads\/2021\/09\/suno-logo.png","width":180,"height":180,"caption":"Suno Not\u00edcias"},"image":{"@id":"https:\/\/www.suno.com.br\/noticias\/#\/schema\/logo\/image\/"},"sameAs":["https:\/\/facebook.com\/sunoresearch","https:\/\/x.com\/sunoresearch","https:\/\/www.instagram.com\/suno","https:\/\/www.linkedin.com\/company\/suno-research\/","https:\/\/www.youtube.com\/c\/sunoresearch"]},{"@type":"Person","@id":"https:\/\/www.suno.com.br\/noticias\/#\/schema\/person\/053a750a709a263919a20f976caae91c","name":"Arthur Guimar\u00e3es","image":{"@type":"ImageObject","inLanguage":"pt-BR","@id":"https:\/\/www.suno.com.br\/noticias\/#\/schema\/person\/image\/","url":"https:\/\/secure.gravatar.com\/avatar\/1affd86a11209ae09eb6dd3bcad3e96c?s=96&r=g","contentUrl":"https:\/\/secure.gravatar.com\/avatar\/1affd86a11209ae09eb6dd3bcad3e96c?s=96&r=g","caption":"Arthur Guimar\u00e3es"},"description":"Arthur Guimar\u00e3es escreve sobre pol\u00edtica, economia e neg\u00f3cios para o portal de not\u00edcias da Suno Research. Atualmente, \u00e9 estudante de jornalismo pela Faculdade C\u00e1sper L\u00edbero.","url":"https:\/\/www.suno.com.br\/noticias\/author\/arthur-guimaraes\/"}]}},"default_loop_html":"<div class=\"cardsPage__listCard__boxs\"><div class=\"cardsPage__listCard__boxs__img\"><a href=\"https:\/\/www.suno.com.br\/noticias\/warren-prepara-aquisicao-dobrar-tamanho-vitra\/\"><img class=\"mask\" src=\"https:\/\/www.suno.com.br\/noticias\/wp-content\/themes\/suno\/resources\/images\/spotlight\/spotlight1img\/bg-mask.png\" alt=\"Image Mask\"\/><img src=\"https:\/\/files.sunoresearch.com.br\/n\/uploads\/2021\/10\/018Warren13102021Retratos-400x200.jpg\" alt=\"Warren prepara aquisi\u00e7\u00e3o e quer dobrar de tamanho ap\u00f3s uni\u00e3o com a Vitra\"\/><\/a><span class=\"spotlightCategory\"><a href=\"https:\/\/www.suno.com.br\/noticias\/negocios\/\">Neg\u00f3cios<\/a><\/span><\/div><div class=\"cardsPage__listCard__boxs__content\"><a href=\"https:\/\/www.suno.com.br\/noticias\/warren-prepara-aquisicao-dobrar-tamanho-vitra\/\"><h2 class=\"content__title\">Warren prepara aquisi\u00e7\u00e3o e quer dobrar de tamanho ap\u00f3s uni\u00e3o com a Vitra<\/h2><\/a><div class=\"newsContent__article__meta\"><div class=\"newsContent__article__meta__authorBox\"><a href=\"https:\/\/www.suno.com.br\/noticias\/author\/arthur-guimaraes\/\" class=\"authorBox__avatar noMobi\"><img src=\"https:\/\/files.sunoresearch.com.br\/n\/uploads\/2020\/02\/dfb40897-eu-150x150.webp\" alt=\"Arthur Guimar\u00e3es\"><\/a><div class=\"authorBox__name\"><span>por\n\t\t\t<a href=\"https:\/\/www.suno.com.br\/noticias\/author\/arthur-guimaraes\/\"><span itemprop=\"author\">Arthur Guimar\u00e3es<\/span><\/a><\/span><time datetime=\"2021-10-18T17:30:08-03:00\" itemprop=\"datePublished\">18\/10\/2021 17:30<\/time><\/div><\/div><\/div><\/div><\/div>","single_layout":"posts","amp_enabled":true,"_links":{"self":[{"href":"https:\/\/www.suno.com.br\/noticias\/wp-json\/wp\/v2\/posts\/194632"}],"collection":[{"href":"https:\/\/www.suno.com.br\/noticias\/wp-json\/wp\/v2\/posts"}],"about":[{"href":"https:\/\/www.suno.com.br\/noticias\/wp-json\/wp\/v2\/types\/post"}],"author":[{"embeddable":true,"href":"https:\/\/www.suno.com.br\/noticias\/wp-json\/wp\/v2\/users\/35"}],"replies":[{"embeddable":true,"href":"https:\/\/www.suno.com.br\/noticias\/wp-json\/wp\/v2\/comments?post=194632"}],"version-history":[{"count":4,"href":"https:\/\/www.suno.com.br\/noticias\/wp-json\/wp\/v2\/posts\/194632\/revisions"}],"predecessor-version":[{"id":194776,"href":"https:\/\/www.suno.com.br\/noticias\/wp-json\/wp\/v2\/posts\/194632\/revisions\/194776"}],"wp:featuredmedia":[{"embeddable":true,"href":"https:\/\/www.suno.com.br\/noticias\/wp-json\/wp\/v2\/media\/194712"}],"wp:attachment":[{"href":"https:\/\/www.suno.com.br\/noticias\/wp-json\/wp\/v2\/media?parent=194632"}],"wp:term":[{"taxonomy":"category","embeddable":true,"href":"https:\/\/www.suno.com.br\/noticias\/wp-json\/wp\/v2\/categories?post=194632"},{"taxonomy":"post_tag","embeddable":true,"href":"https:\/\/www.suno.com.br\/noticias\/wp-json\/wp\/v2\/tags?post=194632"},{"taxonomy":"suno_strategy","embeddable":true,"href":"https:\/\/www.suno.com.br\/noticias\/wp-json\/wp\/v2\/suno_strategy?post=194632"}],"curies":[{"name":"wp","href":"https:\/\/api.w.org\/{rel}","templated":true}]}}