{"id":194469,"date":"2021-10-21T07:52:51","date_gmt":"2021-10-21T10:52:51","guid":{"rendered":"https:\/\/www.suno.com.br\/noticias\/?p=194469"},"modified":"2021-10-21T07:52:51","modified_gmt":"2021-10-21T10:52:51","slug":"itau-asset-esg-mercado-financeiro-fundo-de-investimentos","status":"publish","type":"post","link":"https:\/\/www.suno.com.br\/noticias\/itau-asset-esg-mercado-financeiro-fundo-de-investimentos\/","title":{"rendered":"Ita\u00fa Asset tira ESG da teoria e aplica no mundo real &#8211; h\u00e1 mais de 10 anos"},"content":{"rendered":"<p>Nos \u00faltimos dois anos, o tema <strong>ESG<\/strong> entrou na pauta do mercado financeiro e ganhou grande notoriedade, com as empresas se preocupando mais com os aspectos <a href=\"https:\/\/www.suno.com.br\/artigos\/esg\/\">ambientais, sociais e de governan\u00e7a<\/a>. Embora isso pare\u00e7a ser muito novo no Brasil, a Ita\u00fa Asset se preocupa com o tema desde 2004.<\/p>\t<div class=\"wrapper-featured-image\">\n\t\t<figure class=\"spotlightImg\">\n\n\t\t\t<picture>\n\t\t\t\t<source media=\"(max-width: 768px)\" srcset=\"https:\/\/files.sunoresearch.com.br\/n\/uploads\/2021\/10\/Capturar-5-400x200.jpg\">\n\t\t\t\t<img loading=\"lazy\" decoding=\"async\" class=\"newsContent__article__imgCapa lazyloadDisabled \" src=\"https:\/\/files.sunoresearch.com.br\/n\/uploads\/2021\/10\/Capturar-5-800x450.jpg\" width=\"800\" height=\"450\" alt=\"Ita\u00fa Asset tira ESG da teoria e aplica no mundo real &#8211; h\u00e1 mais de 10 anos\" fetchpriority=high \/>\n\t\t\t<\/picture>\n\n\t\t\t<figcaption class=\"wp-caption-text wp-caption-text--show\">Renato Eid, Superintendente de estrat\u00e9gia beta e integra\u00e7\u00e3o ESG da Ita\u00fa Asset. Foto: Divulga\u00e7\u00e3o<\/figcaption>\n\t\t<\/figure>\n\t<\/div>\n\n\n\t<p>\n\t\t<a href=\"https:\/\/lp.suno.com.br\/planilha-controle-gastos\/\" target=\"_blank\" data-element=\"shortcode-suno-banner\" title=\"Banner SUNO, clique e saiba mais\">\n\t\t\t<picture>\n\t\t\t\t<source media=\"(max-width: 500px)\" srcset=\"https:\/\/files.sunoresearch.com.br\/n\/uploads\/2023\/03\/400x300-Planilha-controle-de-gastos.png\">\n\t\t\t\t<img class=\"newsContent__article__imgCapa newsContent__article__imgCapa--banner\"\n\t\t\t\t\tsrc=\"https:\/\/files.sunoresearch.com.br\/n\/uploads\/2023\/03\/1420x240-Planilha-controle-de-gastos.png\"\n\t\t\t\t\tdata-promo-id=\"101751\"\t\t\t\t\t\t\t\t\t\twidth='1420' height='240'\t\t\t\t\talt=\"https:\/\/files.sunoresearch.com.br\/n\/uploads\/2023\/03\/1420x240-Planilha-controle-de-gastos.png\"\n\t\t\t\t>\n\t\t\t<\/picture>\n\t\t<\/a>\n\t<\/p>\n\n\n<p>Segundo<strong> Renato Eid<\/strong>, Superintendente de estrat\u00e9gia beta e integra\u00e7\u00e3o ESG da Ita\u00fa Asset, a casa utiliza um m\u00e9todo pr\u00f3prio para incluir essas quest\u00f5es em seu processo de investimento &#8212; mesmo naqueles produtos que n\u00e3o possuem um &#8220;selo&#8221; verde.<\/p>\n<p>Neste contexto, a grande d\u00favida do mercado \u00e9 como trazer isso para a pr\u00e1tica nos investimentos, saindo da teoria e materializando os impactos disso no valor das empresas.<\/p>\n<p>Confira os principais trechos da entrevista exclusiva do <strong>Suno Not\u00edcias<\/strong> com o diretor da <strong>Ita\u00fa Asset<\/strong>.<\/p>\n<p style=\"text-align: center;\"><span style=\"font-size: 19.4286px; text-align: center;\">\u2666<\/span><\/p>\n<h3>O que o ESG representa para o Ita\u00fa?<\/h3>\n<p><span style=\"font-weight: 400;\">A despeito do aquecimento do tema nos \u00faltimos anos, essa \u00e9 uma pauta tratada desde 2004 na Ita\u00fa Asset, trilhando e aprendendo sobre <strong>investimento respons\u00e1vel<\/strong>.\u00a0<\/span><\/p>\n<p><span style=\"font-weight: 400;\">Desde 2010, passamos a adotar os aspectos ambientais, sociais e de governan\u00e7a no nosso processo de investimento geral. Ou seja, em vez de lan\u00e7armos um produto espec\u00edfico sobre o tema, onde somente neste produto seriam observadas as quest\u00f5es ESG, a gente traz para nosso processo de investimento a observa\u00e7\u00e3o dessas quest\u00f5es.<\/span><\/p>\n<p><span style=\"font-weight: 400;\">O nosso prop\u00f3sito com isso \u00e9 justamente analisar aspectos que n\u00e3o v\u00e3o ser cobertos pela <a class=\"suno-keyword\" href=\"https:\/\/www.suno.com.br\/artigos\/analise-financeira\/\" target=\"_blank\" rel=\"noopener\" data-force=\"no\" data-priority=\"1\">an\u00e1lise financeira<\/a> tradicional. Com isso, ampliamos o leque dos riscos e oportunidades dos nossos investimentos.<\/span><\/p>\n\t<p>\n\t\t<a href=\"https:\/\/lp.suno.com.br\/planilha-da-vida-financeira\/\" target=\"_blank\" data-element=\"shortcode-suno-banner\" title=\"Banner SUNO, clique e saiba mais\">\n\t\t\t<picture>\n\t\t\t\t<source media=\"(max-width: 500px)\" srcset=\"https:\/\/files.sunoresearch.com.br\/n\/uploads\/2023\/04\/400x300-Planilha-vida-financeira-true.png\">\n\t\t\t\t<img class=\"newsContent__article__imgCapa newsContent__article__imgCapa--banner\"\n\t\t\t\t\tsrc=\"https:\/\/files.sunoresearch.com.br\/n\/uploads\/2023\/04\/1420x240-Planilha-vida-financeira-true.png\"\n\t\t\t\t\tdata-promo-id=\"106682\"\t\t\t\t\t\t\t\t\t\twidth='1420' height='240'\t\t\t\t\talt=\"https:\/\/files.sunoresearch.com.br\/n\/uploads\/2023\/04\/1420x240-Planilha-vida-financeira-true.png\"\n\t\t\t\t>\n\t\t\t<\/picture>\n\t\t<\/a>\n\t<\/p>\n\n\n<p><span style=\"font-weight: 400;\">E como fazemos isso? Desenvolvemos um modelo de an\u00e1lise propriet\u00e1rio, que serve tanto para empresas com renda fixa, com uma vis\u00e3o pragm\u00e1tica do tema, quanto para trazer informa\u00e7\u00f5es que tragam aspectos materiais para cada um dos setores que investimentos.<\/span><\/p>\n<p><span style=\"font-weight: 400;\">O ESG, ao contr\u00e1rio de outros elementos do mercado de investimentos, n\u00e3o possui um manual. Isso \u00e9 reflexo da s\u00e9rie de tentativas dos reguladores para determinar dados padronizados.\u00a0<\/span><\/p>\n<p><span style=\"font-weight: 400;\">Ent\u00e3o quando se trata de ESG, o importante \u00e9 trazer aspectos materiais e relevantes para a gest\u00e3o, auxiliando na tomada de decis\u00f5es.\u00a0<\/span><\/p>\n<h3>E como funciona?<\/h3>\n<p><span style=\"font-weight: 400;\">O nosso modelo possui oito dimens\u00f5es, sendo quatro voltadas para o \u00e2mbito ambiental e quatro para <strong>aspectos sociais<\/strong> e, dentro disso, fazemos a valora\u00e7\u00e3o para cada um dos setores. A ideia \u00e9 precificar essas quest\u00f5es.\u00a0<\/span><\/p>\n<p><span style=\"font-weight: 400;\">O benef\u00edcio de estarmos trabalhando com isso h\u00e1 muito tempo \u00e9 que temos um alto grau de assertividade. Ao mesmo tempo, n\u00e3o temos a pretens\u00e3o de acertar absolutamente tudo. A ideia \u00e9 entendermos se trata-se de valora\u00e7\u00f5es na casa de milhares, milh\u00f5es, dezenas de milh\u00f5es ou bilh\u00f5es. Ou seja, a magnitude desses aspectos.<\/span><\/p>\n<p><span style=\"font-weight: 400;\">Dentro dessa atividade, uma das quest\u00f5es mais importantes \u00e9 o engajamento com o tema. Como n\u00e3o h\u00e1 padroniza\u00e7\u00e3o ou diretriz sobre ESG, o trabalho de engajamento com o assunto \u00e9 super relevante pois cria-se um di\u00e1logo com as empresas.<\/span><\/p>\n<figure id=\"attachment_195552\" aria-describedby=\"caption-attachment-195552\" style=\"width: 744px\" class=\"wp-caption aligncenter\"><img loading=\"lazy\" decoding=\"async\" class=\"wp-image-195552 size-full\" src=\"https:\/\/files.sunoresearch.com.br\/n\/uploads\/2021\/10\/1.jpg\" alt=\"Foto\/Reprodu\u00e7\u00e3o: Ita\u00fa Asset\" width=\"744\" height=\"286\" srcset=\"https:\/\/files.sunoresearch.com.br\/n\/uploads\/2021\/10\/1.jpg 744w, https:\/\/files.sunoresearch.com.br\/n\/uploads\/2021\/10\/1-300x115.jpg 300w, https:\/\/files.sunoresearch.com.br\/n\/uploads\/2021\/10\/1-150x58.jpg 150w\" sizes=\"(max-width: 744px) 100vw, 744px\" \/><figcaption id=\"caption-attachment-195552\" class=\"wp-caption-text\">Foto\/Reprodu\u00e7\u00e3o: Ita\u00fa Asset<\/figcaption><\/figure>\n<p><span style=\"font-weight: 400;\">Esse canal de comunica\u00e7\u00e3o com as companhias \u00e9 importante para apontar melhorias e pontos fortes dos players no que se refere ao ESG. Esse \u00e9 um grande passo na transi\u00e7\u00e3o do tradicional para o atual, e \u00e9 um trabalho em conjunto entre as partes.<\/span><\/p>\n<p><span style=\"font-weight: 400;\">Conseguimos fomentar essa transi\u00e7\u00e3o com a participa\u00e7\u00e3o nos conselhos das empresas, trabalhando por melhorias. O engajamento tamb\u00e9m acontece a\u00ed com esclarecimento de pautas para vota\u00e7\u00e3o, por exemplo.<\/span><\/p>\n<h3>Na pr\u00e1tica, como isso se relaciona no dia a dia da Ita\u00fa Asset?<\/h3>\n<p><span style=\"font-weight: 400;\">Quase 100% das empresas cobertas por n\u00f3s est\u00e3o cobertas pela nossa <strong>an\u00e1lise ESG<\/strong>. Al\u00e9m disso, em nossas estrat\u00e9gias de <a href=\"https:\/\/www.suno.com.br\/artigos\/fundo-de-credito\/\"><strong>mercado de cr\u00e9dito<\/strong><\/a>, caso as empresas n\u00e3o sejam aprovadas em nossa \u00f3tica ambiental, social e de governan\u00e7a, n\u00e3o entrar\u00e3o no nosso crivo.<\/span><\/p>\n<p><span style=\"font-weight: 400;\">Note que aqui n\u00e3o estamos falando de fundos ou produtos voltados para o ESG, mas sim algo transversal no processo de <strong>investimento da Ita\u00fa Asset<\/strong>. Fora isso, tamb\u00e9m temos uma prateleira de fundos tem\u00e1ticos, que incluem ESG.<\/span><\/p>\n<h3>Como funciona a precifica\u00e7\u00e3o, ou valora\u00e7\u00e3o, das vari\u00e1veis ligadas ao ESG?<\/h3>\n<p><span style=\"font-weight: 400;\">Usamos uma mandala no modelo de <strong>precifica\u00e7\u00e3o para ESG<\/strong>. De um lado, quanto queremos entender a parte social, procuramos na empresa a rela\u00e7\u00e3o dela com fornecedores, clientes, comunidade e trabalhadores. Na parte de governan\u00e7a, analisamos itens como independ\u00eancia e qualidade do conselho e quest\u00f5es de diversidade, por exemplo.<\/span><\/p>\n<p><span style=\"font-weight: 400;\">\u00c9 muito dif\u00edcil mensurar, em termos monet\u00e1rios, o benef\u00edcio de ter 70% do conselho em independentes. Mas, nesses pontos de an\u00e1lise em termos ambientais e sociais, a gente formula o <a class=\"suno-keyword\" href=\"https:\/\/www.suno.com.br\/artigos\/valor-presente-liquido\/\" target=\"_blank\" rel=\"noopener\" data-force=\"no\" data-priority=\"1\">Valor Presente L\u00edquido<\/a> (VPL) de cada um dos pontos, que trazem novas vari\u00e1veis que podem trazer benef\u00edcios ou malef\u00edcios em termos financeiros.<\/span><\/p>\n<figure id=\"attachment_195551\" aria-describedby=\"caption-attachment-195551\" style=\"width: 439px\" class=\"wp-caption aligncenter\"><img loading=\"lazy\" decoding=\"async\" class=\"wp-image-195551 size-full\" src=\"https:\/\/files.sunoresearch.com.br\/n\/uploads\/2021\/10\/Capturar-4.jpg\" alt=\"Foto\/Reprodu\u00e7\u00e3o: Ita\u00fa Asset\" width=\"439\" height=\"512\" srcset=\"https:\/\/files.sunoresearch.com.br\/n\/uploads\/2021\/10\/Capturar-4.jpg 439w, https:\/\/files.sunoresearch.com.br\/n\/uploads\/2021\/10\/Capturar-4-257x300.jpg 257w, https:\/\/files.sunoresearch.com.br\/n\/uploads\/2021\/10\/Capturar-4-150x175.jpg 150w\" sizes=\"(max-width: 439px) 100vw, 439px\" \/><figcaption id=\"caption-attachment-195551\" class=\"wp-caption-text\">Foto\/Reprodu\u00e7\u00e3o: Ita\u00fa Asset<\/figcaption><\/figure>\n<p><span style=\"font-weight: 400;\">Cada setor que olhamos com esse prisma ter\u00e1 sua <strong>materialidade<\/strong> diferente. Em um setor de varejo n\u00e3o terei de olhar a biodiversidade e uso do solo, por exemplo; enquanto por outro lado, terei de observar a rela\u00e7\u00e3o com fornecedores.\u00a0<\/span><\/p>\n<p><span style=\"font-weight: 400;\">Nesse trabalho de tirar as coisas do papel e traz\u00ea-las \u00e0 pr\u00e1tica, temos um <em>white paper<\/em>, lan\u00e7ado em 2017, sobre <strong>mudan\u00e7as clim\u00e1ticas<\/strong> no Brasil, onde damos um <em>zoom<\/em> nesse assunto. Queremos saber como as altera\u00e7\u00f5es clim\u00e1ticas extremas afetam o tema investimento e como podemos nos posicionar perante isso.<\/span><\/p>\n<h3>At\u00e9 agora no Brasil, a ades\u00e3o ao ESG ocorreu mais por iniciativa das empresas ou press\u00e3o de investidores?<\/h3>\n<p><span style=\"font-weight: 400;\">N\u00e3o existiu um \u00fanico elemento respons\u00e1vel por trazer<strong> investimento em ESG<\/strong> para a pauta do mercado. N\u00e3o foram os investidores que pressionaram os gestores, tampouco n\u00f3s pressionamos as empresas.<\/span><\/p>\n<p><span style=\"font-weight: 400;\">Gostamos de pensar em uma tr\u00edade entre investidores, gestores e companhias. O di\u00e1logo entre as partes \u00e9 constante, embora n\u00f3s visualizamos corriqueiramente. Contudo, vale a pena ressaltar que os investidores est\u00e3o cada vez mais ligados no assunto, nos questionando sobre o tema.<\/span><\/p>\n<p><span style=\"font-weight: 400;\">De um ponto de vista geral, um aspecto relevante \u00e9 que n\u00f3s, enquanto consumidores, j\u00e1 tivemos a no\u00e7\u00e3o de nosso poder h\u00e1 muito tempo, com base em nossas escolhas. Conseguimos alinhar nosso consumo ao nosso prop\u00f3sito. E isso reverbera no mundo dos investimentos.<\/span><\/p>\n\n\t<div data-element=\"shortcode-read-more\" class=\"readToo\">\n\t\t\t\t<span class=\"readToo__title\">Saiba mais<\/span>\n\t\t\t\t<ul class=\"readToo__list\">\n\t\t\t<li><a href=\"https:\/\/www.suno.com.br\/noticias\/dona-da-brastemp-cozinha-inclusiva-esg-whirlpool\/\">Whirlpool, dona da Brastemp, quer tornar cozinha &#8216;inclusiva&#8217; e refor\u00e7a agenda ESG; entenda<\/a><\/li><li><a href=\"https:\/\/www.suno.com.br\/noticias\/greenwashing-maquiagem-verde-empresas-agenda-esg\/\">Greenwashing, a maquiagem verde: como empresas se promovem com pr\u00e1ticas sustent\u00e1veis duvidosas<\/a><\/li>\t\t<\/ul>\n\t<\/div>\n\n\n<p><span style=\"font-weight: 400;\">Dentro desse di\u00e1logo, \u00e9 importante prestar aten\u00e7\u00e3o como a empresa se posiciona perante o consumidor. Os clientes t\u00eam mudado o padr\u00e3o de consumo e rela\u00e7\u00e3o com fabricantes de produtos.<\/span><\/p>\n<p><span style=\"font-weight: 400;\">H\u00e1 cinco anos, ao entrar em um supermercado, v\u00edamos praticamente apenas o tomate como produto org\u00e2nico nas prateleiras. Hoje, a gama de produtos \u00e9 maior, com marcas tradicionais acompanhando essa demanda que apareceu.\u00a0<\/span><\/p>\n<p><span style=\"font-weight: 400;\">O mesmo acontece com a\u00e7\u00facar. Em um processo que j\u00e1 aconteceu na Europa, as empresas est\u00e3o retirando o a\u00e7\u00facar de seus produtos, substituindo-o por subst\u00e2ncias alternativas.<\/span><\/p>\n<p><span style=\"font-weight: 400;\">Uma vez que isso vire comum na empresa, deixando de ser o diferencial e sendo coberto pela <strong>an\u00e1lise financeira<\/strong> tradicional, ent\u00e3o tiramos isso de nossa an\u00e1lise. Queremos encontrar o que ainda n\u00e3o \u00e9 observado pelo mercado.\u00a0<\/span><\/p>\n<p><span style=\"font-weight: 400;\">Mas \u00e9 importante ponderar nossa responsabilidade para entendermos para onde estamos indo e onde queremos chegar. A manuten\u00e7\u00e3o dessa tr\u00edade \u00e9 super importante, tendo como alvo um di\u00e1logo e n\u00e3o press\u00e3o.<\/span><\/p>\n<h3>Qual \u00e9 a opini\u00e3o de voc\u00eas, e o volume de ocorr\u00eancia, de empresas que querem s\u00f3 surfar a onda do ESG?<\/h3>\n<p><span style=\"font-weight: 400;\">Essa \u00e9 a famosa quest\u00e3o do <\/span><strong><i>greenwashing<\/i><\/strong><span style=\"font-weight: 400;\">, que \u00e9 falar algo e n\u00e3o fazer na pr\u00e1tica. Para mim, essa \u00e9 uma pr\u00e1tica que cada vez menos vai ser recorrente.<\/span><\/p>\n<p><span style=\"font-weight: 400;\">Conforme o mercado estuda mais sobre ESG, a educa\u00e7\u00e3o sobre o tema passa a ser difundida, e os investidores passam a estar \u201cvacinados\u201d contra a pr\u00e1tica, cada vez mais questionando uma empresa com esse comportamento. Quanto mais falarmos de ESG e trouxermos as boas pr\u00e1ticas deste universo, o <\/span><i><span style=\"font-weight: 400;\">greenwashing<\/span><\/i><span style=\"font-weight: 400;\"> vai sendo colocado de lado.\u00a0<\/span><\/p>\n<p><span style=\"font-weight: 400;\">Precisamos sempre estar atentos a esse tipo de pr\u00e1tica, tomando cuidado com a nossa reputa\u00e7\u00e3o junto a investidores e ao mercado. A reputa\u00e7\u00e3o \u00e9 como a confian\u00e7a: demora tempo para ser adquirida, mas pode ser facilmente perdida.<\/span><\/p>\n\t<p>\n\t\t<a href=\"https:\/\/lp.suno.com.br\/ebook-como-analisar-uma-acao\/\" target=\"_blank\" data-element=\"shortcode-suno-banner\" title=\"Banner SUNO, clique e saiba mais\">\n\t\t\t<picture>\n\t\t\t\t<source media=\"(max-width: 500px)\" srcset=\"https:\/\/files.sunoresearch.com.br\/n\/uploads\/2023\/03\/Ebook-Acoes-Mobile-1.jpg\">\n\t\t\t\t<img class=\"newsContent__article__imgCapa newsContent__article__imgCapa--banner\"\n\t\t\t\t\tsrc=\"https:\/\/files.sunoresearch.com.br\/n\/uploads\/2023\/03\/Ebook-Acoes-Desktop-1.jpg\"\n\t\t\t\t\tdata-promo-id=\"171998\"\t\t\t\t\t\t\t\t\t\twidth='1420' height='286'\t\t\t\t\talt=\"https:\/\/files.sunoresearch.com.br\/n\/uploads\/2023\/03\/Ebook-Acoes-Desktop-1.jpg\"\n\t\t\t\t>\n\t\t\t<\/picture>\n\t\t<\/a>\n\t<\/p>\n\n\n<p><span style=\"font-weight: 400;\">N\u00e3o por m\u00e1 f\u00e9, mas precisamos tomar cuidado com os passos que damos neste tema, mas porque, de fato, n\u00e3o \u00e9 um assunto que em sua totalidade est\u00e1 difundido.\u00a0<\/span><\/p>\n<p><span style=\"font-weight: 400;\">Ent\u00e3o, como passar do tempo, qualquer player que queira surfar uma narrativa ao inv\u00e9s de estruturar um <strong>plano de a\u00e7\u00e3o e execu\u00e7\u00e3o<\/strong>, muito provavelmente ser\u00e3o questionados no futuro.\u00a0<\/span><\/p>\n<p><span style=\"font-weight: 400;\">Al\u00e9m desse aspecto mais natural, tamb\u00e9m existem algumas iniciativas. A <a href=\"https:\/\/www.suno.com.br\/artigos\/anbima\/\">Associa\u00e7\u00e3o Brasileira das Entidades dos Mercados Financeiro e de Capitais (<strong>Anbima<\/strong>)<\/a> est\u00e1 com uma audi\u00eancia p\u00fablica que determina o que pode e o que n\u00e3o pode para um fundo ser denominado ESG.<\/span><\/p>\n<h3>J\u00e1 tiveram de lidar com um player com esse comportamento?<\/h3>\n<p><span style=\"font-weight: 400;\">N\u00e3o comentamos casos espec\u00edficos, mas podemos garantir que empresas s\u00e3o vetadas no comit\u00ea de cr\u00e9dito quando identificamos coisas assim.<\/span><\/p>\n<p><span style=\"font-weight: 400;\">Algumas companhias que olhamos e enxergamos controv\u00e9rsias, entram nesse filtro. Fazemos valer realmente esse processo de an\u00e1lise, com riscos e oportunidades, que colocamos em pr\u00e1tica nos \u00faltimos anos.<\/span><\/p>\n<h3>Daqui para frente, o que esperar e em que se espelhar no ESG?<\/h3>\n<p><span style=\"font-weight: 400;\">A ideia final \u00e9 que o ESG se torne <em>mainstream<\/em>. Isso acontecer\u00e1 no momento que o tema n\u00e3o ser\u00e1 mais segregado dos demais no que se refere a <strong>pol\u00edticas de investimento<\/strong>.<\/span><\/p>\n<p><span style=\"font-weight: 400;\">N\u00e3o s\u00f3 no Brasil, mas no mundo, ainda n\u00e3o temos a capacidade de mensurar por meio de drivers, KPIs e fatores o impacto e import\u00e2ncia do tema. Mas, no futuro, n\u00e3o tenho d\u00favida de que o ESG n\u00e3o ser\u00e1 mais algo agregado, mas sim comum no mercado.<\/span><\/p>\n<p><span style=\"font-weight: 400;\">Mas tudo \u00e9 um processo. O tema ganhou acelera\u00e7\u00e3o nos \u00faltimos anos e isso precisa continuar. A tr\u00edade precisa deixar vivo o di\u00e1logo e entendimento para que possamos chegar neste ponto citado.\u00a0<\/span><\/p>\n<p><span style=\"font-weight: 400;\">Dito isso, no Ita\u00fa vemos com muito bons olhos todo esse movimento em prol do <strong>ESG<\/strong>, tanto de engajamento dos players como iniciativas para melhor entendimento regulamentar do tema.\u00a0<\/span><\/p>\n\t<p>\n\t\t<a href=\"\" target=\"_blank\" data-element=\"shortcode-suno-banner\" title=\"Banner SUNO, clique e saiba mais\">\n\t\t\t<picture>\n\t\t\t\t<source media=\"(max-width: 500px)\" srcset=\"\">\n\t\t\t\t<img class=\"newsContent__article__imgCapa newsContent__article__imgCapa--banner\"\n\t\t\t\t\tsrc=\"\"\n\t\t\t\t\tdata-promo-id=\"184190\"\t\t\t\t\t\t\t\t\t\t\t\t\t\t\talt=\"\"\n\t\t\t\t>\n\t\t\t<\/picture>\n\t\t<\/a>\n\t<\/p>\n\n\n","protected":false},"excerpt":{"rendered":"<p>Nos \u00faltimos dois anos, o tema ESG entrou na pauta do mercado financeiro e ganhou grande notoriedade, com as empresas se preocupando mais com os aspectos ambientais, sociais e de governan\u00e7a. Embora isso pare\u00e7a ser muito novo no Brasil, a Ita\u00fa Asset se preocupa com o tema desde 2004. Polui\u00e7\u00e3o. Foto: Pixabay Segundo Renato Eid, [&hellip;]<\/p>\n","protected":false},"author":24,"featured_media":195578,"comment_status":"closed","ping_status":"closed","sticky":false,"template":"","format":"standard","meta":[],"categories":[1278],"tags":[1937,105815,105995,1886,519,105860],"suno_strategy":[],"class_list":["post-194469","post","type-post","status-publish","format-standard","has-post-thumbnail","hentry","category-entrevistas","tag-bolsa-de-valores-de-sao-paulo-b3","tag-especial","tag-exclusiva","tag-itau-bba","tag-itau-unibanco-itub3-itub4","tag-pingue-pongue"],"yoast_head":"<!-- This site is optimized with the Yoast SEO plugin v24.4 - https:\/\/yoast.com\/wordpress\/plugins\/seo\/ -->\n<title>Ita\u00fa Asset tira ESG da teoria e aplica no mundo real - h\u00e1 mais de 10 anos<\/title>\n<meta name=\"description\" content=\"Nos \u00faltimos dois anos, o tema ESG entrou na pauta do mercado finaneiro e tomou grande notoriedade. A Ita\u00fa Asset traz isso \u00e0 pr\u00e1tica. Confira.\" \/>\n<meta name=\"robots\" content=\"index, follow, max-snippet:-1, max-image-preview:large, max-video-preview:-1\" \/>\n<link rel=\"canonical\" href=\"https:\/\/www.suno.com.br\/noticias\/itau-asset-esg-mercado-financeiro-fundo-de-investimentos\/\" \/>\n<meta property=\"og:locale\" content=\"pt_BR\" \/>\n<meta property=\"og:type\" content=\"article\" \/>\n<meta property=\"og:title\" content=\"Ita\u00fa Asset tira ESG da teoria e aplica no mundo real - h\u00e1 mais de 10 anos\" \/>\n<meta property=\"og:description\" content=\"Nos \u00faltimos dois anos, o tema ESG entrou na pauta do mercado finaneiro e tomou grande notoriedade. A Ita\u00fa Asset traz isso \u00e0 pr\u00e1tica. Confira.\" \/>\n<meta property=\"og:url\" content=\"https:\/\/www.suno.com.br\/noticias\/itau-asset-esg-mercado-financeiro-fundo-de-investimentos\/\" \/>\n<meta property=\"og:site_name\" content=\"Suno Not\u00edcias\" \/>\n<meta property=\"article:publisher\" content=\"https:\/\/facebook.com\/sunoresearch\" \/>\n<meta property=\"og:image\" content=\"https:\/\/files.sunoresearch.com.br\/n\/uploads\/2021\/10\/Capturar-5.jpg\" \/>\n\t<meta property=\"og:image:width\" content=\"820\" \/>\n\t<meta property=\"og:image:height\" content=\"470\" \/>\n\t<meta property=\"og:image:type\" content=\"image\/jpeg\" \/>\n<meta name=\"author\" content=\"Jader Lazarini\" \/>\n<meta name=\"twitter:card\" content=\"summary_large_image\" \/>\n<meta name=\"twitter:creator\" content=\"@sunoresearch\" \/>\n<meta name=\"twitter:site\" content=\"@sunoresearch\" \/>\n<meta name=\"twitter:label1\" content=\"Escrito por\" \/>\n\t<meta name=\"twitter:data1\" content=\"Jader Lazarini\" \/>\n\t<meta name=\"twitter:label2\" content=\"Est. tempo de leitura\" \/>\n\t<meta name=\"twitter:data2\" content=\"8 minutos\" \/>\n<script type=\"application\/ld+json\" class=\"yoast-schema-graph\">{\"@context\":\"https:\/\/schema.org\",\"@graph\":[{\"@type\":\"NewsArticle\",\"@id\":\"https:\/\/www.suno.com.br\/noticias\/itau-asset-esg-mercado-financeiro-fundo-de-investimentos\/#article\",\"isPartOf\":{\"@id\":\"https:\/\/www.suno.com.br\/noticias\/itau-asset-esg-mercado-financeiro-fundo-de-investimentos\/\"},\"author\":{\"name\":\"Jader Lazarini\",\"@id\":\"https:\/\/www.suno.com.br\/noticias\/#\/schema\/person\/918d79de1f0281f01599b93f9ea6e23f\"},\"headline\":\"Ita\u00fa Asset tira ESG da teoria e aplica no mundo real &#8211; h\u00e1 mais de 10 anos\",\"datePublished\":\"2021-10-21T10:52:51+00:00\",\"mainEntityOfPage\":{\"@id\":\"https:\/\/www.suno.com.br\/noticias\/itau-asset-esg-mercado-financeiro-fundo-de-investimentos\/\"},\"wordCount\":1753,\"publisher\":{\"@id\":\"https:\/\/www.suno.com.br\/noticias\/#organization\"},\"image\":{\"@id\":\"https:\/\/www.suno.com.br\/noticias\/itau-asset-esg-mercado-financeiro-fundo-de-investimentos\/#primaryimage\"},\"thumbnailUrl\":\"https:\/\/files.sunoresearch.com.br\/n\/uploads\/2021\/10\/Capturar-5.jpg\",\"keywords\":[\"Bolsa de Valores de S\u00e3o Paulo (B3)\",\"Especiais\",\"exclusiva\",\"Ita\u00fa BBA\",\"Ita\u00fa Unibanco (ITUB3\/ITUB4)\",\"pingue-pongue\"],\"articleSection\":[\"Entrevistas\"],\"inLanguage\":\"pt-BR\"},{\"@type\":\"WebPage\",\"@id\":\"https:\/\/www.suno.com.br\/noticias\/itau-asset-esg-mercado-financeiro-fundo-de-investimentos\/\",\"url\":\"https:\/\/www.suno.com.br\/noticias\/itau-asset-esg-mercado-financeiro-fundo-de-investimentos\/\",\"name\":\"Ita\u00fa Asset tira ESG da teoria e aplica no mundo real - h\u00e1 mais de 10 anos\",\"isPartOf\":{\"@id\":\"https:\/\/www.suno.com.br\/noticias\/#website\"},\"primaryImageOfPage\":{\"@id\":\"https:\/\/www.suno.com.br\/noticias\/itau-asset-esg-mercado-financeiro-fundo-de-investimentos\/#primaryimage\"},\"image\":{\"@id\":\"https:\/\/www.suno.com.br\/noticias\/itau-asset-esg-mercado-financeiro-fundo-de-investimentos\/#primaryimage\"},\"thumbnailUrl\":\"https:\/\/files.sunoresearch.com.br\/n\/uploads\/2021\/10\/Capturar-5.jpg\",\"datePublished\":\"2021-10-21T10:52:51+00:00\",\"description\":\"Nos \u00faltimos dois anos, o tema ESG entrou na pauta do mercado finaneiro e tomou grande notoriedade. A Ita\u00fa Asset traz isso \u00e0 pr\u00e1tica. Confira.\",\"breadcrumb\":{\"@id\":\"https:\/\/www.suno.com.br\/noticias\/itau-asset-esg-mercado-financeiro-fundo-de-investimentos\/#breadcrumb\"},\"inLanguage\":\"pt-BR\",\"potentialAction\":[{\"@type\":\"ReadAction\",\"target\":[\"https:\/\/www.suno.com.br\/noticias\/itau-asset-esg-mercado-financeiro-fundo-de-investimentos\/\"]}]},{\"@type\":\"ImageObject\",\"inLanguage\":\"pt-BR\",\"@id\":\"https:\/\/www.suno.com.br\/noticias\/itau-asset-esg-mercado-financeiro-fundo-de-investimentos\/#primaryimage\",\"url\":\"https:\/\/files.sunoresearch.com.br\/n\/uploads\/2021\/10\/Capturar-5.jpg\",\"contentUrl\":\"https:\/\/files.sunoresearch.com.br\/n\/uploads\/2021\/10\/Capturar-5.jpg\",\"width\":820,\"height\":470,\"caption\":\"Renato Eid, Superintendente de estrat\u00e9gia beta e integra\u00e7\u00e3o ESG da Ita\u00fa Asset. Foto: Divulga\u00e7\u00e3o\"},{\"@type\":\"BreadcrumbList\",\"@id\":\"https:\/\/www.suno.com.br\/noticias\/itau-asset-esg-mercado-financeiro-fundo-de-investimentos\/#breadcrumb\",\"itemListElement\":[{\"@type\":\"ListItem\",\"position\":1,\"name\":\"Not\u00edcias\",\"item\":\"https:\/\/www.suno.com.br\/noticias\/\"},{\"@type\":\"ListItem\",\"position\":2,\"name\":\"Entrevistas\",\"item\":\"https:\/\/www.suno.com.br\/noticias\/entrevistas\/\"},{\"@type\":\"ListItem\",\"position\":3,\"name\":\"Ita\u00fa Asset tira ESG da teoria e aplica no mundo real &#8211; h\u00e1 mais de 10 anos\"}]},{\"@type\":\"WebSite\",\"@id\":\"https:\/\/www.suno.com.br\/noticias\/#website\",\"url\":\"https:\/\/www.suno.com.br\/noticias\/\",\"name\":\"Suno Not\u00edcias\",\"description\":\"Seu portal de informa\u00e7\u00e3o sobre o mundo dos investimentos\",\"publisher\":{\"@id\":\"https:\/\/www.suno.com.br\/noticias\/#organization\"},\"potentialAction\":[{\"@type\":\"SearchAction\",\"target\":{\"@type\":\"EntryPoint\",\"urlTemplate\":\"https:\/\/www.suno.com.br\/noticias\/?s={search_term_string}\"},\"query-input\":{\"@type\":\"PropertyValueSpecification\",\"valueRequired\":true,\"valueName\":\"search_term_string\"}}],\"inLanguage\":\"pt-BR\"},{\"@type\":\"Organization\",\"@id\":\"https:\/\/www.suno.com.br\/noticias\/#organization\",\"name\":\"Suno Not\u00edcias\",\"url\":\"https:\/\/www.suno.com.br\/noticias\/\",\"logo\":{\"@type\":\"ImageObject\",\"inLanguage\":\"pt-BR\",\"@id\":\"https:\/\/www.suno.com.br\/noticias\/#\/schema\/logo\/image\/\",\"url\":\"https:\/\/files.sunoresearch.com.br\/n\/uploads\/2021\/09\/suno-logo.png\",\"contentUrl\":\"https:\/\/files.sunoresearch.com.br\/n\/uploads\/2021\/09\/suno-logo.png\",\"width\":180,\"height\":180,\"caption\":\"Suno Not\u00edcias\"},\"image\":{\"@id\":\"https:\/\/www.suno.com.br\/noticias\/#\/schema\/logo\/image\/\"},\"sameAs\":[\"https:\/\/facebook.com\/sunoresearch\",\"https:\/\/x.com\/sunoresearch\",\"https:\/\/www.instagram.com\/suno\",\"https:\/\/www.linkedin.com\/company\/suno-research\/\",\"https:\/\/www.youtube.com\/c\/sunoresearch\"]},{\"@type\":\"Person\",\"@id\":\"https:\/\/www.suno.com.br\/noticias\/#\/schema\/person\/918d79de1f0281f01599b93f9ea6e23f\",\"name\":\"Jader Lazarini\",\"image\":{\"@type\":\"ImageObject\",\"inLanguage\":\"pt-BR\",\"@id\":\"https:\/\/www.suno.com.br\/noticias\/#\/schema\/person\/image\/\",\"url\":\"https:\/\/secure.gravatar.com\/avatar\/3c1ad8caa51589841baeb923fcddea97?s=96&r=g\",\"contentUrl\":\"https:\/\/secure.gravatar.com\/avatar\/3c1ad8caa51589841baeb923fcddea97?s=96&r=g\",\"caption\":\"Jader Lazarini\"},\"description\":\"Jader Lazarini escreve sobre investimentos, finan\u00e7as, economia e neg\u00f3cios. \u00c9 bacharel em Rela\u00e7\u00f5es Internacionais e analista CNPI (2619).\",\"url\":\"https:\/\/www.suno.com.br\/noticias\/author\/jader-lazarini\/\"}]}<\/script>\n<!-- \/ Yoast SEO plugin. -->","yoast_head_json":{"title":"Ita\u00fa Asset tira ESG da teoria e aplica no mundo real - h\u00e1 mais de 10 anos","description":"Nos \u00faltimos dois anos, o tema ESG entrou na pauta do mercado finaneiro e tomou grande notoriedade. A Ita\u00fa Asset traz isso \u00e0 pr\u00e1tica. Confira.","robots":{"index":"index","follow":"follow","max-snippet":"max-snippet:-1","max-image-preview":"max-image-preview:large","max-video-preview":"max-video-preview:-1"},"canonical":"https:\/\/www.suno.com.br\/noticias\/itau-asset-esg-mercado-financeiro-fundo-de-investimentos\/","og_locale":"pt_BR","og_type":"article","og_title":"Ita\u00fa Asset tira ESG da teoria e aplica no mundo real - h\u00e1 mais de 10 anos","og_description":"Nos \u00faltimos dois anos, o tema ESG entrou na pauta do mercado finaneiro e tomou grande notoriedade. A Ita\u00fa Asset traz isso \u00e0 pr\u00e1tica. Confira.","og_url":"https:\/\/www.suno.com.br\/noticias\/itau-asset-esg-mercado-financeiro-fundo-de-investimentos\/","og_site_name":"Suno Not\u00edcias","article_publisher":"https:\/\/facebook.com\/sunoresearch","og_image":[{"width":820,"height":470,"url":"https:\/\/files.sunoresearch.com.br\/n\/uploads\/2021\/10\/Capturar-5.jpg","type":"image\/jpeg"}],"author":"Jader Lazarini","twitter_card":"summary_large_image","twitter_creator":"@sunoresearch","twitter_site":"@sunoresearch","twitter_misc":{"Escrito por":"Jader Lazarini","Est. tempo de leitura":"8 minutos"},"schema":{"@context":"https:\/\/schema.org","@graph":[{"@type":"NewsArticle","@id":"https:\/\/www.suno.com.br\/noticias\/itau-asset-esg-mercado-financeiro-fundo-de-investimentos\/#article","isPartOf":{"@id":"https:\/\/www.suno.com.br\/noticias\/itau-asset-esg-mercado-financeiro-fundo-de-investimentos\/"},"author":{"name":"Jader Lazarini","@id":"https:\/\/www.suno.com.br\/noticias\/#\/schema\/person\/918d79de1f0281f01599b93f9ea6e23f"},"headline":"Ita\u00fa Asset tira ESG da teoria e aplica no mundo real &#8211; h\u00e1 mais de 10 anos","datePublished":"2021-10-21T10:52:51+00:00","mainEntityOfPage":{"@id":"https:\/\/www.suno.com.br\/noticias\/itau-asset-esg-mercado-financeiro-fundo-de-investimentos\/"},"wordCount":1753,"publisher":{"@id":"https:\/\/www.suno.com.br\/noticias\/#organization"},"image":{"@id":"https:\/\/www.suno.com.br\/noticias\/itau-asset-esg-mercado-financeiro-fundo-de-investimentos\/#primaryimage"},"thumbnailUrl":"https:\/\/files.sunoresearch.com.br\/n\/uploads\/2021\/10\/Capturar-5.jpg","keywords":["Bolsa de Valores de S\u00e3o Paulo (B3)","Especiais","exclusiva","Ita\u00fa BBA","Ita\u00fa Unibanco (ITUB3\/ITUB4)","pingue-pongue"],"articleSection":["Entrevistas"],"inLanguage":"pt-BR"},{"@type":"WebPage","@id":"https:\/\/www.suno.com.br\/noticias\/itau-asset-esg-mercado-financeiro-fundo-de-investimentos\/","url":"https:\/\/www.suno.com.br\/noticias\/itau-asset-esg-mercado-financeiro-fundo-de-investimentos\/","name":"Ita\u00fa Asset tira ESG da teoria e aplica no mundo real - h\u00e1 mais de 10 anos","isPartOf":{"@id":"https:\/\/www.suno.com.br\/noticias\/#website"},"primaryImageOfPage":{"@id":"https:\/\/www.suno.com.br\/noticias\/itau-asset-esg-mercado-financeiro-fundo-de-investimentos\/#primaryimage"},"image":{"@id":"https:\/\/www.suno.com.br\/noticias\/itau-asset-esg-mercado-financeiro-fundo-de-investimentos\/#primaryimage"},"thumbnailUrl":"https:\/\/files.sunoresearch.com.br\/n\/uploads\/2021\/10\/Capturar-5.jpg","datePublished":"2021-10-21T10:52:51+00:00","description":"Nos \u00faltimos dois anos, o tema ESG entrou na pauta do mercado finaneiro e tomou grande notoriedade. A Ita\u00fa Asset traz isso \u00e0 pr\u00e1tica. Confira.","breadcrumb":{"@id":"https:\/\/www.suno.com.br\/noticias\/itau-asset-esg-mercado-financeiro-fundo-de-investimentos\/#breadcrumb"},"inLanguage":"pt-BR","potentialAction":[{"@type":"ReadAction","target":["https:\/\/www.suno.com.br\/noticias\/itau-asset-esg-mercado-financeiro-fundo-de-investimentos\/"]}]},{"@type":"ImageObject","inLanguage":"pt-BR","@id":"https:\/\/www.suno.com.br\/noticias\/itau-asset-esg-mercado-financeiro-fundo-de-investimentos\/#primaryimage","url":"https:\/\/files.sunoresearch.com.br\/n\/uploads\/2021\/10\/Capturar-5.jpg","contentUrl":"https:\/\/files.sunoresearch.com.br\/n\/uploads\/2021\/10\/Capturar-5.jpg","width":820,"height":470,"caption":"Renato Eid, Superintendente de estrat\u00e9gia beta e integra\u00e7\u00e3o ESG da Ita\u00fa Asset. Foto: Divulga\u00e7\u00e3o"},{"@type":"BreadcrumbList","@id":"https:\/\/www.suno.com.br\/noticias\/itau-asset-esg-mercado-financeiro-fundo-de-investimentos\/#breadcrumb","itemListElement":[{"@type":"ListItem","position":1,"name":"Not\u00edcias","item":"https:\/\/www.suno.com.br\/noticias\/"},{"@type":"ListItem","position":2,"name":"Entrevistas","item":"https:\/\/www.suno.com.br\/noticias\/entrevistas\/"},{"@type":"ListItem","position":3,"name":"Ita\u00fa Asset tira ESG da teoria e aplica no mundo real &#8211; h\u00e1 mais de 10 anos"}]},{"@type":"WebSite","@id":"https:\/\/www.suno.com.br\/noticias\/#website","url":"https:\/\/www.suno.com.br\/noticias\/","name":"Suno Not\u00edcias","description":"Seu portal de informa\u00e7\u00e3o sobre o mundo dos investimentos","publisher":{"@id":"https:\/\/www.suno.com.br\/noticias\/#organization"},"potentialAction":[{"@type":"SearchAction","target":{"@type":"EntryPoint","urlTemplate":"https:\/\/www.suno.com.br\/noticias\/?s={search_term_string}"},"query-input":{"@type":"PropertyValueSpecification","valueRequired":true,"valueName":"search_term_string"}}],"inLanguage":"pt-BR"},{"@type":"Organization","@id":"https:\/\/www.suno.com.br\/noticias\/#organization","name":"Suno Not\u00edcias","url":"https:\/\/www.suno.com.br\/noticias\/","logo":{"@type":"ImageObject","inLanguage":"pt-BR","@id":"https:\/\/www.suno.com.br\/noticias\/#\/schema\/logo\/image\/","url":"https:\/\/files.sunoresearch.com.br\/n\/uploads\/2021\/09\/suno-logo.png","contentUrl":"https:\/\/files.sunoresearch.com.br\/n\/uploads\/2021\/09\/suno-logo.png","width":180,"height":180,"caption":"Suno Not\u00edcias"},"image":{"@id":"https:\/\/www.suno.com.br\/noticias\/#\/schema\/logo\/image\/"},"sameAs":["https:\/\/facebook.com\/sunoresearch","https:\/\/x.com\/sunoresearch","https:\/\/www.instagram.com\/suno","https:\/\/www.linkedin.com\/company\/suno-research\/","https:\/\/www.youtube.com\/c\/sunoresearch"]},{"@type":"Person","@id":"https:\/\/www.suno.com.br\/noticias\/#\/schema\/person\/918d79de1f0281f01599b93f9ea6e23f","name":"Jader Lazarini","image":{"@type":"ImageObject","inLanguage":"pt-BR","@id":"https:\/\/www.suno.com.br\/noticias\/#\/schema\/person\/image\/","url":"https:\/\/secure.gravatar.com\/avatar\/3c1ad8caa51589841baeb923fcddea97?s=96&r=g","contentUrl":"https:\/\/secure.gravatar.com\/avatar\/3c1ad8caa51589841baeb923fcddea97?s=96&r=g","caption":"Jader Lazarini"},"description":"Jader Lazarini escreve sobre investimentos, finan\u00e7as, economia e neg\u00f3cios. \u00c9 bacharel em Rela\u00e7\u00f5es Internacionais e analista CNPI (2619).","url":"https:\/\/www.suno.com.br\/noticias\/author\/jader-lazarini\/"}]}},"default_loop_html":"<div class=\"cardsPage__listCard__boxs\"><div class=\"cardsPage__listCard__boxs__img\"><a href=\"https:\/\/www.suno.com.br\/noticias\/greenwashing-maquiagem-verde-empresas-agenda-esg\/\"><img class=\"mask\" src=\"https:\/\/www.suno.com.br\/noticias\/wp-content\/themes\/suno\/resources\/images\/spotlight\/spotlight1img\/bg-mask.png\" alt=\"Image Mask\"\/><img src=\"https:\/\/files.sunoresearch.com.br\/n\/uploads\/2021\/10\/smoke-gd752303f9_1920-400x200.jpg\" alt=\"Greenwashing, a maquiagem verde: como empresas se promovem com pr\u00e1ticas sustent\u00e1veis duvidosas\"\/><\/a><span class=\"spotlightCategory\"><a href=\"https:\/\/www.suno.com.br\/noticias\/negocios\/\">Neg\u00f3cios<\/a><\/span><\/div><div class=\"cardsPage__listCard__boxs__content\"><a href=\"https:\/\/www.suno.com.br\/noticias\/greenwashing-maquiagem-verde-empresas-agenda-esg\/\"><h2 class=\"content__title\">Greenwashing, a maquiagem verde: como empresas se promovem com pr\u00e1ticas sustent\u00e1veis duvidosas<\/h2><\/a><div class=\"newsContent__article__meta\"><div class=\"newsContent__article__meta__authorBox\"><a href=\"https:\/\/www.suno.com.br\/noticias\/author\/arthur-guimaraes\/\" class=\"authorBox__avatar noMobi\"><img src=\"https:\/\/files.sunoresearch.com.br\/n\/uploads\/2020\/02\/dfb40897-eu-150x150.webp\" alt=\"Arthur Guimar\u00e3es\"><\/a><div class=\"authorBox__name\"><span>por\n\t\t\t<a href=\"https:\/\/www.suno.com.br\/noticias\/author\/arthur-guimaraes\/\"><span itemprop=\"author\">Arthur Guimar\u00e3es<\/span><\/a><\/span><time datetime=\"2021-10-12T14:04:04-03:00\" itemprop=\"datePublished\">12\/10\/2021 14:04<\/time><\/div><\/div><\/div><\/div><\/div>","single_layout":"posts","amp_enabled":true,"_links":{"self":[{"href":"https:\/\/www.suno.com.br\/noticias\/wp-json\/wp\/v2\/posts\/194469"}],"collection":[{"href":"https:\/\/www.suno.com.br\/noticias\/wp-json\/wp\/v2\/posts"}],"about":[{"href":"https:\/\/www.suno.com.br\/noticias\/wp-json\/wp\/v2\/types\/post"}],"author":[{"embeddable":true,"href":"https:\/\/www.suno.com.br\/noticias\/wp-json\/wp\/v2\/users\/24"}],"replies":[{"embeddable":true,"href":"https:\/\/www.suno.com.br\/noticias\/wp-json\/wp\/v2\/comments?post=194469"}],"version-history":[{"count":4,"href":"https:\/\/www.suno.com.br\/noticias\/wp-json\/wp\/v2\/posts\/194469\/revisions"}],"predecessor-version":[{"id":195830,"href":"https:\/\/www.suno.com.br\/noticias\/wp-json\/wp\/v2\/posts\/194469\/revisions\/195830"}],"wp:featuredmedia":[{"embeddable":true,"href":"https:\/\/www.suno.com.br\/noticias\/wp-json\/wp\/v2\/media\/195578"}],"wp:attachment":[{"href":"https:\/\/www.suno.com.br\/noticias\/wp-json\/wp\/v2\/media?parent=194469"}],"wp:term":[{"taxonomy":"category","embeddable":true,"href":"https:\/\/www.suno.com.br\/noticias\/wp-json\/wp\/v2\/categories?post=194469"},{"taxonomy":"post_tag","embeddable":true,"href":"https:\/\/www.suno.com.br\/noticias\/wp-json\/wp\/v2\/tags?post=194469"},{"taxonomy":"suno_strategy","embeddable":true,"href":"https:\/\/www.suno.com.br\/noticias\/wp-json\/wp\/v2\/suno_strategy?post=194469"}],"curies":[{"name":"wp","href":"https:\/\/api.w.org\/{rel}","templated":true}]}}