{"id":194371,"date":"2021-10-17T10:22:41","date_gmt":"2021-10-17T13:22:41","guid":{"rendered":"https:\/\/www.suno.com.br\/noticias\/?p=194371"},"modified":"2021-10-18T10:37:37","modified_gmt":"2021-10-18T13:37:37","slug":"eztec-eztc3-lancamentos-3-trimestre-previa","status":"publish","type":"post","link":"https:\/\/www.suno.com.br\/noticias\/eztec-eztc3-lancamentos-3-trimestre-previa\/","title":{"rendered":"Eztec (EZTC3) lan\u00e7a R$ 1,4 bilh\u00e3o entre janeiro e setembro, mostra pr\u00e9via"},"content":{"rendered":"<p>Os lan\u00e7amentos da <a href=\"https:\/\/www.suno.com.br\/acoes\/eztc3\/\"><strong>Eztec<\/strong> (EZTC3)<\/a>, entre janeiro e setembro deste ano, totalizaram R$ 1,41 bilh\u00e3o. As vendas brutas, por sua vez, somaram R$ 870 milh\u00f5es no per\u00edodo. Os n\u00fameros s\u00e3o da pr\u00e9via operacional do terceiro trimestre da empresa, divulgada na noite da \u00faltima sexta-feira (15).<\/p>\t<div class=\"wrapper-featured-image\">\n\t\t<figure class=\"spotlightImg\">\n\n\t\t\t<picture>\n\t\t\t\t<source media=\"(max-width: 768px)\" srcset=\"https:\/\/files.sunoresearch.com.br\/n\/uploads\/2021\/10\/cranes-gc800e83c6_1920-400x200.jpg\">\n\t\t\t\t<img loading=\"lazy\" decoding=\"async\" class=\"newsContent__article__imgCapa lazyloadDisabled \" src=\"https:\/\/files.sunoresearch.com.br\/n\/uploads\/2021\/10\/cranes-gc800e83c6_1920-800x450.jpg\" width=\"800\" height=\"450\" alt=\"Eztec (EZTC3) lan\u00e7a R$ 1,4 bilh\u00e3o entre janeiro e setembro, mostra pr\u00e9via\" fetchpriority=high \/>\n\t\t\t<\/picture>\n\n\t\t\t<figcaption class=\"wp-caption-text wp-caption-text--show\">Constru\u00e7\u00e3o civil. Foto: Pixabay<\/figcaption>\n\t\t<\/figure>\n\t<\/div>\n\n\n\t<p>\n\t\t<a href=\"https:\/\/lp.suno.com.br\/planilha-controle-gastos\/\" target=\"_blank\" data-element=\"shortcode-suno-banner\" title=\"Banner SUNO, clique e saiba mais\">\n\t\t\t<picture>\n\t\t\t\t<source media=\"(max-width: 500px)\" srcset=\"https:\/\/files.sunoresearch.com.br\/n\/uploads\/2023\/03\/400x300-Planilha-controle-de-gastos.png\">\n\t\t\t\t<img class=\"newsContent__article__imgCapa newsContent__article__imgCapa--banner\"\n\t\t\t\t\tsrc=\"https:\/\/files.sunoresearch.com.br\/n\/uploads\/2023\/03\/1420x240-Planilha-controle-de-gastos.png\"\n\t\t\t\t\tdata-promo-id=\"101751\"\t\t\t\t\t\t\t\t\t\twidth='1420' height='240'\t\t\t\t\talt=\"https:\/\/files.sunoresearch.com.br\/n\/uploads\/2023\/03\/1420x240-Planilha-controle-de-gastos.png\"\n\t\t\t\t>\n\t\t\t<\/picture>\n\t\t<\/a>\n\t<\/p>\n\n\n<p>Em todo o ano passado, os <strong>lan\u00e7amentos da Eztec<\/strong> somaram R$ 1,11 bilh\u00e3o. Em 2019, a companhia registrou R$ 1,97 bilh\u00e3o, enquanto os lan\u00e7amentos acumulados de 2018 somaram R$ 778 milh\u00f5es.<\/p>\n<p>Somente no terceiro trimestre, foram R$ 255 milh\u00f5es em vendas, uma queda de 10,8% sobre o per\u00edodo imediatamente anterior e recuo de 23,6% na compara\u00e7\u00e3o anual.<\/p>\n<p>Entre julho e setembro deste ano, a empresa realizou o lan\u00e7amento do empreendimento <strong>Arkadio EZ by Ott<\/strong>, localizado na Zona Sul de S\u00e3o Paulo. A torre possui 276 unidades de alto padr\u00e3o, com \u00e1reas que variam de 105 a 180 metros quadrados, gerando um <strong>Valor Geral de Vendas (VGV)<\/strong> total de cerca de R$ 460 milh\u00f5es.<\/p>\n\t<div data-element=\"shortcode-read-more\" class=\"knowMore\">\n\t\t\t\t<span class=\"knowMore__title\">Saiba mais<\/span>\n\t\t\t\t<a class=\"knowMore__link\" href=\"https:\/\/www.suno.com.br\/noticias\/eztec-eztc3-balanco-2tri20\/\">\n\t\t\tLucro l\u00edquido da Eztec (EZTC3) sobe 104% no 2T21\t\t<\/a>\n\t<\/div>\n\n\n<p>Nas pr\u00f3ximas semanas, a companhia deve lan\u00e7ar o projeto Unique Green entre as Rodovias Anhanguera, Bandeirantes e Marginal do Rio Tiet\u00ea. O projeto \u00e9 voltado para o p\u00fablico de m\u00e9dia renda, sendo que o VGV estimado para os pr\u00f3ximos anos \u00e9 de R$ 730 milh\u00f5es.<\/p>\n<p>As vendas l\u00edquidas acumuladas deste ano somam R$ 776 milh\u00f5es. Isso equivale a 64,8% do total de vendas l\u00edquidas do ano passado, que foram de R$ 1,19 bilh\u00e3o. No ano anterior, foram R$ 1,56 bilh\u00e3o.<\/p>\n<h2>Programa de recompra de a\u00e7\u00f5es est\u00e1 avan\u00e7ado<\/h2>\n<p>Em agosto, a Eztec anunciou um <a href=\"https:\/\/www.suno.com.br\/artigos\/recompra-de-acoes\/\">programa de<strong> recompra de a\u00e7\u00f5es<\/strong><\/a> de at\u00e9 5,03 milh\u00f5es de pap\u00e9is de sua emiss\u00e3o.<\/p>\n<p>Isso \u00e9 equivalente a cerca de 5% do<em> <a class=\"suno-keyword\" href=\"https:\/\/www.suno.com.br\/artigos\/free-float\/\" target=\"_blank\" rel=\"noopener\" data-force=\"no\" data-priority=\"1\">free float<\/a><\/em> da empresa, que possu\u00eda pouco mais de 100 milh\u00f5es de a\u00e7\u00f5es em circula\u00e7\u00e3o.<\/p>\n\t<p>\n\t\t<a href=\"https:\/\/lp.suno.com.br\/ebook-como-analisar-uma-acao\/\" target=\"_blank\" data-element=\"shortcode-suno-banner\" title=\"Banner SUNO, clique e saiba mais\">\n\t\t\t<picture>\n\t\t\t\t<source media=\"(max-width: 500px)\" srcset=\"https:\/\/files.sunoresearch.com.br\/n\/uploads\/2023\/03\/Ebook-Acoes-Mobile-1.jpg\">\n\t\t\t\t<img class=\"newsContent__article__imgCapa newsContent__article__imgCapa--banner\"\n\t\t\t\t\tsrc=\"https:\/\/files.sunoresearch.com.br\/n\/uploads\/2023\/03\/Ebook-Acoes-Desktop-1.jpg\"\n\t\t\t\t\tdata-promo-id=\"171998\"\t\t\t\t\t\t\t\t\t\twidth='1420' height='286'\t\t\t\t\talt=\"https:\/\/files.sunoresearch.com.br\/n\/uploads\/2023\/03\/Ebook-Acoes-Desktop-1.jpg\"\n\t\t\t\t>\n\t\t\t<\/picture>\n\t\t<\/a>\n\t<\/p>\n\n\n<p>A empresa disse que j\u00e1 adquiriu 3,89 milh\u00f5es de pap\u00e9is, reprensentando cerca de 77% do total projetado.<\/p>\n<p>O objetivo do programa \u00e9 aplicar os recursos dispon\u00edveis para maximizar a gera\u00e7\u00e3o de valor para os acionistas, uma vez que, na \u00e9poca do an\u00fancio do programa, a cota\u00e7\u00e3o de seus pap\u00e9is \u201cn\u00e3o refletia o real valor dos seus ativos, combinado com a perspectiva de rentabilidade e gera\u00e7\u00e3o de resultados futuros\u201d.<\/p>\n<h2>Cota\u00e7\u00e3o da Eztec<\/h2>\n<p>Na \u00faltima sexta-feira, as a\u00e7\u00f5es da empresa encerraram o preg\u00e3o negociadas a R$ 24,28. Nos \u00faltimos 12 meses, a queda \u00e9 de 34%, com as incertezas ligadas ao setor de constru\u00e7\u00e3o civil em meio \u00e0 alta da <a class=\"suno-keyword\" href=\"https:\/\/www.suno.com.br\/artigos\/juros\/\" target=\"_blank\" rel=\"noopener\" data-force=\"no\" data-priority=\"2\">taxa de juros<\/a> no Brasil e desacelera\u00e7\u00e3o econ\u00f4mica.<\/p>\n<p>A <strong>Eztec<\/strong> vale R$ 5,51 bilh\u00f5es na B3.<\/p>\n\t<p>\n\t\t<a href=\"\" target=\"_blank\" data-element=\"shortcode-suno-banner\" title=\"Banner SUNO, clique e saiba mais\">\n\t\t\t<picture>\n\t\t\t\t<source media=\"(max-width: 500px)\" srcset=\"\">\n\t\t\t\t<img class=\"newsContent__article__imgCapa newsContent__article__imgCapa--banner\"\n\t\t\t\t\tsrc=\"\"\n\t\t\t\t\tdata-promo-id=\"184190\"\t\t\t\t\t\t\t\t\t\t\t\t\t\t\talt=\"\"\n\t\t\t\t>\n\t\t\t<\/picture>\n\t\t<\/a>\n\t<\/p>\n\n\n","protected":false},"excerpt":{"rendered":"<p>Os lan\u00e7amentos da Eztec (EZTC3), entre janeiro e setembro deste ano, totalizaram R$ 1,41 bilh\u00e3o. As vendas brutas, por sua vez, somaram R$ 870 milh\u00f5es no per\u00edodo. Os n\u00fameros s\u00e3o da pr\u00e9via operacional do terceiro trimestre da empresa, divulgada na noite da \u00faltima sexta-feira (15). Constru\u00e7\u00e3o civil. Foto: Pixabay Em todo o ano passado, os [&hellip;]<\/p>\n","protected":false},"author":24,"featured_media":194373,"comment_status":"closed","ping_status":"closed","sticky":false,"template":"","format":"standard","meta":[],"categories":[64],"tags":[1156,473],"suno_strategy":[],"class_list":["post-194371","post","type-post","status-publish","format-standard","has-post-thumbnail","hentry","category-negocios","tag-construcao-civil","tag-eztec-eztc3"],"yoast_head":"<!-- This site is optimized with the Yoast SEO plugin v24.4 - https:\/\/yoast.com\/wordpress\/plugins\/seo\/ -->\n<title>Eztec (EZTC3) lan\u00e7a R$ 1,4 bilh\u00e3o entre janeiro e setembro, mostra pr\u00e9via<\/title>\n<meta name=\"description\" content=\"Os lan\u00e7amentos da Eztec (EZTC3), entre janeiro e setembro, totalizaram R$ 1,41 bi. As vendas brutas, somaram R$ 870 milh\u00f5es. Saiba mais.\" \/>\n<meta name=\"robots\" content=\"index, follow, max-snippet:-1, max-image-preview:large, max-video-preview:-1\" \/>\n<link rel=\"canonical\" href=\"https:\/\/www.suno.com.br\/noticias\/eztec-eztc3-lancamentos-3-trimestre-previa\/\" \/>\n<meta property=\"og:locale\" content=\"pt_BR\" \/>\n<meta property=\"og:type\" content=\"article\" \/>\n<meta property=\"og:title\" content=\"Eztec (EZTC3) lan\u00e7a R$ 1,4 bilh\u00e3o entre janeiro e setembro, mostra pr\u00e9via\" \/>\n<meta property=\"og:description\" content=\"Os lan\u00e7amentos da Eztec (EZTC3), entre janeiro e setembro, totalizaram R$ 1,41 bi. As vendas brutas, somaram R$ 870 milh\u00f5es. Saiba mais.\" \/>\n<meta property=\"og:url\" content=\"https:\/\/www.suno.com.br\/noticias\/eztec-eztc3-lancamentos-3-trimestre-previa\/\" \/>\n<meta property=\"og:site_name\" content=\"Suno Not\u00edcias\" \/>\n<meta property=\"article:publisher\" content=\"https:\/\/facebook.com\/sunoresearch\" \/>\n<meta property=\"og:image\" content=\"https:\/\/files.sunoresearch.com.br\/n\/uploads\/2021\/10\/cranes-gc800e83c6_1920.jpg\" \/>\n\t<meta property=\"og:image:width\" content=\"1920\" \/>\n\t<meta property=\"og:image:height\" content=\"1280\" \/>\n\t<meta property=\"og:image:type\" content=\"image\/jpeg\" \/>\n<meta name=\"author\" content=\"Jader Lazarini\" \/>\n<meta name=\"twitter:card\" content=\"summary_large_image\" \/>\n<meta name=\"twitter:creator\" content=\"@sunoresearch\" \/>\n<meta name=\"twitter:site\" content=\"@sunoresearch\" \/>\n<meta name=\"twitter:label1\" content=\"Escrito por\" \/>\n\t<meta name=\"twitter:data1\" content=\"Jader Lazarini\" \/>\n\t<meta name=\"twitter:label2\" content=\"Est. tempo de leitura\" \/>\n\t<meta name=\"twitter:data2\" content=\"2 minutos\" \/>\n<script type=\"application\/ld+json\" class=\"yoast-schema-graph\">{\"@context\":\"https:\/\/schema.org\",\"@graph\":[{\"@type\":\"NewsArticle\",\"@id\":\"https:\/\/www.suno.com.br\/noticias\/eztec-eztc3-lancamentos-3-trimestre-previa\/#article\",\"isPartOf\":{\"@id\":\"https:\/\/www.suno.com.br\/noticias\/eztec-eztc3-lancamentos-3-trimestre-previa\/\"},\"author\":{\"name\":\"Jader Lazarini\",\"@id\":\"https:\/\/www.suno.com.br\/noticias\/#\/schema\/person\/918d79de1f0281f01599b93f9ea6e23f\"},\"headline\":\"Eztec (EZTC3) lan\u00e7a R$ 1,4 bilh\u00e3o entre janeiro e setembro, mostra pr\u00e9via\",\"datePublished\":\"2021-10-17T13:22:41+00:00\",\"dateModified\":\"2021-10-18T13:37:37+00:00\",\"mainEntityOfPage\":{\"@id\":\"https:\/\/www.suno.com.br\/noticias\/eztec-eztc3-lancamentos-3-trimestre-previa\/\"},\"wordCount\":463,\"publisher\":{\"@id\":\"https:\/\/www.suno.com.br\/noticias\/#organization\"},\"image\":{\"@id\":\"https:\/\/www.suno.com.br\/noticias\/eztec-eztc3-lancamentos-3-trimestre-previa\/#primaryimage\"},\"thumbnailUrl\":\"https:\/\/files.sunoresearch.com.br\/n\/uploads\/2021\/10\/cranes-gc800e83c6_1920.jpg\",\"keywords\":[\"constru\u00e7\u00e3o civil\",\"Eztec (EZTC3)\"],\"articleSection\":[\"Neg\u00f3cios\"],\"inLanguage\":\"pt-BR\"},{\"@type\":\"WebPage\",\"@id\":\"https:\/\/www.suno.com.br\/noticias\/eztec-eztc3-lancamentos-3-trimestre-previa\/\",\"url\":\"https:\/\/www.suno.com.br\/noticias\/eztec-eztc3-lancamentos-3-trimestre-previa\/\",\"name\":\"Eztec (EZTC3) lan\u00e7a R$ 1,4 bilh\u00e3o entre janeiro e setembro, mostra pr\u00e9via\",\"isPartOf\":{\"@id\":\"https:\/\/www.suno.com.br\/noticias\/#website\"},\"primaryImageOfPage\":{\"@id\":\"https:\/\/www.suno.com.br\/noticias\/eztec-eztc3-lancamentos-3-trimestre-previa\/#primaryimage\"},\"image\":{\"@id\":\"https:\/\/www.suno.com.br\/noticias\/eztec-eztc3-lancamentos-3-trimestre-previa\/#primaryimage\"},\"thumbnailUrl\":\"https:\/\/files.sunoresearch.com.br\/n\/uploads\/2021\/10\/cranes-gc800e83c6_1920.jpg\",\"datePublished\":\"2021-10-17T13:22:41+00:00\",\"dateModified\":\"2021-10-18T13:37:37+00:00\",\"description\":\"Os lan\u00e7amentos da Eztec (EZTC3), entre janeiro e setembro, totalizaram R$ 1,41 bi. As vendas brutas, somaram R$ 870 milh\u00f5es. Saiba mais.\",\"breadcrumb\":{\"@id\":\"https:\/\/www.suno.com.br\/noticias\/eztec-eztc3-lancamentos-3-trimestre-previa\/#breadcrumb\"},\"inLanguage\":\"pt-BR\",\"potentialAction\":[{\"@type\":\"ReadAction\",\"target\":[\"https:\/\/www.suno.com.br\/noticias\/eztec-eztc3-lancamentos-3-trimestre-previa\/\"]}]},{\"@type\":\"ImageObject\",\"inLanguage\":\"pt-BR\",\"@id\":\"https:\/\/www.suno.com.br\/noticias\/eztec-eztc3-lancamentos-3-trimestre-previa\/#primaryimage\",\"url\":\"https:\/\/files.sunoresearch.com.br\/n\/uploads\/2021\/10\/cranes-gc800e83c6_1920.jpg\",\"contentUrl\":\"https:\/\/files.sunoresearch.com.br\/n\/uploads\/2021\/10\/cranes-gc800e83c6_1920.jpg\",\"width\":1920,\"height\":1280,\"caption\":\"Constru\u00e7\u00e3o civil. Foto: Pixabay\"},{\"@type\":\"BreadcrumbList\",\"@id\":\"https:\/\/www.suno.com.br\/noticias\/eztec-eztc3-lancamentos-3-trimestre-previa\/#breadcrumb\",\"itemListElement\":[{\"@type\":\"ListItem\",\"position\":1,\"name\":\"Not\u00edcias\",\"item\":\"https:\/\/www.suno.com.br\/noticias\/\"},{\"@type\":\"ListItem\",\"position\":2,\"name\":\"Neg\u00f3cios\",\"item\":\"https:\/\/www.suno.com.br\/noticias\/negocios\/\"},{\"@type\":\"ListItem\",\"position\":3,\"name\":\"Eztec (EZTC3) lan\u00e7a R$ 1,4 bilh\u00e3o entre janeiro e setembro, mostra pr\u00e9via\"}]},{\"@type\":\"WebSite\",\"@id\":\"https:\/\/www.suno.com.br\/noticias\/#website\",\"url\":\"https:\/\/www.suno.com.br\/noticias\/\",\"name\":\"Suno Not\u00edcias\",\"description\":\"Seu portal de informa\u00e7\u00e3o sobre o mundo dos investimentos\",\"publisher\":{\"@id\":\"https:\/\/www.suno.com.br\/noticias\/#organization\"},\"potentialAction\":[{\"@type\":\"SearchAction\",\"target\":{\"@type\":\"EntryPoint\",\"urlTemplate\":\"https:\/\/www.suno.com.br\/noticias\/?s={search_term_string}\"},\"query-input\":{\"@type\":\"PropertyValueSpecification\",\"valueRequired\":true,\"valueName\":\"search_term_string\"}}],\"inLanguage\":\"pt-BR\"},{\"@type\":\"Organization\",\"@id\":\"https:\/\/www.suno.com.br\/noticias\/#organization\",\"name\":\"Suno Not\u00edcias\",\"url\":\"https:\/\/www.suno.com.br\/noticias\/\",\"logo\":{\"@type\":\"ImageObject\",\"inLanguage\":\"pt-BR\",\"@id\":\"https:\/\/www.suno.com.br\/noticias\/#\/schema\/logo\/image\/\",\"url\":\"https:\/\/files.sunoresearch.com.br\/n\/uploads\/2021\/09\/suno-logo.png\",\"contentUrl\":\"https:\/\/files.sunoresearch.com.br\/n\/uploads\/2021\/09\/suno-logo.png\",\"width\":180,\"height\":180,\"caption\":\"Suno Not\u00edcias\"},\"image\":{\"@id\":\"https:\/\/www.suno.com.br\/noticias\/#\/schema\/logo\/image\/\"},\"sameAs\":[\"https:\/\/facebook.com\/sunoresearch\",\"https:\/\/x.com\/sunoresearch\",\"https:\/\/www.instagram.com\/suno\",\"https:\/\/www.linkedin.com\/company\/suno-research\/\",\"https:\/\/www.youtube.com\/c\/sunoresearch\"]},{\"@type\":\"Person\",\"@id\":\"https:\/\/www.suno.com.br\/noticias\/#\/schema\/person\/918d79de1f0281f01599b93f9ea6e23f\",\"name\":\"Jader Lazarini\",\"image\":{\"@type\":\"ImageObject\",\"inLanguage\":\"pt-BR\",\"@id\":\"https:\/\/www.suno.com.br\/noticias\/#\/schema\/person\/image\/\",\"url\":\"https:\/\/secure.gravatar.com\/avatar\/3c1ad8caa51589841baeb923fcddea97?s=96&r=g\",\"contentUrl\":\"https:\/\/secure.gravatar.com\/avatar\/3c1ad8caa51589841baeb923fcddea97?s=96&r=g\",\"caption\":\"Jader Lazarini\"},\"description\":\"Jader Lazarini escreve sobre investimentos, finan\u00e7as, economia e neg\u00f3cios. \u00c9 bacharel em Rela\u00e7\u00f5es Internacionais e analista CNPI (2619).\",\"url\":\"https:\/\/www.suno.com.br\/noticias\/author\/jader-lazarini\/\"}]}<\/script>\n<!-- \/ Yoast SEO plugin. -->","yoast_head_json":{"title":"Eztec (EZTC3) lan\u00e7a R$ 1,4 bilh\u00e3o entre janeiro e setembro, mostra pr\u00e9via","description":"Os lan\u00e7amentos da Eztec (EZTC3), entre janeiro e setembro, totalizaram R$ 1,41 bi. As vendas brutas, somaram R$ 870 milh\u00f5es. Saiba mais.","robots":{"index":"index","follow":"follow","max-snippet":"max-snippet:-1","max-image-preview":"max-image-preview:large","max-video-preview":"max-video-preview:-1"},"canonical":"https:\/\/www.suno.com.br\/noticias\/eztec-eztc3-lancamentos-3-trimestre-previa\/","og_locale":"pt_BR","og_type":"article","og_title":"Eztec (EZTC3) lan\u00e7a R$ 1,4 bilh\u00e3o entre janeiro e setembro, mostra pr\u00e9via","og_description":"Os lan\u00e7amentos da Eztec (EZTC3), entre janeiro e setembro, totalizaram R$ 1,41 bi. As vendas brutas, somaram R$ 870 milh\u00f5es. Saiba mais.","og_url":"https:\/\/www.suno.com.br\/noticias\/eztec-eztc3-lancamentos-3-trimestre-previa\/","og_site_name":"Suno Not\u00edcias","article_publisher":"https:\/\/facebook.com\/sunoresearch","og_image":[{"width":1920,"height":1280,"url":"https:\/\/files.sunoresearch.com.br\/n\/uploads\/2021\/10\/cranes-gc800e83c6_1920.jpg","type":"image\/jpeg"}],"author":"Jader Lazarini","twitter_card":"summary_large_image","twitter_creator":"@sunoresearch","twitter_site":"@sunoresearch","twitter_misc":{"Escrito por":"Jader Lazarini","Est. tempo de leitura":"2 minutos"},"schema":{"@context":"https:\/\/schema.org","@graph":[{"@type":"NewsArticle","@id":"https:\/\/www.suno.com.br\/noticias\/eztec-eztc3-lancamentos-3-trimestre-previa\/#article","isPartOf":{"@id":"https:\/\/www.suno.com.br\/noticias\/eztec-eztc3-lancamentos-3-trimestre-previa\/"},"author":{"name":"Jader Lazarini","@id":"https:\/\/www.suno.com.br\/noticias\/#\/schema\/person\/918d79de1f0281f01599b93f9ea6e23f"},"headline":"Eztec (EZTC3) lan\u00e7a R$ 1,4 bilh\u00e3o entre janeiro e setembro, mostra pr\u00e9via","datePublished":"2021-10-17T13:22:41+00:00","dateModified":"2021-10-18T13:37:37+00:00","mainEntityOfPage":{"@id":"https:\/\/www.suno.com.br\/noticias\/eztec-eztc3-lancamentos-3-trimestre-previa\/"},"wordCount":463,"publisher":{"@id":"https:\/\/www.suno.com.br\/noticias\/#organization"},"image":{"@id":"https:\/\/www.suno.com.br\/noticias\/eztec-eztc3-lancamentos-3-trimestre-previa\/#primaryimage"},"thumbnailUrl":"https:\/\/files.sunoresearch.com.br\/n\/uploads\/2021\/10\/cranes-gc800e83c6_1920.jpg","keywords":["constru\u00e7\u00e3o civil","Eztec (EZTC3)"],"articleSection":["Neg\u00f3cios"],"inLanguage":"pt-BR"},{"@type":"WebPage","@id":"https:\/\/www.suno.com.br\/noticias\/eztec-eztc3-lancamentos-3-trimestre-previa\/","url":"https:\/\/www.suno.com.br\/noticias\/eztec-eztc3-lancamentos-3-trimestre-previa\/","name":"Eztec (EZTC3) lan\u00e7a R$ 1,4 bilh\u00e3o entre janeiro e setembro, mostra pr\u00e9via","isPartOf":{"@id":"https:\/\/www.suno.com.br\/noticias\/#website"},"primaryImageOfPage":{"@id":"https:\/\/www.suno.com.br\/noticias\/eztec-eztc3-lancamentos-3-trimestre-previa\/#primaryimage"},"image":{"@id":"https:\/\/www.suno.com.br\/noticias\/eztec-eztc3-lancamentos-3-trimestre-previa\/#primaryimage"},"thumbnailUrl":"https:\/\/files.sunoresearch.com.br\/n\/uploads\/2021\/10\/cranes-gc800e83c6_1920.jpg","datePublished":"2021-10-17T13:22:41+00:00","dateModified":"2021-10-18T13:37:37+00:00","description":"Os lan\u00e7amentos da Eztec (EZTC3), entre janeiro e setembro, totalizaram R$ 1,41 bi. As vendas brutas, somaram R$ 870 milh\u00f5es. Saiba mais.","breadcrumb":{"@id":"https:\/\/www.suno.com.br\/noticias\/eztec-eztc3-lancamentos-3-trimestre-previa\/#breadcrumb"},"inLanguage":"pt-BR","potentialAction":[{"@type":"ReadAction","target":["https:\/\/www.suno.com.br\/noticias\/eztec-eztc3-lancamentos-3-trimestre-previa\/"]}]},{"@type":"ImageObject","inLanguage":"pt-BR","@id":"https:\/\/www.suno.com.br\/noticias\/eztec-eztc3-lancamentos-3-trimestre-previa\/#primaryimage","url":"https:\/\/files.sunoresearch.com.br\/n\/uploads\/2021\/10\/cranes-gc800e83c6_1920.jpg","contentUrl":"https:\/\/files.sunoresearch.com.br\/n\/uploads\/2021\/10\/cranes-gc800e83c6_1920.jpg","width":1920,"height":1280,"caption":"Constru\u00e7\u00e3o civil. Foto: Pixabay"},{"@type":"BreadcrumbList","@id":"https:\/\/www.suno.com.br\/noticias\/eztec-eztc3-lancamentos-3-trimestre-previa\/#breadcrumb","itemListElement":[{"@type":"ListItem","position":1,"name":"Not\u00edcias","item":"https:\/\/www.suno.com.br\/noticias\/"},{"@type":"ListItem","position":2,"name":"Neg\u00f3cios","item":"https:\/\/www.suno.com.br\/noticias\/negocios\/"},{"@type":"ListItem","position":3,"name":"Eztec (EZTC3) lan\u00e7a R$ 1,4 bilh\u00e3o entre janeiro e setembro, mostra pr\u00e9via"}]},{"@type":"WebSite","@id":"https:\/\/www.suno.com.br\/noticias\/#website","url":"https:\/\/www.suno.com.br\/noticias\/","name":"Suno Not\u00edcias","description":"Seu portal de informa\u00e7\u00e3o sobre o mundo dos investimentos","publisher":{"@id":"https:\/\/www.suno.com.br\/noticias\/#organization"},"potentialAction":[{"@type":"SearchAction","target":{"@type":"EntryPoint","urlTemplate":"https:\/\/www.suno.com.br\/noticias\/?s={search_term_string}"},"query-input":{"@type":"PropertyValueSpecification","valueRequired":true,"valueName":"search_term_string"}}],"inLanguage":"pt-BR"},{"@type":"Organization","@id":"https:\/\/www.suno.com.br\/noticias\/#organization","name":"Suno Not\u00edcias","url":"https:\/\/www.suno.com.br\/noticias\/","logo":{"@type":"ImageObject","inLanguage":"pt-BR","@id":"https:\/\/www.suno.com.br\/noticias\/#\/schema\/logo\/image\/","url":"https:\/\/files.sunoresearch.com.br\/n\/uploads\/2021\/09\/suno-logo.png","contentUrl":"https:\/\/files.sunoresearch.com.br\/n\/uploads\/2021\/09\/suno-logo.png","width":180,"height":180,"caption":"Suno Not\u00edcias"},"image":{"@id":"https:\/\/www.suno.com.br\/noticias\/#\/schema\/logo\/image\/"},"sameAs":["https:\/\/facebook.com\/sunoresearch","https:\/\/x.com\/sunoresearch","https:\/\/www.instagram.com\/suno","https:\/\/www.linkedin.com\/company\/suno-research\/","https:\/\/www.youtube.com\/c\/sunoresearch"]},{"@type":"Person","@id":"https:\/\/www.suno.com.br\/noticias\/#\/schema\/person\/918d79de1f0281f01599b93f9ea6e23f","name":"Jader Lazarini","image":{"@type":"ImageObject","inLanguage":"pt-BR","@id":"https:\/\/www.suno.com.br\/noticias\/#\/schema\/person\/image\/","url":"https:\/\/secure.gravatar.com\/avatar\/3c1ad8caa51589841baeb923fcddea97?s=96&r=g","contentUrl":"https:\/\/secure.gravatar.com\/avatar\/3c1ad8caa51589841baeb923fcddea97?s=96&r=g","caption":"Jader Lazarini"},"description":"Jader Lazarini escreve sobre investimentos, finan\u00e7as, economia e neg\u00f3cios. \u00c9 bacharel em Rela\u00e7\u00f5es Internacionais e analista CNPI (2619).","url":"https:\/\/www.suno.com.br\/noticias\/author\/jader-lazarini\/"}]}},"default_loop_html":"<div class=\"cardsPage__listCard__boxs\"><div class=\"cardsPage__listCard__boxs__img\"><a href=\"https:\/\/www.suno.com.br\/noticias\/eztec-eztc3-lancamentos-3-trimestre-previa\/\"><img class=\"mask\" src=\"https:\/\/www.suno.com.br\/noticias\/wp-content\/themes\/suno\/resources\/images\/spotlight\/spotlight1img\/bg-mask.png\" alt=\"Image Mask\"\/><img src=\"https:\/\/files.sunoresearch.com.br\/n\/uploads\/2021\/10\/cranes-gc800e83c6_1920-400x200.jpg\" alt=\"Eztec (EZTC3) lan\u00e7a R$ 1,4 bilh\u00e3o entre janeiro e setembro, mostra pr\u00e9via\"\/><\/a><span class=\"spotlightCategory\"><a href=\"https:\/\/www.suno.com.br\/noticias\/negocios\/\">Neg\u00f3cios<\/a><\/span><\/div><div class=\"cardsPage__listCard__boxs__content\"><a href=\"https:\/\/www.suno.com.br\/noticias\/eztec-eztc3-lancamentos-3-trimestre-previa\/\"><h2 class=\"content__title\">Eztec (EZTC3) lan\u00e7a R$ 1,4 bilh\u00e3o entre janeiro e setembro, mostra pr\u00e9via<\/h2><\/a><div class=\"newsContent__article__meta\"><div class=\"newsContent__article__meta__authorBox\"><a href=\"https:\/\/www.suno.com.br\/noticias\/author\/jader-lazarini\/\" class=\"authorBox__avatar noMobi\"><img src=\"https:\/\/files.sunoresearch.com.br\/n\/uploads\/2021\/01\/178e6598-foto-perfil-2-150x150.jpg\" alt=\"Jader Lazarini\"><\/a><div class=\"authorBox__name\"><span>por\n\t\t\t<a href=\"https:\/\/www.suno.com.br\/noticias\/author\/jader-lazarini\/\"><span itemprop=\"author\">Jader Lazarini<\/span><\/a><\/span><time datetime=\"2021-10-17T10:22:41-03:00\" itemprop=\"datePublished\">17\/10\/2021 10:22<\/time><\/div><\/div><\/div><\/div><\/div>","single_layout":"posts","amp_enabled":true,"_links":{"self":[{"href":"https:\/\/www.suno.com.br\/noticias\/wp-json\/wp\/v2\/posts\/194371"}],"collection":[{"href":"https:\/\/www.suno.com.br\/noticias\/wp-json\/wp\/v2\/posts"}],"about":[{"href":"https:\/\/www.suno.com.br\/noticias\/wp-json\/wp\/v2\/types\/post"}],"author":[{"embeddable":true,"href":"https:\/\/www.suno.com.br\/noticias\/wp-json\/wp\/v2\/users\/24"}],"replies":[{"embeddable":true,"href":"https:\/\/www.suno.com.br\/noticias\/wp-json\/wp\/v2\/comments?post=194371"}],"version-history":[{"count":3,"href":"https:\/\/www.suno.com.br\/noticias\/wp-json\/wp\/v2\/posts\/194371\/revisions"}],"predecessor-version":[{"id":194496,"href":"https:\/\/www.suno.com.br\/noticias\/wp-json\/wp\/v2\/posts\/194371\/revisions\/194496"}],"wp:featuredmedia":[{"embeddable":true,"href":"https:\/\/www.suno.com.br\/noticias\/wp-json\/wp\/v2\/media\/194373"}],"wp:attachment":[{"href":"https:\/\/www.suno.com.br\/noticias\/wp-json\/wp\/v2\/media?parent=194371"}],"wp:term":[{"taxonomy":"category","embeddable":true,"href":"https:\/\/www.suno.com.br\/noticias\/wp-json\/wp\/v2\/categories?post=194371"},{"taxonomy":"post_tag","embeddable":true,"href":"https:\/\/www.suno.com.br\/noticias\/wp-json\/wp\/v2\/tags?post=194371"},{"taxonomy":"suno_strategy","embeddable":true,"href":"https:\/\/www.suno.com.br\/noticias\/wp-json\/wp\/v2\/suno_strategy?post=194371"}],"curies":[{"name":"wp","href":"https:\/\/api.w.org\/{rel}","templated":true}]}}