{"id":194362,"date":"2021-10-17T11:13:37","date_gmt":"2021-10-17T14:13:37","guid":{"rendered":"https:\/\/www.suno.com.br\/noticias\/?p=194362"},"modified":"2021-10-17T11:13:46","modified_gmt":"2021-10-17T14:13:46","slug":"e-commerce-dobra-pandemia-brasil","status":"publish","type":"post","link":"https:\/\/www.suno.com.br\/noticias\/e-commerce-dobra-pandemia-brasil\/","title":{"rendered":"E-commerce mais que dobra e representa 21% das vendas no Brasil"},"content":{"rendered":"<p>A pandemia provocou um salto na participa\u00e7\u00e3o das vendas online no faturamento das empresas do com\u00e9rcio varejista brasileiro. Antes da crise sanit\u00e1ria que obrigou o fechamento das lojas f\u00edsicas, o <strong>e-commerce<\/strong> representava, em m\u00e9dia, 9,2% da receita.<\/p>\t<div class=\"wrapper-featured-image\">\n\t\t<figure class=\"spotlightImg\">\n\n\t\t\t<picture>\n\t\t\t\t<source media=\"(max-width: 768px)\" srcset=\"https:\/\/files.sunoresearch.com.br\/n\/uploads\/2021\/10\/payment-g1f5faeb80_1920-400x200.jpg\">\n\t\t\t\t<img loading=\"lazy\" decoding=\"async\" class=\"newsContent__article__imgCapa lazyloadDisabled \" src=\"https:\/\/files.sunoresearch.com.br\/n\/uploads\/2021\/10\/payment-g1f5faeb80_1920-800x450.jpg\" width=\"800\" height=\"450\" alt=\"E-commerce mais que dobra e representa 21% das vendas no Brasil\" fetchpriority=high \/>\n\t\t\t<\/picture>\n\n\t\t\t<figcaption class=\"wp-caption-text wp-caption-text--show\">Investimento. Foto: Pixabay<\/figcaption>\n\t\t<\/figure>\n\t<\/div>\n\n\n\t<p>\n\t\t<a href=\"https:\/\/lp.suno.com.br\/planilha-controle-gastos\/\" target=\"_blank\" data-element=\"shortcode-suno-banner\" title=\"Banner SUNO, clique e saiba mais\">\n\t\t\t<picture>\n\t\t\t\t<source media=\"(max-width: 500px)\" srcset=\"https:\/\/files.sunoresearch.com.br\/n\/uploads\/2023\/03\/400x300-Planilha-controle-de-gastos.png\">\n\t\t\t\t<img class=\"newsContent__article__imgCapa newsContent__article__imgCapa--banner\"\n\t\t\t\t\tsrc=\"https:\/\/files.sunoresearch.com.br\/n\/uploads\/2023\/03\/1420x240-Planilha-controle-de-gastos.png\"\n\t\t\t\t\tdata-promo-id=\"101751\"\t\t\t\t\t\t\t\t\t\twidth='1420' height='240'\t\t\t\t\talt=\"https:\/\/files.sunoresearch.com.br\/n\/uploads\/2023\/03\/1420x240-Planilha-controle-de-gastos.png\"\n\t\t\t\t>\n\t\t\t<\/picture>\n\t\t<\/a>\n\t<\/p>\n\n\n<p>Em julho do ano passado, por\u00e9m, com apenas quatro meses de pandemia, essa marca mais do que dobrou e foi para 19,8%. E, em junho deste ano, o e-commerce j\u00e1 representava 21,2%.<\/p>\n<p>&#8220;O resultado confirma com n\u00fameros a hip\u00f3tese de que as empresas aceleraram o processo de digitaliza\u00e7\u00e3o ao longo da <strong>pandemia<\/strong>, principalmente para minimizar os impactos negativos da queda de circula\u00e7\u00e3o de pessoas nas lojas f\u00edsicas&#8221;, observa o economista Rodolpho Tobler, coordenador da Sondagem do Com\u00e9rcio, feita pela Funda\u00e7\u00e3o Get\u00falio Vargas.<\/p>\n<p>Os dados fazem parte de um recorte especial da sondagem, obtido com exclusividade pelo <em>Estad\u00e3o<\/em>. As vendas online, de acordo com os crit\u00e9rios adotados pelo estudo, incluem os neg\u00f3cios fechados no site, no aplicativo da loja e por WhatsApp.<\/p>\n<p>A r\u00e1pida digitaliza\u00e7\u00e3o ocorreu praticamente de maneira uniforme em empresas de todos os tamanhos: pequenas, m\u00e9dia e grandes. Com a reabertura das lojas f\u00edsicas, Tobler diz que pode haver uma certa corre\u00e7\u00e3o nos pr\u00f3ximos meses, mas ele acredita que muitas mudan\u00e7as vieram para ficar.<\/p>\n<p>Ele argumenta que essa nova forma de vender atraiu novos consumidores de v\u00e1rias localidades do Pa\u00eds e propiciou impacto favor\u00e1vel no neg\u00f3cio dos varejistas.<\/p>\n<h2>Impacto da pandemia nos neg\u00f3cios<\/h2>\n<p>Para avaliar o saldo l\u00edquido nas vendas do com\u00e9rcio provocado pelo abre e fecha e o impulso dado pelo <a href=\"https:\/\/www.suno.com.br\/artigos\/marketplace\/\">com\u00e9rcio online<\/a>, o economista comparou o desempenho de dois grupos de varejistas que atuam no online.<\/p>\n<p>As empresas cuja fatia do e-commerce na receita est\u00e1 acima da m\u00e9dia do setor conseguiram, desde de meados do ano passado at\u00e9 hoje, obter um desempenho melhor de vendas em rela\u00e7\u00e3o ao grupo de companhias cuja participa\u00e7\u00e3o do online nos neg\u00f3cios est\u00e1 abaixo da m\u00e9dia de mercado.<\/p>\n\t<div data-element=\"shortcode-read-more\" class=\"knowMore\">\n\t\t\t\t<span class=\"knowMore__title\">Saiba mais<\/span>\n\t\t\t\t<a class=\"knowMore__link\" href=\"https:\/\/www.suno.com.br\/noticias\/vendas-no-varejo-caem-agosto\/\">\n\t\t\tVendas no varejo caem 3,1% em agosto, com queda de artigos de uso pessoal e dom\u00e9stico (-16%)\t\t<\/a>\n\t<\/div>\n\n\n<p>O economista destaca dois momentos importantes que mostram que as <a href=\"https:\/\/www.suno.com.br\/noticias\/setor-tecnologia-crescimento-exponencial-consultoria\/\">empresas mais digitalizadas<\/a> est\u00e3o \u00e0 frente das menos digitalizadas em desempenho de vendas.<\/p>\n<p>O primeiro momento foi no fim do ano passado, quando a <strong>recupera\u00e7\u00e3o do com\u00e9rcio<\/strong> foi puxada pelas varejistas cujas vendas do online respondiam por uma fatia maior do que a m\u00e9dia dos setor, de acordo com informa\u00e7\u00f5es apontadas pela sondagem, levando em conta o n\u00edvel de demanda atual.<\/p>\n<p>O outro momento foi no in\u00edcio deste ano, com a segunda onda da pandemia. O estudo mostra que todo o varejo foi afetado por causa das restri\u00e7\u00f5es mais severas ao funcionamento das lojas f\u00edsicas.<\/p>\n<p>No entanto, as companhias com participa\u00e7\u00e3o das vendas online no faturamento acima da m\u00e9dia do mercado sofreram menos e registram uma demanda ainda importante por seus produtos, observa Tobler.<\/p>\n<p>Outro resultado significativo apontado pela sondagem da FGV \u00e9 que 49,7% das empresas &#8211; quase a metade &#8211; n\u00e3o faziam nenhuma venda online antes da pandemia. Em julho do ano passado, essa fatia tinha recuado para 28,4% e em junho este ano estava em 20,2%.<\/p>\n<p>Isso significa que quase 80% de todas as varejistas consultadas pela sondagem faziam uso de canais digitais. Esse n\u00famero \u00e9 ainda mais significativo para as empresas de grande porte, com mais de 90% das companhias usando canais online.<\/p>\n\t<p>\n\t\t<a href=\"https:\/\/lp.suno.com.br\/planilha-da-vida-financeira\/\" target=\"_blank\" data-element=\"shortcode-suno-banner\" title=\"Banner SUNO, clique e saiba mais\">\n\t\t\t<picture>\n\t\t\t\t<source media=\"(max-width: 500px)\" srcset=\"https:\/\/files.sunoresearch.com.br\/n\/uploads\/2023\/04\/400x300-Planilha-vida-financeira-true.png\">\n\t\t\t\t<img class=\"newsContent__article__imgCapa newsContent__article__imgCapa--banner\"\n\t\t\t\t\tsrc=\"https:\/\/files.sunoresearch.com.br\/n\/uploads\/2023\/04\/1420x240-Planilha-vida-financeira-true.png\"\n\t\t\t\t\tdata-promo-id=\"106682\"\t\t\t\t\t\t\t\t\t\twidth='1420' height='240'\t\t\t\t\talt=\"https:\/\/files.sunoresearch.com.br\/n\/uploads\/2023\/04\/1420x240-Planilha-vida-financeira-true.png\"\n\t\t\t\t>\n\t\t\t<\/picture>\n\t\t<\/a>\n\t<\/p>\n\n\n<p>J\u00e1 as empresas de menor porte continuam mais resistentes \u00e0 <strong>digitaliza\u00e7\u00e3o<\/strong>, com quase 30% do n\u00famero de varejistas focadas s\u00f3 nas lojas f\u00edsicas.<\/p>\n<p>Tend\u00eancia. Com a avan\u00e7o da vacina\u00e7\u00e3o e a <strong>reabertura da economia<\/strong>, Tobler acredita que a tend\u00eancia \u00e9 de estabiliza\u00e7\u00e3o das vendas do varejo como um todo por causa da concorr\u00eancia maior dos gastos com servi\u00e7os que ficaram de lado na fase mais cr\u00edtica da pandemia.<\/p>\n<p>Mesmo assim, Tobler acha que a fatia das <strong>vendas online<\/strong> no com\u00e9rcio varejista brasileiro como um todo, que girava em torno de 5% antes da pandemia, possa fechar este ano em 10%.<\/p>\n<h2>Quase metade das vendas da Novo Mundo s\u00e3o via e-commerce<\/h2>\n<p>Fundada em 1956, em Goi\u00e2nia (GO), a rede regional Novo Mundo, especializada na venda m\u00f3veis e eletroeletr\u00f4nicos, foi uma das companhias que aproveitaram a pandemia para acelerar a digitaliza\u00e7\u00e3o.<\/p>\n<p>Desde o ano 2000, a varejista vendia por meio do seu site, al\u00e9m das<strong> lojas f\u00edsicas<\/strong> espalhadas por nove Estados nas regi\u00f5es Centro-Oeste, Norte e Nordeste e no Distrito Federal.<\/p>\n<p>&#8220;Antes da pandemia o online representava 22% do nosso faturamento e hoje responde por 40%&#8221;, diz Matheus Sepulveda, diretor da Novo Mundo Digital.<\/p>\n<p>Al\u00e9m do site, sob o guarda-chuva do online hoje est\u00e3o as vendas feitas por meio do aplicativo da loja, WhatsApp, marketplace da varejista e todos os neg\u00f3cios fechados que foram influenciados pelo meio digital.<\/p>\n<p>O diretor conta que a venda do online cresceu 58% no ano passado, na compara\u00e7\u00e3o com 2019 e garantiu que a empresa como um todo repetisse a receita do ano anterior.<\/p>\n<p>Com o fechamento das lojas f\u00edsicas por causa da crise e sanit\u00e1ria, a varejista implementou as vendas por meio de WhatsApp e aplicativo. Mas o grande impulso veio com a digitaliza\u00e7\u00e3o das lojas f\u00edsicas no per\u00edodo.<\/p>\n<p>&#8220;J\u00e1 t\u00ednhamos acordado para o digital, mas realmente a pandemia acelerou essa mudan\u00e7a&#8221;, diz Sep\u00falveda.<\/p>\n\t<p>\n\t\t<a href=\"https:\/\/lp.suno.com.br\/ebook-como-analisar-uma-acao\/\" target=\"_blank\" data-element=\"shortcode-suno-banner\" title=\"Banner SUNO, clique e saiba mais\">\n\t\t\t<picture>\n\t\t\t\t<source media=\"(max-width: 500px)\" srcset=\"https:\/\/files.sunoresearch.com.br\/n\/uploads\/2023\/03\/Ebook-Acoes-Mobile-1.jpg\">\n\t\t\t\t<img class=\"newsContent__article__imgCapa newsContent__article__imgCapa--banner\"\n\t\t\t\t\tsrc=\"https:\/\/files.sunoresearch.com.br\/n\/uploads\/2023\/03\/Ebook-Acoes-Desktop-1.jpg\"\n\t\t\t\t\tdata-promo-id=\"171998\"\t\t\t\t\t\t\t\t\t\twidth='1420' height='286'\t\t\t\t\talt=\"https:\/\/files.sunoresearch.com.br\/n\/uploads\/2023\/03\/Ebook-Acoes-Desktop-1.jpg\"\n\t\t\t\t>\n\t\t\t<\/picture>\n\t\t<\/a>\n\t<\/p>\n\n\n<p>As 139 lojas tradicionais passaram por uma reforma radical no modo de operar para se consolidar num formato multicanal. Os vendedores passaram a ser consultores e ficaram respons\u00e1veis pela venda como um todo, da escolha do produto na loja f\u00edsica ou no meio online at\u00e9 o <strong>pagamento<\/strong>.<\/p>\n<p>As vendas online e as das lojas f\u00edsicas passaram a atuar de forma integrada, com o consumidor podendo comprar no site e retirar na loja ou escolher na loja e comprar no site com o e-commerce.<\/p>\n<p>Al\u00e9m disso, as lojas viraram minicentros de distribui\u00e7\u00e3o, dando mais agilidade \u00e0s entregas das compras feitas online. &#8220;Hoje nas capitais entregamos as compras online em at\u00e9 duas horas&#8221;, diz o diretor.<\/p>\n<p>A transforma\u00e7\u00e3o da 139 lojas f\u00edsicas tradicionais para o formato multicanal custaram \u00e0 companhia R$ 75 milh\u00f5es. No m\u00eas passado, a varejista retomou o plano de abertura de lojas. Foram cinco novos pontos de venda em setembro. &#8220;Queremos aumentar a capilaridade nos Estados onde estamos&#8221;, diz Sepulveda.<\/p>\n<p>A empresa, que neste ano deve faturar R$ 1,2 bilh\u00e3o, quer abrir mais tr\u00eas lojas at\u00e9 dezembro e 20 no ano que vem, com o <strong>e-commerce<\/strong> como aliado.<\/p>\n<p><em>(Com informa\u00e7\u00f5es do Estad\u00e3o Conte\u00fado)<\/em><\/p>\n\t<p>\n\t\t<a href=\"\" target=\"_blank\" data-element=\"shortcode-suno-banner\" title=\"Banner SUNO, clique e saiba mais\">\n\t\t\t<picture>\n\t\t\t\t<source media=\"(max-width: 500px)\" srcset=\"\">\n\t\t\t\t<img class=\"newsContent__article__imgCapa newsContent__article__imgCapa--banner\"\n\t\t\t\t\tsrc=\"\"\n\t\t\t\t\tdata-promo-id=\"184190\"\t\t\t\t\t\t\t\t\t\t\t\t\t\t\talt=\"\"\n\t\t\t\t>\n\t\t\t<\/picture>\n\t\t<\/a>\n\t<\/p>\n\n\n","protected":false},"excerpt":{"rendered":"<p>A pandemia provocou um salto na participa\u00e7\u00e3o das vendas online no faturamento das empresas do com\u00e9rcio varejista brasileiro. Antes da crise sanit\u00e1ria que obrigou o fechamento das lojas f\u00edsicas, o e-commerce representava, em m\u00e9dia, 9,2% da receita. Investimento. Foto: Pixabay Em julho do ano passado, por\u00e9m, com apenas quatro meses de pandemia, essa marca mais [&hellip;]<\/p>\n","protected":false},"author":24,"featured_media":194381,"comment_status":"closed","ping_status":"closed","sticky":false,"template":"","format":"standard","meta":[],"categories":[62],"tags":[740,803],"suno_strategy":[],"class_list":["post-194362","post","type-post","status-publish","format-standard","has-post-thumbnail","hentry","category-economia","tag-economia","tag-varejo"],"yoast_head":"<!-- This site is optimized with the Yoast SEO plugin v24.4 - https:\/\/yoast.com\/wordpress\/plugins\/seo\/ -->\n<title>E-commerce mais que dobra e representa 21% das vendas no Brasil<\/title>\n<meta name=\"description\" content=\"A pandemia provocou um salto na participa\u00e7\u00e3o do e-commerce no faturamento das empresas do com\u00e9rcio varejista brasileiro. Saiba mais.\" \/>\n<meta name=\"robots\" content=\"index, follow, max-snippet:-1, max-image-preview:large, max-video-preview:-1\" \/>\n<link rel=\"canonical\" href=\"https:\/\/www.suno.com.br\/noticias\/e-commerce-dobra-pandemia-brasil\/\" \/>\n<meta property=\"og:locale\" content=\"pt_BR\" \/>\n<meta property=\"og:type\" content=\"article\" \/>\n<meta property=\"og:title\" content=\"E-commerce mais que dobra e representa 21% das vendas no Brasil\" \/>\n<meta property=\"og:description\" content=\"A pandemia provocou um salto na participa\u00e7\u00e3o do e-commerce no faturamento das empresas do com\u00e9rcio varejista brasileiro. Saiba mais.\" \/>\n<meta property=\"og:url\" content=\"https:\/\/www.suno.com.br\/noticias\/e-commerce-dobra-pandemia-brasil\/\" \/>\n<meta property=\"og:site_name\" content=\"Suno Not\u00edcias\" \/>\n<meta property=\"article:publisher\" content=\"https:\/\/facebook.com\/sunoresearch\" \/>\n<meta property=\"og:image\" content=\"https:\/\/files.sunoresearch.com.br\/n\/uploads\/2021\/10\/payment-g1f5faeb80_1920.jpg\" \/>\n\t<meta property=\"og:image:width\" content=\"1920\" \/>\n\t<meta property=\"og:image:height\" content=\"1280\" \/>\n\t<meta property=\"og:image:type\" content=\"image\/jpeg\" \/>\n<meta name=\"author\" content=\"Jader Lazarini\" \/>\n<meta name=\"twitter:card\" content=\"summary_large_image\" \/>\n<meta name=\"twitter:creator\" content=\"@sunoresearch\" \/>\n<meta name=\"twitter:site\" content=\"@sunoresearch\" \/>\n<meta name=\"twitter:label1\" content=\"Escrito por\" \/>\n\t<meta name=\"twitter:data1\" content=\"Jader Lazarini\" \/>\n\t<meta name=\"twitter:label2\" content=\"Est. tempo de leitura\" \/>\n\t<meta name=\"twitter:data2\" content=\"5 minutos\" \/>\n<script type=\"application\/ld+json\" class=\"yoast-schema-graph\">{\"@context\":\"https:\/\/schema.org\",\"@graph\":[{\"@type\":\"NewsArticle\",\"@id\":\"https:\/\/www.suno.com.br\/noticias\/e-commerce-dobra-pandemia-brasil\/#article\",\"isPartOf\":{\"@id\":\"https:\/\/www.suno.com.br\/noticias\/e-commerce-dobra-pandemia-brasil\/\"},\"author\":{\"name\":\"Jader Lazarini\",\"@id\":\"https:\/\/www.suno.com.br\/noticias\/#\/schema\/person\/918d79de1f0281f01599b93f9ea6e23f\"},\"headline\":\"E-commerce mais que dobra e representa 21% das vendas no Brasil\",\"datePublished\":\"2021-10-17T14:13:37+00:00\",\"dateModified\":\"2021-10-17T14:13:46+00:00\",\"mainEntityOfPage\":{\"@id\":\"https:\/\/www.suno.com.br\/noticias\/e-commerce-dobra-pandemia-brasil\/\"},\"wordCount\":1129,\"publisher\":{\"@id\":\"https:\/\/www.suno.com.br\/noticias\/#organization\"},\"image\":{\"@id\":\"https:\/\/www.suno.com.br\/noticias\/e-commerce-dobra-pandemia-brasil\/#primaryimage\"},\"thumbnailUrl\":\"https:\/\/files.sunoresearch.com.br\/n\/uploads\/2021\/10\/payment-g1f5faeb80_1920.jpg\",\"keywords\":[\"Economia\",\"varejo\"],\"articleSection\":[\"Economia\"],\"inLanguage\":\"pt-BR\"},{\"@type\":\"WebPage\",\"@id\":\"https:\/\/www.suno.com.br\/noticias\/e-commerce-dobra-pandemia-brasil\/\",\"url\":\"https:\/\/www.suno.com.br\/noticias\/e-commerce-dobra-pandemia-brasil\/\",\"name\":\"E-commerce mais que dobra e representa 21% das vendas no Brasil\",\"isPartOf\":{\"@id\":\"https:\/\/www.suno.com.br\/noticias\/#website\"},\"primaryImageOfPage\":{\"@id\":\"https:\/\/www.suno.com.br\/noticias\/e-commerce-dobra-pandemia-brasil\/#primaryimage\"},\"image\":{\"@id\":\"https:\/\/www.suno.com.br\/noticias\/e-commerce-dobra-pandemia-brasil\/#primaryimage\"},\"thumbnailUrl\":\"https:\/\/files.sunoresearch.com.br\/n\/uploads\/2021\/10\/payment-g1f5faeb80_1920.jpg\",\"datePublished\":\"2021-10-17T14:13:37+00:00\",\"dateModified\":\"2021-10-17T14:13:46+00:00\",\"description\":\"A pandemia provocou um salto na participa\u00e7\u00e3o do e-commerce no faturamento das empresas do com\u00e9rcio varejista brasileiro. Saiba mais.\",\"breadcrumb\":{\"@id\":\"https:\/\/www.suno.com.br\/noticias\/e-commerce-dobra-pandemia-brasil\/#breadcrumb\"},\"inLanguage\":\"pt-BR\",\"potentialAction\":[{\"@type\":\"ReadAction\",\"target\":[\"https:\/\/www.suno.com.br\/noticias\/e-commerce-dobra-pandemia-brasil\/\"]}]},{\"@type\":\"ImageObject\",\"inLanguage\":\"pt-BR\",\"@id\":\"https:\/\/www.suno.com.br\/noticias\/e-commerce-dobra-pandemia-brasil\/#primaryimage\",\"url\":\"https:\/\/files.sunoresearch.com.br\/n\/uploads\/2021\/10\/payment-g1f5faeb80_1920.jpg\",\"contentUrl\":\"https:\/\/files.sunoresearch.com.br\/n\/uploads\/2021\/10\/payment-g1f5faeb80_1920.jpg\",\"width\":1920,\"height\":1280,\"caption\":\"Investimento. Foto: Pixabay\"},{\"@type\":\"BreadcrumbList\",\"@id\":\"https:\/\/www.suno.com.br\/noticias\/e-commerce-dobra-pandemia-brasil\/#breadcrumb\",\"itemListElement\":[{\"@type\":\"ListItem\",\"position\":1,\"name\":\"Not\u00edcias\",\"item\":\"https:\/\/www.suno.com.br\/noticias\/\"},{\"@type\":\"ListItem\",\"position\":2,\"name\":\"Economia\",\"item\":\"https:\/\/www.suno.com.br\/noticias\/economia\/\"},{\"@type\":\"ListItem\",\"position\":3,\"name\":\"E-commerce mais que dobra e representa 21% das vendas no Brasil\"}]},{\"@type\":\"WebSite\",\"@id\":\"https:\/\/www.suno.com.br\/noticias\/#website\",\"url\":\"https:\/\/www.suno.com.br\/noticias\/\",\"name\":\"Suno Not\u00edcias\",\"description\":\"Seu portal de informa\u00e7\u00e3o sobre o mundo dos investimentos\",\"publisher\":{\"@id\":\"https:\/\/www.suno.com.br\/noticias\/#organization\"},\"potentialAction\":[{\"@type\":\"SearchAction\",\"target\":{\"@type\":\"EntryPoint\",\"urlTemplate\":\"https:\/\/www.suno.com.br\/noticias\/?s={search_term_string}\"},\"query-input\":{\"@type\":\"PropertyValueSpecification\",\"valueRequired\":true,\"valueName\":\"search_term_string\"}}],\"inLanguage\":\"pt-BR\"},{\"@type\":\"Organization\",\"@id\":\"https:\/\/www.suno.com.br\/noticias\/#organization\",\"name\":\"Suno Not\u00edcias\",\"url\":\"https:\/\/www.suno.com.br\/noticias\/\",\"logo\":{\"@type\":\"ImageObject\",\"inLanguage\":\"pt-BR\",\"@id\":\"https:\/\/www.suno.com.br\/noticias\/#\/schema\/logo\/image\/\",\"url\":\"https:\/\/files.sunoresearch.com.br\/n\/uploads\/2021\/09\/suno-logo.png\",\"contentUrl\":\"https:\/\/files.sunoresearch.com.br\/n\/uploads\/2021\/09\/suno-logo.png\",\"width\":180,\"height\":180,\"caption\":\"Suno Not\u00edcias\"},\"image\":{\"@id\":\"https:\/\/www.suno.com.br\/noticias\/#\/schema\/logo\/image\/\"},\"sameAs\":[\"https:\/\/facebook.com\/sunoresearch\",\"https:\/\/x.com\/sunoresearch\",\"https:\/\/www.instagram.com\/suno\",\"https:\/\/www.linkedin.com\/company\/suno-research\/\",\"https:\/\/www.youtube.com\/c\/sunoresearch\"]},{\"@type\":\"Person\",\"@id\":\"https:\/\/www.suno.com.br\/noticias\/#\/schema\/person\/918d79de1f0281f01599b93f9ea6e23f\",\"name\":\"Jader Lazarini\",\"image\":{\"@type\":\"ImageObject\",\"inLanguage\":\"pt-BR\",\"@id\":\"https:\/\/www.suno.com.br\/noticias\/#\/schema\/person\/image\/\",\"url\":\"https:\/\/secure.gravatar.com\/avatar\/3c1ad8caa51589841baeb923fcddea97?s=96&r=g\",\"contentUrl\":\"https:\/\/secure.gravatar.com\/avatar\/3c1ad8caa51589841baeb923fcddea97?s=96&r=g\",\"caption\":\"Jader Lazarini\"},\"description\":\"Jader Lazarini escreve sobre investimentos, finan\u00e7as, economia e neg\u00f3cios. \u00c9 bacharel em Rela\u00e7\u00f5es Internacionais e analista CNPI (2619).\",\"url\":\"https:\/\/www.suno.com.br\/noticias\/author\/jader-lazarini\/\"}]}<\/script>\n<!-- \/ Yoast SEO plugin. -->","yoast_head_json":{"title":"E-commerce mais que dobra e representa 21% das vendas no Brasil","description":"A pandemia provocou um salto na participa\u00e7\u00e3o do e-commerce no faturamento das empresas do com\u00e9rcio varejista brasileiro. Saiba mais.","robots":{"index":"index","follow":"follow","max-snippet":"max-snippet:-1","max-image-preview":"max-image-preview:large","max-video-preview":"max-video-preview:-1"},"canonical":"https:\/\/www.suno.com.br\/noticias\/e-commerce-dobra-pandemia-brasil\/","og_locale":"pt_BR","og_type":"article","og_title":"E-commerce mais que dobra e representa 21% das vendas no Brasil","og_description":"A pandemia provocou um salto na participa\u00e7\u00e3o do e-commerce no faturamento das empresas do com\u00e9rcio varejista brasileiro. Saiba mais.","og_url":"https:\/\/www.suno.com.br\/noticias\/e-commerce-dobra-pandemia-brasil\/","og_site_name":"Suno Not\u00edcias","article_publisher":"https:\/\/facebook.com\/sunoresearch","og_image":[{"width":1920,"height":1280,"url":"https:\/\/files.sunoresearch.com.br\/n\/uploads\/2021\/10\/payment-g1f5faeb80_1920.jpg","type":"image\/jpeg"}],"author":"Jader Lazarini","twitter_card":"summary_large_image","twitter_creator":"@sunoresearch","twitter_site":"@sunoresearch","twitter_misc":{"Escrito por":"Jader Lazarini","Est. tempo de leitura":"5 minutos"},"schema":{"@context":"https:\/\/schema.org","@graph":[{"@type":"NewsArticle","@id":"https:\/\/www.suno.com.br\/noticias\/e-commerce-dobra-pandemia-brasil\/#article","isPartOf":{"@id":"https:\/\/www.suno.com.br\/noticias\/e-commerce-dobra-pandemia-brasil\/"},"author":{"name":"Jader Lazarini","@id":"https:\/\/www.suno.com.br\/noticias\/#\/schema\/person\/918d79de1f0281f01599b93f9ea6e23f"},"headline":"E-commerce mais que dobra e representa 21% das vendas no Brasil","datePublished":"2021-10-17T14:13:37+00:00","dateModified":"2021-10-17T14:13:46+00:00","mainEntityOfPage":{"@id":"https:\/\/www.suno.com.br\/noticias\/e-commerce-dobra-pandemia-brasil\/"},"wordCount":1129,"publisher":{"@id":"https:\/\/www.suno.com.br\/noticias\/#organization"},"image":{"@id":"https:\/\/www.suno.com.br\/noticias\/e-commerce-dobra-pandemia-brasil\/#primaryimage"},"thumbnailUrl":"https:\/\/files.sunoresearch.com.br\/n\/uploads\/2021\/10\/payment-g1f5faeb80_1920.jpg","keywords":["Economia","varejo"],"articleSection":["Economia"],"inLanguage":"pt-BR"},{"@type":"WebPage","@id":"https:\/\/www.suno.com.br\/noticias\/e-commerce-dobra-pandemia-brasil\/","url":"https:\/\/www.suno.com.br\/noticias\/e-commerce-dobra-pandemia-brasil\/","name":"E-commerce mais que dobra e representa 21% das vendas no Brasil","isPartOf":{"@id":"https:\/\/www.suno.com.br\/noticias\/#website"},"primaryImageOfPage":{"@id":"https:\/\/www.suno.com.br\/noticias\/e-commerce-dobra-pandemia-brasil\/#primaryimage"},"image":{"@id":"https:\/\/www.suno.com.br\/noticias\/e-commerce-dobra-pandemia-brasil\/#primaryimage"},"thumbnailUrl":"https:\/\/files.sunoresearch.com.br\/n\/uploads\/2021\/10\/payment-g1f5faeb80_1920.jpg","datePublished":"2021-10-17T14:13:37+00:00","dateModified":"2021-10-17T14:13:46+00:00","description":"A pandemia provocou um salto na participa\u00e7\u00e3o do e-commerce no faturamento das empresas do com\u00e9rcio varejista brasileiro. Saiba mais.","breadcrumb":{"@id":"https:\/\/www.suno.com.br\/noticias\/e-commerce-dobra-pandemia-brasil\/#breadcrumb"},"inLanguage":"pt-BR","potentialAction":[{"@type":"ReadAction","target":["https:\/\/www.suno.com.br\/noticias\/e-commerce-dobra-pandemia-brasil\/"]}]},{"@type":"ImageObject","inLanguage":"pt-BR","@id":"https:\/\/www.suno.com.br\/noticias\/e-commerce-dobra-pandemia-brasil\/#primaryimage","url":"https:\/\/files.sunoresearch.com.br\/n\/uploads\/2021\/10\/payment-g1f5faeb80_1920.jpg","contentUrl":"https:\/\/files.sunoresearch.com.br\/n\/uploads\/2021\/10\/payment-g1f5faeb80_1920.jpg","width":1920,"height":1280,"caption":"Investimento. Foto: Pixabay"},{"@type":"BreadcrumbList","@id":"https:\/\/www.suno.com.br\/noticias\/e-commerce-dobra-pandemia-brasil\/#breadcrumb","itemListElement":[{"@type":"ListItem","position":1,"name":"Not\u00edcias","item":"https:\/\/www.suno.com.br\/noticias\/"},{"@type":"ListItem","position":2,"name":"Economia","item":"https:\/\/www.suno.com.br\/noticias\/economia\/"},{"@type":"ListItem","position":3,"name":"E-commerce mais que dobra e representa 21% das vendas no Brasil"}]},{"@type":"WebSite","@id":"https:\/\/www.suno.com.br\/noticias\/#website","url":"https:\/\/www.suno.com.br\/noticias\/","name":"Suno Not\u00edcias","description":"Seu portal de informa\u00e7\u00e3o sobre o mundo dos investimentos","publisher":{"@id":"https:\/\/www.suno.com.br\/noticias\/#organization"},"potentialAction":[{"@type":"SearchAction","target":{"@type":"EntryPoint","urlTemplate":"https:\/\/www.suno.com.br\/noticias\/?s={search_term_string}"},"query-input":{"@type":"PropertyValueSpecification","valueRequired":true,"valueName":"search_term_string"}}],"inLanguage":"pt-BR"},{"@type":"Organization","@id":"https:\/\/www.suno.com.br\/noticias\/#organization","name":"Suno Not\u00edcias","url":"https:\/\/www.suno.com.br\/noticias\/","logo":{"@type":"ImageObject","inLanguage":"pt-BR","@id":"https:\/\/www.suno.com.br\/noticias\/#\/schema\/logo\/image\/","url":"https:\/\/files.sunoresearch.com.br\/n\/uploads\/2021\/09\/suno-logo.png","contentUrl":"https:\/\/files.sunoresearch.com.br\/n\/uploads\/2021\/09\/suno-logo.png","width":180,"height":180,"caption":"Suno Not\u00edcias"},"image":{"@id":"https:\/\/www.suno.com.br\/noticias\/#\/schema\/logo\/image\/"},"sameAs":["https:\/\/facebook.com\/sunoresearch","https:\/\/x.com\/sunoresearch","https:\/\/www.instagram.com\/suno","https:\/\/www.linkedin.com\/company\/suno-research\/","https:\/\/www.youtube.com\/c\/sunoresearch"]},{"@type":"Person","@id":"https:\/\/www.suno.com.br\/noticias\/#\/schema\/person\/918d79de1f0281f01599b93f9ea6e23f","name":"Jader Lazarini","image":{"@type":"ImageObject","inLanguage":"pt-BR","@id":"https:\/\/www.suno.com.br\/noticias\/#\/schema\/person\/image\/","url":"https:\/\/secure.gravatar.com\/avatar\/3c1ad8caa51589841baeb923fcddea97?s=96&r=g","contentUrl":"https:\/\/secure.gravatar.com\/avatar\/3c1ad8caa51589841baeb923fcddea97?s=96&r=g","caption":"Jader Lazarini"},"description":"Jader Lazarini escreve sobre investimentos, finan\u00e7as, economia e neg\u00f3cios. \u00c9 bacharel em Rela\u00e7\u00f5es Internacionais e analista CNPI (2619).","url":"https:\/\/www.suno.com.br\/noticias\/author\/jader-lazarini\/"}]}},"default_loop_html":"<div class=\"cardsPage__listCard__boxs\"><div class=\"cardsPage__listCard__boxs__img\"><a href=\"https:\/\/www.suno.com.br\/noticias\/e-commerce-dobra-pandemia-brasil\/\"><img class=\"mask\" src=\"https:\/\/www.suno.com.br\/noticias\/wp-content\/themes\/suno\/resources\/images\/spotlight\/spotlight1img\/bg-mask.png\" alt=\"Image Mask\"\/><img src=\"https:\/\/files.sunoresearch.com.br\/n\/uploads\/2021\/10\/payment-g1f5faeb80_1920-400x200.jpg\" alt=\"E-commerce mais que dobra e representa 21% das vendas no Brasil\"\/><\/a><span class=\"spotlightCategory\"><a href=\"https:\/\/www.suno.com.br\/noticias\/economia\/\">Economia<\/a><\/span><\/div><div class=\"cardsPage__listCard__boxs__content\"><a href=\"https:\/\/www.suno.com.br\/noticias\/e-commerce-dobra-pandemia-brasil\/\"><h2 class=\"content__title\">E-commerce mais que dobra e representa 21% das vendas no Brasil<\/h2><\/a><div class=\"newsContent__article__meta\"><div class=\"newsContent__article__meta__authorBox\"><a href=\"https:\/\/www.suno.com.br\/noticias\/author\/jader-lazarini\/\" class=\"authorBox__avatar noMobi\"><img src=\"https:\/\/files.sunoresearch.com.br\/n\/uploads\/2021\/01\/178e6598-foto-perfil-2-150x150.jpg\" alt=\"Jader Lazarini\"><\/a><div class=\"authorBox__name\"><span>por\n\t\t\t<a href=\"https:\/\/www.suno.com.br\/noticias\/author\/jader-lazarini\/\"><span itemprop=\"author\">Jader Lazarini<\/span><\/a><\/span><time datetime=\"2021-10-17T11:13:37-03:00\" itemprop=\"datePublished\">17\/10\/2021 11:13<\/time><\/div><\/div><\/div><\/div><\/div>","single_layout":"posts","amp_enabled":true,"_links":{"self":[{"href":"https:\/\/www.suno.com.br\/noticias\/wp-json\/wp\/v2\/posts\/194362"}],"collection":[{"href":"https:\/\/www.suno.com.br\/noticias\/wp-json\/wp\/v2\/posts"}],"about":[{"href":"https:\/\/www.suno.com.br\/noticias\/wp-json\/wp\/v2\/types\/post"}],"author":[{"embeddable":true,"href":"https:\/\/www.suno.com.br\/noticias\/wp-json\/wp\/v2\/users\/24"}],"replies":[{"embeddable":true,"href":"https:\/\/www.suno.com.br\/noticias\/wp-json\/wp\/v2\/comments?post=194362"}],"version-history":[{"count":3,"href":"https:\/\/www.suno.com.br\/noticias\/wp-json\/wp\/v2\/posts\/194362\/revisions"}],"predecessor-version":[{"id":194383,"href":"https:\/\/www.suno.com.br\/noticias\/wp-json\/wp\/v2\/posts\/194362\/revisions\/194383"}],"wp:featuredmedia":[{"embeddable":true,"href":"https:\/\/www.suno.com.br\/noticias\/wp-json\/wp\/v2\/media\/194381"}],"wp:attachment":[{"href":"https:\/\/www.suno.com.br\/noticias\/wp-json\/wp\/v2\/media?parent=194362"}],"wp:term":[{"taxonomy":"category","embeddable":true,"href":"https:\/\/www.suno.com.br\/noticias\/wp-json\/wp\/v2\/categories?post=194362"},{"taxonomy":"post_tag","embeddable":true,"href":"https:\/\/www.suno.com.br\/noticias\/wp-json\/wp\/v2\/tags?post=194362"},{"taxonomy":"suno_strategy","embeddable":true,"href":"https:\/\/www.suno.com.br\/noticias\/wp-json\/wp\/v2\/suno_strategy?post=194362"}],"curies":[{"name":"wp","href":"https:\/\/api.w.org\/{rel}","templated":true}]}}