{"id":194361,"date":"2021-10-17T12:59:10","date_gmt":"2021-10-17T15:59:10","guid":{"rendered":"https:\/\/www.suno.com.br\/noticias\/?p=194361"},"modified":"2021-10-17T12:59:22","modified_gmt":"2021-10-17T15:59:22","slug":"uniao-saida-tcu-privatizacao-aeroportos","status":"publish","type":"post","link":"https:\/\/www.suno.com.br\/noticias\/uniao-saida-tcu-privatizacao-aeroportos\/","title":{"rendered":"Uni\u00e3o procura encontrar sa\u00edda para privatiza\u00e7\u00e3o de aeroportos"},"content":{"rendered":"<p>Com potencial de afetar outros processos de relicita\u00e7\u00e3o na \u00e1rea de infraestrutura, uma decis\u00e3o recente do Tribunal de Contas da Uni\u00e3o (TCU) em torno do novo leil\u00e3o para a <strong>privatiza\u00e7\u00e3o<\/strong> do Aeroporto Internacional de Natal, em S\u00e3o Gon\u00e7alo do Amarante (RN), obrigou o governo a negociar uma sa\u00edda. Em devolu\u00e7\u00e3o pela concession\u00e1ria, o terminal ser\u00e1 novamente leiloado \u00e0 <a class=\"suno-keyword\" href=\"https:\/\/www.suno.com.br\/artigos\/iniciativa-privada\/\" target=\"_blank\" rel=\"noopener\" data-force=\"no\" data-priority=\"1\">iniciativa privada<\/a>.<\/p>\t<div class=\"wrapper-featured-image\">\n\t\t<figure class=\"spotlightImg\">\n\n\t\t\t<picture>\n\t\t\t\t<source media=\"(max-width: 768px)\" srcset=\"https:\/\/files.sunoresearch.com.br\/n\/uploads\/2021\/10\/airport-g7aac90f75_1920-400x200.jpg\">\n\t\t\t\t<img loading=\"lazy\" decoding=\"async\" class=\"newsContent__article__imgCapa lazyloadDisabled \" src=\"https:\/\/files.sunoresearch.com.br\/n\/uploads\/2021\/10\/airport-g7aac90f75_1920-800x450.jpg\" width=\"800\" height=\"450\" alt=\"Uni\u00e3o procura encontrar sa\u00edda para privatiza\u00e7\u00e3o de aeroportos\" fetchpriority=high \/>\n\t\t\t<\/picture>\n\n\t\t\t<figcaption class=\"wp-caption-text wp-caption-text--show\">Aeroporto. Foto: Pixabay<\/figcaption>\n\t\t<\/figure>\n\t<\/div>\n\n\n\t<p>\n\t\t<a href=\"https:\/\/lp.suno.com.br\/planilha-controle-gastos\/\" target=\"_blank\" data-element=\"shortcode-suno-banner\" title=\"Banner SUNO, clique e saiba mais\">\n\t\t\t<picture>\n\t\t\t\t<source media=\"(max-width: 500px)\" srcset=\"https:\/\/files.sunoresearch.com.br\/n\/uploads\/2023\/03\/400x300-Planilha-controle-de-gastos.png\">\n\t\t\t\t<img class=\"newsContent__article__imgCapa newsContent__article__imgCapa--banner\"\n\t\t\t\t\tsrc=\"https:\/\/files.sunoresearch.com.br\/n\/uploads\/2023\/03\/1420x240-Planilha-controle-de-gastos.png\"\n\t\t\t\t\tdata-promo-id=\"101751\"\t\t\t\t\t\t\t\t\t\twidth='1420' height='240'\t\t\t\t\talt=\"https:\/\/files.sunoresearch.com.br\/n\/uploads\/2023\/03\/1420x240-Planilha-controle-de-gastos.png\"\n\t\t\t\t>\n\t\t\t<\/picture>\n\t\t<\/a>\n\t<\/p>\n\n\n<p>Para isso, por\u00e9m, a Uni\u00e3o precisa fazer um acerto de contas com a Inframerica, hoje respons\u00e1vel pela opera\u00e7\u00e3o. O processo de relicita\u00e7\u00e3o est\u00e1 parado no <strong>TCU<\/strong> \u00e0 espera de uma defini\u00e7\u00e3o sobre o<strong> valor de indeniza\u00e7\u00e3o<\/strong>.<\/p>\n<p>O Executivo planeja usar a outorga obtida no novo leil\u00e3o para fazer esse pagamento. Em decis\u00e3o recente, o ministro do TCU Aroldo Cedraz entendeu que o valor a ser pago \u00e0 concession\u00e1ria deve estar fechado antes de o governo avan\u00e7ar com a nova concorr\u00eancia. Com isso, a nova concess\u00e3o corre o risco de demorar anos para sair.<\/p>\n<p>A possibilidade alarma n\u00e3o s\u00f3 o governo, mas tamb\u00e9m o <strong>setor de infraestrutura<\/strong>, que teme que tal entendimento seja replicado em novas licita\u00e7\u00f5es que est\u00e3o a caminho. \u00c9 o caso do aeroporto de<strong> Viracopos (SP)<\/strong>, que tamb\u00e9m passa por processo de devolu\u00e7\u00e3o.<\/p>\n<p>Desde j\u00e1, o impasse no TCU mexeu no cronograma do governo. Inicialmente, o plano era fazer o leil\u00e3o de S\u00e3o Gon\u00e7alo do Amarante ainda em dezembro, alternativa invi\u00e1vel no momento. &#8220;N\u00e3o d\u00e1 mais pra fazer leil\u00e3o neste ano muito provavelmente.<\/p>\n<p>Dezembro j\u00e1 n\u00e3o vai dar mais, vai depender de quando consegue destravar no tribunal&#8221;, disse ao Estad\u00e3o\/Broadcast o secret\u00e1rio Nacional de Avia\u00e7\u00e3o Civil do Minist\u00e9rio da Infraestrutura, Ronei Glanzmann.<\/p>\n\t<div data-element=\"shortcode-read-more\" class=\"knowMore\">\n\t\t\t\t<span class=\"knowMore__title\">Saiba mais<\/span>\n\t\t\t\t<a class=\"knowMore__link\" href=\"https:\/\/www.suno.com.br\/noticias\/vendas-no-varejo-caem-agosto\/\">\n\t\t\tVendas no varejo caem 3,1% em agosto, com queda de artigos de uso pessoal e dom\u00e9stico (-16%)\t\t<\/a>\n\t<\/div>\n\n\n<p>A estrat\u00e9gia adotada pelo governo e pela Ag\u00eancia Nacional de Avia\u00e7\u00e3o Civil (Anac) para a indeniza\u00e7\u00e3o foi vista com ceticismo entre <a class=\"suno-keyword\" href=\"https:\/\/www.suno.com.br\/artigos\/agentes-do-mercado\/\" target=\"_blank\" rel=\"noopener\" data-force=\"no\" data-priority=\"1\">agentes do mercado<\/a>.<\/p>\n<p>O montante apresentado ao TCU era uma estimativa com &#8220;baixo grau de seguran\u00e7a&#8221;, disse Cedraz na decis\u00e3o, o que pode n\u00e3o corresponder ao mesmo valor que ser\u00e1 calculado pela Anac. Ou seja, nem o que a ag\u00eancia entende que deve ser indenizado foi inclu\u00eddo no processo.<\/p>\n<p>A expectativa \u00e9 de que a finaliza\u00e7\u00e3o dos c\u00e1lculos ocorra s\u00f3 in\u00edcio de 2022.<\/p>\n<h2>Governo procura costurar sa\u00edda para privatiza\u00e7\u00e3o<\/h2>\n<p>Na busca por reverter a posi\u00e7\u00e3o do tribunal, Glanzmann afirmou que o governo tenta costurar uma sa\u00edda com o TCU. &#8220;As conversas t\u00eam caminhado bem nesse sentido&#8221;, disse o secret\u00e1rio. A ideia \u00e9 que a Anac apresente sua &#8220;conta&#8221; da indeniza\u00e7\u00e3o e que, a partir disso, o TCU possa destravar a relicita\u00e7\u00e3o.<\/p>\n<p>Em seguida, o valor precisaria passar por uma auditoria para que, no momento de assinatura do contrato com a nova concession\u00e1ria, esse montante &#8220;incontroverso&#8221; esteja fechado.<\/p>\n<p>&#8220;Vamos fazendo passo a passo e o TCU vai fiscalizando passo a passo, de modo que o incontroverso tem de estar fechado como condi\u00e7\u00e3o para a assinatura do contrato&#8221;, disse Glanzmann.<\/p>\n\t<p>\n\t\t<a href=\"https:\/\/lp.suno.com.br\/planilha-da-vida-financeira\/\" target=\"_blank\" data-element=\"shortcode-suno-banner\" title=\"Banner SUNO, clique e saiba mais\">\n\t\t\t<picture>\n\t\t\t\t<source media=\"(max-width: 500px)\" srcset=\"https:\/\/files.sunoresearch.com.br\/n\/uploads\/2023\/04\/400x300-Planilha-vida-financeira-true.png\">\n\t\t\t\t<img class=\"newsContent__article__imgCapa newsContent__article__imgCapa--banner\"\n\t\t\t\t\tsrc=\"https:\/\/files.sunoresearch.com.br\/n\/uploads\/2023\/04\/1420x240-Planilha-vida-financeira-true.png\"\n\t\t\t\t\tdata-promo-id=\"106682\"\t\t\t\t\t\t\t\t\t\twidth='1420' height='240'\t\t\t\t\talt=\"https:\/\/files.sunoresearch.com.br\/n\/uploads\/2023\/04\/1420x240-Planilha-vida-financeira-true.png\"\n\t\t\t\t>\n\t\t\t<\/picture>\n\t\t<\/a>\n\t<\/p>\n\n\n<p>Se a antiga concession\u00e1ria entender que o valor da indeniza\u00e7\u00e3o tem de ser maior, essa diferen\u00e7a \u00e9 discutida num ambiente de arbitragem. Mas, a esse ponto, o aeroporto j\u00e1 ter\u00e1 sido leiloado.<\/p>\n<p>Para Glanzmann, o ponto central \u00e9 que o certame n\u00e3o pode esperar a solu\u00e7\u00e3o definitiva da indeniza\u00e7\u00e3o. &#8220;Se eu n\u00e3o fa\u00e7o o leil\u00e3o, eu n\u00e3o fa\u00e7o a transi\u00e7\u00e3o, a\u00ed a conta n\u00e3o vai fechar nunca.<\/p>\n<p>A\u00ed o incontroverso n\u00e3o fecha. Se n\u00e3o fecho o incontroverso, n\u00e3o consigo abrir o controverso. Isso \u00e9 uma refer\u00eancia circular que vira um looping, n\u00e3o sai do lugar&#8221;, disse o secret\u00e1rio.<\/p>\n<p>Ainda que a Anac apresente seu c\u00e1lculo ao TCU e o incontroverso esteja resolvido at\u00e9 a assinatura do contrato, esse valor ainda n\u00e3o estar\u00e1 fechado no momento da publica\u00e7\u00e3o do edital, de acordo com Glanzmann. &#8220;S\u00f3 vai conseguir fechar o incontroverso nas v\u00e9speras da assinatura do novo contrato de concess\u00e3o.<\/p>\n<p>O edital vai prever que o poder concedente informar\u00e1 ao concession\u00e1rio quanto da oferta dele ele vai depositar na conta do concession\u00e1rio e quanto ele vai depositar na conta do Fnac. Porque o lance dele \u00e9 independente disso&#8221;, afirmou.<\/p>\n\t<p>\n\t\t<a href=\"https:\/\/lp.suno.com.br\/ebook-como-analisar-uma-acao\/\" target=\"_blank\" data-element=\"shortcode-suno-banner\" title=\"Banner SUNO, clique e saiba mais\">\n\t\t\t<picture>\n\t\t\t\t<source media=\"(max-width: 500px)\" srcset=\"https:\/\/files.sunoresearch.com.br\/n\/uploads\/2023\/03\/Ebook-Acoes-Mobile-1.jpg\">\n\t\t\t\t<img class=\"newsContent__article__imgCapa newsContent__article__imgCapa--banner\"\n\t\t\t\t\tsrc=\"https:\/\/files.sunoresearch.com.br\/n\/uploads\/2023\/03\/Ebook-Acoes-Desktop-1.jpg\"\n\t\t\t\t\tdata-promo-id=\"171998\"\t\t\t\t\t\t\t\t\t\twidth='1420' height='286'\t\t\t\t\talt=\"https:\/\/files.sunoresearch.com.br\/n\/uploads\/2023\/03\/Ebook-Acoes-Desktop-1.jpg\"\n\t\t\t\t>\n\t\t\t<\/picture>\n\t\t<\/a>\n\t<\/p>\n\n\n<p>Para Maur\u00edcio Portugal Ribeiro, especialista em regula\u00e7\u00e3o e <strong>equil\u00edbrio econ\u00f4mico-financeiro<\/strong> de contratos de concess\u00f5es comuns e PPPs, ser\u00e1 preocupante se prevalecer no TCU o entendimento de Cedraz, de que a relicita\u00e7\u00e3o deve esperar a resolu\u00e7\u00e3o definitiva de todos os d\u00e9bitos e cr\u00e9ditos da antiga operadora.<\/p>\n<p>&#8220;Se o TCU disser que tem de resolver todos os <strong>lit\u00edgios<\/strong> para s\u00f3 depois fazer a relicita\u00e7\u00e3o, a\u00ed voc\u00ea elimina o grande objetivo da relicita\u00e7\u00e3o, que \u00e9 assegurar a continuidade da presta\u00e7\u00e3o de servi\u00e7o por meio de inclus\u00e3o de novo concession\u00e1rio. O novo leil\u00e3o \u00e9 para resolver o problema do usu\u00e1rio&#8221;, disse.<\/p>\n<p>Por outro lado, na vis\u00e3o de Portugal, a sa\u00edda citada pelo secret\u00e1rio tamb\u00e9m n\u00e3o \u00e9 a solu\u00e7\u00e3o ideal. Na vis\u00e3o do advogado, o valor incontroverso deve estar presente j\u00e1 no edital do leil\u00e3o da <strong>privatiza\u00e7\u00e3o<\/strong>.<\/p>\n<p><em>(Com informa\u00e7\u00f5es do Estad\u00e3o Conte\u00fado)<\/em><\/p>\n","protected":false},"excerpt":{"rendered":"<p>Com potencial de afetar outros processos de relicita\u00e7\u00e3o na \u00e1rea de infraestrutura, uma decis\u00e3o recente do Tribunal de Contas da Uni\u00e3o (TCU) em torno do novo leil\u00e3o para a privatiza\u00e7\u00e3o do Aeroporto Internacional de Natal, em S\u00e3o Gon\u00e7alo do Amarante (RN), obrigou o governo a negociar uma sa\u00edda. Em devolu\u00e7\u00e3o pela concession\u00e1ria, o terminal ser\u00e1 [&hellip;]<\/p>\n","protected":false},"author":24,"featured_media":194386,"comment_status":"closed","ping_status":"closed","sticky":false,"template":"","format":"standard","meta":[],"categories":[62],"tags":[1556,909,945],"suno_strategy":[],"class_list":["post-194361","post","type-post","status-publish","format-standard","has-post-thumbnail","hentry","category-economia","tag-governo-federal","tag-ministerio-da-economia","tag-privatizacoes"],"yoast_head":"<!-- This site is optimized with the Yoast SEO plugin v24.4 - https:\/\/yoast.com\/wordpress\/plugins\/seo\/ -->\n<title>Uni\u00e3o procura encontrar sa\u00edda para privatiza\u00e7\u00e3o de aeroportos<\/title>\n<meta name=\"description\" content=\"Uma decis\u00e3o recente do TCU em torno da privatiza\u00e7\u00e3o do Aeroporto Internacional de Natal mostra-se ser um entrave. Confira.\" \/>\n<meta name=\"robots\" content=\"index, follow, max-snippet:-1, max-image-preview:large, max-video-preview:-1\" \/>\n<link rel=\"canonical\" href=\"https:\/\/www.suno.com.br\/noticias\/uniao-saida-tcu-privatizacao-aeroportos\/\" \/>\n<meta property=\"og:locale\" content=\"pt_BR\" \/>\n<meta property=\"og:type\" content=\"article\" \/>\n<meta property=\"og:title\" content=\"Uni\u00e3o procura encontrar sa\u00edda para privatiza\u00e7\u00e3o de aeroportos\" \/>\n<meta property=\"og:description\" content=\"Uma decis\u00e3o recente do TCU em torno da privatiza\u00e7\u00e3o do Aeroporto Internacional de Natal mostra-se ser um entrave. Confira.\" \/>\n<meta property=\"og:url\" content=\"https:\/\/www.suno.com.br\/noticias\/uniao-saida-tcu-privatizacao-aeroportos\/\" \/>\n<meta property=\"og:site_name\" content=\"Suno Not\u00edcias\" \/>\n<meta property=\"article:publisher\" content=\"https:\/\/facebook.com\/sunoresearch\" \/>\n<meta property=\"og:image\" content=\"https:\/\/files.sunoresearch.com.br\/n\/uploads\/2021\/10\/airport-g7aac90f75_1920.jpg\" \/>\n\t<meta property=\"og:image:width\" content=\"1920\" \/>\n\t<meta property=\"og:image:height\" content=\"1317\" \/>\n\t<meta property=\"og:image:type\" content=\"image\/jpeg\" \/>\n<meta name=\"author\" content=\"Jader Lazarini\" \/>\n<meta name=\"twitter:card\" content=\"summary_large_image\" \/>\n<meta name=\"twitter:creator\" content=\"@sunoresearch\" \/>\n<meta name=\"twitter:site\" content=\"@sunoresearch\" \/>\n<meta name=\"twitter:label1\" content=\"Escrito por\" \/>\n\t<meta name=\"twitter:data1\" content=\"Jader Lazarini\" \/>\n\t<meta name=\"twitter:label2\" content=\"Est. tempo de leitura\" \/>\n\t<meta name=\"twitter:data2\" content=\"4 minutos\" \/>\n<script type=\"application\/ld+json\" class=\"yoast-schema-graph\">{\"@context\":\"https:\/\/schema.org\",\"@graph\":[{\"@type\":\"NewsArticle\",\"@id\":\"https:\/\/www.suno.com.br\/noticias\/uniao-saida-tcu-privatizacao-aeroportos\/#article\",\"isPartOf\":{\"@id\":\"https:\/\/www.suno.com.br\/noticias\/uniao-saida-tcu-privatizacao-aeroportos\/\"},\"author\":{\"name\":\"Jader Lazarini\",\"@id\":\"https:\/\/www.suno.com.br\/noticias\/#\/schema\/person\/918d79de1f0281f01599b93f9ea6e23f\"},\"headline\":\"Uni\u00e3o procura encontrar sa\u00edda para privatiza\u00e7\u00e3o de aeroportos\",\"datePublished\":\"2021-10-17T15:59:10+00:00\",\"dateModified\":\"2021-10-17T15:59:22+00:00\",\"mainEntityOfPage\":{\"@id\":\"https:\/\/www.suno.com.br\/noticias\/uniao-saida-tcu-privatizacao-aeroportos\/\"},\"wordCount\":919,\"publisher\":{\"@id\":\"https:\/\/www.suno.com.br\/noticias\/#organization\"},\"image\":{\"@id\":\"https:\/\/www.suno.com.br\/noticias\/uniao-saida-tcu-privatizacao-aeroportos\/#primaryimage\"},\"thumbnailUrl\":\"https:\/\/files.sunoresearch.com.br\/n\/uploads\/2021\/10\/airport-g7aac90f75_1920.jpg\",\"keywords\":[\"governo federal\",\"Minist\u00e9rio da Economia\",\"privatiza\u00e7\u00f5es\"],\"articleSection\":[\"Economia\"],\"inLanguage\":\"pt-BR\"},{\"@type\":\"WebPage\",\"@id\":\"https:\/\/www.suno.com.br\/noticias\/uniao-saida-tcu-privatizacao-aeroportos\/\",\"url\":\"https:\/\/www.suno.com.br\/noticias\/uniao-saida-tcu-privatizacao-aeroportos\/\",\"name\":\"Uni\u00e3o procura encontrar sa\u00edda para privatiza\u00e7\u00e3o de aeroportos\",\"isPartOf\":{\"@id\":\"https:\/\/www.suno.com.br\/noticias\/#website\"},\"primaryImageOfPage\":{\"@id\":\"https:\/\/www.suno.com.br\/noticias\/uniao-saida-tcu-privatizacao-aeroportos\/#primaryimage\"},\"image\":{\"@id\":\"https:\/\/www.suno.com.br\/noticias\/uniao-saida-tcu-privatizacao-aeroportos\/#primaryimage\"},\"thumbnailUrl\":\"https:\/\/files.sunoresearch.com.br\/n\/uploads\/2021\/10\/airport-g7aac90f75_1920.jpg\",\"datePublished\":\"2021-10-17T15:59:10+00:00\",\"dateModified\":\"2021-10-17T15:59:22+00:00\",\"description\":\"Uma decis\u00e3o recente do TCU em torno da privatiza\u00e7\u00e3o do Aeroporto Internacional de Natal mostra-se ser um entrave. Confira.\",\"breadcrumb\":{\"@id\":\"https:\/\/www.suno.com.br\/noticias\/uniao-saida-tcu-privatizacao-aeroportos\/#breadcrumb\"},\"inLanguage\":\"pt-BR\",\"potentialAction\":[{\"@type\":\"ReadAction\",\"target\":[\"https:\/\/www.suno.com.br\/noticias\/uniao-saida-tcu-privatizacao-aeroportos\/\"]}]},{\"@type\":\"ImageObject\",\"inLanguage\":\"pt-BR\",\"@id\":\"https:\/\/www.suno.com.br\/noticias\/uniao-saida-tcu-privatizacao-aeroportos\/#primaryimage\",\"url\":\"https:\/\/files.sunoresearch.com.br\/n\/uploads\/2021\/10\/airport-g7aac90f75_1920.jpg\",\"contentUrl\":\"https:\/\/files.sunoresearch.com.br\/n\/uploads\/2021\/10\/airport-g7aac90f75_1920.jpg\",\"width\":1920,\"height\":1317,\"caption\":\"Aeroporto. Foto: Pixabay\"},{\"@type\":\"BreadcrumbList\",\"@id\":\"https:\/\/www.suno.com.br\/noticias\/uniao-saida-tcu-privatizacao-aeroportos\/#breadcrumb\",\"itemListElement\":[{\"@type\":\"ListItem\",\"position\":1,\"name\":\"Not\u00edcias\",\"item\":\"https:\/\/www.suno.com.br\/noticias\/\"},{\"@type\":\"ListItem\",\"position\":2,\"name\":\"Economia\",\"item\":\"https:\/\/www.suno.com.br\/noticias\/economia\/\"},{\"@type\":\"ListItem\",\"position\":3,\"name\":\"Uni\u00e3o procura encontrar sa\u00edda para privatiza\u00e7\u00e3o de aeroportos\"}]},{\"@type\":\"WebSite\",\"@id\":\"https:\/\/www.suno.com.br\/noticias\/#website\",\"url\":\"https:\/\/www.suno.com.br\/noticias\/\",\"name\":\"Suno Not\u00edcias\",\"description\":\"Seu portal de informa\u00e7\u00e3o sobre o mundo dos investimentos\",\"publisher\":{\"@id\":\"https:\/\/www.suno.com.br\/noticias\/#organization\"},\"potentialAction\":[{\"@type\":\"SearchAction\",\"target\":{\"@type\":\"EntryPoint\",\"urlTemplate\":\"https:\/\/www.suno.com.br\/noticias\/?s={search_term_string}\"},\"query-input\":{\"@type\":\"PropertyValueSpecification\",\"valueRequired\":true,\"valueName\":\"search_term_string\"}}],\"inLanguage\":\"pt-BR\"},{\"@type\":\"Organization\",\"@id\":\"https:\/\/www.suno.com.br\/noticias\/#organization\",\"name\":\"Suno Not\u00edcias\",\"url\":\"https:\/\/www.suno.com.br\/noticias\/\",\"logo\":{\"@type\":\"ImageObject\",\"inLanguage\":\"pt-BR\",\"@id\":\"https:\/\/www.suno.com.br\/noticias\/#\/schema\/logo\/image\/\",\"url\":\"https:\/\/files.sunoresearch.com.br\/n\/uploads\/2021\/09\/suno-logo.png\",\"contentUrl\":\"https:\/\/files.sunoresearch.com.br\/n\/uploads\/2021\/09\/suno-logo.png\",\"width\":180,\"height\":180,\"caption\":\"Suno Not\u00edcias\"},\"image\":{\"@id\":\"https:\/\/www.suno.com.br\/noticias\/#\/schema\/logo\/image\/\"},\"sameAs\":[\"https:\/\/facebook.com\/sunoresearch\",\"https:\/\/x.com\/sunoresearch\",\"https:\/\/www.instagram.com\/suno\",\"https:\/\/www.linkedin.com\/company\/suno-research\/\",\"https:\/\/www.youtube.com\/c\/sunoresearch\"]},{\"@type\":\"Person\",\"@id\":\"https:\/\/www.suno.com.br\/noticias\/#\/schema\/person\/918d79de1f0281f01599b93f9ea6e23f\",\"name\":\"Jader Lazarini\",\"image\":{\"@type\":\"ImageObject\",\"inLanguage\":\"pt-BR\",\"@id\":\"https:\/\/www.suno.com.br\/noticias\/#\/schema\/person\/image\/\",\"url\":\"https:\/\/secure.gravatar.com\/avatar\/3c1ad8caa51589841baeb923fcddea97?s=96&r=g\",\"contentUrl\":\"https:\/\/secure.gravatar.com\/avatar\/3c1ad8caa51589841baeb923fcddea97?s=96&r=g\",\"caption\":\"Jader Lazarini\"},\"description\":\"Jader Lazarini escreve sobre investimentos, finan\u00e7as, economia e neg\u00f3cios. \u00c9 bacharel em Rela\u00e7\u00f5es Internacionais e analista CNPI (2619).\",\"url\":\"https:\/\/www.suno.com.br\/noticias\/author\/jader-lazarini\/\"}]}<\/script>\n<!-- \/ Yoast SEO plugin. -->","yoast_head_json":{"title":"Uni\u00e3o procura encontrar sa\u00edda para privatiza\u00e7\u00e3o de aeroportos","description":"Uma decis\u00e3o recente do TCU em torno da privatiza\u00e7\u00e3o do Aeroporto Internacional de Natal mostra-se ser um entrave. Confira.","robots":{"index":"index","follow":"follow","max-snippet":"max-snippet:-1","max-image-preview":"max-image-preview:large","max-video-preview":"max-video-preview:-1"},"canonical":"https:\/\/www.suno.com.br\/noticias\/uniao-saida-tcu-privatizacao-aeroportos\/","og_locale":"pt_BR","og_type":"article","og_title":"Uni\u00e3o procura encontrar sa\u00edda para privatiza\u00e7\u00e3o de aeroportos","og_description":"Uma decis\u00e3o recente do TCU em torno da privatiza\u00e7\u00e3o do Aeroporto Internacional de Natal mostra-se ser um entrave. Confira.","og_url":"https:\/\/www.suno.com.br\/noticias\/uniao-saida-tcu-privatizacao-aeroportos\/","og_site_name":"Suno Not\u00edcias","article_publisher":"https:\/\/facebook.com\/sunoresearch","og_image":[{"width":1920,"height":1317,"url":"https:\/\/files.sunoresearch.com.br\/n\/uploads\/2021\/10\/airport-g7aac90f75_1920.jpg","type":"image\/jpeg"}],"author":"Jader Lazarini","twitter_card":"summary_large_image","twitter_creator":"@sunoresearch","twitter_site":"@sunoresearch","twitter_misc":{"Escrito por":"Jader Lazarini","Est. tempo de leitura":"4 minutos"},"schema":{"@context":"https:\/\/schema.org","@graph":[{"@type":"NewsArticle","@id":"https:\/\/www.suno.com.br\/noticias\/uniao-saida-tcu-privatizacao-aeroportos\/#article","isPartOf":{"@id":"https:\/\/www.suno.com.br\/noticias\/uniao-saida-tcu-privatizacao-aeroportos\/"},"author":{"name":"Jader Lazarini","@id":"https:\/\/www.suno.com.br\/noticias\/#\/schema\/person\/918d79de1f0281f01599b93f9ea6e23f"},"headline":"Uni\u00e3o procura encontrar sa\u00edda para privatiza\u00e7\u00e3o de aeroportos","datePublished":"2021-10-17T15:59:10+00:00","dateModified":"2021-10-17T15:59:22+00:00","mainEntityOfPage":{"@id":"https:\/\/www.suno.com.br\/noticias\/uniao-saida-tcu-privatizacao-aeroportos\/"},"wordCount":919,"publisher":{"@id":"https:\/\/www.suno.com.br\/noticias\/#organization"},"image":{"@id":"https:\/\/www.suno.com.br\/noticias\/uniao-saida-tcu-privatizacao-aeroportos\/#primaryimage"},"thumbnailUrl":"https:\/\/files.sunoresearch.com.br\/n\/uploads\/2021\/10\/airport-g7aac90f75_1920.jpg","keywords":["governo federal","Minist\u00e9rio da Economia","privatiza\u00e7\u00f5es"],"articleSection":["Economia"],"inLanguage":"pt-BR"},{"@type":"WebPage","@id":"https:\/\/www.suno.com.br\/noticias\/uniao-saida-tcu-privatizacao-aeroportos\/","url":"https:\/\/www.suno.com.br\/noticias\/uniao-saida-tcu-privatizacao-aeroportos\/","name":"Uni\u00e3o procura encontrar sa\u00edda para privatiza\u00e7\u00e3o de aeroportos","isPartOf":{"@id":"https:\/\/www.suno.com.br\/noticias\/#website"},"primaryImageOfPage":{"@id":"https:\/\/www.suno.com.br\/noticias\/uniao-saida-tcu-privatizacao-aeroportos\/#primaryimage"},"image":{"@id":"https:\/\/www.suno.com.br\/noticias\/uniao-saida-tcu-privatizacao-aeroportos\/#primaryimage"},"thumbnailUrl":"https:\/\/files.sunoresearch.com.br\/n\/uploads\/2021\/10\/airport-g7aac90f75_1920.jpg","datePublished":"2021-10-17T15:59:10+00:00","dateModified":"2021-10-17T15:59:22+00:00","description":"Uma decis\u00e3o recente do TCU em torno da privatiza\u00e7\u00e3o do Aeroporto Internacional de Natal mostra-se ser um entrave. Confira.","breadcrumb":{"@id":"https:\/\/www.suno.com.br\/noticias\/uniao-saida-tcu-privatizacao-aeroportos\/#breadcrumb"},"inLanguage":"pt-BR","potentialAction":[{"@type":"ReadAction","target":["https:\/\/www.suno.com.br\/noticias\/uniao-saida-tcu-privatizacao-aeroportos\/"]}]},{"@type":"ImageObject","inLanguage":"pt-BR","@id":"https:\/\/www.suno.com.br\/noticias\/uniao-saida-tcu-privatizacao-aeroportos\/#primaryimage","url":"https:\/\/files.sunoresearch.com.br\/n\/uploads\/2021\/10\/airport-g7aac90f75_1920.jpg","contentUrl":"https:\/\/files.sunoresearch.com.br\/n\/uploads\/2021\/10\/airport-g7aac90f75_1920.jpg","width":1920,"height":1317,"caption":"Aeroporto. Foto: Pixabay"},{"@type":"BreadcrumbList","@id":"https:\/\/www.suno.com.br\/noticias\/uniao-saida-tcu-privatizacao-aeroportos\/#breadcrumb","itemListElement":[{"@type":"ListItem","position":1,"name":"Not\u00edcias","item":"https:\/\/www.suno.com.br\/noticias\/"},{"@type":"ListItem","position":2,"name":"Economia","item":"https:\/\/www.suno.com.br\/noticias\/economia\/"},{"@type":"ListItem","position":3,"name":"Uni\u00e3o procura encontrar sa\u00edda para privatiza\u00e7\u00e3o de aeroportos"}]},{"@type":"WebSite","@id":"https:\/\/www.suno.com.br\/noticias\/#website","url":"https:\/\/www.suno.com.br\/noticias\/","name":"Suno Not\u00edcias","description":"Seu portal de informa\u00e7\u00e3o sobre o mundo dos investimentos","publisher":{"@id":"https:\/\/www.suno.com.br\/noticias\/#organization"},"potentialAction":[{"@type":"SearchAction","target":{"@type":"EntryPoint","urlTemplate":"https:\/\/www.suno.com.br\/noticias\/?s={search_term_string}"},"query-input":{"@type":"PropertyValueSpecification","valueRequired":true,"valueName":"search_term_string"}}],"inLanguage":"pt-BR"},{"@type":"Organization","@id":"https:\/\/www.suno.com.br\/noticias\/#organization","name":"Suno Not\u00edcias","url":"https:\/\/www.suno.com.br\/noticias\/","logo":{"@type":"ImageObject","inLanguage":"pt-BR","@id":"https:\/\/www.suno.com.br\/noticias\/#\/schema\/logo\/image\/","url":"https:\/\/files.sunoresearch.com.br\/n\/uploads\/2021\/09\/suno-logo.png","contentUrl":"https:\/\/files.sunoresearch.com.br\/n\/uploads\/2021\/09\/suno-logo.png","width":180,"height":180,"caption":"Suno Not\u00edcias"},"image":{"@id":"https:\/\/www.suno.com.br\/noticias\/#\/schema\/logo\/image\/"},"sameAs":["https:\/\/facebook.com\/sunoresearch","https:\/\/x.com\/sunoresearch","https:\/\/www.instagram.com\/suno","https:\/\/www.linkedin.com\/company\/suno-research\/","https:\/\/www.youtube.com\/c\/sunoresearch"]},{"@type":"Person","@id":"https:\/\/www.suno.com.br\/noticias\/#\/schema\/person\/918d79de1f0281f01599b93f9ea6e23f","name":"Jader Lazarini","image":{"@type":"ImageObject","inLanguage":"pt-BR","@id":"https:\/\/www.suno.com.br\/noticias\/#\/schema\/person\/image\/","url":"https:\/\/secure.gravatar.com\/avatar\/3c1ad8caa51589841baeb923fcddea97?s=96&r=g","contentUrl":"https:\/\/secure.gravatar.com\/avatar\/3c1ad8caa51589841baeb923fcddea97?s=96&r=g","caption":"Jader Lazarini"},"description":"Jader Lazarini escreve sobre investimentos, finan\u00e7as, economia e neg\u00f3cios. \u00c9 bacharel em Rela\u00e7\u00f5es Internacionais e analista CNPI (2619).","url":"https:\/\/www.suno.com.br\/noticias\/author\/jader-lazarini\/"}]}},"default_loop_html":"<div class=\"cardsPage__listCard__boxs\"><div class=\"cardsPage__listCard__boxs__img\"><a href=\"https:\/\/www.suno.com.br\/noticias\/uniao-saida-tcu-privatizacao-aeroportos\/\"><img class=\"mask\" src=\"https:\/\/www.suno.com.br\/noticias\/wp-content\/themes\/suno\/resources\/images\/spotlight\/spotlight1img\/bg-mask.png\" alt=\"Image Mask\"\/><img src=\"https:\/\/files.sunoresearch.com.br\/n\/uploads\/2021\/10\/airport-g7aac90f75_1920-400x200.jpg\" alt=\"Uni\u00e3o procura encontrar sa\u00edda para privatiza\u00e7\u00e3o de aeroportos\"\/><\/a><span class=\"spotlightCategory\"><a href=\"https:\/\/www.suno.com.br\/noticias\/economia\/\">Economia<\/a><\/span><\/div><div class=\"cardsPage__listCard__boxs__content\"><a href=\"https:\/\/www.suno.com.br\/noticias\/uniao-saida-tcu-privatizacao-aeroportos\/\"><h2 class=\"content__title\">Uni\u00e3o procura encontrar sa\u00edda para privatiza\u00e7\u00e3o de aeroportos<\/h2><\/a><div class=\"newsContent__article__meta\"><div class=\"newsContent__article__meta__authorBox\"><a href=\"https:\/\/www.suno.com.br\/noticias\/author\/jader-lazarini\/\" class=\"authorBox__avatar noMobi\"><img src=\"https:\/\/files.sunoresearch.com.br\/n\/uploads\/2021\/01\/178e6598-foto-perfil-2-150x150.jpg\" alt=\"Jader Lazarini\"><\/a><div class=\"authorBox__name\"><span>por\n\t\t\t<a href=\"https:\/\/www.suno.com.br\/noticias\/author\/jader-lazarini\/\"><span itemprop=\"author\">Jader Lazarini<\/span><\/a><\/span><time datetime=\"2021-10-17T12:59:10-03:00\" itemprop=\"datePublished\">17\/10\/2021 12:59<\/time><\/div><\/div><\/div><\/div><\/div>","single_layout":"posts","amp_enabled":true,"_links":{"self":[{"href":"https:\/\/www.suno.com.br\/noticias\/wp-json\/wp\/v2\/posts\/194361"}],"collection":[{"href":"https:\/\/www.suno.com.br\/noticias\/wp-json\/wp\/v2\/posts"}],"about":[{"href":"https:\/\/www.suno.com.br\/noticias\/wp-json\/wp\/v2\/types\/post"}],"author":[{"embeddable":true,"href":"https:\/\/www.suno.com.br\/noticias\/wp-json\/wp\/v2\/users\/24"}],"replies":[{"embeddable":true,"href":"https:\/\/www.suno.com.br\/noticias\/wp-json\/wp\/v2\/comments?post=194361"}],"version-history":[{"count":3,"href":"https:\/\/www.suno.com.br\/noticias\/wp-json\/wp\/v2\/posts\/194361\/revisions"}],"predecessor-version":[{"id":194384,"href":"https:\/\/www.suno.com.br\/noticias\/wp-json\/wp\/v2\/posts\/194361\/revisions\/194384"}],"wp:featuredmedia":[{"embeddable":true,"href":"https:\/\/www.suno.com.br\/noticias\/wp-json\/wp\/v2\/media\/194386"}],"wp:attachment":[{"href":"https:\/\/www.suno.com.br\/noticias\/wp-json\/wp\/v2\/media?parent=194361"}],"wp:term":[{"taxonomy":"category","embeddable":true,"href":"https:\/\/www.suno.com.br\/noticias\/wp-json\/wp\/v2\/categories?post=194361"},{"taxonomy":"post_tag","embeddable":true,"href":"https:\/\/www.suno.com.br\/noticias\/wp-json\/wp\/v2\/tags?post=194361"},{"taxonomy":"suno_strategy","embeddable":true,"href":"https:\/\/www.suno.com.br\/noticias\/wp-json\/wp\/v2\/suno_strategy?post=194361"}],"curies":[{"name":"wp","href":"https:\/\/api.w.org\/{rel}","templated":true}]}}