{"id":194350,"date":"2021-10-16T16:24:00","date_gmt":"2021-10-16T19:24:00","guid":{"rendered":"https:\/\/www.suno.com.br\/noticias\/?p=194350"},"modified":"2021-10-16T16:24:00","modified_gmt":"2021-10-16T19:24:00","slug":"saraiva-sled3-grupamento-acoes-35-para-1","status":"publish","type":"post","link":"https:\/\/www.suno.com.br\/noticias\/saraiva-sled3-grupamento-acoes-35-para-1\/","title":{"rendered":"Saraiva (SLED3) pretende fazer grupamento de a\u00e7\u00f5es de 35 para 1; veja como ficam os valores"},"content":{"rendered":"<p>O <a class=\"suno-keyword\" href=\"https:\/\/www.suno.com.br\/artigos\/conselho-administracao\/\" target=\"_blank\" rel=\"noopener\" data-force=\"no\" data-priority=\"1\">conselho de administra\u00e7\u00e3o<\/a> da <a class=\"suno-keyword\" href=\"https:\/\/www.suno.com.br\/acoes\/SLED3\/\" target=\"_blank\" rel=\"noopener\" data-force=\"yes\" data-priority=\"2\"><strong>Saraiva<\/strong> (SLED3)<\/a>, empresa em recupera\u00e7\u00e3o judicial, aprovou o <a class=\"suno-keyword\" href=\"https:\/\/www.suno.com.br\/artigos\/grupamento-de-acoes\/\" target=\"_blank\" rel=\"noopener\" data-force=\"no\" data-priority=\"1\">grupamento de a\u00e7\u00f5es<\/a> da empresa, na propor\u00e7\u00e3o de 35 para 1, conforme informa ata da reuni\u00e3o de sexta-feira (15).<\/p>\t<div class=\"wrapper-featured-image\">\n\t\t<figure class=\"spotlightImg\">\n\n\t\t\t<picture>\n\t\t\t\t<source media=\"(max-width: 768px)\" srcset=\"https:\/\/files.sunoresearch.com.br\/n\/uploads\/2018\/11\/2002f175-saraiva-e1695382903507-400x200.webp\">\n\t\t\t\t<img loading=\"lazy\" decoding=\"async\" class=\"newsContent__article__imgCapa lazyloadDisabled \" src=\"https:\/\/files.sunoresearch.com.br\/n\/uploads\/2018\/11\/2002f175-saraiva-e1695382903507-800x450.webp\" width=\"800\" height=\"450\" alt=\"Saraiva (SLED3) pretende fazer grupamento de a\u00e7\u00f5es de 35 para 1; veja como ficam os valores\" fetchpriority=high \/>\n\t\t\t<\/picture>\n\n\t\t\t<figcaption class=\"wp-caption-text wp-caption-text--show\">Saraiva (SLED4) - Foto: divulga\u00e7\u00e3o<\/figcaption>\n\t\t<\/figure>\n\t<\/div>\n\n\n\t<p>\n\t\t<a href=\"https:\/\/lp.suno.com.br\/planilha-controle-gastos\/\" target=\"_blank\" data-element=\"shortcode-suno-banner\" title=\"Banner SUNO, clique e saiba mais\">\n\t\t\t<picture>\n\t\t\t\t<source media=\"(max-width: 500px)\" srcset=\"https:\/\/files.sunoresearch.com.br\/n\/uploads\/2023\/03\/400x300-Planilha-controle-de-gastos.png\">\n\t\t\t\t<img class=\"newsContent__article__imgCapa newsContent__article__imgCapa--banner\"\n\t\t\t\t\tsrc=\"https:\/\/files.sunoresearch.com.br\/n\/uploads\/2023\/03\/1420x240-Planilha-controle-de-gastos.png\"\n\t\t\t\t\tdata-promo-id=\"101751\"\t\t\t\t\t\t\t\t\t\twidth='1420' height='240'\t\t\t\t\talt=\"https:\/\/files.sunoresearch.com.br\/n\/uploads\/2023\/03\/1420x240-Planilha-controle-de-gastos.png\"\n\t\t\t\t>\n\t\t\t<\/picture>\n\t\t<\/a>\n\t<\/p>\n\n\n<p>A opera\u00e7\u00e3o foi deliberada em resposta \u00e0s press\u00f5es que a Comiss\u00e3o de Valores Mobili\u00e1rios (<strong>CVM<\/strong>) vinha exercendo contra a Saraiva.\u00a0O \u00f3rg\u00e3o regulador questiona a empresa desde agosto sobre o valor de suas a\u00e7\u00f5es.<\/p>\n<p>Isso porque o regulamento da CVM estabelece que as companhias listadas na bolsa de valores devem manter seus pap\u00e9is acima do valor de R$ 1,00. Entretanto, as <strong>a\u00e7\u00f5es da Saraiva<\/strong> operam entre perdas e ganhos no limite desse valor h\u00e1 tempos.<\/p>\n<p>Acontece que desde julho, a desvaloriza\u00e7\u00e3o das <a class=\"suno-keyword\" href=\"https:\/\/www.suno.com.br\/artigos\/o-que-sao-acoes-ordinarias-preferenciais-e-units\/\" target=\"_blank\" rel=\"noopener\" data-force=\"no\" data-priority=\"1\">a\u00e7\u00f5es ordin\u00e1rias<\/a> (<strong>SLED3<\/strong>) se agravaram e os pap\u00e9is da Saraiva n\u00e3o retomaram o limite de R$ 1,00. J\u00e1 as <a class=\"suno-keyword\" href=\"https:\/\/www.suno.com.br\/artigos\/acoes-preferenciais\/\" target=\"_blank\" rel=\"noopener\" data-force=\"no\" data-priority=\"1\">a\u00e7\u00f5es preferenciais<\/a> (<strong>SLED4<\/strong>) h\u00e1 mais de um ano s\u00e3o negociadas abaixo desse limite.<\/p>\n<figure id=\"attachment_194351\" aria-describedby=\"caption-attachment-194351\" style=\"width: 1102px\" class=\"wp-caption alignnone\"><img loading=\"lazy\" decoding=\"async\" class=\"size-full wp-image-194351\" src=\"https:\/\/files.sunoresearch.com.br\/n\/uploads\/2021\/10\/acoes-SLED3-Saraiva.png\" alt=\"Saraiva (SLED3)\" width=\"1102\" height=\"375\" srcset=\"https:\/\/files.sunoresearch.com.br\/n\/uploads\/2021\/10\/acoes-SLED3-Saraiva.png 1102w, https:\/\/files.sunoresearch.com.br\/n\/uploads\/2021\/10\/acoes-SLED3-Saraiva-300x102.png 300w, https:\/\/files.sunoresearch.com.br\/n\/uploads\/2021\/10\/acoes-SLED3-Saraiva-1024x348.png 1024w, https:\/\/files.sunoresearch.com.br\/n\/uploads\/2021\/10\/acoes-SLED3-Saraiva-768x261.png 768w, https:\/\/files.sunoresearch.com.br\/n\/uploads\/2021\/10\/acoes-SLED3-Saraiva-150x51.png 150w\" sizes=\"(max-width: 1102px) 100vw, 1102px\" \/><figcaption id=\"caption-attachment-194351\" class=\"wp-caption-text\">Saraiva (SLED3) em um ano. Foto: Status Invest<\/figcaption><\/figure>\n<p>&nbsp;<\/p>\n<figure id=\"attachment_194352\" aria-describedby=\"caption-attachment-194352\" style=\"width: 1100px\" class=\"wp-caption alignnone\"><img loading=\"lazy\" decoding=\"async\" class=\"size-full wp-image-194352\" src=\"https:\/\/files.sunoresearch.com.br\/n\/uploads\/2021\/10\/acoes-SLED4-Saraiva.png\" alt=\"Saraiva (SLED4)\" width=\"1100\" height=\"375\" srcset=\"https:\/\/files.sunoresearch.com.br\/n\/uploads\/2021\/10\/acoes-SLED4-Saraiva.png 1100w, https:\/\/files.sunoresearch.com.br\/n\/uploads\/2021\/10\/acoes-SLED4-Saraiva-300x102.png 300w, https:\/\/files.sunoresearch.com.br\/n\/uploads\/2021\/10\/acoes-SLED4-Saraiva-1024x349.png 1024w, https:\/\/files.sunoresearch.com.br\/n\/uploads\/2021\/10\/acoes-SLED4-Saraiva-768x262.png 768w, https:\/\/files.sunoresearch.com.br\/n\/uploads\/2021\/10\/acoes-SLED4-Saraiva-150x51.png 150w\" sizes=\"(max-width: 1100px) 100vw, 1100px\" \/><figcaption id=\"caption-attachment-194352\" class=\"wp-caption-text\"><a class=\"suno-keyword\" href=\"https:\/\/www.suno.com.br\/acoes\/SLED4\/\" target=\"_blank\" rel=\"noopener\" data-force=\"yes\" data-priority=\"2\">Saraiva (SLED4)<\/a> em um ano. Foto: Status Invest<\/figcaption><\/figure>\n<p>Por isso, em setembro, a CVM enviou um of\u00edcio \u00e0 Saraiva cobrando medidas para elevar o pre\u00e7o das a\u00e7\u00f5es.<\/p>\n<h2>Grupamento de a\u00e7\u00f5es da Saraiva<\/h2>\n<p>Para resolver mais esse problema, a Saraiva &#8211; que est\u00e1 em <strong>recupera\u00e7\u00e3o judicial<\/strong> desde novembro de 2018 &#8211; planeja fazer o grupamento das suas a\u00e7\u00f5es na propor\u00e7\u00e3o de 35 para 1.<\/p>\n<p>Atualmente, a livraria possui 23,5 milh\u00f5es de a\u00e7\u00f5es ON (SLED3) cotadas a R$ 0,62 e 39,9 milh\u00f5es de a\u00e7\u00f5es PN (SLED4) cotadas a R$ 0,32. Com o grupamento dos pap\u00e9is, os novos n\u00fameros da empresa ser\u00e3o os seguintes:<\/p>\n<ul>\n<li>a\u00e7\u00f5es SLED3: 671,8 mil, cotadas a R$ 21,70 cada;<\/li>\n<li>pap\u00e9is SLED4: 1,14 milh\u00e3o, valendo R$ 11,20 cada.<\/li>\n<\/ul>\n\t<p>\n\t\t<a href=\"https:\/\/lp.suno.com.br\/planilha-da-vida-financeira\/\" target=\"_blank\" data-element=\"shortcode-suno-banner\" title=\"Banner SUNO, clique e saiba mais\">\n\t\t\t<picture>\n\t\t\t\t<source media=\"(max-width: 500px)\" srcset=\"https:\/\/files.sunoresearch.com.br\/n\/uploads\/2023\/04\/400x300-Planilha-vida-financeira-true.png\">\n\t\t\t\t<img class=\"newsContent__article__imgCapa newsContent__article__imgCapa--banner\"\n\t\t\t\t\tsrc=\"https:\/\/files.sunoresearch.com.br\/n\/uploads\/2023\/04\/1420x240-Planilha-vida-financeira-true.png\"\n\t\t\t\t\tdata-promo-id=\"106682\"\t\t\t\t\t\t\t\t\t\twidth='1420' height='240'\t\t\t\t\talt=\"https:\/\/files.sunoresearch.com.br\/n\/uploads\/2023\/04\/1420x240-Planilha-vida-financeira-true.png\"\n\t\t\t\t>\n\t\t\t<\/picture>\n\t\t<\/a>\n\t<\/p>\n\n\n<p>Aprovado pelo conselho de administra\u00e7\u00e3o, a proposta de <strong>grupamento das a\u00e7\u00f5es<\/strong>\u00a0ainda precisa ser aprovada em assembleia de acionistas.<\/p>\n<p>A solu\u00e7\u00e3o pode resolver a cobran\u00e7a da CVM, mas acende um alerta para outra quest\u00e3o: a perda de liquidez das ac\u00f5es da <strong>Saraiva<\/strong>, que j\u00e1 s\u00e3o pouco negociadas na Bolsa.<\/p>\n<p>Leia atamb\u00e9m:<\/p>\n\t<div data-element=\"shortcode-read-more\" class=\"knowMore\">\n\t\t\t\t<a class=\"knowMore__link\" href=\"https:\/\/www.suno.com.br\/noticias\/saraiva-sled3-nao-consegue-vender-ativos-e-pode-decretar-falencia\/\">\n\t\t\tSaraiva (SLED3) n\u00e3o consegue vender ativos e pode decretar fal\u00eancia\t\t<\/a>\n\t<\/div>\n\n\n\t<p>\n\t\t<a href=\"\" target=\"_blank\" data-element=\"shortcode-suno-banner\" title=\"Banner SUNO, clique e saiba mais\">\n\t\t\t<picture>\n\t\t\t\t<source media=\"(max-width: 500px)\" srcset=\"\">\n\t\t\t\t<img class=\"newsContent__article__imgCapa newsContent__article__imgCapa--banner\"\n\t\t\t\t\tsrc=\"\"\n\t\t\t\t\tdata-promo-id=\"184190\"\t\t\t\t\t\t\t\t\t\t\t\t\t\t\talt=\"\"\n\t\t\t\t>\n\t\t\t<\/picture>\n\t\t<\/a>\n\t<\/p>\n\n\n","protected":false},"excerpt":{"rendered":"<p>O conselho de administra\u00e7\u00e3o da Saraiva (SLED3), empresa em recupera\u00e7\u00e3o judicial, aprovou o grupamento de a\u00e7\u00f5es da empresa, na propor\u00e7\u00e3o de 35 para 1, conforme informa ata da reuni\u00e3o de sexta-feira (15). Saraiva (SLED4) &#8211; Foto: divulga\u00e7\u00e3o A opera\u00e7\u00e3o foi deliberada em resposta \u00e0s press\u00f5es que a Comiss\u00e3o de Valores Mobili\u00e1rios (CVM) vinha exercendo contra [&hellip;]<\/p>\n","protected":false},"author":102,"featured_media":6756,"comment_status":"closed","ping_status":"closed","sticky":false,"template":"","format":"standard","meta":[],"categories":[64],"tags":[1595,1596,629],"suno_strategy":[],"class_list":["post-194350","post","type-post","status-publish","format-standard","has-post-thumbnail","hentry","category-negocios","tag-acoes-ordinarias","tag-acoes-preferenciais","tag-saraiva-sled3-sled4"],"yoast_head":"<!-- This site is optimized with the Yoast SEO plugin v24.4 - https:\/\/yoast.com\/wordpress\/plugins\/seo\/ -->\n<title>Saraiva (SLED3) pretende fazer grupamento de a\u00e7\u00f5es de 35 para 1<\/title>\n<meta name=\"description\" content=\"Com pap\u00e9is negociados a menos de R$ 1,00, conselho da Saraiva (SLED3) aprova grupamento de a\u00e7\u00f5es. Veja como ficam os pap\u00e9is.\" \/>\n<meta name=\"robots\" content=\"index, follow, max-snippet:-1, max-image-preview:large, max-video-preview:-1\" \/>\n<link rel=\"canonical\" href=\"https:\/\/www.suno.com.br\/noticias\/saraiva-sled3-grupamento-acoes-35-para-1\/\" \/>\n<meta property=\"og:locale\" content=\"pt_BR\" \/>\n<meta property=\"og:type\" content=\"article\" \/>\n<meta property=\"og:title\" content=\"Saraiva (SLED3) pretende fazer grupamento de a\u00e7\u00f5es de 35 para 1\" \/>\n<meta property=\"og:description\" content=\"Com pap\u00e9is negociados a menos de R$ 1,00, conselho da Saraiva (SLED3) aprova grupamento de a\u00e7\u00f5es. Veja como ficam os pap\u00e9is.\" \/>\n<meta property=\"og:url\" content=\"https:\/\/www.suno.com.br\/noticias\/saraiva-sled3-grupamento-acoes-35-para-1\/\" \/>\n<meta property=\"og:site_name\" content=\"Suno Not\u00edcias\" \/>\n<meta property=\"article:publisher\" content=\"https:\/\/facebook.com\/sunoresearch\" \/>\n<meta property=\"og:image\" content=\"https:\/\/files.sunoresearch.com.br\/n\/uploads\/2018\/11\/2002f175-saraiva-e1695382903507-jpg.webp\" \/>\n\t<meta property=\"og:image:width\" content=\"1200\" \/>\n\t<meta property=\"og:image:height\" content=\"900\" \/>\n\t<meta property=\"og:image:type\" content=\"image\/jpeg\" \/>\n<meta name=\"author\" content=\"Monique Lima\" \/>\n<meta name=\"twitter:card\" content=\"summary_large_image\" \/>\n<meta name=\"twitter:creator\" content=\"@sunoresearch\" \/>\n<meta name=\"twitter:site\" content=\"@sunoresearch\" \/>\n<meta name=\"twitter:label1\" content=\"Escrito por\" \/>\n\t<meta name=\"twitter:data1\" content=\"Monique Lima\" \/>\n\t<meta name=\"twitter:label2\" content=\"Est. tempo de leitura\" \/>\n\t<meta name=\"twitter:data2\" content=\"2 minutos\" \/>\n<script type=\"application\/ld+json\" class=\"yoast-schema-graph\">{\"@context\":\"https:\/\/schema.org\",\"@graph\":[{\"@type\":\"NewsArticle\",\"@id\":\"https:\/\/www.suno.com.br\/noticias\/saraiva-sled3-grupamento-acoes-35-para-1\/#article\",\"isPartOf\":{\"@id\":\"https:\/\/www.suno.com.br\/noticias\/saraiva-sled3-grupamento-acoes-35-para-1\/\"},\"author\":{\"name\":\"Monique Lima\",\"@id\":\"https:\/\/www.suno.com.br\/noticias\/#\/schema\/person\/d712329319cc9b10f254d02d654cb36a\"},\"headline\":\"Saraiva (SLED3) pretende fazer grupamento de a\u00e7\u00f5es de 35 para 1; veja como ficam os valores\",\"datePublished\":\"2021-10-16T19:24:00+00:00\",\"mainEntityOfPage\":{\"@id\":\"https:\/\/www.suno.com.br\/noticias\/saraiva-sled3-grupamento-acoes-35-para-1\/\"},\"wordCount\":395,\"publisher\":{\"@id\":\"https:\/\/www.suno.com.br\/noticias\/#organization\"},\"image\":{\"@id\":\"https:\/\/www.suno.com.br\/noticias\/saraiva-sled3-grupamento-acoes-35-para-1\/#primaryimage\"},\"thumbnailUrl\":\"https:\/\/files.sunoresearch.com.br\/n\/uploads\/2018\/11\/2002f175-saraiva-e1695382903507-jpg.webp\",\"keywords\":[\"a\u00e7\u00f5es ordin\u00e1rias\",\"a\u00e7\u00f5es preferenciais\",\"Saraiva (SLED3\/SLED4)\"],\"articleSection\":[\"Neg\u00f3cios\"],\"inLanguage\":\"pt-BR\"},{\"@type\":\"WebPage\",\"@id\":\"https:\/\/www.suno.com.br\/noticias\/saraiva-sled3-grupamento-acoes-35-para-1\/\",\"url\":\"https:\/\/www.suno.com.br\/noticias\/saraiva-sled3-grupamento-acoes-35-para-1\/\",\"name\":\"Saraiva (SLED3) pretende fazer grupamento de a\u00e7\u00f5es de 35 para 1\",\"isPartOf\":{\"@id\":\"https:\/\/www.suno.com.br\/noticias\/#website\"},\"primaryImageOfPage\":{\"@id\":\"https:\/\/www.suno.com.br\/noticias\/saraiva-sled3-grupamento-acoes-35-para-1\/#primaryimage\"},\"image\":{\"@id\":\"https:\/\/www.suno.com.br\/noticias\/saraiva-sled3-grupamento-acoes-35-para-1\/#primaryimage\"},\"thumbnailUrl\":\"https:\/\/files.sunoresearch.com.br\/n\/uploads\/2018\/11\/2002f175-saraiva-e1695382903507-jpg.webp\",\"datePublished\":\"2021-10-16T19:24:00+00:00\",\"description\":\"Com pap\u00e9is negociados a menos de R$ 1,00, conselho da Saraiva (SLED3) aprova grupamento de a\u00e7\u00f5es. Veja como ficam os pap\u00e9is.\",\"breadcrumb\":{\"@id\":\"https:\/\/www.suno.com.br\/noticias\/saraiva-sled3-grupamento-acoes-35-para-1\/#breadcrumb\"},\"inLanguage\":\"pt-BR\",\"potentialAction\":[{\"@type\":\"ReadAction\",\"target\":[\"https:\/\/www.suno.com.br\/noticias\/saraiva-sled3-grupamento-acoes-35-para-1\/\"]}]},{\"@type\":\"ImageObject\",\"inLanguage\":\"pt-BR\",\"@id\":\"https:\/\/www.suno.com.br\/noticias\/saraiva-sled3-grupamento-acoes-35-para-1\/#primaryimage\",\"url\":\"https:\/\/files.sunoresearch.com.br\/n\/uploads\/2018\/11\/2002f175-saraiva-e1695382903507-jpg.webp\",\"contentUrl\":\"https:\/\/files.sunoresearch.com.br\/n\/uploads\/2018\/11\/2002f175-saraiva-e1695382903507-jpg.webp\",\"width\":1200,\"height\":900,\"caption\":\"Saraiva (SLED4) - Foto: divulga\u00e7\u00e3o\"},{\"@type\":\"BreadcrumbList\",\"@id\":\"https:\/\/www.suno.com.br\/noticias\/saraiva-sled3-grupamento-acoes-35-para-1\/#breadcrumb\",\"itemListElement\":[{\"@type\":\"ListItem\",\"position\":1,\"name\":\"Not\u00edcias\",\"item\":\"https:\/\/www.suno.com.br\/noticias\/\"},{\"@type\":\"ListItem\",\"position\":2,\"name\":\"Neg\u00f3cios\",\"item\":\"https:\/\/www.suno.com.br\/noticias\/negocios\/\"},{\"@type\":\"ListItem\",\"position\":3,\"name\":\"Saraiva (SLED3) pretende fazer grupamento de a\u00e7\u00f5es de 35 para 1; veja como ficam os valores\"}]},{\"@type\":\"WebSite\",\"@id\":\"https:\/\/www.suno.com.br\/noticias\/#website\",\"url\":\"https:\/\/www.suno.com.br\/noticias\/\",\"name\":\"Suno Not\u00edcias\",\"description\":\"Seu portal de informa\u00e7\u00e3o sobre o mundo dos investimentos\",\"publisher\":{\"@id\":\"https:\/\/www.suno.com.br\/noticias\/#organization\"},\"potentialAction\":[{\"@type\":\"SearchAction\",\"target\":{\"@type\":\"EntryPoint\",\"urlTemplate\":\"https:\/\/www.suno.com.br\/noticias\/?s={search_term_string}\"},\"query-input\":{\"@type\":\"PropertyValueSpecification\",\"valueRequired\":true,\"valueName\":\"search_term_string\"}}],\"inLanguage\":\"pt-BR\"},{\"@type\":\"Organization\",\"@id\":\"https:\/\/www.suno.com.br\/noticias\/#organization\",\"name\":\"Suno Not\u00edcias\",\"url\":\"https:\/\/www.suno.com.br\/noticias\/\",\"logo\":{\"@type\":\"ImageObject\",\"inLanguage\":\"pt-BR\",\"@id\":\"https:\/\/www.suno.com.br\/noticias\/#\/schema\/logo\/image\/\",\"url\":\"https:\/\/files.sunoresearch.com.br\/n\/uploads\/2021\/09\/suno-logo.png\",\"contentUrl\":\"https:\/\/files.sunoresearch.com.br\/n\/uploads\/2021\/09\/suno-logo.png\",\"width\":180,\"height\":180,\"caption\":\"Suno Not\u00edcias\"},\"image\":{\"@id\":\"https:\/\/www.suno.com.br\/noticias\/#\/schema\/logo\/image\/\"},\"sameAs\":[\"https:\/\/facebook.com\/sunoresearch\",\"https:\/\/x.com\/sunoresearch\",\"https:\/\/www.instagram.com\/suno\",\"https:\/\/www.linkedin.com\/company\/suno-research\/\",\"https:\/\/www.youtube.com\/c\/sunoresearch\"]},{\"@type\":\"Person\",\"@id\":\"https:\/\/www.suno.com.br\/noticias\/#\/schema\/person\/d712329319cc9b10f254d02d654cb36a\",\"name\":\"Monique Lima\",\"image\":{\"@type\":\"ImageObject\",\"inLanguage\":\"pt-BR\",\"@id\":\"https:\/\/www.suno.com.br\/noticias\/#\/schema\/person\/image\/\",\"url\":\"https:\/\/secure.gravatar.com\/avatar\/daee7f16d906c2e9ffed236206ca2c30?s=96&r=g\",\"contentUrl\":\"https:\/\/secure.gravatar.com\/avatar\/daee7f16d906c2e9ffed236206ca2c30?s=96&r=g\",\"caption\":\"Monique Lima\"},\"description\":\"Rep\u00f3rter de Mercado no Suno Not\u00edcias, \u00e9 jornalista com experi\u00eancia na cobertura de economia, empreendedorismo, finan\u00e7as pessoais, mercado financeiro, carreira e recursos humanos. Formada em Jornalismo pela Universidade Paulista, teve experi\u00eancias em ve\u00edculos de comunica\u00e7\u00e3o como a Ag\u00eancia TradeMap, Revista Voc\u00ea S\/A e Revista Voc\u00ea RH, as duas \u00faltimas publica\u00e7\u00f5es da Editora Abril. No Suno Not\u00edcias, fala sobre as principais not\u00edcias de Fundos Imobili\u00e1rios, Fiagro, Startups e empresas listadas na Bolsa.\",\"url\":\"https:\/\/www.suno.com.br\/noticias\/author\/monique-lima\/\"}]}<\/script>\n<!-- \/ Yoast SEO plugin. -->","yoast_head_json":{"title":"Saraiva (SLED3) pretende fazer grupamento de a\u00e7\u00f5es de 35 para 1","description":"Com pap\u00e9is negociados a menos de R$ 1,00, conselho da Saraiva (SLED3) aprova grupamento de a\u00e7\u00f5es. Veja como ficam os pap\u00e9is.","robots":{"index":"index","follow":"follow","max-snippet":"max-snippet:-1","max-image-preview":"max-image-preview:large","max-video-preview":"max-video-preview:-1"},"canonical":"https:\/\/www.suno.com.br\/noticias\/saraiva-sled3-grupamento-acoes-35-para-1\/","og_locale":"pt_BR","og_type":"article","og_title":"Saraiva (SLED3) pretende fazer grupamento de a\u00e7\u00f5es de 35 para 1","og_description":"Com pap\u00e9is negociados a menos de R$ 1,00, conselho da Saraiva (SLED3) aprova grupamento de a\u00e7\u00f5es. Veja como ficam os pap\u00e9is.","og_url":"https:\/\/www.suno.com.br\/noticias\/saraiva-sled3-grupamento-acoes-35-para-1\/","og_site_name":"Suno Not\u00edcias","article_publisher":"https:\/\/facebook.com\/sunoresearch","og_image":[{"width":1200,"height":900,"url":"https:\/\/files.sunoresearch.com.br\/n\/uploads\/2018\/11\/2002f175-saraiva-e1695382903507-jpg.webp","type":"image\/jpeg"}],"author":"Monique Lima","twitter_card":"summary_large_image","twitter_creator":"@sunoresearch","twitter_site":"@sunoresearch","twitter_misc":{"Escrito por":"Monique Lima","Est. tempo de leitura":"2 minutos"},"schema":{"@context":"https:\/\/schema.org","@graph":[{"@type":"NewsArticle","@id":"https:\/\/www.suno.com.br\/noticias\/saraiva-sled3-grupamento-acoes-35-para-1\/#article","isPartOf":{"@id":"https:\/\/www.suno.com.br\/noticias\/saraiva-sled3-grupamento-acoes-35-para-1\/"},"author":{"name":"Monique Lima","@id":"https:\/\/www.suno.com.br\/noticias\/#\/schema\/person\/d712329319cc9b10f254d02d654cb36a"},"headline":"Saraiva (SLED3) pretende fazer grupamento de a\u00e7\u00f5es de 35 para 1; veja como ficam os valores","datePublished":"2021-10-16T19:24:00+00:00","mainEntityOfPage":{"@id":"https:\/\/www.suno.com.br\/noticias\/saraiva-sled3-grupamento-acoes-35-para-1\/"},"wordCount":395,"publisher":{"@id":"https:\/\/www.suno.com.br\/noticias\/#organization"},"image":{"@id":"https:\/\/www.suno.com.br\/noticias\/saraiva-sled3-grupamento-acoes-35-para-1\/#primaryimage"},"thumbnailUrl":"https:\/\/files.sunoresearch.com.br\/n\/uploads\/2018\/11\/2002f175-saraiva-e1695382903507-jpg.webp","keywords":["a\u00e7\u00f5es ordin\u00e1rias","a\u00e7\u00f5es preferenciais","Saraiva (SLED3\/SLED4)"],"articleSection":["Neg\u00f3cios"],"inLanguage":"pt-BR"},{"@type":"WebPage","@id":"https:\/\/www.suno.com.br\/noticias\/saraiva-sled3-grupamento-acoes-35-para-1\/","url":"https:\/\/www.suno.com.br\/noticias\/saraiva-sled3-grupamento-acoes-35-para-1\/","name":"Saraiva (SLED3) pretende fazer grupamento de a\u00e7\u00f5es de 35 para 1","isPartOf":{"@id":"https:\/\/www.suno.com.br\/noticias\/#website"},"primaryImageOfPage":{"@id":"https:\/\/www.suno.com.br\/noticias\/saraiva-sled3-grupamento-acoes-35-para-1\/#primaryimage"},"image":{"@id":"https:\/\/www.suno.com.br\/noticias\/saraiva-sled3-grupamento-acoes-35-para-1\/#primaryimage"},"thumbnailUrl":"https:\/\/files.sunoresearch.com.br\/n\/uploads\/2018\/11\/2002f175-saraiva-e1695382903507-jpg.webp","datePublished":"2021-10-16T19:24:00+00:00","description":"Com pap\u00e9is negociados a menos de R$ 1,00, conselho da Saraiva (SLED3) aprova grupamento de a\u00e7\u00f5es. Veja como ficam os pap\u00e9is.","breadcrumb":{"@id":"https:\/\/www.suno.com.br\/noticias\/saraiva-sled3-grupamento-acoes-35-para-1\/#breadcrumb"},"inLanguage":"pt-BR","potentialAction":[{"@type":"ReadAction","target":["https:\/\/www.suno.com.br\/noticias\/saraiva-sled3-grupamento-acoes-35-para-1\/"]}]},{"@type":"ImageObject","inLanguage":"pt-BR","@id":"https:\/\/www.suno.com.br\/noticias\/saraiva-sled3-grupamento-acoes-35-para-1\/#primaryimage","url":"https:\/\/files.sunoresearch.com.br\/n\/uploads\/2018\/11\/2002f175-saraiva-e1695382903507-jpg.webp","contentUrl":"https:\/\/files.sunoresearch.com.br\/n\/uploads\/2018\/11\/2002f175-saraiva-e1695382903507-jpg.webp","width":1200,"height":900,"caption":"Saraiva (SLED4) - Foto: divulga\u00e7\u00e3o"},{"@type":"BreadcrumbList","@id":"https:\/\/www.suno.com.br\/noticias\/saraiva-sled3-grupamento-acoes-35-para-1\/#breadcrumb","itemListElement":[{"@type":"ListItem","position":1,"name":"Not\u00edcias","item":"https:\/\/www.suno.com.br\/noticias\/"},{"@type":"ListItem","position":2,"name":"Neg\u00f3cios","item":"https:\/\/www.suno.com.br\/noticias\/negocios\/"},{"@type":"ListItem","position":3,"name":"Saraiva (SLED3) pretende fazer grupamento de a\u00e7\u00f5es de 35 para 1; veja como ficam os valores"}]},{"@type":"WebSite","@id":"https:\/\/www.suno.com.br\/noticias\/#website","url":"https:\/\/www.suno.com.br\/noticias\/","name":"Suno Not\u00edcias","description":"Seu portal de informa\u00e7\u00e3o sobre o mundo dos investimentos","publisher":{"@id":"https:\/\/www.suno.com.br\/noticias\/#organization"},"potentialAction":[{"@type":"SearchAction","target":{"@type":"EntryPoint","urlTemplate":"https:\/\/www.suno.com.br\/noticias\/?s={search_term_string}"},"query-input":{"@type":"PropertyValueSpecification","valueRequired":true,"valueName":"search_term_string"}}],"inLanguage":"pt-BR"},{"@type":"Organization","@id":"https:\/\/www.suno.com.br\/noticias\/#organization","name":"Suno Not\u00edcias","url":"https:\/\/www.suno.com.br\/noticias\/","logo":{"@type":"ImageObject","inLanguage":"pt-BR","@id":"https:\/\/www.suno.com.br\/noticias\/#\/schema\/logo\/image\/","url":"https:\/\/files.sunoresearch.com.br\/n\/uploads\/2021\/09\/suno-logo.png","contentUrl":"https:\/\/files.sunoresearch.com.br\/n\/uploads\/2021\/09\/suno-logo.png","width":180,"height":180,"caption":"Suno Not\u00edcias"},"image":{"@id":"https:\/\/www.suno.com.br\/noticias\/#\/schema\/logo\/image\/"},"sameAs":["https:\/\/facebook.com\/sunoresearch","https:\/\/x.com\/sunoresearch","https:\/\/www.instagram.com\/suno","https:\/\/www.linkedin.com\/company\/suno-research\/","https:\/\/www.youtube.com\/c\/sunoresearch"]},{"@type":"Person","@id":"https:\/\/www.suno.com.br\/noticias\/#\/schema\/person\/d712329319cc9b10f254d02d654cb36a","name":"Monique Lima","image":{"@type":"ImageObject","inLanguage":"pt-BR","@id":"https:\/\/www.suno.com.br\/noticias\/#\/schema\/person\/image\/","url":"https:\/\/secure.gravatar.com\/avatar\/daee7f16d906c2e9ffed236206ca2c30?s=96&r=g","contentUrl":"https:\/\/secure.gravatar.com\/avatar\/daee7f16d906c2e9ffed236206ca2c30?s=96&r=g","caption":"Monique Lima"},"description":"Rep\u00f3rter de Mercado no Suno Not\u00edcias, \u00e9 jornalista com experi\u00eancia na cobertura de economia, empreendedorismo, finan\u00e7as pessoais, mercado financeiro, carreira e recursos humanos. Formada em Jornalismo pela Universidade Paulista, teve experi\u00eancias em ve\u00edculos de comunica\u00e7\u00e3o como a Ag\u00eancia TradeMap, Revista Voc\u00ea S\/A e Revista Voc\u00ea RH, as duas \u00faltimas publica\u00e7\u00f5es da Editora Abril. No Suno Not\u00edcias, fala sobre as principais not\u00edcias de Fundos Imobili\u00e1rios, Fiagro, Startups e empresas listadas na Bolsa.","url":"https:\/\/www.suno.com.br\/noticias\/author\/monique-lima\/"}]}},"default_loop_html":"<div class=\"cardsPage__listCard__boxs\"><div class=\"cardsPage__listCard__boxs__img\"><a href=\"https:\/\/www.suno.com.br\/noticias\/saraiva-sled3-grupamento-acoes-35-para-1\/\"><img class=\"mask\" src=\"https:\/\/www.suno.com.br\/noticias\/wp-content\/themes\/suno\/resources\/images\/spotlight\/spotlight1img\/bg-mask.png\" alt=\"Image Mask\"\/><img src=\"https:\/\/files.sunoresearch.com.br\/n\/uploads\/2018\/11\/2002f175-saraiva-e1695382903507-400x200.webp\" alt=\"Saraiva (SLED3) pretende fazer grupamento de a\u00e7\u00f5es de 35 para 1; veja como ficam os valores\"\/><\/a><span class=\"spotlightCategory\"><a href=\"https:\/\/www.suno.com.br\/noticias\/negocios\/\">Neg\u00f3cios<\/a><\/span><\/div><div class=\"cardsPage__listCard__boxs__content\"><a href=\"https:\/\/www.suno.com.br\/noticias\/saraiva-sled3-grupamento-acoes-35-para-1\/\"><h2 class=\"content__title\">Saraiva (SLED3) pretende fazer grupamento de a\u00e7\u00f5es de 35 para 1; veja como ficam os valores<\/h2><\/a><div class=\"newsContent__article__meta\"><div class=\"newsContent__article__meta__authorBox\"><a href=\"https:\/\/www.suno.com.br\/noticias\/author\/monique-lima\/\" class=\"authorBox__avatar noMobi\"><img src=\"https:\/\/secure.gravatar.com\/avatar\/daee7f16d906c2e9ffed236206ca2c30?s=96&#038;r=g\" alt=\"Monique Lima\"><\/a><div class=\"authorBox__name\"><span>por\n\t\t\t<a href=\"https:\/\/www.suno.com.br\/noticias\/author\/monique-lima\/\"><span itemprop=\"author\">Monique Lima<\/span><\/a><\/span><time datetime=\"2021-10-16T16:24:00-03:00\" itemprop=\"datePublished\">16\/10\/2021 16:24<\/time><\/div><\/div><\/div><\/div><\/div>","single_layout":"posts","amp_enabled":true,"_links":{"self":[{"href":"https:\/\/www.suno.com.br\/noticias\/wp-json\/wp\/v2\/posts\/194350"}],"collection":[{"href":"https:\/\/www.suno.com.br\/noticias\/wp-json\/wp\/v2\/posts"}],"about":[{"href":"https:\/\/www.suno.com.br\/noticias\/wp-json\/wp\/v2\/types\/post"}],"author":[{"embeddable":true,"href":"https:\/\/www.suno.com.br\/noticias\/wp-json\/wp\/v2\/users\/102"}],"replies":[{"embeddable":true,"href":"https:\/\/www.suno.com.br\/noticias\/wp-json\/wp\/v2\/comments?post=194350"}],"version-history":[{"count":1,"href":"https:\/\/www.suno.com.br\/noticias\/wp-json\/wp\/v2\/posts\/194350\/revisions"}],"predecessor-version":[{"id":194354,"href":"https:\/\/www.suno.com.br\/noticias\/wp-json\/wp\/v2\/posts\/194350\/revisions\/194354"}],"wp:featuredmedia":[{"embeddable":true,"href":"https:\/\/www.suno.com.br\/noticias\/wp-json\/wp\/v2\/media\/6756"}],"wp:attachment":[{"href":"https:\/\/www.suno.com.br\/noticias\/wp-json\/wp\/v2\/media?parent=194350"}],"wp:term":[{"taxonomy":"category","embeddable":true,"href":"https:\/\/www.suno.com.br\/noticias\/wp-json\/wp\/v2\/categories?post=194350"},{"taxonomy":"post_tag","embeddable":true,"href":"https:\/\/www.suno.com.br\/noticias\/wp-json\/wp\/v2\/tags?post=194350"},{"taxonomy":"suno_strategy","embeddable":true,"href":"https:\/\/www.suno.com.br\/noticias\/wp-json\/wp\/v2\/suno_strategy?post=194350"}],"curies":[{"name":"wp","href":"https:\/\/api.w.org\/{rel}","templated":true}]}}