{"id":194329,"date":"2021-10-16T12:29:13","date_gmt":"2021-10-16T15:29:13","guid":{"rendered":"https:\/\/www.suno.com.br\/noticias\/?p=194329"},"modified":"2021-10-16T12:29:13","modified_gmt":"2021-10-16T15:29:13","slug":"ibovespa-gpa-pcar3-americanas-amer3-maiores-altas","status":"publish","type":"post","link":"https:\/\/www.suno.com.br\/noticias\/ibovespa-gpa-pcar3-americanas-amer3-maiores-altas\/","title":{"rendered":"Ibovespa: GPA (PCAR3) e Americanas (AMER3) t\u00eam maiores altas da semana"},"content":{"rendered":"<p>Ap\u00f3s sair do segmento de hipermercados ao vender 71 lojas Extra para o Assa\u00ed (ASAI3), o <a class=\"suno-keyword\" href=\"https:\/\/www.suno.com.br\/acoes\/PCAR3\/\" target=\"_blank\" rel=\"noopener\" data-force=\"yes\" data-priority=\"2\">GPA (PCAR3)<\/a> disparou no <strong>Ibovespa<\/strong> e figura como maior alta do \u00edndice na semana disparado: +25,85% de valoriza\u00e7\u00e3o.<\/p>\t<div class=\"wrapper-featured-image\">\n\t\t<figure class=\"spotlightImg\">\n\n\t\t\t<picture>\n\t\t\t\t<source media=\"(max-width: 768px)\" srcset=\"https:\/\/files.sunoresearch.com.br\/n\/uploads\/2021\/03\/916b7c1a-gpa_-400x200.webp\">\n\t\t\t\t<img loading=\"lazy\" decoding=\"async\" class=\"newsContent__article__imgCapa lazyloadDisabled \" src=\"https:\/\/files.sunoresearch.com.br\/n\/uploads\/2021\/03\/916b7c1a-gpa_-800x450.webp\" width=\"800\" height=\"450\" alt=\"Ibovespa: GPA (PCAR3) e Americanas (AMER3) t\u00eam maiores altas da semana\" fetchpriority=high \/>\n\t\t\t<\/picture>\n\n\t\t\t<figcaption class=\"wp-caption-text wp-caption-text--show\">P\u00e3o de A\u00e7\u00facar (PCAR3). Foto: Divulga\u00e7\u00e3o<\/figcaption>\n\t\t<\/figure>\n\t<\/div>\n\n\n\t<p>\n\t\t<a href=\"https:\/\/lp.suno.com.br\/planilha-controle-gastos\/\" target=\"_blank\" data-element=\"shortcode-suno-banner\" title=\"Banner SUNO, clique e saiba mais\">\n\t\t\t<picture>\n\t\t\t\t<source media=\"(max-width: 500px)\" srcset=\"https:\/\/files.sunoresearch.com.br\/n\/uploads\/2023\/03\/400x300-Planilha-controle-de-gastos.png\">\n\t\t\t\t<img class=\"newsContent__article__imgCapa newsContent__article__imgCapa--banner\"\n\t\t\t\t\tsrc=\"https:\/\/files.sunoresearch.com.br\/n\/uploads\/2023\/03\/1420x240-Planilha-controle-de-gastos.png\"\n\t\t\t\t\tdata-promo-id=\"101751\"\t\t\t\t\t\t\t\t\t\twidth='1420' height='240'\t\t\t\t\talt=\"https:\/\/files.sunoresearch.com.br\/n\/uploads\/2023\/03\/1420x240-Planilha-controle-de-gastos.png\"\n\t\t\t\t>\n\t\t\t<\/picture>\n\t\t<\/a>\n\t<\/p>\n\n\n<p>Entre as <strong>maiores altas do Ibovespa<\/strong> nesta semana tamb\u00e9m est\u00e3o as a\u00e7\u00f5es das <a href=\"https:\/\/www.suno.com.br\/acoes\/amer3\/\" target=\"_blank\" rel=\"noopener\">Americanas (AMER3)<\/a>, <a href=\"https:\/\/www.suno.com.br\/acoes\/BPAN4\/\" target=\"_blank\" rel=\"noopener\">Banco Pan (BPAN4)<\/a>, <a class=\"suno-keyword\" href=\"https:\/\/www.suno.com.br\/acoes\/BBSE3\/\" target=\"_blank\" rel=\"noopener\" data-force=\"yes\" data-priority=\"2\">BB Seguridade (BBSE3)<\/a> e <a class=\"suno-keyword\" href=\"https:\/\/www.suno.com.br\/acoes\/LAME4\/\" target=\"_blank\" rel=\"noopener\" data-force=\"yes\" data-priority=\"2\">Lojas Americanas (LAME4)<\/a>.<\/p>\n<p>J\u00e1 o <strong><a class=\"suno-keyword\" href=\"https:\/\/www.suno.com.br\/artigos\/indice-de-acoes\/\" target=\"_blank\" rel=\"noopener\" data-force=\"no\" data-priority=\"1\">\u00edndice de a\u00e7\u00f5es<\/a><\/strong> em si tamb\u00e9m fechou a semana, que foi mais curta pelo feriado, com saldo positivo: o Ibovespa acumulou alta de 2% no per\u00edodo.<\/p>\n<p>Confira o salto dos ativos que lideraram as maiores <strong>altas do Ibovespa<\/strong> entre segunda (11) e sexta-feira (15):<\/p>\n<ul>\n<li><strong>GPA (PCAR3)<\/strong>: +25,85%<\/li>\n<li><strong>Americanas (AMER3)<\/strong>: +11%<\/li>\n<li><strong>Banco Pan (BPAN4)<\/strong>: +8,33%<\/li>\n<li><strong>BB Seguridade (BBSE3)<\/strong>: +8,08%<\/li>\n<li><strong>Lojas Americanas (LAME4)<\/strong>: 6,20%<\/li>\n<\/ul>\n<h2>1. A\u00e7\u00f5es do P\u00e3o de A\u00e7\u00facar (PCAR3) lideram altas do Ibovespa<\/h2>\n<p>A <strong>a\u00e7\u00e3o do GPA<\/strong> iniciou o preg\u00e3o de segunda-feira (11) valendo R$ 24,76 e ao final das opera\u00e7\u00f5es de sexta-feira (11) estava cotada a R$ 30,96. A varia\u00e7\u00e3o equivale a 25,85% de valoriza\u00e7\u00e3o, um montante de R$ 1,67 bilh\u00e3o em <a class=\"suno-keyword\" href=\"https:\/\/www.suno.com.br\/artigos\/valor-de-mercado\/\" target=\"_blank\" rel=\"noopener\" data-force=\"no\" data-priority=\"1\">valor de mercado<\/a>.<\/p>\n<p>Parte dos ganhos veio depois que o GPA e o Assa\u00ed (ASAI3) anunciaram um transa\u00e7\u00e3o bilion\u00e1ria, na qual o atacarejo comprou <strong>71 lojas Extra por R$ 5,2 bilh\u00f5es<\/strong> e o <strong>P\u00e3o de A\u00e7\u00facar<\/strong> saiu do segmento hipermercados.<\/p>\n\t<p>\n\t\t<a href=\"https:\/\/lp.suno.com.br\/planilha-da-vida-financeira\/\" target=\"_blank\" data-element=\"shortcode-suno-banner\" title=\"Banner SUNO, clique e saiba mais\">\n\t\t\t<picture>\n\t\t\t\t<source media=\"(max-width: 500px)\" srcset=\"https:\/\/files.sunoresearch.com.br\/n\/uploads\/2023\/04\/400x300-Planilha-vida-financeira-true.png\">\n\t\t\t\t<img class=\"newsContent__article__imgCapa newsContent__article__imgCapa--banner\"\n\t\t\t\t\tsrc=\"https:\/\/files.sunoresearch.com.br\/n\/uploads\/2023\/04\/1420x240-Planilha-vida-financeira-true.png\"\n\t\t\t\t\tdata-promo-id=\"106682\"\t\t\t\t\t\t\t\t\t\twidth='1420' height='240'\t\t\t\t\talt=\"https:\/\/files.sunoresearch.com.br\/n\/uploads\/2023\/04\/1420x240-Planilha-vida-financeira-true.png\"\n\t\t\t\t>\n\t\t\t<\/picture>\n\t\t<\/a>\n\t<\/p>\n\n\n<p>O mercado avaliou que o <strong>GPA fez um bom neg\u00f3cio<\/strong>, enquanto o Assa\u00ed pagou caro pela compra, segundo os analistas.\u00a0O Ita\u00fa BBA chegou a rebaixar a recomenda\u00e7\u00e3o do Assa\u00ed de compra para neutro, dizendo que foi um erro n\u00e3o envolver os acionistas minorit\u00e1rios na transa\u00e7\u00e3o.<\/p>\n<p>J\u00e1 o P\u00e3o de A\u00e7\u00facar informou que parte do recurso levantado ser\u00e1 usado para o <strong>pagamento de <a class=\"suno-keyword\" href=\"https:\/\/www.suno.com.br\/guias\/dividendos\/\" target=\"_blank\" rel=\"noopener\" data-force=\"no\" data-priority=\"1\">dividendos<\/a><\/strong> que acontecer\u00e1 em meados de 2022. Em relat\u00f3rio, o Goldman Sachs estima que o pagamento total de dividendos ser\u00e1 de R$ 500 milh\u00f5es.<\/p>\n\t<div data-element=\"shortcode-read-more\" class=\"knowMore\">\n\t\t\t\t<a class=\"knowMore__link\" href=\"https:\/\/www.suno.com.br\/noticias\/gpa-pcar3-assai-asai3-dividendos-2022\/\">\n\t\t\tGPA (PCAR3): Venda de lojas ter\u00e1 impacto positivo em dividendos j\u00e1 em 2022, diz CEO\t\t<\/a>\n\t<\/div>\n\n\n<h2>2. Americanas (AMER3) tamb\u00e9m dispara no Ibovespa<\/h2>\n<p>De carona com a valoriza\u00e7\u00e3o do GPA, a maioria das <strong>varejistas<\/strong> registraram ganhos na sexta-feira (15). A Americanas subiu 9,18%.<\/p>\n<p>Na semana, a <strong>a\u00e7\u00e3o da Americanas<\/strong> acumulou 11% de ganhos no Ibovespa, saindo de R$ 33,59 na segunda (11) para R$ 37,45 ap\u00f3s as opera\u00e7\u00f5es de sexta (15).<\/p>\n\t<div data-element=\"shortcode-read-more\" class=\"knowMore\">\n\t\t\t\t<a class=\"knowMore__link\" href=\"https:\/\/www.suno.com.br\/noticias\/americanas-amer3-bbinvestimentos-compra\/\">\n\t\t\tAmericanas (AMER3) est\u00e1 &quot;muito aqu\u00e9m do valor justo&quot;, diz BB, que v\u00ea upside de 104%\t\t<\/a>\n\t<\/div>\n\n\n<p>Tamb\u00e9m influenciou a <strong>cota\u00e7\u00e3o da Americanas<\/strong> nesta semana a divulga\u00e7\u00e3o das <strong>vendas do varejo<\/strong> no Estados Unidos. As empresas de varejo daqui refletiram o otimismo provocado pelo crescimento inesperado do indicador, que avan\u00e7ou 0,7% em setembro na compara\u00e7\u00e3o com agosto, diante da expectativa de contra\u00e7\u00e3o de 0,2%.<\/p>\n<p>Al\u00e9m disso, em vista do cen\u00e1rio macroecon\u00f4mico do Brasil, analistas dizem que as<strong> a\u00e7\u00f5es das varejistas<\/strong> est\u00e3o sendo negociadas com grandes descontos e preveem um movimento de ajustes na proximidade da Black Friday, em novembro.<\/p>\n\t<p>\n\t\t<a href=\"https:\/\/lp.suno.com.br\/ebook-como-analisar-uma-acao\/\" target=\"_blank\" data-element=\"shortcode-suno-banner\" title=\"Banner SUNO, clique e saiba mais\">\n\t\t\t<picture>\n\t\t\t\t<source media=\"(max-width: 500px)\" srcset=\"https:\/\/files.sunoresearch.com.br\/n\/uploads\/2023\/03\/Ebook-Acoes-Mobile-1.jpg\">\n\t\t\t\t<img class=\"newsContent__article__imgCapa newsContent__article__imgCapa--banner\"\n\t\t\t\t\tsrc=\"https:\/\/files.sunoresearch.com.br\/n\/uploads\/2023\/03\/Ebook-Acoes-Desktop-1.jpg\"\n\t\t\t\t\tdata-promo-id=\"171998\"\t\t\t\t\t\t\t\t\t\twidth='1420' height='286'\t\t\t\t\talt=\"https:\/\/files.sunoresearch.com.br\/n\/uploads\/2023\/03\/Ebook-Acoes-Desktop-1.jpg\"\n\t\t\t\t>\n\t\t\t<\/picture>\n\t\t<\/a>\n\t<\/p>\n\n\n<h2>3. Banco Pan (BPAN4)<\/h2>\n<p>As <strong>a\u00e7\u00f5es do Banco Pan<\/strong> acumularam alta de 8,33% nesta semana, saindo de uma cota\u00e7\u00e3o de R$ 15,65 na segunda-feira (11) para R$ 17,04 ap\u00f3s o preg\u00e3o de sexta (15).<\/p>\n<p>Na quarta feira, o Banco Pan liderou as maiores altas do Ibovespa, acompanhado por outras a\u00e7\u00f5es do <strong>setor de tecnologia<\/strong>. Registrando altas nos dias posteriores tamb\u00e9m.<\/p>\n<p>De acordo com os analistas, o segmento recupera parte das perdas dos preg\u00f5es das semanas anteriores, estimulado pela queda dos juros dos Treasuries longos nos EUA, que afetam especialmente o desempenho dos pap\u00e9is da \u00e1rea no Brasil.<\/p>\n<h2>4. BB Seguridade (BBSE3)<\/h2>\n<p>A <strong>a\u00e7\u00e3o do BB Seguridade<\/strong> tamb\u00e9m se destacou positivamente no Ibovespa durante essa semana, ap\u00f3s acumular uma alta de 8,08% entre os dias 11 e 15 de outubro.<\/p>\n<p>O papel da <strong>empresa de seguros<\/strong> come\u00e7ou a semana cotado a R$ 20,00 e terminou valendo R$ 21,68. Todos os dias da semana o BB Seguridade registrou ganhos na <a class=\"suno-keyword\" href=\"https:\/\/www.suno.com.br\/guias\/bolsa-de-valores\/\" target=\"_blank\" rel=\"noopener\" data-force=\"no\" data-priority=\"3\">bolsa de valores<\/a>.<\/p>\n\t<p>\n\t\t<a href=\"https:\/\/lp.suno.com.br\/planilha-de-controle-de-investimentos\/\" target=\"_blank\" data-element=\"shortcode-suno-banner\" title=\"Banner SUNO, clique e saiba mais\">\n\t\t\t<picture>\n\t\t\t\t<source media=\"(max-width: 500px)\" srcset=\"https:\/\/files.sunoresearch.com.br\/n\/uploads\/2023\/03\/400x300-Controle-de-Investimentos.png\">\n\t\t\t\t<img class=\"newsContent__article__imgCapa newsContent__article__imgCapa--banner\"\n\t\t\t\t\tsrc=\"https:\/\/files.sunoresearch.com.br\/n\/uploads\/2023\/03\/1420x240-Controle-de-Investimentos.png\"\n\t\t\t\t\tdata-promo-id=\"75934\"\t\t\t\t\t\t\t\t\t\twidth='1420' height='240'\t\t\t\t\talt=\"https:\/\/files.sunoresearch.com.br\/n\/uploads\/2023\/03\/1420x240-Controle-de-Investimentos.png\"\n\t\t\t\t>\n\t\t\t<\/picture>\n\t\t<\/a>\n\t<\/p>\n\n\n<p>A movimenta\u00e7\u00e3o de compra das a\u00e7\u00f5es n\u00e3o foi impulsionada por nenhuma not\u00edcia corporativa ou mudan\u00e7as no cen\u00e1rio macro. De acordo com analistas, \u00e9 um movimento de ajuste de valoriza\u00e7\u00e3o.<\/p>\n<p>As empresas de seguros, como o BB Seguridade e a <strong>Caixa Seguridade<\/strong> (CXSE3) foram bem prejudicadas pela pandemia. No ano, os pap\u00e9is do BB ca\u00edram 28,55% enquanto os pap\u00e9is da Caixa Seguridade derreteram 14,9%. Agora, parte dos investidores olha para o setor com a melhora do cen\u00e1rio sanit\u00e1rio.<\/p>\n<h2>5. Lojas Americanas (LAME4)<\/h2>\n<p>Assim como sua similar Americanas, a <strong>a\u00e7\u00e3o das Lojas Americanas<\/strong> pegou carona com outras varejistas na subida do GPA. A maior parte dos ganhos foi registrado na sexta-feira (15), ap\u00f3s a empresa subir 6,41% no Ibovespa.<\/p>\n<p>Na semana, de segunda (11) a sexta (15), a cota\u00e7\u00e3o das Lojas Americanas valorizou 6,20%, saindo de um pre\u00e7o de R$ 5,01 para R$ 5,31.<\/p>\n\t<div data-element=\"shortcode-read-more\" class=\"knowMore\">\n\t\t\t\t<a class=\"knowMore__link\" href=\"https:\/\/www.suno.com.br\/noticias\/americanas-amer3-bbinvestimentos-compra\/\">\n\t\t\tAmericanas (AMER3) est\u00e1 &quot;muito aqu\u00e9m do valor justo&quot;, diz BB, que v\u00ea upside de 104%\t\t<\/a>\n\t<\/div>\n\n\n<h2>\u00daltima cota\u00e7\u00e3o do Ibovespa<\/h2>\n<p>O\u00a0<strong>Ibovespa\u00a0<\/strong>registrou forte alta de 1,29% na sexta-feira (15) e fechou aos 114.648 pontos, fortalecendo a alta da semana.<\/p>\n\t<p>\n\t\t<a href=\"\" target=\"_blank\" data-element=\"shortcode-suno-banner\" title=\"Banner SUNO, clique e saiba mais\">\n\t\t\t<picture>\n\t\t\t\t<source media=\"(max-width: 500px)\" srcset=\"\">\n\t\t\t\t<img class=\"newsContent__article__imgCapa newsContent__article__imgCapa--banner\"\n\t\t\t\t\tsrc=\"\"\n\t\t\t\t\tdata-promo-id=\"184190\"\t\t\t\t\t\t\t\t\t\t\t\t\t\t\talt=\"\"\n\t\t\t\t>\n\t\t\t<\/picture>\n\t\t<\/a>\n\t<\/p>\n\n\n","protected":false},"excerpt":{"rendered":"<p>Ap\u00f3s sair do segmento de hipermercados ao vender 71 lojas Extra para o Assa\u00ed (ASAI3), o GPA (PCAR3) disparou no Ibovespa e figura como maior alta do \u00edndice na semana disparado: +25,85% de valoriza\u00e7\u00e3o. P\u00e3o de A\u00e7\u00facar (PCAR3). Foto: Divulga\u00e7\u00e3o Entre as maiores altas do Ibovespa nesta semana tamb\u00e9m est\u00e3o as a\u00e7\u00f5es das Americanas (AMER3), [&hellip;]<\/p>\n","protected":false},"author":102,"featured_media":130336,"comment_status":"closed","ping_status":"closed","sticky":false,"template":"","format":"standard","meta":[],"categories":[60],"tags":[106605,370,378,1964,721,539],"suno_strategy":[],"class_list":["post-194329","post","type-post","status-publish","format-standard","has-post-thumbnail","hentry","category-mercado","tag-americanas-s-a-amer3","tag-banco-pan-bpan4","tag-bb-seguridade-bbse3","tag-grupo-pao-de-acucar-pcar3-pcar4","tag-ibovespa","tag-lojas-americanas-lame3-lame4"],"yoast_head":"<!-- This site is optimized with the Yoast SEO plugin v24.4 - https:\/\/yoast.com\/wordpress\/plugins\/seo\/ -->\n<title>Ibovespa: GPA (PCAR3) e Americanas (AMER3) t\u00eam maiores altas<\/title>\n<meta name=\"description\" content=\"As a\u00e7\u00f5es do GPA (PCAR3) e da Americanas (AMER3) tiveram as maiores altas do Ibovespa nesta semana. Clique aqui e veja mais detalhes.\" \/>\n<meta name=\"robots\" content=\"index, follow, max-snippet:-1, max-image-preview:large, max-video-preview:-1\" \/>\n<link rel=\"canonical\" href=\"https:\/\/www.suno.com.br\/noticias\/ibovespa-gpa-pcar3-americanas-amer3-maiores-altas\/\" \/>\n<meta property=\"og:locale\" content=\"pt_BR\" \/>\n<meta property=\"og:type\" content=\"article\" \/>\n<meta property=\"og:title\" content=\"Ibovespa: GPA (PCAR3) e Americanas (AMER3) t\u00eam maiores altas\" \/>\n<meta property=\"og:description\" content=\"As a\u00e7\u00f5es do GPA (PCAR3) e da Americanas (AMER3) tiveram as maiores altas do Ibovespa nesta semana. Clique aqui e veja mais detalhes.\" \/>\n<meta property=\"og:url\" content=\"https:\/\/www.suno.com.br\/noticias\/ibovespa-gpa-pcar3-americanas-amer3-maiores-altas\/\" \/>\n<meta property=\"og:site_name\" content=\"Suno Not\u00edcias\" \/>\n<meta property=\"article:publisher\" content=\"https:\/\/facebook.com\/sunoresearch\" \/>\n<meta property=\"og:image\" content=\"https:\/\/files.sunoresearch.com.br\/n\/uploads\/2021\/03\/916b7c1a-gpa_.jpg\" \/>\n\t<meta property=\"og:image:width\" content=\"1200\" \/>\n\t<meta property=\"og:image:height\" content=\"800\" \/>\n\t<meta property=\"og:image:type\" content=\"image\/jpeg\" \/>\n<meta name=\"author\" content=\"Monique Lima\" \/>\n<meta name=\"twitter:card\" content=\"summary_large_image\" \/>\n<meta name=\"twitter:creator\" content=\"@sunoresearch\" \/>\n<meta name=\"twitter:site\" content=\"@sunoresearch\" \/>\n<meta name=\"twitter:label1\" content=\"Escrito por\" \/>\n\t<meta name=\"twitter:data1\" content=\"Monique Lima\" \/>\n\t<meta name=\"twitter:label2\" content=\"Est. tempo de leitura\" \/>\n\t<meta name=\"twitter:data2\" content=\"4 minutos\" \/>\n<script type=\"application\/ld+json\" class=\"yoast-schema-graph\">{\"@context\":\"https:\/\/schema.org\",\"@graph\":[{\"@type\":\"NewsArticle\",\"@id\":\"https:\/\/www.suno.com.br\/noticias\/ibovespa-gpa-pcar3-americanas-amer3-maiores-altas\/#article\",\"isPartOf\":{\"@id\":\"https:\/\/www.suno.com.br\/noticias\/ibovespa-gpa-pcar3-americanas-amer3-maiores-altas\/\"},\"author\":{\"name\":\"Monique Lima\",\"@id\":\"https:\/\/www.suno.com.br\/noticias\/#\/schema\/person\/d712329319cc9b10f254d02d654cb36a\"},\"headline\":\"Ibovespa: GPA (PCAR3) e Americanas (AMER3) t\u00eam maiores altas da semana\",\"datePublished\":\"2021-10-16T15:29:13+00:00\",\"mainEntityOfPage\":{\"@id\":\"https:\/\/www.suno.com.br\/noticias\/ibovespa-gpa-pcar3-americanas-amer3-maiores-altas\/\"},\"wordCount\":826,\"publisher\":{\"@id\":\"https:\/\/www.suno.com.br\/noticias\/#organization\"},\"image\":{\"@id\":\"https:\/\/www.suno.com.br\/noticias\/ibovespa-gpa-pcar3-americanas-amer3-maiores-altas\/#primaryimage\"},\"thumbnailUrl\":\"https:\/\/files.sunoresearch.com.br\/n\/uploads\/2021\/03\/916b7c1a-gpa_-jpg.webp\",\"keywords\":[\"Americanas (AMER3)\",\"Banco Pan (BPAN4)\",\"BB Seguridade (BBSE3)\",\"Grupo P\u00e3o de A\u00e7\u00facar (PCAR3\/PCAR4)\",\"Ibovespa\",\"Lojas Americanas (LAME3\/LAME4)\"],\"articleSection\":[\"Mercado\"],\"inLanguage\":\"pt-BR\"},{\"@type\":\"WebPage\",\"@id\":\"https:\/\/www.suno.com.br\/noticias\/ibovespa-gpa-pcar3-americanas-amer3-maiores-altas\/\",\"url\":\"https:\/\/www.suno.com.br\/noticias\/ibovespa-gpa-pcar3-americanas-amer3-maiores-altas\/\",\"name\":\"Ibovespa: GPA (PCAR3) e Americanas (AMER3) t\u00eam maiores altas\",\"isPartOf\":{\"@id\":\"https:\/\/www.suno.com.br\/noticias\/#website\"},\"primaryImageOfPage\":{\"@id\":\"https:\/\/www.suno.com.br\/noticias\/ibovespa-gpa-pcar3-americanas-amer3-maiores-altas\/#primaryimage\"},\"image\":{\"@id\":\"https:\/\/www.suno.com.br\/noticias\/ibovespa-gpa-pcar3-americanas-amer3-maiores-altas\/#primaryimage\"},\"thumbnailUrl\":\"https:\/\/files.sunoresearch.com.br\/n\/uploads\/2021\/03\/916b7c1a-gpa_-jpg.webp\",\"datePublished\":\"2021-10-16T15:29:13+00:00\",\"description\":\"As a\u00e7\u00f5es do GPA (PCAR3) e da Americanas (AMER3) tiveram as maiores altas do Ibovespa nesta semana. Clique aqui e veja mais detalhes.\",\"breadcrumb\":{\"@id\":\"https:\/\/www.suno.com.br\/noticias\/ibovespa-gpa-pcar3-americanas-amer3-maiores-altas\/#breadcrumb\"},\"inLanguage\":\"pt-BR\",\"potentialAction\":[{\"@type\":\"ReadAction\",\"target\":[\"https:\/\/www.suno.com.br\/noticias\/ibovespa-gpa-pcar3-americanas-amer3-maiores-altas\/\"]}]},{\"@type\":\"ImageObject\",\"inLanguage\":\"pt-BR\",\"@id\":\"https:\/\/www.suno.com.br\/noticias\/ibovespa-gpa-pcar3-americanas-amer3-maiores-altas\/#primaryimage\",\"url\":\"https:\/\/files.sunoresearch.com.br\/n\/uploads\/2021\/03\/916b7c1a-gpa_-jpg.webp\",\"contentUrl\":\"https:\/\/files.sunoresearch.com.br\/n\/uploads\/2021\/03\/916b7c1a-gpa_-jpg.webp\",\"width\":1200,\"height\":800,\"caption\":\"P\u00e3o de A\u00e7\u00facar (PCAR3). Foto: Divulga\u00e7\u00e3o\"},{\"@type\":\"BreadcrumbList\",\"@id\":\"https:\/\/www.suno.com.br\/noticias\/ibovespa-gpa-pcar3-americanas-amer3-maiores-altas\/#breadcrumb\",\"itemListElement\":[{\"@type\":\"ListItem\",\"position\":1,\"name\":\"Not\u00edcias\",\"item\":\"https:\/\/www.suno.com.br\/noticias\/\"},{\"@type\":\"ListItem\",\"position\":2,\"name\":\"Mercado\",\"item\":\"https:\/\/www.suno.com.br\/noticias\/mercado\/\"},{\"@type\":\"ListItem\",\"position\":3,\"name\":\"Ibovespa: GPA (PCAR3) e Americanas (AMER3) t\u00eam maiores altas da semana\"}]},{\"@type\":\"WebSite\",\"@id\":\"https:\/\/www.suno.com.br\/noticias\/#website\",\"url\":\"https:\/\/www.suno.com.br\/noticias\/\",\"name\":\"Suno Not\u00edcias\",\"description\":\"Seu portal de informa\u00e7\u00e3o sobre o mundo dos investimentos\",\"publisher\":{\"@id\":\"https:\/\/www.suno.com.br\/noticias\/#organization\"},\"potentialAction\":[{\"@type\":\"SearchAction\",\"target\":{\"@type\":\"EntryPoint\",\"urlTemplate\":\"https:\/\/www.suno.com.br\/noticias\/?s={search_term_string}\"},\"query-input\":{\"@type\":\"PropertyValueSpecification\",\"valueRequired\":true,\"valueName\":\"search_term_string\"}}],\"inLanguage\":\"pt-BR\"},{\"@type\":\"Organization\",\"@id\":\"https:\/\/www.suno.com.br\/noticias\/#organization\",\"name\":\"Suno Not\u00edcias\",\"url\":\"https:\/\/www.suno.com.br\/noticias\/\",\"logo\":{\"@type\":\"ImageObject\",\"inLanguage\":\"pt-BR\",\"@id\":\"https:\/\/www.suno.com.br\/noticias\/#\/schema\/logo\/image\/\",\"url\":\"https:\/\/files.sunoresearch.com.br\/n\/uploads\/2021\/09\/suno-logo.png\",\"contentUrl\":\"https:\/\/files.sunoresearch.com.br\/n\/uploads\/2021\/09\/suno-logo.png\",\"width\":180,\"height\":180,\"caption\":\"Suno Not\u00edcias\"},\"image\":{\"@id\":\"https:\/\/www.suno.com.br\/noticias\/#\/schema\/logo\/image\/\"},\"sameAs\":[\"https:\/\/facebook.com\/sunoresearch\",\"https:\/\/x.com\/sunoresearch\",\"https:\/\/www.instagram.com\/suno\",\"https:\/\/www.linkedin.com\/company\/suno-research\/\",\"https:\/\/www.youtube.com\/c\/sunoresearch\"]},{\"@type\":\"Person\",\"@id\":\"https:\/\/www.suno.com.br\/noticias\/#\/schema\/person\/d712329319cc9b10f254d02d654cb36a\",\"name\":\"Monique Lima\",\"image\":{\"@type\":\"ImageObject\",\"inLanguage\":\"pt-BR\",\"@id\":\"https:\/\/www.suno.com.br\/noticias\/#\/schema\/person\/image\/\",\"url\":\"https:\/\/secure.gravatar.com\/avatar\/daee7f16d906c2e9ffed236206ca2c30?s=96&r=g\",\"contentUrl\":\"https:\/\/secure.gravatar.com\/avatar\/daee7f16d906c2e9ffed236206ca2c30?s=96&r=g\",\"caption\":\"Monique Lima\"},\"description\":\"Rep\u00f3rter de Mercado no Suno Not\u00edcias, \u00e9 jornalista com experi\u00eancia na cobertura de economia, empreendedorismo, finan\u00e7as pessoais, mercado financeiro, carreira e recursos humanos. Formada em Jornalismo pela Universidade Paulista, teve experi\u00eancias em ve\u00edculos de comunica\u00e7\u00e3o como a Ag\u00eancia TradeMap, Revista Voc\u00ea S\/A e Revista Voc\u00ea RH, as duas \u00faltimas publica\u00e7\u00f5es da Editora Abril. No Suno Not\u00edcias, fala sobre as principais not\u00edcias de Fundos Imobili\u00e1rios, Fiagro, Startups e empresas listadas na Bolsa.\",\"url\":\"https:\/\/www.suno.com.br\/noticias\/author\/monique-lima\/\"}]}<\/script>\n<!-- \/ Yoast SEO plugin. -->","yoast_head_json":{"title":"Ibovespa: GPA (PCAR3) e Americanas (AMER3) t\u00eam maiores altas","description":"As a\u00e7\u00f5es do GPA (PCAR3) e da Americanas (AMER3) tiveram as maiores altas do Ibovespa nesta semana. Clique aqui e veja mais detalhes.","robots":{"index":"index","follow":"follow","max-snippet":"max-snippet:-1","max-image-preview":"max-image-preview:large","max-video-preview":"max-video-preview:-1"},"canonical":"https:\/\/www.suno.com.br\/noticias\/ibovespa-gpa-pcar3-americanas-amer3-maiores-altas\/","og_locale":"pt_BR","og_type":"article","og_title":"Ibovespa: GPA (PCAR3) e Americanas (AMER3) t\u00eam maiores altas","og_description":"As a\u00e7\u00f5es do GPA (PCAR3) e da Americanas (AMER3) tiveram as maiores altas do Ibovespa nesta semana. Clique aqui e veja mais detalhes.","og_url":"https:\/\/www.suno.com.br\/noticias\/ibovespa-gpa-pcar3-americanas-amer3-maiores-altas\/","og_site_name":"Suno Not\u00edcias","article_publisher":"https:\/\/facebook.com\/sunoresearch","og_image":[{"width":1200,"height":800,"url":"https:\/\/files.sunoresearch.com.br\/n\/uploads\/2021\/03\/916b7c1a-gpa_.jpg","type":"image\/jpeg"}],"author":"Monique Lima","twitter_card":"summary_large_image","twitter_creator":"@sunoresearch","twitter_site":"@sunoresearch","twitter_misc":{"Escrito por":"Monique Lima","Est. tempo de leitura":"4 minutos"},"schema":{"@context":"https:\/\/schema.org","@graph":[{"@type":"NewsArticle","@id":"https:\/\/www.suno.com.br\/noticias\/ibovespa-gpa-pcar3-americanas-amer3-maiores-altas\/#article","isPartOf":{"@id":"https:\/\/www.suno.com.br\/noticias\/ibovespa-gpa-pcar3-americanas-amer3-maiores-altas\/"},"author":{"name":"Monique Lima","@id":"https:\/\/www.suno.com.br\/noticias\/#\/schema\/person\/d712329319cc9b10f254d02d654cb36a"},"headline":"Ibovespa: GPA (PCAR3) e Americanas (AMER3) t\u00eam maiores altas da semana","datePublished":"2021-10-16T15:29:13+00:00","mainEntityOfPage":{"@id":"https:\/\/www.suno.com.br\/noticias\/ibovespa-gpa-pcar3-americanas-amer3-maiores-altas\/"},"wordCount":826,"publisher":{"@id":"https:\/\/www.suno.com.br\/noticias\/#organization"},"image":{"@id":"https:\/\/www.suno.com.br\/noticias\/ibovespa-gpa-pcar3-americanas-amer3-maiores-altas\/#primaryimage"},"thumbnailUrl":"https:\/\/files.sunoresearch.com.br\/n\/uploads\/2021\/03\/916b7c1a-gpa_-jpg.webp","keywords":["Americanas (AMER3)","Banco Pan (BPAN4)","BB Seguridade (BBSE3)","Grupo P\u00e3o de A\u00e7\u00facar (PCAR3\/PCAR4)","Ibovespa","Lojas Americanas (LAME3\/LAME4)"],"articleSection":["Mercado"],"inLanguage":"pt-BR"},{"@type":"WebPage","@id":"https:\/\/www.suno.com.br\/noticias\/ibovespa-gpa-pcar3-americanas-amer3-maiores-altas\/","url":"https:\/\/www.suno.com.br\/noticias\/ibovespa-gpa-pcar3-americanas-amer3-maiores-altas\/","name":"Ibovespa: GPA (PCAR3) e Americanas (AMER3) t\u00eam maiores altas","isPartOf":{"@id":"https:\/\/www.suno.com.br\/noticias\/#website"},"primaryImageOfPage":{"@id":"https:\/\/www.suno.com.br\/noticias\/ibovespa-gpa-pcar3-americanas-amer3-maiores-altas\/#primaryimage"},"image":{"@id":"https:\/\/www.suno.com.br\/noticias\/ibovespa-gpa-pcar3-americanas-amer3-maiores-altas\/#primaryimage"},"thumbnailUrl":"https:\/\/files.sunoresearch.com.br\/n\/uploads\/2021\/03\/916b7c1a-gpa_-jpg.webp","datePublished":"2021-10-16T15:29:13+00:00","description":"As a\u00e7\u00f5es do GPA (PCAR3) e da Americanas (AMER3) tiveram as maiores altas do Ibovespa nesta semana. Clique aqui e veja mais detalhes.","breadcrumb":{"@id":"https:\/\/www.suno.com.br\/noticias\/ibovespa-gpa-pcar3-americanas-amer3-maiores-altas\/#breadcrumb"},"inLanguage":"pt-BR","potentialAction":[{"@type":"ReadAction","target":["https:\/\/www.suno.com.br\/noticias\/ibovespa-gpa-pcar3-americanas-amer3-maiores-altas\/"]}]},{"@type":"ImageObject","inLanguage":"pt-BR","@id":"https:\/\/www.suno.com.br\/noticias\/ibovespa-gpa-pcar3-americanas-amer3-maiores-altas\/#primaryimage","url":"https:\/\/files.sunoresearch.com.br\/n\/uploads\/2021\/03\/916b7c1a-gpa_-jpg.webp","contentUrl":"https:\/\/files.sunoresearch.com.br\/n\/uploads\/2021\/03\/916b7c1a-gpa_-jpg.webp","width":1200,"height":800,"caption":"P\u00e3o de A\u00e7\u00facar (PCAR3). Foto: Divulga\u00e7\u00e3o"},{"@type":"BreadcrumbList","@id":"https:\/\/www.suno.com.br\/noticias\/ibovespa-gpa-pcar3-americanas-amer3-maiores-altas\/#breadcrumb","itemListElement":[{"@type":"ListItem","position":1,"name":"Not\u00edcias","item":"https:\/\/www.suno.com.br\/noticias\/"},{"@type":"ListItem","position":2,"name":"Mercado","item":"https:\/\/www.suno.com.br\/noticias\/mercado\/"},{"@type":"ListItem","position":3,"name":"Ibovespa: GPA (PCAR3) e Americanas (AMER3) t\u00eam maiores altas da semana"}]},{"@type":"WebSite","@id":"https:\/\/www.suno.com.br\/noticias\/#website","url":"https:\/\/www.suno.com.br\/noticias\/","name":"Suno Not\u00edcias","description":"Seu portal de informa\u00e7\u00e3o sobre o mundo dos investimentos","publisher":{"@id":"https:\/\/www.suno.com.br\/noticias\/#organization"},"potentialAction":[{"@type":"SearchAction","target":{"@type":"EntryPoint","urlTemplate":"https:\/\/www.suno.com.br\/noticias\/?s={search_term_string}"},"query-input":{"@type":"PropertyValueSpecification","valueRequired":true,"valueName":"search_term_string"}}],"inLanguage":"pt-BR"},{"@type":"Organization","@id":"https:\/\/www.suno.com.br\/noticias\/#organization","name":"Suno Not\u00edcias","url":"https:\/\/www.suno.com.br\/noticias\/","logo":{"@type":"ImageObject","inLanguage":"pt-BR","@id":"https:\/\/www.suno.com.br\/noticias\/#\/schema\/logo\/image\/","url":"https:\/\/files.sunoresearch.com.br\/n\/uploads\/2021\/09\/suno-logo.png","contentUrl":"https:\/\/files.sunoresearch.com.br\/n\/uploads\/2021\/09\/suno-logo.png","width":180,"height":180,"caption":"Suno Not\u00edcias"},"image":{"@id":"https:\/\/www.suno.com.br\/noticias\/#\/schema\/logo\/image\/"},"sameAs":["https:\/\/facebook.com\/sunoresearch","https:\/\/x.com\/sunoresearch","https:\/\/www.instagram.com\/suno","https:\/\/www.linkedin.com\/company\/suno-research\/","https:\/\/www.youtube.com\/c\/sunoresearch"]},{"@type":"Person","@id":"https:\/\/www.suno.com.br\/noticias\/#\/schema\/person\/d712329319cc9b10f254d02d654cb36a","name":"Monique Lima","image":{"@type":"ImageObject","inLanguage":"pt-BR","@id":"https:\/\/www.suno.com.br\/noticias\/#\/schema\/person\/image\/","url":"https:\/\/secure.gravatar.com\/avatar\/daee7f16d906c2e9ffed236206ca2c30?s=96&r=g","contentUrl":"https:\/\/secure.gravatar.com\/avatar\/daee7f16d906c2e9ffed236206ca2c30?s=96&r=g","caption":"Monique Lima"},"description":"Rep\u00f3rter de Mercado no Suno Not\u00edcias, \u00e9 jornalista com experi\u00eancia na cobertura de economia, empreendedorismo, finan\u00e7as pessoais, mercado financeiro, carreira e recursos humanos. Formada em Jornalismo pela Universidade Paulista, teve experi\u00eancias em ve\u00edculos de comunica\u00e7\u00e3o como a Ag\u00eancia TradeMap, Revista Voc\u00ea S\/A e Revista Voc\u00ea RH, as duas \u00faltimas publica\u00e7\u00f5es da Editora Abril. No Suno Not\u00edcias, fala sobre as principais not\u00edcias de Fundos Imobili\u00e1rios, Fiagro, Startups e empresas listadas na Bolsa.","url":"https:\/\/www.suno.com.br\/noticias\/author\/monique-lima\/"}]}},"default_loop_html":"<div class=\"cardsPage__listCard__boxs\"><div class=\"cardsPage__listCard__boxs__img\"><a href=\"https:\/\/www.suno.com.br\/noticias\/ibovespa-gpa-pcar3-americanas-amer3-maiores-altas\/\"><img class=\"mask\" src=\"https:\/\/www.suno.com.br\/noticias\/wp-content\/themes\/suno\/resources\/images\/spotlight\/spotlight1img\/bg-mask.png\" alt=\"Image Mask\"\/><img src=\"https:\/\/files.sunoresearch.com.br\/n\/uploads\/2021\/03\/916b7c1a-gpa_-400x200.webp\" alt=\"Ibovespa: GPA (PCAR3) e Americanas (AMER3) t\u00eam maiores altas da semana\"\/><\/a><span class=\"spotlightCategory\"><a href=\"https:\/\/www.suno.com.br\/noticias\/mercado\/\">Mercado<\/a><\/span><\/div><div class=\"cardsPage__listCard__boxs__content\"><a href=\"https:\/\/www.suno.com.br\/noticias\/ibovespa-gpa-pcar3-americanas-amer3-maiores-altas\/\"><h2 class=\"content__title\">Ibovespa: GPA (PCAR3) e Americanas (AMER3) t\u00eam maiores altas da semana<\/h2><\/a><div class=\"newsContent__article__meta\"><div class=\"newsContent__article__meta__authorBox\"><a href=\"https:\/\/www.suno.com.br\/noticias\/author\/monique-lima\/\" class=\"authorBox__avatar noMobi\"><img src=\"https:\/\/secure.gravatar.com\/avatar\/daee7f16d906c2e9ffed236206ca2c30?s=96&#038;r=g\" alt=\"Monique Lima\"><\/a><div class=\"authorBox__name\"><span>por\n\t\t\t<a href=\"https:\/\/www.suno.com.br\/noticias\/author\/monique-lima\/\"><span itemprop=\"author\">Monique Lima<\/span><\/a><\/span><time datetime=\"2021-10-16T12:29:13-03:00\" itemprop=\"datePublished\">16\/10\/2021 12:29<\/time><\/div><\/div><\/div><\/div><\/div>","single_layout":"posts","amp_enabled":true,"_links":{"self":[{"href":"https:\/\/www.suno.com.br\/noticias\/wp-json\/wp\/v2\/posts\/194329"}],"collection":[{"href":"https:\/\/www.suno.com.br\/noticias\/wp-json\/wp\/v2\/posts"}],"about":[{"href":"https:\/\/www.suno.com.br\/noticias\/wp-json\/wp\/v2\/types\/post"}],"author":[{"embeddable":true,"href":"https:\/\/www.suno.com.br\/noticias\/wp-json\/wp\/v2\/users\/102"}],"replies":[{"embeddable":true,"href":"https:\/\/www.suno.com.br\/noticias\/wp-json\/wp\/v2\/comments?post=194329"}],"version-history":[{"count":1,"href":"https:\/\/www.suno.com.br\/noticias\/wp-json\/wp\/v2\/posts\/194329\/revisions"}],"predecessor-version":[{"id":194333,"href":"https:\/\/www.suno.com.br\/noticias\/wp-json\/wp\/v2\/posts\/194329\/revisions\/194333"}],"wp:featuredmedia":[{"embeddable":true,"href":"https:\/\/www.suno.com.br\/noticias\/wp-json\/wp\/v2\/media\/130336"}],"wp:attachment":[{"href":"https:\/\/www.suno.com.br\/noticias\/wp-json\/wp\/v2\/media?parent=194329"}],"wp:term":[{"taxonomy":"category","embeddable":true,"href":"https:\/\/www.suno.com.br\/noticias\/wp-json\/wp\/v2\/categories?post=194329"},{"taxonomy":"post_tag","embeddable":true,"href":"https:\/\/www.suno.com.br\/noticias\/wp-json\/wp\/v2\/tags?post=194329"},{"taxonomy":"suno_strategy","embeddable":true,"href":"https:\/\/www.suno.com.br\/noticias\/wp-json\/wp\/v2\/suno_strategy?post=194329"}],"curies":[{"name":"wp","href":"https:\/\/api.w.org\/{rel}","templated":true}]}}