{"id":194169,"date":"2021-10-15T19:23:11","date_gmt":"2021-10-15T22:23:11","guid":{"rendered":"https:\/\/www.suno.com.br\/noticias\/?p=194169"},"modified":"2021-10-15T19:23:20","modified_gmt":"2021-10-15T22:23:20","slug":"campos-neto-inflaao-2022-perfeitamente-possivel","status":"publish","type":"post","link":"https:\/\/www.suno.com.br\/noticias\/campos-neto-inflaao-2022-perfeitamente-possivel\/","title":{"rendered":"Campos Neto: levar a infla\u00e7\u00e3o de 2022 para meta \u00e9 &#8220;perfeitamente poss\u00edvel&#8221;"},"content":{"rendered":"<p>O presidente do Banco Central, Roberto <strong>Campos Neto<\/strong>, comentou nesta sexta (15) a meta da autoridade monet\u00e1ria de 2022 para a infla\u00e7\u00e3o: <em>\u201c<\/em>\u00c9\u00a0perfeitamente poss\u00edvel fazer o trabalho, a menos que outros choques aconte\u00e7am, com esse ritmo que estamos mantendo<em>\u201d. &#8220;<\/em>Entendemos que \u00e9 importante ancorar as expectativas<em>&#8220;. <\/em>disse, refor\u00e7ando que o BC far\u00e1 o que for preciso para cumprir a meta.<\/p>\t<div class=\"wrapper-featured-image\">\n\t\t<figure class=\"spotlightImg\">\n\n\t\t\t<picture>\n\t\t\t\t<source media=\"(max-width: 768px)\" srcset=\"https:\/\/files.sunoresearch.com.br\/n\/uploads\/2021\/08\/7c8cf9e9-jfcrz_191119mcal57152963-400x200.jpg\">\n\t\t\t\t<img loading=\"lazy\" decoding=\"async\" class=\"newsContent__article__imgCapa lazyloadDisabled \" src=\"https:\/\/files.sunoresearch.com.br\/n\/uploads\/2021\/08\/7c8cf9e9-jfcrz_191119mcal57152963-800x450.jpg\" width=\"800\" height=\"450\" alt=\"Campos Neto: levar a infla\u00e7\u00e3o de 2022 para meta \u00e9 &#8220;perfeitamente poss\u00edvel&#8221;\" fetchpriority=high \/>\n\t\t\t<\/picture>\n\n\t\t\t<figcaption class=\"wp-caption-text wp-caption-text--show\">Campos Neto Foto: Ag\u00eancia Brasil.<\/figcaption>\n\t\t<\/figure>\n\t<\/div>\n\n\n\t<p>\n\t\t<a href=\"https:\/\/lp.suno.com.br\/planilha-controle-gastos\/\" target=\"_blank\" data-element=\"shortcode-suno-banner\" title=\"Banner SUNO, clique e saiba mais\">\n\t\t\t<picture>\n\t\t\t\t<source media=\"(max-width: 500px)\" srcset=\"https:\/\/files.sunoresearch.com.br\/n\/uploads\/2023\/03\/400x300-Planilha-controle-de-gastos.png\">\n\t\t\t\t<img class=\"newsContent__article__imgCapa newsContent__article__imgCapa--banner\"\n\t\t\t\t\tsrc=\"https:\/\/files.sunoresearch.com.br\/n\/uploads\/2023\/03\/1420x240-Planilha-controle-de-gastos.png\"\n\t\t\t\t\tdata-promo-id=\"101751\"\t\t\t\t\t\t\t\t\t\twidth='1420' height='240'\t\t\t\t\talt=\"https:\/\/files.sunoresearch.com.br\/n\/uploads\/2023\/03\/1420x240-Planilha-controle-de-gastos.png\"\n\t\t\t\t>\n\t\t\t<\/picture>\n\t\t<\/a>\n\t<\/p>\n\n\n<p>Campos Neto repetiu ainda que o Brasil tem um dos maiores aumentos de pre\u00e7os de energia atualmente, mas que isso se deve tanto a problemas dom\u00e9sticos quanto\u00a0 externos. Ele lembrou que, no Brasil, o pre\u00e7o da gasolina tamb\u00e9m \u00e9 influenciado pelo etanol e pelos custos de transportes. O <strong>presidente do BC<\/strong> tamb\u00e9m destacou que os pre\u00e7os de energia est\u00e3o crescendo &#8220;mais e mais&#8221; nos pa\u00edses desenvolvidos.<\/p>\n<p>Quanto aos servi\u00e7os, Campos Neto disse que os pre\u00e7os est\u00e3o subindo na margem e continuam em n\u00edveis baixos.<\/p>\n<h2><b>Ritmo de ajuste<\/b><\/h2>\n<p>Ap\u00f3s uma sequ\u00eancia de declara\u00e7\u00f5es de diretores do BC nos \u00faltimos dias de que &#8220;n\u00e3o h\u00e1 compromisso&#8221; com o passo de alta de juros (atualmente em 1 ponto porcentual), Campos Neto disse que &#8220;a melhor maneira de agir \u00e9 manter o ritmo de ajuste&#8221;.<\/p>\n<p>Segundo Campos Neto, os modelos do BC indicam que o n\u00edvel final da <a class=\"suno-keyword\" href=\"https:\/\/www.suno.com.br\/artigos\/taxa-selic\/\" target=\"_blank\" rel=\"noopener\" data-force=\"no\" data-priority=\"3\">taxa Selic<\/a> \u00e9 mais importante do que o ritmo de ajuste para alcan\u00e7ar o objetivo de levar infla\u00e7\u00e3o para a meta. Al\u00e9m disso, em um momento de muitas incertezas, o passo atual d\u00e1 mais tempo para analisar o cen\u00e1rio, conforme ele. &#8220;O tempo para decifrar informa\u00e7\u00f5es \u00e9 muito valioso.&#8221;<\/p>\n\t<p>\n\t\t<a href=\"https:\/\/lp.suno.com.br\/planilha-da-vida-financeira\/\" target=\"_blank\" data-element=\"shortcode-suno-banner\" title=\"Banner SUNO, clique e saiba mais\">\n\t\t\t<picture>\n\t\t\t\t<source media=\"(max-width: 500px)\" srcset=\"https:\/\/files.sunoresearch.com.br\/n\/uploads\/2023\/04\/400x300-Planilha-vida-financeira-true.png\">\n\t\t\t\t<img class=\"newsContent__article__imgCapa newsContent__article__imgCapa--banner\"\n\t\t\t\t\tsrc=\"https:\/\/files.sunoresearch.com.br\/n\/uploads\/2023\/04\/1420x240-Planilha-vida-financeira-true.png\"\n\t\t\t\t\tdata-promo-id=\"106682\"\t\t\t\t\t\t\t\t\t\twidth='1420' height='240'\t\t\t\t\talt=\"https:\/\/files.sunoresearch.com.br\/n\/uploads\/2023\/04\/1420x240-Planilha-vida-financeira-true.png\"\n\t\t\t\t>\n\t\t\t<\/picture>\n\t\t<\/a>\n\t<\/p>\n\n\n<p>Em rela\u00e7\u00e3o \u00e0s perspectivas futuras de infla\u00e7\u00e3o, o presidente do BC observou que a <strong>reprecifica\u00e7\u00e3o dos servi\u00e7os<\/strong> represados durante a crise n\u00e3o \u00e9 linear e que \u00e9 dif\u00edcil avaliar quanto da alta desses pre\u00e7os est\u00e1 relacionada a esse repasse atrasado e quanto \u00e9 indexa\u00e7\u00e3o. Campos Neto tamb\u00e9m afirmou que a desacelera\u00e7\u00e3o econ\u00f4mica na \u00c1sia provoca a acomoda\u00e7\u00e3o dos pre\u00e7os de algumas commodities, mas ponderou que, por outro lado, h\u00e1 aumento da energia no mundo.<\/p>\n<p>Campos Neto afirmou que o pico da infla\u00e7\u00e3o em 12 meses deve ser setembro (10,25%) e depois tende a convergir.<\/p>\n<p>Segundo o presidente do BC, o <strong>IPCA<\/strong> de setembro foi melhor do que esperado, mas ele destacou que o BC n\u00e3o se prende a dados de alta frequ\u00eancia e que olha mais a tend\u00eancia e os dados qualitativos.<\/p>\n\t<p>\n\t\t<a href=\"https:\/\/lp.suno.com.br\/ebook-como-analisar-uma-acao\/\" target=\"_blank\" data-element=\"shortcode-suno-banner\" title=\"Banner SUNO, clique e saiba mais\">\n\t\t\t<picture>\n\t\t\t\t<source media=\"(max-width: 500px)\" srcset=\"https:\/\/files.sunoresearch.com.br\/n\/uploads\/2023\/03\/Ebook-Acoes-Mobile-1.jpg\">\n\t\t\t\t<img class=\"newsContent__article__imgCapa newsContent__article__imgCapa--banner\"\n\t\t\t\t\tsrc=\"https:\/\/files.sunoresearch.com.br\/n\/uploads\/2023\/03\/Ebook-Acoes-Desktop-1.jpg\"\n\t\t\t\t\tdata-promo-id=\"171998\"\t\t\t\t\t\t\t\t\t\twidth='1420' height='286'\t\t\t\t\talt=\"https:\/\/files.sunoresearch.com.br\/n\/uploads\/2023\/03\/Ebook-Acoes-Desktop-1.jpg\"\n\t\t\t\t>\n\t\t\t<\/picture>\n\t\t<\/a>\n\t<\/p>\n\n\n<p>Ele tamb\u00e9m voltou a ressaltar que os indicadores de confian\u00e7a est\u00e3o caindo e que a confian\u00e7a dos consumidores est\u00e1 abaixo do indicador relacionado a empresas. O presidente do BC participa de evento online organizado pelo Goldman Sachs.<\/p>\n<h2>Debatemos mudan\u00e7as estruturais na demanda, diz Campos Neto<\/h2>\n<p><a class=\"suno-keyword\" href=\"https:\/\/www.suno.com.br\/tudo-sobre\/roberto-campos-neto\/\" target=\"_blank\" rel=\"noopener\" data-force=\"no\" data-priority=\"2\">Roberto Campos Neto<\/a>, afirmou que, nas reuni\u00f5es do Fundo Monet\u00e1rio Internacional (FMI) esta semana em Washington, foram discutidas as mudan\u00e7as estruturais na demanda com a pandemia de covid-19, com o aumento de consumo de bens em substitui\u00e7\u00e3o aos servi\u00e7os e qual \u00e9 a persist\u00eancia desse fen\u00f4meno.<\/p>\n<p>&#8220;H\u00e1 esse entendimento agora de que estamos vivendo um deslocamento da demanda. N\u00e3o h\u00e1 um problema na oferta, apenas em alguns produtos. A quest\u00e3o \u00e9 quanto tempo esse deslocamento tempor\u00e1rio de demanda ir\u00e1 durar. Achamos que vai durar mais o deslocamento da demanda. E deve ter implica\u00e7\u00f5es para Brasil e o que faremos em termos de <a class=\"suno-keyword\" href=\"https:\/\/www.suno.com.br\/artigos\/politica-monetaria\/\" target=\"_blank\" rel=\"noopener\" data-force=\"no\" data-priority=\"1\">pol\u00edtica monet\u00e1ria<\/a>&#8220;, analisou.<\/p>\n\t<p>\n\t\t<a href=\"https:\/\/lp.suno.com.br\/planilha-de-controle-de-investimentos\/\" target=\"_blank\" data-element=\"shortcode-suno-banner\" title=\"Banner SUNO, clique e saiba mais\">\n\t\t\t<picture>\n\t\t\t\t<source media=\"(max-width: 500px)\" srcset=\"https:\/\/files.sunoresearch.com.br\/n\/uploads\/2023\/03\/400x300-Controle-de-Investimentos.png\">\n\t\t\t\t<img class=\"newsContent__article__imgCapa newsContent__article__imgCapa--banner\"\n\t\t\t\t\tsrc=\"https:\/\/files.sunoresearch.com.br\/n\/uploads\/2023\/03\/1420x240-Controle-de-Investimentos.png\"\n\t\t\t\t\tdata-promo-id=\"75934\"\t\t\t\t\t\t\t\t\t\twidth='1420' height='240'\t\t\t\t\talt=\"https:\/\/files.sunoresearch.com.br\/n\/uploads\/2023\/03\/1420x240-Controle-de-Investimentos.png\"\n\t\t\t\t>\n\t\t\t<\/picture>\n\t\t<\/a>\n\t<\/p>\n\n\n<p>Campos Neto tamb\u00e9m disse que pouco se falou no FMI sobre as consequ\u00eancias do aumento do endividamento dos pa\u00edses provocado pela covid-19.<\/p>\n<p>&#8220;Poucas pessoas no FMI falaram sobre o endividamento. N\u00e3o falaram sobre as consequ\u00eancias disso. Com as baixas taxas de juros e a longa dura\u00e7\u00e3o, o n\u00edvel de endividamento dos pa\u00edses merece mais aten\u00e7\u00e3o&#8221;, disse<strong> Campos Neto.<\/strong><\/p>\n<p><em>(Com informa\u00e7\u00f5es da Ag\u00eancia Estado)<\/em><\/p>\n\t<p>\n\t\t<a href=\"\" target=\"_blank\" data-element=\"shortcode-suno-banner\" title=\"Banner SUNO, clique e saiba mais\">\n\t\t\t<picture>\n\t\t\t\t<source media=\"(max-width: 500px)\" srcset=\"\">\n\t\t\t\t<img class=\"newsContent__article__imgCapa newsContent__article__imgCapa--banner\"\n\t\t\t\t\tsrc=\"\"\n\t\t\t\t\tdata-promo-id=\"184190\"\t\t\t\t\t\t\t\t\t\t\t\t\t\t\talt=\"\"\n\t\t\t\t>\n\t\t\t<\/picture>\n\t\t<\/a>\n\t<\/p>\n\n\n","protected":false},"excerpt":{"rendered":"<p>O presidente do Banco Central, Roberto Campos Neto, comentou nesta sexta (15) a meta da autoridade monet\u00e1ria de 2022 para a infla\u00e7\u00e3o: \u201c\u00c9\u00a0perfeitamente poss\u00edvel fazer o trabalho, a menos que outros choques aconte\u00e7am, com esse ritmo que estamos mantendo\u201d. &#8220;Entendemos que \u00e9 importante ancorar as expectativas&#8220;. disse, refor\u00e7ando que o BC far\u00e1 o que for [&hellip;]<\/p>\n","protected":false},"author":118,"featured_media":179071,"comment_status":"closed","ping_status":"closed","sticky":false,"template":"","format":"standard","meta":[],"categories":[62],"tags":[1842,850,1113],"suno_strategy":[],"class_list":["post-194169","post","type-post","status-publish","format-standard","has-post-thumbnail","hentry","category-economia","tag-banco-central-bc","tag-inflacao","tag-roberto-campos-neto"],"yoast_head":"<!-- This site is optimized with the Yoast SEO plugin v24.4 - https:\/\/yoast.com\/wordpress\/plugins\/seo\/ -->\n<title>Campos Neto: levar a infla\u00e7\u00e3o de 2022 para meta \u00e9 &quot;perfeitamente poss\u00edvel&quot;<\/title>\n<meta name=\"description\" content=\"O presidente do Banco Central, Roberto Campos Neto, disse nesta sexta (15), em rela\u00e7\u00e3o a infla\u00e7\u00e3o para meta de 2022, que \u201c\u00e9...Saiba mais\" \/>\n<meta name=\"robots\" content=\"index, follow, max-snippet:-1, max-image-preview:large, max-video-preview:-1\" \/>\n<link rel=\"canonical\" href=\"https:\/\/www.suno.com.br\/noticias\/campos-neto-inflaao-2022-perfeitamente-possivel\/\" \/>\n<meta property=\"og:locale\" content=\"pt_BR\" \/>\n<meta property=\"og:type\" content=\"article\" \/>\n<meta property=\"og:title\" content=\"Campos Neto: levar a infla\u00e7\u00e3o de 2022 para meta \u00e9 &quot;perfeitamente poss\u00edvel&quot;\" \/>\n<meta property=\"og:description\" content=\"O presidente do Banco Central, Roberto Campos Neto, disse nesta sexta (15), em rela\u00e7\u00e3o a infla\u00e7\u00e3o para meta de 2022, que \u201c\u00e9...Saiba mais\" \/>\n<meta property=\"og:url\" content=\"https:\/\/www.suno.com.br\/noticias\/campos-neto-inflaao-2022-perfeitamente-possivel\/\" \/>\n<meta property=\"og:site_name\" content=\"Suno Not\u00edcias\" \/>\n<meta property=\"article:publisher\" content=\"https:\/\/facebook.com\/sunoresearch\" \/>\n<meta property=\"og:image\" content=\"https:\/\/files.sunoresearch.com.br\/n\/uploads\/2021\/08\/7c8cf9e9-jfcrz_191119mcal57152963-scaled.jpg\" \/>\n\t<meta property=\"og:image:width\" content=\"2560\" \/>\n\t<meta property=\"og:image:height\" content=\"1707\" \/>\n\t<meta property=\"og:image:type\" content=\"image\/jpeg\" \/>\n<meta name=\"author\" content=\"Bruno Galv\u00e3o\" \/>\n<meta name=\"twitter:card\" content=\"summary_large_image\" \/>\n<meta name=\"twitter:creator\" content=\"@sunoresearch\" \/>\n<meta name=\"twitter:site\" content=\"@sunoresearch\" \/>\n<meta name=\"twitter:label1\" content=\"Escrito por\" \/>\n\t<meta name=\"twitter:data1\" content=\"Bruno Galv\u00e3o\" \/>\n\t<meta name=\"twitter:label2\" content=\"Est. tempo de leitura\" \/>\n\t<meta name=\"twitter:data2\" content=\"3 minutos\" \/>\n<script type=\"application\/ld+json\" class=\"yoast-schema-graph\">{\"@context\":\"https:\/\/schema.org\",\"@graph\":[{\"@type\":\"NewsArticle\",\"@id\":\"https:\/\/www.suno.com.br\/noticias\/campos-neto-inflaao-2022-perfeitamente-possivel\/#article\",\"isPartOf\":{\"@id\":\"https:\/\/www.suno.com.br\/noticias\/campos-neto-inflaao-2022-perfeitamente-possivel\/\"},\"author\":{\"name\":\"Bruno Galv\u00e3o\",\"@id\":\"https:\/\/www.suno.com.br\/noticias\/#\/schema\/person\/06f0d962a6b1c54852e4860f16935600\"},\"headline\":\"Campos Neto: levar a infla\u00e7\u00e3o de 2022 para meta \u00e9 &#8220;perfeitamente poss\u00edvel&#8221;\",\"datePublished\":\"2021-10-15T22:23:11+00:00\",\"dateModified\":\"2021-10-15T22:23:20+00:00\",\"mainEntityOfPage\":{\"@id\":\"https:\/\/www.suno.com.br\/noticias\/campos-neto-inflaao-2022-perfeitamente-possivel\/\"},\"wordCount\":683,\"publisher\":{\"@id\":\"https:\/\/www.suno.com.br\/noticias\/#organization\"},\"image\":{\"@id\":\"https:\/\/www.suno.com.br\/noticias\/campos-neto-inflaao-2022-perfeitamente-possivel\/#primaryimage\"},\"thumbnailUrl\":\"https:\/\/files.sunoresearch.com.br\/n\/uploads\/2021\/08\/7c8cf9e9-jfcrz_191119mcal57152963-scaled.jpg\",\"keywords\":[\"Banco Central (BC)\",\"infla\u00e7\u00e3o\",\"Roberto Campos Neto\"],\"articleSection\":[\"Economia\"],\"inLanguage\":\"pt-BR\"},{\"@type\":\"WebPage\",\"@id\":\"https:\/\/www.suno.com.br\/noticias\/campos-neto-inflaao-2022-perfeitamente-possivel\/\",\"url\":\"https:\/\/www.suno.com.br\/noticias\/campos-neto-inflaao-2022-perfeitamente-possivel\/\",\"name\":\"Campos Neto: levar a infla\u00e7\u00e3o de 2022 para meta \u00e9 \\\"perfeitamente poss\u00edvel\\\"\",\"isPartOf\":{\"@id\":\"https:\/\/www.suno.com.br\/noticias\/#website\"},\"primaryImageOfPage\":{\"@id\":\"https:\/\/www.suno.com.br\/noticias\/campos-neto-inflaao-2022-perfeitamente-possivel\/#primaryimage\"},\"image\":{\"@id\":\"https:\/\/www.suno.com.br\/noticias\/campos-neto-inflaao-2022-perfeitamente-possivel\/#primaryimage\"},\"thumbnailUrl\":\"https:\/\/files.sunoresearch.com.br\/n\/uploads\/2021\/08\/7c8cf9e9-jfcrz_191119mcal57152963-scaled.jpg\",\"datePublished\":\"2021-10-15T22:23:11+00:00\",\"dateModified\":\"2021-10-15T22:23:20+00:00\",\"description\":\"O presidente do Banco Central, Roberto Campos Neto, disse nesta sexta (15), em rela\u00e7\u00e3o a infla\u00e7\u00e3o para meta de 2022, que \u201c\u00e9...Saiba mais\",\"breadcrumb\":{\"@id\":\"https:\/\/www.suno.com.br\/noticias\/campos-neto-inflaao-2022-perfeitamente-possivel\/#breadcrumb\"},\"inLanguage\":\"pt-BR\",\"potentialAction\":[{\"@type\":\"ReadAction\",\"target\":[\"https:\/\/www.suno.com.br\/noticias\/campos-neto-inflaao-2022-perfeitamente-possivel\/\"]}]},{\"@type\":\"ImageObject\",\"inLanguage\":\"pt-BR\",\"@id\":\"https:\/\/www.suno.com.br\/noticias\/campos-neto-inflaao-2022-perfeitamente-possivel\/#primaryimage\",\"url\":\"https:\/\/files.sunoresearch.com.br\/n\/uploads\/2021\/08\/7c8cf9e9-jfcrz_191119mcal57152963-scaled.jpg\",\"contentUrl\":\"https:\/\/files.sunoresearch.com.br\/n\/uploads\/2021\/08\/7c8cf9e9-jfcrz_191119mcal57152963-scaled.jpg\",\"width\":2560,\"height\":1707,\"caption\":\"Campos Neto Foto: Ag\u00eancia Brasil.\"},{\"@type\":\"BreadcrumbList\",\"@id\":\"https:\/\/www.suno.com.br\/noticias\/campos-neto-inflaao-2022-perfeitamente-possivel\/#breadcrumb\",\"itemListElement\":[{\"@type\":\"ListItem\",\"position\":1,\"name\":\"Not\u00edcias\",\"item\":\"https:\/\/www.suno.com.br\/noticias\/\"},{\"@type\":\"ListItem\",\"position\":2,\"name\":\"Economia\",\"item\":\"https:\/\/www.suno.com.br\/noticias\/economia\/\"},{\"@type\":\"ListItem\",\"position\":3,\"name\":\"Campos Neto: levar a infla\u00e7\u00e3o de 2022 para meta \u00e9 &#8220;perfeitamente poss\u00edvel&#8221;\"}]},{\"@type\":\"WebSite\",\"@id\":\"https:\/\/www.suno.com.br\/noticias\/#website\",\"url\":\"https:\/\/www.suno.com.br\/noticias\/\",\"name\":\"Suno Not\u00edcias\",\"description\":\"Seu portal de informa\u00e7\u00e3o sobre o mundo dos investimentos\",\"publisher\":{\"@id\":\"https:\/\/www.suno.com.br\/noticias\/#organization\"},\"potentialAction\":[{\"@type\":\"SearchAction\",\"target\":{\"@type\":\"EntryPoint\",\"urlTemplate\":\"https:\/\/www.suno.com.br\/noticias\/?s={search_term_string}\"},\"query-input\":{\"@type\":\"PropertyValueSpecification\",\"valueRequired\":true,\"valueName\":\"search_term_string\"}}],\"inLanguage\":\"pt-BR\"},{\"@type\":\"Organization\",\"@id\":\"https:\/\/www.suno.com.br\/noticias\/#organization\",\"name\":\"Suno Not\u00edcias\",\"url\":\"https:\/\/www.suno.com.br\/noticias\/\",\"logo\":{\"@type\":\"ImageObject\",\"inLanguage\":\"pt-BR\",\"@id\":\"https:\/\/www.suno.com.br\/noticias\/#\/schema\/logo\/image\/\",\"url\":\"https:\/\/files.sunoresearch.com.br\/n\/uploads\/2021\/09\/suno-logo.png\",\"contentUrl\":\"https:\/\/files.sunoresearch.com.br\/n\/uploads\/2021\/09\/suno-logo.png\",\"width\":180,\"height\":180,\"caption\":\"Suno Not\u00edcias\"},\"image\":{\"@id\":\"https:\/\/www.suno.com.br\/noticias\/#\/schema\/logo\/image\/\"},\"sameAs\":[\"https:\/\/facebook.com\/sunoresearch\",\"https:\/\/x.com\/sunoresearch\",\"https:\/\/www.instagram.com\/suno\",\"https:\/\/www.linkedin.com\/company\/suno-research\/\",\"https:\/\/www.youtube.com\/c\/sunoresearch\"]},{\"@type\":\"Person\",\"@id\":\"https:\/\/www.suno.com.br\/noticias\/#\/schema\/person\/06f0d962a6b1c54852e4860f16935600\",\"name\":\"Bruno Galv\u00e3o\",\"image\":{\"@type\":\"ImageObject\",\"inLanguage\":\"pt-BR\",\"@id\":\"https:\/\/www.suno.com.br\/noticias\/#\/schema\/person\/image\/\",\"url\":\"https:\/\/secure.gravatar.com\/avatar\/53598df0b41c00f12f287a912d0e918e?s=96&r=g\",\"contentUrl\":\"https:\/\/secure.gravatar.com\/avatar\/53598df0b41c00f12f287a912d0e918e?s=96&r=g\",\"caption\":\"Bruno Galv\u00e3o\"},\"description\":\"Escreve para o portal Suno Not\u00edcias. \u00c9 estudante de Jornalismo pela Faculdade C\u00e1sper L\u00edbero e Letras pela USP. Entusiasta de tecnologia e intelig\u00eancia artificial.\",\"url\":\"https:\/\/www.suno.com.br\/noticias\/author\/bruno-garcia\/\"}]}<\/script>\n<!-- \/ Yoast SEO plugin. -->","yoast_head_json":{"title":"Campos Neto: levar a infla\u00e7\u00e3o de 2022 para meta \u00e9 \"perfeitamente poss\u00edvel\"","description":"O presidente do Banco Central, Roberto Campos Neto, disse nesta sexta (15), em rela\u00e7\u00e3o a infla\u00e7\u00e3o para meta de 2022, que \u201c\u00e9...Saiba mais","robots":{"index":"index","follow":"follow","max-snippet":"max-snippet:-1","max-image-preview":"max-image-preview:large","max-video-preview":"max-video-preview:-1"},"canonical":"https:\/\/www.suno.com.br\/noticias\/campos-neto-inflaao-2022-perfeitamente-possivel\/","og_locale":"pt_BR","og_type":"article","og_title":"Campos Neto: levar a infla\u00e7\u00e3o de 2022 para meta \u00e9 \"perfeitamente poss\u00edvel\"","og_description":"O presidente do Banco Central, Roberto Campos Neto, disse nesta sexta (15), em rela\u00e7\u00e3o a infla\u00e7\u00e3o para meta de 2022, que \u201c\u00e9...Saiba mais","og_url":"https:\/\/www.suno.com.br\/noticias\/campos-neto-inflaao-2022-perfeitamente-possivel\/","og_site_name":"Suno Not\u00edcias","article_publisher":"https:\/\/facebook.com\/sunoresearch","og_image":[{"width":2560,"height":1707,"url":"https:\/\/files.sunoresearch.com.br\/n\/uploads\/2021\/08\/7c8cf9e9-jfcrz_191119mcal57152963-scaled.jpg","type":"image\/jpeg"}],"author":"Bruno Galv\u00e3o","twitter_card":"summary_large_image","twitter_creator":"@sunoresearch","twitter_site":"@sunoresearch","twitter_misc":{"Escrito por":"Bruno Galv\u00e3o","Est. tempo de leitura":"3 minutos"},"schema":{"@context":"https:\/\/schema.org","@graph":[{"@type":"NewsArticle","@id":"https:\/\/www.suno.com.br\/noticias\/campos-neto-inflaao-2022-perfeitamente-possivel\/#article","isPartOf":{"@id":"https:\/\/www.suno.com.br\/noticias\/campos-neto-inflaao-2022-perfeitamente-possivel\/"},"author":{"name":"Bruno Galv\u00e3o","@id":"https:\/\/www.suno.com.br\/noticias\/#\/schema\/person\/06f0d962a6b1c54852e4860f16935600"},"headline":"Campos Neto: levar a infla\u00e7\u00e3o de 2022 para meta \u00e9 &#8220;perfeitamente poss\u00edvel&#8221;","datePublished":"2021-10-15T22:23:11+00:00","dateModified":"2021-10-15T22:23:20+00:00","mainEntityOfPage":{"@id":"https:\/\/www.suno.com.br\/noticias\/campos-neto-inflaao-2022-perfeitamente-possivel\/"},"wordCount":683,"publisher":{"@id":"https:\/\/www.suno.com.br\/noticias\/#organization"},"image":{"@id":"https:\/\/www.suno.com.br\/noticias\/campos-neto-inflaao-2022-perfeitamente-possivel\/#primaryimage"},"thumbnailUrl":"https:\/\/files.sunoresearch.com.br\/n\/uploads\/2021\/08\/7c8cf9e9-jfcrz_191119mcal57152963-scaled.jpg","keywords":["Banco Central (BC)","infla\u00e7\u00e3o","Roberto Campos Neto"],"articleSection":["Economia"],"inLanguage":"pt-BR"},{"@type":"WebPage","@id":"https:\/\/www.suno.com.br\/noticias\/campos-neto-inflaao-2022-perfeitamente-possivel\/","url":"https:\/\/www.suno.com.br\/noticias\/campos-neto-inflaao-2022-perfeitamente-possivel\/","name":"Campos Neto: levar a infla\u00e7\u00e3o de 2022 para meta \u00e9 \"perfeitamente poss\u00edvel\"","isPartOf":{"@id":"https:\/\/www.suno.com.br\/noticias\/#website"},"primaryImageOfPage":{"@id":"https:\/\/www.suno.com.br\/noticias\/campos-neto-inflaao-2022-perfeitamente-possivel\/#primaryimage"},"image":{"@id":"https:\/\/www.suno.com.br\/noticias\/campos-neto-inflaao-2022-perfeitamente-possivel\/#primaryimage"},"thumbnailUrl":"https:\/\/files.sunoresearch.com.br\/n\/uploads\/2021\/08\/7c8cf9e9-jfcrz_191119mcal57152963-scaled.jpg","datePublished":"2021-10-15T22:23:11+00:00","dateModified":"2021-10-15T22:23:20+00:00","description":"O presidente do Banco Central, Roberto Campos Neto, disse nesta sexta (15), em rela\u00e7\u00e3o a infla\u00e7\u00e3o para meta de 2022, que \u201c\u00e9...Saiba mais","breadcrumb":{"@id":"https:\/\/www.suno.com.br\/noticias\/campos-neto-inflaao-2022-perfeitamente-possivel\/#breadcrumb"},"inLanguage":"pt-BR","potentialAction":[{"@type":"ReadAction","target":["https:\/\/www.suno.com.br\/noticias\/campos-neto-inflaao-2022-perfeitamente-possivel\/"]}]},{"@type":"ImageObject","inLanguage":"pt-BR","@id":"https:\/\/www.suno.com.br\/noticias\/campos-neto-inflaao-2022-perfeitamente-possivel\/#primaryimage","url":"https:\/\/files.sunoresearch.com.br\/n\/uploads\/2021\/08\/7c8cf9e9-jfcrz_191119mcal57152963-scaled.jpg","contentUrl":"https:\/\/files.sunoresearch.com.br\/n\/uploads\/2021\/08\/7c8cf9e9-jfcrz_191119mcal57152963-scaled.jpg","width":2560,"height":1707,"caption":"Campos Neto Foto: Ag\u00eancia Brasil."},{"@type":"BreadcrumbList","@id":"https:\/\/www.suno.com.br\/noticias\/campos-neto-inflaao-2022-perfeitamente-possivel\/#breadcrumb","itemListElement":[{"@type":"ListItem","position":1,"name":"Not\u00edcias","item":"https:\/\/www.suno.com.br\/noticias\/"},{"@type":"ListItem","position":2,"name":"Economia","item":"https:\/\/www.suno.com.br\/noticias\/economia\/"},{"@type":"ListItem","position":3,"name":"Campos Neto: levar a infla\u00e7\u00e3o de 2022 para meta \u00e9 &#8220;perfeitamente poss\u00edvel&#8221;"}]},{"@type":"WebSite","@id":"https:\/\/www.suno.com.br\/noticias\/#website","url":"https:\/\/www.suno.com.br\/noticias\/","name":"Suno Not\u00edcias","description":"Seu portal de informa\u00e7\u00e3o sobre o mundo dos investimentos","publisher":{"@id":"https:\/\/www.suno.com.br\/noticias\/#organization"},"potentialAction":[{"@type":"SearchAction","target":{"@type":"EntryPoint","urlTemplate":"https:\/\/www.suno.com.br\/noticias\/?s={search_term_string}"},"query-input":{"@type":"PropertyValueSpecification","valueRequired":true,"valueName":"search_term_string"}}],"inLanguage":"pt-BR"},{"@type":"Organization","@id":"https:\/\/www.suno.com.br\/noticias\/#organization","name":"Suno Not\u00edcias","url":"https:\/\/www.suno.com.br\/noticias\/","logo":{"@type":"ImageObject","inLanguage":"pt-BR","@id":"https:\/\/www.suno.com.br\/noticias\/#\/schema\/logo\/image\/","url":"https:\/\/files.sunoresearch.com.br\/n\/uploads\/2021\/09\/suno-logo.png","contentUrl":"https:\/\/files.sunoresearch.com.br\/n\/uploads\/2021\/09\/suno-logo.png","width":180,"height":180,"caption":"Suno Not\u00edcias"},"image":{"@id":"https:\/\/www.suno.com.br\/noticias\/#\/schema\/logo\/image\/"},"sameAs":["https:\/\/facebook.com\/sunoresearch","https:\/\/x.com\/sunoresearch","https:\/\/www.instagram.com\/suno","https:\/\/www.linkedin.com\/company\/suno-research\/","https:\/\/www.youtube.com\/c\/sunoresearch"]},{"@type":"Person","@id":"https:\/\/www.suno.com.br\/noticias\/#\/schema\/person\/06f0d962a6b1c54852e4860f16935600","name":"Bruno Galv\u00e3o","image":{"@type":"ImageObject","inLanguage":"pt-BR","@id":"https:\/\/www.suno.com.br\/noticias\/#\/schema\/person\/image\/","url":"https:\/\/secure.gravatar.com\/avatar\/53598df0b41c00f12f287a912d0e918e?s=96&r=g","contentUrl":"https:\/\/secure.gravatar.com\/avatar\/53598df0b41c00f12f287a912d0e918e?s=96&r=g","caption":"Bruno Galv\u00e3o"},"description":"Escreve para o portal Suno Not\u00edcias. \u00c9 estudante de Jornalismo pela Faculdade C\u00e1sper L\u00edbero e Letras pela USP. Entusiasta de tecnologia e intelig\u00eancia artificial.","url":"https:\/\/www.suno.com.br\/noticias\/author\/bruno-garcia\/"}]}},"default_loop_html":"<div class=\"cardsPage__listCard__boxs\"><div class=\"cardsPage__listCard__boxs__img\"><a href=\"https:\/\/www.suno.com.br\/noticias\/campos-neto-inflaao-2022-perfeitamente-possivel\/\"><img class=\"mask\" src=\"https:\/\/www.suno.com.br\/noticias\/wp-content\/themes\/suno\/resources\/images\/spotlight\/spotlight1img\/bg-mask.png\" alt=\"Image Mask\"\/><img src=\"https:\/\/files.sunoresearch.com.br\/n\/uploads\/2021\/08\/7c8cf9e9-jfcrz_191119mcal57152963-400x200.jpg\" alt=\"Campos Neto: levar a infla\u00e7\u00e3o de 2022 para meta \u00e9 &#8220;perfeitamente poss\u00edvel&#8221;\"\/><\/a><span class=\"spotlightCategory\"><a href=\"https:\/\/www.suno.com.br\/noticias\/economia\/\">Economia<\/a><\/span><\/div><div class=\"cardsPage__listCard__boxs__content\"><a href=\"https:\/\/www.suno.com.br\/noticias\/campos-neto-inflaao-2022-perfeitamente-possivel\/\"><h2 class=\"content__title\">Campos Neto: levar a infla\u00e7\u00e3o de 2022 para meta \u00e9 &#8220;perfeitamente poss\u00edvel&#8221;<\/h2><\/a><div class=\"newsContent__article__meta\"><div class=\"newsContent__article__meta__authorBox\"><a href=\"https:\/\/www.suno.com.br\/noticias\/author\/bruno-garcia\/\" class=\"authorBox__avatar noMobi\"><img src=\"https:\/\/secure.gravatar.com\/avatar\/53598df0b41c00f12f287a912d0e918e?s=96&#038;r=g\" alt=\"Bruno Galv\u00e3o\"><\/a><div class=\"authorBox__name\"><span>por\n\t\t\t<a href=\"https:\/\/www.suno.com.br\/noticias\/author\/bruno-garcia\/\"><span itemprop=\"author\">Bruno Galv\u00e3o<\/span><\/a><\/span><time datetime=\"2021-10-15T19:23:11-03:00\" itemprop=\"datePublished\">15\/10\/2021 19:23<\/time><\/div><\/div><\/div><\/div><\/div>","single_layout":"posts","amp_enabled":true,"_links":{"self":[{"href":"https:\/\/www.suno.com.br\/noticias\/wp-json\/wp\/v2\/posts\/194169"}],"collection":[{"href":"https:\/\/www.suno.com.br\/noticias\/wp-json\/wp\/v2\/posts"}],"about":[{"href":"https:\/\/www.suno.com.br\/noticias\/wp-json\/wp\/v2\/types\/post"}],"author":[{"embeddable":true,"href":"https:\/\/www.suno.com.br\/noticias\/wp-json\/wp\/v2\/users\/118"}],"replies":[{"embeddable":true,"href":"https:\/\/www.suno.com.br\/noticias\/wp-json\/wp\/v2\/comments?post=194169"}],"version-history":[{"count":4,"href":"https:\/\/www.suno.com.br\/noticias\/wp-json\/wp\/v2\/posts\/194169\/revisions"}],"predecessor-version":[{"id":194271,"href":"https:\/\/www.suno.com.br\/noticias\/wp-json\/wp\/v2\/posts\/194169\/revisions\/194271"}],"wp:featuredmedia":[{"embeddable":true,"href":"https:\/\/www.suno.com.br\/noticias\/wp-json\/wp\/v2\/media\/179071"}],"wp:attachment":[{"href":"https:\/\/www.suno.com.br\/noticias\/wp-json\/wp\/v2\/media?parent=194169"}],"wp:term":[{"taxonomy":"category","embeddable":true,"href":"https:\/\/www.suno.com.br\/noticias\/wp-json\/wp\/v2\/categories?post=194169"},{"taxonomy":"post_tag","embeddable":true,"href":"https:\/\/www.suno.com.br\/noticias\/wp-json\/wp\/v2\/tags?post=194169"},{"taxonomy":"suno_strategy","embeddable":true,"href":"https:\/\/www.suno.com.br\/noticias\/wp-json\/wp\/v2\/suno_strategy?post=194169"}],"curies":[{"name":"wp","href":"https:\/\/api.w.org\/{rel}","templated":true}]}}