{"id":194108,"date":"2021-10-15T14:11:56","date_gmt":"2021-10-15T17:11:56","guid":{"rendered":"https:\/\/www.suno.com.br\/noticias\/?p=194108"},"modified":"2021-10-15T15:33:41","modified_gmt":"2021-10-15T18:33:41","slug":"assai-asai3-itau-bba-pagou-caro","status":"publish","type":"post","link":"https:\/\/www.suno.com.br\/noticias\/assai-asai3-itau-bba-pagou-caro\/","title":{"rendered":"Assa\u00ed (ASAI3) pagou caro por lojas e errou ao n\u00e3o envolver minorit\u00e1rios, diz BBA"},"content":{"rendered":"<p>As a\u00e7\u00f5es do <a class=\"suno-keyword\" href=\"https:\/\/www.suno.com.br\/acoes\/PCAR3\/\" target=\"_blank\" rel=\"noopener\" data-force=\"yes\" data-priority=\"2\">GPA (PCAR3)<\/a> disparam mais de 14%, enquanto as do <strong>Assa\u00ed<\/strong> (ASAI3) despencam mais de 4% ap\u00f3s a opera\u00e7\u00e3o de compra de 71 lojas do Extra por R$ 5,2 bilh\u00f5es. Por um lado, os acionistas do P\u00e3o de A\u00e7\u00facar est\u00e3o felizes porque a empresa se desfez de ativos que eram desinteressantes para o neg\u00f3cio. Por outro, os s\u00f3cios da <strong>Sendas Distribuidora<\/strong>, nome oficial do Assa\u00ed,\u00a0est\u00e3o incomodados com o fechamento da opera\u00e7\u00e3o sem a consulta dos minorit\u00e1rios.<\/p>\t<div class=\"wrapper-featured-image\">\n\t\t<figure class=\"spotlightImg\">\n\n\t\t\t<picture>\n\t\t\t\t<source media=\"(max-width: 768px)\" srcset=\"https:\/\/files.sunoresearch.com.br\/n\/uploads\/2021\/05\/48918538-gestao-impacto_easy-resize.com_-400x200.webp\">\n\t\t\t\t<img loading=\"lazy\" decoding=\"async\" class=\"newsContent__article__imgCapa lazyloadDisabled \" src=\"https:\/\/files.sunoresearch.com.br\/n\/uploads\/2021\/05\/48918538-gestao-impacto_easy-resize.com_-800x450.webp\" width=\"800\" height=\"450\" alt=\"Assa\u00ed (ASAI3) pagou caro por lojas e errou ao n\u00e3o envolver minorit\u00e1rios, diz BBA\" fetchpriority=high \/>\n\t\t\t<\/picture>\n\n\t\t\t<figcaption class=\"wp-caption-text wp-caption-text--show\">Alto endividamento do consumidor piora balan\u00e7os dos supermercados. Foto: Reprodu\u00e7\u00e3o Site.<\/figcaption>\n\t\t<\/figure>\n\t<\/div>\n\n\n\t<p>\n\t\t<a href=\"https:\/\/lp.suno.com.br\/planilha-controle-gastos\/\" target=\"_blank\" data-element=\"shortcode-suno-banner\" title=\"Banner SUNO, clique e saiba mais\">\n\t\t\t<picture>\n\t\t\t\t<source media=\"(max-width: 500px)\" srcset=\"https:\/\/files.sunoresearch.com.br\/n\/uploads\/2023\/03\/400x300-Planilha-controle-de-gastos.png\">\n\t\t\t\t<img class=\"newsContent__article__imgCapa newsContent__article__imgCapa--banner\"\n\t\t\t\t\tsrc=\"https:\/\/files.sunoresearch.com.br\/n\/uploads\/2023\/03\/1420x240-Planilha-controle-de-gastos.png\"\n\t\t\t\t\tdata-promo-id=\"101751\"\t\t\t\t\t\t\t\t\t\twidth='1420' height='240'\t\t\t\t\talt=\"https:\/\/files.sunoresearch.com.br\/n\/uploads\/2023\/03\/1420x240-Planilha-controle-de-gastos.png\"\n\t\t\t\t>\n\t\t\t<\/picture>\n\t\t<\/a>\n\t<\/p>\n\n\n<p>O<strong> Ita\u00fa BBA<\/strong> rebaixou a recomenda\u00e7\u00e3o para o Assa\u00ed para neutro com pre\u00e7o-alvo de R$ 20,00. &#8220;Estamos profundamente incomodados com o fato que a minoria acionista n\u00e3o est\u00e3o participando do fechamento desta opera\u00e7\u00e3o, e que o Assa\u00ed est\u00e1 pagando a maior avalia\u00e7\u00e3o por loja (mais de R$ 100 milh\u00f5es cada) que j\u00e1 vimos&#8221;, informou o relat\u00f3rio.<\/p>\n<p>Na an\u00e1lise do Ita\u00fa BBA, a transa\u00e7\u00e3o tinha de passar por avalia\u00e7\u00e3o dos<strong> acionistas minorit\u00e1rios<\/strong> porque essa abordagem demonstra uma <strong><a class=\"suno-keyword\" href=\"https:\/\/www.suno.com.br\/artigos\/governanca-corporativa\/\" target=\"_blank\" rel=\"noopener\" data-force=\"no\" data-priority=\"2\">governan\u00e7a corporativa<\/a><\/strong> &#8220;muito melhor&#8221; e geraria mais conforto.<\/p>\n<p>Al\u00e9m disso, a institui\u00e7\u00e3o avalia que a empresa est\u00e1 pagando uma valor muito alto pela aquisi\u00e7\u00e3o das <strong>lojas<\/strong>. O Assa\u00ed est\u00e1 pagando cerca de R$ 57 milh\u00f5es por loja e espera comprometer investimentos adicionais de transforma\u00e7\u00e3o entre R$ 35 a R$ 40 milh\u00f5es. Isso soma mais de R$ 100 milh\u00f5es por loja, em compara\u00e7\u00e3o com os cerca de R$ 65 milh\u00f5es em investimentos que uma nova loja requer atualmente (excluindo im\u00f3veis).<\/p>\n\t<p>\n\t\t<a href=\"https:\/\/lp.suno.com.br\/planilha-da-vida-financeira\/\" target=\"_blank\" data-element=\"shortcode-suno-banner\" title=\"Banner SUNO, clique e saiba mais\">\n\t\t\t<picture>\n\t\t\t\t<source media=\"(max-width: 500px)\" srcset=\"https:\/\/files.sunoresearch.com.br\/n\/uploads\/2023\/04\/400x300-Planilha-vida-financeira-true.png\">\n\t\t\t\t<img class=\"newsContent__article__imgCapa newsContent__article__imgCapa--banner\"\n\t\t\t\t\tsrc=\"https:\/\/files.sunoresearch.com.br\/n\/uploads\/2023\/04\/1420x240-Planilha-vida-financeira-true.png\"\n\t\t\t\t\tdata-promo-id=\"106682\"\t\t\t\t\t\t\t\t\t\twidth='1420' height='240'\t\t\t\t\talt=\"https:\/\/files.sunoresearch.com.br\/n\/uploads\/2023\/04\/1420x240-Planilha-vida-financeira-true.png\"\n\t\t\t\t>\n\t\t\t<\/picture>\n\t\t<\/a>\n\t<\/p>\n\n\n<p>&#8220;O neg\u00f3cio<strong> Atacad\u00e3o\/Makro<\/strong> implicou R$ 68 milh\u00f5es em <a class=\"suno-keyword\" href=\"https:\/\/www.suno.com.br\/artigos\/valor-patrimonial\/\" target=\"_blank\" rel=\"noopener\" data-force=\"no\" data-priority=\"1\">valor patrimonial<\/a> mais de R$ 12 milh\u00f5es em capex por loja e incluiu o imobili\u00e1rio. Embora possa argumentar que os ativos que o Makro vendeu n\u00e3o foram t\u00e3o bons quanto o que o Assa\u00ed est\u00e1 adquirindo, a diferen\u00e7a de avalia\u00e7\u00e3o parece grande&#8221;.<\/p>\n<p>J\u00e1 para o <strong>GPA<\/strong>, o Ita\u00fa v\u00ea como positivo esse desinvestimento do formato hipermercado, uma vez que esse formato tem perdido rapidamente participa\u00e7\u00e3o no mercado brasileiro por raz\u00f5es estruturais.<\/p>\n<p>&#8220;Finalmente, est\u00e1 transa\u00e7\u00e3o fortalece o balan\u00e7o da empresa e adiciona impulso ao seu plano de se concentrar na expans\u00e3o de seus ativos principais&#8221;.<\/p>\n\t<p>\n\t\t<a href=\"https:\/\/lp.suno.com.br\/ebook-como-analisar-uma-acao\/\" target=\"_blank\" data-element=\"shortcode-suno-banner\" title=\"Banner SUNO, clique e saiba mais\">\n\t\t\t<picture>\n\t\t\t\t<source media=\"(max-width: 500px)\" srcset=\"https:\/\/files.sunoresearch.com.br\/n\/uploads\/2023\/03\/Ebook-Acoes-Mobile-1.jpg\">\n\t\t\t\t<img class=\"newsContent__article__imgCapa newsContent__article__imgCapa--banner\"\n\t\t\t\t\tsrc=\"https:\/\/files.sunoresearch.com.br\/n\/uploads\/2023\/03\/Ebook-Acoes-Desktop-1.jpg\"\n\t\t\t\t\tdata-promo-id=\"171998\"\t\t\t\t\t\t\t\t\t\twidth='1420' height='286'\t\t\t\t\talt=\"https:\/\/files.sunoresearch.com.br\/n\/uploads\/2023\/03\/Ebook-Acoes-Desktop-1.jpg\"\n\t\t\t\t>\n\t\t\t<\/picture>\n\t\t<\/a>\n\t<\/p>\n\n\n<h2>GPA vende 71 lojas do Extra ao Assa\u00ed<\/h2>\n<p>O Assa\u00ed fechou na quinta (14) acordo com o GPA\u00a0 para a compra de 71 lojas do hipermercado Extra. O valor total da transa\u00e7\u00e3o foi de R$ 5,2 bi. O GPA ficar\u00e1 sem nenhuma unidade com a bandeira do Extra e sair\u00e1 do segmento de hipermercados.<\/p>\n\t<div data-element=\"shortcode-read-more\" class=\"knowMore\">\n\t\t\t\t<span class=\"knowMore__title\">Veja Tamb\u00e9m<\/span>\n\t\t\t\t<a class=\"knowMore__link\" href=\"https:\/\/www.suno.com.br\/noticias\/gpa-pcar3-assai-asai3-dividendos-2022\/\">\n\t\t\tGPA (PCAR3): Venda de lojas ter\u00e1 impacto positivo em dividendos j\u00e1 em 2022, diz CEO\t\t<\/a>\n\t<\/div>\n\n\n<p>O acordo do P\u00e3o de A\u00e7\u00facar com a Sendas Distribuidora, controladora do Assa\u00ed, inclui um memorando de entendimentos vinculante (MoU), que prev\u00ea a cess\u00e3o ao Assa\u00ed tanto de lojas Extra Hiper em im\u00f3veis pr\u00f3prios como locados de terceiros, al\u00e9m dos respectivos contratos de loca\u00e7\u00e3o &#8211; e pode envolver tamb\u00e9m a aquisi\u00e7\u00e3o pelo Assa\u00ed de certos equipamentos existentes nas lojas.<\/p>\n<p>No <a class=\"suno-keyword\" href=\"https:\/\/www.suno.com.br\/artigos\/fato-relevante\/\" target=\"_blank\" rel=\"noopener\" data-force=\"no\" data-priority=\"1\">fato relevante<\/a>, o Assa\u00ed diz que, do pre\u00e7o total estimado da transa\u00e7\u00e3o, R$ 4 bi dever\u00e3o ser parcelados pelo <strong>Assa\u00ed<\/strong> ao GPA, entre dezembro de 2021 e janeiro de 2024. Al\u00e9m disso, ter\u00e1 a venda de im\u00f3veis pelo valor de R$ 1,2 bilh\u00e3o.<\/p>\n\t<p>\n\t\t<a href=\"https:\/\/lp.suno.com.br\/planilha-de-controle-de-investimentos\/\" target=\"_blank\" data-element=\"shortcode-suno-banner\" title=\"Banner SUNO, clique e saiba mais\">\n\t\t\t<picture>\n\t\t\t\t<source media=\"(max-width: 500px)\" srcset=\"https:\/\/files.sunoresearch.com.br\/n\/uploads\/2023\/03\/400x300-Controle-de-Investimentos.png\">\n\t\t\t\t<img class=\"newsContent__article__imgCapa newsContent__article__imgCapa--banner\"\n\t\t\t\t\tsrc=\"https:\/\/files.sunoresearch.com.br\/n\/uploads\/2023\/03\/1420x240-Controle-de-Investimentos.png\"\n\t\t\t\t\tdata-promo-id=\"75934\"\t\t\t\t\t\t\t\t\t\twidth='1420' height='240'\t\t\t\t\talt=\"https:\/\/files.sunoresearch.com.br\/n\/uploads\/2023\/03\/1420x240-Controle-de-Investimentos.png\"\n\t\t\t\t>\n\t\t\t<\/picture>\n\t\t<\/a>\n\t<\/p>\n\n\n","protected":false},"excerpt":{"rendered":"<p>As a\u00e7\u00f5es do GPA (PCAR3) disparam mais de 14%, enquanto as do Assa\u00ed (ASAI3) despencam mais de 4% ap\u00f3s a opera\u00e7\u00e3o de compra de 71 lojas do Extra por R$ 5,2 bilh\u00f5es. Por um lado, os acionistas do P\u00e3o de A\u00e7\u00facar est\u00e3o felizes porque a empresa se desfez de ativos que eram desinteressantes para o [&hellip;]<\/p>\n","protected":false},"author":15,"featured_media":144686,"comment_status":"closed","ping_status":"closed","sticky":false,"template":"","format":"standard","meta":[],"categories":[64],"tags":[1187,105816,1964],"suno_strategy":[],"class_list":["post-194108","post","type-post","status-publish","format-standard","has-post-thumbnail","hentry","category-negocios","tag-assai-asai3","tag-especialistas","tag-grupo-pao-de-acucar-pcar3-pcar4"],"yoast_head":"<!-- This site is optimized with the Yoast SEO plugin v24.4 - https:\/\/yoast.com\/wordpress\/plugins\/seo\/ -->\n<title>Assa\u00ed (ASAI3) pagou caro por lojas e errou com minorit\u00e1rios, diz BBA<\/title>\n<meta name=\"description\" content=\"O Ita\u00fa BBA rebaixou a recomenda\u00e7\u00e3o para o Assa\u00ed (ASAI3) de compra para neutro com pre\u00e7o-alvo de R$ 20,00. Para saber mais clique aqui\" \/>\n<meta name=\"robots\" content=\"index, follow, max-snippet:-1, max-image-preview:large, max-video-preview:-1\" \/>\n<link rel=\"canonical\" href=\"https:\/\/www.suno.com.br\/noticias\/assai-asai3-itau-bba-pagou-caro\/\" \/>\n<meta property=\"og:locale\" content=\"pt_BR\" \/>\n<meta property=\"og:type\" content=\"article\" \/>\n<meta property=\"og:title\" content=\"Assa\u00ed (ASAI3) pagou caro por lojas e errou com minorit\u00e1rios, diz BBA\" \/>\n<meta property=\"og:description\" content=\"O Ita\u00fa BBA rebaixou a recomenda\u00e7\u00e3o para o Assa\u00ed (ASAI3) de compra para neutro com pre\u00e7o-alvo de R$ 20,00. Para saber mais clique aqui\" \/>\n<meta property=\"og:url\" content=\"https:\/\/www.suno.com.br\/noticias\/assai-asai3-itau-bba-pagou-caro\/\" \/>\n<meta property=\"og:site_name\" content=\"Suno Not\u00edcias\" \/>\n<meta property=\"article:publisher\" content=\"https:\/\/facebook.com\/sunoresearch\" \/>\n<meta property=\"og:image\" content=\"https:\/\/files.sunoresearch.com.br\/n\/uploads\/2021\/05\/48918538-gestao-impacto_easy-resize.com_.jpg\" \/>\n\t<meta property=\"og:image:width\" content=\"1280\" \/>\n\t<meta property=\"og:image:height\" content=\"770\" \/>\n\t<meta property=\"og:image:type\" content=\"image\/jpeg\" \/>\n<meta name=\"author\" content=\"Poliana Santos\" \/>\n<meta name=\"twitter:card\" content=\"summary_large_image\" \/>\n<meta name=\"twitter:creator\" content=\"@sunoresearch\" \/>\n<meta name=\"twitter:site\" content=\"@sunoresearch\" \/>\n<meta name=\"twitter:label1\" content=\"Escrito por\" \/>\n\t<meta name=\"twitter:data1\" content=\"Poliana Santos\" \/>\n\t<meta name=\"twitter:label2\" content=\"Est. tempo de leitura\" \/>\n\t<meta name=\"twitter:data2\" content=\"3 minutos\" \/>\n<script type=\"application\/ld+json\" class=\"yoast-schema-graph\">{\"@context\":\"https:\/\/schema.org\",\"@graph\":[{\"@type\":\"NewsArticle\",\"@id\":\"https:\/\/www.suno.com.br\/noticias\/assai-asai3-itau-bba-pagou-caro\/#article\",\"isPartOf\":{\"@id\":\"https:\/\/www.suno.com.br\/noticias\/assai-asai3-itau-bba-pagou-caro\/\"},\"author\":{\"name\":\"Poliana Santos\",\"@id\":\"https:\/\/www.suno.com.br\/noticias\/#\/schema\/person\/02ec1f752758247878a2bf4abee1aeda\"},\"headline\":\"Assa\u00ed (ASAI3) pagou caro por lojas e errou ao n\u00e3o envolver minorit\u00e1rios, diz BBA\",\"datePublished\":\"2021-10-15T17:11:56+00:00\",\"dateModified\":\"2021-10-15T18:33:41+00:00\",\"mainEntityOfPage\":{\"@id\":\"https:\/\/www.suno.com.br\/noticias\/assai-asai3-itau-bba-pagou-caro\/\"},\"wordCount\":574,\"publisher\":{\"@id\":\"https:\/\/www.suno.com.br\/noticias\/#organization\"},\"image\":{\"@id\":\"https:\/\/www.suno.com.br\/noticias\/assai-asai3-itau-bba-pagou-caro\/#primaryimage\"},\"thumbnailUrl\":\"https:\/\/files.sunoresearch.com.br\/n\/uploads\/2021\/05\/48918538-gestao-impacto_easy-resize.com_-jpg.webp\",\"keywords\":[\"Assa\u00ed (ASAI3)\",\"Especialistas\",\"Grupo P\u00e3o de A\u00e7\u00facar (PCAR3\/PCAR4)\"],\"articleSection\":[\"Neg\u00f3cios\"],\"inLanguage\":\"pt-BR\"},{\"@type\":\"WebPage\",\"@id\":\"https:\/\/www.suno.com.br\/noticias\/assai-asai3-itau-bba-pagou-caro\/\",\"url\":\"https:\/\/www.suno.com.br\/noticias\/assai-asai3-itau-bba-pagou-caro\/\",\"name\":\"Assa\u00ed (ASAI3) pagou caro por lojas e errou com minorit\u00e1rios, diz BBA\",\"isPartOf\":{\"@id\":\"https:\/\/www.suno.com.br\/noticias\/#website\"},\"primaryImageOfPage\":{\"@id\":\"https:\/\/www.suno.com.br\/noticias\/assai-asai3-itau-bba-pagou-caro\/#primaryimage\"},\"image\":{\"@id\":\"https:\/\/www.suno.com.br\/noticias\/assai-asai3-itau-bba-pagou-caro\/#primaryimage\"},\"thumbnailUrl\":\"https:\/\/files.sunoresearch.com.br\/n\/uploads\/2021\/05\/48918538-gestao-impacto_easy-resize.com_-jpg.webp\",\"datePublished\":\"2021-10-15T17:11:56+00:00\",\"dateModified\":\"2021-10-15T18:33:41+00:00\",\"description\":\"O Ita\u00fa BBA rebaixou a recomenda\u00e7\u00e3o para o Assa\u00ed (ASAI3) de compra para neutro com pre\u00e7o-alvo de R$ 20,00. Para saber mais clique aqui\",\"breadcrumb\":{\"@id\":\"https:\/\/www.suno.com.br\/noticias\/assai-asai3-itau-bba-pagou-caro\/#breadcrumb\"},\"inLanguage\":\"pt-BR\",\"potentialAction\":[{\"@type\":\"ReadAction\",\"target\":[\"https:\/\/www.suno.com.br\/noticias\/assai-asai3-itau-bba-pagou-caro\/\"]}]},{\"@type\":\"ImageObject\",\"inLanguage\":\"pt-BR\",\"@id\":\"https:\/\/www.suno.com.br\/noticias\/assai-asai3-itau-bba-pagou-caro\/#primaryimage\",\"url\":\"https:\/\/files.sunoresearch.com.br\/n\/uploads\/2021\/05\/48918538-gestao-impacto_easy-resize.com_-jpg.webp\",\"contentUrl\":\"https:\/\/files.sunoresearch.com.br\/n\/uploads\/2021\/05\/48918538-gestao-impacto_easy-resize.com_-jpg.webp\",\"width\":1280,\"height\":770,\"caption\":\"Alto endividamento do consumidor piora balan\u00e7os dos supermercados. Foto: Reprodu\u00e7\u00e3o Site.\"},{\"@type\":\"BreadcrumbList\",\"@id\":\"https:\/\/www.suno.com.br\/noticias\/assai-asai3-itau-bba-pagou-caro\/#breadcrumb\",\"itemListElement\":[{\"@type\":\"ListItem\",\"position\":1,\"name\":\"Not\u00edcias\",\"item\":\"https:\/\/www.suno.com.br\/noticias\/\"},{\"@type\":\"ListItem\",\"position\":2,\"name\":\"Neg\u00f3cios\",\"item\":\"https:\/\/www.suno.com.br\/noticias\/negocios\/\"},{\"@type\":\"ListItem\",\"position\":3,\"name\":\"Assa\u00ed (ASAI3) pagou caro por lojas e errou ao n\u00e3o envolver minorit\u00e1rios, diz BBA\"}]},{\"@type\":\"WebSite\",\"@id\":\"https:\/\/www.suno.com.br\/noticias\/#website\",\"url\":\"https:\/\/www.suno.com.br\/noticias\/\",\"name\":\"Suno Not\u00edcias\",\"description\":\"Seu portal de informa\u00e7\u00e3o sobre o mundo dos investimentos\",\"publisher\":{\"@id\":\"https:\/\/www.suno.com.br\/noticias\/#organization\"},\"potentialAction\":[{\"@type\":\"SearchAction\",\"target\":{\"@type\":\"EntryPoint\",\"urlTemplate\":\"https:\/\/www.suno.com.br\/noticias\/?s={search_term_string}\"},\"query-input\":{\"@type\":\"PropertyValueSpecification\",\"valueRequired\":true,\"valueName\":\"search_term_string\"}}],\"inLanguage\":\"pt-BR\"},{\"@type\":\"Organization\",\"@id\":\"https:\/\/www.suno.com.br\/noticias\/#organization\",\"name\":\"Suno Not\u00edcias\",\"url\":\"https:\/\/www.suno.com.br\/noticias\/\",\"logo\":{\"@type\":\"ImageObject\",\"inLanguage\":\"pt-BR\",\"@id\":\"https:\/\/www.suno.com.br\/noticias\/#\/schema\/logo\/image\/\",\"url\":\"https:\/\/files.sunoresearch.com.br\/n\/uploads\/2021\/09\/suno-logo.png\",\"contentUrl\":\"https:\/\/files.sunoresearch.com.br\/n\/uploads\/2021\/09\/suno-logo.png\",\"width\":180,\"height\":180,\"caption\":\"Suno Not\u00edcias\"},\"image\":{\"@id\":\"https:\/\/www.suno.com.br\/noticias\/#\/schema\/logo\/image\/\"},\"sameAs\":[\"https:\/\/facebook.com\/sunoresearch\",\"https:\/\/x.com\/sunoresearch\",\"https:\/\/www.instagram.com\/suno\",\"https:\/\/www.linkedin.com\/company\/suno-research\/\",\"https:\/\/www.youtube.com\/c\/sunoresearch\"]},{\"@type\":\"Person\",\"@id\":\"https:\/\/www.suno.com.br\/noticias\/#\/schema\/person\/02ec1f752758247878a2bf4abee1aeda\",\"name\":\"Poliana Santos\",\"image\":{\"@type\":\"ImageObject\",\"inLanguage\":\"pt-BR\",\"@id\":\"https:\/\/www.suno.com.br\/noticias\/#\/schema\/person\/image\/\",\"url\":\"https:\/\/secure.gravatar.com\/avatar\/0645bd32f23d87b2130f2b2dff1d3f8d?s=96&r=g\",\"contentUrl\":\"https:\/\/secure.gravatar.com\/avatar\/0645bd32f23d87b2130f2b2dff1d3f8d?s=96&r=g\",\"caption\":\"Poliana Santos\"},\"description\":\"Rep\u00f3rter no Suno Not\u00edcias, com cobertura em mercado financeiro, economia, finan\u00e7as pessoais, renda fixa e varejo. Jornalista formada pela Faculdade C\u00e1sper L\u00edbero e possui passagem na R\u00e1dio Gazeta AM com a produ\u00e7\u00e3o de conte\u00fado sobre economia, pol\u00edtica, sa\u00fade, moda e m\u00fasica. Possui certificado de conclus\u00e3o do curso de An\u00e1lise de Balan\u00e7os pela Funda\u00e7\u00e3o Bradesco, Agenda Brasil pela FAAP, Educa\u00e7\u00e3o Pol\u00edtica por Alexandre Garcia e do Tesouro Direto e Mercado de A\u00e7\u00f5es pela B3.\",\"url\":\"https:\/\/www.suno.com.br\/noticias\/author\/poliana-santos\/\"}]}<\/script>\n<!-- \/ Yoast SEO plugin. -->","yoast_head_json":{"title":"Assa\u00ed (ASAI3) pagou caro por lojas e errou com minorit\u00e1rios, diz BBA","description":"O Ita\u00fa BBA rebaixou a recomenda\u00e7\u00e3o para o Assa\u00ed (ASAI3) de compra para neutro com pre\u00e7o-alvo de R$ 20,00. Para saber mais clique aqui","robots":{"index":"index","follow":"follow","max-snippet":"max-snippet:-1","max-image-preview":"max-image-preview:large","max-video-preview":"max-video-preview:-1"},"canonical":"https:\/\/www.suno.com.br\/noticias\/assai-asai3-itau-bba-pagou-caro\/","og_locale":"pt_BR","og_type":"article","og_title":"Assa\u00ed (ASAI3) pagou caro por lojas e errou com minorit\u00e1rios, diz BBA","og_description":"O Ita\u00fa BBA rebaixou a recomenda\u00e7\u00e3o para o Assa\u00ed (ASAI3) de compra para neutro com pre\u00e7o-alvo de R$ 20,00. Para saber mais clique aqui","og_url":"https:\/\/www.suno.com.br\/noticias\/assai-asai3-itau-bba-pagou-caro\/","og_site_name":"Suno Not\u00edcias","article_publisher":"https:\/\/facebook.com\/sunoresearch","og_image":[{"width":1280,"height":770,"url":"https:\/\/files.sunoresearch.com.br\/n\/uploads\/2021\/05\/48918538-gestao-impacto_easy-resize.com_.jpg","type":"image\/jpeg"}],"author":"Poliana Santos","twitter_card":"summary_large_image","twitter_creator":"@sunoresearch","twitter_site":"@sunoresearch","twitter_misc":{"Escrito por":"Poliana Santos","Est. tempo de leitura":"3 minutos"},"schema":{"@context":"https:\/\/schema.org","@graph":[{"@type":"NewsArticle","@id":"https:\/\/www.suno.com.br\/noticias\/assai-asai3-itau-bba-pagou-caro\/#article","isPartOf":{"@id":"https:\/\/www.suno.com.br\/noticias\/assai-asai3-itau-bba-pagou-caro\/"},"author":{"name":"Poliana Santos","@id":"https:\/\/www.suno.com.br\/noticias\/#\/schema\/person\/02ec1f752758247878a2bf4abee1aeda"},"headline":"Assa\u00ed (ASAI3) pagou caro por lojas e errou ao n\u00e3o envolver minorit\u00e1rios, diz BBA","datePublished":"2021-10-15T17:11:56+00:00","dateModified":"2021-10-15T18:33:41+00:00","mainEntityOfPage":{"@id":"https:\/\/www.suno.com.br\/noticias\/assai-asai3-itau-bba-pagou-caro\/"},"wordCount":574,"publisher":{"@id":"https:\/\/www.suno.com.br\/noticias\/#organization"},"image":{"@id":"https:\/\/www.suno.com.br\/noticias\/assai-asai3-itau-bba-pagou-caro\/#primaryimage"},"thumbnailUrl":"https:\/\/files.sunoresearch.com.br\/n\/uploads\/2021\/05\/48918538-gestao-impacto_easy-resize.com_-jpg.webp","keywords":["Assa\u00ed (ASAI3)","Especialistas","Grupo P\u00e3o de A\u00e7\u00facar (PCAR3\/PCAR4)"],"articleSection":["Neg\u00f3cios"],"inLanguage":"pt-BR"},{"@type":"WebPage","@id":"https:\/\/www.suno.com.br\/noticias\/assai-asai3-itau-bba-pagou-caro\/","url":"https:\/\/www.suno.com.br\/noticias\/assai-asai3-itau-bba-pagou-caro\/","name":"Assa\u00ed (ASAI3) pagou caro por lojas e errou com minorit\u00e1rios, diz BBA","isPartOf":{"@id":"https:\/\/www.suno.com.br\/noticias\/#website"},"primaryImageOfPage":{"@id":"https:\/\/www.suno.com.br\/noticias\/assai-asai3-itau-bba-pagou-caro\/#primaryimage"},"image":{"@id":"https:\/\/www.suno.com.br\/noticias\/assai-asai3-itau-bba-pagou-caro\/#primaryimage"},"thumbnailUrl":"https:\/\/files.sunoresearch.com.br\/n\/uploads\/2021\/05\/48918538-gestao-impacto_easy-resize.com_-jpg.webp","datePublished":"2021-10-15T17:11:56+00:00","dateModified":"2021-10-15T18:33:41+00:00","description":"O Ita\u00fa BBA rebaixou a recomenda\u00e7\u00e3o para o Assa\u00ed (ASAI3) de compra para neutro com pre\u00e7o-alvo de R$ 20,00. Para saber mais clique aqui","breadcrumb":{"@id":"https:\/\/www.suno.com.br\/noticias\/assai-asai3-itau-bba-pagou-caro\/#breadcrumb"},"inLanguage":"pt-BR","potentialAction":[{"@type":"ReadAction","target":["https:\/\/www.suno.com.br\/noticias\/assai-asai3-itau-bba-pagou-caro\/"]}]},{"@type":"ImageObject","inLanguage":"pt-BR","@id":"https:\/\/www.suno.com.br\/noticias\/assai-asai3-itau-bba-pagou-caro\/#primaryimage","url":"https:\/\/files.sunoresearch.com.br\/n\/uploads\/2021\/05\/48918538-gestao-impacto_easy-resize.com_-jpg.webp","contentUrl":"https:\/\/files.sunoresearch.com.br\/n\/uploads\/2021\/05\/48918538-gestao-impacto_easy-resize.com_-jpg.webp","width":1280,"height":770,"caption":"Alto endividamento do consumidor piora balan\u00e7os dos supermercados. Foto: Reprodu\u00e7\u00e3o Site."},{"@type":"BreadcrumbList","@id":"https:\/\/www.suno.com.br\/noticias\/assai-asai3-itau-bba-pagou-caro\/#breadcrumb","itemListElement":[{"@type":"ListItem","position":1,"name":"Not\u00edcias","item":"https:\/\/www.suno.com.br\/noticias\/"},{"@type":"ListItem","position":2,"name":"Neg\u00f3cios","item":"https:\/\/www.suno.com.br\/noticias\/negocios\/"},{"@type":"ListItem","position":3,"name":"Assa\u00ed (ASAI3) pagou caro por lojas e errou ao n\u00e3o envolver minorit\u00e1rios, diz BBA"}]},{"@type":"WebSite","@id":"https:\/\/www.suno.com.br\/noticias\/#website","url":"https:\/\/www.suno.com.br\/noticias\/","name":"Suno Not\u00edcias","description":"Seu portal de informa\u00e7\u00e3o sobre o mundo dos investimentos","publisher":{"@id":"https:\/\/www.suno.com.br\/noticias\/#organization"},"potentialAction":[{"@type":"SearchAction","target":{"@type":"EntryPoint","urlTemplate":"https:\/\/www.suno.com.br\/noticias\/?s={search_term_string}"},"query-input":{"@type":"PropertyValueSpecification","valueRequired":true,"valueName":"search_term_string"}}],"inLanguage":"pt-BR"},{"@type":"Organization","@id":"https:\/\/www.suno.com.br\/noticias\/#organization","name":"Suno Not\u00edcias","url":"https:\/\/www.suno.com.br\/noticias\/","logo":{"@type":"ImageObject","inLanguage":"pt-BR","@id":"https:\/\/www.suno.com.br\/noticias\/#\/schema\/logo\/image\/","url":"https:\/\/files.sunoresearch.com.br\/n\/uploads\/2021\/09\/suno-logo.png","contentUrl":"https:\/\/files.sunoresearch.com.br\/n\/uploads\/2021\/09\/suno-logo.png","width":180,"height":180,"caption":"Suno Not\u00edcias"},"image":{"@id":"https:\/\/www.suno.com.br\/noticias\/#\/schema\/logo\/image\/"},"sameAs":["https:\/\/facebook.com\/sunoresearch","https:\/\/x.com\/sunoresearch","https:\/\/www.instagram.com\/suno","https:\/\/www.linkedin.com\/company\/suno-research\/","https:\/\/www.youtube.com\/c\/sunoresearch"]},{"@type":"Person","@id":"https:\/\/www.suno.com.br\/noticias\/#\/schema\/person\/02ec1f752758247878a2bf4abee1aeda","name":"Poliana Santos","image":{"@type":"ImageObject","inLanguage":"pt-BR","@id":"https:\/\/www.suno.com.br\/noticias\/#\/schema\/person\/image\/","url":"https:\/\/secure.gravatar.com\/avatar\/0645bd32f23d87b2130f2b2dff1d3f8d?s=96&r=g","contentUrl":"https:\/\/secure.gravatar.com\/avatar\/0645bd32f23d87b2130f2b2dff1d3f8d?s=96&r=g","caption":"Poliana Santos"},"description":"Rep\u00f3rter no Suno Not\u00edcias, com cobertura em mercado financeiro, economia, finan\u00e7as pessoais, renda fixa e varejo. Jornalista formada pela Faculdade C\u00e1sper L\u00edbero e possui passagem na R\u00e1dio Gazeta AM com a produ\u00e7\u00e3o de conte\u00fado sobre economia, pol\u00edtica, sa\u00fade, moda e m\u00fasica. Possui certificado de conclus\u00e3o do curso de An\u00e1lise de Balan\u00e7os pela Funda\u00e7\u00e3o Bradesco, Agenda Brasil pela FAAP, Educa\u00e7\u00e3o Pol\u00edtica por Alexandre Garcia e do Tesouro Direto e Mercado de A\u00e7\u00f5es pela B3.","url":"https:\/\/www.suno.com.br\/noticias\/author\/poliana-santos\/"}]}},"default_loop_html":"<div class=\"cardsPage__listCard__boxs\"><div class=\"cardsPage__listCard__boxs__img\"><a href=\"https:\/\/www.suno.com.br\/noticias\/assai-asai3-itau-bba-pagou-caro\/\"><img class=\"mask\" src=\"https:\/\/www.suno.com.br\/noticias\/wp-content\/themes\/suno\/resources\/images\/spotlight\/spotlight1img\/bg-mask.png\" alt=\"Image Mask\"\/><img src=\"https:\/\/files.sunoresearch.com.br\/n\/uploads\/2021\/05\/48918538-gestao-impacto_easy-resize.com_-400x200.webp\" alt=\"Assa\u00ed (ASAI3) pagou caro por lojas e errou ao n\u00e3o envolver minorit\u00e1rios, diz BBA\"\/><\/a><span class=\"spotlightCategory\"><a href=\"https:\/\/www.suno.com.br\/noticias\/negocios\/\">Neg\u00f3cios<\/a><\/span><\/div><div class=\"cardsPage__listCard__boxs__content\"><a href=\"https:\/\/www.suno.com.br\/noticias\/assai-asai3-itau-bba-pagou-caro\/\"><h2 class=\"content__title\">Assa\u00ed (ASAI3) pagou caro por lojas e errou ao n\u00e3o envolver minorit\u00e1rios, diz BBA<\/h2><\/a><div class=\"newsContent__article__meta\"><div class=\"newsContent__article__meta__authorBox\"><a href=\"https:\/\/www.suno.com.br\/noticias\/author\/poliana-santos\/\" class=\"authorBox__avatar noMobi\"><img src=\"https:\/\/files.sunoresearch.com.br\/n\/uploads\/2020\/08\/7ef34026-whatsapp-image-2020-08-03-at-12.37.57-150x150.webp\" alt=\"Poliana Santos\"><\/a><div class=\"authorBox__name\"><span>por\n\t\t\t<a href=\"https:\/\/www.suno.com.br\/noticias\/author\/poliana-santos\/\"><span itemprop=\"author\">Poliana Santos<\/span><\/a><\/span><time datetime=\"2021-10-15T14:11:56-03:00\" itemprop=\"datePublished\">15\/10\/2021 14:11<\/time><\/div><\/div><\/div><\/div><\/div>","single_layout":"posts","amp_enabled":true,"_links":{"self":[{"href":"https:\/\/www.suno.com.br\/noticias\/wp-json\/wp\/v2\/posts\/194108"}],"collection":[{"href":"https:\/\/www.suno.com.br\/noticias\/wp-json\/wp\/v2\/posts"}],"about":[{"href":"https:\/\/www.suno.com.br\/noticias\/wp-json\/wp\/v2\/types\/post"}],"author":[{"embeddable":true,"href":"https:\/\/www.suno.com.br\/noticias\/wp-json\/wp\/v2\/users\/15"}],"replies":[{"embeddable":true,"href":"https:\/\/www.suno.com.br\/noticias\/wp-json\/wp\/v2\/comments?post=194108"}],"version-history":[{"count":3,"href":"https:\/\/www.suno.com.br\/noticias\/wp-json\/wp\/v2\/posts\/194108\/revisions"}],"predecessor-version":[{"id":194165,"href":"https:\/\/www.suno.com.br\/noticias\/wp-json\/wp\/v2\/posts\/194108\/revisions\/194165"}],"wp:featuredmedia":[{"embeddable":true,"href":"https:\/\/www.suno.com.br\/noticias\/wp-json\/wp\/v2\/media\/144686"}],"wp:attachment":[{"href":"https:\/\/www.suno.com.br\/noticias\/wp-json\/wp\/v2\/media?parent=194108"}],"wp:term":[{"taxonomy":"category","embeddable":true,"href":"https:\/\/www.suno.com.br\/noticias\/wp-json\/wp\/v2\/categories?post=194108"},{"taxonomy":"post_tag","embeddable":true,"href":"https:\/\/www.suno.com.br\/noticias\/wp-json\/wp\/v2\/tags?post=194108"},{"taxonomy":"suno_strategy","embeddable":true,"href":"https:\/\/www.suno.com.br\/noticias\/wp-json\/wp\/v2\/suno_strategy?post=194108"}],"curies":[{"name":"wp","href":"https:\/\/api.w.org\/{rel}","templated":true}]}}