{"id":19408,"date":"2019-03-28T19:28:41","date_gmt":"2019-03-28T22:28:41","guid":{"rendered":"https:\/\/www.suno.com.br\/noticias\/?p=19408"},"modified":"2019-03-29T00:49:04","modified_gmt":"2019-03-29T03:49:04","slug":"folego-reforma-previdencia-entenda-crise-amenizada-tregua","status":"publish","type":"post","link":"https:\/\/www.suno.com.br\/noticias\/folego-reforma-previdencia-entenda-crise-amenizada-tregua\/","title":{"rendered":"F\u00f4lego para a PEC da Previd\u00eancia: entenda como a crise foi amenizada"},"content":{"rendered":"<p>A<strong> crise pol\u00edtica<\/strong> envolvendo o presidente da C\u00e2mara,<strong> Rodrigo Maia<\/strong> (DEM) e o presidente da Rep\u00fablica,<strong> Jair Bolsonaro<\/strong> (PSL), aparentemente, foi <strong>amenizada<\/strong> nesta quinta-feira (28). Assim, a tramita\u00e7\u00e3o da <strong>reforma da Previd\u00eancia<\/strong> ganha <strong>f\u00f4lego<\/strong>.<\/p>\t<div class=\"wrapper-featured-image\">\n\t\t<figure class=\"spotlightImg\">\n\n\t\t\t<picture>\n\t\t\t\t<source media=\"(max-width: 768px)\" srcset=\"https:\/\/files.sunoresearch.com.br\/n\/uploads\/2019\/03\/f04f4c90-maia-400x200.webp\">\n\t\t\t\t<img loading=\"lazy\" decoding=\"async\" class=\"newsContent__article__imgCapa lazyloadDisabled newsContent__article__imgCapa--noCaption\" src=\"https:\/\/files.sunoresearch.com.br\/n\/uploads\/2019\/03\/f04f4c90-maia-800x450.webp\" width=\"800\" height=\"450\" alt=\"F\u00f4lego para a PEC da Previd\u00eancia: entenda como a crise foi amenizada\" fetchpriority=high \/>\n\t\t\t<\/picture>\n\n\t\t\t<figcaption class=\"wp-caption-text wp-caption-text--hide\">Maia debate com deputados processo de vota\u00e7\u00e3o da reforma da Previd\u00eancia<\/figcaption>\n\t\t<\/figure>\n\t<\/div>\n\n\n<p>Pela manh\u00e3, ap\u00f3s receber a comenda da Ordem do M\u00e9rito Judici\u00e1ria Militar, em Bras\u00edlia, Bolsonaro declarou \u00e0 Imprensa que a crise pol\u00edtica, por conta da <strong>Previd\u00eancia<\/strong>, \u00e9 p\u00e1gina virada.<\/p>\n<p>&#8220;<strong>P\u00e1gina virada<\/strong>, um abra\u00e7o, Rodrigo Maia. O<strong> Brasil est\u00e1 acima de todos<\/strong>. Acontece, \u00e9 uma <strong>chuva de ver\u00e3o<\/strong> [&#8230;] <strong>Outros problemas acontecer\u00e3o<\/strong>, com toda a certeza. Mas, pode ter certeza, na minha cabe\u00e7a e na dele, o Brasil acima de tudo e Deus acima de todos&#8221;, afirmou Bolsonaro.<\/p>\n<p><a href=\"https:\/\/www.suno.com.br\/noticias\/maia-brincadeira-bolsonaro\/\">Saiba mais &#8211;\u00a0Maia diz que est\u00e1 na hora de Bolsonaro parar de \u2018brincadeira\u2019 e trabalhar\u00a0<\/a><\/p>\n<p><a href=\"https:\/\/www.suno.com.br\/noticias\/paulo-guedes-nao-apego-cargo-bolsa-reage\/\">Saiba mais &#8211;\u00a0Paulo Guedes afirma n\u00e3o ter apego ao cargo; Bolsa reage negativamente\u00a0<\/a><\/p>\n<p>Este foi o <strong>primeiro evento p\u00fablico<\/strong> no qual os dois puderam ser vistos, desde o<strong> in\u00edcio da troca de farpas<\/strong>.<\/p>\n<p>O <strong>embate<\/strong> foi estimulado pelas incertezas na aprova\u00e7\u00e3o da<strong> Proposta de Emenda Constitucional<\/strong> (PEC) da <strong>reforma da Previd\u00eancia<\/strong>. Os dois pol\u00edticos responsabilizaram o outro pelas dificuldades na\u00a0<strong>articula\u00e7\u00e3o<\/strong>\u00a0<strong>pol\u00edtica<\/strong> no Congresso Nacional.<\/p>\n<p>Al\u00e9m disso,\u00a0o ministro da Economia, <strong>Paulo Guedes<\/strong>, tamb\u00e9m falou na quarta-feira (27) que n\u00e3o possu\u00eda <strong>apego ao cargo<\/strong>. Por\u00e9m, logo em seguida, disse que n\u00e3o seria inconsequente ou irrespons\u00e1vel para sair &#8220;na primeira derrota&#8221;.<\/p>\n<p>Ainda na v\u00e9spera, o <strong>mercado financeiro<\/strong> reagiu ao conflito e \u00e0s falas do ministro, e a <strong>Bolsa<\/strong> e o <strong>d\u00f3lar<\/strong> foram impactados:<\/p>\n<ul>\n<li><strong><a href=\"https:\/\/www.suno.com.br\/artigos\/ibovespa\/\">Ibovespa<\/a>:\u00a0<\/strong>baixa foi de 3,57%, e o \u00edndice acion\u00e1rio encerrou em 91.903 pontos.<\/li>\n<li><strong><a href=\"https:\/\/www.suno.com.br\/artigos\/dolar\/\">D\u00f3lar<\/a>:<\/strong>\u00a0alta foi de 2,273%, e a moeda encerrou a R$ 3,9545 na venda.<\/li>\n<\/ul>\n<p><a href=\"https:\/\/www.suno.com.br\/noticias\/etf-bolsa-nova-york-cena-politica-brasil-previdencia-bolsonaro\/\">Saiba mais &#8211;\u00a0Bolsa de NY: ETF recebe mais investimentos com cena pol\u00edtica do Brasil\u00a0<\/a><\/p>\n<h2>Rodrigo Maia almo\u00e7a com Paulo Guedes<\/h2>\n<p>Posteriormente, <strong>Rodrigo Maia<\/strong> (DEM) almo\u00e7ou com\u00a0<strong>Paulo Guedes<\/strong>. Depois do encontro, o <strong>deputado<\/strong> j\u00e1 mostrava-se <strong>mais tranquilo<\/strong>, e afirmou:<\/p>\n<p>&#8220;Certeza de que vamos juntos<strong> transformar o Brasil<\/strong> em uma<strong> economia forte<\/strong> [&#8230;] Vamos colocar esse <strong>trem nos trilhos<\/strong> para que a gente possa caminhar com velocidade. Em uma <strong>velocidade que os 12 milh\u00f5es de desempregados esperam<\/strong>&#8220;, disse o presidente da C\u00e2mara.<\/p>\n<p>Por sua vez, o ministro <strong>Paulo Guedes<\/strong> disse que:<\/p>\n<p>&#8220;Estou <strong>muito confiante<\/strong> de que os poderes independentes est\u00e3o harmonicamente buscando o aperfei\u00e7oamento institucional do Brasil. Existem uns <strong>ru\u00eddos de comunica\u00e7\u00e3o<\/strong>. Houve muito <strong>combate durante a campanha<\/strong>, e esse barulho vai diminuir. O exerc\u00edcio das pr\u00f3prias fun\u00e7\u00f5es [de cada poder] daqui para a frente vai fazendo com que se tenha uma converg\u00eancia, uma <strong>harmoniza\u00e7\u00e3o<\/strong>. Eu acho que<strong> isso \u00e9 natural<\/strong>. O <strong>barulho<\/strong> est\u00e1 um pouco <strong>acima<\/strong>, exatamente porque houve esse choque inicial. Mas eu tenho sido <strong>testemunha<\/strong> de que<strong> todos est\u00e3o empenhados<\/strong>&#8220;.<\/p>\n<p>Tamb\u00e9m estavam no encontro:<\/p>\n<ul>\n<li>secret\u00e1rio especial da Previd\u00eancia Social e do trabalho, Rog\u00e9rio Marinho;<\/li>\n<li>l\u00edder do Partido Novo,\u00a0deputado Marcel van Hattem;<\/li>\n<li>o primeiro-vice-presidente da C\u00e2mara,\u00a0Marcos Pereira (PRB);<\/li>\n<li>deputado Domingos Neto (PSD).<\/li>\n<\/ul>\n<p>&#8220;Eu acredito muito que os <strong>principais poderes<\/strong>, apesar dessa coisa que d\u00e1 muita not\u00edcia, d\u00e1 barulho, esses ru\u00eddos,<strong> sabem a import\u00e2ncia<\/strong> do desempenho de cada um, <strong>do seu papel institucional<\/strong>&#8220;, completou o ministro da Economia.<\/p>\n<p>&#8220;<strong>Maia<\/strong> tem me <strong>apoiado<\/strong> muito e facilitado as conversas mais frequentes com pol\u00edticos, para que se explique a import\u00e2ncia da <strong>Nova Previd\u00eancia<\/strong>&#8220;, finalizou o Guedes.<\/p>\n<p>Os <strong>investidores<\/strong> tamb\u00e9m reagiram aos fatos do dia, e a <strong>Bolsa<\/strong> e o <strong>d\u00f3lar<\/strong> novamente sentiram o impacto hoje:<\/p>\n<ul>\n<li><strong>Ibovespa:\u00a0<\/strong>alta foi de 2,7%, e o \u00edndice acion\u00e1rio encerrou em <strong>94.388 pontos<\/strong>.<\/li>\n<li><strong>D\u00f3lar:<\/strong>\u00a0baixa foi de 0,938%, e a moeda encerrou a <strong>R$ 3,9174<\/strong> na venda.<\/li>\n<\/ul>\n<p><a href=\"https:\/\/www.suno.com.br\/noticias\/ibovespa-alta-apos-cair\/\">Saiba mais &#8211;\u00a0Ibovespa tem alta de 2,7% ap\u00f3s cair mais de 3% na v\u00e9spera<\/a><\/p>\n<p><a href=\"https:\/\/www.suno.com.br\/noticias\/dolar-quinta-feira-fechamento-03282019\/\">Saiba mais &#8211;\u00a0D\u00f3lar cai a R$ 3,91 com tr\u00e9gua entre Jair Bolsonaro e Rodrigo Maia\u00a0<\/a><\/p>\n<h2>Relator da CCJ da C\u00e2mara \u00e9 anunciado<\/h2>\n<p>Mais tarde, coincidindo com o hor\u00e1rio do fechamento da B3 (Brasil, Bolsa, Balc\u00e3o), o relator da PEC da reforma da Previd\u00eancia\u00a0na<strong>\u00a0Comiss\u00e3o de Constitui\u00e7\u00e3o e Justi\u00e7a<\/strong> (CCJ), da C\u00e2mara Federal foi anunciado. O posto \u00e9 ocupado pelo\u00a0deputado <strong>Delegado\u00a0Marcelo Freitas (PSL).<\/strong><\/p>\n<p>O <strong>relator<\/strong>, <strong>Delegado Marcelo Freitas<\/strong>, ser\u00e1 respons\u00e1vel pela elabora\u00e7\u00e3o de um <strong>parecer<\/strong>, no qual far\u00e1 recomenda\u00e7\u00e3o positiva ou negativa da proposta.<\/p>\n<p>O <strong>presidente da CCJ<\/strong> espera que o parecer seja colocado em vota\u00e7\u00e3o na comiss\u00e3o no dia 17 de abril, segundo o &#8220;G1&#8221;.<\/p>\n<p>A <strong>CCJ da C\u00e2mara<\/strong> \u00e9 a<strong> primeira fase<\/strong> de tramita\u00e7\u00e3o da<strong> reforma da Previd\u00eancia<\/strong> no Congresso Nacional. A principal fun\u00e7\u00e3o da comiss\u00e3o \u00e9 verificar se a PEC enquadra-se nos par\u00e2metros estabelecidos pela Constitui\u00e7\u00e3o do Brasil.<\/p>\n<p>Caso o texto seja aprovado pela<strong> CCJ da C\u00e2mara Federal<\/strong>, a proposta tra\u00e7ar\u00e1 o seguinte caminho:<\/p>\n<ol>\n<li><strong>Comiss\u00e3o especial da C\u00e2mara dos deputados.<\/strong><\/li>\n<li><strong>Plen\u00e1rio da C\u00e2mara<\/strong>: para aprova\u00e7\u00e3o da PEC da <strong>reforma da Previd\u00eancia<\/strong>, ser\u00e3o necess\u00e1rios tr\u00eas quintos (3\/5) dos votos, o que equivale a 308 votos do total de 513 parlamentares.<\/li>\n<li><strong>CCJ do Senado Federal:<\/strong> caso o texto sofra alguma altera\u00e7\u00e3o nesta etapa, haver\u00e1 retorno da PEC \u00e0 C\u00e2mara.<\/li>\n<li><strong>Plen\u00e1rio do Senado: <\/strong>para aprova\u00e7\u00e3o, ser\u00e3o necess\u00e1rios tamb\u00e9m 3\/5 dos votos, o que equivale a 49 votos do total de 81 senadores.<\/li>\n<li><strong>Promulga\u00e7\u00e3o:<\/strong> PECs n\u00e3o s\u00e3o enviadas para san\u00e7\u00e3o do presidente da Rep\u00fablica, na contram\u00e3o dos projetos de leis. Assim, se o texto for aprovado nas demais etapas, ser\u00e1 <strong>promulgado<\/strong> pelo presidente do Senado, que tamb\u00e9m \u00e9 o presidente do Congresso Nacional: <strong>Davi Alcolumbre<\/strong> (DEM).<\/li>\n<\/ol>\n","protected":false},"excerpt":{"rendered":"<p>A crise pol\u00edtica envolvendo o presidente da C\u00e2mara, Rodrigo Maia (DEM) e o presidente da Rep\u00fablica, Jair Bolsonaro (PSL), aparentemente, foi amenizada nesta quinta-feira (28). Assim, a tramita\u00e7\u00e3o da reforma da Previd\u00eancia ganha f\u00f4lego. Maia debate com deputados processo de vota\u00e7\u00e3o da reforma da Previd\u00eancia Pela manh\u00e3, ap\u00f3s receber a comenda da Ordem do M\u00e9rito [&hellip;]<\/p>\n","protected":false},"author":12,"featured_media":19289,"comment_status":"closed","ping_status":"closed","sticky":false,"template":"","format":"standard","meta":[],"categories":[61],"tags":[719,796,940,892],"suno_strategy":[],"class_list":["post-19408","post","type-post","status-publish","format-standard","has-post-thumbnail","hentry","category-politica","tag-jair-bolsonaro","tag-paulo-guedes","tag-reforma-da-previdencia","tag-rodrigo-maia"],"yoast_head":"<!-- This site is optimized with the Yoast SEO plugin v24.4 - https:\/\/yoast.com\/wordpress\/plugins\/seo\/ -->\n<title>F\u00f4lego para a PEC da Previd\u00eancia: entenda como a crise foi amenizada<\/title>\n<meta name=\"description\" content=\"Entenda os fatos ocorridos que amenizaram a crise pol\u00edtica e a tramita\u00e7\u00e3o da reforma da Previd\u00eancia. Clique para saber mais.\" \/>\n<meta name=\"robots\" content=\"index, follow, max-snippet:-1, max-image-preview:large, max-video-preview:-1\" \/>\n<link rel=\"canonical\" href=\"https:\/\/www.suno.com.br\/noticias\/folego-reforma-previdencia-entenda-crise-amenizada-tregua\/\" \/>\n<meta property=\"og:locale\" content=\"pt_BR\" \/>\n<meta property=\"og:type\" content=\"article\" \/>\n<meta property=\"og:title\" content=\"F\u00f4lego para a PEC da Previd\u00eancia: entenda como a crise foi amenizada\" \/>\n<meta property=\"og:description\" content=\"Entenda os fatos ocorridos que amenizaram a crise pol\u00edtica e a tramita\u00e7\u00e3o da reforma da Previd\u00eancia. Clique para saber mais.\" \/>\n<meta property=\"og:url\" content=\"https:\/\/www.suno.com.br\/noticias\/folego-reforma-previdencia-entenda-crise-amenizada-tregua\/\" \/>\n<meta property=\"og:site_name\" content=\"Suno Not\u00edcias\" \/>\n<meta property=\"article:publisher\" content=\"https:\/\/facebook.com\/sunoresearch\" \/>\n<meta property=\"og:image\" content=\"https:\/\/files.sunoresearch.com.br\/n\/uploads\/2019\/03\/f04f4c90-maia.jpg\" \/>\n\t<meta property=\"og:image:width\" content=\"1024\" \/>\n\t<meta property=\"og:image:height\" content=\"576\" \/>\n\t<meta property=\"og:image:type\" content=\"image\/jpeg\" \/>\n<meta name=\"author\" content=\"Amanda Gushiken\" \/>\n<meta name=\"twitter:card\" content=\"summary_large_image\" \/>\n<meta name=\"twitter:creator\" content=\"@sunoresearch\" \/>\n<meta name=\"twitter:site\" content=\"@sunoresearch\" \/>\n<meta name=\"twitter:label1\" content=\"Escrito por\" \/>\n\t<meta name=\"twitter:data1\" content=\"Amanda Gushiken\" \/>\n\t<meta name=\"twitter:label2\" content=\"Est. tempo de leitura\" \/>\n\t<meta name=\"twitter:data2\" content=\"5 minutos\" \/>\n<script type=\"application\/ld+json\" class=\"yoast-schema-graph\">{\"@context\":\"https:\/\/schema.org\",\"@graph\":[{\"@type\":\"NewsArticle\",\"@id\":\"https:\/\/www.suno.com.br\/noticias\/folego-reforma-previdencia-entenda-crise-amenizada-tregua\/#article\",\"isPartOf\":{\"@id\":\"https:\/\/www.suno.com.br\/noticias\/folego-reforma-previdencia-entenda-crise-amenizada-tregua\/\"},\"author\":{\"name\":\"Amanda Gushiken\",\"@id\":\"https:\/\/www.suno.com.br\/noticias\/#\/schema\/person\/a5b06fa4e879d8e8e119c6ed3cd630d1\"},\"headline\":\"F\u00f4lego para a PEC da Previd\u00eancia: entenda como a crise foi amenizada\",\"datePublished\":\"2019-03-28T22:28:41+00:00\",\"dateModified\":\"2019-03-29T03:49:04+00:00\",\"mainEntityOfPage\":{\"@id\":\"https:\/\/www.suno.com.br\/noticias\/folego-reforma-previdencia-entenda-crise-amenizada-tregua\/\"},\"wordCount\":980,\"publisher\":{\"@id\":\"https:\/\/www.suno.com.br\/noticias\/#organization\"},\"image\":{\"@id\":\"https:\/\/www.suno.com.br\/noticias\/folego-reforma-previdencia-entenda-crise-amenizada-tregua\/#primaryimage\"},\"thumbnailUrl\":\"https:\/\/files.sunoresearch.com.br\/n\/uploads\/2019\/03\/f04f4c90-maia-jpg.webp\",\"keywords\":[\"Jair Bolsonaro\",\"Paulo Guedes\",\"Reforma da Previd\u00eancia\",\"Rodrigo Maia\"],\"articleSection\":[\"Pol\u00edtica\"],\"inLanguage\":\"pt-BR\"},{\"@type\":\"WebPage\",\"@id\":\"https:\/\/www.suno.com.br\/noticias\/folego-reforma-previdencia-entenda-crise-amenizada-tregua\/\",\"url\":\"https:\/\/www.suno.com.br\/noticias\/folego-reforma-previdencia-entenda-crise-amenizada-tregua\/\",\"name\":\"F\u00f4lego para a PEC da Previd\u00eancia: entenda como a crise foi amenizada\",\"isPartOf\":{\"@id\":\"https:\/\/www.suno.com.br\/noticias\/#website\"},\"primaryImageOfPage\":{\"@id\":\"https:\/\/www.suno.com.br\/noticias\/folego-reforma-previdencia-entenda-crise-amenizada-tregua\/#primaryimage\"},\"image\":{\"@id\":\"https:\/\/www.suno.com.br\/noticias\/folego-reforma-previdencia-entenda-crise-amenizada-tregua\/#primaryimage\"},\"thumbnailUrl\":\"https:\/\/files.sunoresearch.com.br\/n\/uploads\/2019\/03\/f04f4c90-maia-jpg.webp\",\"datePublished\":\"2019-03-28T22:28:41+00:00\",\"dateModified\":\"2019-03-29T03:49:04+00:00\",\"description\":\"Entenda os fatos ocorridos que amenizaram a crise pol\u00edtica e a tramita\u00e7\u00e3o da reforma da Previd\u00eancia. Clique para saber mais.\",\"breadcrumb\":{\"@id\":\"https:\/\/www.suno.com.br\/noticias\/folego-reforma-previdencia-entenda-crise-amenizada-tregua\/#breadcrumb\"},\"inLanguage\":\"pt-BR\",\"potentialAction\":[{\"@type\":\"ReadAction\",\"target\":[\"https:\/\/www.suno.com.br\/noticias\/folego-reforma-previdencia-entenda-crise-amenizada-tregua\/\"]}]},{\"@type\":\"ImageObject\",\"inLanguage\":\"pt-BR\",\"@id\":\"https:\/\/www.suno.com.br\/noticias\/folego-reforma-previdencia-entenda-crise-amenizada-tregua\/#primaryimage\",\"url\":\"https:\/\/files.sunoresearch.com.br\/n\/uploads\/2019\/03\/f04f4c90-maia-jpg.webp\",\"contentUrl\":\"https:\/\/files.sunoresearch.com.br\/n\/uploads\/2019\/03\/f04f4c90-maia-jpg.webp\",\"width\":1024,\"height\":576,\"caption\":\"Maia debate com deputados processo de vota\u00e7\u00e3o da reforma da Previd\u00eancia\"},{\"@type\":\"BreadcrumbList\",\"@id\":\"https:\/\/www.suno.com.br\/noticias\/folego-reforma-previdencia-entenda-crise-amenizada-tregua\/#breadcrumb\",\"itemListElement\":[{\"@type\":\"ListItem\",\"position\":1,\"name\":\"Not\u00edcias\",\"item\":\"https:\/\/www.suno.com.br\/noticias\/\"},{\"@type\":\"ListItem\",\"position\":2,\"name\":\"Pol\u00edtica\",\"item\":\"https:\/\/www.suno.com.br\/noticias\/politica\/\"},{\"@type\":\"ListItem\",\"position\":3,\"name\":\"F\u00f4lego para a PEC da Previd\u00eancia: entenda como a crise foi amenizada\"}]},{\"@type\":\"WebSite\",\"@id\":\"https:\/\/www.suno.com.br\/noticias\/#website\",\"url\":\"https:\/\/www.suno.com.br\/noticias\/\",\"name\":\"Suno Not\u00edcias\",\"description\":\"Seu portal de informa\u00e7\u00e3o sobre o mundo dos investimentos\",\"publisher\":{\"@id\":\"https:\/\/www.suno.com.br\/noticias\/#organization\"},\"potentialAction\":[{\"@type\":\"SearchAction\",\"target\":{\"@type\":\"EntryPoint\",\"urlTemplate\":\"https:\/\/www.suno.com.br\/noticias\/?s={search_term_string}\"},\"query-input\":{\"@type\":\"PropertyValueSpecification\",\"valueRequired\":true,\"valueName\":\"search_term_string\"}}],\"inLanguage\":\"pt-BR\"},{\"@type\":\"Organization\",\"@id\":\"https:\/\/www.suno.com.br\/noticias\/#organization\",\"name\":\"Suno Not\u00edcias\",\"url\":\"https:\/\/www.suno.com.br\/noticias\/\",\"logo\":{\"@type\":\"ImageObject\",\"inLanguage\":\"pt-BR\",\"@id\":\"https:\/\/www.suno.com.br\/noticias\/#\/schema\/logo\/image\/\",\"url\":\"https:\/\/files.sunoresearch.com.br\/n\/uploads\/2021\/09\/suno-logo.png\",\"contentUrl\":\"https:\/\/files.sunoresearch.com.br\/n\/uploads\/2021\/09\/suno-logo.png\",\"width\":180,\"height\":180,\"caption\":\"Suno Not\u00edcias\"},\"image\":{\"@id\":\"https:\/\/www.suno.com.br\/noticias\/#\/schema\/logo\/image\/\"},\"sameAs\":[\"https:\/\/facebook.com\/sunoresearch\",\"https:\/\/x.com\/sunoresearch\",\"https:\/\/www.instagram.com\/suno\",\"https:\/\/www.linkedin.com\/company\/suno-research\/\",\"https:\/\/www.youtube.com\/c\/sunoresearch\"]},{\"@type\":\"Person\",\"@id\":\"https:\/\/www.suno.com.br\/noticias\/#\/schema\/person\/a5b06fa4e879d8e8e119c6ed3cd630d1\",\"name\":\"Amanda Gushiken\",\"image\":{\"@type\":\"ImageObject\",\"inLanguage\":\"pt-BR\",\"@id\":\"https:\/\/www.suno.com.br\/noticias\/#\/schema\/person\/image\/\",\"url\":\"https:\/\/secure.gravatar.com\/avatar\/ecd84705e6b65e3685ae80d725501fbe?s=96&r=g\",\"contentUrl\":\"https:\/\/secure.gravatar.com\/avatar\/ecd84705e6b65e3685ae80d725501fbe?s=96&r=g\",\"caption\":\"Amanda Gushiken\"},\"description\":\"Amanda Sayuri Gushiken escreve sobre finan\u00e7as e neg\u00f3cios para o portal Suno Not\u00edcias. Antes, trabalhou selecionando not\u00edcias da imprensa para clientes do mercado financeiro. Tamb\u00e9m desenvolveu pesquisa acad\u00eamica pela Universidade Anhembi Morumbi na \u00e1rea de Teorias da Comunica\u00e7\u00e3o e \u00e9 fot\u00f3grafa nas horas vagas.\",\"url\":\"https:\/\/www.suno.com.br\/noticias\/author\/amanda\/\"}]}<\/script>\n<!-- \/ Yoast SEO plugin. -->","yoast_head_json":{"title":"F\u00f4lego para a PEC da Previd\u00eancia: entenda como a crise foi amenizada","description":"Entenda os fatos ocorridos que amenizaram a crise pol\u00edtica e a tramita\u00e7\u00e3o da reforma da Previd\u00eancia. Clique para saber mais.","robots":{"index":"index","follow":"follow","max-snippet":"max-snippet:-1","max-image-preview":"max-image-preview:large","max-video-preview":"max-video-preview:-1"},"canonical":"https:\/\/www.suno.com.br\/noticias\/folego-reforma-previdencia-entenda-crise-amenizada-tregua\/","og_locale":"pt_BR","og_type":"article","og_title":"F\u00f4lego para a PEC da Previd\u00eancia: entenda como a crise foi amenizada","og_description":"Entenda os fatos ocorridos que amenizaram a crise pol\u00edtica e a tramita\u00e7\u00e3o da reforma da Previd\u00eancia. Clique para saber mais.","og_url":"https:\/\/www.suno.com.br\/noticias\/folego-reforma-previdencia-entenda-crise-amenizada-tregua\/","og_site_name":"Suno Not\u00edcias","article_publisher":"https:\/\/facebook.com\/sunoresearch","og_image":[{"width":1024,"height":576,"url":"https:\/\/files.sunoresearch.com.br\/n\/uploads\/2019\/03\/f04f4c90-maia.jpg","type":"image\/jpeg"}],"author":"Amanda Gushiken","twitter_card":"summary_large_image","twitter_creator":"@sunoresearch","twitter_site":"@sunoresearch","twitter_misc":{"Escrito por":"Amanda Gushiken","Est. tempo de leitura":"5 minutos"},"schema":{"@context":"https:\/\/schema.org","@graph":[{"@type":"NewsArticle","@id":"https:\/\/www.suno.com.br\/noticias\/folego-reforma-previdencia-entenda-crise-amenizada-tregua\/#article","isPartOf":{"@id":"https:\/\/www.suno.com.br\/noticias\/folego-reforma-previdencia-entenda-crise-amenizada-tregua\/"},"author":{"name":"Amanda Gushiken","@id":"https:\/\/www.suno.com.br\/noticias\/#\/schema\/person\/a5b06fa4e879d8e8e119c6ed3cd630d1"},"headline":"F\u00f4lego para a PEC da Previd\u00eancia: entenda como a crise foi amenizada","datePublished":"2019-03-28T22:28:41+00:00","dateModified":"2019-03-29T03:49:04+00:00","mainEntityOfPage":{"@id":"https:\/\/www.suno.com.br\/noticias\/folego-reforma-previdencia-entenda-crise-amenizada-tregua\/"},"wordCount":980,"publisher":{"@id":"https:\/\/www.suno.com.br\/noticias\/#organization"},"image":{"@id":"https:\/\/www.suno.com.br\/noticias\/folego-reforma-previdencia-entenda-crise-amenizada-tregua\/#primaryimage"},"thumbnailUrl":"https:\/\/files.sunoresearch.com.br\/n\/uploads\/2019\/03\/f04f4c90-maia-jpg.webp","keywords":["Jair Bolsonaro","Paulo Guedes","Reforma da Previd\u00eancia","Rodrigo Maia"],"articleSection":["Pol\u00edtica"],"inLanguage":"pt-BR"},{"@type":"WebPage","@id":"https:\/\/www.suno.com.br\/noticias\/folego-reforma-previdencia-entenda-crise-amenizada-tregua\/","url":"https:\/\/www.suno.com.br\/noticias\/folego-reforma-previdencia-entenda-crise-amenizada-tregua\/","name":"F\u00f4lego para a PEC da Previd\u00eancia: entenda como a crise foi amenizada","isPartOf":{"@id":"https:\/\/www.suno.com.br\/noticias\/#website"},"primaryImageOfPage":{"@id":"https:\/\/www.suno.com.br\/noticias\/folego-reforma-previdencia-entenda-crise-amenizada-tregua\/#primaryimage"},"image":{"@id":"https:\/\/www.suno.com.br\/noticias\/folego-reforma-previdencia-entenda-crise-amenizada-tregua\/#primaryimage"},"thumbnailUrl":"https:\/\/files.sunoresearch.com.br\/n\/uploads\/2019\/03\/f04f4c90-maia-jpg.webp","datePublished":"2019-03-28T22:28:41+00:00","dateModified":"2019-03-29T03:49:04+00:00","description":"Entenda os fatos ocorridos que amenizaram a crise pol\u00edtica e a tramita\u00e7\u00e3o da reforma da Previd\u00eancia. Clique para saber mais.","breadcrumb":{"@id":"https:\/\/www.suno.com.br\/noticias\/folego-reforma-previdencia-entenda-crise-amenizada-tregua\/#breadcrumb"},"inLanguage":"pt-BR","potentialAction":[{"@type":"ReadAction","target":["https:\/\/www.suno.com.br\/noticias\/folego-reforma-previdencia-entenda-crise-amenizada-tregua\/"]}]},{"@type":"ImageObject","inLanguage":"pt-BR","@id":"https:\/\/www.suno.com.br\/noticias\/folego-reforma-previdencia-entenda-crise-amenizada-tregua\/#primaryimage","url":"https:\/\/files.sunoresearch.com.br\/n\/uploads\/2019\/03\/f04f4c90-maia-jpg.webp","contentUrl":"https:\/\/files.sunoresearch.com.br\/n\/uploads\/2019\/03\/f04f4c90-maia-jpg.webp","width":1024,"height":576,"caption":"Maia debate com deputados processo de vota\u00e7\u00e3o da reforma da Previd\u00eancia"},{"@type":"BreadcrumbList","@id":"https:\/\/www.suno.com.br\/noticias\/folego-reforma-previdencia-entenda-crise-amenizada-tregua\/#breadcrumb","itemListElement":[{"@type":"ListItem","position":1,"name":"Not\u00edcias","item":"https:\/\/www.suno.com.br\/noticias\/"},{"@type":"ListItem","position":2,"name":"Pol\u00edtica","item":"https:\/\/www.suno.com.br\/noticias\/politica\/"},{"@type":"ListItem","position":3,"name":"F\u00f4lego para a PEC da Previd\u00eancia: entenda como a crise foi amenizada"}]},{"@type":"WebSite","@id":"https:\/\/www.suno.com.br\/noticias\/#website","url":"https:\/\/www.suno.com.br\/noticias\/","name":"Suno Not\u00edcias","description":"Seu portal de informa\u00e7\u00e3o sobre o mundo dos investimentos","publisher":{"@id":"https:\/\/www.suno.com.br\/noticias\/#organization"},"potentialAction":[{"@type":"SearchAction","target":{"@type":"EntryPoint","urlTemplate":"https:\/\/www.suno.com.br\/noticias\/?s={search_term_string}"},"query-input":{"@type":"PropertyValueSpecification","valueRequired":true,"valueName":"search_term_string"}}],"inLanguage":"pt-BR"},{"@type":"Organization","@id":"https:\/\/www.suno.com.br\/noticias\/#organization","name":"Suno Not\u00edcias","url":"https:\/\/www.suno.com.br\/noticias\/","logo":{"@type":"ImageObject","inLanguage":"pt-BR","@id":"https:\/\/www.suno.com.br\/noticias\/#\/schema\/logo\/image\/","url":"https:\/\/files.sunoresearch.com.br\/n\/uploads\/2021\/09\/suno-logo.png","contentUrl":"https:\/\/files.sunoresearch.com.br\/n\/uploads\/2021\/09\/suno-logo.png","width":180,"height":180,"caption":"Suno Not\u00edcias"},"image":{"@id":"https:\/\/www.suno.com.br\/noticias\/#\/schema\/logo\/image\/"},"sameAs":["https:\/\/facebook.com\/sunoresearch","https:\/\/x.com\/sunoresearch","https:\/\/www.instagram.com\/suno","https:\/\/www.linkedin.com\/company\/suno-research\/","https:\/\/www.youtube.com\/c\/sunoresearch"]},{"@type":"Person","@id":"https:\/\/www.suno.com.br\/noticias\/#\/schema\/person\/a5b06fa4e879d8e8e119c6ed3cd630d1","name":"Amanda Gushiken","image":{"@type":"ImageObject","inLanguage":"pt-BR","@id":"https:\/\/www.suno.com.br\/noticias\/#\/schema\/person\/image\/","url":"https:\/\/secure.gravatar.com\/avatar\/ecd84705e6b65e3685ae80d725501fbe?s=96&r=g","contentUrl":"https:\/\/secure.gravatar.com\/avatar\/ecd84705e6b65e3685ae80d725501fbe?s=96&r=g","caption":"Amanda Gushiken"},"description":"Amanda Sayuri Gushiken escreve sobre finan\u00e7as e neg\u00f3cios para o portal Suno Not\u00edcias. Antes, trabalhou selecionando not\u00edcias da imprensa para clientes do mercado financeiro. Tamb\u00e9m desenvolveu pesquisa acad\u00eamica pela Universidade Anhembi Morumbi na \u00e1rea de Teorias da Comunica\u00e7\u00e3o e \u00e9 fot\u00f3grafa nas horas vagas.","url":"https:\/\/www.suno.com.br\/noticias\/author\/amanda\/"}]}},"default_loop_html":"<div class=\"cardsPage__listCard__boxs\"><div class=\"cardsPage__listCard__boxs__img\"><a href=\"https:\/\/www.suno.com.br\/noticias\/folego-reforma-previdencia-entenda-crise-amenizada-tregua\/\"><img class=\"mask\" src=\"https:\/\/www.suno.com.br\/noticias\/wp-content\/themes\/suno\/resources\/images\/spotlight\/spotlight1img\/bg-mask.png\" alt=\"Image Mask\"\/><img src=\"https:\/\/files.sunoresearch.com.br\/n\/uploads\/2019\/03\/f04f4c90-maia-400x200.webp\" alt=\"F\u00f4lego para a PEC da Previd\u00eancia: entenda como a crise foi amenizada\"\/><\/a><span class=\"spotlightCategory\"><a href=\"https:\/\/www.suno.com.br\/noticias\/politica\/\">Pol\u00edtica<\/a><\/span><\/div><div class=\"cardsPage__listCard__boxs__content\"><a href=\"https:\/\/www.suno.com.br\/noticias\/folego-reforma-previdencia-entenda-crise-amenizada-tregua\/\"><h2 class=\"content__title\">F\u00f4lego para a PEC da Previd\u00eancia: entenda como a crise foi amenizada<\/h2><\/a><div class=\"newsContent__article__meta\"><div class=\"newsContent__article__meta__authorBox\"><a href=\"https:\/\/www.suno.com.br\/noticias\/author\/amanda\/\" class=\"authorBox__avatar noMobi\"><img src=\"https:\/\/files.sunoresearch.com.br\/n\/uploads\/2018\/11\/c6ad30be-amanda-150x150.webp\" alt=\"Amanda Gushiken\"><\/a><div class=\"authorBox__name\"><span>por\n\t\t\t<a href=\"https:\/\/www.suno.com.br\/noticias\/author\/amanda\/\"><span itemprop=\"author\">Amanda Gushiken<\/span><\/a><\/span><time datetime=\"2019-03-28T19:28:41-03:00\" itemprop=\"datePublished\">28\/03\/2019 19:28<\/time><\/div><\/div><\/div><\/div><\/div>","single_layout":"posts","amp_enabled":true,"_links":{"self":[{"href":"https:\/\/www.suno.com.br\/noticias\/wp-json\/wp\/v2\/posts\/19408"}],"collection":[{"href":"https:\/\/www.suno.com.br\/noticias\/wp-json\/wp\/v2\/posts"}],"about":[{"href":"https:\/\/www.suno.com.br\/noticias\/wp-json\/wp\/v2\/types\/post"}],"author":[{"embeddable":true,"href":"https:\/\/www.suno.com.br\/noticias\/wp-json\/wp\/v2\/users\/12"}],"replies":[{"embeddable":true,"href":"https:\/\/www.suno.com.br\/noticias\/wp-json\/wp\/v2\/comments?post=19408"}],"version-history":[{"count":0,"href":"https:\/\/www.suno.com.br\/noticias\/wp-json\/wp\/v2\/posts\/19408\/revisions"}],"wp:featuredmedia":[{"embeddable":true,"href":"https:\/\/www.suno.com.br\/noticias\/wp-json\/wp\/v2\/media\/19289"}],"wp:attachment":[{"href":"https:\/\/www.suno.com.br\/noticias\/wp-json\/wp\/v2\/media?parent=19408"}],"wp:term":[{"taxonomy":"category","embeddable":true,"href":"https:\/\/www.suno.com.br\/noticias\/wp-json\/wp\/v2\/categories?post=19408"},{"taxonomy":"post_tag","embeddable":true,"href":"https:\/\/www.suno.com.br\/noticias\/wp-json\/wp\/v2\/tags?post=19408"},{"taxonomy":"suno_strategy","embeddable":true,"href":"https:\/\/www.suno.com.br\/noticias\/wp-json\/wp\/v2\/suno_strategy?post=19408"}],"curies":[{"name":"wp","href":"https:\/\/api.w.org\/{rel}","templated":true}]}}