{"id":194048,"date":"2021-10-15T11:54:01","date_gmt":"2021-10-15T14:54:01","guid":{"rendered":"https:\/\/www.suno.com.br\/noticias\/?p=194048"},"modified":"2021-10-15T15:44:39","modified_gmt":"2021-10-15T18:44:39","slug":"gpa-pcar3-assai-asai3-dividendos-2022","status":"publish","type":"post","link":"https:\/\/www.suno.com.br\/noticias\/gpa-pcar3-assai-asai3-dividendos-2022\/","title":{"rendered":"GPA (PCAR3): Venda de lojas ter\u00e1 impacto positivo em dividendos j\u00e1 em 2022, diz CEO"},"content":{"rendered":"<p>O <a class=\"suno-keyword\" href=\"https:\/\/www.suno.com.br\/acoes\/PCAR3\/\" target=\"_blank\" rel=\"noopener\" data-force=\"yes\" data-priority=\"2\"><strong>GPA<\/strong> (PCAR3)<\/a> vendeu todas as 71 lojas do Extra ao Assa\u00ed (ASAI3) pelo valor de R$ 5,2 bilh\u00f5es e saiu do segmento de hipermercados. Do valor total, parte do recurso levantado ser\u00e1 usado para o pagamento de <a class=\"suno-keyword\" href=\"https:\/\/www.suno.com.br\/guias\/dividendos\/\" target=\"_blank\" rel=\"noopener\" data-force=\"no\" data-priority=\"1\">dividendos<\/a> que acontecer\u00e1 em meados de 2022. Os pap\u00e9is do grupo disparavam 16,15% na manh\u00e3 desta sexta-feira, \u00e0s 11h30, sendo negociados a R$ 32,15.<\/p>\t<div class=\"wrapper-featured-image\">\n\t\t<figure class=\"spotlightImg\">\n\n\t\t\t<picture>\n\t\t\t\t<source media=\"(max-width: 768px)\" srcset=\"https:\/\/files.sunoresearch.com.br\/n\/uploads\/2021\/03\/4f6aeae3-gpa-400x200.webp\">\n\t\t\t\t<img loading=\"lazy\" decoding=\"async\" class=\"newsContent__article__imgCapa lazyloadDisabled \" src=\"https:\/\/files.sunoresearch.com.br\/n\/uploads\/2021\/03\/4f6aeae3-gpa-800x450.webp\" width=\"800\" height=\"450\" alt=\"GPA (PCAR3): Venda de lojas ter\u00e1 impacto positivo em dividendos j\u00e1 em 2022, diz CEO\" fetchpriority=high \/>\n\t\t\t<\/picture>\n\n\t\t\t<figcaption class=\"wp-caption-text wp-caption-text--show\">P\u00e3o de A\u00e7\u00facar- Foto: Divulga\u00e7\u00e3o Grupo P\u00e3o de A\u00e7\u00facar<\/figcaption>\n\t\t<\/figure>\n\t<\/div>\n\n\n\t<p>\n\t\t<a href=\"https:\/\/lp.suno.com.br\/planilha-controle-gastos\/\" target=\"_blank\" data-element=\"shortcode-suno-banner\" title=\"Banner SUNO, clique e saiba mais\">\n\t\t\t<picture>\n\t\t\t\t<source media=\"(max-width: 500px)\" srcset=\"https:\/\/files.sunoresearch.com.br\/n\/uploads\/2023\/03\/400x300-Planilha-controle-de-gastos.png\">\n\t\t\t\t<img class=\"newsContent__article__imgCapa newsContent__article__imgCapa--banner\"\n\t\t\t\t\tsrc=\"https:\/\/files.sunoresearch.com.br\/n\/uploads\/2023\/03\/1420x240-Planilha-controle-de-gastos.png\"\n\t\t\t\t\tdata-promo-id=\"101751\"\t\t\t\t\t\t\t\t\t\twidth='1420' height='240'\t\t\t\t\talt=\"https:\/\/files.sunoresearch.com.br\/n\/uploads\/2023\/03\/1420x240-Planilha-controle-de-gastos.png\"\n\t\t\t\t>\n\t\t\t<\/picture>\n\t\t<\/a>\n\t<\/p>\n\n\n<p>O relat\u00f3rio do Goldman Sachs estima que o pagamento total de <strong>dividendos<\/strong> ser\u00e1 de R$ 500 milh\u00f5es. Em entrevista ao SUNO Not\u00edcias, o<strong> CEO do GPA<\/strong>, Jorge Fai\u00e7al, disse que n\u00e3o confirma esse valor, indicando que pode ser mais ou menos. No entanto, ele prev\u00ea o impacto positivo j\u00e1 em meados do ano que vem.<\/p>\n<p>&#8220;N\u00f3s n\u00e3o confirmamos esse valor, ele pode ser maior ou pode ser menor. N\u00e3o posso dar nenhum n\u00famero aqui porque estaria falando indiretamente do <a class=\"suno-keyword\" href=\"https:\/\/www.suno.com.br\/artigos\/lucro-liquido\/\" target=\"_blank\" rel=\"noopener\" data-force=\"no\" data-priority=\"1\">lucro l\u00edquido<\/a> anual e eu n\u00e3o tenho condi\u00e7\u00e3o de falar nesse momento. O <strong>pagamento<\/strong> ser\u00e1 comunicado da maneira certa e deve acontecer em meados do pr\u00f3ximo ano&#8221;, disse Fai\u00e7al.<\/p>\n<p>Para o\u00a0<strong>Goldman Sachs<\/strong>, o movimento \u00e9 importante para a racionaliza\u00e7\u00e3o da exposi\u00e7\u00e3o da marca do P\u00e3o de A\u00e7\u00facar. Dos recursos recebidos, cerca de R$ 1,2 bilh\u00e3o ser\u00e3o investidos em reformas, expans\u00e3o da marca em categorias mais lucrativas, acelera\u00e7\u00e3o digital e distribui\u00e7\u00e3o de dividendos (aproximadamente R$ 500 milh\u00f5es).<\/p>\n\t<div data-element=\"shortcode-read-more\" class=\"knowMore\">\n\t\t\t\t<span class=\"knowMore__title\">Saiba Mais<\/span>\n\t\t\t\t<a class=\"knowMore__link\" href=\"https:\/\/www.suno.com.br\/noticias\/pao-de-acucar-pcar3-assai-asai3-acoes\/\">\n\t\t\tOpera\u00e7\u00e3o do P\u00e3o de A\u00e7\u00facar (PCAR3) cai no gosto dos bancos; a\u00e7\u00f5es disparam\t\t<\/a>\n\t<\/div>\n\n\n<p>Do total de R$ 5,2 bilh\u00f5es, cerca de R$ 1,5 bilh\u00e3o ir\u00e3o para a expans\u00e3o do <strong>P\u00e3o de A\u00e7\u00facar<\/strong> para o digital e refor\u00e7o das 185 lojas do grupo. O restante dos recursos deve ser usado para dividendos e para desalavancagem do GPA.<\/p>\n<p>Atualmente, a <a class=\"suno-keyword\" href=\"https:\/\/www.suno.com.br\/artigos\/divida-liquida\/\" target=\"_blank\" rel=\"noopener\" data-force=\"no\" data-priority=\"1\">d\u00edvida l\u00edquida<\/a> sobre o <a class=\"suno-keyword\" href=\"https:\/\/www.suno.com.br\/artigos\/ebitda-ajustado\/\" target=\"_blank\" rel=\"noopener\" data-force=\"no\" data-priority=\"1\">Ebitda Ajustado<\/a> est\u00e1 em 1,7 vez, e um dos objetivos da opera\u00e7\u00e3o \u00e9 reduzir esse valor &#8220;significativamente&#8221;.<\/p>\n\t<p>\n\t\t<a href=\"https:\/\/lp.suno.com.br\/planilha-da-vida-financeira\/\" target=\"_blank\" data-element=\"shortcode-suno-banner\" title=\"Banner SUNO, clique e saiba mais\">\n\t\t\t<picture>\n\t\t\t\t<source media=\"(max-width: 500px)\" srcset=\"https:\/\/files.sunoresearch.com.br\/n\/uploads\/2023\/04\/400x300-Planilha-vida-financeira-true.png\">\n\t\t\t\t<img class=\"newsContent__article__imgCapa newsContent__article__imgCapa--banner\"\n\t\t\t\t\tsrc=\"https:\/\/files.sunoresearch.com.br\/n\/uploads\/2023\/04\/1420x240-Planilha-vida-financeira-true.png\"\n\t\t\t\t\tdata-promo-id=\"106682\"\t\t\t\t\t\t\t\t\t\twidth='1420' height='240'\t\t\t\t\talt=\"https:\/\/files.sunoresearch.com.br\/n\/uploads\/2023\/04\/1420x240-Planilha-vida-financeira-true.png\"\n\t\t\t\t>\n\t\t\t<\/picture>\n\t\t<\/a>\n\t<\/p>\n\n\n<p>Na an\u00e1lise de Fai\u00e7al essa opera\u00e7\u00e3o \u00e9 \u00fanica para ambas as companhias. Por um lado o <strong>Assa\u00ed<\/strong> teve a oportunidade de adquirir pontos estrat\u00e9gicos com uma possibilidade de multiplicador de venda muito acelerado com a compra de 71 lojas, &#8220;em vez de plano de expans\u00e3o que poderia durar tr\u00eas anos.&#8221;<\/p>\n<p>J\u00e1 para o lado do GPA, o CEO explica que o grupo se dividia entre neg\u00f3cio de hipermercados e de segmento premium e decidiu ent\u00e3o focar em seu segmento mais rent\u00e1vel.<\/p>\n<p>&#8220;O segmento de hipermercado tem uma alta complexidade de revers\u00e3o de clientes e muitas dificuldades de competi\u00e7\u00e3o no cen\u00e1rio atual. Por outro lado temos neg\u00f3cios extremamente rent\u00e1veis, positivos e crescentes que s\u00e3o os mercados de proximidade, o digital e o P\u00e3o de A\u00e7\u00facar&#8221;, disse Fai\u00e7al.<\/p>\n<p>Com base nisso, a decis\u00e3o foi focalizar naquilo que era mais rent\u00e1vel para empresa e naquilo em que a companhia acredita que vai ter impacto no futuro.\u00a0&#8220;A gente estima entre 500 a 600 lojas de atacarejo nos pr\u00f3ximos cinco anos no Brasil e essa reflex\u00e3o nos leva a antecipar esse movimento e focar naquilo que realmente tem futuro&#8221;, concluiu.<\/p>\n<p>Conforme o <a class=\"suno-keyword\" href=\"https:\/\/www.suno.com.br\/artigos\/fato-relevante\/\" target=\"_blank\" rel=\"noopener\" data-force=\"no\" data-priority=\"1\">fato relevante<\/a>, do pre\u00e7o totaVl estimado da transa\u00e7\u00e3o, uma parte de R$ 4 bilh\u00f5es ser\u00e1 parcelada pelo Assa\u00ed ao GPA, entre dezembro de 2021 e janeiro de 2024.<\/p>\n\t<p>\n\t\t<a href=\"https:\/\/lp.suno.com.br\/ebook-como-analisar-uma-acao\/\" target=\"_blank\" data-element=\"shortcode-suno-banner\" title=\"Banner SUNO, clique e saiba mais\">\n\t\t\t<picture>\n\t\t\t\t<source media=\"(max-width: 500px)\" srcset=\"https:\/\/files.sunoresearch.com.br\/n\/uploads\/2023\/03\/Ebook-Acoes-Mobile-1.jpg\">\n\t\t\t\t<img class=\"newsContent__article__imgCapa newsContent__article__imgCapa--banner\"\n\t\t\t\t\tsrc=\"https:\/\/files.sunoresearch.com.br\/n\/uploads\/2023\/03\/Ebook-Acoes-Desktop-1.jpg\"\n\t\t\t\t\tdata-promo-id=\"171998\"\t\t\t\t\t\t\t\t\t\twidth='1420' height='286'\t\t\t\t\talt=\"https:\/\/files.sunoresearch.com.br\/n\/uploads\/2023\/03\/Ebook-Acoes-Desktop-1.jpg\"\n\t\t\t\t>\n\t\t\t<\/picture>\n\t\t<\/a>\n\t<\/p>\n\n\n<h2>Transa\u00e7\u00e3o entre Assa\u00ed e GPA inclui memorando\u00a0 de im\u00f3veis<\/h2>\n<p>O acordo do P\u00e3o de A\u00e7\u00facar com a Sendas Distribuidora, controladora do <strong>Assa\u00ed<\/strong>, inclui um memorando de entendimentos vinculante (MoU), que prev\u00ea a cess\u00e3o ao Assa\u00ed tanto de lojas Extra Hiper em im\u00f3veis pr\u00f3prios como locados de terceiros, al\u00e9m dos respectivos contratos de loca\u00e7\u00e3o &#8211; e pode envolver tamb\u00e9m a aquisi\u00e7\u00e3o pelo Assa\u00ed de certos equipamentos existentes nas lojas.<\/p>\n<p>No comunicado ao mercado, o Assa\u00ed informa que celebrou outro memorando de entendimentos com um<strong> fundo imobili\u00e1rio<\/strong> &#8220;com a interveni\u00eancia e garantia do Assa\u00ed, regulando a aliena\u00e7\u00e3o de 17 (dezessete) im\u00f3veis pr\u00f3prios do P\u00e3o de A\u00e7\u00facar&#8221;.<\/p>\n<p>O pre\u00e7o estimado de venda desses im\u00f3veis, diz o Assa\u00ed, \u00e9 de R$ 1,2 bilh\u00e3o e ser\u00e1 pago pelo fundo ao <strong>GPA<\/strong>, perfazendo o pre\u00e7o total da transa\u00e7\u00e3o: &#8220;A garantia do Assa\u00ed consiste na obriga\u00e7\u00e3o de pagamento pelos im\u00f3veis caso o fundo n\u00e3o cumpra o prazo acordado. Simultaneamente, Assa\u00ed tamb\u00e9m celebrou outro memorando de entendimentos com o fundo regulando a loca\u00e7\u00e3o, ap\u00f3s a conclus\u00e3o da transa\u00e7\u00e3o, dos im\u00f3veis adquiridos pelo fundo para Assa\u00ed, pelo prazo de 20 anos, renov\u00e1veis por igual prazo.&#8221;<\/p>\n\t<p>\n\t\t<a href=\"https:\/\/lp.suno.com.br\/planilha-de-controle-de-investimentos\/\" target=\"_blank\" data-element=\"shortcode-suno-banner\" title=\"Banner SUNO, clique e saiba mais\">\n\t\t\t<picture>\n\t\t\t\t<source media=\"(max-width: 500px)\" srcset=\"https:\/\/files.sunoresearch.com.br\/n\/uploads\/2023\/03\/400x300-Controle-de-Investimentos.png\">\n\t\t\t\t<img class=\"newsContent__article__imgCapa newsContent__article__imgCapa--banner\"\n\t\t\t\t\tsrc=\"https:\/\/files.sunoresearch.com.br\/n\/uploads\/2023\/03\/1420x240-Controle-de-Investimentos.png\"\n\t\t\t\t\tdata-promo-id=\"75934\"\t\t\t\t\t\t\t\t\t\twidth='1420' height='240'\t\t\t\t\talt=\"https:\/\/files.sunoresearch.com.br\/n\/uploads\/2023\/03\/1420x240-Controle-de-Investimentos.png\"\n\t\t\t\t>\n\t\t\t<\/picture>\n\t\t<\/a>\n\t<\/p>\n\n\n","protected":false},"excerpt":{"rendered":"<p>O GPA (PCAR3) vendeu todas as 71 lojas do Extra ao Assa\u00ed (ASAI3) pelo valor de R$ 5,2 bilh\u00f5es e saiu do segmento de hipermercados. Do valor total, parte do recurso levantado ser\u00e1 usado para o pagamento de dividendos que acontecer\u00e1 em meados de 2022. Os pap\u00e9is do grupo disparavam 16,15% na manh\u00e3 desta sexta-feira, [&hellip;]<\/p>\n","protected":false},"author":15,"featured_media":130537,"comment_status":"closed","ping_status":"closed","sticky":false,"template":"","format":"standard","meta":[],"categories":[64],"tags":[1187,295],"suno_strategy":[],"class_list":["post-194048","post","type-post","status-publish","format-standard","has-post-thumbnail","hentry","category-negocios","tag-assai-asai3","tag-dividendos"],"yoast_head":"<!-- This site is optimized with the Yoast SEO plugin v24.4 - https:\/\/yoast.com\/wordpress\/plugins\/seo\/ -->\n<title>GPA (PCAR3) v\u00ea impacto positivo em dividendos j\u00e1 em 2022, diz CEO<\/title>\n<meta name=\"description\" content=\"Segundo o CEO do GPA (PCAR3), dos R$ 5,2 bilh\u00f5es, parte ser\u00e1 usado para o pagamento de dividendos em meados de 2022. Clique aqui\" \/>\n<meta name=\"robots\" content=\"index, follow, max-snippet:-1, max-image-preview:large, max-video-preview:-1\" \/>\n<link rel=\"canonical\" href=\"https:\/\/www.suno.com.br\/noticias\/gpa-pcar3-assai-asai3-dividendos-2022\/\" \/>\n<meta property=\"og:locale\" content=\"pt_BR\" \/>\n<meta property=\"og:type\" content=\"article\" \/>\n<meta property=\"og:title\" content=\"GPA (PCAR3) v\u00ea impacto positivo em dividendos j\u00e1 em 2022, diz CEO\" \/>\n<meta property=\"og:description\" content=\"Segundo o CEO do GPA (PCAR3), dos R$ 5,2 bilh\u00f5es, parte ser\u00e1 usado para o pagamento de dividendos em meados de 2022. Clique aqui\" \/>\n<meta property=\"og:url\" content=\"https:\/\/www.suno.com.br\/noticias\/gpa-pcar3-assai-asai3-dividendos-2022\/\" \/>\n<meta property=\"og:site_name\" content=\"Suno Not\u00edcias\" \/>\n<meta property=\"article:publisher\" content=\"https:\/\/facebook.com\/sunoresearch\" \/>\n<meta property=\"og:image\" content=\"https:\/\/files.sunoresearch.com.br\/n\/uploads\/2021\/03\/4f6aeae3-gpa.jpg\" \/>\n\t<meta property=\"og:image:width\" content=\"1200\" \/>\n\t<meta property=\"og:image:height\" content=\"600\" \/>\n\t<meta property=\"og:image:type\" content=\"image\/jpeg\" \/>\n<meta name=\"author\" content=\"Poliana Santos\" \/>\n<meta name=\"twitter:card\" content=\"summary_large_image\" \/>\n<meta name=\"twitter:creator\" content=\"@sunoresearch\" \/>\n<meta name=\"twitter:site\" content=\"@sunoresearch\" \/>\n<meta name=\"twitter:label1\" content=\"Escrito por\" \/>\n\t<meta name=\"twitter:data1\" content=\"Poliana Santos\" \/>\n\t<meta name=\"twitter:label2\" content=\"Est. tempo de leitura\" \/>\n\t<meta name=\"twitter:data2\" content=\"4 minutos\" \/>\n<script type=\"application\/ld+json\" class=\"yoast-schema-graph\">{\"@context\":\"https:\/\/schema.org\",\"@graph\":[{\"@type\":\"NewsArticle\",\"@id\":\"https:\/\/www.suno.com.br\/noticias\/gpa-pcar3-assai-asai3-dividendos-2022\/#article\",\"isPartOf\":{\"@id\":\"https:\/\/www.suno.com.br\/noticias\/gpa-pcar3-assai-asai3-dividendos-2022\/\"},\"author\":{\"name\":\"Poliana Santos\",\"@id\":\"https:\/\/www.suno.com.br\/noticias\/#\/schema\/person\/02ec1f752758247878a2bf4abee1aeda\"},\"headline\":\"GPA (PCAR3): Venda de lojas ter\u00e1 impacto positivo em dividendos j\u00e1 em 2022, diz CEO\",\"datePublished\":\"2021-10-15T14:54:01+00:00\",\"dateModified\":\"2021-10-15T18:44:39+00:00\",\"mainEntityOfPage\":{\"@id\":\"https:\/\/www.suno.com.br\/noticias\/gpa-pcar3-assai-asai3-dividendos-2022\/\"},\"wordCount\":788,\"publisher\":{\"@id\":\"https:\/\/www.suno.com.br\/noticias\/#organization\"},\"image\":{\"@id\":\"https:\/\/www.suno.com.br\/noticias\/gpa-pcar3-assai-asai3-dividendos-2022\/#primaryimage\"},\"thumbnailUrl\":\"https:\/\/files.sunoresearch.com.br\/n\/uploads\/2021\/03\/4f6aeae3-gpa-jpg.webp\",\"keywords\":[\"Assa\u00ed (ASAI3)\",\"dividendos\"],\"articleSection\":[\"Neg\u00f3cios\"],\"inLanguage\":\"pt-BR\"},{\"@type\":\"WebPage\",\"@id\":\"https:\/\/www.suno.com.br\/noticias\/gpa-pcar3-assai-asai3-dividendos-2022\/\",\"url\":\"https:\/\/www.suno.com.br\/noticias\/gpa-pcar3-assai-asai3-dividendos-2022\/\",\"name\":\"GPA (PCAR3) v\u00ea impacto positivo em dividendos j\u00e1 em 2022, diz CEO\",\"isPartOf\":{\"@id\":\"https:\/\/www.suno.com.br\/noticias\/#website\"},\"primaryImageOfPage\":{\"@id\":\"https:\/\/www.suno.com.br\/noticias\/gpa-pcar3-assai-asai3-dividendos-2022\/#primaryimage\"},\"image\":{\"@id\":\"https:\/\/www.suno.com.br\/noticias\/gpa-pcar3-assai-asai3-dividendos-2022\/#primaryimage\"},\"thumbnailUrl\":\"https:\/\/files.sunoresearch.com.br\/n\/uploads\/2021\/03\/4f6aeae3-gpa-jpg.webp\",\"datePublished\":\"2021-10-15T14:54:01+00:00\",\"dateModified\":\"2021-10-15T18:44:39+00:00\",\"description\":\"Segundo o CEO do GPA (PCAR3), dos R$ 5,2 bilh\u00f5es, parte ser\u00e1 usado para o pagamento de dividendos em meados de 2022. Clique aqui\",\"breadcrumb\":{\"@id\":\"https:\/\/www.suno.com.br\/noticias\/gpa-pcar3-assai-asai3-dividendos-2022\/#breadcrumb\"},\"inLanguage\":\"pt-BR\",\"potentialAction\":[{\"@type\":\"ReadAction\",\"target\":[\"https:\/\/www.suno.com.br\/noticias\/gpa-pcar3-assai-asai3-dividendos-2022\/\"]}]},{\"@type\":\"ImageObject\",\"inLanguage\":\"pt-BR\",\"@id\":\"https:\/\/www.suno.com.br\/noticias\/gpa-pcar3-assai-asai3-dividendos-2022\/#primaryimage\",\"url\":\"https:\/\/files.sunoresearch.com.br\/n\/uploads\/2021\/03\/4f6aeae3-gpa-jpg.webp\",\"contentUrl\":\"https:\/\/files.sunoresearch.com.br\/n\/uploads\/2021\/03\/4f6aeae3-gpa-jpg.webp\",\"width\":1200,\"height\":600,\"caption\":\"P\u00e3o de A\u00e7\u00facar- Foto: Divulga\u00e7\u00e3o Grupo P\u00e3o de A\u00e7\u00facar\"},{\"@type\":\"BreadcrumbList\",\"@id\":\"https:\/\/www.suno.com.br\/noticias\/gpa-pcar3-assai-asai3-dividendos-2022\/#breadcrumb\",\"itemListElement\":[{\"@type\":\"ListItem\",\"position\":1,\"name\":\"Not\u00edcias\",\"item\":\"https:\/\/www.suno.com.br\/noticias\/\"},{\"@type\":\"ListItem\",\"position\":2,\"name\":\"Neg\u00f3cios\",\"item\":\"https:\/\/www.suno.com.br\/noticias\/negocios\/\"},{\"@type\":\"ListItem\",\"position\":3,\"name\":\"GPA (PCAR3): Venda de lojas ter\u00e1 impacto positivo em dividendos j\u00e1 em 2022, diz CEO\"}]},{\"@type\":\"WebSite\",\"@id\":\"https:\/\/www.suno.com.br\/noticias\/#website\",\"url\":\"https:\/\/www.suno.com.br\/noticias\/\",\"name\":\"Suno Not\u00edcias\",\"description\":\"Seu portal de informa\u00e7\u00e3o sobre o mundo dos investimentos\",\"publisher\":{\"@id\":\"https:\/\/www.suno.com.br\/noticias\/#organization\"},\"potentialAction\":[{\"@type\":\"SearchAction\",\"target\":{\"@type\":\"EntryPoint\",\"urlTemplate\":\"https:\/\/www.suno.com.br\/noticias\/?s={search_term_string}\"},\"query-input\":{\"@type\":\"PropertyValueSpecification\",\"valueRequired\":true,\"valueName\":\"search_term_string\"}}],\"inLanguage\":\"pt-BR\"},{\"@type\":\"Organization\",\"@id\":\"https:\/\/www.suno.com.br\/noticias\/#organization\",\"name\":\"Suno Not\u00edcias\",\"url\":\"https:\/\/www.suno.com.br\/noticias\/\",\"logo\":{\"@type\":\"ImageObject\",\"inLanguage\":\"pt-BR\",\"@id\":\"https:\/\/www.suno.com.br\/noticias\/#\/schema\/logo\/image\/\",\"url\":\"https:\/\/files.sunoresearch.com.br\/n\/uploads\/2021\/09\/suno-logo.png\",\"contentUrl\":\"https:\/\/files.sunoresearch.com.br\/n\/uploads\/2021\/09\/suno-logo.png\",\"width\":180,\"height\":180,\"caption\":\"Suno Not\u00edcias\"},\"image\":{\"@id\":\"https:\/\/www.suno.com.br\/noticias\/#\/schema\/logo\/image\/\"},\"sameAs\":[\"https:\/\/facebook.com\/sunoresearch\",\"https:\/\/x.com\/sunoresearch\",\"https:\/\/www.instagram.com\/suno\",\"https:\/\/www.linkedin.com\/company\/suno-research\/\",\"https:\/\/www.youtube.com\/c\/sunoresearch\"]},{\"@type\":\"Person\",\"@id\":\"https:\/\/www.suno.com.br\/noticias\/#\/schema\/person\/02ec1f752758247878a2bf4abee1aeda\",\"name\":\"Poliana Santos\",\"image\":{\"@type\":\"ImageObject\",\"inLanguage\":\"pt-BR\",\"@id\":\"https:\/\/www.suno.com.br\/noticias\/#\/schema\/person\/image\/\",\"url\":\"https:\/\/secure.gravatar.com\/avatar\/0645bd32f23d87b2130f2b2dff1d3f8d?s=96&r=g\",\"contentUrl\":\"https:\/\/secure.gravatar.com\/avatar\/0645bd32f23d87b2130f2b2dff1d3f8d?s=96&r=g\",\"caption\":\"Poliana Santos\"},\"description\":\"Rep\u00f3rter no Suno Not\u00edcias, com cobertura em mercado financeiro, economia, finan\u00e7as pessoais, renda fixa e varejo. Jornalista formada pela Faculdade C\u00e1sper L\u00edbero e possui passagem na R\u00e1dio Gazeta AM com a produ\u00e7\u00e3o de conte\u00fado sobre economia, pol\u00edtica, sa\u00fade, moda e m\u00fasica. Possui certificado de conclus\u00e3o do curso de An\u00e1lise de Balan\u00e7os pela Funda\u00e7\u00e3o Bradesco, Agenda Brasil pela FAAP, Educa\u00e7\u00e3o Pol\u00edtica por Alexandre Garcia e do Tesouro Direto e Mercado de A\u00e7\u00f5es pela B3.\",\"url\":\"https:\/\/www.suno.com.br\/noticias\/author\/poliana-santos\/\"}]}<\/script>\n<!-- \/ Yoast SEO plugin. -->","yoast_head_json":{"title":"GPA (PCAR3) v\u00ea impacto positivo em dividendos j\u00e1 em 2022, diz CEO","description":"Segundo o CEO do GPA (PCAR3), dos R$ 5,2 bilh\u00f5es, parte ser\u00e1 usado para o pagamento de dividendos em meados de 2022. Clique aqui","robots":{"index":"index","follow":"follow","max-snippet":"max-snippet:-1","max-image-preview":"max-image-preview:large","max-video-preview":"max-video-preview:-1"},"canonical":"https:\/\/www.suno.com.br\/noticias\/gpa-pcar3-assai-asai3-dividendos-2022\/","og_locale":"pt_BR","og_type":"article","og_title":"GPA (PCAR3) v\u00ea impacto positivo em dividendos j\u00e1 em 2022, diz CEO","og_description":"Segundo o CEO do GPA (PCAR3), dos R$ 5,2 bilh\u00f5es, parte ser\u00e1 usado para o pagamento de dividendos em meados de 2022. Clique aqui","og_url":"https:\/\/www.suno.com.br\/noticias\/gpa-pcar3-assai-asai3-dividendos-2022\/","og_site_name":"Suno Not\u00edcias","article_publisher":"https:\/\/facebook.com\/sunoresearch","og_image":[{"width":1200,"height":600,"url":"https:\/\/files.sunoresearch.com.br\/n\/uploads\/2021\/03\/4f6aeae3-gpa.jpg","type":"image\/jpeg"}],"author":"Poliana Santos","twitter_card":"summary_large_image","twitter_creator":"@sunoresearch","twitter_site":"@sunoresearch","twitter_misc":{"Escrito por":"Poliana Santos","Est. tempo de leitura":"4 minutos"},"schema":{"@context":"https:\/\/schema.org","@graph":[{"@type":"NewsArticle","@id":"https:\/\/www.suno.com.br\/noticias\/gpa-pcar3-assai-asai3-dividendos-2022\/#article","isPartOf":{"@id":"https:\/\/www.suno.com.br\/noticias\/gpa-pcar3-assai-asai3-dividendos-2022\/"},"author":{"name":"Poliana Santos","@id":"https:\/\/www.suno.com.br\/noticias\/#\/schema\/person\/02ec1f752758247878a2bf4abee1aeda"},"headline":"GPA (PCAR3): Venda de lojas ter\u00e1 impacto positivo em dividendos j\u00e1 em 2022, diz CEO","datePublished":"2021-10-15T14:54:01+00:00","dateModified":"2021-10-15T18:44:39+00:00","mainEntityOfPage":{"@id":"https:\/\/www.suno.com.br\/noticias\/gpa-pcar3-assai-asai3-dividendos-2022\/"},"wordCount":788,"publisher":{"@id":"https:\/\/www.suno.com.br\/noticias\/#organization"},"image":{"@id":"https:\/\/www.suno.com.br\/noticias\/gpa-pcar3-assai-asai3-dividendos-2022\/#primaryimage"},"thumbnailUrl":"https:\/\/files.sunoresearch.com.br\/n\/uploads\/2021\/03\/4f6aeae3-gpa-jpg.webp","keywords":["Assa\u00ed (ASAI3)","dividendos"],"articleSection":["Neg\u00f3cios"],"inLanguage":"pt-BR"},{"@type":"WebPage","@id":"https:\/\/www.suno.com.br\/noticias\/gpa-pcar3-assai-asai3-dividendos-2022\/","url":"https:\/\/www.suno.com.br\/noticias\/gpa-pcar3-assai-asai3-dividendos-2022\/","name":"GPA (PCAR3) v\u00ea impacto positivo em dividendos j\u00e1 em 2022, diz CEO","isPartOf":{"@id":"https:\/\/www.suno.com.br\/noticias\/#website"},"primaryImageOfPage":{"@id":"https:\/\/www.suno.com.br\/noticias\/gpa-pcar3-assai-asai3-dividendos-2022\/#primaryimage"},"image":{"@id":"https:\/\/www.suno.com.br\/noticias\/gpa-pcar3-assai-asai3-dividendos-2022\/#primaryimage"},"thumbnailUrl":"https:\/\/files.sunoresearch.com.br\/n\/uploads\/2021\/03\/4f6aeae3-gpa-jpg.webp","datePublished":"2021-10-15T14:54:01+00:00","dateModified":"2021-10-15T18:44:39+00:00","description":"Segundo o CEO do GPA (PCAR3), dos R$ 5,2 bilh\u00f5es, parte ser\u00e1 usado para o pagamento de dividendos em meados de 2022. Clique aqui","breadcrumb":{"@id":"https:\/\/www.suno.com.br\/noticias\/gpa-pcar3-assai-asai3-dividendos-2022\/#breadcrumb"},"inLanguage":"pt-BR","potentialAction":[{"@type":"ReadAction","target":["https:\/\/www.suno.com.br\/noticias\/gpa-pcar3-assai-asai3-dividendos-2022\/"]}]},{"@type":"ImageObject","inLanguage":"pt-BR","@id":"https:\/\/www.suno.com.br\/noticias\/gpa-pcar3-assai-asai3-dividendos-2022\/#primaryimage","url":"https:\/\/files.sunoresearch.com.br\/n\/uploads\/2021\/03\/4f6aeae3-gpa-jpg.webp","contentUrl":"https:\/\/files.sunoresearch.com.br\/n\/uploads\/2021\/03\/4f6aeae3-gpa-jpg.webp","width":1200,"height":600,"caption":"P\u00e3o de A\u00e7\u00facar- Foto: Divulga\u00e7\u00e3o Grupo P\u00e3o de A\u00e7\u00facar"},{"@type":"BreadcrumbList","@id":"https:\/\/www.suno.com.br\/noticias\/gpa-pcar3-assai-asai3-dividendos-2022\/#breadcrumb","itemListElement":[{"@type":"ListItem","position":1,"name":"Not\u00edcias","item":"https:\/\/www.suno.com.br\/noticias\/"},{"@type":"ListItem","position":2,"name":"Neg\u00f3cios","item":"https:\/\/www.suno.com.br\/noticias\/negocios\/"},{"@type":"ListItem","position":3,"name":"GPA (PCAR3): Venda de lojas ter\u00e1 impacto positivo em dividendos j\u00e1 em 2022, diz CEO"}]},{"@type":"WebSite","@id":"https:\/\/www.suno.com.br\/noticias\/#website","url":"https:\/\/www.suno.com.br\/noticias\/","name":"Suno Not\u00edcias","description":"Seu portal de informa\u00e7\u00e3o sobre o mundo dos investimentos","publisher":{"@id":"https:\/\/www.suno.com.br\/noticias\/#organization"},"potentialAction":[{"@type":"SearchAction","target":{"@type":"EntryPoint","urlTemplate":"https:\/\/www.suno.com.br\/noticias\/?s={search_term_string}"},"query-input":{"@type":"PropertyValueSpecification","valueRequired":true,"valueName":"search_term_string"}}],"inLanguage":"pt-BR"},{"@type":"Organization","@id":"https:\/\/www.suno.com.br\/noticias\/#organization","name":"Suno Not\u00edcias","url":"https:\/\/www.suno.com.br\/noticias\/","logo":{"@type":"ImageObject","inLanguage":"pt-BR","@id":"https:\/\/www.suno.com.br\/noticias\/#\/schema\/logo\/image\/","url":"https:\/\/files.sunoresearch.com.br\/n\/uploads\/2021\/09\/suno-logo.png","contentUrl":"https:\/\/files.sunoresearch.com.br\/n\/uploads\/2021\/09\/suno-logo.png","width":180,"height":180,"caption":"Suno Not\u00edcias"},"image":{"@id":"https:\/\/www.suno.com.br\/noticias\/#\/schema\/logo\/image\/"},"sameAs":["https:\/\/facebook.com\/sunoresearch","https:\/\/x.com\/sunoresearch","https:\/\/www.instagram.com\/suno","https:\/\/www.linkedin.com\/company\/suno-research\/","https:\/\/www.youtube.com\/c\/sunoresearch"]},{"@type":"Person","@id":"https:\/\/www.suno.com.br\/noticias\/#\/schema\/person\/02ec1f752758247878a2bf4abee1aeda","name":"Poliana Santos","image":{"@type":"ImageObject","inLanguage":"pt-BR","@id":"https:\/\/www.suno.com.br\/noticias\/#\/schema\/person\/image\/","url":"https:\/\/secure.gravatar.com\/avatar\/0645bd32f23d87b2130f2b2dff1d3f8d?s=96&r=g","contentUrl":"https:\/\/secure.gravatar.com\/avatar\/0645bd32f23d87b2130f2b2dff1d3f8d?s=96&r=g","caption":"Poliana Santos"},"description":"Rep\u00f3rter no Suno Not\u00edcias, com cobertura em mercado financeiro, economia, finan\u00e7as pessoais, renda fixa e varejo. Jornalista formada pela Faculdade C\u00e1sper L\u00edbero e possui passagem na R\u00e1dio Gazeta AM com a produ\u00e7\u00e3o de conte\u00fado sobre economia, pol\u00edtica, sa\u00fade, moda e m\u00fasica. Possui certificado de conclus\u00e3o do curso de An\u00e1lise de Balan\u00e7os pela Funda\u00e7\u00e3o Bradesco, Agenda Brasil pela FAAP, Educa\u00e7\u00e3o Pol\u00edtica por Alexandre Garcia e do Tesouro Direto e Mercado de A\u00e7\u00f5es pela B3.","url":"https:\/\/www.suno.com.br\/noticias\/author\/poliana-santos\/"}]}},"default_loop_html":"<div class=\"cardsPage__listCard__boxs\"><div class=\"cardsPage__listCard__boxs__img\"><a href=\"https:\/\/www.suno.com.br\/noticias\/gpa-pcar3-assai-asai3-dividendos-2022\/\"><img class=\"mask\" src=\"https:\/\/www.suno.com.br\/noticias\/wp-content\/themes\/suno\/resources\/images\/spotlight\/spotlight1img\/bg-mask.png\" alt=\"Image Mask\"\/><img src=\"https:\/\/files.sunoresearch.com.br\/n\/uploads\/2021\/03\/4f6aeae3-gpa-400x200.webp\" alt=\"GPA (PCAR3): Venda de lojas ter\u00e1 impacto positivo em dividendos j\u00e1 em 2022, diz CEO\"\/><\/a><span class=\"spotlightCategory\"><a href=\"https:\/\/www.suno.com.br\/noticias\/negocios\/\">Neg\u00f3cios<\/a><\/span><\/div><div class=\"cardsPage__listCard__boxs__content\"><a href=\"https:\/\/www.suno.com.br\/noticias\/gpa-pcar3-assai-asai3-dividendos-2022\/\"><h2 class=\"content__title\">GPA (PCAR3): Venda de lojas ter\u00e1 impacto positivo em dividendos j\u00e1 em 2022, diz CEO<\/h2><\/a><div class=\"newsContent__article__meta\"><div class=\"newsContent__article__meta__authorBox\"><a href=\"https:\/\/www.suno.com.br\/noticias\/author\/poliana-santos\/\" class=\"authorBox__avatar noMobi\"><img src=\"https:\/\/files.sunoresearch.com.br\/n\/uploads\/2020\/08\/7ef34026-whatsapp-image-2020-08-03-at-12.37.57-150x150.webp\" alt=\"Poliana Santos\"><\/a><div class=\"authorBox__name\"><span>por\n\t\t\t<a href=\"https:\/\/www.suno.com.br\/noticias\/author\/poliana-santos\/\"><span itemprop=\"author\">Poliana Santos<\/span><\/a><\/span><time datetime=\"2021-10-15T11:54:01-03:00\" itemprop=\"datePublished\">15\/10\/2021 11:54<\/time><\/div><\/div><\/div><\/div><\/div>","single_layout":"posts","amp_enabled":true,"_links":{"self":[{"href":"https:\/\/www.suno.com.br\/noticias\/wp-json\/wp\/v2\/posts\/194048"}],"collection":[{"href":"https:\/\/www.suno.com.br\/noticias\/wp-json\/wp\/v2\/posts"}],"about":[{"href":"https:\/\/www.suno.com.br\/noticias\/wp-json\/wp\/v2\/types\/post"}],"author":[{"embeddable":true,"href":"https:\/\/www.suno.com.br\/noticias\/wp-json\/wp\/v2\/users\/15"}],"replies":[{"embeddable":true,"href":"https:\/\/www.suno.com.br\/noticias\/wp-json\/wp\/v2\/comments?post=194048"}],"version-history":[{"count":4,"href":"https:\/\/www.suno.com.br\/noticias\/wp-json\/wp\/v2\/posts\/194048\/revisions"}],"predecessor-version":[{"id":194171,"href":"https:\/\/www.suno.com.br\/noticias\/wp-json\/wp\/v2\/posts\/194048\/revisions\/194171"}],"wp:featuredmedia":[{"embeddable":true,"href":"https:\/\/www.suno.com.br\/noticias\/wp-json\/wp\/v2\/media\/130537"}],"wp:attachment":[{"href":"https:\/\/www.suno.com.br\/noticias\/wp-json\/wp\/v2\/media?parent=194048"}],"wp:term":[{"taxonomy":"category","embeddable":true,"href":"https:\/\/www.suno.com.br\/noticias\/wp-json\/wp\/v2\/categories?post=194048"},{"taxonomy":"post_tag","embeddable":true,"href":"https:\/\/www.suno.com.br\/noticias\/wp-json\/wp\/v2\/tags?post=194048"},{"taxonomy":"suno_strategy","embeddable":true,"href":"https:\/\/www.suno.com.br\/noticias\/wp-json\/wp\/v2\/suno_strategy?post=194048"}],"curies":[{"name":"wp","href":"https:\/\/api.w.org\/{rel}","templated":true}]}}