{"id":193995,"date":"2021-10-15T11:17:37","date_gmt":"2021-10-15T14:17:37","guid":{"rendered":"https:\/\/www.suno.com.br\/noticias\/?p=193995"},"modified":"2021-10-15T11:17:37","modified_gmt":"2021-10-15T14:17:37","slug":"itau-itub4-gpa-pcar3-vibra-brdt3-movimentam-ibovespa","status":"publish","type":"post","link":"https:\/\/www.suno.com.br\/noticias\/itau-itub4-gpa-pcar3-vibra-brdt3-movimentam-ibovespa\/","title":{"rendered":"Ita\u00fa (ITUB4), GPA (PCAR3) e Vibra (BRDT3) movimentam o Ibovespa nesta sexta"},"content":{"rendered":"<p>Nos destaques de empresas desta sexta-feira (15) chama a aten\u00e7\u00e3o do mercado o <a class=\"suno-keyword\" href=\"https:\/\/www.suno.com.br\/acoes\/ITUB4\/\" target=\"_blank\" rel=\"noopener\" data-force=\"yes\" data-priority=\"2\"><strong>Ita\u00fa<\/strong> (ITUB4)<\/a> que anunciou o pagamento de <a class=\"suno-keyword\" href=\"https:\/\/www.suno.com.br\/artigos\/entenda-o-jcp\/\" target=\"_blank\" rel=\"noopener\" data-force=\"no\" data-priority=\"1\">juros sobre capital pr\u00f3prio<\/a> (JCP).<\/p>\t<div class=\"wrapper-featured-image\">\n\t\t<figure class=\"spotlightImg\">\n\n\t\t\t<picture>\n\t\t\t\t<source media=\"(max-width: 768px)\" srcset=\"https:\/\/files.sunoresearch.com.br\/n\/uploads\/2021\/04\/1fe27850-materia_banco-laranja-648x300_easy-resize.com_-400x200.webp\">\n\t\t\t\t<img loading=\"lazy\" decoding=\"async\" class=\"newsContent__article__imgCapa lazyloadDisabled \" src=\"https:\/\/files.sunoresearch.com.br\/n\/uploads\/2021\/04\/1fe27850-materia_banco-laranja-648x300_easy-resize.com_-800x450.webp\" width=\"800\" height=\"450\" alt=\"Ita\u00fa (ITUB4), GPA (PCAR3) e Vibra (BRDT3) movimentam o Ibovespa nesta sexta\" fetchpriority=high \/>\n\t\t\t<\/picture>\n\n\t\t\t<figcaption class=\"wp-caption-text wp-caption-text--show\">Ita\u00fa (ITUB4) teve crescimento simult\u00e2neo de despesas e da expans\u00e3o da carteira de cr\u00e9dito - Foto: Reprodu\u00e7\u00e3o Site Ita\u00fa<\/figcaption>\n\t\t<\/figure>\n\t<\/div>\n\n\n\t<p>\n\t\t<a href=\"https:\/\/lp.suno.com.br\/planilha-controle-gastos\/\" target=\"_blank\" data-element=\"shortcode-suno-banner\" title=\"Banner SUNO, clique e saiba mais\">\n\t\t\t<picture>\n\t\t\t\t<source media=\"(max-width: 500px)\" srcset=\"https:\/\/files.sunoresearch.com.br\/n\/uploads\/2023\/03\/400x300-Planilha-controle-de-gastos.png\">\n\t\t\t\t<img class=\"newsContent__article__imgCapa newsContent__article__imgCapa--banner\"\n\t\t\t\t\tsrc=\"https:\/\/files.sunoresearch.com.br\/n\/uploads\/2023\/03\/1420x240-Planilha-controle-de-gastos.png\"\n\t\t\t\t\tdata-promo-id=\"101751\"\t\t\t\t\t\t\t\t\t\twidth='1420' height='240'\t\t\t\t\talt=\"https:\/\/files.sunoresearch.com.br\/n\/uploads\/2023\/03\/1420x240-Planilha-controle-de-gastos.png\"\n\t\t\t\t>\n\t\t\t<\/picture>\n\t\t<\/a>\n\t<\/p>\n\n\n<p>Al\u00e9m do Ita\u00fa, est\u00e1 no radar dos investidores a sa\u00edda do <a class=\"suno-keyword\" href=\"https:\/\/www.suno.com.br\/acoes\/PCAR3\/\" target=\"_blank\" rel=\"noopener\" data-force=\"yes\" data-priority=\"2\"><strong>GPA<\/strong> (PCAR3)<\/a> do segmento de hipermercados com a venda de 71<strong> lojas Extra<\/strong> para o Assa\u00ed (ASAI3). Por sua vez, a ex- <a class=\"suno-keyword\" href=\"https:\/\/www.suno.com.br\/acoes\/BRDT3\/\" target=\"_blank\" rel=\"noopener\" data-force=\"yes\" data-priority=\"2\">BR Distribuidora (BRDT3)<\/a>, agora Vibra, mudar\u00e1 de ticker a partir de 22 de outubro.<\/p>\n<p>J\u00e1 a <a class=\"suno-keyword\" href=\"https:\/\/www.suno.com.br\/acoes\/ENBR3\/\" target=\"_blank\" rel=\"noopener\" data-force=\"yes\" data-priority=\"2\">EDP Brasil (ENBR3)<\/a> arrematou <strong>leil\u00e3o da Celg T<\/strong>, de Goi\u00e1s, por R$ 1,9 bilh\u00e3o. A <a class=\"suno-keyword\" href=\"https:\/\/www.suno.com.br\/acoes\/TEND3\/\" target=\"_blank\" rel=\"noopener\" data-force=\"yes\" data-priority=\"2\">Tenda (TEND3)<\/a> divulgou que os lan\u00e7amentos no terceiro trimestre ca\u00edram 35,7%, para R$ 633,9 milh\u00f5es e os lan\u00e7amentos da <a class=\"suno-keyword\" href=\"https:\/\/www.suno.com.br\/acoes\/LAVV3\/\" target=\"_blank\" rel=\"noopener\" data-force=\"yes\" data-priority=\"2\">Lavvi (LAVV3)<\/a> somaram R$ 331 milh\u00f5es.<\/p>\n<p>Veja os<strong> destaques de empresas<\/strong> desta sexta-feira:<\/p>\n<h2>Ita\u00fa<\/h2>\n<p>O<strong> Ita\u00fa Unibanco<\/strong> far\u00e1 o pagamento de \u00a0juros sobre capital pr\u00f3prio. O montante corresponde a um valor bruto de 0,01765 por a\u00e7\u00e3o. Os pagamentos ocorrer\u00e3o em 1\u00ba de dezembro de 2021 e 3 de janeiro de 2022.<\/p>\n\t<div data-element=\"shortcode-read-more\" class=\"knowMore\">\n\t\t\t\t<span class=\"knowMore__title\">Saiba Mais<\/span>\n\t\t\t\t<a class=\"knowMore__link\" href=\"https:\/\/www.suno.com.br\/noticias\/itau-unibanco-itub4-pagamento-jcp-001765\/\">\n\t\t\tIta\u00fa (ITUB4) anuncia pagamento de JCP; veja valores\t\t<\/a>\n\t<\/div>\n\n\n<p>O Ita\u00fa informa que a aprova\u00e7\u00e3o do JCP acontece em substitui\u00e7\u00e3o ao dividendo mensal de novembro e dezembro. Para o pagamento, ser\u00e3o consideradas as posi\u00e7\u00f5es acion\u00e1rias dos dia 29 de outubro e 30 de novembro, com os pap\u00e9is negociados &#8220;ex-juros&#8221; em 1\u00ba de novembro e 1\u00ba de dezembro. O pagamento do JCP ter\u00e1 juros l\u00edquidos de R$ 0,015 por a\u00e7\u00e3o, com a reten\u00e7\u00e3o de 15% de imposto de renda na fonte.<\/p>\n\t<p>\n\t\t<a href=\"https:\/\/lp.suno.com.br\/planilha-da-vida-financeira\/\" target=\"_blank\" data-element=\"shortcode-suno-banner\" title=\"Banner SUNO, clique e saiba mais\">\n\t\t\t<picture>\n\t\t\t\t<source media=\"(max-width: 500px)\" srcset=\"https:\/\/files.sunoresearch.com.br\/n\/uploads\/2023\/04\/400x300-Planilha-vida-financeira-true.png\">\n\t\t\t\t<img class=\"newsContent__article__imgCapa newsContent__article__imgCapa--banner\"\n\t\t\t\t\tsrc=\"https:\/\/files.sunoresearch.com.br\/n\/uploads\/2023\/04\/1420x240-Planilha-vida-financeira-true.png\"\n\t\t\t\t\tdata-promo-id=\"106682\"\t\t\t\t\t\t\t\t\t\twidth='1420' height='240'\t\t\t\t\talt=\"https:\/\/files.sunoresearch.com.br\/n\/uploads\/2023\/04\/1420x240-Planilha-vida-financeira-true.png\"\n\t\t\t\t>\n\t\t\t<\/picture>\n\t\t<\/a>\n\t<\/p>\n\n\n<h2>GPA<\/h2>\n<p>O <strong>Assa\u00ed<\/strong> fechou acordo com o <strong>GPA<\/strong> para a compra de 71 lojas do hipermercado Extra. O valor total da transa\u00e7\u00e3o foi de R$ 5,2 bi. O GPA ficar\u00e1 sem nenhuma unidade com a bandeira do Extra e sair\u00e1 do segmento de hipermercados.<\/p>\n\t<div data-element=\"shortcode-read-more\" class=\"knowMore\">\n\t\t\t\t<span class=\"knowMore__title\">Saiba Mais<\/span>\n\t\t\t\t<a class=\"knowMore__link\" href=\"https:\/\/www.suno.com.br\/noticias\/assai-asai3-gpa-pcar3-compra-71-lojas-extra-hiper\/\">\n\t\t\tGPA (PCAR3) vende 71 lojas do Extra ao Assa\u00ed (ASAI3) e sai do segmento de hipermercados\t\t<\/a>\n\t<\/div>\n\n\n<p>O acordo do P\u00e3o de A\u00e7\u00facar com a Sendas Distribuidora, controladora do Assa\u00ed, inclui um memorando de entendimentos vinculante (MoU), que prev\u00ea a cess\u00e3o ao Assa\u00ed tanto de<strong> lojas Extra Hiper<\/strong> em im\u00f3veis pr\u00f3prios como locados de terceiros, al\u00e9m dos respectivos contratos de loca\u00e7\u00e3o &#8211; e pode envolver tamb\u00e9m a aquisi\u00e7\u00e3o pelo Assa\u00ed de certos equipamentos existentes nas lojas.<\/p>\n<h2>Vibra<\/h2>\n<p>A <strong>Vibra Energia<\/strong>, antiga <strong>BR Distribuidora,<\/strong> aprovou a altera\u00e7\u00e3o do seu nome de preg\u00e3o para Vibra em substitui\u00e7\u00e3o \u00e0 Petrobras BR, e por isso, a partir do dia 22 de outubro, as a\u00e7\u00f5es da companhia passar\u00e3o a ser negociadas na B3 sob o c\u00f3digo VVBR3, em substitui\u00e7\u00e3o ao c\u00f3digo atual BRDT3.<\/p>\n\t<div data-element=\"shortcode-read-more\" class=\"knowMore\">\n\t\t\t\t<span class=\"knowMore__title\">Saiba Mais<\/span>\n\t\t\t\t<a class=\"knowMore__link\" href=\"https:\/\/www.suno.com.br\/noticias\/vibra-ex-br-mudara-ticker-brdt3-vbbr3\/\">\n\t\t\tVibra (BRDT3), ex-BR Distribuidora, mudar\u00e1 de ticker\t\t<\/a>\n\t<\/div>\n\n\n<p>Em documento enviado \u00e0 Comiss\u00e3o de Valores Mobili\u00e1rios (<strong>CVM<\/strong>), a Vibra destaca que &#8220;o novo posicionamento da marca institucional, nova assinatura corporativa e agora a altera\u00e7\u00e3o do ticker para <strong>VBBR3<\/strong>\u00a0t\u00eam como direcionadores de sua nova marca: orienta\u00e7\u00e3o ao cliente; confian\u00e7a que conecta; parcerias genu\u00ednas; e evolu\u00e7\u00e3o constante.&#8221;<\/p>\n\t<p>\n\t\t<a href=\"https:\/\/lp.suno.com.br\/ebook-como-analisar-uma-acao\/\" target=\"_blank\" data-element=\"shortcode-suno-banner\" title=\"Banner SUNO, clique e saiba mais\">\n\t\t\t<picture>\n\t\t\t\t<source media=\"(max-width: 500px)\" srcset=\"https:\/\/files.sunoresearch.com.br\/n\/uploads\/2023\/03\/Ebook-Acoes-Mobile-1.jpg\">\n\t\t\t\t<img class=\"newsContent__article__imgCapa newsContent__article__imgCapa--banner\"\n\t\t\t\t\tsrc=\"https:\/\/files.sunoresearch.com.br\/n\/uploads\/2023\/03\/Ebook-Acoes-Desktop-1.jpg\"\n\t\t\t\t\tdata-promo-id=\"171998\"\t\t\t\t\t\t\t\t\t\twidth='1420' height='286'\t\t\t\t\talt=\"https:\/\/files.sunoresearch.com.br\/n\/uploads\/2023\/03\/Ebook-Acoes-Desktop-1.jpg\"\n\t\t\t\t>\n\t\t\t<\/picture>\n\t\t<\/a>\n\t<\/p>\n\n\n<h2>EDP Brasil<\/h2>\n<p>A <strong>Pequena Central Hidrel\u00e9trica<\/strong>, subsidi\u00e1ria da <strong>EDP Brasil<\/strong> (ENBR3), arrematou em leil\u00e3o na <a class=\"suno-keyword\" href=\"https:\/\/www.suno.com.br\/acoes\/B3SA3\/\" target=\"_blank\" rel=\"noopener\" data-force=\"yes\" data-priority=\"2\">B3 (B3SA3)<\/a> os ativos da estatal de transmiss\u00e3o de energia el\u00e9trica de Goi\u00e1s Celg T por R$ 1,977 bilh\u00e3o. A empresa foi vendida por um valor 80% superior ao pre\u00e7o inicial, de R$ 1,097 bilh\u00e3o. Participaram do leil\u00e3o a Isa <a class=\"suno-keyword\" href=\"https:\/\/www.suno.com.br\/acoes\/TRPL4\/\" target=\"_blank\" rel=\"noopener\" data-force=\"yes\" data-priority=\"2\">Cteep (TRPL4)<\/a>, Cymi e a MEZ Energia.<\/p>\n\t<div data-element=\"shortcode-read-more\" class=\"knowMore\">\n\t\t\t\t<a class=\"knowMore__link\" href=\"https:\/\/www.suno.com.br\/noticias\/edp-brasil-enbr3-arremata-privatizacao\/\">\n\t\t\tSubsidi\u00e1ria da EDP Brasil (ENBR3) arremata leil\u00e3o da Celg T (GO) por R$ 1,9 bi\t\t<\/a>\n\t<\/div>\n\n\n<p>Com a aquisi\u00e7\u00e3o, a EDP Brasil passar\u00e1 a administrar um total de 755,5 quil\u00f4metros em linhas de transmiss\u00e3o e 11 subesta\u00e7\u00f5es conectadas ao <a class=\"suno-keyword\" href=\"https:\/\/www.suno.com.br\/artigos\/sistema-interligado-nacional\/\" target=\"_blank\" rel=\"noopener\" data-force=\"no\" data-priority=\"1\">Sistema Interligado Nacional<\/a> (SIN), nos Estados de Goi\u00e1s, Mato Grosso do Sul e Distrito Federal. Elas garantem uma Receita Anual Permitida (RAP) de R$ 238 milh\u00f5es.<\/p>\n<h2>Tenda<\/h2>\n<p>A <strong>Tenda<\/strong> (TEND3) lan\u00e7ou 11 empreendimentos no 3T21 totalizando um volume de R$ 634 milh\u00f5es, queda de 35,7% no ano. No acumulado foram lan\u00e7ados 41 projetos somando um valor geral de vendas de R$ 2,2 bilh\u00f5es: +25% em rela\u00e7\u00e3o ao mesmo per\u00edodo do ano passado.<\/p>\n\t<div data-element=\"shortcode-read-more\" class=\"knowMore\">\n\t\t\t\t<a class=\"knowMore__link\" href=\"https:\/\/www.suno.com.br\/noticias\/tenda-tend3-lancamentos-3t21\/\">\n\t\t\tTenda (TEND3): lan\u00e7amentos no 3T21 caem 35,7%, para R$ 633,9 mi\t\t<\/a>\n\t<\/div>\n\n\n<p>Em rela\u00e7\u00e3o as vendas l\u00edquidas, a Tenda encerrou o 3T21 somando R$ 770 milh\u00f5es, alta de 4% no ano. J\u00e1 nos primeiros nove meses de 2021 a soma \u00e9 de R$ 2,3 bilh\u00f5es, o que reflete um aumento de 33%.\u00a0No trimestre, as vendas sobre oferta foi de 33% enquanto no ano bateu os 60%.<\/p>\n\t<p>\n\t\t<a href=\"https:\/\/lp.suno.com.br\/planilha-de-controle-de-investimentos\/\" target=\"_blank\" data-element=\"shortcode-suno-banner\" title=\"Banner SUNO, clique e saiba mais\">\n\t\t\t<picture>\n\t\t\t\t<source media=\"(max-width: 500px)\" srcset=\"https:\/\/files.sunoresearch.com.br\/n\/uploads\/2023\/03\/400x300-Controle-de-Investimentos.png\">\n\t\t\t\t<img class=\"newsContent__article__imgCapa newsContent__article__imgCapa--banner\"\n\t\t\t\t\tsrc=\"https:\/\/files.sunoresearch.com.br\/n\/uploads\/2023\/03\/1420x240-Controle-de-Investimentos.png\"\n\t\t\t\t\tdata-promo-id=\"75934\"\t\t\t\t\t\t\t\t\t\twidth='1420' height='240'\t\t\t\t\talt=\"https:\/\/files.sunoresearch.com.br\/n\/uploads\/2023\/03\/1420x240-Controle-de-Investimentos.png\"\n\t\t\t\t>\n\t\t\t<\/picture>\n\t\t<\/a>\n\t<\/p>\n\n\n<h2>Lavvi<\/h2>\n<p>Com apenas um lan\u00e7amento no terceiro trimestre, a <strong>Lavvi<\/strong> (LAVV3) teve um valor geral de vendas de R$ 331 milh\u00f5es. Ao final do 3T21, o estoque a <a class=\"suno-keyword\" href=\"https:\/\/www.suno.com.br\/artigos\/valor-de-mercado\/\" target=\"_blank\" rel=\"noopener\" data-force=\"no\" data-priority=\"1\">valor de mercado<\/a> era de R$504 milh\u00f5es, correspondendo a 536 unidades.<\/p>\n\t<div data-element=\"shortcode-read-more\" class=\"knowMore\">\n\t\t\t\t<a class=\"knowMore__link\" href=\"https:\/\/www.suno.com.br\/noticias\/lavvi-lavv3-vendas-lancamentos-3t21\/\">\n\t\t\tLavvi (LAVV3): lan\u00e7amentos no 3T21 somam R$ 331 mi e vendas l\u00edquidas saltam 469%\t\t<\/a>\n\t<\/div>\n\n\n<p>As vendas l\u00edquidas da companhia entre julho e setembro somaram R$ 192 milh\u00f5es, o que representa um salto de 469% em compara\u00e7\u00e3o ao mesmo per\u00edodo em 2020. No acumulado do ano, as vendas l\u00edquidas totalizam R$ 785 milh\u00f5es, alta de 965% na compara\u00e7\u00e3o ano a ano.<\/p>\n\t<p>\n\t\t<a href=\"\" target=\"_blank\" data-element=\"shortcode-suno-banner\" title=\"Banner SUNO, clique e saiba mais\">\n\t\t\t<picture>\n\t\t\t\t<source media=\"(max-width: 500px)\" srcset=\"\">\n\t\t\t\t<img class=\"newsContent__article__imgCapa newsContent__article__imgCapa--banner\"\n\t\t\t\t\tsrc=\"\"\n\t\t\t\t\tdata-promo-id=\"184190\"\t\t\t\t\t\t\t\t\t\t\t\t\t\t\talt=\"\"\n\t\t\t\t>\n\t\t\t<\/picture>\n\t\t<\/a>\n\t<\/p>\n\n\n","protected":false},"excerpt":{"rendered":"<p>Nos destaques de empresas desta sexta-feira (15) chama a aten\u00e7\u00e3o do mercado o Ita\u00fa (ITUB4) que anunciou o pagamento de juros sobre capital pr\u00f3prio (JCP). Ita\u00fa (ITUB4) teve crescimento simult\u00e2neo de despesas e da expans\u00e3o da carteira de cr\u00e9dito &#8211; Foto: Reprodu\u00e7\u00e3o Site Ita\u00fa Al\u00e9m do Ita\u00fa, est\u00e1 no radar dos investidores a sa\u00edda do [&hellip;]<\/p>\n","protected":false},"author":15,"featured_media":141539,"comment_status":"closed","ping_status":"closed","sticky":false,"template":"","format":"standard","meta":[],"categories":[64],"tags":[1207,1964,1886,596],"suno_strategy":[],"class_list":["post-193995","post","type-post","status-publish","format-standard","has-post-thumbnail","hentry","category-negocios","tag-edp-brasil-enbr3","tag-grupo-pao-de-acucar-pcar3-pcar4","tag-itau-bba","tag-vibra-energia-vbbr3"],"yoast_head":"<!-- This site is optimized with the Yoast SEO plugin v24.4 - https:\/\/yoast.com\/wordpress\/plugins\/seo\/ -->\n<title>Ita\u00fa (ITUB4), GPA (PCAR3) e Vibra (BRDT3) movimentam o Ibovespa<\/title>\n<meta name=\"description\" content=\"Os destaques do Suno Not\u00edcias mostram os principais acontecimentos que prometem movimentar o mercado. Clique aqui\" \/>\n<meta name=\"robots\" content=\"index, follow, max-snippet:-1, max-image-preview:large, max-video-preview:-1\" \/>\n<link rel=\"canonical\" href=\"https:\/\/www.suno.com.br\/noticias\/itau-itub4-gpa-pcar3-vibra-brdt3-movimentam-ibovespa\/\" \/>\n<meta property=\"og:locale\" content=\"pt_BR\" \/>\n<meta property=\"og:type\" content=\"article\" \/>\n<meta property=\"og:title\" content=\"Ita\u00fa (ITUB4), GPA (PCAR3) e Vibra (BRDT3) movimentam o Ibovespa\" \/>\n<meta property=\"og:description\" content=\"Os destaques do Suno Not\u00edcias mostram os principais acontecimentos que prometem movimentar o mercado. Clique aqui\" \/>\n<meta property=\"og:url\" content=\"https:\/\/www.suno.com.br\/noticias\/itau-itub4-gpa-pcar3-vibra-brdt3-movimentam-ibovespa\/\" \/>\n<meta property=\"og:site_name\" content=\"Suno Not\u00edcias\" \/>\n<meta property=\"article:publisher\" content=\"https:\/\/facebook.com\/sunoresearch\" \/>\n<meta property=\"og:image\" content=\"https:\/\/files.sunoresearch.com.br\/n\/uploads\/2021\/04\/1fe27850-materia_banco-laranja-648x300_easy-resize.com_.jpg\" \/>\n\t<meta property=\"og:image:width\" content=\"1280\" \/>\n\t<meta property=\"og:image:height\" content=\"593\" \/>\n\t<meta property=\"og:image:type\" content=\"image\/jpeg\" \/>\n<meta name=\"author\" content=\"Poliana Santos\" \/>\n<meta name=\"twitter:card\" content=\"summary_large_image\" \/>\n<meta name=\"twitter:creator\" content=\"@sunoresearch\" \/>\n<meta name=\"twitter:site\" content=\"@sunoresearch\" \/>\n<meta name=\"twitter:label1\" content=\"Escrito por\" \/>\n\t<meta name=\"twitter:data1\" content=\"Poliana Santos\" \/>\n\t<meta name=\"twitter:label2\" content=\"Est. tempo de leitura\" \/>\n\t<meta name=\"twitter:data2\" content=\"4 minutos\" \/>\n<script type=\"application\/ld+json\" class=\"yoast-schema-graph\">{\"@context\":\"https:\/\/schema.org\",\"@graph\":[{\"@type\":\"NewsArticle\",\"@id\":\"https:\/\/www.suno.com.br\/noticias\/itau-itub4-gpa-pcar3-vibra-brdt3-movimentam-ibovespa\/#article\",\"isPartOf\":{\"@id\":\"https:\/\/www.suno.com.br\/noticias\/itau-itub4-gpa-pcar3-vibra-brdt3-movimentam-ibovespa\/\"},\"author\":{\"name\":\"Poliana Santos\",\"@id\":\"https:\/\/www.suno.com.br\/noticias\/#\/schema\/person\/02ec1f752758247878a2bf4abee1aeda\"},\"headline\":\"Ita\u00fa (ITUB4), GPA (PCAR3) e Vibra (BRDT3) movimentam o Ibovespa nesta sexta\",\"datePublished\":\"2021-10-15T14:17:37+00:00\",\"mainEntityOfPage\":{\"@id\":\"https:\/\/www.suno.com.br\/noticias\/itau-itub4-gpa-pcar3-vibra-brdt3-movimentam-ibovespa\/\"},\"wordCount\":830,\"publisher\":{\"@id\":\"https:\/\/www.suno.com.br\/noticias\/#organization\"},\"image\":{\"@id\":\"https:\/\/www.suno.com.br\/noticias\/itau-itub4-gpa-pcar3-vibra-brdt3-movimentam-ibovespa\/#primaryimage\"},\"thumbnailUrl\":\"https:\/\/files.sunoresearch.com.br\/n\/uploads\/2021\/04\/1fe27850-materia_banco-laranja-648x300_easy-resize.com_-jpg.webp\",\"keywords\":[\"EDP Brasil (ENBR3)\",\"Grupo P\u00e3o de A\u00e7\u00facar (PCAR3\/PCAR4)\",\"Ita\u00fa BBA\",\"Vibra Energia (VBBR3)\"],\"articleSection\":[\"Neg\u00f3cios\"],\"inLanguage\":\"pt-BR\"},{\"@type\":\"WebPage\",\"@id\":\"https:\/\/www.suno.com.br\/noticias\/itau-itub4-gpa-pcar3-vibra-brdt3-movimentam-ibovespa\/\",\"url\":\"https:\/\/www.suno.com.br\/noticias\/itau-itub4-gpa-pcar3-vibra-brdt3-movimentam-ibovespa\/\",\"name\":\"Ita\u00fa (ITUB4), GPA (PCAR3) e Vibra (BRDT3) movimentam o Ibovespa\",\"isPartOf\":{\"@id\":\"https:\/\/www.suno.com.br\/noticias\/#website\"},\"primaryImageOfPage\":{\"@id\":\"https:\/\/www.suno.com.br\/noticias\/itau-itub4-gpa-pcar3-vibra-brdt3-movimentam-ibovespa\/#primaryimage\"},\"image\":{\"@id\":\"https:\/\/www.suno.com.br\/noticias\/itau-itub4-gpa-pcar3-vibra-brdt3-movimentam-ibovespa\/#primaryimage\"},\"thumbnailUrl\":\"https:\/\/files.sunoresearch.com.br\/n\/uploads\/2021\/04\/1fe27850-materia_banco-laranja-648x300_easy-resize.com_-jpg.webp\",\"datePublished\":\"2021-10-15T14:17:37+00:00\",\"description\":\"Os destaques do Suno Not\u00edcias mostram os principais acontecimentos que prometem movimentar o mercado. Clique aqui\",\"breadcrumb\":{\"@id\":\"https:\/\/www.suno.com.br\/noticias\/itau-itub4-gpa-pcar3-vibra-brdt3-movimentam-ibovespa\/#breadcrumb\"},\"inLanguage\":\"pt-BR\",\"potentialAction\":[{\"@type\":\"ReadAction\",\"target\":[\"https:\/\/www.suno.com.br\/noticias\/itau-itub4-gpa-pcar3-vibra-brdt3-movimentam-ibovespa\/\"]}]},{\"@type\":\"ImageObject\",\"inLanguage\":\"pt-BR\",\"@id\":\"https:\/\/www.suno.com.br\/noticias\/itau-itub4-gpa-pcar3-vibra-brdt3-movimentam-ibovespa\/#primaryimage\",\"url\":\"https:\/\/files.sunoresearch.com.br\/n\/uploads\/2021\/04\/1fe27850-materia_banco-laranja-648x300_easy-resize.com_-jpg.webp\",\"contentUrl\":\"https:\/\/files.sunoresearch.com.br\/n\/uploads\/2021\/04\/1fe27850-materia_banco-laranja-648x300_easy-resize.com_-jpg.webp\",\"width\":1280,\"height\":593,\"caption\":\"Ita\u00fa (ITUB4) teve crescimento simult\u00e2neo de despesas e da expans\u00e3o da carteira de cr\u00e9dito - Foto: Reprodu\u00e7\u00e3o Site Ita\u00fa\"},{\"@type\":\"BreadcrumbList\",\"@id\":\"https:\/\/www.suno.com.br\/noticias\/itau-itub4-gpa-pcar3-vibra-brdt3-movimentam-ibovespa\/#breadcrumb\",\"itemListElement\":[{\"@type\":\"ListItem\",\"position\":1,\"name\":\"Not\u00edcias\",\"item\":\"https:\/\/www.suno.com.br\/noticias\/\"},{\"@type\":\"ListItem\",\"position\":2,\"name\":\"Neg\u00f3cios\",\"item\":\"https:\/\/www.suno.com.br\/noticias\/negocios\/\"},{\"@type\":\"ListItem\",\"position\":3,\"name\":\"Ita\u00fa (ITUB4), GPA (PCAR3) e Vibra (BRDT3) movimentam o Ibovespa nesta sexta\"}]},{\"@type\":\"WebSite\",\"@id\":\"https:\/\/www.suno.com.br\/noticias\/#website\",\"url\":\"https:\/\/www.suno.com.br\/noticias\/\",\"name\":\"Suno Not\u00edcias\",\"description\":\"Seu portal de informa\u00e7\u00e3o sobre o mundo dos investimentos\",\"publisher\":{\"@id\":\"https:\/\/www.suno.com.br\/noticias\/#organization\"},\"potentialAction\":[{\"@type\":\"SearchAction\",\"target\":{\"@type\":\"EntryPoint\",\"urlTemplate\":\"https:\/\/www.suno.com.br\/noticias\/?s={search_term_string}\"},\"query-input\":{\"@type\":\"PropertyValueSpecification\",\"valueRequired\":true,\"valueName\":\"search_term_string\"}}],\"inLanguage\":\"pt-BR\"},{\"@type\":\"Organization\",\"@id\":\"https:\/\/www.suno.com.br\/noticias\/#organization\",\"name\":\"Suno Not\u00edcias\",\"url\":\"https:\/\/www.suno.com.br\/noticias\/\",\"logo\":{\"@type\":\"ImageObject\",\"inLanguage\":\"pt-BR\",\"@id\":\"https:\/\/www.suno.com.br\/noticias\/#\/schema\/logo\/image\/\",\"url\":\"https:\/\/files.sunoresearch.com.br\/n\/uploads\/2021\/09\/suno-logo.png\",\"contentUrl\":\"https:\/\/files.sunoresearch.com.br\/n\/uploads\/2021\/09\/suno-logo.png\",\"width\":180,\"height\":180,\"caption\":\"Suno Not\u00edcias\"},\"image\":{\"@id\":\"https:\/\/www.suno.com.br\/noticias\/#\/schema\/logo\/image\/\"},\"sameAs\":[\"https:\/\/facebook.com\/sunoresearch\",\"https:\/\/x.com\/sunoresearch\",\"https:\/\/www.instagram.com\/suno\",\"https:\/\/www.linkedin.com\/company\/suno-research\/\",\"https:\/\/www.youtube.com\/c\/sunoresearch\"]},{\"@type\":\"Person\",\"@id\":\"https:\/\/www.suno.com.br\/noticias\/#\/schema\/person\/02ec1f752758247878a2bf4abee1aeda\",\"name\":\"Poliana Santos\",\"image\":{\"@type\":\"ImageObject\",\"inLanguage\":\"pt-BR\",\"@id\":\"https:\/\/www.suno.com.br\/noticias\/#\/schema\/person\/image\/\",\"url\":\"https:\/\/secure.gravatar.com\/avatar\/0645bd32f23d87b2130f2b2dff1d3f8d?s=96&r=g\",\"contentUrl\":\"https:\/\/secure.gravatar.com\/avatar\/0645bd32f23d87b2130f2b2dff1d3f8d?s=96&r=g\",\"caption\":\"Poliana Santos\"},\"description\":\"Rep\u00f3rter no Suno Not\u00edcias, com cobertura em mercado financeiro, economia, finan\u00e7as pessoais, renda fixa e varejo. Jornalista formada pela Faculdade C\u00e1sper L\u00edbero e possui passagem na R\u00e1dio Gazeta AM com a produ\u00e7\u00e3o de conte\u00fado sobre economia, pol\u00edtica, sa\u00fade, moda e m\u00fasica. Possui certificado de conclus\u00e3o do curso de An\u00e1lise de Balan\u00e7os pela Funda\u00e7\u00e3o Bradesco, Agenda Brasil pela FAAP, Educa\u00e7\u00e3o Pol\u00edtica por Alexandre Garcia e do Tesouro Direto e Mercado de A\u00e7\u00f5es pela B3.\",\"url\":\"https:\/\/www.suno.com.br\/noticias\/author\/poliana-santos\/\"}]}<\/script>\n<!-- \/ Yoast SEO plugin. -->","yoast_head_json":{"title":"Ita\u00fa (ITUB4), GPA (PCAR3) e Vibra (BRDT3) movimentam o Ibovespa","description":"Os destaques do Suno Not\u00edcias mostram os principais acontecimentos que prometem movimentar o mercado. Clique aqui","robots":{"index":"index","follow":"follow","max-snippet":"max-snippet:-1","max-image-preview":"max-image-preview:large","max-video-preview":"max-video-preview:-1"},"canonical":"https:\/\/www.suno.com.br\/noticias\/itau-itub4-gpa-pcar3-vibra-brdt3-movimentam-ibovespa\/","og_locale":"pt_BR","og_type":"article","og_title":"Ita\u00fa (ITUB4), GPA (PCAR3) e Vibra (BRDT3) movimentam o Ibovespa","og_description":"Os destaques do Suno Not\u00edcias mostram os principais acontecimentos que prometem movimentar o mercado. Clique aqui","og_url":"https:\/\/www.suno.com.br\/noticias\/itau-itub4-gpa-pcar3-vibra-brdt3-movimentam-ibovespa\/","og_site_name":"Suno Not\u00edcias","article_publisher":"https:\/\/facebook.com\/sunoresearch","og_image":[{"width":1280,"height":593,"url":"https:\/\/files.sunoresearch.com.br\/n\/uploads\/2021\/04\/1fe27850-materia_banco-laranja-648x300_easy-resize.com_.jpg","type":"image\/jpeg"}],"author":"Poliana Santos","twitter_card":"summary_large_image","twitter_creator":"@sunoresearch","twitter_site":"@sunoresearch","twitter_misc":{"Escrito por":"Poliana Santos","Est. tempo de leitura":"4 minutos"},"schema":{"@context":"https:\/\/schema.org","@graph":[{"@type":"NewsArticle","@id":"https:\/\/www.suno.com.br\/noticias\/itau-itub4-gpa-pcar3-vibra-brdt3-movimentam-ibovespa\/#article","isPartOf":{"@id":"https:\/\/www.suno.com.br\/noticias\/itau-itub4-gpa-pcar3-vibra-brdt3-movimentam-ibovespa\/"},"author":{"name":"Poliana Santos","@id":"https:\/\/www.suno.com.br\/noticias\/#\/schema\/person\/02ec1f752758247878a2bf4abee1aeda"},"headline":"Ita\u00fa (ITUB4), GPA (PCAR3) e Vibra (BRDT3) movimentam o Ibovespa nesta sexta","datePublished":"2021-10-15T14:17:37+00:00","mainEntityOfPage":{"@id":"https:\/\/www.suno.com.br\/noticias\/itau-itub4-gpa-pcar3-vibra-brdt3-movimentam-ibovespa\/"},"wordCount":830,"publisher":{"@id":"https:\/\/www.suno.com.br\/noticias\/#organization"},"image":{"@id":"https:\/\/www.suno.com.br\/noticias\/itau-itub4-gpa-pcar3-vibra-brdt3-movimentam-ibovespa\/#primaryimage"},"thumbnailUrl":"https:\/\/files.sunoresearch.com.br\/n\/uploads\/2021\/04\/1fe27850-materia_banco-laranja-648x300_easy-resize.com_-jpg.webp","keywords":["EDP Brasil (ENBR3)","Grupo P\u00e3o de A\u00e7\u00facar (PCAR3\/PCAR4)","Ita\u00fa BBA","Vibra Energia (VBBR3)"],"articleSection":["Neg\u00f3cios"],"inLanguage":"pt-BR"},{"@type":"WebPage","@id":"https:\/\/www.suno.com.br\/noticias\/itau-itub4-gpa-pcar3-vibra-brdt3-movimentam-ibovespa\/","url":"https:\/\/www.suno.com.br\/noticias\/itau-itub4-gpa-pcar3-vibra-brdt3-movimentam-ibovespa\/","name":"Ita\u00fa (ITUB4), GPA (PCAR3) e Vibra (BRDT3) movimentam o Ibovespa","isPartOf":{"@id":"https:\/\/www.suno.com.br\/noticias\/#website"},"primaryImageOfPage":{"@id":"https:\/\/www.suno.com.br\/noticias\/itau-itub4-gpa-pcar3-vibra-brdt3-movimentam-ibovespa\/#primaryimage"},"image":{"@id":"https:\/\/www.suno.com.br\/noticias\/itau-itub4-gpa-pcar3-vibra-brdt3-movimentam-ibovespa\/#primaryimage"},"thumbnailUrl":"https:\/\/files.sunoresearch.com.br\/n\/uploads\/2021\/04\/1fe27850-materia_banco-laranja-648x300_easy-resize.com_-jpg.webp","datePublished":"2021-10-15T14:17:37+00:00","description":"Os destaques do Suno Not\u00edcias mostram os principais acontecimentos que prometem movimentar o mercado. Clique aqui","breadcrumb":{"@id":"https:\/\/www.suno.com.br\/noticias\/itau-itub4-gpa-pcar3-vibra-brdt3-movimentam-ibovespa\/#breadcrumb"},"inLanguage":"pt-BR","potentialAction":[{"@type":"ReadAction","target":["https:\/\/www.suno.com.br\/noticias\/itau-itub4-gpa-pcar3-vibra-brdt3-movimentam-ibovespa\/"]}]},{"@type":"ImageObject","inLanguage":"pt-BR","@id":"https:\/\/www.suno.com.br\/noticias\/itau-itub4-gpa-pcar3-vibra-brdt3-movimentam-ibovespa\/#primaryimage","url":"https:\/\/files.sunoresearch.com.br\/n\/uploads\/2021\/04\/1fe27850-materia_banco-laranja-648x300_easy-resize.com_-jpg.webp","contentUrl":"https:\/\/files.sunoresearch.com.br\/n\/uploads\/2021\/04\/1fe27850-materia_banco-laranja-648x300_easy-resize.com_-jpg.webp","width":1280,"height":593,"caption":"Ita\u00fa (ITUB4) teve crescimento simult\u00e2neo de despesas e da expans\u00e3o da carteira de cr\u00e9dito - Foto: Reprodu\u00e7\u00e3o Site Ita\u00fa"},{"@type":"BreadcrumbList","@id":"https:\/\/www.suno.com.br\/noticias\/itau-itub4-gpa-pcar3-vibra-brdt3-movimentam-ibovespa\/#breadcrumb","itemListElement":[{"@type":"ListItem","position":1,"name":"Not\u00edcias","item":"https:\/\/www.suno.com.br\/noticias\/"},{"@type":"ListItem","position":2,"name":"Neg\u00f3cios","item":"https:\/\/www.suno.com.br\/noticias\/negocios\/"},{"@type":"ListItem","position":3,"name":"Ita\u00fa (ITUB4), GPA (PCAR3) e Vibra (BRDT3) movimentam o Ibovespa nesta sexta"}]},{"@type":"WebSite","@id":"https:\/\/www.suno.com.br\/noticias\/#website","url":"https:\/\/www.suno.com.br\/noticias\/","name":"Suno Not\u00edcias","description":"Seu portal de informa\u00e7\u00e3o sobre o mundo dos investimentos","publisher":{"@id":"https:\/\/www.suno.com.br\/noticias\/#organization"},"potentialAction":[{"@type":"SearchAction","target":{"@type":"EntryPoint","urlTemplate":"https:\/\/www.suno.com.br\/noticias\/?s={search_term_string}"},"query-input":{"@type":"PropertyValueSpecification","valueRequired":true,"valueName":"search_term_string"}}],"inLanguage":"pt-BR"},{"@type":"Organization","@id":"https:\/\/www.suno.com.br\/noticias\/#organization","name":"Suno Not\u00edcias","url":"https:\/\/www.suno.com.br\/noticias\/","logo":{"@type":"ImageObject","inLanguage":"pt-BR","@id":"https:\/\/www.suno.com.br\/noticias\/#\/schema\/logo\/image\/","url":"https:\/\/files.sunoresearch.com.br\/n\/uploads\/2021\/09\/suno-logo.png","contentUrl":"https:\/\/files.sunoresearch.com.br\/n\/uploads\/2021\/09\/suno-logo.png","width":180,"height":180,"caption":"Suno Not\u00edcias"},"image":{"@id":"https:\/\/www.suno.com.br\/noticias\/#\/schema\/logo\/image\/"},"sameAs":["https:\/\/facebook.com\/sunoresearch","https:\/\/x.com\/sunoresearch","https:\/\/www.instagram.com\/suno","https:\/\/www.linkedin.com\/company\/suno-research\/","https:\/\/www.youtube.com\/c\/sunoresearch"]},{"@type":"Person","@id":"https:\/\/www.suno.com.br\/noticias\/#\/schema\/person\/02ec1f752758247878a2bf4abee1aeda","name":"Poliana Santos","image":{"@type":"ImageObject","inLanguage":"pt-BR","@id":"https:\/\/www.suno.com.br\/noticias\/#\/schema\/person\/image\/","url":"https:\/\/secure.gravatar.com\/avatar\/0645bd32f23d87b2130f2b2dff1d3f8d?s=96&r=g","contentUrl":"https:\/\/secure.gravatar.com\/avatar\/0645bd32f23d87b2130f2b2dff1d3f8d?s=96&r=g","caption":"Poliana Santos"},"description":"Rep\u00f3rter no Suno Not\u00edcias, com cobertura em mercado financeiro, economia, finan\u00e7as pessoais, renda fixa e varejo. Jornalista formada pela Faculdade C\u00e1sper L\u00edbero e possui passagem na R\u00e1dio Gazeta AM com a produ\u00e7\u00e3o de conte\u00fado sobre economia, pol\u00edtica, sa\u00fade, moda e m\u00fasica. Possui certificado de conclus\u00e3o do curso de An\u00e1lise de Balan\u00e7os pela Funda\u00e7\u00e3o Bradesco, Agenda Brasil pela FAAP, Educa\u00e7\u00e3o Pol\u00edtica por Alexandre Garcia e do Tesouro Direto e Mercado de A\u00e7\u00f5es pela B3.","url":"https:\/\/www.suno.com.br\/noticias\/author\/poliana-santos\/"}]}},"default_loop_html":"<div class=\"cardsPage__listCard__boxs\"><div class=\"cardsPage__listCard__boxs__img\"><a href=\"https:\/\/www.suno.com.br\/noticias\/itau-itub4-gpa-pcar3-vibra-brdt3-movimentam-ibovespa\/\"><img class=\"mask\" src=\"https:\/\/www.suno.com.br\/noticias\/wp-content\/themes\/suno\/resources\/images\/spotlight\/spotlight1img\/bg-mask.png\" alt=\"Image Mask\"\/><img src=\"https:\/\/files.sunoresearch.com.br\/n\/uploads\/2021\/04\/1fe27850-materia_banco-laranja-648x300_easy-resize.com_-400x200.webp\" alt=\"Ita\u00fa (ITUB4), GPA (PCAR3) e Vibra (BRDT3) movimentam o Ibovespa nesta sexta\"\/><\/a><span class=\"spotlightCategory\"><a href=\"https:\/\/www.suno.com.br\/noticias\/negocios\/\">Neg\u00f3cios<\/a><\/span><\/div><div class=\"cardsPage__listCard__boxs__content\"><a href=\"https:\/\/www.suno.com.br\/noticias\/itau-itub4-gpa-pcar3-vibra-brdt3-movimentam-ibovespa\/\"><h2 class=\"content__title\">Ita\u00fa (ITUB4), GPA (PCAR3) e Vibra (BRDT3) movimentam o Ibovespa nesta sexta<\/h2><\/a><div class=\"newsContent__article__meta\"><div class=\"newsContent__article__meta__authorBox\"><a href=\"https:\/\/www.suno.com.br\/noticias\/author\/poliana-santos\/\" class=\"authorBox__avatar noMobi\"><img src=\"https:\/\/files.sunoresearch.com.br\/n\/uploads\/2020\/08\/7ef34026-whatsapp-image-2020-08-03-at-12.37.57-150x150.webp\" alt=\"Poliana Santos\"><\/a><div class=\"authorBox__name\"><span>por\n\t\t\t<a href=\"https:\/\/www.suno.com.br\/noticias\/author\/poliana-santos\/\"><span itemprop=\"author\">Poliana Santos<\/span><\/a><\/span><time datetime=\"2021-10-15T11:17:37-03:00\" itemprop=\"datePublished\">15\/10\/2021 11:17<\/time><\/div><\/div><\/div><\/div><\/div>","single_layout":"posts","amp_enabled":true,"_links":{"self":[{"href":"https:\/\/www.suno.com.br\/noticias\/wp-json\/wp\/v2\/posts\/193995"}],"collection":[{"href":"https:\/\/www.suno.com.br\/noticias\/wp-json\/wp\/v2\/posts"}],"about":[{"href":"https:\/\/www.suno.com.br\/noticias\/wp-json\/wp\/v2\/types\/post"}],"author":[{"embeddable":true,"href":"https:\/\/www.suno.com.br\/noticias\/wp-json\/wp\/v2\/users\/15"}],"replies":[{"embeddable":true,"href":"https:\/\/www.suno.com.br\/noticias\/wp-json\/wp\/v2\/comments?post=193995"}],"version-history":[{"count":3,"href":"https:\/\/www.suno.com.br\/noticias\/wp-json\/wp\/v2\/posts\/193995\/revisions"}],"predecessor-version":[{"id":194054,"href":"https:\/\/www.suno.com.br\/noticias\/wp-json\/wp\/v2\/posts\/193995\/revisions\/194054"}],"wp:featuredmedia":[{"embeddable":true,"href":"https:\/\/www.suno.com.br\/noticias\/wp-json\/wp\/v2\/media\/141539"}],"wp:attachment":[{"href":"https:\/\/www.suno.com.br\/noticias\/wp-json\/wp\/v2\/media?parent=193995"}],"wp:term":[{"taxonomy":"category","embeddable":true,"href":"https:\/\/www.suno.com.br\/noticias\/wp-json\/wp\/v2\/categories?post=193995"},{"taxonomy":"post_tag","embeddable":true,"href":"https:\/\/www.suno.com.br\/noticias\/wp-json\/wp\/v2\/tags?post=193995"},{"taxonomy":"suno_strategy","embeddable":true,"href":"https:\/\/www.suno.com.br\/noticias\/wp-json\/wp\/v2\/suno_strategy?post=193995"}],"curies":[{"name":"wp","href":"https:\/\/api.w.org\/{rel}","templated":true}]}}