{"id":193950,"date":"2021-10-15T09:51:29","date_gmt":"2021-10-15T12:51:29","guid":{"rendered":"https:\/\/www.suno.com.br\/noticias\/?p=193950"},"modified":"2021-10-15T09:51:29","modified_gmt":"2021-10-15T12:51:29","slug":"copel-cple6-nivel-dois-governanca-governo-pr-parana-venda","status":"publish","type":"post","link":"https:\/\/www.suno.com.br\/noticias\/copel-cple6-nivel-dois-governanca-governo-pr-parana-venda\/","title":{"rendered":"Copel (CPLE6) migrar\u00e1 para N\u00edvel 2 de governan\u00e7a ap\u00f3s Governo do PR desistir de venda"},"content":{"rendered":"<p>A <a class=\"suno-keyword\" href=\"https:\/\/www.suno.com.br\/acoes\/CPLE6\/\" target=\"_blank\" rel=\"noopener\" data-force=\"yes\" data-priority=\"2\"><strong>Copel<\/strong> (CPLE6)<\/a> ir\u00e1 realizar uma reforma do seu <a class=\"suno-keyword\" href=\"https:\/\/www.suno.com.br\/artigos\/estatuto-social\/\" target=\"_blank\" rel=\"noopener\" data-force=\"no\" data-priority=\"1\">estatuto social<\/a> visando migrar para o N\u00edvel 2 de governan\u00e7a corporativa. A informa\u00e7\u00e3o foi divulgada em comunicado ao mercado emitido no fim da quinta-feira (14).<\/p>\t<div class=\"wrapper-featured-image\">\n\t\t<figure class=\"spotlightImg\">\n\n\t\t\t<picture>\n\t\t\t\t<source media=\"(max-width: 768px)\" srcset=\"https:\/\/files.sunoresearch.com.br\/n\/uploads\/2021\/10\/Copel-Distribuicao2-scaled-1-400x200.jpg\">\n\t\t\t\t<img loading=\"lazy\" decoding=\"async\" class=\"newsContent__article__imgCapa lazyloadDisabled \" src=\"https:\/\/files.sunoresearch.com.br\/n\/uploads\/2021\/10\/Copel-Distribuicao2-scaled-1-800x450.jpg\" width=\"800\" height=\"450\" alt=\"Copel (CPLE6) migrar\u00e1 para N\u00edvel 2 de governan\u00e7a ap\u00f3s Governo do PR desistir de venda\" fetchpriority=high \/>\n\t\t\t<\/picture>\n\n\t\t\t<figcaption class=\"wp-caption-text wp-caption-text--show\">Copel- Foto: Reprodu\u00e7\u00e3o\/Site\/Copel<\/figcaption>\n\t\t<\/figure>\n\t<\/div>\n\n\n\t<p>\n\t\t<a href=\"https:\/\/lp.suno.com.br\/planilha-controle-gastos\/\" target=\"_blank\" data-element=\"shortcode-suno-banner\" title=\"Banner SUNO, clique e saiba mais\">\n\t\t\t<picture>\n\t\t\t\t<source media=\"(max-width: 500px)\" srcset=\"https:\/\/files.sunoresearch.com.br\/n\/uploads\/2023\/03\/400x300-Planilha-controle-de-gastos.png\">\n\t\t\t\t<img class=\"newsContent__article__imgCapa newsContent__article__imgCapa--banner\"\n\t\t\t\t\tsrc=\"https:\/\/files.sunoresearch.com.br\/n\/uploads\/2023\/03\/1420x240-Planilha-controle-de-gastos.png\"\n\t\t\t\t\tdata-promo-id=\"101751\"\t\t\t\t\t\t\t\t\t\twidth='1420' height='240'\t\t\t\t\talt=\"https:\/\/files.sunoresearch.com.br\/n\/uploads\/2023\/03\/1420x240-Planilha-controle-de-gastos.png\"\n\t\t\t\t>\n\t\t\t<\/picture>\n\t\t<\/a>\n\t<\/p>\n\n\n<p>Segundo a el\u00e9trica, a mudan\u00e7a para o <strong>N\u00edvel 2 <\/strong>de governan\u00e7a implica em um <em><a class=\"suno-keyword\" href=\"https:\/\/www.suno.com.br\/artigos\/tag-along\/\" target=\"_blank\" rel=\"noopener\" data-force=\"no\" data-priority=\"1\">tag along<\/a><\/em> de 100% para as <a class=\"suno-keyword\" href=\"https:\/\/www.suno.com.br\/artigos\/o-que-sao-acoes-ordinarias-preferenciais-e-units\/\" target=\"_blank\" rel=\"noopener\" data-force=\"no\" data-priority=\"1\">a\u00e7\u00f5es ordin\u00e1rias<\/a> e preferenciais, conferindo tratamento equitativo a quem possui\u00a0<strong>a\u00e7\u00f5es da Copel<\/strong>.<\/p>\n<p>Al\u00e9m disso, a mudan\u00e7a de governan\u00e7a d\u00e1 direito de voto para os acionistas preferencialistas em assuntos que tratem de transforma\u00e7\u00e3o, incorpora\u00e7\u00e3o, cis\u00e3o ou fus\u00e3o da empresa, conforme consta no documento arquivado na Comiss\u00e3o de Valores Mobili\u00e1rios (CVM).<\/p>\n<p>A decis\u00e3o foi aprovada pelo <a class=\"suno-keyword\" href=\"https:\/\/www.suno.com.br\/artigos\/conselho-administracao\/\" target=\"_blank\" rel=\"noopener\" data-force=\"no\" data-priority=\"1\"><strong>Conselho de Administra\u00e7\u00e3o<\/strong><\/a> da Copel ainda na quinta (14), dando sucess\u00e3o ao comunicado do fim de setembro, quando a companhia j\u00e1 havia divulgado o seu interesse na decis\u00e3o.<\/p>\n\t<div data-element=\"shortcode-read-more\" class=\"knowMore\">\n\t\t\t\t<span class=\"knowMore__title\">Leia mais<\/span>\n\t\t\t\t<a class=\"knowMore__link\" href=\"https:\/\/www.suno.com.br\/noticias\/copel-cple6-sobe-ibovespa-dividendo-bilionario\/\">\n\t\t\tCopel (CPLE6) dispara e lidera isolada no Ibovespa; entenda os motivos\t\t<\/a>\n\t<\/div>\n\n\n<p>&#8220;Tal iniciativa representa mais um avan\u00e7o no compromisso assumido pela Companhia com os mais elevados padr\u00f5es de <strong>governan\u00e7a corporativa<\/strong>, fortalecendo os pilares para a perenidade e o crescimento sustent\u00e1vel dos neg\u00f3cios&#8221;, diz a Copel em seu comunicado.<\/p>\n<p>Isso se d\u00e1 por conta do esfor\u00e7o do Estado do Paran\u00e1, detentor da empresa, em melhorar o n\u00edvel de governan\u00e7a da companhia el\u00e9trica &#8211; que atua na transmiss\u00e3o, gera\u00e7\u00e3o, distribui\u00e7\u00e3o e comercializa\u00e7\u00e3o de <strong>energia el\u00e9trica<\/strong>.<\/p>\n<p>A decis\u00e3o ocorre ap\u00f3s a gest\u00e3o estadual do paran\u00e1 desistir da <a class=\"suno-keyword\" href=\"https:\/\/www.suno.com.br\/artigos\/oferta-secundaria\/\" target=\"_blank\" rel=\"noopener\" data-force=\"no\" data-priority=\"1\"><strong>oferta<\/strong> secund\u00e1ria<\/a> preparada pelo <a href=\"https:\/\/www.suno.com.br\/artigos\/bndes\/\">Banco Nacional de Desenvolvimento Econ\u00f4mico e Social (BNDES)<\/a> para que o governo se desfizesse de sua fatia na Copel.<\/p>\n\t<p>\n\t\t<a href=\"https:\/\/lp.suno.com.br\/planilha-da-vida-financeira\/\" target=\"_blank\" data-element=\"shortcode-suno-banner\" title=\"Banner SUNO, clique e saiba mais\">\n\t\t\t<picture>\n\t\t\t\t<source media=\"(max-width: 500px)\" srcset=\"https:\/\/files.sunoresearch.com.br\/n\/uploads\/2023\/04\/400x300-Planilha-vida-financeira-true.png\">\n\t\t\t\t<img class=\"newsContent__article__imgCapa newsContent__article__imgCapa--banner\"\n\t\t\t\t\tsrc=\"https:\/\/files.sunoresearch.com.br\/n\/uploads\/2023\/04\/1420x240-Planilha-vida-financeira-true.png\"\n\t\t\t\t\tdata-promo-id=\"106682\"\t\t\t\t\t\t\t\t\t\twidth='1420' height='240'\t\t\t\t\talt=\"https:\/\/files.sunoresearch.com.br\/n\/uploads\/2023\/04\/1420x240-Planilha-vida-financeira-true.png\"\n\t\t\t\t>\n\t\t\t<\/picture>\n\t\t<\/a>\n\t<\/p>\n\n\n<p>Na estrutura do <a href=\"https:\/\/www.suno.com.br\/artigos\/follow-on\/\"><em>follow on<\/em><\/a>, divulgada j\u00e1 em maio, a opera\u00e7\u00e3o teria um lote base de at\u00e9 78,8 milh\u00f5es de units da el\u00e9trica paranaense &#8211; montante que equivale a cerca de 14,4% do capital da empresa.<\/p>\n<p>Vale frisar que esse montante envolveria units detidas pelo governo do Paran\u00e1, mas tamb\u00e9m pelo bra\u00e7o de participa\u00e7\u00f5es em companhias do BNDES.<\/p>\n<h2>Copel pode vir a estender 14 concess\u00f5es e adicionar R$ 1bi de lucro<\/h2>\n<p>Conforme divulgado no fim de setembro, a companhia el\u00e9trica pode estender a outorga de 14 de suas usinas hidrel\u00e9tricas.<\/p>\n<p>Dessa forma, a Copel adere \u00e0 repactua\u00e7\u00e3o do risco hidrol\u00f3gico da parcela de garantia f\u00edsica n\u00e3o comprometida om o Ambiente de Contrata\u00e7\u00e3o Regulada (ACR).<\/p>\n\t<p>\n\t\t<a href=\"https:\/\/lp.suno.com.br\/ebook-como-analisar-uma-acao\/\" target=\"_blank\" data-element=\"shortcode-suno-banner\" title=\"Banner SUNO, clique e saiba mais\">\n\t\t\t<picture>\n\t\t\t\t<source media=\"(max-width: 500px)\" srcset=\"https:\/\/files.sunoresearch.com.br\/n\/uploads\/2023\/03\/Ebook-Acoes-Mobile-1.jpg\">\n\t\t\t\t<img class=\"newsContent__article__imgCapa newsContent__article__imgCapa--banner\"\n\t\t\t\t\tsrc=\"https:\/\/files.sunoresearch.com.br\/n\/uploads\/2023\/03\/Ebook-Acoes-Desktop-1.jpg\"\n\t\t\t\t\tdata-promo-id=\"171998\"\t\t\t\t\t\t\t\t\t\twidth='1420' height='286'\t\t\t\t\talt=\"https:\/\/files.sunoresearch.com.br\/n\/uploads\/2023\/03\/Ebook-Acoes-Desktop-1.jpg\"\n\t\t\t\t>\n\t\t\t<\/picture>\n\t\t<\/a>\n\t<\/p>\n\n\n<p>Segundo a companhia, estes novos contratos trar\u00e3o um impacto positivo de R$ 1,6 bilh\u00e3o no <a href=\"https:\/\/www.suno.com.br\/artigos\/ebitda\/#:~:text=Ebitda%20(em%20ingl%C3%AAs%2C%20Earnings%20Before,mercado%20de%20bolsa%20de%20valores.\"><strong>Ebitda<\/strong>\u00a0(lucro antes de juros, impostos, deprecia\u00e7\u00e3o e amortiza\u00e7\u00e3o)<\/a>\u00a0e de R$ 1 bilh\u00e3o no\u00a0<strong><a class=\"suno-keyword\" href=\"https:\/\/www.suno.com.br\/artigos\/lucro-liquido\/\" target=\"_blank\" rel=\"noopener\" data-force=\"no\" data-priority=\"1\">lucro l\u00edquido<\/a><\/strong>\u00a0do exerc\u00edcio.<\/p>\n<div class=\"knowMore\" data-element=\"shortcode-read-more\">\n<p>Segundo a\u00a0XP, a discuss\u00e3o sobre a\u00a0repactua\u00e7\u00e3o do risco hidrol\u00f3gico se iniciou diante de a\u00e7\u00f5es judiciais ante o inconformismo das hidrel\u00e9tricas.<\/p>\n<p>A corretora projeta que uma adi\u00e7\u00e3o de R$ 1,6 bilh\u00e3o em valor aos acionistas perfaz um aumento de R$ 0,60 por a\u00e7\u00e3o no pre\u00e7o-alvo, ou 8% do atual <a class=\"suno-keyword\" href=\"https:\/\/www.suno.com.br\/artigos\/valor-de-mercado\/\" target=\"_blank\" rel=\"noopener\" data-force=\"no\" data-priority=\"1\">valor de mercado<\/a>\u00a0da empresa. A corretora recomenda compra das\u00a0<strong>a\u00e7\u00f5es da Copel<\/strong>, com <a class=\"suno-keyword\" href=\"https:\/\/www.suno.com.br\/artigos\/preco-alvo\/\" target=\"_blank\" rel=\"noopener\" data-force=\"no\" data-priority=\"1\">pre\u00e7o alvo<\/a> de R$ 7,5.<\/p>\n\t<p>\n\t\t<a href=\"https:\/\/lp.suno.com.br\/planilha-de-controle-de-investimentos\/\" target=\"_blank\" data-element=\"shortcode-suno-banner\" title=\"Banner SUNO, clique e saiba mais\">\n\t\t\t<picture>\n\t\t\t\t<source media=\"(max-width: 500px)\" srcset=\"https:\/\/files.sunoresearch.com.br\/n\/uploads\/2023\/03\/400x300-Controle-de-Investimentos.png\">\n\t\t\t\t<img class=\"newsContent__article__imgCapa newsContent__article__imgCapa--banner\"\n\t\t\t\t\tsrc=\"https:\/\/files.sunoresearch.com.br\/n\/uploads\/2023\/03\/1420x240-Controle-de-Investimentos.png\"\n\t\t\t\t\tdata-promo-id=\"75934\"\t\t\t\t\t\t\t\t\t\twidth='1420' height='240'\t\t\t\t\talt=\"https:\/\/files.sunoresearch.com.br\/n\/uploads\/2023\/03\/1420x240-Controle-de-Investimentos.png\"\n\t\t\t\t>\n\t\t\t<\/picture>\n\t\t<\/a>\n\t<\/p>\n\n\n<p>No seu \u00faltimo <a class=\"suno-keyword\" href=\"https:\/\/www.suno.com.br\/artigos\/resultado-financeiro\/\" target=\"_blank\" rel=\"noopener\" data-force=\"no\" data-priority=\"1\">resultado financeiro<\/a> publicado, do segundo trimestre deste ano, o o bra\u00e7o de distribui\u00e7\u00e3o da companhia (Copel Dis) atingiu 7,087 GWh de energia vendida no segundo trimestre de 2021, um crescimento de 12% na compara\u00e7\u00e3o anual.<\/p>\n<\/div>\n<h2>Cota\u00e7\u00e3o de CPLE6<\/h2>\n<p>No fechamento de quinta (14), antes da divulga\u00e7\u00e3o da not\u00edcia sobre a mudan\u00e7a de governan\u00e7a, as a\u00e7\u00f5es da <strong>Copel<\/strong> fecharam o preg\u00e3o cotadas a R$ 6,50. O pre\u00e7o demonstra uma queda de 6,3% no acumulado mensal, al\u00e9m de 11,8% de queda desde o in\u00edcio do ano.<\/p>\n\t<p>\n\t\t<a href=\"\" target=\"_blank\" data-element=\"shortcode-suno-banner\" title=\"Banner SUNO, clique e saiba mais\">\n\t\t\t<picture>\n\t\t\t\t<source media=\"(max-width: 500px)\" srcset=\"\">\n\t\t\t\t<img class=\"newsContent__article__imgCapa newsContent__article__imgCapa--banner\"\n\t\t\t\t\tsrc=\"\"\n\t\t\t\t\tdata-promo-id=\"184190\"\t\t\t\t\t\t\t\t\t\t\t\t\t\t\talt=\"\"\n\t\t\t\t>\n\t\t\t<\/picture>\n\t\t<\/a>\n\t<\/p>\n\n\n","protected":false},"excerpt":{"rendered":"<p>A Copel (CPLE6) ir\u00e1 realizar uma reforma do seu estatuto social visando migrar para o N\u00edvel 2 de governan\u00e7a corporativa. A informa\u00e7\u00e3o foi divulgada em comunicado ao mercado emitido no fim da quinta-feira (14). Copel- Foto: Reprodu\u00e7\u00e3o\/Site\/Copel Segundo a el\u00e9trica, a mudan\u00e7a para o N\u00edvel 2 de governan\u00e7a implica em um tag along de 100% [&hellip;]<\/p>\n","protected":false},"author":73,"featured_media":193965,"comment_status":"closed","ping_status":"closed","sticky":false,"template":"","format":"standard","meta":[],"categories":[64],"tags":[431,105816,106588,106360],"suno_strategy":[],"class_list":["post-193950","post","type-post","status-publish","format-standard","has-post-thumbnail","hentry","category-negocios","tag-copel-cple3-cple5-cple6","tag-especialistas","tag-governanca-corporativa","tag-setor-eletrico"],"yoast_head":"<!-- This site is optimized with the Yoast SEO plugin v24.4 - https:\/\/yoast.com\/wordpress\/plugins\/seo\/ -->\n<title>Copel (CPLE6) migrar\u00e1 para n\u00edvel dois de governan\u00e7a; PR freou venda<\/title>\n<meta name=\"description\" content=\"No fim de setembro, governo do Paran\u00e1 divulgou interesse na medida ap\u00f3s frear venda de units da Copel com BNDES. Clique aqui e leia mais.\" \/>\n<meta name=\"robots\" content=\"index, follow, max-snippet:-1, max-image-preview:large, max-video-preview:-1\" \/>\n<link rel=\"canonical\" href=\"https:\/\/www.suno.com.br\/noticias\/copel-cple6-nivel-dois-governanca-governo-pr-parana-venda\/\" \/>\n<meta property=\"og:locale\" content=\"pt_BR\" \/>\n<meta property=\"og:type\" content=\"article\" \/>\n<meta property=\"og:title\" content=\"Copel (CPLE6) migrar\u00e1 para n\u00edvel dois de governan\u00e7a; PR freou venda\" \/>\n<meta property=\"og:description\" content=\"No fim de setembro, governo do Paran\u00e1 divulgou interesse na medida ap\u00f3s frear venda de units da Copel com BNDES. Clique aqui e leia mais.\" \/>\n<meta property=\"og:url\" content=\"https:\/\/www.suno.com.br\/noticias\/copel-cple6-nivel-dois-governanca-governo-pr-parana-venda\/\" \/>\n<meta property=\"og:site_name\" content=\"Suno Not\u00edcias\" \/>\n<meta property=\"article:publisher\" content=\"https:\/\/facebook.com\/sunoresearch\" \/>\n<meta property=\"og:image\" content=\"https:\/\/files.sunoresearch.com.br\/n\/uploads\/2021\/10\/Copel-Distribuicao2-scaled-1.jpg\" \/>\n\t<meta property=\"og:image:width\" content=\"2560\" \/>\n\t<meta property=\"og:image:height\" content=\"1707\" \/>\n\t<meta property=\"og:image:type\" content=\"image\/jpeg\" \/>\n<meta name=\"author\" content=\"Eduardo Vargas\" \/>\n<meta name=\"twitter:card\" content=\"summary_large_image\" \/>\n<meta name=\"twitter:creator\" content=\"@sunoresearch\" \/>\n<meta name=\"twitter:site\" content=\"@sunoresearch\" \/>\n<meta name=\"twitter:label1\" content=\"Escrito por\" \/>\n\t<meta name=\"twitter:data1\" content=\"Eduardo Vargas\" \/>\n\t<meta name=\"twitter:label2\" content=\"Est. tempo de leitura\" \/>\n\t<meta name=\"twitter:data2\" content=\"3 minutos\" \/>\n<script type=\"application\/ld+json\" class=\"yoast-schema-graph\">{\"@context\":\"https:\/\/schema.org\",\"@graph\":[{\"@type\":\"NewsArticle\",\"@id\":\"https:\/\/www.suno.com.br\/noticias\/copel-cple6-nivel-dois-governanca-governo-pr-parana-venda\/#article\",\"isPartOf\":{\"@id\":\"https:\/\/www.suno.com.br\/noticias\/copel-cple6-nivel-dois-governanca-governo-pr-parana-venda\/\"},\"author\":{\"name\":\"Eduardo Vargas\",\"@id\":\"https:\/\/www.suno.com.br\/noticias\/#\/schema\/person\/7f4d362bf3518e76090143ae77bb49a5\"},\"headline\":\"Copel (CPLE6) migrar\u00e1 para N\u00edvel 2 de governan\u00e7a ap\u00f3s Governo do PR desistir de venda\",\"datePublished\":\"2021-10-15T12:51:29+00:00\",\"mainEntityOfPage\":{\"@id\":\"https:\/\/www.suno.com.br\/noticias\/copel-cple6-nivel-dois-governanca-governo-pr-parana-venda\/\"},\"wordCount\":650,\"publisher\":{\"@id\":\"https:\/\/www.suno.com.br\/noticias\/#organization\"},\"image\":{\"@id\":\"https:\/\/www.suno.com.br\/noticias\/copel-cple6-nivel-dois-governanca-governo-pr-parana-venda\/#primaryimage\"},\"thumbnailUrl\":\"https:\/\/files.sunoresearch.com.br\/n\/uploads\/2021\/10\/Copel-Distribuicao2-scaled-1.jpg\",\"keywords\":[\"Copel (CPLE3\/CPLE5\/CPLE6)\",\"Especialistas\",\"governan\u00e7a corporativa\",\"Setor el\u00e9trico\"],\"articleSection\":[\"Neg\u00f3cios\"],\"inLanguage\":\"pt-BR\"},{\"@type\":\"WebPage\",\"@id\":\"https:\/\/www.suno.com.br\/noticias\/copel-cple6-nivel-dois-governanca-governo-pr-parana-venda\/\",\"url\":\"https:\/\/www.suno.com.br\/noticias\/copel-cple6-nivel-dois-governanca-governo-pr-parana-venda\/\",\"name\":\"Copel (CPLE6) migrar\u00e1 para n\u00edvel dois de governan\u00e7a; PR freou venda\",\"isPartOf\":{\"@id\":\"https:\/\/www.suno.com.br\/noticias\/#website\"},\"primaryImageOfPage\":{\"@id\":\"https:\/\/www.suno.com.br\/noticias\/copel-cple6-nivel-dois-governanca-governo-pr-parana-venda\/#primaryimage\"},\"image\":{\"@id\":\"https:\/\/www.suno.com.br\/noticias\/copel-cple6-nivel-dois-governanca-governo-pr-parana-venda\/#primaryimage\"},\"thumbnailUrl\":\"https:\/\/files.sunoresearch.com.br\/n\/uploads\/2021\/10\/Copel-Distribuicao2-scaled-1.jpg\",\"datePublished\":\"2021-10-15T12:51:29+00:00\",\"description\":\"No fim de setembro, governo do Paran\u00e1 divulgou interesse na medida ap\u00f3s frear venda de units da Copel com BNDES. Clique aqui e leia mais.\",\"breadcrumb\":{\"@id\":\"https:\/\/www.suno.com.br\/noticias\/copel-cple6-nivel-dois-governanca-governo-pr-parana-venda\/#breadcrumb\"},\"inLanguage\":\"pt-BR\",\"potentialAction\":[{\"@type\":\"ReadAction\",\"target\":[\"https:\/\/www.suno.com.br\/noticias\/copel-cple6-nivel-dois-governanca-governo-pr-parana-venda\/\"]}]},{\"@type\":\"ImageObject\",\"inLanguage\":\"pt-BR\",\"@id\":\"https:\/\/www.suno.com.br\/noticias\/copel-cple6-nivel-dois-governanca-governo-pr-parana-venda\/#primaryimage\",\"url\":\"https:\/\/files.sunoresearch.com.br\/n\/uploads\/2021\/10\/Copel-Distribuicao2-scaled-1.jpg\",\"contentUrl\":\"https:\/\/files.sunoresearch.com.br\/n\/uploads\/2021\/10\/Copel-Distribuicao2-scaled-1.jpg\",\"width\":2560,\"height\":1707,\"caption\":\"Copel- Foto: Reprodu\u00e7\u00e3o\/Site\/Copel\"},{\"@type\":\"BreadcrumbList\",\"@id\":\"https:\/\/www.suno.com.br\/noticias\/copel-cple6-nivel-dois-governanca-governo-pr-parana-venda\/#breadcrumb\",\"itemListElement\":[{\"@type\":\"ListItem\",\"position\":1,\"name\":\"Not\u00edcias\",\"item\":\"https:\/\/www.suno.com.br\/noticias\/\"},{\"@type\":\"ListItem\",\"position\":2,\"name\":\"Neg\u00f3cios\",\"item\":\"https:\/\/www.suno.com.br\/noticias\/negocios\/\"},{\"@type\":\"ListItem\",\"position\":3,\"name\":\"Copel (CPLE6) migrar\u00e1 para N\u00edvel 2 de governan\u00e7a ap\u00f3s Governo do PR desistir de venda\"}]},{\"@type\":\"WebSite\",\"@id\":\"https:\/\/www.suno.com.br\/noticias\/#website\",\"url\":\"https:\/\/www.suno.com.br\/noticias\/\",\"name\":\"Suno Not\u00edcias\",\"description\":\"Seu portal de informa\u00e7\u00e3o sobre o mundo dos investimentos\",\"publisher\":{\"@id\":\"https:\/\/www.suno.com.br\/noticias\/#organization\"},\"potentialAction\":[{\"@type\":\"SearchAction\",\"target\":{\"@type\":\"EntryPoint\",\"urlTemplate\":\"https:\/\/www.suno.com.br\/noticias\/?s={search_term_string}\"},\"query-input\":{\"@type\":\"PropertyValueSpecification\",\"valueRequired\":true,\"valueName\":\"search_term_string\"}}],\"inLanguage\":\"pt-BR\"},{\"@type\":\"Organization\",\"@id\":\"https:\/\/www.suno.com.br\/noticias\/#organization\",\"name\":\"Suno Not\u00edcias\",\"url\":\"https:\/\/www.suno.com.br\/noticias\/\",\"logo\":{\"@type\":\"ImageObject\",\"inLanguage\":\"pt-BR\",\"@id\":\"https:\/\/www.suno.com.br\/noticias\/#\/schema\/logo\/image\/\",\"url\":\"https:\/\/files.sunoresearch.com.br\/n\/uploads\/2021\/09\/suno-logo.png\",\"contentUrl\":\"https:\/\/files.sunoresearch.com.br\/n\/uploads\/2021\/09\/suno-logo.png\",\"width\":180,\"height\":180,\"caption\":\"Suno Not\u00edcias\"},\"image\":{\"@id\":\"https:\/\/www.suno.com.br\/noticias\/#\/schema\/logo\/image\/\"},\"sameAs\":[\"https:\/\/facebook.com\/sunoresearch\",\"https:\/\/x.com\/sunoresearch\",\"https:\/\/www.instagram.com\/suno\",\"https:\/\/www.linkedin.com\/company\/suno-research\/\",\"https:\/\/www.youtube.com\/c\/sunoresearch\"]},{\"@type\":\"Person\",\"@id\":\"https:\/\/www.suno.com.br\/noticias\/#\/schema\/person\/7f4d362bf3518e76090143ae77bb49a5\",\"name\":\"Eduardo Vargas\",\"image\":{\"@type\":\"ImageObject\",\"inLanguage\":\"pt-BR\",\"@id\":\"https:\/\/www.suno.com.br\/noticias\/#\/schema\/person\/image\/\",\"url\":\"https:\/\/secure.gravatar.com\/avatar\/dac340933427a22924c9f99d1eb2e3f2?s=96&r=g\",\"contentUrl\":\"https:\/\/secure.gravatar.com\/avatar\/dac340933427a22924c9f99d1eb2e3f2?s=96&r=g\",\"caption\":\"Eduardo Vargas\"},\"description\":\"Jornalista formado pela UFSC, cobre macroeconomia, neg\u00f3cios e startups para o Suno Not\u00edcias, escrevendo principalmente not\u00edcias sobre o mercado financeiro e a bolsa de valores. No YouTube e no Instagram, \u00e9 respons\u00e1vel pela produ\u00e7\u00e3o de Reels e Shorts do Suno Not\u00edcias. Anteriormente, trabalhou cobrindo economia e cotidiano no ND+ e para o ND, maior jornal impresso de Santa Catarina. Cursou um semestre letivo de Estudos de M\u00eddia na Universidad de Buenos Aires.\",\"url\":\"https:\/\/www.suno.com.br\/noticias\/author\/eduardo-vargas\/\"}]}<\/script>\n<!-- \/ Yoast SEO plugin. -->","yoast_head_json":{"title":"Copel (CPLE6) migrar\u00e1 para n\u00edvel dois de governan\u00e7a; PR freou venda","description":"No fim de setembro, governo do Paran\u00e1 divulgou interesse na medida ap\u00f3s frear venda de units da Copel com BNDES. Clique aqui e leia mais.","robots":{"index":"index","follow":"follow","max-snippet":"max-snippet:-1","max-image-preview":"max-image-preview:large","max-video-preview":"max-video-preview:-1"},"canonical":"https:\/\/www.suno.com.br\/noticias\/copel-cple6-nivel-dois-governanca-governo-pr-parana-venda\/","og_locale":"pt_BR","og_type":"article","og_title":"Copel (CPLE6) migrar\u00e1 para n\u00edvel dois de governan\u00e7a; PR freou venda","og_description":"No fim de setembro, governo do Paran\u00e1 divulgou interesse na medida ap\u00f3s frear venda de units da Copel com BNDES. Clique aqui e leia mais.","og_url":"https:\/\/www.suno.com.br\/noticias\/copel-cple6-nivel-dois-governanca-governo-pr-parana-venda\/","og_site_name":"Suno Not\u00edcias","article_publisher":"https:\/\/facebook.com\/sunoresearch","og_image":[{"width":2560,"height":1707,"url":"https:\/\/files.sunoresearch.com.br\/n\/uploads\/2021\/10\/Copel-Distribuicao2-scaled-1.jpg","type":"image\/jpeg"}],"author":"Eduardo Vargas","twitter_card":"summary_large_image","twitter_creator":"@sunoresearch","twitter_site":"@sunoresearch","twitter_misc":{"Escrito por":"Eduardo Vargas","Est. tempo de leitura":"3 minutos"},"schema":{"@context":"https:\/\/schema.org","@graph":[{"@type":"NewsArticle","@id":"https:\/\/www.suno.com.br\/noticias\/copel-cple6-nivel-dois-governanca-governo-pr-parana-venda\/#article","isPartOf":{"@id":"https:\/\/www.suno.com.br\/noticias\/copel-cple6-nivel-dois-governanca-governo-pr-parana-venda\/"},"author":{"name":"Eduardo Vargas","@id":"https:\/\/www.suno.com.br\/noticias\/#\/schema\/person\/7f4d362bf3518e76090143ae77bb49a5"},"headline":"Copel (CPLE6) migrar\u00e1 para N\u00edvel 2 de governan\u00e7a ap\u00f3s Governo do PR desistir de venda","datePublished":"2021-10-15T12:51:29+00:00","mainEntityOfPage":{"@id":"https:\/\/www.suno.com.br\/noticias\/copel-cple6-nivel-dois-governanca-governo-pr-parana-venda\/"},"wordCount":650,"publisher":{"@id":"https:\/\/www.suno.com.br\/noticias\/#organization"},"image":{"@id":"https:\/\/www.suno.com.br\/noticias\/copel-cple6-nivel-dois-governanca-governo-pr-parana-venda\/#primaryimage"},"thumbnailUrl":"https:\/\/files.sunoresearch.com.br\/n\/uploads\/2021\/10\/Copel-Distribuicao2-scaled-1.jpg","keywords":["Copel (CPLE3\/CPLE5\/CPLE6)","Especialistas","governan\u00e7a corporativa","Setor el\u00e9trico"],"articleSection":["Neg\u00f3cios"],"inLanguage":"pt-BR"},{"@type":"WebPage","@id":"https:\/\/www.suno.com.br\/noticias\/copel-cple6-nivel-dois-governanca-governo-pr-parana-venda\/","url":"https:\/\/www.suno.com.br\/noticias\/copel-cple6-nivel-dois-governanca-governo-pr-parana-venda\/","name":"Copel (CPLE6) migrar\u00e1 para n\u00edvel dois de governan\u00e7a; PR freou venda","isPartOf":{"@id":"https:\/\/www.suno.com.br\/noticias\/#website"},"primaryImageOfPage":{"@id":"https:\/\/www.suno.com.br\/noticias\/copel-cple6-nivel-dois-governanca-governo-pr-parana-venda\/#primaryimage"},"image":{"@id":"https:\/\/www.suno.com.br\/noticias\/copel-cple6-nivel-dois-governanca-governo-pr-parana-venda\/#primaryimage"},"thumbnailUrl":"https:\/\/files.sunoresearch.com.br\/n\/uploads\/2021\/10\/Copel-Distribuicao2-scaled-1.jpg","datePublished":"2021-10-15T12:51:29+00:00","description":"No fim de setembro, governo do Paran\u00e1 divulgou interesse na medida ap\u00f3s frear venda de units da Copel com BNDES. Clique aqui e leia mais.","breadcrumb":{"@id":"https:\/\/www.suno.com.br\/noticias\/copel-cple6-nivel-dois-governanca-governo-pr-parana-venda\/#breadcrumb"},"inLanguage":"pt-BR","potentialAction":[{"@type":"ReadAction","target":["https:\/\/www.suno.com.br\/noticias\/copel-cple6-nivel-dois-governanca-governo-pr-parana-venda\/"]}]},{"@type":"ImageObject","inLanguage":"pt-BR","@id":"https:\/\/www.suno.com.br\/noticias\/copel-cple6-nivel-dois-governanca-governo-pr-parana-venda\/#primaryimage","url":"https:\/\/files.sunoresearch.com.br\/n\/uploads\/2021\/10\/Copel-Distribuicao2-scaled-1.jpg","contentUrl":"https:\/\/files.sunoresearch.com.br\/n\/uploads\/2021\/10\/Copel-Distribuicao2-scaled-1.jpg","width":2560,"height":1707,"caption":"Copel- Foto: Reprodu\u00e7\u00e3o\/Site\/Copel"},{"@type":"BreadcrumbList","@id":"https:\/\/www.suno.com.br\/noticias\/copel-cple6-nivel-dois-governanca-governo-pr-parana-venda\/#breadcrumb","itemListElement":[{"@type":"ListItem","position":1,"name":"Not\u00edcias","item":"https:\/\/www.suno.com.br\/noticias\/"},{"@type":"ListItem","position":2,"name":"Neg\u00f3cios","item":"https:\/\/www.suno.com.br\/noticias\/negocios\/"},{"@type":"ListItem","position":3,"name":"Copel (CPLE6) migrar\u00e1 para N\u00edvel 2 de governan\u00e7a ap\u00f3s Governo do PR desistir de venda"}]},{"@type":"WebSite","@id":"https:\/\/www.suno.com.br\/noticias\/#website","url":"https:\/\/www.suno.com.br\/noticias\/","name":"Suno Not\u00edcias","description":"Seu portal de informa\u00e7\u00e3o sobre o mundo dos investimentos","publisher":{"@id":"https:\/\/www.suno.com.br\/noticias\/#organization"},"potentialAction":[{"@type":"SearchAction","target":{"@type":"EntryPoint","urlTemplate":"https:\/\/www.suno.com.br\/noticias\/?s={search_term_string}"},"query-input":{"@type":"PropertyValueSpecification","valueRequired":true,"valueName":"search_term_string"}}],"inLanguage":"pt-BR"},{"@type":"Organization","@id":"https:\/\/www.suno.com.br\/noticias\/#organization","name":"Suno Not\u00edcias","url":"https:\/\/www.suno.com.br\/noticias\/","logo":{"@type":"ImageObject","inLanguage":"pt-BR","@id":"https:\/\/www.suno.com.br\/noticias\/#\/schema\/logo\/image\/","url":"https:\/\/files.sunoresearch.com.br\/n\/uploads\/2021\/09\/suno-logo.png","contentUrl":"https:\/\/files.sunoresearch.com.br\/n\/uploads\/2021\/09\/suno-logo.png","width":180,"height":180,"caption":"Suno Not\u00edcias"},"image":{"@id":"https:\/\/www.suno.com.br\/noticias\/#\/schema\/logo\/image\/"},"sameAs":["https:\/\/facebook.com\/sunoresearch","https:\/\/x.com\/sunoresearch","https:\/\/www.instagram.com\/suno","https:\/\/www.linkedin.com\/company\/suno-research\/","https:\/\/www.youtube.com\/c\/sunoresearch"]},{"@type":"Person","@id":"https:\/\/www.suno.com.br\/noticias\/#\/schema\/person\/7f4d362bf3518e76090143ae77bb49a5","name":"Eduardo Vargas","image":{"@type":"ImageObject","inLanguage":"pt-BR","@id":"https:\/\/www.suno.com.br\/noticias\/#\/schema\/person\/image\/","url":"https:\/\/secure.gravatar.com\/avatar\/dac340933427a22924c9f99d1eb2e3f2?s=96&r=g","contentUrl":"https:\/\/secure.gravatar.com\/avatar\/dac340933427a22924c9f99d1eb2e3f2?s=96&r=g","caption":"Eduardo Vargas"},"description":"Jornalista formado pela UFSC, cobre macroeconomia, neg\u00f3cios e startups para o Suno Not\u00edcias, escrevendo principalmente not\u00edcias sobre o mercado financeiro e a bolsa de valores. No YouTube e no Instagram, \u00e9 respons\u00e1vel pela produ\u00e7\u00e3o de Reels e Shorts do Suno Not\u00edcias. Anteriormente, trabalhou cobrindo economia e cotidiano no ND+ e para o ND, maior jornal impresso de Santa Catarina. Cursou um semestre letivo de Estudos de M\u00eddia na Universidad de Buenos Aires.","url":"https:\/\/www.suno.com.br\/noticias\/author\/eduardo-vargas\/"}]}},"default_loop_html":"<div class=\"cardsPage__listCard__boxs\"><div class=\"cardsPage__listCard__boxs__img\"><a href=\"https:\/\/www.suno.com.br\/noticias\/copel-cple6-nivel-dois-governanca-governo-pr-parana-venda\/\"><img class=\"mask\" src=\"https:\/\/www.suno.com.br\/noticias\/wp-content\/themes\/suno\/resources\/images\/spotlight\/spotlight1img\/bg-mask.png\" alt=\"Image Mask\"\/><img src=\"https:\/\/files.sunoresearch.com.br\/n\/uploads\/2021\/10\/Copel-Distribuicao2-scaled-1-400x200.jpg\" alt=\"Copel (CPLE6) migrar\u00e1 para N\u00edvel 2 de governan\u00e7a ap\u00f3s Governo do PR desistir de venda\"\/><\/a><span class=\"spotlightCategory\"><a href=\"https:\/\/www.suno.com.br\/noticias\/negocios\/\">Neg\u00f3cios<\/a><\/span><\/div><div class=\"cardsPage__listCard__boxs__content\"><a href=\"https:\/\/www.suno.com.br\/noticias\/copel-cple6-nivel-dois-governanca-governo-pr-parana-venda\/\"><h2 class=\"content__title\">Copel (CPLE6) migrar\u00e1 para N\u00edvel 2 de governan\u00e7a ap\u00f3s Governo do PR desistir de venda<\/h2><\/a><div class=\"newsContent__article__meta\"><div class=\"newsContent__article__meta__authorBox\"><a href=\"https:\/\/www.suno.com.br\/noticias\/author\/eduardo-vargas\/\" class=\"authorBox__avatar noMobi\"><img src=\"https:\/\/secure.gravatar.com\/avatar\/dac340933427a22924c9f99d1eb2e3f2?s=96&#038;r=g\" alt=\"Eduardo Vargas\"><\/a><div class=\"authorBox__name\"><span>por\n\t\t\t<a href=\"https:\/\/www.suno.com.br\/noticias\/author\/eduardo-vargas\/\"><span itemprop=\"author\">Eduardo Vargas<\/span><\/a><\/span><time datetime=\"2021-10-15T09:51:29-03:00\" itemprop=\"datePublished\">15\/10\/2021 09:51<\/time><\/div><\/div><\/div><\/div><\/div>","single_layout":"posts","amp_enabled":true,"_links":{"self":[{"href":"https:\/\/www.suno.com.br\/noticias\/wp-json\/wp\/v2\/posts\/193950"}],"collection":[{"href":"https:\/\/www.suno.com.br\/noticias\/wp-json\/wp\/v2\/posts"}],"about":[{"href":"https:\/\/www.suno.com.br\/noticias\/wp-json\/wp\/v2\/types\/post"}],"author":[{"embeddable":true,"href":"https:\/\/www.suno.com.br\/noticias\/wp-json\/wp\/v2\/users\/73"}],"replies":[{"embeddable":true,"href":"https:\/\/www.suno.com.br\/noticias\/wp-json\/wp\/v2\/comments?post=193950"}],"version-history":[{"count":2,"href":"https:\/\/www.suno.com.br\/noticias\/wp-json\/wp\/v2\/posts\/193950\/revisions"}],"predecessor-version":[{"id":194020,"href":"https:\/\/www.suno.com.br\/noticias\/wp-json\/wp\/v2\/posts\/193950\/revisions\/194020"}],"wp:featuredmedia":[{"embeddable":true,"href":"https:\/\/www.suno.com.br\/noticias\/wp-json\/wp\/v2\/media\/193965"}],"wp:attachment":[{"href":"https:\/\/www.suno.com.br\/noticias\/wp-json\/wp\/v2\/media?parent=193950"}],"wp:term":[{"taxonomy":"category","embeddable":true,"href":"https:\/\/www.suno.com.br\/noticias\/wp-json\/wp\/v2\/categories?post=193950"},{"taxonomy":"post_tag","embeddable":true,"href":"https:\/\/www.suno.com.br\/noticias\/wp-json\/wp\/v2\/tags?post=193950"},{"taxonomy":"suno_strategy","embeddable":true,"href":"https:\/\/www.suno.com.br\/noticias\/wp-json\/wp\/v2\/suno_strategy?post=193950"}],"curies":[{"name":"wp","href":"https:\/\/api.w.org\/{rel}","templated":true}]}}