{"id":193926,"date":"2021-10-15T13:38:54","date_gmt":"2021-10-15T16:38:54","guid":{"rendered":"https:\/\/www.suno.com.br\/noticias\/?p=193926"},"modified":"2021-10-15T13:38:54","modified_gmt":"2021-10-15T16:38:54","slug":"petrobras-petr4-petr3-bolsonaro-lira-mourao-privatizacao","status":"publish","type":"post","link":"https:\/\/www.suno.com.br\/noticias\/petrobras-petr4-petr3-bolsonaro-lira-mourao-privatizacao\/","title":{"rendered":"Petrobras (PETR4): Ap\u00f3s Bolsonaro e Lira, Mour\u00e3o defende privatiza\u00e7\u00e3o e fim do monop\u00f3lio"},"content":{"rendered":"<p>Depois de o presidente Jair Bolsonaro (sem partido) ter declarado que gostaria de privatizar a <a href=\"https:\/\/www.suno.com.br\/acoes\/petr4\/\"><strong>Petrobras<\/strong> (PETR4)<\/a>, foi a vez do vice-presidente Hamilton Mour\u00e3o se mostrar favor\u00e1vel <a href=\"https:\/\/www.suno.com.br\/artigos\/estatal-so-se-for-de-graca\/\">\u00e0 venda da estatal<\/a>.<\/p>\t<div class=\"wrapper-featured-image\">\n\t\t<figure class=\"spotlightImg\">\n\n\t\t\t<picture>\n\t\t\t\t<source media=\"(max-width: 768px)\" srcset=\"https:\/\/files.sunoresearch.com.br\/n\/uploads\/2021\/10\/mourao-expo-dubai_mcamgo_abr_021020211818-2_0-400x200.jpg\">\n\t\t\t\t<img loading=\"lazy\" decoding=\"async\" class=\"newsContent__article__imgCapa lazyloadDisabled \" src=\"https:\/\/files.sunoresearch.com.br\/n\/uploads\/2021\/10\/mourao-expo-dubai_mcamgo_abr_021020211818-2_0-800x450.jpg\" width=\"800\" height=\"450\" alt=\"Petrobras (PETR4): Ap\u00f3s Bolsonaro e Lira, Mour\u00e3o defende privatiza\u00e7\u00e3o e fim do monop\u00f3lio\" fetchpriority=high \/>\n\t\t\t<\/picture>\n\n\t\t\t<figcaption class=\"wp-caption-text wp-caption-text--show\">Fala de Mour\u00e3o vem ap\u00f3s declara\u00e7\u00f5es sobre privatiza\u00e7\u00e3o por parte de Bolsonaro e Arthur Lira - Foto: Ag\u00eancia Brasil<\/figcaption>\n\t\t<\/figure>\n\t<\/div>\n\n\n\t<p>\n\t\t<a href=\"https:\/\/lp.suno.com.br\/planilha-controle-gastos\/\" target=\"_blank\" data-element=\"shortcode-suno-banner\" title=\"Banner SUNO, clique e saiba mais\">\n\t\t\t<picture>\n\t\t\t\t<source media=\"(max-width: 500px)\" srcset=\"https:\/\/files.sunoresearch.com.br\/n\/uploads\/2023\/03\/400x300-Planilha-controle-de-gastos.png\">\n\t\t\t\t<img class=\"newsContent__article__imgCapa newsContent__article__imgCapa--banner\"\n\t\t\t\t\tsrc=\"https:\/\/files.sunoresearch.com.br\/n\/uploads\/2023\/03\/1420x240-Planilha-controle-de-gastos.png\"\n\t\t\t\t\tdata-promo-id=\"101751\"\t\t\t\t\t\t\t\t\t\twidth='1420' height='240'\t\t\t\t\talt=\"https:\/\/files.sunoresearch.com.br\/n\/uploads\/2023\/03\/1420x240-Planilha-controle-de-gastos.png\"\n\t\t\t\t>\n\t\t\t<\/picture>\n\t\t<\/a>\n\t<\/p>\n\n\n<p>&#8220;No futuro, a Petrobras ter\u00e1 que <a href=\"https:\/\/www.suno.com.br\/artigos\/empresa-capital-aberto\/\">ser colocada no <strong>mercado<\/strong><\/a> de modo que a gente rompa <a href=\"https:\/\/www.suno.com.br\/artigos\/monopolio\/\">essa estrutura de <strong>monop\u00f3lio<\/strong><\/a>, que no final das contas termina por prejudicar o Pa\u00eds&#8221;, afirmou o general <strong>Mour\u00e3o<\/strong> nesta quinta-feira (14), em sua sa\u00edda do Pal\u00e1cio do Planalto.<\/p>\n<p>Em entrevista a uma r\u00e1dio de Pernambuco, o chefe do Executivo <a href=\"https:\/\/www.suno.com.br\/artigos\/privatizacao\/\">citou vontade de vender a companhia em meio \u00e0 dificuldade do governo em conter a alta dos combust\u00edvei<\/a>s.<\/p>\n<p>&#8220;\u00c9 muito f\u00e1cil,<a href=\"https:\/\/www.suno.com.br\/artigos\/icms\/\"> &#8216;aumentou a gasolina, culpa do Bolsonaro&#8217;<\/a>. Eu tenho vontade, j\u00e1 tenho vontade de <strong>privatizar a Petrobras<\/strong>&#8220;, disse.<\/p>\n<p>De acordo com Mour\u00e3o, nas elei\u00e7\u00f5es de 2018, <strong>Bolsonaro<\/strong> decidiu n\u00e3o privatizar a companhia.<\/p>\n\t<div data-element=\"shortcode-read-more\" class=\"knowMore\">\n\t\t\t\t<span class=\"knowMore__title\">Leia mais<\/span>\n\t\t\t\t<a class=\"knowMore__link\" href=\"https:\/\/www.suno.com.br\/noticias\/privatizar-petrobras-petr4-bolsonaro\/\">\n\t\t\t&quot;Tenho vontade de privatizar Petrobras (PETR4)&quot;, diz Bolsonaro\t\t<\/a>\n\t<\/div>\n\n\n<p>&#8220;Foi um assunto discutido desde a campanha eleitoral. Era decis\u00e3o do <strong>presidente<\/strong> da Rep\u00fablica n\u00e3o mexer nem na Petrobras, nem no Banco do Brasil, nem na Caixa Econ\u00f4mica&#8221;, disse aos jornalistas presentes.<\/p>\n<p>Bolsonaro tem um passado estatizante, mas nos \u00faltimos anos buscou modular sua vis\u00e3o para tentar alinhar-se ao ministro da Economia, <strong><a class=\"suno-keyword\" href=\"https:\/\/www.suno.com.br\/tudo-sobre\/paulo-guedes\/\" target=\"_blank\" rel=\"noopener\" data-force=\"no\" data-priority=\"2\">Paulo Guedes<\/a><\/strong>.<\/p>\n\t<p>\n\t\t<a href=\"https:\/\/lp.suno.com.br\/planilha-da-vida-financeira\/\" target=\"_blank\" data-element=\"shortcode-suno-banner\" title=\"Banner SUNO, clique e saiba mais\">\n\t\t\t<picture>\n\t\t\t\t<source media=\"(max-width: 500px)\" srcset=\"https:\/\/files.sunoresearch.com.br\/n\/uploads\/2023\/04\/400x300-Planilha-vida-financeira-true.png\">\n\t\t\t\t<img class=\"newsContent__article__imgCapa newsContent__article__imgCapa--banner\"\n\t\t\t\t\tsrc=\"https:\/\/files.sunoresearch.com.br\/n\/uploads\/2023\/04\/1420x240-Planilha-vida-financeira-true.png\"\n\t\t\t\t\tdata-promo-id=\"106682\"\t\t\t\t\t\t\t\t\t\twidth='1420' height='240'\t\t\t\t\talt=\"https:\/\/files.sunoresearch.com.br\/n\/uploads\/2023\/04\/1420x240-Planilha-vida-financeira-true.png\"\n\t\t\t\t>\n\t\t\t<\/picture>\n\t\t<\/a>\n\t<\/p>\n\n\n<h2>Al\u00e9m da Petrobras, Mour\u00e3o comentou ICMS<\/h2>\n<p>O vice-presidente ainda chamou sobre o projeto que altera o <strong>ICMS<\/strong> incidente sobre os combust\u00edveis, aprovado ontem na C\u00e2mara, de &#8220;medida paliativa&#8221;.<\/p>\n<p>&#8220;Na realidade, <a href=\"https:\/\/www.suno.com.br\/artigos\/inflacao\">todos n\u00f3s sabemos que o combust\u00edvel est\u00e1 caro no mundo inteiro&#8221;<\/a>, afirmou Mour\u00e3o, que voltou a defender um fundo estabilizador de pre\u00e7os dos combust\u00edveis.<\/p>\n\t<p>\n\t\t<a href=\"https:\/\/lp.suno.com.br\/ebook-como-analisar-uma-acao\/\" target=\"_blank\" data-element=\"shortcode-suno-banner\" title=\"Banner SUNO, clique e saiba mais\">\n\t\t\t<picture>\n\t\t\t\t<source media=\"(max-width: 500px)\" srcset=\"https:\/\/files.sunoresearch.com.br\/n\/uploads\/2023\/03\/Ebook-Acoes-Mobile-1.jpg\">\n\t\t\t\t<img class=\"newsContent__article__imgCapa newsContent__article__imgCapa--banner\"\n\t\t\t\t\tsrc=\"https:\/\/files.sunoresearch.com.br\/n\/uploads\/2023\/03\/Ebook-Acoes-Desktop-1.jpg\"\n\t\t\t\t\tdata-promo-id=\"171998\"\t\t\t\t\t\t\t\t\t\twidth='1420' height='286'\t\t\t\t\talt=\"https:\/\/files.sunoresearch.com.br\/n\/uploads\/2023\/03\/Ebook-Acoes-Desktop-1.jpg\"\n\t\t\t\t>\n\t\t\t<\/picture>\n\t\t<\/a>\n\t<\/p>\n\n\n<p>&#8220;Quando h\u00e1 essas sazonalidades, \u00e9 importante que se tenha fundo estabilizador. Como constituir esse fundo \u00e9 quest\u00e3o para economistas, para quando tiver intercorr\u00eancias negativas voc\u00ea tenha condi\u00e7\u00e3o de bancar, a empresa, sem prejudicar consumidores&#8221;, declarou.<\/p>\n<p>Questionado sobre a decis\u00e3o de Bolsonaro de n\u00e3o se vacinar contra a covid-19, Mour\u00e3o preferiu n\u00e3o comentar.<\/p>\n<h2>Falas ecoam declara\u00e7\u00e3o de Lira<\/h2>\n<p>Na quarta (13), o presidente da C\u00e2mara dos Deputados, <strong>Arthur Lira<\/strong>, foi pelo mesmo caminho do presidente ao questionar o papel da Petrobras <a href=\"https:\/\/www.suno.com.br\/artigos\/mercado-de-capitais\">no mercado brasileiro<\/a>.\u00a0\u201cN\u00e3o seria o caso de<strong> privatizar a Petrobras<\/strong>?\u201c, perguntou.<\/p>\n<p>Segundo o presidente da C\u00e2mara, a estatal atua hoje num \u201climbo entre o p\u00fablico e o privado\u201d, e criticou o \u201cmonop\u00f3lio absurdo\u201d que a empresa tem no mercado de g\u00e1s.<\/p>\n<p>Para o deputado, a Petrobras, apesar de ter uma parte de capital <strong>privado<\/strong>, \u00e9 \u201cpredominantemente p\u00fablica e, por essa raz\u00e3o, \u00e9 importante rever sua pol\u00edtica de investimento energ\u00e9tico\u201d.<\/p>\n\t<p>\n\t\t<a href=\"https:\/\/lp.suno.com.br\/planilha-de-controle-de-investimentos\/\" target=\"_blank\" data-element=\"shortcode-suno-banner\" title=\"Banner SUNO, clique e saiba mais\">\n\t\t\t<picture>\n\t\t\t\t<source media=\"(max-width: 500px)\" srcset=\"https:\/\/files.sunoresearch.com.br\/n\/uploads\/2023\/03\/400x300-Controle-de-Investimentos.png\">\n\t\t\t\t<img class=\"newsContent__article__imgCapa newsContent__article__imgCapa--banner\"\n\t\t\t\t\tsrc=\"https:\/\/files.sunoresearch.com.br\/n\/uploads\/2023\/03\/1420x240-Controle-de-Investimentos.png\"\n\t\t\t\t\tdata-promo-id=\"75934\"\t\t\t\t\t\t\t\t\t\twidth='1420' height='240'\t\t\t\t\talt=\"https:\/\/files.sunoresearch.com.br\/n\/uploads\/2023\/03\/1420x240-Controle-de-Investimentos.png\"\n\t\t\t\t>\n\t\t\t<\/picture>\n\t\t<\/a>\n\t<\/p>\n\n\n<p>Um dia depois, Lira declarou que a C\u00e2mara est\u00e1 discutindo propostas para baratear o pre\u00e7o do g\u00e1s de cozinha.<\/p>\n<p>Lira voltou a fazer criticas ao <strong>monop\u00f3lio<\/strong> que a Petrobras\u00a0tem sobre o produto e complementou dizendo que o <a href=\"https:\/\/www.suno.com.br\/artigos\/cade\">Cade (Conselho Administrativo de Defesa Econ\u00f4mica) tamb\u00e9m pode ser acionado para intervir na estatal<\/a>.<\/p>\n<p>&#8220;A C\u00e2mara est\u00e1 atenta, deputados est\u00e3o debru\u00e7ados sobre isso e h\u00e1 uma possibilidade clara de se acionar o Cade para intervir nessa quest\u00e3o do monop\u00f3lio, porque o pre\u00e7o do g\u00e1s no Brasil, com as condi\u00e7\u00f5es e as jazidas que n\u00f3s temos, \u00e9 inadmiss\u00edvel. Todas as medidas legislativas que forem poss\u00edveis para a discuss\u00e3o da mat\u00e9ria, com seriedade e sobriedade, a C\u00e2mara dos Deputados est\u00e1 disposta a fazer, porque essa quest\u00e3o est\u00e1 colocando o brasileiro numa situa\u00e7\u00e3o de muita dificuldade&#8221;, acrescentou.<\/p>\n<h2>Cota\u00e7\u00e3o de PETR4<\/h2>\n<p>No preg\u00e3o desta sexta-feira (15), as <strong>a\u00e7\u00f5es da Petrobras\u00a0<\/strong>est\u00e3o cotadas a R$ 29,65, beirando um patamar visto somente em 2010 e no fim de 2019. A m\u00e1xima hist\u00f3rica <a href=\"https:\/\/www.suno.com.br\/artigos\/acoes-preferenciais\">dos pap\u00e9is preferenciais da companhia se deu em 2008<\/a>, quando as a\u00e7\u00f5es ficaram no patamar de R$ 60.<\/p>\n<p>Atualmente, al\u00e9m do imbr\u00f3glio pol\u00edtico, a <strong>Petrobras<\/strong> conta com a influ\u00eancia direta dos pre\u00e7os das commodities,<a href=\"https:\/\/www.suno.com.br\/artigos\/cotacao-do-petroleo\/\"> considerando que o petr\u00f3leo Brent est\u00e1 cotado a US$ 84,8<\/a>.<\/p>\n<p><em>Com informa\u00e7\u00f5es do Estad\u00e3o Conte\u00fado<\/em><\/p>\n\t<p>\n\t\t<a href=\"\" target=\"_blank\" data-element=\"shortcode-suno-banner\" title=\"Banner SUNO, clique e saiba mais\">\n\t\t\t<picture>\n\t\t\t\t<source media=\"(max-width: 500px)\" srcset=\"\">\n\t\t\t\t<img class=\"newsContent__article__imgCapa newsContent__article__imgCapa--banner\"\n\t\t\t\t\tsrc=\"\"\n\t\t\t\t\tdata-promo-id=\"184190\"\t\t\t\t\t\t\t\t\t\t\t\t\t\t\talt=\"\"\n\t\t\t\t>\n\t\t\t<\/picture>\n\t\t<\/a>\n\t<\/p>\n\n\n","protected":false},"excerpt":{"rendered":"<p>Depois de o presidente Jair Bolsonaro (sem partido) ter declarado que gostaria de privatizar a Petrobras (PETR4), foi a vez do vice-presidente Hamilton Mour\u00e3o se mostrar favor\u00e1vel \u00e0 venda da estatal. Fala de Mour\u00e3o vem ap\u00f3s declara\u00e7\u00f5es sobre privatiza\u00e7\u00e3o por parte de Bolsonaro e Arthur Lira &#8211; Foto: Ag\u00eancia Brasil &#8220;No futuro, a Petrobras ter\u00e1 [&hellip;]<\/p>\n","protected":false},"author":73,"featured_media":194062,"comment_status":"closed","ping_status":"closed","sticky":false,"template":"","format":"standard","meta":[],"categories":[64],"tags":[106444,104858,1556,1019,719,2426,595,766,104982,945],"suno_strategy":[],"class_list":["post-193926","post","type-post","status-publish","format-standard","has-post-thumbnail","hentry","category-negocios","tag-agencias","tag-arthur-lira","tag-governo-federal","tag-hamilton-mourao","tag-jair-bolsonaro","tag-petr3","tag-petrobras-petr4","tag-petroleo","tag-petroleo-brent","tag-privatizacoes"],"yoast_head":"<!-- This site is optimized with the Yoast SEO plugin v24.4 - https:\/\/yoast.com\/wordpress\/plugins\/seo\/ -->\n<title>Petrobras (PETR4): Ap\u00f3s Bolsonaro e Lira, Mour\u00e3o defende privatiza\u00e7\u00e3o<\/title>\n<meta name=\"description\" content=\"&quot;No futuro, a Petrobras ter\u00e1 que ser colocada no mercado de modo que a gente rompa essa estrutura de monop\u00f3lio&quot;, disse. Leia mais.\" \/>\n<meta name=\"robots\" content=\"index, follow, max-snippet:-1, max-image-preview:large, max-video-preview:-1\" \/>\n<link rel=\"canonical\" href=\"https:\/\/www.suno.com.br\/noticias\/petrobras-petr4-petr3-bolsonaro-lira-mourao-privatizacao\/\" \/>\n<meta property=\"og:locale\" content=\"pt_BR\" \/>\n<meta property=\"og:type\" content=\"article\" \/>\n<meta property=\"og:title\" content=\"Petrobras (PETR4): Ap\u00f3s Bolsonaro e Lira, Mour\u00e3o defende privatiza\u00e7\u00e3o\" \/>\n<meta property=\"og:description\" content=\"&quot;No futuro, a Petrobras ter\u00e1 que ser colocada no mercado de modo que a gente rompa essa estrutura de monop\u00f3lio&quot;, disse. Leia mais.\" \/>\n<meta property=\"og:url\" content=\"https:\/\/www.suno.com.br\/noticias\/petrobras-petr4-petr3-bolsonaro-lira-mourao-privatizacao\/\" \/>\n<meta property=\"og:site_name\" content=\"Suno Not\u00edcias\" \/>\n<meta property=\"article:publisher\" content=\"https:\/\/facebook.com\/sunoresearch\" \/>\n<meta property=\"og:image\" content=\"https:\/\/files.sunoresearch.com.br\/n\/uploads\/2021\/10\/mourao-expo-dubai_mcamgo_abr_021020211818-2_0-scaled.jpg\" \/>\n\t<meta property=\"og:image:width\" content=\"2560\" \/>\n\t<meta property=\"og:image:height\" content=\"1707\" \/>\n\t<meta property=\"og:image:type\" content=\"image\/jpeg\" \/>\n<meta name=\"author\" content=\"Eduardo Vargas\" \/>\n<meta name=\"twitter:card\" content=\"summary_large_image\" \/>\n<meta name=\"twitter:creator\" content=\"@sunoresearch\" \/>\n<meta name=\"twitter:site\" content=\"@sunoresearch\" \/>\n<meta name=\"twitter:label1\" content=\"Escrito por\" \/>\n\t<meta name=\"twitter:data1\" content=\"Eduardo Vargas\" \/>\n\t<meta name=\"twitter:label2\" content=\"Est. tempo de leitura\" \/>\n\t<meta name=\"twitter:data2\" content=\"3 minutos\" \/>\n<script type=\"application\/ld+json\" class=\"yoast-schema-graph\">{\"@context\":\"https:\/\/schema.org\",\"@graph\":[{\"@type\":\"NewsArticle\",\"@id\":\"https:\/\/www.suno.com.br\/noticias\/petrobras-petr4-petr3-bolsonaro-lira-mourao-privatizacao\/#article\",\"isPartOf\":{\"@id\":\"https:\/\/www.suno.com.br\/noticias\/petrobras-petr4-petr3-bolsonaro-lira-mourao-privatizacao\/\"},\"author\":{\"name\":\"Eduardo Vargas\",\"@id\":\"https:\/\/www.suno.com.br\/noticias\/#\/schema\/person\/7f4d362bf3518e76090143ae77bb49a5\"},\"headline\":\"Petrobras (PETR4): Ap\u00f3s Bolsonaro e Lira, Mour\u00e3o defende privatiza\u00e7\u00e3o e fim do monop\u00f3lio\",\"datePublished\":\"2021-10-15T16:38:54+00:00\",\"mainEntityOfPage\":{\"@id\":\"https:\/\/www.suno.com.br\/noticias\/petrobras-petr4-petr3-bolsonaro-lira-mourao-privatizacao\/\"},\"wordCount\":714,\"publisher\":{\"@id\":\"https:\/\/www.suno.com.br\/noticias\/#organization\"},\"image\":{\"@id\":\"https:\/\/www.suno.com.br\/noticias\/petrobras-petr4-petr3-bolsonaro-lira-mourao-privatizacao\/#primaryimage\"},\"thumbnailUrl\":\"https:\/\/files.sunoresearch.com.br\/n\/uploads\/2021\/10\/mourao-expo-dubai_mcamgo_abr_021020211818-2_0-scaled.jpg\",\"keywords\":[\"Ag\u00eancias\",\"Arthur Lira\",\"governo federal\",\"Hamilton Mour\u00e3o\",\"Jair Bolsonaro\",\"PETR3\",\"Petrobras (PETR4)\",\"Petr\u00f3leo\",\"Petr\u00f3leo Brent\",\"privatiza\u00e7\u00f5es\"],\"articleSection\":[\"Neg\u00f3cios\"],\"inLanguage\":\"pt-BR\"},{\"@type\":\"WebPage\",\"@id\":\"https:\/\/www.suno.com.br\/noticias\/petrobras-petr4-petr3-bolsonaro-lira-mourao-privatizacao\/\",\"url\":\"https:\/\/www.suno.com.br\/noticias\/petrobras-petr4-petr3-bolsonaro-lira-mourao-privatizacao\/\",\"name\":\"Petrobras (PETR4): Ap\u00f3s Bolsonaro e Lira, Mour\u00e3o defende privatiza\u00e7\u00e3o\",\"isPartOf\":{\"@id\":\"https:\/\/www.suno.com.br\/noticias\/#website\"},\"primaryImageOfPage\":{\"@id\":\"https:\/\/www.suno.com.br\/noticias\/petrobras-petr4-petr3-bolsonaro-lira-mourao-privatizacao\/#primaryimage\"},\"image\":{\"@id\":\"https:\/\/www.suno.com.br\/noticias\/petrobras-petr4-petr3-bolsonaro-lira-mourao-privatizacao\/#primaryimage\"},\"thumbnailUrl\":\"https:\/\/files.sunoresearch.com.br\/n\/uploads\/2021\/10\/mourao-expo-dubai_mcamgo_abr_021020211818-2_0-scaled.jpg\",\"datePublished\":\"2021-10-15T16:38:54+00:00\",\"description\":\"\\\"No futuro, a Petrobras ter\u00e1 que ser colocada no mercado de modo que a gente rompa essa estrutura de monop\u00f3lio\\\", disse. Leia mais.\",\"breadcrumb\":{\"@id\":\"https:\/\/www.suno.com.br\/noticias\/petrobras-petr4-petr3-bolsonaro-lira-mourao-privatizacao\/#breadcrumb\"},\"inLanguage\":\"pt-BR\",\"potentialAction\":[{\"@type\":\"ReadAction\",\"target\":[\"https:\/\/www.suno.com.br\/noticias\/petrobras-petr4-petr3-bolsonaro-lira-mourao-privatizacao\/\"]}]},{\"@type\":\"ImageObject\",\"inLanguage\":\"pt-BR\",\"@id\":\"https:\/\/www.suno.com.br\/noticias\/petrobras-petr4-petr3-bolsonaro-lira-mourao-privatizacao\/#primaryimage\",\"url\":\"https:\/\/files.sunoresearch.com.br\/n\/uploads\/2021\/10\/mourao-expo-dubai_mcamgo_abr_021020211818-2_0-scaled.jpg\",\"contentUrl\":\"https:\/\/files.sunoresearch.com.br\/n\/uploads\/2021\/10\/mourao-expo-dubai_mcamgo_abr_021020211818-2_0-scaled.jpg\",\"width\":2560,\"height\":1707,\"caption\":\"Fala de Mour\u00e3o vem ap\u00f3s declara\u00e7\u00f5es sobre privatiza\u00e7\u00e3o por parte de Bolsonaro e Arthur Lira - Foto: Ag\u00eancia Brasil\"},{\"@type\":\"BreadcrumbList\",\"@id\":\"https:\/\/www.suno.com.br\/noticias\/petrobras-petr4-petr3-bolsonaro-lira-mourao-privatizacao\/#breadcrumb\",\"itemListElement\":[{\"@type\":\"ListItem\",\"position\":1,\"name\":\"Not\u00edcias\",\"item\":\"https:\/\/www.suno.com.br\/noticias\/\"},{\"@type\":\"ListItem\",\"position\":2,\"name\":\"Neg\u00f3cios\",\"item\":\"https:\/\/www.suno.com.br\/noticias\/negocios\/\"},{\"@type\":\"ListItem\",\"position\":3,\"name\":\"Petrobras (PETR4): Ap\u00f3s Bolsonaro e Lira, Mour\u00e3o defende privatiza\u00e7\u00e3o e fim do monop\u00f3lio\"}]},{\"@type\":\"WebSite\",\"@id\":\"https:\/\/www.suno.com.br\/noticias\/#website\",\"url\":\"https:\/\/www.suno.com.br\/noticias\/\",\"name\":\"Suno Not\u00edcias\",\"description\":\"Seu portal de informa\u00e7\u00e3o sobre o mundo dos investimentos\",\"publisher\":{\"@id\":\"https:\/\/www.suno.com.br\/noticias\/#organization\"},\"potentialAction\":[{\"@type\":\"SearchAction\",\"target\":{\"@type\":\"EntryPoint\",\"urlTemplate\":\"https:\/\/www.suno.com.br\/noticias\/?s={search_term_string}\"},\"query-input\":{\"@type\":\"PropertyValueSpecification\",\"valueRequired\":true,\"valueName\":\"search_term_string\"}}],\"inLanguage\":\"pt-BR\"},{\"@type\":\"Organization\",\"@id\":\"https:\/\/www.suno.com.br\/noticias\/#organization\",\"name\":\"Suno Not\u00edcias\",\"url\":\"https:\/\/www.suno.com.br\/noticias\/\",\"logo\":{\"@type\":\"ImageObject\",\"inLanguage\":\"pt-BR\",\"@id\":\"https:\/\/www.suno.com.br\/noticias\/#\/schema\/logo\/image\/\",\"url\":\"https:\/\/files.sunoresearch.com.br\/n\/uploads\/2021\/09\/suno-logo.png\",\"contentUrl\":\"https:\/\/files.sunoresearch.com.br\/n\/uploads\/2021\/09\/suno-logo.png\",\"width\":180,\"height\":180,\"caption\":\"Suno Not\u00edcias\"},\"image\":{\"@id\":\"https:\/\/www.suno.com.br\/noticias\/#\/schema\/logo\/image\/\"},\"sameAs\":[\"https:\/\/facebook.com\/sunoresearch\",\"https:\/\/x.com\/sunoresearch\",\"https:\/\/www.instagram.com\/suno\",\"https:\/\/www.linkedin.com\/company\/suno-research\/\",\"https:\/\/www.youtube.com\/c\/sunoresearch\"]},{\"@type\":\"Person\",\"@id\":\"https:\/\/www.suno.com.br\/noticias\/#\/schema\/person\/7f4d362bf3518e76090143ae77bb49a5\",\"name\":\"Eduardo Vargas\",\"image\":{\"@type\":\"ImageObject\",\"inLanguage\":\"pt-BR\",\"@id\":\"https:\/\/www.suno.com.br\/noticias\/#\/schema\/person\/image\/\",\"url\":\"https:\/\/secure.gravatar.com\/avatar\/dac340933427a22924c9f99d1eb2e3f2?s=96&r=g\",\"contentUrl\":\"https:\/\/secure.gravatar.com\/avatar\/dac340933427a22924c9f99d1eb2e3f2?s=96&r=g\",\"caption\":\"Eduardo Vargas\"},\"description\":\"Jornalista formado pela UFSC, cobre macroeconomia, neg\u00f3cios e startups para o Suno Not\u00edcias, escrevendo principalmente not\u00edcias sobre o mercado financeiro e a bolsa de valores. No YouTube e no Instagram, \u00e9 respons\u00e1vel pela produ\u00e7\u00e3o de Reels e Shorts do Suno Not\u00edcias. Anteriormente, trabalhou cobrindo economia e cotidiano no ND+ e para o ND, maior jornal impresso de Santa Catarina. Cursou um semestre letivo de Estudos de M\u00eddia na Universidad de Buenos Aires.\",\"url\":\"https:\/\/www.suno.com.br\/noticias\/author\/eduardo-vargas\/\"}]}<\/script>\n<!-- \/ Yoast SEO plugin. -->","yoast_head_json":{"title":"Petrobras (PETR4): Ap\u00f3s Bolsonaro e Lira, Mour\u00e3o defende privatiza\u00e7\u00e3o","description":"\"No futuro, a Petrobras ter\u00e1 que ser colocada no mercado de modo que a gente rompa essa estrutura de monop\u00f3lio\", disse. Leia mais.","robots":{"index":"index","follow":"follow","max-snippet":"max-snippet:-1","max-image-preview":"max-image-preview:large","max-video-preview":"max-video-preview:-1"},"canonical":"https:\/\/www.suno.com.br\/noticias\/petrobras-petr4-petr3-bolsonaro-lira-mourao-privatizacao\/","og_locale":"pt_BR","og_type":"article","og_title":"Petrobras (PETR4): Ap\u00f3s Bolsonaro e Lira, Mour\u00e3o defende privatiza\u00e7\u00e3o","og_description":"\"No futuro, a Petrobras ter\u00e1 que ser colocada no mercado de modo que a gente rompa essa estrutura de monop\u00f3lio\", disse. Leia mais.","og_url":"https:\/\/www.suno.com.br\/noticias\/petrobras-petr4-petr3-bolsonaro-lira-mourao-privatizacao\/","og_site_name":"Suno Not\u00edcias","article_publisher":"https:\/\/facebook.com\/sunoresearch","og_image":[{"width":2560,"height":1707,"url":"https:\/\/files.sunoresearch.com.br\/n\/uploads\/2021\/10\/mourao-expo-dubai_mcamgo_abr_021020211818-2_0-scaled.jpg","type":"image\/jpeg"}],"author":"Eduardo Vargas","twitter_card":"summary_large_image","twitter_creator":"@sunoresearch","twitter_site":"@sunoresearch","twitter_misc":{"Escrito por":"Eduardo Vargas","Est. tempo de leitura":"3 minutos"},"schema":{"@context":"https:\/\/schema.org","@graph":[{"@type":"NewsArticle","@id":"https:\/\/www.suno.com.br\/noticias\/petrobras-petr4-petr3-bolsonaro-lira-mourao-privatizacao\/#article","isPartOf":{"@id":"https:\/\/www.suno.com.br\/noticias\/petrobras-petr4-petr3-bolsonaro-lira-mourao-privatizacao\/"},"author":{"name":"Eduardo Vargas","@id":"https:\/\/www.suno.com.br\/noticias\/#\/schema\/person\/7f4d362bf3518e76090143ae77bb49a5"},"headline":"Petrobras (PETR4): Ap\u00f3s Bolsonaro e Lira, Mour\u00e3o defende privatiza\u00e7\u00e3o e fim do monop\u00f3lio","datePublished":"2021-10-15T16:38:54+00:00","mainEntityOfPage":{"@id":"https:\/\/www.suno.com.br\/noticias\/petrobras-petr4-petr3-bolsonaro-lira-mourao-privatizacao\/"},"wordCount":714,"publisher":{"@id":"https:\/\/www.suno.com.br\/noticias\/#organization"},"image":{"@id":"https:\/\/www.suno.com.br\/noticias\/petrobras-petr4-petr3-bolsonaro-lira-mourao-privatizacao\/#primaryimage"},"thumbnailUrl":"https:\/\/files.sunoresearch.com.br\/n\/uploads\/2021\/10\/mourao-expo-dubai_mcamgo_abr_021020211818-2_0-scaled.jpg","keywords":["Ag\u00eancias","Arthur Lira","governo federal","Hamilton Mour\u00e3o","Jair Bolsonaro","PETR3","Petrobras (PETR4)","Petr\u00f3leo","Petr\u00f3leo Brent","privatiza\u00e7\u00f5es"],"articleSection":["Neg\u00f3cios"],"inLanguage":"pt-BR"},{"@type":"WebPage","@id":"https:\/\/www.suno.com.br\/noticias\/petrobras-petr4-petr3-bolsonaro-lira-mourao-privatizacao\/","url":"https:\/\/www.suno.com.br\/noticias\/petrobras-petr4-petr3-bolsonaro-lira-mourao-privatizacao\/","name":"Petrobras (PETR4): Ap\u00f3s Bolsonaro e Lira, Mour\u00e3o defende privatiza\u00e7\u00e3o","isPartOf":{"@id":"https:\/\/www.suno.com.br\/noticias\/#website"},"primaryImageOfPage":{"@id":"https:\/\/www.suno.com.br\/noticias\/petrobras-petr4-petr3-bolsonaro-lira-mourao-privatizacao\/#primaryimage"},"image":{"@id":"https:\/\/www.suno.com.br\/noticias\/petrobras-petr4-petr3-bolsonaro-lira-mourao-privatizacao\/#primaryimage"},"thumbnailUrl":"https:\/\/files.sunoresearch.com.br\/n\/uploads\/2021\/10\/mourao-expo-dubai_mcamgo_abr_021020211818-2_0-scaled.jpg","datePublished":"2021-10-15T16:38:54+00:00","description":"\"No futuro, a Petrobras ter\u00e1 que ser colocada no mercado de modo que a gente rompa essa estrutura de monop\u00f3lio\", disse. Leia mais.","breadcrumb":{"@id":"https:\/\/www.suno.com.br\/noticias\/petrobras-petr4-petr3-bolsonaro-lira-mourao-privatizacao\/#breadcrumb"},"inLanguage":"pt-BR","potentialAction":[{"@type":"ReadAction","target":["https:\/\/www.suno.com.br\/noticias\/petrobras-petr4-petr3-bolsonaro-lira-mourao-privatizacao\/"]}]},{"@type":"ImageObject","inLanguage":"pt-BR","@id":"https:\/\/www.suno.com.br\/noticias\/petrobras-petr4-petr3-bolsonaro-lira-mourao-privatizacao\/#primaryimage","url":"https:\/\/files.sunoresearch.com.br\/n\/uploads\/2021\/10\/mourao-expo-dubai_mcamgo_abr_021020211818-2_0-scaled.jpg","contentUrl":"https:\/\/files.sunoresearch.com.br\/n\/uploads\/2021\/10\/mourao-expo-dubai_mcamgo_abr_021020211818-2_0-scaled.jpg","width":2560,"height":1707,"caption":"Fala de Mour\u00e3o vem ap\u00f3s declara\u00e7\u00f5es sobre privatiza\u00e7\u00e3o por parte de Bolsonaro e Arthur Lira - Foto: Ag\u00eancia Brasil"},{"@type":"BreadcrumbList","@id":"https:\/\/www.suno.com.br\/noticias\/petrobras-petr4-petr3-bolsonaro-lira-mourao-privatizacao\/#breadcrumb","itemListElement":[{"@type":"ListItem","position":1,"name":"Not\u00edcias","item":"https:\/\/www.suno.com.br\/noticias\/"},{"@type":"ListItem","position":2,"name":"Neg\u00f3cios","item":"https:\/\/www.suno.com.br\/noticias\/negocios\/"},{"@type":"ListItem","position":3,"name":"Petrobras (PETR4): Ap\u00f3s Bolsonaro e Lira, Mour\u00e3o defende privatiza\u00e7\u00e3o e fim do monop\u00f3lio"}]},{"@type":"WebSite","@id":"https:\/\/www.suno.com.br\/noticias\/#website","url":"https:\/\/www.suno.com.br\/noticias\/","name":"Suno Not\u00edcias","description":"Seu portal de informa\u00e7\u00e3o sobre o mundo dos investimentos","publisher":{"@id":"https:\/\/www.suno.com.br\/noticias\/#organization"},"potentialAction":[{"@type":"SearchAction","target":{"@type":"EntryPoint","urlTemplate":"https:\/\/www.suno.com.br\/noticias\/?s={search_term_string}"},"query-input":{"@type":"PropertyValueSpecification","valueRequired":true,"valueName":"search_term_string"}}],"inLanguage":"pt-BR"},{"@type":"Organization","@id":"https:\/\/www.suno.com.br\/noticias\/#organization","name":"Suno Not\u00edcias","url":"https:\/\/www.suno.com.br\/noticias\/","logo":{"@type":"ImageObject","inLanguage":"pt-BR","@id":"https:\/\/www.suno.com.br\/noticias\/#\/schema\/logo\/image\/","url":"https:\/\/files.sunoresearch.com.br\/n\/uploads\/2021\/09\/suno-logo.png","contentUrl":"https:\/\/files.sunoresearch.com.br\/n\/uploads\/2021\/09\/suno-logo.png","width":180,"height":180,"caption":"Suno Not\u00edcias"},"image":{"@id":"https:\/\/www.suno.com.br\/noticias\/#\/schema\/logo\/image\/"},"sameAs":["https:\/\/facebook.com\/sunoresearch","https:\/\/x.com\/sunoresearch","https:\/\/www.instagram.com\/suno","https:\/\/www.linkedin.com\/company\/suno-research\/","https:\/\/www.youtube.com\/c\/sunoresearch"]},{"@type":"Person","@id":"https:\/\/www.suno.com.br\/noticias\/#\/schema\/person\/7f4d362bf3518e76090143ae77bb49a5","name":"Eduardo Vargas","image":{"@type":"ImageObject","inLanguage":"pt-BR","@id":"https:\/\/www.suno.com.br\/noticias\/#\/schema\/person\/image\/","url":"https:\/\/secure.gravatar.com\/avatar\/dac340933427a22924c9f99d1eb2e3f2?s=96&r=g","contentUrl":"https:\/\/secure.gravatar.com\/avatar\/dac340933427a22924c9f99d1eb2e3f2?s=96&r=g","caption":"Eduardo Vargas"},"description":"Jornalista formado pela UFSC, cobre macroeconomia, neg\u00f3cios e startups para o Suno Not\u00edcias, escrevendo principalmente not\u00edcias sobre o mercado financeiro e a bolsa de valores. No YouTube e no Instagram, \u00e9 respons\u00e1vel pela produ\u00e7\u00e3o de Reels e Shorts do Suno Not\u00edcias. Anteriormente, trabalhou cobrindo economia e cotidiano no ND+ e para o ND, maior jornal impresso de Santa Catarina. Cursou um semestre letivo de Estudos de M\u00eddia na Universidad de Buenos Aires.","url":"https:\/\/www.suno.com.br\/noticias\/author\/eduardo-vargas\/"}]}},"default_loop_html":"<div class=\"cardsPage__listCard__boxs\"><div class=\"cardsPage__listCard__boxs__img\"><a href=\"https:\/\/www.suno.com.br\/noticias\/petrobras-petr4-petr3-bolsonaro-lira-mourao-privatizacao\/\"><img class=\"mask\" src=\"https:\/\/www.suno.com.br\/noticias\/wp-content\/themes\/suno\/resources\/images\/spotlight\/spotlight1img\/bg-mask.png\" alt=\"Image Mask\"\/><img src=\"https:\/\/files.sunoresearch.com.br\/n\/uploads\/2021\/10\/mourao-expo-dubai_mcamgo_abr_021020211818-2_0-400x200.jpg\" alt=\"Petrobras (PETR4): Ap\u00f3s Bolsonaro e Lira, Mour\u00e3o defende privatiza\u00e7\u00e3o e fim do monop\u00f3lio\"\/><\/a><span class=\"spotlightCategory\"><a href=\"https:\/\/www.suno.com.br\/noticias\/negocios\/\">Neg\u00f3cios<\/a><\/span><\/div><div class=\"cardsPage__listCard__boxs__content\"><a href=\"https:\/\/www.suno.com.br\/noticias\/petrobras-petr4-petr3-bolsonaro-lira-mourao-privatizacao\/\"><h2 class=\"content__title\">Petrobras (PETR4): Ap\u00f3s Bolsonaro e Lira, Mour\u00e3o defende privatiza\u00e7\u00e3o e fim do monop\u00f3lio<\/h2><\/a><div class=\"newsContent__article__meta\"><div class=\"newsContent__article__meta__authorBox\"><a href=\"https:\/\/www.suno.com.br\/noticias\/author\/eduardo-vargas\/\" class=\"authorBox__avatar noMobi\"><img src=\"https:\/\/secure.gravatar.com\/avatar\/dac340933427a22924c9f99d1eb2e3f2?s=96&#038;r=g\" alt=\"Eduardo Vargas\"><\/a><div class=\"authorBox__name\"><span>por\n\t\t\t<a href=\"https:\/\/www.suno.com.br\/noticias\/author\/eduardo-vargas\/\"><span itemprop=\"author\">Eduardo Vargas<\/span><\/a><\/span><time datetime=\"2021-10-15T13:38:54-03:00\" itemprop=\"datePublished\">15\/10\/2021 13:38<\/time><\/div><\/div><\/div><\/div><\/div>","single_layout":"posts","amp_enabled":true,"_links":{"self":[{"href":"https:\/\/www.suno.com.br\/noticias\/wp-json\/wp\/v2\/posts\/193926"}],"collection":[{"href":"https:\/\/www.suno.com.br\/noticias\/wp-json\/wp\/v2\/posts"}],"about":[{"href":"https:\/\/www.suno.com.br\/noticias\/wp-json\/wp\/v2\/types\/post"}],"author":[{"embeddable":true,"href":"https:\/\/www.suno.com.br\/noticias\/wp-json\/wp\/v2\/users\/73"}],"replies":[{"embeddable":true,"href":"https:\/\/www.suno.com.br\/noticias\/wp-json\/wp\/v2\/comments?post=193926"}],"version-history":[{"count":4,"href":"https:\/\/www.suno.com.br\/noticias\/wp-json\/wp\/v2\/posts\/193926\/revisions"}],"predecessor-version":[{"id":194129,"href":"https:\/\/www.suno.com.br\/noticias\/wp-json\/wp\/v2\/posts\/193926\/revisions\/194129"}],"wp:featuredmedia":[{"embeddable":true,"href":"https:\/\/www.suno.com.br\/noticias\/wp-json\/wp\/v2\/media\/194062"}],"wp:attachment":[{"href":"https:\/\/www.suno.com.br\/noticias\/wp-json\/wp\/v2\/media?parent=193926"}],"wp:term":[{"taxonomy":"category","embeddable":true,"href":"https:\/\/www.suno.com.br\/noticias\/wp-json\/wp\/v2\/categories?post=193926"},{"taxonomy":"post_tag","embeddable":true,"href":"https:\/\/www.suno.com.br\/noticias\/wp-json\/wp\/v2\/tags?post=193926"},{"taxonomy":"suno_strategy","embeddable":true,"href":"https:\/\/www.suno.com.br\/noticias\/wp-json\/wp\/v2\/suno_strategy?post=193926"}],"curies":[{"name":"wp","href":"https:\/\/api.w.org\/{rel}","templated":true}]}}