{"id":193893,"date":"2021-10-14T21:18:14","date_gmt":"2021-10-15T00:18:14","guid":{"rendered":"https:\/\/www.suno.com.br\/noticias\/?p=193893"},"modified":"2021-10-14T22:55:52","modified_gmt":"2021-10-15T01:55:52","slug":"assai-asai3-gpa-pcar3-compra-71-lojas-extra-hiper","status":"publish","type":"post","link":"https:\/\/www.suno.com.br\/noticias\/assai-asai3-gpa-pcar3-compra-71-lojas-extra-hiper\/","title":{"rendered":"GPA (PCAR3) vende 71 lojas do Extra ao Assa\u00ed (ASAI3) e sai do segmento de hipermercados"},"content":{"rendered":"<p>O Assa\u00ed (ASAI3) fechou nesta quinta (14) acordo com o <a class=\"suno-keyword\" href=\"https:\/\/www.suno.com.br\/acoes\/PCAR3\/\" target=\"_blank\" rel=\"noopener\" data-force=\"yes\" data-priority=\"2\"><strong>GPA<\/strong> (PCAR3)<\/a> para a compra de 71 lojas do hipermercado Extra. O valor total da transa\u00e7\u00e3o foi de R$ 5,2 bi. O GPA ficar\u00e1 sem nenhuma unidade com a bandeira do Extra e sair\u00e1 do segmento de hipermercados.<\/p>\t<div class=\"wrapper-featured-image\">\n\t\t<figure class=\"spotlightImg\">\n\n\t\t\t<picture>\n\t\t\t\t<source media=\"(max-width: 768px)\" srcset=\"https:\/\/files.sunoresearch.com.br\/n\/uploads\/2021\/05\/48918538-gestao-impacto_easy-resize.com_-400x200.webp\">\n\t\t\t\t<img loading=\"lazy\" decoding=\"async\" class=\"newsContent__article__imgCapa lazyloadDisabled \" src=\"https:\/\/files.sunoresearch.com.br\/n\/uploads\/2021\/05\/48918538-gestao-impacto_easy-resize.com_-800x450.webp\" width=\"800\" height=\"450\" alt=\"GPA (PCAR3) vende 71 lojas do Extra ao Assa\u00ed (ASAI3) e sai do segmento de hipermercados\" fetchpriority=high \/>\n\t\t\t<\/picture>\n\n\t\t\t<figcaption class=\"wp-caption-text wp-caption-text--show\">Alto endividamento do consumidor piora balan\u00e7os dos supermercados. Foto: Reprodu\u00e7\u00e3o Site.<\/figcaption>\n\t\t<\/figure>\n\t<\/div>\n\n\n\t<p>\n\t\t<a href=\"https:\/\/lp.suno.com.br\/planilha-controle-gastos\/\" target=\"_blank\" data-element=\"shortcode-suno-banner\" title=\"Banner SUNO, clique e saiba mais\">\n\t\t\t<picture>\n\t\t\t\t<source media=\"(max-width: 500px)\" srcset=\"https:\/\/files.sunoresearch.com.br\/n\/uploads\/2023\/03\/400x300-Planilha-controle-de-gastos.png\">\n\t\t\t\t<img class=\"newsContent__article__imgCapa newsContent__article__imgCapa--banner\"\n\t\t\t\t\tsrc=\"https:\/\/files.sunoresearch.com.br\/n\/uploads\/2023\/03\/1420x240-Planilha-controle-de-gastos.png\"\n\t\t\t\t\tdata-promo-id=\"101751\"\t\t\t\t\t\t\t\t\t\twidth='1420' height='240'\t\t\t\t\talt=\"https:\/\/files.sunoresearch.com.br\/n\/uploads\/2023\/03\/1420x240-Planilha-controle-de-gastos.png\"\n\t\t\t\t>\n\t\t\t<\/picture>\n\t\t<\/a>\n\t<\/p>\n\n\n<p>O acordo do P\u00e3o de A\u00e7\u00facar com a Sendas Distribuidora, controladora do Assa\u00ed, inclui um memorando de entendimentos vinculante (MoU), que prev\u00ea a cess\u00e3o ao Assa\u00ed tanto de lojas Extra Hiper em im\u00f3veis pr\u00f3prios como locados de terceiros, al\u00e9m dos respectivos contratos de loca\u00e7\u00e3o &#8211; e pode envolver tamb\u00e9m a aquisi\u00e7\u00e3o pelo Assa\u00ed de certos equipamentos existentes nas lojas.<\/p>\n<p>No <a class=\"suno-keyword\" href=\"https:\/\/www.suno.com.br\/artigos\/fato-relevante\/\" target=\"_blank\" rel=\"noopener\" data-force=\"no\" data-priority=\"1\">fato relevante<\/a>, o Assa\u00ed diz que, do pre\u00e7o total estimado da transa\u00e7\u00e3o, R$ 4 bi dever\u00e3o ser parcelados pelo Assa\u00ed ao GPA, entre dezembro de 2021 e janeiro de 2024.<\/p>\n<p>No comunicado ao mercado, o Assa\u00ed informa que celebrou outro memorando de entendimentos com um<strong> fundo imobili\u00e1rio<\/strong> &#8220;com a interveni\u00eancia e garantia do Assa\u00ed, regulando a aliena\u00e7\u00e3o de 17 (dezessete) im\u00f3veis pr\u00f3prios do P\u00e3o de A\u00e7\u00facar&#8221;.<\/p>\n\t<p>\n\t\t<a href=\"\" target=\"_blank\" data-element=\"shortcode-suno-banner\" title=\"Banner SUNO, clique e saiba mais\">\n\t\t\t<picture>\n\t\t\t\t<source media=\"(max-width: 500px)\" srcset=\"\">\n\t\t\t\t<img class=\"newsContent__article__imgCapa newsContent__article__imgCapa--banner\"\n\t\t\t\t\tsrc=\"\"\n\t\t\t\t\tdata-promo-id=\"89005\"\t\t\t\t\t\t\t\t\t\t\t\t\t\t\talt=\"\"\n\t\t\t\t>\n\t\t\t<\/picture>\n\t\t<\/a>\n\t<\/p>\n\n\n<p>O pre\u00e7o estimado de venda desses im\u00f3veis, diz o Assa\u00ed, \u00e9 de R$ 1,2 bilh\u00e3o e ser\u00e1 pago pelo fundo ao GPA, perfazendo o pre\u00e7o total da transa\u00e7\u00e3o: &#8220;A garantia do Assa\u00ed consiste na obriga\u00e7\u00e3o de pagamento pelos im\u00f3veis caso o fundo n\u00e3o cumpra o prazo acordado. Simultaneamente, Assa\u00ed tamb\u00e9m celebrou outro memorando de entendimentos com o fundo regulando a loca\u00e7\u00e3o, ap\u00f3s a conclus\u00e3o da transa\u00e7\u00e3o, dos im\u00f3veis adquiridos pelo fundo para Assa\u00ed, pelo prazo de 20 anos, renov\u00e1veis por igual prazo.&#8221;<\/p>\n<p>A bandeira Extra Hiper ser\u00e1 descontinuada e as lojas n\u00e3o envolvidas na transa\u00e7\u00e3o ser\u00e3o convertidas em formatos com maior potencial de rentabilidade.<\/p>\n<p>Jorge Fai\u00e7al, CEO do GPA, explica: \u201cA transa\u00e7\u00e3o representa uma oportunidade \u00fanica de intensificar o foco e a acelera\u00e7\u00e3o da expans\u00e3o dos neg\u00f3cios de maior rentabilidade da companhia por meio dos segmentos premium e de proximidade, notadamente com as bandeiras P\u00e3o de A\u00e7\u00facar, Minuto e Mercado Extra, al\u00e9m de refor\u00e7ar a posi\u00e7\u00e3o de lideran\u00e7a do GPA no varejo e e-commerce alimentar no pa\u00eds.&#8221;<\/p>\n\t<p>\n\t\t<a href=\"\" target=\"_blank\" data-element=\"shortcode-suno-banner\" title=\"Banner SUNO, clique e saiba mais\">\n\t\t\t<picture>\n\t\t\t\t<source media=\"(max-width: 500px)\" srcset=\"\">\n\t\t\t\t<img class=\"newsContent__article__imgCapa newsContent__article__imgCapa--banner\"\n\t\t\t\t\tsrc=\"\"\n\t\t\t\t\tdata-promo-id=\"77053\"\t\t\t\t\t\t\t\t\t\t\t\t\t\t\talt=\"\"\n\t\t\t\t>\n\t\t\t<\/picture>\n\t\t<\/a>\n\t<\/p>\n\n\n<h2>Assa\u00ed: Extra tem &#8220;r\u00e1pida matura\u00e7\u00e3o de vendas e resultado superior \u00e0 m\u00e9dia da companhia<\/h2>\n<p>Fai\u00e7al acrescenta: &#8220;O GPA p\u00f3s transa\u00e7\u00e3o representar\u00e1 uma plataforma com grande potencial de crescimento e reduzida alavancagem. A bandeira Extra Hiper ser\u00e1 descontinuada e as lojas n\u00e3o abarcadas pela transa\u00e7\u00e3o ser\u00e3o convertidas em formatos com maior potencial de rentabilidade.\u201d<\/p>\n<p>De acordo com Belmiro Gomes, CEO do Assa\u00ed, \u201ca transa\u00e7\u00e3o permitir\u00e1 uma importante acelera\u00e7\u00e3o da expans\u00e3o combinada ao fortalecimento dos resultados por meio da convers\u00e3o de lojas em pontos comerciais excepcionais, localizados em regi\u00f5es adensadas e com baixa sobreposi\u00e7\u00e3o com a plataforma atual de lojas do Assa\u00ed.&#8221;<\/p>\n<p>O Ceo da <strong>Assa\u00ed<\/strong> diz que &#8220;esse movimento \u00e9 suportado pelo comprovado modelo de sucesso implementado na abertura de mais de 150 lojas na \u00faltima d\u00e9cada, das quais mais de 25 lojas s\u00e3o oriundas do Extra Hiper&#8221;. Ele complementa: &#8220;Essas unidades apresentaram r\u00e1pida matura\u00e7\u00e3o de vendas e resultado superior \u00e0 m\u00e9dia da companhia.\u201d<\/p>\n<p>O GPA e Assa\u00ed s\u00e3o sociedades sob controle comum do grupo Casino.<\/p>\n\t<p>\n\t\t<a href=\"https:\/\/lp.suno.com.br\/planilha-de-controle-de-investimentos\/\" target=\"_blank\" data-element=\"shortcode-suno-banner\" title=\"Banner SUNO, clique e saiba mais\">\n\t\t\t<picture>\n\t\t\t\t<source media=\"(max-width: 500px)\" srcset=\"https:\/\/files.sunoresearch.com.br\/n\/uploads\/2023\/03\/400x300-Controle-de-Investimentos.png\">\n\t\t\t\t<img class=\"newsContent__article__imgCapa newsContent__article__imgCapa--banner\"\n\t\t\t\t\tsrc=\"https:\/\/files.sunoresearch.com.br\/n\/uploads\/2023\/03\/1420x240-Controle-de-Investimentos.png\"\n\t\t\t\t\tdata-promo-id=\"75934\"\t\t\t\t\t\t\t\t\t\twidth='1420' height='240'\t\t\t\t\talt=\"https:\/\/files.sunoresearch.com.br\/n\/uploads\/2023\/03\/1420x240-Controle-de-Investimentos.png\"\n\t\t\t\t>\n\t\t\t<\/picture>\n\t\t<\/a>\n\t<\/p>\n\n\n<p><em>(Com informa\u00e7\u00f5es do Estad\u00e3o Conte\u00fado)<\/em><\/p>\n","protected":false},"excerpt":{"rendered":"<p>O Assa\u00ed (ASAI3) fechou nesta quinta (14) acordo com o GPA (PCAR3) para a compra de 71 lojas do hipermercado Extra. O valor total da transa\u00e7\u00e3o foi de R$ 5,2 bi. O GPA ficar\u00e1 sem nenhuma unidade com a bandeira do Extra e sair\u00e1 do segmento de hipermercados. Alto endividamento do consumidor piora balan\u00e7os dos [&hellip;]<\/p>\n","protected":false},"author":98,"featured_media":144686,"comment_status":"closed","ping_status":"closed","sticky":false,"template":"","format":"standard","meta":[],"categories":[64],"tags":[1187],"suno_strategy":[],"class_list":["post-193893","post","type-post","status-publish","format-standard","has-post-thumbnail","hentry","category-negocios","tag-assai-asai3"],"yoast_head":"<!-- This site is optimized with the Yoast SEO plugin v24.4 - https:\/\/yoast.com\/wordpress\/plugins\/seo\/ -->\n<title>GPA (PCAR3) vende 71 lojas do Extra ao Assa\u00ed (ASAI3) por R$ 5,2 bi<\/title>\n<meta name=\"description\" content=\"O Assa\u00ed (ASAI3) fechou acordo com o GPA (PCAR3) para a compra de 71 lojas do hipermercado Extra. O valor total da transa\u00e7\u00e3o foi de R$ 5,2 bi.\" \/>\n<meta name=\"robots\" content=\"index, follow, max-snippet:-1, max-image-preview:large, max-video-preview:-1\" \/>\n<link rel=\"canonical\" href=\"https:\/\/www.suno.com.br\/noticias\/assai-asai3-gpa-pcar3-compra-71-lojas-extra-hiper\/\" \/>\n<meta property=\"og:locale\" content=\"pt_BR\" \/>\n<meta property=\"og:type\" content=\"article\" \/>\n<meta property=\"og:title\" content=\"GPA (PCAR3) vende 71 lojas do Extra ao Assa\u00ed (ASAI3) por R$ 5,2 bi\" \/>\n<meta property=\"og:description\" content=\"O Assa\u00ed (ASAI3) fechou acordo com o GPA (PCAR3) para a compra de 71 lojas do hipermercado Extra. O valor total da transa\u00e7\u00e3o foi de R$ 5,2 bi.\" \/>\n<meta property=\"og:url\" content=\"https:\/\/www.suno.com.br\/noticias\/assai-asai3-gpa-pcar3-compra-71-lojas-extra-hiper\/\" \/>\n<meta property=\"og:site_name\" content=\"Suno Not\u00edcias\" \/>\n<meta property=\"article:publisher\" content=\"https:\/\/facebook.com\/sunoresearch\" \/>\n<meta property=\"og:image\" content=\"https:\/\/files.sunoresearch.com.br\/n\/uploads\/2021\/05\/48918538-gestao-impacto_easy-resize.com_.jpg\" \/>\n\t<meta property=\"og:image:width\" content=\"1280\" \/>\n\t<meta property=\"og:image:height\" content=\"770\" \/>\n\t<meta property=\"og:image:type\" content=\"image\/jpeg\" \/>\n<meta name=\"author\" content=\"Marco Ant\u00f4nio Lopes\" \/>\n<meta name=\"twitter:card\" content=\"summary_large_image\" \/>\n<meta name=\"twitter:creator\" content=\"@sunoresearch\" \/>\n<meta name=\"twitter:site\" content=\"@sunoresearch\" \/>\n<meta name=\"twitter:label1\" content=\"Escrito por\" \/>\n\t<meta name=\"twitter:data1\" content=\"Marco Ant\u00f4nio Lopes\" \/>\n\t<meta name=\"twitter:label2\" content=\"Est. tempo de leitura\" \/>\n\t<meta name=\"twitter:data2\" content=\"3 minutos\" \/>\n<script type=\"application\/ld+json\" class=\"yoast-schema-graph\">{\"@context\":\"https:\/\/schema.org\",\"@graph\":[{\"@type\":\"NewsArticle\",\"@id\":\"https:\/\/www.suno.com.br\/noticias\/assai-asai3-gpa-pcar3-compra-71-lojas-extra-hiper\/#article\",\"isPartOf\":{\"@id\":\"https:\/\/www.suno.com.br\/noticias\/assai-asai3-gpa-pcar3-compra-71-lojas-extra-hiper\/\"},\"author\":{\"name\":\"Marco Ant\u00f4nio Lopes\",\"@id\":\"https:\/\/www.suno.com.br\/noticias\/#\/schema\/person\/829bbe8d57f84333b966b96229c6bf5f\"},\"headline\":\"GPA (PCAR3) vende 71 lojas do Extra ao Assa\u00ed (ASAI3) e sai do segmento de hipermercados\",\"datePublished\":\"2021-10-15T00:18:14+00:00\",\"dateModified\":\"2021-10-15T01:55:52+00:00\",\"mainEntityOfPage\":{\"@id\":\"https:\/\/www.suno.com.br\/noticias\/assai-asai3-gpa-pcar3-compra-71-lojas-extra-hiper\/\"},\"wordCount\":597,\"publisher\":{\"@id\":\"https:\/\/www.suno.com.br\/noticias\/#organization\"},\"image\":{\"@id\":\"https:\/\/www.suno.com.br\/noticias\/assai-asai3-gpa-pcar3-compra-71-lojas-extra-hiper\/#primaryimage\"},\"thumbnailUrl\":\"https:\/\/files.sunoresearch.com.br\/n\/uploads\/2021\/05\/48918538-gestao-impacto_easy-resize.com_-jpg.webp\",\"keywords\":[\"Assa\u00ed (ASAI3)\"],\"articleSection\":[\"Neg\u00f3cios\"],\"inLanguage\":\"pt-BR\"},{\"@type\":\"WebPage\",\"@id\":\"https:\/\/www.suno.com.br\/noticias\/assai-asai3-gpa-pcar3-compra-71-lojas-extra-hiper\/\",\"url\":\"https:\/\/www.suno.com.br\/noticias\/assai-asai3-gpa-pcar3-compra-71-lojas-extra-hiper\/\",\"name\":\"GPA (PCAR3) vende 71 lojas do Extra ao Assa\u00ed (ASAI3) por R$ 5,2 bi\",\"isPartOf\":{\"@id\":\"https:\/\/www.suno.com.br\/noticias\/#website\"},\"primaryImageOfPage\":{\"@id\":\"https:\/\/www.suno.com.br\/noticias\/assai-asai3-gpa-pcar3-compra-71-lojas-extra-hiper\/#primaryimage\"},\"image\":{\"@id\":\"https:\/\/www.suno.com.br\/noticias\/assai-asai3-gpa-pcar3-compra-71-lojas-extra-hiper\/#primaryimage\"},\"thumbnailUrl\":\"https:\/\/files.sunoresearch.com.br\/n\/uploads\/2021\/05\/48918538-gestao-impacto_easy-resize.com_-jpg.webp\",\"datePublished\":\"2021-10-15T00:18:14+00:00\",\"dateModified\":\"2021-10-15T01:55:52+00:00\",\"description\":\"O Assa\u00ed (ASAI3) fechou acordo com o GPA (PCAR3) para a compra de 71 lojas do hipermercado Extra. O valor total da transa\u00e7\u00e3o foi de R$ 5,2 bi.\",\"breadcrumb\":{\"@id\":\"https:\/\/www.suno.com.br\/noticias\/assai-asai3-gpa-pcar3-compra-71-lojas-extra-hiper\/#breadcrumb\"},\"inLanguage\":\"pt-BR\",\"potentialAction\":[{\"@type\":\"ReadAction\",\"target\":[\"https:\/\/www.suno.com.br\/noticias\/assai-asai3-gpa-pcar3-compra-71-lojas-extra-hiper\/\"]}]},{\"@type\":\"ImageObject\",\"inLanguage\":\"pt-BR\",\"@id\":\"https:\/\/www.suno.com.br\/noticias\/assai-asai3-gpa-pcar3-compra-71-lojas-extra-hiper\/#primaryimage\",\"url\":\"https:\/\/files.sunoresearch.com.br\/n\/uploads\/2021\/05\/48918538-gestao-impacto_easy-resize.com_-jpg.webp\",\"contentUrl\":\"https:\/\/files.sunoresearch.com.br\/n\/uploads\/2021\/05\/48918538-gestao-impacto_easy-resize.com_-jpg.webp\",\"width\":1280,\"height\":770,\"caption\":\"Alto endividamento do consumidor piora balan\u00e7os dos supermercados. Foto: Reprodu\u00e7\u00e3o Site.\"},{\"@type\":\"BreadcrumbList\",\"@id\":\"https:\/\/www.suno.com.br\/noticias\/assai-asai3-gpa-pcar3-compra-71-lojas-extra-hiper\/#breadcrumb\",\"itemListElement\":[{\"@type\":\"ListItem\",\"position\":1,\"name\":\"Not\u00edcias\",\"item\":\"https:\/\/www.suno.com.br\/noticias\/\"},{\"@type\":\"ListItem\",\"position\":2,\"name\":\"Neg\u00f3cios\",\"item\":\"https:\/\/www.suno.com.br\/noticias\/negocios\/\"},{\"@type\":\"ListItem\",\"position\":3,\"name\":\"GPA (PCAR3) vende 71 lojas do Extra ao Assa\u00ed (ASAI3) e sai do segmento de hipermercados\"}]},{\"@type\":\"WebSite\",\"@id\":\"https:\/\/www.suno.com.br\/noticias\/#website\",\"url\":\"https:\/\/www.suno.com.br\/noticias\/\",\"name\":\"Suno Not\u00edcias\",\"description\":\"Seu portal de informa\u00e7\u00e3o sobre o mundo dos investimentos\",\"publisher\":{\"@id\":\"https:\/\/www.suno.com.br\/noticias\/#organization\"},\"potentialAction\":[{\"@type\":\"SearchAction\",\"target\":{\"@type\":\"EntryPoint\",\"urlTemplate\":\"https:\/\/www.suno.com.br\/noticias\/?s={search_term_string}\"},\"query-input\":{\"@type\":\"PropertyValueSpecification\",\"valueRequired\":true,\"valueName\":\"search_term_string\"}}],\"inLanguage\":\"pt-BR\"},{\"@type\":\"Organization\",\"@id\":\"https:\/\/www.suno.com.br\/noticias\/#organization\",\"name\":\"Suno Not\u00edcias\",\"url\":\"https:\/\/www.suno.com.br\/noticias\/\",\"logo\":{\"@type\":\"ImageObject\",\"inLanguage\":\"pt-BR\",\"@id\":\"https:\/\/www.suno.com.br\/noticias\/#\/schema\/logo\/image\/\",\"url\":\"https:\/\/files.sunoresearch.com.br\/n\/uploads\/2021\/09\/suno-logo.png\",\"contentUrl\":\"https:\/\/files.sunoresearch.com.br\/n\/uploads\/2021\/09\/suno-logo.png\",\"width\":180,\"height\":180,\"caption\":\"Suno Not\u00edcias\"},\"image\":{\"@id\":\"https:\/\/www.suno.com.br\/noticias\/#\/schema\/logo\/image\/\"},\"sameAs\":[\"https:\/\/facebook.com\/sunoresearch\",\"https:\/\/x.com\/sunoresearch\",\"https:\/\/www.instagram.com\/suno\",\"https:\/\/www.linkedin.com\/company\/suno-research\/\",\"https:\/\/www.youtube.com\/c\/sunoresearch\"]},{\"@type\":\"Person\",\"@id\":\"https:\/\/www.suno.com.br\/noticias\/#\/schema\/person\/829bbe8d57f84333b966b96229c6bf5f\",\"name\":\"Marco Ant\u00f4nio Lopes\",\"image\":{\"@type\":\"ImageObject\",\"inLanguage\":\"pt-BR\",\"@id\":\"https:\/\/www.suno.com.br\/noticias\/#\/schema\/person\/image\/\",\"url\":\"https:\/\/secure.gravatar.com\/avatar\/385167b012fbc1cde32c5446ee253313?s=96&r=g\",\"contentUrl\":\"https:\/\/secure.gravatar.com\/avatar\/385167b012fbc1cde32c5446ee253313?s=96&r=g\",\"caption\":\"Marco Ant\u00f4nio Lopes\"},\"description\":\"Jornalista, \u00e9 editor no Suno Not\u00edcias. Trabalhou nas revistas Playboy, Super, Veja Comer &amp; Beber, Homem Vogue e Universo Masculino, al\u00e9m dos portais Abril.com, R7, nas editorias de Home, Esportes, Hora 7, Entretenimento e Geral, e Eu Quero Investir. Autor do livro Bruce Lee: Definitivo (Editora Conrad). Colaborou nas revistas Nova, Veja SP, Grandes Guerras, Placar, Bizz, Casa Claudia e Quatro Rodas.\",\"url\":\"https:\/\/www.suno.com.br\/noticias\/author\/marco-lopes\/\"}]}<\/script>\n<!-- \/ Yoast SEO plugin. -->","yoast_head_json":{"title":"GPA (PCAR3) vende 71 lojas do Extra ao Assa\u00ed (ASAI3) por R$ 5,2 bi","description":"O Assa\u00ed (ASAI3) fechou acordo com o GPA (PCAR3) para a compra de 71 lojas do hipermercado Extra. O valor total da transa\u00e7\u00e3o foi de R$ 5,2 bi.","robots":{"index":"index","follow":"follow","max-snippet":"max-snippet:-1","max-image-preview":"max-image-preview:large","max-video-preview":"max-video-preview:-1"},"canonical":"https:\/\/www.suno.com.br\/noticias\/assai-asai3-gpa-pcar3-compra-71-lojas-extra-hiper\/","og_locale":"pt_BR","og_type":"article","og_title":"GPA (PCAR3) vende 71 lojas do Extra ao Assa\u00ed (ASAI3) por R$ 5,2 bi","og_description":"O Assa\u00ed (ASAI3) fechou acordo com o GPA (PCAR3) para a compra de 71 lojas do hipermercado Extra. O valor total da transa\u00e7\u00e3o foi de R$ 5,2 bi.","og_url":"https:\/\/www.suno.com.br\/noticias\/assai-asai3-gpa-pcar3-compra-71-lojas-extra-hiper\/","og_site_name":"Suno Not\u00edcias","article_publisher":"https:\/\/facebook.com\/sunoresearch","og_image":[{"width":1280,"height":770,"url":"https:\/\/files.sunoresearch.com.br\/n\/uploads\/2021\/05\/48918538-gestao-impacto_easy-resize.com_.jpg","type":"image\/jpeg"}],"author":"Marco Ant\u00f4nio Lopes","twitter_card":"summary_large_image","twitter_creator":"@sunoresearch","twitter_site":"@sunoresearch","twitter_misc":{"Escrito por":"Marco Ant\u00f4nio Lopes","Est. tempo de leitura":"3 minutos"},"schema":{"@context":"https:\/\/schema.org","@graph":[{"@type":"NewsArticle","@id":"https:\/\/www.suno.com.br\/noticias\/assai-asai3-gpa-pcar3-compra-71-lojas-extra-hiper\/#article","isPartOf":{"@id":"https:\/\/www.suno.com.br\/noticias\/assai-asai3-gpa-pcar3-compra-71-lojas-extra-hiper\/"},"author":{"name":"Marco Ant\u00f4nio Lopes","@id":"https:\/\/www.suno.com.br\/noticias\/#\/schema\/person\/829bbe8d57f84333b966b96229c6bf5f"},"headline":"GPA (PCAR3) vende 71 lojas do Extra ao Assa\u00ed (ASAI3) e sai do segmento de hipermercados","datePublished":"2021-10-15T00:18:14+00:00","dateModified":"2021-10-15T01:55:52+00:00","mainEntityOfPage":{"@id":"https:\/\/www.suno.com.br\/noticias\/assai-asai3-gpa-pcar3-compra-71-lojas-extra-hiper\/"},"wordCount":597,"publisher":{"@id":"https:\/\/www.suno.com.br\/noticias\/#organization"},"image":{"@id":"https:\/\/www.suno.com.br\/noticias\/assai-asai3-gpa-pcar3-compra-71-lojas-extra-hiper\/#primaryimage"},"thumbnailUrl":"https:\/\/files.sunoresearch.com.br\/n\/uploads\/2021\/05\/48918538-gestao-impacto_easy-resize.com_-jpg.webp","keywords":["Assa\u00ed (ASAI3)"],"articleSection":["Neg\u00f3cios"],"inLanguage":"pt-BR"},{"@type":"WebPage","@id":"https:\/\/www.suno.com.br\/noticias\/assai-asai3-gpa-pcar3-compra-71-lojas-extra-hiper\/","url":"https:\/\/www.suno.com.br\/noticias\/assai-asai3-gpa-pcar3-compra-71-lojas-extra-hiper\/","name":"GPA (PCAR3) vende 71 lojas do Extra ao Assa\u00ed (ASAI3) por R$ 5,2 bi","isPartOf":{"@id":"https:\/\/www.suno.com.br\/noticias\/#website"},"primaryImageOfPage":{"@id":"https:\/\/www.suno.com.br\/noticias\/assai-asai3-gpa-pcar3-compra-71-lojas-extra-hiper\/#primaryimage"},"image":{"@id":"https:\/\/www.suno.com.br\/noticias\/assai-asai3-gpa-pcar3-compra-71-lojas-extra-hiper\/#primaryimage"},"thumbnailUrl":"https:\/\/files.sunoresearch.com.br\/n\/uploads\/2021\/05\/48918538-gestao-impacto_easy-resize.com_-jpg.webp","datePublished":"2021-10-15T00:18:14+00:00","dateModified":"2021-10-15T01:55:52+00:00","description":"O Assa\u00ed (ASAI3) fechou acordo com o GPA (PCAR3) para a compra de 71 lojas do hipermercado Extra. O valor total da transa\u00e7\u00e3o foi de R$ 5,2 bi.","breadcrumb":{"@id":"https:\/\/www.suno.com.br\/noticias\/assai-asai3-gpa-pcar3-compra-71-lojas-extra-hiper\/#breadcrumb"},"inLanguage":"pt-BR","potentialAction":[{"@type":"ReadAction","target":["https:\/\/www.suno.com.br\/noticias\/assai-asai3-gpa-pcar3-compra-71-lojas-extra-hiper\/"]}]},{"@type":"ImageObject","inLanguage":"pt-BR","@id":"https:\/\/www.suno.com.br\/noticias\/assai-asai3-gpa-pcar3-compra-71-lojas-extra-hiper\/#primaryimage","url":"https:\/\/files.sunoresearch.com.br\/n\/uploads\/2021\/05\/48918538-gestao-impacto_easy-resize.com_-jpg.webp","contentUrl":"https:\/\/files.sunoresearch.com.br\/n\/uploads\/2021\/05\/48918538-gestao-impacto_easy-resize.com_-jpg.webp","width":1280,"height":770,"caption":"Alto endividamento do consumidor piora balan\u00e7os dos supermercados. Foto: Reprodu\u00e7\u00e3o Site."},{"@type":"BreadcrumbList","@id":"https:\/\/www.suno.com.br\/noticias\/assai-asai3-gpa-pcar3-compra-71-lojas-extra-hiper\/#breadcrumb","itemListElement":[{"@type":"ListItem","position":1,"name":"Not\u00edcias","item":"https:\/\/www.suno.com.br\/noticias\/"},{"@type":"ListItem","position":2,"name":"Neg\u00f3cios","item":"https:\/\/www.suno.com.br\/noticias\/negocios\/"},{"@type":"ListItem","position":3,"name":"GPA (PCAR3) vende 71 lojas do Extra ao Assa\u00ed (ASAI3) e sai do segmento de hipermercados"}]},{"@type":"WebSite","@id":"https:\/\/www.suno.com.br\/noticias\/#website","url":"https:\/\/www.suno.com.br\/noticias\/","name":"Suno Not\u00edcias","description":"Seu portal de informa\u00e7\u00e3o sobre o mundo dos investimentos","publisher":{"@id":"https:\/\/www.suno.com.br\/noticias\/#organization"},"potentialAction":[{"@type":"SearchAction","target":{"@type":"EntryPoint","urlTemplate":"https:\/\/www.suno.com.br\/noticias\/?s={search_term_string}"},"query-input":{"@type":"PropertyValueSpecification","valueRequired":true,"valueName":"search_term_string"}}],"inLanguage":"pt-BR"},{"@type":"Organization","@id":"https:\/\/www.suno.com.br\/noticias\/#organization","name":"Suno Not\u00edcias","url":"https:\/\/www.suno.com.br\/noticias\/","logo":{"@type":"ImageObject","inLanguage":"pt-BR","@id":"https:\/\/www.suno.com.br\/noticias\/#\/schema\/logo\/image\/","url":"https:\/\/files.sunoresearch.com.br\/n\/uploads\/2021\/09\/suno-logo.png","contentUrl":"https:\/\/files.sunoresearch.com.br\/n\/uploads\/2021\/09\/suno-logo.png","width":180,"height":180,"caption":"Suno Not\u00edcias"},"image":{"@id":"https:\/\/www.suno.com.br\/noticias\/#\/schema\/logo\/image\/"},"sameAs":["https:\/\/facebook.com\/sunoresearch","https:\/\/x.com\/sunoresearch","https:\/\/www.instagram.com\/suno","https:\/\/www.linkedin.com\/company\/suno-research\/","https:\/\/www.youtube.com\/c\/sunoresearch"]},{"@type":"Person","@id":"https:\/\/www.suno.com.br\/noticias\/#\/schema\/person\/829bbe8d57f84333b966b96229c6bf5f","name":"Marco Ant\u00f4nio Lopes","image":{"@type":"ImageObject","inLanguage":"pt-BR","@id":"https:\/\/www.suno.com.br\/noticias\/#\/schema\/person\/image\/","url":"https:\/\/secure.gravatar.com\/avatar\/385167b012fbc1cde32c5446ee253313?s=96&r=g","contentUrl":"https:\/\/secure.gravatar.com\/avatar\/385167b012fbc1cde32c5446ee253313?s=96&r=g","caption":"Marco Ant\u00f4nio Lopes"},"description":"Jornalista, \u00e9 editor no Suno Not\u00edcias. Trabalhou nas revistas Playboy, Super, Veja Comer &amp; Beber, Homem Vogue e Universo Masculino, al\u00e9m dos portais Abril.com, R7, nas editorias de Home, Esportes, Hora 7, Entretenimento e Geral, e Eu Quero Investir. Autor do livro Bruce Lee: Definitivo (Editora Conrad). Colaborou nas revistas Nova, Veja SP, Grandes Guerras, Placar, Bizz, Casa Claudia e Quatro Rodas.","url":"https:\/\/www.suno.com.br\/noticias\/author\/marco-lopes\/"}]}},"default_loop_html":"<div class=\"cardsPage__listCard__boxs\"><div class=\"cardsPage__listCard__boxs__img\"><a href=\"https:\/\/www.suno.com.br\/noticias\/assai-asai3-gpa-pcar3-compra-71-lojas-extra-hiper\/\"><img class=\"mask\" src=\"https:\/\/www.suno.com.br\/noticias\/wp-content\/themes\/suno\/resources\/images\/spotlight\/spotlight1img\/bg-mask.png\" alt=\"Image Mask\"\/><img src=\"https:\/\/files.sunoresearch.com.br\/n\/uploads\/2021\/05\/48918538-gestao-impacto_easy-resize.com_-400x200.webp\" alt=\"GPA (PCAR3) vende 71 lojas do Extra ao Assa\u00ed (ASAI3) e sai do segmento de hipermercados\"\/><\/a><span class=\"spotlightCategory\"><a href=\"https:\/\/www.suno.com.br\/noticias\/negocios\/\">Neg\u00f3cios<\/a><\/span><\/div><div class=\"cardsPage__listCard__boxs__content\"><a href=\"https:\/\/www.suno.com.br\/noticias\/assai-asai3-gpa-pcar3-compra-71-lojas-extra-hiper\/\"><h2 class=\"content__title\">GPA (PCAR3) vende 71 lojas do Extra ao Assa\u00ed (ASAI3) e sai do segmento de hipermercados<\/h2><\/a><div class=\"newsContent__article__meta\"><div class=\"newsContent__article__meta__authorBox\"><a href=\"https:\/\/www.suno.com.br\/noticias\/author\/marco-lopes\/\" class=\"authorBox__avatar noMobi\"><img src=\"https:\/\/secure.gravatar.com\/avatar\/385167b012fbc1cde32c5446ee253313?s=96&#038;r=g\" alt=\"Marco Ant\u00f4nio Lopes\"><\/a><div class=\"authorBox__name\"><span>por\n\t\t\t<a href=\"https:\/\/www.suno.com.br\/noticias\/author\/marco-lopes\/\"><span itemprop=\"author\">Marco Ant\u00f4nio Lopes<\/span><\/a><\/span><time datetime=\"2021-10-14T21:18:14-03:00\" itemprop=\"datePublished\">14\/10\/2021 21:18<\/time><\/div><\/div><\/div><\/div><\/div>","single_layout":"posts","amp_enabled":true,"_links":{"self":[{"href":"https:\/\/www.suno.com.br\/noticias\/wp-json\/wp\/v2\/posts\/193893"}],"collection":[{"href":"https:\/\/www.suno.com.br\/noticias\/wp-json\/wp\/v2\/posts"}],"about":[{"href":"https:\/\/www.suno.com.br\/noticias\/wp-json\/wp\/v2\/types\/post"}],"author":[{"embeddable":true,"href":"https:\/\/www.suno.com.br\/noticias\/wp-json\/wp\/v2\/users\/98"}],"replies":[{"embeddable":true,"href":"https:\/\/www.suno.com.br\/noticias\/wp-json\/wp\/v2\/comments?post=193893"}],"version-history":[{"count":3,"href":"https:\/\/www.suno.com.br\/noticias\/wp-json\/wp\/v2\/posts\/193893\/revisions"}],"predecessor-version":[{"id":193939,"href":"https:\/\/www.suno.com.br\/noticias\/wp-json\/wp\/v2\/posts\/193893\/revisions\/193939"}],"wp:featuredmedia":[{"embeddable":true,"href":"https:\/\/www.suno.com.br\/noticias\/wp-json\/wp\/v2\/media\/144686"}],"wp:attachment":[{"href":"https:\/\/www.suno.com.br\/noticias\/wp-json\/wp\/v2\/media?parent=193893"}],"wp:term":[{"taxonomy":"category","embeddable":true,"href":"https:\/\/www.suno.com.br\/noticias\/wp-json\/wp\/v2\/categories?post=193893"},{"taxonomy":"post_tag","embeddable":true,"href":"https:\/\/www.suno.com.br\/noticias\/wp-json\/wp\/v2\/tags?post=193893"},{"taxonomy":"suno_strategy","embeddable":true,"href":"https:\/\/www.suno.com.br\/noticias\/wp-json\/wp\/v2\/suno_strategy?post=193893"}],"curies":[{"name":"wp","href":"https:\/\/api.w.org\/{rel}","templated":true}]}}