{"id":193830,"date":"2021-10-14T22:02:31","date_gmt":"2021-10-15T01:02:31","guid":{"rendered":"https:\/\/www.suno.com.br\/noticias\/?p=193830"},"modified":"2021-10-14T22:02:31","modified_gmt":"2021-10-15T01:02:31","slug":"radar-itau-itub4-gpa-pcar3-rzag11-fiagro-b3-b3sa3","status":"publish","type":"post","link":"https:\/\/www.suno.com.br\/noticias\/radar-itau-itub4-gpa-pcar3-rzag11-fiagro-b3-b3sa3\/","title":{"rendered":"Radar: Ita\u00fa (ITUB4) anuncia JCP, GPA (PCAR3) vende lojas do Extra ao Assa\u00ed (ASAI3) e RZAG11 \u00e9 o primeiro Fiagro negociado na B3 (B3SA3)"},"content":{"rendered":"<p>o<a href=\"https:\/\/www.suno.com.br\/acoes\/itub4\/\"><strong>\u00a0Ita\u00fa <\/strong>(ITUB4)<\/a> pagar\u00e1 R$ 0,01765 por a\u00e7\u00e3o, em juros sobre capital pr\u00f3prio (JCP).\u00a0Os pagamentos ocorrer\u00e3o em 1\u00ba de dezembro de 2021 e 3 de janeiro de 2022.<\/p>\t<div class=\"wrapper-featured-image\">\n\t\t<figure class=\"spotlightImg\">\n\n\t\t\t<picture>\n\t\t\t\t<source media=\"(max-width: 768px)\" srcset=\"https:\/\/files.sunoresearch.com.br\/n\/uploads\/2021\/04\/203c1ad8-itau-3-400x200.webp\">\n\t\t\t\t<img loading=\"lazy\" decoding=\"async\" class=\"newsContent__article__imgCapa lazyloadDisabled \" src=\"https:\/\/files.sunoresearch.com.br\/n\/uploads\/2021\/04\/203c1ad8-itau-3-800x450.webp\" width=\"800\" height=\"450\" alt=\"Radar: Ita\u00fa (ITUB4) anuncia JCP, GPA (PCAR3) vende lojas do Extra ao Assa\u00ed (ASAI3) e RZAG11 \u00e9 o primeiro Fiagro negociado na B3 (B3SA3)\" fetchpriority=high \/>\n\t\t\t<\/picture>\n\n\t\t\t<figcaption class=\"wp-caption-text wp-caption-text--show\">Ita\u00fa (ITUB4)  Foto: Reprodu\u00e7\u00e3o Site Ita\u00fa<\/figcaption>\n\t\t<\/figure>\n\t<\/div>\n\n\n\t<p>\n\t\t<a href=\"https:\/\/lp.suno.com.br\/planilha-controle-gastos\/\" target=\"_blank\" data-element=\"shortcode-suno-banner\" title=\"Banner SUNO, clique e saiba mais\">\n\t\t\t<picture>\n\t\t\t\t<source media=\"(max-width: 500px)\" srcset=\"https:\/\/files.sunoresearch.com.br\/n\/uploads\/2023\/03\/400x300-Planilha-controle-de-gastos.png\">\n\t\t\t\t<img class=\"newsContent__article__imgCapa newsContent__article__imgCapa--banner\"\n\t\t\t\t\tsrc=\"https:\/\/files.sunoresearch.com.br\/n\/uploads\/2023\/03\/1420x240-Planilha-controle-de-gastos.png\"\n\t\t\t\t\tdata-promo-id=\"101751\"\t\t\t\t\t\t\t\t\t\twidth='1420' height='240'\t\t\t\t\talt=\"https:\/\/files.sunoresearch.com.br\/n\/uploads\/2023\/03\/1420x240-Planilha-controle-de-gastos.png\"\n\t\t\t\t>\n\t\t\t<\/picture>\n\t\t<\/a>\n\t<\/p>\n\n\n<p>O Ita\u00fa informou que a aprova\u00e7\u00e3o do <strong>JCP<\/strong> acontece em substitui\u00e7\u00e3o ao<strong> dividendo mensal<\/strong> de novembro e dezembro. Para o pagamento, ser\u00e3o consideradas as posi\u00e7\u00f5es acion\u00e1rias dos dia 29 de outubro e 30 de novembro, com os pap\u00e9is negociados &#8220;ex-juros&#8221; em 1\u00ba de novembro e 1\u00ba de dezembro. O pagamento do JCP ter\u00e1 juros l\u00edquidos de R$ 0,015 por a\u00e7\u00e3o, com a reten\u00e7\u00e3o de 15% de imposto de renda na fonte.<\/p>\n<p>Al\u00e9m disso, a empresa comunica que aprovou hoje o pagamento de <strong>JCP complementar,<\/strong> no valor de R$ 0,264551 por a\u00e7\u00e3o e juros l\u00edquidos de R$ 0,224868\u00a0 por a\u00e7\u00e3o, &#8220;resultando no montante total de R$ 2.199 milh\u00f5es a ser distribu\u00eddo l\u00edquido de impostos, que ser\u00e1 pago at\u00e9 30.04.2022, cr\u00e9dito cont\u00e1bil no dia 26.11.2021, tendo como base de c\u00e1lculo a posi\u00e7\u00e3o acion\u00e1ria final registrada no dia 19.11.2021, com suas a\u00e7\u00f5es negociadas \u201cex-direito\u201d a partir do dia 22.11.2021&#8221;.<\/p>\n\t<p>\n\t\t<a href=\"https:\/\/lp.suno.com.br\/planilha-da-vida-financeira\/\" target=\"_blank\" data-element=\"shortcode-suno-banner\" title=\"Banner SUNO, clique e saiba mais\">\n\t\t\t<picture>\n\t\t\t\t<source media=\"(max-width: 500px)\" srcset=\"https:\/\/files.sunoresearch.com.br\/n\/uploads\/2023\/04\/400x300-Planilha-vida-financeira-true.png\">\n\t\t\t\t<img class=\"newsContent__article__imgCapa newsContent__article__imgCapa--banner\"\n\t\t\t\t\tsrc=\"https:\/\/files.sunoresearch.com.br\/n\/uploads\/2023\/04\/1420x240-Planilha-vida-financeira-true.png\"\n\t\t\t\t\tdata-promo-id=\"106682\"\t\t\t\t\t\t\t\t\t\twidth='1420' height='240'\t\t\t\t\talt=\"https:\/\/files.sunoresearch.com.br\/n\/uploads\/2023\/04\/1420x240-Planilha-vida-financeira-true.png\"\n\t\t\t\t>\n\t\t\t<\/picture>\n\t\t<\/a>\n\t<\/p>\n\n\n<p>Al\u00e9m do <strong>JCP do Ita\u00fa<\/strong>, veja outras empresas que ficaram no radar nessa quinta-feira:<\/p>\n<h2>GPA (PCAR3) vende 71 lojas do Extra ao Assa\u00ed (ASAI3) por R$ 5,2 bi e sai do segmento de hipermercados<\/h2>\n<ul>\n<li>O Assa\u00ed (ASAI3) fechou nesta quinta (14) acordo com o <a class=\"suno-keyword\" href=\"https:\/\/www.suno.com.br\/acoes\/PCAR3\/\" target=\"_blank\" rel=\"noopener\" data-force=\"yes\" data-priority=\"2\"><strong>GPA<\/strong> (PCAR3)<\/a> para a compra de 71 lojas do hipermercado Extra. O valor total da transa\u00e7\u00e3o foi de R$ 5,2 bi. O GPA ficar\u00e1 sem nenhuma unidade com a bandeira do Extra e sair\u00e1 do segmento de hipermercados.<\/li>\n<li>O acordo do GPA com a Sendas Distribuidora, controladora do Assa\u00ed, inclui um memorando de entendimentos vinculante (MoU), que prev\u00ea a cess\u00e3o ao Assa\u00ed tanto de lojas Extra Hiper em im\u00f3veis pr\u00f3prios como locados de terceiros, al\u00e9m dos respectivos contratos de loca\u00e7\u00e3o &#8211; e pode envolver tamb\u00e9m a aquisi\u00e7\u00e3o pelo Assa\u00ed de certos equipamentos existentes nas lojas.<\/li>\n<li>No <a class=\"suno-keyword\" href=\"https:\/\/www.suno.com.br\/artigos\/fato-relevante\/\" target=\"_blank\" rel=\"noopener\" data-force=\"no\" data-priority=\"1\">fato relevante<\/a>, o Assa\u00ed diz que, do pre\u00e7o total estimado da transa\u00e7\u00e3o, R$ 4 bi dever\u00e3o ser parcelados pelo Assa\u00ed ao GPA, entre dezembro de 2021 e janeiro de 2024.<\/li>\n<li>No comunicado ao mercado, o Assa\u00ed informa que celebrou outro memorando de entendimentos com um<strong> fundo imobili\u00e1rio<\/strong> &#8220;com a interveni\u00eancia e garantia do Assa\u00ed, regulando a aliena\u00e7\u00e3o de 17 (dezessete) im\u00f3veis pr\u00f3prios do P\u00e3o de A\u00e7\u00facar&#8221;.<\/li>\n<li>O pre\u00e7o estimado de venda desses im\u00f3veis, diz o Assa\u00ed, \u00e9 de R$ 1,2 bilh\u00e3o e ser\u00e1 pago pelo fundo ao GPA, perfazendo o pre\u00e7o total da transa\u00e7\u00e3o: &#8220;A garantia do Assa\u00ed consiste na obriga\u00e7\u00e3o de pagamento pelos im\u00f3veis caso o fundo n\u00e3o cumpra o prazo acordado. Simultaneamente, Assa\u00ed tamb\u00e9m celebrou outro memorando de entendimentos com o fundo regulando a loca\u00e7\u00e3o, ap\u00f3s a conclus\u00e3o da transa\u00e7\u00e3o, dos im\u00f3veis adquiridos pelo fundo para Assa\u00ed, pelo prazo de 20 anos, renov\u00e1veis por igual prazo.&#8221;<\/li>\n<li>A bandeira Extra Hiper ser\u00e1 descontinuada e as lojas n\u00e3o envolvidas na transa\u00e7\u00e3o ser\u00e3o convertidas em formatos com maior potencial de rentabilidade.<\/li>\n<\/ul>\n<h2>Vibra (BRDT3), ex-BR Distribuidora, mudar\u00e1 de ticker<\/h2>\n<ul>\n<li>A <a href=\"https:\/\/www.suno.com.br\/acoes\/BRDT3\/\"><strong>Vibra<\/strong> Energia (BRDT3)<\/a>, antiga BR Distribuidora, aprovou a altera\u00e7\u00e3o do seu nome de preg\u00e3o para Vibra em substitui\u00e7\u00e3o \u00e0 Petrobras BR,<\/li>\n<li>Por isso, a partir do dia 22 de outubro, as a\u00e7\u00f5es da companhia passar\u00e3o a ser negociadas na B3 sob o c\u00f3digo <strong>VVBR3<\/strong>, em substitui\u00e7\u00e3o ao c\u00f3digo atual <strong>BRDT3<\/strong>.<\/li>\n<li>A Vibra explica que &#8220;o novo posicionamento da marca institucional, nova assinatura corporativa e agora a altera\u00e7\u00e3o do ticker para <strong>VBBR3<\/strong>\u00a0t\u00eam como direcionadores de sua nova marca: orienta\u00e7\u00e3o ao cliente; confian\u00e7a que conecta; parcerias genu\u00ednas; e evolu\u00e7\u00e3o constante.&#8221;<\/li>\n<\/ul>\n\t<p>\n\t\t<a href=\"https:\/\/lp.suno.com.br\/ebook-como-analisar-uma-acao\/\" target=\"_blank\" data-element=\"shortcode-suno-banner\" title=\"Banner SUNO, clique e saiba mais\">\n\t\t\t<picture>\n\t\t\t\t<source media=\"(max-width: 500px)\" srcset=\"https:\/\/files.sunoresearch.com.br\/n\/uploads\/2023\/03\/Ebook-Acoes-Mobile-1.jpg\">\n\t\t\t\t<img class=\"newsContent__article__imgCapa newsContent__article__imgCapa--banner\"\n\t\t\t\t\tsrc=\"https:\/\/files.sunoresearch.com.br\/n\/uploads\/2023\/03\/Ebook-Acoes-Desktop-1.jpg\"\n\t\t\t\t\tdata-promo-id=\"171998\"\t\t\t\t\t\t\t\t\t\twidth='1420' height='286'\t\t\t\t\talt=\"https:\/\/files.sunoresearch.com.br\/n\/uploads\/2023\/03\/Ebook-Acoes-Desktop-1.jpg\"\n\t\t\t\t>\n\t\t\t<\/picture>\n\t\t<\/a>\n\t<\/p>\n\n\n<h2>Cosan (CSAN3) tem compra de participa\u00e7\u00e3o adicional na Radar aprovada pelo Cade<\/h2>\n<ul>\n<li>Em nova decis\u00e3o, a Superintend\u00eancia-Geral do Conselho Administrativo de Defesa Econ\u00f4mica (Cade) aprovou a compra da participa\u00e7\u00e3o adicional da Cosan (CSAN3) na Radar \u2013 gestora de propriedades agr\u00edcolas, com capacidade para investir em ativos com alto potencial produtivo no Brasil.<\/li>\n<li>A decis\u00e3o do Cade se deu sem restri\u00e7\u00f5es.<\/li>\n<li>A Radar atualmente \u00e9 detida pela Mansilla, holding pertencente a um grupo de empresas controladas pelo Teachers Insurance and Annuity Association of America (TIAA).<\/li>\n<li>O neg\u00f3cio contempla ainda a aquisi\u00e7\u00e3o, pela Cosan, de a\u00e7\u00f5es em sete Sociedades de Prop\u00f3sito Espec\u00edfico da Mansilla: Nova Agr\u00edcola, Nova Amaralina, Santa B\u00e1rbara, Ponte Alta, Castanheira, Manac\u00e1 e Paineira.<\/li>\n<li>Com o fechamento do neg\u00f3cio, a Cosan passar\u00e1 a deter mais de 50% do total do capital social da Radar.<\/li>\n<\/ul>\n<h2>Subsidi\u00e1ria da EDP Brasil (ENBR3) arremata leil\u00e3o da Celg T (GO) por R$ 1,9 bi<\/h2>\n<ul>\n<li>A Pequena Central Hidrel\u00e9trica, subsidi\u00e1ria da <strong>EDP<\/strong> Brasil (ENBR3), arrematou\u00a0 em leil\u00e3o na B3 (B3SA3) os ativos da estatal de transmiss\u00e3o de energia el\u00e9trica de Goi\u00e1s Celg T por R$ 1,977 bilh\u00e3o.<\/li>\n<li>A empresa foi vendida por um valor 80% superior ao pre\u00e7o inicial, de R$ 1,097 bilh\u00e3o.<\/li>\n<li>Participaram do leil\u00e3o a Isa Cteep (TRPL4), Cymi e a MEZ Energia.<\/li>\n<li>Com a aquisi\u00e7\u00e3o, a EDP Brasil passar\u00e1 a administrar um total de 755,5 quil\u00f4metros em linhas de transmiss\u00e3o e 11 subesta\u00e7\u00f5es conectadas ao <a class=\"suno-keyword\" href=\"https:\/\/www.suno.com.br\/artigos\/sistema-interligado-nacional\/\" target=\"_blank\" rel=\"noopener\" data-force=\"no\" data-priority=\"1\">Sistema Interligado Nacional<\/a> (SIN), nos Estados de Goi\u00e1s, Mato Grosso do Sul e Distrito Federal. Elas garantem uma Receita Anual Permitida (RAP) de R$ 238 milh\u00f5es.<\/li>\n<\/ul>\n\t<p>\n\t\t<a href=\"https:\/\/lp.suno.com.br\/planilha-de-controle-de-investimentos\/\" target=\"_blank\" data-element=\"shortcode-suno-banner\" title=\"Banner SUNO, clique e saiba mais\">\n\t\t\t<picture>\n\t\t\t\t<source media=\"(max-width: 500px)\" srcset=\"https:\/\/files.sunoresearch.com.br\/n\/uploads\/2023\/03\/400x300-Controle-de-Investimentos.png\">\n\t\t\t\t<img class=\"newsContent__article__imgCapa newsContent__article__imgCapa--banner\"\n\t\t\t\t\tsrc=\"https:\/\/files.sunoresearch.com.br\/n\/uploads\/2023\/03\/1420x240-Controle-de-Investimentos.png\"\n\t\t\t\t\tdata-promo-id=\"75934\"\t\t\t\t\t\t\t\t\t\twidth='1420' height='240'\t\t\t\t\talt=\"https:\/\/files.sunoresearch.com.br\/n\/uploads\/2023\/03\/1420x240-Controle-de-Investimentos.png\"\n\t\t\t\t>\n\t\t\t<\/picture>\n\t\t<\/a>\n\t<\/p>\n\n\n<h2>Lavvi (LAVV3): lan\u00e7amentos no 3T21 somam R$ 331 mi e vendas l\u00edquidas saltam 469%<\/h2>\n<ul>\n<li>Os lan\u00e7amentos da <a href=\"https:\/\/www.suno.com.br\/noticias\/lavvi-subsidiaria-cyrela-ipo\/\"><strong>Lavvi<\/strong> (LAVV3)<\/a> no terceiro trimestre deste ano somaram R$ 331 milh\u00f5es, como mostra a pr\u00e9via operacional divulgada pela companhia.<\/li>\n<li>Al\u00e9m disso, as <strong>vendas l\u00edquidas<\/strong> da companhia entre julho e setembro somaram R$ 192 milh\u00f5es, o que representa um salto de 469% em compara\u00e7\u00e3o ao mesmo per\u00edodo em 2020.<\/li>\n<li>Excluindo permutas e comiss\u00f5es, as <strong>vendas l\u00edquidas da Lavvi<\/strong> totalizaram R$ 120 milh\u00f5es no per\u00edodo, alta de 545% em rela\u00e7\u00e3o ao terceiro trimestre do ano passado, mas uma queda de 70% em rela\u00e7\u00e3o ao segundo trimestre desse ano.<\/li>\n<li>Segundo a companhia, entre julho e setembro, foram distratadas 11 unidades, somando um <strong>VGV<\/strong> de R$ 16 milh\u00f5es. No entanto, 6 unidades foram revendidas ainda no terceiro trimestre.<\/li>\n<li>O indicador de vendas sobre oferta (<strong>VSO<\/strong>) foi de 27% no trimestre encerrado em setembro, ante 20% um ano antes.<\/li>\n<li>Em rela\u00e7\u00e3o aos <strong>estoques<\/strong>, a companhia explica que ao final do m\u00eas passado, o estoque a <a class=\"suno-keyword\" href=\"https:\/\/www.suno.com.br\/artigos\/valor-de-mercado\/\" target=\"_blank\" rel=\"noopener\" data-force=\"no\" data-priority=\"1\">valor de mercado<\/a> era de R$ 504 milh\u00f5es, correspondendo a 536 unidades.<\/li>\n<li>J\u00e1 sobre <strong>landbanks<\/strong>, durante o trimestre passado a companhia adquiriu um na cidade de S\u00e3o Paulo, totalizando um VGV potencial de R$ 665 milh\u00f5es.<\/li>\n<\/ul>\n<h2>RZAG11: B3 (B3SA3) inicia negocia\u00e7\u00e3o do primeiro Fiagro<\/h2>\n<ul>\n<li>As cotas do Fundo Riza Agro-Fiagro Imobili\u00e1rio (RZAG11) come\u00e7aram a ser negociadas na Bolsa de Valores de S\u00e3o Paulo (B3) nesta quinta-feira (14).<\/li>\n<li>Gerido pela Riza Asset,\u00a0 \u00e9 o primeiro <a href=\"https:\/\/www.suno.com.br\/artigos\/fiagro\/\">fundo de investimento nas cadeias produtivas agroindustriais (<strong>Fiagro<\/strong>) <\/a>na Bolsa.<\/li>\n<li>Por meio do <strong>Fiagro RZAG11<\/strong>, os investidores poder\u00e3o optar pelo setor do agroneg\u00f3cio e nas cadeias produtivas agr\u00edcolas.<\/li>\n<\/ul>\n<h2>PagSeguro (PAGS34) e Nubank est\u00e3o na mira de regula\u00e7\u00e3o do BC sobre taxas<\/h2>\n<ul>\n<li>A consulta p\u00fablica do <a class=\"suno-keyword\" href=\"https:\/\/www.suno.com.br\/artigos\/bacen\/\" target=\"_blank\" rel=\"noopener\" data-force=\"no\" data-priority=\"3\">Banco Central (BC)<\/a> para mudar regras sobre a tarifa de interc\u00e2mbio (TIC) e o prazo de liquida\u00e7\u00e3o de opera\u00e7\u00f5es de cart\u00f5es pr\u00e9-pagos \u00e0s dos cart\u00f5es de d\u00e9bito estrangulou a a\u00e7\u00e3o do <strong>PagSeguro<\/strong> (PAGS34) na Nasdaq e pode pegar o Nubank no contrap\u00e9 &#8212; \u00e0s v\u00e9speras da oferta p\u00fablica inicial de a\u00e7\u00f5es (IPO, na sigla em ingl\u00eas) do banco digital.<\/li>\n<li>A proposta da autoridade monet\u00e1ria \u00e9 de limitar a 0,5% a tarifa de interc\u00e2mbio (TIC) aplicada em em qualquer transa\u00e7\u00e3o de cart\u00f5es de d\u00e9bito e pr\u00e9-pagos e vedar\u00a0 prazos m\u00e1ximos diferentes para disponibiliza\u00e7\u00e3o de recursos ao recebedor. A medida pegaria em cheio a opera\u00e7\u00e3o do PagSeguro.<\/li>\n<li>De acordo com relat\u00f3rio recente do Goldman Sachs, o limite sobre o interc\u00e2mbio pr\u00e9-pago impactaria as receitas da empresa de servi\u00e7os financeiros em cerca de 3% e os ganhos antes de impostos em cerca de 13%.<\/li>\n<\/ul>\n<h2>CVC (CVCB3) restaura site 12 dias ap\u00f3s ataque hacker<\/h2>\n<ul>\n<li>A <a class=\"suno-keyword\" href=\"https:\/\/www.suno.com.br\/acoes\/CVCB3\/\" target=\"_blank\" rel=\"noopener\" data-force=\"yes\" data-priority=\"2\"><strong>CVC<\/strong> (CVCB3)<\/a> informou que &#8220;obteve significativos progressos&#8221; na restaura\u00e7\u00e3o do seu site, que estava inoperrante ap\u00f3s a companhia de viagens sofrer um ataque hacker.<\/li>\n<li>A informa\u00e7\u00e3o de que a CVC sofreu um\u00a0<strong>ataque hacker<\/strong> <a href=\"https:\/\/www.suno.com.br\/noticias\/cvc-cvcb3-e-vitima-de-ataque-hacker-site-esta-inoperante\/\">veio a p\u00fablico no dia 3<\/a>, por meio de nota enviada \u00e0 imprensa.<\/li>\n<li>&#8220;<a href=\"https:\/\/www.suno.com.br\/artigos\/acionista-controlador\/\">A CVC Corp lamenta o ocorrido e<\/a>, em nome da transpar\u00eancia com clientes, colaboradores, parceiros, franqueados e com o mercado, manter\u00e1 comunica\u00e7\u00f5es subsequentes assim que mais informa\u00e7\u00f5es forem apuradas\u201d, escreveu a empresa na nota enviada em que confirmou ter sofrido o ataque hacker&#8221;, disse a companhia na sua nota.<\/li>\n<li>Agora, a CVC reitera que permanece focada em seguir com a recupera\u00e7\u00e3o ap\u00f3s o incidente, aplicando todos os controles de seguran\u00e7a e garantindo maior robustez nos seus ambientes de tecnologia.<\/li>\n<\/ul>\n<p>Do <strong>Ita\u00fa <\/strong>\u00e0 CVC, essas foram as empresas que se destacaram hoje. Para ler todas as mat\u00e9rias <a href=\"https:\/\/www.suno.com.br\/noticias\/\">clique aqui<\/a>.<\/p>\n\t<p>\n\t\t<a href=\"\" target=\"_blank\" data-element=\"shortcode-suno-banner\" title=\"Banner SUNO, clique e saiba mais\">\n\t\t\t<picture>\n\t\t\t\t<source media=\"(max-width: 500px)\" srcset=\"\">\n\t\t\t\t<img class=\"newsContent__article__imgCapa newsContent__article__imgCapa--banner\"\n\t\t\t\t\tsrc=\"\"\n\t\t\t\t\tdata-promo-id=\"184190\"\t\t\t\t\t\t\t\t\t\t\t\t\t\t\talt=\"\"\n\t\t\t\t>\n\t\t\t<\/picture>\n\t\t<\/a>\n\t<\/p>\n\n\n","protected":false},"excerpt":{"rendered":"<p>o\u00a0Ita\u00fa (ITUB4) pagar\u00e1 R$ 0,01765 por a\u00e7\u00e3o, em juros sobre capital pr\u00f3prio (JCP).\u00a0Os pagamentos ocorrer\u00e3o em 1\u00ba de dezembro de 2021 e 3 de janeiro de 2022. Ita\u00fa (ITUB4) Foto: Reprodu\u00e7\u00e3o Site Ita\u00fa O Ita\u00fa informou que a aprova\u00e7\u00e3o do JCP acontece em substitui\u00e7\u00e3o ao dividendo mensal de novembro e dezembro. Para o pagamento, ser\u00e3o [&hellip;]<\/p>\n","protected":false},"author":39,"featured_media":140337,"comment_status":"closed","ping_status":"closed","sticky":false,"template":"","format":"standard","meta":[],"categories":[64],"tags":[433,442,1207,106399,519,68023,848,1008,596],"suno_strategy":[],"class_list":["post-193830","post","type-post","status-publish","format-standard","has-post-thumbnail","hentry","category-negocios","tag-cosan-csan3","tag-cvc-cvcb3","tag-edp-brasil-enbr3","tag-fiagro","tag-itau-unibanco-itub3-itub4","tag-lavvi-empreendimentos-lavv3","tag-nubank","tag-pagseguro","tag-vibra-energia-vbbr3"],"yoast_head":"<!-- This site is optimized with the Yoast SEO plugin v24.4 - https:\/\/yoast.com\/wordpress\/plugins\/seo\/ -->\n<title>Radar: Ita\u00fa (ITUB4) anuncia JCP, GPA (PCAR3) vende lojas do Extra<\/title>\n<meta name=\"description\" content=\"O Ita\u00fa (ITUB4) anunciou o pagamento de JCP e RZAG11 \u00e9 o primeiro Fiagro negociado na B3 (B3SA3). Clique aqui para saber mais!\" \/>\n<meta name=\"robots\" content=\"index, follow, max-snippet:-1, max-image-preview:large, max-video-preview:-1\" \/>\n<link rel=\"canonical\" href=\"https:\/\/www.suno.com.br\/noticias\/radar-itau-itub4-gpa-pcar3-rzag11-fiagro-b3-b3sa3\/\" \/>\n<meta property=\"og:locale\" content=\"pt_BR\" \/>\n<meta property=\"og:type\" content=\"article\" \/>\n<meta property=\"og:title\" content=\"Radar: Ita\u00fa (ITUB4) anuncia JCP, GPA (PCAR3) vende lojas do Extra\" \/>\n<meta property=\"og:description\" content=\"O Ita\u00fa (ITUB4) anunciou o pagamento de JCP e RZAG11 \u00e9 o primeiro Fiagro negociado na B3 (B3SA3). Clique aqui para saber mais!\" \/>\n<meta property=\"og:url\" content=\"https:\/\/www.suno.com.br\/noticias\/radar-itau-itub4-gpa-pcar3-rzag11-fiagro-b3-b3sa3\/\" \/>\n<meta property=\"og:site_name\" content=\"Suno Not\u00edcias\" \/>\n<meta property=\"article:publisher\" content=\"https:\/\/facebook.com\/sunoresearch\" \/>\n<meta property=\"og:image\" content=\"https:\/\/files.sunoresearch.com.br\/n\/uploads\/2021\/04\/203c1ad8-itau-3.jpg\" \/>\n\t<meta property=\"og:image:width\" content=\"1200\" \/>\n\t<meta property=\"og:image:height\" content=\"800\" \/>\n\t<meta property=\"og:image:type\" content=\"image\/jpeg\" \/>\n<meta name=\"author\" content=\"Laura Moutinho\" \/>\n<meta name=\"twitter:card\" content=\"summary_large_image\" \/>\n<meta name=\"twitter:creator\" content=\"@sunoresearch\" \/>\n<meta name=\"twitter:site\" content=\"@sunoresearch\" \/>\n<meta name=\"twitter:label1\" content=\"Escrito por\" \/>\n\t<meta name=\"twitter:data1\" content=\"Laura Moutinho\" \/>\n\t<meta name=\"twitter:label2\" content=\"Est. tempo de leitura\" \/>\n\t<meta name=\"twitter:data2\" content=\"7 minutos\" \/>\n<script type=\"application\/ld+json\" class=\"yoast-schema-graph\">{\"@context\":\"https:\/\/schema.org\",\"@graph\":[{\"@type\":\"NewsArticle\",\"@id\":\"https:\/\/www.suno.com.br\/noticias\/radar-itau-itub4-gpa-pcar3-rzag11-fiagro-b3-b3sa3\/#article\",\"isPartOf\":{\"@id\":\"https:\/\/www.suno.com.br\/noticias\/radar-itau-itub4-gpa-pcar3-rzag11-fiagro-b3-b3sa3\/\"},\"author\":{\"name\":\"Laura Moutinho\",\"@id\":\"https:\/\/www.suno.com.br\/noticias\/#\/schema\/person\/3df0d2808748b74496efe5dbeaef2c72\"},\"headline\":\"Radar: Ita\u00fa (ITUB4) anuncia JCP, GPA (PCAR3) vende lojas do Extra ao Assa\u00ed (ASAI3) e RZAG11 \u00e9 o primeiro Fiagro negociado na B3 (B3SA3)\",\"datePublished\":\"2021-10-15T01:02:31+00:00\",\"mainEntityOfPage\":{\"@id\":\"https:\/\/www.suno.com.br\/noticias\/radar-itau-itub4-gpa-pcar3-rzag11-fiagro-b3-b3sa3\/\"},\"wordCount\":1573,\"publisher\":{\"@id\":\"https:\/\/www.suno.com.br\/noticias\/#organization\"},\"image\":{\"@id\":\"https:\/\/www.suno.com.br\/noticias\/radar-itau-itub4-gpa-pcar3-rzag11-fiagro-b3-b3sa3\/#primaryimage\"},\"thumbnailUrl\":\"https:\/\/files.sunoresearch.com.br\/n\/uploads\/2021\/04\/203c1ad8-itau-3-jpg.webp\",\"keywords\":[\"Cosan (CSAN3)\",\"CVC (CVCB3)\",\"EDP Brasil (ENBR3)\",\"Fiagro\",\"Ita\u00fa Unibanco (ITUB3\/ITUB4)\",\"Lavvi Empreendimentos (LAVV3)\",\"Nubank (NUBR33)\",\"PagSeguro\",\"Vibra Energia (VBBR3)\"],\"articleSection\":[\"Neg\u00f3cios\"],\"inLanguage\":\"pt-BR\"},{\"@type\":\"WebPage\",\"@id\":\"https:\/\/www.suno.com.br\/noticias\/radar-itau-itub4-gpa-pcar3-rzag11-fiagro-b3-b3sa3\/\",\"url\":\"https:\/\/www.suno.com.br\/noticias\/radar-itau-itub4-gpa-pcar3-rzag11-fiagro-b3-b3sa3\/\",\"name\":\"Radar: Ita\u00fa (ITUB4) anuncia JCP, GPA (PCAR3) vende lojas do Extra\",\"isPartOf\":{\"@id\":\"https:\/\/www.suno.com.br\/noticias\/#website\"},\"primaryImageOfPage\":{\"@id\":\"https:\/\/www.suno.com.br\/noticias\/radar-itau-itub4-gpa-pcar3-rzag11-fiagro-b3-b3sa3\/#primaryimage\"},\"image\":{\"@id\":\"https:\/\/www.suno.com.br\/noticias\/radar-itau-itub4-gpa-pcar3-rzag11-fiagro-b3-b3sa3\/#primaryimage\"},\"thumbnailUrl\":\"https:\/\/files.sunoresearch.com.br\/n\/uploads\/2021\/04\/203c1ad8-itau-3-jpg.webp\",\"datePublished\":\"2021-10-15T01:02:31+00:00\",\"description\":\"O Ita\u00fa (ITUB4) anunciou o pagamento de JCP e RZAG11 \u00e9 o primeiro Fiagro negociado na B3 (B3SA3). Clique aqui para saber mais!\",\"breadcrumb\":{\"@id\":\"https:\/\/www.suno.com.br\/noticias\/radar-itau-itub4-gpa-pcar3-rzag11-fiagro-b3-b3sa3\/#breadcrumb\"},\"inLanguage\":\"pt-BR\",\"potentialAction\":[{\"@type\":\"ReadAction\",\"target\":[\"https:\/\/www.suno.com.br\/noticias\/radar-itau-itub4-gpa-pcar3-rzag11-fiagro-b3-b3sa3\/\"]}]},{\"@type\":\"ImageObject\",\"inLanguage\":\"pt-BR\",\"@id\":\"https:\/\/www.suno.com.br\/noticias\/radar-itau-itub4-gpa-pcar3-rzag11-fiagro-b3-b3sa3\/#primaryimage\",\"url\":\"https:\/\/files.sunoresearch.com.br\/n\/uploads\/2021\/04\/203c1ad8-itau-3-jpg.webp\",\"contentUrl\":\"https:\/\/files.sunoresearch.com.br\/n\/uploads\/2021\/04\/203c1ad8-itau-3-jpg.webp\",\"width\":1200,\"height\":800,\"caption\":\"Ita\u00fa (ITUB4) Foto: Reprodu\u00e7\u00e3o Site Ita\u00fa\"},{\"@type\":\"BreadcrumbList\",\"@id\":\"https:\/\/www.suno.com.br\/noticias\/radar-itau-itub4-gpa-pcar3-rzag11-fiagro-b3-b3sa3\/#breadcrumb\",\"itemListElement\":[{\"@type\":\"ListItem\",\"position\":1,\"name\":\"Not\u00edcias\",\"item\":\"https:\/\/www.suno.com.br\/noticias\/\"},{\"@type\":\"ListItem\",\"position\":2,\"name\":\"Neg\u00f3cios\",\"item\":\"https:\/\/www.suno.com.br\/noticias\/negocios\/\"},{\"@type\":\"ListItem\",\"position\":3,\"name\":\"Radar: Ita\u00fa (ITUB4) anuncia JCP, GPA (PCAR3) vende lojas do Extra ao Assa\u00ed (ASAI3) e RZAG11 \u00e9 o primeiro Fiagro negociado na B3 (B3SA3)\"}]},{\"@type\":\"WebSite\",\"@id\":\"https:\/\/www.suno.com.br\/noticias\/#website\",\"url\":\"https:\/\/www.suno.com.br\/noticias\/\",\"name\":\"Suno Not\u00edcias\",\"description\":\"Seu portal de informa\u00e7\u00e3o sobre o mundo dos investimentos\",\"publisher\":{\"@id\":\"https:\/\/www.suno.com.br\/noticias\/#organization\"},\"potentialAction\":[{\"@type\":\"SearchAction\",\"target\":{\"@type\":\"EntryPoint\",\"urlTemplate\":\"https:\/\/www.suno.com.br\/noticias\/?s={search_term_string}\"},\"query-input\":{\"@type\":\"PropertyValueSpecification\",\"valueRequired\":true,\"valueName\":\"search_term_string\"}}],\"inLanguage\":\"pt-BR\"},{\"@type\":\"Organization\",\"@id\":\"https:\/\/www.suno.com.br\/noticias\/#organization\",\"name\":\"Suno Not\u00edcias\",\"url\":\"https:\/\/www.suno.com.br\/noticias\/\",\"logo\":{\"@type\":\"ImageObject\",\"inLanguage\":\"pt-BR\",\"@id\":\"https:\/\/www.suno.com.br\/noticias\/#\/schema\/logo\/image\/\",\"url\":\"https:\/\/files.sunoresearch.com.br\/n\/uploads\/2021\/09\/suno-logo.png\",\"contentUrl\":\"https:\/\/files.sunoresearch.com.br\/n\/uploads\/2021\/09\/suno-logo.png\",\"width\":180,\"height\":180,\"caption\":\"Suno Not\u00edcias\"},\"image\":{\"@id\":\"https:\/\/www.suno.com.br\/noticias\/#\/schema\/logo\/image\/\"},\"sameAs\":[\"https:\/\/facebook.com\/sunoresearch\",\"https:\/\/x.com\/sunoresearch\",\"https:\/\/www.instagram.com\/suno\",\"https:\/\/www.linkedin.com\/company\/suno-research\/\",\"https:\/\/www.youtube.com\/c\/sunoresearch\"]},{\"@type\":\"Person\",\"@id\":\"https:\/\/www.suno.com.br\/noticias\/#\/schema\/person\/3df0d2808748b74496efe5dbeaef2c72\",\"name\":\"Laura Moutinho\",\"image\":{\"@type\":\"ImageObject\",\"inLanguage\":\"pt-BR\",\"@id\":\"https:\/\/www.suno.com.br\/noticias\/#\/schema\/person\/image\/\",\"url\":\"https:\/\/secure.gravatar.com\/avatar\/7571c7c8ca3a6fca5e41384ece5557ff?s=96&r=g\",\"contentUrl\":\"https:\/\/secure.gravatar.com\/avatar\/7571c7c8ca3a6fca5e41384ece5557ff?s=96&r=g\",\"caption\":\"Laura Moutinho\"},\"description\":\"Estagi\u00e1ria na Suno Not\u00edcias, escreve not\u00edcias que afetam o mercado financeiro. Estuda administra\u00e7\u00e3o na Universidade Presbiteriana Mackenzie.\",\"url\":\"https:\/\/www.suno.com.br\/noticias\/author\/laura-moutinho\/\"}]}<\/script>\n<!-- \/ Yoast SEO plugin. -->","yoast_head_json":{"title":"Radar: Ita\u00fa (ITUB4) anuncia JCP, GPA (PCAR3) vende lojas do Extra","description":"O Ita\u00fa (ITUB4) anunciou o pagamento de JCP e RZAG11 \u00e9 o primeiro Fiagro negociado na B3 (B3SA3). Clique aqui para saber mais!","robots":{"index":"index","follow":"follow","max-snippet":"max-snippet:-1","max-image-preview":"max-image-preview:large","max-video-preview":"max-video-preview:-1"},"canonical":"https:\/\/www.suno.com.br\/noticias\/radar-itau-itub4-gpa-pcar3-rzag11-fiagro-b3-b3sa3\/","og_locale":"pt_BR","og_type":"article","og_title":"Radar: Ita\u00fa (ITUB4) anuncia JCP, GPA (PCAR3) vende lojas do Extra","og_description":"O Ita\u00fa (ITUB4) anunciou o pagamento de JCP e RZAG11 \u00e9 o primeiro Fiagro negociado na B3 (B3SA3). Clique aqui para saber mais!","og_url":"https:\/\/www.suno.com.br\/noticias\/radar-itau-itub4-gpa-pcar3-rzag11-fiagro-b3-b3sa3\/","og_site_name":"Suno Not\u00edcias","article_publisher":"https:\/\/facebook.com\/sunoresearch","og_image":[{"width":1200,"height":800,"url":"https:\/\/files.sunoresearch.com.br\/n\/uploads\/2021\/04\/203c1ad8-itau-3.jpg","type":"image\/jpeg"}],"author":"Laura Moutinho","twitter_card":"summary_large_image","twitter_creator":"@sunoresearch","twitter_site":"@sunoresearch","twitter_misc":{"Escrito por":"Laura Moutinho","Est. tempo de leitura":"7 minutos"},"schema":{"@context":"https:\/\/schema.org","@graph":[{"@type":"NewsArticle","@id":"https:\/\/www.suno.com.br\/noticias\/radar-itau-itub4-gpa-pcar3-rzag11-fiagro-b3-b3sa3\/#article","isPartOf":{"@id":"https:\/\/www.suno.com.br\/noticias\/radar-itau-itub4-gpa-pcar3-rzag11-fiagro-b3-b3sa3\/"},"author":{"name":"Laura Moutinho","@id":"https:\/\/www.suno.com.br\/noticias\/#\/schema\/person\/3df0d2808748b74496efe5dbeaef2c72"},"headline":"Radar: Ita\u00fa (ITUB4) anuncia JCP, GPA (PCAR3) vende lojas do Extra ao Assa\u00ed (ASAI3) e RZAG11 \u00e9 o primeiro Fiagro negociado na B3 (B3SA3)","datePublished":"2021-10-15T01:02:31+00:00","mainEntityOfPage":{"@id":"https:\/\/www.suno.com.br\/noticias\/radar-itau-itub4-gpa-pcar3-rzag11-fiagro-b3-b3sa3\/"},"wordCount":1573,"publisher":{"@id":"https:\/\/www.suno.com.br\/noticias\/#organization"},"image":{"@id":"https:\/\/www.suno.com.br\/noticias\/radar-itau-itub4-gpa-pcar3-rzag11-fiagro-b3-b3sa3\/#primaryimage"},"thumbnailUrl":"https:\/\/files.sunoresearch.com.br\/n\/uploads\/2021\/04\/203c1ad8-itau-3-jpg.webp","keywords":["Cosan (CSAN3)","CVC (CVCB3)","EDP Brasil (ENBR3)","Fiagro","Ita\u00fa Unibanco (ITUB3\/ITUB4)","Lavvi Empreendimentos (LAVV3)","Nubank (NUBR33)","PagSeguro","Vibra Energia (VBBR3)"],"articleSection":["Neg\u00f3cios"],"inLanguage":"pt-BR"},{"@type":"WebPage","@id":"https:\/\/www.suno.com.br\/noticias\/radar-itau-itub4-gpa-pcar3-rzag11-fiagro-b3-b3sa3\/","url":"https:\/\/www.suno.com.br\/noticias\/radar-itau-itub4-gpa-pcar3-rzag11-fiagro-b3-b3sa3\/","name":"Radar: Ita\u00fa (ITUB4) anuncia JCP, GPA (PCAR3) vende lojas do Extra","isPartOf":{"@id":"https:\/\/www.suno.com.br\/noticias\/#website"},"primaryImageOfPage":{"@id":"https:\/\/www.suno.com.br\/noticias\/radar-itau-itub4-gpa-pcar3-rzag11-fiagro-b3-b3sa3\/#primaryimage"},"image":{"@id":"https:\/\/www.suno.com.br\/noticias\/radar-itau-itub4-gpa-pcar3-rzag11-fiagro-b3-b3sa3\/#primaryimage"},"thumbnailUrl":"https:\/\/files.sunoresearch.com.br\/n\/uploads\/2021\/04\/203c1ad8-itau-3-jpg.webp","datePublished":"2021-10-15T01:02:31+00:00","description":"O Ita\u00fa (ITUB4) anunciou o pagamento de JCP e RZAG11 \u00e9 o primeiro Fiagro negociado na B3 (B3SA3). Clique aqui para saber mais!","breadcrumb":{"@id":"https:\/\/www.suno.com.br\/noticias\/radar-itau-itub4-gpa-pcar3-rzag11-fiagro-b3-b3sa3\/#breadcrumb"},"inLanguage":"pt-BR","potentialAction":[{"@type":"ReadAction","target":["https:\/\/www.suno.com.br\/noticias\/radar-itau-itub4-gpa-pcar3-rzag11-fiagro-b3-b3sa3\/"]}]},{"@type":"ImageObject","inLanguage":"pt-BR","@id":"https:\/\/www.suno.com.br\/noticias\/radar-itau-itub4-gpa-pcar3-rzag11-fiagro-b3-b3sa3\/#primaryimage","url":"https:\/\/files.sunoresearch.com.br\/n\/uploads\/2021\/04\/203c1ad8-itau-3-jpg.webp","contentUrl":"https:\/\/files.sunoresearch.com.br\/n\/uploads\/2021\/04\/203c1ad8-itau-3-jpg.webp","width":1200,"height":800,"caption":"Ita\u00fa (ITUB4) Foto: Reprodu\u00e7\u00e3o Site Ita\u00fa"},{"@type":"BreadcrumbList","@id":"https:\/\/www.suno.com.br\/noticias\/radar-itau-itub4-gpa-pcar3-rzag11-fiagro-b3-b3sa3\/#breadcrumb","itemListElement":[{"@type":"ListItem","position":1,"name":"Not\u00edcias","item":"https:\/\/www.suno.com.br\/noticias\/"},{"@type":"ListItem","position":2,"name":"Neg\u00f3cios","item":"https:\/\/www.suno.com.br\/noticias\/negocios\/"},{"@type":"ListItem","position":3,"name":"Radar: Ita\u00fa (ITUB4) anuncia JCP, GPA (PCAR3) vende lojas do Extra ao Assa\u00ed (ASAI3) e RZAG11 \u00e9 o primeiro Fiagro negociado na B3 (B3SA3)"}]},{"@type":"WebSite","@id":"https:\/\/www.suno.com.br\/noticias\/#website","url":"https:\/\/www.suno.com.br\/noticias\/","name":"Suno Not\u00edcias","description":"Seu portal de informa\u00e7\u00e3o sobre o mundo dos investimentos","publisher":{"@id":"https:\/\/www.suno.com.br\/noticias\/#organization"},"potentialAction":[{"@type":"SearchAction","target":{"@type":"EntryPoint","urlTemplate":"https:\/\/www.suno.com.br\/noticias\/?s={search_term_string}"},"query-input":{"@type":"PropertyValueSpecification","valueRequired":true,"valueName":"search_term_string"}}],"inLanguage":"pt-BR"},{"@type":"Organization","@id":"https:\/\/www.suno.com.br\/noticias\/#organization","name":"Suno Not\u00edcias","url":"https:\/\/www.suno.com.br\/noticias\/","logo":{"@type":"ImageObject","inLanguage":"pt-BR","@id":"https:\/\/www.suno.com.br\/noticias\/#\/schema\/logo\/image\/","url":"https:\/\/files.sunoresearch.com.br\/n\/uploads\/2021\/09\/suno-logo.png","contentUrl":"https:\/\/files.sunoresearch.com.br\/n\/uploads\/2021\/09\/suno-logo.png","width":180,"height":180,"caption":"Suno Not\u00edcias"},"image":{"@id":"https:\/\/www.suno.com.br\/noticias\/#\/schema\/logo\/image\/"},"sameAs":["https:\/\/facebook.com\/sunoresearch","https:\/\/x.com\/sunoresearch","https:\/\/www.instagram.com\/suno","https:\/\/www.linkedin.com\/company\/suno-research\/","https:\/\/www.youtube.com\/c\/sunoresearch"]},{"@type":"Person","@id":"https:\/\/www.suno.com.br\/noticias\/#\/schema\/person\/3df0d2808748b74496efe5dbeaef2c72","name":"Laura Moutinho","image":{"@type":"ImageObject","inLanguage":"pt-BR","@id":"https:\/\/www.suno.com.br\/noticias\/#\/schema\/person\/image\/","url":"https:\/\/secure.gravatar.com\/avatar\/7571c7c8ca3a6fca5e41384ece5557ff?s=96&r=g","contentUrl":"https:\/\/secure.gravatar.com\/avatar\/7571c7c8ca3a6fca5e41384ece5557ff?s=96&r=g","caption":"Laura Moutinho"},"description":"Estagi\u00e1ria na Suno Not\u00edcias, escreve not\u00edcias que afetam o mercado financeiro. Estuda administra\u00e7\u00e3o na Universidade Presbiteriana Mackenzie.","url":"https:\/\/www.suno.com.br\/noticias\/author\/laura-moutinho\/"}]}},"default_loop_html":"<div class=\"cardsPage__listCard__boxs\"><div class=\"cardsPage__listCard__boxs__img\"><a href=\"https:\/\/www.suno.com.br\/noticias\/radar-itau-itub4-gpa-pcar3-rzag11-fiagro-b3-b3sa3\/\"><img class=\"mask\" src=\"https:\/\/www.suno.com.br\/noticias\/wp-content\/themes\/suno\/resources\/images\/spotlight\/spotlight1img\/bg-mask.png\" alt=\"Image Mask\"\/><img src=\"https:\/\/files.sunoresearch.com.br\/n\/uploads\/2021\/04\/203c1ad8-itau-3-400x200.webp\" alt=\"Radar: Ita\u00fa (ITUB4) anuncia JCP, GPA (PCAR3) vende lojas do Extra ao Assa\u00ed (ASAI3) e RZAG11 \u00e9 o primeiro Fiagro negociado na B3 (B3SA3)\"\/><\/a><span class=\"spotlightCategory\"><a href=\"https:\/\/www.suno.com.br\/noticias\/negocios\/\">Neg\u00f3cios<\/a><\/span><\/div><div class=\"cardsPage__listCard__boxs__content\"><a href=\"https:\/\/www.suno.com.br\/noticias\/radar-itau-itub4-gpa-pcar3-rzag11-fiagro-b3-b3sa3\/\"><h2 class=\"content__title\">Radar: Ita\u00fa (ITUB4) anuncia JCP, GPA (PCAR3) vende lojas do Extra ao Assa\u00ed (ASAI3) e RZAG11 \u00e9 o primeiro Fiagro negociado na B3 (B3SA3)<\/h2><\/a><div class=\"newsContent__article__meta\"><div class=\"newsContent__article__meta__authorBox\"><a href=\"https:\/\/www.suno.com.br\/noticias\/author\/laura-moutinho\/\" class=\"authorBox__avatar noMobi\"><img src=\"https:\/\/files.sunoresearch.com.br\/n\/uploads\/2020\/08\/531ff69d-whatsapp-image-2020-08-03-at-14.54.38-150x150.webp\" alt=\"Laura Moutinho\"><\/a><div class=\"authorBox__name\"><span>por\n\t\t\t<a href=\"https:\/\/www.suno.com.br\/noticias\/author\/laura-moutinho\/\"><span itemprop=\"author\">Laura Moutinho<\/span><\/a><\/span><time datetime=\"2021-10-14T22:02:31-03:00\" itemprop=\"datePublished\">14\/10\/2021 22:02<\/time><\/div><\/div><\/div><\/div><\/div>","single_layout":"posts","amp_enabled":true,"_links":{"self":[{"href":"https:\/\/www.suno.com.br\/noticias\/wp-json\/wp\/v2\/posts\/193830"}],"collection":[{"href":"https:\/\/www.suno.com.br\/noticias\/wp-json\/wp\/v2\/posts"}],"about":[{"href":"https:\/\/www.suno.com.br\/noticias\/wp-json\/wp\/v2\/types\/post"}],"author":[{"embeddable":true,"href":"https:\/\/www.suno.com.br\/noticias\/wp-json\/wp\/v2\/users\/39"}],"replies":[{"embeddable":true,"href":"https:\/\/www.suno.com.br\/noticias\/wp-json\/wp\/v2\/comments?post=193830"}],"version-history":[{"count":3,"href":"https:\/\/www.suno.com.br\/noticias\/wp-json\/wp\/v2\/posts\/193830\/revisions"}],"predecessor-version":[{"id":193923,"href":"https:\/\/www.suno.com.br\/noticias\/wp-json\/wp\/v2\/posts\/193830\/revisions\/193923"}],"wp:featuredmedia":[{"embeddable":true,"href":"https:\/\/www.suno.com.br\/noticias\/wp-json\/wp\/v2\/media\/140337"}],"wp:attachment":[{"href":"https:\/\/www.suno.com.br\/noticias\/wp-json\/wp\/v2\/media?parent=193830"}],"wp:term":[{"taxonomy":"category","embeddable":true,"href":"https:\/\/www.suno.com.br\/noticias\/wp-json\/wp\/v2\/categories?post=193830"},{"taxonomy":"post_tag","embeddable":true,"href":"https:\/\/www.suno.com.br\/noticias\/wp-json\/wp\/v2\/tags?post=193830"},{"taxonomy":"suno_strategy","embeddable":true,"href":"https:\/\/www.suno.com.br\/noticias\/wp-json\/wp\/v2\/suno_strategy?post=193830"}],"curies":[{"name":"wp","href":"https:\/\/api.w.org\/{rel}","templated":true}]}}