{"id":19380,"date":"2019-03-28T18:08:39","date_gmt":"2019-03-28T21:08:39","guid":{"rendered":"https:\/\/www.suno.com.br\/noticias\/?p=19380"},"modified":"2019-03-28T18:31:36","modified_gmt":"2019-03-28T21:31:36","slug":"ibovespa-alta-apos-cair","status":"publish","type":"post","link":"https:\/\/www.suno.com.br\/noticias\/ibovespa-alta-apos-cair\/","title":{"rendered":"Ibovespa tem alta de 2,7% ap\u00f3s cair mais de 3% na v\u00e9spera"},"content":{"rendered":"<p>O Ibovespa fechou esta quinta-feira (28) em alta de 2,7% com\u00a094.388 pontos. Na \u00faltima quarta-feira (27), o Ibovespa caiu mais de 3% com a repercuss\u00e3o da cena pol\u00edtica.<\/p>\t<div class=\"wrapper-featured-image\">\n\t\t<figure class=\"spotlightImg\">\n\n\t\t\t<picture>\n\t\t\t\t<source media=\"(max-width: 768px)\" srcset=\"https:\/\/files.sunoresearch.com.br\/n\/uploads\/2018\/10\/1215868e-ibovespa-1-400x200.webp\">\n\t\t\t\t<img loading=\"lazy\" decoding=\"async\" class=\"newsContent__article__imgCapa lazyloadDisabled newsContent__article__imgCapa--noCaption\" src=\"https:\/\/files.sunoresearch.com.br\/n\/uploads\/2018\/10\/1215868e-ibovespa-1-800x450.webp\" width=\"800\" height=\"450\" alt=\"Ibovespa tem alta de 2,7% ap\u00f3s cair mais de 3% na v\u00e9spera\" fetchpriority=high \/>\n\t\t\t<\/picture>\n\n\t\t\t<figcaption class=\"wp-caption-text wp-caption-text--hide\">Veja as small caps que mais valorizaram em junho<\/figcaption>\n\t\t<\/figure>\n\t<\/div>\n\n\n<p>Nesta sess\u00e3o, o <strong>Ibovespa<\/strong> oscilou pouco.\u00a0 A m\u00ednima foi registrada \u00e0s 10h15, logo da abertura, com 91.584,26 pontos. Contudo, ganhou folego e subiu. Por volta das 16h chegou a m\u00e1xima de\u00a094.853,71.<\/p>\n<p>Os mercados reagiram bem a conten\u00e7\u00e3o da crise envolvendo o presidente <strong>Jair Bolsonaro<\/strong> e o presidente da <strong>C\u00e2mara<\/strong>, <strong>Rodrigo Maia<\/strong>. Nesta quinta-feira, aliados do presidente da C\u00e2mara informaram que a crise entre Bolsonaro e Maia est\u00e1 &#8220;superada&#8221;.<\/p>\n<h2>Relator da CCJ<\/h2>\n<p>O deputado <strong>Delegado\u00a0Marcelo Freitas (PSL)<\/strong> foi anunciado como <strong>relator<\/strong> da Proposta de Emenda Constitucional (PEC) da<strong> reforma da Previd\u00eancia<\/strong> na<strong>\u00a0Comiss\u00e3o de Constitui\u00e7\u00e3o e Justi\u00e7a<\/strong> (CCJ), da C\u00e2mara Federal.<\/p>\n<p><a href=\"https:\/\/www.suno.com.br\/noticias\/relator-reforma-previdencia-pec-ccj-camara-delegado-marcelo-freitas\/\">Saiba mais:\u00a0Relator da PEC da Previd\u00eancia na CCJ da C\u00e2mara ser\u00e1 Delegado Freitas<\/a><\/p>\n<p>O <strong>relator<\/strong>, <strong>Delegado Marcelo Freitas<\/strong>, ser\u00e1 respons\u00e1vel pela elabora\u00e7\u00e3o de um <strong>parecer<\/strong>, no qual far\u00e1 recomenda\u00e7\u00e3o positiva ou negativa da proposta.O <strong>presidente da CCJ<\/strong> espera que o parecer seja colocado em vota\u00e7\u00e3o na comiss\u00e3o no dia 17 de abril.<\/p>\n<h2>Novo articulador<\/h2>\n<p>O ministro da Economia, <strong>Paulo Guedes<\/strong>, ir\u00e1 assumir a coordena\u00e7\u00e3o das articula\u00e7\u00f5es pol\u00edticas com o <strong>Congresso Nacional <\/strong>para aprova\u00e7\u00e3o da <strong>reforma da Previd\u00eancia<\/strong>. O ministro se encontrou com o presidente da C\u00e2mara, <strong>Rodrigo Maia,<\/strong> e com l\u00edderes dos partidos para debater a crise que se acentuou entre ele e <strong>Bolsonaro<\/strong>.<\/p>\n<p>Al\u00e9m disso, o <strong>Guedes<\/strong> voltou a falar que h\u00e1 um problema de comunica\u00e7\u00e3o na rela\u00e7\u00e3o entre <strong>Executivo<\/strong> e <strong>Legislativo<\/strong>.\u00a0&#8220;Eu acredito que os principais Poderes sabem que, apesar dos ru\u00eddos que d\u00e3o muita not\u00edcia, da import\u00e2ncia do desempenho do papel institucional de cada um&#8221;, disse<\/p>\n<h2>Balan\u00e7os da Vale e da Eletrobras<\/h2>\n<p>O lucro l\u00edquido da <strong>Vale (VALE3)<\/strong> em 2018 foi de R$ 25,774 bilh\u00f5es. Houve alta de 45,83% sobre 2017 (17,670 bilh\u00f5es). No quarto trimestre do ano passado, o lucro l\u00edquido foi de R$ 14,6 bilh\u00f5es, contra R$ 2,89 bilh\u00f5es do mesmo per\u00edodo de 2017.<\/p>\n<p><a href=\"https:\/\/www.suno.com.br\/noticias\/vale-lucro-liquido-257-bi-2018-8-bi-acima-2017\/\">Saiba mais:\u00a0Vale tem lucro l\u00edquido de R$ 25,7 bi em 2018, alta de R$ 8 bi sobre 2017<\/a><\/p>\n<p>Apesar disso, o lucro da empresa n\u00e3o foi suficiente para fazer as a\u00e7\u00f5es subirem. Os papeis da <strong>Vale<\/strong> encerraram em queda de 0,60%, negociados a R$ 49,30.<\/p>\n<p>J\u00e1 a <strong>Eletrobras (ELET3)<\/strong> reverteu o preju\u00edzo de 2017 e registrou lucro l\u00edquido de R$ 13,348 milh\u00f5es em 2018, segundo resultados divulgados nesta quinta-feira (28). Em 2017, o preju\u00edzo foi de R$ 1,726 bilh\u00e3o. As a\u00e7\u00f5es da empresa subiram 7,13%, negociadas a R$ 35,89.<\/p>\n<p><a href=\"https:\/\/www.suno.com.br\/noticias\/eletrobras-reverte-prejuizo-melhor-resultado\/\">Saiba mais: Eletrobras reverte preju\u00edzo de 2017 e tem melhor resultado em 20 anos<\/a><\/p>\n<h2>Bolsas internacionais<\/h2>\n<ul>\n<li>Nasdaq (Estados Unidos): alta de 0,34%<\/li>\n<li>FTSE 100 (Reino Unido): alta de 0,56%;<\/li>\n<li>Nikkei (Jap\u00e3o): queda de 1,61%;<\/li>\n<li>CAC40 (Fran\u00e7a): queda de 0,09%;<\/li>\n<\/ul>\n<h2>A\u00e7\u00f5es em destaque<\/h2>\n<ul>\n<li>PETR4: alta de 2,63% (R$ 28,06)<\/li>\n<li>VALE3: queda de 0,6%\u00a0(R$ 49,30)<\/li>\n<li>ITUB4: alta de 3,96% (R$ 34,10)<\/li>\n<li>BBDC4: alta de 5,08% (R$ 42,22)<\/li>\n<\/ul>\n<h2>Maiores altas do Ibovespa<\/h2>\n<ul>\n<li>ESTC3 alta de\u00a08,15% (R$ 27,21)<\/li>\n<li>ELET3 alta de 7,13% (R$ 35,89)<\/li>\n<li>BTOW3 alta de 5,87% (R$ 41,46)<\/li>\n<li>JBSS3 alta de 5,81% (R$ 15,47)<\/li>\n<\/ul>\n<h2>Maiores quedas do Ibovespa<\/h2>\n<ul>\n<li>VALE3 queda de 0,6% (R$ 49,30)<\/li>\n<li>BBSE3 queda de 0,39% (R$ 25,86)<\/li>\n<li>BRAP4 queda de 0,29% (R$ 30,58)<\/li>\n<li>CSAN3 alta de 0,02% (R$ 42,15)<\/li>\n<\/ul>\n","protected":false},"excerpt":{"rendered":"<p>O Ibovespa fechou esta quinta-feira (28) em alta de 2,7% com\u00a094.388 pontos. Na \u00faltima quarta-feira (27), o Ibovespa caiu mais de 3% com a repercuss\u00e3o da cena pol\u00edtica. Veja as small caps que mais valorizaram em junho Nesta sess\u00e3o, o Ibovespa oscilou pouco.\u00a0 A m\u00ednima foi registrada \u00e0s 10h15, logo da abertura, com 91.584,26 pontos. [&hellip;]<\/p>\n","protected":false},"author":14,"featured_media":4683,"comment_status":"closed","ping_status":"closed","sticky":false,"template":"","format":"standard","meta":[],"categories":[60],"tags":[309,455,721,719,796,940,892,676],"suno_strategy":[],"class_list":["post-19380","post","type-post","status-publish","format-standard","has-post-thumbnail","hentry","category-mercado","tag-bolsa-de-valores","tag-eletrobras-elet3-elet5-elet6","tag-ibovespa","tag-jair-bolsonaro","tag-paulo-guedes","tag-reforma-da-previdencia","tag-rodrigo-maia","tag-vale-vale3"],"yoast_head":"<!-- This site is optimized with the Yoast SEO plugin v24.4 - https:\/\/yoast.com\/wordpress\/plugins\/seo\/ -->\n<title>Ibovespa tem alta de 2,7% ap\u00f3s cair mais de 3% na v\u00e9spera<\/title>\n<meta name=\"description\" content=\"Nesta sess\u00e3o, o Ibovespa oscilou pouco.\u00a0 A m\u00ednima foi registrada \u00e0s 10h15, logo da abertura, com 91.584,26 pontos. Clique para saber mais.\" \/>\n<meta name=\"robots\" content=\"index, follow, max-snippet:-1, max-image-preview:large, max-video-preview:-1\" \/>\n<link rel=\"canonical\" href=\"https:\/\/www.suno.com.br\/noticias\/ibovespa-alta-apos-cair\/\" \/>\n<meta property=\"og:locale\" content=\"pt_BR\" \/>\n<meta property=\"og:type\" content=\"article\" \/>\n<meta property=\"og:title\" content=\"Ibovespa tem alta de 2,7% ap\u00f3s cair mais de 3% na v\u00e9spera\" \/>\n<meta property=\"og:description\" content=\"Nesta sess\u00e3o, o Ibovespa oscilou pouco.\u00a0 A m\u00ednima foi registrada \u00e0s 10h15, logo da abertura, com 91.584,26 pontos. Clique para saber mais.\" \/>\n<meta property=\"og:url\" content=\"https:\/\/www.suno.com.br\/noticias\/ibovespa-alta-apos-cair\/\" \/>\n<meta property=\"og:site_name\" content=\"Suno Not\u00edcias\" \/>\n<meta property=\"article:publisher\" content=\"https:\/\/facebook.com\/sunoresearch\" \/>\n<meta property=\"og:image\" content=\"https:\/\/files.sunoresearch.com.br\/n\/uploads\/2018\/10\/1215868e-ibovespa-1.jpg\" \/>\n\t<meta property=\"og:image:width\" content=\"1920\" \/>\n\t<meta property=\"og:image:height\" content=\"1357\" \/>\n\t<meta property=\"og:image:type\" content=\"image\/jpeg\" \/>\n<meta name=\"author\" content=\"Renan Dantas\" \/>\n<meta name=\"twitter:card\" content=\"summary_large_image\" \/>\n<meta name=\"twitter:creator\" content=\"@sunoresearch\" \/>\n<meta name=\"twitter:site\" content=\"@sunoresearch\" \/>\n<meta name=\"twitter:label1\" content=\"Escrito por\" \/>\n\t<meta name=\"twitter:data1\" content=\"Renan Dantas\" \/>\n\t<meta name=\"twitter:label2\" content=\"Est. tempo de leitura\" \/>\n\t<meta name=\"twitter:data2\" content=\"3 minutos\" \/>\n<script type=\"application\/ld+json\" class=\"yoast-schema-graph\">{\"@context\":\"https:\/\/schema.org\",\"@graph\":[{\"@type\":\"NewsArticle\",\"@id\":\"https:\/\/www.suno.com.br\/noticias\/ibovespa-alta-apos-cair\/#article\",\"isPartOf\":{\"@id\":\"https:\/\/www.suno.com.br\/noticias\/ibovespa-alta-apos-cair\/\"},\"author\":{\"name\":\"Renan Dantas\",\"@id\":\"https:\/\/www.suno.com.br\/noticias\/#\/schema\/person\/3f7693d5795a3f6d5ce15309ee785699\"},\"headline\":\"Ibovespa tem alta de 2,7% ap\u00f3s cair mais de 3% na v\u00e9spera\",\"datePublished\":\"2019-03-28T21:08:39+00:00\",\"dateModified\":\"2019-03-28T21:31:36+00:00\",\"mainEntityOfPage\":{\"@id\":\"https:\/\/www.suno.com.br\/noticias\/ibovespa-alta-apos-cair\/\"},\"wordCount\":550,\"publisher\":{\"@id\":\"https:\/\/www.suno.com.br\/noticias\/#organization\"},\"image\":{\"@id\":\"https:\/\/www.suno.com.br\/noticias\/ibovespa-alta-apos-cair\/#primaryimage\"},\"thumbnailUrl\":\"https:\/\/files.sunoresearch.com.br\/n\/uploads\/2018\/10\/1215868e-ibovespa-1-jpg.webp\",\"keywords\":[\"Bolsa de Valores\",\"Eletrobras (ELET3\/ELET5\/ELET6)\",\"Ibovespa\",\"Jair Bolsonaro\",\"Paulo Guedes\",\"Reforma da Previd\u00eancia\",\"Rodrigo Maia\",\"Vale (VALE3)\"],\"articleSection\":[\"Mercado\"],\"inLanguage\":\"pt-BR\"},{\"@type\":\"WebPage\",\"@id\":\"https:\/\/www.suno.com.br\/noticias\/ibovespa-alta-apos-cair\/\",\"url\":\"https:\/\/www.suno.com.br\/noticias\/ibovespa-alta-apos-cair\/\",\"name\":\"Ibovespa tem alta de 2,7% ap\u00f3s cair mais de 3% na v\u00e9spera\",\"isPartOf\":{\"@id\":\"https:\/\/www.suno.com.br\/noticias\/#website\"},\"primaryImageOfPage\":{\"@id\":\"https:\/\/www.suno.com.br\/noticias\/ibovespa-alta-apos-cair\/#primaryimage\"},\"image\":{\"@id\":\"https:\/\/www.suno.com.br\/noticias\/ibovespa-alta-apos-cair\/#primaryimage\"},\"thumbnailUrl\":\"https:\/\/files.sunoresearch.com.br\/n\/uploads\/2018\/10\/1215868e-ibovespa-1-jpg.webp\",\"datePublished\":\"2019-03-28T21:08:39+00:00\",\"dateModified\":\"2019-03-28T21:31:36+00:00\",\"description\":\"Nesta sess\u00e3o, o Ibovespa oscilou pouco.\u00a0 A m\u00ednima foi registrada \u00e0s 10h15, logo da abertura, com 91.584,26 pontos. Clique para saber mais.\",\"breadcrumb\":{\"@id\":\"https:\/\/www.suno.com.br\/noticias\/ibovespa-alta-apos-cair\/#breadcrumb\"},\"inLanguage\":\"pt-BR\",\"potentialAction\":[{\"@type\":\"ReadAction\",\"target\":[\"https:\/\/www.suno.com.br\/noticias\/ibovespa-alta-apos-cair\/\"]}]},{\"@type\":\"ImageObject\",\"inLanguage\":\"pt-BR\",\"@id\":\"https:\/\/www.suno.com.br\/noticias\/ibovespa-alta-apos-cair\/#primaryimage\",\"url\":\"https:\/\/files.sunoresearch.com.br\/n\/uploads\/2018\/10\/1215868e-ibovespa-1-jpg.webp\",\"contentUrl\":\"https:\/\/files.sunoresearch.com.br\/n\/uploads\/2018\/10\/1215868e-ibovespa-1-jpg.webp\",\"width\":1920,\"height\":1357,\"caption\":\"Veja as small caps que mais valorizaram em junho\"},{\"@type\":\"BreadcrumbList\",\"@id\":\"https:\/\/www.suno.com.br\/noticias\/ibovespa-alta-apos-cair\/#breadcrumb\",\"itemListElement\":[{\"@type\":\"ListItem\",\"position\":1,\"name\":\"Not\u00edcias\",\"item\":\"https:\/\/www.suno.com.br\/noticias\/\"},{\"@type\":\"ListItem\",\"position\":2,\"name\":\"Mercado\",\"item\":\"https:\/\/www.suno.com.br\/noticias\/mercado\/\"},{\"@type\":\"ListItem\",\"position\":3,\"name\":\"Ibovespa tem alta de 2,7% ap\u00f3s cair mais de 3% na v\u00e9spera\"}]},{\"@type\":\"WebSite\",\"@id\":\"https:\/\/www.suno.com.br\/noticias\/#website\",\"url\":\"https:\/\/www.suno.com.br\/noticias\/\",\"name\":\"Suno Not\u00edcias\",\"description\":\"Seu portal de informa\u00e7\u00e3o sobre o mundo dos investimentos\",\"publisher\":{\"@id\":\"https:\/\/www.suno.com.br\/noticias\/#organization\"},\"potentialAction\":[{\"@type\":\"SearchAction\",\"target\":{\"@type\":\"EntryPoint\",\"urlTemplate\":\"https:\/\/www.suno.com.br\/noticias\/?s={search_term_string}\"},\"query-input\":{\"@type\":\"PropertyValueSpecification\",\"valueRequired\":true,\"valueName\":\"search_term_string\"}}],\"inLanguage\":\"pt-BR\"},{\"@type\":\"Organization\",\"@id\":\"https:\/\/www.suno.com.br\/noticias\/#organization\",\"name\":\"Suno Not\u00edcias\",\"url\":\"https:\/\/www.suno.com.br\/noticias\/\",\"logo\":{\"@type\":\"ImageObject\",\"inLanguage\":\"pt-BR\",\"@id\":\"https:\/\/www.suno.com.br\/noticias\/#\/schema\/logo\/image\/\",\"url\":\"https:\/\/files.sunoresearch.com.br\/n\/uploads\/2021\/09\/suno-logo.png\",\"contentUrl\":\"https:\/\/files.sunoresearch.com.br\/n\/uploads\/2021\/09\/suno-logo.png\",\"width\":180,\"height\":180,\"caption\":\"Suno Not\u00edcias\"},\"image\":{\"@id\":\"https:\/\/www.suno.com.br\/noticias\/#\/schema\/logo\/image\/\"},\"sameAs\":[\"https:\/\/facebook.com\/sunoresearch\",\"https:\/\/x.com\/sunoresearch\",\"https:\/\/www.instagram.com\/suno\",\"https:\/\/www.linkedin.com\/company\/suno-research\/\",\"https:\/\/www.youtube.com\/c\/sunoresearch\"]},{\"@type\":\"Person\",\"@id\":\"https:\/\/www.suno.com.br\/noticias\/#\/schema\/person\/3f7693d5795a3f6d5ce15309ee785699\",\"name\":\"Renan Dantas\",\"image\":{\"@type\":\"ImageObject\",\"inLanguage\":\"pt-BR\",\"@id\":\"https:\/\/www.suno.com.br\/noticias\/#\/schema\/person\/image\/\",\"url\":\"https:\/\/secure.gravatar.com\/avatar\/1787b83e7484a08e51d62ac8b41c8396?s=96&r=g\",\"contentUrl\":\"https:\/\/secure.gravatar.com\/avatar\/1787b83e7484a08e51d62ac8b41c8396?s=96&r=g\",\"caption\":\"Renan Dantas\"},\"description\":\"Escreve sobre pol\u00edtica e mercado financeiro para o portal Suno Not\u00edcias. Antes, atuou na assessoria de comunica\u00e7\u00e3o do Minist\u00e9rio P\u00fablico do Trabalho e na R\u00e1dio Mackenzie, onde apresentava e produzia um programa sobre artistas da m\u00fasica brasileira. \u00c9 estudante na Universidade Presbiteriana Mackenzie.\",\"url\":\"https:\/\/www.suno.com.br\/noticias\/author\/renan-dantas\/\"}]}<\/script>\n<!-- \/ Yoast SEO plugin. -->","yoast_head_json":{"title":"Ibovespa tem alta de 2,7% ap\u00f3s cair mais de 3% na v\u00e9spera","description":"Nesta sess\u00e3o, o Ibovespa oscilou pouco.\u00a0 A m\u00ednima foi registrada \u00e0s 10h15, logo da abertura, com 91.584,26 pontos. Clique para saber mais.","robots":{"index":"index","follow":"follow","max-snippet":"max-snippet:-1","max-image-preview":"max-image-preview:large","max-video-preview":"max-video-preview:-1"},"canonical":"https:\/\/www.suno.com.br\/noticias\/ibovespa-alta-apos-cair\/","og_locale":"pt_BR","og_type":"article","og_title":"Ibovespa tem alta de 2,7% ap\u00f3s cair mais de 3% na v\u00e9spera","og_description":"Nesta sess\u00e3o, o Ibovespa oscilou pouco.\u00a0 A m\u00ednima foi registrada \u00e0s 10h15, logo da abertura, com 91.584,26 pontos. Clique para saber mais.","og_url":"https:\/\/www.suno.com.br\/noticias\/ibovespa-alta-apos-cair\/","og_site_name":"Suno Not\u00edcias","article_publisher":"https:\/\/facebook.com\/sunoresearch","og_image":[{"width":1920,"height":1357,"url":"https:\/\/files.sunoresearch.com.br\/n\/uploads\/2018\/10\/1215868e-ibovespa-1.jpg","type":"image\/jpeg"}],"author":"Renan Dantas","twitter_card":"summary_large_image","twitter_creator":"@sunoresearch","twitter_site":"@sunoresearch","twitter_misc":{"Escrito por":"Renan Dantas","Est. tempo de leitura":"3 minutos"},"schema":{"@context":"https:\/\/schema.org","@graph":[{"@type":"NewsArticle","@id":"https:\/\/www.suno.com.br\/noticias\/ibovespa-alta-apos-cair\/#article","isPartOf":{"@id":"https:\/\/www.suno.com.br\/noticias\/ibovespa-alta-apos-cair\/"},"author":{"name":"Renan Dantas","@id":"https:\/\/www.suno.com.br\/noticias\/#\/schema\/person\/3f7693d5795a3f6d5ce15309ee785699"},"headline":"Ibovespa tem alta de 2,7% ap\u00f3s cair mais de 3% na v\u00e9spera","datePublished":"2019-03-28T21:08:39+00:00","dateModified":"2019-03-28T21:31:36+00:00","mainEntityOfPage":{"@id":"https:\/\/www.suno.com.br\/noticias\/ibovespa-alta-apos-cair\/"},"wordCount":550,"publisher":{"@id":"https:\/\/www.suno.com.br\/noticias\/#organization"},"image":{"@id":"https:\/\/www.suno.com.br\/noticias\/ibovespa-alta-apos-cair\/#primaryimage"},"thumbnailUrl":"https:\/\/files.sunoresearch.com.br\/n\/uploads\/2018\/10\/1215868e-ibovespa-1-jpg.webp","keywords":["Bolsa de Valores","Eletrobras (ELET3\/ELET5\/ELET6)","Ibovespa","Jair Bolsonaro","Paulo Guedes","Reforma da Previd\u00eancia","Rodrigo Maia","Vale (VALE3)"],"articleSection":["Mercado"],"inLanguage":"pt-BR"},{"@type":"WebPage","@id":"https:\/\/www.suno.com.br\/noticias\/ibovespa-alta-apos-cair\/","url":"https:\/\/www.suno.com.br\/noticias\/ibovespa-alta-apos-cair\/","name":"Ibovespa tem alta de 2,7% ap\u00f3s cair mais de 3% na v\u00e9spera","isPartOf":{"@id":"https:\/\/www.suno.com.br\/noticias\/#website"},"primaryImageOfPage":{"@id":"https:\/\/www.suno.com.br\/noticias\/ibovespa-alta-apos-cair\/#primaryimage"},"image":{"@id":"https:\/\/www.suno.com.br\/noticias\/ibovespa-alta-apos-cair\/#primaryimage"},"thumbnailUrl":"https:\/\/files.sunoresearch.com.br\/n\/uploads\/2018\/10\/1215868e-ibovespa-1-jpg.webp","datePublished":"2019-03-28T21:08:39+00:00","dateModified":"2019-03-28T21:31:36+00:00","description":"Nesta sess\u00e3o, o Ibovespa oscilou pouco.\u00a0 A m\u00ednima foi registrada \u00e0s 10h15, logo da abertura, com 91.584,26 pontos. Clique para saber mais.","breadcrumb":{"@id":"https:\/\/www.suno.com.br\/noticias\/ibovespa-alta-apos-cair\/#breadcrumb"},"inLanguage":"pt-BR","potentialAction":[{"@type":"ReadAction","target":["https:\/\/www.suno.com.br\/noticias\/ibovespa-alta-apos-cair\/"]}]},{"@type":"ImageObject","inLanguage":"pt-BR","@id":"https:\/\/www.suno.com.br\/noticias\/ibovespa-alta-apos-cair\/#primaryimage","url":"https:\/\/files.sunoresearch.com.br\/n\/uploads\/2018\/10\/1215868e-ibovespa-1-jpg.webp","contentUrl":"https:\/\/files.sunoresearch.com.br\/n\/uploads\/2018\/10\/1215868e-ibovespa-1-jpg.webp","width":1920,"height":1357,"caption":"Veja as small caps que mais valorizaram em junho"},{"@type":"BreadcrumbList","@id":"https:\/\/www.suno.com.br\/noticias\/ibovespa-alta-apos-cair\/#breadcrumb","itemListElement":[{"@type":"ListItem","position":1,"name":"Not\u00edcias","item":"https:\/\/www.suno.com.br\/noticias\/"},{"@type":"ListItem","position":2,"name":"Mercado","item":"https:\/\/www.suno.com.br\/noticias\/mercado\/"},{"@type":"ListItem","position":3,"name":"Ibovespa tem alta de 2,7% ap\u00f3s cair mais de 3% na v\u00e9spera"}]},{"@type":"WebSite","@id":"https:\/\/www.suno.com.br\/noticias\/#website","url":"https:\/\/www.suno.com.br\/noticias\/","name":"Suno Not\u00edcias","description":"Seu portal de informa\u00e7\u00e3o sobre o mundo dos investimentos","publisher":{"@id":"https:\/\/www.suno.com.br\/noticias\/#organization"},"potentialAction":[{"@type":"SearchAction","target":{"@type":"EntryPoint","urlTemplate":"https:\/\/www.suno.com.br\/noticias\/?s={search_term_string}"},"query-input":{"@type":"PropertyValueSpecification","valueRequired":true,"valueName":"search_term_string"}}],"inLanguage":"pt-BR"},{"@type":"Organization","@id":"https:\/\/www.suno.com.br\/noticias\/#organization","name":"Suno Not\u00edcias","url":"https:\/\/www.suno.com.br\/noticias\/","logo":{"@type":"ImageObject","inLanguage":"pt-BR","@id":"https:\/\/www.suno.com.br\/noticias\/#\/schema\/logo\/image\/","url":"https:\/\/files.sunoresearch.com.br\/n\/uploads\/2021\/09\/suno-logo.png","contentUrl":"https:\/\/files.sunoresearch.com.br\/n\/uploads\/2021\/09\/suno-logo.png","width":180,"height":180,"caption":"Suno Not\u00edcias"},"image":{"@id":"https:\/\/www.suno.com.br\/noticias\/#\/schema\/logo\/image\/"},"sameAs":["https:\/\/facebook.com\/sunoresearch","https:\/\/x.com\/sunoresearch","https:\/\/www.instagram.com\/suno","https:\/\/www.linkedin.com\/company\/suno-research\/","https:\/\/www.youtube.com\/c\/sunoresearch"]},{"@type":"Person","@id":"https:\/\/www.suno.com.br\/noticias\/#\/schema\/person\/3f7693d5795a3f6d5ce15309ee785699","name":"Renan Dantas","image":{"@type":"ImageObject","inLanguage":"pt-BR","@id":"https:\/\/www.suno.com.br\/noticias\/#\/schema\/person\/image\/","url":"https:\/\/secure.gravatar.com\/avatar\/1787b83e7484a08e51d62ac8b41c8396?s=96&r=g","contentUrl":"https:\/\/secure.gravatar.com\/avatar\/1787b83e7484a08e51d62ac8b41c8396?s=96&r=g","caption":"Renan Dantas"},"description":"Escreve sobre pol\u00edtica e mercado financeiro para o portal Suno Not\u00edcias. Antes, atuou na assessoria de comunica\u00e7\u00e3o do Minist\u00e9rio P\u00fablico do Trabalho e na R\u00e1dio Mackenzie, onde apresentava e produzia um programa sobre artistas da m\u00fasica brasileira. \u00c9 estudante na Universidade Presbiteriana Mackenzie.","url":"https:\/\/www.suno.com.br\/noticias\/author\/renan-dantas\/"}]}},"default_loop_html":"<div class=\"cardsPage__listCard__boxs\"><div class=\"cardsPage__listCard__boxs__img\"><a href=\"https:\/\/www.suno.com.br\/noticias\/ibovespa-alta-apos-cair\/\"><img class=\"mask\" src=\"https:\/\/www.suno.com.br\/noticias\/wp-content\/themes\/suno\/resources\/images\/spotlight\/spotlight1img\/bg-mask.png\" alt=\"Image Mask\"\/><img src=\"https:\/\/files.sunoresearch.com.br\/n\/uploads\/2018\/10\/1215868e-ibovespa-1-400x200.webp\" alt=\"Ibovespa tem alta de 2,7% ap\u00f3s cair mais de 3% na v\u00e9spera\"\/><\/a><span class=\"spotlightCategory\"><a href=\"https:\/\/www.suno.com.br\/noticias\/mercado\/\">Mercado<\/a><\/span><\/div><div class=\"cardsPage__listCard__boxs__content\"><a href=\"https:\/\/www.suno.com.br\/noticias\/ibovespa-alta-apos-cair\/\"><h2 class=\"content__title\">Ibovespa tem alta de 2,7% ap\u00f3s cair mais de 3% na v\u00e9spera<\/h2><\/a><div class=\"newsContent__article__meta\"><div class=\"newsContent__article__meta__authorBox\"><a href=\"https:\/\/www.suno.com.br\/noticias\/author\/renan-dantas\/\" class=\"authorBox__avatar noMobi\"><img src=\"https:\/\/secure.gravatar.com\/avatar\/1787b83e7484a08e51d62ac8b41c8396?s=96&#038;r=g\" alt=\"Renan Dantas\"><\/a><div class=\"authorBox__name\"><span>por\n\t\t\t<a href=\"https:\/\/www.suno.com.br\/noticias\/author\/renan-dantas\/\"><span itemprop=\"author\">Renan Dantas<\/span><\/a><\/span><time datetime=\"2019-03-28T18:08:39-03:00\" itemprop=\"datePublished\">28\/03\/2019 18:08<\/time><\/div><\/div><\/div><\/div><\/div>","single_layout":"posts","amp_enabled":true,"_links":{"self":[{"href":"https:\/\/www.suno.com.br\/noticias\/wp-json\/wp\/v2\/posts\/19380"}],"collection":[{"href":"https:\/\/www.suno.com.br\/noticias\/wp-json\/wp\/v2\/posts"}],"about":[{"href":"https:\/\/www.suno.com.br\/noticias\/wp-json\/wp\/v2\/types\/post"}],"author":[{"embeddable":true,"href":"https:\/\/www.suno.com.br\/noticias\/wp-json\/wp\/v2\/users\/14"}],"replies":[{"embeddable":true,"href":"https:\/\/www.suno.com.br\/noticias\/wp-json\/wp\/v2\/comments?post=19380"}],"version-history":[{"count":0,"href":"https:\/\/www.suno.com.br\/noticias\/wp-json\/wp\/v2\/posts\/19380\/revisions"}],"wp:featuredmedia":[{"embeddable":true,"href":"https:\/\/www.suno.com.br\/noticias\/wp-json\/wp\/v2\/media\/4683"}],"wp:attachment":[{"href":"https:\/\/www.suno.com.br\/noticias\/wp-json\/wp\/v2\/media?parent=19380"}],"wp:term":[{"taxonomy":"category","embeddable":true,"href":"https:\/\/www.suno.com.br\/noticias\/wp-json\/wp\/v2\/categories?post=19380"},{"taxonomy":"post_tag","embeddable":true,"href":"https:\/\/www.suno.com.br\/noticias\/wp-json\/wp\/v2\/tags?post=19380"},{"taxonomy":"suno_strategy","embeddable":true,"href":"https:\/\/www.suno.com.br\/noticias\/wp-json\/wp\/v2\/suno_strategy?post=19380"}],"curies":[{"name":"wp","href":"https:\/\/api.w.org\/{rel}","templated":true}]}}